{"id":1603,"date":"2021-06-30T10:57:06","date_gmt":"2021-06-30T13:57:06","guid":{"rendered":"https:\/\/salesianossp.org.br\/aparecidaitaquera\/?p=1603"},"modified":"2021-07-01T10:50:56","modified_gmt":"2021-07-01T13:50:56","slug":"quarentou-na-quarentena","status":"publish","type":"post","link":"https:\/\/salesianossp.org.br\/aparecidaitaquera\/quarentou-na-quarentena\/","title":{"rendered":"Quarentou na quarentena!"},"content":{"rendered":"\n<p>Se voc\u00ea se diz morador de Itaquera, mas n\u00e3o conhece as obras salesianas representadas pelo Padre Rosalvino&#8230; Algo n\u00e3o est\u00e1 certo! Ainda mais porque al\u00e9m da relevante assist\u00eancia, neste ano, celebramos 40 anos da presen\u00e7a salesiana em Itaquera que, desde 31 de maio de 1981, faz a diferen\u00e7a na Zona Leste de S\u00e3o Paulo atrav\u00e9s de suas a\u00e7\u00f5es sociais e paroquiais. Neste 30 de maio de 2021, \u00e0s 9h, iniciou-se a celebra\u00e7\u00e3o de Bodas de Esmeralda desta presen\u00e7a que tem, para n\u00f3s, o valor de uma pedra preciosa.&nbsp;<\/p>\n\n\n\n<p>Com a ilustre presen\u00e7a dos salesianos que fizeram e fazem parte desta hist\u00f3ria (pe. Piccinini, pe. Rosalvino, pe. William, irm\u00e3o Hamilton, irm\u00e3o Lucas, irm\u00e3o Felipe e irm\u00e3o Ant\u00f4nio Carlos), das irm\u00e3s salesianas (Ana Alzira, Silvania, Lucia, Dorce e Celia), das irm\u00e3s da caridade de Jesus (Fabiana, Maria, Rosa, Cristina, Elisabeth e Alzira), dos parceiros (\u00c1tila \u2013 ex-aluno, F\u00e1bio &#8211; Leo Graf, Silvana e Elisabeth &#8211;&nbsp; Gest\u00e3o do SUAS, Chic\u00e3o \u2013 Madereira, Leonardo e Rosana \u2013 parceiros das casas Laura Vicu\u00f1a e Irm\u00e3o Gen\u00e9sio), e das paroquianas Durvalina, Nancy e F\u00e1tima &#8211; filha do Sr. Alcides, que representam toda a comunidade que, desde 1981, tem acolhido aos salesianos e salesianas desde o in\u00edcio.<\/p>\n\n\n\n<p>Como dito pelo irm\u00e3o Hamiton, \u201c<em>esta festa representa a presen\u00e7a de Dom Bosco em suas diversas atua\u00e7\u00f5es<\/em>\u201d. Agradecemos e louvamos a Deus por estes 40 anos de hist\u00f3ria, por Ele nos assistir e aben\u00e7oar com a presen\u00e7a de Dom Bosco que oferece, n\u00e3o s\u00f3 aos jovens, mas a toda a comunidade, um meio para sermos bons crist\u00e3os e honestos cidad\u00e3os. Somos gratos tamb\u00e9m \u00e0 Nossa Senhora Auxiliadora que foi nossa ajudadora em todos os momentos e demonstramos nosso afeto e gratid\u00e3o atrav\u00e9s das palavras do nosso inspetor salesiano pe. Piccinini: \u201c<em>Se esta obra realizou muito o bem, foi gra\u00e7as \u00e0 doa\u00e7\u00e3o, dedica\u00e7\u00e3o e carinho de todos que pensam, sonham e lutam por um mundo melhor para todos, em especial, aos jovens mais carentes e abandonados. A todos o nosso \u2018muito obrigado!\u2019 F\u00e9 em Deus e p\u00e9 na caminhada!<\/em>\u201d<\/p>\n\n\n\n<p><strong><em>Por Adriana Monteiro da Silva &#8211; Pascom Par\u00f3quia Nossa Senhora Aparecida<\/em><\/strong><br><strong><em>Fotos: Irm\u00e3o Lucas<\/em><\/strong><\/p>\n\n\n\n<figure class=\"wp-block-gallery columns-4 is-cropped wp-block-gallery-1 is-layout-flex wp-block-gallery-is-layout-flex\"><ul class=\"blocks-gallery-grid\"><li class=\"blocks-gallery-item\"><figure><img decoding=\"async\" width=\"150\" height=\"150\" src=\"https:\/\/salesianossp.org.br\/aparecidaitaquera\/wp-content\/uploads\/2021\/06\/IMG_8328-1-150x150.jpg\" alt=\"\" data-id=\"1611\" data-full-url=\"https:\/\/salesianossp.org.br\/aparecidaitaquera\/wp-content\/uploads\/2021\/06\/IMG_8328-1-scaled.jpg\" data-link=\"https:\/\/salesianossp.org.br\/aparecidaitaquera\/?attachment_id=1611\" class=\"wp-image-1611\" srcset=\"https:\/\/salesianossp.org.br\/aparecidaitaquera\/wp-content\/uploads\/2021\/06\/IMG_8328-1-150x150.jpg 150w, https:\/\/salesianossp.org.br\/aparecidaitaquera\/wp-content\/uploads\/2021\/06\/IMG_8328-1-300x300.jpg 300w, https:\/\/salesianossp.org.br\/aparecidaitaquera\/wp-content\/uploads\/2021\/06\/IMG_8328-1-1024x1024.jpg 1024w, https:\/\/salesianossp.org.br\/aparecidaitaquera\/wp-content\/uploads\/2021\/06\/IMG_8328-1-1536x1536.jpg 1536w, https:\/\/salesianossp.org.br\/aparecidaitaquera\/wp-content\/uploads\/2021\/06\/IMG_8328-1-2048x2048.jpg 2048w, https:\/\/salesianossp.org.br\/aparecidaitaquera\/wp-content\/uploads\/2021\/06\/IMG_8328-1-50x50.jpg 50w, https:\/\/salesianossp.org.br\/aparecidaitaquera\/wp-content\/uploads\/2021\/06\/IMG_8328-1-85x85.jpg 85w, https:\/\/salesianossp.org.br\/aparecidaitaquera\/wp-content\/uploads\/2021\/06\/IMG_8328-1-80x80.jpg 80w, https:\/\/salesianossp.org.br\/aparecidaitaquera\/wp-content\/uploads\/2021\/06\/IMG_8328-1-75x75.jpg 75w\" sizes=\"(max-width:767px) 150px, 150px\" \/><\/figure><\/li><li class=\"blocks-gallery-item\"><figure><img decoding=\"async\" width=\"150\" height=\"150\" src=\"https:\/\/salesianossp.org.br\/aparecidaitaquera\/wp-content\/uploads\/2021\/06\/IMG_8378-1-150x150.jpg\" alt=\"\" data-id=\"1610\" data-full-url=\"https:\/\/salesianossp.org.br\/aparecidaitaquera\/wp-content\/uploads\/2021\/06\/IMG_8378-1-scaled.jpg\" data-link=\"https:\/\/salesianossp.org.br\/aparecidaitaquera\/?attachment_id=1610\" class=\"wp-image-1610\" srcset=\"https:\/\/salesianossp.org.br\/aparecidaitaquera\/wp-content\/uploads\/2021\/06\/IMG_8378-1-150x150.jpg 150w, https:\/\/salesianossp.org.br\/aparecidaitaquera\/wp-content\/uploads\/2021\/06\/IMG_8378-1-300x300.jpg 300w, https:\/\/salesianossp.org.br\/aparecidaitaquera\/wp-content\/uploads\/2021\/06\/IMG_8378-1-1024x1024.jpg 1024w, https:\/\/salesianossp.org.br\/aparecidaitaquera\/wp-content\/uploads\/2021\/06\/IMG_8378-1-1536x1536.jpg 1536w, https:\/\/salesianossp.org.br\/aparecidaitaquera\/wp-content\/uploads\/2021\/06\/IMG_8378-1-2048x2048.jpg 2048w, https:\/\/salesianossp.org.br\/aparecidaitaquera\/wp-content\/uploads\/2021\/06\/IMG_8378-1-50x50.jpg 50w, https:\/\/salesianossp.org.br\/aparecidaitaquera\/wp-content\/uploads\/2021\/06\/IMG_8378-1-85x85.jpg 85w, https:\/\/salesianossp.org.br\/aparecidaitaquera\/wp-content\/uploads\/2021\/06\/IMG_8378-1-80x80.jpg 80w, https:\/\/salesianossp.org.br\/aparecidaitaquera\/wp-content\/uploads\/2021\/06\/IMG_8378-1-75x75.jpg 75w\" sizes=\"(max-width:767px) 150px, 150px\" \/><\/figure><\/li><li class=\"blocks-gallery-item\"><figure><img decoding=\"async\" width=\"150\" height=\"150\" src=\"https:\/\/salesianossp.org.br\/aparecidaitaquera\/wp-content\/uploads\/2021\/06\/IMG_8377-1-150x150.jpg\" alt=\"\" data-id=\"1607\" data-full-url=\"https:\/\/salesianossp.org.br\/aparecidaitaquera\/wp-content\/uploads\/2021\/06\/IMG_8377-1-scaled.jpg\" data-link=\"https:\/\/salesianossp.org.br\/aparecidaitaquera\/?attachment_id=1607\" class=\"wp-image-1607\" srcset=\"https:\/\/salesianossp.org.br\/aparecidaitaquera\/wp-content\/uploads\/2021\/06\/IMG_8377-1-150x150.jpg 150w, https:\/\/salesianossp.org.br\/aparecidaitaquera\/wp-content\/uploads\/2021\/06\/IMG_8377-1-300x300.jpg 300w, https:\/\/salesianossp.org.br\/aparecidaitaquera\/wp-content\/uploads\/2021\/06\/IMG_8377-1-1024x1024.jpg 1024w, https:\/\/salesianossp.org.br\/aparecidaitaquera\/wp-content\/uploads\/2021\/06\/IMG_8377-1-1536x1536.jpg 1536w, https:\/\/salesianossp.org.br\/aparecidaitaquera\/wp-content\/uploads\/2021\/06\/IMG_8377-1-2048x2048.jpg 2048w, https:\/\/salesianossp.org.br\/aparecidaitaquera\/wp-content\/uploads\/2021\/06\/IMG_8377-1-50x50.jpg 50w, https:\/\/salesianossp.org.br\/aparecidaitaquera\/wp-content\/uploads\/2021\/06\/IMG_8377-1-85x85.jpg 85w, https:\/\/salesianossp.org.br\/aparecidaitaquera\/wp-content\/uploads\/2021\/06\/IMG_8377-1-80x80.jpg 80w, https:\/\/salesianossp.org.br\/aparecidaitaquera\/wp-content\/uploads\/2021\/06\/IMG_8377-1-75x75.jpg 75w\" sizes=\"(max-width:767px) 150px, 150px\" \/><\/figure><\/li><li class=\"blocks-gallery-item\"><figure><img loading=\"lazy\" decoding=\"async\" width=\"150\" height=\"150\" src=\"https:\/\/salesianossp.org.br\/aparecidaitaquera\/wp-content\/uploads\/2021\/06\/IMG_8440-150x150.jpg\" alt=\"\" data-id=\"1605\" data-full-url=\"https:\/\/salesianossp.org.br\/aparecidaitaquera\/wp-content\/uploads\/2021\/06\/IMG_8440-scaled.jpg\" data-link=\"https:\/\/salesianossp.org.br\/aparecidaitaquera\/?attachment_id=1605\" class=\"wp-image-1605\" srcset=\"https:\/\/salesianossp.org.br\/aparecidaitaquera\/wp-content\/uploads\/2021\/06\/IMG_8440-150x150.jpg 150w, https:\/\/salesianossp.org.br\/aparecidaitaquera\/wp-content\/uploads\/2021\/06\/IMG_8440-300x300.jpg 300w, https:\/\/salesianossp.org.br\/aparecidaitaquera\/wp-content\/uploads\/2021\/06\/IMG_8440-1024x1024.jpg 1024w, https:\/\/salesianossp.org.br\/aparecidaitaquera\/wp-content\/uploads\/2021\/06\/IMG_8440-1536x1536.jpg 1536w, https:\/\/salesianossp.org.br\/aparecidaitaquera\/wp-content\/uploads\/2021\/06\/IMG_8440-2048x2048.jpg 2048w, https:\/\/salesianossp.org.br\/aparecidaitaquera\/wp-content\/uploads\/2021\/06\/IMG_8440-50x50.jpg 50w, https:\/\/salesianossp.org.br\/aparecidaitaquera\/wp-content\/uploads\/2021\/06\/IMG_8440-85x85.jpg 85w, https:\/\/salesianossp.org.br\/aparecidaitaquera\/wp-content\/uploads\/2021\/06\/IMG_8440-80x80.jpg 80w, https:\/\/salesianossp.org.br\/aparecidaitaquera\/wp-content\/uploads\/2021\/06\/IMG_8440-75x75.jpg 75w\" sizes=\"(max-width:767px) 150px, 150px\" \/><\/figure><\/li><\/ul><\/figure>\n\n\n\n<p><strong>Assista os depoimentos de alguns dos salesianos que estiveram presentes nesta comemora\u00e7\u00e3o:<\/strong><\/p>\n\n\n\n<figure class=\"wp-block-video\"><video controls src=\"blob:https:\/\/salesianossp.org.br\/aparecidaitaquera\/7692e89d-0793-48a5-818d-0d3b376281be\"><\/video><\/figure>\n\n\n\n<figure class=\"wp-block-video\"><video height=\"1080\" style=\"aspect-ratio: 1920 \/ 1080;\" width=\"1920\" controls src=\"https:\/\/salesianossp.org.br\/aparecidaitaquera\/wp-content\/uploads\/2021\/06\/Padre-William.mov\"><\/video><\/figure>\n\n\n\n<figure class=\"wp-block-video\"><video height=\"1080\" style=\"aspect-ratio: 1920 \/ 1080;\" width=\"1920\" controls src=\"https:\/\/salesianossp.org.br\/aparecidaitaquera\/wp-content\/uploads\/2021\/06\/Irmao-Hamilton.mov\"><\/video><\/figure>\n\n\n\n<figure class=\"wp-block-video\"><video height=\"1080\" style=\"aspect-ratio: 1920 \/ 1080;\" width=\"1920\" controls src=\"https:\/\/salesianossp.org.br\/aparecidaitaquera\/wp-content\/uploads\/2021\/06\/Irmao-Antonio-Carlos.mov\"><\/video><\/figure>\n","protected":false},"excerpt":{"rendered":"<p>Se voc\u00ea se diz morador de Itaquera, mas n\u00e3o conhece as obras salesianas representadas pelo Padre Rosalvino&#8230; Algo n\u00e3o est\u00e1 certo! Ainda mais porque al\u00e9m da<span class=\"excerpt-hellip\"> [\u2026]<\/span><\/p>\n","protected":false},"author":82,"featured_media":1604,"comment_status":"open","ping_status":"open","sticky":false,"template":"","format":"standard","meta":{"footnotes":""},"categories":[1],"tags":[74,73,75],"class_list":["post-1603","post","type-post","status-publish","format-standard","has-post-thumbnail","hentry","category-noticias","tag-40-anos","tag-itaquera","tag-presenca-salesiana"],"_links":{"self":[{"href":"https:\/\/salesianossp.org.br\/aparecidaitaquera\/wp-json\/wp\/v2\/posts\/1603","targetHints":{"allow":["GET"]}}],"collection":[{"href":"https:\/\/salesianossp.org.br\/aparecidaitaquera\/wp-json\/wp\/v2\/posts"}],"about":[{"href":"https:\/\/salesianossp.org.br\/aparecidaitaquera\/wp-json\/wp\/v2\/types\/post"}],"author":[{"embeddable":true,"href":"https:\/\/salesianossp.org.br\/aparecidaitaquera\/wp-json\/wp\/v2\/users\/82"}],"replies":[{"embeddable":true,"href":"https:\/\/salesianossp.org.br\/aparecidaitaquera\/wp-json\/wp\/v2\/comments?post=1603"}],"version-history":[{"count":4,"href":"https:\/\/salesianossp.org.br\/aparecidaitaquera\/wp-json\/wp\/v2\/posts\/1603\/revisions"}],"predecessor-version":[{"id":1618,"href":"https:\/\/salesianossp.org.br\/aparecidaitaquera\/wp-json\/wp\/v2\/posts\/1603\/revisions\/1618"}],"wp:featuredmedia":[{"embeddable":true,"href":"https:\/\/salesianossp.org.br\/aparecidaitaquera\/wp-json\/wp\/v2\/media\/1604"}],"wp:attachment":[{"href":"https:\/\/salesianossp.org.br\/aparecidaitaquera\/wp-json\/wp\/v2\/media?parent=1603"}],"wp:term":[{"taxonomy":"category","embeddable":true,"href":"https:\/\/salesianossp.org.br\/aparecidaitaquera\/wp-json\/wp\/v2\/categories?post=1603"},{"taxonomy":"post_tag","embeddable":true,"href":"https:\/\/salesianossp.org.br\/aparecidaitaquera\/wp-json\/wp\/v2\/tags?post=1603"}],"curies":[{"name":"wp","href":"https:\/\/api.w.org\/{rel}","templated":true}]}}