{"id":117494,"date":"2025-10-30T15:14:08","date_gmt":"2025-10-30T15:14:08","guid":{"rendered":"https:\/\/salesianossp.org.br\/osbomretiro\/?p=117494"},"modified":"2025-11-03T15:25:02","modified_gmt":"2025-11-03T15:25:02","slug":"expo-dom-bosco-2025-criatividade-alegria-e-transformacao-marcaram-o-evento","status":"publish","type":"post","link":"https:\/\/salesianossp.org.br\/osbomretiro\/expo-dom-bosco-2025-criatividade-alegria-e-transformacao-marcaram-o-evento\/","title":{"rendered":"EXPO DOM BOSCO 2025: Criatividade, Alegria e Transforma\u00e7\u00e3o marcaram o evento"},"content":{"rendered":"\n<p>No \u00faltimo dia <strong>24 de outubro<\/strong>, o <strong>Instituto Dom Bosco<\/strong> realizou a t\u00e3o aguardada <strong>EXPO 2025<\/strong>, um evento gratuito e aberto a toda a fam\u00edlia, que reuniu educandos, fam\u00edlias, colaboradores e parceiros em um dia repleto de aprendizado, arte, inova\u00e7\u00e3o e emo\u00e7\u00e3o.<\/p>\n\n\n\n<p>Participaram todos os <strong>Servi\u00e7os CCA e CEDESP<\/strong> das unidades <strong>Bom Retiro, Vila Paulistana e Pinheiros<\/strong>, que encantaram o p\u00fablico com apresenta\u00e7\u00f5es culturais, exposi\u00e7\u00f5es de projetos e diversas atividades voltadas \u00e0 criatividade, sustentabilidade e protagonismo juvenil.<\/p>\n\n\n\n<h3 class=\"wp-block-heading\">Abertura: Caf\u00e9 com os Parceiros<\/h3>\n\n\n\n<p>O evento teve in\u00edcio com o tradicional <strong>Caf\u00e9 com os Parceiros<\/strong>, realizado na sala do Relacionamento Institucional. O momento de acolhida reuniu colaboradores, apoiadores e parceiros em um bate-papo descontra\u00eddo com os Gerentes das unidades, al\u00e9m de contar com emocionantes apresenta\u00e7\u00f5es dos jovens educandos um verdadeiro convite \u00e0 inspira\u00e7\u00e3o e \u00e0 partilha.<\/p>\n\n\n\n<h3 class=\"wp-block-heading\">Arte, cultura e emo\u00e7\u00e3o no palco<\/h3>\n\n\n\n<p>No <strong>Teatro Dom Bosco<\/strong>, o p\u00fablico se encantou com a programa\u00e7\u00e3o preparada pelos educandos. O <strong>CCA PROVIM Bom Retiro<\/strong> apresentou <em>Junto e Misturado \u2013 HipHopBrasileiragem<\/em> e <em>Hip Hop Forr\u00f3<\/em>, al\u00e9m do <em>Pout-pourri de M\u00fasicas Folcl\u00f3ricas \u2013 Cultural Brasileira<\/em>, que trouxe um resgate afetivo da inf\u00e2ncia.<br>O <strong>CEDESP Vila Paulistana<\/strong> emocionou a plateia com o espet\u00e1culo <em>Nossos Talentos 2025 \u2013 Enxergar com o Cora\u00e7\u00e3o<\/em>, um momento de sensibilidade e supera\u00e7\u00e3o que arrancou aplausos de todos.<\/p>\n\n\n\n<h3 class=\"wp-block-heading\">Criatividade e protagonismo nos estandes<\/h3>\n\n\n\n<p>A <strong>EXPO 2025<\/strong> tamb\u00e9m foi marcada pela criatividade e inova\u00e7\u00e3o dos estandes. O destaque ficou para a turma do <strong>CEDESP Pinheiros<\/strong>, que deu um verdadeiro show ao montar uma r\u00e9plica da empresa <strong>Cummins<\/strong>, apresentando processos de log\u00edstica e administra\u00e7\u00e3o com uniformes, crach\u00e1s e logotipos da empresa parceira. Uma experi\u00eancia que uniu aprendizado t\u00e9cnico e pr\u00e1tica profissional.<\/p>\n\n\n\n<p>As crian\u00e7as do <strong>CCA PROVIM Bom Retiro<\/strong> surpreenderam o p\u00fablico com uma mesa repleta de desafios interativos, frutos das oficinas de arte e marcenaria. A recep\u00e7\u00e3o do evento ficou por conta dos dedicados <strong>Jovens Aprendizes<\/strong>, que acolheram os visitantes com simpatia e entusiasmo.<\/p>\n\n\n\n<h3 class=\"wp-block-heading\">Sustentabilidade e cidadania em a\u00e7\u00e3o<\/h3>\n\n\n\n<p>O estande do <strong>Alian\u00e7a Verde de Dom Bosco<\/strong> foi ponto de parada obrigat\u00f3ria. Durante o evento, foram arrecadados <strong>lixo eletr\u00f4nico, tampinhas pl\u00e1sticas e lacres de alum\u00ednio<\/strong>, refor\u00e7ando o compromisso do Instituto com o meio ambiente e a responsabilidade social.<\/p>\n\n\n\n<p>Outro destaque foi o estande da <strong>Bibliotroca<\/strong>, que incentivou o h\u00e1bito da leitura por meio da troca de livros entre os participantes. Quem participou ainda recebeu um brinde especial com a frase: <em>\u201cLer \u00e9 colecionar universos.\u201d<\/em><\/p>\n\n\n\n<p>E, claro, o tradicional <strong>pastel<\/strong> foi um sucesso entre os visitantes, colaborando para o clima de alegria e conviv\u00eancia durante todo o dia.<\/p>\n\n\n\n<h3 class=\"wp-block-heading\">Cuidado com a sa\u00fade<\/h3>\n\n\n\n<p>A <strong>Equipe de Imuniza\u00e7\u00e3o da UBS<\/strong> tamb\u00e9m marcou presen\u00e7a, atualizando as carteirinhas de vacina\u00e7\u00e3o de <strong>59 pessoas<\/strong> durante o evento. <em>\u201cO p\u00fablico interessado era maior, mas infelizmente muitos n\u00e3o tinham a carteirinha em m\u00e3os. Ainda assim, \u00e9 \u00f3timo saber que as pessoas est\u00e3o se cuidando!\u201d<\/em>, declarou uma das enfermeiras da equipe.<\/p>\n\n\n\n<h3 class=\"wp-block-heading\">Sorteios e celebra\u00e7\u00f5es<\/h3>\n\n\n\n<p>Entre os participantes que se inscreveram e realizaram o <strong>check-in pelo Sympla<\/strong>, dois sortudos levaram <strong>pr\u00eamios exclusivos<\/strong>:<\/p>\n\n\n\n<ul class=\"wp-block-list\">\n<li><strong>Jos\u00e9 Fellype <\/strong>, (educando de MRC \u2013 manh\u00e3, Vila Paulistana)<\/li>\n\n\n\n<li><strong>D\u00e9borah Aguiar<\/strong>, (educanda RH \u2013 tarde, Pinheiros)<\/li>\n<\/ul>\n\n\n\n<p>O sorteio foi realizado e divulgado no perfil do Instituto no Instagram, no mesmo dia da EXPO, celebrando a participa\u00e7\u00e3o e o envolvimento de todos.<\/p>\n\n\n\n<h3 class=\"wp-block-heading\">Um evento de sucesso<\/h3>\n\n\n\n<p>Ao todo, <strong>950 pessoas<\/strong> participaram da EXPO Dom Bosco 2025, somando os cadastros feitos via Sympla e as inscri\u00e7\u00f5es realizadas na hora.<\/p>\n\n\n\n<p>A Diretoria e toda a equipe do Instituto agradecem com carinho \u00e0 <strong>Inspetoria Salesiana<\/strong> e \u00e0 <strong>Loja Salesiana<\/strong> pelas doa\u00e7\u00f5es e contribui\u00e7\u00f5es, assim como aos <strong>parceiros presentes<\/strong> e \u00e0 equipe da <strong>Cosmo<\/strong>, respons\u00e1vel pela decora\u00e7\u00e3o e pela parceria na cobertura do evento.<\/p>\n\n\n\n<p>Cada detalhe da EXPO foi um reflexo da <strong>criatividade, responsabilidade e protagonismo dos educandos<\/strong>, que, inspirados no exemplo de Dom Bosco, mostraram que \u00e9 poss\u00edvel transformar o mundo com amor, talento e esperan\u00e7a.<\/p>\n\n\n\n<blockquote class=\"wp-block-quote is-layout-flow wp-block-quote-is-layout-flow\">\n<p>\u201cA EXPO Dom Bosco \u00e9 mais do que um evento \u00e9 um encontro de sonhos, saberes e oportunidades. Um espa\u00e7o onde cada jovem \u00e9 protagonista da sua pr\u00f3pria hist\u00f3ria.\u201d, concluiu <em><strong>Fabiana Santello, Educadora de Comunica\u00e7\u00e3o. <\/strong><\/em><\/p>\n\n\n\n<p><strong><a href=\"https:\/\/www.facebook.com\/media\/set\/?set=a.1378115924318218&amp;type=3\" data-type=\"link\" data-id=\"https:\/\/www.facebook.com\/media\/set\/?set=a.1378115924318218&amp;type=3\">Clique aqui para ver todas as fotos <\/a><br><em><a href=\"https:\/\/bit.ly\/47NqnSR\" data-type=\"link\" data-id=\"https:\/\/bit.ly\/47NqnSR\">Fotos EXTRAS <\/a><\/em> <\/strong><br><strong><em><a href=\"https:\/\/youtu.be\/zCRaH5bMsvw\" data-type=\"link\" data-id=\"https:\/\/youtu.be\/zCRaH5bMsvw\">Assista o Projeto realizado pela turma de Forma\u00e7\u00e3o Humana &#8211; ESPERAN\u00c7A<\/a><\/em><\/strong><\/p>\n<\/blockquote>\n\n\n\n<p><\/p>\n","protected":false},"excerpt":{"rendered":"<p>No \u00faltimo dia 24 de outubro, o Instituto Dom Bosco realizou a t\u00e3o aguardada EXPO 2025, um evento gratuito e aberto a toda a fam\u00edlia, que reuniu educandos, fam\u00edlias, colaboradores e parceiros em um dia repleto de aprendizado, arte, inova\u00e7\u00e3o e emo\u00e7\u00e3o. Participaram todos os Servi\u00e7os CCA e CEDESP das unidades Bom Retiro, Vila Paulistana [&hellip;]<\/p>\n","protected":false},"author":29,"featured_media":117508,"comment_status":"open","ping_status":"open","sticky":false,"template":"","format":"standard","meta":{"footnotes":""},"categories":[1],"tags":[],"class_list":["post-117494","post","type-post","status-publish","format-standard","has-post-thumbnail","hentry","category-uncategorized"],"yoast_head":"<!-- This site is optimized with the Yoast SEO plugin v27.3 - https:\/\/yoast.com\/product\/yoast-seo-wordpress\/ -->\n<title>EXPO DOM BOSCO 2025: Criatividade, Alegria e Transforma\u00e7\u00e3o marcaram o evento - Instituto Dom Bosco<\/title>\n<meta name=\"robots\" content=\"index, follow, max-snippet:-1, max-image-preview:large, max-video-preview:-1\" \/>\n<link rel=\"canonical\" href=\"https:\/\/salesianossp.org.br\/osbomretiro\/expo-dom-bosco-2025-criatividade-alegria-e-transformacao-marcaram-o-evento\/\" \/>\n<meta property=\"og:locale\" content=\"pt_BR\" \/>\n<meta property=\"og:type\" content=\"article\" \/>\n<meta property=\"og:title\" content=\"EXPO DOM BOSCO 2025: Criatividade, Alegria e Transforma\u00e7\u00e3o marcaram o evento - Instituto Dom Bosco\" \/>\n<meta property=\"og:description\" content=\"No \u00faltimo dia 24 de outubro, o Instituto Dom Bosco realizou a t\u00e3o aguardada EXPO 2025, um evento gratuito e aberto a toda a fam\u00edlia, que reuniu educandos, fam\u00edlias, colaboradores e parceiros em um dia repleto de aprendizado, arte, inova\u00e7\u00e3o e emo\u00e7\u00e3o. Participaram todos os Servi\u00e7os CCA e CEDESP das unidades Bom Retiro, Vila Paulistana [&hellip;]\" \/>\n<meta property=\"og:url\" content=\"https:\/\/salesianossp.org.br\/osbomretiro\/expo-dom-bosco-2025-criatividade-alegria-e-transformacao-marcaram-o-evento\/\" \/>\n<meta property=\"og:site_name\" content=\"Instituto Dom Bosco\" \/>\n<meta property=\"article:publisher\" content=\"https:\/\/www.facebook.com\/InstitutoDomBoscoBomRetiro\/\" \/>\n<meta property=\"article:published_time\" content=\"2025-10-30T15:14:08+00:00\" \/>\n<meta property=\"article:modified_time\" content=\"2025-11-03T15:25:02+00:00\" \/>\n<meta property=\"og:image\" content=\"https:\/\/salesianossp.org.br\/osbomretiro\/wp-content\/uploads\/2025\/10\/EXPO-2025-1-.jpg\" \/>\n\t<meta property=\"og:image:width\" content=\"1080\" \/>\n\t<meta property=\"og:image:height\" content=\"1080\" \/>\n\t<meta property=\"og:image:type\" content=\"image\/jpeg\" \/>\n<meta name=\"author\" content=\"Fabiana Santello\" \/>\n<meta name=\"twitter:card\" content=\"summary_large_image\" \/>\n<meta name=\"twitter:label1\" content=\"Escrito por\" \/>\n\t<meta name=\"twitter:data1\" content=\"Fabiana Santello\" \/>\n\t<meta name=\"twitter:label2\" content=\"Est. tempo de leitura\" \/>\n\t<meta name=\"twitter:data2\" content=\"4 minutos\" \/>\n<script type=\"application\/ld+json\" class=\"yoast-schema-graph\">{\"@context\":\"https:\\\/\\\/schema.org\",\"@graph\":[{\"@type\":\"Article\",\"@id\":\"https:\\\/\\\/salesianossp.org.br\\\/osbomretiro\\\/expo-dom-bosco-2025-criatividade-alegria-e-transformacao-marcaram-o-evento\\\/#article\",\"isPartOf\":{\"@id\":\"https:\\\/\\\/salesianossp.org.br\\\/osbomretiro\\\/expo-dom-bosco-2025-criatividade-alegria-e-transformacao-marcaram-o-evento\\\/\"},\"author\":{\"name\":\"Fabiana Santello\",\"@id\":\"https:\\\/\\\/salesianossp.org.br\\\/osbomretiro\\\/#\\\/schema\\\/person\\\/e2eca61d4aedd9f74773a05ecabce429\"},\"headline\":\"EXPO DOM BOSCO 2025: Criatividade, Alegria e Transforma\u00e7\u00e3o marcaram o evento\",\"datePublished\":\"2025-10-30T15:14:08+00:00\",\"dateModified\":\"2025-11-03T15:25:02+00:00\",\"mainEntityOfPage\":{\"@id\":\"https:\\\/\\\/salesianossp.org.br\\\/osbomretiro\\\/expo-dom-bosco-2025-criatividade-alegria-e-transformacao-marcaram-o-evento\\\/\"},\"wordCount\":751,\"commentCount\":0,\"publisher\":{\"@id\":\"https:\\\/\\\/salesianossp.org.br\\\/osbomretiro\\\/#organization\"},\"image\":{\"@id\":\"https:\\\/\\\/salesianossp.org.br\\\/osbomretiro\\\/expo-dom-bosco-2025-criatividade-alegria-e-transformacao-marcaram-o-evento\\\/#primaryimage\"},\"thumbnailUrl\":\"https:\\\/\\\/salesianossp.org.br\\\/osbomretiro\\\/wp-content\\\/uploads\\\/2025\\\/10\\\/EXPO-2025-1-.jpg\",\"articleSection\":[\"Uncategorized\"],\"inLanguage\":\"pt-BR\",\"potentialAction\":[{\"@type\":\"CommentAction\",\"name\":\"Comment\",\"target\":[\"https:\\\/\\\/salesianossp.org.br\\\/osbomretiro\\\/expo-dom-bosco-2025-criatividade-alegria-e-transformacao-marcaram-o-evento\\\/#respond\"]}]},{\"@type\":\"WebPage\",\"@id\":\"https:\\\/\\\/salesianossp.org.br\\\/osbomretiro\\\/expo-dom-bosco-2025-criatividade-alegria-e-transformacao-marcaram-o-evento\\\/\",\"url\":\"https:\\\/\\\/salesianossp.org.br\\\/osbomretiro\\\/expo-dom-bosco-2025-criatividade-alegria-e-transformacao-marcaram-o-evento\\\/\",\"name\":\"EXPO DOM BOSCO 2025: Criatividade, Alegria e Transforma\u00e7\u00e3o marcaram o evento - Instituto Dom Bosco\",\"isPartOf\":{\"@id\":\"https:\\\/\\\/salesianossp.org.br\\\/osbomretiro\\\/#website\"},\"primaryImageOfPage\":{\"@id\":\"https:\\\/\\\/salesianossp.org.br\\\/osbomretiro\\\/expo-dom-bosco-2025-criatividade-alegria-e-transformacao-marcaram-o-evento\\\/#primaryimage\"},\"image\":{\"@id\":\"https:\\\/\\\/salesianossp.org.br\\\/osbomretiro\\\/expo-dom-bosco-2025-criatividade-alegria-e-transformacao-marcaram-o-evento\\\/#primaryimage\"},\"thumbnailUrl\":\"https:\\\/\\\/salesianossp.org.br\\\/osbomretiro\\\/wp-content\\\/uploads\\\/2025\\\/10\\\/EXPO-2025-1-.jpg\",\"datePublished\":\"2025-10-30T15:14:08+00:00\",\"dateModified\":\"2025-11-03T15:25:02+00:00\",\"breadcrumb\":{\"@id\":\"https:\\\/\\\/salesianossp.org.br\\\/osbomretiro\\\/expo-dom-bosco-2025-criatividade-alegria-e-transformacao-marcaram-o-evento\\\/#breadcrumb\"},\"inLanguage\":\"pt-BR\",\"potentialAction\":[{\"@type\":\"ReadAction\",\"target\":[\"https:\\\/\\\/salesianossp.org.br\\\/osbomretiro\\\/expo-dom-bosco-2025-criatividade-alegria-e-transformacao-marcaram-o-evento\\\/\"]}]},{\"@type\":\"ImageObject\",\"inLanguage\":\"pt-BR\",\"@id\":\"https:\\\/\\\/salesianossp.org.br\\\/osbomretiro\\\/expo-dom-bosco-2025-criatividade-alegria-e-transformacao-marcaram-o-evento\\\/#primaryimage\",\"url\":\"https:\\\/\\\/salesianossp.org.br\\\/osbomretiro\\\/wp-content\\\/uploads\\\/2025\\\/10\\\/EXPO-2025-1-.jpg\",\"contentUrl\":\"https:\\\/\\\/salesianossp.org.br\\\/osbomretiro\\\/wp-content\\\/uploads\\\/2025\\\/10\\\/EXPO-2025-1-.jpg\",\"width\":1080,\"height\":1080},{\"@type\":\"BreadcrumbList\",\"@id\":\"https:\\\/\\\/salesianossp.org.br\\\/osbomretiro\\\/expo-dom-bosco-2025-criatividade-alegria-e-transformacao-marcaram-o-evento\\\/#breadcrumb\",\"itemListElement\":[{\"@type\":\"ListItem\",\"position\":1,\"name\":\"In\u00edcio\",\"item\":\"https:\\\/\\\/salesianossp.org.br\\\/osbomretiro\\\/\"},{\"@type\":\"ListItem\",\"position\":2,\"name\":\"EXPO DOM BOSCO 2025: Criatividade, Alegria e Transforma\u00e7\u00e3o marcaram o evento\"}]},{\"@type\":\"WebSite\",\"@id\":\"https:\\\/\\\/salesianossp.org.br\\\/osbomretiro\\\/#website\",\"url\":\"https:\\\/\\\/salesianossp.org.br\\\/osbomretiro\\\/\",\"name\":\"Instituto Dom Bosco\",\"description\":\"\",\"publisher\":{\"@id\":\"https:\\\/\\\/salesianossp.org.br\\\/osbomretiro\\\/#organization\"},\"potentialAction\":[{\"@type\":\"SearchAction\",\"target\":{\"@type\":\"EntryPoint\",\"urlTemplate\":\"https:\\\/\\\/salesianossp.org.br\\\/osbomretiro\\\/?s={search_term_string}\"},\"query-input\":{\"@type\":\"PropertyValueSpecification\",\"valueRequired\":true,\"valueName\":\"search_term_string\"}}],\"inLanguage\":\"pt-BR\"},{\"@type\":\"Organization\",\"@id\":\"https:\\\/\\\/salesianossp.org.br\\\/osbomretiro\\\/#organization\",\"name\":\"Instituto Dom Bosco\",\"url\":\"https:\\\/\\\/salesianossp.org.br\\\/osbomretiro\\\/\",\"logo\":{\"@type\":\"ImageObject\",\"inLanguage\":\"pt-BR\",\"@id\":\"https:\\\/\\\/salesianossp.org.br\\\/osbomretiro\\\/#\\\/schema\\\/logo\\\/image\\\/\",\"url\":\"https:\\\/\\\/salesianossp.org.br\\\/osbomretiro\\\/wp-content\\\/uploads\\\/2025\\\/10\\\/logotipo-instituto-dom-bosco-color-56.svg\",\"contentUrl\":\"https:\\\/\\\/salesianossp.org.br\\\/osbomretiro\\\/wp-content\\\/uploads\\\/2025\\\/10\\\/logotipo-instituto-dom-bosco-color-56.svg\",\"width\":164,\"height\":56,\"caption\":\"Instituto Dom Bosco\"},\"image\":{\"@id\":\"https:\\\/\\\/salesianossp.org.br\\\/osbomretiro\\\/#\\\/schema\\\/logo\\\/image\\\/\"},\"sameAs\":[\"https:\\\/\\\/www.facebook.com\\\/InstitutoDomBoscoBomRetiro\\\/\",\"https:\\\/\\\/www.youtube.com\\\/user\\\/Institutodb\",\"https:\\\/\\\/www.instagram.com\\\/institutodb\\\/\"]},{\"@type\":\"Person\",\"@id\":\"https:\\\/\\\/salesianossp.org.br\\\/osbomretiro\\\/#\\\/schema\\\/person\\\/e2eca61d4aedd9f74773a05ecabce429\",\"name\":\"Fabiana Santello\",\"image\":{\"@type\":\"ImageObject\",\"inLanguage\":\"pt-BR\",\"@id\":\"https:\\\/\\\/secure.gravatar.com\\\/avatar\\\/4fa669318bbfdc73317a1dbd71c8808075776701c3cd34790e053fdbd3bb77c1?s=96&d=mm&r=g\",\"url\":\"https:\\\/\\\/secure.gravatar.com\\\/avatar\\\/4fa669318bbfdc73317a1dbd71c8808075776701c3cd34790e053fdbd3bb77c1?s=96&d=mm&r=g\",\"contentUrl\":\"https:\\\/\\\/secure.gravatar.com\\\/avatar\\\/4fa669318bbfdc73317a1dbd71c8808075776701c3cd34790e053fdbd3bb77c1?s=96&d=mm&r=g\",\"caption\":\"Fabiana Santello\"},\"url\":\"https:\\\/\\\/salesianossp.org.br\\\/osbomretiro\\\/author\\\/fabiana-santello\\\/\"}]}<\/script>\n<!-- \/ Yoast SEO plugin. -->","yoast_head_json":{"title":"EXPO DOM BOSCO 2025: Criatividade, Alegria e Transforma\u00e7\u00e3o marcaram o evento - Instituto Dom Bosco","robots":{"index":"index","follow":"follow","max-snippet":"max-snippet:-1","max-image-preview":"max-image-preview:large","max-video-preview":"max-video-preview:-1"},"canonical":"https:\/\/salesianossp.org.br\/osbomretiro\/expo-dom-bosco-2025-criatividade-alegria-e-transformacao-marcaram-o-evento\/","og_locale":"pt_BR","og_type":"article","og_title":"EXPO DOM BOSCO 2025: Criatividade, Alegria e Transforma\u00e7\u00e3o marcaram o evento - Instituto Dom Bosco","og_description":"No \u00faltimo dia 24 de outubro, o Instituto Dom Bosco realizou a t\u00e3o aguardada EXPO 2025, um evento gratuito e aberto a toda a fam\u00edlia, que reuniu educandos, fam\u00edlias, colaboradores e parceiros em um dia repleto de aprendizado, arte, inova\u00e7\u00e3o e emo\u00e7\u00e3o. Participaram todos os Servi\u00e7os CCA e CEDESP das unidades Bom Retiro, Vila Paulistana [&hellip;]","og_url":"https:\/\/salesianossp.org.br\/osbomretiro\/expo-dom-bosco-2025-criatividade-alegria-e-transformacao-marcaram-o-evento\/","og_site_name":"Instituto Dom Bosco","article_publisher":"https:\/\/www.facebook.com\/InstitutoDomBoscoBomRetiro\/","article_published_time":"2025-10-30T15:14:08+00:00","article_modified_time":"2025-11-03T15:25:02+00:00","og_image":[{"width":1080,"height":1080,"url":"https:\/\/salesianossp.org.br\/osbomretiro\/wp-content\/uploads\/2025\/10\/EXPO-2025-1-.jpg","type":"image\/jpeg"}],"author":"Fabiana Santello","twitter_card":"summary_large_image","twitter_misc":{"Escrito por":"Fabiana Santello","Est. tempo de leitura":"4 minutos"},"schema":{"@context":"https:\/\/schema.org","@graph":[{"@type":"Article","@id":"https:\/\/salesianossp.org.br\/osbomretiro\/expo-dom-bosco-2025-criatividade-alegria-e-transformacao-marcaram-o-evento\/#article","isPartOf":{"@id":"https:\/\/salesianossp.org.br\/osbomretiro\/expo-dom-bosco-2025-criatividade-alegria-e-transformacao-marcaram-o-evento\/"},"author":{"name":"Fabiana Santello","@id":"https:\/\/salesianossp.org.br\/osbomretiro\/#\/schema\/person\/e2eca61d4aedd9f74773a05ecabce429"},"headline":"EXPO DOM BOSCO 2025: Criatividade, Alegria e Transforma\u00e7\u00e3o marcaram o evento","datePublished":"2025-10-30T15:14:08+00:00","dateModified":"2025-11-03T15:25:02+00:00","mainEntityOfPage":{"@id":"https:\/\/salesianossp.org.br\/osbomretiro\/expo-dom-bosco-2025-criatividade-alegria-e-transformacao-marcaram-o-evento\/"},"wordCount":751,"commentCount":0,"publisher":{"@id":"https:\/\/salesianossp.org.br\/osbomretiro\/#organization"},"image":{"@id":"https:\/\/salesianossp.org.br\/osbomretiro\/expo-dom-bosco-2025-criatividade-alegria-e-transformacao-marcaram-o-evento\/#primaryimage"},"thumbnailUrl":"https:\/\/salesianossp.org.br\/osbomretiro\/wp-content\/uploads\/2025\/10\/EXPO-2025-1-.jpg","articleSection":["Uncategorized"],"inLanguage":"pt-BR","potentialAction":[{"@type":"CommentAction","name":"Comment","target":["https:\/\/salesianossp.org.br\/osbomretiro\/expo-dom-bosco-2025-criatividade-alegria-e-transformacao-marcaram-o-evento\/#respond"]}]},{"@type":"WebPage","@id":"https:\/\/salesianossp.org.br\/osbomretiro\/expo-dom-bosco-2025-criatividade-alegria-e-transformacao-marcaram-o-evento\/","url":"https:\/\/salesianossp.org.br\/osbomretiro\/expo-dom-bosco-2025-criatividade-alegria-e-transformacao-marcaram-o-evento\/","name":"EXPO DOM BOSCO 2025: Criatividade, Alegria e Transforma\u00e7\u00e3o marcaram o evento - Instituto Dom Bosco","isPartOf":{"@id":"https:\/\/salesianossp.org.br\/osbomretiro\/#website"},"primaryImageOfPage":{"@id":"https:\/\/salesianossp.org.br\/osbomretiro\/expo-dom-bosco-2025-criatividade-alegria-e-transformacao-marcaram-o-evento\/#primaryimage"},"image":{"@id":"https:\/\/salesianossp.org.br\/osbomretiro\/expo-dom-bosco-2025-criatividade-alegria-e-transformacao-marcaram-o-evento\/#primaryimage"},"thumbnailUrl":"https:\/\/salesianossp.org.br\/osbomretiro\/wp-content\/uploads\/2025\/10\/EXPO-2025-1-.jpg","datePublished":"2025-10-30T15:14:08+00:00","dateModified":"2025-11-03T15:25:02+00:00","breadcrumb":{"@id":"https:\/\/salesianossp.org.br\/osbomretiro\/expo-dom-bosco-2025-criatividade-alegria-e-transformacao-marcaram-o-evento\/#breadcrumb"},"inLanguage":"pt-BR","potentialAction":[{"@type":"ReadAction","target":["https:\/\/salesianossp.org.br\/osbomretiro\/expo-dom-bosco-2025-criatividade-alegria-e-transformacao-marcaram-o-evento\/"]}]},{"@type":"ImageObject","inLanguage":"pt-BR","@id":"https:\/\/salesianossp.org.br\/osbomretiro\/expo-dom-bosco-2025-criatividade-alegria-e-transformacao-marcaram-o-evento\/#primaryimage","url":"https:\/\/salesianossp.org.br\/osbomretiro\/wp-content\/uploads\/2025\/10\/EXPO-2025-1-.jpg","contentUrl":"https:\/\/salesianossp.org.br\/osbomretiro\/wp-content\/uploads\/2025\/10\/EXPO-2025-1-.jpg","width":1080,"height":1080},{"@type":"BreadcrumbList","@id":"https:\/\/salesianossp.org.br\/osbomretiro\/expo-dom-bosco-2025-criatividade-alegria-e-transformacao-marcaram-o-evento\/#breadcrumb","itemListElement":[{"@type":"ListItem","position":1,"name":"In\u00edcio","item":"https:\/\/salesianossp.org.br\/osbomretiro\/"},{"@type":"ListItem","position":2,"name":"EXPO DOM BOSCO 2025: Criatividade, Alegria e Transforma\u00e7\u00e3o marcaram o evento"}]},{"@type":"WebSite","@id":"https:\/\/salesianossp.org.br\/osbomretiro\/#website","url":"https:\/\/salesianossp.org.br\/osbomretiro\/","name":"Instituto Dom Bosco","description":"","publisher":{"@id":"https:\/\/salesianossp.org.br\/osbomretiro\/#organization"},"potentialAction":[{"@type":"SearchAction","target":{"@type":"EntryPoint","urlTemplate":"https:\/\/salesianossp.org.br\/osbomretiro\/?s={search_term_string}"},"query-input":{"@type":"PropertyValueSpecification","valueRequired":true,"valueName":"search_term_string"}}],"inLanguage":"pt-BR"},{"@type":"Organization","@id":"https:\/\/salesianossp.org.br\/osbomretiro\/#organization","name":"Instituto Dom Bosco","url":"https:\/\/salesianossp.org.br\/osbomretiro\/","logo":{"@type":"ImageObject","inLanguage":"pt-BR","@id":"https:\/\/salesianossp.org.br\/osbomretiro\/#\/schema\/logo\/image\/","url":"https:\/\/salesianossp.org.br\/osbomretiro\/wp-content\/uploads\/2025\/10\/logotipo-instituto-dom-bosco-color-56.svg","contentUrl":"https:\/\/salesianossp.org.br\/osbomretiro\/wp-content\/uploads\/2025\/10\/logotipo-instituto-dom-bosco-color-56.svg","width":164,"height":56,"caption":"Instituto Dom Bosco"},"image":{"@id":"https:\/\/salesianossp.org.br\/osbomretiro\/#\/schema\/logo\/image\/"},"sameAs":["https:\/\/www.facebook.com\/InstitutoDomBoscoBomRetiro\/","https:\/\/www.youtube.com\/user\/Institutodb","https:\/\/www.instagram.com\/institutodb\/"]},{"@type":"Person","@id":"https:\/\/salesianossp.org.br\/osbomretiro\/#\/schema\/person\/e2eca61d4aedd9f74773a05ecabce429","name":"Fabiana Santello","image":{"@type":"ImageObject","inLanguage":"pt-BR","@id":"https:\/\/secure.gravatar.com\/avatar\/4fa669318bbfdc73317a1dbd71c8808075776701c3cd34790e053fdbd3bb77c1?s=96&d=mm&r=g","url":"https:\/\/secure.gravatar.com\/avatar\/4fa669318bbfdc73317a1dbd71c8808075776701c3cd34790e053fdbd3bb77c1?s=96&d=mm&r=g","contentUrl":"https:\/\/secure.gravatar.com\/avatar\/4fa669318bbfdc73317a1dbd71c8808075776701c3cd34790e053fdbd3bb77c1?s=96&d=mm&r=g","caption":"Fabiana Santello"},"url":"https:\/\/salesianossp.org.br\/osbomretiro\/author\/fabiana-santello\/"}]}},"_links":{"self":[{"href":"https:\/\/salesianossp.org.br\/osbomretiro\/wp-json\/wp\/v2\/posts\/117494","targetHints":{"allow":["GET"]}}],"collection":[{"href":"https:\/\/salesianossp.org.br\/osbomretiro\/wp-json\/wp\/v2\/posts"}],"about":[{"href":"https:\/\/salesianossp.org.br\/osbomretiro\/wp-json\/wp\/v2\/types\/post"}],"author":[{"embeddable":true,"href":"https:\/\/salesianossp.org.br\/osbomretiro\/wp-json\/wp\/v2\/users\/29"}],"replies":[{"embeddable":true,"href":"https:\/\/salesianossp.org.br\/osbomretiro\/wp-json\/wp\/v2\/comments?post=117494"}],"version-history":[{"count":4,"href":"https:\/\/salesianossp.org.br\/osbomretiro\/wp-json\/wp\/v2\/posts\/117494\/revisions"}],"predecessor-version":[{"id":117500,"href":"https:\/\/salesianossp.org.br\/osbomretiro\/wp-json\/wp\/v2\/posts\/117494\/revisions\/117500"}],"wp:featuredmedia":[{"embeddable":true,"href":"https:\/\/salesianossp.org.br\/osbomretiro\/wp-json\/wp\/v2\/media\/117508"}],"wp:attachment":[{"href":"https:\/\/salesianossp.org.br\/osbomretiro\/wp-json\/wp\/v2\/media?parent=117494"}],"wp:term":[{"taxonomy":"category","embeddable":true,"href":"https:\/\/salesianossp.org.br\/osbomretiro\/wp-json\/wp\/v2\/categories?post=117494"},{"taxonomy":"post_tag","embeddable":true,"href":"https:\/\/salesianossp.org.br\/osbomretiro\/wp-json\/wp\/v2\/tags?post=117494"}],"curies":[{"name":"wp","href":"https:\/\/api.w.org\/{rel}","templated":true}]}}