{"id":117537,"date":"2025-11-11T20:21:56","date_gmt":"2025-11-11T20:21:56","guid":{"rendered":"https:\/\/salesianossp.org.br\/osbomretiro\/?p=117537"},"modified":"2025-11-11T21:01:18","modified_gmt":"2025-11-11T21:01:18","slug":"turmas-do-cedesp-vila-paulistana-participam-da-trilha-agroecologica-no-prato-verde-sustentavel","status":"publish","type":"post","link":"https:\/\/salesianossp.org.br\/osbomretiro\/turmas-do-cedesp-vila-paulistana-participam-da-trilha-agroecologica-no-prato-verde-sustentavel\/","title":{"rendered":"Do Plantio ao Prato &#8211; Turmas do CEDESP Vila Paulistana participam da Trilha Agroecol\u00f3gica no Prato Verde Sustent\u00e1vel"},"content":{"rendered":"\n<p>No dia <strong>13 de outubro<\/strong>, as turmas dos cursos de <strong>Administra\u00e7\u00e3o e Log\u00edstica do CEDESP Dom Bosco Vila Paulistana<\/strong> participaram da <strong>Trilha Agroecol\u00f3gica no Prato Verde Sustent\u00e1vel<\/strong>, uma atividade que teve como proposta promover uma imers\u00e3o na natureza e no saber agroecol\u00f3gico, despertando a consci\u00eancia ambiental e o contato direto com a terra.<\/p>\n\n\n\n<p>A visita aconteceu na <strong>OSC Mutir\u00e3o<\/strong>, onde est\u00e1 localizado o projeto <strong>Prato Verde Sustent\u00e1vel<\/strong>, na zona norte de S\u00e3o Paulo. O deslocamento dos educandos, tanto do per\u00edodo da manh\u00e3 quanto da tarde, foi realizado em \u00f4nibus providenciado pelo idealizador do projeto pedag\u00f3gico.<\/p>\n\n\n\n<p>Durante a trilha, os participantes vivenciaram um <strong>percurso guiado por uma horta agroecol\u00f3gica<\/strong>, aprendendo sobre pr\u00e1ticas sustent\u00e1veis como <strong>compostagem, ciclo do alimento, sistemas de irriga\u00e7\u00e3o e uso de energias renov\u00e1veis<\/strong>. A proposta foi proporcionar uma experi\u00eancia educativa e sensorial, mostrando na pr\u00e1tica como os alimentos s\u00e3o cultivados e incentivando uma nova percep\u00e7\u00e3o sobre o sistema alimentar e a sustentabilidade.<\/p>\n\n\n\n<p>A atividade tamb\u00e9m apresentou aspectos pr\u00e1ticos da <strong>educa\u00e7\u00e3o ambiental e da agroecologia<\/strong>, destacando sua import\u00e2ncia para a constru\u00e7\u00e3o de um sistema de produ\u00e7\u00e3o de alimentos equilibrado, que integra dimens\u00f5es <strong>sociais, ambientais e econ\u00f4micas<\/strong>.<\/p>\n\n\n\n<p>O Prato Verde Sustent\u00e1vel atua desde <strong>2013<\/strong>, promovendo a\u00e7\u00f5es voltadas ao <strong>combate aos desertos alimentares e ambientais<\/strong>, \u00e0 <strong>produ\u00e7\u00e3o de alimentos saud\u00e1veis<\/strong> e \u00e0 <strong>forma\u00e7\u00e3o cidad\u00e3<\/strong>. A trilha foi conclu\u00edda com um <strong>almo\u00e7o preparado com ingredientes cultivados nas pr\u00f3prias hortas<\/strong>, proporcionando uma viv\u00eancia completa do plantio ao prato.<\/p>\n\n\n\n<p>J\u00e1 no dia <strong>20 de outubro de 2025<\/strong>, a equipe do Prato Verde Sustent\u00e1vel visitou o <strong>CEDESP Vila Paulistana<\/strong> para a realiza\u00e7\u00e3o de uma <strong>a\u00e7\u00e3o pr\u00e1tica de plantio de horta em caixas<\/strong>, com a participa\u00e7\u00e3o ativa dos educandos. A atividade complementou a experi\u00eancia vivida na trilha, refor\u00e7ando o aprendizado e fortalecendo o cultivo local como ferramenta pedag\u00f3gica.<\/p>\n\n\n\n<p>A <strong>Gerente do CEDESP Vila Paulistana, P\u00e9rola Barranco<\/strong>, destacou a import\u00e2ncia da viv\u00eancia:<br><em>\u201cPara os educandos do CEDESP Dom Bosco Vila Paulistana foi de extrema import\u00e2ncia essa participa\u00e7\u00e3o, para conhecer melhor o territ\u00f3rio e enxergar seu potencial, al\u00e9m de se conectar com as atividades da Alian\u00e7a Verde Salesiana que s\u00e3o desenvolvidas localmente. Participar da trilha agroecol\u00f3gica no Prato Verde Sustent\u00e1vel foi uma experi\u00eancia enriquecedora. O grupo foi recebido com muita aten\u00e7\u00e3o e carinho pela equipe, que apresentou o espa\u00e7o e explicou a import\u00e2ncia da agroecologia para o meio ambiente e para a alimenta\u00e7\u00e3o. Durante a atividade, puderam aprender na pr\u00e1tica sobre compostagem, plantio de sementes e o cuidado com as hortas. Os educandos comentaram que foi muito interessante perceber como pequenas a\u00e7\u00f5es podem gerar grandes impactos na sustentabilidade e na preserva\u00e7\u00e3o da natureza. O auge do momento foi o almo\u00e7o com verduras produzidas nas hortas que eles conheceram. Ap\u00f3s uma semana, a a\u00e7\u00e3o local de plantio na caixa foi primordial para potencializar o cultivo que temos na VP, j\u00e1 que a horta \u00e9 um excelente instrumento pedag\u00f3gico.\u201d<\/em><\/p>\n\n\n\n<p><strong><em><a href=\"https:\/\/www.facebook.com\/media\/set\/?vanity=InstitutoDomBoscoBomRetiro&amp;set=a.1390048983124912\" data-type=\"link\" data-id=\"https:\/\/www.facebook.com\/media\/set\/?vanity=InstitutoDomBoscoBomRetiro&amp;set=a.1390048983124912\">Clique aqui para ver todas as fotos<\/a><\/em><\/strong><\/p>\n","protected":false},"excerpt":{"rendered":"<p>No dia 13 de outubro, as turmas dos cursos de Administra\u00e7\u00e3o e Log\u00edstica do CEDESP Dom Bosco Vila Paulistana participaram da Trilha Agroecol\u00f3gica no Prato Verde Sustent\u00e1vel, uma atividade que teve como proposta promover uma imers\u00e3o na natureza e no saber agroecol\u00f3gico, despertando a consci\u00eancia ambiental e o contato direto com a terra. A visita [&hellip;]<\/p>\n","protected":false},"author":29,"featured_media":117541,"comment_status":"open","ping_status":"open","sticky":false,"template":"","format":"standard","meta":{"footnotes":""},"categories":[1],"tags":[],"class_list":["post-117537","post","type-post","status-publish","format-standard","has-post-thumbnail","hentry","category-uncategorized"],"yoast_head":"<!-- This site is optimized with the Yoast SEO plugin v27.3 - https:\/\/yoast.com\/product\/yoast-seo-wordpress\/ -->\n<title>Do Plantio ao Prato - Turmas do CEDESP Vila Paulistana participam da Trilha Agroecol\u00f3gica no Prato Verde Sustent\u00e1vel - Instituto Dom Bosco<\/title>\n<meta name=\"robots\" content=\"index, follow, max-snippet:-1, max-image-preview:large, max-video-preview:-1\" \/>\n<link rel=\"canonical\" href=\"https:\/\/salesianossp.org.br\/osbomretiro\/turmas-do-cedesp-vila-paulistana-participam-da-trilha-agroecologica-no-prato-verde-sustentavel\/\" \/>\n<meta property=\"og:locale\" content=\"pt_BR\" \/>\n<meta property=\"og:type\" content=\"article\" \/>\n<meta property=\"og:title\" content=\"Do Plantio ao Prato - Turmas do CEDESP Vila Paulistana participam da Trilha Agroecol\u00f3gica no Prato Verde Sustent\u00e1vel - Instituto Dom Bosco\" \/>\n<meta property=\"og:description\" content=\"No dia 13 de outubro, as turmas dos cursos de Administra\u00e7\u00e3o e Log\u00edstica do CEDESP Dom Bosco Vila Paulistana participaram da Trilha Agroecol\u00f3gica no Prato Verde Sustent\u00e1vel, uma atividade que teve como proposta promover uma imers\u00e3o na natureza e no saber agroecol\u00f3gico, despertando a consci\u00eancia ambiental e o contato direto com a terra. A visita [&hellip;]\" \/>\n<meta property=\"og:url\" content=\"https:\/\/salesianossp.org.br\/osbomretiro\/turmas-do-cedesp-vila-paulistana-participam-da-trilha-agroecologica-no-prato-verde-sustentavel\/\" \/>\n<meta property=\"og:site_name\" content=\"Instituto Dom Bosco\" \/>\n<meta property=\"article:publisher\" content=\"https:\/\/www.facebook.com\/InstitutoDomBoscoBomRetiro\/\" \/>\n<meta property=\"article:published_time\" content=\"2025-11-11T20:21:56+00:00\" \/>\n<meta property=\"article:modified_time\" content=\"2025-11-11T21:01:18+00:00\" \/>\n<meta property=\"og:image\" content=\"https:\/\/salesianossp.org.br\/osbomretiro\/wp-content\/uploads\/2025\/11\/Redes-Sociais-IDB-1-1.png\" \/>\n\t<meta property=\"og:image:width\" content=\"1080\" \/>\n\t<meta property=\"og:image:height\" content=\"1080\" \/>\n\t<meta property=\"og:image:type\" content=\"image\/png\" \/>\n<meta name=\"author\" content=\"Fabiana Santello\" \/>\n<meta name=\"twitter:card\" content=\"summary_large_image\" \/>\n<meta name=\"twitter:label1\" content=\"Escrito por\" \/>\n\t<meta name=\"twitter:data1\" content=\"Fabiana Santello\" \/>\n\t<meta name=\"twitter:label2\" content=\"Est. tempo de leitura\" \/>\n\t<meta name=\"twitter:data2\" content=\"3 minutos\" \/>\n<script type=\"application\/ld+json\" class=\"yoast-schema-graph\">{\"@context\":\"https:\\\/\\\/schema.org\",\"@graph\":[{\"@type\":\"Article\",\"@id\":\"https:\\\/\\\/salesianossp.org.br\\\/osbomretiro\\\/turmas-do-cedesp-vila-paulistana-participam-da-trilha-agroecologica-no-prato-verde-sustentavel\\\/#article\",\"isPartOf\":{\"@id\":\"https:\\\/\\\/salesianossp.org.br\\\/osbomretiro\\\/turmas-do-cedesp-vila-paulistana-participam-da-trilha-agroecologica-no-prato-verde-sustentavel\\\/\"},\"author\":{\"name\":\"Fabiana Santello\",\"@id\":\"https:\\\/\\\/salesianossp.org.br\\\/osbomretiro\\\/#\\\/schema\\\/person\\\/e2eca61d4aedd9f74773a05ecabce429\"},\"headline\":\"Do Plantio ao Prato &#8211; Turmas do CEDESP Vila Paulistana participam da Trilha Agroecol\u00f3gica no Prato Verde Sustent\u00e1vel\",\"datePublished\":\"2025-11-11T20:21:56+00:00\",\"dateModified\":\"2025-11-11T21:01:18+00:00\",\"mainEntityOfPage\":{\"@id\":\"https:\\\/\\\/salesianossp.org.br\\\/osbomretiro\\\/turmas-do-cedesp-vila-paulistana-participam-da-trilha-agroecologica-no-prato-verde-sustentavel\\\/\"},\"wordCount\":558,\"commentCount\":0,\"publisher\":{\"@id\":\"https:\\\/\\\/salesianossp.org.br\\\/osbomretiro\\\/#organization\"},\"image\":{\"@id\":\"https:\\\/\\\/salesianossp.org.br\\\/osbomretiro\\\/turmas-do-cedesp-vila-paulistana-participam-da-trilha-agroecologica-no-prato-verde-sustentavel\\\/#primaryimage\"},\"thumbnailUrl\":\"https:\\\/\\\/salesianossp.org.br\\\/osbomretiro\\\/wp-content\\\/uploads\\\/2025\\\/11\\\/Redes-Sociais-IDB-1-1.png\",\"articleSection\":[\"Uncategorized\"],\"inLanguage\":\"pt-BR\",\"potentialAction\":[{\"@type\":\"CommentAction\",\"name\":\"Comment\",\"target\":[\"https:\\\/\\\/salesianossp.org.br\\\/osbomretiro\\\/turmas-do-cedesp-vila-paulistana-participam-da-trilha-agroecologica-no-prato-verde-sustentavel\\\/#respond\"]}]},{\"@type\":\"WebPage\",\"@id\":\"https:\\\/\\\/salesianossp.org.br\\\/osbomretiro\\\/turmas-do-cedesp-vila-paulistana-participam-da-trilha-agroecologica-no-prato-verde-sustentavel\\\/\",\"url\":\"https:\\\/\\\/salesianossp.org.br\\\/osbomretiro\\\/turmas-do-cedesp-vila-paulistana-participam-da-trilha-agroecologica-no-prato-verde-sustentavel\\\/\",\"name\":\"Do Plantio ao Prato - Turmas do CEDESP Vila Paulistana participam da Trilha Agroecol\u00f3gica no Prato Verde Sustent\u00e1vel - Instituto Dom Bosco\",\"isPartOf\":{\"@id\":\"https:\\\/\\\/salesianossp.org.br\\\/osbomretiro\\\/#website\"},\"primaryImageOfPage\":{\"@id\":\"https:\\\/\\\/salesianossp.org.br\\\/osbomretiro\\\/turmas-do-cedesp-vila-paulistana-participam-da-trilha-agroecologica-no-prato-verde-sustentavel\\\/#primaryimage\"},\"image\":{\"@id\":\"https:\\\/\\\/salesianossp.org.br\\\/osbomretiro\\\/turmas-do-cedesp-vila-paulistana-participam-da-trilha-agroecologica-no-prato-verde-sustentavel\\\/#primaryimage\"},\"thumbnailUrl\":\"https:\\\/\\\/salesianossp.org.br\\\/osbomretiro\\\/wp-content\\\/uploads\\\/2025\\\/11\\\/Redes-Sociais-IDB-1-1.png\",\"datePublished\":\"2025-11-11T20:21:56+00:00\",\"dateModified\":\"2025-11-11T21:01:18+00:00\",\"breadcrumb\":{\"@id\":\"https:\\\/\\\/salesianossp.org.br\\\/osbomretiro\\\/turmas-do-cedesp-vila-paulistana-participam-da-trilha-agroecologica-no-prato-verde-sustentavel\\\/#breadcrumb\"},\"inLanguage\":\"pt-BR\",\"potentialAction\":[{\"@type\":\"ReadAction\",\"target\":[\"https:\\\/\\\/salesianossp.org.br\\\/osbomretiro\\\/turmas-do-cedesp-vila-paulistana-participam-da-trilha-agroecologica-no-prato-verde-sustentavel\\\/\"]}]},{\"@type\":\"ImageObject\",\"inLanguage\":\"pt-BR\",\"@id\":\"https:\\\/\\\/salesianossp.org.br\\\/osbomretiro\\\/turmas-do-cedesp-vila-paulistana-participam-da-trilha-agroecologica-no-prato-verde-sustentavel\\\/#primaryimage\",\"url\":\"https:\\\/\\\/salesianossp.org.br\\\/osbomretiro\\\/wp-content\\\/uploads\\\/2025\\\/11\\\/Redes-Sociais-IDB-1-1.png\",\"contentUrl\":\"https:\\\/\\\/salesianossp.org.br\\\/osbomretiro\\\/wp-content\\\/uploads\\\/2025\\\/11\\\/Redes-Sociais-IDB-1-1.png\",\"width\":1080,\"height\":1080},{\"@type\":\"BreadcrumbList\",\"@id\":\"https:\\\/\\\/salesianossp.org.br\\\/osbomretiro\\\/turmas-do-cedesp-vila-paulistana-participam-da-trilha-agroecologica-no-prato-verde-sustentavel\\\/#breadcrumb\",\"itemListElement\":[{\"@type\":\"ListItem\",\"position\":1,\"name\":\"In\u00edcio\",\"item\":\"https:\\\/\\\/salesianossp.org.br\\\/osbomretiro\\\/\"},{\"@type\":\"ListItem\",\"position\":2,\"name\":\"Do Plantio ao Prato &#8211; Turmas do CEDESP Vila Paulistana participam da Trilha Agroecol\u00f3gica no Prato Verde Sustent\u00e1vel\"}]},{\"@type\":\"WebSite\",\"@id\":\"https:\\\/\\\/salesianossp.org.br\\\/osbomretiro\\\/#website\",\"url\":\"https:\\\/\\\/salesianossp.org.br\\\/osbomretiro\\\/\",\"name\":\"Instituto Dom Bosco\",\"description\":\"\",\"publisher\":{\"@id\":\"https:\\\/\\\/salesianossp.org.br\\\/osbomretiro\\\/#organization\"},\"potentialAction\":[{\"@type\":\"SearchAction\",\"target\":{\"@type\":\"EntryPoint\",\"urlTemplate\":\"https:\\\/\\\/salesianossp.org.br\\\/osbomretiro\\\/?s={search_term_string}\"},\"query-input\":{\"@type\":\"PropertyValueSpecification\",\"valueRequired\":true,\"valueName\":\"search_term_string\"}}],\"inLanguage\":\"pt-BR\"},{\"@type\":\"Organization\",\"@id\":\"https:\\\/\\\/salesianossp.org.br\\\/osbomretiro\\\/#organization\",\"name\":\"Instituto Dom Bosco\",\"url\":\"https:\\\/\\\/salesianossp.org.br\\\/osbomretiro\\\/\",\"logo\":{\"@type\":\"ImageObject\",\"inLanguage\":\"pt-BR\",\"@id\":\"https:\\\/\\\/salesianossp.org.br\\\/osbomretiro\\\/#\\\/schema\\\/logo\\\/image\\\/\",\"url\":\"https:\\\/\\\/salesianossp.org.br\\\/osbomretiro\\\/wp-content\\\/uploads\\\/2025\\\/10\\\/logotipo-instituto-dom-bosco-color-56.svg\",\"contentUrl\":\"https:\\\/\\\/salesianossp.org.br\\\/osbomretiro\\\/wp-content\\\/uploads\\\/2025\\\/10\\\/logotipo-instituto-dom-bosco-color-56.svg\",\"width\":164,\"height\":56,\"caption\":\"Instituto Dom Bosco\"},\"image\":{\"@id\":\"https:\\\/\\\/salesianossp.org.br\\\/osbomretiro\\\/#\\\/schema\\\/logo\\\/image\\\/\"},\"sameAs\":[\"https:\\\/\\\/www.facebook.com\\\/InstitutoDomBoscoBomRetiro\\\/\",\"https:\\\/\\\/www.youtube.com\\\/user\\\/Institutodb\",\"https:\\\/\\\/www.instagram.com\\\/institutodb\\\/\"]},{\"@type\":\"Person\",\"@id\":\"https:\\\/\\\/salesianossp.org.br\\\/osbomretiro\\\/#\\\/schema\\\/person\\\/e2eca61d4aedd9f74773a05ecabce429\",\"name\":\"Fabiana Santello\",\"image\":{\"@type\":\"ImageObject\",\"inLanguage\":\"pt-BR\",\"@id\":\"https:\\\/\\\/secure.gravatar.com\\\/avatar\\\/4fa669318bbfdc73317a1dbd71c8808075776701c3cd34790e053fdbd3bb77c1?s=96&d=mm&r=g\",\"url\":\"https:\\\/\\\/secure.gravatar.com\\\/avatar\\\/4fa669318bbfdc73317a1dbd71c8808075776701c3cd34790e053fdbd3bb77c1?s=96&d=mm&r=g\",\"contentUrl\":\"https:\\\/\\\/secure.gravatar.com\\\/avatar\\\/4fa669318bbfdc73317a1dbd71c8808075776701c3cd34790e053fdbd3bb77c1?s=96&d=mm&r=g\",\"caption\":\"Fabiana Santello\"},\"url\":\"https:\\\/\\\/salesianossp.org.br\\\/osbomretiro\\\/author\\\/fabiana-santello\\\/\"}]}<\/script>\n<!-- \/ Yoast SEO plugin. -->","yoast_head_json":{"title":"Do Plantio ao Prato - Turmas do CEDESP Vila Paulistana participam da Trilha Agroecol\u00f3gica no Prato Verde Sustent\u00e1vel - Instituto Dom Bosco","robots":{"index":"index","follow":"follow","max-snippet":"max-snippet:-1","max-image-preview":"max-image-preview:large","max-video-preview":"max-video-preview:-1"},"canonical":"https:\/\/salesianossp.org.br\/osbomretiro\/turmas-do-cedesp-vila-paulistana-participam-da-trilha-agroecologica-no-prato-verde-sustentavel\/","og_locale":"pt_BR","og_type":"article","og_title":"Do Plantio ao Prato - Turmas do CEDESP Vila Paulistana participam da Trilha Agroecol\u00f3gica no Prato Verde Sustent\u00e1vel - Instituto Dom Bosco","og_description":"No dia 13 de outubro, as turmas dos cursos de Administra\u00e7\u00e3o e Log\u00edstica do CEDESP Dom Bosco Vila Paulistana participaram da Trilha Agroecol\u00f3gica no Prato Verde Sustent\u00e1vel, uma atividade que teve como proposta promover uma imers\u00e3o na natureza e no saber agroecol\u00f3gico, despertando a consci\u00eancia ambiental e o contato direto com a terra. A visita [&hellip;]","og_url":"https:\/\/salesianossp.org.br\/osbomretiro\/turmas-do-cedesp-vila-paulistana-participam-da-trilha-agroecologica-no-prato-verde-sustentavel\/","og_site_name":"Instituto Dom Bosco","article_publisher":"https:\/\/www.facebook.com\/InstitutoDomBoscoBomRetiro\/","article_published_time":"2025-11-11T20:21:56+00:00","article_modified_time":"2025-11-11T21:01:18+00:00","og_image":[{"width":1080,"height":1080,"url":"https:\/\/salesianossp.org.br\/osbomretiro\/wp-content\/uploads\/2025\/11\/Redes-Sociais-IDB-1-1.png","type":"image\/png"}],"author":"Fabiana Santello","twitter_card":"summary_large_image","twitter_misc":{"Escrito por":"Fabiana Santello","Est. tempo de leitura":"3 minutos"},"schema":{"@context":"https:\/\/schema.org","@graph":[{"@type":"Article","@id":"https:\/\/salesianossp.org.br\/osbomretiro\/turmas-do-cedesp-vila-paulistana-participam-da-trilha-agroecologica-no-prato-verde-sustentavel\/#article","isPartOf":{"@id":"https:\/\/salesianossp.org.br\/osbomretiro\/turmas-do-cedesp-vila-paulistana-participam-da-trilha-agroecologica-no-prato-verde-sustentavel\/"},"author":{"name":"Fabiana Santello","@id":"https:\/\/salesianossp.org.br\/osbomretiro\/#\/schema\/person\/e2eca61d4aedd9f74773a05ecabce429"},"headline":"Do Plantio ao Prato &#8211; Turmas do CEDESP Vila Paulistana participam da Trilha Agroecol\u00f3gica no Prato Verde Sustent\u00e1vel","datePublished":"2025-11-11T20:21:56+00:00","dateModified":"2025-11-11T21:01:18+00:00","mainEntityOfPage":{"@id":"https:\/\/salesianossp.org.br\/osbomretiro\/turmas-do-cedesp-vila-paulistana-participam-da-trilha-agroecologica-no-prato-verde-sustentavel\/"},"wordCount":558,"commentCount":0,"publisher":{"@id":"https:\/\/salesianossp.org.br\/osbomretiro\/#organization"},"image":{"@id":"https:\/\/salesianossp.org.br\/osbomretiro\/turmas-do-cedesp-vila-paulistana-participam-da-trilha-agroecologica-no-prato-verde-sustentavel\/#primaryimage"},"thumbnailUrl":"https:\/\/salesianossp.org.br\/osbomretiro\/wp-content\/uploads\/2025\/11\/Redes-Sociais-IDB-1-1.png","articleSection":["Uncategorized"],"inLanguage":"pt-BR","potentialAction":[{"@type":"CommentAction","name":"Comment","target":["https:\/\/salesianossp.org.br\/osbomretiro\/turmas-do-cedesp-vila-paulistana-participam-da-trilha-agroecologica-no-prato-verde-sustentavel\/#respond"]}]},{"@type":"WebPage","@id":"https:\/\/salesianossp.org.br\/osbomretiro\/turmas-do-cedesp-vila-paulistana-participam-da-trilha-agroecologica-no-prato-verde-sustentavel\/","url":"https:\/\/salesianossp.org.br\/osbomretiro\/turmas-do-cedesp-vila-paulistana-participam-da-trilha-agroecologica-no-prato-verde-sustentavel\/","name":"Do Plantio ao Prato - Turmas do CEDESP Vila Paulistana participam da Trilha Agroecol\u00f3gica no Prato Verde Sustent\u00e1vel - Instituto Dom Bosco","isPartOf":{"@id":"https:\/\/salesianossp.org.br\/osbomretiro\/#website"},"primaryImageOfPage":{"@id":"https:\/\/salesianossp.org.br\/osbomretiro\/turmas-do-cedesp-vila-paulistana-participam-da-trilha-agroecologica-no-prato-verde-sustentavel\/#primaryimage"},"image":{"@id":"https:\/\/salesianossp.org.br\/osbomretiro\/turmas-do-cedesp-vila-paulistana-participam-da-trilha-agroecologica-no-prato-verde-sustentavel\/#primaryimage"},"thumbnailUrl":"https:\/\/salesianossp.org.br\/osbomretiro\/wp-content\/uploads\/2025\/11\/Redes-Sociais-IDB-1-1.png","datePublished":"2025-11-11T20:21:56+00:00","dateModified":"2025-11-11T21:01:18+00:00","breadcrumb":{"@id":"https:\/\/salesianossp.org.br\/osbomretiro\/turmas-do-cedesp-vila-paulistana-participam-da-trilha-agroecologica-no-prato-verde-sustentavel\/#breadcrumb"},"inLanguage":"pt-BR","potentialAction":[{"@type":"ReadAction","target":["https:\/\/salesianossp.org.br\/osbomretiro\/turmas-do-cedesp-vila-paulistana-participam-da-trilha-agroecologica-no-prato-verde-sustentavel\/"]}]},{"@type":"ImageObject","inLanguage":"pt-BR","@id":"https:\/\/salesianossp.org.br\/osbomretiro\/turmas-do-cedesp-vila-paulistana-participam-da-trilha-agroecologica-no-prato-verde-sustentavel\/#primaryimage","url":"https:\/\/salesianossp.org.br\/osbomretiro\/wp-content\/uploads\/2025\/11\/Redes-Sociais-IDB-1-1.png","contentUrl":"https:\/\/salesianossp.org.br\/osbomretiro\/wp-content\/uploads\/2025\/11\/Redes-Sociais-IDB-1-1.png","width":1080,"height":1080},{"@type":"BreadcrumbList","@id":"https:\/\/salesianossp.org.br\/osbomretiro\/turmas-do-cedesp-vila-paulistana-participam-da-trilha-agroecologica-no-prato-verde-sustentavel\/#breadcrumb","itemListElement":[{"@type":"ListItem","position":1,"name":"In\u00edcio","item":"https:\/\/salesianossp.org.br\/osbomretiro\/"},{"@type":"ListItem","position":2,"name":"Do Plantio ao Prato &#8211; Turmas do CEDESP Vila Paulistana participam da Trilha Agroecol\u00f3gica no Prato Verde Sustent\u00e1vel"}]},{"@type":"WebSite","@id":"https:\/\/salesianossp.org.br\/osbomretiro\/#website","url":"https:\/\/salesianossp.org.br\/osbomretiro\/","name":"Instituto Dom Bosco","description":"","publisher":{"@id":"https:\/\/salesianossp.org.br\/osbomretiro\/#organization"},"potentialAction":[{"@type":"SearchAction","target":{"@type":"EntryPoint","urlTemplate":"https:\/\/salesianossp.org.br\/osbomretiro\/?s={search_term_string}"},"query-input":{"@type":"PropertyValueSpecification","valueRequired":true,"valueName":"search_term_string"}}],"inLanguage":"pt-BR"},{"@type":"Organization","@id":"https:\/\/salesianossp.org.br\/osbomretiro\/#organization","name":"Instituto Dom Bosco","url":"https:\/\/salesianossp.org.br\/osbomretiro\/","logo":{"@type":"ImageObject","inLanguage":"pt-BR","@id":"https:\/\/salesianossp.org.br\/osbomretiro\/#\/schema\/logo\/image\/","url":"https:\/\/salesianossp.org.br\/osbomretiro\/wp-content\/uploads\/2025\/10\/logotipo-instituto-dom-bosco-color-56.svg","contentUrl":"https:\/\/salesianossp.org.br\/osbomretiro\/wp-content\/uploads\/2025\/10\/logotipo-instituto-dom-bosco-color-56.svg","width":164,"height":56,"caption":"Instituto Dom Bosco"},"image":{"@id":"https:\/\/salesianossp.org.br\/osbomretiro\/#\/schema\/logo\/image\/"},"sameAs":["https:\/\/www.facebook.com\/InstitutoDomBoscoBomRetiro\/","https:\/\/www.youtube.com\/user\/Institutodb","https:\/\/www.instagram.com\/institutodb\/"]},{"@type":"Person","@id":"https:\/\/salesianossp.org.br\/osbomretiro\/#\/schema\/person\/e2eca61d4aedd9f74773a05ecabce429","name":"Fabiana Santello","image":{"@type":"ImageObject","inLanguage":"pt-BR","@id":"https:\/\/secure.gravatar.com\/avatar\/4fa669318bbfdc73317a1dbd71c8808075776701c3cd34790e053fdbd3bb77c1?s=96&d=mm&r=g","url":"https:\/\/secure.gravatar.com\/avatar\/4fa669318bbfdc73317a1dbd71c8808075776701c3cd34790e053fdbd3bb77c1?s=96&d=mm&r=g","contentUrl":"https:\/\/secure.gravatar.com\/avatar\/4fa669318bbfdc73317a1dbd71c8808075776701c3cd34790e053fdbd3bb77c1?s=96&d=mm&r=g","caption":"Fabiana Santello"},"url":"https:\/\/salesianossp.org.br\/osbomretiro\/author\/fabiana-santello\/"}]}},"_links":{"self":[{"href":"https:\/\/salesianossp.org.br\/osbomretiro\/wp-json\/wp\/v2\/posts\/117537","targetHints":{"allow":["GET"]}}],"collection":[{"href":"https:\/\/salesianossp.org.br\/osbomretiro\/wp-json\/wp\/v2\/posts"}],"about":[{"href":"https:\/\/salesianossp.org.br\/osbomretiro\/wp-json\/wp\/v2\/types\/post"}],"author":[{"embeddable":true,"href":"https:\/\/salesianossp.org.br\/osbomretiro\/wp-json\/wp\/v2\/users\/29"}],"replies":[{"embeddable":true,"href":"https:\/\/salesianossp.org.br\/osbomretiro\/wp-json\/wp\/v2\/comments?post=117537"}],"version-history":[{"count":3,"href":"https:\/\/salesianossp.org.br\/osbomretiro\/wp-json\/wp\/v2\/posts\/117537\/revisions"}],"predecessor-version":[{"id":117542,"href":"https:\/\/salesianossp.org.br\/osbomretiro\/wp-json\/wp\/v2\/posts\/117537\/revisions\/117542"}],"wp:featuredmedia":[{"embeddable":true,"href":"https:\/\/salesianossp.org.br\/osbomretiro\/wp-json\/wp\/v2\/media\/117541"}],"wp:attachment":[{"href":"https:\/\/salesianossp.org.br\/osbomretiro\/wp-json\/wp\/v2\/media?parent=117537"}],"wp:term":[{"taxonomy":"category","embeddable":true,"href":"https:\/\/salesianossp.org.br\/osbomretiro\/wp-json\/wp\/v2\/categories?post=117537"},{"taxonomy":"post_tag","embeddable":true,"href":"https:\/\/salesianossp.org.br\/osbomretiro\/wp-json\/wp\/v2\/tags?post=117537"}],"curies":[{"name":"wp","href":"https:\/\/api.w.org\/{rel}","templated":true}]}}