{"id":117562,"date":"2025-11-25T20:11:48","date_gmt":"2025-11-25T20:11:48","guid":{"rendered":"https:\/\/salesianossp.org.br\/osbomretiro\/?p=117562"},"modified":"2025-11-26T15:28:25","modified_gmt":"2025-11-26T15:28:25","slug":"cedesp-bom-retiro-realiza-visitas-culturais-ao-farol-santander-e-fortalece-repertorio-artistico-dos-educandos","status":"publish","type":"post","link":"https:\/\/salesianossp.org.br\/osbomretiro\/cedesp-bom-retiro-realiza-visitas-culturais-ao-farol-santander-e-fortalece-repertorio-artistico-dos-educandos\/","title":{"rendered":"CEDESP Bom Retiro realiza visitas culturais ao Farol Santander e fortalece repert\u00f3rio art\u00edstico dos educandos"},"content":{"rendered":"\n<p>Nos dias <strong>7, 14 e 18 de novembro<\/strong>, o <strong>Instituto Dom Bosco Bom Retiro<\/strong> promoveu uma s\u00e9rie de visitas culturais ao <strong>Farol Santander S\u00e3o Paulo<\/strong>, reunindo turmas do CEDESP, cursos de <strong>Mec\u00e2nica, Log\u00edstica, Administra\u00e7\u00e3o, Recursos Humanos e Design Gr\u00e1fico<\/strong>. As atividades foram conduzidas pelos profissionais <strong>Jos\u00e9 Mathias, Denis Silva, Katiane Paes, Daniel Silva, L\u00edvia Antonio e Viviane Moraes<\/strong>, e envolveram educandos dos per\u00edodos da manh\u00e3 e da tarde.<\/p>\n\n\n\n<p>As visitas tiveram como objetivo <strong>ampliar o repert\u00f3rio cultural<\/strong>, estimulando a aprecia\u00e7\u00e3o de diferentes linguagens art\u00edsticas e fortalecendo a percep\u00e7\u00e3o est\u00e9tica e criativa dos participantes. Os grupos exploraram diversos andares do edif\u00edcio, conhecendo tanto exposi\u00e7\u00f5es tempor\u00e1rias quanto o acervo permanente do espa\u00e7o.<\/p>\n\n\n\n<hr class=\"wp-block-separator has-alpha-channel-opacity\"\/>\n\n\n\n<h2 class=\"wp-block-heading\"><strong>Brasil: Arte Popular \u2013 Um mergulho na diversidade brasileira<\/strong><\/h2>\n\n\n\n<p>A primeira exposi\u00e7\u00e3o visitada foi <strong>\u201cBrasil: Arte Popular\u201d<\/strong>, que apresentou cerca de 400 pe\u00e7as de artistas de 21 estados do pa\u00eds. Entre barro, madeira, ferro, argila e penachos, os educandos conheceram obras que celebram a for\u00e7a criativa de mestres e mestras da cultura popular brasileira.<\/p>\n\n\n\n<p>O projeto cenogr\u00e1fico, marcado por sons, luzes, proje\u00e7\u00f5es e elementos interativos, proporcionou uma experi\u00eancia imersiva. Momentos como a percuss\u00e3o coletiva e as obras de artistas como Nino, Z\u00e9 do Chal\u00e9 e Mestre Cunha se destacaram pela beleza e profundidade cultural.<\/p>\n\n\n\n<p><strong>Depoimentos:<\/strong><br><em>\u201cA exposi\u00e7\u00e3o tinha muita hist\u00f3ria e dava para sentir como cada artista retrata seu lugar. Foi inspirador.\u201d<\/em> \u2014 <strong>Julia Souza<\/strong><br><em>\u201cNunca tinha ido ao Farol e achei tudo incr\u00edvel, principalmente o t\u00fanel de espelhos.\u201d<\/em> \u2014 <strong>Aisha<\/strong><\/p>\n\n\n\n<hr class=\"wp-block-separator has-alpha-channel-opacity\"\/>\n\n\n\n<h2 class=\"wp-block-heading\"><strong>Emanoel Ara\u00fajo \u2013 Embates Construtivos: arte, identidade e ancestralidade<\/strong><\/h2>\n\n\n\n<p>Os educandos tamb\u00e9m conheceram a exposi\u00e7\u00e3o <strong>\u201cEmanoel Ara\u00fajo \u2013 Embates Construtivos\u201d<\/strong>, acompanhados por guia especializado. A mostra homenageia um dos mais importantes artistas e curadores brasileiros, apresentando esculturas, pinturas e gravuras que destacam ancestralidade, geometria e cores vibrantes.<\/p>\n\n\n\n<p>A exposi\u00e7\u00e3o despertou reflex\u00f5es sobre identidade, resist\u00eancia e narrativas presentes na trajet\u00f3ria do artista.<\/p>\n\n\n\n<p><strong>Depoimentos:<\/strong><br><em>\u201cVivenciamos momentos de intera\u00e7\u00e3o entre as turmas, ampliando nossa maneira de ver o mundo.\u201d<\/em> \u2014 <strong>Jos\u00e9 Mathias, educador<\/strong><br><em>\u201cFoi muito bom saber mais da hist\u00f3ria de SP e do pr\u00e9dio que marcou uma \u00e9poca.\u201d<\/em> \u2014 <strong>Daniel, educador<\/strong><br><em>\u201cVi muitas obras e aprendi muita coisa diferente.\u201d<\/em> \u2014 <strong>Beatriz, Log\u00edstica \u2013 manh\u00e3<\/strong><br><em>\u201cAchei interessante conhecer a parte hist\u00f3rica do banco.\u201d<\/em> \u2014 <strong>Rafael, ADM \u2013 manh\u00e3<\/strong><br><em>\u201cA visita possibilitou conhecer v\u00e1rias partes do pr\u00e9dio e exposi\u00e7\u00f5es importantes para nosso aprendizado.\u201d<\/em> \u2014 <strong>Joaquim, Log\u00edstica \u2013 tarde<\/strong><br><em>\u201cConheci novas formas de expressar arte e adorei a parte hist\u00f3rica do edif\u00edcio.\u201d<\/em> \u2014 <strong>Milena, RH \u2013 tarde<\/strong><\/p>\n\n\n\n<hr class=\"wp-block-separator has-alpha-channel-opacity\"\/>\n\n\n\n<h2 class=\"wp-block-heading\"><strong>Acervo permanente e hist\u00f3ria da cidade<\/strong><\/h2>\n\n\n\n<p>Al\u00e9m das exposi\u00e7\u00f5es, as turmas percorreram o acervo fixo do Farol Santander, passando por:<\/p>\n\n\n\n<ul class=\"wp-block-list\">\n<li><strong>6\u00ba andar:<\/strong> rotina dos bancos na d\u00e9cada de 1950, com documentos, mobili\u00e1rio, cartografia e numism\u00e1tica;<\/li>\n\n\n\n<li><strong>5\u00ba andar:<\/strong> antiga presid\u00eancia do banco, preservada com m\u00f3veis originais;<\/li>\n\n\n\n<li><strong>3\u00ba andar:<\/strong> objetos e mobili\u00e1rios que contam o funcionamento institucional da \u00e9poca;<\/li>\n\n\n\n<li><strong>2\u00ba andar:<\/strong> t\u00fanel de espelhos, com sons e anima\u00e7\u00f5es sobre a constru\u00e7\u00e3o do edif\u00edcio e o crescimento de S\u00e3o Paulo.<\/li>\n<\/ul>\n\n\n\n<p>A obra <strong>\u201cVista 4\u201d<\/strong>, de Vik Muniz, tamb\u00e9m chamou aten\u00e7\u00e3o pela combina\u00e7\u00e3o entre fotografia, ilus\u00e3o e releitura do cotidiano.<\/p>\n\n\n\n<hr class=\"wp-block-separator has-alpha-channel-opacity\"\/>\n\n\n\n<h2 class=\"wp-block-heading\"><strong>Aprendizado que inspira e transforma<\/strong><\/h2>\n\n\n\n<p>Segundo <strong>Viviane Moraes<\/strong>, da \u00e1rea de Marketing,<br><em>\u201cA visita foi muito significativa, pois permitiu contato direto com linguagens art\u00edsticas que ampliam o repert\u00f3rio visual dos educandos e fortalecem sua identidade criativa.\u201d<\/em><\/p>\n\n\n\n<p>As experi\u00eancias realizadas ao longo dos tr\u00eas dias refor\u00e7am a import\u00e2ncia do acesso a espa\u00e7os culturais como ambientes de inspira\u00e7\u00e3o, desenvolvimento criativo e constru\u00e7\u00e3o de novos olhares sobre o mundo.<\/p>\n\n\n\n<p><strong><em><a href=\"https:\/\/www.facebook.com\/media\/set\/?vanity=InstitutoDomBoscoBomRetiro&amp;set=a.1402834791846331\" data-type=\"link\" data-id=\"https:\/\/www.facebook.com\/media\/set\/?vanity=InstitutoDomBoscoBomRetiro&amp;set=a.1402834791846331\">Clique aqui para ver todas as fotos<\/a><\/em><\/strong><\/p>\n","protected":false},"excerpt":{"rendered":"<p>Nos dias 7, 14 e 18 de novembro, o Instituto Dom Bosco Bom Retiro promoveu uma s\u00e9rie de visitas culturais ao Farol Santander S\u00e3o Paulo, reunindo turmas do CEDESP, cursos de Mec\u00e2nica, Log\u00edstica, Administra\u00e7\u00e3o, Recursos Humanos e Design Gr\u00e1fico. As atividades foram conduzidas pelos profissionais Jos\u00e9 Mathias, Denis Silva, Katiane Paes, Daniel Silva, L\u00edvia Antonio [&hellip;]<\/p>\n","protected":false},"author":29,"featured_media":117565,"comment_status":"open","ping_status":"open","sticky":false,"template":"","format":"standard","meta":{"footnotes":""},"categories":[1],"tags":[],"class_list":["post-117562","post","type-post","status-publish","format-standard","has-post-thumbnail","hentry","category-uncategorized"],"yoast_head":"<!-- This site is optimized with the Yoast SEO plugin v27.3 - https:\/\/yoast.com\/product\/yoast-seo-wordpress\/ -->\n<title>CEDESP Bom Retiro realiza visitas culturais ao Farol Santander e fortalece repert\u00f3rio art\u00edstico dos educandos - Instituto Dom Bosco<\/title>\n<meta name=\"robots\" content=\"index, follow, max-snippet:-1, max-image-preview:large, max-video-preview:-1\" \/>\n<link rel=\"canonical\" href=\"https:\/\/salesianossp.org.br\/osbomretiro\/cedesp-bom-retiro-realiza-visitas-culturais-ao-farol-santander-e-fortalece-repertorio-artistico-dos-educandos\/\" \/>\n<meta property=\"og:locale\" content=\"pt_BR\" \/>\n<meta property=\"og:type\" content=\"article\" \/>\n<meta property=\"og:title\" content=\"CEDESP Bom Retiro realiza visitas culturais ao Farol Santander e fortalece repert\u00f3rio art\u00edstico dos educandos - Instituto Dom Bosco\" \/>\n<meta property=\"og:description\" content=\"Nos dias 7, 14 e 18 de novembro, o Instituto Dom Bosco Bom Retiro promoveu uma s\u00e9rie de visitas culturais ao Farol Santander S\u00e3o Paulo, reunindo turmas do CEDESP, cursos de Mec\u00e2nica, Log\u00edstica, Administra\u00e7\u00e3o, Recursos Humanos e Design Gr\u00e1fico. As atividades foram conduzidas pelos profissionais Jos\u00e9 Mathias, Denis Silva, Katiane Paes, Daniel Silva, L\u00edvia Antonio [&hellip;]\" \/>\n<meta property=\"og:url\" content=\"https:\/\/salesianossp.org.br\/osbomretiro\/cedesp-bom-retiro-realiza-visitas-culturais-ao-farol-santander-e-fortalece-repertorio-artistico-dos-educandos\/\" \/>\n<meta property=\"og:site_name\" content=\"Instituto Dom Bosco\" \/>\n<meta property=\"article:publisher\" content=\"https:\/\/www.facebook.com\/InstitutoDomBoscoBomRetiro\/\" \/>\n<meta property=\"article:published_time\" content=\"2025-11-25T20:11:48+00:00\" \/>\n<meta property=\"article:modified_time\" content=\"2025-11-26T15:28:25+00:00\" \/>\n<meta property=\"og:image\" content=\"https:\/\/salesianossp.org.br\/osbomretiro\/wp-content\/uploads\/2025\/11\/Redes-Sociais-IDB-1-3.png\" \/>\n\t<meta property=\"og:image:width\" content=\"1080\" \/>\n\t<meta property=\"og:image:height\" content=\"1350\" \/>\n\t<meta property=\"og:image:type\" content=\"image\/png\" \/>\n<meta name=\"author\" content=\"Fabiana Santello\" \/>\n<meta name=\"twitter:card\" content=\"summary_large_image\" \/>\n<meta name=\"twitter:label1\" content=\"Escrito por\" \/>\n\t<meta name=\"twitter:data1\" content=\"Fabiana Santello\" \/>\n\t<meta name=\"twitter:label2\" content=\"Est. tempo de leitura\" \/>\n\t<meta name=\"twitter:data2\" content=\"3 minutos\" \/>\n<script type=\"application\/ld+json\" class=\"yoast-schema-graph\">{\"@context\":\"https:\\\/\\\/schema.org\",\"@graph\":[{\"@type\":\"Article\",\"@id\":\"https:\\\/\\\/salesianossp.org.br\\\/osbomretiro\\\/cedesp-bom-retiro-realiza-visitas-culturais-ao-farol-santander-e-fortalece-repertorio-artistico-dos-educandos\\\/#article\",\"isPartOf\":{\"@id\":\"https:\\\/\\\/salesianossp.org.br\\\/osbomretiro\\\/cedesp-bom-retiro-realiza-visitas-culturais-ao-farol-santander-e-fortalece-repertorio-artistico-dos-educandos\\\/\"},\"author\":{\"name\":\"Fabiana Santello\",\"@id\":\"https:\\\/\\\/salesianossp.org.br\\\/osbomretiro\\\/#\\\/schema\\\/person\\\/e2eca61d4aedd9f74773a05ecabce429\"},\"headline\":\"CEDESP Bom Retiro realiza visitas culturais ao Farol Santander e fortalece repert\u00f3rio art\u00edstico dos educandos\",\"datePublished\":\"2025-11-25T20:11:48+00:00\",\"dateModified\":\"2025-11-26T15:28:25+00:00\",\"mainEntityOfPage\":{\"@id\":\"https:\\\/\\\/salesianossp.org.br\\\/osbomretiro\\\/cedesp-bom-retiro-realiza-visitas-culturais-ao-farol-santander-e-fortalece-repertorio-artistico-dos-educandos\\\/\"},\"wordCount\":638,\"commentCount\":0,\"publisher\":{\"@id\":\"https:\\\/\\\/salesianossp.org.br\\\/osbomretiro\\\/#organization\"},\"image\":{\"@id\":\"https:\\\/\\\/salesianossp.org.br\\\/osbomretiro\\\/cedesp-bom-retiro-realiza-visitas-culturais-ao-farol-santander-e-fortalece-repertorio-artistico-dos-educandos\\\/#primaryimage\"},\"thumbnailUrl\":\"https:\\\/\\\/salesianossp.org.br\\\/osbomretiro\\\/wp-content\\\/uploads\\\/2025\\\/11\\\/Redes-Sociais-IDB-1-3.png\",\"articleSection\":[\"Uncategorized\"],\"inLanguage\":\"pt-BR\",\"potentialAction\":[{\"@type\":\"CommentAction\",\"name\":\"Comment\",\"target\":[\"https:\\\/\\\/salesianossp.org.br\\\/osbomretiro\\\/cedesp-bom-retiro-realiza-visitas-culturais-ao-farol-santander-e-fortalece-repertorio-artistico-dos-educandos\\\/#respond\"]}]},{\"@type\":\"WebPage\",\"@id\":\"https:\\\/\\\/salesianossp.org.br\\\/osbomretiro\\\/cedesp-bom-retiro-realiza-visitas-culturais-ao-farol-santander-e-fortalece-repertorio-artistico-dos-educandos\\\/\",\"url\":\"https:\\\/\\\/salesianossp.org.br\\\/osbomretiro\\\/cedesp-bom-retiro-realiza-visitas-culturais-ao-farol-santander-e-fortalece-repertorio-artistico-dos-educandos\\\/\",\"name\":\"CEDESP Bom Retiro realiza visitas culturais ao Farol Santander e fortalece repert\u00f3rio art\u00edstico dos educandos - Instituto Dom Bosco\",\"isPartOf\":{\"@id\":\"https:\\\/\\\/salesianossp.org.br\\\/osbomretiro\\\/#website\"},\"primaryImageOfPage\":{\"@id\":\"https:\\\/\\\/salesianossp.org.br\\\/osbomretiro\\\/cedesp-bom-retiro-realiza-visitas-culturais-ao-farol-santander-e-fortalece-repertorio-artistico-dos-educandos\\\/#primaryimage\"},\"image\":{\"@id\":\"https:\\\/\\\/salesianossp.org.br\\\/osbomretiro\\\/cedesp-bom-retiro-realiza-visitas-culturais-ao-farol-santander-e-fortalece-repertorio-artistico-dos-educandos\\\/#primaryimage\"},\"thumbnailUrl\":\"https:\\\/\\\/salesianossp.org.br\\\/osbomretiro\\\/wp-content\\\/uploads\\\/2025\\\/11\\\/Redes-Sociais-IDB-1-3.png\",\"datePublished\":\"2025-11-25T20:11:48+00:00\",\"dateModified\":\"2025-11-26T15:28:25+00:00\",\"breadcrumb\":{\"@id\":\"https:\\\/\\\/salesianossp.org.br\\\/osbomretiro\\\/cedesp-bom-retiro-realiza-visitas-culturais-ao-farol-santander-e-fortalece-repertorio-artistico-dos-educandos\\\/#breadcrumb\"},\"inLanguage\":\"pt-BR\",\"potentialAction\":[{\"@type\":\"ReadAction\",\"target\":[\"https:\\\/\\\/salesianossp.org.br\\\/osbomretiro\\\/cedesp-bom-retiro-realiza-visitas-culturais-ao-farol-santander-e-fortalece-repertorio-artistico-dos-educandos\\\/\"]}]},{\"@type\":\"ImageObject\",\"inLanguage\":\"pt-BR\",\"@id\":\"https:\\\/\\\/salesianossp.org.br\\\/osbomretiro\\\/cedesp-bom-retiro-realiza-visitas-culturais-ao-farol-santander-e-fortalece-repertorio-artistico-dos-educandos\\\/#primaryimage\",\"url\":\"https:\\\/\\\/salesianossp.org.br\\\/osbomretiro\\\/wp-content\\\/uploads\\\/2025\\\/11\\\/Redes-Sociais-IDB-1-3.png\",\"contentUrl\":\"https:\\\/\\\/salesianossp.org.br\\\/osbomretiro\\\/wp-content\\\/uploads\\\/2025\\\/11\\\/Redes-Sociais-IDB-1-3.png\",\"width\":1080,\"height\":1350},{\"@type\":\"BreadcrumbList\",\"@id\":\"https:\\\/\\\/salesianossp.org.br\\\/osbomretiro\\\/cedesp-bom-retiro-realiza-visitas-culturais-ao-farol-santander-e-fortalece-repertorio-artistico-dos-educandos\\\/#breadcrumb\",\"itemListElement\":[{\"@type\":\"ListItem\",\"position\":1,\"name\":\"In\u00edcio\",\"item\":\"https:\\\/\\\/salesianossp.org.br\\\/osbomretiro\\\/\"},{\"@type\":\"ListItem\",\"position\":2,\"name\":\"CEDESP Bom Retiro realiza visitas culturais ao Farol Santander e fortalece repert\u00f3rio art\u00edstico dos educandos\"}]},{\"@type\":\"WebSite\",\"@id\":\"https:\\\/\\\/salesianossp.org.br\\\/osbomretiro\\\/#website\",\"url\":\"https:\\\/\\\/salesianossp.org.br\\\/osbomretiro\\\/\",\"name\":\"Instituto Dom Bosco\",\"description\":\"\",\"publisher\":{\"@id\":\"https:\\\/\\\/salesianossp.org.br\\\/osbomretiro\\\/#organization\"},\"potentialAction\":[{\"@type\":\"SearchAction\",\"target\":{\"@type\":\"EntryPoint\",\"urlTemplate\":\"https:\\\/\\\/salesianossp.org.br\\\/osbomretiro\\\/?s={search_term_string}\"},\"query-input\":{\"@type\":\"PropertyValueSpecification\",\"valueRequired\":true,\"valueName\":\"search_term_string\"}}],\"inLanguage\":\"pt-BR\"},{\"@type\":\"Organization\",\"@id\":\"https:\\\/\\\/salesianossp.org.br\\\/osbomretiro\\\/#organization\",\"name\":\"Instituto Dom Bosco\",\"url\":\"https:\\\/\\\/salesianossp.org.br\\\/osbomretiro\\\/\",\"logo\":{\"@type\":\"ImageObject\",\"inLanguage\":\"pt-BR\",\"@id\":\"https:\\\/\\\/salesianossp.org.br\\\/osbomretiro\\\/#\\\/schema\\\/logo\\\/image\\\/\",\"url\":\"https:\\\/\\\/salesianossp.org.br\\\/osbomretiro\\\/wp-content\\\/uploads\\\/2025\\\/10\\\/logotipo-instituto-dom-bosco-color-56.svg\",\"contentUrl\":\"https:\\\/\\\/salesianossp.org.br\\\/osbomretiro\\\/wp-content\\\/uploads\\\/2025\\\/10\\\/logotipo-instituto-dom-bosco-color-56.svg\",\"width\":164,\"height\":56,\"caption\":\"Instituto Dom Bosco\"},\"image\":{\"@id\":\"https:\\\/\\\/salesianossp.org.br\\\/osbomretiro\\\/#\\\/schema\\\/logo\\\/image\\\/\"},\"sameAs\":[\"https:\\\/\\\/www.facebook.com\\\/InstitutoDomBoscoBomRetiro\\\/\",\"https:\\\/\\\/www.youtube.com\\\/user\\\/Institutodb\",\"https:\\\/\\\/www.instagram.com\\\/institutodb\\\/\"]},{\"@type\":\"Person\",\"@id\":\"https:\\\/\\\/salesianossp.org.br\\\/osbomretiro\\\/#\\\/schema\\\/person\\\/e2eca61d4aedd9f74773a05ecabce429\",\"name\":\"Fabiana Santello\",\"image\":{\"@type\":\"ImageObject\",\"inLanguage\":\"pt-BR\",\"@id\":\"https:\\\/\\\/secure.gravatar.com\\\/avatar\\\/4fa669318bbfdc73317a1dbd71c8808075776701c3cd34790e053fdbd3bb77c1?s=96&d=mm&r=g\",\"url\":\"https:\\\/\\\/secure.gravatar.com\\\/avatar\\\/4fa669318bbfdc73317a1dbd71c8808075776701c3cd34790e053fdbd3bb77c1?s=96&d=mm&r=g\",\"contentUrl\":\"https:\\\/\\\/secure.gravatar.com\\\/avatar\\\/4fa669318bbfdc73317a1dbd71c8808075776701c3cd34790e053fdbd3bb77c1?s=96&d=mm&r=g\",\"caption\":\"Fabiana Santello\"},\"url\":\"https:\\\/\\\/salesianossp.org.br\\\/osbomretiro\\\/author\\\/fabiana-santello\\\/\"}]}<\/script>\n<!-- \/ Yoast SEO plugin. -->","yoast_head_json":{"title":"CEDESP Bom Retiro realiza visitas culturais ao Farol Santander e fortalece repert\u00f3rio art\u00edstico dos educandos - Instituto Dom Bosco","robots":{"index":"index","follow":"follow","max-snippet":"max-snippet:-1","max-image-preview":"max-image-preview:large","max-video-preview":"max-video-preview:-1"},"canonical":"https:\/\/salesianossp.org.br\/osbomretiro\/cedesp-bom-retiro-realiza-visitas-culturais-ao-farol-santander-e-fortalece-repertorio-artistico-dos-educandos\/","og_locale":"pt_BR","og_type":"article","og_title":"CEDESP Bom Retiro realiza visitas culturais ao Farol Santander e fortalece repert\u00f3rio art\u00edstico dos educandos - Instituto Dom Bosco","og_description":"Nos dias 7, 14 e 18 de novembro, o Instituto Dom Bosco Bom Retiro promoveu uma s\u00e9rie de visitas culturais ao Farol Santander S\u00e3o Paulo, reunindo turmas do CEDESP, cursos de Mec\u00e2nica, Log\u00edstica, Administra\u00e7\u00e3o, Recursos Humanos e Design Gr\u00e1fico. As atividades foram conduzidas pelos profissionais Jos\u00e9 Mathias, Denis Silva, Katiane Paes, Daniel Silva, L\u00edvia Antonio [&hellip;]","og_url":"https:\/\/salesianossp.org.br\/osbomretiro\/cedesp-bom-retiro-realiza-visitas-culturais-ao-farol-santander-e-fortalece-repertorio-artistico-dos-educandos\/","og_site_name":"Instituto Dom Bosco","article_publisher":"https:\/\/www.facebook.com\/InstitutoDomBoscoBomRetiro\/","article_published_time":"2025-11-25T20:11:48+00:00","article_modified_time":"2025-11-26T15:28:25+00:00","og_image":[{"width":1080,"height":1350,"url":"https:\/\/salesianossp.org.br\/osbomretiro\/wp-content\/uploads\/2025\/11\/Redes-Sociais-IDB-1-3.png","type":"image\/png"}],"author":"Fabiana Santello","twitter_card":"summary_large_image","twitter_misc":{"Escrito por":"Fabiana Santello","Est. tempo de leitura":"3 minutos"},"schema":{"@context":"https:\/\/schema.org","@graph":[{"@type":"Article","@id":"https:\/\/salesianossp.org.br\/osbomretiro\/cedesp-bom-retiro-realiza-visitas-culturais-ao-farol-santander-e-fortalece-repertorio-artistico-dos-educandos\/#article","isPartOf":{"@id":"https:\/\/salesianossp.org.br\/osbomretiro\/cedesp-bom-retiro-realiza-visitas-culturais-ao-farol-santander-e-fortalece-repertorio-artistico-dos-educandos\/"},"author":{"name":"Fabiana Santello","@id":"https:\/\/salesianossp.org.br\/osbomretiro\/#\/schema\/person\/e2eca61d4aedd9f74773a05ecabce429"},"headline":"CEDESP Bom Retiro realiza visitas culturais ao Farol Santander e fortalece repert\u00f3rio art\u00edstico dos educandos","datePublished":"2025-11-25T20:11:48+00:00","dateModified":"2025-11-26T15:28:25+00:00","mainEntityOfPage":{"@id":"https:\/\/salesianossp.org.br\/osbomretiro\/cedesp-bom-retiro-realiza-visitas-culturais-ao-farol-santander-e-fortalece-repertorio-artistico-dos-educandos\/"},"wordCount":638,"commentCount":0,"publisher":{"@id":"https:\/\/salesianossp.org.br\/osbomretiro\/#organization"},"image":{"@id":"https:\/\/salesianossp.org.br\/osbomretiro\/cedesp-bom-retiro-realiza-visitas-culturais-ao-farol-santander-e-fortalece-repertorio-artistico-dos-educandos\/#primaryimage"},"thumbnailUrl":"https:\/\/salesianossp.org.br\/osbomretiro\/wp-content\/uploads\/2025\/11\/Redes-Sociais-IDB-1-3.png","articleSection":["Uncategorized"],"inLanguage":"pt-BR","potentialAction":[{"@type":"CommentAction","name":"Comment","target":["https:\/\/salesianossp.org.br\/osbomretiro\/cedesp-bom-retiro-realiza-visitas-culturais-ao-farol-santander-e-fortalece-repertorio-artistico-dos-educandos\/#respond"]}]},{"@type":"WebPage","@id":"https:\/\/salesianossp.org.br\/osbomretiro\/cedesp-bom-retiro-realiza-visitas-culturais-ao-farol-santander-e-fortalece-repertorio-artistico-dos-educandos\/","url":"https:\/\/salesianossp.org.br\/osbomretiro\/cedesp-bom-retiro-realiza-visitas-culturais-ao-farol-santander-e-fortalece-repertorio-artistico-dos-educandos\/","name":"CEDESP Bom Retiro realiza visitas culturais ao Farol Santander e fortalece repert\u00f3rio art\u00edstico dos educandos - Instituto Dom Bosco","isPartOf":{"@id":"https:\/\/salesianossp.org.br\/osbomretiro\/#website"},"primaryImageOfPage":{"@id":"https:\/\/salesianossp.org.br\/osbomretiro\/cedesp-bom-retiro-realiza-visitas-culturais-ao-farol-santander-e-fortalece-repertorio-artistico-dos-educandos\/#primaryimage"},"image":{"@id":"https:\/\/salesianossp.org.br\/osbomretiro\/cedesp-bom-retiro-realiza-visitas-culturais-ao-farol-santander-e-fortalece-repertorio-artistico-dos-educandos\/#primaryimage"},"thumbnailUrl":"https:\/\/salesianossp.org.br\/osbomretiro\/wp-content\/uploads\/2025\/11\/Redes-Sociais-IDB-1-3.png","datePublished":"2025-11-25T20:11:48+00:00","dateModified":"2025-11-26T15:28:25+00:00","breadcrumb":{"@id":"https:\/\/salesianossp.org.br\/osbomretiro\/cedesp-bom-retiro-realiza-visitas-culturais-ao-farol-santander-e-fortalece-repertorio-artistico-dos-educandos\/#breadcrumb"},"inLanguage":"pt-BR","potentialAction":[{"@type":"ReadAction","target":["https:\/\/salesianossp.org.br\/osbomretiro\/cedesp-bom-retiro-realiza-visitas-culturais-ao-farol-santander-e-fortalece-repertorio-artistico-dos-educandos\/"]}]},{"@type":"ImageObject","inLanguage":"pt-BR","@id":"https:\/\/salesianossp.org.br\/osbomretiro\/cedesp-bom-retiro-realiza-visitas-culturais-ao-farol-santander-e-fortalece-repertorio-artistico-dos-educandos\/#primaryimage","url":"https:\/\/salesianossp.org.br\/osbomretiro\/wp-content\/uploads\/2025\/11\/Redes-Sociais-IDB-1-3.png","contentUrl":"https:\/\/salesianossp.org.br\/osbomretiro\/wp-content\/uploads\/2025\/11\/Redes-Sociais-IDB-1-3.png","width":1080,"height":1350},{"@type":"BreadcrumbList","@id":"https:\/\/salesianossp.org.br\/osbomretiro\/cedesp-bom-retiro-realiza-visitas-culturais-ao-farol-santander-e-fortalece-repertorio-artistico-dos-educandos\/#breadcrumb","itemListElement":[{"@type":"ListItem","position":1,"name":"In\u00edcio","item":"https:\/\/salesianossp.org.br\/osbomretiro\/"},{"@type":"ListItem","position":2,"name":"CEDESP Bom Retiro realiza visitas culturais ao Farol Santander e fortalece repert\u00f3rio art\u00edstico dos educandos"}]},{"@type":"WebSite","@id":"https:\/\/salesianossp.org.br\/osbomretiro\/#website","url":"https:\/\/salesianossp.org.br\/osbomretiro\/","name":"Instituto Dom Bosco","description":"","publisher":{"@id":"https:\/\/salesianossp.org.br\/osbomretiro\/#organization"},"potentialAction":[{"@type":"SearchAction","target":{"@type":"EntryPoint","urlTemplate":"https:\/\/salesianossp.org.br\/osbomretiro\/?s={search_term_string}"},"query-input":{"@type":"PropertyValueSpecification","valueRequired":true,"valueName":"search_term_string"}}],"inLanguage":"pt-BR"},{"@type":"Organization","@id":"https:\/\/salesianossp.org.br\/osbomretiro\/#organization","name":"Instituto Dom Bosco","url":"https:\/\/salesianossp.org.br\/osbomretiro\/","logo":{"@type":"ImageObject","inLanguage":"pt-BR","@id":"https:\/\/salesianossp.org.br\/osbomretiro\/#\/schema\/logo\/image\/","url":"https:\/\/salesianossp.org.br\/osbomretiro\/wp-content\/uploads\/2025\/10\/logotipo-instituto-dom-bosco-color-56.svg","contentUrl":"https:\/\/salesianossp.org.br\/osbomretiro\/wp-content\/uploads\/2025\/10\/logotipo-instituto-dom-bosco-color-56.svg","width":164,"height":56,"caption":"Instituto Dom Bosco"},"image":{"@id":"https:\/\/salesianossp.org.br\/osbomretiro\/#\/schema\/logo\/image\/"},"sameAs":["https:\/\/www.facebook.com\/InstitutoDomBoscoBomRetiro\/","https:\/\/www.youtube.com\/user\/Institutodb","https:\/\/www.instagram.com\/institutodb\/"]},{"@type":"Person","@id":"https:\/\/salesianossp.org.br\/osbomretiro\/#\/schema\/person\/e2eca61d4aedd9f74773a05ecabce429","name":"Fabiana Santello","image":{"@type":"ImageObject","inLanguage":"pt-BR","@id":"https:\/\/secure.gravatar.com\/avatar\/4fa669318bbfdc73317a1dbd71c8808075776701c3cd34790e053fdbd3bb77c1?s=96&d=mm&r=g","url":"https:\/\/secure.gravatar.com\/avatar\/4fa669318bbfdc73317a1dbd71c8808075776701c3cd34790e053fdbd3bb77c1?s=96&d=mm&r=g","contentUrl":"https:\/\/secure.gravatar.com\/avatar\/4fa669318bbfdc73317a1dbd71c8808075776701c3cd34790e053fdbd3bb77c1?s=96&d=mm&r=g","caption":"Fabiana Santello"},"url":"https:\/\/salesianossp.org.br\/osbomretiro\/author\/fabiana-santello\/"}]}},"_links":{"self":[{"href":"https:\/\/salesianossp.org.br\/osbomretiro\/wp-json\/wp\/v2\/posts\/117562","targetHints":{"allow":["GET"]}}],"collection":[{"href":"https:\/\/salesianossp.org.br\/osbomretiro\/wp-json\/wp\/v2\/posts"}],"about":[{"href":"https:\/\/salesianossp.org.br\/osbomretiro\/wp-json\/wp\/v2\/types\/post"}],"author":[{"embeddable":true,"href":"https:\/\/salesianossp.org.br\/osbomretiro\/wp-json\/wp\/v2\/users\/29"}],"replies":[{"embeddable":true,"href":"https:\/\/salesianossp.org.br\/osbomretiro\/wp-json\/wp\/v2\/comments?post=117562"}],"version-history":[{"count":2,"href":"https:\/\/salesianossp.org.br\/osbomretiro\/wp-json\/wp\/v2\/posts\/117562\/revisions"}],"predecessor-version":[{"id":117566,"href":"https:\/\/salesianossp.org.br\/osbomretiro\/wp-json\/wp\/v2\/posts\/117562\/revisions\/117566"}],"wp:featuredmedia":[{"embeddable":true,"href":"https:\/\/salesianossp.org.br\/osbomretiro\/wp-json\/wp\/v2\/media\/117565"}],"wp:attachment":[{"href":"https:\/\/salesianossp.org.br\/osbomretiro\/wp-json\/wp\/v2\/media?parent=117562"}],"wp:term":[{"taxonomy":"category","embeddable":true,"href":"https:\/\/salesianossp.org.br\/osbomretiro\/wp-json\/wp\/v2\/categories?post=117562"},{"taxonomy":"post_tag","embeddable":true,"href":"https:\/\/salesianossp.org.br\/osbomretiro\/wp-json\/wp\/v2\/tags?post=117562"}],"curies":[{"name":"wp","href":"https:\/\/api.w.org\/{rel}","templated":true}]}}