{"id":117594,"date":"2025-12-09T16:19:51","date_gmt":"2025-12-09T16:19:51","guid":{"rendered":"https:\/\/salesianossp.org.br\/osbomretiro\/?p=117594"},"modified":"2025-12-09T19:06:56","modified_gmt":"2025-12-09T19:06:56","slug":"leitura-que-transforma-caminhos-biblioteca-premiacao-nas-unidades","status":"publish","type":"post","link":"https:\/\/salesianossp.org.br\/osbomretiro\/leitura-que-transforma-caminhos-biblioteca-premiacao-nas-unidades\/","title":{"rendered":"Leitura que Transforma Caminhos: Biblioteca Premia\u00e7\u00e3o nas Unidades"},"content":{"rendered":"\n<p><strong>Biblioteca realiza premia\u00e7\u00e3o dos Leitores Destaque do Semestre nas unidades CEDESP Bom Retiro e Vila Paulistana<\/strong><\/p>\n\n\n\n<p>Ao longo do \u00faltimo m\u00eas, as unidades CEDESP Bom Retiro e Vila Paulistana vivenciaram momentos especiais com a realiza\u00e7\u00e3o da premia\u00e7\u00e3o dos <strong>Leitores Destaque do Semestre<\/strong>. A iniciativa foi cuidadosamente planejada para reconhecer os participantes que, ao longo dos \u00faltimos meses, demonstraram dedica\u00e7\u00e3o e entusiasmo em suas leituras.<\/p>\n\n\n\n<p>As homenagens ocorreram durante os tradicionais momentos de <em>Bom Dia<\/em> e <em>Boa Tarde<\/em>, permitindo que toda a comunidade pudesse conhecer e aplaudir os jovens que mais se destacaram. Adrieli Lima, respons\u00e1vel pela Biblioteca, expressou sua satisfa\u00e7\u00e3o com o engajamento dos participantes e, na ocasi\u00e3o, entregou os convites para a atividade especial de premia\u00e7\u00e3o.<\/p>\n\n\n\n<p>Nesta semana, o grupo participou de um <strong>Passeio Liter\u00e1rio-Premia\u00e7\u00e3o<\/strong> no Shopping Center Norte. A programa\u00e7\u00e3o incluiu momentos de integra\u00e7\u00e3o e divers\u00e3o na Playland, proporcionando uma experi\u00eancia l\u00fadica e celebrativa. Para completar o dia, todos desfrutaram de um lanche no McDonald\u2019s, encerrando a atividade com um clima de alegria e reconhecimento.<\/p>\n\n\n\n<p>A iniciativa refor\u00e7a a import\u00e2ncia do est\u00edmulo \u00e0 leitura, valorizando o esfor\u00e7o, o compromisso e a dedica\u00e7\u00e3o dos participantes. Os momentos vividos se transformaram em mem\u00f3rias significativas, fortalecendo v\u00ednculos e celebrando o protagonismo de cada leitor premiado.<br><strong><em><br><a href=\"https:\/\/www.facebook.com\/media\/set?vanity=InstitutoDomBoscoBomRetiro&amp;set=a.1413658264097317\" data-type=\"link\" data-id=\"https:\/\/www.facebook.com\/media\/set?vanity=InstitutoDomBoscoBomRetiro&amp;set=a.1413658264097317\">Clique aqui para ver todas as fotos do momento<\/a><\/em><\/strong><\/p>\n","protected":false},"excerpt":{"rendered":"<p>Biblioteca realiza premia\u00e7\u00e3o dos Leitores Destaque do Semestre nas unidades CEDESP Bom Retiro e Vila Paulistana Ao longo do \u00faltimo m\u00eas, as unidades CEDESP Bom Retiro e Vila Paulistana vivenciaram momentos especiais com a realiza\u00e7\u00e3o da premia\u00e7\u00e3o dos Leitores Destaque do Semestre. A iniciativa foi cuidadosamente planejada para reconhecer os participantes que, ao longo dos [&hellip;]<\/p>\n","protected":false},"author":29,"featured_media":117596,"comment_status":"open","ping_status":"open","sticky":false,"template":"","format":"standard","meta":{"footnotes":""},"categories":[1],"tags":[],"class_list":["post-117594","post","type-post","status-publish","format-standard","has-post-thumbnail","hentry","category-uncategorized"],"yoast_head":"<!-- This site is optimized with the Yoast SEO plugin v27.3 - https:\/\/yoast.com\/product\/yoast-seo-wordpress\/ -->\n<title>Leitura que Transforma Caminhos: Biblioteca Premia\u00e7\u00e3o nas Unidades - Instituto Dom Bosco<\/title>\n<meta name=\"robots\" content=\"index, follow, max-snippet:-1, max-image-preview:large, max-video-preview:-1\" \/>\n<link rel=\"canonical\" href=\"https:\/\/salesianossp.org.br\/osbomretiro\/leitura-que-transforma-caminhos-biblioteca-premiacao-nas-unidades\/\" \/>\n<meta property=\"og:locale\" content=\"pt_BR\" \/>\n<meta property=\"og:type\" content=\"article\" \/>\n<meta property=\"og:title\" content=\"Leitura que Transforma Caminhos: Biblioteca Premia\u00e7\u00e3o nas Unidades - Instituto Dom Bosco\" \/>\n<meta property=\"og:description\" content=\"Biblioteca realiza premia\u00e7\u00e3o dos Leitores Destaque do Semestre nas unidades CEDESP Bom Retiro e Vila Paulistana Ao longo do \u00faltimo m\u00eas, as unidades CEDESP Bom Retiro e Vila Paulistana vivenciaram momentos especiais com a realiza\u00e7\u00e3o da premia\u00e7\u00e3o dos Leitores Destaque do Semestre. A iniciativa foi cuidadosamente planejada para reconhecer os participantes que, ao longo dos [&hellip;]\" \/>\n<meta property=\"og:url\" content=\"https:\/\/salesianossp.org.br\/osbomretiro\/leitura-que-transforma-caminhos-biblioteca-premiacao-nas-unidades\/\" \/>\n<meta property=\"og:site_name\" content=\"Instituto Dom Bosco\" \/>\n<meta property=\"article:publisher\" content=\"https:\/\/www.facebook.com\/InstitutoDomBoscoBomRetiro\/\" \/>\n<meta property=\"article:published_time\" content=\"2025-12-09T16:19:51+00:00\" \/>\n<meta property=\"article:modified_time\" content=\"2025-12-09T19:06:56+00:00\" \/>\n<meta property=\"og:image\" content=\"https:\/\/salesianossp.org.br\/osbomretiro\/wp-content\/uploads\/2025\/12\/Redes-Sociais-IDB-1-819x1024.png\" \/>\n\t<meta property=\"og:image:width\" content=\"819\" \/>\n\t<meta property=\"og:image:height\" content=\"1024\" \/>\n\t<meta property=\"og:image:type\" content=\"image\/png\" \/>\n<meta name=\"author\" content=\"Fabiana Santello\" \/>\n<meta name=\"twitter:card\" content=\"summary_large_image\" \/>\n<meta name=\"twitter:label1\" content=\"Escrito por\" \/>\n\t<meta name=\"twitter:data1\" content=\"Fabiana Santello\" \/>\n\t<meta name=\"twitter:label2\" content=\"Est. tempo de leitura\" \/>\n\t<meta name=\"twitter:data2\" content=\"1 minuto\" \/>\n<script type=\"application\/ld+json\" class=\"yoast-schema-graph\">{\"@context\":\"https:\\\/\\\/schema.org\",\"@graph\":[{\"@type\":\"Article\",\"@id\":\"https:\\\/\\\/salesianossp.org.br\\\/osbomretiro\\\/leitura-que-transforma-caminhos-biblioteca-premiacao-nas-unidades\\\/#article\",\"isPartOf\":{\"@id\":\"https:\\\/\\\/salesianossp.org.br\\\/osbomretiro\\\/leitura-que-transforma-caminhos-biblioteca-premiacao-nas-unidades\\\/\"},\"author\":{\"name\":\"Fabiana Santello\",\"@id\":\"https:\\\/\\\/salesianossp.org.br\\\/osbomretiro\\\/#\\\/schema\\\/person\\\/e2eca61d4aedd9f74773a05ecabce429\"},\"headline\":\"Leitura que Transforma Caminhos: Biblioteca Premia\u00e7\u00e3o nas Unidades\",\"datePublished\":\"2025-12-09T16:19:51+00:00\",\"dateModified\":\"2025-12-09T19:06:56+00:00\",\"mainEntityOfPage\":{\"@id\":\"https:\\\/\\\/salesianossp.org.br\\\/osbomretiro\\\/leitura-que-transforma-caminhos-biblioteca-premiacao-nas-unidades\\\/\"},\"wordCount\":245,\"commentCount\":0,\"publisher\":{\"@id\":\"https:\\\/\\\/salesianossp.org.br\\\/osbomretiro\\\/#organization\"},\"image\":{\"@id\":\"https:\\\/\\\/salesianossp.org.br\\\/osbomretiro\\\/leitura-que-transforma-caminhos-biblioteca-premiacao-nas-unidades\\\/#primaryimage\"},\"thumbnailUrl\":\"https:\\\/\\\/salesianossp.org.br\\\/osbomretiro\\\/wp-content\\\/uploads\\\/2025\\\/12\\\/Redes-Sociais-IDB-1.png\",\"articleSection\":[\"Uncategorized\"],\"inLanguage\":\"pt-BR\",\"potentialAction\":[{\"@type\":\"CommentAction\",\"name\":\"Comment\",\"target\":[\"https:\\\/\\\/salesianossp.org.br\\\/osbomretiro\\\/leitura-que-transforma-caminhos-biblioteca-premiacao-nas-unidades\\\/#respond\"]}]},{\"@type\":\"WebPage\",\"@id\":\"https:\\\/\\\/salesianossp.org.br\\\/osbomretiro\\\/leitura-que-transforma-caminhos-biblioteca-premiacao-nas-unidades\\\/\",\"url\":\"https:\\\/\\\/salesianossp.org.br\\\/osbomretiro\\\/leitura-que-transforma-caminhos-biblioteca-premiacao-nas-unidades\\\/\",\"name\":\"Leitura que Transforma Caminhos: Biblioteca Premia\u00e7\u00e3o nas Unidades - Instituto Dom Bosco\",\"isPartOf\":{\"@id\":\"https:\\\/\\\/salesianossp.org.br\\\/osbomretiro\\\/#website\"},\"primaryImageOfPage\":{\"@id\":\"https:\\\/\\\/salesianossp.org.br\\\/osbomretiro\\\/leitura-que-transforma-caminhos-biblioteca-premiacao-nas-unidades\\\/#primaryimage\"},\"image\":{\"@id\":\"https:\\\/\\\/salesianossp.org.br\\\/osbomretiro\\\/leitura-que-transforma-caminhos-biblioteca-premiacao-nas-unidades\\\/#primaryimage\"},\"thumbnailUrl\":\"https:\\\/\\\/salesianossp.org.br\\\/osbomretiro\\\/wp-content\\\/uploads\\\/2025\\\/12\\\/Redes-Sociais-IDB-1.png\",\"datePublished\":\"2025-12-09T16:19:51+00:00\",\"dateModified\":\"2025-12-09T19:06:56+00:00\",\"breadcrumb\":{\"@id\":\"https:\\\/\\\/salesianossp.org.br\\\/osbomretiro\\\/leitura-que-transforma-caminhos-biblioteca-premiacao-nas-unidades\\\/#breadcrumb\"},\"inLanguage\":\"pt-BR\",\"potentialAction\":[{\"@type\":\"ReadAction\",\"target\":[\"https:\\\/\\\/salesianossp.org.br\\\/osbomretiro\\\/leitura-que-transforma-caminhos-biblioteca-premiacao-nas-unidades\\\/\"]}]},{\"@type\":\"ImageObject\",\"inLanguage\":\"pt-BR\",\"@id\":\"https:\\\/\\\/salesianossp.org.br\\\/osbomretiro\\\/leitura-que-transforma-caminhos-biblioteca-premiacao-nas-unidades\\\/#primaryimage\",\"url\":\"https:\\\/\\\/salesianossp.org.br\\\/osbomretiro\\\/wp-content\\\/uploads\\\/2025\\\/12\\\/Redes-Sociais-IDB-1.png\",\"contentUrl\":\"https:\\\/\\\/salesianossp.org.br\\\/osbomretiro\\\/wp-content\\\/uploads\\\/2025\\\/12\\\/Redes-Sociais-IDB-1.png\",\"width\":1080,\"height\":1350},{\"@type\":\"BreadcrumbList\",\"@id\":\"https:\\\/\\\/salesianossp.org.br\\\/osbomretiro\\\/leitura-que-transforma-caminhos-biblioteca-premiacao-nas-unidades\\\/#breadcrumb\",\"itemListElement\":[{\"@type\":\"ListItem\",\"position\":1,\"name\":\"In\u00edcio\",\"item\":\"https:\\\/\\\/salesianossp.org.br\\\/osbomretiro\\\/\"},{\"@type\":\"ListItem\",\"position\":2,\"name\":\"Leitura que Transforma Caminhos: Biblioteca Premia\u00e7\u00e3o nas Unidades\"}]},{\"@type\":\"WebSite\",\"@id\":\"https:\\\/\\\/salesianossp.org.br\\\/osbomretiro\\\/#website\",\"url\":\"https:\\\/\\\/salesianossp.org.br\\\/osbomretiro\\\/\",\"name\":\"Instituto Dom Bosco\",\"description\":\"\",\"publisher\":{\"@id\":\"https:\\\/\\\/salesianossp.org.br\\\/osbomretiro\\\/#organization\"},\"potentialAction\":[{\"@type\":\"SearchAction\",\"target\":{\"@type\":\"EntryPoint\",\"urlTemplate\":\"https:\\\/\\\/salesianossp.org.br\\\/osbomretiro\\\/?s={search_term_string}\"},\"query-input\":{\"@type\":\"PropertyValueSpecification\",\"valueRequired\":true,\"valueName\":\"search_term_string\"}}],\"inLanguage\":\"pt-BR\"},{\"@type\":\"Organization\",\"@id\":\"https:\\\/\\\/salesianossp.org.br\\\/osbomretiro\\\/#organization\",\"name\":\"Instituto Dom Bosco\",\"url\":\"https:\\\/\\\/salesianossp.org.br\\\/osbomretiro\\\/\",\"logo\":{\"@type\":\"ImageObject\",\"inLanguage\":\"pt-BR\",\"@id\":\"https:\\\/\\\/salesianossp.org.br\\\/osbomretiro\\\/#\\\/schema\\\/logo\\\/image\\\/\",\"url\":\"https:\\\/\\\/salesianossp.org.br\\\/osbomretiro\\\/wp-content\\\/uploads\\\/2025\\\/10\\\/logotipo-instituto-dom-bosco-color-56.svg\",\"contentUrl\":\"https:\\\/\\\/salesianossp.org.br\\\/osbomretiro\\\/wp-content\\\/uploads\\\/2025\\\/10\\\/logotipo-instituto-dom-bosco-color-56.svg\",\"width\":164,\"height\":56,\"caption\":\"Instituto Dom Bosco\"},\"image\":{\"@id\":\"https:\\\/\\\/salesianossp.org.br\\\/osbomretiro\\\/#\\\/schema\\\/logo\\\/image\\\/\"},\"sameAs\":[\"https:\\\/\\\/www.facebook.com\\\/InstitutoDomBoscoBomRetiro\\\/\",\"https:\\\/\\\/www.youtube.com\\\/user\\\/Institutodb\",\"https:\\\/\\\/www.instagram.com\\\/institutodb\\\/\"]},{\"@type\":\"Person\",\"@id\":\"https:\\\/\\\/salesianossp.org.br\\\/osbomretiro\\\/#\\\/schema\\\/person\\\/e2eca61d4aedd9f74773a05ecabce429\",\"name\":\"Fabiana Santello\",\"image\":{\"@type\":\"ImageObject\",\"inLanguage\":\"pt-BR\",\"@id\":\"https:\\\/\\\/secure.gravatar.com\\\/avatar\\\/4fa669318bbfdc73317a1dbd71c8808075776701c3cd34790e053fdbd3bb77c1?s=96&d=mm&r=g\",\"url\":\"https:\\\/\\\/secure.gravatar.com\\\/avatar\\\/4fa669318bbfdc73317a1dbd71c8808075776701c3cd34790e053fdbd3bb77c1?s=96&d=mm&r=g\",\"contentUrl\":\"https:\\\/\\\/secure.gravatar.com\\\/avatar\\\/4fa669318bbfdc73317a1dbd71c8808075776701c3cd34790e053fdbd3bb77c1?s=96&d=mm&r=g\",\"caption\":\"Fabiana Santello\"},\"url\":\"https:\\\/\\\/salesianossp.org.br\\\/osbomretiro\\\/author\\\/fabiana-santello\\\/\"}]}<\/script>\n<!-- \/ Yoast SEO plugin. -->","yoast_head_json":{"title":"Leitura que Transforma Caminhos: Biblioteca Premia\u00e7\u00e3o nas Unidades - Instituto Dom Bosco","robots":{"index":"index","follow":"follow","max-snippet":"max-snippet:-1","max-image-preview":"max-image-preview:large","max-video-preview":"max-video-preview:-1"},"canonical":"https:\/\/salesianossp.org.br\/osbomretiro\/leitura-que-transforma-caminhos-biblioteca-premiacao-nas-unidades\/","og_locale":"pt_BR","og_type":"article","og_title":"Leitura que Transforma Caminhos: Biblioteca Premia\u00e7\u00e3o nas Unidades - Instituto Dom Bosco","og_description":"Biblioteca realiza premia\u00e7\u00e3o dos Leitores Destaque do Semestre nas unidades CEDESP Bom Retiro e Vila Paulistana Ao longo do \u00faltimo m\u00eas, as unidades CEDESP Bom Retiro e Vila Paulistana vivenciaram momentos especiais com a realiza\u00e7\u00e3o da premia\u00e7\u00e3o dos Leitores Destaque do Semestre. A iniciativa foi cuidadosamente planejada para reconhecer os participantes que, ao longo dos [&hellip;]","og_url":"https:\/\/salesianossp.org.br\/osbomretiro\/leitura-que-transforma-caminhos-biblioteca-premiacao-nas-unidades\/","og_site_name":"Instituto Dom Bosco","article_publisher":"https:\/\/www.facebook.com\/InstitutoDomBoscoBomRetiro\/","article_published_time":"2025-12-09T16:19:51+00:00","article_modified_time":"2025-12-09T19:06:56+00:00","og_image":[{"width":819,"height":1024,"url":"https:\/\/salesianossp.org.br\/osbomretiro\/wp-content\/uploads\/2025\/12\/Redes-Sociais-IDB-1-819x1024.png","type":"image\/png"}],"author":"Fabiana Santello","twitter_card":"summary_large_image","twitter_misc":{"Escrito por":"Fabiana Santello","Est. tempo de leitura":"1 minuto"},"schema":{"@context":"https:\/\/schema.org","@graph":[{"@type":"Article","@id":"https:\/\/salesianossp.org.br\/osbomretiro\/leitura-que-transforma-caminhos-biblioteca-premiacao-nas-unidades\/#article","isPartOf":{"@id":"https:\/\/salesianossp.org.br\/osbomretiro\/leitura-que-transforma-caminhos-biblioteca-premiacao-nas-unidades\/"},"author":{"name":"Fabiana Santello","@id":"https:\/\/salesianossp.org.br\/osbomretiro\/#\/schema\/person\/e2eca61d4aedd9f74773a05ecabce429"},"headline":"Leitura que Transforma Caminhos: Biblioteca Premia\u00e7\u00e3o nas Unidades","datePublished":"2025-12-09T16:19:51+00:00","dateModified":"2025-12-09T19:06:56+00:00","mainEntityOfPage":{"@id":"https:\/\/salesianossp.org.br\/osbomretiro\/leitura-que-transforma-caminhos-biblioteca-premiacao-nas-unidades\/"},"wordCount":245,"commentCount":0,"publisher":{"@id":"https:\/\/salesianossp.org.br\/osbomretiro\/#organization"},"image":{"@id":"https:\/\/salesianossp.org.br\/osbomretiro\/leitura-que-transforma-caminhos-biblioteca-premiacao-nas-unidades\/#primaryimage"},"thumbnailUrl":"https:\/\/salesianossp.org.br\/osbomretiro\/wp-content\/uploads\/2025\/12\/Redes-Sociais-IDB-1.png","articleSection":["Uncategorized"],"inLanguage":"pt-BR","potentialAction":[{"@type":"CommentAction","name":"Comment","target":["https:\/\/salesianossp.org.br\/osbomretiro\/leitura-que-transforma-caminhos-biblioteca-premiacao-nas-unidades\/#respond"]}]},{"@type":"WebPage","@id":"https:\/\/salesianossp.org.br\/osbomretiro\/leitura-que-transforma-caminhos-biblioteca-premiacao-nas-unidades\/","url":"https:\/\/salesianossp.org.br\/osbomretiro\/leitura-que-transforma-caminhos-biblioteca-premiacao-nas-unidades\/","name":"Leitura que Transforma Caminhos: Biblioteca Premia\u00e7\u00e3o nas Unidades - Instituto Dom Bosco","isPartOf":{"@id":"https:\/\/salesianossp.org.br\/osbomretiro\/#website"},"primaryImageOfPage":{"@id":"https:\/\/salesianossp.org.br\/osbomretiro\/leitura-que-transforma-caminhos-biblioteca-premiacao-nas-unidades\/#primaryimage"},"image":{"@id":"https:\/\/salesianossp.org.br\/osbomretiro\/leitura-que-transforma-caminhos-biblioteca-premiacao-nas-unidades\/#primaryimage"},"thumbnailUrl":"https:\/\/salesianossp.org.br\/osbomretiro\/wp-content\/uploads\/2025\/12\/Redes-Sociais-IDB-1.png","datePublished":"2025-12-09T16:19:51+00:00","dateModified":"2025-12-09T19:06:56+00:00","breadcrumb":{"@id":"https:\/\/salesianossp.org.br\/osbomretiro\/leitura-que-transforma-caminhos-biblioteca-premiacao-nas-unidades\/#breadcrumb"},"inLanguage":"pt-BR","potentialAction":[{"@type":"ReadAction","target":["https:\/\/salesianossp.org.br\/osbomretiro\/leitura-que-transforma-caminhos-biblioteca-premiacao-nas-unidades\/"]}]},{"@type":"ImageObject","inLanguage":"pt-BR","@id":"https:\/\/salesianossp.org.br\/osbomretiro\/leitura-que-transforma-caminhos-biblioteca-premiacao-nas-unidades\/#primaryimage","url":"https:\/\/salesianossp.org.br\/osbomretiro\/wp-content\/uploads\/2025\/12\/Redes-Sociais-IDB-1.png","contentUrl":"https:\/\/salesianossp.org.br\/osbomretiro\/wp-content\/uploads\/2025\/12\/Redes-Sociais-IDB-1.png","width":1080,"height":1350},{"@type":"BreadcrumbList","@id":"https:\/\/salesianossp.org.br\/osbomretiro\/leitura-que-transforma-caminhos-biblioteca-premiacao-nas-unidades\/#breadcrumb","itemListElement":[{"@type":"ListItem","position":1,"name":"In\u00edcio","item":"https:\/\/salesianossp.org.br\/osbomretiro\/"},{"@type":"ListItem","position":2,"name":"Leitura que Transforma Caminhos: Biblioteca Premia\u00e7\u00e3o nas Unidades"}]},{"@type":"WebSite","@id":"https:\/\/salesianossp.org.br\/osbomretiro\/#website","url":"https:\/\/salesianossp.org.br\/osbomretiro\/","name":"Instituto Dom Bosco","description":"","publisher":{"@id":"https:\/\/salesianossp.org.br\/osbomretiro\/#organization"},"potentialAction":[{"@type":"SearchAction","target":{"@type":"EntryPoint","urlTemplate":"https:\/\/salesianossp.org.br\/osbomretiro\/?s={search_term_string}"},"query-input":{"@type":"PropertyValueSpecification","valueRequired":true,"valueName":"search_term_string"}}],"inLanguage":"pt-BR"},{"@type":"Organization","@id":"https:\/\/salesianossp.org.br\/osbomretiro\/#organization","name":"Instituto Dom Bosco","url":"https:\/\/salesianossp.org.br\/osbomretiro\/","logo":{"@type":"ImageObject","inLanguage":"pt-BR","@id":"https:\/\/salesianossp.org.br\/osbomretiro\/#\/schema\/logo\/image\/","url":"https:\/\/salesianossp.org.br\/osbomretiro\/wp-content\/uploads\/2025\/10\/logotipo-instituto-dom-bosco-color-56.svg","contentUrl":"https:\/\/salesianossp.org.br\/osbomretiro\/wp-content\/uploads\/2025\/10\/logotipo-instituto-dom-bosco-color-56.svg","width":164,"height":56,"caption":"Instituto Dom Bosco"},"image":{"@id":"https:\/\/salesianossp.org.br\/osbomretiro\/#\/schema\/logo\/image\/"},"sameAs":["https:\/\/www.facebook.com\/InstitutoDomBoscoBomRetiro\/","https:\/\/www.youtube.com\/user\/Institutodb","https:\/\/www.instagram.com\/institutodb\/"]},{"@type":"Person","@id":"https:\/\/salesianossp.org.br\/osbomretiro\/#\/schema\/person\/e2eca61d4aedd9f74773a05ecabce429","name":"Fabiana Santello","image":{"@type":"ImageObject","inLanguage":"pt-BR","@id":"https:\/\/secure.gravatar.com\/avatar\/4fa669318bbfdc73317a1dbd71c8808075776701c3cd34790e053fdbd3bb77c1?s=96&d=mm&r=g","url":"https:\/\/secure.gravatar.com\/avatar\/4fa669318bbfdc73317a1dbd71c8808075776701c3cd34790e053fdbd3bb77c1?s=96&d=mm&r=g","contentUrl":"https:\/\/secure.gravatar.com\/avatar\/4fa669318bbfdc73317a1dbd71c8808075776701c3cd34790e053fdbd3bb77c1?s=96&d=mm&r=g","caption":"Fabiana Santello"},"url":"https:\/\/salesianossp.org.br\/osbomretiro\/author\/fabiana-santello\/"}]}},"_links":{"self":[{"href":"https:\/\/salesianossp.org.br\/osbomretiro\/wp-json\/wp\/v2\/posts\/117594","targetHints":{"allow":["GET"]}}],"collection":[{"href":"https:\/\/salesianossp.org.br\/osbomretiro\/wp-json\/wp\/v2\/posts"}],"about":[{"href":"https:\/\/salesianossp.org.br\/osbomretiro\/wp-json\/wp\/v2\/types\/post"}],"author":[{"embeddable":true,"href":"https:\/\/salesianossp.org.br\/osbomretiro\/wp-json\/wp\/v2\/users\/29"}],"replies":[{"embeddable":true,"href":"https:\/\/salesianossp.org.br\/osbomretiro\/wp-json\/wp\/v2\/comments?post=117594"}],"version-history":[{"count":2,"href":"https:\/\/salesianossp.org.br\/osbomretiro\/wp-json\/wp\/v2\/posts\/117594\/revisions"}],"predecessor-version":[{"id":117598,"href":"https:\/\/salesianossp.org.br\/osbomretiro\/wp-json\/wp\/v2\/posts\/117594\/revisions\/117598"}],"wp:featuredmedia":[{"embeddable":true,"href":"https:\/\/salesianossp.org.br\/osbomretiro\/wp-json\/wp\/v2\/media\/117596"}],"wp:attachment":[{"href":"https:\/\/salesianossp.org.br\/osbomretiro\/wp-json\/wp\/v2\/media?parent=117594"}],"wp:term":[{"taxonomy":"category","embeddable":true,"href":"https:\/\/salesianossp.org.br\/osbomretiro\/wp-json\/wp\/v2\/categories?post=117594"},{"taxonomy":"post_tag","embeddable":true,"href":"https:\/\/salesianossp.org.br\/osbomretiro\/wp-json\/wp\/v2\/tags?post=117594"}],"curies":[{"name":"wp","href":"https:\/\/api.w.org\/{rel}","templated":true}]}}