{"id":117655,"date":"2026-03-05T18:53:08","date_gmt":"2026-03-05T18:53:08","guid":{"rendered":"https:\/\/salesianossp.org.br\/osbomretiro\/?p=117655"},"modified":"2026-03-05T21:05:57","modified_gmt":"2026-03-05T21:05:57","slug":"do-campo-para-a-historia-visita-ao-museu-do-futebol-inspira-educandos-do-cedesp-vp","status":"publish","type":"post","link":"https:\/\/salesianossp.org.br\/osbomretiro\/do-campo-para-a-historia-visita-ao-museu-do-futebol-inspira-educandos-do-cedesp-vp\/","title":{"rendered":"Do campo para a hist\u00f3ria: visita ao Museu do Futebol inspira educandos do CEDESP VP"},"content":{"rendered":"\n<p>Em fevereiro de 2026, educandos das turmas de Inform\u00e1tica B\u00e1sica e Marketing, dos per\u00edodos da manh\u00e3 e da tarde, participaram de uma visita cultural ao Museu do Futebol, localizado no Est\u00e1dio do Pacaembu, em S\u00e3o Paulo. A atividade integrou educandos e educadores em uma experi\u00eancia de aprendizagem que uniu conhecimento, viv\u00eancia pr\u00e1tica e reflex\u00e3o social.<\/p>\n\n\n\n<p>O passeio aconteceu em dois dias: no dia 24 de fevereiro participaram as turmas da manh\u00e3, e no dia 25 as turmas da tarde. O deslocamento foi realizado por transporte p\u00fablico, o que tamb\u00e9m proporcionou momentos de integra\u00e7\u00e3o e descoberta ao longo do trajeto.<\/p>\n\n\n\n<p>A proposta da visita foi estimular a aprendizagem ativa, incentivando a curiosidade, o pensamento cr\u00edtico e a conex\u00e3o entre os conte\u00fados trabalhados nas atividades e o patrim\u00f4nio cultural e hist\u00f3rico brasileiro. Durante o percurso pelo museu, os educandos tiveram contato com exposi\u00e7\u00f5es interativas que apresentam a hist\u00f3ria do futebol no Brasil, destacando o esporte como um importante fen\u00f4meno social, cultural e de identidade nacional.<\/p>\n\n\n\n<p>Para os educadores, a experi\u00eancia foi marcada pelo envolvimento das turmas e pela oportunidade de ampliar o acesso \u00e0 cultura. A educadora <strong>Crisciana Aline<\/strong> destacou que<em> a atividade proporcionou aprendizado significativo e momentos de muita emo\u00e7\u00e3o durante todo o percurso.<\/em><\/p>\n\n\n\n<p>Segundo o educador <strong>Henrique Lima<\/strong>, a visita tamb\u00e9m incentivou reflex\u00f5es sobre o futebol como parte da identidade cultural brasileira. <em>\u201cCada educando fez uma leitura muito individual do que achou mais importante. Al\u00e9m disso, a atividade estimulou a autonomia e a organiza\u00e7\u00e3o, j\u00e1 que muitos deles n\u00e3o costumam frequentar espa\u00e7os culturais fora de sua rotina\u201d<\/em>, comentou.<\/p>\n\n\n\n<p>Para a educadora <strong>Angela Lopes<\/strong>, a experi\u00eancia foi especialmente marcante. Apaixonada por futebol, ela destacou a riqueza hist\u00f3rica do espa\u00e7o: <em>\u201c\u00c9 vibrante, cheio de hist\u00f3rias de vida e dos \u00edcones de um esporte que mobiliza o mundo. N\u00e3o \u00e9 apenas sobre futebol, mas sobre a valoriza\u00e7\u00e3o da nossa hist\u00f3ria e dos nossos \u00eddolos\u201d.<\/em><\/p>\n\n\n\n<p>A visita refor\u00e7a a import\u00e2ncia de iniciativas que ampliem o repert\u00f3rio cultural dos educandos, promovendo experi\u00eancias que conectam conhecimento, cultura e conviv\u00eancia, al\u00e9m de fortalecer a constru\u00e7\u00e3o coletiva de aprendizados significativos.<\/p>\n\n\n\n<p><strong><em><a href=\"https:\/\/www.facebook.com\/media\/set\/?vanity=InstitutoDomBoscoBomRetiro&amp;set=a.1488775479918928\" type=\"link\" id=\"https:\/\/www.facebook.com\/media\/set\/?vanity=InstitutoDomBoscoBomRetiro&amp;set=a.1488775479918928\">Clique aqui para ver todas as fotos do momento<\/a><\/em><\/strong><\/p>\n\n\n\n<p><\/p>\n","protected":false},"excerpt":{"rendered":"<p>Em fevereiro de 2026, educandos das turmas de Inform\u00e1tica B\u00e1sica e Marketing, dos per\u00edodos da manh\u00e3 e da tarde, participaram de uma visita cultural ao Museu do Futebol, localizado no Est\u00e1dio do Pacaembu, em S\u00e3o Paulo. A atividade integrou educandos e educadores em uma experi\u00eancia de aprendizagem que uniu conhecimento, viv\u00eancia pr\u00e1tica e reflex\u00e3o social. [&hellip;]<\/p>\n","protected":false},"author":29,"featured_media":117658,"comment_status":"open","ping_status":"open","sticky":false,"template":"","format":"standard","meta":{"footnotes":""},"categories":[1],"tags":[],"class_list":["post-117655","post","type-post","status-publish","format-standard","has-post-thumbnail","hentry","category-uncategorized"],"yoast_head":"<!-- This site is optimized with the Yoast SEO plugin v27.3 - https:\/\/yoast.com\/product\/yoast-seo-wordpress\/ -->\n<title>Do campo para a hist\u00f3ria: visita ao Museu do Futebol inspira educandos do CEDESP VP - Instituto Dom Bosco<\/title>\n<meta name=\"robots\" content=\"index, follow, max-snippet:-1, max-image-preview:large, max-video-preview:-1\" \/>\n<link rel=\"canonical\" href=\"https:\/\/salesianossp.org.br\/osbomretiro\/do-campo-para-a-historia-visita-ao-museu-do-futebol-inspira-educandos-do-cedesp-vp\/\" \/>\n<meta property=\"og:locale\" content=\"pt_BR\" \/>\n<meta property=\"og:type\" content=\"article\" \/>\n<meta property=\"og:title\" content=\"Do campo para a hist\u00f3ria: visita ao Museu do Futebol inspira educandos do CEDESP VP - Instituto Dom Bosco\" \/>\n<meta property=\"og:description\" content=\"Em fevereiro de 2026, educandos das turmas de Inform\u00e1tica B\u00e1sica e Marketing, dos per\u00edodos da manh\u00e3 e da tarde, participaram de uma visita cultural ao Museu do Futebol, localizado no Est\u00e1dio do Pacaembu, em S\u00e3o Paulo. A atividade integrou educandos e educadores em uma experi\u00eancia de aprendizagem que uniu conhecimento, viv\u00eancia pr\u00e1tica e reflex\u00e3o social. [&hellip;]\" \/>\n<meta property=\"og:url\" content=\"https:\/\/salesianossp.org.br\/osbomretiro\/do-campo-para-a-historia-visita-ao-museu-do-futebol-inspira-educandos-do-cedesp-vp\/\" \/>\n<meta property=\"og:site_name\" content=\"Instituto Dom Bosco\" \/>\n<meta property=\"article:publisher\" content=\"https:\/\/www.facebook.com\/InstitutoDomBoscoBomRetiro\/\" \/>\n<meta property=\"article:published_time\" content=\"2026-03-05T18:53:08+00:00\" \/>\n<meta property=\"article:modified_time\" content=\"2026-03-05T21:05:57+00:00\" \/>\n<meta property=\"og:image\" content=\"https:\/\/salesianossp.org.br\/osbomretiro\/wp-content\/uploads\/2026\/03\/Post-IDB-1-1-1.png\" \/>\n\t<meta property=\"og:image:width\" content=\"1080\" \/>\n\t<meta property=\"og:image:height\" content=\"1350\" \/>\n\t<meta property=\"og:image:type\" content=\"image\/png\" \/>\n<meta name=\"author\" content=\"Fabiana Santello\" \/>\n<meta name=\"twitter:card\" content=\"summary_large_image\" \/>\n<meta name=\"twitter:label1\" content=\"Escrito por\" \/>\n\t<meta name=\"twitter:data1\" content=\"Fabiana Santello\" \/>\n\t<meta name=\"twitter:label2\" content=\"Est. tempo de leitura\" \/>\n\t<meta name=\"twitter:data2\" content=\"3 minutos\" \/>\n<script type=\"application\/ld+json\" class=\"yoast-schema-graph\">{\"@context\":\"https:\\\/\\\/schema.org\",\"@graph\":[{\"@type\":\"Article\",\"@id\":\"https:\\\/\\\/salesianossp.org.br\\\/osbomretiro\\\/do-campo-para-a-historia-visita-ao-museu-do-futebol-inspira-educandos-do-cedesp-vp\\\/#article\",\"isPartOf\":{\"@id\":\"https:\\\/\\\/salesianossp.org.br\\\/osbomretiro\\\/do-campo-para-a-historia-visita-ao-museu-do-futebol-inspira-educandos-do-cedesp-vp\\\/\"},\"author\":{\"name\":\"Fabiana Santello\",\"@id\":\"https:\\\/\\\/salesianossp.org.br\\\/osbomretiro\\\/#\\\/schema\\\/person\\\/e2eca61d4aedd9f74773a05ecabce429\"},\"headline\":\"Do campo para a hist\u00f3ria: visita ao Museu do Futebol inspira educandos do CEDESP VP\",\"datePublished\":\"2026-03-05T18:53:08+00:00\",\"dateModified\":\"2026-03-05T21:05:57+00:00\",\"mainEntityOfPage\":{\"@id\":\"https:\\\/\\\/salesianossp.org.br\\\/osbomretiro\\\/do-campo-para-a-historia-visita-ao-museu-do-futebol-inspira-educandos-do-cedesp-vp\\\/\"},\"wordCount\":403,\"commentCount\":0,\"publisher\":{\"@id\":\"https:\\\/\\\/salesianossp.org.br\\\/osbomretiro\\\/#organization\"},\"image\":{\"@id\":\"https:\\\/\\\/salesianossp.org.br\\\/osbomretiro\\\/do-campo-para-a-historia-visita-ao-museu-do-futebol-inspira-educandos-do-cedesp-vp\\\/#primaryimage\"},\"thumbnailUrl\":\"https:\\\/\\\/salesianossp.org.br\\\/osbomretiro\\\/wp-content\\\/uploads\\\/2026\\\/03\\\/Post-IDB-1-1-1.png\",\"articleSection\":[\"Uncategorized\"],\"inLanguage\":\"pt-BR\",\"potentialAction\":[{\"@type\":\"CommentAction\",\"name\":\"Comment\",\"target\":[\"https:\\\/\\\/salesianossp.org.br\\\/osbomretiro\\\/do-campo-para-a-historia-visita-ao-museu-do-futebol-inspira-educandos-do-cedesp-vp\\\/#respond\"]}]},{\"@type\":\"WebPage\",\"@id\":\"https:\\\/\\\/salesianossp.org.br\\\/osbomretiro\\\/do-campo-para-a-historia-visita-ao-museu-do-futebol-inspira-educandos-do-cedesp-vp\\\/\",\"url\":\"https:\\\/\\\/salesianossp.org.br\\\/osbomretiro\\\/do-campo-para-a-historia-visita-ao-museu-do-futebol-inspira-educandos-do-cedesp-vp\\\/\",\"name\":\"Do campo para a hist\u00f3ria: visita ao Museu do Futebol inspira educandos do CEDESP VP - Instituto Dom Bosco\",\"isPartOf\":{\"@id\":\"https:\\\/\\\/salesianossp.org.br\\\/osbomretiro\\\/#website\"},\"primaryImageOfPage\":{\"@id\":\"https:\\\/\\\/salesianossp.org.br\\\/osbomretiro\\\/do-campo-para-a-historia-visita-ao-museu-do-futebol-inspira-educandos-do-cedesp-vp\\\/#primaryimage\"},\"image\":{\"@id\":\"https:\\\/\\\/salesianossp.org.br\\\/osbomretiro\\\/do-campo-para-a-historia-visita-ao-museu-do-futebol-inspira-educandos-do-cedesp-vp\\\/#primaryimage\"},\"thumbnailUrl\":\"https:\\\/\\\/salesianossp.org.br\\\/osbomretiro\\\/wp-content\\\/uploads\\\/2026\\\/03\\\/Post-IDB-1-1-1.png\",\"datePublished\":\"2026-03-05T18:53:08+00:00\",\"dateModified\":\"2026-03-05T21:05:57+00:00\",\"breadcrumb\":{\"@id\":\"https:\\\/\\\/salesianossp.org.br\\\/osbomretiro\\\/do-campo-para-a-historia-visita-ao-museu-do-futebol-inspira-educandos-do-cedesp-vp\\\/#breadcrumb\"},\"inLanguage\":\"pt-BR\",\"potentialAction\":[{\"@type\":\"ReadAction\",\"target\":[\"https:\\\/\\\/salesianossp.org.br\\\/osbomretiro\\\/do-campo-para-a-historia-visita-ao-museu-do-futebol-inspira-educandos-do-cedesp-vp\\\/\"]}]},{\"@type\":\"ImageObject\",\"inLanguage\":\"pt-BR\",\"@id\":\"https:\\\/\\\/salesianossp.org.br\\\/osbomretiro\\\/do-campo-para-a-historia-visita-ao-museu-do-futebol-inspira-educandos-do-cedesp-vp\\\/#primaryimage\",\"url\":\"https:\\\/\\\/salesianossp.org.br\\\/osbomretiro\\\/wp-content\\\/uploads\\\/2026\\\/03\\\/Post-IDB-1-1-1.png\",\"contentUrl\":\"https:\\\/\\\/salesianossp.org.br\\\/osbomretiro\\\/wp-content\\\/uploads\\\/2026\\\/03\\\/Post-IDB-1-1-1.png\",\"width\":1080,\"height\":1350},{\"@type\":\"BreadcrumbList\",\"@id\":\"https:\\\/\\\/salesianossp.org.br\\\/osbomretiro\\\/do-campo-para-a-historia-visita-ao-museu-do-futebol-inspira-educandos-do-cedesp-vp\\\/#breadcrumb\",\"itemListElement\":[{\"@type\":\"ListItem\",\"position\":1,\"name\":\"In\u00edcio\",\"item\":\"https:\\\/\\\/salesianossp.org.br\\\/osbomretiro\\\/\"},{\"@type\":\"ListItem\",\"position\":2,\"name\":\"Do campo para a hist\u00f3ria: visita ao Museu do Futebol inspira educandos do CEDESP VP\"}]},{\"@type\":\"WebSite\",\"@id\":\"https:\\\/\\\/salesianossp.org.br\\\/osbomretiro\\\/#website\",\"url\":\"https:\\\/\\\/salesianossp.org.br\\\/osbomretiro\\\/\",\"name\":\"Instituto Dom Bosco\",\"description\":\"\",\"publisher\":{\"@id\":\"https:\\\/\\\/salesianossp.org.br\\\/osbomretiro\\\/#organization\"},\"potentialAction\":[{\"@type\":\"SearchAction\",\"target\":{\"@type\":\"EntryPoint\",\"urlTemplate\":\"https:\\\/\\\/salesianossp.org.br\\\/osbomretiro\\\/?s={search_term_string}\"},\"query-input\":{\"@type\":\"PropertyValueSpecification\",\"valueRequired\":true,\"valueName\":\"search_term_string\"}}],\"inLanguage\":\"pt-BR\"},{\"@type\":\"Organization\",\"@id\":\"https:\\\/\\\/salesianossp.org.br\\\/osbomretiro\\\/#organization\",\"name\":\"Instituto Dom Bosco\",\"url\":\"https:\\\/\\\/salesianossp.org.br\\\/osbomretiro\\\/\",\"logo\":{\"@type\":\"ImageObject\",\"inLanguage\":\"pt-BR\",\"@id\":\"https:\\\/\\\/salesianossp.org.br\\\/osbomretiro\\\/#\\\/schema\\\/logo\\\/image\\\/\",\"url\":\"https:\\\/\\\/salesianossp.org.br\\\/osbomretiro\\\/wp-content\\\/uploads\\\/2025\\\/10\\\/logotipo-instituto-dom-bosco-color-56.svg\",\"contentUrl\":\"https:\\\/\\\/salesianossp.org.br\\\/osbomretiro\\\/wp-content\\\/uploads\\\/2025\\\/10\\\/logotipo-instituto-dom-bosco-color-56.svg\",\"width\":164,\"height\":56,\"caption\":\"Instituto Dom Bosco\"},\"image\":{\"@id\":\"https:\\\/\\\/salesianossp.org.br\\\/osbomretiro\\\/#\\\/schema\\\/logo\\\/image\\\/\"},\"sameAs\":[\"https:\\\/\\\/www.facebook.com\\\/InstitutoDomBoscoBomRetiro\\\/\",\"https:\\\/\\\/www.youtube.com\\\/user\\\/Institutodb\",\"https:\\\/\\\/www.instagram.com\\\/institutodb\\\/\"]},{\"@type\":\"Person\",\"@id\":\"https:\\\/\\\/salesianossp.org.br\\\/osbomretiro\\\/#\\\/schema\\\/person\\\/e2eca61d4aedd9f74773a05ecabce429\",\"name\":\"Fabiana Santello\",\"image\":{\"@type\":\"ImageObject\",\"inLanguage\":\"pt-BR\",\"@id\":\"https:\\\/\\\/secure.gravatar.com\\\/avatar\\\/4fa669318bbfdc73317a1dbd71c8808075776701c3cd34790e053fdbd3bb77c1?s=96&d=mm&r=g\",\"url\":\"https:\\\/\\\/secure.gravatar.com\\\/avatar\\\/4fa669318bbfdc73317a1dbd71c8808075776701c3cd34790e053fdbd3bb77c1?s=96&d=mm&r=g\",\"contentUrl\":\"https:\\\/\\\/secure.gravatar.com\\\/avatar\\\/4fa669318bbfdc73317a1dbd71c8808075776701c3cd34790e053fdbd3bb77c1?s=96&d=mm&r=g\",\"caption\":\"Fabiana Santello\"},\"url\":\"https:\\\/\\\/salesianossp.org.br\\\/osbomretiro\\\/author\\\/fabiana-santello\\\/\"}]}<\/script>\n<!-- \/ Yoast SEO plugin. -->","yoast_head_json":{"title":"Do campo para a hist\u00f3ria: visita ao Museu do Futebol inspira educandos do CEDESP VP - Instituto Dom Bosco","robots":{"index":"index","follow":"follow","max-snippet":"max-snippet:-1","max-image-preview":"max-image-preview:large","max-video-preview":"max-video-preview:-1"},"canonical":"https:\/\/salesianossp.org.br\/osbomretiro\/do-campo-para-a-historia-visita-ao-museu-do-futebol-inspira-educandos-do-cedesp-vp\/","og_locale":"pt_BR","og_type":"article","og_title":"Do campo para a hist\u00f3ria: visita ao Museu do Futebol inspira educandos do CEDESP VP - Instituto Dom Bosco","og_description":"Em fevereiro de 2026, educandos das turmas de Inform\u00e1tica B\u00e1sica e Marketing, dos per\u00edodos da manh\u00e3 e da tarde, participaram de uma visita cultural ao Museu do Futebol, localizado no Est\u00e1dio do Pacaembu, em S\u00e3o Paulo. A atividade integrou educandos e educadores em uma experi\u00eancia de aprendizagem que uniu conhecimento, viv\u00eancia pr\u00e1tica e reflex\u00e3o social. [&hellip;]","og_url":"https:\/\/salesianossp.org.br\/osbomretiro\/do-campo-para-a-historia-visita-ao-museu-do-futebol-inspira-educandos-do-cedesp-vp\/","og_site_name":"Instituto Dom Bosco","article_publisher":"https:\/\/www.facebook.com\/InstitutoDomBoscoBomRetiro\/","article_published_time":"2026-03-05T18:53:08+00:00","article_modified_time":"2026-03-05T21:05:57+00:00","og_image":[{"width":1080,"height":1350,"url":"https:\/\/salesianossp.org.br\/osbomretiro\/wp-content\/uploads\/2026\/03\/Post-IDB-1-1-1.png","type":"image\/png"}],"author":"Fabiana Santello","twitter_card":"summary_large_image","twitter_misc":{"Escrito por":"Fabiana Santello","Est. tempo de leitura":"3 minutos"},"schema":{"@context":"https:\/\/schema.org","@graph":[{"@type":"Article","@id":"https:\/\/salesianossp.org.br\/osbomretiro\/do-campo-para-a-historia-visita-ao-museu-do-futebol-inspira-educandos-do-cedesp-vp\/#article","isPartOf":{"@id":"https:\/\/salesianossp.org.br\/osbomretiro\/do-campo-para-a-historia-visita-ao-museu-do-futebol-inspira-educandos-do-cedesp-vp\/"},"author":{"name":"Fabiana Santello","@id":"https:\/\/salesianossp.org.br\/osbomretiro\/#\/schema\/person\/e2eca61d4aedd9f74773a05ecabce429"},"headline":"Do campo para a hist\u00f3ria: visita ao Museu do Futebol inspira educandos do CEDESP VP","datePublished":"2026-03-05T18:53:08+00:00","dateModified":"2026-03-05T21:05:57+00:00","mainEntityOfPage":{"@id":"https:\/\/salesianossp.org.br\/osbomretiro\/do-campo-para-a-historia-visita-ao-museu-do-futebol-inspira-educandos-do-cedesp-vp\/"},"wordCount":403,"commentCount":0,"publisher":{"@id":"https:\/\/salesianossp.org.br\/osbomretiro\/#organization"},"image":{"@id":"https:\/\/salesianossp.org.br\/osbomretiro\/do-campo-para-a-historia-visita-ao-museu-do-futebol-inspira-educandos-do-cedesp-vp\/#primaryimage"},"thumbnailUrl":"https:\/\/salesianossp.org.br\/osbomretiro\/wp-content\/uploads\/2026\/03\/Post-IDB-1-1-1.png","articleSection":["Uncategorized"],"inLanguage":"pt-BR","potentialAction":[{"@type":"CommentAction","name":"Comment","target":["https:\/\/salesianossp.org.br\/osbomretiro\/do-campo-para-a-historia-visita-ao-museu-do-futebol-inspira-educandos-do-cedesp-vp\/#respond"]}]},{"@type":"WebPage","@id":"https:\/\/salesianossp.org.br\/osbomretiro\/do-campo-para-a-historia-visita-ao-museu-do-futebol-inspira-educandos-do-cedesp-vp\/","url":"https:\/\/salesianossp.org.br\/osbomretiro\/do-campo-para-a-historia-visita-ao-museu-do-futebol-inspira-educandos-do-cedesp-vp\/","name":"Do campo para a hist\u00f3ria: visita ao Museu do Futebol inspira educandos do CEDESP VP - Instituto Dom Bosco","isPartOf":{"@id":"https:\/\/salesianossp.org.br\/osbomretiro\/#website"},"primaryImageOfPage":{"@id":"https:\/\/salesianossp.org.br\/osbomretiro\/do-campo-para-a-historia-visita-ao-museu-do-futebol-inspira-educandos-do-cedesp-vp\/#primaryimage"},"image":{"@id":"https:\/\/salesianossp.org.br\/osbomretiro\/do-campo-para-a-historia-visita-ao-museu-do-futebol-inspira-educandos-do-cedesp-vp\/#primaryimage"},"thumbnailUrl":"https:\/\/salesianossp.org.br\/osbomretiro\/wp-content\/uploads\/2026\/03\/Post-IDB-1-1-1.png","datePublished":"2026-03-05T18:53:08+00:00","dateModified":"2026-03-05T21:05:57+00:00","breadcrumb":{"@id":"https:\/\/salesianossp.org.br\/osbomretiro\/do-campo-para-a-historia-visita-ao-museu-do-futebol-inspira-educandos-do-cedesp-vp\/#breadcrumb"},"inLanguage":"pt-BR","potentialAction":[{"@type":"ReadAction","target":["https:\/\/salesianossp.org.br\/osbomretiro\/do-campo-para-a-historia-visita-ao-museu-do-futebol-inspira-educandos-do-cedesp-vp\/"]}]},{"@type":"ImageObject","inLanguage":"pt-BR","@id":"https:\/\/salesianossp.org.br\/osbomretiro\/do-campo-para-a-historia-visita-ao-museu-do-futebol-inspira-educandos-do-cedesp-vp\/#primaryimage","url":"https:\/\/salesianossp.org.br\/osbomretiro\/wp-content\/uploads\/2026\/03\/Post-IDB-1-1-1.png","contentUrl":"https:\/\/salesianossp.org.br\/osbomretiro\/wp-content\/uploads\/2026\/03\/Post-IDB-1-1-1.png","width":1080,"height":1350},{"@type":"BreadcrumbList","@id":"https:\/\/salesianossp.org.br\/osbomretiro\/do-campo-para-a-historia-visita-ao-museu-do-futebol-inspira-educandos-do-cedesp-vp\/#breadcrumb","itemListElement":[{"@type":"ListItem","position":1,"name":"In\u00edcio","item":"https:\/\/salesianossp.org.br\/osbomretiro\/"},{"@type":"ListItem","position":2,"name":"Do campo para a hist\u00f3ria: visita ao Museu do Futebol inspira educandos do CEDESP VP"}]},{"@type":"WebSite","@id":"https:\/\/salesianossp.org.br\/osbomretiro\/#website","url":"https:\/\/salesianossp.org.br\/osbomretiro\/","name":"Instituto Dom Bosco","description":"","publisher":{"@id":"https:\/\/salesianossp.org.br\/osbomretiro\/#organization"},"potentialAction":[{"@type":"SearchAction","target":{"@type":"EntryPoint","urlTemplate":"https:\/\/salesianossp.org.br\/osbomretiro\/?s={search_term_string}"},"query-input":{"@type":"PropertyValueSpecification","valueRequired":true,"valueName":"search_term_string"}}],"inLanguage":"pt-BR"},{"@type":"Organization","@id":"https:\/\/salesianossp.org.br\/osbomretiro\/#organization","name":"Instituto Dom Bosco","url":"https:\/\/salesianossp.org.br\/osbomretiro\/","logo":{"@type":"ImageObject","inLanguage":"pt-BR","@id":"https:\/\/salesianossp.org.br\/osbomretiro\/#\/schema\/logo\/image\/","url":"https:\/\/salesianossp.org.br\/osbomretiro\/wp-content\/uploads\/2025\/10\/logotipo-instituto-dom-bosco-color-56.svg","contentUrl":"https:\/\/salesianossp.org.br\/osbomretiro\/wp-content\/uploads\/2025\/10\/logotipo-instituto-dom-bosco-color-56.svg","width":164,"height":56,"caption":"Instituto Dom Bosco"},"image":{"@id":"https:\/\/salesianossp.org.br\/osbomretiro\/#\/schema\/logo\/image\/"},"sameAs":["https:\/\/www.facebook.com\/InstitutoDomBoscoBomRetiro\/","https:\/\/www.youtube.com\/user\/Institutodb","https:\/\/www.instagram.com\/institutodb\/"]},{"@type":"Person","@id":"https:\/\/salesianossp.org.br\/osbomretiro\/#\/schema\/person\/e2eca61d4aedd9f74773a05ecabce429","name":"Fabiana Santello","image":{"@type":"ImageObject","inLanguage":"pt-BR","@id":"https:\/\/secure.gravatar.com\/avatar\/4fa669318bbfdc73317a1dbd71c8808075776701c3cd34790e053fdbd3bb77c1?s=96&d=mm&r=g","url":"https:\/\/secure.gravatar.com\/avatar\/4fa669318bbfdc73317a1dbd71c8808075776701c3cd34790e053fdbd3bb77c1?s=96&d=mm&r=g","contentUrl":"https:\/\/secure.gravatar.com\/avatar\/4fa669318bbfdc73317a1dbd71c8808075776701c3cd34790e053fdbd3bb77c1?s=96&d=mm&r=g","caption":"Fabiana Santello"},"url":"https:\/\/salesianossp.org.br\/osbomretiro\/author\/fabiana-santello\/"}]}},"_links":{"self":[{"href":"https:\/\/salesianossp.org.br\/osbomretiro\/wp-json\/wp\/v2\/posts\/117655","targetHints":{"allow":["GET"]}}],"collection":[{"href":"https:\/\/salesianossp.org.br\/osbomretiro\/wp-json\/wp\/v2\/posts"}],"about":[{"href":"https:\/\/salesianossp.org.br\/osbomretiro\/wp-json\/wp\/v2\/types\/post"}],"author":[{"embeddable":true,"href":"https:\/\/salesianossp.org.br\/osbomretiro\/wp-json\/wp\/v2\/users\/29"}],"replies":[{"embeddable":true,"href":"https:\/\/salesianossp.org.br\/osbomretiro\/wp-json\/wp\/v2\/comments?post=117655"}],"version-history":[{"count":2,"href":"https:\/\/salesianossp.org.br\/osbomretiro\/wp-json\/wp\/v2\/posts\/117655\/revisions"}],"predecessor-version":[{"id":117659,"href":"https:\/\/salesianossp.org.br\/osbomretiro\/wp-json\/wp\/v2\/posts\/117655\/revisions\/117659"}],"wp:featuredmedia":[{"embeddable":true,"href":"https:\/\/salesianossp.org.br\/osbomretiro\/wp-json\/wp\/v2\/media\/117658"}],"wp:attachment":[{"href":"https:\/\/salesianossp.org.br\/osbomretiro\/wp-json\/wp\/v2\/media?parent=117655"}],"wp:term":[{"taxonomy":"category","embeddable":true,"href":"https:\/\/salesianossp.org.br\/osbomretiro\/wp-json\/wp\/v2\/categories?post=117655"},{"taxonomy":"post_tag","embeddable":true,"href":"https:\/\/salesianossp.org.br\/osbomretiro\/wp-json\/wp\/v2\/tags?post=117655"}],"curies":[{"name":"wp","href":"https:\/\/api.w.org\/{rel}","templated":true}]}}