{"id":117749,"date":"2026-04-27T22:29:33","date_gmt":"2026-04-27T22:29:33","guid":{"rendered":"https:\/\/salesianossp.org.br\/osbomretiro\/?p=117749"},"modified":"2026-04-27T22:54:17","modified_gmt":"2026-04-27T22:54:17","slug":"competencias-do-educador-do-futuro-integracao-formacao-e-planejamento-no-idb","status":"publish","type":"post","link":"https:\/\/salesianossp.org.br\/osbomretiro\/competencias-do-educador-do-futuro-integracao-formacao-e-planejamento-no-idb\/","title":{"rendered":"Compet\u00eancias do Educador do Futuro: Integra\u00e7\u00e3o, forma\u00e7\u00e3o e planejamento no IDB"},"content":{"rendered":"\n<p>No dia <strong>24 de abril de 2026<\/strong>, o Instituto Dom Bosco realizou, em sua sede, a Parada T\u00e9cnica mensal, reunindo colaboradores dos servi\u00e7os do Bom Retiro e da Vila Paulistana em um dia dedicado ao alinhamento institucional, \u00e0 forma\u00e7\u00e3o e ao fortalecimento do trabalho em equipe.<\/p>\n\n\n\n<p>A programa\u00e7\u00e3o teve in\u00edcio \u00e0s <strong>07h00<\/strong>, com um momento de acolhida durante o caf\u00e9 da manh\u00e3, seguido pelo <strong>Bom dia dos colaboradores<\/strong>, promovendo integra\u00e7\u00e3o e abertura das atividades. Na sequ\u00eancia, o setor de <strong>Recursos Humanos<\/strong> trouxe comunicados importantes para as equipes.<\/p>\n\n\n\n<p>Um dos destaques do encontro foi a palestra conduzida por Gabriel Merlin, com o tema <em>\u201cCompet\u00eancias do educador do futuro\u201d<\/em>, abordando novas habilidades, intelig\u00eancia emocional e o uso da tecnologia no cotidiano profissional. O momento proporcionou reflex\u00f5es relevantes sobre os desafios contempor\u00e2neos e o desenvolvimento cont\u00ednuo dos colaboradores.<\/p>\n\n\n\n<p>Ap\u00f3s o intervalo, que contou tamb\u00e9m com a celebra\u00e7\u00e3o dos aniversariantes do m\u00eas, os participantes vivenciaram um momento de descontra\u00e7\u00e3o com <strong>jogos interativos<\/strong>, incentivando a colabora\u00e7\u00e3o e o fortalecimento dos v\u00ednculos entre as equipes.<\/p>\n\n\n\n<p>No per\u00edodo da tarde, ap\u00f3s o almo\u00e7o, foram realizadas <strong>reuni\u00f5es de setor<\/strong>, permitindo discuss\u00f5es mais espec\u00edficas, alinhamento de demandas e planejamento das pr\u00f3ximas a\u00e7\u00f5es. A programa\u00e7\u00e3o foi intercalada com um momento de pausa e conviv\u00eancia no refeit\u00f3rio, encerrando-se com a continuidade das reuni\u00f5es.<\/p>\n\n\n\n<p><strong><em><a href=\"https:\/\/www.facebook.com\/media\/set\/?vanity=InstitutoDomBoscoBomRetiro&amp;set=a.1535831415213334\" type=\"link\" id=\"https:\/\/www.facebook.com\/media\/set\/?vanity=InstitutoDomBoscoBomRetiro&amp;set=a.1535831415213334\">Clique aqui para ver todas as fotos<\/a><\/em><\/strong><\/p>\n","protected":false},"excerpt":{"rendered":"<p>No dia 24 de abril de 2026, o Instituto Dom Bosco realizou, em sua sede, a Parada T\u00e9cnica mensal, reunindo colaboradores dos servi\u00e7os do Bom Retiro e da Vila Paulistana em um dia dedicado ao alinhamento institucional, \u00e0 forma\u00e7\u00e3o e ao fortalecimento do trabalho em equipe. A programa\u00e7\u00e3o teve in\u00edcio \u00e0s 07h00, com um momento [&hellip;]<\/p>\n","protected":false},"author":29,"featured_media":117751,"comment_status":"open","ping_status":"open","sticky":false,"template":"","format":"standard","meta":{"footnotes":""},"categories":[1],"tags":[],"class_list":["post-117749","post","type-post","status-publish","format-standard","has-post-thumbnail","hentry","category-uncategorized"],"yoast_head":"<!-- This site is optimized with the Yoast SEO plugin v27.3 - https:\/\/yoast.com\/product\/yoast-seo-wordpress\/ -->\n<title>Compet\u00eancias do Educador do Futuro: Integra\u00e7\u00e3o, forma\u00e7\u00e3o e planejamento no IDB - Instituto Dom Bosco<\/title>\n<meta name=\"robots\" content=\"index, follow, max-snippet:-1, max-image-preview:large, max-video-preview:-1\" \/>\n<link rel=\"canonical\" href=\"https:\/\/salesianossp.org.br\/osbomretiro\/competencias-do-educador-do-futuro-integracao-formacao-e-planejamento-no-idb\/\" \/>\n<meta property=\"og:locale\" content=\"pt_BR\" \/>\n<meta property=\"og:type\" content=\"article\" \/>\n<meta property=\"og:title\" content=\"Compet\u00eancias do Educador do Futuro: Integra\u00e7\u00e3o, forma\u00e7\u00e3o e planejamento no IDB - Instituto Dom Bosco\" \/>\n<meta property=\"og:description\" content=\"No dia 24 de abril de 2026, o Instituto Dom Bosco realizou, em sua sede, a Parada T\u00e9cnica mensal, reunindo colaboradores dos servi\u00e7os do Bom Retiro e da Vila Paulistana em um dia dedicado ao alinhamento institucional, \u00e0 forma\u00e7\u00e3o e ao fortalecimento do trabalho em equipe. A programa\u00e7\u00e3o teve in\u00edcio \u00e0s 07h00, com um momento [&hellip;]\" \/>\n<meta property=\"og:url\" content=\"https:\/\/salesianossp.org.br\/osbomretiro\/competencias-do-educador-do-futuro-integracao-formacao-e-planejamento-no-idb\/\" \/>\n<meta property=\"og:site_name\" content=\"Instituto Dom Bosco\" \/>\n<meta property=\"article:publisher\" content=\"https:\/\/www.facebook.com\/InstitutoDomBoscoBomRetiro\/\" \/>\n<meta property=\"article:published_time\" content=\"2026-04-27T22:29:33+00:00\" \/>\n<meta property=\"article:modified_time\" content=\"2026-04-27T22:54:17+00:00\" \/>\n<meta property=\"og:image\" content=\"https:\/\/salesianossp.org.br\/osbomretiro\/wp-content\/uploads\/2026\/04\/PT-IDB-.png\" \/>\n\t<meta property=\"og:image:width\" content=\"1080\" \/>\n\t<meta property=\"og:image:height\" content=\"1350\" \/>\n\t<meta property=\"og:image:type\" content=\"image\/png\" \/>\n<meta name=\"author\" content=\"Fabiana Santello\" \/>\n<meta name=\"twitter:card\" content=\"summary_large_image\" \/>\n<meta name=\"twitter:label1\" content=\"Escrito por\" \/>\n\t<meta name=\"twitter:data1\" content=\"Fabiana Santello\" \/>\n\t<meta name=\"twitter:label2\" content=\"Est. tempo de leitura\" \/>\n\t<meta name=\"twitter:data2\" content=\"2 minutos\" \/>\n<script type=\"application\/ld+json\" class=\"yoast-schema-graph\">{\"@context\":\"https:\\\/\\\/schema.org\",\"@graph\":[{\"@type\":\"Article\",\"@id\":\"https:\\\/\\\/salesianossp.org.br\\\/osbomretiro\\\/competencias-do-educador-do-futuro-integracao-formacao-e-planejamento-no-idb\\\/#article\",\"isPartOf\":{\"@id\":\"https:\\\/\\\/salesianossp.org.br\\\/osbomretiro\\\/competencias-do-educador-do-futuro-integracao-formacao-e-planejamento-no-idb\\\/\"},\"author\":{\"name\":\"Fabiana Santello\",\"@id\":\"https:\\\/\\\/salesianossp.org.br\\\/osbomretiro\\\/#\\\/schema\\\/person\\\/e2eca61d4aedd9f74773a05ecabce429\"},\"headline\":\"Compet\u00eancias do Educador do Futuro: Integra\u00e7\u00e3o, forma\u00e7\u00e3o e planejamento no IDB\",\"datePublished\":\"2026-04-27T22:29:33+00:00\",\"dateModified\":\"2026-04-27T22:54:17+00:00\",\"mainEntityOfPage\":{\"@id\":\"https:\\\/\\\/salesianossp.org.br\\\/osbomretiro\\\/competencias-do-educador-do-futuro-integracao-formacao-e-planejamento-no-idb\\\/\"},\"wordCount\":261,\"commentCount\":0,\"publisher\":{\"@id\":\"https:\\\/\\\/salesianossp.org.br\\\/osbomretiro\\\/#organization\"},\"image\":{\"@id\":\"https:\\\/\\\/salesianossp.org.br\\\/osbomretiro\\\/competencias-do-educador-do-futuro-integracao-formacao-e-planejamento-no-idb\\\/#primaryimage\"},\"thumbnailUrl\":\"https:\\\/\\\/salesianossp.org.br\\\/osbomretiro\\\/wp-content\\\/uploads\\\/2026\\\/04\\\/PT-IDB-.png\",\"articleSection\":[\"Uncategorized\"],\"inLanguage\":\"pt-BR\",\"potentialAction\":[{\"@type\":\"CommentAction\",\"name\":\"Comment\",\"target\":[\"https:\\\/\\\/salesianossp.org.br\\\/osbomretiro\\\/competencias-do-educador-do-futuro-integracao-formacao-e-planejamento-no-idb\\\/#respond\"]}]},{\"@type\":\"WebPage\",\"@id\":\"https:\\\/\\\/salesianossp.org.br\\\/osbomretiro\\\/competencias-do-educador-do-futuro-integracao-formacao-e-planejamento-no-idb\\\/\",\"url\":\"https:\\\/\\\/salesianossp.org.br\\\/osbomretiro\\\/competencias-do-educador-do-futuro-integracao-formacao-e-planejamento-no-idb\\\/\",\"name\":\"Compet\u00eancias do Educador do Futuro: Integra\u00e7\u00e3o, forma\u00e7\u00e3o e planejamento no IDB - Instituto Dom Bosco\",\"isPartOf\":{\"@id\":\"https:\\\/\\\/salesianossp.org.br\\\/osbomretiro\\\/#website\"},\"primaryImageOfPage\":{\"@id\":\"https:\\\/\\\/salesianossp.org.br\\\/osbomretiro\\\/competencias-do-educador-do-futuro-integracao-formacao-e-planejamento-no-idb\\\/#primaryimage\"},\"image\":{\"@id\":\"https:\\\/\\\/salesianossp.org.br\\\/osbomretiro\\\/competencias-do-educador-do-futuro-integracao-formacao-e-planejamento-no-idb\\\/#primaryimage\"},\"thumbnailUrl\":\"https:\\\/\\\/salesianossp.org.br\\\/osbomretiro\\\/wp-content\\\/uploads\\\/2026\\\/04\\\/PT-IDB-.png\",\"datePublished\":\"2026-04-27T22:29:33+00:00\",\"dateModified\":\"2026-04-27T22:54:17+00:00\",\"breadcrumb\":{\"@id\":\"https:\\\/\\\/salesianossp.org.br\\\/osbomretiro\\\/competencias-do-educador-do-futuro-integracao-formacao-e-planejamento-no-idb\\\/#breadcrumb\"},\"inLanguage\":\"pt-BR\",\"potentialAction\":[{\"@type\":\"ReadAction\",\"target\":[\"https:\\\/\\\/salesianossp.org.br\\\/osbomretiro\\\/competencias-do-educador-do-futuro-integracao-formacao-e-planejamento-no-idb\\\/\"]}]},{\"@type\":\"ImageObject\",\"inLanguage\":\"pt-BR\",\"@id\":\"https:\\\/\\\/salesianossp.org.br\\\/osbomretiro\\\/competencias-do-educador-do-futuro-integracao-formacao-e-planejamento-no-idb\\\/#primaryimage\",\"url\":\"https:\\\/\\\/salesianossp.org.br\\\/osbomretiro\\\/wp-content\\\/uploads\\\/2026\\\/04\\\/PT-IDB-.png\",\"contentUrl\":\"https:\\\/\\\/salesianossp.org.br\\\/osbomretiro\\\/wp-content\\\/uploads\\\/2026\\\/04\\\/PT-IDB-.png\",\"width\":1080,\"height\":1350},{\"@type\":\"BreadcrumbList\",\"@id\":\"https:\\\/\\\/salesianossp.org.br\\\/osbomretiro\\\/competencias-do-educador-do-futuro-integracao-formacao-e-planejamento-no-idb\\\/#breadcrumb\",\"itemListElement\":[{\"@type\":\"ListItem\",\"position\":1,\"name\":\"In\u00edcio\",\"item\":\"https:\\\/\\\/salesianossp.org.br\\\/osbomretiro\\\/\"},{\"@type\":\"ListItem\",\"position\":2,\"name\":\"Compet\u00eancias do Educador do Futuro: Integra\u00e7\u00e3o, forma\u00e7\u00e3o e planejamento no IDB\"}]},{\"@type\":\"WebSite\",\"@id\":\"https:\\\/\\\/salesianossp.org.br\\\/osbomretiro\\\/#website\",\"url\":\"https:\\\/\\\/salesianossp.org.br\\\/osbomretiro\\\/\",\"name\":\"Instituto Dom Bosco\",\"description\":\"\",\"publisher\":{\"@id\":\"https:\\\/\\\/salesianossp.org.br\\\/osbomretiro\\\/#organization\"},\"potentialAction\":[{\"@type\":\"SearchAction\",\"target\":{\"@type\":\"EntryPoint\",\"urlTemplate\":\"https:\\\/\\\/salesianossp.org.br\\\/osbomretiro\\\/?s={search_term_string}\"},\"query-input\":{\"@type\":\"PropertyValueSpecification\",\"valueRequired\":true,\"valueName\":\"search_term_string\"}}],\"inLanguage\":\"pt-BR\"},{\"@type\":\"Organization\",\"@id\":\"https:\\\/\\\/salesianossp.org.br\\\/osbomretiro\\\/#organization\",\"name\":\"Instituto Dom Bosco\",\"url\":\"https:\\\/\\\/salesianossp.org.br\\\/osbomretiro\\\/\",\"logo\":{\"@type\":\"ImageObject\",\"inLanguage\":\"pt-BR\",\"@id\":\"https:\\\/\\\/salesianossp.org.br\\\/osbomretiro\\\/#\\\/schema\\\/logo\\\/image\\\/\",\"url\":\"https:\\\/\\\/salesianossp.org.br\\\/osbomretiro\\\/wp-content\\\/uploads\\\/2025\\\/10\\\/logotipo-instituto-dom-bosco-color-56.svg\",\"contentUrl\":\"https:\\\/\\\/salesianossp.org.br\\\/osbomretiro\\\/wp-content\\\/uploads\\\/2025\\\/10\\\/logotipo-instituto-dom-bosco-color-56.svg\",\"width\":164,\"height\":56,\"caption\":\"Instituto Dom Bosco\"},\"image\":{\"@id\":\"https:\\\/\\\/salesianossp.org.br\\\/osbomretiro\\\/#\\\/schema\\\/logo\\\/image\\\/\"},\"sameAs\":[\"https:\\\/\\\/www.facebook.com\\\/InstitutoDomBoscoBomRetiro\\\/\",\"https:\\\/\\\/www.youtube.com\\\/user\\\/Institutodb\",\"https:\\\/\\\/www.instagram.com\\\/institutodb\\\/\"]},{\"@type\":\"Person\",\"@id\":\"https:\\\/\\\/salesianossp.org.br\\\/osbomretiro\\\/#\\\/schema\\\/person\\\/e2eca61d4aedd9f74773a05ecabce429\",\"name\":\"Fabiana Santello\",\"image\":{\"@type\":\"ImageObject\",\"inLanguage\":\"pt-BR\",\"@id\":\"https:\\\/\\\/secure.gravatar.com\\\/avatar\\\/4fa669318bbfdc73317a1dbd71c8808075776701c3cd34790e053fdbd3bb77c1?s=96&d=mm&r=g\",\"url\":\"https:\\\/\\\/secure.gravatar.com\\\/avatar\\\/4fa669318bbfdc73317a1dbd71c8808075776701c3cd34790e053fdbd3bb77c1?s=96&d=mm&r=g\",\"contentUrl\":\"https:\\\/\\\/secure.gravatar.com\\\/avatar\\\/4fa669318bbfdc73317a1dbd71c8808075776701c3cd34790e053fdbd3bb77c1?s=96&d=mm&r=g\",\"caption\":\"Fabiana Santello\"},\"url\":\"https:\\\/\\\/salesianossp.org.br\\\/osbomretiro\\\/author\\\/fabiana-santello\\\/\"}]}<\/script>\n<!-- \/ Yoast SEO plugin. -->","yoast_head_json":{"title":"Compet\u00eancias do Educador do Futuro: Integra\u00e7\u00e3o, forma\u00e7\u00e3o e planejamento no IDB - Instituto Dom Bosco","robots":{"index":"index","follow":"follow","max-snippet":"max-snippet:-1","max-image-preview":"max-image-preview:large","max-video-preview":"max-video-preview:-1"},"canonical":"https:\/\/salesianossp.org.br\/osbomretiro\/competencias-do-educador-do-futuro-integracao-formacao-e-planejamento-no-idb\/","og_locale":"pt_BR","og_type":"article","og_title":"Compet\u00eancias do Educador do Futuro: Integra\u00e7\u00e3o, forma\u00e7\u00e3o e planejamento no IDB - Instituto Dom Bosco","og_description":"No dia 24 de abril de 2026, o Instituto Dom Bosco realizou, em sua sede, a Parada T\u00e9cnica mensal, reunindo colaboradores dos servi\u00e7os do Bom Retiro e da Vila Paulistana em um dia dedicado ao alinhamento institucional, \u00e0 forma\u00e7\u00e3o e ao fortalecimento do trabalho em equipe. A programa\u00e7\u00e3o teve in\u00edcio \u00e0s 07h00, com um momento [&hellip;]","og_url":"https:\/\/salesianossp.org.br\/osbomretiro\/competencias-do-educador-do-futuro-integracao-formacao-e-planejamento-no-idb\/","og_site_name":"Instituto Dom Bosco","article_publisher":"https:\/\/www.facebook.com\/InstitutoDomBoscoBomRetiro\/","article_published_time":"2026-04-27T22:29:33+00:00","article_modified_time":"2026-04-27T22:54:17+00:00","og_image":[{"width":1080,"height":1350,"url":"https:\/\/salesianossp.org.br\/osbomretiro\/wp-content\/uploads\/2026\/04\/PT-IDB-.png","type":"image\/png"}],"author":"Fabiana Santello","twitter_card":"summary_large_image","twitter_misc":{"Escrito por":"Fabiana Santello","Est. tempo de leitura":"2 minutos"},"schema":{"@context":"https:\/\/schema.org","@graph":[{"@type":"Article","@id":"https:\/\/salesianossp.org.br\/osbomretiro\/competencias-do-educador-do-futuro-integracao-formacao-e-planejamento-no-idb\/#article","isPartOf":{"@id":"https:\/\/salesianossp.org.br\/osbomretiro\/competencias-do-educador-do-futuro-integracao-formacao-e-planejamento-no-idb\/"},"author":{"name":"Fabiana Santello","@id":"https:\/\/salesianossp.org.br\/osbomretiro\/#\/schema\/person\/e2eca61d4aedd9f74773a05ecabce429"},"headline":"Compet\u00eancias do Educador do Futuro: Integra\u00e7\u00e3o, forma\u00e7\u00e3o e planejamento no IDB","datePublished":"2026-04-27T22:29:33+00:00","dateModified":"2026-04-27T22:54:17+00:00","mainEntityOfPage":{"@id":"https:\/\/salesianossp.org.br\/osbomretiro\/competencias-do-educador-do-futuro-integracao-formacao-e-planejamento-no-idb\/"},"wordCount":261,"commentCount":0,"publisher":{"@id":"https:\/\/salesianossp.org.br\/osbomretiro\/#organization"},"image":{"@id":"https:\/\/salesianossp.org.br\/osbomretiro\/competencias-do-educador-do-futuro-integracao-formacao-e-planejamento-no-idb\/#primaryimage"},"thumbnailUrl":"https:\/\/salesianossp.org.br\/osbomretiro\/wp-content\/uploads\/2026\/04\/PT-IDB-.png","articleSection":["Uncategorized"],"inLanguage":"pt-BR","potentialAction":[{"@type":"CommentAction","name":"Comment","target":["https:\/\/salesianossp.org.br\/osbomretiro\/competencias-do-educador-do-futuro-integracao-formacao-e-planejamento-no-idb\/#respond"]}]},{"@type":"WebPage","@id":"https:\/\/salesianossp.org.br\/osbomretiro\/competencias-do-educador-do-futuro-integracao-formacao-e-planejamento-no-idb\/","url":"https:\/\/salesianossp.org.br\/osbomretiro\/competencias-do-educador-do-futuro-integracao-formacao-e-planejamento-no-idb\/","name":"Compet\u00eancias do Educador do Futuro: Integra\u00e7\u00e3o, forma\u00e7\u00e3o e planejamento no IDB - Instituto Dom Bosco","isPartOf":{"@id":"https:\/\/salesianossp.org.br\/osbomretiro\/#website"},"primaryImageOfPage":{"@id":"https:\/\/salesianossp.org.br\/osbomretiro\/competencias-do-educador-do-futuro-integracao-formacao-e-planejamento-no-idb\/#primaryimage"},"image":{"@id":"https:\/\/salesianossp.org.br\/osbomretiro\/competencias-do-educador-do-futuro-integracao-formacao-e-planejamento-no-idb\/#primaryimage"},"thumbnailUrl":"https:\/\/salesianossp.org.br\/osbomretiro\/wp-content\/uploads\/2026\/04\/PT-IDB-.png","datePublished":"2026-04-27T22:29:33+00:00","dateModified":"2026-04-27T22:54:17+00:00","breadcrumb":{"@id":"https:\/\/salesianossp.org.br\/osbomretiro\/competencias-do-educador-do-futuro-integracao-formacao-e-planejamento-no-idb\/#breadcrumb"},"inLanguage":"pt-BR","potentialAction":[{"@type":"ReadAction","target":["https:\/\/salesianossp.org.br\/osbomretiro\/competencias-do-educador-do-futuro-integracao-formacao-e-planejamento-no-idb\/"]}]},{"@type":"ImageObject","inLanguage":"pt-BR","@id":"https:\/\/salesianossp.org.br\/osbomretiro\/competencias-do-educador-do-futuro-integracao-formacao-e-planejamento-no-idb\/#primaryimage","url":"https:\/\/salesianossp.org.br\/osbomretiro\/wp-content\/uploads\/2026\/04\/PT-IDB-.png","contentUrl":"https:\/\/salesianossp.org.br\/osbomretiro\/wp-content\/uploads\/2026\/04\/PT-IDB-.png","width":1080,"height":1350},{"@type":"BreadcrumbList","@id":"https:\/\/salesianossp.org.br\/osbomretiro\/competencias-do-educador-do-futuro-integracao-formacao-e-planejamento-no-idb\/#breadcrumb","itemListElement":[{"@type":"ListItem","position":1,"name":"In\u00edcio","item":"https:\/\/salesianossp.org.br\/osbomretiro\/"},{"@type":"ListItem","position":2,"name":"Compet\u00eancias do Educador do Futuro: Integra\u00e7\u00e3o, forma\u00e7\u00e3o e planejamento no IDB"}]},{"@type":"WebSite","@id":"https:\/\/salesianossp.org.br\/osbomretiro\/#website","url":"https:\/\/salesianossp.org.br\/osbomretiro\/","name":"Instituto Dom Bosco","description":"","publisher":{"@id":"https:\/\/salesianossp.org.br\/osbomretiro\/#organization"},"potentialAction":[{"@type":"SearchAction","target":{"@type":"EntryPoint","urlTemplate":"https:\/\/salesianossp.org.br\/osbomretiro\/?s={search_term_string}"},"query-input":{"@type":"PropertyValueSpecification","valueRequired":true,"valueName":"search_term_string"}}],"inLanguage":"pt-BR"},{"@type":"Organization","@id":"https:\/\/salesianossp.org.br\/osbomretiro\/#organization","name":"Instituto Dom Bosco","url":"https:\/\/salesianossp.org.br\/osbomretiro\/","logo":{"@type":"ImageObject","inLanguage":"pt-BR","@id":"https:\/\/salesianossp.org.br\/osbomretiro\/#\/schema\/logo\/image\/","url":"https:\/\/salesianossp.org.br\/osbomretiro\/wp-content\/uploads\/2025\/10\/logotipo-instituto-dom-bosco-color-56.svg","contentUrl":"https:\/\/salesianossp.org.br\/osbomretiro\/wp-content\/uploads\/2025\/10\/logotipo-instituto-dom-bosco-color-56.svg","width":164,"height":56,"caption":"Instituto Dom Bosco"},"image":{"@id":"https:\/\/salesianossp.org.br\/osbomretiro\/#\/schema\/logo\/image\/"},"sameAs":["https:\/\/www.facebook.com\/InstitutoDomBoscoBomRetiro\/","https:\/\/www.youtube.com\/user\/Institutodb","https:\/\/www.instagram.com\/institutodb\/"]},{"@type":"Person","@id":"https:\/\/salesianossp.org.br\/osbomretiro\/#\/schema\/person\/e2eca61d4aedd9f74773a05ecabce429","name":"Fabiana Santello","image":{"@type":"ImageObject","inLanguage":"pt-BR","@id":"https:\/\/secure.gravatar.com\/avatar\/4fa669318bbfdc73317a1dbd71c8808075776701c3cd34790e053fdbd3bb77c1?s=96&d=mm&r=g","url":"https:\/\/secure.gravatar.com\/avatar\/4fa669318bbfdc73317a1dbd71c8808075776701c3cd34790e053fdbd3bb77c1?s=96&d=mm&r=g","contentUrl":"https:\/\/secure.gravatar.com\/avatar\/4fa669318bbfdc73317a1dbd71c8808075776701c3cd34790e053fdbd3bb77c1?s=96&d=mm&r=g","caption":"Fabiana Santello"},"url":"https:\/\/salesianossp.org.br\/osbomretiro\/author\/fabiana-santello\/"}]}},"_links":{"self":[{"href":"https:\/\/salesianossp.org.br\/osbomretiro\/wp-json\/wp\/v2\/posts\/117749","targetHints":{"allow":["GET"]}}],"collection":[{"href":"https:\/\/salesianossp.org.br\/osbomretiro\/wp-json\/wp\/v2\/posts"}],"about":[{"href":"https:\/\/salesianossp.org.br\/osbomretiro\/wp-json\/wp\/v2\/types\/post"}],"author":[{"embeddable":true,"href":"https:\/\/salesianossp.org.br\/osbomretiro\/wp-json\/wp\/v2\/users\/29"}],"replies":[{"embeddable":true,"href":"https:\/\/salesianossp.org.br\/osbomretiro\/wp-json\/wp\/v2\/comments?post=117749"}],"version-history":[{"count":2,"href":"https:\/\/salesianossp.org.br\/osbomretiro\/wp-json\/wp\/v2\/posts\/117749\/revisions"}],"predecessor-version":[{"id":117752,"href":"https:\/\/salesianossp.org.br\/osbomretiro\/wp-json\/wp\/v2\/posts\/117749\/revisions\/117752"}],"wp:featuredmedia":[{"embeddable":true,"href":"https:\/\/salesianossp.org.br\/osbomretiro\/wp-json\/wp\/v2\/media\/117751"}],"wp:attachment":[{"href":"https:\/\/salesianossp.org.br\/osbomretiro\/wp-json\/wp\/v2\/media?parent=117749"}],"wp:term":[{"taxonomy":"category","embeddable":true,"href":"https:\/\/salesianossp.org.br\/osbomretiro\/wp-json\/wp\/v2\/categories?post=117749"},{"taxonomy":"post_tag","embeddable":true,"href":"https:\/\/salesianossp.org.br\/osbomretiro\/wp-json\/wp\/v2\/tags?post=117749"}],"curies":[{"name":"wp","href":"https:\/\/api.w.org\/{rel}","templated":true}]}}