{"id":117761,"date":"2026-04-28T19:22:09","date_gmt":"2026-04-28T19:22:09","guid":{"rendered":"https:\/\/salesianossp.org.br\/osbomretiro\/?p=117761"},"modified":"2026-04-28T19:26:11","modified_gmt":"2026-04-28T19:26:11","slug":"cedesp-vila-paulistana-celebra-25-anos-com-encontro-especial-entre-familias-educandos-e-equipe","status":"publish","type":"post","link":"https:\/\/salesianossp.org.br\/osbomretiro\/cedesp-vila-paulistana-celebra-25-anos-com-encontro-especial-entre-familias-educandos-e-equipe\/","title":{"rendered":"CEDESP Vila Paulistana celebra 25 anos com encontro especial entre fam\u00edlias, educandos e equipe"},"content":{"rendered":"\n<p>\u200bNo dia\u00a0<strong>25 de abril de 2026<\/strong>, o CEDESP Dom Bosco Vila Paulistana (VP) do Instituto Dom Bosco, celebrou seus 25 anos <em>(14 de junho)<\/em> de atua\u00e7\u00e3o com um encontro especial que reuniu fam\u00edlias, educandos e equipe em um momento marcado por acolhida, reflex\u00e3o e conviv\u00eancia.<\/p>\n\n\n\n<p>A programa\u00e7\u00e3o teve in\u00edcio com a recep\u00e7\u00e3o dos participantes, que receberam um livro sobre a pedagogia salesiana, al\u00e9m de uma lembran\u00e7a comemorativa com chaveiro dos 25 anos da VP e um bombom. Em seguida, foi apresentado um breve hist\u00f3rico da unidade, relembrando sua trajet\u00f3ria desde <strong>1996<\/strong> e destacando a import\u00e2ncia de sua presen\u00e7a no territ\u00f3rio ao longo dos anos.<\/p>\n\n\n\n<p>O encontro contou ainda com um momento reflexivo inspirado na Par\u00e1bola do Semeador, seguido por ora\u00e7\u00f5es de agradecimento direcionadas \u00e0s fam\u00edlias, aos Salesianos, \u00e0 Prefeitura de S\u00e3o Paulo, aos patrocinadores, \u00e0 equipe e \u00e0 comunidade local. A atividade ressaltou a import\u00e2ncia das parcerias para a constru\u00e7\u00e3o e continuidade do trabalho desenvolvido ao longo dessas duas d\u00e9cadas e meia. A primeira parte da manh\u00e3 foi encerrada com um animado <em>\u201cparab\u00e9ns pra voc\u00ea\u201d<\/em>, celebrando a data com entusiasmo.<\/p>\n\n\n\n<p>Na sequ\u00eancia, enquanto as fam\u00edlias dialogavam com os educadores sobre o desenvolvimento dos educandos at\u00e9 o m\u00eas de abril, foi servido um lanche com esfiha de queijo, suco de uva e bolo de chocolate. Para tornar o momento ainda mais especial, foram disponibilizadas atividades recreativas, como jogos de quadra, jogos de mesa, jogos de tabuleiro e livros do projeto \u201cLeitura que aproxima\u201d, promovendo intera\u00e7\u00e3o e descontra\u00e7\u00e3o entre os participantes.<\/p>\n\n\n\n<p>Realizado em um ambiente acolhedor e festivo, o encontro proporcionou um dia significativo, reunindo reflex\u00e3o, conhecimento, conviv\u00eancia, solidariedade e momentos de alegria com m\u00fasica, jogos e partilha.<\/p>\n\n\n\n<p>O Diretor Presidente do Instituto Dom Bosco, Pe. Emerson Medeiros, destacou a import\u00e2ncia desse trabalho conjunto:<br><em>\u201cA transposi\u00e7\u00e3o da semente \u00e9 a educa\u00e7\u00e3o salesiana, pois semeamos no cora\u00e7\u00e3o dos nossos educandos, gerando frutos nos que aderem de boa vontade. O trabalho m\u00fatuo da institui\u00e7\u00e3o e das fam\u00edlias adubam o cora\u00e7\u00e3o dos jovens, fazendo que esta semente da educa\u00e7\u00e3o frutifique mais r\u00e1pido. Parab\u00e9ns a todos os envolvidos e viva a VP!\u201d<\/em><\/p>\n\n\n\n<p><strong><em><a href=\"https:\/\/youtu.be\/5eIbGRBHtrU\" type=\"link\" id=\"https:\/\/youtu.be\/5eIbGRBHtrU\">Clique aqui para assistir o v\u00eddeo de retrospectiva<\/a><br><a href=\"https:\/\/www.facebook.com\/media\/set\/?vanity=InstitutoDomBoscoBomRetiro&amp;set=a.1536622628467546\" type=\"link\" id=\"https:\/\/www.facebook.com\/media\/set\/?vanity=InstitutoDomBoscoBomRetiro&amp;set=a.1536622628467546\">Clique aqui para ver todas as fotos <\/a><\/em><\/strong><\/p>\n","protected":false},"excerpt":{"rendered":"<p>\u200bNo dia\u00a025 de abril de 2026, o CEDESP Dom Bosco Vila Paulistana (VP) do Instituto Dom Bosco, celebrou seus 25 anos (14 de junho) de atua\u00e7\u00e3o com um encontro especial que reuniu fam\u00edlias, educandos e equipe em um momento marcado por acolhida, reflex\u00e3o e conviv\u00eancia. A programa\u00e7\u00e3o teve in\u00edcio com a recep\u00e7\u00e3o dos participantes, que [&hellip;]<\/p>\n","protected":false},"author":29,"featured_media":117762,"comment_status":"open","ping_status":"open","sticky":false,"template":"","format":"standard","meta":{"footnotes":""},"categories":[1],"tags":[],"class_list":["post-117761","post","type-post","status-publish","format-standard","has-post-thumbnail","hentry","category-uncategorized"],"yoast_head":"<!-- This site is optimized with the Yoast SEO plugin v27.3 - https:\/\/yoast.com\/product\/yoast-seo-wordpress\/ -->\n<title>CEDESP Vila Paulistana celebra 25 anos com encontro especial entre fam\u00edlias, educandos e equipe - Instituto Dom Bosco<\/title>\n<meta name=\"robots\" content=\"index, follow, max-snippet:-1, max-image-preview:large, max-video-preview:-1\" \/>\n<link rel=\"canonical\" href=\"https:\/\/salesianossp.org.br\/osbomretiro\/cedesp-vila-paulistana-celebra-25-anos-com-encontro-especial-entre-familias-educandos-e-equipe\/\" \/>\n<meta property=\"og:locale\" content=\"pt_BR\" \/>\n<meta property=\"og:type\" content=\"article\" \/>\n<meta property=\"og:title\" content=\"CEDESP Vila Paulistana celebra 25 anos com encontro especial entre fam\u00edlias, educandos e equipe - Instituto Dom Bosco\" \/>\n<meta property=\"og:description\" content=\"\u200bNo dia\u00a025 de abril de 2026, o CEDESP Dom Bosco Vila Paulistana (VP) do Instituto Dom Bosco, celebrou seus 25 anos (14 de junho) de atua\u00e7\u00e3o com um encontro especial que reuniu fam\u00edlias, educandos e equipe em um momento marcado por acolhida, reflex\u00e3o e conviv\u00eancia. A programa\u00e7\u00e3o teve in\u00edcio com a recep\u00e7\u00e3o dos participantes, que [&hellip;]\" \/>\n<meta property=\"og:url\" content=\"https:\/\/salesianossp.org.br\/osbomretiro\/cedesp-vila-paulistana-celebra-25-anos-com-encontro-especial-entre-familias-educandos-e-equipe\/\" \/>\n<meta property=\"og:site_name\" content=\"Instituto Dom Bosco\" \/>\n<meta property=\"article:publisher\" content=\"https:\/\/www.facebook.com\/InstitutoDomBoscoBomRetiro\/\" \/>\n<meta property=\"article:published_time\" content=\"2026-04-28T19:22:09+00:00\" \/>\n<meta property=\"article:modified_time\" content=\"2026-04-28T19:26:11+00:00\" \/>\n<meta property=\"og:image\" content=\"https:\/\/salesianossp.org.br\/osbomretiro\/wp-content\/uploads\/2026\/04\/Post-IDB-1-1-5-819x1024.png\" \/>\n\t<meta property=\"og:image:width\" content=\"819\" \/>\n\t<meta property=\"og:image:height\" content=\"1024\" \/>\n\t<meta property=\"og:image:type\" content=\"image\/png\" \/>\n<meta name=\"author\" content=\"Fabiana Santello\" \/>\n<meta name=\"twitter:card\" content=\"summary_large_image\" \/>\n<meta name=\"twitter:label1\" content=\"Escrito por\" \/>\n\t<meta name=\"twitter:data1\" content=\"Fabiana Santello\" \/>\n\t<meta name=\"twitter:label2\" content=\"Est. tempo de leitura\" \/>\n\t<meta name=\"twitter:data2\" content=\"3 minutos\" \/>\n<script type=\"application\/ld+json\" class=\"yoast-schema-graph\">{\"@context\":\"https:\\\/\\\/schema.org\",\"@graph\":[{\"@type\":\"Article\",\"@id\":\"https:\\\/\\\/salesianossp.org.br\\\/osbomretiro\\\/cedesp-vila-paulistana-celebra-25-anos-com-encontro-especial-entre-familias-educandos-e-equipe\\\/#article\",\"isPartOf\":{\"@id\":\"https:\\\/\\\/salesianossp.org.br\\\/osbomretiro\\\/cedesp-vila-paulistana-celebra-25-anos-com-encontro-especial-entre-familias-educandos-e-equipe\\\/\"},\"author\":{\"name\":\"Fabiana Santello\",\"@id\":\"https:\\\/\\\/salesianossp.org.br\\\/osbomretiro\\\/#\\\/schema\\\/person\\\/e2eca61d4aedd9f74773a05ecabce429\"},\"headline\":\"CEDESP Vila Paulistana celebra 25 anos com encontro especial entre fam\u00edlias, educandos e equipe\",\"datePublished\":\"2026-04-28T19:22:09+00:00\",\"dateModified\":\"2026-04-28T19:26:11+00:00\",\"mainEntityOfPage\":{\"@id\":\"https:\\\/\\\/salesianossp.org.br\\\/osbomretiro\\\/cedesp-vila-paulistana-celebra-25-anos-com-encontro-especial-entre-familias-educandos-e-equipe\\\/\"},\"wordCount\":408,\"commentCount\":0,\"publisher\":{\"@id\":\"https:\\\/\\\/salesianossp.org.br\\\/osbomretiro\\\/#organization\"},\"image\":{\"@id\":\"https:\\\/\\\/salesianossp.org.br\\\/osbomretiro\\\/cedesp-vila-paulistana-celebra-25-anos-com-encontro-especial-entre-familias-educandos-e-equipe\\\/#primaryimage\"},\"thumbnailUrl\":\"https:\\\/\\\/salesianossp.org.br\\\/osbomretiro\\\/wp-content\\\/uploads\\\/2026\\\/04\\\/Post-IDB-1-1-5.png\",\"articleSection\":[\"Uncategorized\"],\"inLanguage\":\"pt-BR\",\"potentialAction\":[{\"@type\":\"CommentAction\",\"name\":\"Comment\",\"target\":[\"https:\\\/\\\/salesianossp.org.br\\\/osbomretiro\\\/cedesp-vila-paulistana-celebra-25-anos-com-encontro-especial-entre-familias-educandos-e-equipe\\\/#respond\"]}]},{\"@type\":\"WebPage\",\"@id\":\"https:\\\/\\\/salesianossp.org.br\\\/osbomretiro\\\/cedesp-vila-paulistana-celebra-25-anos-com-encontro-especial-entre-familias-educandos-e-equipe\\\/\",\"url\":\"https:\\\/\\\/salesianossp.org.br\\\/osbomretiro\\\/cedesp-vila-paulistana-celebra-25-anos-com-encontro-especial-entre-familias-educandos-e-equipe\\\/\",\"name\":\"CEDESP Vila Paulistana celebra 25 anos com encontro especial entre fam\u00edlias, educandos e equipe - Instituto Dom Bosco\",\"isPartOf\":{\"@id\":\"https:\\\/\\\/salesianossp.org.br\\\/osbomretiro\\\/#website\"},\"primaryImageOfPage\":{\"@id\":\"https:\\\/\\\/salesianossp.org.br\\\/osbomretiro\\\/cedesp-vila-paulistana-celebra-25-anos-com-encontro-especial-entre-familias-educandos-e-equipe\\\/#primaryimage\"},\"image\":{\"@id\":\"https:\\\/\\\/salesianossp.org.br\\\/osbomretiro\\\/cedesp-vila-paulistana-celebra-25-anos-com-encontro-especial-entre-familias-educandos-e-equipe\\\/#primaryimage\"},\"thumbnailUrl\":\"https:\\\/\\\/salesianossp.org.br\\\/osbomretiro\\\/wp-content\\\/uploads\\\/2026\\\/04\\\/Post-IDB-1-1-5.png\",\"datePublished\":\"2026-04-28T19:22:09+00:00\",\"dateModified\":\"2026-04-28T19:26:11+00:00\",\"breadcrumb\":{\"@id\":\"https:\\\/\\\/salesianossp.org.br\\\/osbomretiro\\\/cedesp-vila-paulistana-celebra-25-anos-com-encontro-especial-entre-familias-educandos-e-equipe\\\/#breadcrumb\"},\"inLanguage\":\"pt-BR\",\"potentialAction\":[{\"@type\":\"ReadAction\",\"target\":[\"https:\\\/\\\/salesianossp.org.br\\\/osbomretiro\\\/cedesp-vila-paulistana-celebra-25-anos-com-encontro-especial-entre-familias-educandos-e-equipe\\\/\"]}]},{\"@type\":\"ImageObject\",\"inLanguage\":\"pt-BR\",\"@id\":\"https:\\\/\\\/salesianossp.org.br\\\/osbomretiro\\\/cedesp-vila-paulistana-celebra-25-anos-com-encontro-especial-entre-familias-educandos-e-equipe\\\/#primaryimage\",\"url\":\"https:\\\/\\\/salesianossp.org.br\\\/osbomretiro\\\/wp-content\\\/uploads\\\/2026\\\/04\\\/Post-IDB-1-1-5.png\",\"contentUrl\":\"https:\\\/\\\/salesianossp.org.br\\\/osbomretiro\\\/wp-content\\\/uploads\\\/2026\\\/04\\\/Post-IDB-1-1-5.png\",\"width\":1080,\"height\":1350},{\"@type\":\"BreadcrumbList\",\"@id\":\"https:\\\/\\\/salesianossp.org.br\\\/osbomretiro\\\/cedesp-vila-paulistana-celebra-25-anos-com-encontro-especial-entre-familias-educandos-e-equipe\\\/#breadcrumb\",\"itemListElement\":[{\"@type\":\"ListItem\",\"position\":1,\"name\":\"In\u00edcio\",\"item\":\"https:\\\/\\\/salesianossp.org.br\\\/osbomretiro\\\/\"},{\"@type\":\"ListItem\",\"position\":2,\"name\":\"CEDESP Vila Paulistana celebra 25 anos com encontro especial entre fam\u00edlias, educandos e equipe\"}]},{\"@type\":\"WebSite\",\"@id\":\"https:\\\/\\\/salesianossp.org.br\\\/osbomretiro\\\/#website\",\"url\":\"https:\\\/\\\/salesianossp.org.br\\\/osbomretiro\\\/\",\"name\":\"Instituto Dom Bosco\",\"description\":\"\",\"publisher\":{\"@id\":\"https:\\\/\\\/salesianossp.org.br\\\/osbomretiro\\\/#organization\"},\"potentialAction\":[{\"@type\":\"SearchAction\",\"target\":{\"@type\":\"EntryPoint\",\"urlTemplate\":\"https:\\\/\\\/salesianossp.org.br\\\/osbomretiro\\\/?s={search_term_string}\"},\"query-input\":{\"@type\":\"PropertyValueSpecification\",\"valueRequired\":true,\"valueName\":\"search_term_string\"}}],\"inLanguage\":\"pt-BR\"},{\"@type\":\"Organization\",\"@id\":\"https:\\\/\\\/salesianossp.org.br\\\/osbomretiro\\\/#organization\",\"name\":\"Instituto Dom Bosco\",\"url\":\"https:\\\/\\\/salesianossp.org.br\\\/osbomretiro\\\/\",\"logo\":{\"@type\":\"ImageObject\",\"inLanguage\":\"pt-BR\",\"@id\":\"https:\\\/\\\/salesianossp.org.br\\\/osbomretiro\\\/#\\\/schema\\\/logo\\\/image\\\/\",\"url\":\"https:\\\/\\\/salesianossp.org.br\\\/osbomretiro\\\/wp-content\\\/uploads\\\/2025\\\/10\\\/logotipo-instituto-dom-bosco-color-56.svg\",\"contentUrl\":\"https:\\\/\\\/salesianossp.org.br\\\/osbomretiro\\\/wp-content\\\/uploads\\\/2025\\\/10\\\/logotipo-instituto-dom-bosco-color-56.svg\",\"width\":164,\"height\":56,\"caption\":\"Instituto Dom Bosco\"},\"image\":{\"@id\":\"https:\\\/\\\/salesianossp.org.br\\\/osbomretiro\\\/#\\\/schema\\\/logo\\\/image\\\/\"},\"sameAs\":[\"https:\\\/\\\/www.facebook.com\\\/InstitutoDomBoscoBomRetiro\\\/\",\"https:\\\/\\\/www.youtube.com\\\/user\\\/Institutodb\",\"https:\\\/\\\/www.instagram.com\\\/institutodb\\\/\"]},{\"@type\":\"Person\",\"@id\":\"https:\\\/\\\/salesianossp.org.br\\\/osbomretiro\\\/#\\\/schema\\\/person\\\/e2eca61d4aedd9f74773a05ecabce429\",\"name\":\"Fabiana Santello\",\"image\":{\"@type\":\"ImageObject\",\"inLanguage\":\"pt-BR\",\"@id\":\"https:\\\/\\\/secure.gravatar.com\\\/avatar\\\/4fa669318bbfdc73317a1dbd71c8808075776701c3cd34790e053fdbd3bb77c1?s=96&d=mm&r=g\",\"url\":\"https:\\\/\\\/secure.gravatar.com\\\/avatar\\\/4fa669318bbfdc73317a1dbd71c8808075776701c3cd34790e053fdbd3bb77c1?s=96&d=mm&r=g\",\"contentUrl\":\"https:\\\/\\\/secure.gravatar.com\\\/avatar\\\/4fa669318bbfdc73317a1dbd71c8808075776701c3cd34790e053fdbd3bb77c1?s=96&d=mm&r=g\",\"caption\":\"Fabiana Santello\"},\"url\":\"https:\\\/\\\/salesianossp.org.br\\\/osbomretiro\\\/author\\\/fabiana-santello\\\/\"}]}<\/script>\n<!-- \/ Yoast SEO plugin. -->","yoast_head_json":{"title":"CEDESP Vila Paulistana celebra 25 anos com encontro especial entre fam\u00edlias, educandos e equipe - Instituto Dom Bosco","robots":{"index":"index","follow":"follow","max-snippet":"max-snippet:-1","max-image-preview":"max-image-preview:large","max-video-preview":"max-video-preview:-1"},"canonical":"https:\/\/salesianossp.org.br\/osbomretiro\/cedesp-vila-paulistana-celebra-25-anos-com-encontro-especial-entre-familias-educandos-e-equipe\/","og_locale":"pt_BR","og_type":"article","og_title":"CEDESP Vila Paulistana celebra 25 anos com encontro especial entre fam\u00edlias, educandos e equipe - Instituto Dom Bosco","og_description":"\u200bNo dia\u00a025 de abril de 2026, o CEDESP Dom Bosco Vila Paulistana (VP) do Instituto Dom Bosco, celebrou seus 25 anos (14 de junho) de atua\u00e7\u00e3o com um encontro especial que reuniu fam\u00edlias, educandos e equipe em um momento marcado por acolhida, reflex\u00e3o e conviv\u00eancia. A programa\u00e7\u00e3o teve in\u00edcio com a recep\u00e7\u00e3o dos participantes, que [&hellip;]","og_url":"https:\/\/salesianossp.org.br\/osbomretiro\/cedesp-vila-paulistana-celebra-25-anos-com-encontro-especial-entre-familias-educandos-e-equipe\/","og_site_name":"Instituto Dom Bosco","article_publisher":"https:\/\/www.facebook.com\/InstitutoDomBoscoBomRetiro\/","article_published_time":"2026-04-28T19:22:09+00:00","article_modified_time":"2026-04-28T19:26:11+00:00","og_image":[{"width":819,"height":1024,"url":"https:\/\/salesianossp.org.br\/osbomretiro\/wp-content\/uploads\/2026\/04\/Post-IDB-1-1-5-819x1024.png","type":"image\/png"}],"author":"Fabiana Santello","twitter_card":"summary_large_image","twitter_misc":{"Escrito por":"Fabiana Santello","Est. tempo de leitura":"3 minutos"},"schema":{"@context":"https:\/\/schema.org","@graph":[{"@type":"Article","@id":"https:\/\/salesianossp.org.br\/osbomretiro\/cedesp-vila-paulistana-celebra-25-anos-com-encontro-especial-entre-familias-educandos-e-equipe\/#article","isPartOf":{"@id":"https:\/\/salesianossp.org.br\/osbomretiro\/cedesp-vila-paulistana-celebra-25-anos-com-encontro-especial-entre-familias-educandos-e-equipe\/"},"author":{"name":"Fabiana Santello","@id":"https:\/\/salesianossp.org.br\/osbomretiro\/#\/schema\/person\/e2eca61d4aedd9f74773a05ecabce429"},"headline":"CEDESP Vila Paulistana celebra 25 anos com encontro especial entre fam\u00edlias, educandos e equipe","datePublished":"2026-04-28T19:22:09+00:00","dateModified":"2026-04-28T19:26:11+00:00","mainEntityOfPage":{"@id":"https:\/\/salesianossp.org.br\/osbomretiro\/cedesp-vila-paulistana-celebra-25-anos-com-encontro-especial-entre-familias-educandos-e-equipe\/"},"wordCount":408,"commentCount":0,"publisher":{"@id":"https:\/\/salesianossp.org.br\/osbomretiro\/#organization"},"image":{"@id":"https:\/\/salesianossp.org.br\/osbomretiro\/cedesp-vila-paulistana-celebra-25-anos-com-encontro-especial-entre-familias-educandos-e-equipe\/#primaryimage"},"thumbnailUrl":"https:\/\/salesianossp.org.br\/osbomretiro\/wp-content\/uploads\/2026\/04\/Post-IDB-1-1-5.png","articleSection":["Uncategorized"],"inLanguage":"pt-BR","potentialAction":[{"@type":"CommentAction","name":"Comment","target":["https:\/\/salesianossp.org.br\/osbomretiro\/cedesp-vila-paulistana-celebra-25-anos-com-encontro-especial-entre-familias-educandos-e-equipe\/#respond"]}]},{"@type":"WebPage","@id":"https:\/\/salesianossp.org.br\/osbomretiro\/cedesp-vila-paulistana-celebra-25-anos-com-encontro-especial-entre-familias-educandos-e-equipe\/","url":"https:\/\/salesianossp.org.br\/osbomretiro\/cedesp-vila-paulistana-celebra-25-anos-com-encontro-especial-entre-familias-educandos-e-equipe\/","name":"CEDESP Vila Paulistana celebra 25 anos com encontro especial entre fam\u00edlias, educandos e equipe - Instituto Dom Bosco","isPartOf":{"@id":"https:\/\/salesianossp.org.br\/osbomretiro\/#website"},"primaryImageOfPage":{"@id":"https:\/\/salesianossp.org.br\/osbomretiro\/cedesp-vila-paulistana-celebra-25-anos-com-encontro-especial-entre-familias-educandos-e-equipe\/#primaryimage"},"image":{"@id":"https:\/\/salesianossp.org.br\/osbomretiro\/cedesp-vila-paulistana-celebra-25-anos-com-encontro-especial-entre-familias-educandos-e-equipe\/#primaryimage"},"thumbnailUrl":"https:\/\/salesianossp.org.br\/osbomretiro\/wp-content\/uploads\/2026\/04\/Post-IDB-1-1-5.png","datePublished":"2026-04-28T19:22:09+00:00","dateModified":"2026-04-28T19:26:11+00:00","breadcrumb":{"@id":"https:\/\/salesianossp.org.br\/osbomretiro\/cedesp-vila-paulistana-celebra-25-anos-com-encontro-especial-entre-familias-educandos-e-equipe\/#breadcrumb"},"inLanguage":"pt-BR","potentialAction":[{"@type":"ReadAction","target":["https:\/\/salesianossp.org.br\/osbomretiro\/cedesp-vila-paulistana-celebra-25-anos-com-encontro-especial-entre-familias-educandos-e-equipe\/"]}]},{"@type":"ImageObject","inLanguage":"pt-BR","@id":"https:\/\/salesianossp.org.br\/osbomretiro\/cedesp-vila-paulistana-celebra-25-anos-com-encontro-especial-entre-familias-educandos-e-equipe\/#primaryimage","url":"https:\/\/salesianossp.org.br\/osbomretiro\/wp-content\/uploads\/2026\/04\/Post-IDB-1-1-5.png","contentUrl":"https:\/\/salesianossp.org.br\/osbomretiro\/wp-content\/uploads\/2026\/04\/Post-IDB-1-1-5.png","width":1080,"height":1350},{"@type":"BreadcrumbList","@id":"https:\/\/salesianossp.org.br\/osbomretiro\/cedesp-vila-paulistana-celebra-25-anos-com-encontro-especial-entre-familias-educandos-e-equipe\/#breadcrumb","itemListElement":[{"@type":"ListItem","position":1,"name":"In\u00edcio","item":"https:\/\/salesianossp.org.br\/osbomretiro\/"},{"@type":"ListItem","position":2,"name":"CEDESP Vila Paulistana celebra 25 anos com encontro especial entre fam\u00edlias, educandos e equipe"}]},{"@type":"WebSite","@id":"https:\/\/salesianossp.org.br\/osbomretiro\/#website","url":"https:\/\/salesianossp.org.br\/osbomretiro\/","name":"Instituto Dom Bosco","description":"","publisher":{"@id":"https:\/\/salesianossp.org.br\/osbomretiro\/#organization"},"potentialAction":[{"@type":"SearchAction","target":{"@type":"EntryPoint","urlTemplate":"https:\/\/salesianossp.org.br\/osbomretiro\/?s={search_term_string}"},"query-input":{"@type":"PropertyValueSpecification","valueRequired":true,"valueName":"search_term_string"}}],"inLanguage":"pt-BR"},{"@type":"Organization","@id":"https:\/\/salesianossp.org.br\/osbomretiro\/#organization","name":"Instituto Dom Bosco","url":"https:\/\/salesianossp.org.br\/osbomretiro\/","logo":{"@type":"ImageObject","inLanguage":"pt-BR","@id":"https:\/\/salesianossp.org.br\/osbomretiro\/#\/schema\/logo\/image\/","url":"https:\/\/salesianossp.org.br\/osbomretiro\/wp-content\/uploads\/2025\/10\/logotipo-instituto-dom-bosco-color-56.svg","contentUrl":"https:\/\/salesianossp.org.br\/osbomretiro\/wp-content\/uploads\/2025\/10\/logotipo-instituto-dom-bosco-color-56.svg","width":164,"height":56,"caption":"Instituto Dom Bosco"},"image":{"@id":"https:\/\/salesianossp.org.br\/osbomretiro\/#\/schema\/logo\/image\/"},"sameAs":["https:\/\/www.facebook.com\/InstitutoDomBoscoBomRetiro\/","https:\/\/www.youtube.com\/user\/Institutodb","https:\/\/www.instagram.com\/institutodb\/"]},{"@type":"Person","@id":"https:\/\/salesianossp.org.br\/osbomretiro\/#\/schema\/person\/e2eca61d4aedd9f74773a05ecabce429","name":"Fabiana Santello","image":{"@type":"ImageObject","inLanguage":"pt-BR","@id":"https:\/\/secure.gravatar.com\/avatar\/4fa669318bbfdc73317a1dbd71c8808075776701c3cd34790e053fdbd3bb77c1?s=96&d=mm&r=g","url":"https:\/\/secure.gravatar.com\/avatar\/4fa669318bbfdc73317a1dbd71c8808075776701c3cd34790e053fdbd3bb77c1?s=96&d=mm&r=g","contentUrl":"https:\/\/secure.gravatar.com\/avatar\/4fa669318bbfdc73317a1dbd71c8808075776701c3cd34790e053fdbd3bb77c1?s=96&d=mm&r=g","caption":"Fabiana Santello"},"url":"https:\/\/salesianossp.org.br\/osbomretiro\/author\/fabiana-santello\/"}]}},"_links":{"self":[{"href":"https:\/\/salesianossp.org.br\/osbomretiro\/wp-json\/wp\/v2\/posts\/117761","targetHints":{"allow":["GET"]}}],"collection":[{"href":"https:\/\/salesianossp.org.br\/osbomretiro\/wp-json\/wp\/v2\/posts"}],"about":[{"href":"https:\/\/salesianossp.org.br\/osbomretiro\/wp-json\/wp\/v2\/types\/post"}],"author":[{"embeddable":true,"href":"https:\/\/salesianossp.org.br\/osbomretiro\/wp-json\/wp\/v2\/users\/29"}],"replies":[{"embeddable":true,"href":"https:\/\/salesianossp.org.br\/osbomretiro\/wp-json\/wp\/v2\/comments?post=117761"}],"version-history":[{"count":3,"href":"https:\/\/salesianossp.org.br\/osbomretiro\/wp-json\/wp\/v2\/posts\/117761\/revisions"}],"predecessor-version":[{"id":117765,"href":"https:\/\/salesianossp.org.br\/osbomretiro\/wp-json\/wp\/v2\/posts\/117761\/revisions\/117765"}],"wp:featuredmedia":[{"embeddable":true,"href":"https:\/\/salesianossp.org.br\/osbomretiro\/wp-json\/wp\/v2\/media\/117762"}],"wp:attachment":[{"href":"https:\/\/salesianossp.org.br\/osbomretiro\/wp-json\/wp\/v2\/media?parent=117761"}],"wp:term":[{"taxonomy":"category","embeddable":true,"href":"https:\/\/salesianossp.org.br\/osbomretiro\/wp-json\/wp\/v2\/categories?post=117761"},{"taxonomy":"post_tag","embeddable":true,"href":"https:\/\/salesianossp.org.br\/osbomretiro\/wp-json\/wp\/v2\/tags?post=117761"}],"curies":[{"name":"wp","href":"https:\/\/api.w.org\/{rel}","templated":true}]}}