{"id":117767,"date":"2026-04-29T20:40:41","date_gmt":"2026-04-29T20:40:41","guid":{"rendered":"https:\/\/salesianossp.org.br\/osbomretiro\/?p=117767"},"modified":"2026-04-29T20:50:03","modified_gmt":"2026-04-29T20:50:03","slug":"turma-lilas-do-cca-vivencia-caca-ao-tesouro-inspirada-em-o-pequeno-principe","status":"publish","type":"post","link":"https:\/\/salesianossp.org.br\/osbomretiro\/turma-lilas-do-cca-vivencia-caca-ao-tesouro-inspirada-em-o-pequeno-principe\/","title":{"rendered":"Turma Lil\u00e1s do CCA vivencia Ca\u00e7a ao Tesouro inspirada em \u201cO Pequeno Pr\u00edncipe\u201d"},"content":{"rendered":"\n<p>No dia <strong>16 de abril<\/strong>, ap\u00f3s o CEDESP vivenciar experi\u00eancia semelhante, desta vez, foi a Turma Lil\u00e1s do CCA Provim Bom Retiro quem participou de uma atividade especial marcada por muita alegria, imagina\u00e7\u00e3o e aprendizado: uma divertida Ca\u00e7a ao Tesouro inspirada na obra <em>O Pequeno Pr\u00edncipe<\/em>.<\/p>\n\n\n\n<p>Entre pistas, descobertas e trabalho em equipe, as crian\u00e7as embarcaram em uma aventura cheia de encanto, explorando valores como amizade, coopera\u00e7\u00e3o, cuidado e criatividade. Cada etapa foi vivida com entusiasmo, curiosidade e muitos sorrisos, tornando o momento ainda mais significativo.<\/p>\n\n\n\n<p>Ao final da miss\u00e3o, al\u00e9m de encontrarem o tesouro, os participantes receberam um mimo especial: um chocolatinho para celebrar essa experi\u00eancia t\u00e3o divertida e cheia de significado.<\/p>\n\n\n\n<p>A atividade tamb\u00e9m marcou o in\u00edcio de uma nova etapa do projeto: o Clube do Livro, que ter\u00e1 como primeira leitura a cl\u00e1ssica obra <em>O Pequeno Pr\u00edncipe<\/em>, ampliando o contato das crian\u00e7as com a leitura e o universo liter\u00e1rio.<\/p>\n\n\n\n<p>Foi uma manh\u00e3 especial, repleta de participa\u00e7\u00e3o, alegria e descobertas, que certamente ficar\u00e1 guardada na mem\u00f3ria de todos, concluiu Adrieli Lima, respons\u00e1vel pela Biblioteca.<\/p>\n\n\n\n<p><strong><em><a href=\"https:\/\/www.facebook.com\/media\/set\/?vanity=InstitutoDomBoscoBomRetiro&amp;set=a.1537688835027592\" type=\"link\" id=\"https:\/\/www.facebook.com\/media\/set\/?vanity=InstitutoDomBoscoBomRetiro&amp;set=a.1537688835027592\">Clique aqui para ver as fotos do momento<\/a><\/em><\/strong><\/p>\n\n\n\n<p><\/p>\n","protected":false},"excerpt":{"rendered":"<p>No dia 16 de abril, ap\u00f3s o CEDESP vivenciar experi\u00eancia semelhante, desta vez, foi a Turma Lil\u00e1s do CCA Provim Bom Retiro quem participou de uma atividade especial marcada por muita alegria, imagina\u00e7\u00e3o e aprendizado: uma divertida Ca\u00e7a ao Tesouro inspirada na obra O Pequeno Pr\u00edncipe. Entre pistas, descobertas e trabalho em equipe, as crian\u00e7as [&hellip;]<\/p>\n","protected":false},"author":29,"featured_media":117769,"comment_status":"open","ping_status":"open","sticky":false,"template":"","format":"standard","meta":{"footnotes":""},"categories":[1],"tags":[],"class_list":["post-117767","post","type-post","status-publish","format-standard","has-post-thumbnail","hentry","category-uncategorized"],"yoast_head":"<!-- This site is optimized with the Yoast SEO plugin v27.5 - https:\/\/yoast.com\/product\/yoast-seo-wordpress\/ -->\n<title>Turma Lil\u00e1s do CCA vivencia Ca\u00e7a ao Tesouro inspirada em \u201cO Pequeno Pr\u00edncipe\u201d - Instituto Dom Bosco<\/title>\n<meta name=\"robots\" content=\"index, follow, max-snippet:-1, max-image-preview:large, max-video-preview:-1\" \/>\n<link rel=\"canonical\" href=\"https:\/\/salesianossp.org.br\/osbomretiro\/turma-lilas-do-cca-vivencia-caca-ao-tesouro-inspirada-em-o-pequeno-principe\/\" \/>\n<meta property=\"og:locale\" content=\"pt_BR\" \/>\n<meta property=\"og:type\" content=\"article\" \/>\n<meta property=\"og:title\" content=\"Turma Lil\u00e1s do CCA vivencia Ca\u00e7a ao Tesouro inspirada em \u201cO Pequeno Pr\u00edncipe\u201d - Instituto Dom Bosco\" \/>\n<meta property=\"og:description\" content=\"No dia 16 de abril, ap\u00f3s o CEDESP vivenciar experi\u00eancia semelhante, desta vez, foi a Turma Lil\u00e1s do CCA Provim Bom Retiro quem participou de uma atividade especial marcada por muita alegria, imagina\u00e7\u00e3o e aprendizado: uma divertida Ca\u00e7a ao Tesouro inspirada na obra O Pequeno Pr\u00edncipe. Entre pistas, descobertas e trabalho em equipe, as crian\u00e7as [&hellip;]\" \/>\n<meta property=\"og:url\" content=\"https:\/\/salesianossp.org.br\/osbomretiro\/turma-lilas-do-cca-vivencia-caca-ao-tesouro-inspirada-em-o-pequeno-principe\/\" \/>\n<meta property=\"og:site_name\" content=\"Instituto Dom Bosco\" \/>\n<meta property=\"article:publisher\" content=\"https:\/\/www.facebook.com\/InstitutoDomBoscoBomRetiro\/\" \/>\n<meta property=\"article:published_time\" content=\"2026-04-29T20:40:41+00:00\" \/>\n<meta property=\"article:modified_time\" content=\"2026-04-29T20:50:03+00:00\" \/>\n<meta property=\"og:image\" content=\"https:\/\/salesianossp.org.br\/osbomretiro\/wp-content\/uploads\/2026\/04\/Post-IDB-1-1-6.png\" \/>\n\t<meta property=\"og:image:width\" content=\"1080\" \/>\n\t<meta property=\"og:image:height\" content=\"1350\" \/>\n\t<meta property=\"og:image:type\" content=\"image\/png\" \/>\n<meta name=\"author\" content=\"Fabiana Santello\" \/>\n<meta name=\"twitter:card\" content=\"summary_large_image\" \/>\n<meta name=\"twitter:label1\" content=\"Escrito por\" \/>\n\t<meta name=\"twitter:data1\" content=\"Fabiana Santello\" \/>\n\t<meta name=\"twitter:label2\" content=\"Est. tempo de leitura\" \/>\n\t<meta name=\"twitter:data2\" content=\"2 minutos\" \/>\n<script type=\"application\/ld+json\" class=\"yoast-schema-graph\">{\"@context\":\"https:\\\/\\\/schema.org\",\"@graph\":[{\"@type\":\"Article\",\"@id\":\"https:\\\/\\\/salesianossp.org.br\\\/osbomretiro\\\/turma-lilas-do-cca-vivencia-caca-ao-tesouro-inspirada-em-o-pequeno-principe\\\/#article\",\"isPartOf\":{\"@id\":\"https:\\\/\\\/salesianossp.org.br\\\/osbomretiro\\\/turma-lilas-do-cca-vivencia-caca-ao-tesouro-inspirada-em-o-pequeno-principe\\\/\"},\"author\":{\"name\":\"Fabiana Santello\",\"@id\":\"https:\\\/\\\/salesianossp.org.br\\\/osbomretiro\\\/#\\\/schema\\\/person\\\/e2eca61d4aedd9f74773a05ecabce429\"},\"headline\":\"Turma Lil\u00e1s do CCA vivencia Ca\u00e7a ao Tesouro inspirada em \u201cO Pequeno Pr\u00edncipe\u201d\",\"datePublished\":\"2026-04-29T20:40:41+00:00\",\"dateModified\":\"2026-04-29T20:50:03+00:00\",\"mainEntityOfPage\":{\"@id\":\"https:\\\/\\\/salesianossp.org.br\\\/osbomretiro\\\/turma-lilas-do-cca-vivencia-caca-ao-tesouro-inspirada-em-o-pequeno-principe\\\/\"},\"wordCount\":220,\"commentCount\":0,\"publisher\":{\"@id\":\"https:\\\/\\\/salesianossp.org.br\\\/osbomretiro\\\/#organization\"},\"image\":{\"@id\":\"https:\\\/\\\/salesianossp.org.br\\\/osbomretiro\\\/turma-lilas-do-cca-vivencia-caca-ao-tesouro-inspirada-em-o-pequeno-principe\\\/#primaryimage\"},\"thumbnailUrl\":\"https:\\\/\\\/salesianossp.org.br\\\/osbomretiro\\\/wp-content\\\/uploads\\\/2026\\\/04\\\/Post-IDB-1-1-6.png\",\"articleSection\":[\"Uncategorized\"],\"inLanguage\":\"pt-BR\",\"potentialAction\":[{\"@type\":\"CommentAction\",\"name\":\"Comment\",\"target\":[\"https:\\\/\\\/salesianossp.org.br\\\/osbomretiro\\\/turma-lilas-do-cca-vivencia-caca-ao-tesouro-inspirada-em-o-pequeno-principe\\\/#respond\"]}]},{\"@type\":\"WebPage\",\"@id\":\"https:\\\/\\\/salesianossp.org.br\\\/osbomretiro\\\/turma-lilas-do-cca-vivencia-caca-ao-tesouro-inspirada-em-o-pequeno-principe\\\/\",\"url\":\"https:\\\/\\\/salesianossp.org.br\\\/osbomretiro\\\/turma-lilas-do-cca-vivencia-caca-ao-tesouro-inspirada-em-o-pequeno-principe\\\/\",\"name\":\"Turma Lil\u00e1s do CCA vivencia Ca\u00e7a ao Tesouro inspirada em \u201cO Pequeno Pr\u00edncipe\u201d - Instituto Dom Bosco\",\"isPartOf\":{\"@id\":\"https:\\\/\\\/salesianossp.org.br\\\/osbomretiro\\\/#website\"},\"primaryImageOfPage\":{\"@id\":\"https:\\\/\\\/salesianossp.org.br\\\/osbomretiro\\\/turma-lilas-do-cca-vivencia-caca-ao-tesouro-inspirada-em-o-pequeno-principe\\\/#primaryimage\"},\"image\":{\"@id\":\"https:\\\/\\\/salesianossp.org.br\\\/osbomretiro\\\/turma-lilas-do-cca-vivencia-caca-ao-tesouro-inspirada-em-o-pequeno-principe\\\/#primaryimage\"},\"thumbnailUrl\":\"https:\\\/\\\/salesianossp.org.br\\\/osbomretiro\\\/wp-content\\\/uploads\\\/2026\\\/04\\\/Post-IDB-1-1-6.png\",\"datePublished\":\"2026-04-29T20:40:41+00:00\",\"dateModified\":\"2026-04-29T20:50:03+00:00\",\"breadcrumb\":{\"@id\":\"https:\\\/\\\/salesianossp.org.br\\\/osbomretiro\\\/turma-lilas-do-cca-vivencia-caca-ao-tesouro-inspirada-em-o-pequeno-principe\\\/#breadcrumb\"},\"inLanguage\":\"pt-BR\",\"potentialAction\":[{\"@type\":\"ReadAction\",\"target\":[\"https:\\\/\\\/salesianossp.org.br\\\/osbomretiro\\\/turma-lilas-do-cca-vivencia-caca-ao-tesouro-inspirada-em-o-pequeno-principe\\\/\"]}]},{\"@type\":\"ImageObject\",\"inLanguage\":\"pt-BR\",\"@id\":\"https:\\\/\\\/salesianossp.org.br\\\/osbomretiro\\\/turma-lilas-do-cca-vivencia-caca-ao-tesouro-inspirada-em-o-pequeno-principe\\\/#primaryimage\",\"url\":\"https:\\\/\\\/salesianossp.org.br\\\/osbomretiro\\\/wp-content\\\/uploads\\\/2026\\\/04\\\/Post-IDB-1-1-6.png\",\"contentUrl\":\"https:\\\/\\\/salesianossp.org.br\\\/osbomretiro\\\/wp-content\\\/uploads\\\/2026\\\/04\\\/Post-IDB-1-1-6.png\",\"width\":1080,\"height\":1350},{\"@type\":\"BreadcrumbList\",\"@id\":\"https:\\\/\\\/salesianossp.org.br\\\/osbomretiro\\\/turma-lilas-do-cca-vivencia-caca-ao-tesouro-inspirada-em-o-pequeno-principe\\\/#breadcrumb\",\"itemListElement\":[{\"@type\":\"ListItem\",\"position\":1,\"name\":\"In\u00edcio\",\"item\":\"https:\\\/\\\/salesianossp.org.br\\\/osbomretiro\\\/\"},{\"@type\":\"ListItem\",\"position\":2,\"name\":\"Turma Lil\u00e1s do CCA vivencia Ca\u00e7a ao Tesouro inspirada em \u201cO Pequeno Pr\u00edncipe\u201d\"}]},{\"@type\":\"WebSite\",\"@id\":\"https:\\\/\\\/salesianossp.org.br\\\/osbomretiro\\\/#website\",\"url\":\"https:\\\/\\\/salesianossp.org.br\\\/osbomretiro\\\/\",\"name\":\"Instituto Dom Bosco\",\"description\":\"\",\"publisher\":{\"@id\":\"https:\\\/\\\/salesianossp.org.br\\\/osbomretiro\\\/#organization\"},\"potentialAction\":[{\"@type\":\"SearchAction\",\"target\":{\"@type\":\"EntryPoint\",\"urlTemplate\":\"https:\\\/\\\/salesianossp.org.br\\\/osbomretiro\\\/?s={search_term_string}\"},\"query-input\":{\"@type\":\"PropertyValueSpecification\",\"valueRequired\":true,\"valueName\":\"search_term_string\"}}],\"inLanguage\":\"pt-BR\"},{\"@type\":\"Organization\",\"@id\":\"https:\\\/\\\/salesianossp.org.br\\\/osbomretiro\\\/#organization\",\"name\":\"Instituto Dom Bosco\",\"url\":\"https:\\\/\\\/salesianossp.org.br\\\/osbomretiro\\\/\",\"logo\":{\"@type\":\"ImageObject\",\"inLanguage\":\"pt-BR\",\"@id\":\"https:\\\/\\\/salesianossp.org.br\\\/osbomretiro\\\/#\\\/schema\\\/logo\\\/image\\\/\",\"url\":\"https:\\\/\\\/salesianossp.org.br\\\/osbomretiro\\\/wp-content\\\/uploads\\\/2025\\\/10\\\/logotipo-instituto-dom-bosco-color-56.svg\",\"contentUrl\":\"https:\\\/\\\/salesianossp.org.br\\\/osbomretiro\\\/wp-content\\\/uploads\\\/2025\\\/10\\\/logotipo-instituto-dom-bosco-color-56.svg\",\"width\":164,\"height\":56,\"caption\":\"Instituto Dom Bosco\"},\"image\":{\"@id\":\"https:\\\/\\\/salesianossp.org.br\\\/osbomretiro\\\/#\\\/schema\\\/logo\\\/image\\\/\"},\"sameAs\":[\"https:\\\/\\\/www.facebook.com\\\/InstitutoDomBoscoBomRetiro\\\/\",\"https:\\\/\\\/www.youtube.com\\\/user\\\/Institutodb\",\"https:\\\/\\\/www.instagram.com\\\/institutodb\\\/\"]},{\"@type\":\"Person\",\"@id\":\"https:\\\/\\\/salesianossp.org.br\\\/osbomretiro\\\/#\\\/schema\\\/person\\\/e2eca61d4aedd9f74773a05ecabce429\",\"name\":\"Fabiana Santello\",\"image\":{\"@type\":\"ImageObject\",\"inLanguage\":\"pt-BR\",\"@id\":\"https:\\\/\\\/secure.gravatar.com\\\/avatar\\\/4fa669318bbfdc73317a1dbd71c8808075776701c3cd34790e053fdbd3bb77c1?s=96&d=mm&r=g\",\"url\":\"https:\\\/\\\/secure.gravatar.com\\\/avatar\\\/4fa669318bbfdc73317a1dbd71c8808075776701c3cd34790e053fdbd3bb77c1?s=96&d=mm&r=g\",\"contentUrl\":\"https:\\\/\\\/secure.gravatar.com\\\/avatar\\\/4fa669318bbfdc73317a1dbd71c8808075776701c3cd34790e053fdbd3bb77c1?s=96&d=mm&r=g\",\"caption\":\"Fabiana Santello\"},\"url\":\"https:\\\/\\\/salesianossp.org.br\\\/osbomretiro\\\/author\\\/fabiana-santello\\\/\"}]}<\/script>\n<!-- \/ Yoast SEO plugin. -->","yoast_head_json":{"title":"Turma Lil\u00e1s do CCA vivencia Ca\u00e7a ao Tesouro inspirada em \u201cO Pequeno Pr\u00edncipe\u201d - Instituto Dom Bosco","robots":{"index":"index","follow":"follow","max-snippet":"max-snippet:-1","max-image-preview":"max-image-preview:large","max-video-preview":"max-video-preview:-1"},"canonical":"https:\/\/salesianossp.org.br\/osbomretiro\/turma-lilas-do-cca-vivencia-caca-ao-tesouro-inspirada-em-o-pequeno-principe\/","og_locale":"pt_BR","og_type":"article","og_title":"Turma Lil\u00e1s do CCA vivencia Ca\u00e7a ao Tesouro inspirada em \u201cO Pequeno Pr\u00edncipe\u201d - Instituto Dom Bosco","og_description":"No dia 16 de abril, ap\u00f3s o CEDESP vivenciar experi\u00eancia semelhante, desta vez, foi a Turma Lil\u00e1s do CCA Provim Bom Retiro quem participou de uma atividade especial marcada por muita alegria, imagina\u00e7\u00e3o e aprendizado: uma divertida Ca\u00e7a ao Tesouro inspirada na obra O Pequeno Pr\u00edncipe. Entre pistas, descobertas e trabalho em equipe, as crian\u00e7as [&hellip;]","og_url":"https:\/\/salesianossp.org.br\/osbomretiro\/turma-lilas-do-cca-vivencia-caca-ao-tesouro-inspirada-em-o-pequeno-principe\/","og_site_name":"Instituto Dom Bosco","article_publisher":"https:\/\/www.facebook.com\/InstitutoDomBoscoBomRetiro\/","article_published_time":"2026-04-29T20:40:41+00:00","article_modified_time":"2026-04-29T20:50:03+00:00","og_image":[{"width":1080,"height":1350,"url":"https:\/\/salesianossp.org.br\/osbomretiro\/wp-content\/uploads\/2026\/04\/Post-IDB-1-1-6.png","type":"image\/png"}],"author":"Fabiana Santello","twitter_card":"summary_large_image","twitter_misc":{"Escrito por":"Fabiana Santello","Est. tempo de leitura":"2 minutos"},"schema":{"@context":"https:\/\/schema.org","@graph":[{"@type":"Article","@id":"https:\/\/salesianossp.org.br\/osbomretiro\/turma-lilas-do-cca-vivencia-caca-ao-tesouro-inspirada-em-o-pequeno-principe\/#article","isPartOf":{"@id":"https:\/\/salesianossp.org.br\/osbomretiro\/turma-lilas-do-cca-vivencia-caca-ao-tesouro-inspirada-em-o-pequeno-principe\/"},"author":{"name":"Fabiana Santello","@id":"https:\/\/salesianossp.org.br\/osbomretiro\/#\/schema\/person\/e2eca61d4aedd9f74773a05ecabce429"},"headline":"Turma Lil\u00e1s do CCA vivencia Ca\u00e7a ao Tesouro inspirada em \u201cO Pequeno Pr\u00edncipe\u201d","datePublished":"2026-04-29T20:40:41+00:00","dateModified":"2026-04-29T20:50:03+00:00","mainEntityOfPage":{"@id":"https:\/\/salesianossp.org.br\/osbomretiro\/turma-lilas-do-cca-vivencia-caca-ao-tesouro-inspirada-em-o-pequeno-principe\/"},"wordCount":220,"commentCount":0,"publisher":{"@id":"https:\/\/salesianossp.org.br\/osbomretiro\/#organization"},"image":{"@id":"https:\/\/salesianossp.org.br\/osbomretiro\/turma-lilas-do-cca-vivencia-caca-ao-tesouro-inspirada-em-o-pequeno-principe\/#primaryimage"},"thumbnailUrl":"https:\/\/salesianossp.org.br\/osbomretiro\/wp-content\/uploads\/2026\/04\/Post-IDB-1-1-6.png","articleSection":["Uncategorized"],"inLanguage":"pt-BR","potentialAction":[{"@type":"CommentAction","name":"Comment","target":["https:\/\/salesianossp.org.br\/osbomretiro\/turma-lilas-do-cca-vivencia-caca-ao-tesouro-inspirada-em-o-pequeno-principe\/#respond"]}]},{"@type":"WebPage","@id":"https:\/\/salesianossp.org.br\/osbomretiro\/turma-lilas-do-cca-vivencia-caca-ao-tesouro-inspirada-em-o-pequeno-principe\/","url":"https:\/\/salesianossp.org.br\/osbomretiro\/turma-lilas-do-cca-vivencia-caca-ao-tesouro-inspirada-em-o-pequeno-principe\/","name":"Turma Lil\u00e1s do CCA vivencia Ca\u00e7a ao Tesouro inspirada em \u201cO Pequeno Pr\u00edncipe\u201d - Instituto Dom Bosco","isPartOf":{"@id":"https:\/\/salesianossp.org.br\/osbomretiro\/#website"},"primaryImageOfPage":{"@id":"https:\/\/salesianossp.org.br\/osbomretiro\/turma-lilas-do-cca-vivencia-caca-ao-tesouro-inspirada-em-o-pequeno-principe\/#primaryimage"},"image":{"@id":"https:\/\/salesianossp.org.br\/osbomretiro\/turma-lilas-do-cca-vivencia-caca-ao-tesouro-inspirada-em-o-pequeno-principe\/#primaryimage"},"thumbnailUrl":"https:\/\/salesianossp.org.br\/osbomretiro\/wp-content\/uploads\/2026\/04\/Post-IDB-1-1-6.png","datePublished":"2026-04-29T20:40:41+00:00","dateModified":"2026-04-29T20:50:03+00:00","breadcrumb":{"@id":"https:\/\/salesianossp.org.br\/osbomretiro\/turma-lilas-do-cca-vivencia-caca-ao-tesouro-inspirada-em-o-pequeno-principe\/#breadcrumb"},"inLanguage":"pt-BR","potentialAction":[{"@type":"ReadAction","target":["https:\/\/salesianossp.org.br\/osbomretiro\/turma-lilas-do-cca-vivencia-caca-ao-tesouro-inspirada-em-o-pequeno-principe\/"]}]},{"@type":"ImageObject","inLanguage":"pt-BR","@id":"https:\/\/salesianossp.org.br\/osbomretiro\/turma-lilas-do-cca-vivencia-caca-ao-tesouro-inspirada-em-o-pequeno-principe\/#primaryimage","url":"https:\/\/salesianossp.org.br\/osbomretiro\/wp-content\/uploads\/2026\/04\/Post-IDB-1-1-6.png","contentUrl":"https:\/\/salesianossp.org.br\/osbomretiro\/wp-content\/uploads\/2026\/04\/Post-IDB-1-1-6.png","width":1080,"height":1350},{"@type":"BreadcrumbList","@id":"https:\/\/salesianossp.org.br\/osbomretiro\/turma-lilas-do-cca-vivencia-caca-ao-tesouro-inspirada-em-o-pequeno-principe\/#breadcrumb","itemListElement":[{"@type":"ListItem","position":1,"name":"In\u00edcio","item":"https:\/\/salesianossp.org.br\/osbomretiro\/"},{"@type":"ListItem","position":2,"name":"Turma Lil\u00e1s do CCA vivencia Ca\u00e7a ao Tesouro inspirada em \u201cO Pequeno Pr\u00edncipe\u201d"}]},{"@type":"WebSite","@id":"https:\/\/salesianossp.org.br\/osbomretiro\/#website","url":"https:\/\/salesianossp.org.br\/osbomretiro\/","name":"Instituto Dom Bosco","description":"","publisher":{"@id":"https:\/\/salesianossp.org.br\/osbomretiro\/#organization"},"potentialAction":[{"@type":"SearchAction","target":{"@type":"EntryPoint","urlTemplate":"https:\/\/salesianossp.org.br\/osbomretiro\/?s={search_term_string}"},"query-input":{"@type":"PropertyValueSpecification","valueRequired":true,"valueName":"search_term_string"}}],"inLanguage":"pt-BR"},{"@type":"Organization","@id":"https:\/\/salesianossp.org.br\/osbomretiro\/#organization","name":"Instituto Dom Bosco","url":"https:\/\/salesianossp.org.br\/osbomretiro\/","logo":{"@type":"ImageObject","inLanguage":"pt-BR","@id":"https:\/\/salesianossp.org.br\/osbomretiro\/#\/schema\/logo\/image\/","url":"https:\/\/salesianossp.org.br\/osbomretiro\/wp-content\/uploads\/2025\/10\/logotipo-instituto-dom-bosco-color-56.svg","contentUrl":"https:\/\/salesianossp.org.br\/osbomretiro\/wp-content\/uploads\/2025\/10\/logotipo-instituto-dom-bosco-color-56.svg","width":164,"height":56,"caption":"Instituto Dom Bosco"},"image":{"@id":"https:\/\/salesianossp.org.br\/osbomretiro\/#\/schema\/logo\/image\/"},"sameAs":["https:\/\/www.facebook.com\/InstitutoDomBoscoBomRetiro\/","https:\/\/www.youtube.com\/user\/Institutodb","https:\/\/www.instagram.com\/institutodb\/"]},{"@type":"Person","@id":"https:\/\/salesianossp.org.br\/osbomretiro\/#\/schema\/person\/e2eca61d4aedd9f74773a05ecabce429","name":"Fabiana Santello","image":{"@type":"ImageObject","inLanguage":"pt-BR","@id":"https:\/\/secure.gravatar.com\/avatar\/4fa669318bbfdc73317a1dbd71c8808075776701c3cd34790e053fdbd3bb77c1?s=96&d=mm&r=g","url":"https:\/\/secure.gravatar.com\/avatar\/4fa669318bbfdc73317a1dbd71c8808075776701c3cd34790e053fdbd3bb77c1?s=96&d=mm&r=g","contentUrl":"https:\/\/secure.gravatar.com\/avatar\/4fa669318bbfdc73317a1dbd71c8808075776701c3cd34790e053fdbd3bb77c1?s=96&d=mm&r=g","caption":"Fabiana Santello"},"url":"https:\/\/salesianossp.org.br\/osbomretiro\/author\/fabiana-santello\/"}]}},"_links":{"self":[{"href":"https:\/\/salesianossp.org.br\/osbomretiro\/wp-json\/wp\/v2\/posts\/117767","targetHints":{"allow":["GET"]}}],"collection":[{"href":"https:\/\/salesianossp.org.br\/osbomretiro\/wp-json\/wp\/v2\/posts"}],"about":[{"href":"https:\/\/salesianossp.org.br\/osbomretiro\/wp-json\/wp\/v2\/types\/post"}],"author":[{"embeddable":true,"href":"https:\/\/salesianossp.org.br\/osbomretiro\/wp-json\/wp\/v2\/users\/29"}],"replies":[{"embeddable":true,"href":"https:\/\/salesianossp.org.br\/osbomretiro\/wp-json\/wp\/v2\/comments?post=117767"}],"version-history":[{"count":3,"href":"https:\/\/salesianossp.org.br\/osbomretiro\/wp-json\/wp\/v2\/posts\/117767\/revisions"}],"predecessor-version":[{"id":117772,"href":"https:\/\/salesianossp.org.br\/osbomretiro\/wp-json\/wp\/v2\/posts\/117767\/revisions\/117772"}],"wp:featuredmedia":[{"embeddable":true,"href":"https:\/\/salesianossp.org.br\/osbomretiro\/wp-json\/wp\/v2\/media\/117769"}],"wp:attachment":[{"href":"https:\/\/salesianossp.org.br\/osbomretiro\/wp-json\/wp\/v2\/media?parent=117767"}],"wp:term":[{"taxonomy":"category","embeddable":true,"href":"https:\/\/salesianossp.org.br\/osbomretiro\/wp-json\/wp\/v2\/categories?post=117767"},{"taxonomy":"post_tag","embeddable":true,"href":"https:\/\/salesianossp.org.br\/osbomretiro\/wp-json\/wp\/v2\/tags?post=117767"}],"curies":[{"name":"wp","href":"https:\/\/api.w.org\/{rel}","templated":true}]}}