{"id":1920,"date":"2021-07-27T16:38:11","date_gmt":"2021-07-27T19:38:11","guid":{"rendered":"https:\/\/salesianossp.org.br\/osbomretiro\/?p=1920"},"modified":"2021-07-27T16:38:11","modified_gmt":"2021-07-27T19:38:11","slug":"apos-semestre-hibrido-cedesp-vp-idb-forma-jovens-e-adultos","status":"publish","type":"post","link":"https:\/\/salesianossp.org.br\/osbomretiro\/apos-semestre-hibrido-cedesp-vp-idb-forma-jovens-e-adultos\/","title":{"rendered":"Ap\u00f3s semestre H\u00edbrido CEDESP VP IDB forma jovens e adultos"},"content":{"rendered":"\n<p>O m\u00eas de julho, especificamente do dia 1 ao dia 16, marcou a vida de jovens e adultos atendidos pelo Instituto Dom Bosco S\u00e3o Paulo &#8211; SP, Unidade Vila Paulistana, com o momento de celebra\u00e7\u00e3o de conclus\u00e3o dos cursos profissionalizantes do Centro de Desenvolvimento Social e Produtivo CEDESP, do 1\u00ba semestre de 2021.<\/p>\n\n\n\n<figure class=\"wp-block-image size-large\"><img fetchpriority=\"high\" decoding=\"async\" width=\"1024\" height=\"1024\" src=\"https:\/\/salesianossp.org.br\/osbomretiro\/wp-content\/uploads\/2021\/07\/Apos-semestre-Hibrido-CEDESP-VP-IDB-forma-jovens-e-adultos-2-1024x1024.png\" alt=\"\" class=\"wp-image-1930\" srcset=\"https:\/\/salesianossp.org.br\/osbomretiro\/wp-content\/uploads\/2021\/07\/Apos-semestre-Hibrido-CEDESP-VP-IDB-forma-jovens-e-adultos-2-1024x1024.png 1024w, https:\/\/salesianossp.org.br\/osbomretiro\/wp-content\/uploads\/2021\/07\/Apos-semestre-Hibrido-CEDESP-VP-IDB-forma-jovens-e-adultos-2-300x300.png 300w, https:\/\/salesianossp.org.br\/osbomretiro\/wp-content\/uploads\/2021\/07\/Apos-semestre-Hibrido-CEDESP-VP-IDB-forma-jovens-e-adultos-2-150x150.png 150w, https:\/\/salesianossp.org.br\/osbomretiro\/wp-content\/uploads\/2021\/07\/Apos-semestre-Hibrido-CEDESP-VP-IDB-forma-jovens-e-adultos-2-768x768.png 768w, https:\/\/salesianossp.org.br\/osbomretiro\/wp-content\/uploads\/2021\/07\/Apos-semestre-Hibrido-CEDESP-VP-IDB-forma-jovens-e-adultos-2.png 1080w\" sizes=\"(max-width: 1024px) 100vw, 1024px\" \/><\/figure>\n\n\n\n<p>Para evitar aglomera\u00e7\u00e3o, divididos em dias, hor\u00e1rios e turmas, os educandos e seus familiares celebraram junto com a equipe do CEDESP VP a conclus\u00e3o do curso. Em clima de gratid\u00e3o e alegria, o momento tamb\u00e9m contou com conversas descontra\u00eddas sobre como cada um superou as dificuldades neste per\u00edodo de pandemia, quando o curso foi tanto presencial quanto \u00e0 dist\u00e2ncia. Felizes e orgulhosos de mais esta conquista, educandos tamb\u00e9m aproveitaram o momento para receber a cesta b\u00e1sica e o kit de higiene, os quais auxiliam nas necessidades durante este per\u00edodo diferenciado. Para uma forma\u00e7\u00e3o humana e profissional mais completa, preparando-os tanto para a vida quanto para o mundo do trabalho, os que escolheram fazer mais um curso tamb\u00e9m j\u00e1 realizaram sua rematr\u00edcula.<\/p>\n\n\n\n<p>&#8220;Esse momento de celebra\u00e7\u00e3o vejo com muita alegria e esperan\u00e7a que tempos melhores vir\u00e3o. Atrav\u00e9s da persist\u00eancia&nbsp;e otimismo dos nossos educandos e de nossa equipe conseguiremos&nbsp;vencer as barreiras do distanciamento&nbsp;e concluir mais um semestre. Parab\u00e9ns&nbsp;para os&nbsp;formandos do CEDESP Dom Bosco Vila Paulistana por mais essa vit\u00f3ria!!!&#8221;, declarou Giselia Rodrigues, Assistente T\u00e9cnica do Cedesp Vila Paulistana.<br><br>Confira algumas fotos abaixo e clique aqui para ver todas as fotos do evento<\/p>\n\n\n\n<figure class=\"wp-block-gallery columns-3 is-cropped wp-block-gallery-1 is-layout-flex wp-block-gallery-is-layout-flex\"><ul class=\"blocks-gallery-grid\"><li><figure><img decoding=\"async\" src=\"https:\/\/salesianossp.org.br\/osbomretiro\/wp-content\/uploads\/2021\/07\/20210706_084117-2-1024x768.jpg\" alt=\"\" class=\"wp-image-1931\" \/><\/figure><\/li><li><figure><img decoding=\"async\" width=\"992\" height=\"898\" src=\"https:\/\/salesianossp.org.br\/osbomretiro\/wp-content\/uploads\/2021\/07\/WhatsApp-Image-2021-07-14-at-08.51.34-1-2.jpeg\" alt=\"\" class=\"wp-image-1936\" srcset=\"https:\/\/salesianossp.org.br\/osbomretiro\/wp-content\/uploads\/2021\/07\/WhatsApp-Image-2021-07-14-at-08.51.34-1-2.jpeg 992w, https:\/\/salesianossp.org.br\/osbomretiro\/wp-content\/uploads\/2021\/07\/WhatsApp-Image-2021-07-14-at-08.51.34-1-2-300x272.jpeg 300w, https:\/\/salesianossp.org.br\/osbomretiro\/wp-content\/uploads\/2021\/07\/WhatsApp-Image-2021-07-14-at-08.51.34-1-2-768x695.jpeg 768w\" sizes=\"(max-width: 992px) 100vw, 992px\" \/><\/figure><\/li><li><figure><img decoding=\"async\" width=\"1024\" height=\"766\" src=\"https:\/\/salesianossp.org.br\/osbomretiro\/wp-content\/uploads\/2021\/07\/WhatsApp-Image-2021-07-07-at-10.57.53-1024x766.jpeg\" alt=\"\" class=\"wp-image-1935\" srcset=\"https:\/\/salesianossp.org.br\/osbomretiro\/wp-content\/uploads\/2021\/07\/WhatsApp-Image-2021-07-07-at-10.57.53-1024x766.jpeg 1024w, https:\/\/salesianossp.org.br\/osbomretiro\/wp-content\/uploads\/2021\/07\/WhatsApp-Image-2021-07-07-at-10.57.53-300x225.jpeg 300w, https:\/\/salesianossp.org.br\/osbomretiro\/wp-content\/uploads\/2021\/07\/WhatsApp-Image-2021-07-07-at-10.57.53-768x575.jpeg 768w, https:\/\/salesianossp.org.br\/osbomretiro\/wp-content\/uploads\/2021\/07\/WhatsApp-Image-2021-07-07-at-10.57.53.jpeg 1280w\" sizes=\"(max-width: 1024px) 100vw, 1024px\" \/><\/figure><\/li><li><figure><img loading=\"lazy\" decoding=\"async\" width=\"766\" height=\"1024\" src=\"https:\/\/salesianossp.org.br\/osbomretiro\/wp-content\/uploads\/2021\/07\/WhatsApp-Image-2021-07-07-at-10.57.52-766x1024.jpeg\" alt=\"\" class=\"wp-image-1934\" srcset=\"https:\/\/salesianossp.org.br\/osbomretiro\/wp-content\/uploads\/2021\/07\/WhatsApp-Image-2021-07-07-at-10.57.52-766x1024.jpeg 766w, https:\/\/salesianossp.org.br\/osbomretiro\/wp-content\/uploads\/2021\/07\/WhatsApp-Image-2021-07-07-at-10.57.52-225x300.jpeg 225w, https:\/\/salesianossp.org.br\/osbomretiro\/wp-content\/uploads\/2021\/07\/WhatsApp-Image-2021-07-07-at-10.57.52-768x1026.jpeg 768w, https:\/\/salesianossp.org.br\/osbomretiro\/wp-content\/uploads\/2021\/07\/WhatsApp-Image-2021-07-07-at-10.57.52.jpeg 958w\" sizes=\"(max-width: 766px) 100vw, 766px\" \/><\/figure><\/li><li><figure><img loading=\"lazy\" decoding=\"async\" width=\"1024\" height=\"766\" src=\"https:\/\/salesianossp.org.br\/osbomretiro\/wp-content\/uploads\/2021\/07\/WhatsApp-Image-2021-07-07-at-10.57.49-1-2-1024x766.jpeg\" alt=\"\" class=\"wp-image-1933\" srcset=\"https:\/\/salesianossp.org.br\/osbomretiro\/wp-content\/uploads\/2021\/07\/WhatsApp-Image-2021-07-07-at-10.57.49-1-2-1024x766.jpeg 1024w, https:\/\/salesianossp.org.br\/osbomretiro\/wp-content\/uploads\/2021\/07\/WhatsApp-Image-2021-07-07-at-10.57.49-1-2-300x225.jpeg 300w, https:\/\/salesianossp.org.br\/osbomretiro\/wp-content\/uploads\/2021\/07\/WhatsApp-Image-2021-07-07-at-10.57.49-1-2-768x575.jpeg 768w, https:\/\/salesianossp.org.br\/osbomretiro\/wp-content\/uploads\/2021\/07\/WhatsApp-Image-2021-07-07-at-10.57.49-1-2.jpeg 1280w\" sizes=\"(max-width: 1024px) 100vw, 1024px\" \/><\/figure><\/li><\/ul><\/figure>\n","protected":false},"excerpt":{"rendered":"<p>O m\u00eas de julho, especificamente do dia 1 ao dia 16, marcou a vida de jovens e adultos atendidos pelo Instituto Dom Bosco S\u00e3o Paulo &#8211; SP, Unidade Vila Paulistana, com o momento de celebra\u00e7\u00e3o de conclus\u00e3o dos cursos profissionalizantes do Centro de Desenvolvimento Social e Produtivo CEDESP, do 1\u00ba semestre de 2021. Para evitar [&hellip;]<\/p>\n","protected":false},"author":27,"featured_media":1930,"comment_status":"open","ping_status":"open","sticky":false,"template":"","format":"standard","meta":{"footnotes":""},"categories":[59],"tags":[],"class_list":["post-1920","post","type-post","status-publish","format-standard","has-post-thumbnail","hentry","category-noticias"],"yoast_head":"<!-- This site is optimized with the Yoast SEO plugin v27.3 - https:\/\/yoast.com\/product\/yoast-seo-wordpress\/ -->\n<title>Ap\u00f3s semestre H\u00edbrido CEDESP VP IDB forma jovens e adultos - Instituto Dom Bosco<\/title>\n<meta name=\"robots\" content=\"index, follow, max-snippet:-1, max-image-preview:large, max-video-preview:-1\" \/>\n<link rel=\"canonical\" href=\"https:\/\/salesianossp.org.br\/osbomretiro\/apos-semestre-hibrido-cedesp-vp-idb-forma-jovens-e-adultos\/\" \/>\n<meta property=\"og:locale\" content=\"pt_BR\" \/>\n<meta property=\"og:type\" content=\"article\" \/>\n<meta property=\"og:title\" content=\"Ap\u00f3s semestre H\u00edbrido CEDESP VP IDB forma jovens e adultos - Instituto Dom Bosco\" \/>\n<meta property=\"og:description\" content=\"O m\u00eas de julho, especificamente do dia 1 ao dia 16, marcou a vida de jovens e adultos atendidos pelo Instituto Dom Bosco S\u00e3o Paulo &#8211; SP, Unidade Vila Paulistana, com o momento de celebra\u00e7\u00e3o de conclus\u00e3o dos cursos profissionalizantes do Centro de Desenvolvimento Social e Produtivo CEDESP, do 1\u00ba semestre de 2021. Para evitar [&hellip;]\" \/>\n<meta property=\"og:url\" content=\"https:\/\/salesianossp.org.br\/osbomretiro\/apos-semestre-hibrido-cedesp-vp-idb-forma-jovens-e-adultos\/\" \/>\n<meta property=\"og:site_name\" content=\"Instituto Dom Bosco\" \/>\n<meta property=\"article:publisher\" content=\"https:\/\/www.facebook.com\/InstitutoDomBoscoBomRetiro\/\" \/>\n<meta property=\"article:published_time\" content=\"2021-07-27T19:38:11+00:00\" \/>\n<meta property=\"og:image\" content=\"https:\/\/salesianossp.org.br\/osbomretiro\/wp-content\/uploads\/2021\/07\/Apos-semestre-Hibrido-CEDESP-VP-IDB-forma-jovens-e-adultos-2.png\" \/>\n\t<meta property=\"og:image:width\" content=\"1080\" \/>\n\t<meta property=\"og:image:height\" content=\"1080\" \/>\n\t<meta property=\"og:image:type\" content=\"image\/png\" \/>\n<meta name=\"author\" content=\"Lucas Rodrigues\" \/>\n<meta name=\"twitter:card\" content=\"summary_large_image\" \/>\n<meta name=\"twitter:label1\" content=\"Escrito por\" \/>\n\t<meta name=\"twitter:data1\" content=\"Lucas Rodrigues\" \/>\n\t<meta name=\"twitter:label2\" content=\"Est. tempo de leitura\" \/>\n\t<meta name=\"twitter:data2\" content=\"1 minuto\" \/>\n<script type=\"application\/ld+json\" class=\"yoast-schema-graph\">{\"@context\":\"https:\\\/\\\/schema.org\",\"@graph\":[{\"@type\":\"Article\",\"@id\":\"https:\\\/\\\/salesianossp.org.br\\\/osbomretiro\\\/apos-semestre-hibrido-cedesp-vp-idb-forma-jovens-e-adultos\\\/#article\",\"isPartOf\":{\"@id\":\"https:\\\/\\\/salesianossp.org.br\\\/osbomretiro\\\/apos-semestre-hibrido-cedesp-vp-idb-forma-jovens-e-adultos\\\/\"},\"author\":{\"name\":\"Lucas Rodrigues\",\"@id\":\"https:\\\/\\\/salesianossp.org.br\\\/osbomretiro\\\/#\\\/schema\\\/person\\\/3091f5c85d13f1f81c2eadb190445d2e\"},\"headline\":\"Ap\u00f3s semestre H\u00edbrido CEDESP VP IDB forma jovens e adultos\",\"datePublished\":\"2021-07-27T19:38:11+00:00\",\"mainEntityOfPage\":{\"@id\":\"https:\\\/\\\/salesianossp.org.br\\\/osbomretiro\\\/apos-semestre-hibrido-cedesp-vp-idb-forma-jovens-e-adultos\\\/\"},\"wordCount\":286,\"commentCount\":0,\"publisher\":{\"@id\":\"https:\\\/\\\/salesianossp.org.br\\\/osbomretiro\\\/#organization\"},\"image\":{\"@id\":\"https:\\\/\\\/salesianossp.org.br\\\/osbomretiro\\\/apos-semestre-hibrido-cedesp-vp-idb-forma-jovens-e-adultos\\\/#primaryimage\"},\"thumbnailUrl\":\"https:\\\/\\\/salesianossp.org.br\\\/osbomretiro\\\/wp-content\\\/uploads\\\/2021\\\/07\\\/Apos-semestre-Hibrido-CEDESP-VP-IDB-forma-jovens-e-adultos-2.png\",\"articleSection\":[\"Not\u00edcias\"],\"inLanguage\":\"pt-BR\",\"potentialAction\":[{\"@type\":\"CommentAction\",\"name\":\"Comment\",\"target\":[\"https:\\\/\\\/salesianossp.org.br\\\/osbomretiro\\\/apos-semestre-hibrido-cedesp-vp-idb-forma-jovens-e-adultos\\\/#respond\"]}]},{\"@type\":\"WebPage\",\"@id\":\"https:\\\/\\\/salesianossp.org.br\\\/osbomretiro\\\/apos-semestre-hibrido-cedesp-vp-idb-forma-jovens-e-adultos\\\/\",\"url\":\"https:\\\/\\\/salesianossp.org.br\\\/osbomretiro\\\/apos-semestre-hibrido-cedesp-vp-idb-forma-jovens-e-adultos\\\/\",\"name\":\"Ap\u00f3s semestre H\u00edbrido CEDESP VP IDB forma jovens e adultos - Instituto Dom Bosco\",\"isPartOf\":{\"@id\":\"https:\\\/\\\/salesianossp.org.br\\\/osbomretiro\\\/#website\"},\"primaryImageOfPage\":{\"@id\":\"https:\\\/\\\/salesianossp.org.br\\\/osbomretiro\\\/apos-semestre-hibrido-cedesp-vp-idb-forma-jovens-e-adultos\\\/#primaryimage\"},\"image\":{\"@id\":\"https:\\\/\\\/salesianossp.org.br\\\/osbomretiro\\\/apos-semestre-hibrido-cedesp-vp-idb-forma-jovens-e-adultos\\\/#primaryimage\"},\"thumbnailUrl\":\"https:\\\/\\\/salesianossp.org.br\\\/osbomretiro\\\/wp-content\\\/uploads\\\/2021\\\/07\\\/Apos-semestre-Hibrido-CEDESP-VP-IDB-forma-jovens-e-adultos-2.png\",\"datePublished\":\"2021-07-27T19:38:11+00:00\",\"breadcrumb\":{\"@id\":\"https:\\\/\\\/salesianossp.org.br\\\/osbomretiro\\\/apos-semestre-hibrido-cedesp-vp-idb-forma-jovens-e-adultos\\\/#breadcrumb\"},\"inLanguage\":\"pt-BR\",\"potentialAction\":[{\"@type\":\"ReadAction\",\"target\":[\"https:\\\/\\\/salesianossp.org.br\\\/osbomretiro\\\/apos-semestre-hibrido-cedesp-vp-idb-forma-jovens-e-adultos\\\/\"]}]},{\"@type\":\"ImageObject\",\"inLanguage\":\"pt-BR\",\"@id\":\"https:\\\/\\\/salesianossp.org.br\\\/osbomretiro\\\/apos-semestre-hibrido-cedesp-vp-idb-forma-jovens-e-adultos\\\/#primaryimage\",\"url\":\"https:\\\/\\\/salesianossp.org.br\\\/osbomretiro\\\/wp-content\\\/uploads\\\/2021\\\/07\\\/Apos-semestre-Hibrido-CEDESP-VP-IDB-forma-jovens-e-adultos-2.png\",\"contentUrl\":\"https:\\\/\\\/salesianossp.org.br\\\/osbomretiro\\\/wp-content\\\/uploads\\\/2021\\\/07\\\/Apos-semestre-Hibrido-CEDESP-VP-IDB-forma-jovens-e-adultos-2.png\",\"width\":1080,\"height\":1080},{\"@type\":\"BreadcrumbList\",\"@id\":\"https:\\\/\\\/salesianossp.org.br\\\/osbomretiro\\\/apos-semestre-hibrido-cedesp-vp-idb-forma-jovens-e-adultos\\\/#breadcrumb\",\"itemListElement\":[{\"@type\":\"ListItem\",\"position\":1,\"name\":\"In\u00edcio\",\"item\":\"https:\\\/\\\/salesianossp.org.br\\\/osbomretiro\\\/\"},{\"@type\":\"ListItem\",\"position\":2,\"name\":\"Ap\u00f3s semestre H\u00edbrido CEDESP VP IDB forma jovens e adultos\"}]},{\"@type\":\"WebSite\",\"@id\":\"https:\\\/\\\/salesianossp.org.br\\\/osbomretiro\\\/#website\",\"url\":\"https:\\\/\\\/salesianossp.org.br\\\/osbomretiro\\\/\",\"name\":\"Instituto Dom Bosco\",\"description\":\"\",\"publisher\":{\"@id\":\"https:\\\/\\\/salesianossp.org.br\\\/osbomretiro\\\/#organization\"},\"potentialAction\":[{\"@type\":\"SearchAction\",\"target\":{\"@type\":\"EntryPoint\",\"urlTemplate\":\"https:\\\/\\\/salesianossp.org.br\\\/osbomretiro\\\/?s={search_term_string}\"},\"query-input\":{\"@type\":\"PropertyValueSpecification\",\"valueRequired\":true,\"valueName\":\"search_term_string\"}}],\"inLanguage\":\"pt-BR\"},{\"@type\":\"Organization\",\"@id\":\"https:\\\/\\\/salesianossp.org.br\\\/osbomretiro\\\/#organization\",\"name\":\"Instituto Dom Bosco\",\"url\":\"https:\\\/\\\/salesianossp.org.br\\\/osbomretiro\\\/\",\"logo\":{\"@type\":\"ImageObject\",\"inLanguage\":\"pt-BR\",\"@id\":\"https:\\\/\\\/salesianossp.org.br\\\/osbomretiro\\\/#\\\/schema\\\/logo\\\/image\\\/\",\"url\":\"https:\\\/\\\/salesianossp.org.br\\\/osbomretiro\\\/wp-content\\\/uploads\\\/2025\\\/10\\\/logotipo-instituto-dom-bosco-color-56.svg\",\"contentUrl\":\"https:\\\/\\\/salesianossp.org.br\\\/osbomretiro\\\/wp-content\\\/uploads\\\/2025\\\/10\\\/logotipo-instituto-dom-bosco-color-56.svg\",\"width\":164,\"height\":56,\"caption\":\"Instituto Dom Bosco\"},\"image\":{\"@id\":\"https:\\\/\\\/salesianossp.org.br\\\/osbomretiro\\\/#\\\/schema\\\/logo\\\/image\\\/\"},\"sameAs\":[\"https:\\\/\\\/www.facebook.com\\\/InstitutoDomBoscoBomRetiro\\\/\",\"https:\\\/\\\/www.youtube.com\\\/user\\\/Institutodb\",\"https:\\\/\\\/www.instagram.com\\\/institutodb\\\/\"]},{\"@type\":\"Person\",\"@id\":\"https:\\\/\\\/salesianossp.org.br\\\/osbomretiro\\\/#\\\/schema\\\/person\\\/3091f5c85d13f1f81c2eadb190445d2e\",\"name\":\"Lucas Rodrigues\",\"image\":{\"@type\":\"ImageObject\",\"inLanguage\":\"pt-BR\",\"@id\":\"https:\\\/\\\/secure.gravatar.com\\\/avatar\\\/0ad9c966c6ed3335d7fffe2c3b88880dd298c0817b71e20a6955c38f2a53f746?s=96&d=mm&r=g\",\"url\":\"https:\\\/\\\/secure.gravatar.com\\\/avatar\\\/0ad9c966c6ed3335d7fffe2c3b88880dd298c0817b71e20a6955c38f2a53f746?s=96&d=mm&r=g\",\"contentUrl\":\"https:\\\/\\\/secure.gravatar.com\\\/avatar\\\/0ad9c966c6ed3335d7fffe2c3b88880dd298c0817b71e20a6955c38f2a53f746?s=96&d=mm&r=g\",\"caption\":\"Lucas Rodrigues\"},\"url\":\"https:\\\/\\\/salesianossp.org.br\\\/osbomretiro\\\/author\\\/lucas-rodrigues\\\/\"}]}<\/script>\n<!-- \/ Yoast SEO plugin. -->","yoast_head_json":{"title":"Ap\u00f3s semestre H\u00edbrido CEDESP VP IDB forma jovens e adultos - Instituto Dom Bosco","robots":{"index":"index","follow":"follow","max-snippet":"max-snippet:-1","max-image-preview":"max-image-preview:large","max-video-preview":"max-video-preview:-1"},"canonical":"https:\/\/salesianossp.org.br\/osbomretiro\/apos-semestre-hibrido-cedesp-vp-idb-forma-jovens-e-adultos\/","og_locale":"pt_BR","og_type":"article","og_title":"Ap\u00f3s semestre H\u00edbrido CEDESP VP IDB forma jovens e adultos - Instituto Dom Bosco","og_description":"O m\u00eas de julho, especificamente do dia 1 ao dia 16, marcou a vida de jovens e adultos atendidos pelo Instituto Dom Bosco S\u00e3o Paulo &#8211; SP, Unidade Vila Paulistana, com o momento de celebra\u00e7\u00e3o de conclus\u00e3o dos cursos profissionalizantes do Centro de Desenvolvimento Social e Produtivo CEDESP, do 1\u00ba semestre de 2021. Para evitar [&hellip;]","og_url":"https:\/\/salesianossp.org.br\/osbomretiro\/apos-semestre-hibrido-cedesp-vp-idb-forma-jovens-e-adultos\/","og_site_name":"Instituto Dom Bosco","article_publisher":"https:\/\/www.facebook.com\/InstitutoDomBoscoBomRetiro\/","article_published_time":"2021-07-27T19:38:11+00:00","og_image":[{"width":1080,"height":1080,"url":"https:\/\/salesianossp.org.br\/osbomretiro\/wp-content\/uploads\/2021\/07\/Apos-semestre-Hibrido-CEDESP-VP-IDB-forma-jovens-e-adultos-2.png","type":"image\/png"}],"author":"Lucas Rodrigues","twitter_card":"summary_large_image","twitter_misc":{"Escrito por":"Lucas Rodrigues","Est. tempo de leitura":"1 minuto"},"schema":{"@context":"https:\/\/schema.org","@graph":[{"@type":"Article","@id":"https:\/\/salesianossp.org.br\/osbomretiro\/apos-semestre-hibrido-cedesp-vp-idb-forma-jovens-e-adultos\/#article","isPartOf":{"@id":"https:\/\/salesianossp.org.br\/osbomretiro\/apos-semestre-hibrido-cedesp-vp-idb-forma-jovens-e-adultos\/"},"author":{"name":"Lucas Rodrigues","@id":"https:\/\/salesianossp.org.br\/osbomretiro\/#\/schema\/person\/3091f5c85d13f1f81c2eadb190445d2e"},"headline":"Ap\u00f3s semestre H\u00edbrido CEDESP VP IDB forma jovens e adultos","datePublished":"2021-07-27T19:38:11+00:00","mainEntityOfPage":{"@id":"https:\/\/salesianossp.org.br\/osbomretiro\/apos-semestre-hibrido-cedesp-vp-idb-forma-jovens-e-adultos\/"},"wordCount":286,"commentCount":0,"publisher":{"@id":"https:\/\/salesianossp.org.br\/osbomretiro\/#organization"},"image":{"@id":"https:\/\/salesianossp.org.br\/osbomretiro\/apos-semestre-hibrido-cedesp-vp-idb-forma-jovens-e-adultos\/#primaryimage"},"thumbnailUrl":"https:\/\/salesianossp.org.br\/osbomretiro\/wp-content\/uploads\/2021\/07\/Apos-semestre-Hibrido-CEDESP-VP-IDB-forma-jovens-e-adultos-2.png","articleSection":["Not\u00edcias"],"inLanguage":"pt-BR","potentialAction":[{"@type":"CommentAction","name":"Comment","target":["https:\/\/salesianossp.org.br\/osbomretiro\/apos-semestre-hibrido-cedesp-vp-idb-forma-jovens-e-adultos\/#respond"]}]},{"@type":"WebPage","@id":"https:\/\/salesianossp.org.br\/osbomretiro\/apos-semestre-hibrido-cedesp-vp-idb-forma-jovens-e-adultos\/","url":"https:\/\/salesianossp.org.br\/osbomretiro\/apos-semestre-hibrido-cedesp-vp-idb-forma-jovens-e-adultos\/","name":"Ap\u00f3s semestre H\u00edbrido CEDESP VP IDB forma jovens e adultos - Instituto Dom Bosco","isPartOf":{"@id":"https:\/\/salesianossp.org.br\/osbomretiro\/#website"},"primaryImageOfPage":{"@id":"https:\/\/salesianossp.org.br\/osbomretiro\/apos-semestre-hibrido-cedesp-vp-idb-forma-jovens-e-adultos\/#primaryimage"},"image":{"@id":"https:\/\/salesianossp.org.br\/osbomretiro\/apos-semestre-hibrido-cedesp-vp-idb-forma-jovens-e-adultos\/#primaryimage"},"thumbnailUrl":"https:\/\/salesianossp.org.br\/osbomretiro\/wp-content\/uploads\/2021\/07\/Apos-semestre-Hibrido-CEDESP-VP-IDB-forma-jovens-e-adultos-2.png","datePublished":"2021-07-27T19:38:11+00:00","breadcrumb":{"@id":"https:\/\/salesianossp.org.br\/osbomretiro\/apos-semestre-hibrido-cedesp-vp-idb-forma-jovens-e-adultos\/#breadcrumb"},"inLanguage":"pt-BR","potentialAction":[{"@type":"ReadAction","target":["https:\/\/salesianossp.org.br\/osbomretiro\/apos-semestre-hibrido-cedesp-vp-idb-forma-jovens-e-adultos\/"]}]},{"@type":"ImageObject","inLanguage":"pt-BR","@id":"https:\/\/salesianossp.org.br\/osbomretiro\/apos-semestre-hibrido-cedesp-vp-idb-forma-jovens-e-adultos\/#primaryimage","url":"https:\/\/salesianossp.org.br\/osbomretiro\/wp-content\/uploads\/2021\/07\/Apos-semestre-Hibrido-CEDESP-VP-IDB-forma-jovens-e-adultos-2.png","contentUrl":"https:\/\/salesianossp.org.br\/osbomretiro\/wp-content\/uploads\/2021\/07\/Apos-semestre-Hibrido-CEDESP-VP-IDB-forma-jovens-e-adultos-2.png","width":1080,"height":1080},{"@type":"BreadcrumbList","@id":"https:\/\/salesianossp.org.br\/osbomretiro\/apos-semestre-hibrido-cedesp-vp-idb-forma-jovens-e-adultos\/#breadcrumb","itemListElement":[{"@type":"ListItem","position":1,"name":"In\u00edcio","item":"https:\/\/salesianossp.org.br\/osbomretiro\/"},{"@type":"ListItem","position":2,"name":"Ap\u00f3s semestre H\u00edbrido CEDESP VP IDB forma jovens e adultos"}]},{"@type":"WebSite","@id":"https:\/\/salesianossp.org.br\/osbomretiro\/#website","url":"https:\/\/salesianossp.org.br\/osbomretiro\/","name":"Instituto Dom Bosco","description":"","publisher":{"@id":"https:\/\/salesianossp.org.br\/osbomretiro\/#organization"},"potentialAction":[{"@type":"SearchAction","target":{"@type":"EntryPoint","urlTemplate":"https:\/\/salesianossp.org.br\/osbomretiro\/?s={search_term_string}"},"query-input":{"@type":"PropertyValueSpecification","valueRequired":true,"valueName":"search_term_string"}}],"inLanguage":"pt-BR"},{"@type":"Organization","@id":"https:\/\/salesianossp.org.br\/osbomretiro\/#organization","name":"Instituto Dom Bosco","url":"https:\/\/salesianossp.org.br\/osbomretiro\/","logo":{"@type":"ImageObject","inLanguage":"pt-BR","@id":"https:\/\/salesianossp.org.br\/osbomretiro\/#\/schema\/logo\/image\/","url":"https:\/\/salesianossp.org.br\/osbomretiro\/wp-content\/uploads\/2025\/10\/logotipo-instituto-dom-bosco-color-56.svg","contentUrl":"https:\/\/salesianossp.org.br\/osbomretiro\/wp-content\/uploads\/2025\/10\/logotipo-instituto-dom-bosco-color-56.svg","width":164,"height":56,"caption":"Instituto Dom Bosco"},"image":{"@id":"https:\/\/salesianossp.org.br\/osbomretiro\/#\/schema\/logo\/image\/"},"sameAs":["https:\/\/www.facebook.com\/InstitutoDomBoscoBomRetiro\/","https:\/\/www.youtube.com\/user\/Institutodb","https:\/\/www.instagram.com\/institutodb\/"]},{"@type":"Person","@id":"https:\/\/salesianossp.org.br\/osbomretiro\/#\/schema\/person\/3091f5c85d13f1f81c2eadb190445d2e","name":"Lucas Rodrigues","image":{"@type":"ImageObject","inLanguage":"pt-BR","@id":"https:\/\/secure.gravatar.com\/avatar\/0ad9c966c6ed3335d7fffe2c3b88880dd298c0817b71e20a6955c38f2a53f746?s=96&d=mm&r=g","url":"https:\/\/secure.gravatar.com\/avatar\/0ad9c966c6ed3335d7fffe2c3b88880dd298c0817b71e20a6955c38f2a53f746?s=96&d=mm&r=g","contentUrl":"https:\/\/secure.gravatar.com\/avatar\/0ad9c966c6ed3335d7fffe2c3b88880dd298c0817b71e20a6955c38f2a53f746?s=96&d=mm&r=g","caption":"Lucas Rodrigues"},"url":"https:\/\/salesianossp.org.br\/osbomretiro\/author\/lucas-rodrigues\/"}]}},"_links":{"self":[{"href":"https:\/\/salesianossp.org.br\/osbomretiro\/wp-json\/wp\/v2\/posts\/1920","targetHints":{"allow":["GET"]}}],"collection":[{"href":"https:\/\/salesianossp.org.br\/osbomretiro\/wp-json\/wp\/v2\/posts"}],"about":[{"href":"https:\/\/salesianossp.org.br\/osbomretiro\/wp-json\/wp\/v2\/types\/post"}],"author":[{"embeddable":true,"href":"https:\/\/salesianossp.org.br\/osbomretiro\/wp-json\/wp\/v2\/users\/27"}],"replies":[{"embeddable":true,"href":"https:\/\/salesianossp.org.br\/osbomretiro\/wp-json\/wp\/v2\/comments?post=1920"}],"version-history":[{"count":0,"href":"https:\/\/salesianossp.org.br\/osbomretiro\/wp-json\/wp\/v2\/posts\/1920\/revisions"}],"wp:featuredmedia":[{"embeddable":true,"href":"https:\/\/salesianossp.org.br\/osbomretiro\/wp-json\/wp\/v2\/media\/1930"}],"wp:attachment":[{"href":"https:\/\/salesianossp.org.br\/osbomretiro\/wp-json\/wp\/v2\/media?parent=1920"}],"wp:term":[{"taxonomy":"category","embeddable":true,"href":"https:\/\/salesianossp.org.br\/osbomretiro\/wp-json\/wp\/v2\/categories?post=1920"},{"taxonomy":"post_tag","embeddable":true,"href":"https:\/\/salesianossp.org.br\/osbomretiro\/wp-json\/wp\/v2\/tags?post=1920"}],"curies":[{"name":"wp","href":"https:\/\/api.w.org\/{rel}","templated":true}]}}