{"id":2198,"date":"2021-09-01T12:12:29","date_gmt":"2021-09-01T15:12:29","guid":{"rendered":"https:\/\/salesianossp.org.br\/osbomretiro\/?p=2198"},"modified":"2021-09-01T12:12:29","modified_gmt":"2021-09-01T15:12:29","slug":"1o-exposicao-artistica-do-nci-castelinho-dom-bosco-homenageia-o-pai-e-mestre-da-juventude","status":"publish","type":"post","link":"https:\/\/salesianossp.org.br\/osbomretiro\/1o-exposicao-artistica-do-nci-castelinho-dom-bosco-homenageia-o-pai-e-mestre-da-juventude\/","title":{"rendered":"1\u00ba Exposi\u00e7\u00e3o Art\u00edstica do NCI Castelinho Dom Bosco homenageia o Pai e Mestre da Juventude"},"content":{"rendered":"\n<p>Com muita criatividade os idosos da Zona Sul reproduziram pinturas e realizaram at\u00e9 um livro bordado com o sonho dos nove anos no m\u00eas de agosto<\/p>\n\n\n\n<p>O m\u00eas de agosto \u00e9 marcado em todas as casas Salesianas pelo anivers\u00e1rio de Dom Bosco (16), portanto \u00e9 um m\u00eas festivo com comemora\u00e7\u00f5es diversas. Com o objetivo de conhecer a vida e obra de Dom Bosco, os atendidos do N\u00facleo de Conviv\u00eancia para Idosos NCI, do Castelinho Dom Bosco, Unidade Zona Sul, apresentaram a 1\u00ba Exposi\u00e7\u00e3o art\u00edstica do NCI Castelinho Dom Bosco, onde desenvolveram por meio de oficinas tem\u00e1ticas bordado, pintura e muita criatividade para homenagear o Pai e Mestre da Juventude.<\/p>\n\n\n\n<p>Os atendidos do NCI, fazem parte das oficinas: Mem\u00f3ria e Cogni\u00e7\u00e3o, Dan\u00e7as Populares e Arte, Bordado e Renda. Na oficina de Mem\u00f3ria e Cogni\u00e7\u00e3o, Eduardo Campos, T\u00e9cnico Especializado, conduziu o momento art\u00edstico onde foram realizadas pinturas da imagem do patrono. J\u00e1 na oficina de Dan\u00e7as Populares, Fred Jos\u00e9, T\u00e9cnico Especializado, acompanhou os idosos que conheceram e reproduziram por meio da t\u00e9cnica de cera sobre papel a ferro quente a obra do afresco: &nbsp;\u201cDom Bosco\u201d, que foi pintado pelo artista Volpi, e que se encontra exposto em Bras\u00edlia. Na oficina de Arte, Bordado e Renda, Delma Rita, T\u00e9cnica Especializada, guiou as idosas afim de que reproduzissem atrav\u00e9s da t\u00e9cnica do bordado o famoso sonho de Dom Bosco: \u201cO Sonhos dos Nove Anos\u201c, resultando em um criativo livro em tecido.<br><br><\/p>\n\n\n\n<p>\u201cTransmitir a hist\u00f3ria da vida de Dom Bosco atrav\u00e9s das artes foi enriquecedor. A maneira como cada um de nossos idosos interpretou nos proporcionou uma diversidade de resultados lind\u00edssimos. \u201d, declarou Elizete Marinho, Assistente Administrativo do Castelinho.<\/p>\n\n\n\n<div class=\"wp-block-group is-layout-flow wp-block-group-is-layout-flow\">\n<figure class=\"wp-block-gallery columns-1 is-cropped wp-block-gallery-1 is-layout-flex wp-block-gallery-is-layout-flex\"><ul class=\"blocks-gallery-grid\"><li><figure><img decoding=\"async\" src=\"https:\/\/salesianossp.org.br\/osbomretiro\/6009c536-ef31-4f76-a919-c6e178e4befc\" \/><\/figure><\/li><\/ul><\/figure>\n\n\n\n<figure class=\"wp-block-gallery columns-3 is-cropped wp-block-gallery-2 is-layout-flex wp-block-gallery-is-layout-flex\"><ul class=\"blocks-gallery-grid\"><li><figure><img decoding=\"async\" src=\"https:\/\/salesianossp.org.br\/osbomretiro\/wp-content\/uploads\/2021\/09\/IMG_0696-1024x1024.jpg\" alt=\"\" class=\"wp-image-2201\" \/><\/figure><\/li><li><figure><img decoding=\"async\" src=\"https:\/\/salesianossp.org.br\/osbomretiro\/wp-content\/uploads\/2021\/09\/IMG_0697-1024x1024.jpg\" alt=\"\" class=\"wp-image-2202\" \/><\/figure><\/li><li><figure><img decoding=\"async\" src=\"https:\/\/salesianossp.org.br\/osbomretiro\/wp-content\/uploads\/2021\/09\/IMG_0698-1024x1024.jpg\" alt=\"\" class=\"wp-image-2203\" \/><\/figure><\/li><li><figure><img decoding=\"async\" src=\"https:\/\/salesianossp.org.br\/osbomretiro\/wp-content\/uploads\/2021\/09\/IMG_0700-1024x1024.jpg\" alt=\"\" class=\"wp-image-2204\" \/><\/figure><\/li><li><figure><img decoding=\"async\" src=\"https:\/\/salesianossp.org.br\/osbomretiro\/wp-content\/uploads\/2021\/09\/JLQO3145-1024x1024.jpg\" alt=\"\" class=\"wp-image-2205\" \/><\/figure><\/li><li><figure><img decoding=\"async\" src=\"https:\/\/salesianossp.org.br\/osbomretiro\/wp-content\/uploads\/2021\/09\/MROW3866-1024x1024.jpg\" alt=\"\" class=\"wp-image-2206\" \/><\/figure><\/li><li><figure><img decoding=\"async\" src=\"https:\/\/salesianossp.org.br\/osbomretiro\/wp-content\/uploads\/2021\/09\/PREC4735-1024x1024.jpg\" alt=\"\" class=\"wp-image-2207\" \/><\/figure><\/li><li><figure><img decoding=\"async\" src=\"https:\/\/salesianossp.org.br\/osbomretiro\/wp-content\/uploads\/2021\/09\/TUNJ1695-1024x1024.jpg\" alt=\"\" class=\"wp-image-2208\" \/><\/figure><\/li><li><figure><img decoding=\"async\" src=\"https:\/\/salesianossp.org.br\/osbomretiro\/wp-content\/uploads\/2021\/09\/UKKM0597-1024x1024.jpg\" alt=\"\" class=\"wp-image-2209\" \/><\/figure><\/li><li><figure><img decoding=\"async\" src=\"https:\/\/salesianossp.org.br\/osbomretiro\/wp-content\/uploads\/2021\/09\/WJKW2005-1024x1024.jpg\" alt=\"\" class=\"wp-image-2210\" \/><\/figure><\/li><\/ul><\/figure>\n<\/div>\n","protected":false},"excerpt":{"rendered":"<p>Com muita criatividade os idosos da Zona Sul reproduziram pinturas e realizaram at\u00e9 um livro bordado com o sonho dos nove anos no m\u00eas de agosto O m\u00eas de agosto \u00e9 marcado em todas as casas Salesianas pelo anivers\u00e1rio de Dom Bosco (16), portanto \u00e9 um m\u00eas festivo com comemora\u00e7\u00f5es diversas. Com o objetivo de [&hellip;]<\/p>\n","protected":false},"author":27,"featured_media":2200,"comment_status":"open","ping_status":"open","sticky":false,"template":"","format":"standard","meta":{"footnotes":""},"categories":[59],"tags":[],"class_list":["post-2198","post","type-post","status-publish","format-standard","has-post-thumbnail","hentry","category-noticias"],"yoast_head":"<!-- This site is optimized with the Yoast SEO plugin v27.3 - https:\/\/yoast.com\/product\/yoast-seo-wordpress\/ -->\n<title>1\u00ba Exposi\u00e7\u00e3o Art\u00edstica do NCI Castelinho Dom Bosco homenageia o Pai e Mestre da Juventude - Instituto Dom Bosco<\/title>\n<meta name=\"robots\" content=\"index, follow, max-snippet:-1, max-image-preview:large, max-video-preview:-1\" \/>\n<link rel=\"canonical\" href=\"https:\/\/salesianossp.org.br\/osbomretiro\/1o-exposicao-artistica-do-nci-castelinho-dom-bosco-homenageia-o-pai-e-mestre-da-juventude\/\" \/>\n<meta property=\"og:locale\" content=\"pt_BR\" \/>\n<meta property=\"og:type\" content=\"article\" \/>\n<meta property=\"og:title\" content=\"1\u00ba Exposi\u00e7\u00e3o Art\u00edstica do NCI Castelinho Dom Bosco homenageia o Pai e Mestre da Juventude - Instituto Dom Bosco\" \/>\n<meta property=\"og:description\" content=\"Com muita criatividade os idosos da Zona Sul reproduziram pinturas e realizaram at\u00e9 um livro bordado com o sonho dos nove anos no m\u00eas de agosto O m\u00eas de agosto \u00e9 marcado em todas as casas Salesianas pelo anivers\u00e1rio de Dom Bosco (16), portanto \u00e9 um m\u00eas festivo com comemora\u00e7\u00f5es diversas. Com o objetivo de [&hellip;]\" \/>\n<meta property=\"og:url\" content=\"https:\/\/salesianossp.org.br\/osbomretiro\/1o-exposicao-artistica-do-nci-castelinho-dom-bosco-homenageia-o-pai-e-mestre-da-juventude\/\" \/>\n<meta property=\"og:site_name\" content=\"Instituto Dom Bosco\" \/>\n<meta property=\"article:publisher\" content=\"https:\/\/www.facebook.com\/InstitutoDomBoscoBomRetiro\/\" \/>\n<meta property=\"article:published_time\" content=\"2021-09-01T15:12:29+00:00\" \/>\n<meta property=\"og:image\" content=\"https:\/\/salesianossp.org.br\/osbomretiro\/wp-content\/uploads\/2021\/09\/1o-Exposicao-Artistica-do-NCI-Castelinho-Dom-Bosco-homenageia-o-Pai-e-Mestre-da-Juventude-IDB-1.png\" \/>\n\t<meta property=\"og:image:width\" content=\"1080\" \/>\n\t<meta property=\"og:image:height\" content=\"1080\" \/>\n\t<meta property=\"og:image:type\" content=\"image\/png\" \/>\n<meta name=\"author\" content=\"Lucas Rodrigues\" \/>\n<meta name=\"twitter:card\" content=\"summary_large_image\" \/>\n<meta name=\"twitter:label1\" content=\"Escrito por\" \/>\n\t<meta name=\"twitter:data1\" content=\"Lucas Rodrigues\" \/>\n\t<meta name=\"twitter:label2\" content=\"Est. tempo de leitura\" \/>\n\t<meta name=\"twitter:data2\" content=\"1 minuto\" \/>\n<script type=\"application\/ld+json\" class=\"yoast-schema-graph\">{\"@context\":\"https:\\\/\\\/schema.org\",\"@graph\":[{\"@type\":\"Article\",\"@id\":\"https:\\\/\\\/salesianossp.org.br\\\/osbomretiro\\\/1o-exposicao-artistica-do-nci-castelinho-dom-bosco-homenageia-o-pai-e-mestre-da-juventude\\\/#article\",\"isPartOf\":{\"@id\":\"https:\\\/\\\/salesianossp.org.br\\\/osbomretiro\\\/1o-exposicao-artistica-do-nci-castelinho-dom-bosco-homenageia-o-pai-e-mestre-da-juventude\\\/\"},\"author\":{\"name\":\"Lucas Rodrigues\",\"@id\":\"https:\\\/\\\/salesianossp.org.br\\\/osbomretiro\\\/#\\\/schema\\\/person\\\/3091f5c85d13f1f81c2eadb190445d2e\"},\"headline\":\"1\u00ba Exposi\u00e7\u00e3o Art\u00edstica do NCI Castelinho Dom Bosco homenageia o Pai e Mestre da Juventude\",\"datePublished\":\"2021-09-01T15:12:29+00:00\",\"mainEntityOfPage\":{\"@id\":\"https:\\\/\\\/salesianossp.org.br\\\/osbomretiro\\\/1o-exposicao-artistica-do-nci-castelinho-dom-bosco-homenageia-o-pai-e-mestre-da-juventude\\\/\"},\"wordCount\":313,\"commentCount\":0,\"publisher\":{\"@id\":\"https:\\\/\\\/salesianossp.org.br\\\/osbomretiro\\\/#organization\"},\"image\":{\"@id\":\"https:\\\/\\\/salesianossp.org.br\\\/osbomretiro\\\/1o-exposicao-artistica-do-nci-castelinho-dom-bosco-homenageia-o-pai-e-mestre-da-juventude\\\/#primaryimage\"},\"thumbnailUrl\":\"https:\\\/\\\/salesianossp.org.br\\\/osbomretiro\\\/wp-content\\\/uploads\\\/2021\\\/09\\\/1o-Exposicao-Artistica-do-NCI-Castelinho-Dom-Bosco-homenageia-o-Pai-e-Mestre-da-Juventude-IDB-1.png\",\"articleSection\":[\"Not\u00edcias\"],\"inLanguage\":\"pt-BR\",\"potentialAction\":[{\"@type\":\"CommentAction\",\"name\":\"Comment\",\"target\":[\"https:\\\/\\\/salesianossp.org.br\\\/osbomretiro\\\/1o-exposicao-artistica-do-nci-castelinho-dom-bosco-homenageia-o-pai-e-mestre-da-juventude\\\/#respond\"]}]},{\"@type\":\"WebPage\",\"@id\":\"https:\\\/\\\/salesianossp.org.br\\\/osbomretiro\\\/1o-exposicao-artistica-do-nci-castelinho-dom-bosco-homenageia-o-pai-e-mestre-da-juventude\\\/\",\"url\":\"https:\\\/\\\/salesianossp.org.br\\\/osbomretiro\\\/1o-exposicao-artistica-do-nci-castelinho-dom-bosco-homenageia-o-pai-e-mestre-da-juventude\\\/\",\"name\":\"1\u00ba Exposi\u00e7\u00e3o Art\u00edstica do NCI Castelinho Dom Bosco homenageia o Pai e Mestre da Juventude - Instituto Dom Bosco\",\"isPartOf\":{\"@id\":\"https:\\\/\\\/salesianossp.org.br\\\/osbomretiro\\\/#website\"},\"primaryImageOfPage\":{\"@id\":\"https:\\\/\\\/salesianossp.org.br\\\/osbomretiro\\\/1o-exposicao-artistica-do-nci-castelinho-dom-bosco-homenageia-o-pai-e-mestre-da-juventude\\\/#primaryimage\"},\"image\":{\"@id\":\"https:\\\/\\\/salesianossp.org.br\\\/osbomretiro\\\/1o-exposicao-artistica-do-nci-castelinho-dom-bosco-homenageia-o-pai-e-mestre-da-juventude\\\/#primaryimage\"},\"thumbnailUrl\":\"https:\\\/\\\/salesianossp.org.br\\\/osbomretiro\\\/wp-content\\\/uploads\\\/2021\\\/09\\\/1o-Exposicao-Artistica-do-NCI-Castelinho-Dom-Bosco-homenageia-o-Pai-e-Mestre-da-Juventude-IDB-1.png\",\"datePublished\":\"2021-09-01T15:12:29+00:00\",\"breadcrumb\":{\"@id\":\"https:\\\/\\\/salesianossp.org.br\\\/osbomretiro\\\/1o-exposicao-artistica-do-nci-castelinho-dom-bosco-homenageia-o-pai-e-mestre-da-juventude\\\/#breadcrumb\"},\"inLanguage\":\"pt-BR\",\"potentialAction\":[{\"@type\":\"ReadAction\",\"target\":[\"https:\\\/\\\/salesianossp.org.br\\\/osbomretiro\\\/1o-exposicao-artistica-do-nci-castelinho-dom-bosco-homenageia-o-pai-e-mestre-da-juventude\\\/\"]}]},{\"@type\":\"ImageObject\",\"inLanguage\":\"pt-BR\",\"@id\":\"https:\\\/\\\/salesianossp.org.br\\\/osbomretiro\\\/1o-exposicao-artistica-do-nci-castelinho-dom-bosco-homenageia-o-pai-e-mestre-da-juventude\\\/#primaryimage\",\"url\":\"https:\\\/\\\/salesianossp.org.br\\\/osbomretiro\\\/wp-content\\\/uploads\\\/2021\\\/09\\\/1o-Exposicao-Artistica-do-NCI-Castelinho-Dom-Bosco-homenageia-o-Pai-e-Mestre-da-Juventude-IDB-1.png\",\"contentUrl\":\"https:\\\/\\\/salesianossp.org.br\\\/osbomretiro\\\/wp-content\\\/uploads\\\/2021\\\/09\\\/1o-Exposicao-Artistica-do-NCI-Castelinho-Dom-Bosco-homenageia-o-Pai-e-Mestre-da-Juventude-IDB-1.png\",\"width\":1080,\"height\":1080},{\"@type\":\"BreadcrumbList\",\"@id\":\"https:\\\/\\\/salesianossp.org.br\\\/osbomretiro\\\/1o-exposicao-artistica-do-nci-castelinho-dom-bosco-homenageia-o-pai-e-mestre-da-juventude\\\/#breadcrumb\",\"itemListElement\":[{\"@type\":\"ListItem\",\"position\":1,\"name\":\"In\u00edcio\",\"item\":\"https:\\\/\\\/salesianossp.org.br\\\/osbomretiro\\\/\"},{\"@type\":\"ListItem\",\"position\":2,\"name\":\"1\u00ba Exposi\u00e7\u00e3o Art\u00edstica do NCI Castelinho Dom Bosco homenageia o Pai e Mestre da Juventude\"}]},{\"@type\":\"WebSite\",\"@id\":\"https:\\\/\\\/salesianossp.org.br\\\/osbomretiro\\\/#website\",\"url\":\"https:\\\/\\\/salesianossp.org.br\\\/osbomretiro\\\/\",\"name\":\"Instituto Dom Bosco\",\"description\":\"\",\"publisher\":{\"@id\":\"https:\\\/\\\/salesianossp.org.br\\\/osbomretiro\\\/#organization\"},\"potentialAction\":[{\"@type\":\"SearchAction\",\"target\":{\"@type\":\"EntryPoint\",\"urlTemplate\":\"https:\\\/\\\/salesianossp.org.br\\\/osbomretiro\\\/?s={search_term_string}\"},\"query-input\":{\"@type\":\"PropertyValueSpecification\",\"valueRequired\":true,\"valueName\":\"search_term_string\"}}],\"inLanguage\":\"pt-BR\"},{\"@type\":\"Organization\",\"@id\":\"https:\\\/\\\/salesianossp.org.br\\\/osbomretiro\\\/#organization\",\"name\":\"Instituto Dom Bosco\",\"url\":\"https:\\\/\\\/salesianossp.org.br\\\/osbomretiro\\\/\",\"logo\":{\"@type\":\"ImageObject\",\"inLanguage\":\"pt-BR\",\"@id\":\"https:\\\/\\\/salesianossp.org.br\\\/osbomretiro\\\/#\\\/schema\\\/logo\\\/image\\\/\",\"url\":\"https:\\\/\\\/salesianossp.org.br\\\/osbomretiro\\\/wp-content\\\/uploads\\\/2025\\\/10\\\/logotipo-instituto-dom-bosco-color-56.svg\",\"contentUrl\":\"https:\\\/\\\/salesianossp.org.br\\\/osbomretiro\\\/wp-content\\\/uploads\\\/2025\\\/10\\\/logotipo-instituto-dom-bosco-color-56.svg\",\"width\":164,\"height\":56,\"caption\":\"Instituto Dom Bosco\"},\"image\":{\"@id\":\"https:\\\/\\\/salesianossp.org.br\\\/osbomretiro\\\/#\\\/schema\\\/logo\\\/image\\\/\"},\"sameAs\":[\"https:\\\/\\\/www.facebook.com\\\/InstitutoDomBoscoBomRetiro\\\/\",\"https:\\\/\\\/www.youtube.com\\\/user\\\/Institutodb\",\"https:\\\/\\\/www.instagram.com\\\/institutodb\\\/\"]},{\"@type\":\"Person\",\"@id\":\"https:\\\/\\\/salesianossp.org.br\\\/osbomretiro\\\/#\\\/schema\\\/person\\\/3091f5c85d13f1f81c2eadb190445d2e\",\"name\":\"Lucas Rodrigues\",\"image\":{\"@type\":\"ImageObject\",\"inLanguage\":\"pt-BR\",\"@id\":\"https:\\\/\\\/secure.gravatar.com\\\/avatar\\\/0ad9c966c6ed3335d7fffe2c3b88880dd298c0817b71e20a6955c38f2a53f746?s=96&d=mm&r=g\",\"url\":\"https:\\\/\\\/secure.gravatar.com\\\/avatar\\\/0ad9c966c6ed3335d7fffe2c3b88880dd298c0817b71e20a6955c38f2a53f746?s=96&d=mm&r=g\",\"contentUrl\":\"https:\\\/\\\/secure.gravatar.com\\\/avatar\\\/0ad9c966c6ed3335d7fffe2c3b88880dd298c0817b71e20a6955c38f2a53f746?s=96&d=mm&r=g\",\"caption\":\"Lucas Rodrigues\"},\"url\":\"https:\\\/\\\/salesianossp.org.br\\\/osbomretiro\\\/author\\\/lucas-rodrigues\\\/\"}]}<\/script>\n<!-- \/ Yoast SEO plugin. -->","yoast_head_json":{"title":"1\u00ba Exposi\u00e7\u00e3o Art\u00edstica do NCI Castelinho Dom Bosco homenageia o Pai e Mestre da Juventude - Instituto Dom Bosco","robots":{"index":"index","follow":"follow","max-snippet":"max-snippet:-1","max-image-preview":"max-image-preview:large","max-video-preview":"max-video-preview:-1"},"canonical":"https:\/\/salesianossp.org.br\/osbomretiro\/1o-exposicao-artistica-do-nci-castelinho-dom-bosco-homenageia-o-pai-e-mestre-da-juventude\/","og_locale":"pt_BR","og_type":"article","og_title":"1\u00ba Exposi\u00e7\u00e3o Art\u00edstica do NCI Castelinho Dom Bosco homenageia o Pai e Mestre da Juventude - Instituto Dom Bosco","og_description":"Com muita criatividade os idosos da Zona Sul reproduziram pinturas e realizaram at\u00e9 um livro bordado com o sonho dos nove anos no m\u00eas de agosto O m\u00eas de agosto \u00e9 marcado em todas as casas Salesianas pelo anivers\u00e1rio de Dom Bosco (16), portanto \u00e9 um m\u00eas festivo com comemora\u00e7\u00f5es diversas. Com o objetivo de [&hellip;]","og_url":"https:\/\/salesianossp.org.br\/osbomretiro\/1o-exposicao-artistica-do-nci-castelinho-dom-bosco-homenageia-o-pai-e-mestre-da-juventude\/","og_site_name":"Instituto Dom Bosco","article_publisher":"https:\/\/www.facebook.com\/InstitutoDomBoscoBomRetiro\/","article_published_time":"2021-09-01T15:12:29+00:00","og_image":[{"width":1080,"height":1080,"url":"https:\/\/salesianossp.org.br\/osbomretiro\/wp-content\/uploads\/2021\/09\/1o-Exposicao-Artistica-do-NCI-Castelinho-Dom-Bosco-homenageia-o-Pai-e-Mestre-da-Juventude-IDB-1.png","type":"image\/png"}],"author":"Lucas Rodrigues","twitter_card":"summary_large_image","twitter_misc":{"Escrito por":"Lucas Rodrigues","Est. tempo de leitura":"1 minuto"},"schema":{"@context":"https:\/\/schema.org","@graph":[{"@type":"Article","@id":"https:\/\/salesianossp.org.br\/osbomretiro\/1o-exposicao-artistica-do-nci-castelinho-dom-bosco-homenageia-o-pai-e-mestre-da-juventude\/#article","isPartOf":{"@id":"https:\/\/salesianossp.org.br\/osbomretiro\/1o-exposicao-artistica-do-nci-castelinho-dom-bosco-homenageia-o-pai-e-mestre-da-juventude\/"},"author":{"name":"Lucas Rodrigues","@id":"https:\/\/salesianossp.org.br\/osbomretiro\/#\/schema\/person\/3091f5c85d13f1f81c2eadb190445d2e"},"headline":"1\u00ba Exposi\u00e7\u00e3o Art\u00edstica do NCI Castelinho Dom Bosco homenageia o Pai e Mestre da Juventude","datePublished":"2021-09-01T15:12:29+00:00","mainEntityOfPage":{"@id":"https:\/\/salesianossp.org.br\/osbomretiro\/1o-exposicao-artistica-do-nci-castelinho-dom-bosco-homenageia-o-pai-e-mestre-da-juventude\/"},"wordCount":313,"commentCount":0,"publisher":{"@id":"https:\/\/salesianossp.org.br\/osbomretiro\/#organization"},"image":{"@id":"https:\/\/salesianossp.org.br\/osbomretiro\/1o-exposicao-artistica-do-nci-castelinho-dom-bosco-homenageia-o-pai-e-mestre-da-juventude\/#primaryimage"},"thumbnailUrl":"https:\/\/salesianossp.org.br\/osbomretiro\/wp-content\/uploads\/2021\/09\/1o-Exposicao-Artistica-do-NCI-Castelinho-Dom-Bosco-homenageia-o-Pai-e-Mestre-da-Juventude-IDB-1.png","articleSection":["Not\u00edcias"],"inLanguage":"pt-BR","potentialAction":[{"@type":"CommentAction","name":"Comment","target":["https:\/\/salesianossp.org.br\/osbomretiro\/1o-exposicao-artistica-do-nci-castelinho-dom-bosco-homenageia-o-pai-e-mestre-da-juventude\/#respond"]}]},{"@type":"WebPage","@id":"https:\/\/salesianossp.org.br\/osbomretiro\/1o-exposicao-artistica-do-nci-castelinho-dom-bosco-homenageia-o-pai-e-mestre-da-juventude\/","url":"https:\/\/salesianossp.org.br\/osbomretiro\/1o-exposicao-artistica-do-nci-castelinho-dom-bosco-homenageia-o-pai-e-mestre-da-juventude\/","name":"1\u00ba Exposi\u00e7\u00e3o Art\u00edstica do NCI Castelinho Dom Bosco homenageia o Pai e Mestre da Juventude - Instituto Dom Bosco","isPartOf":{"@id":"https:\/\/salesianossp.org.br\/osbomretiro\/#website"},"primaryImageOfPage":{"@id":"https:\/\/salesianossp.org.br\/osbomretiro\/1o-exposicao-artistica-do-nci-castelinho-dom-bosco-homenageia-o-pai-e-mestre-da-juventude\/#primaryimage"},"image":{"@id":"https:\/\/salesianossp.org.br\/osbomretiro\/1o-exposicao-artistica-do-nci-castelinho-dom-bosco-homenageia-o-pai-e-mestre-da-juventude\/#primaryimage"},"thumbnailUrl":"https:\/\/salesianossp.org.br\/osbomretiro\/wp-content\/uploads\/2021\/09\/1o-Exposicao-Artistica-do-NCI-Castelinho-Dom-Bosco-homenageia-o-Pai-e-Mestre-da-Juventude-IDB-1.png","datePublished":"2021-09-01T15:12:29+00:00","breadcrumb":{"@id":"https:\/\/salesianossp.org.br\/osbomretiro\/1o-exposicao-artistica-do-nci-castelinho-dom-bosco-homenageia-o-pai-e-mestre-da-juventude\/#breadcrumb"},"inLanguage":"pt-BR","potentialAction":[{"@type":"ReadAction","target":["https:\/\/salesianossp.org.br\/osbomretiro\/1o-exposicao-artistica-do-nci-castelinho-dom-bosco-homenageia-o-pai-e-mestre-da-juventude\/"]}]},{"@type":"ImageObject","inLanguage":"pt-BR","@id":"https:\/\/salesianossp.org.br\/osbomretiro\/1o-exposicao-artistica-do-nci-castelinho-dom-bosco-homenageia-o-pai-e-mestre-da-juventude\/#primaryimage","url":"https:\/\/salesianossp.org.br\/osbomretiro\/wp-content\/uploads\/2021\/09\/1o-Exposicao-Artistica-do-NCI-Castelinho-Dom-Bosco-homenageia-o-Pai-e-Mestre-da-Juventude-IDB-1.png","contentUrl":"https:\/\/salesianossp.org.br\/osbomretiro\/wp-content\/uploads\/2021\/09\/1o-Exposicao-Artistica-do-NCI-Castelinho-Dom-Bosco-homenageia-o-Pai-e-Mestre-da-Juventude-IDB-1.png","width":1080,"height":1080},{"@type":"BreadcrumbList","@id":"https:\/\/salesianossp.org.br\/osbomretiro\/1o-exposicao-artistica-do-nci-castelinho-dom-bosco-homenageia-o-pai-e-mestre-da-juventude\/#breadcrumb","itemListElement":[{"@type":"ListItem","position":1,"name":"In\u00edcio","item":"https:\/\/salesianossp.org.br\/osbomretiro\/"},{"@type":"ListItem","position":2,"name":"1\u00ba Exposi\u00e7\u00e3o Art\u00edstica do NCI Castelinho Dom Bosco homenageia o Pai e Mestre da Juventude"}]},{"@type":"WebSite","@id":"https:\/\/salesianossp.org.br\/osbomretiro\/#website","url":"https:\/\/salesianossp.org.br\/osbomretiro\/","name":"Instituto Dom Bosco","description":"","publisher":{"@id":"https:\/\/salesianossp.org.br\/osbomretiro\/#organization"},"potentialAction":[{"@type":"SearchAction","target":{"@type":"EntryPoint","urlTemplate":"https:\/\/salesianossp.org.br\/osbomretiro\/?s={search_term_string}"},"query-input":{"@type":"PropertyValueSpecification","valueRequired":true,"valueName":"search_term_string"}}],"inLanguage":"pt-BR"},{"@type":"Organization","@id":"https:\/\/salesianossp.org.br\/osbomretiro\/#organization","name":"Instituto Dom Bosco","url":"https:\/\/salesianossp.org.br\/osbomretiro\/","logo":{"@type":"ImageObject","inLanguage":"pt-BR","@id":"https:\/\/salesianossp.org.br\/osbomretiro\/#\/schema\/logo\/image\/","url":"https:\/\/salesianossp.org.br\/osbomretiro\/wp-content\/uploads\/2025\/10\/logotipo-instituto-dom-bosco-color-56.svg","contentUrl":"https:\/\/salesianossp.org.br\/osbomretiro\/wp-content\/uploads\/2025\/10\/logotipo-instituto-dom-bosco-color-56.svg","width":164,"height":56,"caption":"Instituto Dom Bosco"},"image":{"@id":"https:\/\/salesianossp.org.br\/osbomretiro\/#\/schema\/logo\/image\/"},"sameAs":["https:\/\/www.facebook.com\/InstitutoDomBoscoBomRetiro\/","https:\/\/www.youtube.com\/user\/Institutodb","https:\/\/www.instagram.com\/institutodb\/"]},{"@type":"Person","@id":"https:\/\/salesianossp.org.br\/osbomretiro\/#\/schema\/person\/3091f5c85d13f1f81c2eadb190445d2e","name":"Lucas Rodrigues","image":{"@type":"ImageObject","inLanguage":"pt-BR","@id":"https:\/\/secure.gravatar.com\/avatar\/0ad9c966c6ed3335d7fffe2c3b88880dd298c0817b71e20a6955c38f2a53f746?s=96&d=mm&r=g","url":"https:\/\/secure.gravatar.com\/avatar\/0ad9c966c6ed3335d7fffe2c3b88880dd298c0817b71e20a6955c38f2a53f746?s=96&d=mm&r=g","contentUrl":"https:\/\/secure.gravatar.com\/avatar\/0ad9c966c6ed3335d7fffe2c3b88880dd298c0817b71e20a6955c38f2a53f746?s=96&d=mm&r=g","caption":"Lucas Rodrigues"},"url":"https:\/\/salesianossp.org.br\/osbomretiro\/author\/lucas-rodrigues\/"}]}},"_links":{"self":[{"href":"https:\/\/salesianossp.org.br\/osbomretiro\/wp-json\/wp\/v2\/posts\/2198","targetHints":{"allow":["GET"]}}],"collection":[{"href":"https:\/\/salesianossp.org.br\/osbomretiro\/wp-json\/wp\/v2\/posts"}],"about":[{"href":"https:\/\/salesianossp.org.br\/osbomretiro\/wp-json\/wp\/v2\/types\/post"}],"author":[{"embeddable":true,"href":"https:\/\/salesianossp.org.br\/osbomretiro\/wp-json\/wp\/v2\/users\/27"}],"replies":[{"embeddable":true,"href":"https:\/\/salesianossp.org.br\/osbomretiro\/wp-json\/wp\/v2\/comments?post=2198"}],"version-history":[{"count":0,"href":"https:\/\/salesianossp.org.br\/osbomretiro\/wp-json\/wp\/v2\/posts\/2198\/revisions"}],"wp:featuredmedia":[{"embeddable":true,"href":"https:\/\/salesianossp.org.br\/osbomretiro\/wp-json\/wp\/v2\/media\/2200"}],"wp:attachment":[{"href":"https:\/\/salesianossp.org.br\/osbomretiro\/wp-json\/wp\/v2\/media?parent=2198"}],"wp:term":[{"taxonomy":"category","embeddable":true,"href":"https:\/\/salesianossp.org.br\/osbomretiro\/wp-json\/wp\/v2\/categories?post=2198"},{"taxonomy":"post_tag","embeddable":true,"href":"https:\/\/salesianossp.org.br\/osbomretiro\/wp-json\/wp\/v2\/tags?post=2198"}],"curies":[{"name":"wp","href":"https:\/\/api.w.org\/{rel}","templated":true}]}}