{"id":2671,"date":"2021-12-02T18:04:46","date_gmt":"2021-12-02T21:04:46","guid":{"rendered":"https:\/\/salesianossp.org.br\/osbomretiro\/?p=2671"},"modified":"2021-12-02T18:04:46","modified_gmt":"2021-12-02T21:04:46","slug":"desenvolvimento-e-avaliacao-durante-parada-tecnica-no-idb","status":"publish","type":"post","link":"https:\/\/salesianossp.org.br\/osbomretiro\/desenvolvimento-e-avaliacao-durante-parada-tecnica-no-idb\/","title":{"rendered":"Avalia\u00e7\u00e3o e Desenvolvimento Durante Parada T\u00e9cnica no IDB"},"content":{"rendered":"\n<p>No m\u00eas de novembro a Parada T\u00e9cnica do Instituto Dom Bosco S\u00e3o Paulo \u2013 SP, aconteceu em dias diferentes: Castelinho Dom Bosco Zona Sul no dia 12 e Bom Retiro e Vila Paulistana no dia 26.<\/p>\n\n\n\n<p>A Parada no Castelinho\u2026<br>No dia 12 de novembro, o Castelinho DB ZS, abordou a Identidade Carism\u00e1tica do Sistema Preventivo e Direitos Humanos e Dimens\u00e3o Familiar do Carisma Salesiano. O objetivo foi de explicar e orientar sobre o desenvolvimento integral dos Atendidos, mostrando que a educa\u00e7\u00e3o social e educa\u00e7\u00e3o salesiana se contemplam, e a import\u00e2ncia da a\u00e7\u00e3o pedag\u00f3gica exercida no cotidiano das rela\u00e7\u00f5es educativas.<\/p>\n\n\n\n<p>A abertura foi realizada pela equipe de Pastoral, na sequ\u00eancia a explana\u00e7\u00e3o do conte\u00fado Educa\u00e7\u00e3o Social e Preventividade e Medidas Sob a \u00d3tica da Pedagogia Salesiana com Padre Agnaldo.<\/p>\n\n\n\n<p>\u201cForam abordadas reflex\u00f5es sobre o terceiro caderno, sistema preventivo se antecipando \u00e0s diversas viol\u00eancias que assolam crian\u00e7as, adolescentes e jovens. Quando pensamos em adolescentes no cumprimento de medidas socioeducativas se faz necess\u00e1rio questionar os caminhos que os levaram ao ato infracional. Para o T\u00e9cnico Especializado \u00e9 primordial refletir sobre as m\u00faltiplas express\u00f5es da quest\u00e3o social, as contradi\u00e7\u00f5es da sociedade capitalista em conflito com o sistema de garantia de direitos, que se faz necess\u00e1rio que a lei 8.069 de 13 de julho de 1990 seja efetivada em sua totalidade.<br>O sistema preventivo em dialogo com o ECA \u00e9 uma proposta de educa\u00e7\u00e3o de base onde crian\u00e7as, adolescentes e jovens est\u00e3o no foco de nossas a\u00e7\u00f5es. Em todo o jovem, mesmo que rebelde, h\u00e1 sempre um ponto acess\u00edvel ao bem. \u2018A primeira obriga\u00e7\u00e3o do educador \u00e9 buscar esse ponto, essa corda sens\u00edvel do cora\u00e7\u00e3o e tirar um bom proveito.\u2019 (Dom Bosco).<\/p>\n\n\n\n<p>\u2018Eu nunca poderia pensar em educa\u00e7\u00e3o sem amor. \u00c9 por isso que me considero um educador; acima de tudo eu sinto amor.\u2019 (Paulo Freire).<br>Ter o olhar para inf\u00e2ncia, adolesc\u00eancia e juventude como prioridade absoluta \u00e9 um compromisso do educador, \u00e9 fundamental na educa\u00e7\u00e3o de base e no sistema preventivo, essa foi uma bel\u00edssima mensagem que marcou nosso encontro.\u201d, declarou Rog\u00e9rio Costa, T\u00e9cnico Social do Medidas S\u00f3cio Educativas \u2013 MSE.<\/p>\n\n\n\n<p>A Parada no Bom Retiro\u2026<br>No dia 26, as Unidades VP e BR, reuniram-se na sede para uma mais um momento formativo. Desta vez os objetivos eram: a avalia\u00e7\u00e3o das atividades desenvolvidas em 2021; as novas compet\u00eancias; atividades h\u00edbridas e seu alcance; eixos formativos e sua contribui\u00e7\u00e3o para o planejamento e avalia\u00e7\u00e3o dos resultados das atividades oferecidas; plano de a\u00e7\u00e3o semestral.<\/p>\n\n\n\n<p>Na abertura, a equipe de Pastoral trouxe o tema coragem e gratid\u00e3o, celebrando assim o m\u00eas mundial da gratid\u00e3o: novembro. Para ilustrar o momento, os colaboradores trocaram pap\u00e9is com palavras de agradecimento para outro colega. Um momento de emo\u00e7\u00e3o. Na sequ\u00eancia, as forma\u00e7\u00f5es do dia.<\/p>\n\n\n\n<p>Em ambas as unidades foi realizado o sorteio do m\u00eas com a Equipe do Don Bosco Green Alliance \u2013 Alian\u00e7a Verde de Dom Bosco, uma a\u00e7\u00e3o interna com os colaboradores a fim de evitar o descarte incorreto dos pap\u00e9is de ponto. As devidas reuni\u00f5es de setores seguiram como nos meses anteriores e as palmas para os aniversariantes do m\u00eas conclu\u00edram a Parada T\u00e9cnica do m\u00eas.<\/p>\n\n\n\n<div class=\"wp-block-columns is-layout-flex wp-container-core-columns-is-layout-28f84493 wp-block-columns-is-layout-flex\">\n<div class=\"wp-block-column is-layout-flow wp-block-column-is-layout-flow\" style=\"flex-basis:100%\">\n<figure class=\"wp-block-gallery columns-3 is-cropped wp-block-gallery-1 is-layout-flex wp-block-gallery-is-layout-flex\"><ul class=\"blocks-gallery-grid\"><li class=\"blocks-gallery-item\"><figure><img fetchpriority=\"high\" decoding=\"async\" width=\"1024\" height=\"768\" src=\"https:\/\/salesianossp.org.br\/osbomretiro\/wp-content\/uploads\/2021\/12\/e9c526b1-4304-4929-900a-610ef34bc7ab-1024x768.jpg\" alt=\"\" data-id=\"2675\" data-full-url=\"https:\/\/salesianossp.org.br\/osbomretiro\/wp-content\/uploads\/2021\/12\/e9c526b1-4304-4929-900a-610ef34bc7ab.jpg\" data-link=\"https:\/\/salesianossp.org.br\/osbomretiro\/?attachment_id=2675\" class=\"wp-image-2675\" srcset=\"https:\/\/salesianossp.org.br\/osbomretiro\/wp-content\/uploads\/2021\/12\/e9c526b1-4304-4929-900a-610ef34bc7ab-1024x768.jpg 1024w, https:\/\/salesianossp.org.br\/osbomretiro\/wp-content\/uploads\/2021\/12\/e9c526b1-4304-4929-900a-610ef34bc7ab-300x225.jpg 300w, https:\/\/salesianossp.org.br\/osbomretiro\/wp-content\/uploads\/2021\/12\/e9c526b1-4304-4929-900a-610ef34bc7ab-768x576.jpg 768w, https:\/\/salesianossp.org.br\/osbomretiro\/wp-content\/uploads\/2021\/12\/e9c526b1-4304-4929-900a-610ef34bc7ab-1536x1152.jpg 1536w, https:\/\/salesianossp.org.br\/osbomretiro\/wp-content\/uploads\/2021\/12\/e9c526b1-4304-4929-900a-610ef34bc7ab.jpg 1600w\" sizes=\"(max-width: 1024px) 100vw, 1024px\" \/><\/figure><\/li><li class=\"blocks-gallery-item\"><figure><img decoding=\"async\" width=\"1024\" height=\"768\" src=\"https:\/\/salesianossp.org.br\/osbomretiro\/wp-content\/uploads\/2021\/12\/bd459bb8-dc46-4d9f-9a16-b01a13c803bd-1024x768.jpg\" alt=\"\" data-id=\"2674\" data-full-url=\"https:\/\/salesianossp.org.br\/osbomretiro\/wp-content\/uploads\/2021\/12\/bd459bb8-dc46-4d9f-9a16-b01a13c803bd.jpg\" data-link=\"https:\/\/salesianossp.org.br\/osbomretiro\/?attachment_id=2674\" class=\"wp-image-2674\" srcset=\"https:\/\/salesianossp.org.br\/osbomretiro\/wp-content\/uploads\/2021\/12\/bd459bb8-dc46-4d9f-9a16-b01a13c803bd-1024x768.jpg 1024w, https:\/\/salesianossp.org.br\/osbomretiro\/wp-content\/uploads\/2021\/12\/bd459bb8-dc46-4d9f-9a16-b01a13c803bd-300x225.jpg 300w, https:\/\/salesianossp.org.br\/osbomretiro\/wp-content\/uploads\/2021\/12\/bd459bb8-dc46-4d9f-9a16-b01a13c803bd-768x576.jpg 768w, https:\/\/salesianossp.org.br\/osbomretiro\/wp-content\/uploads\/2021\/12\/bd459bb8-dc46-4d9f-9a16-b01a13c803bd-1536x1152.jpg 1536w, https:\/\/salesianossp.org.br\/osbomretiro\/wp-content\/uploads\/2021\/12\/bd459bb8-dc46-4d9f-9a16-b01a13c803bd.jpg 1600w\" sizes=\"(max-width: 1024px) 100vw, 1024px\" \/><\/figure><\/li><li class=\"blocks-gallery-item\"><figure><img decoding=\"async\" src=\"https:\/\/salesianossp.org.br\/osbomretiro\/wp-content\/uploads\/2021\/12\/IMG_0198-1024x768.jpg\" alt=\"\" data-id=\"2673\" data-full-url=\"https:\/\/salesianossp.org.br\/osbomretiro\/wp-content\/uploads\/2021\/12\/IMG_0198-scaled-1.jpg\" data-link=\"https:\/\/salesianossp.org.br\/osbomretiro\/?attachment_id=2673\" class=\"wp-image-2673\"\/><\/figure><\/li><li class=\"blocks-gallery-item\"><figure><img decoding=\"async\" src=\"https:\/\/salesianossp.org.br\/osbomretiro\/wp-content\/uploads\/2021\/12\/IMG_0194-1024x768.jpg\" alt=\"\" data-id=\"2672\" data-full-url=\"https:\/\/salesianossp.org.br\/osbomretiro\/wp-content\/uploads\/2021\/12\/IMG_0194-scaled-1.jpg\" data-link=\"https:\/\/salesianossp.org.br\/osbomretiro\/?attachment_id=2672\" class=\"wp-image-2672\"\/><\/figure><\/li><\/ul><\/figure>\n<\/div>\n<\/div>\n","protected":false},"excerpt":{"rendered":"<p>No m\u00eas de novembro a Parada T\u00e9cnica do Instituto Dom Bosco S\u00e3o Paulo \u2013 SP, aconteceu em dias diferentes: Castelinho Dom Bosco Zona Sul no dia 12 e Bom Retiro e Vila Paulistana no dia 26. A Parada no Castelinho\u2026No dia 12 de novembro, o Castelinho DB ZS, abordou a Identidade Carism\u00e1tica do Sistema Preventivo [&hellip;]<\/p>\n","protected":false},"author":27,"featured_media":2680,"comment_status":"open","ping_status":"open","sticky":false,"template":"","format":"standard","meta":{"footnotes":""},"categories":[59],"tags":[],"class_list":["post-2671","post","type-post","status-publish","format-standard","has-post-thumbnail","hentry","category-noticias"],"yoast_head":"<!-- This site is optimized with the Yoast SEO plugin v27.5 - https:\/\/yoast.com\/product\/yoast-seo-wordpress\/ -->\n<title>Avalia\u00e7\u00e3o e Desenvolvimento Durante Parada T\u00e9cnica no IDB - Instituto Dom Bosco<\/title>\n<meta name=\"robots\" content=\"index, follow, max-snippet:-1, max-image-preview:large, max-video-preview:-1\" \/>\n<link rel=\"canonical\" href=\"https:\/\/salesianossp.org.br\/osbomretiro\/desenvolvimento-e-avaliacao-durante-parada-tecnica-no-idb\/\" \/>\n<meta property=\"og:locale\" content=\"pt_BR\" \/>\n<meta property=\"og:type\" content=\"article\" \/>\n<meta property=\"og:title\" content=\"Avalia\u00e7\u00e3o e Desenvolvimento Durante Parada T\u00e9cnica no IDB - Instituto Dom Bosco\" \/>\n<meta property=\"og:description\" content=\"No m\u00eas de novembro a Parada T\u00e9cnica do Instituto Dom Bosco S\u00e3o Paulo \u2013 SP, aconteceu em dias diferentes: Castelinho Dom Bosco Zona Sul no dia 12 e Bom Retiro e Vila Paulistana no dia 26. A Parada no Castelinho\u2026No dia 12 de novembro, o Castelinho DB ZS, abordou a Identidade Carism\u00e1tica do Sistema Preventivo [&hellip;]\" \/>\n<meta property=\"og:url\" content=\"https:\/\/salesianossp.org.br\/osbomretiro\/desenvolvimento-e-avaliacao-durante-parada-tecnica-no-idb\/\" \/>\n<meta property=\"og:site_name\" content=\"Instituto Dom Bosco\" \/>\n<meta property=\"article:publisher\" content=\"https:\/\/www.facebook.com\/InstitutoDomBoscoBomRetiro\/\" \/>\n<meta property=\"article:published_time\" content=\"2021-12-02T21:04:46+00:00\" \/>\n<meta property=\"og:image\" content=\"https:\/\/salesianossp.org.br\/osbomretiro\/wp-content\/uploads\/2021\/12\/Parada-Tecnica-de-Novembro-IDB-1.png\" \/>\n\t<meta property=\"og:image:width\" content=\"1080\" \/>\n\t<meta property=\"og:image:height\" content=\"1080\" \/>\n\t<meta property=\"og:image:type\" content=\"image\/png\" \/>\n<meta name=\"author\" content=\"Lucas Rodrigues\" \/>\n<meta name=\"twitter:card\" content=\"summary_large_image\" \/>\n<meta name=\"twitter:label1\" content=\"Escrito por\" \/>\n\t<meta name=\"twitter:data1\" content=\"Lucas Rodrigues\" \/>\n\t<meta name=\"twitter:label2\" content=\"Est. tempo de leitura\" \/>\n\t<meta name=\"twitter:data2\" content=\"3 minutos\" \/>\n<script type=\"application\/ld+json\" class=\"yoast-schema-graph\">{\"@context\":\"https:\\\/\\\/schema.org\",\"@graph\":[{\"@type\":\"Article\",\"@id\":\"https:\\\/\\\/salesianossp.org.br\\\/osbomretiro\\\/desenvolvimento-e-avaliacao-durante-parada-tecnica-no-idb\\\/#article\",\"isPartOf\":{\"@id\":\"https:\\\/\\\/salesianossp.org.br\\\/osbomretiro\\\/desenvolvimento-e-avaliacao-durante-parada-tecnica-no-idb\\\/\"},\"author\":{\"name\":\"Lucas Rodrigues\",\"@id\":\"https:\\\/\\\/salesianossp.org.br\\\/osbomretiro\\\/#\\\/schema\\\/person\\\/3091f5c85d13f1f81c2eadb190445d2e\"},\"headline\":\"Avalia\u00e7\u00e3o e Desenvolvimento Durante Parada T\u00e9cnica no IDB\",\"datePublished\":\"2021-12-02T21:04:46+00:00\",\"mainEntityOfPage\":{\"@id\":\"https:\\\/\\\/salesianossp.org.br\\\/osbomretiro\\\/desenvolvimento-e-avaliacao-durante-parada-tecnica-no-idb\\\/\"},\"wordCount\":575,\"commentCount\":0,\"publisher\":{\"@id\":\"https:\\\/\\\/salesianossp.org.br\\\/osbomretiro\\\/#organization\"},\"image\":{\"@id\":\"https:\\\/\\\/salesianossp.org.br\\\/osbomretiro\\\/desenvolvimento-e-avaliacao-durante-parada-tecnica-no-idb\\\/#primaryimage\"},\"thumbnailUrl\":\"https:\\\/\\\/salesianossp.org.br\\\/osbomretiro\\\/wp-content\\\/uploads\\\/2021\\\/12\\\/Parada-Tecnica-de-Novembro-IDB-1.png\",\"articleSection\":[\"Not\u00edcias\"],\"inLanguage\":\"pt-BR\",\"potentialAction\":[{\"@type\":\"CommentAction\",\"name\":\"Comment\",\"target\":[\"https:\\\/\\\/salesianossp.org.br\\\/osbomretiro\\\/desenvolvimento-e-avaliacao-durante-parada-tecnica-no-idb\\\/#respond\"]}]},{\"@type\":\"WebPage\",\"@id\":\"https:\\\/\\\/salesianossp.org.br\\\/osbomretiro\\\/desenvolvimento-e-avaliacao-durante-parada-tecnica-no-idb\\\/\",\"url\":\"https:\\\/\\\/salesianossp.org.br\\\/osbomretiro\\\/desenvolvimento-e-avaliacao-durante-parada-tecnica-no-idb\\\/\",\"name\":\"Avalia\u00e7\u00e3o e Desenvolvimento Durante Parada T\u00e9cnica no IDB - Instituto Dom Bosco\",\"isPartOf\":{\"@id\":\"https:\\\/\\\/salesianossp.org.br\\\/osbomretiro\\\/#website\"},\"primaryImageOfPage\":{\"@id\":\"https:\\\/\\\/salesianossp.org.br\\\/osbomretiro\\\/desenvolvimento-e-avaliacao-durante-parada-tecnica-no-idb\\\/#primaryimage\"},\"image\":{\"@id\":\"https:\\\/\\\/salesianossp.org.br\\\/osbomretiro\\\/desenvolvimento-e-avaliacao-durante-parada-tecnica-no-idb\\\/#primaryimage\"},\"thumbnailUrl\":\"https:\\\/\\\/salesianossp.org.br\\\/osbomretiro\\\/wp-content\\\/uploads\\\/2021\\\/12\\\/Parada-Tecnica-de-Novembro-IDB-1.png\",\"datePublished\":\"2021-12-02T21:04:46+00:00\",\"breadcrumb\":{\"@id\":\"https:\\\/\\\/salesianossp.org.br\\\/osbomretiro\\\/desenvolvimento-e-avaliacao-durante-parada-tecnica-no-idb\\\/#breadcrumb\"},\"inLanguage\":\"pt-BR\",\"potentialAction\":[{\"@type\":\"ReadAction\",\"target\":[\"https:\\\/\\\/salesianossp.org.br\\\/osbomretiro\\\/desenvolvimento-e-avaliacao-durante-parada-tecnica-no-idb\\\/\"]}]},{\"@type\":\"ImageObject\",\"inLanguage\":\"pt-BR\",\"@id\":\"https:\\\/\\\/salesianossp.org.br\\\/osbomretiro\\\/desenvolvimento-e-avaliacao-durante-parada-tecnica-no-idb\\\/#primaryimage\",\"url\":\"https:\\\/\\\/salesianossp.org.br\\\/osbomretiro\\\/wp-content\\\/uploads\\\/2021\\\/12\\\/Parada-Tecnica-de-Novembro-IDB-1.png\",\"contentUrl\":\"https:\\\/\\\/salesianossp.org.br\\\/osbomretiro\\\/wp-content\\\/uploads\\\/2021\\\/12\\\/Parada-Tecnica-de-Novembro-IDB-1.png\",\"width\":1080,\"height\":1080},{\"@type\":\"BreadcrumbList\",\"@id\":\"https:\\\/\\\/salesianossp.org.br\\\/osbomretiro\\\/desenvolvimento-e-avaliacao-durante-parada-tecnica-no-idb\\\/#breadcrumb\",\"itemListElement\":[{\"@type\":\"ListItem\",\"position\":1,\"name\":\"In\u00edcio\",\"item\":\"https:\\\/\\\/salesianossp.org.br\\\/osbomretiro\\\/\"},{\"@type\":\"ListItem\",\"position\":2,\"name\":\"Avalia\u00e7\u00e3o e Desenvolvimento Durante Parada T\u00e9cnica no IDB\"}]},{\"@type\":\"WebSite\",\"@id\":\"https:\\\/\\\/salesianossp.org.br\\\/osbomretiro\\\/#website\",\"url\":\"https:\\\/\\\/salesianossp.org.br\\\/osbomretiro\\\/\",\"name\":\"Instituto Dom Bosco\",\"description\":\"\",\"publisher\":{\"@id\":\"https:\\\/\\\/salesianossp.org.br\\\/osbomretiro\\\/#organization\"},\"potentialAction\":[{\"@type\":\"SearchAction\",\"target\":{\"@type\":\"EntryPoint\",\"urlTemplate\":\"https:\\\/\\\/salesianossp.org.br\\\/osbomretiro\\\/?s={search_term_string}\"},\"query-input\":{\"@type\":\"PropertyValueSpecification\",\"valueRequired\":true,\"valueName\":\"search_term_string\"}}],\"inLanguage\":\"pt-BR\"},{\"@type\":\"Organization\",\"@id\":\"https:\\\/\\\/salesianossp.org.br\\\/osbomretiro\\\/#organization\",\"name\":\"Instituto Dom Bosco\",\"url\":\"https:\\\/\\\/salesianossp.org.br\\\/osbomretiro\\\/\",\"logo\":{\"@type\":\"ImageObject\",\"inLanguage\":\"pt-BR\",\"@id\":\"https:\\\/\\\/salesianossp.org.br\\\/osbomretiro\\\/#\\\/schema\\\/logo\\\/image\\\/\",\"url\":\"https:\\\/\\\/salesianossp.org.br\\\/osbomretiro\\\/wp-content\\\/uploads\\\/2025\\\/10\\\/logotipo-instituto-dom-bosco-color-56.svg\",\"contentUrl\":\"https:\\\/\\\/salesianossp.org.br\\\/osbomretiro\\\/wp-content\\\/uploads\\\/2025\\\/10\\\/logotipo-instituto-dom-bosco-color-56.svg\",\"width\":164,\"height\":56,\"caption\":\"Instituto Dom Bosco\"},\"image\":{\"@id\":\"https:\\\/\\\/salesianossp.org.br\\\/osbomretiro\\\/#\\\/schema\\\/logo\\\/image\\\/\"},\"sameAs\":[\"https:\\\/\\\/www.facebook.com\\\/InstitutoDomBoscoBomRetiro\\\/\",\"https:\\\/\\\/www.youtube.com\\\/user\\\/Institutodb\",\"https:\\\/\\\/www.instagram.com\\\/institutodb\\\/\"]},{\"@type\":\"Person\",\"@id\":\"https:\\\/\\\/salesianossp.org.br\\\/osbomretiro\\\/#\\\/schema\\\/person\\\/3091f5c85d13f1f81c2eadb190445d2e\",\"name\":\"Lucas Rodrigues\",\"image\":{\"@type\":\"ImageObject\",\"inLanguage\":\"pt-BR\",\"@id\":\"https:\\\/\\\/secure.gravatar.com\\\/avatar\\\/0ad9c966c6ed3335d7fffe2c3b88880dd298c0817b71e20a6955c38f2a53f746?s=96&d=mm&r=g\",\"url\":\"https:\\\/\\\/secure.gravatar.com\\\/avatar\\\/0ad9c966c6ed3335d7fffe2c3b88880dd298c0817b71e20a6955c38f2a53f746?s=96&d=mm&r=g\",\"contentUrl\":\"https:\\\/\\\/secure.gravatar.com\\\/avatar\\\/0ad9c966c6ed3335d7fffe2c3b88880dd298c0817b71e20a6955c38f2a53f746?s=96&d=mm&r=g\",\"caption\":\"Lucas Rodrigues\"},\"url\":\"https:\\\/\\\/salesianossp.org.br\\\/osbomretiro\\\/author\\\/lucas-rodrigues\\\/\"}]}<\/script>\n<!-- \/ Yoast SEO plugin. -->","yoast_head_json":{"title":"Avalia\u00e7\u00e3o e Desenvolvimento Durante Parada T\u00e9cnica no IDB - Instituto Dom Bosco","robots":{"index":"index","follow":"follow","max-snippet":"max-snippet:-1","max-image-preview":"max-image-preview:large","max-video-preview":"max-video-preview:-1"},"canonical":"https:\/\/salesianossp.org.br\/osbomretiro\/desenvolvimento-e-avaliacao-durante-parada-tecnica-no-idb\/","og_locale":"pt_BR","og_type":"article","og_title":"Avalia\u00e7\u00e3o e Desenvolvimento Durante Parada T\u00e9cnica no IDB - Instituto Dom Bosco","og_description":"No m\u00eas de novembro a Parada T\u00e9cnica do Instituto Dom Bosco S\u00e3o Paulo \u2013 SP, aconteceu em dias diferentes: Castelinho Dom Bosco Zona Sul no dia 12 e Bom Retiro e Vila Paulistana no dia 26. A Parada no Castelinho\u2026No dia 12 de novembro, o Castelinho DB ZS, abordou a Identidade Carism\u00e1tica do Sistema Preventivo [&hellip;]","og_url":"https:\/\/salesianossp.org.br\/osbomretiro\/desenvolvimento-e-avaliacao-durante-parada-tecnica-no-idb\/","og_site_name":"Instituto Dom Bosco","article_publisher":"https:\/\/www.facebook.com\/InstitutoDomBoscoBomRetiro\/","article_published_time":"2021-12-02T21:04:46+00:00","og_image":[{"width":1080,"height":1080,"url":"https:\/\/salesianossp.org.br\/osbomretiro\/wp-content\/uploads\/2021\/12\/Parada-Tecnica-de-Novembro-IDB-1.png","type":"image\/png"}],"author":"Lucas Rodrigues","twitter_card":"summary_large_image","twitter_misc":{"Escrito por":"Lucas Rodrigues","Est. tempo de leitura":"3 minutos"},"schema":{"@context":"https:\/\/schema.org","@graph":[{"@type":"Article","@id":"https:\/\/salesianossp.org.br\/osbomretiro\/desenvolvimento-e-avaliacao-durante-parada-tecnica-no-idb\/#article","isPartOf":{"@id":"https:\/\/salesianossp.org.br\/osbomretiro\/desenvolvimento-e-avaliacao-durante-parada-tecnica-no-idb\/"},"author":{"name":"Lucas Rodrigues","@id":"https:\/\/salesianossp.org.br\/osbomretiro\/#\/schema\/person\/3091f5c85d13f1f81c2eadb190445d2e"},"headline":"Avalia\u00e7\u00e3o e Desenvolvimento Durante Parada T\u00e9cnica no IDB","datePublished":"2021-12-02T21:04:46+00:00","mainEntityOfPage":{"@id":"https:\/\/salesianossp.org.br\/osbomretiro\/desenvolvimento-e-avaliacao-durante-parada-tecnica-no-idb\/"},"wordCount":575,"commentCount":0,"publisher":{"@id":"https:\/\/salesianossp.org.br\/osbomretiro\/#organization"},"image":{"@id":"https:\/\/salesianossp.org.br\/osbomretiro\/desenvolvimento-e-avaliacao-durante-parada-tecnica-no-idb\/#primaryimage"},"thumbnailUrl":"https:\/\/salesianossp.org.br\/osbomretiro\/wp-content\/uploads\/2021\/12\/Parada-Tecnica-de-Novembro-IDB-1.png","articleSection":["Not\u00edcias"],"inLanguage":"pt-BR","potentialAction":[{"@type":"CommentAction","name":"Comment","target":["https:\/\/salesianossp.org.br\/osbomretiro\/desenvolvimento-e-avaliacao-durante-parada-tecnica-no-idb\/#respond"]}]},{"@type":"WebPage","@id":"https:\/\/salesianossp.org.br\/osbomretiro\/desenvolvimento-e-avaliacao-durante-parada-tecnica-no-idb\/","url":"https:\/\/salesianossp.org.br\/osbomretiro\/desenvolvimento-e-avaliacao-durante-parada-tecnica-no-idb\/","name":"Avalia\u00e7\u00e3o e Desenvolvimento Durante Parada T\u00e9cnica no IDB - Instituto Dom Bosco","isPartOf":{"@id":"https:\/\/salesianossp.org.br\/osbomretiro\/#website"},"primaryImageOfPage":{"@id":"https:\/\/salesianossp.org.br\/osbomretiro\/desenvolvimento-e-avaliacao-durante-parada-tecnica-no-idb\/#primaryimage"},"image":{"@id":"https:\/\/salesianossp.org.br\/osbomretiro\/desenvolvimento-e-avaliacao-durante-parada-tecnica-no-idb\/#primaryimage"},"thumbnailUrl":"https:\/\/salesianossp.org.br\/osbomretiro\/wp-content\/uploads\/2021\/12\/Parada-Tecnica-de-Novembro-IDB-1.png","datePublished":"2021-12-02T21:04:46+00:00","breadcrumb":{"@id":"https:\/\/salesianossp.org.br\/osbomretiro\/desenvolvimento-e-avaliacao-durante-parada-tecnica-no-idb\/#breadcrumb"},"inLanguage":"pt-BR","potentialAction":[{"@type":"ReadAction","target":["https:\/\/salesianossp.org.br\/osbomretiro\/desenvolvimento-e-avaliacao-durante-parada-tecnica-no-idb\/"]}]},{"@type":"ImageObject","inLanguage":"pt-BR","@id":"https:\/\/salesianossp.org.br\/osbomretiro\/desenvolvimento-e-avaliacao-durante-parada-tecnica-no-idb\/#primaryimage","url":"https:\/\/salesianossp.org.br\/osbomretiro\/wp-content\/uploads\/2021\/12\/Parada-Tecnica-de-Novembro-IDB-1.png","contentUrl":"https:\/\/salesianossp.org.br\/osbomretiro\/wp-content\/uploads\/2021\/12\/Parada-Tecnica-de-Novembro-IDB-1.png","width":1080,"height":1080},{"@type":"BreadcrumbList","@id":"https:\/\/salesianossp.org.br\/osbomretiro\/desenvolvimento-e-avaliacao-durante-parada-tecnica-no-idb\/#breadcrumb","itemListElement":[{"@type":"ListItem","position":1,"name":"In\u00edcio","item":"https:\/\/salesianossp.org.br\/osbomretiro\/"},{"@type":"ListItem","position":2,"name":"Avalia\u00e7\u00e3o e Desenvolvimento Durante Parada T\u00e9cnica no IDB"}]},{"@type":"WebSite","@id":"https:\/\/salesianossp.org.br\/osbomretiro\/#website","url":"https:\/\/salesianossp.org.br\/osbomretiro\/","name":"Instituto Dom Bosco","description":"","publisher":{"@id":"https:\/\/salesianossp.org.br\/osbomretiro\/#organization"},"potentialAction":[{"@type":"SearchAction","target":{"@type":"EntryPoint","urlTemplate":"https:\/\/salesianossp.org.br\/osbomretiro\/?s={search_term_string}"},"query-input":{"@type":"PropertyValueSpecification","valueRequired":true,"valueName":"search_term_string"}}],"inLanguage":"pt-BR"},{"@type":"Organization","@id":"https:\/\/salesianossp.org.br\/osbomretiro\/#organization","name":"Instituto Dom Bosco","url":"https:\/\/salesianossp.org.br\/osbomretiro\/","logo":{"@type":"ImageObject","inLanguage":"pt-BR","@id":"https:\/\/salesianossp.org.br\/osbomretiro\/#\/schema\/logo\/image\/","url":"https:\/\/salesianossp.org.br\/osbomretiro\/wp-content\/uploads\/2025\/10\/logotipo-instituto-dom-bosco-color-56.svg","contentUrl":"https:\/\/salesianossp.org.br\/osbomretiro\/wp-content\/uploads\/2025\/10\/logotipo-instituto-dom-bosco-color-56.svg","width":164,"height":56,"caption":"Instituto Dom Bosco"},"image":{"@id":"https:\/\/salesianossp.org.br\/osbomretiro\/#\/schema\/logo\/image\/"},"sameAs":["https:\/\/www.facebook.com\/InstitutoDomBoscoBomRetiro\/","https:\/\/www.youtube.com\/user\/Institutodb","https:\/\/www.instagram.com\/institutodb\/"]},{"@type":"Person","@id":"https:\/\/salesianossp.org.br\/osbomretiro\/#\/schema\/person\/3091f5c85d13f1f81c2eadb190445d2e","name":"Lucas Rodrigues","image":{"@type":"ImageObject","inLanguage":"pt-BR","@id":"https:\/\/secure.gravatar.com\/avatar\/0ad9c966c6ed3335d7fffe2c3b88880dd298c0817b71e20a6955c38f2a53f746?s=96&d=mm&r=g","url":"https:\/\/secure.gravatar.com\/avatar\/0ad9c966c6ed3335d7fffe2c3b88880dd298c0817b71e20a6955c38f2a53f746?s=96&d=mm&r=g","contentUrl":"https:\/\/secure.gravatar.com\/avatar\/0ad9c966c6ed3335d7fffe2c3b88880dd298c0817b71e20a6955c38f2a53f746?s=96&d=mm&r=g","caption":"Lucas Rodrigues"},"url":"https:\/\/salesianossp.org.br\/osbomretiro\/author\/lucas-rodrigues\/"}]}},"_links":{"self":[{"href":"https:\/\/salesianossp.org.br\/osbomretiro\/wp-json\/wp\/v2\/posts\/2671","targetHints":{"allow":["GET"]}}],"collection":[{"href":"https:\/\/salesianossp.org.br\/osbomretiro\/wp-json\/wp\/v2\/posts"}],"about":[{"href":"https:\/\/salesianossp.org.br\/osbomretiro\/wp-json\/wp\/v2\/types\/post"}],"author":[{"embeddable":true,"href":"https:\/\/salesianossp.org.br\/osbomretiro\/wp-json\/wp\/v2\/users\/27"}],"replies":[{"embeddable":true,"href":"https:\/\/salesianossp.org.br\/osbomretiro\/wp-json\/wp\/v2\/comments?post=2671"}],"version-history":[{"count":0,"href":"https:\/\/salesianossp.org.br\/osbomretiro\/wp-json\/wp\/v2\/posts\/2671\/revisions"}],"wp:featuredmedia":[{"embeddable":true,"href":"https:\/\/salesianossp.org.br\/osbomretiro\/wp-json\/wp\/v2\/media\/2680"}],"wp:attachment":[{"href":"https:\/\/salesianossp.org.br\/osbomretiro\/wp-json\/wp\/v2\/media?parent=2671"}],"wp:term":[{"taxonomy":"category","embeddable":true,"href":"https:\/\/salesianossp.org.br\/osbomretiro\/wp-json\/wp\/v2\/categories?post=2671"},{"taxonomy":"post_tag","embeddable":true,"href":"https:\/\/salesianossp.org.br\/osbomretiro\/wp-json\/wp\/v2\/tags?post=2671"}],"curies":[{"name":"wp","href":"https:\/\/api.w.org\/{rel}","templated":true}]}}