{"id":2836,"date":"2022-01-27T12:43:54","date_gmt":"2022-01-27T15:43:54","guid":{"rendered":"https:\/\/salesianossp.org.br\/osbomretiro\/?p=2836"},"modified":"2022-01-27T12:43:54","modified_gmt":"2022-01-27T15:43:54","slug":"momentos-especiais-do-2o-semestre-de-2021","status":"publish","type":"post","link":"https:\/\/salesianossp.org.br\/osbomretiro\/momentos-especiais-do-2o-semestre-de-2021\/","title":{"rendered":"<strong>Momentos especiais do 2\u00ba Semestre de 2021<\/strong>"},"content":{"rendered":"\n<p>Alguns momentos especiais do Instituto Dom Bosco S\u00e3o Paulo SP do 2\u00ba Semestre de 2021, ser\u00e3o revelados abaixo. Confira e n\u00e3o deixe de acessar todas as imagens.<\/p>\n\n\n\n<p><strong>Jovem Aprendiz IDB<\/strong><\/p>\n\n\n\n<p><strong>Setembro e Outubro<\/strong><\/p>\n\n\n\n<p>Durante os dois primeiros meses da primavera, os Jovens Aprendizes IDB, participaram da Maratona do Conhecimento junto aos atendidos do CEDESP Unidade Bom Retiro. Segundo Thayalla e Luana, Aprendizes, as perguntas do quiz foram muito bem elaboradas, e as gincanas fizeram com que recordassem a inf\u00e2ncia.<\/p>\n\n\n\n<p><strong>Novembro<\/strong><\/p>\n\n\n\n<p>As turmas do Programa J.A, participaram em dias diferentes (de acordo com o seu dia da semana) da visita ao CEDESP Vila Paulistana. O encontro, encaminhado por Alexandro, era com o Israel Marques, Educador de Forma\u00e7\u00e3o Humana na VP.&nbsp;&#8220;O momento foi grande valia para aprendermos a&nbsp; discutir e conversar sobre pol\u00edtica&nbsp;e tamb\u00e9m sobre jornada dos jovens no Dom Bosco.&#8221;, declararam Bianca e Guilherme, Aprendizes.&nbsp;<\/p>\n\n\n\n<p>O intuito do Educador Alexandro, era de que os jovens de diferentes Unidades, pudessem&nbsp;partilhar e trocar experi\u00eancias. J\u00e1 que a&nbsp;aula foi realizada junto com os educandos do&nbsp;CEDESP&nbsp;da VP e os nossos&nbsp;J.A.<br>Foi \u00f3timo! A experi\u00eancia com o Israel, Educador, foi muito interessante. Todo o pessoal, foi muito acolhedor, fomos muito bem recebidos!&#8221;&nbsp;<\/p>\n\n\n\n<p>Os jovens e tamb\u00e9m a Coordenadora P\u00e9rola Brito, da Unidade Vila Paulistana, disseram que o encontro deve acontecer mais vezes, despertando nos atendidos a vontade de crescer e se desenvolver e por que n\u00e3o, tornar-se um futuro Jovem Aprendiz IDB.<\/p>\n\n\n\n<p>No pen\u00faltimo m\u00eas do ano, os jovens do Programa participaram das Olimp\u00edadas e Paraolimp\u00edadas do Centro para Crian\u00e7as e Adolescentes CCA \u2013 Programa Vida Melhor \u2013 PROVIM, conduzidas pelo Vitor Melo, Educador do CCA PROVIM.<\/p>\n\n\n\n<p>O objetivo da atividade, era a integra\u00e7\u00e3o entre crian\u00e7as e adolescentes e os Aprendizes. Al\u00e9m disso, o intuito do Instrutor do Curso, Alexandro Mota, era proporcionar a viv\u00eancia relacionada as atividades, e despertar um poss\u00edvel interesse profissional.<\/p>\n\n\n\n<p>Segundo os Aprendizes foi um \u00f3timo momento para desfrutar com as crian\u00e7as, Jo\u00e3o e Fernanda, destacam a import\u00e2ncia do contato com o lado mais inocentes dos atendidos.<\/p>\n\n\n\n<p>\u201cFoi um momento especial, pois pude me enxergar ainda mais na profiss\u00e3o\/faculdade que quero realizar: Pedagogia!\u201d, declarou Jo\u00e3o.<\/p>\n\n\n\n<p>J\u00e1 para Fernanda, foram momentos m\u00e1gicos&nbsp;pois adora estar com as crian\u00e7as.<\/p>\n\n\n\n<p><strong>Momentos de Bom dia e Boa tarde \u2013 Dezembro &#8211; Castelinho Dom Bosco<\/strong><\/p>\n\n\n\n<p>Com o objetivo de trazer conhecimento e reflex\u00e3o, confira os temas de BD e BT do Castelinho no m\u00eas de Dezembro.<\/p>\n\n\n\n<p>Temas:<br>Aniversariantes do m\u00eas; Gentileza; Mania de grandeza e seu rem\u00e9dio; Reconcilia\u00e7\u00e3o e o perd\u00e3o; Perten\u00e7a a fam\u00edlia; Don Bosco Green Alliance; S\u00e3o Nicolau; Ressignifica\u00e7\u00e3o; Viva o hoje: O tempo voa; Saber ouvir; Fa\u00e7a sua parte; Alegrias e tristezas: Recome\u00e7ar; Humildade e A vida.<\/p>\n\n\n\n<p><strong>\u201c<\/strong>Gostei do uso dos recursos para as apresenta\u00e7\u00f5es dos temas- Data show, m\u00fasica, poemas e textos em geral. Parece que a apresenta\u00e7\u00e3o ficou mais leve e significativa para todos, al\u00e9m de nos dar uma sensa\u00e7\u00e3o de apropria\u00e7\u00e3o dos temas. Acho que o caminho \u00e9 esse mesmo.\u201d Roberto Parreira Mendes, declarou Gerente do CCA PROVIM BR.<\/p>\n\n\n\n<p>\u201cOs momentos de Bom dia\/Boa tarde contribu\u00edram muito para que os jovens do Centro para Juventude CJ refletissem acerca de temas relevantes \u00e0 conviv\u00eancia familiar e comunit\u00e1ria, dentro e fora do castelinho Dom Bosco. E permitir tamb\u00e9m momentos intergeracionais.\u201d, agregou Jo\u00e3o Paes- gerente CJ<\/p>\n\n\n\n<p>\u201cNa minha opini\u00e3o os temas propostos foram bem desenvolvidos com criatividade e dinamismo.\u201d, concluiu Fernanda Nascimento dos Santos<strong>, <\/strong>Educadora Social \u2013 CJ.<\/p>\n\n\n\n<figure class=\"wp-block-gallery has-nested-images columns-default is-cropped wp-block-gallery-1 is-layout-flex wp-block-gallery-is-layout-flex\">\n<figure class=\"wp-block-image size-large\"><img decoding=\"async\" data-id=\"2838\" src=\"https:\/\/salesianossp.org.br\/osbomretiro\/wp-content\/uploads\/2022\/01\/81f31c14-4371-408b-9642-ac5a04ee2f3b-1024x1024.jpg\" alt=\"\" class=\"wp-image-2838\"\/><\/figure>\n\n\n\n<figure class=\"wp-block-image size-large\"><img decoding=\"async\" data-id=\"2839\" src=\"https:\/\/salesianossp.org.br\/osbomretiro\/wp-content\/uploads\/2022\/01\/20211005_084802-1024x1024.jpg\" alt=\"\" class=\"wp-image-2839\"\/><\/figure>\n<\/figure>\n\n\n\n<figure class=\"wp-block-gallery has-nested-images columns-default is-cropped wp-block-gallery-2 is-layout-flex wp-block-gallery-is-layout-flex\">\n<figure class=\"wp-block-image size-large\"><img decoding=\"async\" data-id=\"2840\" src=\"https:\/\/salesianossp.org.br\/osbomretiro\/wp-content\/uploads\/2022\/01\/20211022_141030-1024x1024.jpg\" alt=\"\" class=\"wp-image-2840\"\/><\/figure>\n\n\n\n<figure class=\"wp-block-image size-large\"><img decoding=\"async\" data-id=\"2841\" src=\"https:\/\/salesianossp.org.br\/osbomretiro\/wp-content\/uploads\/2022\/01\/20211026_145410-1024x1024.jpg\" alt=\"\" class=\"wp-image-2841\"\/><\/figure>\n<\/figure>\n\n\n\n<figure class=\"wp-block-gallery has-nested-images columns-default is-cropped wp-block-gallery-3 is-layout-flex wp-block-gallery-is-layout-flex\">\n<figure class=\"wp-block-image size-large\"><img decoding=\"async\" data-id=\"2854\" src=\"https:\/\/salesianossp.org.br\/osbomretiro\/wp-content\/uploads\/2022\/01\/dia-das-criancas-5-1024x1024.jpeg\" alt=\"\" class=\"wp-image-2854\"\/><\/figure>\n\n\n\n<figure class=\"wp-block-image size-large\"><img decoding=\"async\" data-id=\"2855\" src=\"https:\/\/salesianossp.org.br\/osbomretiro\/wp-content\/uploads\/2022\/01\/passa-ou-repassa-1024x1024.jpg\" alt=\"\" class=\"wp-image-2855\"\/><\/figure>\n\n\n\n<figure class=\"wp-block-image size-large\"><img decoding=\"async\" data-id=\"2856\" src=\"https:\/\/salesianossp.org.br\/osbomretiro\/wp-content\/uploads\/2022\/01\/IMG_20211118_104817_105-1024x1024.jpg\" alt=\"\" class=\"wp-image-2856\"\/><\/figure>\n<\/figure>\n\n\n\n<p>Cliq<a href=\"https:\/\/www.facebook.com\/media\/set\/?vanity=InstitutoDomBoscoBomRetiro&amp;set=a.2001877536639916\" data-type=\"URL\" data-id=\"https:\/\/www.facebook.com\/media\/set\/?vanity=InstitutoDomBoscoBomRetiro&amp;set=a.2001877536639916\">ue aqui e veja todas as fotos<\/a><\/p>\n","protected":false},"excerpt":{"rendered":"<p>Alguns momentos especiais do Instituto Dom Bosco S\u00e3o Paulo SP do 2\u00ba Semestre de 2021, ser\u00e3o revelados abaixo. Confira e n\u00e3o deixe de acessar todas as imagens. Jovem Aprendiz IDB Setembro e Outubro Durante os dois primeiros meses da primavera, os Jovens Aprendizes IDB, participaram da Maratona do Conhecimento junto aos atendidos do CEDESP Unidade [&hellip;]<\/p>\n","protected":false},"author":27,"featured_media":2857,"comment_status":"open","ping_status":"open","sticky":false,"template":"","format":"standard","meta":{"footnotes":""},"categories":[59],"tags":[],"class_list":["post-2836","post","type-post","status-publish","format-standard","has-post-thumbnail","hentry","category-noticias"],"yoast_head":"<!-- This site is optimized with the Yoast SEO plugin v27.3 - https:\/\/yoast.com\/product\/yoast-seo-wordpress\/ -->\n<title>Momentos especiais do 2\u00ba Semestre de 2021 - Instituto Dom Bosco<\/title>\n<meta name=\"robots\" content=\"index, follow, max-snippet:-1, max-image-preview:large, max-video-preview:-1\" \/>\n<link rel=\"canonical\" href=\"https:\/\/salesianossp.org.br\/osbomretiro\/momentos-especiais-do-2o-semestre-de-2021\/\" \/>\n<meta property=\"og:locale\" content=\"pt_BR\" \/>\n<meta property=\"og:type\" content=\"article\" \/>\n<meta property=\"og:title\" content=\"Momentos especiais do 2\u00ba Semestre de 2021 - Instituto Dom Bosco\" \/>\n<meta property=\"og:description\" content=\"Alguns momentos especiais do Instituto Dom Bosco S\u00e3o Paulo SP do 2\u00ba Semestre de 2021, ser\u00e3o revelados abaixo. Confira e n\u00e3o deixe de acessar todas as imagens. Jovem Aprendiz IDB Setembro e Outubro Durante os dois primeiros meses da primavera, os Jovens Aprendizes IDB, participaram da Maratona do Conhecimento junto aos atendidos do CEDESP Unidade [&hellip;]\" \/>\n<meta property=\"og:url\" content=\"https:\/\/salesianossp.org.br\/osbomretiro\/momentos-especiais-do-2o-semestre-de-2021\/\" \/>\n<meta property=\"og:site_name\" content=\"Instituto Dom Bosco\" \/>\n<meta property=\"article:publisher\" content=\"https:\/\/www.facebook.com\/InstitutoDomBoscoBomRetiro\/\" \/>\n<meta property=\"article:published_time\" content=\"2022-01-27T15:43:54+00:00\" \/>\n<meta property=\"og:image\" content=\"https:\/\/salesianossp.org.br\/osbomretiro\/wp-content\/uploads\/2022\/01\/IDB.png\" \/>\n\t<meta property=\"og:image:width\" content=\"1080\" \/>\n\t<meta property=\"og:image:height\" content=\"1080\" \/>\n\t<meta property=\"og:image:type\" content=\"image\/png\" \/>\n<meta name=\"author\" content=\"Lucas Rodrigues\" \/>\n<meta name=\"twitter:card\" content=\"summary_large_image\" \/>\n<meta name=\"twitter:label1\" content=\"Escrito por\" \/>\n\t<meta name=\"twitter:data1\" content=\"Lucas Rodrigues\" \/>\n\t<meta name=\"twitter:label2\" content=\"Est. tempo de leitura\" \/>\n\t<meta name=\"twitter:data2\" content=\"3 minutos\" \/>\n<script type=\"application\/ld+json\" class=\"yoast-schema-graph\">{\"@context\":\"https:\\\/\\\/schema.org\",\"@graph\":[{\"@type\":\"Article\",\"@id\":\"https:\\\/\\\/salesianossp.org.br\\\/osbomretiro\\\/momentos-especiais-do-2o-semestre-de-2021\\\/#article\",\"isPartOf\":{\"@id\":\"https:\\\/\\\/salesianossp.org.br\\\/osbomretiro\\\/momentos-especiais-do-2o-semestre-de-2021\\\/\"},\"author\":{\"name\":\"Lucas Rodrigues\",\"@id\":\"https:\\\/\\\/salesianossp.org.br\\\/osbomretiro\\\/#\\\/schema\\\/person\\\/3091f5c85d13f1f81c2eadb190445d2e\"},\"headline\":\"Momentos especiais do 2\u00ba Semestre de 2021\",\"datePublished\":\"2022-01-27T15:43:54+00:00\",\"mainEntityOfPage\":{\"@id\":\"https:\\\/\\\/salesianossp.org.br\\\/osbomretiro\\\/momentos-especiais-do-2o-semestre-de-2021\\\/\"},\"wordCount\":643,\"commentCount\":0,\"publisher\":{\"@id\":\"https:\\\/\\\/salesianossp.org.br\\\/osbomretiro\\\/#organization\"},\"image\":{\"@id\":\"https:\\\/\\\/salesianossp.org.br\\\/osbomretiro\\\/momentos-especiais-do-2o-semestre-de-2021\\\/#primaryimage\"},\"thumbnailUrl\":\"https:\\\/\\\/salesianossp.org.br\\\/osbomretiro\\\/wp-content\\\/uploads\\\/2022\\\/01\\\/IDB.png\",\"articleSection\":[\"Not\u00edcias\"],\"inLanguage\":\"pt-BR\",\"potentialAction\":[{\"@type\":\"CommentAction\",\"name\":\"Comment\",\"target\":[\"https:\\\/\\\/salesianossp.org.br\\\/osbomretiro\\\/momentos-especiais-do-2o-semestre-de-2021\\\/#respond\"]}]},{\"@type\":\"WebPage\",\"@id\":\"https:\\\/\\\/salesianossp.org.br\\\/osbomretiro\\\/momentos-especiais-do-2o-semestre-de-2021\\\/\",\"url\":\"https:\\\/\\\/salesianossp.org.br\\\/osbomretiro\\\/momentos-especiais-do-2o-semestre-de-2021\\\/\",\"name\":\"Momentos especiais do 2\u00ba Semestre de 2021 - Instituto Dom Bosco\",\"isPartOf\":{\"@id\":\"https:\\\/\\\/salesianossp.org.br\\\/osbomretiro\\\/#website\"},\"primaryImageOfPage\":{\"@id\":\"https:\\\/\\\/salesianossp.org.br\\\/osbomretiro\\\/momentos-especiais-do-2o-semestre-de-2021\\\/#primaryimage\"},\"image\":{\"@id\":\"https:\\\/\\\/salesianossp.org.br\\\/osbomretiro\\\/momentos-especiais-do-2o-semestre-de-2021\\\/#primaryimage\"},\"thumbnailUrl\":\"https:\\\/\\\/salesianossp.org.br\\\/osbomretiro\\\/wp-content\\\/uploads\\\/2022\\\/01\\\/IDB.png\",\"datePublished\":\"2022-01-27T15:43:54+00:00\",\"breadcrumb\":{\"@id\":\"https:\\\/\\\/salesianossp.org.br\\\/osbomretiro\\\/momentos-especiais-do-2o-semestre-de-2021\\\/#breadcrumb\"},\"inLanguage\":\"pt-BR\",\"potentialAction\":[{\"@type\":\"ReadAction\",\"target\":[\"https:\\\/\\\/salesianossp.org.br\\\/osbomretiro\\\/momentos-especiais-do-2o-semestre-de-2021\\\/\"]}]},{\"@type\":\"ImageObject\",\"inLanguage\":\"pt-BR\",\"@id\":\"https:\\\/\\\/salesianossp.org.br\\\/osbomretiro\\\/momentos-especiais-do-2o-semestre-de-2021\\\/#primaryimage\",\"url\":\"https:\\\/\\\/salesianossp.org.br\\\/osbomretiro\\\/wp-content\\\/uploads\\\/2022\\\/01\\\/IDB.png\",\"contentUrl\":\"https:\\\/\\\/salesianossp.org.br\\\/osbomretiro\\\/wp-content\\\/uploads\\\/2022\\\/01\\\/IDB.png\",\"width\":1080,\"height\":1080},{\"@type\":\"BreadcrumbList\",\"@id\":\"https:\\\/\\\/salesianossp.org.br\\\/osbomretiro\\\/momentos-especiais-do-2o-semestre-de-2021\\\/#breadcrumb\",\"itemListElement\":[{\"@type\":\"ListItem\",\"position\":1,\"name\":\"In\u00edcio\",\"item\":\"https:\\\/\\\/salesianossp.org.br\\\/osbomretiro\\\/\"},{\"@type\":\"ListItem\",\"position\":2,\"name\":\"Momentos especiais do 2\u00ba Semestre de 2021\"}]},{\"@type\":\"WebSite\",\"@id\":\"https:\\\/\\\/salesianossp.org.br\\\/osbomretiro\\\/#website\",\"url\":\"https:\\\/\\\/salesianossp.org.br\\\/osbomretiro\\\/\",\"name\":\"Instituto Dom Bosco\",\"description\":\"\",\"publisher\":{\"@id\":\"https:\\\/\\\/salesianossp.org.br\\\/osbomretiro\\\/#organization\"},\"potentialAction\":[{\"@type\":\"SearchAction\",\"target\":{\"@type\":\"EntryPoint\",\"urlTemplate\":\"https:\\\/\\\/salesianossp.org.br\\\/osbomretiro\\\/?s={search_term_string}\"},\"query-input\":{\"@type\":\"PropertyValueSpecification\",\"valueRequired\":true,\"valueName\":\"search_term_string\"}}],\"inLanguage\":\"pt-BR\"},{\"@type\":\"Organization\",\"@id\":\"https:\\\/\\\/salesianossp.org.br\\\/osbomretiro\\\/#organization\",\"name\":\"Instituto Dom Bosco\",\"url\":\"https:\\\/\\\/salesianossp.org.br\\\/osbomretiro\\\/\",\"logo\":{\"@type\":\"ImageObject\",\"inLanguage\":\"pt-BR\",\"@id\":\"https:\\\/\\\/salesianossp.org.br\\\/osbomretiro\\\/#\\\/schema\\\/logo\\\/image\\\/\",\"url\":\"https:\\\/\\\/salesianossp.org.br\\\/osbomretiro\\\/wp-content\\\/uploads\\\/2025\\\/10\\\/logotipo-instituto-dom-bosco-color-56.svg\",\"contentUrl\":\"https:\\\/\\\/salesianossp.org.br\\\/osbomretiro\\\/wp-content\\\/uploads\\\/2025\\\/10\\\/logotipo-instituto-dom-bosco-color-56.svg\",\"width\":164,\"height\":56,\"caption\":\"Instituto Dom Bosco\"},\"image\":{\"@id\":\"https:\\\/\\\/salesianossp.org.br\\\/osbomretiro\\\/#\\\/schema\\\/logo\\\/image\\\/\"},\"sameAs\":[\"https:\\\/\\\/www.facebook.com\\\/InstitutoDomBoscoBomRetiro\\\/\",\"https:\\\/\\\/www.youtube.com\\\/user\\\/Institutodb\",\"https:\\\/\\\/www.instagram.com\\\/institutodb\\\/\"]},{\"@type\":\"Person\",\"@id\":\"https:\\\/\\\/salesianossp.org.br\\\/osbomretiro\\\/#\\\/schema\\\/person\\\/3091f5c85d13f1f81c2eadb190445d2e\",\"name\":\"Lucas Rodrigues\",\"image\":{\"@type\":\"ImageObject\",\"inLanguage\":\"pt-BR\",\"@id\":\"https:\\\/\\\/secure.gravatar.com\\\/avatar\\\/0ad9c966c6ed3335d7fffe2c3b88880dd298c0817b71e20a6955c38f2a53f746?s=96&d=mm&r=g\",\"url\":\"https:\\\/\\\/secure.gravatar.com\\\/avatar\\\/0ad9c966c6ed3335d7fffe2c3b88880dd298c0817b71e20a6955c38f2a53f746?s=96&d=mm&r=g\",\"contentUrl\":\"https:\\\/\\\/secure.gravatar.com\\\/avatar\\\/0ad9c966c6ed3335d7fffe2c3b88880dd298c0817b71e20a6955c38f2a53f746?s=96&d=mm&r=g\",\"caption\":\"Lucas Rodrigues\"},\"url\":\"https:\\\/\\\/salesianossp.org.br\\\/osbomretiro\\\/author\\\/lucas-rodrigues\\\/\"}]}<\/script>\n<!-- \/ Yoast SEO plugin. -->","yoast_head_json":{"title":"Momentos especiais do 2\u00ba Semestre de 2021 - Instituto Dom Bosco","robots":{"index":"index","follow":"follow","max-snippet":"max-snippet:-1","max-image-preview":"max-image-preview:large","max-video-preview":"max-video-preview:-1"},"canonical":"https:\/\/salesianossp.org.br\/osbomretiro\/momentos-especiais-do-2o-semestre-de-2021\/","og_locale":"pt_BR","og_type":"article","og_title":"Momentos especiais do 2\u00ba Semestre de 2021 - Instituto Dom Bosco","og_description":"Alguns momentos especiais do Instituto Dom Bosco S\u00e3o Paulo SP do 2\u00ba Semestre de 2021, ser\u00e3o revelados abaixo. Confira e n\u00e3o deixe de acessar todas as imagens. Jovem Aprendiz IDB Setembro e Outubro Durante os dois primeiros meses da primavera, os Jovens Aprendizes IDB, participaram da Maratona do Conhecimento junto aos atendidos do CEDESP Unidade [&hellip;]","og_url":"https:\/\/salesianossp.org.br\/osbomretiro\/momentos-especiais-do-2o-semestre-de-2021\/","og_site_name":"Instituto Dom Bosco","article_publisher":"https:\/\/www.facebook.com\/InstitutoDomBoscoBomRetiro\/","article_published_time":"2022-01-27T15:43:54+00:00","og_image":[{"width":1080,"height":1080,"url":"https:\/\/salesianossp.org.br\/osbomretiro\/wp-content\/uploads\/2022\/01\/IDB.png","type":"image\/png"}],"author":"Lucas Rodrigues","twitter_card":"summary_large_image","twitter_misc":{"Escrito por":"Lucas Rodrigues","Est. tempo de leitura":"3 minutos"},"schema":{"@context":"https:\/\/schema.org","@graph":[{"@type":"Article","@id":"https:\/\/salesianossp.org.br\/osbomretiro\/momentos-especiais-do-2o-semestre-de-2021\/#article","isPartOf":{"@id":"https:\/\/salesianossp.org.br\/osbomretiro\/momentos-especiais-do-2o-semestre-de-2021\/"},"author":{"name":"Lucas Rodrigues","@id":"https:\/\/salesianossp.org.br\/osbomretiro\/#\/schema\/person\/3091f5c85d13f1f81c2eadb190445d2e"},"headline":"Momentos especiais do 2\u00ba Semestre de 2021","datePublished":"2022-01-27T15:43:54+00:00","mainEntityOfPage":{"@id":"https:\/\/salesianossp.org.br\/osbomretiro\/momentos-especiais-do-2o-semestre-de-2021\/"},"wordCount":643,"commentCount":0,"publisher":{"@id":"https:\/\/salesianossp.org.br\/osbomretiro\/#organization"},"image":{"@id":"https:\/\/salesianossp.org.br\/osbomretiro\/momentos-especiais-do-2o-semestre-de-2021\/#primaryimage"},"thumbnailUrl":"https:\/\/salesianossp.org.br\/osbomretiro\/wp-content\/uploads\/2022\/01\/IDB.png","articleSection":["Not\u00edcias"],"inLanguage":"pt-BR","potentialAction":[{"@type":"CommentAction","name":"Comment","target":["https:\/\/salesianossp.org.br\/osbomretiro\/momentos-especiais-do-2o-semestre-de-2021\/#respond"]}]},{"@type":"WebPage","@id":"https:\/\/salesianossp.org.br\/osbomretiro\/momentos-especiais-do-2o-semestre-de-2021\/","url":"https:\/\/salesianossp.org.br\/osbomretiro\/momentos-especiais-do-2o-semestre-de-2021\/","name":"Momentos especiais do 2\u00ba Semestre de 2021 - Instituto Dom Bosco","isPartOf":{"@id":"https:\/\/salesianossp.org.br\/osbomretiro\/#website"},"primaryImageOfPage":{"@id":"https:\/\/salesianossp.org.br\/osbomretiro\/momentos-especiais-do-2o-semestre-de-2021\/#primaryimage"},"image":{"@id":"https:\/\/salesianossp.org.br\/osbomretiro\/momentos-especiais-do-2o-semestre-de-2021\/#primaryimage"},"thumbnailUrl":"https:\/\/salesianossp.org.br\/osbomretiro\/wp-content\/uploads\/2022\/01\/IDB.png","datePublished":"2022-01-27T15:43:54+00:00","breadcrumb":{"@id":"https:\/\/salesianossp.org.br\/osbomretiro\/momentos-especiais-do-2o-semestre-de-2021\/#breadcrumb"},"inLanguage":"pt-BR","potentialAction":[{"@type":"ReadAction","target":["https:\/\/salesianossp.org.br\/osbomretiro\/momentos-especiais-do-2o-semestre-de-2021\/"]}]},{"@type":"ImageObject","inLanguage":"pt-BR","@id":"https:\/\/salesianossp.org.br\/osbomretiro\/momentos-especiais-do-2o-semestre-de-2021\/#primaryimage","url":"https:\/\/salesianossp.org.br\/osbomretiro\/wp-content\/uploads\/2022\/01\/IDB.png","contentUrl":"https:\/\/salesianossp.org.br\/osbomretiro\/wp-content\/uploads\/2022\/01\/IDB.png","width":1080,"height":1080},{"@type":"BreadcrumbList","@id":"https:\/\/salesianossp.org.br\/osbomretiro\/momentos-especiais-do-2o-semestre-de-2021\/#breadcrumb","itemListElement":[{"@type":"ListItem","position":1,"name":"In\u00edcio","item":"https:\/\/salesianossp.org.br\/osbomretiro\/"},{"@type":"ListItem","position":2,"name":"Momentos especiais do 2\u00ba Semestre de 2021"}]},{"@type":"WebSite","@id":"https:\/\/salesianossp.org.br\/osbomretiro\/#website","url":"https:\/\/salesianossp.org.br\/osbomretiro\/","name":"Instituto Dom Bosco","description":"","publisher":{"@id":"https:\/\/salesianossp.org.br\/osbomretiro\/#organization"},"potentialAction":[{"@type":"SearchAction","target":{"@type":"EntryPoint","urlTemplate":"https:\/\/salesianossp.org.br\/osbomretiro\/?s={search_term_string}"},"query-input":{"@type":"PropertyValueSpecification","valueRequired":true,"valueName":"search_term_string"}}],"inLanguage":"pt-BR"},{"@type":"Organization","@id":"https:\/\/salesianossp.org.br\/osbomretiro\/#organization","name":"Instituto Dom Bosco","url":"https:\/\/salesianossp.org.br\/osbomretiro\/","logo":{"@type":"ImageObject","inLanguage":"pt-BR","@id":"https:\/\/salesianossp.org.br\/osbomretiro\/#\/schema\/logo\/image\/","url":"https:\/\/salesianossp.org.br\/osbomretiro\/wp-content\/uploads\/2025\/10\/logotipo-instituto-dom-bosco-color-56.svg","contentUrl":"https:\/\/salesianossp.org.br\/osbomretiro\/wp-content\/uploads\/2025\/10\/logotipo-instituto-dom-bosco-color-56.svg","width":164,"height":56,"caption":"Instituto Dom Bosco"},"image":{"@id":"https:\/\/salesianossp.org.br\/osbomretiro\/#\/schema\/logo\/image\/"},"sameAs":["https:\/\/www.facebook.com\/InstitutoDomBoscoBomRetiro\/","https:\/\/www.youtube.com\/user\/Institutodb","https:\/\/www.instagram.com\/institutodb\/"]},{"@type":"Person","@id":"https:\/\/salesianossp.org.br\/osbomretiro\/#\/schema\/person\/3091f5c85d13f1f81c2eadb190445d2e","name":"Lucas Rodrigues","image":{"@type":"ImageObject","inLanguage":"pt-BR","@id":"https:\/\/secure.gravatar.com\/avatar\/0ad9c966c6ed3335d7fffe2c3b88880dd298c0817b71e20a6955c38f2a53f746?s=96&d=mm&r=g","url":"https:\/\/secure.gravatar.com\/avatar\/0ad9c966c6ed3335d7fffe2c3b88880dd298c0817b71e20a6955c38f2a53f746?s=96&d=mm&r=g","contentUrl":"https:\/\/secure.gravatar.com\/avatar\/0ad9c966c6ed3335d7fffe2c3b88880dd298c0817b71e20a6955c38f2a53f746?s=96&d=mm&r=g","caption":"Lucas Rodrigues"},"url":"https:\/\/salesianossp.org.br\/osbomretiro\/author\/lucas-rodrigues\/"}]}},"_links":{"self":[{"href":"https:\/\/salesianossp.org.br\/osbomretiro\/wp-json\/wp\/v2\/posts\/2836","targetHints":{"allow":["GET"]}}],"collection":[{"href":"https:\/\/salesianossp.org.br\/osbomretiro\/wp-json\/wp\/v2\/posts"}],"about":[{"href":"https:\/\/salesianossp.org.br\/osbomretiro\/wp-json\/wp\/v2\/types\/post"}],"author":[{"embeddable":true,"href":"https:\/\/salesianossp.org.br\/osbomretiro\/wp-json\/wp\/v2\/users\/27"}],"replies":[{"embeddable":true,"href":"https:\/\/salesianossp.org.br\/osbomretiro\/wp-json\/wp\/v2\/comments?post=2836"}],"version-history":[{"count":0,"href":"https:\/\/salesianossp.org.br\/osbomretiro\/wp-json\/wp\/v2\/posts\/2836\/revisions"}],"wp:featuredmedia":[{"embeddable":true,"href":"https:\/\/salesianossp.org.br\/osbomretiro\/wp-json\/wp\/v2\/media\/2857"}],"wp:attachment":[{"href":"https:\/\/salesianossp.org.br\/osbomretiro\/wp-json\/wp\/v2\/media?parent=2836"}],"wp:term":[{"taxonomy":"category","embeddable":true,"href":"https:\/\/salesianossp.org.br\/osbomretiro\/wp-json\/wp\/v2\/categories?post=2836"},{"taxonomy":"post_tag","embeddable":true,"href":"https:\/\/salesianossp.org.br\/osbomretiro\/wp-json\/wp\/v2\/tags?post=2836"}],"curies":[{"name":"wp","href":"https:\/\/api.w.org\/{rel}","templated":true}]}}