{"id":3239,"date":"2022-03-22T18:06:56","date_gmt":"2022-03-22T21:06:56","guid":{"rendered":"https:\/\/salesianossp.org.br\/osbomretiro\/?p=3239"},"modified":"2022-03-22T18:06:56","modified_gmt":"2022-03-22T21:06:56","slug":"jovens-terminam-quebra-cabeca-com-mais-de-40-pecas-em-segundos","status":"publish","type":"post","link":"https:\/\/salesianossp.org.br\/osbomretiro\/jovens-terminam-quebra-cabeca-com-mais-de-40-pecas-em-segundos\/","title":{"rendered":"<strong>Jovens terminam quebra-cabe\u00e7a com mais de 40 pe\u00e7as em segundos<\/strong>"},"content":{"rendered":"\n<p>A proposta era de despertar o planejamento e trabalho em equipe. A atividade \u00e9 uma continuidade da parceria do CJ &#8211; Castelinho DB Zona Sul em Parceria com o Instituto IFA<\/p>\n\n\n\n<p>No dia 15 de mar\u00e7o, os jovens do Centro para Juventude \u2013 CJ, do Castelinho Dom Bosco, do <em>IDB<\/em> S\u00e3o Paulo, localizado na regi\u00e3o da Zona Sul, deram continuidade as atividades de Empreendedorismo propostas pelas Oficinas do Instituto Fazendo Acontecer \u2013 IFA. Desta vez, o tema central era: Quebrando a Cabe\u00e7a. Com o objetivo de incentivar os participantes a resolverem o quebra-cabe\u00e7a com mais de 40 pe\u00e7as. A atividade proposta iniciou com a seguinte pergunta: <strong>\u201cVoc\u00eas j\u00e1 quebraram a cabe\u00e7a hoje? Se ainda n\u00e3o, preparem-se para quebrar!\u201d<\/strong><\/p>\n\n\n\n<p>No decorrer da explica\u00e7\u00e3o da atividade muitos dos jovens comentaram: <em>\u2018Nossa, faz tempo que n\u00e3o monto um quebra-cabe\u00e7a&#8230;\u2019<\/em>, ou<em>, \u2018Aaah! Sou fera nisso\u2019<\/em>, ou ainda<em>, \u2018Quando crian\u00e7a sempre brincava&#8230;\u2019<\/em>, e assim por diante.<\/p>\n\n\n\n<p><em>\u201c\u00c9 interessante ver como eles se organizam em grupo para concluir o desafio. Quem nunca se animou para montar um quebra-cabe\u00e7a?\u201d<\/em>, pergunta J\u00e9ssica Gomes, &nbsp;Assistente T\u00e9cnica do CJ. O objetivo era concluir o quebra-cabe\u00e7a no menor tempo poss\u00edvel. Durante o momento, \u00e9 entregue um quebra-cabe\u00e7a de aproximadamente 45 pe\u00e7as para cada grupo. Nesse desafio, a imagina\u00e7\u00e3o deixa de ser o foco, dando lugar ao planejamento.<\/p>\n\n\n\n<p>No banco de recursos, em vez de materiais recicl\u00e1veis, ser\u00e3o vendidas pistas que podem auxili\u00e1-los na montagem:<\/p>\n\n\n\n<p>Pista 1: Foto da imagem completa.<\/p>\n\n\n\n<p>Pista 2: Separe as pe\u00e7as por cor.<\/p>\n\n\n\n<p>Pista 3: Comece montando as bordas. Os participantes podem definir uma estrat\u00e9gia para fazer a montagem, cooperar para isso ou usar as pistas para conseguirem ir adiante.<\/p>\n\n\n\n<p><em>\u201cFazer isso pode ser muito divertido, mas tamb\u00e9m bastante trabalhoso, dependendo da estrat\u00e9gia escolhida. A oficina desperta o esp\u00edrito competitivo nos participantes, enquanto os faz lidarem com a press\u00e3o do tempo. <\/em><em>Durante a atividade foi percept\u00edvel \u00e0 concentra\u00e7\u00e3o, trabalho em equipe, planejamento utilizando as dicas que disponibilizamos aos jovens, a competitividade entre eles para conseguirem terminar primeiro que o outro grupo e em menor tempo.\u201d,<\/em> declarou J\u00e9ssica.<\/p>\n\n\n\n<p>Alguns grupos conseguiram terminar o quebra-cabe\u00e7a em 12,13 at\u00e9 15 minutos, mas tiveram grupos que enfrentaram algumas dificuldades no caminho. No final da atividade com os jogos montados os jovens em roda de conversa puderam expor sobre o que acharam da atividade, quais foram as dificuldades em grupo, sobre como melhoraram em rela\u00e7\u00e3o a concentra\u00e7\u00e3o de uma semana para outra e, houve tamb\u00e9m um momento sobre a conscientiza\u00e7\u00e3o das dificuldades que aparecem em nossas vidas e como podemos resolv\u00ea-las.<\/p>\n\n\n\n<p><strong><em>OPINI\u00c3O DA EDUCADORA J\u00c9SSICA&#8230;<\/em><\/strong><\/p>\n\n\n\n<p><em>\u201cA segunda atividade desenvolvida pelo IFA e aplicada por n\u00f3s Educadores foi bem diferente da primeira. Assim como pontuamos com os jovens foi destacado a concentra\u00e7\u00e3o de todos com o objetivo da atividade, o trabalho em grupo, o trabalho silencioso e compenetrado que entre eles fez total diferen\u00e7a que conseguissem concluir o desenho.<\/em><\/p>\n\n\n\n<p><em>Foi interessante perceber que pela manh\u00e3 um grupo n\u00e3o conseguiu concluir a atividade e muitas das vezes os colegas que j\u00e1 haviam terminado se disponibilizaram para ajudar o outro. Essa tamb\u00e9m \u00e9 a ideia, o trabalho em conjunto mesmo que divididos em subgrupos, o olhar para o outro, entender a dificuldade e conseguir ajudar, adaptar para melhor compreens\u00e3o e tamb\u00e9m conclus\u00e3o do que \u00e9 proposto.\u201d<\/em>, concluiu a T\u00e9cnica.<br><\/p>\n\n\n\n<p><strong><em>DEPOIMENTO DA JOVEM WALQUIRIA&#8230;<\/em><\/strong><\/p>\n\n\n\n<p><em>&#8220;A atividade proposta foi montar um quebra-cabe\u00e7a em um grupo de 4 pessoas o mais r\u00e1pido poss\u00edvel desenvolvendo habilidades. Meu grupo ficou em segundo lugar com o tempo de 14 minutos.&nbsp;Eu j\u00e1 havia montado quebra cabe\u00e7a antes, por\u00e9m o desafio maior \u00e9 quatro pessoas diferentes com estrat\u00e9gias e uma linha de racioc\u00ednio distintas montarem uma mesma imagem, lembrando que t\u00ednhamos que ser r\u00e1pidos, contudo acredito que nos sa\u00edmos muito bem, trabalhamos bem juntos e mesmo com dificuldade no in\u00edcio todos se ajudaram conseguindo concluir o desafio.&nbsp;<\/em><\/p>\n\n\n\n<p><em>Gostei bastante da proposta de trabalhar em grupo e &#8220;quebrar a cabe\u00e7a&#8221; para juntos chegarmos em um resultado bem legal, esse processo de desconstruir nosso grupo de amigos e pensar no grupo, ajudando um ao outro e tentando fazer com que todos terminem e se desenvolvam nessas \u00e1reas \u00e9 imprescind\u00edvel na cria\u00e7\u00e3o de pessoas mais capacitadas para o mercado de trabalho, e para vida pessoal tamb\u00e9m.<\/em><\/p>\n\n\n\n<p><em>&nbsp;Agrade\u00e7o a todos que pensaram, constru\u00edram e est\u00e3o nos proporcionando esses momentos, estou ansiosa e muito curiosa pelo que nos espera nessa jornada!.&#8221;,<\/em> Walquiria de Paula Amoedo, 17 anos \u2013 Atendida do CJ Castelinho Dom Bosco.&nbsp;<\/p>\n\n\n\n<p><em>IDB &#8211; Instituto Dom Bosco S\u00e3o Paulo &#8211; SP<\/em><\/p>\n\n\n\n<figure class=\"wp-block-gallery has-nested-images columns-default is-cropped wp-block-gallery-1 is-layout-flex wp-block-gallery-is-layout-flex\">\n<figure class=\"wp-block-image size-large\"><img decoding=\"async\" data-id=\"3240\" src=\"https:\/\/salesianossp.org.br\/osbomretiro\/wp-content\/uploads\/2022\/03\/WhatsApp-Image-2022-03-15-at-08.58.19-1024x1024.jpeg\" alt=\"\" class=\"wp-image-3240\"\/><\/figure>\n\n\n\n<figure class=\"wp-block-image size-large\"><img decoding=\"async\" data-id=\"3241\" src=\"https:\/\/salesianossp.org.br\/osbomretiro\/wp-content\/uploads\/2022\/03\/WhatsApp-Image-2022-03-15-at-08.58.20-1024x1024.jpeg\" alt=\"\" class=\"wp-image-3241\"\/><\/figure>\n\n\n\n<figure class=\"wp-block-image size-large\"><img decoding=\"async\" data-id=\"3242\" src=\"https:\/\/salesianossp.org.br\/osbomretiro\/wp-content\/uploads\/2022\/03\/WhatsApp-Image-2022-03-15-at-15.01.55-1024x1024.jpeg\" alt=\"\" class=\"wp-image-3242\"\/><\/figure>\n<\/figure>\n\n\n\n<p>C<a href=\"https:\/\/www.facebook.com\/media\/set?vanity=InstitutoDomBoscoBomRetiro&amp;set=a.2042440679250268\" data-type=\"URL\" data-id=\"https:\/\/www.facebook.com\/media\/set?vanity=InstitutoDomBoscoBomRetiro&amp;set=a.2042440679250268\">lique aqui para ver todas as fotos<\/a><\/p>\n","protected":false},"excerpt":{"rendered":"<p>A proposta era de despertar o planejamento e trabalho em equipe. A atividade \u00e9 uma continuidade da parceria do CJ &#8211; Castelinho DB Zona Sul em Parceria com o Instituto IFA No dia 15 de mar\u00e7o, os jovens do Centro para Juventude \u2013 CJ, do Castelinho Dom Bosco, do IDB S\u00e3o Paulo, localizado na regi\u00e3o [&hellip;]<\/p>\n","protected":false},"author":27,"featured_media":3244,"comment_status":"open","ping_status":"open","sticky":false,"template":"","format":"standard","meta":{"footnotes":""},"categories":[59],"tags":[],"class_list":["post-3239","post","type-post","status-publish","format-standard","has-post-thumbnail","hentry","category-noticias"],"yoast_head":"<!-- This site is optimized with the Yoast SEO plugin v27.3 - https:\/\/yoast.com\/product\/yoast-seo-wordpress\/ -->\n<title>Jovens terminam quebra-cabe\u00e7a com mais de 40 pe\u00e7as em segundos - Instituto Dom Bosco<\/title>\n<meta name=\"robots\" content=\"index, follow, max-snippet:-1, max-image-preview:large, max-video-preview:-1\" \/>\n<link rel=\"canonical\" href=\"https:\/\/salesianossp.org.br\/osbomretiro\/jovens-terminam-quebra-cabeca-com-mais-de-40-pecas-em-segundos\/\" \/>\n<meta property=\"og:locale\" content=\"pt_BR\" \/>\n<meta property=\"og:type\" content=\"article\" \/>\n<meta property=\"og:title\" content=\"Jovens terminam quebra-cabe\u00e7a com mais de 40 pe\u00e7as em segundos - Instituto Dom Bosco\" \/>\n<meta property=\"og:description\" content=\"A proposta era de despertar o planejamento e trabalho em equipe. A atividade \u00e9 uma continuidade da parceria do CJ &#8211; Castelinho DB Zona Sul em Parceria com o Instituto IFA No dia 15 de mar\u00e7o, os jovens do Centro para Juventude \u2013 CJ, do Castelinho Dom Bosco, do IDB S\u00e3o Paulo, localizado na regi\u00e3o [&hellip;]\" \/>\n<meta property=\"og:url\" content=\"https:\/\/salesianossp.org.br\/osbomretiro\/jovens-terminam-quebra-cabeca-com-mais-de-40-pecas-em-segundos\/\" \/>\n<meta property=\"og:site_name\" content=\"Instituto Dom Bosco\" \/>\n<meta property=\"article:publisher\" content=\"https:\/\/www.facebook.com\/InstitutoDomBoscoBomRetiro\/\" \/>\n<meta property=\"article:published_time\" content=\"2022-03-22T21:06:56+00:00\" \/>\n<meta property=\"og:image\" content=\"https:\/\/salesianossp.org.br\/osbomretiro\/wp-content\/uploads\/2022\/03\/Quebra-cabeca-CJ-CDB-ZS-IFA-Atividade-2-IDB-1.png\" \/>\n\t<meta property=\"og:image:width\" content=\"1080\" \/>\n\t<meta property=\"og:image:height\" content=\"1080\" \/>\n\t<meta property=\"og:image:type\" content=\"image\/png\" \/>\n<meta name=\"author\" content=\"Lucas Rodrigues\" \/>\n<meta name=\"twitter:card\" content=\"summary_large_image\" \/>\n<meta name=\"twitter:label1\" content=\"Escrito por\" \/>\n\t<meta name=\"twitter:data1\" content=\"Lucas Rodrigues\" \/>\n\t<meta name=\"twitter:label2\" content=\"Est. tempo de leitura\" \/>\n\t<meta name=\"twitter:data2\" content=\"4 minutos\" \/>\n<script type=\"application\/ld+json\" class=\"yoast-schema-graph\">{\"@context\":\"https:\\\/\\\/schema.org\",\"@graph\":[{\"@type\":\"Article\",\"@id\":\"https:\\\/\\\/salesianossp.org.br\\\/osbomretiro\\\/jovens-terminam-quebra-cabeca-com-mais-de-40-pecas-em-segundos\\\/#article\",\"isPartOf\":{\"@id\":\"https:\\\/\\\/salesianossp.org.br\\\/osbomretiro\\\/jovens-terminam-quebra-cabeca-com-mais-de-40-pecas-em-segundos\\\/\"},\"author\":{\"name\":\"Lucas Rodrigues\",\"@id\":\"https:\\\/\\\/salesianossp.org.br\\\/osbomretiro\\\/#\\\/schema\\\/person\\\/3091f5c85d13f1f81c2eadb190445d2e\"},\"headline\":\"Jovens terminam quebra-cabe\u00e7a com mais de 40 pe\u00e7as em segundos\",\"datePublished\":\"2022-03-22T21:06:56+00:00\",\"mainEntityOfPage\":{\"@id\":\"https:\\\/\\\/salesianossp.org.br\\\/osbomretiro\\\/jovens-terminam-quebra-cabeca-com-mais-de-40-pecas-em-segundos\\\/\"},\"wordCount\":816,\"commentCount\":0,\"publisher\":{\"@id\":\"https:\\\/\\\/salesianossp.org.br\\\/osbomretiro\\\/#organization\"},\"image\":{\"@id\":\"https:\\\/\\\/salesianossp.org.br\\\/osbomretiro\\\/jovens-terminam-quebra-cabeca-com-mais-de-40-pecas-em-segundos\\\/#primaryimage\"},\"thumbnailUrl\":\"https:\\\/\\\/salesianossp.org.br\\\/osbomretiro\\\/wp-content\\\/uploads\\\/2022\\\/03\\\/Quebra-cabeca-CJ-CDB-ZS-IFA-Atividade-2-IDB-1.png\",\"articleSection\":[\"Not\u00edcias\"],\"inLanguage\":\"pt-BR\",\"potentialAction\":[{\"@type\":\"CommentAction\",\"name\":\"Comment\",\"target\":[\"https:\\\/\\\/salesianossp.org.br\\\/osbomretiro\\\/jovens-terminam-quebra-cabeca-com-mais-de-40-pecas-em-segundos\\\/#respond\"]}]},{\"@type\":\"WebPage\",\"@id\":\"https:\\\/\\\/salesianossp.org.br\\\/osbomretiro\\\/jovens-terminam-quebra-cabeca-com-mais-de-40-pecas-em-segundos\\\/\",\"url\":\"https:\\\/\\\/salesianossp.org.br\\\/osbomretiro\\\/jovens-terminam-quebra-cabeca-com-mais-de-40-pecas-em-segundos\\\/\",\"name\":\"Jovens terminam quebra-cabe\u00e7a com mais de 40 pe\u00e7as em segundos - Instituto Dom Bosco\",\"isPartOf\":{\"@id\":\"https:\\\/\\\/salesianossp.org.br\\\/osbomretiro\\\/#website\"},\"primaryImageOfPage\":{\"@id\":\"https:\\\/\\\/salesianossp.org.br\\\/osbomretiro\\\/jovens-terminam-quebra-cabeca-com-mais-de-40-pecas-em-segundos\\\/#primaryimage\"},\"image\":{\"@id\":\"https:\\\/\\\/salesianossp.org.br\\\/osbomretiro\\\/jovens-terminam-quebra-cabeca-com-mais-de-40-pecas-em-segundos\\\/#primaryimage\"},\"thumbnailUrl\":\"https:\\\/\\\/salesianossp.org.br\\\/osbomretiro\\\/wp-content\\\/uploads\\\/2022\\\/03\\\/Quebra-cabeca-CJ-CDB-ZS-IFA-Atividade-2-IDB-1.png\",\"datePublished\":\"2022-03-22T21:06:56+00:00\",\"breadcrumb\":{\"@id\":\"https:\\\/\\\/salesianossp.org.br\\\/osbomretiro\\\/jovens-terminam-quebra-cabeca-com-mais-de-40-pecas-em-segundos\\\/#breadcrumb\"},\"inLanguage\":\"pt-BR\",\"potentialAction\":[{\"@type\":\"ReadAction\",\"target\":[\"https:\\\/\\\/salesianossp.org.br\\\/osbomretiro\\\/jovens-terminam-quebra-cabeca-com-mais-de-40-pecas-em-segundos\\\/\"]}]},{\"@type\":\"ImageObject\",\"inLanguage\":\"pt-BR\",\"@id\":\"https:\\\/\\\/salesianossp.org.br\\\/osbomretiro\\\/jovens-terminam-quebra-cabeca-com-mais-de-40-pecas-em-segundos\\\/#primaryimage\",\"url\":\"https:\\\/\\\/salesianossp.org.br\\\/osbomretiro\\\/wp-content\\\/uploads\\\/2022\\\/03\\\/Quebra-cabeca-CJ-CDB-ZS-IFA-Atividade-2-IDB-1.png\",\"contentUrl\":\"https:\\\/\\\/salesianossp.org.br\\\/osbomretiro\\\/wp-content\\\/uploads\\\/2022\\\/03\\\/Quebra-cabeca-CJ-CDB-ZS-IFA-Atividade-2-IDB-1.png\",\"width\":1080,\"height\":1080},{\"@type\":\"BreadcrumbList\",\"@id\":\"https:\\\/\\\/salesianossp.org.br\\\/osbomretiro\\\/jovens-terminam-quebra-cabeca-com-mais-de-40-pecas-em-segundos\\\/#breadcrumb\",\"itemListElement\":[{\"@type\":\"ListItem\",\"position\":1,\"name\":\"In\u00edcio\",\"item\":\"https:\\\/\\\/salesianossp.org.br\\\/osbomretiro\\\/\"},{\"@type\":\"ListItem\",\"position\":2,\"name\":\"Jovens terminam quebra-cabe\u00e7a com mais de 40 pe\u00e7as em segundos\"}]},{\"@type\":\"WebSite\",\"@id\":\"https:\\\/\\\/salesianossp.org.br\\\/osbomretiro\\\/#website\",\"url\":\"https:\\\/\\\/salesianossp.org.br\\\/osbomretiro\\\/\",\"name\":\"Instituto Dom Bosco\",\"description\":\"\",\"publisher\":{\"@id\":\"https:\\\/\\\/salesianossp.org.br\\\/osbomretiro\\\/#organization\"},\"potentialAction\":[{\"@type\":\"SearchAction\",\"target\":{\"@type\":\"EntryPoint\",\"urlTemplate\":\"https:\\\/\\\/salesianossp.org.br\\\/osbomretiro\\\/?s={search_term_string}\"},\"query-input\":{\"@type\":\"PropertyValueSpecification\",\"valueRequired\":true,\"valueName\":\"search_term_string\"}}],\"inLanguage\":\"pt-BR\"},{\"@type\":\"Organization\",\"@id\":\"https:\\\/\\\/salesianossp.org.br\\\/osbomretiro\\\/#organization\",\"name\":\"Instituto Dom Bosco\",\"url\":\"https:\\\/\\\/salesianossp.org.br\\\/osbomretiro\\\/\",\"logo\":{\"@type\":\"ImageObject\",\"inLanguage\":\"pt-BR\",\"@id\":\"https:\\\/\\\/salesianossp.org.br\\\/osbomretiro\\\/#\\\/schema\\\/logo\\\/image\\\/\",\"url\":\"https:\\\/\\\/salesianossp.org.br\\\/osbomretiro\\\/wp-content\\\/uploads\\\/2025\\\/10\\\/logotipo-instituto-dom-bosco-color-56.svg\",\"contentUrl\":\"https:\\\/\\\/salesianossp.org.br\\\/osbomretiro\\\/wp-content\\\/uploads\\\/2025\\\/10\\\/logotipo-instituto-dom-bosco-color-56.svg\",\"width\":164,\"height\":56,\"caption\":\"Instituto Dom Bosco\"},\"image\":{\"@id\":\"https:\\\/\\\/salesianossp.org.br\\\/osbomretiro\\\/#\\\/schema\\\/logo\\\/image\\\/\"},\"sameAs\":[\"https:\\\/\\\/www.facebook.com\\\/InstitutoDomBoscoBomRetiro\\\/\",\"https:\\\/\\\/www.youtube.com\\\/user\\\/Institutodb\",\"https:\\\/\\\/www.instagram.com\\\/institutodb\\\/\"]},{\"@type\":\"Person\",\"@id\":\"https:\\\/\\\/salesianossp.org.br\\\/osbomretiro\\\/#\\\/schema\\\/person\\\/3091f5c85d13f1f81c2eadb190445d2e\",\"name\":\"Lucas Rodrigues\",\"image\":{\"@type\":\"ImageObject\",\"inLanguage\":\"pt-BR\",\"@id\":\"https:\\\/\\\/secure.gravatar.com\\\/avatar\\\/0ad9c966c6ed3335d7fffe2c3b88880dd298c0817b71e20a6955c38f2a53f746?s=96&d=mm&r=g\",\"url\":\"https:\\\/\\\/secure.gravatar.com\\\/avatar\\\/0ad9c966c6ed3335d7fffe2c3b88880dd298c0817b71e20a6955c38f2a53f746?s=96&d=mm&r=g\",\"contentUrl\":\"https:\\\/\\\/secure.gravatar.com\\\/avatar\\\/0ad9c966c6ed3335d7fffe2c3b88880dd298c0817b71e20a6955c38f2a53f746?s=96&d=mm&r=g\",\"caption\":\"Lucas Rodrigues\"},\"url\":\"https:\\\/\\\/salesianossp.org.br\\\/osbomretiro\\\/author\\\/lucas-rodrigues\\\/\"}]}<\/script>\n<!-- \/ Yoast SEO plugin. -->","yoast_head_json":{"title":"Jovens terminam quebra-cabe\u00e7a com mais de 40 pe\u00e7as em segundos - Instituto Dom Bosco","robots":{"index":"index","follow":"follow","max-snippet":"max-snippet:-1","max-image-preview":"max-image-preview:large","max-video-preview":"max-video-preview:-1"},"canonical":"https:\/\/salesianossp.org.br\/osbomretiro\/jovens-terminam-quebra-cabeca-com-mais-de-40-pecas-em-segundos\/","og_locale":"pt_BR","og_type":"article","og_title":"Jovens terminam quebra-cabe\u00e7a com mais de 40 pe\u00e7as em segundos - Instituto Dom Bosco","og_description":"A proposta era de despertar o planejamento e trabalho em equipe. A atividade \u00e9 uma continuidade da parceria do CJ &#8211; Castelinho DB Zona Sul em Parceria com o Instituto IFA No dia 15 de mar\u00e7o, os jovens do Centro para Juventude \u2013 CJ, do Castelinho Dom Bosco, do IDB S\u00e3o Paulo, localizado na regi\u00e3o [&hellip;]","og_url":"https:\/\/salesianossp.org.br\/osbomretiro\/jovens-terminam-quebra-cabeca-com-mais-de-40-pecas-em-segundos\/","og_site_name":"Instituto Dom Bosco","article_publisher":"https:\/\/www.facebook.com\/InstitutoDomBoscoBomRetiro\/","article_published_time":"2022-03-22T21:06:56+00:00","og_image":[{"width":1080,"height":1080,"url":"https:\/\/salesianossp.org.br\/osbomretiro\/wp-content\/uploads\/2022\/03\/Quebra-cabeca-CJ-CDB-ZS-IFA-Atividade-2-IDB-1.png","type":"image\/png"}],"author":"Lucas Rodrigues","twitter_card":"summary_large_image","twitter_misc":{"Escrito por":"Lucas Rodrigues","Est. tempo de leitura":"4 minutos"},"schema":{"@context":"https:\/\/schema.org","@graph":[{"@type":"Article","@id":"https:\/\/salesianossp.org.br\/osbomretiro\/jovens-terminam-quebra-cabeca-com-mais-de-40-pecas-em-segundos\/#article","isPartOf":{"@id":"https:\/\/salesianossp.org.br\/osbomretiro\/jovens-terminam-quebra-cabeca-com-mais-de-40-pecas-em-segundos\/"},"author":{"name":"Lucas Rodrigues","@id":"https:\/\/salesianossp.org.br\/osbomretiro\/#\/schema\/person\/3091f5c85d13f1f81c2eadb190445d2e"},"headline":"Jovens terminam quebra-cabe\u00e7a com mais de 40 pe\u00e7as em segundos","datePublished":"2022-03-22T21:06:56+00:00","mainEntityOfPage":{"@id":"https:\/\/salesianossp.org.br\/osbomretiro\/jovens-terminam-quebra-cabeca-com-mais-de-40-pecas-em-segundos\/"},"wordCount":816,"commentCount":0,"publisher":{"@id":"https:\/\/salesianossp.org.br\/osbomretiro\/#organization"},"image":{"@id":"https:\/\/salesianossp.org.br\/osbomretiro\/jovens-terminam-quebra-cabeca-com-mais-de-40-pecas-em-segundos\/#primaryimage"},"thumbnailUrl":"https:\/\/salesianossp.org.br\/osbomretiro\/wp-content\/uploads\/2022\/03\/Quebra-cabeca-CJ-CDB-ZS-IFA-Atividade-2-IDB-1.png","articleSection":["Not\u00edcias"],"inLanguage":"pt-BR","potentialAction":[{"@type":"CommentAction","name":"Comment","target":["https:\/\/salesianossp.org.br\/osbomretiro\/jovens-terminam-quebra-cabeca-com-mais-de-40-pecas-em-segundos\/#respond"]}]},{"@type":"WebPage","@id":"https:\/\/salesianossp.org.br\/osbomretiro\/jovens-terminam-quebra-cabeca-com-mais-de-40-pecas-em-segundos\/","url":"https:\/\/salesianossp.org.br\/osbomretiro\/jovens-terminam-quebra-cabeca-com-mais-de-40-pecas-em-segundos\/","name":"Jovens terminam quebra-cabe\u00e7a com mais de 40 pe\u00e7as em segundos - Instituto Dom Bosco","isPartOf":{"@id":"https:\/\/salesianossp.org.br\/osbomretiro\/#website"},"primaryImageOfPage":{"@id":"https:\/\/salesianossp.org.br\/osbomretiro\/jovens-terminam-quebra-cabeca-com-mais-de-40-pecas-em-segundos\/#primaryimage"},"image":{"@id":"https:\/\/salesianossp.org.br\/osbomretiro\/jovens-terminam-quebra-cabeca-com-mais-de-40-pecas-em-segundos\/#primaryimage"},"thumbnailUrl":"https:\/\/salesianossp.org.br\/osbomretiro\/wp-content\/uploads\/2022\/03\/Quebra-cabeca-CJ-CDB-ZS-IFA-Atividade-2-IDB-1.png","datePublished":"2022-03-22T21:06:56+00:00","breadcrumb":{"@id":"https:\/\/salesianossp.org.br\/osbomretiro\/jovens-terminam-quebra-cabeca-com-mais-de-40-pecas-em-segundos\/#breadcrumb"},"inLanguage":"pt-BR","potentialAction":[{"@type":"ReadAction","target":["https:\/\/salesianossp.org.br\/osbomretiro\/jovens-terminam-quebra-cabeca-com-mais-de-40-pecas-em-segundos\/"]}]},{"@type":"ImageObject","inLanguage":"pt-BR","@id":"https:\/\/salesianossp.org.br\/osbomretiro\/jovens-terminam-quebra-cabeca-com-mais-de-40-pecas-em-segundos\/#primaryimage","url":"https:\/\/salesianossp.org.br\/osbomretiro\/wp-content\/uploads\/2022\/03\/Quebra-cabeca-CJ-CDB-ZS-IFA-Atividade-2-IDB-1.png","contentUrl":"https:\/\/salesianossp.org.br\/osbomretiro\/wp-content\/uploads\/2022\/03\/Quebra-cabeca-CJ-CDB-ZS-IFA-Atividade-2-IDB-1.png","width":1080,"height":1080},{"@type":"BreadcrumbList","@id":"https:\/\/salesianossp.org.br\/osbomretiro\/jovens-terminam-quebra-cabeca-com-mais-de-40-pecas-em-segundos\/#breadcrumb","itemListElement":[{"@type":"ListItem","position":1,"name":"In\u00edcio","item":"https:\/\/salesianossp.org.br\/osbomretiro\/"},{"@type":"ListItem","position":2,"name":"Jovens terminam quebra-cabe\u00e7a com mais de 40 pe\u00e7as em segundos"}]},{"@type":"WebSite","@id":"https:\/\/salesianossp.org.br\/osbomretiro\/#website","url":"https:\/\/salesianossp.org.br\/osbomretiro\/","name":"Instituto Dom Bosco","description":"","publisher":{"@id":"https:\/\/salesianossp.org.br\/osbomretiro\/#organization"},"potentialAction":[{"@type":"SearchAction","target":{"@type":"EntryPoint","urlTemplate":"https:\/\/salesianossp.org.br\/osbomretiro\/?s={search_term_string}"},"query-input":{"@type":"PropertyValueSpecification","valueRequired":true,"valueName":"search_term_string"}}],"inLanguage":"pt-BR"},{"@type":"Organization","@id":"https:\/\/salesianossp.org.br\/osbomretiro\/#organization","name":"Instituto Dom Bosco","url":"https:\/\/salesianossp.org.br\/osbomretiro\/","logo":{"@type":"ImageObject","inLanguage":"pt-BR","@id":"https:\/\/salesianossp.org.br\/osbomretiro\/#\/schema\/logo\/image\/","url":"https:\/\/salesianossp.org.br\/osbomretiro\/wp-content\/uploads\/2025\/10\/logotipo-instituto-dom-bosco-color-56.svg","contentUrl":"https:\/\/salesianossp.org.br\/osbomretiro\/wp-content\/uploads\/2025\/10\/logotipo-instituto-dom-bosco-color-56.svg","width":164,"height":56,"caption":"Instituto Dom Bosco"},"image":{"@id":"https:\/\/salesianossp.org.br\/osbomretiro\/#\/schema\/logo\/image\/"},"sameAs":["https:\/\/www.facebook.com\/InstitutoDomBoscoBomRetiro\/","https:\/\/www.youtube.com\/user\/Institutodb","https:\/\/www.instagram.com\/institutodb\/"]},{"@type":"Person","@id":"https:\/\/salesianossp.org.br\/osbomretiro\/#\/schema\/person\/3091f5c85d13f1f81c2eadb190445d2e","name":"Lucas Rodrigues","image":{"@type":"ImageObject","inLanguage":"pt-BR","@id":"https:\/\/secure.gravatar.com\/avatar\/0ad9c966c6ed3335d7fffe2c3b88880dd298c0817b71e20a6955c38f2a53f746?s=96&d=mm&r=g","url":"https:\/\/secure.gravatar.com\/avatar\/0ad9c966c6ed3335d7fffe2c3b88880dd298c0817b71e20a6955c38f2a53f746?s=96&d=mm&r=g","contentUrl":"https:\/\/secure.gravatar.com\/avatar\/0ad9c966c6ed3335d7fffe2c3b88880dd298c0817b71e20a6955c38f2a53f746?s=96&d=mm&r=g","caption":"Lucas Rodrigues"},"url":"https:\/\/salesianossp.org.br\/osbomretiro\/author\/lucas-rodrigues\/"}]}},"_links":{"self":[{"href":"https:\/\/salesianossp.org.br\/osbomretiro\/wp-json\/wp\/v2\/posts\/3239","targetHints":{"allow":["GET"]}}],"collection":[{"href":"https:\/\/salesianossp.org.br\/osbomretiro\/wp-json\/wp\/v2\/posts"}],"about":[{"href":"https:\/\/salesianossp.org.br\/osbomretiro\/wp-json\/wp\/v2\/types\/post"}],"author":[{"embeddable":true,"href":"https:\/\/salesianossp.org.br\/osbomretiro\/wp-json\/wp\/v2\/users\/27"}],"replies":[{"embeddable":true,"href":"https:\/\/salesianossp.org.br\/osbomretiro\/wp-json\/wp\/v2\/comments?post=3239"}],"version-history":[{"count":0,"href":"https:\/\/salesianossp.org.br\/osbomretiro\/wp-json\/wp\/v2\/posts\/3239\/revisions"}],"wp:featuredmedia":[{"embeddable":true,"href":"https:\/\/salesianossp.org.br\/osbomretiro\/wp-json\/wp\/v2\/media\/3244"}],"wp:attachment":[{"href":"https:\/\/salesianossp.org.br\/osbomretiro\/wp-json\/wp\/v2\/media?parent=3239"}],"wp:term":[{"taxonomy":"category","embeddable":true,"href":"https:\/\/salesianossp.org.br\/osbomretiro\/wp-json\/wp\/v2\/categories?post=3239"},{"taxonomy":"post_tag","embeddable":true,"href":"https:\/\/salesianossp.org.br\/osbomretiro\/wp-json\/wp\/v2\/tags?post=3239"}],"curies":[{"name":"wp","href":"https:\/\/api.w.org\/{rel}","templated":true}]}}