{"id":3251,"date":"2022-03-23T15:55:51","date_gmt":"2022-03-23T18:55:51","guid":{"rendered":"https:\/\/salesianossp.org.br\/osbomretiro\/?p=3251"},"modified":"2022-03-23T15:55:51","modified_gmt":"2022-03-23T18:55:51","slug":"fisioterapia-preventiva-para-atendidos-as-do-nci","status":"publish","type":"post","link":"https:\/\/salesianossp.org.br\/osbomretiro\/fisioterapia-preventiva-para-atendidos-as-do-nci\/","title":{"rendered":"<strong>Fisioterapia Preventiva para Atendidos (as) do NCI<\/strong>"},"content":{"rendered":"\n<p>Toda segunda-feira \u00e9 dia de Oficina de Fisioterapia Preventiva no N\u00facleo de Conviv\u00eancia do Idoso NCI \u2013 Castelinho Dom Bosco, Unidade Zona Sul do <em>IDB<\/em>. Os principais&nbsp;objetivos do movimento para idosos s\u00e3o preservar a fun\u00e7\u00e3o motora, adiar a instala\u00e7\u00e3o de incapacidades decorrentes do processo de envelhecimento e prevenir a ocorr\u00eancia de quedas e outros acidentes causados por limita\u00e7\u00f5es naturais da idade.<\/p>\n\n\n\n<p><em>\u201c\u00c9 muito bacana, pois \u00e9 uma proposta que desperta o interesse ao p\u00fablico participante, uma vez que tudo est\u00e1 ligado no seu cotidiano.\u201d,<\/em> declarou Elizete Marinho, Assistente Administrativo do IDB.<\/p>\n\n\n\n<p><em>\u201cA proposta \u00e9 chamativa para o p\u00fablico participante, ouve uma troca grande de situa\u00e7\u00f5es di\u00e1rias que serve como um instrumental de atividades.&nbsp; A roda de conversa falando sobre o que \u00e9 fisioterapia preventiva e o que poderia agregar no seu contexto de vida, pensando em um diferencial.\u201d,<\/em> concluiu Marcos dos Santos, Oficineiro da FP.<\/p>\n\n\n\n<figure class=\"wp-block-gallery has-nested-images columns-default is-cropped wp-block-gallery-1 is-layout-flex wp-block-gallery-is-layout-flex\">\n<figure class=\"wp-block-image size-large\"><img decoding=\"async\" data-id=\"3252\" src=\"https:\/\/salesianossp.org.br\/osbomretiro\/wp-content\/uploads\/2022\/03\/f9c675bb-ea3a-4ae9-abb2-a159b674e1b6-1024x1024.jpg\" alt=\"\" class=\"wp-image-3252\"\/><\/figure>\n\n\n\n<figure class=\"wp-block-image size-large\"><img decoding=\"async\" data-id=\"3253\" src=\"https:\/\/salesianossp.org.br\/osbomretiro\/wp-content\/uploads\/2022\/03\/eb640c59-0767-42f7-9a3f-57549719dc66-1024x1024.jpg\" alt=\"\" class=\"wp-image-3253\"\/><\/figure>\n<\/figure>\n","protected":false},"excerpt":{"rendered":"<p>Toda segunda-feira \u00e9 dia de Oficina de Fisioterapia Preventiva no N\u00facleo de Conviv\u00eancia do Idoso NCI \u2013 Castelinho Dom Bosco, Unidade Zona Sul do IDB. Os principais&nbsp;objetivos do movimento para idosos s\u00e3o preservar a fun\u00e7\u00e3o motora, adiar a instala\u00e7\u00e3o de incapacidades decorrentes do processo de envelhecimento e prevenir a ocorr\u00eancia de quedas e outros acidentes [&hellip;]<\/p>\n","protected":false},"author":27,"featured_media":3255,"comment_status":"open","ping_status":"open","sticky":false,"template":"","format":"standard","meta":{"footnotes":""},"categories":[59],"tags":[],"class_list":["post-3251","post","type-post","status-publish","format-standard","has-post-thumbnail","hentry","category-noticias"],"yoast_head":"<!-- This site is optimized with the Yoast SEO plugin v27.3 - https:\/\/yoast.com\/product\/yoast-seo-wordpress\/ -->\n<title>Fisioterapia Preventiva para Atendidos (as) do NCI - Instituto Dom Bosco<\/title>\n<meta name=\"robots\" content=\"index, follow, max-snippet:-1, max-image-preview:large, max-video-preview:-1\" \/>\n<link rel=\"canonical\" href=\"https:\/\/salesianossp.org.br\/osbomretiro\/fisioterapia-preventiva-para-atendidos-as-do-nci\/\" \/>\n<meta property=\"og:locale\" content=\"pt_BR\" \/>\n<meta property=\"og:type\" content=\"article\" \/>\n<meta property=\"og:title\" content=\"Fisioterapia Preventiva para Atendidos (as) do NCI - Instituto Dom Bosco\" \/>\n<meta property=\"og:description\" content=\"Toda segunda-feira \u00e9 dia de Oficina de Fisioterapia Preventiva no N\u00facleo de Conviv\u00eancia do Idoso NCI \u2013 Castelinho Dom Bosco, Unidade Zona Sul do IDB. Os principais&nbsp;objetivos do movimento para idosos s\u00e3o preservar a fun\u00e7\u00e3o motora, adiar a instala\u00e7\u00e3o de incapacidades decorrentes do processo de envelhecimento e prevenir a ocorr\u00eancia de quedas e outros acidentes [&hellip;]\" \/>\n<meta property=\"og:url\" content=\"https:\/\/salesianossp.org.br\/osbomretiro\/fisioterapia-preventiva-para-atendidos-as-do-nci\/\" \/>\n<meta property=\"og:site_name\" content=\"Instituto Dom Bosco\" \/>\n<meta property=\"article:publisher\" content=\"https:\/\/www.facebook.com\/InstitutoDomBoscoBomRetiro\/\" \/>\n<meta property=\"article:published_time\" content=\"2022-03-23T18:55:51+00:00\" \/>\n<meta name=\"author\" content=\"Lucas Rodrigues\" \/>\n<meta name=\"twitter:card\" content=\"summary_large_image\" \/>\n<meta name=\"twitter:label1\" content=\"Escrito por\" \/>\n\t<meta name=\"twitter:data1\" content=\"Lucas Rodrigues\" \/>\n\t<meta name=\"twitter:label2\" content=\"Est. tempo de leitura\" \/>\n\t<meta name=\"twitter:data2\" content=\"1 minuto\" \/>\n<script type=\"application\/ld+json\" class=\"yoast-schema-graph\">{\"@context\":\"https:\\\/\\\/schema.org\",\"@graph\":[{\"@type\":\"Article\",\"@id\":\"https:\\\/\\\/salesianossp.org.br\\\/osbomretiro\\\/fisioterapia-preventiva-para-atendidos-as-do-nci\\\/#article\",\"isPartOf\":{\"@id\":\"https:\\\/\\\/salesianossp.org.br\\\/osbomretiro\\\/fisioterapia-preventiva-para-atendidos-as-do-nci\\\/\"},\"author\":{\"name\":\"Lucas Rodrigues\",\"@id\":\"https:\\\/\\\/salesianossp.org.br\\\/osbomretiro\\\/#\\\/schema\\\/person\\\/3091f5c85d13f1f81c2eadb190445d2e\"},\"headline\":\"Fisioterapia Preventiva para Atendidos (as) do NCI\",\"datePublished\":\"2022-03-23T18:55:51+00:00\",\"mainEntityOfPage\":{\"@id\":\"https:\\\/\\\/salesianossp.org.br\\\/osbomretiro\\\/fisioterapia-preventiva-para-atendidos-as-do-nci\\\/\"},\"wordCount\":160,\"commentCount\":0,\"publisher\":{\"@id\":\"https:\\\/\\\/salesianossp.org.br\\\/osbomretiro\\\/#organization\"},\"image\":{\"@id\":\"https:\\\/\\\/salesianossp.org.br\\\/osbomretiro\\\/fisioterapia-preventiva-para-atendidos-as-do-nci\\\/#primaryimage\"},\"thumbnailUrl\":\"https:\\\/\\\/salesianossp.org.br\\\/osbomretiro\\\/wp-content\\\/uploads\\\/2022\\\/03\\\/Fisioterapia-Preventiva-para-os-as-Atendidos-do-NCI-IDB.svg\",\"articleSection\":[\"Not\u00edcias\"],\"inLanguage\":\"pt-BR\",\"potentialAction\":[{\"@type\":\"CommentAction\",\"name\":\"Comment\",\"target\":[\"https:\\\/\\\/salesianossp.org.br\\\/osbomretiro\\\/fisioterapia-preventiva-para-atendidos-as-do-nci\\\/#respond\"]}]},{\"@type\":\"WebPage\",\"@id\":\"https:\\\/\\\/salesianossp.org.br\\\/osbomretiro\\\/fisioterapia-preventiva-para-atendidos-as-do-nci\\\/\",\"url\":\"https:\\\/\\\/salesianossp.org.br\\\/osbomretiro\\\/fisioterapia-preventiva-para-atendidos-as-do-nci\\\/\",\"name\":\"Fisioterapia Preventiva para Atendidos (as) do NCI - Instituto Dom Bosco\",\"isPartOf\":{\"@id\":\"https:\\\/\\\/salesianossp.org.br\\\/osbomretiro\\\/#website\"},\"primaryImageOfPage\":{\"@id\":\"https:\\\/\\\/salesianossp.org.br\\\/osbomretiro\\\/fisioterapia-preventiva-para-atendidos-as-do-nci\\\/#primaryimage\"},\"image\":{\"@id\":\"https:\\\/\\\/salesianossp.org.br\\\/osbomretiro\\\/fisioterapia-preventiva-para-atendidos-as-do-nci\\\/#primaryimage\"},\"thumbnailUrl\":\"https:\\\/\\\/salesianossp.org.br\\\/osbomretiro\\\/wp-content\\\/uploads\\\/2022\\\/03\\\/Fisioterapia-Preventiva-para-os-as-Atendidos-do-NCI-IDB.svg\",\"datePublished\":\"2022-03-23T18:55:51+00:00\",\"breadcrumb\":{\"@id\":\"https:\\\/\\\/salesianossp.org.br\\\/osbomretiro\\\/fisioterapia-preventiva-para-atendidos-as-do-nci\\\/#breadcrumb\"},\"inLanguage\":\"pt-BR\",\"potentialAction\":[{\"@type\":\"ReadAction\",\"target\":[\"https:\\\/\\\/salesianossp.org.br\\\/osbomretiro\\\/fisioterapia-preventiva-para-atendidos-as-do-nci\\\/\"]}]},{\"@type\":\"ImageObject\",\"inLanguage\":\"pt-BR\",\"@id\":\"https:\\\/\\\/salesianossp.org.br\\\/osbomretiro\\\/fisioterapia-preventiva-para-atendidos-as-do-nci\\\/#primaryimage\",\"url\":\"https:\\\/\\\/salesianossp.org.br\\\/osbomretiro\\\/wp-content\\\/uploads\\\/2022\\\/03\\\/Fisioterapia-Preventiva-para-os-as-Atendidos-do-NCI-IDB.svg\",\"contentUrl\":\"https:\\\/\\\/salesianossp.org.br\\\/osbomretiro\\\/wp-content\\\/uploads\\\/2022\\\/03\\\/Fisioterapia-Preventiva-para-os-as-Atendidos-do-NCI-IDB.svg\",\"width\":1080,\"height\":1080},{\"@type\":\"BreadcrumbList\",\"@id\":\"https:\\\/\\\/salesianossp.org.br\\\/osbomretiro\\\/fisioterapia-preventiva-para-atendidos-as-do-nci\\\/#breadcrumb\",\"itemListElement\":[{\"@type\":\"ListItem\",\"position\":1,\"name\":\"In\u00edcio\",\"item\":\"https:\\\/\\\/salesianossp.org.br\\\/osbomretiro\\\/\"},{\"@type\":\"ListItem\",\"position\":2,\"name\":\"Fisioterapia Preventiva para Atendidos (as) do NCI\"}]},{\"@type\":\"WebSite\",\"@id\":\"https:\\\/\\\/salesianossp.org.br\\\/osbomretiro\\\/#website\",\"url\":\"https:\\\/\\\/salesianossp.org.br\\\/osbomretiro\\\/\",\"name\":\"Instituto Dom Bosco\",\"description\":\"\",\"publisher\":{\"@id\":\"https:\\\/\\\/salesianossp.org.br\\\/osbomretiro\\\/#organization\"},\"potentialAction\":[{\"@type\":\"SearchAction\",\"target\":{\"@type\":\"EntryPoint\",\"urlTemplate\":\"https:\\\/\\\/salesianossp.org.br\\\/osbomretiro\\\/?s={search_term_string}\"},\"query-input\":{\"@type\":\"PropertyValueSpecification\",\"valueRequired\":true,\"valueName\":\"search_term_string\"}}],\"inLanguage\":\"pt-BR\"},{\"@type\":\"Organization\",\"@id\":\"https:\\\/\\\/salesianossp.org.br\\\/osbomretiro\\\/#organization\",\"name\":\"Instituto Dom Bosco\",\"url\":\"https:\\\/\\\/salesianossp.org.br\\\/osbomretiro\\\/\",\"logo\":{\"@type\":\"ImageObject\",\"inLanguage\":\"pt-BR\",\"@id\":\"https:\\\/\\\/salesianossp.org.br\\\/osbomretiro\\\/#\\\/schema\\\/logo\\\/image\\\/\",\"url\":\"https:\\\/\\\/salesianossp.org.br\\\/osbomretiro\\\/wp-content\\\/uploads\\\/2025\\\/10\\\/logotipo-instituto-dom-bosco-color-56.svg\",\"contentUrl\":\"https:\\\/\\\/salesianossp.org.br\\\/osbomretiro\\\/wp-content\\\/uploads\\\/2025\\\/10\\\/logotipo-instituto-dom-bosco-color-56.svg\",\"width\":164,\"height\":56,\"caption\":\"Instituto Dom Bosco\"},\"image\":{\"@id\":\"https:\\\/\\\/salesianossp.org.br\\\/osbomretiro\\\/#\\\/schema\\\/logo\\\/image\\\/\"},\"sameAs\":[\"https:\\\/\\\/www.facebook.com\\\/InstitutoDomBoscoBomRetiro\\\/\",\"https:\\\/\\\/www.youtube.com\\\/user\\\/Institutodb\",\"https:\\\/\\\/www.instagram.com\\\/institutodb\\\/\"]},{\"@type\":\"Person\",\"@id\":\"https:\\\/\\\/salesianossp.org.br\\\/osbomretiro\\\/#\\\/schema\\\/person\\\/3091f5c85d13f1f81c2eadb190445d2e\",\"name\":\"Lucas Rodrigues\",\"image\":{\"@type\":\"ImageObject\",\"inLanguage\":\"pt-BR\",\"@id\":\"https:\\\/\\\/secure.gravatar.com\\\/avatar\\\/0ad9c966c6ed3335d7fffe2c3b88880dd298c0817b71e20a6955c38f2a53f746?s=96&d=mm&r=g\",\"url\":\"https:\\\/\\\/secure.gravatar.com\\\/avatar\\\/0ad9c966c6ed3335d7fffe2c3b88880dd298c0817b71e20a6955c38f2a53f746?s=96&d=mm&r=g\",\"contentUrl\":\"https:\\\/\\\/secure.gravatar.com\\\/avatar\\\/0ad9c966c6ed3335d7fffe2c3b88880dd298c0817b71e20a6955c38f2a53f746?s=96&d=mm&r=g\",\"caption\":\"Lucas Rodrigues\"},\"url\":\"https:\\\/\\\/salesianossp.org.br\\\/osbomretiro\\\/author\\\/lucas-rodrigues\\\/\"}]}<\/script>\n<!-- \/ Yoast SEO plugin. -->","yoast_head_json":{"title":"Fisioterapia Preventiva para Atendidos (as) do NCI - Instituto Dom Bosco","robots":{"index":"index","follow":"follow","max-snippet":"max-snippet:-1","max-image-preview":"max-image-preview:large","max-video-preview":"max-video-preview:-1"},"canonical":"https:\/\/salesianossp.org.br\/osbomretiro\/fisioterapia-preventiva-para-atendidos-as-do-nci\/","og_locale":"pt_BR","og_type":"article","og_title":"Fisioterapia Preventiva para Atendidos (as) do NCI - Instituto Dom Bosco","og_description":"Toda segunda-feira \u00e9 dia de Oficina de Fisioterapia Preventiva no N\u00facleo de Conviv\u00eancia do Idoso NCI \u2013 Castelinho Dom Bosco, Unidade Zona Sul do IDB. Os principais&nbsp;objetivos do movimento para idosos s\u00e3o preservar a fun\u00e7\u00e3o motora, adiar a instala\u00e7\u00e3o de incapacidades decorrentes do processo de envelhecimento e prevenir a ocorr\u00eancia de quedas e outros acidentes [&hellip;]","og_url":"https:\/\/salesianossp.org.br\/osbomretiro\/fisioterapia-preventiva-para-atendidos-as-do-nci\/","og_site_name":"Instituto Dom Bosco","article_publisher":"https:\/\/www.facebook.com\/InstitutoDomBoscoBomRetiro\/","article_published_time":"2022-03-23T18:55:51+00:00","author":"Lucas Rodrigues","twitter_card":"summary_large_image","twitter_misc":{"Escrito por":"Lucas Rodrigues","Est. tempo de leitura":"1 minuto"},"schema":{"@context":"https:\/\/schema.org","@graph":[{"@type":"Article","@id":"https:\/\/salesianossp.org.br\/osbomretiro\/fisioterapia-preventiva-para-atendidos-as-do-nci\/#article","isPartOf":{"@id":"https:\/\/salesianossp.org.br\/osbomretiro\/fisioterapia-preventiva-para-atendidos-as-do-nci\/"},"author":{"name":"Lucas Rodrigues","@id":"https:\/\/salesianossp.org.br\/osbomretiro\/#\/schema\/person\/3091f5c85d13f1f81c2eadb190445d2e"},"headline":"Fisioterapia Preventiva para Atendidos (as) do NCI","datePublished":"2022-03-23T18:55:51+00:00","mainEntityOfPage":{"@id":"https:\/\/salesianossp.org.br\/osbomretiro\/fisioterapia-preventiva-para-atendidos-as-do-nci\/"},"wordCount":160,"commentCount":0,"publisher":{"@id":"https:\/\/salesianossp.org.br\/osbomretiro\/#organization"},"image":{"@id":"https:\/\/salesianossp.org.br\/osbomretiro\/fisioterapia-preventiva-para-atendidos-as-do-nci\/#primaryimage"},"thumbnailUrl":"https:\/\/salesianossp.org.br\/osbomretiro\/wp-content\/uploads\/2022\/03\/Fisioterapia-Preventiva-para-os-as-Atendidos-do-NCI-IDB.svg","articleSection":["Not\u00edcias"],"inLanguage":"pt-BR","potentialAction":[{"@type":"CommentAction","name":"Comment","target":["https:\/\/salesianossp.org.br\/osbomretiro\/fisioterapia-preventiva-para-atendidos-as-do-nci\/#respond"]}]},{"@type":"WebPage","@id":"https:\/\/salesianossp.org.br\/osbomretiro\/fisioterapia-preventiva-para-atendidos-as-do-nci\/","url":"https:\/\/salesianossp.org.br\/osbomretiro\/fisioterapia-preventiva-para-atendidos-as-do-nci\/","name":"Fisioterapia Preventiva para Atendidos (as) do NCI - Instituto Dom Bosco","isPartOf":{"@id":"https:\/\/salesianossp.org.br\/osbomretiro\/#website"},"primaryImageOfPage":{"@id":"https:\/\/salesianossp.org.br\/osbomretiro\/fisioterapia-preventiva-para-atendidos-as-do-nci\/#primaryimage"},"image":{"@id":"https:\/\/salesianossp.org.br\/osbomretiro\/fisioterapia-preventiva-para-atendidos-as-do-nci\/#primaryimage"},"thumbnailUrl":"https:\/\/salesianossp.org.br\/osbomretiro\/wp-content\/uploads\/2022\/03\/Fisioterapia-Preventiva-para-os-as-Atendidos-do-NCI-IDB.svg","datePublished":"2022-03-23T18:55:51+00:00","breadcrumb":{"@id":"https:\/\/salesianossp.org.br\/osbomretiro\/fisioterapia-preventiva-para-atendidos-as-do-nci\/#breadcrumb"},"inLanguage":"pt-BR","potentialAction":[{"@type":"ReadAction","target":["https:\/\/salesianossp.org.br\/osbomretiro\/fisioterapia-preventiva-para-atendidos-as-do-nci\/"]}]},{"@type":"ImageObject","inLanguage":"pt-BR","@id":"https:\/\/salesianossp.org.br\/osbomretiro\/fisioterapia-preventiva-para-atendidos-as-do-nci\/#primaryimage","url":"https:\/\/salesianossp.org.br\/osbomretiro\/wp-content\/uploads\/2022\/03\/Fisioterapia-Preventiva-para-os-as-Atendidos-do-NCI-IDB.svg","contentUrl":"https:\/\/salesianossp.org.br\/osbomretiro\/wp-content\/uploads\/2022\/03\/Fisioterapia-Preventiva-para-os-as-Atendidos-do-NCI-IDB.svg","width":1080,"height":1080},{"@type":"BreadcrumbList","@id":"https:\/\/salesianossp.org.br\/osbomretiro\/fisioterapia-preventiva-para-atendidos-as-do-nci\/#breadcrumb","itemListElement":[{"@type":"ListItem","position":1,"name":"In\u00edcio","item":"https:\/\/salesianossp.org.br\/osbomretiro\/"},{"@type":"ListItem","position":2,"name":"Fisioterapia Preventiva para Atendidos (as) do NCI"}]},{"@type":"WebSite","@id":"https:\/\/salesianossp.org.br\/osbomretiro\/#website","url":"https:\/\/salesianossp.org.br\/osbomretiro\/","name":"Instituto Dom Bosco","description":"","publisher":{"@id":"https:\/\/salesianossp.org.br\/osbomretiro\/#organization"},"potentialAction":[{"@type":"SearchAction","target":{"@type":"EntryPoint","urlTemplate":"https:\/\/salesianossp.org.br\/osbomretiro\/?s={search_term_string}"},"query-input":{"@type":"PropertyValueSpecification","valueRequired":true,"valueName":"search_term_string"}}],"inLanguage":"pt-BR"},{"@type":"Organization","@id":"https:\/\/salesianossp.org.br\/osbomretiro\/#organization","name":"Instituto Dom Bosco","url":"https:\/\/salesianossp.org.br\/osbomretiro\/","logo":{"@type":"ImageObject","inLanguage":"pt-BR","@id":"https:\/\/salesianossp.org.br\/osbomretiro\/#\/schema\/logo\/image\/","url":"https:\/\/salesianossp.org.br\/osbomretiro\/wp-content\/uploads\/2025\/10\/logotipo-instituto-dom-bosco-color-56.svg","contentUrl":"https:\/\/salesianossp.org.br\/osbomretiro\/wp-content\/uploads\/2025\/10\/logotipo-instituto-dom-bosco-color-56.svg","width":164,"height":56,"caption":"Instituto Dom Bosco"},"image":{"@id":"https:\/\/salesianossp.org.br\/osbomretiro\/#\/schema\/logo\/image\/"},"sameAs":["https:\/\/www.facebook.com\/InstitutoDomBoscoBomRetiro\/","https:\/\/www.youtube.com\/user\/Institutodb","https:\/\/www.instagram.com\/institutodb\/"]},{"@type":"Person","@id":"https:\/\/salesianossp.org.br\/osbomretiro\/#\/schema\/person\/3091f5c85d13f1f81c2eadb190445d2e","name":"Lucas Rodrigues","image":{"@type":"ImageObject","inLanguage":"pt-BR","@id":"https:\/\/secure.gravatar.com\/avatar\/0ad9c966c6ed3335d7fffe2c3b88880dd298c0817b71e20a6955c38f2a53f746?s=96&d=mm&r=g","url":"https:\/\/secure.gravatar.com\/avatar\/0ad9c966c6ed3335d7fffe2c3b88880dd298c0817b71e20a6955c38f2a53f746?s=96&d=mm&r=g","contentUrl":"https:\/\/secure.gravatar.com\/avatar\/0ad9c966c6ed3335d7fffe2c3b88880dd298c0817b71e20a6955c38f2a53f746?s=96&d=mm&r=g","caption":"Lucas Rodrigues"},"url":"https:\/\/salesianossp.org.br\/osbomretiro\/author\/lucas-rodrigues\/"}]}},"_links":{"self":[{"href":"https:\/\/salesianossp.org.br\/osbomretiro\/wp-json\/wp\/v2\/posts\/3251","targetHints":{"allow":["GET"]}}],"collection":[{"href":"https:\/\/salesianossp.org.br\/osbomretiro\/wp-json\/wp\/v2\/posts"}],"about":[{"href":"https:\/\/salesianossp.org.br\/osbomretiro\/wp-json\/wp\/v2\/types\/post"}],"author":[{"embeddable":true,"href":"https:\/\/salesianossp.org.br\/osbomretiro\/wp-json\/wp\/v2\/users\/27"}],"replies":[{"embeddable":true,"href":"https:\/\/salesianossp.org.br\/osbomretiro\/wp-json\/wp\/v2\/comments?post=3251"}],"version-history":[{"count":0,"href":"https:\/\/salesianossp.org.br\/osbomretiro\/wp-json\/wp\/v2\/posts\/3251\/revisions"}],"wp:featuredmedia":[{"embeddable":true,"href":"https:\/\/salesianossp.org.br\/osbomretiro\/wp-json\/wp\/v2\/media\/3255"}],"wp:attachment":[{"href":"https:\/\/salesianossp.org.br\/osbomretiro\/wp-json\/wp\/v2\/media?parent=3251"}],"wp:term":[{"taxonomy":"category","embeddable":true,"href":"https:\/\/salesianossp.org.br\/osbomretiro\/wp-json\/wp\/v2\/categories?post=3251"},{"taxonomy":"post_tag","embeddable":true,"href":"https:\/\/salesianossp.org.br\/osbomretiro\/wp-json\/wp\/v2\/tags?post=3251"}],"curies":[{"name":"wp","href":"https:\/\/api.w.org\/{rel}","templated":true}]}}