{"id":3376,"date":"2022-04-06T16:05:39","date_gmt":"2022-04-06T19:05:39","guid":{"rendered":"https:\/\/salesianossp.org.br\/osbomretiro\/?p=3376"},"modified":"2022-04-06T16:05:39","modified_gmt":"2022-04-06T19:05:39","slug":"atividades-com-o-instituto-ifa-somam-habilidades-e-criacao-destaque-para-o-jc-jornal-castelinho-na-atividade-audiovisual","status":"publish","type":"post","link":"https:\/\/salesianossp.org.br\/osbomretiro\/atividades-com-o-instituto-ifa-somam-habilidades-e-criacao-destaque-para-o-jc-jornal-castelinho-na-atividade-audiovisual\/","title":{"rendered":"Atividades com o Instituto IFA somam habilidades e cria\u00e7\u00e3o: Destaque para o JC Jornal Castelinho na atividade audiovisual"},"content":{"rendered":"\n<p><strong>No dia 22 de mar\u00e7o foi realizada a <\/strong>3\u00aa Atividade de Empreendedorismo em parceria com o IFA (Instituto Fazendo Acontecer). Dessa vez, o Instituto que j\u00e1 orientou a cria\u00e7\u00e3o de casas e a montagem de quebra cabe\u00e7as, incentivando o trabalho em equipe, prop\u00f4s a <strong>Atividade: M\u00e3o na massa! &nbsp;<\/strong>O tema central desta oficina \u00e9 construir algo de valor a partir de elementos isolados. Os participantes literalmente colocam a m\u00e3o na massa para criar algo \u00fatil e divertido utilizando sua criatividade. <strong><\/strong><\/p>\n\n\n\n<p>A proposta para os Atendidos do CJ foi \u00e0 cria\u00e7\u00e3o de um objetivo que tenha utilidade no meio em que vivemos. Seja para uma finalidade individual ou para uma finalidade coletiva. Nesta atividade a percep\u00e7\u00e3o da necessidade de cada um e do grupo, a organiza\u00e7\u00e3o em equipe e a criatividade foram fundamentais para a elabora\u00e7\u00e3o dos projetos. Pensando ainda no coletivo e no meio ambiente, utilizamos materiais recicl\u00e1veis: papel\u00e3o, garrafas, potes, etc.<\/p>\n\n\n\n<p><strong>Conta para gente como aconteceu, J\u00e9ssica?<\/strong><\/p>\n\n\n\n<p>O desenvolvimento da atividade foi fant\u00e1stico. Nessa terceira atividade pudemos perceber a melhora no desempenho dos jovens, do entrosamento, do comprometimento em realizar o desafio e o trabalho em grupo.<\/p>\n\n\n\n<p>Dada \u00e0 proposta percebemos que os jovens percorreram diversas ideias e quais os caminhos, quais as possibilidades existentes naquele momento que poderiam auxilia-los na constru\u00e7\u00e3o de suas ideias.<\/p>\n\n\n\n<p>A turma da manh\u00e3 do CJ Castelinho, por exemplo, tiveram a ideia de tr\u00eas itens para utilidades do dia a dia: porta celular, porta shampoo. O terceiro item foi algo bem criativo, eles tiveram a ideia de construir um computador que diagnostica comorbidades e doen\u00e7as heredit\u00e1rias a partir de uma gota de sangue. O paciente faz a coleta de uma gota de sangue e o computador realiza o diagn\u00f3stico imediatamente.<\/p>\n\n\n\n<p>J\u00e1 a turma da tarde do CJ Castelinho teve algumas ideias bem futur\u00edsticas, sendo elas: t\u00eanis ajust\u00e1vel ao tamanho de cada pessoa, um aparelho auditivo super moderno!<\/p>\n\n\n\n<p>Foi uma atividade excelente, mais uma vez pudemos observar a criatividade aflorada em nossos educandos e o principal: trabalho e conviv\u00eancia em grupo. No decorrer das semanas temos observado que as atividades est\u00e3o integrando mais os jovens, permitindo se conhecerem mais, compartilharem ideias, concluiu J\u00e9ssica Gomes \u2013 Assistente T\u00e9cnica CJ Castelinho DB.<\/p>\n\n\n\n<p>Participantes do momento: Fernanda Nascimento (Educadora); J\u00e9ssica Santos (T\u00e9cnico Especializado); Fabiola Aparecida dos Santos (T\u00e9cnico Especializado) e Educandos do CJ Castelinho \u2013 Manh\u00e3 e Tarde.<\/p>\n\n\n\n<p><strong>Luz,&nbsp;C\u00e2mera,&nbsp;A\u00e7\u00e3o! <\/strong><strong>4\u00aa Atividade de Empreendedorismo em Parceria com o IFA<\/strong><strong><\/strong><\/p>\n\n\n\n<p><strong>J\u00e1 no dia 29, foi a vez da 4\u00aa Atividade de Empreendedorismo. <\/strong>O tema central desta oficina \u00e9 a cria\u00e7\u00e3o de um v\u00eddeo, gerando oportunidades para muitas habilidades surgirem e serem colocadas em pr\u00e1tica, \u00e0 frente e atr\u00e1s das c\u00e2meras.<\/p>\n\n\n\n<p>V\u00eddeos s\u00e3o conte\u00fados bem familiares e parte do dia-a-dia dos participantes. Ser desafiado para criar um v\u00eddeo \u00e9 algo estimulante e acess\u00edvel. Esse desafio oferece oportunidades para todos mostrarem o que sabem e tamb\u00e9m se aventurarem em coisas que nunca fizeram.<strong><\/strong><\/p>\n\n\n\n<p>A escolha do formato, a montagem do grupo, a parte criativa para se decidir o que fazer, a distribui\u00e7\u00e3o dos pap\u00e9is (inclusive dos bastidores), toda produ\u00e7\u00e3o (roteiro, cen\u00e1rio, c\u00e2meras etc.) e o desempenho em si s\u00e3o todas \u00f3timas oportunidades para se observar os participantes.<strong><\/strong><\/p>\n\n\n\n<p><strong>E como foi, J\u00e9ssica? <\/strong><\/p>\n\n\n\n<p>Nada do que nossos educandos n\u00e3o estejam acostumados em seu dia a dia, principalmente no uso rotineiro de diversas m\u00eddias sociais. A ideia central era a grava\u00e7\u00e3o de um v\u00eddeo e deixamos em aberto o tema aos jovens, para que eles deliberassem entre si qual o formato, conte\u00fado, distribui\u00e7\u00e3o das atividades, etc.<strong><\/strong><\/p>\n\n\n\n<p>A turma da manh\u00e3 dividida em subgrupos, gravou um v\u00eddeo apresentando o Castelinho Dom Bosco. Decidiram quem iria apresentar, os espa\u00e7os que iriam mostrar, qual colaborador poderia ser apresentado. Outros educandos da manh\u00e3, se apresentaram e fizeram uma entrevista com o colega.<\/p>\n\n\n\n<p>J\u00e1 a turma da tarde gravou uma reportagem destacando a incid\u00eancia de crimes que ocorrem na regi\u00e3o de Cidade Ademar, Zona Sul de S\u00e3o Paulo. Nele dividiram os colegas em v\u00e1rios grupos, criaram roteiro e encenaram diversas falas e situa\u00e7\u00f5es. Criaram at\u00e9 o JC \u2013 Jornal Castelinho!<\/p>\n\n\n\n<p>Ap\u00f3s as grava\u00e7\u00f5es, os jovens editaram os v\u00eddeos utilizando a ferramentas CANVA, na qual a Educadora Fernanda Nascimento realizou uma forma\u00e7\u00e3o com os educandos a alguns dias atr\u00e1s j\u00e1 se preparando para essa atividade.<\/p>\n\n\n\n<p>Pude observar a total integra\u00e7\u00e3o entre eles. As atividades do IFA t\u00eam mudado a forma como os educandos realizam as atividades, como se dedicam e exploram o m\u00e1ximo de suas ideias no momento para conclu\u00edrem o trabalho, pensando principalmente em grupo.<\/p>\n\n\n\n<p>A disposi\u00e7\u00e3o e proatividade dos educandos em filmar, montar cen\u00e1rio, montar as falas, editarem e principalmente tanto com a turma da manh\u00e3, quanto \u00e0 turma da tarde demonstrarem a realidade em que vivem.<\/p>\n\n\n\n<p>Ao filmarem o Castelinho Dom Bosco, observamos que esse \u00e9 o lugar que acolhe, que desperta neles a alegria por fazerem parte e que a grava\u00e7\u00e3o \u00e9 uma das formas de demonstrarem o quanto isso \u00e9 importante a eles. A turma da tarde soube representar muito bem a realidade que muito de nossos jovens presenciam em suas comunidades e a for\u00e7a em querer mudar para um mundo bem melhor, concluiu a Educadora.<\/p>\n\n\n\n<p>Participantes da Atividade: Fernanda Nascimento (Educadora); J\u00e9ssica Santos (T\u00e9cnico Especializado); Fabiola Aparecida dos Santos (T\u00e9cnico Especializado); Educandos do CJ Castelinho \u2013 Manh\u00e3 e Tarde e Diomara Lima \u2013 Educadora CCA Castelinho.<\/p>\n\n\n\n<p><a href=\"https:\/\/bit.ly\/3NUBkX1\" data-type=\"URL\" data-id=\"https:\/\/bit.ly\/3NUBkX1\">Clique aqui para ver todas as fotos<\/a><\/p>\n","protected":false},"excerpt":{"rendered":"<p>No dia 22 de mar\u00e7o foi realizada a 3\u00aa Atividade de Empreendedorismo em parceria com o IFA (Instituto Fazendo Acontecer). Dessa vez, o Instituto que j\u00e1 orientou a cria\u00e7\u00e3o de casas e a montagem de quebra cabe\u00e7as, incentivando o trabalho em equipe, prop\u00f4s a Atividade: M\u00e3o na massa! &nbsp;O tema central desta oficina \u00e9 construir [&hellip;]<\/p>\n","protected":false},"author":27,"featured_media":3452,"comment_status":"open","ping_status":"open","sticky":false,"template":"","format":"standard","meta":{"footnotes":""},"categories":[59],"tags":[],"class_list":["post-3376","post","type-post","status-publish","format-standard","has-post-thumbnail","hentry","category-noticias"],"yoast_head":"<!-- This site is optimized with the Yoast SEO plugin v27.3 - https:\/\/yoast.com\/product\/yoast-seo-wordpress\/ -->\n<title>Atividades com o Instituto IFA somam habilidades e cria\u00e7\u00e3o: Destaque para o JC Jornal Castelinho na atividade audiovisual - Instituto Dom Bosco<\/title>\n<meta name=\"robots\" content=\"index, follow, max-snippet:-1, max-image-preview:large, max-video-preview:-1\" \/>\n<link rel=\"canonical\" href=\"https:\/\/salesianossp.org.br\/osbomretiro\/atividades-com-o-instituto-ifa-somam-habilidades-e-criacao-destaque-para-o-jc-jornal-castelinho-na-atividade-audiovisual\/\" \/>\n<meta property=\"og:locale\" content=\"pt_BR\" \/>\n<meta property=\"og:type\" content=\"article\" \/>\n<meta property=\"og:title\" content=\"Atividades com o Instituto IFA somam habilidades e cria\u00e7\u00e3o: Destaque para o JC Jornal Castelinho na atividade audiovisual - Instituto Dom Bosco\" \/>\n<meta property=\"og:description\" content=\"No dia 22 de mar\u00e7o foi realizada a 3\u00aa Atividade de Empreendedorismo em parceria com o IFA (Instituto Fazendo Acontecer). Dessa vez, o Instituto que j\u00e1 orientou a cria\u00e7\u00e3o de casas e a montagem de quebra cabe\u00e7as, incentivando o trabalho em equipe, prop\u00f4s a Atividade: M\u00e3o na massa! &nbsp;O tema central desta oficina \u00e9 construir [&hellip;]\" \/>\n<meta property=\"og:url\" content=\"https:\/\/salesianossp.org.br\/osbomretiro\/atividades-com-o-instituto-ifa-somam-habilidades-e-criacao-destaque-para-o-jc-jornal-castelinho-na-atividade-audiovisual\/\" \/>\n<meta property=\"og:site_name\" content=\"Instituto Dom Bosco\" \/>\n<meta property=\"article:publisher\" content=\"https:\/\/www.facebook.com\/InstitutoDomBoscoBomRetiro\/\" \/>\n<meta property=\"article:published_time\" content=\"2022-04-06T19:05:39+00:00\" \/>\n<meta property=\"og:image\" content=\"https:\/\/salesianossp.org.br\/osbomretiro\/wp-content\/uploads\/2022\/04\/Castelinho-DB-ZS-e-IFA-Atividades-IDB1.jpg\" \/>\n\t<meta property=\"og:image:width\" content=\"1080\" \/>\n\t<meta property=\"og:image:height\" content=\"1080\" \/>\n\t<meta property=\"og:image:type\" content=\"image\/jpeg\" \/>\n<meta name=\"author\" content=\"Lucas Rodrigues\" \/>\n<meta name=\"twitter:card\" content=\"summary_large_image\" \/>\n<meta name=\"twitter:label1\" content=\"Escrito por\" \/>\n\t<meta name=\"twitter:data1\" content=\"Lucas Rodrigues\" \/>\n\t<meta name=\"twitter:label2\" content=\"Est. tempo de leitura\" \/>\n\t<meta name=\"twitter:data2\" content=\"5 minutos\" \/>\n<script type=\"application\/ld+json\" class=\"yoast-schema-graph\">{\"@context\":\"https:\\\/\\\/schema.org\",\"@graph\":[{\"@type\":\"Article\",\"@id\":\"https:\\\/\\\/salesianossp.org.br\\\/osbomretiro\\\/atividades-com-o-instituto-ifa-somam-habilidades-e-criacao-destaque-para-o-jc-jornal-castelinho-na-atividade-audiovisual\\\/#article\",\"isPartOf\":{\"@id\":\"https:\\\/\\\/salesianossp.org.br\\\/osbomretiro\\\/atividades-com-o-instituto-ifa-somam-habilidades-e-criacao-destaque-para-o-jc-jornal-castelinho-na-atividade-audiovisual\\\/\"},\"author\":{\"name\":\"Lucas Rodrigues\",\"@id\":\"https:\\\/\\\/salesianossp.org.br\\\/osbomretiro\\\/#\\\/schema\\\/person\\\/3091f5c85d13f1f81c2eadb190445d2e\"},\"headline\":\"Atividades com o Instituto IFA somam habilidades e cria\u00e7\u00e3o: Destaque para o JC Jornal Castelinho na atividade audiovisual\",\"datePublished\":\"2022-04-06T19:05:39+00:00\",\"mainEntityOfPage\":{\"@id\":\"https:\\\/\\\/salesianossp.org.br\\\/osbomretiro\\\/atividades-com-o-instituto-ifa-somam-habilidades-e-criacao-destaque-para-o-jc-jornal-castelinho-na-atividade-audiovisual\\\/\"},\"wordCount\":970,\"commentCount\":0,\"publisher\":{\"@id\":\"https:\\\/\\\/salesianossp.org.br\\\/osbomretiro\\\/#organization\"},\"image\":{\"@id\":\"https:\\\/\\\/salesianossp.org.br\\\/osbomretiro\\\/atividades-com-o-instituto-ifa-somam-habilidades-e-criacao-destaque-para-o-jc-jornal-castelinho-na-atividade-audiovisual\\\/#primaryimage\"},\"thumbnailUrl\":\"https:\\\/\\\/salesianossp.org.br\\\/osbomretiro\\\/wp-content\\\/uploads\\\/2022\\\/04\\\/Castelinho-DB-ZS-e-IFA-Atividades-IDB1.jpg\",\"articleSection\":[\"Not\u00edcias\"],\"inLanguage\":\"pt-BR\",\"potentialAction\":[{\"@type\":\"CommentAction\",\"name\":\"Comment\",\"target\":[\"https:\\\/\\\/salesianossp.org.br\\\/osbomretiro\\\/atividades-com-o-instituto-ifa-somam-habilidades-e-criacao-destaque-para-o-jc-jornal-castelinho-na-atividade-audiovisual\\\/#respond\"]}]},{\"@type\":\"WebPage\",\"@id\":\"https:\\\/\\\/salesianossp.org.br\\\/osbomretiro\\\/atividades-com-o-instituto-ifa-somam-habilidades-e-criacao-destaque-para-o-jc-jornal-castelinho-na-atividade-audiovisual\\\/\",\"url\":\"https:\\\/\\\/salesianossp.org.br\\\/osbomretiro\\\/atividades-com-o-instituto-ifa-somam-habilidades-e-criacao-destaque-para-o-jc-jornal-castelinho-na-atividade-audiovisual\\\/\",\"name\":\"Atividades com o Instituto IFA somam habilidades e cria\u00e7\u00e3o: Destaque para o JC Jornal Castelinho na atividade audiovisual - Instituto Dom Bosco\",\"isPartOf\":{\"@id\":\"https:\\\/\\\/salesianossp.org.br\\\/osbomretiro\\\/#website\"},\"primaryImageOfPage\":{\"@id\":\"https:\\\/\\\/salesianossp.org.br\\\/osbomretiro\\\/atividades-com-o-instituto-ifa-somam-habilidades-e-criacao-destaque-para-o-jc-jornal-castelinho-na-atividade-audiovisual\\\/#primaryimage\"},\"image\":{\"@id\":\"https:\\\/\\\/salesianossp.org.br\\\/osbomretiro\\\/atividades-com-o-instituto-ifa-somam-habilidades-e-criacao-destaque-para-o-jc-jornal-castelinho-na-atividade-audiovisual\\\/#primaryimage\"},\"thumbnailUrl\":\"https:\\\/\\\/salesianossp.org.br\\\/osbomretiro\\\/wp-content\\\/uploads\\\/2022\\\/04\\\/Castelinho-DB-ZS-e-IFA-Atividades-IDB1.jpg\",\"datePublished\":\"2022-04-06T19:05:39+00:00\",\"breadcrumb\":{\"@id\":\"https:\\\/\\\/salesianossp.org.br\\\/osbomretiro\\\/atividades-com-o-instituto-ifa-somam-habilidades-e-criacao-destaque-para-o-jc-jornal-castelinho-na-atividade-audiovisual\\\/#breadcrumb\"},\"inLanguage\":\"pt-BR\",\"potentialAction\":[{\"@type\":\"ReadAction\",\"target\":[\"https:\\\/\\\/salesianossp.org.br\\\/osbomretiro\\\/atividades-com-o-instituto-ifa-somam-habilidades-e-criacao-destaque-para-o-jc-jornal-castelinho-na-atividade-audiovisual\\\/\"]}]},{\"@type\":\"ImageObject\",\"inLanguage\":\"pt-BR\",\"@id\":\"https:\\\/\\\/salesianossp.org.br\\\/osbomretiro\\\/atividades-com-o-instituto-ifa-somam-habilidades-e-criacao-destaque-para-o-jc-jornal-castelinho-na-atividade-audiovisual\\\/#primaryimage\",\"url\":\"https:\\\/\\\/salesianossp.org.br\\\/osbomretiro\\\/wp-content\\\/uploads\\\/2022\\\/04\\\/Castelinho-DB-ZS-e-IFA-Atividades-IDB1.jpg\",\"contentUrl\":\"https:\\\/\\\/salesianossp.org.br\\\/osbomretiro\\\/wp-content\\\/uploads\\\/2022\\\/04\\\/Castelinho-DB-ZS-e-IFA-Atividades-IDB1.jpg\",\"width\":1080,\"height\":1080},{\"@type\":\"BreadcrumbList\",\"@id\":\"https:\\\/\\\/salesianossp.org.br\\\/osbomretiro\\\/atividades-com-o-instituto-ifa-somam-habilidades-e-criacao-destaque-para-o-jc-jornal-castelinho-na-atividade-audiovisual\\\/#breadcrumb\",\"itemListElement\":[{\"@type\":\"ListItem\",\"position\":1,\"name\":\"In\u00edcio\",\"item\":\"https:\\\/\\\/salesianossp.org.br\\\/osbomretiro\\\/\"},{\"@type\":\"ListItem\",\"position\":2,\"name\":\"Atividades com o Instituto IFA somam habilidades e cria\u00e7\u00e3o: Destaque para o JC Jornal Castelinho na atividade audiovisual\"}]},{\"@type\":\"WebSite\",\"@id\":\"https:\\\/\\\/salesianossp.org.br\\\/osbomretiro\\\/#website\",\"url\":\"https:\\\/\\\/salesianossp.org.br\\\/osbomretiro\\\/\",\"name\":\"Instituto Dom Bosco\",\"description\":\"\",\"publisher\":{\"@id\":\"https:\\\/\\\/salesianossp.org.br\\\/osbomretiro\\\/#organization\"},\"potentialAction\":[{\"@type\":\"SearchAction\",\"target\":{\"@type\":\"EntryPoint\",\"urlTemplate\":\"https:\\\/\\\/salesianossp.org.br\\\/osbomretiro\\\/?s={search_term_string}\"},\"query-input\":{\"@type\":\"PropertyValueSpecification\",\"valueRequired\":true,\"valueName\":\"search_term_string\"}}],\"inLanguage\":\"pt-BR\"},{\"@type\":\"Organization\",\"@id\":\"https:\\\/\\\/salesianossp.org.br\\\/osbomretiro\\\/#organization\",\"name\":\"Instituto Dom Bosco\",\"url\":\"https:\\\/\\\/salesianossp.org.br\\\/osbomretiro\\\/\",\"logo\":{\"@type\":\"ImageObject\",\"inLanguage\":\"pt-BR\",\"@id\":\"https:\\\/\\\/salesianossp.org.br\\\/osbomretiro\\\/#\\\/schema\\\/logo\\\/image\\\/\",\"url\":\"https:\\\/\\\/salesianossp.org.br\\\/osbomretiro\\\/wp-content\\\/uploads\\\/2025\\\/10\\\/logotipo-instituto-dom-bosco-color-56.svg\",\"contentUrl\":\"https:\\\/\\\/salesianossp.org.br\\\/osbomretiro\\\/wp-content\\\/uploads\\\/2025\\\/10\\\/logotipo-instituto-dom-bosco-color-56.svg\",\"width\":164,\"height\":56,\"caption\":\"Instituto Dom Bosco\"},\"image\":{\"@id\":\"https:\\\/\\\/salesianossp.org.br\\\/osbomretiro\\\/#\\\/schema\\\/logo\\\/image\\\/\"},\"sameAs\":[\"https:\\\/\\\/www.facebook.com\\\/InstitutoDomBoscoBomRetiro\\\/\",\"https:\\\/\\\/www.youtube.com\\\/user\\\/Institutodb\",\"https:\\\/\\\/www.instagram.com\\\/institutodb\\\/\"]},{\"@type\":\"Person\",\"@id\":\"https:\\\/\\\/salesianossp.org.br\\\/osbomretiro\\\/#\\\/schema\\\/person\\\/3091f5c85d13f1f81c2eadb190445d2e\",\"name\":\"Lucas Rodrigues\",\"image\":{\"@type\":\"ImageObject\",\"inLanguage\":\"pt-BR\",\"@id\":\"https:\\\/\\\/secure.gravatar.com\\\/avatar\\\/0ad9c966c6ed3335d7fffe2c3b88880dd298c0817b71e20a6955c38f2a53f746?s=96&d=mm&r=g\",\"url\":\"https:\\\/\\\/secure.gravatar.com\\\/avatar\\\/0ad9c966c6ed3335d7fffe2c3b88880dd298c0817b71e20a6955c38f2a53f746?s=96&d=mm&r=g\",\"contentUrl\":\"https:\\\/\\\/secure.gravatar.com\\\/avatar\\\/0ad9c966c6ed3335d7fffe2c3b88880dd298c0817b71e20a6955c38f2a53f746?s=96&d=mm&r=g\",\"caption\":\"Lucas Rodrigues\"},\"url\":\"https:\\\/\\\/salesianossp.org.br\\\/osbomretiro\\\/author\\\/lucas-rodrigues\\\/\"}]}<\/script>\n<!-- \/ Yoast SEO plugin. -->","yoast_head_json":{"title":"Atividades com o Instituto IFA somam habilidades e cria\u00e7\u00e3o: Destaque para o JC Jornal Castelinho na atividade audiovisual - Instituto Dom Bosco","robots":{"index":"index","follow":"follow","max-snippet":"max-snippet:-1","max-image-preview":"max-image-preview:large","max-video-preview":"max-video-preview:-1"},"canonical":"https:\/\/salesianossp.org.br\/osbomretiro\/atividades-com-o-instituto-ifa-somam-habilidades-e-criacao-destaque-para-o-jc-jornal-castelinho-na-atividade-audiovisual\/","og_locale":"pt_BR","og_type":"article","og_title":"Atividades com o Instituto IFA somam habilidades e cria\u00e7\u00e3o: Destaque para o JC Jornal Castelinho na atividade audiovisual - Instituto Dom Bosco","og_description":"No dia 22 de mar\u00e7o foi realizada a 3\u00aa Atividade de Empreendedorismo em parceria com o IFA (Instituto Fazendo Acontecer). Dessa vez, o Instituto que j\u00e1 orientou a cria\u00e7\u00e3o de casas e a montagem de quebra cabe\u00e7as, incentivando o trabalho em equipe, prop\u00f4s a Atividade: M\u00e3o na massa! &nbsp;O tema central desta oficina \u00e9 construir [&hellip;]","og_url":"https:\/\/salesianossp.org.br\/osbomretiro\/atividades-com-o-instituto-ifa-somam-habilidades-e-criacao-destaque-para-o-jc-jornal-castelinho-na-atividade-audiovisual\/","og_site_name":"Instituto Dom Bosco","article_publisher":"https:\/\/www.facebook.com\/InstitutoDomBoscoBomRetiro\/","article_published_time":"2022-04-06T19:05:39+00:00","og_image":[{"width":1080,"height":1080,"url":"https:\/\/salesianossp.org.br\/osbomretiro\/wp-content\/uploads\/2022\/04\/Castelinho-DB-ZS-e-IFA-Atividades-IDB1.jpg","type":"image\/jpeg"}],"author":"Lucas Rodrigues","twitter_card":"summary_large_image","twitter_misc":{"Escrito por":"Lucas Rodrigues","Est. tempo de leitura":"5 minutos"},"schema":{"@context":"https:\/\/schema.org","@graph":[{"@type":"Article","@id":"https:\/\/salesianossp.org.br\/osbomretiro\/atividades-com-o-instituto-ifa-somam-habilidades-e-criacao-destaque-para-o-jc-jornal-castelinho-na-atividade-audiovisual\/#article","isPartOf":{"@id":"https:\/\/salesianossp.org.br\/osbomretiro\/atividades-com-o-instituto-ifa-somam-habilidades-e-criacao-destaque-para-o-jc-jornal-castelinho-na-atividade-audiovisual\/"},"author":{"name":"Lucas Rodrigues","@id":"https:\/\/salesianossp.org.br\/osbomretiro\/#\/schema\/person\/3091f5c85d13f1f81c2eadb190445d2e"},"headline":"Atividades com o Instituto IFA somam habilidades e cria\u00e7\u00e3o: Destaque para o JC Jornal Castelinho na atividade audiovisual","datePublished":"2022-04-06T19:05:39+00:00","mainEntityOfPage":{"@id":"https:\/\/salesianossp.org.br\/osbomretiro\/atividades-com-o-instituto-ifa-somam-habilidades-e-criacao-destaque-para-o-jc-jornal-castelinho-na-atividade-audiovisual\/"},"wordCount":970,"commentCount":0,"publisher":{"@id":"https:\/\/salesianossp.org.br\/osbomretiro\/#organization"},"image":{"@id":"https:\/\/salesianossp.org.br\/osbomretiro\/atividades-com-o-instituto-ifa-somam-habilidades-e-criacao-destaque-para-o-jc-jornal-castelinho-na-atividade-audiovisual\/#primaryimage"},"thumbnailUrl":"https:\/\/salesianossp.org.br\/osbomretiro\/wp-content\/uploads\/2022\/04\/Castelinho-DB-ZS-e-IFA-Atividades-IDB1.jpg","articleSection":["Not\u00edcias"],"inLanguage":"pt-BR","potentialAction":[{"@type":"CommentAction","name":"Comment","target":["https:\/\/salesianossp.org.br\/osbomretiro\/atividades-com-o-instituto-ifa-somam-habilidades-e-criacao-destaque-para-o-jc-jornal-castelinho-na-atividade-audiovisual\/#respond"]}]},{"@type":"WebPage","@id":"https:\/\/salesianossp.org.br\/osbomretiro\/atividades-com-o-instituto-ifa-somam-habilidades-e-criacao-destaque-para-o-jc-jornal-castelinho-na-atividade-audiovisual\/","url":"https:\/\/salesianossp.org.br\/osbomretiro\/atividades-com-o-instituto-ifa-somam-habilidades-e-criacao-destaque-para-o-jc-jornal-castelinho-na-atividade-audiovisual\/","name":"Atividades com o Instituto IFA somam habilidades e cria\u00e7\u00e3o: Destaque para o JC Jornal Castelinho na atividade audiovisual - Instituto Dom Bosco","isPartOf":{"@id":"https:\/\/salesianossp.org.br\/osbomretiro\/#website"},"primaryImageOfPage":{"@id":"https:\/\/salesianossp.org.br\/osbomretiro\/atividades-com-o-instituto-ifa-somam-habilidades-e-criacao-destaque-para-o-jc-jornal-castelinho-na-atividade-audiovisual\/#primaryimage"},"image":{"@id":"https:\/\/salesianossp.org.br\/osbomretiro\/atividades-com-o-instituto-ifa-somam-habilidades-e-criacao-destaque-para-o-jc-jornal-castelinho-na-atividade-audiovisual\/#primaryimage"},"thumbnailUrl":"https:\/\/salesianossp.org.br\/osbomretiro\/wp-content\/uploads\/2022\/04\/Castelinho-DB-ZS-e-IFA-Atividades-IDB1.jpg","datePublished":"2022-04-06T19:05:39+00:00","breadcrumb":{"@id":"https:\/\/salesianossp.org.br\/osbomretiro\/atividades-com-o-instituto-ifa-somam-habilidades-e-criacao-destaque-para-o-jc-jornal-castelinho-na-atividade-audiovisual\/#breadcrumb"},"inLanguage":"pt-BR","potentialAction":[{"@type":"ReadAction","target":["https:\/\/salesianossp.org.br\/osbomretiro\/atividades-com-o-instituto-ifa-somam-habilidades-e-criacao-destaque-para-o-jc-jornal-castelinho-na-atividade-audiovisual\/"]}]},{"@type":"ImageObject","inLanguage":"pt-BR","@id":"https:\/\/salesianossp.org.br\/osbomretiro\/atividades-com-o-instituto-ifa-somam-habilidades-e-criacao-destaque-para-o-jc-jornal-castelinho-na-atividade-audiovisual\/#primaryimage","url":"https:\/\/salesianossp.org.br\/osbomretiro\/wp-content\/uploads\/2022\/04\/Castelinho-DB-ZS-e-IFA-Atividades-IDB1.jpg","contentUrl":"https:\/\/salesianossp.org.br\/osbomretiro\/wp-content\/uploads\/2022\/04\/Castelinho-DB-ZS-e-IFA-Atividades-IDB1.jpg","width":1080,"height":1080},{"@type":"BreadcrumbList","@id":"https:\/\/salesianossp.org.br\/osbomretiro\/atividades-com-o-instituto-ifa-somam-habilidades-e-criacao-destaque-para-o-jc-jornal-castelinho-na-atividade-audiovisual\/#breadcrumb","itemListElement":[{"@type":"ListItem","position":1,"name":"In\u00edcio","item":"https:\/\/salesianossp.org.br\/osbomretiro\/"},{"@type":"ListItem","position":2,"name":"Atividades com o Instituto IFA somam habilidades e cria\u00e7\u00e3o: Destaque para o JC Jornal Castelinho na atividade audiovisual"}]},{"@type":"WebSite","@id":"https:\/\/salesianossp.org.br\/osbomretiro\/#website","url":"https:\/\/salesianossp.org.br\/osbomretiro\/","name":"Instituto Dom Bosco","description":"","publisher":{"@id":"https:\/\/salesianossp.org.br\/osbomretiro\/#organization"},"potentialAction":[{"@type":"SearchAction","target":{"@type":"EntryPoint","urlTemplate":"https:\/\/salesianossp.org.br\/osbomretiro\/?s={search_term_string}"},"query-input":{"@type":"PropertyValueSpecification","valueRequired":true,"valueName":"search_term_string"}}],"inLanguage":"pt-BR"},{"@type":"Organization","@id":"https:\/\/salesianossp.org.br\/osbomretiro\/#organization","name":"Instituto Dom Bosco","url":"https:\/\/salesianossp.org.br\/osbomretiro\/","logo":{"@type":"ImageObject","inLanguage":"pt-BR","@id":"https:\/\/salesianossp.org.br\/osbomretiro\/#\/schema\/logo\/image\/","url":"https:\/\/salesianossp.org.br\/osbomretiro\/wp-content\/uploads\/2025\/10\/logotipo-instituto-dom-bosco-color-56.svg","contentUrl":"https:\/\/salesianossp.org.br\/osbomretiro\/wp-content\/uploads\/2025\/10\/logotipo-instituto-dom-bosco-color-56.svg","width":164,"height":56,"caption":"Instituto Dom Bosco"},"image":{"@id":"https:\/\/salesianossp.org.br\/osbomretiro\/#\/schema\/logo\/image\/"},"sameAs":["https:\/\/www.facebook.com\/InstitutoDomBoscoBomRetiro\/","https:\/\/www.youtube.com\/user\/Institutodb","https:\/\/www.instagram.com\/institutodb\/"]},{"@type":"Person","@id":"https:\/\/salesianossp.org.br\/osbomretiro\/#\/schema\/person\/3091f5c85d13f1f81c2eadb190445d2e","name":"Lucas Rodrigues","image":{"@type":"ImageObject","inLanguage":"pt-BR","@id":"https:\/\/secure.gravatar.com\/avatar\/0ad9c966c6ed3335d7fffe2c3b88880dd298c0817b71e20a6955c38f2a53f746?s=96&d=mm&r=g","url":"https:\/\/secure.gravatar.com\/avatar\/0ad9c966c6ed3335d7fffe2c3b88880dd298c0817b71e20a6955c38f2a53f746?s=96&d=mm&r=g","contentUrl":"https:\/\/secure.gravatar.com\/avatar\/0ad9c966c6ed3335d7fffe2c3b88880dd298c0817b71e20a6955c38f2a53f746?s=96&d=mm&r=g","caption":"Lucas Rodrigues"},"url":"https:\/\/salesianossp.org.br\/osbomretiro\/author\/lucas-rodrigues\/"}]}},"_links":{"self":[{"href":"https:\/\/salesianossp.org.br\/osbomretiro\/wp-json\/wp\/v2\/posts\/3376","targetHints":{"allow":["GET"]}}],"collection":[{"href":"https:\/\/salesianossp.org.br\/osbomretiro\/wp-json\/wp\/v2\/posts"}],"about":[{"href":"https:\/\/salesianossp.org.br\/osbomretiro\/wp-json\/wp\/v2\/types\/post"}],"author":[{"embeddable":true,"href":"https:\/\/salesianossp.org.br\/osbomretiro\/wp-json\/wp\/v2\/users\/27"}],"replies":[{"embeddable":true,"href":"https:\/\/salesianossp.org.br\/osbomretiro\/wp-json\/wp\/v2\/comments?post=3376"}],"version-history":[{"count":0,"href":"https:\/\/salesianossp.org.br\/osbomretiro\/wp-json\/wp\/v2\/posts\/3376\/revisions"}],"wp:featuredmedia":[{"embeddable":true,"href":"https:\/\/salesianossp.org.br\/osbomretiro\/wp-json\/wp\/v2\/media\/3452"}],"wp:attachment":[{"href":"https:\/\/salesianossp.org.br\/osbomretiro\/wp-json\/wp\/v2\/media?parent=3376"}],"wp:term":[{"taxonomy":"category","embeddable":true,"href":"https:\/\/salesianossp.org.br\/osbomretiro\/wp-json\/wp\/v2\/categories?post=3376"},{"taxonomy":"post_tag","embeddable":true,"href":"https:\/\/salesianossp.org.br\/osbomretiro\/wp-json\/wp\/v2\/tags?post=3376"}],"curies":[{"name":"wp","href":"https:\/\/api.w.org\/{rel}","templated":true}]}}