{"id":3415,"date":"2022-04-12T17:37:28","date_gmt":"2022-04-12T20:37:28","guid":{"rendered":"https:\/\/salesianossp.org.br\/osbomretiro\/?p=3415"},"modified":"2022-04-12T17:37:28","modified_gmt":"2022-04-12T20:37:28","slug":"acoes-integradascedesp-vila-paulistana-participa-da-supervisao-coletiva-mensal-do-cras-tremembe","status":"publish","type":"post","link":"https:\/\/salesianossp.org.br\/osbomretiro\/acoes-integradascedesp-vila-paulistana-participa-da-supervisao-coletiva-mensal-do-cras-tremembe\/","title":{"rendered":"A\u00e7\u00f5es Integradas<br>CEDESP Vila Paulistana participa da Supervis\u00e3o coletiva mensal do CRAS Trememb\u00e9"},"content":{"rendered":"\n<p>No dia 08 de abril, foi realizada a Supervis\u00e3o coletiva mensal do CRAS Trememb\u00e9, na Diretoria<br>Diretoria estadual de ensino norte 2.&nbsp; Durante o momento, participaram os Gerentes dos servi\u00e7os do territ\u00f3rio, incluindo o <em>CEDESP<\/em> Vila Paulistana, do Instituto Dom Bosco S\u00e3o Paulo SP, representantes do CRAS Trememb\u00e9 e representantes da Diretoria estadual de ensino norte 2. Neste m\u00eas, o objetivo do encontro foi compreender as a\u00e7\u00f5es da educa\u00e7\u00e3o, principalmente o programa de ensino integral e o programa de recupera\u00e7\u00e3o devido \u00e0 defasagem escolar durante a pandemia, e dialogar sobre as a\u00e7\u00f5es integradas com a assist\u00eancia social para a forma\u00e7\u00e3o integral do educando, por isso o encontro foi na Diretoria de Ensino.<br><br>A Educa\u00e7\u00e3o tem proposto diversas a\u00e7\u00f5es para o melhor aprendizado e desenvolvimento do aluno, por\u00e9m \u00e9 necess\u00e1ria a integra\u00e7\u00e3o com as demais a\u00e7\u00f5es sociais, para que as atividades n\u00e3o se confrontem, mas sim essencialmente proporcionem uma forma\u00e7\u00e3o integral para os cidad\u00e3os. Tanto os representantes da Educa\u00e7\u00e3o atrav\u00e9s da Diretoria estadual de ensino norte 2, quanto os da Assist\u00eancia Social por meio do CRAS Trememb\u00e9 e servi\u00e7os parceirizados apresentaram detalhadamente as suas respectivas atividades com as comunidades locais.<br><br>Na reuni\u00e3o ficou claro que h\u00e1 a urgente necessidade de levar esta integra\u00e7\u00e3o entre a Secretaria de Educa\u00e7\u00e3o e a Secretaria de Assist\u00eancia Social para inst\u00e2ncias superiores, para que atividades sejam complementares e colaborativas em benef\u00edcio da educa\u00e7\u00e3o integral do cidad\u00e3o. No encontro, a equipe de CRAS Trememb\u00e9 juntamente com os gerentes dos servi\u00e7os, tamb\u00e9m conversaram sobre o planejamento do m\u00eas, quest\u00f5es pontuais, as necessidades das atividades e as a\u00e7\u00f5es de cada servi\u00e7o no territ\u00f3rio.<br><br>\u201cO encontro foi muito produtivo e esse di\u00e1logo precisa ser constante, para que a cidade de S\u00e3o Paulo consiga se desenvolver no conjunto de suas a\u00e7\u00f5es.\u201d, declarou P\u00e9rola Barranco Brito, Gerente do CEDESP Vila Paulistana.<\/p>\n\n\n\n<p><em>CEDESP \u2013 Centro de Desenvolvimento Social e Produtivo<\/em><\/p>\n\n\n\n<p>Clique aqui pa<a href=\"https:\/\/www.facebook.com\/media\/set?vanity=InstitutoDomBoscoBomRetiro&amp;set=a.2058163274344675\" data-type=\"URL\" data-id=\"https:\/\/www.facebook.com\/media\/set?vanity=InstitutoDomBoscoBomRetiro&amp;set=a.2058163274344675\">ra ver todas as fotos<\/a><\/p>\n","protected":false},"excerpt":{"rendered":"<p>No dia 08 de abril, foi realizada a Supervis\u00e3o coletiva mensal do CRAS Trememb\u00e9, na DiretoriaDiretoria estadual de ensino norte 2.&nbsp; Durante o momento, participaram os Gerentes dos servi\u00e7os do territ\u00f3rio, incluindo o CEDESP Vila Paulistana, do Instituto Dom Bosco S\u00e3o Paulo SP, representantes do CRAS Trememb\u00e9 e representantes da Diretoria estadual de ensino norte [&hellip;]<\/p>\n","protected":false},"author":27,"featured_media":3449,"comment_status":"open","ping_status":"open","sticky":false,"template":"","format":"standard","meta":{"footnotes":""},"categories":[59],"tags":[],"class_list":["post-3415","post","type-post","status-publish","format-standard","has-post-thumbnail","hentry","category-noticias"],"yoast_head":"<!-- This site is optimized with the Yoast SEO plugin v27.3 - https:\/\/yoast.com\/product\/yoast-seo-wordpress\/ -->\n<title>A\u00e7\u00f5es IntegradasCEDESP Vila Paulistana participa da Supervis\u00e3o coletiva mensal do CRAS Trememb\u00e9 - Instituto Dom Bosco<\/title>\n<meta name=\"robots\" content=\"index, follow, max-snippet:-1, max-image-preview:large, max-video-preview:-1\" \/>\n<link rel=\"canonical\" href=\"https:\/\/salesianossp.org.br\/osbomretiro\/acoes-integradascedesp-vila-paulistana-participa-da-supervisao-coletiva-mensal-do-cras-tremembe\/\" \/>\n<meta property=\"og:locale\" content=\"pt_BR\" \/>\n<meta property=\"og:type\" content=\"article\" \/>\n<meta property=\"og:title\" content=\"A\u00e7\u00f5es IntegradasCEDESP Vila Paulistana participa da Supervis\u00e3o coletiva mensal do CRAS Trememb\u00e9 - Instituto Dom Bosco\" \/>\n<meta property=\"og:description\" content=\"No dia 08 de abril, foi realizada a Supervis\u00e3o coletiva mensal do CRAS Trememb\u00e9, na DiretoriaDiretoria estadual de ensino norte 2.&nbsp; Durante o momento, participaram os Gerentes dos servi\u00e7os do territ\u00f3rio, incluindo o CEDESP Vila Paulistana, do Instituto Dom Bosco S\u00e3o Paulo SP, representantes do CRAS Trememb\u00e9 e representantes da Diretoria estadual de ensino norte [&hellip;]\" \/>\n<meta property=\"og:url\" content=\"https:\/\/salesianossp.org.br\/osbomretiro\/acoes-integradascedesp-vila-paulistana-participa-da-supervisao-coletiva-mensal-do-cras-tremembe\/\" \/>\n<meta property=\"og:site_name\" content=\"Instituto Dom Bosco\" \/>\n<meta property=\"article:publisher\" content=\"https:\/\/www.facebook.com\/InstitutoDomBoscoBomRetiro\/\" \/>\n<meta property=\"article:published_time\" content=\"2022-04-12T20:37:28+00:00\" \/>\n<meta property=\"og:image\" content=\"https:\/\/salesianossp.org.br\/osbomretiro\/wp-content\/uploads\/2022\/04\/CEDESP-VP-IDB1-.jpg\" \/>\n\t<meta property=\"og:image:width\" content=\"2160\" \/>\n\t<meta property=\"og:image:height\" content=\"2160\" \/>\n\t<meta property=\"og:image:type\" content=\"image\/jpeg\" \/>\n<meta name=\"author\" content=\"Lucas Rodrigues\" \/>\n<meta name=\"twitter:card\" content=\"summary_large_image\" \/>\n<meta name=\"twitter:label1\" content=\"Escrito por\" \/>\n\t<meta name=\"twitter:data1\" content=\"Lucas Rodrigues\" \/>\n\t<meta name=\"twitter:label2\" content=\"Est. tempo de leitura\" \/>\n\t<meta name=\"twitter:data2\" content=\"2 minutos\" \/>\n<script type=\"application\/ld+json\" class=\"yoast-schema-graph\">{\"@context\":\"https:\\\/\\\/schema.org\",\"@graph\":[{\"@type\":\"Article\",\"@id\":\"https:\\\/\\\/salesianossp.org.br\\\/osbomretiro\\\/acoes-integradascedesp-vila-paulistana-participa-da-supervisao-coletiva-mensal-do-cras-tremembe\\\/#article\",\"isPartOf\":{\"@id\":\"https:\\\/\\\/salesianossp.org.br\\\/osbomretiro\\\/acoes-integradascedesp-vila-paulistana-participa-da-supervisao-coletiva-mensal-do-cras-tremembe\\\/\"},\"author\":{\"name\":\"Lucas Rodrigues\",\"@id\":\"https:\\\/\\\/salesianossp.org.br\\\/osbomretiro\\\/#\\\/schema\\\/person\\\/3091f5c85d13f1f81c2eadb190445d2e\"},\"headline\":\"A\u00e7\u00f5es Integradas CEDESP Vila Paulistana participa da Supervis\u00e3o coletiva mensal do CRAS Trememb\u00e9\",\"datePublished\":\"2022-04-12T20:37:28+00:00\",\"mainEntityOfPage\":{\"@id\":\"https:\\\/\\\/salesianossp.org.br\\\/osbomretiro\\\/acoes-integradascedesp-vila-paulistana-participa-da-supervisao-coletiva-mensal-do-cras-tremembe\\\/\"},\"wordCount\":364,\"commentCount\":0,\"publisher\":{\"@id\":\"https:\\\/\\\/salesianossp.org.br\\\/osbomretiro\\\/#organization\"},\"image\":{\"@id\":\"https:\\\/\\\/salesianossp.org.br\\\/osbomretiro\\\/acoes-integradascedesp-vila-paulistana-participa-da-supervisao-coletiva-mensal-do-cras-tremembe\\\/#primaryimage\"},\"thumbnailUrl\":\"https:\\\/\\\/salesianossp.org.br\\\/osbomretiro\\\/wp-content\\\/uploads\\\/2022\\\/04\\\/CEDESP-VP-IDB1-.jpg\",\"articleSection\":[\"Not\u00edcias\"],\"inLanguage\":\"pt-BR\",\"potentialAction\":[{\"@type\":\"CommentAction\",\"name\":\"Comment\",\"target\":[\"https:\\\/\\\/salesianossp.org.br\\\/osbomretiro\\\/acoes-integradascedesp-vila-paulistana-participa-da-supervisao-coletiva-mensal-do-cras-tremembe\\\/#respond\"]}]},{\"@type\":\"WebPage\",\"@id\":\"https:\\\/\\\/salesianossp.org.br\\\/osbomretiro\\\/acoes-integradascedesp-vila-paulistana-participa-da-supervisao-coletiva-mensal-do-cras-tremembe\\\/\",\"url\":\"https:\\\/\\\/salesianossp.org.br\\\/osbomretiro\\\/acoes-integradascedesp-vila-paulistana-participa-da-supervisao-coletiva-mensal-do-cras-tremembe\\\/\",\"name\":\"A\u00e7\u00f5es Integradas CEDESP Vila Paulistana participa da Supervis\u00e3o coletiva mensal do CRAS Trememb\u00e9 - Instituto Dom Bosco\",\"isPartOf\":{\"@id\":\"https:\\\/\\\/salesianossp.org.br\\\/osbomretiro\\\/#website\"},\"primaryImageOfPage\":{\"@id\":\"https:\\\/\\\/salesianossp.org.br\\\/osbomretiro\\\/acoes-integradascedesp-vila-paulistana-participa-da-supervisao-coletiva-mensal-do-cras-tremembe\\\/#primaryimage\"},\"image\":{\"@id\":\"https:\\\/\\\/salesianossp.org.br\\\/osbomretiro\\\/acoes-integradascedesp-vila-paulistana-participa-da-supervisao-coletiva-mensal-do-cras-tremembe\\\/#primaryimage\"},\"thumbnailUrl\":\"https:\\\/\\\/salesianossp.org.br\\\/osbomretiro\\\/wp-content\\\/uploads\\\/2022\\\/04\\\/CEDESP-VP-IDB1-.jpg\",\"datePublished\":\"2022-04-12T20:37:28+00:00\",\"breadcrumb\":{\"@id\":\"https:\\\/\\\/salesianossp.org.br\\\/osbomretiro\\\/acoes-integradascedesp-vila-paulistana-participa-da-supervisao-coletiva-mensal-do-cras-tremembe\\\/#breadcrumb\"},\"inLanguage\":\"pt-BR\",\"potentialAction\":[{\"@type\":\"ReadAction\",\"target\":[\"https:\\\/\\\/salesianossp.org.br\\\/osbomretiro\\\/acoes-integradascedesp-vila-paulistana-participa-da-supervisao-coletiva-mensal-do-cras-tremembe\\\/\"]}]},{\"@type\":\"ImageObject\",\"inLanguage\":\"pt-BR\",\"@id\":\"https:\\\/\\\/salesianossp.org.br\\\/osbomretiro\\\/acoes-integradascedesp-vila-paulistana-participa-da-supervisao-coletiva-mensal-do-cras-tremembe\\\/#primaryimage\",\"url\":\"https:\\\/\\\/salesianossp.org.br\\\/osbomretiro\\\/wp-content\\\/uploads\\\/2022\\\/04\\\/CEDESP-VP-IDB1-.jpg\",\"contentUrl\":\"https:\\\/\\\/salesianossp.org.br\\\/osbomretiro\\\/wp-content\\\/uploads\\\/2022\\\/04\\\/CEDESP-VP-IDB1-.jpg\",\"width\":2160,\"height\":2160},{\"@type\":\"BreadcrumbList\",\"@id\":\"https:\\\/\\\/salesianossp.org.br\\\/osbomretiro\\\/acoes-integradascedesp-vila-paulistana-participa-da-supervisao-coletiva-mensal-do-cras-tremembe\\\/#breadcrumb\",\"itemListElement\":[{\"@type\":\"ListItem\",\"position\":1,\"name\":\"In\u00edcio\",\"item\":\"https:\\\/\\\/salesianossp.org.br\\\/osbomretiro\\\/\"},{\"@type\":\"ListItem\",\"position\":2,\"name\":\"A\u00e7\u00f5es IntegradasCEDESP Vila Paulistana participa da Supervis\u00e3o coletiva mensal do CRAS Trememb\u00e9\"}]},{\"@type\":\"WebSite\",\"@id\":\"https:\\\/\\\/salesianossp.org.br\\\/osbomretiro\\\/#website\",\"url\":\"https:\\\/\\\/salesianossp.org.br\\\/osbomretiro\\\/\",\"name\":\"Instituto Dom Bosco\",\"description\":\"\",\"publisher\":{\"@id\":\"https:\\\/\\\/salesianossp.org.br\\\/osbomretiro\\\/#organization\"},\"potentialAction\":[{\"@type\":\"SearchAction\",\"target\":{\"@type\":\"EntryPoint\",\"urlTemplate\":\"https:\\\/\\\/salesianossp.org.br\\\/osbomretiro\\\/?s={search_term_string}\"},\"query-input\":{\"@type\":\"PropertyValueSpecification\",\"valueRequired\":true,\"valueName\":\"search_term_string\"}}],\"inLanguage\":\"pt-BR\"},{\"@type\":\"Organization\",\"@id\":\"https:\\\/\\\/salesianossp.org.br\\\/osbomretiro\\\/#organization\",\"name\":\"Instituto Dom Bosco\",\"url\":\"https:\\\/\\\/salesianossp.org.br\\\/osbomretiro\\\/\",\"logo\":{\"@type\":\"ImageObject\",\"inLanguage\":\"pt-BR\",\"@id\":\"https:\\\/\\\/salesianossp.org.br\\\/osbomretiro\\\/#\\\/schema\\\/logo\\\/image\\\/\",\"url\":\"https:\\\/\\\/salesianossp.org.br\\\/osbomretiro\\\/wp-content\\\/uploads\\\/2025\\\/10\\\/logotipo-instituto-dom-bosco-color-56.svg\",\"contentUrl\":\"https:\\\/\\\/salesianossp.org.br\\\/osbomretiro\\\/wp-content\\\/uploads\\\/2025\\\/10\\\/logotipo-instituto-dom-bosco-color-56.svg\",\"width\":164,\"height\":56,\"caption\":\"Instituto Dom Bosco\"},\"image\":{\"@id\":\"https:\\\/\\\/salesianossp.org.br\\\/osbomretiro\\\/#\\\/schema\\\/logo\\\/image\\\/\"},\"sameAs\":[\"https:\\\/\\\/www.facebook.com\\\/InstitutoDomBoscoBomRetiro\\\/\",\"https:\\\/\\\/www.youtube.com\\\/user\\\/Institutodb\",\"https:\\\/\\\/www.instagram.com\\\/institutodb\\\/\"]},{\"@type\":\"Person\",\"@id\":\"https:\\\/\\\/salesianossp.org.br\\\/osbomretiro\\\/#\\\/schema\\\/person\\\/3091f5c85d13f1f81c2eadb190445d2e\",\"name\":\"Lucas Rodrigues\",\"image\":{\"@type\":\"ImageObject\",\"inLanguage\":\"pt-BR\",\"@id\":\"https:\\\/\\\/secure.gravatar.com\\\/avatar\\\/0ad9c966c6ed3335d7fffe2c3b88880dd298c0817b71e20a6955c38f2a53f746?s=96&d=mm&r=g\",\"url\":\"https:\\\/\\\/secure.gravatar.com\\\/avatar\\\/0ad9c966c6ed3335d7fffe2c3b88880dd298c0817b71e20a6955c38f2a53f746?s=96&d=mm&r=g\",\"contentUrl\":\"https:\\\/\\\/secure.gravatar.com\\\/avatar\\\/0ad9c966c6ed3335d7fffe2c3b88880dd298c0817b71e20a6955c38f2a53f746?s=96&d=mm&r=g\",\"caption\":\"Lucas Rodrigues\"},\"url\":\"https:\\\/\\\/salesianossp.org.br\\\/osbomretiro\\\/author\\\/lucas-rodrigues\\\/\"}]}<\/script>\n<!-- \/ Yoast SEO plugin. -->","yoast_head_json":{"title":"A\u00e7\u00f5es IntegradasCEDESP Vila Paulistana participa da Supervis\u00e3o coletiva mensal do CRAS Trememb\u00e9 - Instituto Dom Bosco","robots":{"index":"index","follow":"follow","max-snippet":"max-snippet:-1","max-image-preview":"max-image-preview:large","max-video-preview":"max-video-preview:-1"},"canonical":"https:\/\/salesianossp.org.br\/osbomretiro\/acoes-integradascedesp-vila-paulistana-participa-da-supervisao-coletiva-mensal-do-cras-tremembe\/","og_locale":"pt_BR","og_type":"article","og_title":"A\u00e7\u00f5es IntegradasCEDESP Vila Paulistana participa da Supervis\u00e3o coletiva mensal do CRAS Trememb\u00e9 - Instituto Dom Bosco","og_description":"No dia 08 de abril, foi realizada a Supervis\u00e3o coletiva mensal do CRAS Trememb\u00e9, na DiretoriaDiretoria estadual de ensino norte 2.&nbsp; Durante o momento, participaram os Gerentes dos servi\u00e7os do territ\u00f3rio, incluindo o CEDESP Vila Paulistana, do Instituto Dom Bosco S\u00e3o Paulo SP, representantes do CRAS Trememb\u00e9 e representantes da Diretoria estadual de ensino norte [&hellip;]","og_url":"https:\/\/salesianossp.org.br\/osbomretiro\/acoes-integradascedesp-vila-paulistana-participa-da-supervisao-coletiva-mensal-do-cras-tremembe\/","og_site_name":"Instituto Dom Bosco","article_publisher":"https:\/\/www.facebook.com\/InstitutoDomBoscoBomRetiro\/","article_published_time":"2022-04-12T20:37:28+00:00","og_image":[{"width":2160,"height":2160,"url":"https:\/\/salesianossp.org.br\/osbomretiro\/wp-content\/uploads\/2022\/04\/CEDESP-VP-IDB1-.jpg","type":"image\/jpeg"}],"author":"Lucas Rodrigues","twitter_card":"summary_large_image","twitter_misc":{"Escrito por":"Lucas Rodrigues","Est. tempo de leitura":"2 minutos"},"schema":{"@context":"https:\/\/schema.org","@graph":[{"@type":"Article","@id":"https:\/\/salesianossp.org.br\/osbomretiro\/acoes-integradascedesp-vila-paulistana-participa-da-supervisao-coletiva-mensal-do-cras-tremembe\/#article","isPartOf":{"@id":"https:\/\/salesianossp.org.br\/osbomretiro\/acoes-integradascedesp-vila-paulistana-participa-da-supervisao-coletiva-mensal-do-cras-tremembe\/"},"author":{"name":"Lucas Rodrigues","@id":"https:\/\/salesianossp.org.br\/osbomretiro\/#\/schema\/person\/3091f5c85d13f1f81c2eadb190445d2e"},"headline":"A\u00e7\u00f5es Integradas CEDESP Vila Paulistana participa da Supervis\u00e3o coletiva mensal do CRAS Trememb\u00e9","datePublished":"2022-04-12T20:37:28+00:00","mainEntityOfPage":{"@id":"https:\/\/salesianossp.org.br\/osbomretiro\/acoes-integradascedesp-vila-paulistana-participa-da-supervisao-coletiva-mensal-do-cras-tremembe\/"},"wordCount":364,"commentCount":0,"publisher":{"@id":"https:\/\/salesianossp.org.br\/osbomretiro\/#organization"},"image":{"@id":"https:\/\/salesianossp.org.br\/osbomretiro\/acoes-integradascedesp-vila-paulistana-participa-da-supervisao-coletiva-mensal-do-cras-tremembe\/#primaryimage"},"thumbnailUrl":"https:\/\/salesianossp.org.br\/osbomretiro\/wp-content\/uploads\/2022\/04\/CEDESP-VP-IDB1-.jpg","articleSection":["Not\u00edcias"],"inLanguage":"pt-BR","potentialAction":[{"@type":"CommentAction","name":"Comment","target":["https:\/\/salesianossp.org.br\/osbomretiro\/acoes-integradascedesp-vila-paulistana-participa-da-supervisao-coletiva-mensal-do-cras-tremembe\/#respond"]}]},{"@type":"WebPage","@id":"https:\/\/salesianossp.org.br\/osbomretiro\/acoes-integradascedesp-vila-paulistana-participa-da-supervisao-coletiva-mensal-do-cras-tremembe\/","url":"https:\/\/salesianossp.org.br\/osbomretiro\/acoes-integradascedesp-vila-paulistana-participa-da-supervisao-coletiva-mensal-do-cras-tremembe\/","name":"A\u00e7\u00f5es Integradas CEDESP Vila Paulistana participa da Supervis\u00e3o coletiva mensal do CRAS Trememb\u00e9 - Instituto Dom Bosco","isPartOf":{"@id":"https:\/\/salesianossp.org.br\/osbomretiro\/#website"},"primaryImageOfPage":{"@id":"https:\/\/salesianossp.org.br\/osbomretiro\/acoes-integradascedesp-vila-paulistana-participa-da-supervisao-coletiva-mensal-do-cras-tremembe\/#primaryimage"},"image":{"@id":"https:\/\/salesianossp.org.br\/osbomretiro\/acoes-integradascedesp-vila-paulistana-participa-da-supervisao-coletiva-mensal-do-cras-tremembe\/#primaryimage"},"thumbnailUrl":"https:\/\/salesianossp.org.br\/osbomretiro\/wp-content\/uploads\/2022\/04\/CEDESP-VP-IDB1-.jpg","datePublished":"2022-04-12T20:37:28+00:00","breadcrumb":{"@id":"https:\/\/salesianossp.org.br\/osbomretiro\/acoes-integradascedesp-vila-paulistana-participa-da-supervisao-coletiva-mensal-do-cras-tremembe\/#breadcrumb"},"inLanguage":"pt-BR","potentialAction":[{"@type":"ReadAction","target":["https:\/\/salesianossp.org.br\/osbomretiro\/acoes-integradascedesp-vila-paulistana-participa-da-supervisao-coletiva-mensal-do-cras-tremembe\/"]}]},{"@type":"ImageObject","inLanguage":"pt-BR","@id":"https:\/\/salesianossp.org.br\/osbomretiro\/acoes-integradascedesp-vila-paulistana-participa-da-supervisao-coletiva-mensal-do-cras-tremembe\/#primaryimage","url":"https:\/\/salesianossp.org.br\/osbomretiro\/wp-content\/uploads\/2022\/04\/CEDESP-VP-IDB1-.jpg","contentUrl":"https:\/\/salesianossp.org.br\/osbomretiro\/wp-content\/uploads\/2022\/04\/CEDESP-VP-IDB1-.jpg","width":2160,"height":2160},{"@type":"BreadcrumbList","@id":"https:\/\/salesianossp.org.br\/osbomretiro\/acoes-integradascedesp-vila-paulistana-participa-da-supervisao-coletiva-mensal-do-cras-tremembe\/#breadcrumb","itemListElement":[{"@type":"ListItem","position":1,"name":"In\u00edcio","item":"https:\/\/salesianossp.org.br\/osbomretiro\/"},{"@type":"ListItem","position":2,"name":"A\u00e7\u00f5es IntegradasCEDESP Vila Paulistana participa da Supervis\u00e3o coletiva mensal do CRAS Trememb\u00e9"}]},{"@type":"WebSite","@id":"https:\/\/salesianossp.org.br\/osbomretiro\/#website","url":"https:\/\/salesianossp.org.br\/osbomretiro\/","name":"Instituto Dom Bosco","description":"","publisher":{"@id":"https:\/\/salesianossp.org.br\/osbomretiro\/#organization"},"potentialAction":[{"@type":"SearchAction","target":{"@type":"EntryPoint","urlTemplate":"https:\/\/salesianossp.org.br\/osbomretiro\/?s={search_term_string}"},"query-input":{"@type":"PropertyValueSpecification","valueRequired":true,"valueName":"search_term_string"}}],"inLanguage":"pt-BR"},{"@type":"Organization","@id":"https:\/\/salesianossp.org.br\/osbomretiro\/#organization","name":"Instituto Dom Bosco","url":"https:\/\/salesianossp.org.br\/osbomretiro\/","logo":{"@type":"ImageObject","inLanguage":"pt-BR","@id":"https:\/\/salesianossp.org.br\/osbomretiro\/#\/schema\/logo\/image\/","url":"https:\/\/salesianossp.org.br\/osbomretiro\/wp-content\/uploads\/2025\/10\/logotipo-instituto-dom-bosco-color-56.svg","contentUrl":"https:\/\/salesianossp.org.br\/osbomretiro\/wp-content\/uploads\/2025\/10\/logotipo-instituto-dom-bosco-color-56.svg","width":164,"height":56,"caption":"Instituto Dom Bosco"},"image":{"@id":"https:\/\/salesianossp.org.br\/osbomretiro\/#\/schema\/logo\/image\/"},"sameAs":["https:\/\/www.facebook.com\/InstitutoDomBoscoBomRetiro\/","https:\/\/www.youtube.com\/user\/Institutodb","https:\/\/www.instagram.com\/institutodb\/"]},{"@type":"Person","@id":"https:\/\/salesianossp.org.br\/osbomretiro\/#\/schema\/person\/3091f5c85d13f1f81c2eadb190445d2e","name":"Lucas Rodrigues","image":{"@type":"ImageObject","inLanguage":"pt-BR","@id":"https:\/\/secure.gravatar.com\/avatar\/0ad9c966c6ed3335d7fffe2c3b88880dd298c0817b71e20a6955c38f2a53f746?s=96&d=mm&r=g","url":"https:\/\/secure.gravatar.com\/avatar\/0ad9c966c6ed3335d7fffe2c3b88880dd298c0817b71e20a6955c38f2a53f746?s=96&d=mm&r=g","contentUrl":"https:\/\/secure.gravatar.com\/avatar\/0ad9c966c6ed3335d7fffe2c3b88880dd298c0817b71e20a6955c38f2a53f746?s=96&d=mm&r=g","caption":"Lucas Rodrigues"},"url":"https:\/\/salesianossp.org.br\/osbomretiro\/author\/lucas-rodrigues\/"}]}},"_links":{"self":[{"href":"https:\/\/salesianossp.org.br\/osbomretiro\/wp-json\/wp\/v2\/posts\/3415","targetHints":{"allow":["GET"]}}],"collection":[{"href":"https:\/\/salesianossp.org.br\/osbomretiro\/wp-json\/wp\/v2\/posts"}],"about":[{"href":"https:\/\/salesianossp.org.br\/osbomretiro\/wp-json\/wp\/v2\/types\/post"}],"author":[{"embeddable":true,"href":"https:\/\/salesianossp.org.br\/osbomretiro\/wp-json\/wp\/v2\/users\/27"}],"replies":[{"embeddable":true,"href":"https:\/\/salesianossp.org.br\/osbomretiro\/wp-json\/wp\/v2\/comments?post=3415"}],"version-history":[{"count":0,"href":"https:\/\/salesianossp.org.br\/osbomretiro\/wp-json\/wp\/v2\/posts\/3415\/revisions"}],"wp:featuredmedia":[{"embeddable":true,"href":"https:\/\/salesianossp.org.br\/osbomretiro\/wp-json\/wp\/v2\/media\/3449"}],"wp:attachment":[{"href":"https:\/\/salesianossp.org.br\/osbomretiro\/wp-json\/wp\/v2\/media?parent=3415"}],"wp:term":[{"taxonomy":"category","embeddable":true,"href":"https:\/\/salesianossp.org.br\/osbomretiro\/wp-json\/wp\/v2\/categories?post=3415"},{"taxonomy":"post_tag","embeddable":true,"href":"https:\/\/salesianossp.org.br\/osbomretiro\/wp-json\/wp\/v2\/tags?post=3415"}],"curies":[{"name":"wp","href":"https:\/\/api.w.org\/{rel}","templated":true}]}}