{"id":4130,"date":"2022-08-11T17:01:43","date_gmt":"2022-08-11T20:01:43","guid":{"rendered":"https:\/\/salesianossp.org.br\/osbomretiro\/?p=4130"},"modified":"2022-08-11T17:01:43","modified_gmt":"2022-08-11T20:01:43","slug":"vivencias-arte-e-cultura-no-mse-castelinho","status":"publish","type":"post","link":"https:\/\/salesianossp.org.br\/osbomretiro\/vivencias-arte-e-cultura-no-mse-castelinho\/","title":{"rendered":"<strong>Viv\u00eancias, Arte e Cultura no MSE Castelinho<\/strong>"},"content":{"rendered":"\n<h2 class=\"wp-block-heading\">Continua\u00e7\u00e3o do recorte e cole no formato Lambe-Lambe, participa\u00e7\u00e3o das fam\u00edlias com experi\u00eancias compartilhas e visita no Museu Afro Brasil do Parque Ibirapuera, foram algumas das atividades realizadas pelo Servi\u00e7o de Medidas S\u00f3cioeducativas MSE do Castelinho Dom Bosco do Instituto Dom Bosco S\u00e3o Paulo SP, Unidade Zona Sul.<\/h2>\n\n\n\n<p><strong><br>Continua\u00e7\u00e3o do P\u00f4ster Lambe-Lambe<\/strong><strong><\/strong><\/p>\n\n\n\n<p>A turma do MSE, no dia 21 de julho, deu continuidade na constru\u00e7\u00e3o do P\u00f4ster de Lambe-Lambe. Trata-se do recorte e cole, trazendo uma vertente da arte de rua que utiliza cartazes como interven\u00e7\u00e3o urbana, com o intuito de transmitir ideias e pensamentos. Durante o momento os jovens usam a criatividade para desenvolver uma linguajem atrav\u00e9s de revistas recortadas, assim montando frases, textos e imagens para se expressar.<\/p>\n\n\n\n<p>\u201cFoi um encontro divertido e construtivo, todos mostram suas ideias e ponto de vista, conversando sobre a luta di\u00e1ria no presente e tamb\u00e9m pensando no futuro\u201d, declarou Guilherme Santos, Educador na Unidade.<\/p>\n\n\n\n<p><strong><br>Grupo de Fam\u00edlia e Experi\u00eancias compartilhadas<\/strong><strong><\/strong><\/p>\n\n\n\n<p>No dia 22, aconteceu o Grupo de Fam\u00edlia. O objetivo da atividade \u00e9 mostrar aos familiares que o momento \u00e9 um espa\u00e7o para acolher as demandas das fam\u00edlias. O servi\u00e7o atinge todos os integrantes do n\u00facleo familiar, n\u00e3o apenas o Atendido. A ideia \u00e9 um espa\u00e7o de fortalecimento m\u00fatuo.<\/p>\n\n\n\n<p>Durante as conversas, um bate-papo sobre a reportagem que saiu em um jornal sobre o Estado de SP e a Funda\u00e7\u00e3o Casa ter de pagar indeniza\u00e7\u00e3o aos cofres da Inf\u00e2ncia e Adolesc\u00eancia por maus tratos, dentro desse tema, muitas quest\u00f5es foram abordadas, inclusive sobre o desrespeito com profissionais e usu\u00e1rios em medida.<\/p>\n\n\n\n<p>Ap\u00f3s diversas situa\u00e7\u00f5es do cotidiano dos pr\u00f3prios pais e familiares, o momento foi finalizado com o Jogo do Puxa conversa que tratou um pouco sobre inf\u00e2ncia, momento em fam\u00edlia, conselhos dos pais aos filhos, sonhos e futuro.<\/p>\n\n\n\n<p>\u201cFoi muito importante esta conversa para as fam\u00edlias entenderem que nos solidarizamos com elas, que somos contra a forma e tratamento dado aos adolescentes e familiares dentro dos espa\u00e7os de priva\u00e7\u00e3o de liberdade, al\u00e9m de mostrar qu\u00e3o fr\u00e1geis tamb\u00e9m somos enquanto colaboradores, que passamos por v\u00e1rias situa\u00e7\u00f5es de desrespeito e nisto precisamos nos fortalecer enquanto servi\u00e7o para que os acessos \u00e0s cidadanias sejam garantidos.\u201d, declarou Guilherme.<br><strong><br>Visita ao Museu Afro Brasil do Parque Ibirapuera<\/strong><\/p>\n\n\n\n<p>Com o objetivo de proporcionar viv\u00eancia cultural para os adolescentes, os Atendidos do MSE estiveram no Museu Afro Brasil do Parque Ibirapuera, no dia 27 de julho. A inten\u00e7\u00e3o \u00e9 que os jovens tenham acesso a experi\u00eancia, contribuindo assim com a amplia\u00e7\u00e3o de suas vis\u00f5es de mundo, al\u00e9m do acesso as viv\u00eancias dos negros e sua constru\u00e7\u00e3o no Brasil.<\/p>\n\n\n\n<p>\u201cOs adolescentes aproveitaram bastante o passeio, onde por interm\u00e9dio das obras ali expostas pudemos apresentar-lhes hist\u00f3rias do per\u00edodo escravocrata brasileiro, debater sobre racismo e religi\u00f5es de matriz africana, conhecer t\u00e9cnicas e formatos art\u00edsticos e aproveitar a tarde no espa\u00e7o do Parque Ibirapuera.\u201d, declarou Guilherme.<\/p>\n\n\n\n<p><strong><a href=\"https:\/\/www.facebook.com\/media\/set\/?vanity=InstitutoDomBoscoBomRetiro&amp;set=a.2151770948317240\" data-type=\"URL\" data-id=\"https:\/\/www.facebook.com\/media\/set\/?vanity=InstitutoDomBoscoBomRetiro&amp;set=a.2151770948317240\">Clique aqui para ver todas as fotos<\/a><\/strong><\/p>\n","protected":false},"excerpt":{"rendered":"<p>Continua\u00e7\u00e3o do recorte e cole no formato Lambe-Lambe, participa\u00e7\u00e3o das fam\u00edlias com experi\u00eancias compartilhas e visita no Museu Afro Brasil do Parque Ibirapuera, foram algumas das atividades realizadas pelo Servi\u00e7o de Medidas S\u00f3cioeducativas MSE do Castelinho Dom Bosco do Instituto Dom Bosco S\u00e3o Paulo SP, Unidade Zona Sul. Continua\u00e7\u00e3o do P\u00f4ster Lambe-Lambe A turma do [&hellip;]<\/p>\n","protected":false},"author":27,"featured_media":4132,"comment_status":"open","ping_status":"open","sticky":false,"template":"","format":"standard","meta":{"footnotes":""},"categories":[59],"tags":[],"class_list":["post-4130","post","type-post","status-publish","format-standard","has-post-thumbnail","hentry","category-noticias"],"yoast_head":"<!-- This site is optimized with the Yoast SEO plugin v27.3 - https:\/\/yoast.com\/product\/yoast-seo-wordpress\/ -->\n<title>Viv\u00eancias, Arte e Cultura no MSE Castelinho - Instituto Dom Bosco<\/title>\n<meta name=\"robots\" content=\"index, follow, max-snippet:-1, max-image-preview:large, max-video-preview:-1\" \/>\n<link rel=\"canonical\" href=\"https:\/\/salesianossp.org.br\/osbomretiro\/vivencias-arte-e-cultura-no-mse-castelinho\/\" \/>\n<meta property=\"og:locale\" content=\"pt_BR\" \/>\n<meta property=\"og:type\" content=\"article\" \/>\n<meta property=\"og:title\" content=\"Viv\u00eancias, Arte e Cultura no MSE Castelinho - Instituto Dom Bosco\" \/>\n<meta property=\"og:description\" content=\"Continua\u00e7\u00e3o do recorte e cole no formato Lambe-Lambe, participa\u00e7\u00e3o das fam\u00edlias com experi\u00eancias compartilhas e visita no Museu Afro Brasil do Parque Ibirapuera, foram algumas das atividades realizadas pelo Servi\u00e7o de Medidas S\u00f3cioeducativas MSE do Castelinho Dom Bosco do Instituto Dom Bosco S\u00e3o Paulo SP, Unidade Zona Sul. Continua\u00e7\u00e3o do P\u00f4ster Lambe-Lambe A turma do [&hellip;]\" \/>\n<meta property=\"og:url\" content=\"https:\/\/salesianossp.org.br\/osbomretiro\/vivencias-arte-e-cultura-no-mse-castelinho\/\" \/>\n<meta property=\"og:site_name\" content=\"Instituto Dom Bosco\" \/>\n<meta property=\"article:publisher\" content=\"https:\/\/www.facebook.com\/InstitutoDomBoscoBomRetiro\/\" \/>\n<meta property=\"article:published_time\" content=\"2022-08-11T20:01:43+00:00\" \/>\n<meta property=\"og:image\" content=\"https:\/\/salesianossp.org.br\/osbomretiro\/wp-content\/uploads\/2022\/08\/Publicacoes-IDB-1-5-scaled.png\" \/>\n\t<meta property=\"og:image:width\" content=\"2560\" \/>\n\t<meta property=\"og:image:height\" content=\"2560\" \/>\n\t<meta property=\"og:image:type\" content=\"image\/png\" \/>\n<meta name=\"author\" content=\"Lucas Rodrigues\" \/>\n<meta name=\"twitter:card\" content=\"summary_large_image\" \/>\n<meta name=\"twitter:label1\" content=\"Escrito por\" \/>\n\t<meta name=\"twitter:data1\" content=\"Lucas Rodrigues\" \/>\n\t<meta name=\"twitter:label2\" content=\"Est. tempo de leitura\" \/>\n\t<meta name=\"twitter:data2\" content=\"3 minutos\" \/>\n<script type=\"application\/ld+json\" class=\"yoast-schema-graph\">{\"@context\":\"https:\\\/\\\/schema.org\",\"@graph\":[{\"@type\":\"Article\",\"@id\":\"https:\\\/\\\/salesianossp.org.br\\\/osbomretiro\\\/vivencias-arte-e-cultura-no-mse-castelinho\\\/#article\",\"isPartOf\":{\"@id\":\"https:\\\/\\\/salesianossp.org.br\\\/osbomretiro\\\/vivencias-arte-e-cultura-no-mse-castelinho\\\/\"},\"author\":{\"name\":\"Lucas Rodrigues\",\"@id\":\"https:\\\/\\\/salesianossp.org.br\\\/osbomretiro\\\/#\\\/schema\\\/person\\\/3091f5c85d13f1f81c2eadb190445d2e\"},\"headline\":\"Viv\u00eancias, Arte e Cultura no MSE Castelinho\",\"datePublished\":\"2022-08-11T20:01:43+00:00\",\"mainEntityOfPage\":{\"@id\":\"https:\\\/\\\/salesianossp.org.br\\\/osbomretiro\\\/vivencias-arte-e-cultura-no-mse-castelinho\\\/\"},\"wordCount\":542,\"commentCount\":0,\"publisher\":{\"@id\":\"https:\\\/\\\/salesianossp.org.br\\\/osbomretiro\\\/#organization\"},\"image\":{\"@id\":\"https:\\\/\\\/salesianossp.org.br\\\/osbomretiro\\\/vivencias-arte-e-cultura-no-mse-castelinho\\\/#primaryimage\"},\"thumbnailUrl\":\"https:\\\/\\\/salesianossp.org.br\\\/osbomretiro\\\/wp-content\\\/uploads\\\/2022\\\/08\\\/Publicacoes-IDB-1-5-scaled.png\",\"articleSection\":[\"Not\u00edcias\"],\"inLanguage\":\"pt-BR\",\"potentialAction\":[{\"@type\":\"CommentAction\",\"name\":\"Comment\",\"target\":[\"https:\\\/\\\/salesianossp.org.br\\\/osbomretiro\\\/vivencias-arte-e-cultura-no-mse-castelinho\\\/#respond\"]}]},{\"@type\":\"WebPage\",\"@id\":\"https:\\\/\\\/salesianossp.org.br\\\/osbomretiro\\\/vivencias-arte-e-cultura-no-mse-castelinho\\\/\",\"url\":\"https:\\\/\\\/salesianossp.org.br\\\/osbomretiro\\\/vivencias-arte-e-cultura-no-mse-castelinho\\\/\",\"name\":\"Viv\u00eancias, Arte e Cultura no MSE Castelinho - Instituto Dom Bosco\",\"isPartOf\":{\"@id\":\"https:\\\/\\\/salesianossp.org.br\\\/osbomretiro\\\/#website\"},\"primaryImageOfPage\":{\"@id\":\"https:\\\/\\\/salesianossp.org.br\\\/osbomretiro\\\/vivencias-arte-e-cultura-no-mse-castelinho\\\/#primaryimage\"},\"image\":{\"@id\":\"https:\\\/\\\/salesianossp.org.br\\\/osbomretiro\\\/vivencias-arte-e-cultura-no-mse-castelinho\\\/#primaryimage\"},\"thumbnailUrl\":\"https:\\\/\\\/salesianossp.org.br\\\/osbomretiro\\\/wp-content\\\/uploads\\\/2022\\\/08\\\/Publicacoes-IDB-1-5-scaled.png\",\"datePublished\":\"2022-08-11T20:01:43+00:00\",\"breadcrumb\":{\"@id\":\"https:\\\/\\\/salesianossp.org.br\\\/osbomretiro\\\/vivencias-arte-e-cultura-no-mse-castelinho\\\/#breadcrumb\"},\"inLanguage\":\"pt-BR\",\"potentialAction\":[{\"@type\":\"ReadAction\",\"target\":[\"https:\\\/\\\/salesianossp.org.br\\\/osbomretiro\\\/vivencias-arte-e-cultura-no-mse-castelinho\\\/\"]}]},{\"@type\":\"ImageObject\",\"inLanguage\":\"pt-BR\",\"@id\":\"https:\\\/\\\/salesianossp.org.br\\\/osbomretiro\\\/vivencias-arte-e-cultura-no-mse-castelinho\\\/#primaryimage\",\"url\":\"https:\\\/\\\/salesianossp.org.br\\\/osbomretiro\\\/wp-content\\\/uploads\\\/2022\\\/08\\\/Publicacoes-IDB-1-5-scaled.png\",\"contentUrl\":\"https:\\\/\\\/salesianossp.org.br\\\/osbomretiro\\\/wp-content\\\/uploads\\\/2022\\\/08\\\/Publicacoes-IDB-1-5-scaled.png\",\"width\":2560,\"height\":2560},{\"@type\":\"BreadcrumbList\",\"@id\":\"https:\\\/\\\/salesianossp.org.br\\\/osbomretiro\\\/vivencias-arte-e-cultura-no-mse-castelinho\\\/#breadcrumb\",\"itemListElement\":[{\"@type\":\"ListItem\",\"position\":1,\"name\":\"In\u00edcio\",\"item\":\"https:\\\/\\\/salesianossp.org.br\\\/osbomretiro\\\/\"},{\"@type\":\"ListItem\",\"position\":2,\"name\":\"Viv\u00eancias, Arte e Cultura no MSE Castelinho\"}]},{\"@type\":\"WebSite\",\"@id\":\"https:\\\/\\\/salesianossp.org.br\\\/osbomretiro\\\/#website\",\"url\":\"https:\\\/\\\/salesianossp.org.br\\\/osbomretiro\\\/\",\"name\":\"Instituto Dom Bosco\",\"description\":\"\",\"publisher\":{\"@id\":\"https:\\\/\\\/salesianossp.org.br\\\/osbomretiro\\\/#organization\"},\"potentialAction\":[{\"@type\":\"SearchAction\",\"target\":{\"@type\":\"EntryPoint\",\"urlTemplate\":\"https:\\\/\\\/salesianossp.org.br\\\/osbomretiro\\\/?s={search_term_string}\"},\"query-input\":{\"@type\":\"PropertyValueSpecification\",\"valueRequired\":true,\"valueName\":\"search_term_string\"}}],\"inLanguage\":\"pt-BR\"},{\"@type\":\"Organization\",\"@id\":\"https:\\\/\\\/salesianossp.org.br\\\/osbomretiro\\\/#organization\",\"name\":\"Instituto Dom Bosco\",\"url\":\"https:\\\/\\\/salesianossp.org.br\\\/osbomretiro\\\/\",\"logo\":{\"@type\":\"ImageObject\",\"inLanguage\":\"pt-BR\",\"@id\":\"https:\\\/\\\/salesianossp.org.br\\\/osbomretiro\\\/#\\\/schema\\\/logo\\\/image\\\/\",\"url\":\"https:\\\/\\\/salesianossp.org.br\\\/osbomretiro\\\/wp-content\\\/uploads\\\/2025\\\/10\\\/logotipo-instituto-dom-bosco-color-56.svg\",\"contentUrl\":\"https:\\\/\\\/salesianossp.org.br\\\/osbomretiro\\\/wp-content\\\/uploads\\\/2025\\\/10\\\/logotipo-instituto-dom-bosco-color-56.svg\",\"width\":164,\"height\":56,\"caption\":\"Instituto Dom Bosco\"},\"image\":{\"@id\":\"https:\\\/\\\/salesianossp.org.br\\\/osbomretiro\\\/#\\\/schema\\\/logo\\\/image\\\/\"},\"sameAs\":[\"https:\\\/\\\/www.facebook.com\\\/InstitutoDomBoscoBomRetiro\\\/\",\"https:\\\/\\\/www.youtube.com\\\/user\\\/Institutodb\",\"https:\\\/\\\/www.instagram.com\\\/institutodb\\\/\"]},{\"@type\":\"Person\",\"@id\":\"https:\\\/\\\/salesianossp.org.br\\\/osbomretiro\\\/#\\\/schema\\\/person\\\/3091f5c85d13f1f81c2eadb190445d2e\",\"name\":\"Lucas Rodrigues\",\"image\":{\"@type\":\"ImageObject\",\"inLanguage\":\"pt-BR\",\"@id\":\"https:\\\/\\\/secure.gravatar.com\\\/avatar\\\/0ad9c966c6ed3335d7fffe2c3b88880dd298c0817b71e20a6955c38f2a53f746?s=96&d=mm&r=g\",\"url\":\"https:\\\/\\\/secure.gravatar.com\\\/avatar\\\/0ad9c966c6ed3335d7fffe2c3b88880dd298c0817b71e20a6955c38f2a53f746?s=96&d=mm&r=g\",\"contentUrl\":\"https:\\\/\\\/secure.gravatar.com\\\/avatar\\\/0ad9c966c6ed3335d7fffe2c3b88880dd298c0817b71e20a6955c38f2a53f746?s=96&d=mm&r=g\",\"caption\":\"Lucas Rodrigues\"},\"url\":\"https:\\\/\\\/salesianossp.org.br\\\/osbomretiro\\\/author\\\/lucas-rodrigues\\\/\"}]}<\/script>\n<!-- \/ Yoast SEO plugin. -->","yoast_head_json":{"title":"Viv\u00eancias, Arte e Cultura no MSE Castelinho - Instituto Dom Bosco","robots":{"index":"index","follow":"follow","max-snippet":"max-snippet:-1","max-image-preview":"max-image-preview:large","max-video-preview":"max-video-preview:-1"},"canonical":"https:\/\/salesianossp.org.br\/osbomretiro\/vivencias-arte-e-cultura-no-mse-castelinho\/","og_locale":"pt_BR","og_type":"article","og_title":"Viv\u00eancias, Arte e Cultura no MSE Castelinho - Instituto Dom Bosco","og_description":"Continua\u00e7\u00e3o do recorte e cole no formato Lambe-Lambe, participa\u00e7\u00e3o das fam\u00edlias com experi\u00eancias compartilhas e visita no Museu Afro Brasil do Parque Ibirapuera, foram algumas das atividades realizadas pelo Servi\u00e7o de Medidas S\u00f3cioeducativas MSE do Castelinho Dom Bosco do Instituto Dom Bosco S\u00e3o Paulo SP, Unidade Zona Sul. Continua\u00e7\u00e3o do P\u00f4ster Lambe-Lambe A turma do [&hellip;]","og_url":"https:\/\/salesianossp.org.br\/osbomretiro\/vivencias-arte-e-cultura-no-mse-castelinho\/","og_site_name":"Instituto Dom Bosco","article_publisher":"https:\/\/www.facebook.com\/InstitutoDomBoscoBomRetiro\/","article_published_time":"2022-08-11T20:01:43+00:00","og_image":[{"width":2560,"height":2560,"url":"https:\/\/salesianossp.org.br\/osbomretiro\/wp-content\/uploads\/2022\/08\/Publicacoes-IDB-1-5-scaled.png","type":"image\/png"}],"author":"Lucas Rodrigues","twitter_card":"summary_large_image","twitter_misc":{"Escrito por":"Lucas Rodrigues","Est. tempo de leitura":"3 minutos"},"schema":{"@context":"https:\/\/schema.org","@graph":[{"@type":"Article","@id":"https:\/\/salesianossp.org.br\/osbomretiro\/vivencias-arte-e-cultura-no-mse-castelinho\/#article","isPartOf":{"@id":"https:\/\/salesianossp.org.br\/osbomretiro\/vivencias-arte-e-cultura-no-mse-castelinho\/"},"author":{"name":"Lucas Rodrigues","@id":"https:\/\/salesianossp.org.br\/osbomretiro\/#\/schema\/person\/3091f5c85d13f1f81c2eadb190445d2e"},"headline":"Viv\u00eancias, Arte e Cultura no MSE Castelinho","datePublished":"2022-08-11T20:01:43+00:00","mainEntityOfPage":{"@id":"https:\/\/salesianossp.org.br\/osbomretiro\/vivencias-arte-e-cultura-no-mse-castelinho\/"},"wordCount":542,"commentCount":0,"publisher":{"@id":"https:\/\/salesianossp.org.br\/osbomretiro\/#organization"},"image":{"@id":"https:\/\/salesianossp.org.br\/osbomretiro\/vivencias-arte-e-cultura-no-mse-castelinho\/#primaryimage"},"thumbnailUrl":"https:\/\/salesianossp.org.br\/osbomretiro\/wp-content\/uploads\/2022\/08\/Publicacoes-IDB-1-5-scaled.png","articleSection":["Not\u00edcias"],"inLanguage":"pt-BR","potentialAction":[{"@type":"CommentAction","name":"Comment","target":["https:\/\/salesianossp.org.br\/osbomretiro\/vivencias-arte-e-cultura-no-mse-castelinho\/#respond"]}]},{"@type":"WebPage","@id":"https:\/\/salesianossp.org.br\/osbomretiro\/vivencias-arte-e-cultura-no-mse-castelinho\/","url":"https:\/\/salesianossp.org.br\/osbomretiro\/vivencias-arte-e-cultura-no-mse-castelinho\/","name":"Viv\u00eancias, Arte e Cultura no MSE Castelinho - Instituto Dom Bosco","isPartOf":{"@id":"https:\/\/salesianossp.org.br\/osbomretiro\/#website"},"primaryImageOfPage":{"@id":"https:\/\/salesianossp.org.br\/osbomretiro\/vivencias-arte-e-cultura-no-mse-castelinho\/#primaryimage"},"image":{"@id":"https:\/\/salesianossp.org.br\/osbomretiro\/vivencias-arte-e-cultura-no-mse-castelinho\/#primaryimage"},"thumbnailUrl":"https:\/\/salesianossp.org.br\/osbomretiro\/wp-content\/uploads\/2022\/08\/Publicacoes-IDB-1-5-scaled.png","datePublished":"2022-08-11T20:01:43+00:00","breadcrumb":{"@id":"https:\/\/salesianossp.org.br\/osbomretiro\/vivencias-arte-e-cultura-no-mse-castelinho\/#breadcrumb"},"inLanguage":"pt-BR","potentialAction":[{"@type":"ReadAction","target":["https:\/\/salesianossp.org.br\/osbomretiro\/vivencias-arte-e-cultura-no-mse-castelinho\/"]}]},{"@type":"ImageObject","inLanguage":"pt-BR","@id":"https:\/\/salesianossp.org.br\/osbomretiro\/vivencias-arte-e-cultura-no-mse-castelinho\/#primaryimage","url":"https:\/\/salesianossp.org.br\/osbomretiro\/wp-content\/uploads\/2022\/08\/Publicacoes-IDB-1-5-scaled.png","contentUrl":"https:\/\/salesianossp.org.br\/osbomretiro\/wp-content\/uploads\/2022\/08\/Publicacoes-IDB-1-5-scaled.png","width":2560,"height":2560},{"@type":"BreadcrumbList","@id":"https:\/\/salesianossp.org.br\/osbomretiro\/vivencias-arte-e-cultura-no-mse-castelinho\/#breadcrumb","itemListElement":[{"@type":"ListItem","position":1,"name":"In\u00edcio","item":"https:\/\/salesianossp.org.br\/osbomretiro\/"},{"@type":"ListItem","position":2,"name":"Viv\u00eancias, Arte e Cultura no MSE Castelinho"}]},{"@type":"WebSite","@id":"https:\/\/salesianossp.org.br\/osbomretiro\/#website","url":"https:\/\/salesianossp.org.br\/osbomretiro\/","name":"Instituto Dom Bosco","description":"","publisher":{"@id":"https:\/\/salesianossp.org.br\/osbomretiro\/#organization"},"potentialAction":[{"@type":"SearchAction","target":{"@type":"EntryPoint","urlTemplate":"https:\/\/salesianossp.org.br\/osbomretiro\/?s={search_term_string}"},"query-input":{"@type":"PropertyValueSpecification","valueRequired":true,"valueName":"search_term_string"}}],"inLanguage":"pt-BR"},{"@type":"Organization","@id":"https:\/\/salesianossp.org.br\/osbomretiro\/#organization","name":"Instituto Dom Bosco","url":"https:\/\/salesianossp.org.br\/osbomretiro\/","logo":{"@type":"ImageObject","inLanguage":"pt-BR","@id":"https:\/\/salesianossp.org.br\/osbomretiro\/#\/schema\/logo\/image\/","url":"https:\/\/salesianossp.org.br\/osbomretiro\/wp-content\/uploads\/2025\/10\/logotipo-instituto-dom-bosco-color-56.svg","contentUrl":"https:\/\/salesianossp.org.br\/osbomretiro\/wp-content\/uploads\/2025\/10\/logotipo-instituto-dom-bosco-color-56.svg","width":164,"height":56,"caption":"Instituto Dom Bosco"},"image":{"@id":"https:\/\/salesianossp.org.br\/osbomretiro\/#\/schema\/logo\/image\/"},"sameAs":["https:\/\/www.facebook.com\/InstitutoDomBoscoBomRetiro\/","https:\/\/www.youtube.com\/user\/Institutodb","https:\/\/www.instagram.com\/institutodb\/"]},{"@type":"Person","@id":"https:\/\/salesianossp.org.br\/osbomretiro\/#\/schema\/person\/3091f5c85d13f1f81c2eadb190445d2e","name":"Lucas Rodrigues","image":{"@type":"ImageObject","inLanguage":"pt-BR","@id":"https:\/\/secure.gravatar.com\/avatar\/0ad9c966c6ed3335d7fffe2c3b88880dd298c0817b71e20a6955c38f2a53f746?s=96&d=mm&r=g","url":"https:\/\/secure.gravatar.com\/avatar\/0ad9c966c6ed3335d7fffe2c3b88880dd298c0817b71e20a6955c38f2a53f746?s=96&d=mm&r=g","contentUrl":"https:\/\/secure.gravatar.com\/avatar\/0ad9c966c6ed3335d7fffe2c3b88880dd298c0817b71e20a6955c38f2a53f746?s=96&d=mm&r=g","caption":"Lucas Rodrigues"},"url":"https:\/\/salesianossp.org.br\/osbomretiro\/author\/lucas-rodrigues\/"}]}},"_links":{"self":[{"href":"https:\/\/salesianossp.org.br\/osbomretiro\/wp-json\/wp\/v2\/posts\/4130","targetHints":{"allow":["GET"]}}],"collection":[{"href":"https:\/\/salesianossp.org.br\/osbomretiro\/wp-json\/wp\/v2\/posts"}],"about":[{"href":"https:\/\/salesianossp.org.br\/osbomretiro\/wp-json\/wp\/v2\/types\/post"}],"author":[{"embeddable":true,"href":"https:\/\/salesianossp.org.br\/osbomretiro\/wp-json\/wp\/v2\/users\/27"}],"replies":[{"embeddable":true,"href":"https:\/\/salesianossp.org.br\/osbomretiro\/wp-json\/wp\/v2\/comments?post=4130"}],"version-history":[{"count":0,"href":"https:\/\/salesianossp.org.br\/osbomretiro\/wp-json\/wp\/v2\/posts\/4130\/revisions"}],"wp:featuredmedia":[{"embeddable":true,"href":"https:\/\/salesianossp.org.br\/osbomretiro\/wp-json\/wp\/v2\/media\/4132"}],"wp:attachment":[{"href":"https:\/\/salesianossp.org.br\/osbomretiro\/wp-json\/wp\/v2\/media?parent=4130"}],"wp:term":[{"taxonomy":"category","embeddable":true,"href":"https:\/\/salesianossp.org.br\/osbomretiro\/wp-json\/wp\/v2\/categories?post=4130"},{"taxonomy":"post_tag","embeddable":true,"href":"https:\/\/salesianossp.org.br\/osbomretiro\/wp-json\/wp\/v2\/tags?post=4130"}],"curies":[{"name":"wp","href":"https:\/\/api.w.org\/{rel}","templated":true}]}}