{"id":4318,"date":"2022-10-05T13:32:10","date_gmt":"2022-10-05T16:32:10","guid":{"rendered":"https:\/\/salesianossp.org.br\/osbomretiro\/?p=4318"},"modified":"2022-10-05T13:32:10","modified_gmt":"2022-10-05T16:32:10","slug":"parada-tecnica-de-setembro-humilhacao-social-preconceito-e-estigma-informatica-na-pratica-para-as-equipes-operacionais-reflexao-e-alegria-na-comemoracao-do-dia-do-educador","status":"publish","type":"post","link":"https:\/\/salesianossp.org.br\/osbomretiro\/parada-tecnica-de-setembro-humilhacao-social-preconceito-e-estigma-informatica-na-pratica-para-as-equipes-operacionais-reflexao-e-alegria-na-comemoracao-do-dia-do-educador\/","title":{"rendered":"<strong>Parada T\u00e9cnica de Setembro: \u201cHumilha\u00e7\u00e3o Social, Preconceito e Estigma?\u201d; Inform\u00e1tica na pr\u00e1tica para as Equipes Operacionais, reflex\u00e3o e alegria na comemora\u00e7\u00e3o do Dia do Educador<\/strong>"},"content":{"rendered":"\n<p>No dia 30 de setembro, foi realizada a Parada T\u00e9cnica mensal do Instituto Dom Bosco S\u00e3o Paulo SP, a realiza\u00e7\u00e3o do momento formativo aconteceu na Unidade Bom Retiro com a presen\u00e7a da Equipe T\u00e9cnica de todas as Unidades: Bom Retiro, Vila Paulistana e Castelinho Dom Bosco Zona Sul. Nesta sexta-feira, foi refletido o tema: Colheita e Semeadura, houve a forma\u00e7\u00e3o com o Professor convidado Bernardo Parodi da USP sobre Humilha\u00e7\u00e3o Social, Preconceito e Estigma e orienta\u00e7\u00f5es pr\u00e1ticas com a equipe operacional sobre inform\u00e1tica. Al\u00e9m disso, muita alegria na din\u00e2mica comemorativa pelo Dia Nacional do Educador Social.<\/p>\n\n\n\n<p>A abertura da Parada de setembro foi realizada pela equipe de Pastoral, que trouxe a reflex\u00e3o sobre o que \u00e9 passageiro e o que \u00e9 de verdade. Para enfatizar, a turma ofertou uma semente de mostarda, sendo entregue para cada colaborador que deveria ent\u00e3o mentalizar seus objetivos e plantar no \u201cber\u00e7\u00e1rio\u201d de terra dispon\u00edvel. A ideia era lembrar sobre a semeadura e a colheita do dia a dia. E a pergunta que concluiu o momento, foi: \u201cO que eu quero colher?\u201d. No segundo momento, a equipe de Pastoral realizou uma gincana festiva, celebrando o Dia Nacional do Educador Social, comemorado no dia 19 do m\u00eas. Durante o momento, muita m\u00fasica, conhecimento, divers\u00e3o, integra\u00e7\u00e3o de equipes, premia\u00e7\u00f5es e sorteios. Os Educadores foram ainda contemplados pela administra\u00e7\u00e3o com kits exclusivos contendo: agenda, caneta e mochila personalizados com o logo do IDB.<\/p>\n\n\n\n<p>No momento formativo, os Educadores contaram com a palestra do Professor Bernardo Parodi, Professor de Psicologia Social do Instituto de Psicologia da USP, que abordou o tema: Humilha\u00e7\u00e3o Social, Preconceito e Estigma &#8211; Um estudo psicossocial de sofrimentos pol\u00edticos. Durante o momento, Bernardo abordou pontos como: Educa\u00e7\u00e3o inclusiva e Psicologia social. Al\u00e9m disso, prop\u00f4s a reflex\u00e3o acerca de a\u00e7\u00f5es afirmativas e pol\u00edticas de repara\u00e7\u00e3o. Entre o profundo e importante assunto abordado, o Professor refor\u00e7ou a import\u00e2ncia da escuta com o jovem e a relev\u00e2ncia da alteridade, quando nos reconhecemos na figura do outro. No final, foi aberta a palavra onde os Educadores puderam contribuir com a suas opini\u00f5es e realidades experienciadas com os Atendidos. J\u00e1 a equipe de Educadores Operacional (cozinha, manuten\u00e7\u00e3o e limpeza) recebeu a forma\u00e7\u00e3o pr\u00e1tica do Educador Marcos Nunes e Wesley Gon\u00e7alves, sobre inform\u00e1tica.\u00a0<\/p>\n\n\n\n<p>Ap\u00f3s o almo\u00e7o, as equipes seguiram para as reuni\u00f5es setoriais e, ao fim do dia, palmas para os aniversariantes do m\u00eas.<\/p>\n\n\n\n<p><strong><a href=\"https:\/\/www.facebook.com\/media\/set?vanity=InstitutoDomBoscoBomRetiro&amp;set=a.2196906250470376\" data-type=\"URL\" data-id=\"https:\/\/www.facebook.com\/media\/set?vanity=InstitutoDomBoscoBomRetiro&amp;set=a.2196906250470376\">Clique aqui para ver todas as fotos <\/a><\/strong><\/p>\n","protected":false},"excerpt":{"rendered":"<p>No dia 30 de setembro, foi realizada a Parada T\u00e9cnica mensal do Instituto Dom Bosco S\u00e3o Paulo SP, a realiza\u00e7\u00e3o do momento formativo aconteceu na Unidade Bom Retiro com a presen\u00e7a da Equipe T\u00e9cnica de todas as Unidades: Bom Retiro, Vila Paulistana e Castelinho Dom Bosco Zona Sul. Nesta sexta-feira, foi refletido o tema: Colheita [&hellip;]<\/p>\n","protected":false},"author":27,"featured_media":4319,"comment_status":"open","ping_status":"open","sticky":false,"template":"","format":"standard","meta":{"footnotes":""},"categories":[59],"tags":[],"class_list":["post-4318","post","type-post","status-publish","format-standard","has-post-thumbnail","hentry","category-noticias"],"yoast_head":"<!-- This site is optimized with the Yoast SEO plugin v27.3 - https:\/\/yoast.com\/product\/yoast-seo-wordpress\/ -->\n<title>Parada T\u00e9cnica de Setembro: \u201cHumilha\u00e7\u00e3o Social, Preconceito e Estigma?\u201d; Inform\u00e1tica na pr\u00e1tica para as Equipes Operacionais, reflex\u00e3o e alegria na comemora\u00e7\u00e3o do Dia do Educador - Instituto Dom Bosco<\/title>\n<meta name=\"robots\" content=\"index, follow, max-snippet:-1, max-image-preview:large, max-video-preview:-1\" \/>\n<link rel=\"canonical\" href=\"https:\/\/salesianossp.org.br\/osbomretiro\/parada-tecnica-de-setembro-humilhacao-social-preconceito-e-estigma-informatica-na-pratica-para-as-equipes-operacionais-reflexao-e-alegria-na-comemoracao-do-dia-do-educador\/\" \/>\n<meta property=\"og:locale\" content=\"pt_BR\" \/>\n<meta property=\"og:type\" content=\"article\" \/>\n<meta property=\"og:title\" content=\"Parada T\u00e9cnica de Setembro: \u201cHumilha\u00e7\u00e3o Social, Preconceito e Estigma?\u201d; Inform\u00e1tica na pr\u00e1tica para as Equipes Operacionais, reflex\u00e3o e alegria na comemora\u00e7\u00e3o do Dia do Educador - Instituto Dom Bosco\" \/>\n<meta property=\"og:description\" content=\"No dia 30 de setembro, foi realizada a Parada T\u00e9cnica mensal do Instituto Dom Bosco S\u00e3o Paulo SP, a realiza\u00e7\u00e3o do momento formativo aconteceu na Unidade Bom Retiro com a presen\u00e7a da Equipe T\u00e9cnica de todas as Unidades: Bom Retiro, Vila Paulistana e Castelinho Dom Bosco Zona Sul. Nesta sexta-feira, foi refletido o tema: Colheita [&hellip;]\" \/>\n<meta property=\"og:url\" content=\"https:\/\/salesianossp.org.br\/osbomretiro\/parada-tecnica-de-setembro-humilhacao-social-preconceito-e-estigma-informatica-na-pratica-para-as-equipes-operacionais-reflexao-e-alegria-na-comemoracao-do-dia-do-educador\/\" \/>\n<meta property=\"og:site_name\" content=\"Instituto Dom Bosco\" \/>\n<meta property=\"article:publisher\" content=\"https:\/\/www.facebook.com\/InstitutoDomBoscoBomRetiro\/\" \/>\n<meta property=\"article:published_time\" content=\"2022-10-05T16:32:10+00:00\" \/>\n<meta property=\"og:image\" content=\"https:\/\/salesianossp.org.br\/osbomretiro\/wp-content\/uploads\/2022\/10\/Parada-Tecnica-IDB-1024x1024.png\" \/>\n\t<meta property=\"og:image:width\" content=\"1024\" \/>\n\t<meta property=\"og:image:height\" content=\"1024\" \/>\n\t<meta property=\"og:image:type\" content=\"image\/png\" \/>\n<meta name=\"author\" content=\"Lucas Rodrigues\" \/>\n<meta name=\"twitter:card\" content=\"summary_large_image\" \/>\n<meta name=\"twitter:label1\" content=\"Escrito por\" \/>\n\t<meta name=\"twitter:data1\" content=\"Lucas Rodrigues\" \/>\n\t<meta name=\"twitter:label2\" content=\"Est. tempo de leitura\" \/>\n\t<meta name=\"twitter:data2\" content=\"2 minutos\" \/>\n<script type=\"application\/ld+json\" class=\"yoast-schema-graph\">{\"@context\":\"https:\\\/\\\/schema.org\",\"@graph\":[{\"@type\":\"Article\",\"@id\":\"https:\\\/\\\/salesianossp.org.br\\\/osbomretiro\\\/parada-tecnica-de-setembro-humilhacao-social-preconceito-e-estigma-informatica-na-pratica-para-as-equipes-operacionais-reflexao-e-alegria-na-comemoracao-do-dia-do-educador\\\/#article\",\"isPartOf\":{\"@id\":\"https:\\\/\\\/salesianossp.org.br\\\/osbomretiro\\\/parada-tecnica-de-setembro-humilhacao-social-preconceito-e-estigma-informatica-na-pratica-para-as-equipes-operacionais-reflexao-e-alegria-na-comemoracao-do-dia-do-educador\\\/\"},\"author\":{\"name\":\"Lucas Rodrigues\",\"@id\":\"https:\\\/\\\/salesianossp.org.br\\\/osbomretiro\\\/#\\\/schema\\\/person\\\/3091f5c85d13f1f81c2eadb190445d2e\"},\"headline\":\"Parada T\u00e9cnica de Setembro: \u201cHumilha\u00e7\u00e3o Social, Preconceito e Estigma?\u201d; Inform\u00e1tica na pr\u00e1tica para as Equipes Operacionais, reflex\u00e3o e alegria na comemora\u00e7\u00e3o do Dia do Educador\",\"datePublished\":\"2022-10-05T16:32:10+00:00\",\"mainEntityOfPage\":{\"@id\":\"https:\\\/\\\/salesianossp.org.br\\\/osbomretiro\\\/parada-tecnica-de-setembro-humilhacao-social-preconceito-e-estigma-informatica-na-pratica-para-as-equipes-operacionais-reflexao-e-alegria-na-comemoracao-do-dia-do-educador\\\/\"},\"wordCount\":471,\"commentCount\":0,\"publisher\":{\"@id\":\"https:\\\/\\\/salesianossp.org.br\\\/osbomretiro\\\/#organization\"},\"image\":{\"@id\":\"https:\\\/\\\/salesianossp.org.br\\\/osbomretiro\\\/parada-tecnica-de-setembro-humilhacao-social-preconceito-e-estigma-informatica-na-pratica-para-as-equipes-operacionais-reflexao-e-alegria-na-comemoracao-do-dia-do-educador\\\/#primaryimage\"},\"thumbnailUrl\":\"https:\\\/\\\/salesianossp.org.br\\\/osbomretiro\\\/wp-content\\\/uploads\\\/2022\\\/10\\\/Parada-Tecnica-IDB-scaled.png\",\"articleSection\":[\"Not\u00edcias\"],\"inLanguage\":\"pt-BR\",\"potentialAction\":[{\"@type\":\"CommentAction\",\"name\":\"Comment\",\"target\":[\"https:\\\/\\\/salesianossp.org.br\\\/osbomretiro\\\/parada-tecnica-de-setembro-humilhacao-social-preconceito-e-estigma-informatica-na-pratica-para-as-equipes-operacionais-reflexao-e-alegria-na-comemoracao-do-dia-do-educador\\\/#respond\"]}]},{\"@type\":\"WebPage\",\"@id\":\"https:\\\/\\\/salesianossp.org.br\\\/osbomretiro\\\/parada-tecnica-de-setembro-humilhacao-social-preconceito-e-estigma-informatica-na-pratica-para-as-equipes-operacionais-reflexao-e-alegria-na-comemoracao-do-dia-do-educador\\\/\",\"url\":\"https:\\\/\\\/salesianossp.org.br\\\/osbomretiro\\\/parada-tecnica-de-setembro-humilhacao-social-preconceito-e-estigma-informatica-na-pratica-para-as-equipes-operacionais-reflexao-e-alegria-na-comemoracao-do-dia-do-educador\\\/\",\"name\":\"Parada T\u00e9cnica de Setembro: \u201cHumilha\u00e7\u00e3o Social, Preconceito e Estigma?\u201d; Inform\u00e1tica na pr\u00e1tica para as Equipes Operacionais, reflex\u00e3o e alegria na comemora\u00e7\u00e3o do Dia do Educador - Instituto Dom Bosco\",\"isPartOf\":{\"@id\":\"https:\\\/\\\/salesianossp.org.br\\\/osbomretiro\\\/#website\"},\"primaryImageOfPage\":{\"@id\":\"https:\\\/\\\/salesianossp.org.br\\\/osbomretiro\\\/parada-tecnica-de-setembro-humilhacao-social-preconceito-e-estigma-informatica-na-pratica-para-as-equipes-operacionais-reflexao-e-alegria-na-comemoracao-do-dia-do-educador\\\/#primaryimage\"},\"image\":{\"@id\":\"https:\\\/\\\/salesianossp.org.br\\\/osbomretiro\\\/parada-tecnica-de-setembro-humilhacao-social-preconceito-e-estigma-informatica-na-pratica-para-as-equipes-operacionais-reflexao-e-alegria-na-comemoracao-do-dia-do-educador\\\/#primaryimage\"},\"thumbnailUrl\":\"https:\\\/\\\/salesianossp.org.br\\\/osbomretiro\\\/wp-content\\\/uploads\\\/2022\\\/10\\\/Parada-Tecnica-IDB-scaled.png\",\"datePublished\":\"2022-10-05T16:32:10+00:00\",\"breadcrumb\":{\"@id\":\"https:\\\/\\\/salesianossp.org.br\\\/osbomretiro\\\/parada-tecnica-de-setembro-humilhacao-social-preconceito-e-estigma-informatica-na-pratica-para-as-equipes-operacionais-reflexao-e-alegria-na-comemoracao-do-dia-do-educador\\\/#breadcrumb\"},\"inLanguage\":\"pt-BR\",\"potentialAction\":[{\"@type\":\"ReadAction\",\"target\":[\"https:\\\/\\\/salesianossp.org.br\\\/osbomretiro\\\/parada-tecnica-de-setembro-humilhacao-social-preconceito-e-estigma-informatica-na-pratica-para-as-equipes-operacionais-reflexao-e-alegria-na-comemoracao-do-dia-do-educador\\\/\"]}]},{\"@type\":\"ImageObject\",\"inLanguage\":\"pt-BR\",\"@id\":\"https:\\\/\\\/salesianossp.org.br\\\/osbomretiro\\\/parada-tecnica-de-setembro-humilhacao-social-preconceito-e-estigma-informatica-na-pratica-para-as-equipes-operacionais-reflexao-e-alegria-na-comemoracao-do-dia-do-educador\\\/#primaryimage\",\"url\":\"https:\\\/\\\/salesianossp.org.br\\\/osbomretiro\\\/wp-content\\\/uploads\\\/2022\\\/10\\\/Parada-Tecnica-IDB-scaled.png\",\"contentUrl\":\"https:\\\/\\\/salesianossp.org.br\\\/osbomretiro\\\/wp-content\\\/uploads\\\/2022\\\/10\\\/Parada-Tecnica-IDB-scaled.png\",\"width\":2560,\"height\":2560},{\"@type\":\"BreadcrumbList\",\"@id\":\"https:\\\/\\\/salesianossp.org.br\\\/osbomretiro\\\/parada-tecnica-de-setembro-humilhacao-social-preconceito-e-estigma-informatica-na-pratica-para-as-equipes-operacionais-reflexao-e-alegria-na-comemoracao-do-dia-do-educador\\\/#breadcrumb\",\"itemListElement\":[{\"@type\":\"ListItem\",\"position\":1,\"name\":\"In\u00edcio\",\"item\":\"https:\\\/\\\/salesianossp.org.br\\\/osbomretiro\\\/\"},{\"@type\":\"ListItem\",\"position\":2,\"name\":\"Parada T\u00e9cnica de Setembro: \u201cHumilha\u00e7\u00e3o Social, Preconceito e Estigma?\u201d; Inform\u00e1tica na pr\u00e1tica para as Equipes Operacionais, reflex\u00e3o e alegria na comemora\u00e7\u00e3o do Dia do Educador\"}]},{\"@type\":\"WebSite\",\"@id\":\"https:\\\/\\\/salesianossp.org.br\\\/osbomretiro\\\/#website\",\"url\":\"https:\\\/\\\/salesianossp.org.br\\\/osbomretiro\\\/\",\"name\":\"Instituto Dom Bosco\",\"description\":\"\",\"publisher\":{\"@id\":\"https:\\\/\\\/salesianossp.org.br\\\/osbomretiro\\\/#organization\"},\"potentialAction\":[{\"@type\":\"SearchAction\",\"target\":{\"@type\":\"EntryPoint\",\"urlTemplate\":\"https:\\\/\\\/salesianossp.org.br\\\/osbomretiro\\\/?s={search_term_string}\"},\"query-input\":{\"@type\":\"PropertyValueSpecification\",\"valueRequired\":true,\"valueName\":\"search_term_string\"}}],\"inLanguage\":\"pt-BR\"},{\"@type\":\"Organization\",\"@id\":\"https:\\\/\\\/salesianossp.org.br\\\/osbomretiro\\\/#organization\",\"name\":\"Instituto Dom Bosco\",\"url\":\"https:\\\/\\\/salesianossp.org.br\\\/osbomretiro\\\/\",\"logo\":{\"@type\":\"ImageObject\",\"inLanguage\":\"pt-BR\",\"@id\":\"https:\\\/\\\/salesianossp.org.br\\\/osbomretiro\\\/#\\\/schema\\\/logo\\\/image\\\/\",\"url\":\"https:\\\/\\\/salesianossp.org.br\\\/osbomretiro\\\/wp-content\\\/uploads\\\/2025\\\/10\\\/logotipo-instituto-dom-bosco-color-56.svg\",\"contentUrl\":\"https:\\\/\\\/salesianossp.org.br\\\/osbomretiro\\\/wp-content\\\/uploads\\\/2025\\\/10\\\/logotipo-instituto-dom-bosco-color-56.svg\",\"width\":164,\"height\":56,\"caption\":\"Instituto Dom Bosco\"},\"image\":{\"@id\":\"https:\\\/\\\/salesianossp.org.br\\\/osbomretiro\\\/#\\\/schema\\\/logo\\\/image\\\/\"},\"sameAs\":[\"https:\\\/\\\/www.facebook.com\\\/InstitutoDomBoscoBomRetiro\\\/\",\"https:\\\/\\\/www.youtube.com\\\/user\\\/Institutodb\",\"https:\\\/\\\/www.instagram.com\\\/institutodb\\\/\"]},{\"@type\":\"Person\",\"@id\":\"https:\\\/\\\/salesianossp.org.br\\\/osbomretiro\\\/#\\\/schema\\\/person\\\/3091f5c85d13f1f81c2eadb190445d2e\",\"name\":\"Lucas Rodrigues\",\"image\":{\"@type\":\"ImageObject\",\"inLanguage\":\"pt-BR\",\"@id\":\"https:\\\/\\\/secure.gravatar.com\\\/avatar\\\/0ad9c966c6ed3335d7fffe2c3b88880dd298c0817b71e20a6955c38f2a53f746?s=96&d=mm&r=g\",\"url\":\"https:\\\/\\\/secure.gravatar.com\\\/avatar\\\/0ad9c966c6ed3335d7fffe2c3b88880dd298c0817b71e20a6955c38f2a53f746?s=96&d=mm&r=g\",\"contentUrl\":\"https:\\\/\\\/secure.gravatar.com\\\/avatar\\\/0ad9c966c6ed3335d7fffe2c3b88880dd298c0817b71e20a6955c38f2a53f746?s=96&d=mm&r=g\",\"caption\":\"Lucas Rodrigues\"},\"url\":\"https:\\\/\\\/salesianossp.org.br\\\/osbomretiro\\\/author\\\/lucas-rodrigues\\\/\"}]}<\/script>\n<!-- \/ Yoast SEO plugin. -->","yoast_head_json":{"title":"Parada T\u00e9cnica de Setembro: \u201cHumilha\u00e7\u00e3o Social, Preconceito e Estigma?\u201d; Inform\u00e1tica na pr\u00e1tica para as Equipes Operacionais, reflex\u00e3o e alegria na comemora\u00e7\u00e3o do Dia do Educador - Instituto Dom Bosco","robots":{"index":"index","follow":"follow","max-snippet":"max-snippet:-1","max-image-preview":"max-image-preview:large","max-video-preview":"max-video-preview:-1"},"canonical":"https:\/\/salesianossp.org.br\/osbomretiro\/parada-tecnica-de-setembro-humilhacao-social-preconceito-e-estigma-informatica-na-pratica-para-as-equipes-operacionais-reflexao-e-alegria-na-comemoracao-do-dia-do-educador\/","og_locale":"pt_BR","og_type":"article","og_title":"Parada T\u00e9cnica de Setembro: \u201cHumilha\u00e7\u00e3o Social, Preconceito e Estigma?\u201d; Inform\u00e1tica na pr\u00e1tica para as Equipes Operacionais, reflex\u00e3o e alegria na comemora\u00e7\u00e3o do Dia do Educador - Instituto Dom Bosco","og_description":"No dia 30 de setembro, foi realizada a Parada T\u00e9cnica mensal do Instituto Dom Bosco S\u00e3o Paulo SP, a realiza\u00e7\u00e3o do momento formativo aconteceu na Unidade Bom Retiro com a presen\u00e7a da Equipe T\u00e9cnica de todas as Unidades: Bom Retiro, Vila Paulistana e Castelinho Dom Bosco Zona Sul. Nesta sexta-feira, foi refletido o tema: Colheita [&hellip;]","og_url":"https:\/\/salesianossp.org.br\/osbomretiro\/parada-tecnica-de-setembro-humilhacao-social-preconceito-e-estigma-informatica-na-pratica-para-as-equipes-operacionais-reflexao-e-alegria-na-comemoracao-do-dia-do-educador\/","og_site_name":"Instituto Dom Bosco","article_publisher":"https:\/\/www.facebook.com\/InstitutoDomBoscoBomRetiro\/","article_published_time":"2022-10-05T16:32:10+00:00","og_image":[{"width":1024,"height":1024,"url":"https:\/\/salesianossp.org.br\/osbomretiro\/wp-content\/uploads\/2022\/10\/Parada-Tecnica-IDB-1024x1024.png","type":"image\/png"}],"author":"Lucas Rodrigues","twitter_card":"summary_large_image","twitter_misc":{"Escrito por":"Lucas Rodrigues","Est. tempo de leitura":"2 minutos"},"schema":{"@context":"https:\/\/schema.org","@graph":[{"@type":"Article","@id":"https:\/\/salesianossp.org.br\/osbomretiro\/parada-tecnica-de-setembro-humilhacao-social-preconceito-e-estigma-informatica-na-pratica-para-as-equipes-operacionais-reflexao-e-alegria-na-comemoracao-do-dia-do-educador\/#article","isPartOf":{"@id":"https:\/\/salesianossp.org.br\/osbomretiro\/parada-tecnica-de-setembro-humilhacao-social-preconceito-e-estigma-informatica-na-pratica-para-as-equipes-operacionais-reflexao-e-alegria-na-comemoracao-do-dia-do-educador\/"},"author":{"name":"Lucas Rodrigues","@id":"https:\/\/salesianossp.org.br\/osbomretiro\/#\/schema\/person\/3091f5c85d13f1f81c2eadb190445d2e"},"headline":"Parada T\u00e9cnica de Setembro: \u201cHumilha\u00e7\u00e3o Social, Preconceito e Estigma?\u201d; Inform\u00e1tica na pr\u00e1tica para as Equipes Operacionais, reflex\u00e3o e alegria na comemora\u00e7\u00e3o do Dia do Educador","datePublished":"2022-10-05T16:32:10+00:00","mainEntityOfPage":{"@id":"https:\/\/salesianossp.org.br\/osbomretiro\/parada-tecnica-de-setembro-humilhacao-social-preconceito-e-estigma-informatica-na-pratica-para-as-equipes-operacionais-reflexao-e-alegria-na-comemoracao-do-dia-do-educador\/"},"wordCount":471,"commentCount":0,"publisher":{"@id":"https:\/\/salesianossp.org.br\/osbomretiro\/#organization"},"image":{"@id":"https:\/\/salesianossp.org.br\/osbomretiro\/parada-tecnica-de-setembro-humilhacao-social-preconceito-e-estigma-informatica-na-pratica-para-as-equipes-operacionais-reflexao-e-alegria-na-comemoracao-do-dia-do-educador\/#primaryimage"},"thumbnailUrl":"https:\/\/salesianossp.org.br\/osbomretiro\/wp-content\/uploads\/2022\/10\/Parada-Tecnica-IDB-scaled.png","articleSection":["Not\u00edcias"],"inLanguage":"pt-BR","potentialAction":[{"@type":"CommentAction","name":"Comment","target":["https:\/\/salesianossp.org.br\/osbomretiro\/parada-tecnica-de-setembro-humilhacao-social-preconceito-e-estigma-informatica-na-pratica-para-as-equipes-operacionais-reflexao-e-alegria-na-comemoracao-do-dia-do-educador\/#respond"]}]},{"@type":"WebPage","@id":"https:\/\/salesianossp.org.br\/osbomretiro\/parada-tecnica-de-setembro-humilhacao-social-preconceito-e-estigma-informatica-na-pratica-para-as-equipes-operacionais-reflexao-e-alegria-na-comemoracao-do-dia-do-educador\/","url":"https:\/\/salesianossp.org.br\/osbomretiro\/parada-tecnica-de-setembro-humilhacao-social-preconceito-e-estigma-informatica-na-pratica-para-as-equipes-operacionais-reflexao-e-alegria-na-comemoracao-do-dia-do-educador\/","name":"Parada T\u00e9cnica de Setembro: \u201cHumilha\u00e7\u00e3o Social, Preconceito e Estigma?\u201d; Inform\u00e1tica na pr\u00e1tica para as Equipes Operacionais, reflex\u00e3o e alegria na comemora\u00e7\u00e3o do Dia do Educador - Instituto Dom Bosco","isPartOf":{"@id":"https:\/\/salesianossp.org.br\/osbomretiro\/#website"},"primaryImageOfPage":{"@id":"https:\/\/salesianossp.org.br\/osbomretiro\/parada-tecnica-de-setembro-humilhacao-social-preconceito-e-estigma-informatica-na-pratica-para-as-equipes-operacionais-reflexao-e-alegria-na-comemoracao-do-dia-do-educador\/#primaryimage"},"image":{"@id":"https:\/\/salesianossp.org.br\/osbomretiro\/parada-tecnica-de-setembro-humilhacao-social-preconceito-e-estigma-informatica-na-pratica-para-as-equipes-operacionais-reflexao-e-alegria-na-comemoracao-do-dia-do-educador\/#primaryimage"},"thumbnailUrl":"https:\/\/salesianossp.org.br\/osbomretiro\/wp-content\/uploads\/2022\/10\/Parada-Tecnica-IDB-scaled.png","datePublished":"2022-10-05T16:32:10+00:00","breadcrumb":{"@id":"https:\/\/salesianossp.org.br\/osbomretiro\/parada-tecnica-de-setembro-humilhacao-social-preconceito-e-estigma-informatica-na-pratica-para-as-equipes-operacionais-reflexao-e-alegria-na-comemoracao-do-dia-do-educador\/#breadcrumb"},"inLanguage":"pt-BR","potentialAction":[{"@type":"ReadAction","target":["https:\/\/salesianossp.org.br\/osbomretiro\/parada-tecnica-de-setembro-humilhacao-social-preconceito-e-estigma-informatica-na-pratica-para-as-equipes-operacionais-reflexao-e-alegria-na-comemoracao-do-dia-do-educador\/"]}]},{"@type":"ImageObject","inLanguage":"pt-BR","@id":"https:\/\/salesianossp.org.br\/osbomretiro\/parada-tecnica-de-setembro-humilhacao-social-preconceito-e-estigma-informatica-na-pratica-para-as-equipes-operacionais-reflexao-e-alegria-na-comemoracao-do-dia-do-educador\/#primaryimage","url":"https:\/\/salesianossp.org.br\/osbomretiro\/wp-content\/uploads\/2022\/10\/Parada-Tecnica-IDB-scaled.png","contentUrl":"https:\/\/salesianossp.org.br\/osbomretiro\/wp-content\/uploads\/2022\/10\/Parada-Tecnica-IDB-scaled.png","width":2560,"height":2560},{"@type":"BreadcrumbList","@id":"https:\/\/salesianossp.org.br\/osbomretiro\/parada-tecnica-de-setembro-humilhacao-social-preconceito-e-estigma-informatica-na-pratica-para-as-equipes-operacionais-reflexao-e-alegria-na-comemoracao-do-dia-do-educador\/#breadcrumb","itemListElement":[{"@type":"ListItem","position":1,"name":"In\u00edcio","item":"https:\/\/salesianossp.org.br\/osbomretiro\/"},{"@type":"ListItem","position":2,"name":"Parada T\u00e9cnica de Setembro: \u201cHumilha\u00e7\u00e3o Social, Preconceito e Estigma?\u201d; Inform\u00e1tica na pr\u00e1tica para as Equipes Operacionais, reflex\u00e3o e alegria na comemora\u00e7\u00e3o do Dia do Educador"}]},{"@type":"WebSite","@id":"https:\/\/salesianossp.org.br\/osbomretiro\/#website","url":"https:\/\/salesianossp.org.br\/osbomretiro\/","name":"Instituto Dom Bosco","description":"","publisher":{"@id":"https:\/\/salesianossp.org.br\/osbomretiro\/#organization"},"potentialAction":[{"@type":"SearchAction","target":{"@type":"EntryPoint","urlTemplate":"https:\/\/salesianossp.org.br\/osbomretiro\/?s={search_term_string}"},"query-input":{"@type":"PropertyValueSpecification","valueRequired":true,"valueName":"search_term_string"}}],"inLanguage":"pt-BR"},{"@type":"Organization","@id":"https:\/\/salesianossp.org.br\/osbomretiro\/#organization","name":"Instituto Dom Bosco","url":"https:\/\/salesianossp.org.br\/osbomretiro\/","logo":{"@type":"ImageObject","inLanguage":"pt-BR","@id":"https:\/\/salesianossp.org.br\/osbomretiro\/#\/schema\/logo\/image\/","url":"https:\/\/salesianossp.org.br\/osbomretiro\/wp-content\/uploads\/2025\/10\/logotipo-instituto-dom-bosco-color-56.svg","contentUrl":"https:\/\/salesianossp.org.br\/osbomretiro\/wp-content\/uploads\/2025\/10\/logotipo-instituto-dom-bosco-color-56.svg","width":164,"height":56,"caption":"Instituto Dom Bosco"},"image":{"@id":"https:\/\/salesianossp.org.br\/osbomretiro\/#\/schema\/logo\/image\/"},"sameAs":["https:\/\/www.facebook.com\/InstitutoDomBoscoBomRetiro\/","https:\/\/www.youtube.com\/user\/Institutodb","https:\/\/www.instagram.com\/institutodb\/"]},{"@type":"Person","@id":"https:\/\/salesianossp.org.br\/osbomretiro\/#\/schema\/person\/3091f5c85d13f1f81c2eadb190445d2e","name":"Lucas Rodrigues","image":{"@type":"ImageObject","inLanguage":"pt-BR","@id":"https:\/\/secure.gravatar.com\/avatar\/0ad9c966c6ed3335d7fffe2c3b88880dd298c0817b71e20a6955c38f2a53f746?s=96&d=mm&r=g","url":"https:\/\/secure.gravatar.com\/avatar\/0ad9c966c6ed3335d7fffe2c3b88880dd298c0817b71e20a6955c38f2a53f746?s=96&d=mm&r=g","contentUrl":"https:\/\/secure.gravatar.com\/avatar\/0ad9c966c6ed3335d7fffe2c3b88880dd298c0817b71e20a6955c38f2a53f746?s=96&d=mm&r=g","caption":"Lucas Rodrigues"},"url":"https:\/\/salesianossp.org.br\/osbomretiro\/author\/lucas-rodrigues\/"}]}},"_links":{"self":[{"href":"https:\/\/salesianossp.org.br\/osbomretiro\/wp-json\/wp\/v2\/posts\/4318","targetHints":{"allow":["GET"]}}],"collection":[{"href":"https:\/\/salesianossp.org.br\/osbomretiro\/wp-json\/wp\/v2\/posts"}],"about":[{"href":"https:\/\/salesianossp.org.br\/osbomretiro\/wp-json\/wp\/v2\/types\/post"}],"author":[{"embeddable":true,"href":"https:\/\/salesianossp.org.br\/osbomretiro\/wp-json\/wp\/v2\/users\/27"}],"replies":[{"embeddable":true,"href":"https:\/\/salesianossp.org.br\/osbomretiro\/wp-json\/wp\/v2\/comments?post=4318"}],"version-history":[{"count":0,"href":"https:\/\/salesianossp.org.br\/osbomretiro\/wp-json\/wp\/v2\/posts\/4318\/revisions"}],"wp:featuredmedia":[{"embeddable":true,"href":"https:\/\/salesianossp.org.br\/osbomretiro\/wp-json\/wp\/v2\/media\/4319"}],"wp:attachment":[{"href":"https:\/\/salesianossp.org.br\/osbomretiro\/wp-json\/wp\/v2\/media?parent=4318"}],"wp:term":[{"taxonomy":"category","embeddable":true,"href":"https:\/\/salesianossp.org.br\/osbomretiro\/wp-json\/wp\/v2\/categories?post=4318"},{"taxonomy":"post_tag","embeddable":true,"href":"https:\/\/salesianossp.org.br\/osbomretiro\/wp-json\/wp\/v2\/tags?post=4318"}],"curies":[{"name":"wp","href":"https:\/\/api.w.org\/{rel}","templated":true}]}}