{"id":4558,"date":"2022-11-09T16:53:12","date_gmt":"2022-11-09T19:53:12","guid":{"rendered":"https:\/\/salesianossp.org.br\/osbomretiro\/?p=4558"},"modified":"2022-11-09T16:53:12","modified_gmt":"2022-11-09T19:53:12","slug":"parceria-com-a-editora-paulus-promove-reflexao-e-projeto-com-criancas-e-adolescentes","status":"publish","type":"post","link":"https:\/\/salesianossp.org.br\/osbomretiro\/parceria-com-a-editora-paulus-promove-reflexao-e-projeto-com-criancas-e-adolescentes\/","title":{"rendered":"<strong>Parceria com a Editora Paulus promove reflex\u00e3o e projeto com Crian\u00e7as e Adolescentes<\/strong>"},"content":{"rendered":"\n<p>O CCA do Castelinho Dom Bosco Cidade Ademar do Instituto Dom Bosco S\u00e3o Paulo SP, realizou junto com \u00e0 Paulus &#8211; Editora e com mais 36 servi\u00e7os da Rede, da regi\u00e3o, um Projeto de Leitura, onde a Editora concedeu um conjunto de livros para cada crian\u00e7a e jovem. Entre as obras doadas, os Educadores da Unidade realizaram um trabalho de reflex\u00e3o com um dos volumes: Na minha casa \u00e9 assim &#8211;&nbsp;Claudiano Avelino dos Santos<\/p>\n\n\n\n<p>Durante o projeto, o Educador respons\u00e1vel passou por uma forma\u00e7\u00e3o dada pela Paulus. Para concluir a atividade, foi realizado um v\u00eddeo com uma das abordagens &#8211; que ser\u00e1 incorporado ao acervo da regi\u00e3o (existe um reposit\u00f3rio de v\u00eddeos sobre os trabalhos da regi\u00e3o).&nbsp;<\/p>\n\n\n\n<p>&#8220;O intuito deste trabalho foi discutir o valor da fam\u00edlia, como eles almejam as viv\u00eancias com seus familiares e, como valorizar os momentos que vivenciamos. Foi ressaltado que algumas coisas acontecem na minha, na sua, na casa de todo mundo.&nbsp;Foi muito emocionante e bonito, as crian\u00e7as se abriram bastante e se emocionaram tamb\u00e9m. Foi realmente engrandecedor!&#8221;, declarou Diomara Lima, Educadora do CCA.<\/p>\n\n\n\n<p><strong><a href=\"https:\/\/youtu.be\/LufwkGhY4Bg\" data-type=\"URL\" data-id=\"https:\/\/youtu.be\/LufwkGhY4Bg\">Clique aqui e acesse o v\u00eddeo<\/a><\/strong><\/p>\n","protected":false},"excerpt":{"rendered":"<p>O CCA do Castelinho Dom Bosco Cidade Ademar do Instituto Dom Bosco S\u00e3o Paulo SP, realizou junto com \u00e0 Paulus &#8211; Editora e com mais 36 servi\u00e7os da Rede, da regi\u00e3o, um Projeto de Leitura, onde a Editora concedeu um conjunto de livros para cada crian\u00e7a e jovem. Entre as obras doadas, os Educadores da [&hellip;]<\/p>\n","protected":false},"author":27,"featured_media":4560,"comment_status":"open","ping_status":"open","sticky":false,"template":"","format":"standard","meta":{"footnotes":""},"categories":[59],"tags":[],"class_list":["post-4558","post","type-post","status-publish","format-standard","has-post-thumbnail","hentry","category-noticias"],"yoast_head":"<!-- This site is optimized with the Yoast SEO plugin v27.3 - https:\/\/yoast.com\/product\/yoast-seo-wordpress\/ -->\n<title>Parceria com a Editora Paulus promove reflex\u00e3o e projeto com Crian\u00e7as e Adolescentes - Instituto Dom Bosco<\/title>\n<meta name=\"robots\" content=\"index, follow, max-snippet:-1, max-image-preview:large, max-video-preview:-1\" \/>\n<link rel=\"canonical\" href=\"https:\/\/salesianossp.org.br\/osbomretiro\/parceria-com-a-editora-paulus-promove-reflexao-e-projeto-com-criancas-e-adolescentes\/\" \/>\n<meta property=\"og:locale\" content=\"pt_BR\" \/>\n<meta property=\"og:type\" content=\"article\" \/>\n<meta property=\"og:title\" content=\"Parceria com a Editora Paulus promove reflex\u00e3o e projeto com Crian\u00e7as e Adolescentes - Instituto Dom Bosco\" \/>\n<meta property=\"og:description\" content=\"O CCA do Castelinho Dom Bosco Cidade Ademar do Instituto Dom Bosco S\u00e3o Paulo SP, realizou junto com \u00e0 Paulus &#8211; Editora e com mais 36 servi\u00e7os da Rede, da regi\u00e3o, um Projeto de Leitura, onde a Editora concedeu um conjunto de livros para cada crian\u00e7a e jovem. Entre as obras doadas, os Educadores da [&hellip;]\" \/>\n<meta property=\"og:url\" content=\"https:\/\/salesianossp.org.br\/osbomretiro\/parceria-com-a-editora-paulus-promove-reflexao-e-projeto-com-criancas-e-adolescentes\/\" \/>\n<meta property=\"og:site_name\" content=\"Instituto Dom Bosco\" \/>\n<meta property=\"article:publisher\" content=\"https:\/\/www.facebook.com\/InstitutoDomBoscoBomRetiro\/\" \/>\n<meta property=\"article:published_time\" content=\"2022-11-09T19:53:12+00:00\" \/>\n<meta property=\"og:image\" content=\"https:\/\/salesianossp.org.br\/osbomretiro\/wp-content\/uploads\/2022\/11\/Publicacoes-IDB-2-2-scaled.png\" \/>\n\t<meta property=\"og:image:width\" content=\"2560\" \/>\n\t<meta property=\"og:image:height\" content=\"2560\" \/>\n\t<meta property=\"og:image:type\" content=\"image\/png\" \/>\n<meta name=\"author\" content=\"Lucas Rodrigues\" \/>\n<meta name=\"twitter:card\" content=\"summary_large_image\" \/>\n<meta name=\"twitter:label1\" content=\"Escrito por\" \/>\n\t<meta name=\"twitter:data1\" content=\"Lucas Rodrigues\" \/>\n\t<meta name=\"twitter:label2\" content=\"Est. tempo de leitura\" \/>\n\t<meta name=\"twitter:data2\" content=\"1 minuto\" \/>\n<script type=\"application\/ld+json\" class=\"yoast-schema-graph\">{\"@context\":\"https:\\\/\\\/schema.org\",\"@graph\":[{\"@type\":\"Article\",\"@id\":\"https:\\\/\\\/salesianossp.org.br\\\/osbomretiro\\\/parceria-com-a-editora-paulus-promove-reflexao-e-projeto-com-criancas-e-adolescentes\\\/#article\",\"isPartOf\":{\"@id\":\"https:\\\/\\\/salesianossp.org.br\\\/osbomretiro\\\/parceria-com-a-editora-paulus-promove-reflexao-e-projeto-com-criancas-e-adolescentes\\\/\"},\"author\":{\"name\":\"Lucas Rodrigues\",\"@id\":\"https:\\\/\\\/salesianossp.org.br\\\/osbomretiro\\\/#\\\/schema\\\/person\\\/3091f5c85d13f1f81c2eadb190445d2e\"},\"headline\":\"Parceria com a Editora Paulus promove reflex\u00e3o e projeto com Crian\u00e7as e Adolescentes\",\"datePublished\":\"2022-11-09T19:53:12+00:00\",\"mainEntityOfPage\":{\"@id\":\"https:\\\/\\\/salesianossp.org.br\\\/osbomretiro\\\/parceria-com-a-editora-paulus-promove-reflexao-e-projeto-com-criancas-e-adolescentes\\\/\"},\"wordCount\":219,\"commentCount\":0,\"publisher\":{\"@id\":\"https:\\\/\\\/salesianossp.org.br\\\/osbomretiro\\\/#organization\"},\"image\":{\"@id\":\"https:\\\/\\\/salesianossp.org.br\\\/osbomretiro\\\/parceria-com-a-editora-paulus-promove-reflexao-e-projeto-com-criancas-e-adolescentes\\\/#primaryimage\"},\"thumbnailUrl\":\"https:\\\/\\\/salesianossp.org.br\\\/osbomretiro\\\/wp-content\\\/uploads\\\/2022\\\/11\\\/Publicacoes-IDB-2-2-scaled.png\",\"articleSection\":[\"Not\u00edcias\"],\"inLanguage\":\"pt-BR\",\"potentialAction\":[{\"@type\":\"CommentAction\",\"name\":\"Comment\",\"target\":[\"https:\\\/\\\/salesianossp.org.br\\\/osbomretiro\\\/parceria-com-a-editora-paulus-promove-reflexao-e-projeto-com-criancas-e-adolescentes\\\/#respond\"]}]},{\"@type\":\"WebPage\",\"@id\":\"https:\\\/\\\/salesianossp.org.br\\\/osbomretiro\\\/parceria-com-a-editora-paulus-promove-reflexao-e-projeto-com-criancas-e-adolescentes\\\/\",\"url\":\"https:\\\/\\\/salesianossp.org.br\\\/osbomretiro\\\/parceria-com-a-editora-paulus-promove-reflexao-e-projeto-com-criancas-e-adolescentes\\\/\",\"name\":\"Parceria com a Editora Paulus promove reflex\u00e3o e projeto com Crian\u00e7as e Adolescentes - Instituto Dom Bosco\",\"isPartOf\":{\"@id\":\"https:\\\/\\\/salesianossp.org.br\\\/osbomretiro\\\/#website\"},\"primaryImageOfPage\":{\"@id\":\"https:\\\/\\\/salesianossp.org.br\\\/osbomretiro\\\/parceria-com-a-editora-paulus-promove-reflexao-e-projeto-com-criancas-e-adolescentes\\\/#primaryimage\"},\"image\":{\"@id\":\"https:\\\/\\\/salesianossp.org.br\\\/osbomretiro\\\/parceria-com-a-editora-paulus-promove-reflexao-e-projeto-com-criancas-e-adolescentes\\\/#primaryimage\"},\"thumbnailUrl\":\"https:\\\/\\\/salesianossp.org.br\\\/osbomretiro\\\/wp-content\\\/uploads\\\/2022\\\/11\\\/Publicacoes-IDB-2-2-scaled.png\",\"datePublished\":\"2022-11-09T19:53:12+00:00\",\"breadcrumb\":{\"@id\":\"https:\\\/\\\/salesianossp.org.br\\\/osbomretiro\\\/parceria-com-a-editora-paulus-promove-reflexao-e-projeto-com-criancas-e-adolescentes\\\/#breadcrumb\"},\"inLanguage\":\"pt-BR\",\"potentialAction\":[{\"@type\":\"ReadAction\",\"target\":[\"https:\\\/\\\/salesianossp.org.br\\\/osbomretiro\\\/parceria-com-a-editora-paulus-promove-reflexao-e-projeto-com-criancas-e-adolescentes\\\/\"]}]},{\"@type\":\"ImageObject\",\"inLanguage\":\"pt-BR\",\"@id\":\"https:\\\/\\\/salesianossp.org.br\\\/osbomretiro\\\/parceria-com-a-editora-paulus-promove-reflexao-e-projeto-com-criancas-e-adolescentes\\\/#primaryimage\",\"url\":\"https:\\\/\\\/salesianossp.org.br\\\/osbomretiro\\\/wp-content\\\/uploads\\\/2022\\\/11\\\/Publicacoes-IDB-2-2-scaled.png\",\"contentUrl\":\"https:\\\/\\\/salesianossp.org.br\\\/osbomretiro\\\/wp-content\\\/uploads\\\/2022\\\/11\\\/Publicacoes-IDB-2-2-scaled.png\",\"width\":2560,\"height\":2560},{\"@type\":\"BreadcrumbList\",\"@id\":\"https:\\\/\\\/salesianossp.org.br\\\/osbomretiro\\\/parceria-com-a-editora-paulus-promove-reflexao-e-projeto-com-criancas-e-adolescentes\\\/#breadcrumb\",\"itemListElement\":[{\"@type\":\"ListItem\",\"position\":1,\"name\":\"In\u00edcio\",\"item\":\"https:\\\/\\\/salesianossp.org.br\\\/osbomretiro\\\/\"},{\"@type\":\"ListItem\",\"position\":2,\"name\":\"Parceria com a Editora Paulus promove reflex\u00e3o e projeto com Crian\u00e7as e Adolescentes\"}]},{\"@type\":\"WebSite\",\"@id\":\"https:\\\/\\\/salesianossp.org.br\\\/osbomretiro\\\/#website\",\"url\":\"https:\\\/\\\/salesianossp.org.br\\\/osbomretiro\\\/\",\"name\":\"Instituto Dom Bosco\",\"description\":\"\",\"publisher\":{\"@id\":\"https:\\\/\\\/salesianossp.org.br\\\/osbomretiro\\\/#organization\"},\"potentialAction\":[{\"@type\":\"SearchAction\",\"target\":{\"@type\":\"EntryPoint\",\"urlTemplate\":\"https:\\\/\\\/salesianossp.org.br\\\/osbomretiro\\\/?s={search_term_string}\"},\"query-input\":{\"@type\":\"PropertyValueSpecification\",\"valueRequired\":true,\"valueName\":\"search_term_string\"}}],\"inLanguage\":\"pt-BR\"},{\"@type\":\"Organization\",\"@id\":\"https:\\\/\\\/salesianossp.org.br\\\/osbomretiro\\\/#organization\",\"name\":\"Instituto Dom Bosco\",\"url\":\"https:\\\/\\\/salesianossp.org.br\\\/osbomretiro\\\/\",\"logo\":{\"@type\":\"ImageObject\",\"inLanguage\":\"pt-BR\",\"@id\":\"https:\\\/\\\/salesianossp.org.br\\\/osbomretiro\\\/#\\\/schema\\\/logo\\\/image\\\/\",\"url\":\"https:\\\/\\\/salesianossp.org.br\\\/osbomretiro\\\/wp-content\\\/uploads\\\/2025\\\/10\\\/logotipo-instituto-dom-bosco-color-56.svg\",\"contentUrl\":\"https:\\\/\\\/salesianossp.org.br\\\/osbomretiro\\\/wp-content\\\/uploads\\\/2025\\\/10\\\/logotipo-instituto-dom-bosco-color-56.svg\",\"width\":164,\"height\":56,\"caption\":\"Instituto Dom Bosco\"},\"image\":{\"@id\":\"https:\\\/\\\/salesianossp.org.br\\\/osbomretiro\\\/#\\\/schema\\\/logo\\\/image\\\/\"},\"sameAs\":[\"https:\\\/\\\/www.facebook.com\\\/InstitutoDomBoscoBomRetiro\\\/\",\"https:\\\/\\\/www.youtube.com\\\/user\\\/Institutodb\",\"https:\\\/\\\/www.instagram.com\\\/institutodb\\\/\"]},{\"@type\":\"Person\",\"@id\":\"https:\\\/\\\/salesianossp.org.br\\\/osbomretiro\\\/#\\\/schema\\\/person\\\/3091f5c85d13f1f81c2eadb190445d2e\",\"name\":\"Lucas Rodrigues\",\"image\":{\"@type\":\"ImageObject\",\"inLanguage\":\"pt-BR\",\"@id\":\"https:\\\/\\\/secure.gravatar.com\\\/avatar\\\/0ad9c966c6ed3335d7fffe2c3b88880dd298c0817b71e20a6955c38f2a53f746?s=96&d=mm&r=g\",\"url\":\"https:\\\/\\\/secure.gravatar.com\\\/avatar\\\/0ad9c966c6ed3335d7fffe2c3b88880dd298c0817b71e20a6955c38f2a53f746?s=96&d=mm&r=g\",\"contentUrl\":\"https:\\\/\\\/secure.gravatar.com\\\/avatar\\\/0ad9c966c6ed3335d7fffe2c3b88880dd298c0817b71e20a6955c38f2a53f746?s=96&d=mm&r=g\",\"caption\":\"Lucas Rodrigues\"},\"url\":\"https:\\\/\\\/salesianossp.org.br\\\/osbomretiro\\\/author\\\/lucas-rodrigues\\\/\"}]}<\/script>\n<!-- \/ Yoast SEO plugin. -->","yoast_head_json":{"title":"Parceria com a Editora Paulus promove reflex\u00e3o e projeto com Crian\u00e7as e Adolescentes - Instituto Dom Bosco","robots":{"index":"index","follow":"follow","max-snippet":"max-snippet:-1","max-image-preview":"max-image-preview:large","max-video-preview":"max-video-preview:-1"},"canonical":"https:\/\/salesianossp.org.br\/osbomretiro\/parceria-com-a-editora-paulus-promove-reflexao-e-projeto-com-criancas-e-adolescentes\/","og_locale":"pt_BR","og_type":"article","og_title":"Parceria com a Editora Paulus promove reflex\u00e3o e projeto com Crian\u00e7as e Adolescentes - Instituto Dom Bosco","og_description":"O CCA do Castelinho Dom Bosco Cidade Ademar do Instituto Dom Bosco S\u00e3o Paulo SP, realizou junto com \u00e0 Paulus &#8211; Editora e com mais 36 servi\u00e7os da Rede, da regi\u00e3o, um Projeto de Leitura, onde a Editora concedeu um conjunto de livros para cada crian\u00e7a e jovem. Entre as obras doadas, os Educadores da [&hellip;]","og_url":"https:\/\/salesianossp.org.br\/osbomretiro\/parceria-com-a-editora-paulus-promove-reflexao-e-projeto-com-criancas-e-adolescentes\/","og_site_name":"Instituto Dom Bosco","article_publisher":"https:\/\/www.facebook.com\/InstitutoDomBoscoBomRetiro\/","article_published_time":"2022-11-09T19:53:12+00:00","og_image":[{"width":2560,"height":2560,"url":"https:\/\/salesianossp.org.br\/osbomretiro\/wp-content\/uploads\/2022\/11\/Publicacoes-IDB-2-2-scaled.png","type":"image\/png"}],"author":"Lucas Rodrigues","twitter_card":"summary_large_image","twitter_misc":{"Escrito por":"Lucas Rodrigues","Est. tempo de leitura":"1 minuto"},"schema":{"@context":"https:\/\/schema.org","@graph":[{"@type":"Article","@id":"https:\/\/salesianossp.org.br\/osbomretiro\/parceria-com-a-editora-paulus-promove-reflexao-e-projeto-com-criancas-e-adolescentes\/#article","isPartOf":{"@id":"https:\/\/salesianossp.org.br\/osbomretiro\/parceria-com-a-editora-paulus-promove-reflexao-e-projeto-com-criancas-e-adolescentes\/"},"author":{"name":"Lucas Rodrigues","@id":"https:\/\/salesianossp.org.br\/osbomretiro\/#\/schema\/person\/3091f5c85d13f1f81c2eadb190445d2e"},"headline":"Parceria com a Editora Paulus promove reflex\u00e3o e projeto com Crian\u00e7as e Adolescentes","datePublished":"2022-11-09T19:53:12+00:00","mainEntityOfPage":{"@id":"https:\/\/salesianossp.org.br\/osbomretiro\/parceria-com-a-editora-paulus-promove-reflexao-e-projeto-com-criancas-e-adolescentes\/"},"wordCount":219,"commentCount":0,"publisher":{"@id":"https:\/\/salesianossp.org.br\/osbomretiro\/#organization"},"image":{"@id":"https:\/\/salesianossp.org.br\/osbomretiro\/parceria-com-a-editora-paulus-promove-reflexao-e-projeto-com-criancas-e-adolescentes\/#primaryimage"},"thumbnailUrl":"https:\/\/salesianossp.org.br\/osbomretiro\/wp-content\/uploads\/2022\/11\/Publicacoes-IDB-2-2-scaled.png","articleSection":["Not\u00edcias"],"inLanguage":"pt-BR","potentialAction":[{"@type":"CommentAction","name":"Comment","target":["https:\/\/salesianossp.org.br\/osbomretiro\/parceria-com-a-editora-paulus-promove-reflexao-e-projeto-com-criancas-e-adolescentes\/#respond"]}]},{"@type":"WebPage","@id":"https:\/\/salesianossp.org.br\/osbomretiro\/parceria-com-a-editora-paulus-promove-reflexao-e-projeto-com-criancas-e-adolescentes\/","url":"https:\/\/salesianossp.org.br\/osbomretiro\/parceria-com-a-editora-paulus-promove-reflexao-e-projeto-com-criancas-e-adolescentes\/","name":"Parceria com a Editora Paulus promove reflex\u00e3o e projeto com Crian\u00e7as e Adolescentes - Instituto Dom Bosco","isPartOf":{"@id":"https:\/\/salesianossp.org.br\/osbomretiro\/#website"},"primaryImageOfPage":{"@id":"https:\/\/salesianossp.org.br\/osbomretiro\/parceria-com-a-editora-paulus-promove-reflexao-e-projeto-com-criancas-e-adolescentes\/#primaryimage"},"image":{"@id":"https:\/\/salesianossp.org.br\/osbomretiro\/parceria-com-a-editora-paulus-promove-reflexao-e-projeto-com-criancas-e-adolescentes\/#primaryimage"},"thumbnailUrl":"https:\/\/salesianossp.org.br\/osbomretiro\/wp-content\/uploads\/2022\/11\/Publicacoes-IDB-2-2-scaled.png","datePublished":"2022-11-09T19:53:12+00:00","breadcrumb":{"@id":"https:\/\/salesianossp.org.br\/osbomretiro\/parceria-com-a-editora-paulus-promove-reflexao-e-projeto-com-criancas-e-adolescentes\/#breadcrumb"},"inLanguage":"pt-BR","potentialAction":[{"@type":"ReadAction","target":["https:\/\/salesianossp.org.br\/osbomretiro\/parceria-com-a-editora-paulus-promove-reflexao-e-projeto-com-criancas-e-adolescentes\/"]}]},{"@type":"ImageObject","inLanguage":"pt-BR","@id":"https:\/\/salesianossp.org.br\/osbomretiro\/parceria-com-a-editora-paulus-promove-reflexao-e-projeto-com-criancas-e-adolescentes\/#primaryimage","url":"https:\/\/salesianossp.org.br\/osbomretiro\/wp-content\/uploads\/2022\/11\/Publicacoes-IDB-2-2-scaled.png","contentUrl":"https:\/\/salesianossp.org.br\/osbomretiro\/wp-content\/uploads\/2022\/11\/Publicacoes-IDB-2-2-scaled.png","width":2560,"height":2560},{"@type":"BreadcrumbList","@id":"https:\/\/salesianossp.org.br\/osbomretiro\/parceria-com-a-editora-paulus-promove-reflexao-e-projeto-com-criancas-e-adolescentes\/#breadcrumb","itemListElement":[{"@type":"ListItem","position":1,"name":"In\u00edcio","item":"https:\/\/salesianossp.org.br\/osbomretiro\/"},{"@type":"ListItem","position":2,"name":"Parceria com a Editora Paulus promove reflex\u00e3o e projeto com Crian\u00e7as e Adolescentes"}]},{"@type":"WebSite","@id":"https:\/\/salesianossp.org.br\/osbomretiro\/#website","url":"https:\/\/salesianossp.org.br\/osbomretiro\/","name":"Instituto Dom Bosco","description":"","publisher":{"@id":"https:\/\/salesianossp.org.br\/osbomretiro\/#organization"},"potentialAction":[{"@type":"SearchAction","target":{"@type":"EntryPoint","urlTemplate":"https:\/\/salesianossp.org.br\/osbomretiro\/?s={search_term_string}"},"query-input":{"@type":"PropertyValueSpecification","valueRequired":true,"valueName":"search_term_string"}}],"inLanguage":"pt-BR"},{"@type":"Organization","@id":"https:\/\/salesianossp.org.br\/osbomretiro\/#organization","name":"Instituto Dom Bosco","url":"https:\/\/salesianossp.org.br\/osbomretiro\/","logo":{"@type":"ImageObject","inLanguage":"pt-BR","@id":"https:\/\/salesianossp.org.br\/osbomretiro\/#\/schema\/logo\/image\/","url":"https:\/\/salesianossp.org.br\/osbomretiro\/wp-content\/uploads\/2025\/10\/logotipo-instituto-dom-bosco-color-56.svg","contentUrl":"https:\/\/salesianossp.org.br\/osbomretiro\/wp-content\/uploads\/2025\/10\/logotipo-instituto-dom-bosco-color-56.svg","width":164,"height":56,"caption":"Instituto Dom Bosco"},"image":{"@id":"https:\/\/salesianossp.org.br\/osbomretiro\/#\/schema\/logo\/image\/"},"sameAs":["https:\/\/www.facebook.com\/InstitutoDomBoscoBomRetiro\/","https:\/\/www.youtube.com\/user\/Institutodb","https:\/\/www.instagram.com\/institutodb\/"]},{"@type":"Person","@id":"https:\/\/salesianossp.org.br\/osbomretiro\/#\/schema\/person\/3091f5c85d13f1f81c2eadb190445d2e","name":"Lucas Rodrigues","image":{"@type":"ImageObject","inLanguage":"pt-BR","@id":"https:\/\/secure.gravatar.com\/avatar\/0ad9c966c6ed3335d7fffe2c3b88880dd298c0817b71e20a6955c38f2a53f746?s=96&d=mm&r=g","url":"https:\/\/secure.gravatar.com\/avatar\/0ad9c966c6ed3335d7fffe2c3b88880dd298c0817b71e20a6955c38f2a53f746?s=96&d=mm&r=g","contentUrl":"https:\/\/secure.gravatar.com\/avatar\/0ad9c966c6ed3335d7fffe2c3b88880dd298c0817b71e20a6955c38f2a53f746?s=96&d=mm&r=g","caption":"Lucas Rodrigues"},"url":"https:\/\/salesianossp.org.br\/osbomretiro\/author\/lucas-rodrigues\/"}]}},"_links":{"self":[{"href":"https:\/\/salesianossp.org.br\/osbomretiro\/wp-json\/wp\/v2\/posts\/4558","targetHints":{"allow":["GET"]}}],"collection":[{"href":"https:\/\/salesianossp.org.br\/osbomretiro\/wp-json\/wp\/v2\/posts"}],"about":[{"href":"https:\/\/salesianossp.org.br\/osbomretiro\/wp-json\/wp\/v2\/types\/post"}],"author":[{"embeddable":true,"href":"https:\/\/salesianossp.org.br\/osbomretiro\/wp-json\/wp\/v2\/users\/27"}],"replies":[{"embeddable":true,"href":"https:\/\/salesianossp.org.br\/osbomretiro\/wp-json\/wp\/v2\/comments?post=4558"}],"version-history":[{"count":0,"href":"https:\/\/salesianossp.org.br\/osbomretiro\/wp-json\/wp\/v2\/posts\/4558\/revisions"}],"wp:featuredmedia":[{"embeddable":true,"href":"https:\/\/salesianossp.org.br\/osbomretiro\/wp-json\/wp\/v2\/media\/4560"}],"wp:attachment":[{"href":"https:\/\/salesianossp.org.br\/osbomretiro\/wp-json\/wp\/v2\/media?parent=4558"}],"wp:term":[{"taxonomy":"category","embeddable":true,"href":"https:\/\/salesianossp.org.br\/osbomretiro\/wp-json\/wp\/v2\/categories?post=4558"},{"taxonomy":"post_tag","embeddable":true,"href":"https:\/\/salesianossp.org.br\/osbomretiro\/wp-json\/wp\/v2\/tags?post=4558"}],"curies":[{"name":"wp","href":"https:\/\/api.w.org\/{rel}","templated":true}]}}