{"id":4595,"date":"2022-11-28T16:13:11","date_gmt":"2022-11-28T19:13:11","guid":{"rendered":"https:\/\/salesianossp.org.br\/osbomretiro\/?p=4595"},"modified":"2022-11-28T16:13:11","modified_gmt":"2022-11-28T19:13:11","slug":"cedesp-vila-paulistana-realiza-ii-quilombo-salesiano-com-roda-de-capoeira-e-visita-de-escritor","status":"publish","type":"post","link":"https:\/\/salesianossp.org.br\/osbomretiro\/cedesp-vila-paulistana-realiza-ii-quilombo-salesiano-com-roda-de-capoeira-e-visita-de-escritor\/","title":{"rendered":"CEDESP Vila Paulistana realiza II Quilombo Salesiano com roda de capoeira e visita de escritor"},"content":{"rendered":"\n<p><em>Aquilombar com Dom Bosco no di\u00e1logo, no respeito e na alegria!<\/em><\/p>\n\n\n\n<figure class=\"wp-block-table\"><table><tbody><tr><td><br>Com o objetivo de fomentar a reflex\u00e3o, a discuss\u00e3o e a constru\u00e7\u00e3o de a\u00e7\u00f5es concretas para enfrentarmos e combater o Racismo, iluminados pelos princ\u00edpios e valores da Pedagogia Salesiana, o CEDESP Dom Bosco Unidade Vila Paulistana, do Instituto Dom Bosco, no dia 18 de novembro realizou o II Quilombo Salesiano &#8211; Arquitetura Ancestral da \u00c1frica e do Pindorama antes da Coloniza\u00e7\u00e3o. O momento foi organizado e orientado pelos educadores Gaiza Camerinda, Fl\u00e1via de Souza e Israel Marques da Unidade.<br><br>&#8220;Ambientamos o Espa\u00e7o do CEDESP com imagens de Personalidades Negras, preparamos uma exposi\u00e7\u00e3o com objetos \u00a0que remetem \u00e0s nossas ra\u00edzes ancestrais, como colares, brincos, quadros, cocar, marac\u00e1s, entre outros, al\u00e9m de fotos de caracter\u00edsticas f\u00edsicas que comp\u00f5e a beleza e a diversidade de nosso Ser.&#8221;, <strong>declarou Israel.\u00a0<\/strong><br><br>A abertura do Quilombo foi realizada pelo Educador\u00a0Gerson Rocha, que fez um resgate sobre identidade e as Ra\u00edzes do Pindorama; As Na\u00e7\u00f5es e povos que habitavam a Aby Ayala \u2013 Am\u00e9ricas \u2013 antes da invas\u00e3o. Sua diversidade lingu\u00edstica, sua identidade. Enfatizou as organiza\u00e7\u00f5es desses povos, sobretudo no territ\u00f3rio nacional; depois na dimens\u00e3o do Estado de s\u00e3o Paulo e, por fim, no territ\u00f3rio, onde hoje \u00e9 a Cidade e, evoca-nos sobre a necessidade de rememorarmos nossa hist\u00f3ria a fim de garantir a autonomia, identidade e ancestralidade dos povos origin\u00e1rios como leg\u00edtimos Donos dessas terras. \u00a0Sob a orienta\u00e7\u00e3o da Educadora Gaiza, tivemos uma fala potente, jovem e empoderada, por meio do Grupo de jovens do Programa de Trainee da MAGAZINE LUIZA, que tem por objetivo preparar jovens negras para cargos de lideran\u00e7a dentro da Empresa. Fora \u00a0produzido \u00a0um v\u00eddeo dizendo de como sua Ancestralidade, suas ra\u00edzes foram importantes para lev\u00e1-las aonde hoje elas se encontram e, estando a\u00ed, nesse lugar de conquista, o que elas projetam de futuro para os outros que vir\u00e3o depois delas; e s\u00e3o categ\u00f3ricas: \u201cQue sejamos o \u00faltimo grupo dos primeiros&#8230;\u201d. Na sequ\u00eancia, momentos de viv\u00eancias, a partir das oficinas de Ch\u00e1, sa\u00fade e ancestralidade com a Educadora Fl\u00e1via; que resgatou essa sabedoria ancestral aliado ao cuidado, carinho, mem\u00f3ria e resist\u00eancia desse conhecimento que salva e protege. Fl\u00e1via tamb\u00e9m liderou a Oficina de Confec\u00e7\u00e3o de Brincos; socializando a tradi\u00e7\u00e3o do Artesanato Ind\u00edgena, com o Educador Gerson. Espa\u00e7o de Enfeite e penteados, promovida pelos educandos, como um momento de partilha e intera\u00e7\u00e3o. O momento foi encerrado com a Oficina de Pintura e Grafismo, com o educador ind\u00edgena Gerson.<br><br>Na Sequ\u00eancia, o convidado especial: Mestre Ednilson, Mestre em capoeira no CCA PROVIM Bom Retiro e o grupo de Capoeira Voo do Morcego, conduzindo um momento de viv\u00eancia por meio de uma grande aula e roda de capoeira, concluindo o primeiro momento.\u00a0No Per\u00edodo da Tarde, al\u00e9m das atividades realizadas no per\u00edodo da manh\u00e3, a turma pode contar com a Presen\u00e7a do Professor Jo\u00e3o Almeida, Educador e Escritor que veio dialogar sobre os desafios do combate e enfrentamento ao Racismo, a partir da sua mais recente Obra: A Meninas dos Cabelos Encaracolados.<br><strong><br>DEPOIMENTOS<br><\/strong><br>&#8220;O racismo caracter\u00edstico no Brasil, ele \u00e9 perverso, porque ele \u00e9 sutil, e que, mais cedo ou mais tarde, ele se apresenta aos nossos corpos pretos; e que, para tanto, \u00e9 fundamental saber quem somos, de onde viemos e que, JUNTOS poderemos! Aquilombar com Dom Bosco, no di\u00e1logo, no respeito, na escuta, na conviv\u00eancia e na alegria; enfrentando e combatendo todo tipo de viol\u00eancia.\u201d, <strong>concluiu Israel.<\/strong><br><br>\u201cMe animou ao saber do quilombo, pois o tema vem de encontro com seus interesses; o mesmo proporcionou di\u00e1logo com a fam\u00edlia; O evento em si me animou, diante das atividades, propostas, roupas, o atabaque&#8230; Foi bom saber sobre as culturas do Brasil, sobretudo os ind\u00edgenas. Tamb\u00e9m o Ch\u00e1, como algo ancestral que conecta com o sagrado; foi bom tamb\u00e9m poder conhecer mais sobre a \u00c1frica; Da oficina do Penteado, refor\u00e7a a import\u00e2ncia e a beleza do cabelo como identidade e beleza; cabelo \u00e9 cabelo. Da capoeira, foi muito rico, pois proporcionou conhecer mais, ver suas regras e sobretudo, \u00a0essa conex\u00e3o com a religiosidade; Quilombo \u2013 ampliou um outro olhar sobre o brasil, bem como entender esse movimento dos ind\u00edgenas que j\u00e1 habitavam, e que a sua diversidade lingu\u00edstica foi fant\u00e1stico.\u00a0Foi incr\u00edvel, pois possibilitou ver o passado, prever o futuro e assim resistir! Promoveu encontrar e reconhecer outras personalidades negras. Foi muito inspirador, por meio do Quilombo, enxergar a ess\u00eancia e as ra\u00edzes daquilo que nos identifica como Brasileiro, Cidad\u00e3o, a partir de nossas \u00a0pr\u00f3prias ra\u00edzes&#8230; Com o quilombo, eu pude perceber minhas ra\u00edzes, e que, mesmo sendo diferente, foi fundamental para eu autoconhecer e me expressar!\u201d<strong>\u00a0Guilherme Oliveira Borges, Atendido no Curso de Montagem e Recupera\u00e7\u00e3o de Computadores MRC.<\/strong><br>\u00a0<br>\u201cGostei muito da Capoeira; as pinturas corporais; a produ\u00e7\u00e3o de artesanatos, e sobretudo da fala do Professor Jo\u00e3o de almeida. Foi uma tarde Maravilhosa!&#8221;,\u00a0<strong>Matheus Nascimento,\u00a0Atendido no Curso de\u00a0MRC.<\/strong><br><br>\u00a0\u201cNo dia 18\/11 tive o prazer de participar do evento QUILOMBO SALESIANO no Cedesp Dom Bosco; foram tantas atividades interativas, inclusivas e diversificadas que eu fiquei sem saber qual fazer primeiro; inclusive, n\u00e3o consegui participar de todas infelizmente; contudo, aquelas que participei, pude me divertir \u00e0 bessa e aprender coisas novas. As amostras de objetos, fotos, informa\u00e7\u00f5es de personalidades negras; depoimentos apresentados, foram extremamente importante para fortalecer em n\u00f3s a consci\u00eancia da Representatividade, como instrumento importante da Consci\u00eancia Negra. A aula de capoeira foi maravilhosa; como sou baiana e a capoeira \u00e9 muito bem representada em nossa cultura; \u00e9 como se no momento em que ouvi o som do berimbau, eu fosse tele transportada para minha terrinha, minha amada Bahia. E, esse momento, tamb\u00e9m reacendeu em mim, o desejo de praticar Capoeira que \u00e9 t\u00e3o simb\u00f3lica. O mais importante dos sentimentos que eu experimentei foi me sentir representada&#8230; Quando vi o v\u00eddeo produzido pela Gaiza, com as falas \u00a0de Mulheres Jovens e todas Pretas, t\u00e3o empoderadas e incr\u00edveis, falando, consegui me sentir e forte para ser quem eu sou. Esse quilombo foi importante em v\u00e1rias vertentes. Para n\u00f3s pessoas pretas, e tamb\u00e9m para as pessoas brancas e ind\u00edgenas e, para todos n\u00f3s que pertencemos a essa Casa salesiana. Foi tudo muito lindo!\u201d,\u00a0<strong>Natali Oliveira,\u00a0Atendida no Curso de Recursos Humanos.\u00a0<\/strong><br><strong><br><a href=\"https:\/\/www.facebook.com\/media\/set\/?vanity=InstitutoDomBoscoBomRetiro&amp;set=a.2244467259047608\" data-type=\"URL\" data-id=\"https:\/\/www.facebook.com\/media\/set\/?vanity=InstitutoDomBoscoBomRetiro&amp;set=a.2244467259047608\">Clique aqui para ver todas as fotos<\/a><\/strong><\/td><\/tr><\/tbody><\/table><\/figure>\n","protected":false},"excerpt":{"rendered":"<p>Aquilombar com Dom Bosco no di\u00e1logo, no respeito e na alegria! Com o objetivo de fomentar a reflex\u00e3o, a discuss\u00e3o e a constru\u00e7\u00e3o de a\u00e7\u00f5es concretas para enfrentarmos e combater o Racismo, iluminados pelos princ\u00edpios e valores da Pedagogia Salesiana, o CEDESP Dom Bosco Unidade Vila Paulistana, do Instituto Dom Bosco, no dia 18 de [&hellip;]<\/p>\n","protected":false},"author":27,"featured_media":4598,"comment_status":"open","ping_status":"open","sticky":false,"template":"","format":"standard","meta":{"footnotes":""},"categories":[59],"tags":[],"class_list":["post-4595","post","type-post","status-publish","format-standard","has-post-thumbnail","hentry","category-noticias"],"yoast_head":"<!-- This site is optimized with the Yoast SEO plugin v27.3 - https:\/\/yoast.com\/product\/yoast-seo-wordpress\/ -->\n<title>CEDESP Vila Paulistana realiza II Quilombo Salesiano com roda de capoeira e visita de escritor - Instituto Dom Bosco<\/title>\n<meta name=\"robots\" content=\"index, follow, max-snippet:-1, max-image-preview:large, max-video-preview:-1\" \/>\n<link rel=\"canonical\" href=\"https:\/\/salesianossp.org.br\/osbomretiro\/cedesp-vila-paulistana-realiza-ii-quilombo-salesiano-com-roda-de-capoeira-e-visita-de-escritor\/\" \/>\n<meta property=\"og:locale\" content=\"pt_BR\" \/>\n<meta property=\"og:type\" content=\"article\" \/>\n<meta property=\"og:title\" content=\"CEDESP Vila Paulistana realiza II Quilombo Salesiano com roda de capoeira e visita de escritor - Instituto Dom Bosco\" \/>\n<meta property=\"og:description\" content=\"Aquilombar com Dom Bosco no di\u00e1logo, no respeito e na alegria! Com o objetivo de fomentar a reflex\u00e3o, a discuss\u00e3o e a constru\u00e7\u00e3o de a\u00e7\u00f5es concretas para enfrentarmos e combater o Racismo, iluminados pelos princ\u00edpios e valores da Pedagogia Salesiana, o CEDESP Dom Bosco Unidade Vila Paulistana, do Instituto Dom Bosco, no dia 18 de [&hellip;]\" \/>\n<meta property=\"og:url\" content=\"https:\/\/salesianossp.org.br\/osbomretiro\/cedesp-vila-paulistana-realiza-ii-quilombo-salesiano-com-roda-de-capoeira-e-visita-de-escritor\/\" \/>\n<meta property=\"og:site_name\" content=\"Instituto Dom Bosco\" \/>\n<meta property=\"article:publisher\" content=\"https:\/\/www.facebook.com\/InstitutoDomBoscoBomRetiro\/\" \/>\n<meta property=\"article:published_time\" content=\"2022-11-28T19:13:11+00:00\" \/>\n<meta property=\"og:image\" content=\"https:\/\/salesianossp.org.br\/osbomretiro\/wp-content\/uploads\/2022\/11\/Publicacoes-IDB-2-7-scaled.png\" \/>\n\t<meta property=\"og:image:width\" content=\"2560\" \/>\n\t<meta property=\"og:image:height\" content=\"2560\" \/>\n\t<meta property=\"og:image:type\" content=\"image\/png\" \/>\n<meta name=\"author\" content=\"Lucas Rodrigues\" \/>\n<meta name=\"twitter:card\" content=\"summary_large_image\" \/>\n<meta name=\"twitter:label1\" content=\"Escrito por\" \/>\n\t<meta name=\"twitter:data1\" content=\"Lucas Rodrigues\" \/>\n\t<meta name=\"twitter:label2\" content=\"Est. tempo de leitura\" \/>\n\t<meta name=\"twitter:data2\" content=\"6 minutos\" \/>\n<script type=\"application\/ld+json\" class=\"yoast-schema-graph\">{\"@context\":\"https:\\\/\\\/schema.org\",\"@graph\":[{\"@type\":\"Article\",\"@id\":\"https:\\\/\\\/salesianossp.org.br\\\/osbomretiro\\\/cedesp-vila-paulistana-realiza-ii-quilombo-salesiano-com-roda-de-capoeira-e-visita-de-escritor\\\/#article\",\"isPartOf\":{\"@id\":\"https:\\\/\\\/salesianossp.org.br\\\/osbomretiro\\\/cedesp-vila-paulistana-realiza-ii-quilombo-salesiano-com-roda-de-capoeira-e-visita-de-escritor\\\/\"},\"author\":{\"name\":\"Lucas Rodrigues\",\"@id\":\"https:\\\/\\\/salesianossp.org.br\\\/osbomretiro\\\/#\\\/schema\\\/person\\\/3091f5c85d13f1f81c2eadb190445d2e\"},\"headline\":\"CEDESP Vila Paulistana realiza II Quilombo Salesiano com roda de capoeira e visita de escritor\",\"datePublished\":\"2022-11-28T19:13:11+00:00\",\"mainEntityOfPage\":{\"@id\":\"https:\\\/\\\/salesianossp.org.br\\\/osbomretiro\\\/cedesp-vila-paulistana-realiza-ii-quilombo-salesiano-com-roda-de-capoeira-e-visita-de-escritor\\\/\"},\"wordCount\":1135,\"commentCount\":0,\"publisher\":{\"@id\":\"https:\\\/\\\/salesianossp.org.br\\\/osbomretiro\\\/#organization\"},\"image\":{\"@id\":\"https:\\\/\\\/salesianossp.org.br\\\/osbomretiro\\\/cedesp-vila-paulistana-realiza-ii-quilombo-salesiano-com-roda-de-capoeira-e-visita-de-escritor\\\/#primaryimage\"},\"thumbnailUrl\":\"https:\\\/\\\/salesianossp.org.br\\\/osbomretiro\\\/wp-content\\\/uploads\\\/2022\\\/11\\\/Publicacoes-IDB-2-7-scaled.png\",\"articleSection\":[\"Not\u00edcias\"],\"inLanguage\":\"pt-BR\",\"potentialAction\":[{\"@type\":\"CommentAction\",\"name\":\"Comment\",\"target\":[\"https:\\\/\\\/salesianossp.org.br\\\/osbomretiro\\\/cedesp-vila-paulistana-realiza-ii-quilombo-salesiano-com-roda-de-capoeira-e-visita-de-escritor\\\/#respond\"]}]},{\"@type\":\"WebPage\",\"@id\":\"https:\\\/\\\/salesianossp.org.br\\\/osbomretiro\\\/cedesp-vila-paulistana-realiza-ii-quilombo-salesiano-com-roda-de-capoeira-e-visita-de-escritor\\\/\",\"url\":\"https:\\\/\\\/salesianossp.org.br\\\/osbomretiro\\\/cedesp-vila-paulistana-realiza-ii-quilombo-salesiano-com-roda-de-capoeira-e-visita-de-escritor\\\/\",\"name\":\"CEDESP Vila Paulistana realiza II Quilombo Salesiano com roda de capoeira e visita de escritor - Instituto Dom Bosco\",\"isPartOf\":{\"@id\":\"https:\\\/\\\/salesianossp.org.br\\\/osbomretiro\\\/#website\"},\"primaryImageOfPage\":{\"@id\":\"https:\\\/\\\/salesianossp.org.br\\\/osbomretiro\\\/cedesp-vila-paulistana-realiza-ii-quilombo-salesiano-com-roda-de-capoeira-e-visita-de-escritor\\\/#primaryimage\"},\"image\":{\"@id\":\"https:\\\/\\\/salesianossp.org.br\\\/osbomretiro\\\/cedesp-vila-paulistana-realiza-ii-quilombo-salesiano-com-roda-de-capoeira-e-visita-de-escritor\\\/#primaryimage\"},\"thumbnailUrl\":\"https:\\\/\\\/salesianossp.org.br\\\/osbomretiro\\\/wp-content\\\/uploads\\\/2022\\\/11\\\/Publicacoes-IDB-2-7-scaled.png\",\"datePublished\":\"2022-11-28T19:13:11+00:00\",\"breadcrumb\":{\"@id\":\"https:\\\/\\\/salesianossp.org.br\\\/osbomretiro\\\/cedesp-vila-paulistana-realiza-ii-quilombo-salesiano-com-roda-de-capoeira-e-visita-de-escritor\\\/#breadcrumb\"},\"inLanguage\":\"pt-BR\",\"potentialAction\":[{\"@type\":\"ReadAction\",\"target\":[\"https:\\\/\\\/salesianossp.org.br\\\/osbomretiro\\\/cedesp-vila-paulistana-realiza-ii-quilombo-salesiano-com-roda-de-capoeira-e-visita-de-escritor\\\/\"]}]},{\"@type\":\"ImageObject\",\"inLanguage\":\"pt-BR\",\"@id\":\"https:\\\/\\\/salesianossp.org.br\\\/osbomretiro\\\/cedesp-vila-paulistana-realiza-ii-quilombo-salesiano-com-roda-de-capoeira-e-visita-de-escritor\\\/#primaryimage\",\"url\":\"https:\\\/\\\/salesianossp.org.br\\\/osbomretiro\\\/wp-content\\\/uploads\\\/2022\\\/11\\\/Publicacoes-IDB-2-7-scaled.png\",\"contentUrl\":\"https:\\\/\\\/salesianossp.org.br\\\/osbomretiro\\\/wp-content\\\/uploads\\\/2022\\\/11\\\/Publicacoes-IDB-2-7-scaled.png\",\"width\":2560,\"height\":2560},{\"@type\":\"BreadcrumbList\",\"@id\":\"https:\\\/\\\/salesianossp.org.br\\\/osbomretiro\\\/cedesp-vila-paulistana-realiza-ii-quilombo-salesiano-com-roda-de-capoeira-e-visita-de-escritor\\\/#breadcrumb\",\"itemListElement\":[{\"@type\":\"ListItem\",\"position\":1,\"name\":\"In\u00edcio\",\"item\":\"https:\\\/\\\/salesianossp.org.br\\\/osbomretiro\\\/\"},{\"@type\":\"ListItem\",\"position\":2,\"name\":\"CEDESP Vila Paulistana realiza II Quilombo Salesiano com roda de capoeira e visita de escritor\"}]},{\"@type\":\"WebSite\",\"@id\":\"https:\\\/\\\/salesianossp.org.br\\\/osbomretiro\\\/#website\",\"url\":\"https:\\\/\\\/salesianossp.org.br\\\/osbomretiro\\\/\",\"name\":\"Instituto Dom Bosco\",\"description\":\"\",\"publisher\":{\"@id\":\"https:\\\/\\\/salesianossp.org.br\\\/osbomretiro\\\/#organization\"},\"potentialAction\":[{\"@type\":\"SearchAction\",\"target\":{\"@type\":\"EntryPoint\",\"urlTemplate\":\"https:\\\/\\\/salesianossp.org.br\\\/osbomretiro\\\/?s={search_term_string}\"},\"query-input\":{\"@type\":\"PropertyValueSpecification\",\"valueRequired\":true,\"valueName\":\"search_term_string\"}}],\"inLanguage\":\"pt-BR\"},{\"@type\":\"Organization\",\"@id\":\"https:\\\/\\\/salesianossp.org.br\\\/osbomretiro\\\/#organization\",\"name\":\"Instituto Dom Bosco\",\"url\":\"https:\\\/\\\/salesianossp.org.br\\\/osbomretiro\\\/\",\"logo\":{\"@type\":\"ImageObject\",\"inLanguage\":\"pt-BR\",\"@id\":\"https:\\\/\\\/salesianossp.org.br\\\/osbomretiro\\\/#\\\/schema\\\/logo\\\/image\\\/\",\"url\":\"https:\\\/\\\/salesianossp.org.br\\\/osbomretiro\\\/wp-content\\\/uploads\\\/2025\\\/10\\\/logotipo-instituto-dom-bosco-color-56.svg\",\"contentUrl\":\"https:\\\/\\\/salesianossp.org.br\\\/osbomretiro\\\/wp-content\\\/uploads\\\/2025\\\/10\\\/logotipo-instituto-dom-bosco-color-56.svg\",\"width\":164,\"height\":56,\"caption\":\"Instituto Dom Bosco\"},\"image\":{\"@id\":\"https:\\\/\\\/salesianossp.org.br\\\/osbomretiro\\\/#\\\/schema\\\/logo\\\/image\\\/\"},\"sameAs\":[\"https:\\\/\\\/www.facebook.com\\\/InstitutoDomBoscoBomRetiro\\\/\",\"https:\\\/\\\/www.youtube.com\\\/user\\\/Institutodb\",\"https:\\\/\\\/www.instagram.com\\\/institutodb\\\/\"]},{\"@type\":\"Person\",\"@id\":\"https:\\\/\\\/salesianossp.org.br\\\/osbomretiro\\\/#\\\/schema\\\/person\\\/3091f5c85d13f1f81c2eadb190445d2e\",\"name\":\"Lucas Rodrigues\",\"image\":{\"@type\":\"ImageObject\",\"inLanguage\":\"pt-BR\",\"@id\":\"https:\\\/\\\/secure.gravatar.com\\\/avatar\\\/0ad9c966c6ed3335d7fffe2c3b88880dd298c0817b71e20a6955c38f2a53f746?s=96&d=mm&r=g\",\"url\":\"https:\\\/\\\/secure.gravatar.com\\\/avatar\\\/0ad9c966c6ed3335d7fffe2c3b88880dd298c0817b71e20a6955c38f2a53f746?s=96&d=mm&r=g\",\"contentUrl\":\"https:\\\/\\\/secure.gravatar.com\\\/avatar\\\/0ad9c966c6ed3335d7fffe2c3b88880dd298c0817b71e20a6955c38f2a53f746?s=96&d=mm&r=g\",\"caption\":\"Lucas Rodrigues\"},\"url\":\"https:\\\/\\\/salesianossp.org.br\\\/osbomretiro\\\/author\\\/lucas-rodrigues\\\/\"}]}<\/script>\n<!-- \/ Yoast SEO plugin. -->","yoast_head_json":{"title":"CEDESP Vila Paulistana realiza II Quilombo Salesiano com roda de capoeira e visita de escritor - Instituto Dom Bosco","robots":{"index":"index","follow":"follow","max-snippet":"max-snippet:-1","max-image-preview":"max-image-preview:large","max-video-preview":"max-video-preview:-1"},"canonical":"https:\/\/salesianossp.org.br\/osbomretiro\/cedesp-vila-paulistana-realiza-ii-quilombo-salesiano-com-roda-de-capoeira-e-visita-de-escritor\/","og_locale":"pt_BR","og_type":"article","og_title":"CEDESP Vila Paulistana realiza II Quilombo Salesiano com roda de capoeira e visita de escritor - Instituto Dom Bosco","og_description":"Aquilombar com Dom Bosco no di\u00e1logo, no respeito e na alegria! Com o objetivo de fomentar a reflex\u00e3o, a discuss\u00e3o e a constru\u00e7\u00e3o de a\u00e7\u00f5es concretas para enfrentarmos e combater o Racismo, iluminados pelos princ\u00edpios e valores da Pedagogia Salesiana, o CEDESP Dom Bosco Unidade Vila Paulistana, do Instituto Dom Bosco, no dia 18 de [&hellip;]","og_url":"https:\/\/salesianossp.org.br\/osbomretiro\/cedesp-vila-paulistana-realiza-ii-quilombo-salesiano-com-roda-de-capoeira-e-visita-de-escritor\/","og_site_name":"Instituto Dom Bosco","article_publisher":"https:\/\/www.facebook.com\/InstitutoDomBoscoBomRetiro\/","article_published_time":"2022-11-28T19:13:11+00:00","og_image":[{"width":2560,"height":2560,"url":"https:\/\/salesianossp.org.br\/osbomretiro\/wp-content\/uploads\/2022\/11\/Publicacoes-IDB-2-7-scaled.png","type":"image\/png"}],"author":"Lucas Rodrigues","twitter_card":"summary_large_image","twitter_misc":{"Escrito por":"Lucas Rodrigues","Est. tempo de leitura":"6 minutos"},"schema":{"@context":"https:\/\/schema.org","@graph":[{"@type":"Article","@id":"https:\/\/salesianossp.org.br\/osbomretiro\/cedesp-vila-paulistana-realiza-ii-quilombo-salesiano-com-roda-de-capoeira-e-visita-de-escritor\/#article","isPartOf":{"@id":"https:\/\/salesianossp.org.br\/osbomretiro\/cedesp-vila-paulistana-realiza-ii-quilombo-salesiano-com-roda-de-capoeira-e-visita-de-escritor\/"},"author":{"name":"Lucas Rodrigues","@id":"https:\/\/salesianossp.org.br\/osbomretiro\/#\/schema\/person\/3091f5c85d13f1f81c2eadb190445d2e"},"headline":"CEDESP Vila Paulistana realiza II Quilombo Salesiano com roda de capoeira e visita de escritor","datePublished":"2022-11-28T19:13:11+00:00","mainEntityOfPage":{"@id":"https:\/\/salesianossp.org.br\/osbomretiro\/cedesp-vila-paulistana-realiza-ii-quilombo-salesiano-com-roda-de-capoeira-e-visita-de-escritor\/"},"wordCount":1135,"commentCount":0,"publisher":{"@id":"https:\/\/salesianossp.org.br\/osbomretiro\/#organization"},"image":{"@id":"https:\/\/salesianossp.org.br\/osbomretiro\/cedesp-vila-paulistana-realiza-ii-quilombo-salesiano-com-roda-de-capoeira-e-visita-de-escritor\/#primaryimage"},"thumbnailUrl":"https:\/\/salesianossp.org.br\/osbomretiro\/wp-content\/uploads\/2022\/11\/Publicacoes-IDB-2-7-scaled.png","articleSection":["Not\u00edcias"],"inLanguage":"pt-BR","potentialAction":[{"@type":"CommentAction","name":"Comment","target":["https:\/\/salesianossp.org.br\/osbomretiro\/cedesp-vila-paulistana-realiza-ii-quilombo-salesiano-com-roda-de-capoeira-e-visita-de-escritor\/#respond"]}]},{"@type":"WebPage","@id":"https:\/\/salesianossp.org.br\/osbomretiro\/cedesp-vila-paulistana-realiza-ii-quilombo-salesiano-com-roda-de-capoeira-e-visita-de-escritor\/","url":"https:\/\/salesianossp.org.br\/osbomretiro\/cedesp-vila-paulistana-realiza-ii-quilombo-salesiano-com-roda-de-capoeira-e-visita-de-escritor\/","name":"CEDESP Vila Paulistana realiza II Quilombo Salesiano com roda de capoeira e visita de escritor - Instituto Dom Bosco","isPartOf":{"@id":"https:\/\/salesianossp.org.br\/osbomretiro\/#website"},"primaryImageOfPage":{"@id":"https:\/\/salesianossp.org.br\/osbomretiro\/cedesp-vila-paulistana-realiza-ii-quilombo-salesiano-com-roda-de-capoeira-e-visita-de-escritor\/#primaryimage"},"image":{"@id":"https:\/\/salesianossp.org.br\/osbomretiro\/cedesp-vila-paulistana-realiza-ii-quilombo-salesiano-com-roda-de-capoeira-e-visita-de-escritor\/#primaryimage"},"thumbnailUrl":"https:\/\/salesianossp.org.br\/osbomretiro\/wp-content\/uploads\/2022\/11\/Publicacoes-IDB-2-7-scaled.png","datePublished":"2022-11-28T19:13:11+00:00","breadcrumb":{"@id":"https:\/\/salesianossp.org.br\/osbomretiro\/cedesp-vila-paulistana-realiza-ii-quilombo-salesiano-com-roda-de-capoeira-e-visita-de-escritor\/#breadcrumb"},"inLanguage":"pt-BR","potentialAction":[{"@type":"ReadAction","target":["https:\/\/salesianossp.org.br\/osbomretiro\/cedesp-vila-paulistana-realiza-ii-quilombo-salesiano-com-roda-de-capoeira-e-visita-de-escritor\/"]}]},{"@type":"ImageObject","inLanguage":"pt-BR","@id":"https:\/\/salesianossp.org.br\/osbomretiro\/cedesp-vila-paulistana-realiza-ii-quilombo-salesiano-com-roda-de-capoeira-e-visita-de-escritor\/#primaryimage","url":"https:\/\/salesianossp.org.br\/osbomretiro\/wp-content\/uploads\/2022\/11\/Publicacoes-IDB-2-7-scaled.png","contentUrl":"https:\/\/salesianossp.org.br\/osbomretiro\/wp-content\/uploads\/2022\/11\/Publicacoes-IDB-2-7-scaled.png","width":2560,"height":2560},{"@type":"BreadcrumbList","@id":"https:\/\/salesianossp.org.br\/osbomretiro\/cedesp-vila-paulistana-realiza-ii-quilombo-salesiano-com-roda-de-capoeira-e-visita-de-escritor\/#breadcrumb","itemListElement":[{"@type":"ListItem","position":1,"name":"In\u00edcio","item":"https:\/\/salesianossp.org.br\/osbomretiro\/"},{"@type":"ListItem","position":2,"name":"CEDESP Vila Paulistana realiza II Quilombo Salesiano com roda de capoeira e visita de escritor"}]},{"@type":"WebSite","@id":"https:\/\/salesianossp.org.br\/osbomretiro\/#website","url":"https:\/\/salesianossp.org.br\/osbomretiro\/","name":"Instituto Dom Bosco","description":"","publisher":{"@id":"https:\/\/salesianossp.org.br\/osbomretiro\/#organization"},"potentialAction":[{"@type":"SearchAction","target":{"@type":"EntryPoint","urlTemplate":"https:\/\/salesianossp.org.br\/osbomretiro\/?s={search_term_string}"},"query-input":{"@type":"PropertyValueSpecification","valueRequired":true,"valueName":"search_term_string"}}],"inLanguage":"pt-BR"},{"@type":"Organization","@id":"https:\/\/salesianossp.org.br\/osbomretiro\/#organization","name":"Instituto Dom Bosco","url":"https:\/\/salesianossp.org.br\/osbomretiro\/","logo":{"@type":"ImageObject","inLanguage":"pt-BR","@id":"https:\/\/salesianossp.org.br\/osbomretiro\/#\/schema\/logo\/image\/","url":"https:\/\/salesianossp.org.br\/osbomretiro\/wp-content\/uploads\/2025\/10\/logotipo-instituto-dom-bosco-color-56.svg","contentUrl":"https:\/\/salesianossp.org.br\/osbomretiro\/wp-content\/uploads\/2025\/10\/logotipo-instituto-dom-bosco-color-56.svg","width":164,"height":56,"caption":"Instituto Dom Bosco"},"image":{"@id":"https:\/\/salesianossp.org.br\/osbomretiro\/#\/schema\/logo\/image\/"},"sameAs":["https:\/\/www.facebook.com\/InstitutoDomBoscoBomRetiro\/","https:\/\/www.youtube.com\/user\/Institutodb","https:\/\/www.instagram.com\/institutodb\/"]},{"@type":"Person","@id":"https:\/\/salesianossp.org.br\/osbomretiro\/#\/schema\/person\/3091f5c85d13f1f81c2eadb190445d2e","name":"Lucas Rodrigues","image":{"@type":"ImageObject","inLanguage":"pt-BR","@id":"https:\/\/secure.gravatar.com\/avatar\/0ad9c966c6ed3335d7fffe2c3b88880dd298c0817b71e20a6955c38f2a53f746?s=96&d=mm&r=g","url":"https:\/\/secure.gravatar.com\/avatar\/0ad9c966c6ed3335d7fffe2c3b88880dd298c0817b71e20a6955c38f2a53f746?s=96&d=mm&r=g","contentUrl":"https:\/\/secure.gravatar.com\/avatar\/0ad9c966c6ed3335d7fffe2c3b88880dd298c0817b71e20a6955c38f2a53f746?s=96&d=mm&r=g","caption":"Lucas Rodrigues"},"url":"https:\/\/salesianossp.org.br\/osbomretiro\/author\/lucas-rodrigues\/"}]}},"_links":{"self":[{"href":"https:\/\/salesianossp.org.br\/osbomretiro\/wp-json\/wp\/v2\/posts\/4595","targetHints":{"allow":["GET"]}}],"collection":[{"href":"https:\/\/salesianossp.org.br\/osbomretiro\/wp-json\/wp\/v2\/posts"}],"about":[{"href":"https:\/\/salesianossp.org.br\/osbomretiro\/wp-json\/wp\/v2\/types\/post"}],"author":[{"embeddable":true,"href":"https:\/\/salesianossp.org.br\/osbomretiro\/wp-json\/wp\/v2\/users\/27"}],"replies":[{"embeddable":true,"href":"https:\/\/salesianossp.org.br\/osbomretiro\/wp-json\/wp\/v2\/comments?post=4595"}],"version-history":[{"count":0,"href":"https:\/\/salesianossp.org.br\/osbomretiro\/wp-json\/wp\/v2\/posts\/4595\/revisions"}],"wp:featuredmedia":[{"embeddable":true,"href":"https:\/\/salesianossp.org.br\/osbomretiro\/wp-json\/wp\/v2\/media\/4598"}],"wp:attachment":[{"href":"https:\/\/salesianossp.org.br\/osbomretiro\/wp-json\/wp\/v2\/media?parent=4595"}],"wp:term":[{"taxonomy":"category","embeddable":true,"href":"https:\/\/salesianossp.org.br\/osbomretiro\/wp-json\/wp\/v2\/categories?post=4595"},{"taxonomy":"post_tag","embeddable":true,"href":"https:\/\/salesianossp.org.br\/osbomretiro\/wp-json\/wp\/v2\/tags?post=4595"}],"curies":[{"name":"wp","href":"https:\/\/api.w.org\/{rel}","templated":true}]}}