{"id":4721,"date":"2023-02-28T13:29:48","date_gmt":"2023-02-28T16:29:48","guid":{"rendered":"https:\/\/salesianossp.org.br\/osbomretiro\/?p=4721"},"modified":"2023-02-28T13:29:48","modified_gmt":"2023-02-28T16:29:48","slug":"carnaval-legal-no-idb-conscientizacao-cultura-e-alegria","status":"publish","type":"post","link":"https:\/\/salesianossp.org.br\/osbomretiro\/carnaval-legal-no-idb-conscientizacao-cultura-e-alegria\/","title":{"rendered":"<strong>Carnaval Legal no IDB: Conscientiza\u00e7\u00e3o, Cultura e Alegria!!!<\/strong>"},"content":{"rendered":"\n<p><strong>Marchinhas conscientes, melhor fantasia, bateria, cultura Papangus, gincanas para todas as idades e grito de carnaval contra a Explora\u00e7\u00e3o Sexual de Jovens, fizeram parte da festa de Carnaval do Instituto Dom Bosco<\/strong><\/p>\n\n\n\n<p><strong>Castelinho Dom Bosco <\/strong><strong><br><\/strong>A galera do Castelinho Dom Bosco, teve o seu Grito de Carnaval no dia 17 do m\u00eas, trazendo como pauta Contra Explora\u00e7\u00e3o Sexual de Crian\u00e7as e Adolescentes. Durante o momento intergeracional participaram todos os Atendidos do CDB.<\/p>\n\n\n\n<p>Maquiagem, enfeites, acess\u00f3rios, marchinhas e cartazes falando conscientizando a todos sobre as atitudes durante essa \u00e9poca. \u201c<em>Achei maravilhoso, a oportunidade da atividade intergeracional, faz as crian\u00e7as terem uma outra dimens\u00e3o do que \u00e9 ser Idoso. De poder expressar a alegria de uma forma simples e despretensiosa brincando.\u201d<\/em>, concluiu &nbsp;Roberto Pereira Mendes, Gerente de Servi\u00e7os do CCA Castelinho.<\/p>\n\n\n\n<p><strong>Bom Retiro <\/strong><strong><br><\/strong>No CCA PROVIM Bom Retiro, foram diversos momentos ao longo do m\u00eas, com atividades como: elabora\u00e7\u00e3o de m\u00e1scaras, concurso de marchinhas, desfile de Papangus, concurso de fantasia criativa e at\u00e9 mesmo uma bateria. Papangus \u00e9 uma atividade de foli\u00f5es que surgiu em 1900, onde as pessoas saiam malvestidas e mascaradas, saiam pelas ruas pedindo angu de milho, criando um mist\u00e9rio entre os moradores, quem trouxe essa hist\u00f3ria foi o educador Jos\u00e9 Luiz de Oliveira Junior, idealizador da atividade junto com a educadora Bruna Miranda: <em>&#8220;Eu achei que foi muito importante resgatar o que vivi e brinquei na minha inf\u00e2ncia em Pernambuco. Ao mostrar para os educandos o que representava cada objeto, a fantasia e a import\u00e2ncia de n\u00e3o serem reconhecidos, percebi o entusiasmo deles em trazer essa brincadeira para o nosso dia-a-dia!&#8221;<\/em>, declarou Z\u00e9.&nbsp;<\/p>\n\n\n\n<p>Os educandos do CCA recriaram marchinhas com muito significado e consci\u00eancia, confira abaixo um exemplo:<\/p>\n\n\n\n<p><em>O abre alas que eu quero passar (2x)<\/em><br><em>Sou da dom Bosco n\u00e3o posso negar(2x)<\/em><br><em>O abre alas que eu quero passar<\/em><\/p>\n\n\n\n<p><em>Vai ter trof\u00e9u, quero ver quem vai ganhar (2x)<\/em><br><em>O abre alas que eu quero passar<\/em><br><em>Com meus amigos eu quero brincar<\/em><br><em>Com meus amigos vou poder cantar<\/em><\/p>\n\n\n\n<p><em>O abre alas que eu quero passar<\/em><br><em>E a vit\u00f3ria vamos abra\u00e7ar<\/em><br><em>E a vit\u00f3ria vamos abra\u00e7ar<\/em><\/p>\n\n\n\n<p><strong>CEDESP Bom Retiro&nbsp;<\/strong><\/p>\n\n\n\n<p>Com o objetivo de promover momentos de descontra\u00e7\u00e3o e fortalecendo os v\u00ednculos.<\/p>\n\n\n\n<p>A turma do CEDESP se divertiu com muita m\u00fasica, dan\u00e7a e a inusitada: Complete marchinhas em grupos diferentes. Desfile e muita cultura tamb\u00e9m fizeram parte do momento. A escolha das m\u00fasicas foi criteriosa, onde os Educadores buscaram can\u00e7\u00f5es que fizessem parte da vida e cultura dos atendidos, como no caso dos estrangeiros presentes na Unidade.<\/p>\n\n\n\n<p><em>\u201cEsses momentos s\u00e3o fant\u00e1sticos, podemos estar mais pr\u00f3ximos dos nossos<\/em><\/p>\n\n\n\n<p><em>educandos, descobrir, apreciar e valorizar\/estimular talentos. Fortalecendo as nossas rela\u00e7\u00f5es, criando elos e fortalecendo v\u00ednculos.\u201d<\/em>, declarou Rosana Ferreira, Gerente de Servi\u00e7o.&nbsp;<\/p>\n\n\n\n<p><strong>CEDESP Vila Paulistana&nbsp;<\/strong><\/p>\n\n\n\n<p>A festa da VP n\u00e3o foi diferente, intera\u00e7\u00e3o, marchinhas, fantasias e alegria.&nbsp;<\/p>\n\n\n\n<p><em>\u201cAdorei participar como volunt\u00e1ria, gostei bastante. Todos estavam muito envolvidos. Gostei tamb\u00e9m da experi\u00eancia de elaborar a atividade. Foi muito legal fazer as pessoas se sentirem acolhidas.\u201d<\/em>, Rayssa Isabelly Bheraborde, disse a Volunt\u00e1ria na Unidade.\u00a0<em>\u201cA festa foi bastante alegre. Quem veio foi criativo e divertido. Foi muito bom tamb\u00e9m comemorar os aniversariantes do m\u00eas. A refei\u00e7\u00e3o estava deliciosa!\u201d<\/em>, Guilherme da Costa Silva, Atendido de Ingl\u00eas.<\/p>\n\n\n\n<p><strong><a href=\"https:\/\/www.facebook.com\/media\/set\/?vanity=InstitutoDomBoscoBomRetiro&amp;set=a.643550737774744\" data-type=\"URL\" data-id=\"https:\/\/www.facebook.com\/media\/set\/?vanity=InstitutoDomBoscoBomRetiro&amp;set=a.643550737774744\">Clique aqui para ver todas as fotos <\/a><\/strong><\/p>\n","protected":false},"excerpt":{"rendered":"<p>Marchinhas conscientes, melhor fantasia, bateria, cultura Papangus, gincanas para todas as idades e grito de carnaval contra a Explora\u00e7\u00e3o Sexual de Jovens, fizeram parte da festa de Carnaval do Instituto Dom Bosco Castelinho Dom Bosco A galera do Castelinho Dom Bosco, teve o seu Grito de Carnaval no dia 17 do m\u00eas, trazendo como pauta [&hellip;]<\/p>\n","protected":false},"author":27,"featured_media":4723,"comment_status":"open","ping_status":"open","sticky":false,"template":"","format":"standard","meta":{"footnotes":""},"categories":[59],"tags":[],"class_list":["post-4721","post","type-post","status-publish","format-standard","has-post-thumbnail","hentry","category-noticias"],"yoast_head":"<!-- This site is optimized with the Yoast SEO plugin v27.3 - https:\/\/yoast.com\/product\/yoast-seo-wordpress\/ -->\n<title>Carnaval Legal no IDB: Conscientiza\u00e7\u00e3o, Cultura e Alegria!!! - Instituto Dom Bosco<\/title>\n<meta name=\"robots\" content=\"index, follow, max-snippet:-1, max-image-preview:large, max-video-preview:-1\" \/>\n<link rel=\"canonical\" href=\"https:\/\/salesianossp.org.br\/osbomretiro\/carnaval-legal-no-idb-conscientizacao-cultura-e-alegria\/\" \/>\n<meta property=\"og:locale\" content=\"pt_BR\" \/>\n<meta property=\"og:type\" content=\"article\" \/>\n<meta property=\"og:title\" content=\"Carnaval Legal no IDB: Conscientiza\u00e7\u00e3o, Cultura e Alegria!!! - Instituto Dom Bosco\" \/>\n<meta property=\"og:description\" content=\"Marchinhas conscientes, melhor fantasia, bateria, cultura Papangus, gincanas para todas as idades e grito de carnaval contra a Explora\u00e7\u00e3o Sexual de Jovens, fizeram parte da festa de Carnaval do Instituto Dom Bosco Castelinho Dom Bosco A galera do Castelinho Dom Bosco, teve o seu Grito de Carnaval no dia 17 do m\u00eas, trazendo como pauta [&hellip;]\" \/>\n<meta property=\"og:url\" content=\"https:\/\/salesianossp.org.br\/osbomretiro\/carnaval-legal-no-idb-conscientizacao-cultura-e-alegria\/\" \/>\n<meta property=\"og:site_name\" content=\"Instituto Dom Bosco\" \/>\n<meta property=\"article:publisher\" content=\"https:\/\/www.facebook.com\/InstitutoDomBoscoBomRetiro\/\" \/>\n<meta property=\"article:published_time\" content=\"2023-02-28T16:29:48+00:00\" \/>\n<meta property=\"og:image\" content=\"https:\/\/salesianossp.org.br\/osbomretiro\/wp-content\/uploads\/2023\/02\/Publicacoes-IDB-2-2-1024x1024.png\" \/>\n\t<meta property=\"og:image:width\" content=\"1024\" \/>\n\t<meta property=\"og:image:height\" content=\"1024\" \/>\n\t<meta property=\"og:image:type\" content=\"image\/png\" \/>\n<meta name=\"author\" content=\"Lucas Rodrigues\" \/>\n<meta name=\"twitter:card\" content=\"summary_large_image\" \/>\n<meta name=\"twitter:label1\" content=\"Escrito por\" \/>\n\t<meta name=\"twitter:data1\" content=\"Lucas Rodrigues\" \/>\n\t<meta name=\"twitter:label2\" content=\"Est. tempo de leitura\" \/>\n\t<meta name=\"twitter:data2\" content=\"3 minutos\" \/>\n<script type=\"application\/ld+json\" class=\"yoast-schema-graph\">{\"@context\":\"https:\\\/\\\/schema.org\",\"@graph\":[{\"@type\":\"Article\",\"@id\":\"https:\\\/\\\/salesianossp.org.br\\\/osbomretiro\\\/carnaval-legal-no-idb-conscientizacao-cultura-e-alegria\\\/#article\",\"isPartOf\":{\"@id\":\"https:\\\/\\\/salesianossp.org.br\\\/osbomretiro\\\/carnaval-legal-no-idb-conscientizacao-cultura-e-alegria\\\/\"},\"author\":{\"name\":\"Lucas Rodrigues\",\"@id\":\"https:\\\/\\\/salesianossp.org.br\\\/osbomretiro\\\/#\\\/schema\\\/person\\\/3091f5c85d13f1f81c2eadb190445d2e\"},\"headline\":\"Carnaval Legal no IDB: Conscientiza\u00e7\u00e3o, Cultura e Alegria!!!\",\"datePublished\":\"2023-02-28T16:29:48+00:00\",\"mainEntityOfPage\":{\"@id\":\"https:\\\/\\\/salesianossp.org.br\\\/osbomretiro\\\/carnaval-legal-no-idb-conscientizacao-cultura-e-alegria\\\/\"},\"wordCount\":596,\"commentCount\":0,\"publisher\":{\"@id\":\"https:\\\/\\\/salesianossp.org.br\\\/osbomretiro\\\/#organization\"},\"image\":{\"@id\":\"https:\\\/\\\/salesianossp.org.br\\\/osbomretiro\\\/carnaval-legal-no-idb-conscientizacao-cultura-e-alegria\\\/#primaryimage\"},\"thumbnailUrl\":\"https:\\\/\\\/salesianossp.org.br\\\/osbomretiro\\\/wp-content\\\/uploads\\\/2023\\\/02\\\/Publicacoes-IDB-2-2-scaled.png\",\"articleSection\":[\"Not\u00edcias\"],\"inLanguage\":\"pt-BR\",\"potentialAction\":[{\"@type\":\"CommentAction\",\"name\":\"Comment\",\"target\":[\"https:\\\/\\\/salesianossp.org.br\\\/osbomretiro\\\/carnaval-legal-no-idb-conscientizacao-cultura-e-alegria\\\/#respond\"]}]},{\"@type\":\"WebPage\",\"@id\":\"https:\\\/\\\/salesianossp.org.br\\\/osbomretiro\\\/carnaval-legal-no-idb-conscientizacao-cultura-e-alegria\\\/\",\"url\":\"https:\\\/\\\/salesianossp.org.br\\\/osbomretiro\\\/carnaval-legal-no-idb-conscientizacao-cultura-e-alegria\\\/\",\"name\":\"Carnaval Legal no IDB: Conscientiza\u00e7\u00e3o, Cultura e Alegria!!! - Instituto Dom Bosco\",\"isPartOf\":{\"@id\":\"https:\\\/\\\/salesianossp.org.br\\\/osbomretiro\\\/#website\"},\"primaryImageOfPage\":{\"@id\":\"https:\\\/\\\/salesianossp.org.br\\\/osbomretiro\\\/carnaval-legal-no-idb-conscientizacao-cultura-e-alegria\\\/#primaryimage\"},\"image\":{\"@id\":\"https:\\\/\\\/salesianossp.org.br\\\/osbomretiro\\\/carnaval-legal-no-idb-conscientizacao-cultura-e-alegria\\\/#primaryimage\"},\"thumbnailUrl\":\"https:\\\/\\\/salesianossp.org.br\\\/osbomretiro\\\/wp-content\\\/uploads\\\/2023\\\/02\\\/Publicacoes-IDB-2-2-scaled.png\",\"datePublished\":\"2023-02-28T16:29:48+00:00\",\"breadcrumb\":{\"@id\":\"https:\\\/\\\/salesianossp.org.br\\\/osbomretiro\\\/carnaval-legal-no-idb-conscientizacao-cultura-e-alegria\\\/#breadcrumb\"},\"inLanguage\":\"pt-BR\",\"potentialAction\":[{\"@type\":\"ReadAction\",\"target\":[\"https:\\\/\\\/salesianossp.org.br\\\/osbomretiro\\\/carnaval-legal-no-idb-conscientizacao-cultura-e-alegria\\\/\"]}]},{\"@type\":\"ImageObject\",\"inLanguage\":\"pt-BR\",\"@id\":\"https:\\\/\\\/salesianossp.org.br\\\/osbomretiro\\\/carnaval-legal-no-idb-conscientizacao-cultura-e-alegria\\\/#primaryimage\",\"url\":\"https:\\\/\\\/salesianossp.org.br\\\/osbomretiro\\\/wp-content\\\/uploads\\\/2023\\\/02\\\/Publicacoes-IDB-2-2-scaled.png\",\"contentUrl\":\"https:\\\/\\\/salesianossp.org.br\\\/osbomretiro\\\/wp-content\\\/uploads\\\/2023\\\/02\\\/Publicacoes-IDB-2-2-scaled.png\",\"width\":2560,\"height\":2560},{\"@type\":\"BreadcrumbList\",\"@id\":\"https:\\\/\\\/salesianossp.org.br\\\/osbomretiro\\\/carnaval-legal-no-idb-conscientizacao-cultura-e-alegria\\\/#breadcrumb\",\"itemListElement\":[{\"@type\":\"ListItem\",\"position\":1,\"name\":\"In\u00edcio\",\"item\":\"https:\\\/\\\/salesianossp.org.br\\\/osbomretiro\\\/\"},{\"@type\":\"ListItem\",\"position\":2,\"name\":\"Carnaval Legal no IDB: Conscientiza\u00e7\u00e3o, Cultura e Alegria!!!\"}]},{\"@type\":\"WebSite\",\"@id\":\"https:\\\/\\\/salesianossp.org.br\\\/osbomretiro\\\/#website\",\"url\":\"https:\\\/\\\/salesianossp.org.br\\\/osbomretiro\\\/\",\"name\":\"Instituto Dom Bosco\",\"description\":\"\",\"publisher\":{\"@id\":\"https:\\\/\\\/salesianossp.org.br\\\/osbomretiro\\\/#organization\"},\"potentialAction\":[{\"@type\":\"SearchAction\",\"target\":{\"@type\":\"EntryPoint\",\"urlTemplate\":\"https:\\\/\\\/salesianossp.org.br\\\/osbomretiro\\\/?s={search_term_string}\"},\"query-input\":{\"@type\":\"PropertyValueSpecification\",\"valueRequired\":true,\"valueName\":\"search_term_string\"}}],\"inLanguage\":\"pt-BR\"},{\"@type\":\"Organization\",\"@id\":\"https:\\\/\\\/salesianossp.org.br\\\/osbomretiro\\\/#organization\",\"name\":\"Instituto Dom Bosco\",\"url\":\"https:\\\/\\\/salesianossp.org.br\\\/osbomretiro\\\/\",\"logo\":{\"@type\":\"ImageObject\",\"inLanguage\":\"pt-BR\",\"@id\":\"https:\\\/\\\/salesianossp.org.br\\\/osbomretiro\\\/#\\\/schema\\\/logo\\\/image\\\/\",\"url\":\"https:\\\/\\\/salesianossp.org.br\\\/osbomretiro\\\/wp-content\\\/uploads\\\/2025\\\/10\\\/logotipo-instituto-dom-bosco-color-56.svg\",\"contentUrl\":\"https:\\\/\\\/salesianossp.org.br\\\/osbomretiro\\\/wp-content\\\/uploads\\\/2025\\\/10\\\/logotipo-instituto-dom-bosco-color-56.svg\",\"width\":164,\"height\":56,\"caption\":\"Instituto Dom Bosco\"},\"image\":{\"@id\":\"https:\\\/\\\/salesianossp.org.br\\\/osbomretiro\\\/#\\\/schema\\\/logo\\\/image\\\/\"},\"sameAs\":[\"https:\\\/\\\/www.facebook.com\\\/InstitutoDomBoscoBomRetiro\\\/\",\"https:\\\/\\\/www.youtube.com\\\/user\\\/Institutodb\",\"https:\\\/\\\/www.instagram.com\\\/institutodb\\\/\"]},{\"@type\":\"Person\",\"@id\":\"https:\\\/\\\/salesianossp.org.br\\\/osbomretiro\\\/#\\\/schema\\\/person\\\/3091f5c85d13f1f81c2eadb190445d2e\",\"name\":\"Lucas Rodrigues\",\"image\":{\"@type\":\"ImageObject\",\"inLanguage\":\"pt-BR\",\"@id\":\"https:\\\/\\\/secure.gravatar.com\\\/avatar\\\/0ad9c966c6ed3335d7fffe2c3b88880dd298c0817b71e20a6955c38f2a53f746?s=96&d=mm&r=g\",\"url\":\"https:\\\/\\\/secure.gravatar.com\\\/avatar\\\/0ad9c966c6ed3335d7fffe2c3b88880dd298c0817b71e20a6955c38f2a53f746?s=96&d=mm&r=g\",\"contentUrl\":\"https:\\\/\\\/secure.gravatar.com\\\/avatar\\\/0ad9c966c6ed3335d7fffe2c3b88880dd298c0817b71e20a6955c38f2a53f746?s=96&d=mm&r=g\",\"caption\":\"Lucas Rodrigues\"},\"url\":\"https:\\\/\\\/salesianossp.org.br\\\/osbomretiro\\\/author\\\/lucas-rodrigues\\\/\"}]}<\/script>\n<!-- \/ Yoast SEO plugin. -->","yoast_head_json":{"title":"Carnaval Legal no IDB: Conscientiza\u00e7\u00e3o, Cultura e Alegria!!! - Instituto Dom Bosco","robots":{"index":"index","follow":"follow","max-snippet":"max-snippet:-1","max-image-preview":"max-image-preview:large","max-video-preview":"max-video-preview:-1"},"canonical":"https:\/\/salesianossp.org.br\/osbomretiro\/carnaval-legal-no-idb-conscientizacao-cultura-e-alegria\/","og_locale":"pt_BR","og_type":"article","og_title":"Carnaval Legal no IDB: Conscientiza\u00e7\u00e3o, Cultura e Alegria!!! - Instituto Dom Bosco","og_description":"Marchinhas conscientes, melhor fantasia, bateria, cultura Papangus, gincanas para todas as idades e grito de carnaval contra a Explora\u00e7\u00e3o Sexual de Jovens, fizeram parte da festa de Carnaval do Instituto Dom Bosco Castelinho Dom Bosco A galera do Castelinho Dom Bosco, teve o seu Grito de Carnaval no dia 17 do m\u00eas, trazendo como pauta [&hellip;]","og_url":"https:\/\/salesianossp.org.br\/osbomretiro\/carnaval-legal-no-idb-conscientizacao-cultura-e-alegria\/","og_site_name":"Instituto Dom Bosco","article_publisher":"https:\/\/www.facebook.com\/InstitutoDomBoscoBomRetiro\/","article_published_time":"2023-02-28T16:29:48+00:00","og_image":[{"width":1024,"height":1024,"url":"https:\/\/salesianossp.org.br\/osbomretiro\/wp-content\/uploads\/2023\/02\/Publicacoes-IDB-2-2-1024x1024.png","type":"image\/png"}],"author":"Lucas Rodrigues","twitter_card":"summary_large_image","twitter_misc":{"Escrito por":"Lucas Rodrigues","Est. tempo de leitura":"3 minutos"},"schema":{"@context":"https:\/\/schema.org","@graph":[{"@type":"Article","@id":"https:\/\/salesianossp.org.br\/osbomretiro\/carnaval-legal-no-idb-conscientizacao-cultura-e-alegria\/#article","isPartOf":{"@id":"https:\/\/salesianossp.org.br\/osbomretiro\/carnaval-legal-no-idb-conscientizacao-cultura-e-alegria\/"},"author":{"name":"Lucas Rodrigues","@id":"https:\/\/salesianossp.org.br\/osbomretiro\/#\/schema\/person\/3091f5c85d13f1f81c2eadb190445d2e"},"headline":"Carnaval Legal no IDB: Conscientiza\u00e7\u00e3o, Cultura e Alegria!!!","datePublished":"2023-02-28T16:29:48+00:00","mainEntityOfPage":{"@id":"https:\/\/salesianossp.org.br\/osbomretiro\/carnaval-legal-no-idb-conscientizacao-cultura-e-alegria\/"},"wordCount":596,"commentCount":0,"publisher":{"@id":"https:\/\/salesianossp.org.br\/osbomretiro\/#organization"},"image":{"@id":"https:\/\/salesianossp.org.br\/osbomretiro\/carnaval-legal-no-idb-conscientizacao-cultura-e-alegria\/#primaryimage"},"thumbnailUrl":"https:\/\/salesianossp.org.br\/osbomretiro\/wp-content\/uploads\/2023\/02\/Publicacoes-IDB-2-2-scaled.png","articleSection":["Not\u00edcias"],"inLanguage":"pt-BR","potentialAction":[{"@type":"CommentAction","name":"Comment","target":["https:\/\/salesianossp.org.br\/osbomretiro\/carnaval-legal-no-idb-conscientizacao-cultura-e-alegria\/#respond"]}]},{"@type":"WebPage","@id":"https:\/\/salesianossp.org.br\/osbomretiro\/carnaval-legal-no-idb-conscientizacao-cultura-e-alegria\/","url":"https:\/\/salesianossp.org.br\/osbomretiro\/carnaval-legal-no-idb-conscientizacao-cultura-e-alegria\/","name":"Carnaval Legal no IDB: Conscientiza\u00e7\u00e3o, Cultura e Alegria!!! - Instituto Dom Bosco","isPartOf":{"@id":"https:\/\/salesianossp.org.br\/osbomretiro\/#website"},"primaryImageOfPage":{"@id":"https:\/\/salesianossp.org.br\/osbomretiro\/carnaval-legal-no-idb-conscientizacao-cultura-e-alegria\/#primaryimage"},"image":{"@id":"https:\/\/salesianossp.org.br\/osbomretiro\/carnaval-legal-no-idb-conscientizacao-cultura-e-alegria\/#primaryimage"},"thumbnailUrl":"https:\/\/salesianossp.org.br\/osbomretiro\/wp-content\/uploads\/2023\/02\/Publicacoes-IDB-2-2-scaled.png","datePublished":"2023-02-28T16:29:48+00:00","breadcrumb":{"@id":"https:\/\/salesianossp.org.br\/osbomretiro\/carnaval-legal-no-idb-conscientizacao-cultura-e-alegria\/#breadcrumb"},"inLanguage":"pt-BR","potentialAction":[{"@type":"ReadAction","target":["https:\/\/salesianossp.org.br\/osbomretiro\/carnaval-legal-no-idb-conscientizacao-cultura-e-alegria\/"]}]},{"@type":"ImageObject","inLanguage":"pt-BR","@id":"https:\/\/salesianossp.org.br\/osbomretiro\/carnaval-legal-no-idb-conscientizacao-cultura-e-alegria\/#primaryimage","url":"https:\/\/salesianossp.org.br\/osbomretiro\/wp-content\/uploads\/2023\/02\/Publicacoes-IDB-2-2-scaled.png","contentUrl":"https:\/\/salesianossp.org.br\/osbomretiro\/wp-content\/uploads\/2023\/02\/Publicacoes-IDB-2-2-scaled.png","width":2560,"height":2560},{"@type":"BreadcrumbList","@id":"https:\/\/salesianossp.org.br\/osbomretiro\/carnaval-legal-no-idb-conscientizacao-cultura-e-alegria\/#breadcrumb","itemListElement":[{"@type":"ListItem","position":1,"name":"In\u00edcio","item":"https:\/\/salesianossp.org.br\/osbomretiro\/"},{"@type":"ListItem","position":2,"name":"Carnaval Legal no IDB: Conscientiza\u00e7\u00e3o, Cultura e Alegria!!!"}]},{"@type":"WebSite","@id":"https:\/\/salesianossp.org.br\/osbomretiro\/#website","url":"https:\/\/salesianossp.org.br\/osbomretiro\/","name":"Instituto Dom Bosco","description":"","publisher":{"@id":"https:\/\/salesianossp.org.br\/osbomretiro\/#organization"},"potentialAction":[{"@type":"SearchAction","target":{"@type":"EntryPoint","urlTemplate":"https:\/\/salesianossp.org.br\/osbomretiro\/?s={search_term_string}"},"query-input":{"@type":"PropertyValueSpecification","valueRequired":true,"valueName":"search_term_string"}}],"inLanguage":"pt-BR"},{"@type":"Organization","@id":"https:\/\/salesianossp.org.br\/osbomretiro\/#organization","name":"Instituto Dom Bosco","url":"https:\/\/salesianossp.org.br\/osbomretiro\/","logo":{"@type":"ImageObject","inLanguage":"pt-BR","@id":"https:\/\/salesianossp.org.br\/osbomretiro\/#\/schema\/logo\/image\/","url":"https:\/\/salesianossp.org.br\/osbomretiro\/wp-content\/uploads\/2025\/10\/logotipo-instituto-dom-bosco-color-56.svg","contentUrl":"https:\/\/salesianossp.org.br\/osbomretiro\/wp-content\/uploads\/2025\/10\/logotipo-instituto-dom-bosco-color-56.svg","width":164,"height":56,"caption":"Instituto Dom Bosco"},"image":{"@id":"https:\/\/salesianossp.org.br\/osbomretiro\/#\/schema\/logo\/image\/"},"sameAs":["https:\/\/www.facebook.com\/InstitutoDomBoscoBomRetiro\/","https:\/\/www.youtube.com\/user\/Institutodb","https:\/\/www.instagram.com\/institutodb\/"]},{"@type":"Person","@id":"https:\/\/salesianossp.org.br\/osbomretiro\/#\/schema\/person\/3091f5c85d13f1f81c2eadb190445d2e","name":"Lucas Rodrigues","image":{"@type":"ImageObject","inLanguage":"pt-BR","@id":"https:\/\/secure.gravatar.com\/avatar\/0ad9c966c6ed3335d7fffe2c3b88880dd298c0817b71e20a6955c38f2a53f746?s=96&d=mm&r=g","url":"https:\/\/secure.gravatar.com\/avatar\/0ad9c966c6ed3335d7fffe2c3b88880dd298c0817b71e20a6955c38f2a53f746?s=96&d=mm&r=g","contentUrl":"https:\/\/secure.gravatar.com\/avatar\/0ad9c966c6ed3335d7fffe2c3b88880dd298c0817b71e20a6955c38f2a53f746?s=96&d=mm&r=g","caption":"Lucas Rodrigues"},"url":"https:\/\/salesianossp.org.br\/osbomretiro\/author\/lucas-rodrigues\/"}]}},"_links":{"self":[{"href":"https:\/\/salesianossp.org.br\/osbomretiro\/wp-json\/wp\/v2\/posts\/4721","targetHints":{"allow":["GET"]}}],"collection":[{"href":"https:\/\/salesianossp.org.br\/osbomretiro\/wp-json\/wp\/v2\/posts"}],"about":[{"href":"https:\/\/salesianossp.org.br\/osbomretiro\/wp-json\/wp\/v2\/types\/post"}],"author":[{"embeddable":true,"href":"https:\/\/salesianossp.org.br\/osbomretiro\/wp-json\/wp\/v2\/users\/27"}],"replies":[{"embeddable":true,"href":"https:\/\/salesianossp.org.br\/osbomretiro\/wp-json\/wp\/v2\/comments?post=4721"}],"version-history":[{"count":0,"href":"https:\/\/salesianossp.org.br\/osbomretiro\/wp-json\/wp\/v2\/posts\/4721\/revisions"}],"wp:featuredmedia":[{"embeddable":true,"href":"https:\/\/salesianossp.org.br\/osbomretiro\/wp-json\/wp\/v2\/media\/4723"}],"wp:attachment":[{"href":"https:\/\/salesianossp.org.br\/osbomretiro\/wp-json\/wp\/v2\/media?parent=4721"}],"wp:term":[{"taxonomy":"category","embeddable":true,"href":"https:\/\/salesianossp.org.br\/osbomretiro\/wp-json\/wp\/v2\/categories?post=4721"},{"taxonomy":"post_tag","embeddable":true,"href":"https:\/\/salesianossp.org.br\/osbomretiro\/wp-json\/wp\/v2\/tags?post=4721"}],"curies":[{"name":"wp","href":"https:\/\/api.w.org\/{rel}","templated":true}]}}