{"id":4746,"date":"2023-03-10T16:30:00","date_gmt":"2023-03-10T19:30:00","guid":{"rendered":"https:\/\/salesianossp.org.br\/osbomretiro\/?p=4746"},"modified":"2023-03-10T16:30:00","modified_gmt":"2023-03-10T19:30:00","slug":"semana-da-mulher-no-idb-traz-reflexoes-homenagens-e-parceria-com-o-instituto-embelezze","status":"publish","type":"post","link":"https:\/\/salesianossp.org.br\/osbomretiro\/semana-da-mulher-no-idb-traz-reflexoes-homenagens-e-parceria-com-o-instituto-embelezze\/","title":{"rendered":"Semana da Mulher no IDB traz: reflex\u00f5es, homenagens e parceria com o Instituto Embelleze"},"content":{"rendered":"\n<p><strong>Roda Circular, reflex\u00e3o, homenagens e depoimento inspirador de Ex-Atendida na Unidade Bom Retiro<\/strong><\/p>\n\n\n\n<p>Educandas do <strong>CCA PROVIM<\/strong>, <strong>CEDESP BR<\/strong> e <strong>Colaboradoras<\/strong> da Unidade, puderam vivenciar uma dan\u00e7a circular sobre o sagrado feminino no Dia Internacional da Mulher.&nbsp;<br><br>Na oficina de Arte em Madeira, os educandos(as) fizeram lindos trabalhos guiados por Jos\u00e9 Luiz, Educador,&nbsp; para homenagear as mulheres especiais que fazem parte da vida deles. Roda de conversa com reflex\u00f5es sobre as desigualdades de g\u00eanero, tamb\u00e9m foram realizadas com a turma.<\/p>\n\n\n\n<p>O educador Jos\u00e9 Marc\u00edlio, fez uma acolhida especial com a turma dourada que apresentou v\u00e1rias personagens femininas que mudaram a hist\u00f3ria de muitas pessoas atrav\u00e9s da sua luta. No final, nossas meninas representaram v\u00e1rias profiss\u00f5es, consideradas masculinas, e que aos poucos est\u00e3o sendo exercidas pelas mulheres! Com a composi\u00e7\u00e3o, de autoria pr\u00f3pria, a turma Prata homenageou as colaboradoras pelo dia 8 de mar\u00e7o.&nbsp;<\/p>\n\n\n\n<p><em>&#8220;Gratid\u00e3o&nbsp; ao dia&nbsp; de hoje pela manifesta\u00e7\u00e3o&nbsp; do sagrado feminino. Que nossas meninas se tornem&nbsp; mulheres&nbsp; fortes, corajosas e livres de todo sistema opressor de s\u00e9culos&nbsp; de hist\u00f3ria. A cada uma de voc\u00eas mulheres do CCA PROVIM&nbsp; gratid\u00e3o&nbsp; por ser&nbsp; esta luz!&nbsp; Feliz dias das mulheres!&#8221;, declarou a Bruna Miranda, Educadora no CCA.<\/em><\/p>\n\n\n\n<p>No <strong>CEDESP BR,&nbsp; <\/strong>pela manh\u00e3, a turma de Comandos falou sobre a import\u00e2ncia e o motivo da data, na sequ\u00eancia a turma de el\u00e9trica recitou o poema de Paulo Bonfim. A turma de Fabrica\u00e7\u00e3o tamb\u00e9m declamou, mas dessa vez um poema de autoria pr\u00f3pria de Sergio D. Rocha (abaixo). Na parte da tarde foi a vez das turmas de Log\u00edstica, RH e ADM, refletirem e homenagearem as mulheres. Em ambos os per\u00edodos foi realizada a dan\u00e7a circular junto do CCA.<\/p>\n\n\n\n<p>O dia foi finalizado com uma reuni\u00e3o de fam\u00edlia, onde a Ex-Educanda Ana J\u00falia, esteve presente, contando sua hist\u00f3ria e motivando a todos lembrando a potencialidade de seus filhos e estimulando a todas as mulheres. Hoje, Ana \u00e9 advogada.&nbsp;<\/p>\n\n\n\n<p>Ao longo do dia foram entregues bombons a todas as mulheres, pelo CEDESP. <\/p>\n\n\n\n<p><strong>Castelinho em Parceria com o Instituto Embelleze realiza Semana da Mulher para celebrar o Dia 8 de mar\u00e7o e recebe palestra sobre \u201cEnvelhecimento da Mulher nos Dias Atuais\u201d&nbsp;<\/strong><\/p>\n\n\n\n<p>Na semana do dia 6 o Castelinho em parceria com o Instituto Embelleze, realizou a Semana da Mulher com as idosas Atendidas. O objetivo da atividade foi trabalhar a autoestima, autocuidado, beleza e empoderamento feminino no m\u00eas de mar\u00e7o, onde se comemora o Dia Internacional da Mulher. Neste dia foram realizados corte e escova pelos representantes da Embelleze. A fim de potencializar a qualidade de vida das nossas atendidas, seus alunos e o fortalecimento de capacidades locais para o desenvolvimento territorial. Ao t\u00e9rmino da atividade, lanche para todos os presentes.<\/p>\n\n\n\n<p><em>\u201cA turma realizou um excelente trabalho!!!\u201d<\/em>, declarou Elizete Marinho, Administrativo.<\/p>\n\n\n\n<p><em>\u201cA parceria com o Instituto Embelleze foi de grande valia para ambas as partes, com o objetivo do trabalho alcan\u00e7ado ao vermos nossas atendidas com suas belezas ressaltadas e suas auto estimas elevadas.\u201d<\/em>, conclui Crislaine Pereira, T\u00e9cnica Social do NCI.&nbsp;<\/p>\n\n\n\n<p>No pr\u00f3prio dia 8, a Unidade recebeu a visita de Sandra Costa, que bateu um papo com os Atendidos(as) sobre: \u201cEnvelhecimento da Mulher nos Dias Atuais\u201d. O processo de envelhecimento \u00e9 um fen\u00f4meno mundial e, considerando-se sua complexidade, a atua\u00e7\u00e3o de uma equipe interdisciplinar \u00e9 fundamental para estabelecer a\u00e7\u00f5es relativas \u00e0 promo\u00e7\u00e3o de sa\u00fade, preven\u00e7\u00e3o de doen\u00e7as, qualidade de vida e autoestima do idoso. Ao t\u00e9rmino do momento, lanche e uma lembran\u00e7a entregue em nome do Servi\u00e7o NCI.<\/p>\n\n\n\n<p><em>\u201cMomentos como este refor\u00e7am as pessoas, para que percebam o seu potencial para o bem-estar f\u00edsico, social e mental ao longo do curso da vida, e que essas Idosas participem da sociedade de acordo com suas necessidades, desejos e capacidades; ao mesmo tempo, propicia prote\u00e7\u00e3o, seguran\u00e7a e cuidados adequados, quando necess\u00e1rios. Falar sobre o tema \u00e9 extremamente importante e necess\u00e1rio.\u201d<\/em>, concluiu Elizete.<\/p>\n\n\n\n<p>J\u00e1 a turma do CJ, homenageou Homenagear todas as mulheres, principalmente as que contribuem com o bem-estar na Unidade, sendo o momento personalizado para cada uma. Um dia de reflex\u00e3o sobre a import\u00e2ncia da data, seguido de lembran\u00e7as etregues para as jovens do Servi\u00e7o. <em>\u201cAchei fofo a turma do CJ homenagear as mulheres do Castelinho, com cartazes e cartas feitas com carinho.\u201d<\/em>, disse Elizete Marinho da Silva, Assistente Administrativo NCI.<\/p>\n\n\n\n<p>A turma do CCA tamb\u00e9m realizou sua homenagem, neste dia, as crian\u00e7as e adolescentes declamaram poemas e encenaram uma pe\u00e7a de teatro: Cinderela. <em>\u201cFoi um dia especial, em que as crian\u00e7as preparam um poema e uma pe\u00e7a que valorizaram as mulheres e sua ess\u00eancia.&nbsp; Os meninos se reuniram para declamar um lindo poema que expressaram ternura e respeito por n\u00f3s mulheres.\u201d,<\/em> compartilhou Diomara Lima, Educadora do CCA no CDB.<\/p>\n\n\n\n<p><strong>\u201cA Mulher que eu me tornei, a partir das mulheres que me inspiram\u201d \u00e9 pauta nas homenagens realizadas no CEDESP Vila Paulistana&nbsp;<\/strong><\/p>\n\n\n\n<p>No CEDESP Vila Paulistana, os momentos de Bom dia e Boa tarde, ao longo do m\u00eas, trouxeram reflex\u00f5es acerca da data. A come\u00e7ar pelos momentos hist\u00f3ricos que originaram esta celebra\u00e7\u00e3o, e perpassam pelos t\u00edtulos \u201cA Mulher que eu me tornei, a partir das mulheres que me inspiram\u201d e \u201cMulheres potentes e inspiradoras\u201d. No dia 8, todas as mulheres receberam um doce\/mimo criativo, feito carinhosamente pelo RH e pelos volunt\u00e1rios.<\/p>\n\n\n\n<p><em>\u201cEm todas as reflex\u00f5es, ficaram claras quais foram as conquistas de equidade at\u00e9 o momento, mas tamb\u00e9m o quanto ainda falta para avan\u00e7ar em rela\u00e7\u00e3o ao respeito pelas mulheres. Nos relatos n\u00e3o faltaram l\u00e1grimas de saudades, sorrisos de lembran\u00e7as e gestos de gratid\u00e3o por todos os cuidados e aprendizados.\u201d,<\/em> declarou P\u00e9rola B Brito, Gerente de Servi\u00e7o.<\/p>\n\n\n\n<p><em>\u201cBelo momento onde regressamos as nossas mais significativas lembran\u00e7as e reconhecimento das grandes mulheres que passaram e que est\u00e3o em nossas vidas, fortalecendo a nossa jornada cotidiana.\u201d<\/em>, concluiu Giselia Rodrigues, Administrativo.&nbsp;<br><br>No dia Internacional da Mulher foi entregue a todas as Colaboradoras um mimo do Departamento de Recursos Humanos.<\/p>\n\n\n\n<p><strong>MULHER ONTEM HOJE E SEMPRE<\/strong><\/p>\n\n\n\n<p>Singelas, graciosas e orgulhosas s\u00e3o elas de muita sorte.<br>Serem m\u00e3es, as vezes pais, s\u00e3o elas, novamente, que nos d\u00e3o tal porte.<br>Pelo p\u00e3o de cada dia, elas lutam, trabalham, suam e a noite sorriam<br>Fazem coisas que n\u00e3o podiam.&nbsp;<\/p>\n\n\n\n<p>Desde nascimento do mundo, j\u00e1 se falava dela.<br>Cheios de abra\u00e7os apertados, e um sorriso no olhar,<br>Elas guiam sem pestanejar.<br>Cansadas ou n\u00e3o, elas sempre d\u00e3o as m\u00e3os pra ajudar<br>E quando crian\u00e7a elas sempre est\u00e3o perto pra nos guiar.<\/p>\n\n\n\n<p>Num levante pela liberdade, surgem as mulheres.<br>Crescentes, vigorosas e reluzentes, voc\u00eas mulheres o querem?<br>Vida, amor, casamento, independ\u00eancia?<br>Sim, porque n\u00e3o,<br>s\u00e3o voc\u00eas mulheres que carregam o mundo pelas m\u00e3os.<\/p>\n\n\n\n<p>Todos n\u00f3s temos um dever de agradece-las.<br>Suas escolhas n\u00e3o atrapalham nossas vidas<br>E nem causam feridas.<br>Porque voc\u00ea, menina doce.<br>Transforma o caos em flores<\/p>\n\n\n\n<p>Por serem corajosas, destemidas e fugazes<br>Ficamos de joelho perante vossa Majestade.<br>Neste instante o que nos resta \u00e9 dizer:<br>Feliz dia das mulheres.<\/p>\n\n\n\n<p><strong><em>Autor: Sergio D. Rocha, Educando de Fabrica\u00e7\u00e3o Digital 3D \u2013 CEEDESP Bom Retiro.<\/em><\/strong><\/p>\n\n\n\n<p><\/p>\n\n\n\n<p><strong><a href=\"https:\/\/www.facebook.com\/media\/set\/?set=a.650934110369740&amp;type=3\" data-type=\"URL\" data-id=\"https:\/\/www.facebook.com\/media\/set\/?set=a.650934110369740&amp;type=3\">Clique aqui para ver todas as fotos<\/a> <\/strong><\/p>\n\n\n\n<p><\/p>\n","protected":false},"excerpt":{"rendered":"<p>Roda Circular, reflex\u00e3o, homenagens e depoimento inspirador de Ex-Atendida na Unidade Bom Retiro Educandas do CCA PROVIM, CEDESP BR e Colaboradoras da Unidade, puderam vivenciar uma dan\u00e7a circular sobre o sagrado feminino no Dia Internacional da Mulher.&nbsp; Na oficina de Arte em Madeira, os educandos(as) fizeram lindos trabalhos guiados por Jos\u00e9 Luiz, Educador,&nbsp; para homenagear [&hellip;]<\/p>\n","protected":false},"author":27,"featured_media":4751,"comment_status":"open","ping_status":"open","sticky":false,"template":"","format":"standard","meta":{"footnotes":""},"categories":[59],"tags":[],"class_list":["post-4746","post","type-post","status-publish","format-standard","has-post-thumbnail","hentry","category-noticias"],"yoast_head":"<!-- This site is optimized with the Yoast SEO plugin v27.3 - https:\/\/yoast.com\/product\/yoast-seo-wordpress\/ -->\n<title>Semana da Mulher no IDB traz: reflex\u00f5es, homenagens e parceria com o Instituto Embelleze - Instituto Dom Bosco<\/title>\n<meta name=\"robots\" content=\"index, follow, max-snippet:-1, max-image-preview:large, max-video-preview:-1\" \/>\n<link rel=\"canonical\" href=\"https:\/\/salesianossp.org.br\/osbomretiro\/semana-da-mulher-no-idb-traz-reflexoes-homenagens-e-parceria-com-o-instituto-embelezze\/\" \/>\n<meta property=\"og:locale\" content=\"pt_BR\" \/>\n<meta property=\"og:type\" content=\"article\" \/>\n<meta property=\"og:title\" content=\"Semana da Mulher no IDB traz: reflex\u00f5es, homenagens e parceria com o Instituto Embelleze - Instituto Dom Bosco\" \/>\n<meta property=\"og:description\" content=\"Roda Circular, reflex\u00e3o, homenagens e depoimento inspirador de Ex-Atendida na Unidade Bom Retiro Educandas do CCA PROVIM, CEDESP BR e Colaboradoras da Unidade, puderam vivenciar uma dan\u00e7a circular sobre o sagrado feminino no Dia Internacional da Mulher.&nbsp; Na oficina de Arte em Madeira, os educandos(as) fizeram lindos trabalhos guiados por Jos\u00e9 Luiz, Educador,&nbsp; para homenagear [&hellip;]\" \/>\n<meta property=\"og:url\" content=\"https:\/\/salesianossp.org.br\/osbomretiro\/semana-da-mulher-no-idb-traz-reflexoes-homenagens-e-parceria-com-o-instituto-embelezze\/\" \/>\n<meta property=\"og:site_name\" content=\"Instituto Dom Bosco\" \/>\n<meta property=\"article:publisher\" content=\"https:\/\/www.facebook.com\/InstitutoDomBoscoBomRetiro\/\" \/>\n<meta property=\"article:published_time\" content=\"2023-03-10T19:30:00+00:00\" \/>\n<meta property=\"og:image\" content=\"https:\/\/salesianossp.org.br\/osbomretiro\/wp-content\/uploads\/2023\/03\/Dia-da-Mulher-IDB-scaled.png\" \/>\n\t<meta property=\"og:image:width\" content=\"2560\" \/>\n\t<meta property=\"og:image:height\" content=\"2560\" \/>\n\t<meta property=\"og:image:type\" content=\"image\/png\" \/>\n<meta name=\"author\" content=\"Lucas Rodrigues\" \/>\n<meta name=\"twitter:card\" content=\"summary_large_image\" \/>\n<meta name=\"twitter:label1\" content=\"Escrito por\" \/>\n\t<meta name=\"twitter:data1\" content=\"Lucas Rodrigues\" \/>\n\t<meta name=\"twitter:label2\" content=\"Est. tempo de leitura\" \/>\n\t<meta name=\"twitter:data2\" content=\"6 minutos\" \/>\n<script type=\"application\/ld+json\" class=\"yoast-schema-graph\">{\"@context\":\"https:\\\/\\\/schema.org\",\"@graph\":[{\"@type\":\"Article\",\"@id\":\"https:\\\/\\\/salesianossp.org.br\\\/osbomretiro\\\/semana-da-mulher-no-idb-traz-reflexoes-homenagens-e-parceria-com-o-instituto-embelezze\\\/#article\",\"isPartOf\":{\"@id\":\"https:\\\/\\\/salesianossp.org.br\\\/osbomretiro\\\/semana-da-mulher-no-idb-traz-reflexoes-homenagens-e-parceria-com-o-instituto-embelezze\\\/\"},\"author\":{\"name\":\"Lucas Rodrigues\",\"@id\":\"https:\\\/\\\/salesianossp.org.br\\\/osbomretiro\\\/#\\\/schema\\\/person\\\/3091f5c85d13f1f81c2eadb190445d2e\"},\"headline\":\"Semana da Mulher no IDB traz: reflex\u00f5es, homenagens e parceria com o Instituto Embelleze\",\"datePublished\":\"2023-03-10T19:30:00+00:00\",\"mainEntityOfPage\":{\"@id\":\"https:\\\/\\\/salesianossp.org.br\\\/osbomretiro\\\/semana-da-mulher-no-idb-traz-reflexoes-homenagens-e-parceria-com-o-instituto-embelezze\\\/\"},\"wordCount\":1288,\"commentCount\":0,\"publisher\":{\"@id\":\"https:\\\/\\\/salesianossp.org.br\\\/osbomretiro\\\/#organization\"},\"image\":{\"@id\":\"https:\\\/\\\/salesianossp.org.br\\\/osbomretiro\\\/semana-da-mulher-no-idb-traz-reflexoes-homenagens-e-parceria-com-o-instituto-embelezze\\\/#primaryimage\"},\"thumbnailUrl\":\"https:\\\/\\\/salesianossp.org.br\\\/osbomretiro\\\/wp-content\\\/uploads\\\/2023\\\/03\\\/Dia-da-Mulher-IDB-scaled.png\",\"articleSection\":[\"Not\u00edcias\"],\"inLanguage\":\"pt-BR\",\"potentialAction\":[{\"@type\":\"CommentAction\",\"name\":\"Comment\",\"target\":[\"https:\\\/\\\/salesianossp.org.br\\\/osbomretiro\\\/semana-da-mulher-no-idb-traz-reflexoes-homenagens-e-parceria-com-o-instituto-embelezze\\\/#respond\"]}]},{\"@type\":\"WebPage\",\"@id\":\"https:\\\/\\\/salesianossp.org.br\\\/osbomretiro\\\/semana-da-mulher-no-idb-traz-reflexoes-homenagens-e-parceria-com-o-instituto-embelezze\\\/\",\"url\":\"https:\\\/\\\/salesianossp.org.br\\\/osbomretiro\\\/semana-da-mulher-no-idb-traz-reflexoes-homenagens-e-parceria-com-o-instituto-embelezze\\\/\",\"name\":\"Semana da Mulher no IDB traz: reflex\u00f5es, homenagens e parceria com o Instituto Embelleze - Instituto Dom Bosco\",\"isPartOf\":{\"@id\":\"https:\\\/\\\/salesianossp.org.br\\\/osbomretiro\\\/#website\"},\"primaryImageOfPage\":{\"@id\":\"https:\\\/\\\/salesianossp.org.br\\\/osbomretiro\\\/semana-da-mulher-no-idb-traz-reflexoes-homenagens-e-parceria-com-o-instituto-embelezze\\\/#primaryimage\"},\"image\":{\"@id\":\"https:\\\/\\\/salesianossp.org.br\\\/osbomretiro\\\/semana-da-mulher-no-idb-traz-reflexoes-homenagens-e-parceria-com-o-instituto-embelezze\\\/#primaryimage\"},\"thumbnailUrl\":\"https:\\\/\\\/salesianossp.org.br\\\/osbomretiro\\\/wp-content\\\/uploads\\\/2023\\\/03\\\/Dia-da-Mulher-IDB-scaled.png\",\"datePublished\":\"2023-03-10T19:30:00+00:00\",\"breadcrumb\":{\"@id\":\"https:\\\/\\\/salesianossp.org.br\\\/osbomretiro\\\/semana-da-mulher-no-idb-traz-reflexoes-homenagens-e-parceria-com-o-instituto-embelezze\\\/#breadcrumb\"},\"inLanguage\":\"pt-BR\",\"potentialAction\":[{\"@type\":\"ReadAction\",\"target\":[\"https:\\\/\\\/salesianossp.org.br\\\/osbomretiro\\\/semana-da-mulher-no-idb-traz-reflexoes-homenagens-e-parceria-com-o-instituto-embelezze\\\/\"]}]},{\"@type\":\"ImageObject\",\"inLanguage\":\"pt-BR\",\"@id\":\"https:\\\/\\\/salesianossp.org.br\\\/osbomretiro\\\/semana-da-mulher-no-idb-traz-reflexoes-homenagens-e-parceria-com-o-instituto-embelezze\\\/#primaryimage\",\"url\":\"https:\\\/\\\/salesianossp.org.br\\\/osbomretiro\\\/wp-content\\\/uploads\\\/2023\\\/03\\\/Dia-da-Mulher-IDB-scaled.png\",\"contentUrl\":\"https:\\\/\\\/salesianossp.org.br\\\/osbomretiro\\\/wp-content\\\/uploads\\\/2023\\\/03\\\/Dia-da-Mulher-IDB-scaled.png\",\"width\":2560,\"height\":2560},{\"@type\":\"BreadcrumbList\",\"@id\":\"https:\\\/\\\/salesianossp.org.br\\\/osbomretiro\\\/semana-da-mulher-no-idb-traz-reflexoes-homenagens-e-parceria-com-o-instituto-embelezze\\\/#breadcrumb\",\"itemListElement\":[{\"@type\":\"ListItem\",\"position\":1,\"name\":\"In\u00edcio\",\"item\":\"https:\\\/\\\/salesianossp.org.br\\\/osbomretiro\\\/\"},{\"@type\":\"ListItem\",\"position\":2,\"name\":\"Semana da Mulher no IDB traz: reflex\u00f5es, homenagens e parceria com o Instituto Embelleze\"}]},{\"@type\":\"WebSite\",\"@id\":\"https:\\\/\\\/salesianossp.org.br\\\/osbomretiro\\\/#website\",\"url\":\"https:\\\/\\\/salesianossp.org.br\\\/osbomretiro\\\/\",\"name\":\"Instituto Dom Bosco\",\"description\":\"\",\"publisher\":{\"@id\":\"https:\\\/\\\/salesianossp.org.br\\\/osbomretiro\\\/#organization\"},\"potentialAction\":[{\"@type\":\"SearchAction\",\"target\":{\"@type\":\"EntryPoint\",\"urlTemplate\":\"https:\\\/\\\/salesianossp.org.br\\\/osbomretiro\\\/?s={search_term_string}\"},\"query-input\":{\"@type\":\"PropertyValueSpecification\",\"valueRequired\":true,\"valueName\":\"search_term_string\"}}],\"inLanguage\":\"pt-BR\"},{\"@type\":\"Organization\",\"@id\":\"https:\\\/\\\/salesianossp.org.br\\\/osbomretiro\\\/#organization\",\"name\":\"Instituto Dom Bosco\",\"url\":\"https:\\\/\\\/salesianossp.org.br\\\/osbomretiro\\\/\",\"logo\":{\"@type\":\"ImageObject\",\"inLanguage\":\"pt-BR\",\"@id\":\"https:\\\/\\\/salesianossp.org.br\\\/osbomretiro\\\/#\\\/schema\\\/logo\\\/image\\\/\",\"url\":\"https:\\\/\\\/salesianossp.org.br\\\/osbomretiro\\\/wp-content\\\/uploads\\\/2025\\\/10\\\/logotipo-instituto-dom-bosco-color-56.svg\",\"contentUrl\":\"https:\\\/\\\/salesianossp.org.br\\\/osbomretiro\\\/wp-content\\\/uploads\\\/2025\\\/10\\\/logotipo-instituto-dom-bosco-color-56.svg\",\"width\":164,\"height\":56,\"caption\":\"Instituto Dom Bosco\"},\"image\":{\"@id\":\"https:\\\/\\\/salesianossp.org.br\\\/osbomretiro\\\/#\\\/schema\\\/logo\\\/image\\\/\"},\"sameAs\":[\"https:\\\/\\\/www.facebook.com\\\/InstitutoDomBoscoBomRetiro\\\/\",\"https:\\\/\\\/www.youtube.com\\\/user\\\/Institutodb\",\"https:\\\/\\\/www.instagram.com\\\/institutodb\\\/\"]},{\"@type\":\"Person\",\"@id\":\"https:\\\/\\\/salesianossp.org.br\\\/osbomretiro\\\/#\\\/schema\\\/person\\\/3091f5c85d13f1f81c2eadb190445d2e\",\"name\":\"Lucas Rodrigues\",\"image\":{\"@type\":\"ImageObject\",\"inLanguage\":\"pt-BR\",\"@id\":\"https:\\\/\\\/secure.gravatar.com\\\/avatar\\\/0ad9c966c6ed3335d7fffe2c3b88880dd298c0817b71e20a6955c38f2a53f746?s=96&d=mm&r=g\",\"url\":\"https:\\\/\\\/secure.gravatar.com\\\/avatar\\\/0ad9c966c6ed3335d7fffe2c3b88880dd298c0817b71e20a6955c38f2a53f746?s=96&d=mm&r=g\",\"contentUrl\":\"https:\\\/\\\/secure.gravatar.com\\\/avatar\\\/0ad9c966c6ed3335d7fffe2c3b88880dd298c0817b71e20a6955c38f2a53f746?s=96&d=mm&r=g\",\"caption\":\"Lucas Rodrigues\"},\"url\":\"https:\\\/\\\/salesianossp.org.br\\\/osbomretiro\\\/author\\\/lucas-rodrigues\\\/\"}]}<\/script>\n<!-- \/ Yoast SEO plugin. -->","yoast_head_json":{"title":"Semana da Mulher no IDB traz: reflex\u00f5es, homenagens e parceria com o Instituto Embelleze - Instituto Dom Bosco","robots":{"index":"index","follow":"follow","max-snippet":"max-snippet:-1","max-image-preview":"max-image-preview:large","max-video-preview":"max-video-preview:-1"},"canonical":"https:\/\/salesianossp.org.br\/osbomretiro\/semana-da-mulher-no-idb-traz-reflexoes-homenagens-e-parceria-com-o-instituto-embelezze\/","og_locale":"pt_BR","og_type":"article","og_title":"Semana da Mulher no IDB traz: reflex\u00f5es, homenagens e parceria com o Instituto Embelleze - Instituto Dom Bosco","og_description":"Roda Circular, reflex\u00e3o, homenagens e depoimento inspirador de Ex-Atendida na Unidade Bom Retiro Educandas do CCA PROVIM, CEDESP BR e Colaboradoras da Unidade, puderam vivenciar uma dan\u00e7a circular sobre o sagrado feminino no Dia Internacional da Mulher.&nbsp; Na oficina de Arte em Madeira, os educandos(as) fizeram lindos trabalhos guiados por Jos\u00e9 Luiz, Educador,&nbsp; para homenagear [&hellip;]","og_url":"https:\/\/salesianossp.org.br\/osbomretiro\/semana-da-mulher-no-idb-traz-reflexoes-homenagens-e-parceria-com-o-instituto-embelezze\/","og_site_name":"Instituto Dom Bosco","article_publisher":"https:\/\/www.facebook.com\/InstitutoDomBoscoBomRetiro\/","article_published_time":"2023-03-10T19:30:00+00:00","og_image":[{"width":2560,"height":2560,"url":"https:\/\/salesianossp.org.br\/osbomretiro\/wp-content\/uploads\/2023\/03\/Dia-da-Mulher-IDB-scaled.png","type":"image\/png"}],"author":"Lucas Rodrigues","twitter_card":"summary_large_image","twitter_misc":{"Escrito por":"Lucas Rodrigues","Est. tempo de leitura":"6 minutos"},"schema":{"@context":"https:\/\/schema.org","@graph":[{"@type":"Article","@id":"https:\/\/salesianossp.org.br\/osbomretiro\/semana-da-mulher-no-idb-traz-reflexoes-homenagens-e-parceria-com-o-instituto-embelezze\/#article","isPartOf":{"@id":"https:\/\/salesianossp.org.br\/osbomretiro\/semana-da-mulher-no-idb-traz-reflexoes-homenagens-e-parceria-com-o-instituto-embelezze\/"},"author":{"name":"Lucas Rodrigues","@id":"https:\/\/salesianossp.org.br\/osbomretiro\/#\/schema\/person\/3091f5c85d13f1f81c2eadb190445d2e"},"headline":"Semana da Mulher no IDB traz: reflex\u00f5es, homenagens e parceria com o Instituto Embelleze","datePublished":"2023-03-10T19:30:00+00:00","mainEntityOfPage":{"@id":"https:\/\/salesianossp.org.br\/osbomretiro\/semana-da-mulher-no-idb-traz-reflexoes-homenagens-e-parceria-com-o-instituto-embelezze\/"},"wordCount":1288,"commentCount":0,"publisher":{"@id":"https:\/\/salesianossp.org.br\/osbomretiro\/#organization"},"image":{"@id":"https:\/\/salesianossp.org.br\/osbomretiro\/semana-da-mulher-no-idb-traz-reflexoes-homenagens-e-parceria-com-o-instituto-embelezze\/#primaryimage"},"thumbnailUrl":"https:\/\/salesianossp.org.br\/osbomretiro\/wp-content\/uploads\/2023\/03\/Dia-da-Mulher-IDB-scaled.png","articleSection":["Not\u00edcias"],"inLanguage":"pt-BR","potentialAction":[{"@type":"CommentAction","name":"Comment","target":["https:\/\/salesianossp.org.br\/osbomretiro\/semana-da-mulher-no-idb-traz-reflexoes-homenagens-e-parceria-com-o-instituto-embelezze\/#respond"]}]},{"@type":"WebPage","@id":"https:\/\/salesianossp.org.br\/osbomretiro\/semana-da-mulher-no-idb-traz-reflexoes-homenagens-e-parceria-com-o-instituto-embelezze\/","url":"https:\/\/salesianossp.org.br\/osbomretiro\/semana-da-mulher-no-idb-traz-reflexoes-homenagens-e-parceria-com-o-instituto-embelezze\/","name":"Semana da Mulher no IDB traz: reflex\u00f5es, homenagens e parceria com o Instituto Embelleze - Instituto Dom Bosco","isPartOf":{"@id":"https:\/\/salesianossp.org.br\/osbomretiro\/#website"},"primaryImageOfPage":{"@id":"https:\/\/salesianossp.org.br\/osbomretiro\/semana-da-mulher-no-idb-traz-reflexoes-homenagens-e-parceria-com-o-instituto-embelezze\/#primaryimage"},"image":{"@id":"https:\/\/salesianossp.org.br\/osbomretiro\/semana-da-mulher-no-idb-traz-reflexoes-homenagens-e-parceria-com-o-instituto-embelezze\/#primaryimage"},"thumbnailUrl":"https:\/\/salesianossp.org.br\/osbomretiro\/wp-content\/uploads\/2023\/03\/Dia-da-Mulher-IDB-scaled.png","datePublished":"2023-03-10T19:30:00+00:00","breadcrumb":{"@id":"https:\/\/salesianossp.org.br\/osbomretiro\/semana-da-mulher-no-idb-traz-reflexoes-homenagens-e-parceria-com-o-instituto-embelezze\/#breadcrumb"},"inLanguage":"pt-BR","potentialAction":[{"@type":"ReadAction","target":["https:\/\/salesianossp.org.br\/osbomretiro\/semana-da-mulher-no-idb-traz-reflexoes-homenagens-e-parceria-com-o-instituto-embelezze\/"]}]},{"@type":"ImageObject","inLanguage":"pt-BR","@id":"https:\/\/salesianossp.org.br\/osbomretiro\/semana-da-mulher-no-idb-traz-reflexoes-homenagens-e-parceria-com-o-instituto-embelezze\/#primaryimage","url":"https:\/\/salesianossp.org.br\/osbomretiro\/wp-content\/uploads\/2023\/03\/Dia-da-Mulher-IDB-scaled.png","contentUrl":"https:\/\/salesianossp.org.br\/osbomretiro\/wp-content\/uploads\/2023\/03\/Dia-da-Mulher-IDB-scaled.png","width":2560,"height":2560},{"@type":"BreadcrumbList","@id":"https:\/\/salesianossp.org.br\/osbomretiro\/semana-da-mulher-no-idb-traz-reflexoes-homenagens-e-parceria-com-o-instituto-embelezze\/#breadcrumb","itemListElement":[{"@type":"ListItem","position":1,"name":"In\u00edcio","item":"https:\/\/salesianossp.org.br\/osbomretiro\/"},{"@type":"ListItem","position":2,"name":"Semana da Mulher no IDB traz: reflex\u00f5es, homenagens e parceria com o Instituto Embelleze"}]},{"@type":"WebSite","@id":"https:\/\/salesianossp.org.br\/osbomretiro\/#website","url":"https:\/\/salesianossp.org.br\/osbomretiro\/","name":"Instituto Dom Bosco","description":"","publisher":{"@id":"https:\/\/salesianossp.org.br\/osbomretiro\/#organization"},"potentialAction":[{"@type":"SearchAction","target":{"@type":"EntryPoint","urlTemplate":"https:\/\/salesianossp.org.br\/osbomretiro\/?s={search_term_string}"},"query-input":{"@type":"PropertyValueSpecification","valueRequired":true,"valueName":"search_term_string"}}],"inLanguage":"pt-BR"},{"@type":"Organization","@id":"https:\/\/salesianossp.org.br\/osbomretiro\/#organization","name":"Instituto Dom Bosco","url":"https:\/\/salesianossp.org.br\/osbomretiro\/","logo":{"@type":"ImageObject","inLanguage":"pt-BR","@id":"https:\/\/salesianossp.org.br\/osbomretiro\/#\/schema\/logo\/image\/","url":"https:\/\/salesianossp.org.br\/osbomretiro\/wp-content\/uploads\/2025\/10\/logotipo-instituto-dom-bosco-color-56.svg","contentUrl":"https:\/\/salesianossp.org.br\/osbomretiro\/wp-content\/uploads\/2025\/10\/logotipo-instituto-dom-bosco-color-56.svg","width":164,"height":56,"caption":"Instituto Dom Bosco"},"image":{"@id":"https:\/\/salesianossp.org.br\/osbomretiro\/#\/schema\/logo\/image\/"},"sameAs":["https:\/\/www.facebook.com\/InstitutoDomBoscoBomRetiro\/","https:\/\/www.youtube.com\/user\/Institutodb","https:\/\/www.instagram.com\/institutodb\/"]},{"@type":"Person","@id":"https:\/\/salesianossp.org.br\/osbomretiro\/#\/schema\/person\/3091f5c85d13f1f81c2eadb190445d2e","name":"Lucas Rodrigues","image":{"@type":"ImageObject","inLanguage":"pt-BR","@id":"https:\/\/secure.gravatar.com\/avatar\/0ad9c966c6ed3335d7fffe2c3b88880dd298c0817b71e20a6955c38f2a53f746?s=96&d=mm&r=g","url":"https:\/\/secure.gravatar.com\/avatar\/0ad9c966c6ed3335d7fffe2c3b88880dd298c0817b71e20a6955c38f2a53f746?s=96&d=mm&r=g","contentUrl":"https:\/\/secure.gravatar.com\/avatar\/0ad9c966c6ed3335d7fffe2c3b88880dd298c0817b71e20a6955c38f2a53f746?s=96&d=mm&r=g","caption":"Lucas Rodrigues"},"url":"https:\/\/salesianossp.org.br\/osbomretiro\/author\/lucas-rodrigues\/"}]}},"_links":{"self":[{"href":"https:\/\/salesianossp.org.br\/osbomretiro\/wp-json\/wp\/v2\/posts\/4746","targetHints":{"allow":["GET"]}}],"collection":[{"href":"https:\/\/salesianossp.org.br\/osbomretiro\/wp-json\/wp\/v2\/posts"}],"about":[{"href":"https:\/\/salesianossp.org.br\/osbomretiro\/wp-json\/wp\/v2\/types\/post"}],"author":[{"embeddable":true,"href":"https:\/\/salesianossp.org.br\/osbomretiro\/wp-json\/wp\/v2\/users\/27"}],"replies":[{"embeddable":true,"href":"https:\/\/salesianossp.org.br\/osbomretiro\/wp-json\/wp\/v2\/comments?post=4746"}],"version-history":[{"count":0,"href":"https:\/\/salesianossp.org.br\/osbomretiro\/wp-json\/wp\/v2\/posts\/4746\/revisions"}],"wp:featuredmedia":[{"embeddable":true,"href":"https:\/\/salesianossp.org.br\/osbomretiro\/wp-json\/wp\/v2\/media\/4751"}],"wp:attachment":[{"href":"https:\/\/salesianossp.org.br\/osbomretiro\/wp-json\/wp\/v2\/media?parent=4746"}],"wp:term":[{"taxonomy":"category","embeddable":true,"href":"https:\/\/salesianossp.org.br\/osbomretiro\/wp-json\/wp\/v2\/categories?post=4746"},{"taxonomy":"post_tag","embeddable":true,"href":"https:\/\/salesianossp.org.br\/osbomretiro\/wp-json\/wp\/v2\/tags?post=4746"}],"curies":[{"name":"wp","href":"https:\/\/api.w.org\/{rel}","templated":true}]}}