{"id":4771,"date":"2023-03-24T12:42:09","date_gmt":"2023-03-24T15:42:09","guid":{"rendered":"https:\/\/salesianossp.org.br\/osbomretiro\/?p=4771"},"modified":"2023-03-24T12:42:09","modified_gmt":"2023-03-24T15:42:09","slug":"jornal-criavp-e-selecionado-para-seminario-da-rsb-e-recebe-elogios-do-subprefeito-da-vila-maria","status":"publish","type":"post","link":"https:\/\/salesianossp.org.br\/osbomretiro\/jornal-criavp-e-selecionado-para-seminario-da-rsb-e-recebe-elogios-do-subprefeito-da-vila-maria\/","title":{"rendered":"<strong>Jornal CriaVP \u00e9 selecionado para Semin\u00e1rio da RSB e recebe elogios do Subprefeito do Ja\u00e7an\u00e3\/Trememb\u00e9<\/strong>"},"content":{"rendered":"\n<p>No ano de 2022, o CEDESP Dom Bosco Vila Paulistana do Instituto Dom Bosco S\u00e3o Paulo SP, iniciou o <strong><em>Jornal CriaVP. <\/em><\/strong>O jornal que est\u00e1 em sua 2\u00aa Edi\u00e7\u00e3o conquistou os elogios do Subprefeito Ja\u00e7an\u00e3\/Trememb\u00e9 Dario Jos\u00e9 Barreto e foi ainda selecionado para apresenta\u00e7\u00e3o no I Semin\u00e1rio de Boas Pr\u00e1ticas Educomunicacionais da Rede Salesiana Brasil.<\/p>\n\n\n\n<p><em>\u201cComo fruto de nossas partilhas, ao longo da trajet\u00f3ria, sobretudo no ano de 2021, diante daquilo que a pandemia nos havia imposto; bem como, da nossa necessidade de ampliar ainda mais o socioeducativo como elemento de congru\u00eancia entre a Pedagogia Salesiana, o Territ\u00f3rio e a vida de nossos educandos; nasce ent\u00e3o como proposta conjunta, a Cria\u00e7\u00e3o do Nosso Jornal CriaVP.\u201d<\/em>, declarou Israel Marques, um dos Educadores idealizadores do Jornal.&nbsp;<\/p>\n\n\n\n<p>A proposta do jornal \u00e9 desenvolver por meio da escrita, um canal de di\u00e1logo, entre CEDESP VP e a vida dos Atendidos, motivando o Protagonismo Juvenil: <em>\u201cA ideia \u00e9 que seja de fato uma vitrine que possa mostrar as belezas e, por que n\u00e3o, as durezas e dificuldades que a vida vai nos impondo.\u201d<\/em>, disse o Educador.<\/p>\n\n\n\n<p>O jornal aborda tem\u00e1ticas como: Gest\u00e3o Financeira e Trabalho, Pol\u00edticas P\u00fablicas, Agenda Cultura e Esportiva e&nbsp; Sustentabilidade. Algumas editorias do CriaVP, s\u00e3o: \u201cA quebrada est\u00e1 quebrada?! &#8211; Vamos falar de Trampo?!\u201d \u201cPapo Cabe\u00e7a\u201d e \u201cNos Rol\u00eas da Quebrada\u201d.&nbsp;&nbsp;<\/p>\n\n\n\n<p>Na Segunda Edi\u00e7\u00e3o, um dos Educandos trouxe uma luz mediante a todos os temas abordados, dizendo: \u2018Minha Quebrada \u00e9 da hora!!\u2019, e o questionamento para toda a turma foi: O que faz a \u201cquebrada\u201d ser dahora?!. Durante o semestre os Atendidos da Unidade visitam o entorno do bairro, realizando pesquisas de campo orientadas pelos Educadores com tem\u00e1ticas voltadas \u00e0s quest\u00f5es ambientais, ou seja, quais os equipamentos que efetivamente realizam trabalhos sustent\u00e1veis, sobre as empresas que atuam no bairro, atua\u00e7\u00e3o e perspectiva de atendimento ao cliente.&nbsp;<\/p>\n\n\n\n<p>Portanto, o Jornal CriaVP se desenvolve como um ativo da Casa Salesiana pois viabiliza para nossos educandos a habilidade de observar e gerar conclus\u00f5es a partir de fatos relacionados ao pr\u00f3prio dia a dia. <em>\u201c\u00c9 necess\u00e1rio cada vez mais contribuir para que as vozes de nossos educandos possam reverberar o ch\u00e3o da vida em sua complexa, desafiadora e encantadora realidade como toda a sua boniteza.\u201d,<\/em> concluiu Israel.&nbsp;<\/p>\n\n\n\n<p><strong><a href=\"https:\/\/drive.google.com\/drive\/u\/0\/folders\/1Wb_GWDllhFFT_bf2ebcMUQEDsM5T9LIq\" data-type=\"URL\" data-id=\"https:\/\/drive.google.com\/drive\/u\/0\/folders\/1Wb_GWDllhFFT_bf2ebcMUQEDsM5T9LIq\">Clique aqui para ver as Edi\u00e7\u00f5es&nbsp;<\/a><\/strong><\/p>\n\n\n\n<p><strong><a href=\"https:\/\/www.facebook.com\/media\/set\/?vanity=InstitutoDomBoscoBomRetiro&amp;set=a.660249246104893\" data-type=\"URL\" data-id=\"https:\/\/www.facebook.com\/media\/set\/?vanity=InstitutoDomBoscoBomRetiro&amp;set=a.660249246104893\">Clique aqui para ver todas as fotos <\/a><\/strong><\/p>\n","protected":false},"excerpt":{"rendered":"<p>No ano de 2022, o CEDESP Dom Bosco Vila Paulistana do Instituto Dom Bosco S\u00e3o Paulo SP, iniciou o Jornal CriaVP. O jornal que est\u00e1 em sua 2\u00aa Edi\u00e7\u00e3o conquistou os elogios do Subprefeito Ja\u00e7an\u00e3\/Trememb\u00e9 Dario Jos\u00e9 Barreto e foi ainda selecionado para apresenta\u00e7\u00e3o no I Semin\u00e1rio de Boas Pr\u00e1ticas Educomunicacionais da Rede Salesiana Brasil. [&hellip;]<\/p>\n","protected":false},"author":27,"featured_media":4773,"comment_status":"open","ping_status":"open","sticky":false,"template":"","format":"standard","meta":{"footnotes":""},"categories":[59],"tags":[],"class_list":["post-4771","post","type-post","status-publish","format-standard","has-post-thumbnail","hentry","category-noticias"],"yoast_head":"<!-- This site is optimized with the Yoast SEO plugin v27.3 - https:\/\/yoast.com\/product\/yoast-seo-wordpress\/ -->\n<title>Jornal CriaVP \u00e9 selecionado para Semin\u00e1rio da RSB e recebe elogios do Subprefeito do Ja\u00e7an\u00e3\/Trememb\u00e9 - Instituto Dom Bosco<\/title>\n<meta name=\"robots\" content=\"index, follow, max-snippet:-1, max-image-preview:large, max-video-preview:-1\" \/>\n<link rel=\"canonical\" href=\"https:\/\/salesianossp.org.br\/osbomretiro\/jornal-criavp-e-selecionado-para-seminario-da-rsb-e-recebe-elogios-do-subprefeito-da-vila-maria\/\" \/>\n<meta property=\"og:locale\" content=\"pt_BR\" \/>\n<meta property=\"og:type\" content=\"article\" \/>\n<meta property=\"og:title\" content=\"Jornal CriaVP \u00e9 selecionado para Semin\u00e1rio da RSB e recebe elogios do Subprefeito do Ja\u00e7an\u00e3\/Trememb\u00e9 - Instituto Dom Bosco\" \/>\n<meta property=\"og:description\" content=\"No ano de 2022, o CEDESP Dom Bosco Vila Paulistana do Instituto Dom Bosco S\u00e3o Paulo SP, iniciou o Jornal CriaVP. O jornal que est\u00e1 em sua 2\u00aa Edi\u00e7\u00e3o conquistou os elogios do Subprefeito Ja\u00e7an\u00e3\/Trememb\u00e9 Dario Jos\u00e9 Barreto e foi ainda selecionado para apresenta\u00e7\u00e3o no I Semin\u00e1rio de Boas Pr\u00e1ticas Educomunicacionais da Rede Salesiana Brasil. [&hellip;]\" \/>\n<meta property=\"og:url\" content=\"https:\/\/salesianossp.org.br\/osbomretiro\/jornal-criavp-e-selecionado-para-seminario-da-rsb-e-recebe-elogios-do-subprefeito-da-vila-maria\/\" \/>\n<meta property=\"og:site_name\" content=\"Instituto Dom Bosco\" \/>\n<meta property=\"article:publisher\" content=\"https:\/\/www.facebook.com\/InstitutoDomBoscoBomRetiro\/\" \/>\n<meta property=\"article:published_time\" content=\"2023-03-24T15:42:09+00:00\" \/>\n<meta property=\"og:image\" content=\"https:\/\/salesianossp.org.br\/osbomretiro\/wp-content\/uploads\/2023\/03\/Jornal-Cria-VP-IDB--scaled.png\" \/>\n\t<meta property=\"og:image:width\" content=\"2560\" \/>\n\t<meta property=\"og:image:height\" content=\"2560\" \/>\n\t<meta property=\"og:image:type\" content=\"image\/png\" \/>\n<meta name=\"author\" content=\"Lucas Rodrigues\" \/>\n<meta name=\"twitter:card\" content=\"summary_large_image\" \/>\n<meta name=\"twitter:label1\" content=\"Escrito por\" \/>\n\t<meta name=\"twitter:data1\" content=\"Lucas Rodrigues\" \/>\n\t<meta name=\"twitter:label2\" content=\"Est. tempo de leitura\" \/>\n\t<meta name=\"twitter:data2\" content=\"2 minutos\" \/>\n<script type=\"application\/ld+json\" class=\"yoast-schema-graph\">{\"@context\":\"https:\\\/\\\/schema.org\",\"@graph\":[{\"@type\":\"Article\",\"@id\":\"https:\\\/\\\/salesianossp.org.br\\\/osbomretiro\\\/jornal-criavp-e-selecionado-para-seminario-da-rsb-e-recebe-elogios-do-subprefeito-da-vila-maria\\\/#article\",\"isPartOf\":{\"@id\":\"https:\\\/\\\/salesianossp.org.br\\\/osbomretiro\\\/jornal-criavp-e-selecionado-para-seminario-da-rsb-e-recebe-elogios-do-subprefeito-da-vila-maria\\\/\"},\"author\":{\"name\":\"Lucas Rodrigues\",\"@id\":\"https:\\\/\\\/salesianossp.org.br\\\/osbomretiro\\\/#\\\/schema\\\/person\\\/3091f5c85d13f1f81c2eadb190445d2e\"},\"headline\":\"Jornal CriaVP \u00e9 selecionado para Semin\u00e1rio da RSB e recebe elogios do Subprefeito do Ja\u00e7an\u00e3\\\/Trememb\u00e9\",\"datePublished\":\"2023-03-24T15:42:09+00:00\",\"mainEntityOfPage\":{\"@id\":\"https:\\\/\\\/salesianossp.org.br\\\/osbomretiro\\\/jornal-criavp-e-selecionado-para-seminario-da-rsb-e-recebe-elogios-do-subprefeito-da-vila-maria\\\/\"},\"wordCount\":432,\"commentCount\":0,\"publisher\":{\"@id\":\"https:\\\/\\\/salesianossp.org.br\\\/osbomretiro\\\/#organization\"},\"image\":{\"@id\":\"https:\\\/\\\/salesianossp.org.br\\\/osbomretiro\\\/jornal-criavp-e-selecionado-para-seminario-da-rsb-e-recebe-elogios-do-subprefeito-da-vila-maria\\\/#primaryimage\"},\"thumbnailUrl\":\"https:\\\/\\\/salesianossp.org.br\\\/osbomretiro\\\/wp-content\\\/uploads\\\/2023\\\/03\\\/Jornal-Cria-VP-IDB--scaled.png\",\"articleSection\":[\"Not\u00edcias\"],\"inLanguage\":\"pt-BR\",\"potentialAction\":[{\"@type\":\"CommentAction\",\"name\":\"Comment\",\"target\":[\"https:\\\/\\\/salesianossp.org.br\\\/osbomretiro\\\/jornal-criavp-e-selecionado-para-seminario-da-rsb-e-recebe-elogios-do-subprefeito-da-vila-maria\\\/#respond\"]}]},{\"@type\":\"WebPage\",\"@id\":\"https:\\\/\\\/salesianossp.org.br\\\/osbomretiro\\\/jornal-criavp-e-selecionado-para-seminario-da-rsb-e-recebe-elogios-do-subprefeito-da-vila-maria\\\/\",\"url\":\"https:\\\/\\\/salesianossp.org.br\\\/osbomretiro\\\/jornal-criavp-e-selecionado-para-seminario-da-rsb-e-recebe-elogios-do-subprefeito-da-vila-maria\\\/\",\"name\":\"Jornal CriaVP \u00e9 selecionado para Semin\u00e1rio da RSB e recebe elogios do Subprefeito do Ja\u00e7an\u00e3\\\/Trememb\u00e9 - Instituto Dom Bosco\",\"isPartOf\":{\"@id\":\"https:\\\/\\\/salesianossp.org.br\\\/osbomretiro\\\/#website\"},\"primaryImageOfPage\":{\"@id\":\"https:\\\/\\\/salesianossp.org.br\\\/osbomretiro\\\/jornal-criavp-e-selecionado-para-seminario-da-rsb-e-recebe-elogios-do-subprefeito-da-vila-maria\\\/#primaryimage\"},\"image\":{\"@id\":\"https:\\\/\\\/salesianossp.org.br\\\/osbomretiro\\\/jornal-criavp-e-selecionado-para-seminario-da-rsb-e-recebe-elogios-do-subprefeito-da-vila-maria\\\/#primaryimage\"},\"thumbnailUrl\":\"https:\\\/\\\/salesianossp.org.br\\\/osbomretiro\\\/wp-content\\\/uploads\\\/2023\\\/03\\\/Jornal-Cria-VP-IDB--scaled.png\",\"datePublished\":\"2023-03-24T15:42:09+00:00\",\"breadcrumb\":{\"@id\":\"https:\\\/\\\/salesianossp.org.br\\\/osbomretiro\\\/jornal-criavp-e-selecionado-para-seminario-da-rsb-e-recebe-elogios-do-subprefeito-da-vila-maria\\\/#breadcrumb\"},\"inLanguage\":\"pt-BR\",\"potentialAction\":[{\"@type\":\"ReadAction\",\"target\":[\"https:\\\/\\\/salesianossp.org.br\\\/osbomretiro\\\/jornal-criavp-e-selecionado-para-seminario-da-rsb-e-recebe-elogios-do-subprefeito-da-vila-maria\\\/\"]}]},{\"@type\":\"ImageObject\",\"inLanguage\":\"pt-BR\",\"@id\":\"https:\\\/\\\/salesianossp.org.br\\\/osbomretiro\\\/jornal-criavp-e-selecionado-para-seminario-da-rsb-e-recebe-elogios-do-subprefeito-da-vila-maria\\\/#primaryimage\",\"url\":\"https:\\\/\\\/salesianossp.org.br\\\/osbomretiro\\\/wp-content\\\/uploads\\\/2023\\\/03\\\/Jornal-Cria-VP-IDB--scaled.png\",\"contentUrl\":\"https:\\\/\\\/salesianossp.org.br\\\/osbomretiro\\\/wp-content\\\/uploads\\\/2023\\\/03\\\/Jornal-Cria-VP-IDB--scaled.png\",\"width\":2560,\"height\":2560},{\"@type\":\"BreadcrumbList\",\"@id\":\"https:\\\/\\\/salesianossp.org.br\\\/osbomretiro\\\/jornal-criavp-e-selecionado-para-seminario-da-rsb-e-recebe-elogios-do-subprefeito-da-vila-maria\\\/#breadcrumb\",\"itemListElement\":[{\"@type\":\"ListItem\",\"position\":1,\"name\":\"In\u00edcio\",\"item\":\"https:\\\/\\\/salesianossp.org.br\\\/osbomretiro\\\/\"},{\"@type\":\"ListItem\",\"position\":2,\"name\":\"Jornal CriaVP \u00e9 selecionado para Semin\u00e1rio da RSB e recebe elogios do Subprefeito do Ja\u00e7an\u00e3\\\/Trememb\u00e9\"}]},{\"@type\":\"WebSite\",\"@id\":\"https:\\\/\\\/salesianossp.org.br\\\/osbomretiro\\\/#website\",\"url\":\"https:\\\/\\\/salesianossp.org.br\\\/osbomretiro\\\/\",\"name\":\"Instituto Dom Bosco\",\"description\":\"\",\"publisher\":{\"@id\":\"https:\\\/\\\/salesianossp.org.br\\\/osbomretiro\\\/#organization\"},\"potentialAction\":[{\"@type\":\"SearchAction\",\"target\":{\"@type\":\"EntryPoint\",\"urlTemplate\":\"https:\\\/\\\/salesianossp.org.br\\\/osbomretiro\\\/?s={search_term_string}\"},\"query-input\":{\"@type\":\"PropertyValueSpecification\",\"valueRequired\":true,\"valueName\":\"search_term_string\"}}],\"inLanguage\":\"pt-BR\"},{\"@type\":\"Organization\",\"@id\":\"https:\\\/\\\/salesianossp.org.br\\\/osbomretiro\\\/#organization\",\"name\":\"Instituto Dom Bosco\",\"url\":\"https:\\\/\\\/salesianossp.org.br\\\/osbomretiro\\\/\",\"logo\":{\"@type\":\"ImageObject\",\"inLanguage\":\"pt-BR\",\"@id\":\"https:\\\/\\\/salesianossp.org.br\\\/osbomretiro\\\/#\\\/schema\\\/logo\\\/image\\\/\",\"url\":\"https:\\\/\\\/salesianossp.org.br\\\/osbomretiro\\\/wp-content\\\/uploads\\\/2025\\\/10\\\/logotipo-instituto-dom-bosco-color-56.svg\",\"contentUrl\":\"https:\\\/\\\/salesianossp.org.br\\\/osbomretiro\\\/wp-content\\\/uploads\\\/2025\\\/10\\\/logotipo-instituto-dom-bosco-color-56.svg\",\"width\":164,\"height\":56,\"caption\":\"Instituto Dom Bosco\"},\"image\":{\"@id\":\"https:\\\/\\\/salesianossp.org.br\\\/osbomretiro\\\/#\\\/schema\\\/logo\\\/image\\\/\"},\"sameAs\":[\"https:\\\/\\\/www.facebook.com\\\/InstitutoDomBoscoBomRetiro\\\/\",\"https:\\\/\\\/www.youtube.com\\\/user\\\/Institutodb\",\"https:\\\/\\\/www.instagram.com\\\/institutodb\\\/\"]},{\"@type\":\"Person\",\"@id\":\"https:\\\/\\\/salesianossp.org.br\\\/osbomretiro\\\/#\\\/schema\\\/person\\\/3091f5c85d13f1f81c2eadb190445d2e\",\"name\":\"Lucas Rodrigues\",\"image\":{\"@type\":\"ImageObject\",\"inLanguage\":\"pt-BR\",\"@id\":\"https:\\\/\\\/secure.gravatar.com\\\/avatar\\\/0ad9c966c6ed3335d7fffe2c3b88880dd298c0817b71e20a6955c38f2a53f746?s=96&d=mm&r=g\",\"url\":\"https:\\\/\\\/secure.gravatar.com\\\/avatar\\\/0ad9c966c6ed3335d7fffe2c3b88880dd298c0817b71e20a6955c38f2a53f746?s=96&d=mm&r=g\",\"contentUrl\":\"https:\\\/\\\/secure.gravatar.com\\\/avatar\\\/0ad9c966c6ed3335d7fffe2c3b88880dd298c0817b71e20a6955c38f2a53f746?s=96&d=mm&r=g\",\"caption\":\"Lucas Rodrigues\"},\"url\":\"https:\\\/\\\/salesianossp.org.br\\\/osbomretiro\\\/author\\\/lucas-rodrigues\\\/\"}]}<\/script>\n<!-- \/ Yoast SEO plugin. -->","yoast_head_json":{"title":"Jornal CriaVP \u00e9 selecionado para Semin\u00e1rio da RSB e recebe elogios do Subprefeito do Ja\u00e7an\u00e3\/Trememb\u00e9 - Instituto Dom Bosco","robots":{"index":"index","follow":"follow","max-snippet":"max-snippet:-1","max-image-preview":"max-image-preview:large","max-video-preview":"max-video-preview:-1"},"canonical":"https:\/\/salesianossp.org.br\/osbomretiro\/jornal-criavp-e-selecionado-para-seminario-da-rsb-e-recebe-elogios-do-subprefeito-da-vila-maria\/","og_locale":"pt_BR","og_type":"article","og_title":"Jornal CriaVP \u00e9 selecionado para Semin\u00e1rio da RSB e recebe elogios do Subprefeito do Ja\u00e7an\u00e3\/Trememb\u00e9 - Instituto Dom Bosco","og_description":"No ano de 2022, o CEDESP Dom Bosco Vila Paulistana do Instituto Dom Bosco S\u00e3o Paulo SP, iniciou o Jornal CriaVP. O jornal que est\u00e1 em sua 2\u00aa Edi\u00e7\u00e3o conquistou os elogios do Subprefeito Ja\u00e7an\u00e3\/Trememb\u00e9 Dario Jos\u00e9 Barreto e foi ainda selecionado para apresenta\u00e7\u00e3o no I Semin\u00e1rio de Boas Pr\u00e1ticas Educomunicacionais da Rede Salesiana Brasil. [&hellip;]","og_url":"https:\/\/salesianossp.org.br\/osbomretiro\/jornal-criavp-e-selecionado-para-seminario-da-rsb-e-recebe-elogios-do-subprefeito-da-vila-maria\/","og_site_name":"Instituto Dom Bosco","article_publisher":"https:\/\/www.facebook.com\/InstitutoDomBoscoBomRetiro\/","article_published_time":"2023-03-24T15:42:09+00:00","og_image":[{"width":2560,"height":2560,"url":"https:\/\/salesianossp.org.br\/osbomretiro\/wp-content\/uploads\/2023\/03\/Jornal-Cria-VP-IDB--scaled.png","type":"image\/png"}],"author":"Lucas Rodrigues","twitter_card":"summary_large_image","twitter_misc":{"Escrito por":"Lucas Rodrigues","Est. tempo de leitura":"2 minutos"},"schema":{"@context":"https:\/\/schema.org","@graph":[{"@type":"Article","@id":"https:\/\/salesianossp.org.br\/osbomretiro\/jornal-criavp-e-selecionado-para-seminario-da-rsb-e-recebe-elogios-do-subprefeito-da-vila-maria\/#article","isPartOf":{"@id":"https:\/\/salesianossp.org.br\/osbomretiro\/jornal-criavp-e-selecionado-para-seminario-da-rsb-e-recebe-elogios-do-subprefeito-da-vila-maria\/"},"author":{"name":"Lucas Rodrigues","@id":"https:\/\/salesianossp.org.br\/osbomretiro\/#\/schema\/person\/3091f5c85d13f1f81c2eadb190445d2e"},"headline":"Jornal CriaVP \u00e9 selecionado para Semin\u00e1rio da RSB e recebe elogios do Subprefeito do Ja\u00e7an\u00e3\/Trememb\u00e9","datePublished":"2023-03-24T15:42:09+00:00","mainEntityOfPage":{"@id":"https:\/\/salesianossp.org.br\/osbomretiro\/jornal-criavp-e-selecionado-para-seminario-da-rsb-e-recebe-elogios-do-subprefeito-da-vila-maria\/"},"wordCount":432,"commentCount":0,"publisher":{"@id":"https:\/\/salesianossp.org.br\/osbomretiro\/#organization"},"image":{"@id":"https:\/\/salesianossp.org.br\/osbomretiro\/jornal-criavp-e-selecionado-para-seminario-da-rsb-e-recebe-elogios-do-subprefeito-da-vila-maria\/#primaryimage"},"thumbnailUrl":"https:\/\/salesianossp.org.br\/osbomretiro\/wp-content\/uploads\/2023\/03\/Jornal-Cria-VP-IDB--scaled.png","articleSection":["Not\u00edcias"],"inLanguage":"pt-BR","potentialAction":[{"@type":"CommentAction","name":"Comment","target":["https:\/\/salesianossp.org.br\/osbomretiro\/jornal-criavp-e-selecionado-para-seminario-da-rsb-e-recebe-elogios-do-subprefeito-da-vila-maria\/#respond"]}]},{"@type":"WebPage","@id":"https:\/\/salesianossp.org.br\/osbomretiro\/jornal-criavp-e-selecionado-para-seminario-da-rsb-e-recebe-elogios-do-subprefeito-da-vila-maria\/","url":"https:\/\/salesianossp.org.br\/osbomretiro\/jornal-criavp-e-selecionado-para-seminario-da-rsb-e-recebe-elogios-do-subprefeito-da-vila-maria\/","name":"Jornal CriaVP \u00e9 selecionado para Semin\u00e1rio da RSB e recebe elogios do Subprefeito do Ja\u00e7an\u00e3\/Trememb\u00e9 - Instituto Dom Bosco","isPartOf":{"@id":"https:\/\/salesianossp.org.br\/osbomretiro\/#website"},"primaryImageOfPage":{"@id":"https:\/\/salesianossp.org.br\/osbomretiro\/jornal-criavp-e-selecionado-para-seminario-da-rsb-e-recebe-elogios-do-subprefeito-da-vila-maria\/#primaryimage"},"image":{"@id":"https:\/\/salesianossp.org.br\/osbomretiro\/jornal-criavp-e-selecionado-para-seminario-da-rsb-e-recebe-elogios-do-subprefeito-da-vila-maria\/#primaryimage"},"thumbnailUrl":"https:\/\/salesianossp.org.br\/osbomretiro\/wp-content\/uploads\/2023\/03\/Jornal-Cria-VP-IDB--scaled.png","datePublished":"2023-03-24T15:42:09+00:00","breadcrumb":{"@id":"https:\/\/salesianossp.org.br\/osbomretiro\/jornal-criavp-e-selecionado-para-seminario-da-rsb-e-recebe-elogios-do-subprefeito-da-vila-maria\/#breadcrumb"},"inLanguage":"pt-BR","potentialAction":[{"@type":"ReadAction","target":["https:\/\/salesianossp.org.br\/osbomretiro\/jornal-criavp-e-selecionado-para-seminario-da-rsb-e-recebe-elogios-do-subprefeito-da-vila-maria\/"]}]},{"@type":"ImageObject","inLanguage":"pt-BR","@id":"https:\/\/salesianossp.org.br\/osbomretiro\/jornal-criavp-e-selecionado-para-seminario-da-rsb-e-recebe-elogios-do-subprefeito-da-vila-maria\/#primaryimage","url":"https:\/\/salesianossp.org.br\/osbomretiro\/wp-content\/uploads\/2023\/03\/Jornal-Cria-VP-IDB--scaled.png","contentUrl":"https:\/\/salesianossp.org.br\/osbomretiro\/wp-content\/uploads\/2023\/03\/Jornal-Cria-VP-IDB--scaled.png","width":2560,"height":2560},{"@type":"BreadcrumbList","@id":"https:\/\/salesianossp.org.br\/osbomretiro\/jornal-criavp-e-selecionado-para-seminario-da-rsb-e-recebe-elogios-do-subprefeito-da-vila-maria\/#breadcrumb","itemListElement":[{"@type":"ListItem","position":1,"name":"In\u00edcio","item":"https:\/\/salesianossp.org.br\/osbomretiro\/"},{"@type":"ListItem","position":2,"name":"Jornal CriaVP \u00e9 selecionado para Semin\u00e1rio da RSB e recebe elogios do Subprefeito do Ja\u00e7an\u00e3\/Trememb\u00e9"}]},{"@type":"WebSite","@id":"https:\/\/salesianossp.org.br\/osbomretiro\/#website","url":"https:\/\/salesianossp.org.br\/osbomretiro\/","name":"Instituto Dom Bosco","description":"","publisher":{"@id":"https:\/\/salesianossp.org.br\/osbomretiro\/#organization"},"potentialAction":[{"@type":"SearchAction","target":{"@type":"EntryPoint","urlTemplate":"https:\/\/salesianossp.org.br\/osbomretiro\/?s={search_term_string}"},"query-input":{"@type":"PropertyValueSpecification","valueRequired":true,"valueName":"search_term_string"}}],"inLanguage":"pt-BR"},{"@type":"Organization","@id":"https:\/\/salesianossp.org.br\/osbomretiro\/#organization","name":"Instituto Dom Bosco","url":"https:\/\/salesianossp.org.br\/osbomretiro\/","logo":{"@type":"ImageObject","inLanguage":"pt-BR","@id":"https:\/\/salesianossp.org.br\/osbomretiro\/#\/schema\/logo\/image\/","url":"https:\/\/salesianossp.org.br\/osbomretiro\/wp-content\/uploads\/2025\/10\/logotipo-instituto-dom-bosco-color-56.svg","contentUrl":"https:\/\/salesianossp.org.br\/osbomretiro\/wp-content\/uploads\/2025\/10\/logotipo-instituto-dom-bosco-color-56.svg","width":164,"height":56,"caption":"Instituto Dom Bosco"},"image":{"@id":"https:\/\/salesianossp.org.br\/osbomretiro\/#\/schema\/logo\/image\/"},"sameAs":["https:\/\/www.facebook.com\/InstitutoDomBoscoBomRetiro\/","https:\/\/www.youtube.com\/user\/Institutodb","https:\/\/www.instagram.com\/institutodb\/"]},{"@type":"Person","@id":"https:\/\/salesianossp.org.br\/osbomretiro\/#\/schema\/person\/3091f5c85d13f1f81c2eadb190445d2e","name":"Lucas Rodrigues","image":{"@type":"ImageObject","inLanguage":"pt-BR","@id":"https:\/\/secure.gravatar.com\/avatar\/0ad9c966c6ed3335d7fffe2c3b88880dd298c0817b71e20a6955c38f2a53f746?s=96&d=mm&r=g","url":"https:\/\/secure.gravatar.com\/avatar\/0ad9c966c6ed3335d7fffe2c3b88880dd298c0817b71e20a6955c38f2a53f746?s=96&d=mm&r=g","contentUrl":"https:\/\/secure.gravatar.com\/avatar\/0ad9c966c6ed3335d7fffe2c3b88880dd298c0817b71e20a6955c38f2a53f746?s=96&d=mm&r=g","caption":"Lucas Rodrigues"},"url":"https:\/\/salesianossp.org.br\/osbomretiro\/author\/lucas-rodrigues\/"}]}},"_links":{"self":[{"href":"https:\/\/salesianossp.org.br\/osbomretiro\/wp-json\/wp\/v2\/posts\/4771","targetHints":{"allow":["GET"]}}],"collection":[{"href":"https:\/\/salesianossp.org.br\/osbomretiro\/wp-json\/wp\/v2\/posts"}],"about":[{"href":"https:\/\/salesianossp.org.br\/osbomretiro\/wp-json\/wp\/v2\/types\/post"}],"author":[{"embeddable":true,"href":"https:\/\/salesianossp.org.br\/osbomretiro\/wp-json\/wp\/v2\/users\/27"}],"replies":[{"embeddable":true,"href":"https:\/\/salesianossp.org.br\/osbomretiro\/wp-json\/wp\/v2\/comments?post=4771"}],"version-history":[{"count":0,"href":"https:\/\/salesianossp.org.br\/osbomretiro\/wp-json\/wp\/v2\/posts\/4771\/revisions"}],"wp:featuredmedia":[{"embeddable":true,"href":"https:\/\/salesianossp.org.br\/osbomretiro\/wp-json\/wp\/v2\/media\/4773"}],"wp:attachment":[{"href":"https:\/\/salesianossp.org.br\/osbomretiro\/wp-json\/wp\/v2\/media?parent=4771"}],"wp:term":[{"taxonomy":"category","embeddable":true,"href":"https:\/\/salesianossp.org.br\/osbomretiro\/wp-json\/wp\/v2\/categories?post=4771"},{"taxonomy":"post_tag","embeddable":true,"href":"https:\/\/salesianossp.org.br\/osbomretiro\/wp-json\/wp\/v2\/tags?post=4771"}],"curies":[{"name":"wp","href":"https:\/\/api.w.org\/{rel}","templated":true}]}}