{"id":4914,"date":"2023-04-10T13:04:26","date_gmt":"2023-04-10T16:04:26","guid":{"rendered":"https:\/\/salesianossp.org.br\/osbomretiro\/?p=4914"},"modified":"2023-04-10T13:04:26","modified_gmt":"2023-04-10T16:04:26","slug":"formadores-do-reciclaorganico-refletem-sobre-sustentabilidade-com-os-educadores","status":"publish","type":"post","link":"https:\/\/salesianossp.org.br\/osbomretiro\/formadores-do-reciclaorganico-refletem-sobre-sustentabilidade-com-os-educadores\/","title":{"rendered":"<strong>Formadores do Reciclaorg\u00e2nico refletem sobre sustentabilidade com os Educadores&nbsp;<\/strong>"},"content":{"rendered":"\n<p>No dia 31 de mar\u00e7o, foi realizada a Parada T\u00e9cnica mensal dos Educadores do Instituto Dom Bosco S\u00e3o Paulo SP Unidades Bom Retiro, Vila Paulistana e Castelinho Dom Bosco Cidade Ademar Zona Sul. A abertura foi realizada pela equipe de Pastoral, homenageando os 104 da Unidade BR. Dentre as homenagens, incluindo a m\u00fasica feita pela turma do Castelinho, Larissa Borges, motivou os Educadores a citarem nomes de Educadores que j\u00e1 trabalharam no Instituto, trazendo \u00e0 tona nomes e lembran\u00e7as especiais. Ainda neste momento, Padre Emerson Medeiros apresentou Vinicius, o novo Aspirante na Unidade. No segundo momento, a forma\u00e7\u00e3o da Parada era de responsabilidade da turma do Alian\u00e7a Verde &#8211; Green Alliance de Dom Bosco, os integrantes que deveriam apresentar o tema desperd\u00edcio, convidaram Marcelo Ferreira e Get\u00falio Mendes, Formadores e atuantes no Projeto \u201cReciclaorg\u00e2nico\u201d, promovido pelo Movimento de Defesa das Favelas MDF para explicar sobre o projeto, al\u00e9m de orientar como engajar os nossos jovens e adultos em processos sustent\u00e1veis.<\/p>\n\n\n\n<p><strong>O Projeto Reciclaorg\u00e2nico<\/strong><\/p>\n\n\n\n<p>O MDF, realiza diferentes iniciativas em defesa do meio ambiente, reciclagem, hortas e cisternas caseiras, visando conscientizar a popula\u00e7\u00e3o de baixa renda, sobre a situa\u00e7\u00e3o ecol\u00f3gica do planeta. Neste contexto, a turma do Reciclaorg\u00e2ncio, busca conscientizar a popula\u00e7\u00e3o sobre a produ\u00e7\u00e3o de lixo org\u00e2nico em suas resid\u00eancias. Inicialmente foram confeccionados baldes de pl\u00e1stico de 20 litros para que as fam\u00edlias participantes utilizem na separa\u00e7\u00e3o dos res\u00edduos org\u00e2nicos em suas resid\u00eancias, uma vez na semana, integrantes do grupo fazem a coleta e a pesagem dos res\u00edduos separados pelas fam\u00edlias, deixando um novo balde para a pr\u00f3xima coleta. Feito isto, os res\u00edduos s\u00e3o destinados para uma composteira com minhocas, o famoso minhoc\u00e1rio. Algumas semanas depois, todo o res\u00edduo \u00e9 tratado e transformado em adubo, onde s\u00e3o levados e utilizados em uma horta org\u00e2nica. Neste processo, o fertilizante natural, conhecido como \u201cchorume\u201d tamb\u00e9m \u00e9 produzido. Todas as fam\u00edlias participantes, s\u00e3o conscientizadas atrav\u00e9s de oficinas e v\u00eddeos sobre os materiais corretos para a separa\u00e7\u00e3o, bem como o seu benef\u00edcio ambiental e sustent\u00e1vel.&nbsp;<\/p>\n\n\n\n<p>Ao todo j\u00e1 coletaram mais de 43.619 toneladas de composto org\u00e2nico, os quais foram devolvidos para o meio ambiente, evitando o desperd\u00edcio e gerando novos alimentos.&nbsp; As fam\u00edlias, em torno de 1.200 participantes at\u00e9 hoje, recebem tamb\u00e9m os frutos produzidos na horta. A horta, em formato mandala, tamb\u00e9m \u00e9 aberta para a visita\u00e7\u00e3o das fam\u00edlias participantes. Os jovens que atuam no Projeto s\u00e3o de regi\u00f5es perif\u00e9ricas como Vergueirinho, Divin\u00e9ia e Laranjeiras. Ao t\u00e9rmino da explica\u00e7\u00e3o os Formadores bateram papo com os Educadores e esclareceram maiores d\u00favidas. Por fim, uma din\u00e2mica para ver onde os Educadores descartariam alguns itens, em lat\u00f5es como: Rejeitos, Org\u00e2nicos e Recicl\u00e1veis. A turma que se destacou ganhou camisetas do movimento.<\/p>\n\n\n\n<p>Ao t\u00e9rmino do primeiro momento, Silvana Messias, respons\u00e1vel pelo Servi\u00e7os Gerais na Vila Paulistana, fez um depoimento emocionante agradecendo a acolhida e toda oportunidade ao longo dos anos. P\u00e2mela Fernanda, do setor Administrativo, apresentou a parceria com a Empresa Entre Rodas, na capta\u00e7\u00e3o de lacres de latinhas para a convers\u00e3o de cadeiras de rodas e tamb\u00e9m foi sorteada na rifa do CCA PROVIM BR (<a href=\"https:\/\/www.youtube.com\/watch?v=NMqxkCxt-Ts\" data-type=\"URL\" data-id=\"https:\/\/www.youtube.com\/watch?v=NMqxkCxt-Ts\">v\u00eddeo<\/a>). No final do dia, palmas para os aniversariantes do m\u00eas, inclusive, palmas para a pr\u00f3pria Sede.<\/p>\n\n\n\n<p><a href=\"https:\/\/www.facebook.com\/media\/set\/?vanity=InstitutoDomBoscoBomRetiro&amp;set=a.671220315007786\" data-type=\"URL\" data-id=\"https:\/\/www.facebook.com\/media\/set\/?vanity=InstitutoDomBoscoBomRetiro&amp;set=a.671220315007786\"><strong>Clique aqui para ver todas as fot<\/strong><\/a><a rel=\"noreferrer noopener\" href=\"https:\/\/www.facebook.com\/media\/set\/?vanity=InstitutoDomBoscoBomRetiro&amp;set=a.671220315007786\" data-type=\"URL\" data-id=\"https:\/\/www.facebook.com\/media\/set\/?vanity=InstitutoDomBoscoBomRetiro&amp;set=a.671220315007786\" target=\"_blank\"><strong>os<\/strong><\/a>  <\/p>\n","protected":false},"excerpt":{"rendered":"<p>No dia 31 de mar\u00e7o, foi realizada a Parada T\u00e9cnica mensal dos Educadores do Instituto Dom Bosco S\u00e3o Paulo SP Unidades Bom Retiro, Vila Paulistana e Castelinho Dom Bosco Cidade Ademar Zona Sul. A abertura foi realizada pela equipe de Pastoral, homenageando os 104 da Unidade BR. Dentre as homenagens, incluindo a m\u00fasica feita pela [&hellip;]<\/p>\n","protected":false},"author":27,"featured_media":4916,"comment_status":"open","ping_status":"open","sticky":false,"template":"","format":"standard","meta":{"footnotes":""},"categories":[59],"tags":[],"class_list":["post-4914","post","type-post","status-publish","format-standard","has-post-thumbnail","hentry","category-noticias"],"yoast_head":"<!-- This site is optimized with the Yoast SEO plugin v27.3 - https:\/\/yoast.com\/product\/yoast-seo-wordpress\/ -->\n<title>Formadores do Reciclaorg\u00e2nico refletem sobre sustentabilidade com os Educadores&nbsp; - Instituto Dom Bosco<\/title>\n<meta name=\"robots\" content=\"index, follow, max-snippet:-1, max-image-preview:large, max-video-preview:-1\" \/>\n<link rel=\"canonical\" href=\"https:\/\/salesianossp.org.br\/osbomretiro\/formadores-do-reciclaorganico-refletem-sobre-sustentabilidade-com-os-educadores\/\" \/>\n<meta property=\"og:locale\" content=\"pt_BR\" \/>\n<meta property=\"og:type\" content=\"article\" \/>\n<meta property=\"og:title\" content=\"Formadores do Reciclaorg\u00e2nico refletem sobre sustentabilidade com os Educadores&nbsp; - Instituto Dom Bosco\" \/>\n<meta property=\"og:description\" content=\"No dia 31 de mar\u00e7o, foi realizada a Parada T\u00e9cnica mensal dos Educadores do Instituto Dom Bosco S\u00e3o Paulo SP Unidades Bom Retiro, Vila Paulistana e Castelinho Dom Bosco Cidade Ademar Zona Sul. A abertura foi realizada pela equipe de Pastoral, homenageando os 104 da Unidade BR. Dentre as homenagens, incluindo a m\u00fasica feita pela [&hellip;]\" \/>\n<meta property=\"og:url\" content=\"https:\/\/salesianossp.org.br\/osbomretiro\/formadores-do-reciclaorganico-refletem-sobre-sustentabilidade-com-os-educadores\/\" \/>\n<meta property=\"og:site_name\" content=\"Instituto Dom Bosco\" \/>\n<meta property=\"article:publisher\" content=\"https:\/\/www.facebook.com\/InstitutoDomBoscoBomRetiro\/\" \/>\n<meta property=\"article:published_time\" content=\"2023-04-10T16:04:26+00:00\" \/>\n<meta property=\"og:image\" content=\"https:\/\/salesianossp.org.br\/osbomretiro\/wp-content\/uploads\/2023\/04\/Parada-Tecnica-IDB-1024x1024.png\" \/>\n\t<meta property=\"og:image:width\" content=\"1024\" \/>\n\t<meta property=\"og:image:height\" content=\"1024\" \/>\n\t<meta property=\"og:image:type\" content=\"image\/png\" \/>\n<meta name=\"author\" content=\"Lucas Rodrigues\" \/>\n<meta name=\"twitter:card\" content=\"summary_large_image\" \/>\n<meta name=\"twitter:label1\" content=\"Escrito por\" \/>\n\t<meta name=\"twitter:data1\" content=\"Lucas Rodrigues\" \/>\n\t<meta name=\"twitter:label2\" content=\"Est. tempo de leitura\" \/>\n\t<meta name=\"twitter:data2\" content=\"3 minutos\" \/>\n<script type=\"application\/ld+json\" class=\"yoast-schema-graph\">{\"@context\":\"https:\\\/\\\/schema.org\",\"@graph\":[{\"@type\":\"Article\",\"@id\":\"https:\\\/\\\/salesianossp.org.br\\\/osbomretiro\\\/formadores-do-reciclaorganico-refletem-sobre-sustentabilidade-com-os-educadores\\\/#article\",\"isPartOf\":{\"@id\":\"https:\\\/\\\/salesianossp.org.br\\\/osbomretiro\\\/formadores-do-reciclaorganico-refletem-sobre-sustentabilidade-com-os-educadores\\\/\"},\"author\":{\"name\":\"Lucas Rodrigues\",\"@id\":\"https:\\\/\\\/salesianossp.org.br\\\/osbomretiro\\\/#\\\/schema\\\/person\\\/3091f5c85d13f1f81c2eadb190445d2e\"},\"headline\":\"Formadores do Reciclaorg\u00e2nico refletem sobre sustentabilidade com os Educadores&nbsp;\",\"datePublished\":\"2023-04-10T16:04:26+00:00\",\"mainEntityOfPage\":{\"@id\":\"https:\\\/\\\/salesianossp.org.br\\\/osbomretiro\\\/formadores-do-reciclaorganico-refletem-sobre-sustentabilidade-com-os-educadores\\\/\"},\"wordCount\":610,\"commentCount\":0,\"publisher\":{\"@id\":\"https:\\\/\\\/salesianossp.org.br\\\/osbomretiro\\\/#organization\"},\"image\":{\"@id\":\"https:\\\/\\\/salesianossp.org.br\\\/osbomretiro\\\/formadores-do-reciclaorganico-refletem-sobre-sustentabilidade-com-os-educadores\\\/#primaryimage\"},\"thumbnailUrl\":\"https:\\\/\\\/salesianossp.org.br\\\/osbomretiro\\\/wp-content\\\/uploads\\\/2023\\\/04\\\/Parada-Tecnica-IDB-scaled.png\",\"articleSection\":[\"Not\u00edcias\"],\"inLanguage\":\"pt-BR\",\"potentialAction\":[{\"@type\":\"CommentAction\",\"name\":\"Comment\",\"target\":[\"https:\\\/\\\/salesianossp.org.br\\\/osbomretiro\\\/formadores-do-reciclaorganico-refletem-sobre-sustentabilidade-com-os-educadores\\\/#respond\"]}]},{\"@type\":\"WebPage\",\"@id\":\"https:\\\/\\\/salesianossp.org.br\\\/osbomretiro\\\/formadores-do-reciclaorganico-refletem-sobre-sustentabilidade-com-os-educadores\\\/\",\"url\":\"https:\\\/\\\/salesianossp.org.br\\\/osbomretiro\\\/formadores-do-reciclaorganico-refletem-sobre-sustentabilidade-com-os-educadores\\\/\",\"name\":\"Formadores do Reciclaorg\u00e2nico refletem sobre sustentabilidade com os Educadores&nbsp; - Instituto Dom Bosco\",\"isPartOf\":{\"@id\":\"https:\\\/\\\/salesianossp.org.br\\\/osbomretiro\\\/#website\"},\"primaryImageOfPage\":{\"@id\":\"https:\\\/\\\/salesianossp.org.br\\\/osbomretiro\\\/formadores-do-reciclaorganico-refletem-sobre-sustentabilidade-com-os-educadores\\\/#primaryimage\"},\"image\":{\"@id\":\"https:\\\/\\\/salesianossp.org.br\\\/osbomretiro\\\/formadores-do-reciclaorganico-refletem-sobre-sustentabilidade-com-os-educadores\\\/#primaryimage\"},\"thumbnailUrl\":\"https:\\\/\\\/salesianossp.org.br\\\/osbomretiro\\\/wp-content\\\/uploads\\\/2023\\\/04\\\/Parada-Tecnica-IDB-scaled.png\",\"datePublished\":\"2023-04-10T16:04:26+00:00\",\"breadcrumb\":{\"@id\":\"https:\\\/\\\/salesianossp.org.br\\\/osbomretiro\\\/formadores-do-reciclaorganico-refletem-sobre-sustentabilidade-com-os-educadores\\\/#breadcrumb\"},\"inLanguage\":\"pt-BR\",\"potentialAction\":[{\"@type\":\"ReadAction\",\"target\":[\"https:\\\/\\\/salesianossp.org.br\\\/osbomretiro\\\/formadores-do-reciclaorganico-refletem-sobre-sustentabilidade-com-os-educadores\\\/\"]}]},{\"@type\":\"ImageObject\",\"inLanguage\":\"pt-BR\",\"@id\":\"https:\\\/\\\/salesianossp.org.br\\\/osbomretiro\\\/formadores-do-reciclaorganico-refletem-sobre-sustentabilidade-com-os-educadores\\\/#primaryimage\",\"url\":\"https:\\\/\\\/salesianossp.org.br\\\/osbomretiro\\\/wp-content\\\/uploads\\\/2023\\\/04\\\/Parada-Tecnica-IDB-scaled.png\",\"contentUrl\":\"https:\\\/\\\/salesianossp.org.br\\\/osbomretiro\\\/wp-content\\\/uploads\\\/2023\\\/04\\\/Parada-Tecnica-IDB-scaled.png\",\"width\":2560,\"height\":2560},{\"@type\":\"BreadcrumbList\",\"@id\":\"https:\\\/\\\/salesianossp.org.br\\\/osbomretiro\\\/formadores-do-reciclaorganico-refletem-sobre-sustentabilidade-com-os-educadores\\\/#breadcrumb\",\"itemListElement\":[{\"@type\":\"ListItem\",\"position\":1,\"name\":\"In\u00edcio\",\"item\":\"https:\\\/\\\/salesianossp.org.br\\\/osbomretiro\\\/\"},{\"@type\":\"ListItem\",\"position\":2,\"name\":\"Formadores do Reciclaorg\u00e2nico refletem sobre sustentabilidade com os Educadores&nbsp;\"}]},{\"@type\":\"WebSite\",\"@id\":\"https:\\\/\\\/salesianossp.org.br\\\/osbomretiro\\\/#website\",\"url\":\"https:\\\/\\\/salesianossp.org.br\\\/osbomretiro\\\/\",\"name\":\"Instituto Dom Bosco\",\"description\":\"\",\"publisher\":{\"@id\":\"https:\\\/\\\/salesianossp.org.br\\\/osbomretiro\\\/#organization\"},\"potentialAction\":[{\"@type\":\"SearchAction\",\"target\":{\"@type\":\"EntryPoint\",\"urlTemplate\":\"https:\\\/\\\/salesianossp.org.br\\\/osbomretiro\\\/?s={search_term_string}\"},\"query-input\":{\"@type\":\"PropertyValueSpecification\",\"valueRequired\":true,\"valueName\":\"search_term_string\"}}],\"inLanguage\":\"pt-BR\"},{\"@type\":\"Organization\",\"@id\":\"https:\\\/\\\/salesianossp.org.br\\\/osbomretiro\\\/#organization\",\"name\":\"Instituto Dom Bosco\",\"url\":\"https:\\\/\\\/salesianossp.org.br\\\/osbomretiro\\\/\",\"logo\":{\"@type\":\"ImageObject\",\"inLanguage\":\"pt-BR\",\"@id\":\"https:\\\/\\\/salesianossp.org.br\\\/osbomretiro\\\/#\\\/schema\\\/logo\\\/image\\\/\",\"url\":\"https:\\\/\\\/salesianossp.org.br\\\/osbomretiro\\\/wp-content\\\/uploads\\\/2025\\\/10\\\/logotipo-instituto-dom-bosco-color-56.svg\",\"contentUrl\":\"https:\\\/\\\/salesianossp.org.br\\\/osbomretiro\\\/wp-content\\\/uploads\\\/2025\\\/10\\\/logotipo-instituto-dom-bosco-color-56.svg\",\"width\":164,\"height\":56,\"caption\":\"Instituto Dom Bosco\"},\"image\":{\"@id\":\"https:\\\/\\\/salesianossp.org.br\\\/osbomretiro\\\/#\\\/schema\\\/logo\\\/image\\\/\"},\"sameAs\":[\"https:\\\/\\\/www.facebook.com\\\/InstitutoDomBoscoBomRetiro\\\/\",\"https:\\\/\\\/www.youtube.com\\\/user\\\/Institutodb\",\"https:\\\/\\\/www.instagram.com\\\/institutodb\\\/\"]},{\"@type\":\"Person\",\"@id\":\"https:\\\/\\\/salesianossp.org.br\\\/osbomretiro\\\/#\\\/schema\\\/person\\\/3091f5c85d13f1f81c2eadb190445d2e\",\"name\":\"Lucas Rodrigues\",\"image\":{\"@type\":\"ImageObject\",\"inLanguage\":\"pt-BR\",\"@id\":\"https:\\\/\\\/secure.gravatar.com\\\/avatar\\\/0ad9c966c6ed3335d7fffe2c3b88880dd298c0817b71e20a6955c38f2a53f746?s=96&d=mm&r=g\",\"url\":\"https:\\\/\\\/secure.gravatar.com\\\/avatar\\\/0ad9c966c6ed3335d7fffe2c3b88880dd298c0817b71e20a6955c38f2a53f746?s=96&d=mm&r=g\",\"contentUrl\":\"https:\\\/\\\/secure.gravatar.com\\\/avatar\\\/0ad9c966c6ed3335d7fffe2c3b88880dd298c0817b71e20a6955c38f2a53f746?s=96&d=mm&r=g\",\"caption\":\"Lucas Rodrigues\"},\"url\":\"https:\\\/\\\/salesianossp.org.br\\\/osbomretiro\\\/author\\\/lucas-rodrigues\\\/\"}]}<\/script>\n<!-- \/ Yoast SEO plugin. -->","yoast_head_json":{"title":"Formadores do Reciclaorg\u00e2nico refletem sobre sustentabilidade com os Educadores&nbsp; - Instituto Dom Bosco","robots":{"index":"index","follow":"follow","max-snippet":"max-snippet:-1","max-image-preview":"max-image-preview:large","max-video-preview":"max-video-preview:-1"},"canonical":"https:\/\/salesianossp.org.br\/osbomretiro\/formadores-do-reciclaorganico-refletem-sobre-sustentabilidade-com-os-educadores\/","og_locale":"pt_BR","og_type":"article","og_title":"Formadores do Reciclaorg\u00e2nico refletem sobre sustentabilidade com os Educadores&nbsp; - Instituto Dom Bosco","og_description":"No dia 31 de mar\u00e7o, foi realizada a Parada T\u00e9cnica mensal dos Educadores do Instituto Dom Bosco S\u00e3o Paulo SP Unidades Bom Retiro, Vila Paulistana e Castelinho Dom Bosco Cidade Ademar Zona Sul. A abertura foi realizada pela equipe de Pastoral, homenageando os 104 da Unidade BR. Dentre as homenagens, incluindo a m\u00fasica feita pela [&hellip;]","og_url":"https:\/\/salesianossp.org.br\/osbomretiro\/formadores-do-reciclaorganico-refletem-sobre-sustentabilidade-com-os-educadores\/","og_site_name":"Instituto Dom Bosco","article_publisher":"https:\/\/www.facebook.com\/InstitutoDomBoscoBomRetiro\/","article_published_time":"2023-04-10T16:04:26+00:00","og_image":[{"width":1024,"height":1024,"url":"https:\/\/salesianossp.org.br\/osbomretiro\/wp-content\/uploads\/2023\/04\/Parada-Tecnica-IDB-1024x1024.png","type":"image\/png"}],"author":"Lucas Rodrigues","twitter_card":"summary_large_image","twitter_misc":{"Escrito por":"Lucas Rodrigues","Est. tempo de leitura":"3 minutos"},"schema":{"@context":"https:\/\/schema.org","@graph":[{"@type":"Article","@id":"https:\/\/salesianossp.org.br\/osbomretiro\/formadores-do-reciclaorganico-refletem-sobre-sustentabilidade-com-os-educadores\/#article","isPartOf":{"@id":"https:\/\/salesianossp.org.br\/osbomretiro\/formadores-do-reciclaorganico-refletem-sobre-sustentabilidade-com-os-educadores\/"},"author":{"name":"Lucas Rodrigues","@id":"https:\/\/salesianossp.org.br\/osbomretiro\/#\/schema\/person\/3091f5c85d13f1f81c2eadb190445d2e"},"headline":"Formadores do Reciclaorg\u00e2nico refletem sobre sustentabilidade com os Educadores&nbsp;","datePublished":"2023-04-10T16:04:26+00:00","mainEntityOfPage":{"@id":"https:\/\/salesianossp.org.br\/osbomretiro\/formadores-do-reciclaorganico-refletem-sobre-sustentabilidade-com-os-educadores\/"},"wordCount":610,"commentCount":0,"publisher":{"@id":"https:\/\/salesianossp.org.br\/osbomretiro\/#organization"},"image":{"@id":"https:\/\/salesianossp.org.br\/osbomretiro\/formadores-do-reciclaorganico-refletem-sobre-sustentabilidade-com-os-educadores\/#primaryimage"},"thumbnailUrl":"https:\/\/salesianossp.org.br\/osbomretiro\/wp-content\/uploads\/2023\/04\/Parada-Tecnica-IDB-scaled.png","articleSection":["Not\u00edcias"],"inLanguage":"pt-BR","potentialAction":[{"@type":"CommentAction","name":"Comment","target":["https:\/\/salesianossp.org.br\/osbomretiro\/formadores-do-reciclaorganico-refletem-sobre-sustentabilidade-com-os-educadores\/#respond"]}]},{"@type":"WebPage","@id":"https:\/\/salesianossp.org.br\/osbomretiro\/formadores-do-reciclaorganico-refletem-sobre-sustentabilidade-com-os-educadores\/","url":"https:\/\/salesianossp.org.br\/osbomretiro\/formadores-do-reciclaorganico-refletem-sobre-sustentabilidade-com-os-educadores\/","name":"Formadores do Reciclaorg\u00e2nico refletem sobre sustentabilidade com os Educadores&nbsp; - Instituto Dom Bosco","isPartOf":{"@id":"https:\/\/salesianossp.org.br\/osbomretiro\/#website"},"primaryImageOfPage":{"@id":"https:\/\/salesianossp.org.br\/osbomretiro\/formadores-do-reciclaorganico-refletem-sobre-sustentabilidade-com-os-educadores\/#primaryimage"},"image":{"@id":"https:\/\/salesianossp.org.br\/osbomretiro\/formadores-do-reciclaorganico-refletem-sobre-sustentabilidade-com-os-educadores\/#primaryimage"},"thumbnailUrl":"https:\/\/salesianossp.org.br\/osbomretiro\/wp-content\/uploads\/2023\/04\/Parada-Tecnica-IDB-scaled.png","datePublished":"2023-04-10T16:04:26+00:00","breadcrumb":{"@id":"https:\/\/salesianossp.org.br\/osbomretiro\/formadores-do-reciclaorganico-refletem-sobre-sustentabilidade-com-os-educadores\/#breadcrumb"},"inLanguage":"pt-BR","potentialAction":[{"@type":"ReadAction","target":["https:\/\/salesianossp.org.br\/osbomretiro\/formadores-do-reciclaorganico-refletem-sobre-sustentabilidade-com-os-educadores\/"]}]},{"@type":"ImageObject","inLanguage":"pt-BR","@id":"https:\/\/salesianossp.org.br\/osbomretiro\/formadores-do-reciclaorganico-refletem-sobre-sustentabilidade-com-os-educadores\/#primaryimage","url":"https:\/\/salesianossp.org.br\/osbomretiro\/wp-content\/uploads\/2023\/04\/Parada-Tecnica-IDB-scaled.png","contentUrl":"https:\/\/salesianossp.org.br\/osbomretiro\/wp-content\/uploads\/2023\/04\/Parada-Tecnica-IDB-scaled.png","width":2560,"height":2560},{"@type":"BreadcrumbList","@id":"https:\/\/salesianossp.org.br\/osbomretiro\/formadores-do-reciclaorganico-refletem-sobre-sustentabilidade-com-os-educadores\/#breadcrumb","itemListElement":[{"@type":"ListItem","position":1,"name":"In\u00edcio","item":"https:\/\/salesianossp.org.br\/osbomretiro\/"},{"@type":"ListItem","position":2,"name":"Formadores do Reciclaorg\u00e2nico refletem sobre sustentabilidade com os Educadores&nbsp;"}]},{"@type":"WebSite","@id":"https:\/\/salesianossp.org.br\/osbomretiro\/#website","url":"https:\/\/salesianossp.org.br\/osbomretiro\/","name":"Instituto Dom Bosco","description":"","publisher":{"@id":"https:\/\/salesianossp.org.br\/osbomretiro\/#organization"},"potentialAction":[{"@type":"SearchAction","target":{"@type":"EntryPoint","urlTemplate":"https:\/\/salesianossp.org.br\/osbomretiro\/?s={search_term_string}"},"query-input":{"@type":"PropertyValueSpecification","valueRequired":true,"valueName":"search_term_string"}}],"inLanguage":"pt-BR"},{"@type":"Organization","@id":"https:\/\/salesianossp.org.br\/osbomretiro\/#organization","name":"Instituto Dom Bosco","url":"https:\/\/salesianossp.org.br\/osbomretiro\/","logo":{"@type":"ImageObject","inLanguage":"pt-BR","@id":"https:\/\/salesianossp.org.br\/osbomretiro\/#\/schema\/logo\/image\/","url":"https:\/\/salesianossp.org.br\/osbomretiro\/wp-content\/uploads\/2025\/10\/logotipo-instituto-dom-bosco-color-56.svg","contentUrl":"https:\/\/salesianossp.org.br\/osbomretiro\/wp-content\/uploads\/2025\/10\/logotipo-instituto-dom-bosco-color-56.svg","width":164,"height":56,"caption":"Instituto Dom Bosco"},"image":{"@id":"https:\/\/salesianossp.org.br\/osbomretiro\/#\/schema\/logo\/image\/"},"sameAs":["https:\/\/www.facebook.com\/InstitutoDomBoscoBomRetiro\/","https:\/\/www.youtube.com\/user\/Institutodb","https:\/\/www.instagram.com\/institutodb\/"]},{"@type":"Person","@id":"https:\/\/salesianossp.org.br\/osbomretiro\/#\/schema\/person\/3091f5c85d13f1f81c2eadb190445d2e","name":"Lucas Rodrigues","image":{"@type":"ImageObject","inLanguage":"pt-BR","@id":"https:\/\/secure.gravatar.com\/avatar\/0ad9c966c6ed3335d7fffe2c3b88880dd298c0817b71e20a6955c38f2a53f746?s=96&d=mm&r=g","url":"https:\/\/secure.gravatar.com\/avatar\/0ad9c966c6ed3335d7fffe2c3b88880dd298c0817b71e20a6955c38f2a53f746?s=96&d=mm&r=g","contentUrl":"https:\/\/secure.gravatar.com\/avatar\/0ad9c966c6ed3335d7fffe2c3b88880dd298c0817b71e20a6955c38f2a53f746?s=96&d=mm&r=g","caption":"Lucas Rodrigues"},"url":"https:\/\/salesianossp.org.br\/osbomretiro\/author\/lucas-rodrigues\/"}]}},"_links":{"self":[{"href":"https:\/\/salesianossp.org.br\/osbomretiro\/wp-json\/wp\/v2\/posts\/4914","targetHints":{"allow":["GET"]}}],"collection":[{"href":"https:\/\/salesianossp.org.br\/osbomretiro\/wp-json\/wp\/v2\/posts"}],"about":[{"href":"https:\/\/salesianossp.org.br\/osbomretiro\/wp-json\/wp\/v2\/types\/post"}],"author":[{"embeddable":true,"href":"https:\/\/salesianossp.org.br\/osbomretiro\/wp-json\/wp\/v2\/users\/27"}],"replies":[{"embeddable":true,"href":"https:\/\/salesianossp.org.br\/osbomretiro\/wp-json\/wp\/v2\/comments?post=4914"}],"version-history":[{"count":0,"href":"https:\/\/salesianossp.org.br\/osbomretiro\/wp-json\/wp\/v2\/posts\/4914\/revisions"}],"wp:featuredmedia":[{"embeddable":true,"href":"https:\/\/salesianossp.org.br\/osbomretiro\/wp-json\/wp\/v2\/media\/4916"}],"wp:attachment":[{"href":"https:\/\/salesianossp.org.br\/osbomretiro\/wp-json\/wp\/v2\/media?parent=4914"}],"wp:term":[{"taxonomy":"category","embeddable":true,"href":"https:\/\/salesianossp.org.br\/osbomretiro\/wp-json\/wp\/v2\/categories?post=4914"},{"taxonomy":"post_tag","embeddable":true,"href":"https:\/\/salesianossp.org.br\/osbomretiro\/wp-json\/wp\/v2\/tags?post=4914"}],"curies":[{"name":"wp","href":"https:\/\/api.w.org\/{rel}","templated":true}]}}