{"id":4939,"date":"2023-04-14T17:46:05","date_gmt":"2023-04-14T20:46:05","guid":{"rendered":"https:\/\/salesianossp.org.br\/osbomretiro\/?p=4939"},"modified":"2023-04-14T17:46:05","modified_gmt":"2023-04-14T20:46:05","slug":"encenacao-reflexao-e-caca-ao-chocolate-para-todas-as-idades","status":"publish","type":"post","link":"https:\/\/salesianossp.org.br\/osbomretiro\/encenacao-reflexao-e-caca-ao-chocolate-para-todas-as-idades\/","title":{"rendered":"<strong>Encena\u00e7\u00e3o, reflex\u00e3o e ca\u00e7a ao chocolate para todas as idades&nbsp;<\/strong>"},"content":{"rendered":"\n<p>Durante a semana de P\u00e1scoa, as Unidades Bom Retiro, Vila Paulistana e Castelinho Dom Bosco Cidade Ademar realizaram din\u00e2micas voltadas para a compreens\u00e3o do sentido da P\u00e1scoa, al\u00e9m de encena\u00e7\u00f5es como o momento de lava-p\u00e9s, os Atendidos realizaram ainda a ca\u00e7a ao chocolate, leia mais abaixo.&nbsp;<\/p>\n\n\n\n<p><strong>CEDESP Vila Paulistana<\/strong><br>A reflex\u00e3o girou em torno de: como acolher a todos sem preconceito, na premissa de que podemos n\u00e3o concordar com as op\u00e7\u00f5es da outra pessoa, mas o respeito \u00e0 vida humana n\u00e3o pode faltar. Durante as atividades, din\u00e2micas como: Como eu olho o outro diferente de mim; quais sentimentos s\u00e3o despertados em mim. A import\u00e2ncia da partilha e os caminhos para o bem: compartilhando n\u00e3o falta nada pra ningu\u00e9m. Atividade de como servir o outro independente de quem seja, n\u00e3o julgar. A import\u00e2ncia da escuta e da compreens\u00e3o. Do sil\u00eancio \u00e0 uma vida nova: a import\u00e2ncia da reflex\u00e3o introspectiva em momentos dif\u00edceis, para enxergar esperan\u00e7a, e ent\u00e3o a alegria de ter mudado e viver uma nova vida.<\/p>\n\n\n\n<p><em>Uma das pr\u00e1ticas realizadas durante o momento foi de escutar o cora\u00e7\u00e3o (seu e do colega) com estetosc\u00f3pio e tamb\u00e9m atrav\u00e9s da veia do pulso. \u201cA gente precisa de sil\u00eancio para se escutar e escutar o outro, e que alegria \u00e9 escutar o som do cora\u00e7\u00e3o, estamos vivos!\u201d<\/em>, declarou <strong>P\u00e9rola Brito<\/strong>, Gerente do CEDESP VP<\/p>\n\n\n\n<p><strong><em>Fala, Galera!<\/em><\/strong><\/p>\n\n\n\n<p><em>\u201cFoi uma experi\u00eancia bastante libertadora. Um momento inesquec\u00edvel.\u201d<\/em>, declarou <strong>Mariana Lins<\/strong>, Turma de Assistente Administrativo.<br><br><em>\u201cFoi um momento diferente e incr\u00edvel. Muitas din\u00e2micas legais com reflex\u00f5es essenciais. Este dia me fez sentir que eu quero realmente estar aqui na VP cada vez mais.\u201d, <\/em>disse <strong>Maria de F\u00e1tima Carvalho, <\/strong>Turma de Gest\u00e3o de Microempresa.\u00a0<\/p>\n\n\n\n<p><em>\u201cEu gostei bastante do dia, uma pausa para nossa correria do dia a dia. Sou evang\u00e9lica e me senti muito bem neste dia. Foi o momento de pensar sobre nossa vida.\u201d<\/em>, concluiu <strong>Kelly Ferreira Macedo<\/strong>, Gest\u00e3o de MA.<\/p>\n\n\n\n<p><strong>Bom Retiro<\/strong><\/p>\n\n\n\n<p>O CEDESP BR realizou a reflex\u00e3o da Semana Santa, a reflex\u00e3o da vida. O objetivo era refletir e vivenciar aspectos da semana Santa. Por meio de leitura, encena\u00e7\u00e3o como o momento de \u201clava-p\u00e9s\u201d e viv\u00eancias na pr\u00e1tica foi poss\u00edvel refletir e compreender os dias da semana santa e seus acontecimentos de forma l\u00fadica, trazendo os temas para a atualidade, de uma maneira a nos permitir enxergar se estamos vivenciando os valores deixados para n\u00f3s e como est\u00e1 o nosso lado humano, tanto como indiv\u00edduo como nas rela\u00e7\u00f5es com o pr\u00f3ximo. No final da atividade os educandos participaram de um ca\u00e7a tesouro utilizando dos s\u00edmbolos da p\u00e1scoa e tamb\u00e9m tiveram que colocar em pr\u00e1tica a comunica\u00e7\u00e3o, agilidade e o trabalho em equipe.<\/p>\n\n\n\n<p><strong><em>Fala, Galera!<\/em><\/strong><\/p>\n\n\n\n<p><em>\u201cFoi um momento rico de emo\u00e7\u00e3o e simbologia, que nos fez parar por um instante e pensar qual o sentido real da vida? O que fazemos com ela? Essas e outras indaga\u00e7\u00f5es foram promulgadas por interm\u00e9dio dos educadores, e tamb\u00e9m com a colabora\u00e7\u00e3o de pequenas encena\u00e7\u00f5es e viv\u00eancias, atrav\u00e9s da pastoral. Com isso posso concluir que foi um momento especial no qual o jovem se viu frente ao conhecimento e a vontade de viver a vida da melhor forma.\u201d<\/em>,<strong> Paula Macedo<\/strong>, Educadora de Forma\u00e7\u00e3o Humana.&nbsp;<\/p>\n\n\n\n<p><em>\u201cParticipar deste momento de reflex\u00e3o, foi para mim muito especial, foi um encontro comigo mesmo, de paz, foi poder encontrar o que \u00e9 certo e o errado, foi poder refletir como ser um ser humano melhor, como est\u00e1 sendo minhas atitudes em determinadas situa\u00e7\u00f5es, foi poder viver a experi\u00eancia profunda de Cristo em mim, sentir um amor muito grande. Agrade\u00e7o por cada palavra que foi dita e por essa experi\u00eancia.\u201d<\/em>, <strong>Victoria Silva Dionisio<\/strong>, Atendida no Curso de Assistente Administrativo.&nbsp;&nbsp;<\/p>\n\n\n\n<p>A turma do CCA PROVIM BR, tamb\u00e9m realizou a reflex\u00e3o e a ca\u00e7a ao tesouro, as lembran\u00e7as de P\u00e1scoa.&nbsp;<\/p>\n\n\n\n<p><strong>Castelinho Dom Bosco<\/strong><\/p>\n\n\n\n<p>No CCA, os Educadores confeccionaram junto com os Educandos um coelho para p\u00e1scoa, que dentro vai um bombom, o objetivo era entregar lembran\u00e7as de P\u00e1scoa para os joven atrav\u00e9s da din\u00e2mica do ca\u00e7a ao tesouro, onde as crian\u00e7as puderam buscar pelo o seu presente.<\/p>\n\n\n\n<p><strong><em>Fala, Galera!<\/em><\/strong><\/p>\n\n\n\n<p><em>\u201cGostei das atividades da P\u00e1scoa da hist\u00f3ria do Boa tarde e de ganhar a lembrancinha com bombom. Gostei de tudo!\u201d<\/em>, disse <strong>Samuel Lima<\/strong>, Atendido.&nbsp;<\/p>\n\n\n\n<p>Com a turma do NCI n\u00e3o foi diferente, nossos idosos e idosas realizaram a reflex\u00e3o de P\u00e1scoa e na sequ\u00eancia a ca\u00e7a \u00e0s lembrancinhas. As dicas para encontrarem foram feitasem pequenas tag\u2019s com frases de Dom Bosco e Mam\u00e3e Margarida indicando o caminho at\u00e9 o tesouro (uma cesta com v\u00e1rias barras de chocolate) que seria entregue a cada idoso.<\/p>\n\n\n\n<p><strong><em>Fala, Galera!<\/em><\/strong><br><em>\u201cAcredito ser muito importante, este tipo de atividade no qual incentiva as atendidas a compreender quem foi Dom Bosco e Mam\u00e3e Margarida e ao mesmo tempo contribuindo com este conhecimento de uma forma alegre e divertida.\u201d<\/em>, <strong>Joselma Aparecida, <\/strong>T\u00e9cnica Social Psic\u00f3loga.<\/p>\n\n\n\n<p><strong><a href=\"https:\/\/www.facebook.com\/media\/set\/?vanity=InstitutoDomBoscoBomRetiro&amp;set=a.674177504712067\" data-type=\"URL\" data-id=\"https:\/\/www.facebook.com\/media\/set\/?vanity=InstitutoDomBoscoBomRetiro&amp;set=a.674177504712067\">Clique aqui para ver todas as fotos <\/a><\/strong><\/p>\n","protected":false},"excerpt":{"rendered":"<p>Durante a semana de P\u00e1scoa, as Unidades Bom Retiro, Vila Paulistana e Castelinho Dom Bosco Cidade Ademar realizaram din\u00e2micas voltadas para a compreens\u00e3o do sentido da P\u00e1scoa, al\u00e9m de encena\u00e7\u00f5es como o momento de lava-p\u00e9s, os Atendidos realizaram ainda a ca\u00e7a ao chocolate, leia mais abaixo.&nbsp; CEDESP Vila PaulistanaA reflex\u00e3o girou em torno de: como [&hellip;]<\/p>\n","protected":false},"author":27,"featured_media":4941,"comment_status":"open","ping_status":"open","sticky":false,"template":"","format":"standard","meta":{"footnotes":""},"categories":[59],"tags":[],"class_list":["post-4939","post","type-post","status-publish","format-standard","has-post-thumbnail","hentry","category-noticias"],"yoast_head":"<!-- This site is optimized with the Yoast SEO plugin v27.3 - https:\/\/yoast.com\/product\/yoast-seo-wordpress\/ -->\n<title>Encena\u00e7\u00e3o, reflex\u00e3o e ca\u00e7a ao chocolate para todas as idades&nbsp; - Instituto Dom Bosco<\/title>\n<meta name=\"robots\" content=\"index, follow, max-snippet:-1, max-image-preview:large, max-video-preview:-1\" \/>\n<link rel=\"canonical\" href=\"https:\/\/salesianossp.org.br\/osbomretiro\/encenacao-reflexao-e-caca-ao-chocolate-para-todas-as-idades\/\" \/>\n<meta property=\"og:locale\" content=\"pt_BR\" \/>\n<meta property=\"og:type\" content=\"article\" \/>\n<meta property=\"og:title\" content=\"Encena\u00e7\u00e3o, reflex\u00e3o e ca\u00e7a ao chocolate para todas as idades&nbsp; - Instituto Dom Bosco\" \/>\n<meta property=\"og:description\" content=\"Durante a semana de P\u00e1scoa, as Unidades Bom Retiro, Vila Paulistana e Castelinho Dom Bosco Cidade Ademar realizaram din\u00e2micas voltadas para a compreens\u00e3o do sentido da P\u00e1scoa, al\u00e9m de encena\u00e7\u00f5es como o momento de lava-p\u00e9s, os Atendidos realizaram ainda a ca\u00e7a ao chocolate, leia mais abaixo.&nbsp; CEDESP Vila PaulistanaA reflex\u00e3o girou em torno de: como [&hellip;]\" \/>\n<meta property=\"og:url\" content=\"https:\/\/salesianossp.org.br\/osbomretiro\/encenacao-reflexao-e-caca-ao-chocolate-para-todas-as-idades\/\" \/>\n<meta property=\"og:site_name\" content=\"Instituto Dom Bosco\" \/>\n<meta property=\"article:publisher\" content=\"https:\/\/www.facebook.com\/InstitutoDomBoscoBomRetiro\/\" \/>\n<meta property=\"article:published_time\" content=\"2023-04-14T20:46:05+00:00\" \/>\n<meta property=\"og:image\" content=\"https:\/\/salesianossp.org.br\/osbomretiro\/wp-content\/uploads\/2023\/04\/1-2-1024x1024.png\" \/>\n\t<meta property=\"og:image:width\" content=\"1024\" \/>\n\t<meta property=\"og:image:height\" content=\"1024\" \/>\n\t<meta property=\"og:image:type\" content=\"image\/png\" \/>\n<meta name=\"author\" content=\"Lucas Rodrigues\" \/>\n<meta name=\"twitter:card\" content=\"summary_large_image\" \/>\n<meta name=\"twitter:label1\" content=\"Escrito por\" \/>\n\t<meta name=\"twitter:data1\" content=\"Lucas Rodrigues\" \/>\n\t<meta name=\"twitter:label2\" content=\"Est. tempo de leitura\" \/>\n\t<meta name=\"twitter:data2\" content=\"5 minutos\" \/>\n<script type=\"application\/ld+json\" class=\"yoast-schema-graph\">{\"@context\":\"https:\\\/\\\/schema.org\",\"@graph\":[{\"@type\":\"Article\",\"@id\":\"https:\\\/\\\/salesianossp.org.br\\\/osbomretiro\\\/encenacao-reflexao-e-caca-ao-chocolate-para-todas-as-idades\\\/#article\",\"isPartOf\":{\"@id\":\"https:\\\/\\\/salesianossp.org.br\\\/osbomretiro\\\/encenacao-reflexao-e-caca-ao-chocolate-para-todas-as-idades\\\/\"},\"author\":{\"name\":\"Lucas Rodrigues\",\"@id\":\"https:\\\/\\\/salesianossp.org.br\\\/osbomretiro\\\/#\\\/schema\\\/person\\\/3091f5c85d13f1f81c2eadb190445d2e\"},\"headline\":\"Encena\u00e7\u00e3o, reflex\u00e3o e ca\u00e7a ao chocolate para todas as idades&nbsp;\",\"datePublished\":\"2023-04-14T20:46:05+00:00\",\"mainEntityOfPage\":{\"@id\":\"https:\\\/\\\/salesianossp.org.br\\\/osbomretiro\\\/encenacao-reflexao-e-caca-ao-chocolate-para-todas-as-idades\\\/\"},\"wordCount\":920,\"commentCount\":0,\"publisher\":{\"@id\":\"https:\\\/\\\/salesianossp.org.br\\\/osbomretiro\\\/#organization\"},\"image\":{\"@id\":\"https:\\\/\\\/salesianossp.org.br\\\/osbomretiro\\\/encenacao-reflexao-e-caca-ao-chocolate-para-todas-as-idades\\\/#primaryimage\"},\"thumbnailUrl\":\"https:\\\/\\\/salesianossp.org.br\\\/osbomretiro\\\/wp-content\\\/uploads\\\/2023\\\/04\\\/1-2-scaled.png\",\"articleSection\":[\"Not\u00edcias\"],\"inLanguage\":\"pt-BR\",\"potentialAction\":[{\"@type\":\"CommentAction\",\"name\":\"Comment\",\"target\":[\"https:\\\/\\\/salesianossp.org.br\\\/osbomretiro\\\/encenacao-reflexao-e-caca-ao-chocolate-para-todas-as-idades\\\/#respond\"]}]},{\"@type\":\"WebPage\",\"@id\":\"https:\\\/\\\/salesianossp.org.br\\\/osbomretiro\\\/encenacao-reflexao-e-caca-ao-chocolate-para-todas-as-idades\\\/\",\"url\":\"https:\\\/\\\/salesianossp.org.br\\\/osbomretiro\\\/encenacao-reflexao-e-caca-ao-chocolate-para-todas-as-idades\\\/\",\"name\":\"Encena\u00e7\u00e3o, reflex\u00e3o e ca\u00e7a ao chocolate para todas as idades&nbsp; - Instituto Dom Bosco\",\"isPartOf\":{\"@id\":\"https:\\\/\\\/salesianossp.org.br\\\/osbomretiro\\\/#website\"},\"primaryImageOfPage\":{\"@id\":\"https:\\\/\\\/salesianossp.org.br\\\/osbomretiro\\\/encenacao-reflexao-e-caca-ao-chocolate-para-todas-as-idades\\\/#primaryimage\"},\"image\":{\"@id\":\"https:\\\/\\\/salesianossp.org.br\\\/osbomretiro\\\/encenacao-reflexao-e-caca-ao-chocolate-para-todas-as-idades\\\/#primaryimage\"},\"thumbnailUrl\":\"https:\\\/\\\/salesianossp.org.br\\\/osbomretiro\\\/wp-content\\\/uploads\\\/2023\\\/04\\\/1-2-scaled.png\",\"datePublished\":\"2023-04-14T20:46:05+00:00\",\"breadcrumb\":{\"@id\":\"https:\\\/\\\/salesianossp.org.br\\\/osbomretiro\\\/encenacao-reflexao-e-caca-ao-chocolate-para-todas-as-idades\\\/#breadcrumb\"},\"inLanguage\":\"pt-BR\",\"potentialAction\":[{\"@type\":\"ReadAction\",\"target\":[\"https:\\\/\\\/salesianossp.org.br\\\/osbomretiro\\\/encenacao-reflexao-e-caca-ao-chocolate-para-todas-as-idades\\\/\"]}]},{\"@type\":\"ImageObject\",\"inLanguage\":\"pt-BR\",\"@id\":\"https:\\\/\\\/salesianossp.org.br\\\/osbomretiro\\\/encenacao-reflexao-e-caca-ao-chocolate-para-todas-as-idades\\\/#primaryimage\",\"url\":\"https:\\\/\\\/salesianossp.org.br\\\/osbomretiro\\\/wp-content\\\/uploads\\\/2023\\\/04\\\/1-2-scaled.png\",\"contentUrl\":\"https:\\\/\\\/salesianossp.org.br\\\/osbomretiro\\\/wp-content\\\/uploads\\\/2023\\\/04\\\/1-2-scaled.png\",\"width\":2560,\"height\":2560},{\"@type\":\"BreadcrumbList\",\"@id\":\"https:\\\/\\\/salesianossp.org.br\\\/osbomretiro\\\/encenacao-reflexao-e-caca-ao-chocolate-para-todas-as-idades\\\/#breadcrumb\",\"itemListElement\":[{\"@type\":\"ListItem\",\"position\":1,\"name\":\"In\u00edcio\",\"item\":\"https:\\\/\\\/salesianossp.org.br\\\/osbomretiro\\\/\"},{\"@type\":\"ListItem\",\"position\":2,\"name\":\"Encena\u00e7\u00e3o, reflex\u00e3o e ca\u00e7a ao chocolate para todas as idades&nbsp;\"}]},{\"@type\":\"WebSite\",\"@id\":\"https:\\\/\\\/salesianossp.org.br\\\/osbomretiro\\\/#website\",\"url\":\"https:\\\/\\\/salesianossp.org.br\\\/osbomretiro\\\/\",\"name\":\"Instituto Dom Bosco\",\"description\":\"\",\"publisher\":{\"@id\":\"https:\\\/\\\/salesianossp.org.br\\\/osbomretiro\\\/#organization\"},\"potentialAction\":[{\"@type\":\"SearchAction\",\"target\":{\"@type\":\"EntryPoint\",\"urlTemplate\":\"https:\\\/\\\/salesianossp.org.br\\\/osbomretiro\\\/?s={search_term_string}\"},\"query-input\":{\"@type\":\"PropertyValueSpecification\",\"valueRequired\":true,\"valueName\":\"search_term_string\"}}],\"inLanguage\":\"pt-BR\"},{\"@type\":\"Organization\",\"@id\":\"https:\\\/\\\/salesianossp.org.br\\\/osbomretiro\\\/#organization\",\"name\":\"Instituto Dom Bosco\",\"url\":\"https:\\\/\\\/salesianossp.org.br\\\/osbomretiro\\\/\",\"logo\":{\"@type\":\"ImageObject\",\"inLanguage\":\"pt-BR\",\"@id\":\"https:\\\/\\\/salesianossp.org.br\\\/osbomretiro\\\/#\\\/schema\\\/logo\\\/image\\\/\",\"url\":\"https:\\\/\\\/salesianossp.org.br\\\/osbomretiro\\\/wp-content\\\/uploads\\\/2025\\\/10\\\/logotipo-instituto-dom-bosco-color-56.svg\",\"contentUrl\":\"https:\\\/\\\/salesianossp.org.br\\\/osbomretiro\\\/wp-content\\\/uploads\\\/2025\\\/10\\\/logotipo-instituto-dom-bosco-color-56.svg\",\"width\":164,\"height\":56,\"caption\":\"Instituto Dom Bosco\"},\"image\":{\"@id\":\"https:\\\/\\\/salesianossp.org.br\\\/osbomretiro\\\/#\\\/schema\\\/logo\\\/image\\\/\"},\"sameAs\":[\"https:\\\/\\\/www.facebook.com\\\/InstitutoDomBoscoBomRetiro\\\/\",\"https:\\\/\\\/www.youtube.com\\\/user\\\/Institutodb\",\"https:\\\/\\\/www.instagram.com\\\/institutodb\\\/\"]},{\"@type\":\"Person\",\"@id\":\"https:\\\/\\\/salesianossp.org.br\\\/osbomretiro\\\/#\\\/schema\\\/person\\\/3091f5c85d13f1f81c2eadb190445d2e\",\"name\":\"Lucas Rodrigues\",\"image\":{\"@type\":\"ImageObject\",\"inLanguage\":\"pt-BR\",\"@id\":\"https:\\\/\\\/secure.gravatar.com\\\/avatar\\\/0ad9c966c6ed3335d7fffe2c3b88880dd298c0817b71e20a6955c38f2a53f746?s=96&d=mm&r=g\",\"url\":\"https:\\\/\\\/secure.gravatar.com\\\/avatar\\\/0ad9c966c6ed3335d7fffe2c3b88880dd298c0817b71e20a6955c38f2a53f746?s=96&d=mm&r=g\",\"contentUrl\":\"https:\\\/\\\/secure.gravatar.com\\\/avatar\\\/0ad9c966c6ed3335d7fffe2c3b88880dd298c0817b71e20a6955c38f2a53f746?s=96&d=mm&r=g\",\"caption\":\"Lucas Rodrigues\"},\"url\":\"https:\\\/\\\/salesianossp.org.br\\\/osbomretiro\\\/author\\\/lucas-rodrigues\\\/\"}]}<\/script>\n<!-- \/ Yoast SEO plugin. -->","yoast_head_json":{"title":"Encena\u00e7\u00e3o, reflex\u00e3o e ca\u00e7a ao chocolate para todas as idades&nbsp; - Instituto Dom Bosco","robots":{"index":"index","follow":"follow","max-snippet":"max-snippet:-1","max-image-preview":"max-image-preview:large","max-video-preview":"max-video-preview:-1"},"canonical":"https:\/\/salesianossp.org.br\/osbomretiro\/encenacao-reflexao-e-caca-ao-chocolate-para-todas-as-idades\/","og_locale":"pt_BR","og_type":"article","og_title":"Encena\u00e7\u00e3o, reflex\u00e3o e ca\u00e7a ao chocolate para todas as idades&nbsp; - Instituto Dom Bosco","og_description":"Durante a semana de P\u00e1scoa, as Unidades Bom Retiro, Vila Paulistana e Castelinho Dom Bosco Cidade Ademar realizaram din\u00e2micas voltadas para a compreens\u00e3o do sentido da P\u00e1scoa, al\u00e9m de encena\u00e7\u00f5es como o momento de lava-p\u00e9s, os Atendidos realizaram ainda a ca\u00e7a ao chocolate, leia mais abaixo.&nbsp; CEDESP Vila PaulistanaA reflex\u00e3o girou em torno de: como [&hellip;]","og_url":"https:\/\/salesianossp.org.br\/osbomretiro\/encenacao-reflexao-e-caca-ao-chocolate-para-todas-as-idades\/","og_site_name":"Instituto Dom Bosco","article_publisher":"https:\/\/www.facebook.com\/InstitutoDomBoscoBomRetiro\/","article_published_time":"2023-04-14T20:46:05+00:00","og_image":[{"width":1024,"height":1024,"url":"https:\/\/salesianossp.org.br\/osbomretiro\/wp-content\/uploads\/2023\/04\/1-2-1024x1024.png","type":"image\/png"}],"author":"Lucas Rodrigues","twitter_card":"summary_large_image","twitter_misc":{"Escrito por":"Lucas Rodrigues","Est. tempo de leitura":"5 minutos"},"schema":{"@context":"https:\/\/schema.org","@graph":[{"@type":"Article","@id":"https:\/\/salesianossp.org.br\/osbomretiro\/encenacao-reflexao-e-caca-ao-chocolate-para-todas-as-idades\/#article","isPartOf":{"@id":"https:\/\/salesianossp.org.br\/osbomretiro\/encenacao-reflexao-e-caca-ao-chocolate-para-todas-as-idades\/"},"author":{"name":"Lucas Rodrigues","@id":"https:\/\/salesianossp.org.br\/osbomretiro\/#\/schema\/person\/3091f5c85d13f1f81c2eadb190445d2e"},"headline":"Encena\u00e7\u00e3o, reflex\u00e3o e ca\u00e7a ao chocolate para todas as idades&nbsp;","datePublished":"2023-04-14T20:46:05+00:00","mainEntityOfPage":{"@id":"https:\/\/salesianossp.org.br\/osbomretiro\/encenacao-reflexao-e-caca-ao-chocolate-para-todas-as-idades\/"},"wordCount":920,"commentCount":0,"publisher":{"@id":"https:\/\/salesianossp.org.br\/osbomretiro\/#organization"},"image":{"@id":"https:\/\/salesianossp.org.br\/osbomretiro\/encenacao-reflexao-e-caca-ao-chocolate-para-todas-as-idades\/#primaryimage"},"thumbnailUrl":"https:\/\/salesianossp.org.br\/osbomretiro\/wp-content\/uploads\/2023\/04\/1-2-scaled.png","articleSection":["Not\u00edcias"],"inLanguage":"pt-BR","potentialAction":[{"@type":"CommentAction","name":"Comment","target":["https:\/\/salesianossp.org.br\/osbomretiro\/encenacao-reflexao-e-caca-ao-chocolate-para-todas-as-idades\/#respond"]}]},{"@type":"WebPage","@id":"https:\/\/salesianossp.org.br\/osbomretiro\/encenacao-reflexao-e-caca-ao-chocolate-para-todas-as-idades\/","url":"https:\/\/salesianossp.org.br\/osbomretiro\/encenacao-reflexao-e-caca-ao-chocolate-para-todas-as-idades\/","name":"Encena\u00e7\u00e3o, reflex\u00e3o e ca\u00e7a ao chocolate para todas as idades&nbsp; - Instituto Dom Bosco","isPartOf":{"@id":"https:\/\/salesianossp.org.br\/osbomretiro\/#website"},"primaryImageOfPage":{"@id":"https:\/\/salesianossp.org.br\/osbomretiro\/encenacao-reflexao-e-caca-ao-chocolate-para-todas-as-idades\/#primaryimage"},"image":{"@id":"https:\/\/salesianossp.org.br\/osbomretiro\/encenacao-reflexao-e-caca-ao-chocolate-para-todas-as-idades\/#primaryimage"},"thumbnailUrl":"https:\/\/salesianossp.org.br\/osbomretiro\/wp-content\/uploads\/2023\/04\/1-2-scaled.png","datePublished":"2023-04-14T20:46:05+00:00","breadcrumb":{"@id":"https:\/\/salesianossp.org.br\/osbomretiro\/encenacao-reflexao-e-caca-ao-chocolate-para-todas-as-idades\/#breadcrumb"},"inLanguage":"pt-BR","potentialAction":[{"@type":"ReadAction","target":["https:\/\/salesianossp.org.br\/osbomretiro\/encenacao-reflexao-e-caca-ao-chocolate-para-todas-as-idades\/"]}]},{"@type":"ImageObject","inLanguage":"pt-BR","@id":"https:\/\/salesianossp.org.br\/osbomretiro\/encenacao-reflexao-e-caca-ao-chocolate-para-todas-as-idades\/#primaryimage","url":"https:\/\/salesianossp.org.br\/osbomretiro\/wp-content\/uploads\/2023\/04\/1-2-scaled.png","contentUrl":"https:\/\/salesianossp.org.br\/osbomretiro\/wp-content\/uploads\/2023\/04\/1-2-scaled.png","width":2560,"height":2560},{"@type":"BreadcrumbList","@id":"https:\/\/salesianossp.org.br\/osbomretiro\/encenacao-reflexao-e-caca-ao-chocolate-para-todas-as-idades\/#breadcrumb","itemListElement":[{"@type":"ListItem","position":1,"name":"In\u00edcio","item":"https:\/\/salesianossp.org.br\/osbomretiro\/"},{"@type":"ListItem","position":2,"name":"Encena\u00e7\u00e3o, reflex\u00e3o e ca\u00e7a ao chocolate para todas as idades&nbsp;"}]},{"@type":"WebSite","@id":"https:\/\/salesianossp.org.br\/osbomretiro\/#website","url":"https:\/\/salesianossp.org.br\/osbomretiro\/","name":"Instituto Dom Bosco","description":"","publisher":{"@id":"https:\/\/salesianossp.org.br\/osbomretiro\/#organization"},"potentialAction":[{"@type":"SearchAction","target":{"@type":"EntryPoint","urlTemplate":"https:\/\/salesianossp.org.br\/osbomretiro\/?s={search_term_string}"},"query-input":{"@type":"PropertyValueSpecification","valueRequired":true,"valueName":"search_term_string"}}],"inLanguage":"pt-BR"},{"@type":"Organization","@id":"https:\/\/salesianossp.org.br\/osbomretiro\/#organization","name":"Instituto Dom Bosco","url":"https:\/\/salesianossp.org.br\/osbomretiro\/","logo":{"@type":"ImageObject","inLanguage":"pt-BR","@id":"https:\/\/salesianossp.org.br\/osbomretiro\/#\/schema\/logo\/image\/","url":"https:\/\/salesianossp.org.br\/osbomretiro\/wp-content\/uploads\/2025\/10\/logotipo-instituto-dom-bosco-color-56.svg","contentUrl":"https:\/\/salesianossp.org.br\/osbomretiro\/wp-content\/uploads\/2025\/10\/logotipo-instituto-dom-bosco-color-56.svg","width":164,"height":56,"caption":"Instituto Dom Bosco"},"image":{"@id":"https:\/\/salesianossp.org.br\/osbomretiro\/#\/schema\/logo\/image\/"},"sameAs":["https:\/\/www.facebook.com\/InstitutoDomBoscoBomRetiro\/","https:\/\/www.youtube.com\/user\/Institutodb","https:\/\/www.instagram.com\/institutodb\/"]},{"@type":"Person","@id":"https:\/\/salesianossp.org.br\/osbomretiro\/#\/schema\/person\/3091f5c85d13f1f81c2eadb190445d2e","name":"Lucas Rodrigues","image":{"@type":"ImageObject","inLanguage":"pt-BR","@id":"https:\/\/secure.gravatar.com\/avatar\/0ad9c966c6ed3335d7fffe2c3b88880dd298c0817b71e20a6955c38f2a53f746?s=96&d=mm&r=g","url":"https:\/\/secure.gravatar.com\/avatar\/0ad9c966c6ed3335d7fffe2c3b88880dd298c0817b71e20a6955c38f2a53f746?s=96&d=mm&r=g","contentUrl":"https:\/\/secure.gravatar.com\/avatar\/0ad9c966c6ed3335d7fffe2c3b88880dd298c0817b71e20a6955c38f2a53f746?s=96&d=mm&r=g","caption":"Lucas Rodrigues"},"url":"https:\/\/salesianossp.org.br\/osbomretiro\/author\/lucas-rodrigues\/"}]}},"_links":{"self":[{"href":"https:\/\/salesianossp.org.br\/osbomretiro\/wp-json\/wp\/v2\/posts\/4939","targetHints":{"allow":["GET"]}}],"collection":[{"href":"https:\/\/salesianossp.org.br\/osbomretiro\/wp-json\/wp\/v2\/posts"}],"about":[{"href":"https:\/\/salesianossp.org.br\/osbomretiro\/wp-json\/wp\/v2\/types\/post"}],"author":[{"embeddable":true,"href":"https:\/\/salesianossp.org.br\/osbomretiro\/wp-json\/wp\/v2\/users\/27"}],"replies":[{"embeddable":true,"href":"https:\/\/salesianossp.org.br\/osbomretiro\/wp-json\/wp\/v2\/comments?post=4939"}],"version-history":[{"count":0,"href":"https:\/\/salesianossp.org.br\/osbomretiro\/wp-json\/wp\/v2\/posts\/4939\/revisions"}],"wp:featuredmedia":[{"embeddable":true,"href":"https:\/\/salesianossp.org.br\/osbomretiro\/wp-json\/wp\/v2\/media\/4941"}],"wp:attachment":[{"href":"https:\/\/salesianossp.org.br\/osbomretiro\/wp-json\/wp\/v2\/media?parent=4939"}],"wp:term":[{"taxonomy":"category","embeddable":true,"href":"https:\/\/salesianossp.org.br\/osbomretiro\/wp-json\/wp\/v2\/categories?post=4939"},{"taxonomy":"post_tag","embeddable":true,"href":"https:\/\/salesianossp.org.br\/osbomretiro\/wp-json\/wp\/v2\/tags?post=4939"}],"curies":[{"name":"wp","href":"https:\/\/api.w.org\/{rel}","templated":true}]}}