{"id":4965,"date":"2023-04-25T16:01:31","date_gmt":"2023-04-25T19:01:31","guid":{"rendered":"https:\/\/salesianossp.org.br\/osbomretiro\/?p=4965"},"modified":"2023-04-25T16:01:31","modified_gmt":"2023-04-25T19:01:31","slug":"maes-de-jovens-atendidos-participam-de-oficina-das-emocoes-e-visitam-museu-da-lingua-portuguesa-junto-com-os-filhos-no-instituto-dom-bosco","status":"publish","type":"post","link":"https:\/\/salesianossp.org.br\/osbomretiro\/maes-de-jovens-atendidos-participam-de-oficina-das-emocoes-e-visitam-museu-da-lingua-portuguesa-junto-com-os-filhos-no-instituto-dom-bosco\/","title":{"rendered":"Familiares de jovens Atendidos participam de Oficina das Emo\u00e7\u00f5es e visitam Museu da L\u00edngua Portuguesa junto com os filhos no Instituto Dom Bosco\u00a0"},"content":{"rendered":"\n<p><em>No m\u00eas de abril, os Respons\u00e1veis dos Atendidos do CCA PROVIM Bom Retiro, foram convidados especiais para participarem da Oficina Entren\u00f3s, al\u00e9m da visita no Museu da L\u00edngua Portuguesa junto com os filhos, os Respons\u00e1veis tamb\u00e9m elaboraram mensagens em promo\u00e7\u00e3o da paz e receberam doa\u00e7\u00f5es de alimentos dos parceiros Cia de Dan\u00e7a Cisne Negro .<\/em><\/p>\n\n\n\n<p><strong>Oficina Entren\u00f3s do Projeto Bate-Papo com Caf\u00e9 e Colcha de Retalhos<\/strong><\/p>\n\n\n\n<p>No dia 28 de mar\u00e7o, foi dado in\u00edcio ao primeiro encontro da \u201cOficina Entren\u00f3s do Projeto Bate-Papo com Caf\u00e9 e Colcha de Retalhos\u201d com as fam\u00edlias do CCA Bom Retiro. O Projeto, conta com o apoio da psic\u00f3loga Monique Carvalho e da Assistente T\u00e9cnica Regiane Santos. Em um ambiente seguro e aconchegante, as fam\u00edlias foram acolhidas para refletir sobre suas realidades, constru\u00e7\u00e3o de novos projetos de vida e autocuidado, de modo a melhor desenvolverem suas rela\u00e7\u00f5es, sejam elas familiares ou sociais.<\/p>\n\n\n\n<p><strong>Segundo encontro<\/strong><\/p>\n\n\n\n<p>J\u00e1 o segundo encontro da Oficina aconteceu no dia 12 de abril. A tem\u00e1tica deste segundo momento refletiu sobre as v\u00e1rias partes que formam o todo e que forma cada um de n\u00f3s. Um vem a ser o que come\u00e7a na inf\u00e2ncia, passa pela adolesc\u00eancia e segue rumo \u00e0 fase adulta. Nessa reflex\u00e3o, as fam\u00edlias puderam enxergar n\u00e3o apenas os momentos dif\u00edceis que lhes aconteceram, mas tamb\u00e9m as viv\u00eancias boas que tiveram, supera\u00e7\u00f5es e conquistas no decorrer de suas caminhadas de vida at\u00e9 aqui.<\/p>\n\n\n\n<p>A fim de incentivar uma cultura de paz dentro do Instituto em uma a\u00e7\u00e3o simpl\u00f3ria de combate a viol\u00eancia, foi sugerido durante o Encontro que as fam\u00edlias, assim como os Educandos j\u00e1 estavam realizando em atividade com os educadores, pudessem escrever \u201c<em>Gotas de Esperan\u00e7a<\/em>\u201d ,atrav\u00e9s de palavras ou frases, o que gostariam de transmitir nesse momento em amor, paz e \u00e2nimo para as nossas crian\u00e7as se sentirem mais protegidas e acolhidas. Al\u00e9m da escrita, os Educandos elaboraram a m\u00fasica <strong>Voz Todos Juntos Pela Paz (<a href=\"https:\/\/www.youtube.com\/watch?v=Ccj6BPjAkdw\" data-type=\"URL\" data-id=\"https:\/\/www.youtube.com\/watch?v=Ccj6BPjAkdw\">assista<\/a>)<\/strong> junto do Educador Marcos Paulo. <\/p>\n\n\n\n<p><strong>Doa\u00e7\u00e3o Cisne Negro<\/strong><\/p>\n\n\n\n<p>No dia 05 de abril, Daniele Bittencourt Turzi da Cia de Dan\u00e7a Cisne Negro, parceira do IDB desde 2021, entregou sacolas contendo alimentos para os Atendidos do CCA PROVIM. A doa\u00e7\u00e3o \u00e9 fruto da arrecada\u00e7\u00e3o realizada na apresenta\u00e7\u00e3o da Companhia no Teatro da UNIP. Todas as fam\u00edlias receberam uma sacola com alimentos doados pela Cia. Cisne Negro ao t\u00e9rmino do segundo Encontro da Oficina.&nbsp;<\/p>\n\n\n\n<p><strong>Visita ao Museu da L\u00edngua Portuguesa<\/strong><\/p>\n\n\n\n<p>No dia 18 de abril, foi realizado junto \u00e0s fam\u00edlias a visita ao Museu da L\u00edngua Portuguesa, a abordagem muito al\u00e9m das mais diversas l\u00ednguas, trouxe a reflex\u00e3o para o dia 19 de abril &#8211; Dia dos Povos Ind\u00edgenas.<\/p>\n\n\n\n<p><strong>Fala, M\u00e3e!&nbsp;<\/strong><\/p>\n\n\n\n<p><em>\u201cUm passeio incr\u00edvel e cheio de aprendizado, conhecer um pouco mais sobre os povos ind\u00edgenas e junto com a Luiza (filha) foi uma experi\u00eancia marcante.\u201d<\/em>, declarou <strong>Ariane Ferreira<\/strong>, m\u00e3e de Atendida.&nbsp;<\/p>\n\n\n\n<p><em>\u201cEu achei muito produtivo, foi marcante rever o que os nossos ancestrais viveram, junto com minha filha, foi incr\u00edvel e ela conheceu um pouco da fala japonesa.\u201d<\/em>, disse <strong>Maria Aparecida Candido<\/strong>, m\u00e3e de Atendida.<br><em>\u201cFoi legal o museu da L\u00edngua Portuguesa, conhecer a raiz das l\u00ednguas, gostei muito, eu aprendi mais, obrigada Regiane pelo convite!\u201d,<\/em> disse <strong>Sonia Pfuro Candenas<\/strong>, M\u00e3e de Atendido.<\/p>\n\n\n\n<p><strong><a href=\"https:\/\/www.facebook.com\/media\/set\/?vanity=InstitutoDomBoscoBomRetiro&amp;set=a.681306560665828\" data-type=\"URL\" data-id=\"https:\/\/www.facebook.com\/media\/set\/?vanity=InstitutoDomBoscoBomRetiro&amp;set=a.681306560665828\">Clique aqui para ver todas as fotos <\/a><\/strong><\/p>\n","protected":false},"excerpt":{"rendered":"<p>No m\u00eas de abril, os Respons\u00e1veis dos Atendidos do CCA PROVIM Bom Retiro, foram convidados especiais para participarem da Oficina Entren\u00f3s, al\u00e9m da visita no Museu da L\u00edngua Portuguesa junto com os filhos, os Respons\u00e1veis tamb\u00e9m elaboraram mensagens em promo\u00e7\u00e3o da paz e receberam doa\u00e7\u00f5es de alimentos dos parceiros Cia de Dan\u00e7a Cisne Negro . [&hellip;]<\/p>\n","protected":false},"author":27,"featured_media":4970,"comment_status":"open","ping_status":"open","sticky":false,"template":"","format":"standard","meta":{"footnotes":""},"categories":[59],"tags":[],"class_list":["post-4965","post","type-post","status-publish","format-standard","has-post-thumbnail","hentry","category-noticias"],"yoast_head":"<!-- This site is optimized with the Yoast SEO plugin v27.3 - https:\/\/yoast.com\/product\/yoast-seo-wordpress\/ -->\n<title>Familiares de jovens Atendidos participam de Oficina das Emo\u00e7\u00f5es e visitam Museu da L\u00edngua Portuguesa junto com os filhos no Instituto Dom Bosco\u00a0 - Instituto Dom Bosco<\/title>\n<meta name=\"robots\" content=\"index, follow, max-snippet:-1, max-image-preview:large, max-video-preview:-1\" \/>\n<link rel=\"canonical\" href=\"https:\/\/salesianossp.org.br\/osbomretiro\/maes-de-jovens-atendidos-participam-de-oficina-das-emocoes-e-visitam-museu-da-lingua-portuguesa-junto-com-os-filhos-no-instituto-dom-bosco\/\" \/>\n<meta property=\"og:locale\" content=\"pt_BR\" \/>\n<meta property=\"og:type\" content=\"article\" \/>\n<meta property=\"og:title\" content=\"Familiares de jovens Atendidos participam de Oficina das Emo\u00e7\u00f5es e visitam Museu da L\u00edngua Portuguesa junto com os filhos no Instituto Dom Bosco\u00a0 - Instituto Dom Bosco\" \/>\n<meta property=\"og:description\" content=\"No m\u00eas de abril, os Respons\u00e1veis dos Atendidos do CCA PROVIM Bom Retiro, foram convidados especiais para participarem da Oficina Entren\u00f3s, al\u00e9m da visita no Museu da L\u00edngua Portuguesa junto com os filhos, os Respons\u00e1veis tamb\u00e9m elaboraram mensagens em promo\u00e7\u00e3o da paz e receberam doa\u00e7\u00f5es de alimentos dos parceiros Cia de Dan\u00e7a Cisne Negro . [&hellip;]\" \/>\n<meta property=\"og:url\" content=\"https:\/\/salesianossp.org.br\/osbomretiro\/maes-de-jovens-atendidos-participam-de-oficina-das-emocoes-e-visitam-museu-da-lingua-portuguesa-junto-com-os-filhos-no-instituto-dom-bosco\/\" \/>\n<meta property=\"og:site_name\" content=\"Instituto Dom Bosco\" \/>\n<meta property=\"article:publisher\" content=\"https:\/\/www.facebook.com\/InstitutoDomBoscoBomRetiro\/\" \/>\n<meta property=\"article:published_time\" content=\"2023-04-25T19:01:31+00:00\" \/>\n<meta property=\"og:image\" content=\"https:\/\/salesianossp.org.br\/osbomretiro\/wp-content\/uploads\/2023\/04\/Post-IDB-1.png\" \/>\n\t<meta property=\"og:image:width\" content=\"1080\" \/>\n\t<meta property=\"og:image:height\" content=\"1080\" \/>\n\t<meta property=\"og:image:type\" content=\"image\/png\" \/>\n<meta name=\"author\" content=\"Lucas Rodrigues\" \/>\n<meta name=\"twitter:card\" content=\"summary_large_image\" \/>\n<meta name=\"twitter:label1\" content=\"Escrito por\" \/>\n\t<meta name=\"twitter:data1\" content=\"Lucas Rodrigues\" \/>\n\t<meta name=\"twitter:label2\" content=\"Est. tempo de leitura\" \/>\n\t<meta name=\"twitter:data2\" content=\"3 minutos\" \/>\n<script type=\"application\/ld+json\" class=\"yoast-schema-graph\">{\"@context\":\"https:\\\/\\\/schema.org\",\"@graph\":[{\"@type\":\"Article\",\"@id\":\"https:\\\/\\\/salesianossp.org.br\\\/osbomretiro\\\/maes-de-jovens-atendidos-participam-de-oficina-das-emocoes-e-visitam-museu-da-lingua-portuguesa-junto-com-os-filhos-no-instituto-dom-bosco\\\/#article\",\"isPartOf\":{\"@id\":\"https:\\\/\\\/salesianossp.org.br\\\/osbomretiro\\\/maes-de-jovens-atendidos-participam-de-oficina-das-emocoes-e-visitam-museu-da-lingua-portuguesa-junto-com-os-filhos-no-instituto-dom-bosco\\\/\"},\"author\":{\"name\":\"Lucas Rodrigues\",\"@id\":\"https:\\\/\\\/salesianossp.org.br\\\/osbomretiro\\\/#\\\/schema\\\/person\\\/3091f5c85d13f1f81c2eadb190445d2e\"},\"headline\":\"Familiares de jovens Atendidos participam de Oficina das Emo\u00e7\u00f5es e visitam Museu da L\u00edngua Portuguesa junto com os filhos no Instituto Dom Bosco\u00a0\",\"datePublished\":\"2023-04-25T19:01:31+00:00\",\"mainEntityOfPage\":{\"@id\":\"https:\\\/\\\/salesianossp.org.br\\\/osbomretiro\\\/maes-de-jovens-atendidos-participam-de-oficina-das-emocoes-e-visitam-museu-da-lingua-portuguesa-junto-com-os-filhos-no-instituto-dom-bosco\\\/\"},\"wordCount\":622,\"commentCount\":0,\"publisher\":{\"@id\":\"https:\\\/\\\/salesianossp.org.br\\\/osbomretiro\\\/#organization\"},\"image\":{\"@id\":\"https:\\\/\\\/salesianossp.org.br\\\/osbomretiro\\\/maes-de-jovens-atendidos-participam-de-oficina-das-emocoes-e-visitam-museu-da-lingua-portuguesa-junto-com-os-filhos-no-instituto-dom-bosco\\\/#primaryimage\"},\"thumbnailUrl\":\"https:\\\/\\\/salesianossp.org.br\\\/osbomretiro\\\/wp-content\\\/uploads\\\/2023\\\/04\\\/Post-IDB-1.png\",\"articleSection\":[\"Not\u00edcias\"],\"inLanguage\":\"pt-BR\",\"potentialAction\":[{\"@type\":\"CommentAction\",\"name\":\"Comment\",\"target\":[\"https:\\\/\\\/salesianossp.org.br\\\/osbomretiro\\\/maes-de-jovens-atendidos-participam-de-oficina-das-emocoes-e-visitam-museu-da-lingua-portuguesa-junto-com-os-filhos-no-instituto-dom-bosco\\\/#respond\"]}]},{\"@type\":\"WebPage\",\"@id\":\"https:\\\/\\\/salesianossp.org.br\\\/osbomretiro\\\/maes-de-jovens-atendidos-participam-de-oficina-das-emocoes-e-visitam-museu-da-lingua-portuguesa-junto-com-os-filhos-no-instituto-dom-bosco\\\/\",\"url\":\"https:\\\/\\\/salesianossp.org.br\\\/osbomretiro\\\/maes-de-jovens-atendidos-participam-de-oficina-das-emocoes-e-visitam-museu-da-lingua-portuguesa-junto-com-os-filhos-no-instituto-dom-bosco\\\/\",\"name\":\"Familiares de jovens Atendidos participam de Oficina das Emo\u00e7\u00f5es e visitam Museu da L\u00edngua Portuguesa junto com os filhos no Instituto Dom Bosco\u00a0 - Instituto Dom Bosco\",\"isPartOf\":{\"@id\":\"https:\\\/\\\/salesianossp.org.br\\\/osbomretiro\\\/#website\"},\"primaryImageOfPage\":{\"@id\":\"https:\\\/\\\/salesianossp.org.br\\\/osbomretiro\\\/maes-de-jovens-atendidos-participam-de-oficina-das-emocoes-e-visitam-museu-da-lingua-portuguesa-junto-com-os-filhos-no-instituto-dom-bosco\\\/#primaryimage\"},\"image\":{\"@id\":\"https:\\\/\\\/salesianossp.org.br\\\/osbomretiro\\\/maes-de-jovens-atendidos-participam-de-oficina-das-emocoes-e-visitam-museu-da-lingua-portuguesa-junto-com-os-filhos-no-instituto-dom-bosco\\\/#primaryimage\"},\"thumbnailUrl\":\"https:\\\/\\\/salesianossp.org.br\\\/osbomretiro\\\/wp-content\\\/uploads\\\/2023\\\/04\\\/Post-IDB-1.png\",\"datePublished\":\"2023-04-25T19:01:31+00:00\",\"breadcrumb\":{\"@id\":\"https:\\\/\\\/salesianossp.org.br\\\/osbomretiro\\\/maes-de-jovens-atendidos-participam-de-oficina-das-emocoes-e-visitam-museu-da-lingua-portuguesa-junto-com-os-filhos-no-instituto-dom-bosco\\\/#breadcrumb\"},\"inLanguage\":\"pt-BR\",\"potentialAction\":[{\"@type\":\"ReadAction\",\"target\":[\"https:\\\/\\\/salesianossp.org.br\\\/osbomretiro\\\/maes-de-jovens-atendidos-participam-de-oficina-das-emocoes-e-visitam-museu-da-lingua-portuguesa-junto-com-os-filhos-no-instituto-dom-bosco\\\/\"]}]},{\"@type\":\"ImageObject\",\"inLanguage\":\"pt-BR\",\"@id\":\"https:\\\/\\\/salesianossp.org.br\\\/osbomretiro\\\/maes-de-jovens-atendidos-participam-de-oficina-das-emocoes-e-visitam-museu-da-lingua-portuguesa-junto-com-os-filhos-no-instituto-dom-bosco\\\/#primaryimage\",\"url\":\"https:\\\/\\\/salesianossp.org.br\\\/osbomretiro\\\/wp-content\\\/uploads\\\/2023\\\/04\\\/Post-IDB-1.png\",\"contentUrl\":\"https:\\\/\\\/salesianossp.org.br\\\/osbomretiro\\\/wp-content\\\/uploads\\\/2023\\\/04\\\/Post-IDB-1.png\",\"width\":1080,\"height\":1080},{\"@type\":\"BreadcrumbList\",\"@id\":\"https:\\\/\\\/salesianossp.org.br\\\/osbomretiro\\\/maes-de-jovens-atendidos-participam-de-oficina-das-emocoes-e-visitam-museu-da-lingua-portuguesa-junto-com-os-filhos-no-instituto-dom-bosco\\\/#breadcrumb\",\"itemListElement\":[{\"@type\":\"ListItem\",\"position\":1,\"name\":\"In\u00edcio\",\"item\":\"https:\\\/\\\/salesianossp.org.br\\\/osbomretiro\\\/\"},{\"@type\":\"ListItem\",\"position\":2,\"name\":\"Familiares de jovens Atendidos participam de Oficina das Emo\u00e7\u00f5es e visitam Museu da L\u00edngua Portuguesa junto com os filhos no Instituto Dom Bosco\u00a0\"}]},{\"@type\":\"WebSite\",\"@id\":\"https:\\\/\\\/salesianossp.org.br\\\/osbomretiro\\\/#website\",\"url\":\"https:\\\/\\\/salesianossp.org.br\\\/osbomretiro\\\/\",\"name\":\"Instituto Dom Bosco\",\"description\":\"\",\"publisher\":{\"@id\":\"https:\\\/\\\/salesianossp.org.br\\\/osbomretiro\\\/#organization\"},\"potentialAction\":[{\"@type\":\"SearchAction\",\"target\":{\"@type\":\"EntryPoint\",\"urlTemplate\":\"https:\\\/\\\/salesianossp.org.br\\\/osbomretiro\\\/?s={search_term_string}\"},\"query-input\":{\"@type\":\"PropertyValueSpecification\",\"valueRequired\":true,\"valueName\":\"search_term_string\"}}],\"inLanguage\":\"pt-BR\"},{\"@type\":\"Organization\",\"@id\":\"https:\\\/\\\/salesianossp.org.br\\\/osbomretiro\\\/#organization\",\"name\":\"Instituto Dom Bosco\",\"url\":\"https:\\\/\\\/salesianossp.org.br\\\/osbomretiro\\\/\",\"logo\":{\"@type\":\"ImageObject\",\"inLanguage\":\"pt-BR\",\"@id\":\"https:\\\/\\\/salesianossp.org.br\\\/osbomretiro\\\/#\\\/schema\\\/logo\\\/image\\\/\",\"url\":\"https:\\\/\\\/salesianossp.org.br\\\/osbomretiro\\\/wp-content\\\/uploads\\\/2025\\\/10\\\/logotipo-instituto-dom-bosco-color-56.svg\",\"contentUrl\":\"https:\\\/\\\/salesianossp.org.br\\\/osbomretiro\\\/wp-content\\\/uploads\\\/2025\\\/10\\\/logotipo-instituto-dom-bosco-color-56.svg\",\"width\":164,\"height\":56,\"caption\":\"Instituto Dom Bosco\"},\"image\":{\"@id\":\"https:\\\/\\\/salesianossp.org.br\\\/osbomretiro\\\/#\\\/schema\\\/logo\\\/image\\\/\"},\"sameAs\":[\"https:\\\/\\\/www.facebook.com\\\/InstitutoDomBoscoBomRetiro\\\/\",\"https:\\\/\\\/www.youtube.com\\\/user\\\/Institutodb\",\"https:\\\/\\\/www.instagram.com\\\/institutodb\\\/\"]},{\"@type\":\"Person\",\"@id\":\"https:\\\/\\\/salesianossp.org.br\\\/osbomretiro\\\/#\\\/schema\\\/person\\\/3091f5c85d13f1f81c2eadb190445d2e\",\"name\":\"Lucas Rodrigues\",\"image\":{\"@type\":\"ImageObject\",\"inLanguage\":\"pt-BR\",\"@id\":\"https:\\\/\\\/secure.gravatar.com\\\/avatar\\\/0ad9c966c6ed3335d7fffe2c3b88880dd298c0817b71e20a6955c38f2a53f746?s=96&d=mm&r=g\",\"url\":\"https:\\\/\\\/secure.gravatar.com\\\/avatar\\\/0ad9c966c6ed3335d7fffe2c3b88880dd298c0817b71e20a6955c38f2a53f746?s=96&d=mm&r=g\",\"contentUrl\":\"https:\\\/\\\/secure.gravatar.com\\\/avatar\\\/0ad9c966c6ed3335d7fffe2c3b88880dd298c0817b71e20a6955c38f2a53f746?s=96&d=mm&r=g\",\"caption\":\"Lucas Rodrigues\"},\"url\":\"https:\\\/\\\/salesianossp.org.br\\\/osbomretiro\\\/author\\\/lucas-rodrigues\\\/\"}]}<\/script>\n<!-- \/ Yoast SEO plugin. -->","yoast_head_json":{"title":"Familiares de jovens Atendidos participam de Oficina das Emo\u00e7\u00f5es e visitam Museu da L\u00edngua Portuguesa junto com os filhos no Instituto Dom Bosco\u00a0 - Instituto Dom Bosco","robots":{"index":"index","follow":"follow","max-snippet":"max-snippet:-1","max-image-preview":"max-image-preview:large","max-video-preview":"max-video-preview:-1"},"canonical":"https:\/\/salesianossp.org.br\/osbomretiro\/maes-de-jovens-atendidos-participam-de-oficina-das-emocoes-e-visitam-museu-da-lingua-portuguesa-junto-com-os-filhos-no-instituto-dom-bosco\/","og_locale":"pt_BR","og_type":"article","og_title":"Familiares de jovens Atendidos participam de Oficina das Emo\u00e7\u00f5es e visitam Museu da L\u00edngua Portuguesa junto com os filhos no Instituto Dom Bosco\u00a0 - Instituto Dom Bosco","og_description":"No m\u00eas de abril, os Respons\u00e1veis dos Atendidos do CCA PROVIM Bom Retiro, foram convidados especiais para participarem da Oficina Entren\u00f3s, al\u00e9m da visita no Museu da L\u00edngua Portuguesa junto com os filhos, os Respons\u00e1veis tamb\u00e9m elaboraram mensagens em promo\u00e7\u00e3o da paz e receberam doa\u00e7\u00f5es de alimentos dos parceiros Cia de Dan\u00e7a Cisne Negro . [&hellip;]","og_url":"https:\/\/salesianossp.org.br\/osbomretiro\/maes-de-jovens-atendidos-participam-de-oficina-das-emocoes-e-visitam-museu-da-lingua-portuguesa-junto-com-os-filhos-no-instituto-dom-bosco\/","og_site_name":"Instituto Dom Bosco","article_publisher":"https:\/\/www.facebook.com\/InstitutoDomBoscoBomRetiro\/","article_published_time":"2023-04-25T19:01:31+00:00","og_image":[{"width":1080,"height":1080,"url":"https:\/\/salesianossp.org.br\/osbomretiro\/wp-content\/uploads\/2023\/04\/Post-IDB-1.png","type":"image\/png"}],"author":"Lucas Rodrigues","twitter_card":"summary_large_image","twitter_misc":{"Escrito por":"Lucas Rodrigues","Est. tempo de leitura":"3 minutos"},"schema":{"@context":"https:\/\/schema.org","@graph":[{"@type":"Article","@id":"https:\/\/salesianossp.org.br\/osbomretiro\/maes-de-jovens-atendidos-participam-de-oficina-das-emocoes-e-visitam-museu-da-lingua-portuguesa-junto-com-os-filhos-no-instituto-dom-bosco\/#article","isPartOf":{"@id":"https:\/\/salesianossp.org.br\/osbomretiro\/maes-de-jovens-atendidos-participam-de-oficina-das-emocoes-e-visitam-museu-da-lingua-portuguesa-junto-com-os-filhos-no-instituto-dom-bosco\/"},"author":{"name":"Lucas Rodrigues","@id":"https:\/\/salesianossp.org.br\/osbomretiro\/#\/schema\/person\/3091f5c85d13f1f81c2eadb190445d2e"},"headline":"Familiares de jovens Atendidos participam de Oficina das Emo\u00e7\u00f5es e visitam Museu da L\u00edngua Portuguesa junto com os filhos no Instituto Dom Bosco\u00a0","datePublished":"2023-04-25T19:01:31+00:00","mainEntityOfPage":{"@id":"https:\/\/salesianossp.org.br\/osbomretiro\/maes-de-jovens-atendidos-participam-de-oficina-das-emocoes-e-visitam-museu-da-lingua-portuguesa-junto-com-os-filhos-no-instituto-dom-bosco\/"},"wordCount":622,"commentCount":0,"publisher":{"@id":"https:\/\/salesianossp.org.br\/osbomretiro\/#organization"},"image":{"@id":"https:\/\/salesianossp.org.br\/osbomretiro\/maes-de-jovens-atendidos-participam-de-oficina-das-emocoes-e-visitam-museu-da-lingua-portuguesa-junto-com-os-filhos-no-instituto-dom-bosco\/#primaryimage"},"thumbnailUrl":"https:\/\/salesianossp.org.br\/osbomretiro\/wp-content\/uploads\/2023\/04\/Post-IDB-1.png","articleSection":["Not\u00edcias"],"inLanguage":"pt-BR","potentialAction":[{"@type":"CommentAction","name":"Comment","target":["https:\/\/salesianossp.org.br\/osbomretiro\/maes-de-jovens-atendidos-participam-de-oficina-das-emocoes-e-visitam-museu-da-lingua-portuguesa-junto-com-os-filhos-no-instituto-dom-bosco\/#respond"]}]},{"@type":"WebPage","@id":"https:\/\/salesianossp.org.br\/osbomretiro\/maes-de-jovens-atendidos-participam-de-oficina-das-emocoes-e-visitam-museu-da-lingua-portuguesa-junto-com-os-filhos-no-instituto-dom-bosco\/","url":"https:\/\/salesianossp.org.br\/osbomretiro\/maes-de-jovens-atendidos-participam-de-oficina-das-emocoes-e-visitam-museu-da-lingua-portuguesa-junto-com-os-filhos-no-instituto-dom-bosco\/","name":"Familiares de jovens Atendidos participam de Oficina das Emo\u00e7\u00f5es e visitam Museu da L\u00edngua Portuguesa junto com os filhos no Instituto Dom Bosco\u00a0 - Instituto Dom Bosco","isPartOf":{"@id":"https:\/\/salesianossp.org.br\/osbomretiro\/#website"},"primaryImageOfPage":{"@id":"https:\/\/salesianossp.org.br\/osbomretiro\/maes-de-jovens-atendidos-participam-de-oficina-das-emocoes-e-visitam-museu-da-lingua-portuguesa-junto-com-os-filhos-no-instituto-dom-bosco\/#primaryimage"},"image":{"@id":"https:\/\/salesianossp.org.br\/osbomretiro\/maes-de-jovens-atendidos-participam-de-oficina-das-emocoes-e-visitam-museu-da-lingua-portuguesa-junto-com-os-filhos-no-instituto-dom-bosco\/#primaryimage"},"thumbnailUrl":"https:\/\/salesianossp.org.br\/osbomretiro\/wp-content\/uploads\/2023\/04\/Post-IDB-1.png","datePublished":"2023-04-25T19:01:31+00:00","breadcrumb":{"@id":"https:\/\/salesianossp.org.br\/osbomretiro\/maes-de-jovens-atendidos-participam-de-oficina-das-emocoes-e-visitam-museu-da-lingua-portuguesa-junto-com-os-filhos-no-instituto-dom-bosco\/#breadcrumb"},"inLanguage":"pt-BR","potentialAction":[{"@type":"ReadAction","target":["https:\/\/salesianossp.org.br\/osbomretiro\/maes-de-jovens-atendidos-participam-de-oficina-das-emocoes-e-visitam-museu-da-lingua-portuguesa-junto-com-os-filhos-no-instituto-dom-bosco\/"]}]},{"@type":"ImageObject","inLanguage":"pt-BR","@id":"https:\/\/salesianossp.org.br\/osbomretiro\/maes-de-jovens-atendidos-participam-de-oficina-das-emocoes-e-visitam-museu-da-lingua-portuguesa-junto-com-os-filhos-no-instituto-dom-bosco\/#primaryimage","url":"https:\/\/salesianossp.org.br\/osbomretiro\/wp-content\/uploads\/2023\/04\/Post-IDB-1.png","contentUrl":"https:\/\/salesianossp.org.br\/osbomretiro\/wp-content\/uploads\/2023\/04\/Post-IDB-1.png","width":1080,"height":1080},{"@type":"BreadcrumbList","@id":"https:\/\/salesianossp.org.br\/osbomretiro\/maes-de-jovens-atendidos-participam-de-oficina-das-emocoes-e-visitam-museu-da-lingua-portuguesa-junto-com-os-filhos-no-instituto-dom-bosco\/#breadcrumb","itemListElement":[{"@type":"ListItem","position":1,"name":"In\u00edcio","item":"https:\/\/salesianossp.org.br\/osbomretiro\/"},{"@type":"ListItem","position":2,"name":"Familiares de jovens Atendidos participam de Oficina das Emo\u00e7\u00f5es e visitam Museu da L\u00edngua Portuguesa junto com os filhos no Instituto Dom Bosco\u00a0"}]},{"@type":"WebSite","@id":"https:\/\/salesianossp.org.br\/osbomretiro\/#website","url":"https:\/\/salesianossp.org.br\/osbomretiro\/","name":"Instituto Dom Bosco","description":"","publisher":{"@id":"https:\/\/salesianossp.org.br\/osbomretiro\/#organization"},"potentialAction":[{"@type":"SearchAction","target":{"@type":"EntryPoint","urlTemplate":"https:\/\/salesianossp.org.br\/osbomretiro\/?s={search_term_string}"},"query-input":{"@type":"PropertyValueSpecification","valueRequired":true,"valueName":"search_term_string"}}],"inLanguage":"pt-BR"},{"@type":"Organization","@id":"https:\/\/salesianossp.org.br\/osbomretiro\/#organization","name":"Instituto Dom Bosco","url":"https:\/\/salesianossp.org.br\/osbomretiro\/","logo":{"@type":"ImageObject","inLanguage":"pt-BR","@id":"https:\/\/salesianossp.org.br\/osbomretiro\/#\/schema\/logo\/image\/","url":"https:\/\/salesianossp.org.br\/osbomretiro\/wp-content\/uploads\/2025\/10\/logotipo-instituto-dom-bosco-color-56.svg","contentUrl":"https:\/\/salesianossp.org.br\/osbomretiro\/wp-content\/uploads\/2025\/10\/logotipo-instituto-dom-bosco-color-56.svg","width":164,"height":56,"caption":"Instituto Dom Bosco"},"image":{"@id":"https:\/\/salesianossp.org.br\/osbomretiro\/#\/schema\/logo\/image\/"},"sameAs":["https:\/\/www.facebook.com\/InstitutoDomBoscoBomRetiro\/","https:\/\/www.youtube.com\/user\/Institutodb","https:\/\/www.instagram.com\/institutodb\/"]},{"@type":"Person","@id":"https:\/\/salesianossp.org.br\/osbomretiro\/#\/schema\/person\/3091f5c85d13f1f81c2eadb190445d2e","name":"Lucas Rodrigues","image":{"@type":"ImageObject","inLanguage":"pt-BR","@id":"https:\/\/secure.gravatar.com\/avatar\/0ad9c966c6ed3335d7fffe2c3b88880dd298c0817b71e20a6955c38f2a53f746?s=96&d=mm&r=g","url":"https:\/\/secure.gravatar.com\/avatar\/0ad9c966c6ed3335d7fffe2c3b88880dd298c0817b71e20a6955c38f2a53f746?s=96&d=mm&r=g","contentUrl":"https:\/\/secure.gravatar.com\/avatar\/0ad9c966c6ed3335d7fffe2c3b88880dd298c0817b71e20a6955c38f2a53f746?s=96&d=mm&r=g","caption":"Lucas Rodrigues"},"url":"https:\/\/salesianossp.org.br\/osbomretiro\/author\/lucas-rodrigues\/"}]}},"_links":{"self":[{"href":"https:\/\/salesianossp.org.br\/osbomretiro\/wp-json\/wp\/v2\/posts\/4965","targetHints":{"allow":["GET"]}}],"collection":[{"href":"https:\/\/salesianossp.org.br\/osbomretiro\/wp-json\/wp\/v2\/posts"}],"about":[{"href":"https:\/\/salesianossp.org.br\/osbomretiro\/wp-json\/wp\/v2\/types\/post"}],"author":[{"embeddable":true,"href":"https:\/\/salesianossp.org.br\/osbomretiro\/wp-json\/wp\/v2\/users\/27"}],"replies":[{"embeddable":true,"href":"https:\/\/salesianossp.org.br\/osbomretiro\/wp-json\/wp\/v2\/comments?post=4965"}],"version-history":[{"count":0,"href":"https:\/\/salesianossp.org.br\/osbomretiro\/wp-json\/wp\/v2\/posts\/4965\/revisions"}],"wp:featuredmedia":[{"embeddable":true,"href":"https:\/\/salesianossp.org.br\/osbomretiro\/wp-json\/wp\/v2\/media\/4970"}],"wp:attachment":[{"href":"https:\/\/salesianossp.org.br\/osbomretiro\/wp-json\/wp\/v2\/media?parent=4965"}],"wp:term":[{"taxonomy":"category","embeddable":true,"href":"https:\/\/salesianossp.org.br\/osbomretiro\/wp-json\/wp\/v2\/categories?post=4965"},{"taxonomy":"post_tag","embeddable":true,"href":"https:\/\/salesianossp.org.br\/osbomretiro\/wp-json\/wp\/v2\/tags?post=4965"}],"curies":[{"name":"wp","href":"https:\/\/api.w.org\/{rel}","templated":true}]}}