{"id":5051,"date":"2023-05-29T13:52:08","date_gmt":"2023-05-29T16:52:08","guid":{"rendered":"https:\/\/salesianossp.org.br\/osbomretiro\/?p=5051"},"modified":"2023-05-29T13:52:08","modified_gmt":"2023-05-29T16:52:08","slug":"dia-das-maes-dia-da-familia-afeto-por-todo-instituto","status":"publish","type":"post","link":"https:\/\/salesianossp.org.br\/osbomretiro\/dia-das-maes-dia-da-familia-afeto-por-todo-instituto\/","title":{"rendered":"<strong>Dia das m\u00e3es, dia da fam\u00edlia, afeto por todo Instituto<\/strong>"},"content":{"rendered":"\n<p><\/p>\n\n\n\n<p><strong><mark style=\"background-color:#fcb900\" class=\"has-inline-color\">CCA BR<\/mark><\/strong><\/p>\n\n\n\n<p>A turma do CCA Provim realizou uma gincana em homenagem ao m\u00eas das m\u00e3es.<\/p>\n\n\n\n<p><strong>Fala, M\u00e3e!<\/strong><\/p>\n\n\n\n<p><em>\u201cMe chamo Zenailde, sou m\u00e3e do educando Jo\u00e3o Vitor e hoje estou aqui para falar um pouco da experi\u00eancia que eu tive em participar da gincana para as m\u00e3es.<\/em><\/p>\n\n\n\n<p><em>N\u00e3o tenho palavras pra descrever o que eu senti ali, foi um mix de emo\u00e7\u00e3o com muita divers\u00e3o em uma competi\u00e7\u00e3o saud\u00e1vel onde pude ver a import\u00e2ncia da nossa presen\u00e7a na vida dos nossos filhos, o brilho nos olhos de cada uma das crian\u00e7as vendo as suas m\u00e3es dando o seu melhor para conquistar o primeiro lugar.<\/em><\/p>\n\n\n\n<p><em>Foi tudo muito m\u00e1gico, muito maravilhoso!<\/em><em><br><\/em><em>Essa foi a primeira vez que eu participei e j\u00e1 quero bis, rs!<\/em><\/p>\n\n\n\n<p><em>Ver os educadores com tanto carinho e paci\u00eancia conosco e com as nossas crian\u00e7as, n\u00e3o tenho palavras, \u00e9 s\u00f3 gratid\u00e3o&#8230;Muito obrigado Instituto por tudo! Quero participar mais e mais vezes, pode contar sempre comigo!\u201d<\/em>,<strong> Zenailde Pires do Nascimento<\/strong>, M\u00e3e de Educando.\u00a0<\/p>\n\n\n\n<p><strong><mark style=\"background-color:#fcb900\" class=\"has-inline-color has-black-color\">CCA CDB <\/mark><br><\/strong>No m\u00eas de maio, cada educador junto com educando confeccionou em sala uma lembrancinha para entrega referente ao dia das m\u00e3es. Durante a atividade, o\u00a0 objetivo era agradar as m\u00e3es e tamb\u00e9m desenvolver a sustentabilidade com as turmas. O objeto foi um porta ovos feito com pote de sorvete e EVA.<\/p>\n\n\n\n<p><strong>Fala, Educadora!<\/strong><\/p>\n\n\n\n<p><em>\u201cQuando realizei essa atividade eu pensei no amor, carinho e abra\u00e7o que as crian\u00e7as iriam receber ao entregar para as m\u00e3es o porta ovos.\u201d<\/em>, <strong>Diomara Lima, Educadora.&nbsp;<\/strong><\/p>\n\n\n\n<p><strong><mark style=\"background-color:#fcb900\" class=\"has-inline-color has-black-color\">NCI CDB<\/mark><\/strong><\/p>\n\n\n\n<p>O m\u00eas foi trabalhado com a Oficineira Delma com o objetivo de reconhecer a import\u00e2ncia da&nbsp;m\u00e3e&nbsp;na fam\u00edlia. Resgatar os valores que as fam\u00edlias est\u00e3o perdendo (respeito, amor, partilha,&#8230;). Valorizar o&nbsp;trabalho&nbsp;da&nbsp;m\u00e3e&nbsp;(\u00e0s vezes dupla jornada de&nbsp;trabalho). Conhecer direitos e deveres dos membros da fam\u00edlia, em especial das&nbsp;m\u00e3es. Atrav\u00e9s da oficina repleta de desafios, os(as) Atendidos(as), precisaram criar moldes de caixas e tampas.<\/p>\n\n\n\n<p><strong>Fala, Oficineira!<\/strong><\/p>\n\n\n\n<p>\u201c<em>Elas foram excelentes e a cada aula animadas com a&nbsp; Montagem da caixa. O resultado foi maravilhoso!\u201d<\/em>, declarou <strong>Delma<\/strong>.&nbsp;<\/p>\n\n\n\n<p><strong><mark style=\"background-color:#fcb900\" class=\"has-inline-color\">CEDESP BR<\/mark><br><\/strong>O dia das m\u00e3es foi comemorado junto com o momento de reuni\u00e3o de fam\u00edlia. A homenagem foi dos Educandos que preparam um v\u00eddeo junto com a Educadora de Forma\u00e7\u00e3o Humana, com frases \u201ct\u00edpicas de m\u00e3es\u201d, como um gesto de amor e prote\u00e7\u00e3o.\u00a0<a href=\"https:\/\/www.youtube.com\/watch?v=5oKow5dVv2k\" data-type=\"URL\" data-id=\"https:\/\/www.youtube.com\/watch?v=5oKow5dVv2k\">Assista aqui<\/a><\/p>\n\n\n\n<p>J\u00e1 os Educandos tiveram um Bom dia e Boa tarde especial, onde a Isabel Cabral, Assistente Administrativa do CEDESP, trouxe a origem desta data, a import\u00e2ncia da fam\u00edlia e deste ser iluminado fechando com uma mensagem da pr\u00f3pria m\u00e3e, falando do valor em ser, m\u00e3e.\u00a0<\/p>\n\n\n\n<p><strong><mark style=\"background-color:#fcb900\" class=\"has-inline-color\">Jovem Aprendiz IDB<\/mark><\/strong><\/p>\n\n\n\n<p>A atividade da turma foi elaborar um porta tempero, do in\u00edcio ao fim, como presente para as Mam\u00e3es. O momento envolveu Metrologia, com a participa\u00e7\u00e3o do Educador Luciano Mamedio e suas habilidades no SolidWorks &#8211; Curso de Fabrica\u00e7\u00e3o Digital 3D &#8211; CEDESP BR, onde os Jovens puderam aprender todo o processo de cria\u00e7\u00e3o do desenho e medidas, al\u00e9m da participa\u00e7\u00e3o do Aspirante Vin\u00edcius Barbosa, com suas habilidades de Engenharia. As pe\u00e7as foram confeccionadas na Oficina de Arte em Madeira e quando prontas, cada um deu a sua cara para o presente, personalizando e elegendo o porta tempero mais bonito.&nbsp;<\/p>\n\n\n\n<p><strong><mark style=\"background-color:#fcb900\" class=\"has-inline-color\">CEDESP VP<\/mark><\/strong><\/p>\n\n\n\n<p>Na Vila Paulistana foi realizado o dia da fam\u00edlia, que contou com uma homenagem no &#8220;Bom dia e Boa tarde&#8221; \u00e0s m\u00e3es, elaborada pelos representantes de sala, interpretando as famosas frases de m\u00e3e: \u201cleva o casaco, na volta a gente compra, eu vou a\u00ed e se eu achar..\u201d.<\/p>\n\n\n\n<p><em>\u201cApesar da comemora\u00e7\u00e3o do dia das m\u00e3es ser uma data comercial, a VP sempre faz o dia da fam\u00edlia, para homenagear todos os membros que proporcionam \u2018esse colo acolhedor\u2019 aos seus membros, contanto que estavam presentes, m\u00e3es, av\u00f3s, tias, madrinhas e pais.\u201d<\/em><strong>, Declarou P\u00e9rola Brito,<\/strong> Gerente do Servi\u00e7o.<\/p>\n\n\n\n<p>Houve a din\u00e2mica do caminho na quadra, onde de pulo em pulo no bambol\u00ea, em pares se disputava o ganhador no pedra, papel e tesoura. A ideia dessa atividade \u00e9 refletir sobre que temos caminhos diferentes, cada um caminha no seu ritmo, \u00e0s vezes a gente ganha e \u00e0s vezes a gente perde como num simples jogo de jokenp\u00f4. A vida em fam\u00edlia \u00e9 assim, pois n\u00e3o se vive em linha reta, o essencial \u00e9 o di\u00e1logo nessa &#8220;montanha russa&#8221; de altos e baixos, e saber lidar com intelig\u00eancia emocional em todas as situa\u00e7\u00f5es. N\u00e3o se precisa estar sempre bem para o outro, pois h\u00e1 momentos de alegria, tristeza, raiva e frustra\u00e7\u00f5es, mas o essencial \u00e9 ser e ter apoio do outro.<\/p>\n\n\n\n<p>Depois na sala multiuso cada um partilhou um pouco de sua hist\u00f3ria em meio a gargalhadas e l\u00e1grimas de emo\u00e7\u00e3o.<\/p>\n\n\n\n<p>Para refletir sobre a comunica\u00e7\u00e3o n\u00e3o violenta foi lido o artigo &#8220;A influ\u00eancia da pedagogia da palavra nas emo\u00e7\u00f5es&#8221; (abaixo) e depois brincamos com o jogo da mem\u00f3ria com palavras agressivas que podem ser substitu\u00eddas por falas mais acolhedoras e reflexivas.<\/p>\n\n\n\n<p>As fam\u00edlias tomaram caf\u00e9 e almo\u00e7aram na VP,&nbsp; al\u00e9m de receberem uma lembrancinha confeccionada carinhosamente pelos volunt\u00e1rios: a m\u00e3e coruja, feita com sabonete, toalha de m\u00e3o e EVA.<\/p>\n\n\n\n<p><strong>ARTIGO P\u00c9ROLA BARRANCO BRITO<\/strong><\/p>\n\n\n\n<p><em>Quantas vezes escutamos: cuidado com o que fala!<\/em><\/p>\n\n\n\n<p><em>Voc\u00ea pode falar o que desejar e para qualquer pessoa, basta saber usar as palavras mais adequadas para a ocasi\u00e3o.<\/em><\/p>\n\n\n\n<p><em>Neste artigo, estabeleci a nomenclatura de pedagogia da palavra para expressar a import\u00e2ncia da comunica\u00e7\u00e3o assertiva.<\/em><\/p>\n\n\n\n<p><em>Segundo Lib\u00e2neo (2001), Pedagogia \u00e9 a ci\u00eancia que tem a educa\u00e7\u00e3o como objeto de estudo, ou seja, este estudo auxiliar\u00e1 no aprendizado de maneiras e ferramentas adequadas para alcan\u00e7ar o objetivo desejado.<\/em><\/p>\n\n\n\n<p><em>Portanto, a express\u00e3o pedagogia da palavra explicita a extrema import\u00e2ncia da utiliza\u00e7\u00e3o eficiente e eficaz da linguagem.<\/em><\/p>\n\n\n\n<p><em>A linguagem \u00e9, antes de tudo, social. Portanto, sua fun\u00e7\u00e3o inicial \u00e9 a comunica\u00e7\u00e3o, express\u00e3o e compreens\u00e3o. \u00c9 por meio das rela\u00e7\u00f5es sociais que o ser humano aprende e ensina, constr\u00f3i e desconstr\u00f3i conhecimento. A constante intera\u00e7\u00e3o entre o sujeito e o mundo exterior \u00e9 o processo pelo qual se d\u00e1 o desenvolvimento intelectual humano (PIAGET, 1978, p. 59)<\/em><\/p>\n\n\n\n<p><em>A comunica\u00e7\u00e3o efetiva ocorre quando a transmiss\u00e3o e a recep\u00e7\u00e3o de informa\u00e7\u00f5es foram realizadas com sucesso.<\/em><\/p>\n\n\n\n<p><em>\u00c9 importante esclarecer que, quando se fala de comunica\u00e7\u00e3o, est\u00e3o envolvidas a emiss\u00e3o compreens\u00edvel e objetiva da informa\u00e7\u00e3o, assim como a compreens\u00e3o clara da mensagem recebida, ou seja, o di\u00e1logo n\u00e3o envolve somente o discurso, e sim essencialmente a escuta assertiva e qualificada.<\/em><\/p>\n\n\n\n<p><em>Assim sendo, por meio das palavras e suas interpreta\u00e7\u00f5es pode-se instigar os mais diversos sentimentos. Ent\u00e3o, para um proveito positivo da linguagem \u00e9 fundamental qualificar a fala e a escuta.<\/em><\/p>\n\n\n\n<p><strong>Refer\u00eancias Bibliogr\u00e1ficas:<\/strong><\/p>\n\n\n\n<p><strong>LIB\u00c2NEO, Jos\u00e9 Carlos. Pedagogia e pedagogos: inquieta\u00e7\u00f5es e buscas. Curitiba: Editora da UFPR, 2001.<\/strong><\/p>\n\n\n\n<p><strong>PIAGET, Jean. A forma\u00e7\u00e3o do s\u00edmbolo na crian\u00e7a. S\u00e3o Paulo: Zaher, 1978.<\/strong><\/p>\n\n\n\n<p><strong><em><a href=\"https:\/\/www.facebook.com\/media\/set\/?vanity=InstitutoDomBoscoBomRetiro&amp;set=a.705227418273742\" data-type=\"URL\" data-id=\"https:\/\/www.facebook.com\/media\/set\/?vanity=InstitutoDomBoscoBomRetiro&amp;set=a.705227418273742\">Clique aqui para ver todas as fotos<\/a><\/em><\/strong><\/p>\n","protected":false},"excerpt":{"rendered":"<p>CCA BR A turma do CCA Provim realizou uma gincana em homenagem ao m\u00eas das m\u00e3es. Fala, M\u00e3e! \u201cMe chamo Zenailde, sou m\u00e3e do educando Jo\u00e3o Vitor e hoje estou aqui para falar um pouco da experi\u00eancia que eu tive em participar da gincana para as m\u00e3es. N\u00e3o tenho palavras pra descrever o que eu [&hellip;]<\/p>\n","protected":false},"author":27,"featured_media":5056,"comment_status":"open","ping_status":"open","sticky":false,"template":"","format":"standard","meta":{"footnotes":""},"categories":[59],"tags":[],"class_list":["post-5051","post","type-post","status-publish","format-standard","has-post-thumbnail","hentry","category-noticias"],"yoast_head":"<!-- This site is optimized with the Yoast SEO plugin v27.3 - https:\/\/yoast.com\/product\/yoast-seo-wordpress\/ -->\n<title>Dia das m\u00e3es, dia da fam\u00edlia, afeto por todo Instituto - Instituto Dom Bosco<\/title>\n<meta name=\"robots\" content=\"index, follow, max-snippet:-1, max-image-preview:large, max-video-preview:-1\" \/>\n<link rel=\"canonical\" href=\"https:\/\/salesianossp.org.br\/osbomretiro\/dia-das-maes-dia-da-familia-afeto-por-todo-instituto\/\" \/>\n<meta property=\"og:locale\" content=\"pt_BR\" \/>\n<meta property=\"og:type\" content=\"article\" \/>\n<meta property=\"og:title\" content=\"Dia das m\u00e3es, dia da fam\u00edlia, afeto por todo Instituto - Instituto Dom Bosco\" \/>\n<meta property=\"og:description\" content=\"CCA BR A turma do CCA Provim realizou uma gincana em homenagem ao m\u00eas das m\u00e3es. Fala, M\u00e3e! \u201cMe chamo Zenailde, sou m\u00e3e do educando Jo\u00e3o Vitor e hoje estou aqui para falar um pouco da experi\u00eancia que eu tive em participar da gincana para as m\u00e3es. N\u00e3o tenho palavras pra descrever o que eu [&hellip;]\" \/>\n<meta property=\"og:url\" content=\"https:\/\/salesianossp.org.br\/osbomretiro\/dia-das-maes-dia-da-familia-afeto-por-todo-instituto\/\" \/>\n<meta property=\"og:site_name\" content=\"Instituto Dom Bosco\" \/>\n<meta property=\"article:publisher\" content=\"https:\/\/www.facebook.com\/InstitutoDomBoscoBomRetiro\/\" \/>\n<meta property=\"article:published_time\" content=\"2023-05-29T16:52:08+00:00\" \/>\n<meta property=\"og:image\" content=\"https:\/\/salesianossp.org.br\/osbomretiro\/wp-content\/uploads\/2023\/05\/Dia-da-Familia-Das-Maes-Afeto-IDB-1.png\" \/>\n\t<meta property=\"og:image:width\" content=\"1080\" \/>\n\t<meta property=\"og:image:height\" content=\"1080\" \/>\n\t<meta property=\"og:image:type\" content=\"image\/png\" \/>\n<meta name=\"author\" content=\"Lucas Rodrigues\" \/>\n<meta name=\"twitter:card\" content=\"summary_large_image\" \/>\n<meta name=\"twitter:label1\" content=\"Escrito por\" \/>\n\t<meta name=\"twitter:data1\" content=\"Lucas Rodrigues\" \/>\n\t<meta name=\"twitter:label2\" content=\"Est. tempo de leitura\" \/>\n\t<meta name=\"twitter:data2\" content=\"6 minutos\" \/>\n<script type=\"application\/ld+json\" class=\"yoast-schema-graph\">{\"@context\":\"https:\\\/\\\/schema.org\",\"@graph\":[{\"@type\":\"Article\",\"@id\":\"https:\\\/\\\/salesianossp.org.br\\\/osbomretiro\\\/dia-das-maes-dia-da-familia-afeto-por-todo-instituto\\\/#article\",\"isPartOf\":{\"@id\":\"https:\\\/\\\/salesianossp.org.br\\\/osbomretiro\\\/dia-das-maes-dia-da-familia-afeto-por-todo-instituto\\\/\"},\"author\":{\"name\":\"Lucas Rodrigues\",\"@id\":\"https:\\\/\\\/salesianossp.org.br\\\/osbomretiro\\\/#\\\/schema\\\/person\\\/3091f5c85d13f1f81c2eadb190445d2e\"},\"headline\":\"Dia das m\u00e3es, dia da fam\u00edlia, afeto por todo Instituto\",\"datePublished\":\"2023-05-29T16:52:08+00:00\",\"mainEntityOfPage\":{\"@id\":\"https:\\\/\\\/salesianossp.org.br\\\/osbomretiro\\\/dia-das-maes-dia-da-familia-afeto-por-todo-instituto\\\/\"},\"wordCount\":1265,\"commentCount\":0,\"publisher\":{\"@id\":\"https:\\\/\\\/salesianossp.org.br\\\/osbomretiro\\\/#organization\"},\"image\":{\"@id\":\"https:\\\/\\\/salesianossp.org.br\\\/osbomretiro\\\/dia-das-maes-dia-da-familia-afeto-por-todo-instituto\\\/#primaryimage\"},\"thumbnailUrl\":\"https:\\\/\\\/salesianossp.org.br\\\/osbomretiro\\\/wp-content\\\/uploads\\\/2023\\\/05\\\/Dia-da-Familia-Das-Maes-Afeto-IDB-1.png\",\"articleSection\":[\"Not\u00edcias\"],\"inLanguage\":\"pt-BR\",\"potentialAction\":[{\"@type\":\"CommentAction\",\"name\":\"Comment\",\"target\":[\"https:\\\/\\\/salesianossp.org.br\\\/osbomretiro\\\/dia-das-maes-dia-da-familia-afeto-por-todo-instituto\\\/#respond\"]}]},{\"@type\":\"WebPage\",\"@id\":\"https:\\\/\\\/salesianossp.org.br\\\/osbomretiro\\\/dia-das-maes-dia-da-familia-afeto-por-todo-instituto\\\/\",\"url\":\"https:\\\/\\\/salesianossp.org.br\\\/osbomretiro\\\/dia-das-maes-dia-da-familia-afeto-por-todo-instituto\\\/\",\"name\":\"Dia das m\u00e3es, dia da fam\u00edlia, afeto por todo Instituto - Instituto Dom Bosco\",\"isPartOf\":{\"@id\":\"https:\\\/\\\/salesianossp.org.br\\\/osbomretiro\\\/#website\"},\"primaryImageOfPage\":{\"@id\":\"https:\\\/\\\/salesianossp.org.br\\\/osbomretiro\\\/dia-das-maes-dia-da-familia-afeto-por-todo-instituto\\\/#primaryimage\"},\"image\":{\"@id\":\"https:\\\/\\\/salesianossp.org.br\\\/osbomretiro\\\/dia-das-maes-dia-da-familia-afeto-por-todo-instituto\\\/#primaryimage\"},\"thumbnailUrl\":\"https:\\\/\\\/salesianossp.org.br\\\/osbomretiro\\\/wp-content\\\/uploads\\\/2023\\\/05\\\/Dia-da-Familia-Das-Maes-Afeto-IDB-1.png\",\"datePublished\":\"2023-05-29T16:52:08+00:00\",\"breadcrumb\":{\"@id\":\"https:\\\/\\\/salesianossp.org.br\\\/osbomretiro\\\/dia-das-maes-dia-da-familia-afeto-por-todo-instituto\\\/#breadcrumb\"},\"inLanguage\":\"pt-BR\",\"potentialAction\":[{\"@type\":\"ReadAction\",\"target\":[\"https:\\\/\\\/salesianossp.org.br\\\/osbomretiro\\\/dia-das-maes-dia-da-familia-afeto-por-todo-instituto\\\/\"]}]},{\"@type\":\"ImageObject\",\"inLanguage\":\"pt-BR\",\"@id\":\"https:\\\/\\\/salesianossp.org.br\\\/osbomretiro\\\/dia-das-maes-dia-da-familia-afeto-por-todo-instituto\\\/#primaryimage\",\"url\":\"https:\\\/\\\/salesianossp.org.br\\\/osbomretiro\\\/wp-content\\\/uploads\\\/2023\\\/05\\\/Dia-da-Familia-Das-Maes-Afeto-IDB-1.png\",\"contentUrl\":\"https:\\\/\\\/salesianossp.org.br\\\/osbomretiro\\\/wp-content\\\/uploads\\\/2023\\\/05\\\/Dia-da-Familia-Das-Maes-Afeto-IDB-1.png\",\"width\":1080,\"height\":1080},{\"@type\":\"BreadcrumbList\",\"@id\":\"https:\\\/\\\/salesianossp.org.br\\\/osbomretiro\\\/dia-das-maes-dia-da-familia-afeto-por-todo-instituto\\\/#breadcrumb\",\"itemListElement\":[{\"@type\":\"ListItem\",\"position\":1,\"name\":\"In\u00edcio\",\"item\":\"https:\\\/\\\/salesianossp.org.br\\\/osbomretiro\\\/\"},{\"@type\":\"ListItem\",\"position\":2,\"name\":\"Dia das m\u00e3es, dia da fam\u00edlia, afeto por todo Instituto\"}]},{\"@type\":\"WebSite\",\"@id\":\"https:\\\/\\\/salesianossp.org.br\\\/osbomretiro\\\/#website\",\"url\":\"https:\\\/\\\/salesianossp.org.br\\\/osbomretiro\\\/\",\"name\":\"Instituto Dom Bosco\",\"description\":\"\",\"publisher\":{\"@id\":\"https:\\\/\\\/salesianossp.org.br\\\/osbomretiro\\\/#organization\"},\"potentialAction\":[{\"@type\":\"SearchAction\",\"target\":{\"@type\":\"EntryPoint\",\"urlTemplate\":\"https:\\\/\\\/salesianossp.org.br\\\/osbomretiro\\\/?s={search_term_string}\"},\"query-input\":{\"@type\":\"PropertyValueSpecification\",\"valueRequired\":true,\"valueName\":\"search_term_string\"}}],\"inLanguage\":\"pt-BR\"},{\"@type\":\"Organization\",\"@id\":\"https:\\\/\\\/salesianossp.org.br\\\/osbomretiro\\\/#organization\",\"name\":\"Instituto Dom Bosco\",\"url\":\"https:\\\/\\\/salesianossp.org.br\\\/osbomretiro\\\/\",\"logo\":{\"@type\":\"ImageObject\",\"inLanguage\":\"pt-BR\",\"@id\":\"https:\\\/\\\/salesianossp.org.br\\\/osbomretiro\\\/#\\\/schema\\\/logo\\\/image\\\/\",\"url\":\"https:\\\/\\\/salesianossp.org.br\\\/osbomretiro\\\/wp-content\\\/uploads\\\/2025\\\/10\\\/logotipo-instituto-dom-bosco-color-56.svg\",\"contentUrl\":\"https:\\\/\\\/salesianossp.org.br\\\/osbomretiro\\\/wp-content\\\/uploads\\\/2025\\\/10\\\/logotipo-instituto-dom-bosco-color-56.svg\",\"width\":164,\"height\":56,\"caption\":\"Instituto Dom Bosco\"},\"image\":{\"@id\":\"https:\\\/\\\/salesianossp.org.br\\\/osbomretiro\\\/#\\\/schema\\\/logo\\\/image\\\/\"},\"sameAs\":[\"https:\\\/\\\/www.facebook.com\\\/InstitutoDomBoscoBomRetiro\\\/\",\"https:\\\/\\\/www.youtube.com\\\/user\\\/Institutodb\",\"https:\\\/\\\/www.instagram.com\\\/institutodb\\\/\"]},{\"@type\":\"Person\",\"@id\":\"https:\\\/\\\/salesianossp.org.br\\\/osbomretiro\\\/#\\\/schema\\\/person\\\/3091f5c85d13f1f81c2eadb190445d2e\",\"name\":\"Lucas Rodrigues\",\"image\":{\"@type\":\"ImageObject\",\"inLanguage\":\"pt-BR\",\"@id\":\"https:\\\/\\\/secure.gravatar.com\\\/avatar\\\/0ad9c966c6ed3335d7fffe2c3b88880dd298c0817b71e20a6955c38f2a53f746?s=96&d=mm&r=g\",\"url\":\"https:\\\/\\\/secure.gravatar.com\\\/avatar\\\/0ad9c966c6ed3335d7fffe2c3b88880dd298c0817b71e20a6955c38f2a53f746?s=96&d=mm&r=g\",\"contentUrl\":\"https:\\\/\\\/secure.gravatar.com\\\/avatar\\\/0ad9c966c6ed3335d7fffe2c3b88880dd298c0817b71e20a6955c38f2a53f746?s=96&d=mm&r=g\",\"caption\":\"Lucas Rodrigues\"},\"url\":\"https:\\\/\\\/salesianossp.org.br\\\/osbomretiro\\\/author\\\/lucas-rodrigues\\\/\"}]}<\/script>\n<!-- \/ Yoast SEO plugin. -->","yoast_head_json":{"title":"Dia das m\u00e3es, dia da fam\u00edlia, afeto por todo Instituto - Instituto Dom Bosco","robots":{"index":"index","follow":"follow","max-snippet":"max-snippet:-1","max-image-preview":"max-image-preview:large","max-video-preview":"max-video-preview:-1"},"canonical":"https:\/\/salesianossp.org.br\/osbomretiro\/dia-das-maes-dia-da-familia-afeto-por-todo-instituto\/","og_locale":"pt_BR","og_type":"article","og_title":"Dia das m\u00e3es, dia da fam\u00edlia, afeto por todo Instituto - Instituto Dom Bosco","og_description":"CCA BR A turma do CCA Provim realizou uma gincana em homenagem ao m\u00eas das m\u00e3es. Fala, M\u00e3e! \u201cMe chamo Zenailde, sou m\u00e3e do educando Jo\u00e3o Vitor e hoje estou aqui para falar um pouco da experi\u00eancia que eu tive em participar da gincana para as m\u00e3es. N\u00e3o tenho palavras pra descrever o que eu [&hellip;]","og_url":"https:\/\/salesianossp.org.br\/osbomretiro\/dia-das-maes-dia-da-familia-afeto-por-todo-instituto\/","og_site_name":"Instituto Dom Bosco","article_publisher":"https:\/\/www.facebook.com\/InstitutoDomBoscoBomRetiro\/","article_published_time":"2023-05-29T16:52:08+00:00","og_image":[{"width":1080,"height":1080,"url":"https:\/\/salesianossp.org.br\/osbomretiro\/wp-content\/uploads\/2023\/05\/Dia-da-Familia-Das-Maes-Afeto-IDB-1.png","type":"image\/png"}],"author":"Lucas Rodrigues","twitter_card":"summary_large_image","twitter_misc":{"Escrito por":"Lucas Rodrigues","Est. tempo de leitura":"6 minutos"},"schema":{"@context":"https:\/\/schema.org","@graph":[{"@type":"Article","@id":"https:\/\/salesianossp.org.br\/osbomretiro\/dia-das-maes-dia-da-familia-afeto-por-todo-instituto\/#article","isPartOf":{"@id":"https:\/\/salesianossp.org.br\/osbomretiro\/dia-das-maes-dia-da-familia-afeto-por-todo-instituto\/"},"author":{"name":"Lucas Rodrigues","@id":"https:\/\/salesianossp.org.br\/osbomretiro\/#\/schema\/person\/3091f5c85d13f1f81c2eadb190445d2e"},"headline":"Dia das m\u00e3es, dia da fam\u00edlia, afeto por todo Instituto","datePublished":"2023-05-29T16:52:08+00:00","mainEntityOfPage":{"@id":"https:\/\/salesianossp.org.br\/osbomretiro\/dia-das-maes-dia-da-familia-afeto-por-todo-instituto\/"},"wordCount":1265,"commentCount":0,"publisher":{"@id":"https:\/\/salesianossp.org.br\/osbomretiro\/#organization"},"image":{"@id":"https:\/\/salesianossp.org.br\/osbomretiro\/dia-das-maes-dia-da-familia-afeto-por-todo-instituto\/#primaryimage"},"thumbnailUrl":"https:\/\/salesianossp.org.br\/osbomretiro\/wp-content\/uploads\/2023\/05\/Dia-da-Familia-Das-Maes-Afeto-IDB-1.png","articleSection":["Not\u00edcias"],"inLanguage":"pt-BR","potentialAction":[{"@type":"CommentAction","name":"Comment","target":["https:\/\/salesianossp.org.br\/osbomretiro\/dia-das-maes-dia-da-familia-afeto-por-todo-instituto\/#respond"]}]},{"@type":"WebPage","@id":"https:\/\/salesianossp.org.br\/osbomretiro\/dia-das-maes-dia-da-familia-afeto-por-todo-instituto\/","url":"https:\/\/salesianossp.org.br\/osbomretiro\/dia-das-maes-dia-da-familia-afeto-por-todo-instituto\/","name":"Dia das m\u00e3es, dia da fam\u00edlia, afeto por todo Instituto - Instituto Dom Bosco","isPartOf":{"@id":"https:\/\/salesianossp.org.br\/osbomretiro\/#website"},"primaryImageOfPage":{"@id":"https:\/\/salesianossp.org.br\/osbomretiro\/dia-das-maes-dia-da-familia-afeto-por-todo-instituto\/#primaryimage"},"image":{"@id":"https:\/\/salesianossp.org.br\/osbomretiro\/dia-das-maes-dia-da-familia-afeto-por-todo-instituto\/#primaryimage"},"thumbnailUrl":"https:\/\/salesianossp.org.br\/osbomretiro\/wp-content\/uploads\/2023\/05\/Dia-da-Familia-Das-Maes-Afeto-IDB-1.png","datePublished":"2023-05-29T16:52:08+00:00","breadcrumb":{"@id":"https:\/\/salesianossp.org.br\/osbomretiro\/dia-das-maes-dia-da-familia-afeto-por-todo-instituto\/#breadcrumb"},"inLanguage":"pt-BR","potentialAction":[{"@type":"ReadAction","target":["https:\/\/salesianossp.org.br\/osbomretiro\/dia-das-maes-dia-da-familia-afeto-por-todo-instituto\/"]}]},{"@type":"ImageObject","inLanguage":"pt-BR","@id":"https:\/\/salesianossp.org.br\/osbomretiro\/dia-das-maes-dia-da-familia-afeto-por-todo-instituto\/#primaryimage","url":"https:\/\/salesianossp.org.br\/osbomretiro\/wp-content\/uploads\/2023\/05\/Dia-da-Familia-Das-Maes-Afeto-IDB-1.png","contentUrl":"https:\/\/salesianossp.org.br\/osbomretiro\/wp-content\/uploads\/2023\/05\/Dia-da-Familia-Das-Maes-Afeto-IDB-1.png","width":1080,"height":1080},{"@type":"BreadcrumbList","@id":"https:\/\/salesianossp.org.br\/osbomretiro\/dia-das-maes-dia-da-familia-afeto-por-todo-instituto\/#breadcrumb","itemListElement":[{"@type":"ListItem","position":1,"name":"In\u00edcio","item":"https:\/\/salesianossp.org.br\/osbomretiro\/"},{"@type":"ListItem","position":2,"name":"Dia das m\u00e3es, dia da fam\u00edlia, afeto por todo Instituto"}]},{"@type":"WebSite","@id":"https:\/\/salesianossp.org.br\/osbomretiro\/#website","url":"https:\/\/salesianossp.org.br\/osbomretiro\/","name":"Instituto Dom Bosco","description":"","publisher":{"@id":"https:\/\/salesianossp.org.br\/osbomretiro\/#organization"},"potentialAction":[{"@type":"SearchAction","target":{"@type":"EntryPoint","urlTemplate":"https:\/\/salesianossp.org.br\/osbomretiro\/?s={search_term_string}"},"query-input":{"@type":"PropertyValueSpecification","valueRequired":true,"valueName":"search_term_string"}}],"inLanguage":"pt-BR"},{"@type":"Organization","@id":"https:\/\/salesianossp.org.br\/osbomretiro\/#organization","name":"Instituto Dom Bosco","url":"https:\/\/salesianossp.org.br\/osbomretiro\/","logo":{"@type":"ImageObject","inLanguage":"pt-BR","@id":"https:\/\/salesianossp.org.br\/osbomretiro\/#\/schema\/logo\/image\/","url":"https:\/\/salesianossp.org.br\/osbomretiro\/wp-content\/uploads\/2025\/10\/logotipo-instituto-dom-bosco-color-56.svg","contentUrl":"https:\/\/salesianossp.org.br\/osbomretiro\/wp-content\/uploads\/2025\/10\/logotipo-instituto-dom-bosco-color-56.svg","width":164,"height":56,"caption":"Instituto Dom Bosco"},"image":{"@id":"https:\/\/salesianossp.org.br\/osbomretiro\/#\/schema\/logo\/image\/"},"sameAs":["https:\/\/www.facebook.com\/InstitutoDomBoscoBomRetiro\/","https:\/\/www.youtube.com\/user\/Institutodb","https:\/\/www.instagram.com\/institutodb\/"]},{"@type":"Person","@id":"https:\/\/salesianossp.org.br\/osbomretiro\/#\/schema\/person\/3091f5c85d13f1f81c2eadb190445d2e","name":"Lucas Rodrigues","image":{"@type":"ImageObject","inLanguage":"pt-BR","@id":"https:\/\/secure.gravatar.com\/avatar\/0ad9c966c6ed3335d7fffe2c3b88880dd298c0817b71e20a6955c38f2a53f746?s=96&d=mm&r=g","url":"https:\/\/secure.gravatar.com\/avatar\/0ad9c966c6ed3335d7fffe2c3b88880dd298c0817b71e20a6955c38f2a53f746?s=96&d=mm&r=g","contentUrl":"https:\/\/secure.gravatar.com\/avatar\/0ad9c966c6ed3335d7fffe2c3b88880dd298c0817b71e20a6955c38f2a53f746?s=96&d=mm&r=g","caption":"Lucas Rodrigues"},"url":"https:\/\/salesianossp.org.br\/osbomretiro\/author\/lucas-rodrigues\/"}]}},"_links":{"self":[{"href":"https:\/\/salesianossp.org.br\/osbomretiro\/wp-json\/wp\/v2\/posts\/5051","targetHints":{"allow":["GET"]}}],"collection":[{"href":"https:\/\/salesianossp.org.br\/osbomretiro\/wp-json\/wp\/v2\/posts"}],"about":[{"href":"https:\/\/salesianossp.org.br\/osbomretiro\/wp-json\/wp\/v2\/types\/post"}],"author":[{"embeddable":true,"href":"https:\/\/salesianossp.org.br\/osbomretiro\/wp-json\/wp\/v2\/users\/27"}],"replies":[{"embeddable":true,"href":"https:\/\/salesianossp.org.br\/osbomretiro\/wp-json\/wp\/v2\/comments?post=5051"}],"version-history":[{"count":0,"href":"https:\/\/salesianossp.org.br\/osbomretiro\/wp-json\/wp\/v2\/posts\/5051\/revisions"}],"wp:featuredmedia":[{"embeddable":true,"href":"https:\/\/salesianossp.org.br\/osbomretiro\/wp-json\/wp\/v2\/media\/5056"}],"wp:attachment":[{"href":"https:\/\/salesianossp.org.br\/osbomretiro\/wp-json\/wp\/v2\/media?parent=5051"}],"wp:term":[{"taxonomy":"category","embeddable":true,"href":"https:\/\/salesianossp.org.br\/osbomretiro\/wp-json\/wp\/v2\/categories?post=5051"},{"taxonomy":"post_tag","embeddable":true,"href":"https:\/\/salesianossp.org.br\/osbomretiro\/wp-json\/wp\/v2\/tags?post=5051"}],"curies":[{"name":"wp","href":"https:\/\/api.w.org\/{rel}","templated":true}]}}