{"id":5332,"date":"2023-08-10T15:54:56","date_gmt":"2023-08-10T18:54:56","guid":{"rendered":"https:\/\/salesianossp.org.br\/osbomretiro\/?p=5332"},"modified":"2023-08-10T15:54:56","modified_gmt":"2023-08-10T18:54:56","slug":"danca-do-ventre-folclorica-e-circular-une-criancas-jovens-e-idosos-no-instituto-dom-bosco","status":"publish","type":"post","link":"https:\/\/salesianossp.org.br\/osbomretiro\/danca-do-ventre-folclorica-e-circular-une-criancas-jovens-e-idosos-no-instituto-dom-bosco\/","title":{"rendered":"<strong>Dan\u00e7a do ventre, folcl\u00f3rica e circular une crian\u00e7as, jovens e idosos no Instituto Dom Bosco<\/strong>"},"content":{"rendered":"\n<p><strong>Cultural Itinerante: Dan\u00e7a do Ventre e Linha do Tempo da Dan\u00e7a \u2013 Castelinho Dom Bosco Zona Sul NCI e CJ<\/strong><\/p>\n\n\n\n<p>No primeiro dia de agosto, a turma do NCI e os jovens do CJ participaram do momento: Culturas Itinerante no Castelinho Dom Bosco. O objetivo da a\u00e7\u00e3o \u00e9&nbsp;levar atividades aos bairros e ampliar a democratiza\u00e7\u00e3o da cultura na cidade. O Cultural Itinerante surgiu com o objetivo de incentivar o desenvolvimento das manifesta\u00e7\u00f5es socioculturais no munic\u00edpio, conhecer os artistas da terra, oferecer momentos de lazer \u00e0 comunidade, aquecer o com\u00e9rcio local e expandir o acesso \u00e0 cultura.<\/p>\n\n\n\n<p>Pela manh\u00e3, ap\u00f3s a conta\u00e7\u00e3o de hist\u00f3rias onde alguns Idosos compartilharam alguns <em>momentos vivido durante sua caminhada, a turma pode assistir a uma apresenta\u00e7\u00e3o de dan\u00e7a do ventre: \u201cUma dan\u00e7arina maravilhosa que fez os idosos e os jovens se sacudirem rsrs, muito bom!\u201d,<\/em> declarou <strong>Elizete Marinho<\/strong>, Assistente Adminisrativo NCI. &nbsp;Para finalizar, dan\u00e7a de d\u00e9cadas, onde o dan\u00e7arino movimentou-se no ritmo de diversas m\u00fasicas antigas at\u00e9 as mais tocadas de hoje, uma esp\u00e9cie de linha do tempo da m\u00fasica\/dan\u00e7a, antes de irem para casa um belo lanche da tarde.<\/p>\n\n\n\n<p><em>\u201cEssa atividade aconteceu aoenas 1 dia e foi muito especial e gostoso participar, ver a alegrias dos idosos e jovens juntos foi muito bom. Por mais momentos divertidos assim!\u201d<\/em>, concluiu a Assistente.<\/p>\n\n\n\n<p><strong>Dan\u00e7a Circular e Folcl\u00f3rica \u2013 Bom Retiro e Castelinho CCA PROVIM e NCI<\/strong><\/p>\n\n\n\n<p>No dia 10, a turma do CCA PROVIM do Bom Retiro, recebeu a turma do NCI para resgatar passos de dan\u00e7as folcl\u00f3ricas. Com muita alegria e divers\u00e3o, a Dan\u00e7a Circular foi guiada pela Educadora M\u00e9rcia.<em>\u201cA Educadora contagiou a todos, o nosso muito obrigado por mais essa oportunidade!\u201d<\/em>, finalizou <strong>Myrian Varallo<\/strong>, Coordenadora do CCA.<\/p>\n\n\n\n<p><strong><em><a href=\"https:\/\/www.facebook.com\/media\/set?vanity=InstitutoDomBoscoBomRetiro&amp;set=a.754500250013125\" data-type=\"URL\" data-id=\"https:\/\/www.facebook.com\/media\/set?vanity=InstitutoDomBoscoBomRetiro&amp;set=a.754500250013125\">Clique aqui para ver todas as fotos <\/a><\/em><\/strong><\/p>\n","protected":false},"excerpt":{"rendered":"<p>Cultural Itinerante: Dan\u00e7a do Ventre e Linha do Tempo da Dan\u00e7a \u2013 Castelinho Dom Bosco Zona Sul NCI e CJ No primeiro dia de agosto, a turma do NCI e os jovens do CJ participaram do momento: Culturas Itinerante no Castelinho Dom Bosco. O objetivo da a\u00e7\u00e3o \u00e9&nbsp;levar atividades aos bairros e ampliar a democratiza\u00e7\u00e3o [&hellip;]<\/p>\n","protected":false},"author":27,"featured_media":5335,"comment_status":"open","ping_status":"open","sticky":false,"template":"","format":"standard","meta":{"footnotes":""},"categories":[59],"tags":[],"class_list":["post-5332","post","type-post","status-publish","format-standard","has-post-thumbnail","hentry","category-noticias"],"yoast_head":"<!-- This site is optimized with the Yoast SEO plugin v27.3 - https:\/\/yoast.com\/product\/yoast-seo-wordpress\/ -->\n<title>Dan\u00e7a do ventre, folcl\u00f3rica e circular une crian\u00e7as, jovens e idosos no Instituto Dom Bosco - Instituto Dom Bosco<\/title>\n<meta name=\"robots\" content=\"index, follow, max-snippet:-1, max-image-preview:large, max-video-preview:-1\" \/>\n<link rel=\"canonical\" href=\"https:\/\/salesianossp.org.br\/osbomretiro\/danca-do-ventre-folclorica-e-circular-une-criancas-jovens-e-idosos-no-instituto-dom-bosco\/\" \/>\n<meta property=\"og:locale\" content=\"pt_BR\" \/>\n<meta property=\"og:type\" content=\"article\" \/>\n<meta property=\"og:title\" content=\"Dan\u00e7a do ventre, folcl\u00f3rica e circular une crian\u00e7as, jovens e idosos no Instituto Dom Bosco - Instituto Dom Bosco\" \/>\n<meta property=\"og:description\" content=\"Cultural Itinerante: Dan\u00e7a do Ventre e Linha do Tempo da Dan\u00e7a \u2013 Castelinho Dom Bosco Zona Sul NCI e CJ No primeiro dia de agosto, a turma do NCI e os jovens do CJ participaram do momento: Culturas Itinerante no Castelinho Dom Bosco. O objetivo da a\u00e7\u00e3o \u00e9&nbsp;levar atividades aos bairros e ampliar a democratiza\u00e7\u00e3o [&hellip;]\" \/>\n<meta property=\"og:url\" content=\"https:\/\/salesianossp.org.br\/osbomretiro\/danca-do-ventre-folclorica-e-circular-une-criancas-jovens-e-idosos-no-instituto-dom-bosco\/\" \/>\n<meta property=\"og:site_name\" content=\"Instituto Dom Bosco\" \/>\n<meta property=\"article:publisher\" content=\"https:\/\/www.facebook.com\/InstitutoDomBoscoBomRetiro\/\" \/>\n<meta property=\"article:published_time\" content=\"2023-08-10T18:54:56+00:00\" \/>\n<meta property=\"og:image\" content=\"https:\/\/salesianossp.org.br\/osbomretiro\/wp-content\/uploads\/2023\/08\/Postagem-IDB-1-2-scaled.png\" \/>\n\t<meta property=\"og:image:width\" content=\"2560\" \/>\n\t<meta property=\"og:image:height\" content=\"2560\" \/>\n\t<meta property=\"og:image:type\" content=\"image\/png\" \/>\n<meta name=\"author\" content=\"Lucas Rodrigues\" \/>\n<meta name=\"twitter:card\" content=\"summary_large_image\" \/>\n<meta name=\"twitter:label1\" content=\"Escrito por\" \/>\n\t<meta name=\"twitter:data1\" content=\"Lucas Rodrigues\" \/>\n\t<meta name=\"twitter:label2\" content=\"Est. tempo de leitura\" \/>\n\t<meta name=\"twitter:data2\" content=\"2 minutos\" \/>\n<script type=\"application\/ld+json\" class=\"yoast-schema-graph\">{\"@context\":\"https:\\\/\\\/schema.org\",\"@graph\":[{\"@type\":\"Article\",\"@id\":\"https:\\\/\\\/salesianossp.org.br\\\/osbomretiro\\\/danca-do-ventre-folclorica-e-circular-une-criancas-jovens-e-idosos-no-instituto-dom-bosco\\\/#article\",\"isPartOf\":{\"@id\":\"https:\\\/\\\/salesianossp.org.br\\\/osbomretiro\\\/danca-do-ventre-folclorica-e-circular-une-criancas-jovens-e-idosos-no-instituto-dom-bosco\\\/\"},\"author\":{\"name\":\"Lucas Rodrigues\",\"@id\":\"https:\\\/\\\/salesianossp.org.br\\\/osbomretiro\\\/#\\\/schema\\\/person\\\/3091f5c85d13f1f81c2eadb190445d2e\"},\"headline\":\"Dan\u00e7a do ventre, folcl\u00f3rica e circular une crian\u00e7as, jovens e idosos no Instituto Dom Bosco\",\"datePublished\":\"2023-08-10T18:54:56+00:00\",\"mainEntityOfPage\":{\"@id\":\"https:\\\/\\\/salesianossp.org.br\\\/osbomretiro\\\/danca-do-ventre-folclorica-e-circular-une-criancas-jovens-e-idosos-no-instituto-dom-bosco\\\/\"},\"wordCount\":332,\"commentCount\":0,\"publisher\":{\"@id\":\"https:\\\/\\\/salesianossp.org.br\\\/osbomretiro\\\/#organization\"},\"image\":{\"@id\":\"https:\\\/\\\/salesianossp.org.br\\\/osbomretiro\\\/danca-do-ventre-folclorica-e-circular-une-criancas-jovens-e-idosos-no-instituto-dom-bosco\\\/#primaryimage\"},\"thumbnailUrl\":\"https:\\\/\\\/salesianossp.org.br\\\/osbomretiro\\\/wp-content\\\/uploads\\\/2023\\\/08\\\/Postagem-IDB-1-2-scaled.png\",\"articleSection\":[\"Not\u00edcias\"],\"inLanguage\":\"pt-BR\",\"potentialAction\":[{\"@type\":\"CommentAction\",\"name\":\"Comment\",\"target\":[\"https:\\\/\\\/salesianossp.org.br\\\/osbomretiro\\\/danca-do-ventre-folclorica-e-circular-une-criancas-jovens-e-idosos-no-instituto-dom-bosco\\\/#respond\"]}]},{\"@type\":\"WebPage\",\"@id\":\"https:\\\/\\\/salesianossp.org.br\\\/osbomretiro\\\/danca-do-ventre-folclorica-e-circular-une-criancas-jovens-e-idosos-no-instituto-dom-bosco\\\/\",\"url\":\"https:\\\/\\\/salesianossp.org.br\\\/osbomretiro\\\/danca-do-ventre-folclorica-e-circular-une-criancas-jovens-e-idosos-no-instituto-dom-bosco\\\/\",\"name\":\"Dan\u00e7a do ventre, folcl\u00f3rica e circular une crian\u00e7as, jovens e idosos no Instituto Dom Bosco - Instituto Dom Bosco\",\"isPartOf\":{\"@id\":\"https:\\\/\\\/salesianossp.org.br\\\/osbomretiro\\\/#website\"},\"primaryImageOfPage\":{\"@id\":\"https:\\\/\\\/salesianossp.org.br\\\/osbomretiro\\\/danca-do-ventre-folclorica-e-circular-une-criancas-jovens-e-idosos-no-instituto-dom-bosco\\\/#primaryimage\"},\"image\":{\"@id\":\"https:\\\/\\\/salesianossp.org.br\\\/osbomretiro\\\/danca-do-ventre-folclorica-e-circular-une-criancas-jovens-e-idosos-no-instituto-dom-bosco\\\/#primaryimage\"},\"thumbnailUrl\":\"https:\\\/\\\/salesianossp.org.br\\\/osbomretiro\\\/wp-content\\\/uploads\\\/2023\\\/08\\\/Postagem-IDB-1-2-scaled.png\",\"datePublished\":\"2023-08-10T18:54:56+00:00\",\"breadcrumb\":{\"@id\":\"https:\\\/\\\/salesianossp.org.br\\\/osbomretiro\\\/danca-do-ventre-folclorica-e-circular-une-criancas-jovens-e-idosos-no-instituto-dom-bosco\\\/#breadcrumb\"},\"inLanguage\":\"pt-BR\",\"potentialAction\":[{\"@type\":\"ReadAction\",\"target\":[\"https:\\\/\\\/salesianossp.org.br\\\/osbomretiro\\\/danca-do-ventre-folclorica-e-circular-une-criancas-jovens-e-idosos-no-instituto-dom-bosco\\\/\"]}]},{\"@type\":\"ImageObject\",\"inLanguage\":\"pt-BR\",\"@id\":\"https:\\\/\\\/salesianossp.org.br\\\/osbomretiro\\\/danca-do-ventre-folclorica-e-circular-une-criancas-jovens-e-idosos-no-instituto-dom-bosco\\\/#primaryimage\",\"url\":\"https:\\\/\\\/salesianossp.org.br\\\/osbomretiro\\\/wp-content\\\/uploads\\\/2023\\\/08\\\/Postagem-IDB-1-2-scaled.png\",\"contentUrl\":\"https:\\\/\\\/salesianossp.org.br\\\/osbomretiro\\\/wp-content\\\/uploads\\\/2023\\\/08\\\/Postagem-IDB-1-2-scaled.png\",\"width\":2560,\"height\":2560},{\"@type\":\"BreadcrumbList\",\"@id\":\"https:\\\/\\\/salesianossp.org.br\\\/osbomretiro\\\/danca-do-ventre-folclorica-e-circular-une-criancas-jovens-e-idosos-no-instituto-dom-bosco\\\/#breadcrumb\",\"itemListElement\":[{\"@type\":\"ListItem\",\"position\":1,\"name\":\"In\u00edcio\",\"item\":\"https:\\\/\\\/salesianossp.org.br\\\/osbomretiro\\\/\"},{\"@type\":\"ListItem\",\"position\":2,\"name\":\"Dan\u00e7a do ventre, folcl\u00f3rica e circular une crian\u00e7as, jovens e idosos no Instituto Dom Bosco\"}]},{\"@type\":\"WebSite\",\"@id\":\"https:\\\/\\\/salesianossp.org.br\\\/osbomretiro\\\/#website\",\"url\":\"https:\\\/\\\/salesianossp.org.br\\\/osbomretiro\\\/\",\"name\":\"Instituto Dom Bosco\",\"description\":\"\",\"publisher\":{\"@id\":\"https:\\\/\\\/salesianossp.org.br\\\/osbomretiro\\\/#organization\"},\"potentialAction\":[{\"@type\":\"SearchAction\",\"target\":{\"@type\":\"EntryPoint\",\"urlTemplate\":\"https:\\\/\\\/salesianossp.org.br\\\/osbomretiro\\\/?s={search_term_string}\"},\"query-input\":{\"@type\":\"PropertyValueSpecification\",\"valueRequired\":true,\"valueName\":\"search_term_string\"}}],\"inLanguage\":\"pt-BR\"},{\"@type\":\"Organization\",\"@id\":\"https:\\\/\\\/salesianossp.org.br\\\/osbomretiro\\\/#organization\",\"name\":\"Instituto Dom Bosco\",\"url\":\"https:\\\/\\\/salesianossp.org.br\\\/osbomretiro\\\/\",\"logo\":{\"@type\":\"ImageObject\",\"inLanguage\":\"pt-BR\",\"@id\":\"https:\\\/\\\/salesianossp.org.br\\\/osbomretiro\\\/#\\\/schema\\\/logo\\\/image\\\/\",\"url\":\"https:\\\/\\\/salesianossp.org.br\\\/osbomretiro\\\/wp-content\\\/uploads\\\/2025\\\/10\\\/logotipo-instituto-dom-bosco-color-56.svg\",\"contentUrl\":\"https:\\\/\\\/salesianossp.org.br\\\/osbomretiro\\\/wp-content\\\/uploads\\\/2025\\\/10\\\/logotipo-instituto-dom-bosco-color-56.svg\",\"width\":164,\"height\":56,\"caption\":\"Instituto Dom Bosco\"},\"image\":{\"@id\":\"https:\\\/\\\/salesianossp.org.br\\\/osbomretiro\\\/#\\\/schema\\\/logo\\\/image\\\/\"},\"sameAs\":[\"https:\\\/\\\/www.facebook.com\\\/InstitutoDomBoscoBomRetiro\\\/\",\"https:\\\/\\\/www.youtube.com\\\/user\\\/Institutodb\",\"https:\\\/\\\/www.instagram.com\\\/institutodb\\\/\"]},{\"@type\":\"Person\",\"@id\":\"https:\\\/\\\/salesianossp.org.br\\\/osbomretiro\\\/#\\\/schema\\\/person\\\/3091f5c85d13f1f81c2eadb190445d2e\",\"name\":\"Lucas Rodrigues\",\"image\":{\"@type\":\"ImageObject\",\"inLanguage\":\"pt-BR\",\"@id\":\"https:\\\/\\\/secure.gravatar.com\\\/avatar\\\/0ad9c966c6ed3335d7fffe2c3b88880dd298c0817b71e20a6955c38f2a53f746?s=96&d=mm&r=g\",\"url\":\"https:\\\/\\\/secure.gravatar.com\\\/avatar\\\/0ad9c966c6ed3335d7fffe2c3b88880dd298c0817b71e20a6955c38f2a53f746?s=96&d=mm&r=g\",\"contentUrl\":\"https:\\\/\\\/secure.gravatar.com\\\/avatar\\\/0ad9c966c6ed3335d7fffe2c3b88880dd298c0817b71e20a6955c38f2a53f746?s=96&d=mm&r=g\",\"caption\":\"Lucas Rodrigues\"},\"url\":\"https:\\\/\\\/salesianossp.org.br\\\/osbomretiro\\\/author\\\/lucas-rodrigues\\\/\"}]}<\/script>\n<!-- \/ Yoast SEO plugin. -->","yoast_head_json":{"title":"Dan\u00e7a do ventre, folcl\u00f3rica e circular une crian\u00e7as, jovens e idosos no Instituto Dom Bosco - Instituto Dom Bosco","robots":{"index":"index","follow":"follow","max-snippet":"max-snippet:-1","max-image-preview":"max-image-preview:large","max-video-preview":"max-video-preview:-1"},"canonical":"https:\/\/salesianossp.org.br\/osbomretiro\/danca-do-ventre-folclorica-e-circular-une-criancas-jovens-e-idosos-no-instituto-dom-bosco\/","og_locale":"pt_BR","og_type":"article","og_title":"Dan\u00e7a do ventre, folcl\u00f3rica e circular une crian\u00e7as, jovens e idosos no Instituto Dom Bosco - Instituto Dom Bosco","og_description":"Cultural Itinerante: Dan\u00e7a do Ventre e Linha do Tempo da Dan\u00e7a \u2013 Castelinho Dom Bosco Zona Sul NCI e CJ No primeiro dia de agosto, a turma do NCI e os jovens do CJ participaram do momento: Culturas Itinerante no Castelinho Dom Bosco. O objetivo da a\u00e7\u00e3o \u00e9&nbsp;levar atividades aos bairros e ampliar a democratiza\u00e7\u00e3o [&hellip;]","og_url":"https:\/\/salesianossp.org.br\/osbomretiro\/danca-do-ventre-folclorica-e-circular-une-criancas-jovens-e-idosos-no-instituto-dom-bosco\/","og_site_name":"Instituto Dom Bosco","article_publisher":"https:\/\/www.facebook.com\/InstitutoDomBoscoBomRetiro\/","article_published_time":"2023-08-10T18:54:56+00:00","og_image":[{"width":2560,"height":2560,"url":"https:\/\/salesianossp.org.br\/osbomretiro\/wp-content\/uploads\/2023\/08\/Postagem-IDB-1-2-scaled.png","type":"image\/png"}],"author":"Lucas Rodrigues","twitter_card":"summary_large_image","twitter_misc":{"Escrito por":"Lucas Rodrigues","Est. tempo de leitura":"2 minutos"},"schema":{"@context":"https:\/\/schema.org","@graph":[{"@type":"Article","@id":"https:\/\/salesianossp.org.br\/osbomretiro\/danca-do-ventre-folclorica-e-circular-une-criancas-jovens-e-idosos-no-instituto-dom-bosco\/#article","isPartOf":{"@id":"https:\/\/salesianossp.org.br\/osbomretiro\/danca-do-ventre-folclorica-e-circular-une-criancas-jovens-e-idosos-no-instituto-dom-bosco\/"},"author":{"name":"Lucas Rodrigues","@id":"https:\/\/salesianossp.org.br\/osbomretiro\/#\/schema\/person\/3091f5c85d13f1f81c2eadb190445d2e"},"headline":"Dan\u00e7a do ventre, folcl\u00f3rica e circular une crian\u00e7as, jovens e idosos no Instituto Dom Bosco","datePublished":"2023-08-10T18:54:56+00:00","mainEntityOfPage":{"@id":"https:\/\/salesianossp.org.br\/osbomretiro\/danca-do-ventre-folclorica-e-circular-une-criancas-jovens-e-idosos-no-instituto-dom-bosco\/"},"wordCount":332,"commentCount":0,"publisher":{"@id":"https:\/\/salesianossp.org.br\/osbomretiro\/#organization"},"image":{"@id":"https:\/\/salesianossp.org.br\/osbomretiro\/danca-do-ventre-folclorica-e-circular-une-criancas-jovens-e-idosos-no-instituto-dom-bosco\/#primaryimage"},"thumbnailUrl":"https:\/\/salesianossp.org.br\/osbomretiro\/wp-content\/uploads\/2023\/08\/Postagem-IDB-1-2-scaled.png","articleSection":["Not\u00edcias"],"inLanguage":"pt-BR","potentialAction":[{"@type":"CommentAction","name":"Comment","target":["https:\/\/salesianossp.org.br\/osbomretiro\/danca-do-ventre-folclorica-e-circular-une-criancas-jovens-e-idosos-no-instituto-dom-bosco\/#respond"]}]},{"@type":"WebPage","@id":"https:\/\/salesianossp.org.br\/osbomretiro\/danca-do-ventre-folclorica-e-circular-une-criancas-jovens-e-idosos-no-instituto-dom-bosco\/","url":"https:\/\/salesianossp.org.br\/osbomretiro\/danca-do-ventre-folclorica-e-circular-une-criancas-jovens-e-idosos-no-instituto-dom-bosco\/","name":"Dan\u00e7a do ventre, folcl\u00f3rica e circular une crian\u00e7as, jovens e idosos no Instituto Dom Bosco - Instituto Dom Bosco","isPartOf":{"@id":"https:\/\/salesianossp.org.br\/osbomretiro\/#website"},"primaryImageOfPage":{"@id":"https:\/\/salesianossp.org.br\/osbomretiro\/danca-do-ventre-folclorica-e-circular-une-criancas-jovens-e-idosos-no-instituto-dom-bosco\/#primaryimage"},"image":{"@id":"https:\/\/salesianossp.org.br\/osbomretiro\/danca-do-ventre-folclorica-e-circular-une-criancas-jovens-e-idosos-no-instituto-dom-bosco\/#primaryimage"},"thumbnailUrl":"https:\/\/salesianossp.org.br\/osbomretiro\/wp-content\/uploads\/2023\/08\/Postagem-IDB-1-2-scaled.png","datePublished":"2023-08-10T18:54:56+00:00","breadcrumb":{"@id":"https:\/\/salesianossp.org.br\/osbomretiro\/danca-do-ventre-folclorica-e-circular-une-criancas-jovens-e-idosos-no-instituto-dom-bosco\/#breadcrumb"},"inLanguage":"pt-BR","potentialAction":[{"@type":"ReadAction","target":["https:\/\/salesianossp.org.br\/osbomretiro\/danca-do-ventre-folclorica-e-circular-une-criancas-jovens-e-idosos-no-instituto-dom-bosco\/"]}]},{"@type":"ImageObject","inLanguage":"pt-BR","@id":"https:\/\/salesianossp.org.br\/osbomretiro\/danca-do-ventre-folclorica-e-circular-une-criancas-jovens-e-idosos-no-instituto-dom-bosco\/#primaryimage","url":"https:\/\/salesianossp.org.br\/osbomretiro\/wp-content\/uploads\/2023\/08\/Postagem-IDB-1-2-scaled.png","contentUrl":"https:\/\/salesianossp.org.br\/osbomretiro\/wp-content\/uploads\/2023\/08\/Postagem-IDB-1-2-scaled.png","width":2560,"height":2560},{"@type":"BreadcrumbList","@id":"https:\/\/salesianossp.org.br\/osbomretiro\/danca-do-ventre-folclorica-e-circular-une-criancas-jovens-e-idosos-no-instituto-dom-bosco\/#breadcrumb","itemListElement":[{"@type":"ListItem","position":1,"name":"In\u00edcio","item":"https:\/\/salesianossp.org.br\/osbomretiro\/"},{"@type":"ListItem","position":2,"name":"Dan\u00e7a do ventre, folcl\u00f3rica e circular une crian\u00e7as, jovens e idosos no Instituto Dom Bosco"}]},{"@type":"WebSite","@id":"https:\/\/salesianossp.org.br\/osbomretiro\/#website","url":"https:\/\/salesianossp.org.br\/osbomretiro\/","name":"Instituto Dom Bosco","description":"","publisher":{"@id":"https:\/\/salesianossp.org.br\/osbomretiro\/#organization"},"potentialAction":[{"@type":"SearchAction","target":{"@type":"EntryPoint","urlTemplate":"https:\/\/salesianossp.org.br\/osbomretiro\/?s={search_term_string}"},"query-input":{"@type":"PropertyValueSpecification","valueRequired":true,"valueName":"search_term_string"}}],"inLanguage":"pt-BR"},{"@type":"Organization","@id":"https:\/\/salesianossp.org.br\/osbomretiro\/#organization","name":"Instituto Dom Bosco","url":"https:\/\/salesianossp.org.br\/osbomretiro\/","logo":{"@type":"ImageObject","inLanguage":"pt-BR","@id":"https:\/\/salesianossp.org.br\/osbomretiro\/#\/schema\/logo\/image\/","url":"https:\/\/salesianossp.org.br\/osbomretiro\/wp-content\/uploads\/2025\/10\/logotipo-instituto-dom-bosco-color-56.svg","contentUrl":"https:\/\/salesianossp.org.br\/osbomretiro\/wp-content\/uploads\/2025\/10\/logotipo-instituto-dom-bosco-color-56.svg","width":164,"height":56,"caption":"Instituto Dom Bosco"},"image":{"@id":"https:\/\/salesianossp.org.br\/osbomretiro\/#\/schema\/logo\/image\/"},"sameAs":["https:\/\/www.facebook.com\/InstitutoDomBoscoBomRetiro\/","https:\/\/www.youtube.com\/user\/Institutodb","https:\/\/www.instagram.com\/institutodb\/"]},{"@type":"Person","@id":"https:\/\/salesianossp.org.br\/osbomretiro\/#\/schema\/person\/3091f5c85d13f1f81c2eadb190445d2e","name":"Lucas Rodrigues","image":{"@type":"ImageObject","inLanguage":"pt-BR","@id":"https:\/\/secure.gravatar.com\/avatar\/0ad9c966c6ed3335d7fffe2c3b88880dd298c0817b71e20a6955c38f2a53f746?s=96&d=mm&r=g","url":"https:\/\/secure.gravatar.com\/avatar\/0ad9c966c6ed3335d7fffe2c3b88880dd298c0817b71e20a6955c38f2a53f746?s=96&d=mm&r=g","contentUrl":"https:\/\/secure.gravatar.com\/avatar\/0ad9c966c6ed3335d7fffe2c3b88880dd298c0817b71e20a6955c38f2a53f746?s=96&d=mm&r=g","caption":"Lucas Rodrigues"},"url":"https:\/\/salesianossp.org.br\/osbomretiro\/author\/lucas-rodrigues\/"}]}},"_links":{"self":[{"href":"https:\/\/salesianossp.org.br\/osbomretiro\/wp-json\/wp\/v2\/posts\/5332","targetHints":{"allow":["GET"]}}],"collection":[{"href":"https:\/\/salesianossp.org.br\/osbomretiro\/wp-json\/wp\/v2\/posts"}],"about":[{"href":"https:\/\/salesianossp.org.br\/osbomretiro\/wp-json\/wp\/v2\/types\/post"}],"author":[{"embeddable":true,"href":"https:\/\/salesianossp.org.br\/osbomretiro\/wp-json\/wp\/v2\/users\/27"}],"replies":[{"embeddable":true,"href":"https:\/\/salesianossp.org.br\/osbomretiro\/wp-json\/wp\/v2\/comments?post=5332"}],"version-history":[{"count":0,"href":"https:\/\/salesianossp.org.br\/osbomretiro\/wp-json\/wp\/v2\/posts\/5332\/revisions"}],"wp:featuredmedia":[{"embeddable":true,"href":"https:\/\/salesianossp.org.br\/osbomretiro\/wp-json\/wp\/v2\/media\/5335"}],"wp:attachment":[{"href":"https:\/\/salesianossp.org.br\/osbomretiro\/wp-json\/wp\/v2\/media?parent=5332"}],"wp:term":[{"taxonomy":"category","embeddable":true,"href":"https:\/\/salesianossp.org.br\/osbomretiro\/wp-json\/wp\/v2\/categories?post=5332"},{"taxonomy":"post_tag","embeddable":true,"href":"https:\/\/salesianossp.org.br\/osbomretiro\/wp-json\/wp\/v2\/tags?post=5332"}],"curies":[{"name":"wp","href":"https:\/\/api.w.org\/{rel}","templated":true}]}}