{"id":5611,"date":"2023-10-17T16:09:13","date_gmt":"2023-10-17T19:09:13","guid":{"rendered":"https:\/\/salesianossp.org.br\/osbomretiro\/?p=5611"},"modified":"2023-10-17T16:09:13","modified_gmt":"2023-10-17T19:09:13","slug":"formacoes-com-a-empresa-cummins-bate-papo-no-sesc-sobre-juventudes-audiencia-publica-e-mercado-de-trabalho-no-cedesp-dom-bosco-bom-retiro-e-vila-paulistana","status":"publish","type":"post","link":"https:\/\/salesianossp.org.br\/osbomretiro\/formacoes-com-a-empresa-cummins-bate-papo-no-sesc-sobre-juventudes-audiencia-publica-e-mercado-de-trabalho-no-cedesp-dom-bosco-bom-retiro-e-vila-paulistana\/","title":{"rendered":"Forma\u00e7\u00f5es com a Empresa Cummins, bate-papo no Sesc sobre Juventudes, Audi\u00eancia P\u00fablica e Mercado de Trabalho no CEDESP Dom Bosco Bom Retiro e Vila Paulistana"},"content":{"rendered":"\n<p><strong>IDB participa de Bate-papo no SESC sobre Juventudes: Novas drogas, efeitos e sintomas&nbsp;<\/strong><\/p>\n\n\n\n<p>No dia primeiro do m\u00eas de setembro, Katiane Santana, Educadora Recursos Humanos no CEDESP Bom Retiro participou no Sesc Bom Retiro da Roda de Conversa Juventudes que tratou sobre novas drogas. No momento, esteve presente o Psiquiatra Dr. Fabio Carezzato e a Assistente Social Fernanda Almeida, discutindo sobre estigmas, alarmismo, proibicionismo, entre outros assuntos. A reflex\u00e3o surgiu ap\u00f3s a seguinte frase: \u201c\u00c9 poss\u00edvel ser saud\u00e1vel num mundo t\u00e3o hostil?\u201d V\u00e1rias opini\u00f5es foram expostas. \u201c<em>Infelizmente nem os profissionais da sa\u00fade e \u00e1reas sociais conseguem acompanhar a evolu\u00e7\u00e3o de tantas drogas novas. E, muitas vezes, nem os usu\u00e1rios t\u00eam no\u00e7\u00e3o do que est\u00e3o consumindo. Existem centenas de tipos de canabin\u00f3ides sint\u00e9ticos, apesar do mercado oferecer como spice, k2, k9, mamba negra, zumbi\u2026\u201d<\/em>, declarou <strong>Katiane<\/strong>.<\/p>\n\n\n\n<p><em>Durante a palestra, alguns efeitos e sintomas das diversas drogas foram debatidos:<\/em><\/p>\n\n\n\n<ul class=\"wp-block-list\">\n<li><em>Os efeitos t\u00eam dura\u00e7\u00e3o e intensidade variadas e s\u00e3o:<\/em><\/li>\n\n\n\n<li><em>Euforia, ansiedade, relaxamento ou agita\u00e7\u00e3o;<\/em><\/li>\n\n\n\n<li><em>Altera\u00e7\u00f5es sensoriais e da percep\u00e7\u00e3o do tempo;<\/em><\/li>\n\n\n\n<li><em>Altera\u00e7\u00f5es cognitivas.<\/em><\/li>\n<\/ul>\n\n\n\n<p><em>J\u00e1 os sintomas:<\/em><\/p>\n\n\n\n<ul class=\"wp-block-list\">\n<li><em>Cardiovascular: taquicardia\/braquicardia, hipertens\u00e3o, infarto do mioc\u00e1rdio, arritmia;<\/em><\/li>\n\n\n\n<li><em>Psiqui\u00e1tricas: agita\u00e7\u00e3o, agress\u00e3o, catatonia, paranoia, alucina\u00e7\u00f5es;<\/em><\/li>\n\n\n\n<li><em>Neurol\u00f3gicas: tontura, sonol\u00eancia, convuls\u00f5es, altera\u00e7\u00f5es motoras.<\/em><\/li>\n<\/ul>\n\n\n\n<p>\u201cInfelizmente ainda estamos caminhando a passos cursos para entender quais s\u00e3o as consequ\u00eancias das novas drogas e como frear seu uso. As novas drogas K\u2019s s\u00e3o l\u00edquidas, desenvolvidas em laborat\u00f3rios e seu uso \u00e9 atrav\u00e9s da borrifa\u00e7\u00e3o, por\u00e9m, agora j\u00e1 \u00e9 poss\u00edvel em alguns lugares encontr\u00e1-la em p\u00f3, onde os usu\u00e1rios colocam at\u00e9 em cigarros eletr\u00f4nicos. Lastimavelmente, ainda teremos muitas discuss\u00f5es sobre de quem \u00e9 a responsabilidade pelo controle do uso das drogas: do poder p\u00fablico ou do indiv\u00edduo.\u201d.<\/p>\n\n\n\n<p><strong>Workshop Mec\u00e2nica CEDESP BR<\/strong><\/p>\n\n\n\n<p>Nos 4, 5 e 6 de setembro a turma do curso de Mec\u00e2nica Ciclo Otto participaram do Workshop da Cummins: Familiariza\u00e7\u00e3o em Motores Diesel.&nbsp;<\/p>\n\n\n\n<p>A turma do CEDESP Bom Retiro recebeu Hudson Simoni que ministrou aulas te\u00f3ricas com o tema, onde o objetivo era desenvolver no\u00e7\u00f5es b\u00e1sicas das caracter\u00edsticas de opera\u00e7\u00f5es e funcionamento de motores Cummins ciclo diesel. No segundo dia, foi feito o encerramento da parte te\u00f3rica, com um question\u00e1rio no qual os educandos responderam de forma exemplar, demonstrando qu\u00e3o proveitoso foi a parte te\u00f3rica ministrada por Hudson.<\/p>\n\n\n\n<p><em>\u201cNo dia 6 de Setembro, terceiro dia de Workshop, recebemos o T\u00e9cnico Adilson, que com uma \u00f3tima metodologia e grande conhecimento, nos ministrou aulas pr\u00e1ticas, no que tange diagn\u00f3sticos atrav\u00e9s de ferramentas, man\u00f4metros e t\u00e9cnicas, acerca do sistema de arrefecimento e lubrifica\u00e7\u00e3o dos sistemas dos motores ciclo diesel Cummins.<\/em><\/p>\n\n\n\n<p><em>Os tr\u00eas dias 4, 5 e 6 de Setembro, Nos quais foram realizados o Workshop da Cummins, foram de grande import\u00e2ncia para nossos educandos, vez que, obter conhecimentos t\u00e9cnicos com pessoas de alta qualifica\u00e7\u00e3o como Hudson e Adilson, faz com que os educandos se vislumbrem cada vez mais perto do mercado de trabalho e de novos horizontes na \u00e1rea da repara\u00e7\u00e3o mec\u00e2nica.\u201d<\/em>, <strong>Samir Mourad<\/strong>, Educador do Curso.<\/p>\n\n\n\n<p><em>\u201cAchei as aulas bem interessantes e com muita informa\u00e7\u00e3o. Tirei d\u00favidas e em vista do tempo, foi bem proveitoso. E tamb\u00e9m tivemos acesso ao material!\u201d<\/em>, <strong>Robson Cardoso Pereira<\/strong>, Atendido no Curso.&nbsp;<\/p>\n\n\n\n<p><strong>Workshop Log\u00edstica &#8211; CEDESP VP e BR<\/strong><\/p>\n\n\n\n<p>Nos dias 19 e 20 de setembro, foi realizado pela empresa Cummins no Instituto Dom Bosco o Workshop com o tema de Log\u00edstica, que traz como objetivo a apresenta\u00e7\u00e3o da realidade\/experi\u00eancia da empresa palestrante que atua no mercado h\u00e1 mais de 100 anos, mostrando como operam baseado na log\u00edstica de cadeia de abastecimento. Neste momento participaram as turmas de Log\u00edstica do CEDESP Bom Retiro com o Educador Denis Silva e os Atendidos do CEDESP Vila Paulistana com a Educadora Rachel Albuquerque.<\/p>\n\n\n\n<p><em>\u201cMais uma vez a Cummins trouxe um workshop incr\u00edvel para os usu\u00e1rios que puderam falar das pr\u00f3prias hist\u00f3rias para contribuir com a conversa e dar mais profundidade aos assuntos apresentados!\u201d<\/em>, <strong>Denis Silva<\/strong>, Educador de Log\u00edstica no CEDESP BR.<\/p>\n\n\n\n<p>\u201c<em>A abordagem que os colaboradores da Cummins trazem \u00e9 \u00f3tima e sai dos padr\u00f5es de formalidade, pois \u00e9 na interatividade e na forma confort\u00e1vel que apresentam o conte\u00fado que conseguimos aprender e participar da conversa. Com bons exemplos e hist\u00f3rias a Cummins abriu espa\u00e7o para uma proximidade maior entre n\u00f3s e os Colaboradores, que \u00e9 tamb\u00e9m uma oportunidade para que eles contem suas pr\u00f3prias hist\u00f3rias!\u201d,<\/em><strong><em> <\/em><\/strong><strong>Dafny Alves <\/strong>(15 anos), Atendida no Curso.&nbsp;<\/p>\n\n\n\n<p><em>\u201cO discurso dito pelos colaboradores da Cummins surpreende pela forma diferente e criativa, tentando detalhar ao m\u00e1ximo todas as informa\u00e7\u00f5es. Mesmo com a falha na internet souberam mostrar o passo a passo de como um produto \u00e9 conduzido para a entrega ao cliente.\u201d<\/em><strong> Tais Ximena<\/strong>, (19 anos) Atendida no Curso.&nbsp;<\/p>\n\n\n\n<p><strong>Audi\u00eancia P\u00fablica sobre a revis\u00e3o da portaria 46\/SMADS\/10 &#8211;&nbsp; Constru\u00e7\u00e3o da Tipifica\u00e7\u00e3o Municipal de Servi\u00e7os Socioassistenciais<\/strong><\/p>\n\n\n\n<p>No dia 12 de setembro, no Bunkio \u2013 Sociedade Brasileira de Cultura Japonesa e de Assist\u00eancia Social foi realizada a Audi\u00eancia P\u00fablica sobre a revis\u00e3o da portaria 46\/SMADS\/10. Constru\u00e7\u00e3o da Tipifica\u00e7\u00e3o Municipal de Servi\u00e7os Socioassistenciais, estiveram presentes representantes de servi\u00e7os socioassistenciais, entre eles o CEDESP, e usu\u00e1rios dos servi\u00e7os.<\/p>\n\n\n\n<p>A constru\u00e7\u00e3o da proposta vem desde 2011 e, agora em 2023 aconteceu uma audi\u00eancia p\u00fablica para a discuss\u00e3o das propostas. Nos meses de agosto e setembro desde ano foram enviadas por meio de consulta p\u00fablica quase 3000 propostas para a constru\u00e7\u00e3o da tipifica\u00e7\u00e3o, dessas o CEDESP foi o servi\u00e7o que mais contribuiu. De nosso interesse, foram acrescentadas mais 8 horas t\u00e9cnicas para discuss\u00e3o e qualifica\u00e7\u00e3o do trabalho. Tamb\u00e9m sugerem o aumento de 10% de matriculados para caso haja desist\u00eancia, o n\u00famero de atendidos seja mantido. Alguns dos questionamentos levantados ap\u00f3s a exibi\u00e7\u00e3o das mudan\u00e7as foi a falta de verba para os 10% a mais de usu\u00e1rios proposto pelo conselho, os recursos para acessibilidade que tanto \u00e9 cobrado, o pedido feito pelos representantes do CEDESP para o aumento do rh do CEDESP com assistentes sociais e psic\u00f3logos. O que ficou registrado \u00e9 que todas as queixas, sugest\u00f5es e d\u00favidas dos servi\u00e7os ser\u00e3o levados aos respons\u00e1veis por direito. E, depois haver\u00e1 um retorno das quest\u00f5es discutidas.<\/p>\n\n\n\n<p>A contribui\u00e7\u00e3o dos servi\u00e7os para a constru\u00e7\u00e3o da tipifica\u00e7\u00e3o foi de suma import\u00e2ncia, por\u00e9m, sem a aceita\u00e7\u00e3o das propostas sugeridas n\u00e3o h\u00e1 progresso para os servi\u00e7os e consequentemente para seus usu\u00e1rios. Algumas conquistas foram alcan\u00e7adas, mas o trabalho \u00e9 longo para atingir os objetivos.<\/p>\n\n\n\n<p>Katiane Paes e Regiane Santos<\/p>\n\n\n\n<p><strong>Bate-papo sobre o Mercado de Trabalho no CEDESP Vila Paulistana<\/strong><\/p>\n\n\n\n<p>Na aula de Mundo do Trabalho do CEDESP Vila Paulistana do dia 27 de setembro, a Educadora \u00c2ngela Lopes, contou com a participa\u00e7\u00e3o do Educador e T\u00e9cnico de Aprendizagem Alexandro Mota e os Jovens Aprendizes IDB para falar com a turma sobre os diferentes modelos e contratos de trabalho. Alexandro tamb\u00e9m \u00e9 respons\u00e1vel pelo N\u00facleo de Encaminhamento Profissional do Instituto.<\/p>\n\n\n\n<p><strong><em><a href=\"https:\/\/www.facebook.com\/InstitutoDomBoscoBomRetiro\" data-type=\"link\" data-id=\"https:\/\/www.facebook.com\/InstitutoDomBoscoBomRetiro\">Clique aqui para ver todas as fotos <\/a><\/em><\/strong><\/p>\n","protected":false},"excerpt":{"rendered":"<p>IDB participa de Bate-papo no SESC sobre Juventudes: Novas drogas, efeitos e sintomas&nbsp; No dia primeiro do m\u00eas de setembro, Katiane Santana, Educadora Recursos Humanos no CEDESP Bom Retiro participou no Sesc Bom Retiro da Roda de Conversa Juventudes que tratou sobre novas drogas. No momento, esteve presente o Psiquiatra Dr. Fabio Carezzato e a [&hellip;]<\/p>\n","protected":false},"author":27,"featured_media":5614,"comment_status":"open","ping_status":"open","sticky":false,"template":"","format":"standard","meta":{"footnotes":""},"categories":[59],"tags":[],"class_list":["post-5611","post","type-post","status-publish","format-standard","has-post-thumbnail","hentry","category-noticias"],"yoast_head":"<!-- This site is optimized with the Yoast SEO plugin v27.3 - https:\/\/yoast.com\/product\/yoast-seo-wordpress\/ -->\n<title>Forma\u00e7\u00f5es com a Empresa Cummins, bate-papo no Sesc sobre Juventudes, Audi\u00eancia P\u00fablica e Mercado de Trabalho no CEDESP Dom Bosco Bom Retiro e Vila Paulistana - Instituto Dom Bosco<\/title>\n<meta name=\"robots\" content=\"index, follow, max-snippet:-1, max-image-preview:large, max-video-preview:-1\" \/>\n<link rel=\"canonical\" href=\"https:\/\/salesianossp.org.br\/osbomretiro\/formacoes-com-a-empresa-cummins-bate-papo-no-sesc-sobre-juventudes-audiencia-publica-e-mercado-de-trabalho-no-cedesp-dom-bosco-bom-retiro-e-vila-paulistana\/\" \/>\n<meta property=\"og:locale\" content=\"pt_BR\" \/>\n<meta property=\"og:type\" content=\"article\" \/>\n<meta property=\"og:title\" content=\"Forma\u00e7\u00f5es com a Empresa Cummins, bate-papo no Sesc sobre Juventudes, Audi\u00eancia P\u00fablica e Mercado de Trabalho no CEDESP Dom Bosco Bom Retiro e Vila Paulistana - Instituto Dom Bosco\" \/>\n<meta property=\"og:description\" content=\"IDB participa de Bate-papo no SESC sobre Juventudes: Novas drogas, efeitos e sintomas&nbsp; No dia primeiro do m\u00eas de setembro, Katiane Santana, Educadora Recursos Humanos no CEDESP Bom Retiro participou no Sesc Bom Retiro da Roda de Conversa Juventudes que tratou sobre novas drogas. No momento, esteve presente o Psiquiatra Dr. Fabio Carezzato e a [&hellip;]\" \/>\n<meta property=\"og:url\" content=\"https:\/\/salesianossp.org.br\/osbomretiro\/formacoes-com-a-empresa-cummins-bate-papo-no-sesc-sobre-juventudes-audiencia-publica-e-mercado-de-trabalho-no-cedesp-dom-bosco-bom-retiro-e-vila-paulistana\/\" \/>\n<meta property=\"og:site_name\" content=\"Instituto Dom Bosco\" \/>\n<meta property=\"article:publisher\" content=\"https:\/\/www.facebook.com\/InstitutoDomBoscoBomRetiro\/\" \/>\n<meta property=\"article:published_time\" content=\"2023-10-17T19:09:13+00:00\" \/>\n<meta property=\"og:image\" content=\"https:\/\/salesianossp.org.br\/osbomretiro\/wp-content\/uploads\/2023\/10\/Postagem-IDB-1-3-1024x1024.png\" \/>\n\t<meta property=\"og:image:width\" content=\"1024\" \/>\n\t<meta property=\"og:image:height\" content=\"1024\" \/>\n\t<meta property=\"og:image:type\" content=\"image\/png\" \/>\n<meta name=\"author\" content=\"Lucas Rodrigues\" \/>\n<meta name=\"twitter:card\" content=\"summary_large_image\" \/>\n<meta name=\"twitter:label1\" content=\"Escrito por\" \/>\n\t<meta name=\"twitter:data1\" content=\"Lucas Rodrigues\" \/>\n\t<meta name=\"twitter:label2\" content=\"Est. tempo de leitura\" \/>\n\t<meta name=\"twitter:data2\" content=\"6 minutos\" \/>\n<script type=\"application\/ld+json\" class=\"yoast-schema-graph\">{\"@context\":\"https:\\\/\\\/schema.org\",\"@graph\":[{\"@type\":\"Article\",\"@id\":\"https:\\\/\\\/salesianossp.org.br\\\/osbomretiro\\\/formacoes-com-a-empresa-cummins-bate-papo-no-sesc-sobre-juventudes-audiencia-publica-e-mercado-de-trabalho-no-cedesp-dom-bosco-bom-retiro-e-vila-paulistana\\\/#article\",\"isPartOf\":{\"@id\":\"https:\\\/\\\/salesianossp.org.br\\\/osbomretiro\\\/formacoes-com-a-empresa-cummins-bate-papo-no-sesc-sobre-juventudes-audiencia-publica-e-mercado-de-trabalho-no-cedesp-dom-bosco-bom-retiro-e-vila-paulistana\\\/\"},\"author\":{\"name\":\"Lucas Rodrigues\",\"@id\":\"https:\\\/\\\/salesianossp.org.br\\\/osbomretiro\\\/#\\\/schema\\\/person\\\/3091f5c85d13f1f81c2eadb190445d2e\"},\"headline\":\"Forma\u00e7\u00f5es com a Empresa Cummins, bate-papo no Sesc sobre Juventudes, Audi\u00eancia P\u00fablica e Mercado de Trabalho no CEDESP Dom Bosco Bom Retiro e Vila Paulistana\",\"datePublished\":\"2023-10-17T19:09:13+00:00\",\"mainEntityOfPage\":{\"@id\":\"https:\\\/\\\/salesianossp.org.br\\\/osbomretiro\\\/formacoes-com-a-empresa-cummins-bate-papo-no-sesc-sobre-juventudes-audiencia-publica-e-mercado-de-trabalho-no-cedesp-dom-bosco-bom-retiro-e-vila-paulistana\\\/\"},\"wordCount\":1273,\"commentCount\":0,\"publisher\":{\"@id\":\"https:\\\/\\\/salesianossp.org.br\\\/osbomretiro\\\/#organization\"},\"image\":{\"@id\":\"https:\\\/\\\/salesianossp.org.br\\\/osbomretiro\\\/formacoes-com-a-empresa-cummins-bate-papo-no-sesc-sobre-juventudes-audiencia-publica-e-mercado-de-trabalho-no-cedesp-dom-bosco-bom-retiro-e-vila-paulistana\\\/#primaryimage\"},\"thumbnailUrl\":\"https:\\\/\\\/salesianossp.org.br\\\/osbomretiro\\\/wp-content\\\/uploads\\\/2023\\\/10\\\/Postagem-IDB-1-3-scaled.png\",\"articleSection\":[\"Not\u00edcias\"],\"inLanguage\":\"pt-BR\",\"potentialAction\":[{\"@type\":\"CommentAction\",\"name\":\"Comment\",\"target\":[\"https:\\\/\\\/salesianossp.org.br\\\/osbomretiro\\\/formacoes-com-a-empresa-cummins-bate-papo-no-sesc-sobre-juventudes-audiencia-publica-e-mercado-de-trabalho-no-cedesp-dom-bosco-bom-retiro-e-vila-paulistana\\\/#respond\"]}]},{\"@type\":\"WebPage\",\"@id\":\"https:\\\/\\\/salesianossp.org.br\\\/osbomretiro\\\/formacoes-com-a-empresa-cummins-bate-papo-no-sesc-sobre-juventudes-audiencia-publica-e-mercado-de-trabalho-no-cedesp-dom-bosco-bom-retiro-e-vila-paulistana\\\/\",\"url\":\"https:\\\/\\\/salesianossp.org.br\\\/osbomretiro\\\/formacoes-com-a-empresa-cummins-bate-papo-no-sesc-sobre-juventudes-audiencia-publica-e-mercado-de-trabalho-no-cedesp-dom-bosco-bom-retiro-e-vila-paulistana\\\/\",\"name\":\"Forma\u00e7\u00f5es com a Empresa Cummins, bate-papo no Sesc sobre Juventudes, Audi\u00eancia P\u00fablica e Mercado de Trabalho no CEDESP Dom Bosco Bom Retiro e Vila Paulistana - Instituto Dom Bosco\",\"isPartOf\":{\"@id\":\"https:\\\/\\\/salesianossp.org.br\\\/osbomretiro\\\/#website\"},\"primaryImageOfPage\":{\"@id\":\"https:\\\/\\\/salesianossp.org.br\\\/osbomretiro\\\/formacoes-com-a-empresa-cummins-bate-papo-no-sesc-sobre-juventudes-audiencia-publica-e-mercado-de-trabalho-no-cedesp-dom-bosco-bom-retiro-e-vila-paulistana\\\/#primaryimage\"},\"image\":{\"@id\":\"https:\\\/\\\/salesianossp.org.br\\\/osbomretiro\\\/formacoes-com-a-empresa-cummins-bate-papo-no-sesc-sobre-juventudes-audiencia-publica-e-mercado-de-trabalho-no-cedesp-dom-bosco-bom-retiro-e-vila-paulistana\\\/#primaryimage\"},\"thumbnailUrl\":\"https:\\\/\\\/salesianossp.org.br\\\/osbomretiro\\\/wp-content\\\/uploads\\\/2023\\\/10\\\/Postagem-IDB-1-3-scaled.png\",\"datePublished\":\"2023-10-17T19:09:13+00:00\",\"breadcrumb\":{\"@id\":\"https:\\\/\\\/salesianossp.org.br\\\/osbomretiro\\\/formacoes-com-a-empresa-cummins-bate-papo-no-sesc-sobre-juventudes-audiencia-publica-e-mercado-de-trabalho-no-cedesp-dom-bosco-bom-retiro-e-vila-paulistana\\\/#breadcrumb\"},\"inLanguage\":\"pt-BR\",\"potentialAction\":[{\"@type\":\"ReadAction\",\"target\":[\"https:\\\/\\\/salesianossp.org.br\\\/osbomretiro\\\/formacoes-com-a-empresa-cummins-bate-papo-no-sesc-sobre-juventudes-audiencia-publica-e-mercado-de-trabalho-no-cedesp-dom-bosco-bom-retiro-e-vila-paulistana\\\/\"]}]},{\"@type\":\"ImageObject\",\"inLanguage\":\"pt-BR\",\"@id\":\"https:\\\/\\\/salesianossp.org.br\\\/osbomretiro\\\/formacoes-com-a-empresa-cummins-bate-papo-no-sesc-sobre-juventudes-audiencia-publica-e-mercado-de-trabalho-no-cedesp-dom-bosco-bom-retiro-e-vila-paulistana\\\/#primaryimage\",\"url\":\"https:\\\/\\\/salesianossp.org.br\\\/osbomretiro\\\/wp-content\\\/uploads\\\/2023\\\/10\\\/Postagem-IDB-1-3-scaled.png\",\"contentUrl\":\"https:\\\/\\\/salesianossp.org.br\\\/osbomretiro\\\/wp-content\\\/uploads\\\/2023\\\/10\\\/Postagem-IDB-1-3-scaled.png\",\"width\":2560,\"height\":2560},{\"@type\":\"BreadcrumbList\",\"@id\":\"https:\\\/\\\/salesianossp.org.br\\\/osbomretiro\\\/formacoes-com-a-empresa-cummins-bate-papo-no-sesc-sobre-juventudes-audiencia-publica-e-mercado-de-trabalho-no-cedesp-dom-bosco-bom-retiro-e-vila-paulistana\\\/#breadcrumb\",\"itemListElement\":[{\"@type\":\"ListItem\",\"position\":1,\"name\":\"In\u00edcio\",\"item\":\"https:\\\/\\\/salesianossp.org.br\\\/osbomretiro\\\/\"},{\"@type\":\"ListItem\",\"position\":2,\"name\":\"Forma\u00e7\u00f5es com a Empresa Cummins, bate-papo no Sesc sobre Juventudes, Audi\u00eancia P\u00fablica e Mercado de Trabalho no CEDESP Dom Bosco Bom Retiro e Vila Paulistana\"}]},{\"@type\":\"WebSite\",\"@id\":\"https:\\\/\\\/salesianossp.org.br\\\/osbomretiro\\\/#website\",\"url\":\"https:\\\/\\\/salesianossp.org.br\\\/osbomretiro\\\/\",\"name\":\"Instituto Dom Bosco\",\"description\":\"\",\"publisher\":{\"@id\":\"https:\\\/\\\/salesianossp.org.br\\\/osbomretiro\\\/#organization\"},\"potentialAction\":[{\"@type\":\"SearchAction\",\"target\":{\"@type\":\"EntryPoint\",\"urlTemplate\":\"https:\\\/\\\/salesianossp.org.br\\\/osbomretiro\\\/?s={search_term_string}\"},\"query-input\":{\"@type\":\"PropertyValueSpecification\",\"valueRequired\":true,\"valueName\":\"search_term_string\"}}],\"inLanguage\":\"pt-BR\"},{\"@type\":\"Organization\",\"@id\":\"https:\\\/\\\/salesianossp.org.br\\\/osbomretiro\\\/#organization\",\"name\":\"Instituto Dom Bosco\",\"url\":\"https:\\\/\\\/salesianossp.org.br\\\/osbomretiro\\\/\",\"logo\":{\"@type\":\"ImageObject\",\"inLanguage\":\"pt-BR\",\"@id\":\"https:\\\/\\\/salesianossp.org.br\\\/osbomretiro\\\/#\\\/schema\\\/logo\\\/image\\\/\",\"url\":\"https:\\\/\\\/salesianossp.org.br\\\/osbomretiro\\\/wp-content\\\/uploads\\\/2025\\\/10\\\/logotipo-instituto-dom-bosco-color-56.svg\",\"contentUrl\":\"https:\\\/\\\/salesianossp.org.br\\\/osbomretiro\\\/wp-content\\\/uploads\\\/2025\\\/10\\\/logotipo-instituto-dom-bosco-color-56.svg\",\"width\":164,\"height\":56,\"caption\":\"Instituto Dom Bosco\"},\"image\":{\"@id\":\"https:\\\/\\\/salesianossp.org.br\\\/osbomretiro\\\/#\\\/schema\\\/logo\\\/image\\\/\"},\"sameAs\":[\"https:\\\/\\\/www.facebook.com\\\/InstitutoDomBoscoBomRetiro\\\/\",\"https:\\\/\\\/www.youtube.com\\\/user\\\/Institutodb\",\"https:\\\/\\\/www.instagram.com\\\/institutodb\\\/\"]},{\"@type\":\"Person\",\"@id\":\"https:\\\/\\\/salesianossp.org.br\\\/osbomretiro\\\/#\\\/schema\\\/person\\\/3091f5c85d13f1f81c2eadb190445d2e\",\"name\":\"Lucas Rodrigues\",\"image\":{\"@type\":\"ImageObject\",\"inLanguage\":\"pt-BR\",\"@id\":\"https:\\\/\\\/secure.gravatar.com\\\/avatar\\\/0ad9c966c6ed3335d7fffe2c3b88880dd298c0817b71e20a6955c38f2a53f746?s=96&d=mm&r=g\",\"url\":\"https:\\\/\\\/secure.gravatar.com\\\/avatar\\\/0ad9c966c6ed3335d7fffe2c3b88880dd298c0817b71e20a6955c38f2a53f746?s=96&d=mm&r=g\",\"contentUrl\":\"https:\\\/\\\/secure.gravatar.com\\\/avatar\\\/0ad9c966c6ed3335d7fffe2c3b88880dd298c0817b71e20a6955c38f2a53f746?s=96&d=mm&r=g\",\"caption\":\"Lucas Rodrigues\"},\"url\":\"https:\\\/\\\/salesianossp.org.br\\\/osbomretiro\\\/author\\\/lucas-rodrigues\\\/\"}]}<\/script>\n<!-- \/ Yoast SEO plugin. -->","yoast_head_json":{"title":"Forma\u00e7\u00f5es com a Empresa Cummins, bate-papo no Sesc sobre Juventudes, Audi\u00eancia P\u00fablica e Mercado de Trabalho no CEDESP Dom Bosco Bom Retiro e Vila Paulistana - Instituto Dom Bosco","robots":{"index":"index","follow":"follow","max-snippet":"max-snippet:-1","max-image-preview":"max-image-preview:large","max-video-preview":"max-video-preview:-1"},"canonical":"https:\/\/salesianossp.org.br\/osbomretiro\/formacoes-com-a-empresa-cummins-bate-papo-no-sesc-sobre-juventudes-audiencia-publica-e-mercado-de-trabalho-no-cedesp-dom-bosco-bom-retiro-e-vila-paulistana\/","og_locale":"pt_BR","og_type":"article","og_title":"Forma\u00e7\u00f5es com a Empresa Cummins, bate-papo no Sesc sobre Juventudes, Audi\u00eancia P\u00fablica e Mercado de Trabalho no CEDESP Dom Bosco Bom Retiro e Vila Paulistana - Instituto Dom Bosco","og_description":"IDB participa de Bate-papo no SESC sobre Juventudes: Novas drogas, efeitos e sintomas&nbsp; No dia primeiro do m\u00eas de setembro, Katiane Santana, Educadora Recursos Humanos no CEDESP Bom Retiro participou no Sesc Bom Retiro da Roda de Conversa Juventudes que tratou sobre novas drogas. No momento, esteve presente o Psiquiatra Dr. Fabio Carezzato e a [&hellip;]","og_url":"https:\/\/salesianossp.org.br\/osbomretiro\/formacoes-com-a-empresa-cummins-bate-papo-no-sesc-sobre-juventudes-audiencia-publica-e-mercado-de-trabalho-no-cedesp-dom-bosco-bom-retiro-e-vila-paulistana\/","og_site_name":"Instituto Dom Bosco","article_publisher":"https:\/\/www.facebook.com\/InstitutoDomBoscoBomRetiro\/","article_published_time":"2023-10-17T19:09:13+00:00","og_image":[{"width":1024,"height":1024,"url":"https:\/\/salesianossp.org.br\/osbomretiro\/wp-content\/uploads\/2023\/10\/Postagem-IDB-1-3-1024x1024.png","type":"image\/png"}],"author":"Lucas Rodrigues","twitter_card":"summary_large_image","twitter_misc":{"Escrito por":"Lucas Rodrigues","Est. tempo de leitura":"6 minutos"},"schema":{"@context":"https:\/\/schema.org","@graph":[{"@type":"Article","@id":"https:\/\/salesianossp.org.br\/osbomretiro\/formacoes-com-a-empresa-cummins-bate-papo-no-sesc-sobre-juventudes-audiencia-publica-e-mercado-de-trabalho-no-cedesp-dom-bosco-bom-retiro-e-vila-paulistana\/#article","isPartOf":{"@id":"https:\/\/salesianossp.org.br\/osbomretiro\/formacoes-com-a-empresa-cummins-bate-papo-no-sesc-sobre-juventudes-audiencia-publica-e-mercado-de-trabalho-no-cedesp-dom-bosco-bom-retiro-e-vila-paulistana\/"},"author":{"name":"Lucas Rodrigues","@id":"https:\/\/salesianossp.org.br\/osbomretiro\/#\/schema\/person\/3091f5c85d13f1f81c2eadb190445d2e"},"headline":"Forma\u00e7\u00f5es com a Empresa Cummins, bate-papo no Sesc sobre Juventudes, Audi\u00eancia P\u00fablica e Mercado de Trabalho no CEDESP Dom Bosco Bom Retiro e Vila Paulistana","datePublished":"2023-10-17T19:09:13+00:00","mainEntityOfPage":{"@id":"https:\/\/salesianossp.org.br\/osbomretiro\/formacoes-com-a-empresa-cummins-bate-papo-no-sesc-sobre-juventudes-audiencia-publica-e-mercado-de-trabalho-no-cedesp-dom-bosco-bom-retiro-e-vila-paulistana\/"},"wordCount":1273,"commentCount":0,"publisher":{"@id":"https:\/\/salesianossp.org.br\/osbomretiro\/#organization"},"image":{"@id":"https:\/\/salesianossp.org.br\/osbomretiro\/formacoes-com-a-empresa-cummins-bate-papo-no-sesc-sobre-juventudes-audiencia-publica-e-mercado-de-trabalho-no-cedesp-dom-bosco-bom-retiro-e-vila-paulistana\/#primaryimage"},"thumbnailUrl":"https:\/\/salesianossp.org.br\/osbomretiro\/wp-content\/uploads\/2023\/10\/Postagem-IDB-1-3-scaled.png","articleSection":["Not\u00edcias"],"inLanguage":"pt-BR","potentialAction":[{"@type":"CommentAction","name":"Comment","target":["https:\/\/salesianossp.org.br\/osbomretiro\/formacoes-com-a-empresa-cummins-bate-papo-no-sesc-sobre-juventudes-audiencia-publica-e-mercado-de-trabalho-no-cedesp-dom-bosco-bom-retiro-e-vila-paulistana\/#respond"]}]},{"@type":"WebPage","@id":"https:\/\/salesianossp.org.br\/osbomretiro\/formacoes-com-a-empresa-cummins-bate-papo-no-sesc-sobre-juventudes-audiencia-publica-e-mercado-de-trabalho-no-cedesp-dom-bosco-bom-retiro-e-vila-paulistana\/","url":"https:\/\/salesianossp.org.br\/osbomretiro\/formacoes-com-a-empresa-cummins-bate-papo-no-sesc-sobre-juventudes-audiencia-publica-e-mercado-de-trabalho-no-cedesp-dom-bosco-bom-retiro-e-vila-paulistana\/","name":"Forma\u00e7\u00f5es com a Empresa Cummins, bate-papo no Sesc sobre Juventudes, Audi\u00eancia P\u00fablica e Mercado de Trabalho no CEDESP Dom Bosco Bom Retiro e Vila Paulistana - Instituto Dom Bosco","isPartOf":{"@id":"https:\/\/salesianossp.org.br\/osbomretiro\/#website"},"primaryImageOfPage":{"@id":"https:\/\/salesianossp.org.br\/osbomretiro\/formacoes-com-a-empresa-cummins-bate-papo-no-sesc-sobre-juventudes-audiencia-publica-e-mercado-de-trabalho-no-cedesp-dom-bosco-bom-retiro-e-vila-paulistana\/#primaryimage"},"image":{"@id":"https:\/\/salesianossp.org.br\/osbomretiro\/formacoes-com-a-empresa-cummins-bate-papo-no-sesc-sobre-juventudes-audiencia-publica-e-mercado-de-trabalho-no-cedesp-dom-bosco-bom-retiro-e-vila-paulistana\/#primaryimage"},"thumbnailUrl":"https:\/\/salesianossp.org.br\/osbomretiro\/wp-content\/uploads\/2023\/10\/Postagem-IDB-1-3-scaled.png","datePublished":"2023-10-17T19:09:13+00:00","breadcrumb":{"@id":"https:\/\/salesianossp.org.br\/osbomretiro\/formacoes-com-a-empresa-cummins-bate-papo-no-sesc-sobre-juventudes-audiencia-publica-e-mercado-de-trabalho-no-cedesp-dom-bosco-bom-retiro-e-vila-paulistana\/#breadcrumb"},"inLanguage":"pt-BR","potentialAction":[{"@type":"ReadAction","target":["https:\/\/salesianossp.org.br\/osbomretiro\/formacoes-com-a-empresa-cummins-bate-papo-no-sesc-sobre-juventudes-audiencia-publica-e-mercado-de-trabalho-no-cedesp-dom-bosco-bom-retiro-e-vila-paulistana\/"]}]},{"@type":"ImageObject","inLanguage":"pt-BR","@id":"https:\/\/salesianossp.org.br\/osbomretiro\/formacoes-com-a-empresa-cummins-bate-papo-no-sesc-sobre-juventudes-audiencia-publica-e-mercado-de-trabalho-no-cedesp-dom-bosco-bom-retiro-e-vila-paulistana\/#primaryimage","url":"https:\/\/salesianossp.org.br\/osbomretiro\/wp-content\/uploads\/2023\/10\/Postagem-IDB-1-3-scaled.png","contentUrl":"https:\/\/salesianossp.org.br\/osbomretiro\/wp-content\/uploads\/2023\/10\/Postagem-IDB-1-3-scaled.png","width":2560,"height":2560},{"@type":"BreadcrumbList","@id":"https:\/\/salesianossp.org.br\/osbomretiro\/formacoes-com-a-empresa-cummins-bate-papo-no-sesc-sobre-juventudes-audiencia-publica-e-mercado-de-trabalho-no-cedesp-dom-bosco-bom-retiro-e-vila-paulistana\/#breadcrumb","itemListElement":[{"@type":"ListItem","position":1,"name":"In\u00edcio","item":"https:\/\/salesianossp.org.br\/osbomretiro\/"},{"@type":"ListItem","position":2,"name":"Forma\u00e7\u00f5es com a Empresa Cummins, bate-papo no Sesc sobre Juventudes, Audi\u00eancia P\u00fablica e Mercado de Trabalho no CEDESP Dom Bosco Bom Retiro e Vila Paulistana"}]},{"@type":"WebSite","@id":"https:\/\/salesianossp.org.br\/osbomretiro\/#website","url":"https:\/\/salesianossp.org.br\/osbomretiro\/","name":"Instituto Dom Bosco","description":"","publisher":{"@id":"https:\/\/salesianossp.org.br\/osbomretiro\/#organization"},"potentialAction":[{"@type":"SearchAction","target":{"@type":"EntryPoint","urlTemplate":"https:\/\/salesianossp.org.br\/osbomretiro\/?s={search_term_string}"},"query-input":{"@type":"PropertyValueSpecification","valueRequired":true,"valueName":"search_term_string"}}],"inLanguage":"pt-BR"},{"@type":"Organization","@id":"https:\/\/salesianossp.org.br\/osbomretiro\/#organization","name":"Instituto Dom Bosco","url":"https:\/\/salesianossp.org.br\/osbomretiro\/","logo":{"@type":"ImageObject","inLanguage":"pt-BR","@id":"https:\/\/salesianossp.org.br\/osbomretiro\/#\/schema\/logo\/image\/","url":"https:\/\/salesianossp.org.br\/osbomretiro\/wp-content\/uploads\/2025\/10\/logotipo-instituto-dom-bosco-color-56.svg","contentUrl":"https:\/\/salesianossp.org.br\/osbomretiro\/wp-content\/uploads\/2025\/10\/logotipo-instituto-dom-bosco-color-56.svg","width":164,"height":56,"caption":"Instituto Dom Bosco"},"image":{"@id":"https:\/\/salesianossp.org.br\/osbomretiro\/#\/schema\/logo\/image\/"},"sameAs":["https:\/\/www.facebook.com\/InstitutoDomBoscoBomRetiro\/","https:\/\/www.youtube.com\/user\/Institutodb","https:\/\/www.instagram.com\/institutodb\/"]},{"@type":"Person","@id":"https:\/\/salesianossp.org.br\/osbomretiro\/#\/schema\/person\/3091f5c85d13f1f81c2eadb190445d2e","name":"Lucas Rodrigues","image":{"@type":"ImageObject","inLanguage":"pt-BR","@id":"https:\/\/secure.gravatar.com\/avatar\/0ad9c966c6ed3335d7fffe2c3b88880dd298c0817b71e20a6955c38f2a53f746?s=96&d=mm&r=g","url":"https:\/\/secure.gravatar.com\/avatar\/0ad9c966c6ed3335d7fffe2c3b88880dd298c0817b71e20a6955c38f2a53f746?s=96&d=mm&r=g","contentUrl":"https:\/\/secure.gravatar.com\/avatar\/0ad9c966c6ed3335d7fffe2c3b88880dd298c0817b71e20a6955c38f2a53f746?s=96&d=mm&r=g","caption":"Lucas Rodrigues"},"url":"https:\/\/salesianossp.org.br\/osbomretiro\/author\/lucas-rodrigues\/"}]}},"_links":{"self":[{"href":"https:\/\/salesianossp.org.br\/osbomretiro\/wp-json\/wp\/v2\/posts\/5611","targetHints":{"allow":["GET"]}}],"collection":[{"href":"https:\/\/salesianossp.org.br\/osbomretiro\/wp-json\/wp\/v2\/posts"}],"about":[{"href":"https:\/\/salesianossp.org.br\/osbomretiro\/wp-json\/wp\/v2\/types\/post"}],"author":[{"embeddable":true,"href":"https:\/\/salesianossp.org.br\/osbomretiro\/wp-json\/wp\/v2\/users\/27"}],"replies":[{"embeddable":true,"href":"https:\/\/salesianossp.org.br\/osbomretiro\/wp-json\/wp\/v2\/comments?post=5611"}],"version-history":[{"count":0,"href":"https:\/\/salesianossp.org.br\/osbomretiro\/wp-json\/wp\/v2\/posts\/5611\/revisions"}],"wp:featuredmedia":[{"embeddable":true,"href":"https:\/\/salesianossp.org.br\/osbomretiro\/wp-json\/wp\/v2\/media\/5614"}],"wp:attachment":[{"href":"https:\/\/salesianossp.org.br\/osbomretiro\/wp-json\/wp\/v2\/media?parent=5611"}],"wp:term":[{"taxonomy":"category","embeddable":true,"href":"https:\/\/salesianossp.org.br\/osbomretiro\/wp-json\/wp\/v2\/categories?post=5611"},{"taxonomy":"post_tag","embeddable":true,"href":"https:\/\/salesianossp.org.br\/osbomretiro\/wp-json\/wp\/v2\/tags?post=5611"}],"curies":[{"name":"wp","href":"https:\/\/api.w.org\/{rel}","templated":true}]}}