{"id":5660,"date":"2023-11-07T12:03:51","date_gmt":"2023-11-07T15:03:51","guid":{"rendered":"https:\/\/salesianossp.org.br\/osbomretiro\/?p=5660"},"modified":"2023-11-07T12:03:51","modified_gmt":"2023-11-07T15:03:51","slug":"outubro-do-cca-provim-bom-retiro","status":"publish","type":"post","link":"https:\/\/salesianossp.org.br\/osbomretiro\/outubro-do-cca-provim-bom-retiro\/","title":{"rendered":"Outubro do CCA PROVIM Bom Retiro"},"content":{"rendered":"\n<p>No m\u00eas da crian\u00e7a a Oficineira L\u00edgia &#8220;Arteira&#8221; Santana, seguiu na descoberta de talentos do CCA PROVIM, com a oficina de confec\u00e7\u00e3o de bonecas de pano, as crian\u00e7as desenvolveram habilidades motora e muita criatividade. Em Arte e Madeira, muita anima\u00e7\u00e3o e cores para as produ\u00e7\u00f5es. Al\u00e9m disso, as M\u00e3es tamb\u00e9m puderam relembrar a inf\u00e2ncia na oficina proposta pela Educadora: a confec\u00e7\u00e3o da brincadeira Cinco Marias. L\u00edgia, trabalhou tamb\u00e9m o respeito ao meio ambiente na constru\u00e7\u00e3o do Vai-Vem para a Horta com garrafas pet!<\/p>\n\n\n\n<p>Durante as atividades do m\u00eas muita divers\u00e3o para celebrar as crian\u00e7as, trabalhando nas mais diversas disciplinas a import\u00e2ncia de brincar sem preconceito. Na Oficina de Tecnologias e M\u00eddias Digitais os Atendidos aprenderam a utilizar as diversas fontes que o pacote Office apresenta. A Avalia\u00e7\u00e3o do CCA PROVIM &#8211; Segundo semestre, segue sendo trabalhada com todas as turmas, sobre:&#8221;O que te deixa feliz e o que te deixa triste no CCA PROVIM&#8221; &#8211; conduzidos pela educadora Naiana Santos. Ah! Muito \u00e2nimo para os ensaios do FEST que aconteceram no m\u00eas com o Educador Demetrio Furlan.&nbsp;<\/p>\n\n\n\n<p><strong>Falando em Parcerias\u2026<\/strong><\/p>\n\n\n\n<p>Hora do conto on-line, em parceria com a BSP Leituras, trouxe hist\u00f3rias africanas com Kiara Terra.<br>Na proposta da Revista Qual\u00e9 &#8211; Qual o meu papel na preserva\u00e7\u00e3o do meio ambiente? Os Educandos constru\u00edram garrafas sensoriais que auxiliam no desenvolvimento da coordena\u00e7\u00e3o motora fina, concentra\u00e7\u00e3o e estimulam a observa\u00e7\u00e3o e experimenta\u00e7\u00e3o, al\u00e9m da conscientiza\u00e7\u00e3o sobre os cuidados com o meio em que vivemos e sobre as outras formas de vida.<\/p>\n\n\n\n<p><strong><em><a href=\"https:\/\/www.facebook.com\/media\/set\/?vanity=InstitutoDomBoscoBomRetiro&amp;set=a.812823037514179\" data-type=\"link\" data-id=\"https:\/\/www.facebook.com\/media\/set\/?vanity=InstitutoDomBoscoBomRetiro&amp;set=a.812823037514179\">Clique aqui para ver todas as fotos<\/a> <\/em><\/strong><\/p>\n","protected":false},"excerpt":{"rendered":"<p>No m\u00eas da crian\u00e7a a Oficineira L\u00edgia &#8220;Arteira&#8221; Santana, seguiu na descoberta de talentos do CCA PROVIM, com a oficina de confec\u00e7\u00e3o de bonecas de pano, as crian\u00e7as desenvolveram habilidades motora e muita criatividade. Em Arte e Madeira, muita anima\u00e7\u00e3o e cores para as produ\u00e7\u00f5es. Al\u00e9m disso, as M\u00e3es tamb\u00e9m puderam relembrar a inf\u00e2ncia na [&hellip;]<\/p>\n","protected":false},"author":27,"featured_media":5666,"comment_status":"open","ping_status":"open","sticky":false,"template":"","format":"standard","meta":{"footnotes":""},"categories":[59],"tags":[],"class_list":["post-5660","post","type-post","status-publish","format-standard","has-post-thumbnail","hentry","category-noticias"],"yoast_head":"<!-- This site is optimized with the Yoast SEO plugin v27.3 - https:\/\/yoast.com\/product\/yoast-seo-wordpress\/ -->\n<title>Outubro do CCA PROVIM Bom Retiro - Instituto Dom Bosco<\/title>\n<meta name=\"robots\" content=\"index, follow, max-snippet:-1, max-image-preview:large, max-video-preview:-1\" \/>\n<link rel=\"canonical\" href=\"https:\/\/salesianossp.org.br\/osbomretiro\/outubro-do-cca-provim-bom-retiro\/\" \/>\n<meta property=\"og:locale\" content=\"pt_BR\" \/>\n<meta property=\"og:type\" content=\"article\" \/>\n<meta property=\"og:title\" content=\"Outubro do CCA PROVIM Bom Retiro - Instituto Dom Bosco\" \/>\n<meta property=\"og:description\" content=\"No m\u00eas da crian\u00e7a a Oficineira L\u00edgia &#8220;Arteira&#8221; Santana, seguiu na descoberta de talentos do CCA PROVIM, com a oficina de confec\u00e7\u00e3o de bonecas de pano, as crian\u00e7as desenvolveram habilidades motora e muita criatividade. Em Arte e Madeira, muita anima\u00e7\u00e3o e cores para as produ\u00e7\u00f5es. Al\u00e9m disso, as M\u00e3es tamb\u00e9m puderam relembrar a inf\u00e2ncia na [&hellip;]\" \/>\n<meta property=\"og:url\" content=\"https:\/\/salesianossp.org.br\/osbomretiro\/outubro-do-cca-provim-bom-retiro\/\" \/>\n<meta property=\"og:site_name\" content=\"Instituto Dom Bosco\" \/>\n<meta property=\"article:publisher\" content=\"https:\/\/www.facebook.com\/InstitutoDomBoscoBomRetiro\/\" \/>\n<meta property=\"article:published_time\" content=\"2023-11-07T15:03:51+00:00\" \/>\n<meta property=\"og:image\" content=\"https:\/\/salesianossp.org.br\/osbomretiro\/wp-content\/uploads\/2023\/11\/Postagem-IDB-1-1.jpg\" \/>\n\t<meta property=\"og:image:width\" content=\"810\" \/>\n\t<meta property=\"og:image:height\" content=\"810\" \/>\n\t<meta property=\"og:image:type\" content=\"image\/jpeg\" \/>\n<meta name=\"author\" content=\"Lucas Rodrigues\" \/>\n<meta name=\"twitter:card\" content=\"summary_large_image\" \/>\n<meta name=\"twitter:label1\" content=\"Escrito por\" \/>\n\t<meta name=\"twitter:data1\" content=\"Lucas Rodrigues\" \/>\n\t<meta name=\"twitter:label2\" content=\"Est. tempo de leitura\" \/>\n\t<meta name=\"twitter:data2\" content=\"1 minuto\" \/>\n<script type=\"application\/ld+json\" class=\"yoast-schema-graph\">{\"@context\":\"https:\\\/\\\/schema.org\",\"@graph\":[{\"@type\":\"Article\",\"@id\":\"https:\\\/\\\/salesianossp.org.br\\\/osbomretiro\\\/outubro-do-cca-provim-bom-retiro\\\/#article\",\"isPartOf\":{\"@id\":\"https:\\\/\\\/salesianossp.org.br\\\/osbomretiro\\\/outubro-do-cca-provim-bom-retiro\\\/\"},\"author\":{\"name\":\"Lucas Rodrigues\",\"@id\":\"https:\\\/\\\/salesianossp.org.br\\\/osbomretiro\\\/#\\\/schema\\\/person\\\/3091f5c85d13f1f81c2eadb190445d2e\"},\"headline\":\"Outubro do CCA PROVIM Bom Retiro\",\"datePublished\":\"2023-11-07T15:03:51+00:00\",\"mainEntityOfPage\":{\"@id\":\"https:\\\/\\\/salesianossp.org.br\\\/osbomretiro\\\/outubro-do-cca-provim-bom-retiro\\\/\"},\"wordCount\":296,\"commentCount\":0,\"publisher\":{\"@id\":\"https:\\\/\\\/salesianossp.org.br\\\/osbomretiro\\\/#organization\"},\"image\":{\"@id\":\"https:\\\/\\\/salesianossp.org.br\\\/osbomretiro\\\/outubro-do-cca-provim-bom-retiro\\\/#primaryimage\"},\"thumbnailUrl\":\"https:\\\/\\\/salesianossp.org.br\\\/osbomretiro\\\/wp-content\\\/uploads\\\/2023\\\/11\\\/Postagem-IDB-1-1.jpg\",\"articleSection\":[\"Not\u00edcias\"],\"inLanguage\":\"pt-BR\",\"potentialAction\":[{\"@type\":\"CommentAction\",\"name\":\"Comment\",\"target\":[\"https:\\\/\\\/salesianossp.org.br\\\/osbomretiro\\\/outubro-do-cca-provim-bom-retiro\\\/#respond\"]}]},{\"@type\":\"WebPage\",\"@id\":\"https:\\\/\\\/salesianossp.org.br\\\/osbomretiro\\\/outubro-do-cca-provim-bom-retiro\\\/\",\"url\":\"https:\\\/\\\/salesianossp.org.br\\\/osbomretiro\\\/outubro-do-cca-provim-bom-retiro\\\/\",\"name\":\"Outubro do CCA PROVIM Bom Retiro - Instituto Dom Bosco\",\"isPartOf\":{\"@id\":\"https:\\\/\\\/salesianossp.org.br\\\/osbomretiro\\\/#website\"},\"primaryImageOfPage\":{\"@id\":\"https:\\\/\\\/salesianossp.org.br\\\/osbomretiro\\\/outubro-do-cca-provim-bom-retiro\\\/#primaryimage\"},\"image\":{\"@id\":\"https:\\\/\\\/salesianossp.org.br\\\/osbomretiro\\\/outubro-do-cca-provim-bom-retiro\\\/#primaryimage\"},\"thumbnailUrl\":\"https:\\\/\\\/salesianossp.org.br\\\/osbomretiro\\\/wp-content\\\/uploads\\\/2023\\\/11\\\/Postagem-IDB-1-1.jpg\",\"datePublished\":\"2023-11-07T15:03:51+00:00\",\"breadcrumb\":{\"@id\":\"https:\\\/\\\/salesianossp.org.br\\\/osbomretiro\\\/outubro-do-cca-provim-bom-retiro\\\/#breadcrumb\"},\"inLanguage\":\"pt-BR\",\"potentialAction\":[{\"@type\":\"ReadAction\",\"target\":[\"https:\\\/\\\/salesianossp.org.br\\\/osbomretiro\\\/outubro-do-cca-provim-bom-retiro\\\/\"]}]},{\"@type\":\"ImageObject\",\"inLanguage\":\"pt-BR\",\"@id\":\"https:\\\/\\\/salesianossp.org.br\\\/osbomretiro\\\/outubro-do-cca-provim-bom-retiro\\\/#primaryimage\",\"url\":\"https:\\\/\\\/salesianossp.org.br\\\/osbomretiro\\\/wp-content\\\/uploads\\\/2023\\\/11\\\/Postagem-IDB-1-1.jpg\",\"contentUrl\":\"https:\\\/\\\/salesianossp.org.br\\\/osbomretiro\\\/wp-content\\\/uploads\\\/2023\\\/11\\\/Postagem-IDB-1-1.jpg\",\"width\":810,\"height\":810},{\"@type\":\"BreadcrumbList\",\"@id\":\"https:\\\/\\\/salesianossp.org.br\\\/osbomretiro\\\/outubro-do-cca-provim-bom-retiro\\\/#breadcrumb\",\"itemListElement\":[{\"@type\":\"ListItem\",\"position\":1,\"name\":\"In\u00edcio\",\"item\":\"https:\\\/\\\/salesianossp.org.br\\\/osbomretiro\\\/\"},{\"@type\":\"ListItem\",\"position\":2,\"name\":\"Outubro do CCA PROVIM Bom Retiro\"}]},{\"@type\":\"WebSite\",\"@id\":\"https:\\\/\\\/salesianossp.org.br\\\/osbomretiro\\\/#website\",\"url\":\"https:\\\/\\\/salesianossp.org.br\\\/osbomretiro\\\/\",\"name\":\"Instituto Dom Bosco\",\"description\":\"\",\"publisher\":{\"@id\":\"https:\\\/\\\/salesianossp.org.br\\\/osbomretiro\\\/#organization\"},\"potentialAction\":[{\"@type\":\"SearchAction\",\"target\":{\"@type\":\"EntryPoint\",\"urlTemplate\":\"https:\\\/\\\/salesianossp.org.br\\\/osbomretiro\\\/?s={search_term_string}\"},\"query-input\":{\"@type\":\"PropertyValueSpecification\",\"valueRequired\":true,\"valueName\":\"search_term_string\"}}],\"inLanguage\":\"pt-BR\"},{\"@type\":\"Organization\",\"@id\":\"https:\\\/\\\/salesianossp.org.br\\\/osbomretiro\\\/#organization\",\"name\":\"Instituto Dom Bosco\",\"url\":\"https:\\\/\\\/salesianossp.org.br\\\/osbomretiro\\\/\",\"logo\":{\"@type\":\"ImageObject\",\"inLanguage\":\"pt-BR\",\"@id\":\"https:\\\/\\\/salesianossp.org.br\\\/osbomretiro\\\/#\\\/schema\\\/logo\\\/image\\\/\",\"url\":\"https:\\\/\\\/salesianossp.org.br\\\/osbomretiro\\\/wp-content\\\/uploads\\\/2025\\\/10\\\/logotipo-instituto-dom-bosco-color-56.svg\",\"contentUrl\":\"https:\\\/\\\/salesianossp.org.br\\\/osbomretiro\\\/wp-content\\\/uploads\\\/2025\\\/10\\\/logotipo-instituto-dom-bosco-color-56.svg\",\"width\":164,\"height\":56,\"caption\":\"Instituto Dom Bosco\"},\"image\":{\"@id\":\"https:\\\/\\\/salesianossp.org.br\\\/osbomretiro\\\/#\\\/schema\\\/logo\\\/image\\\/\"},\"sameAs\":[\"https:\\\/\\\/www.facebook.com\\\/InstitutoDomBoscoBomRetiro\\\/\",\"https:\\\/\\\/www.youtube.com\\\/user\\\/Institutodb\",\"https:\\\/\\\/www.instagram.com\\\/institutodb\\\/\"]},{\"@type\":\"Person\",\"@id\":\"https:\\\/\\\/salesianossp.org.br\\\/osbomretiro\\\/#\\\/schema\\\/person\\\/3091f5c85d13f1f81c2eadb190445d2e\",\"name\":\"Lucas Rodrigues\",\"image\":{\"@type\":\"ImageObject\",\"inLanguage\":\"pt-BR\",\"@id\":\"https:\\\/\\\/secure.gravatar.com\\\/avatar\\\/0ad9c966c6ed3335d7fffe2c3b88880dd298c0817b71e20a6955c38f2a53f746?s=96&d=mm&r=g\",\"url\":\"https:\\\/\\\/secure.gravatar.com\\\/avatar\\\/0ad9c966c6ed3335d7fffe2c3b88880dd298c0817b71e20a6955c38f2a53f746?s=96&d=mm&r=g\",\"contentUrl\":\"https:\\\/\\\/secure.gravatar.com\\\/avatar\\\/0ad9c966c6ed3335d7fffe2c3b88880dd298c0817b71e20a6955c38f2a53f746?s=96&d=mm&r=g\",\"caption\":\"Lucas Rodrigues\"},\"url\":\"https:\\\/\\\/salesianossp.org.br\\\/osbomretiro\\\/author\\\/lucas-rodrigues\\\/\"}]}<\/script>\n<!-- \/ Yoast SEO plugin. -->","yoast_head_json":{"title":"Outubro do CCA PROVIM Bom Retiro - Instituto Dom Bosco","robots":{"index":"index","follow":"follow","max-snippet":"max-snippet:-1","max-image-preview":"max-image-preview:large","max-video-preview":"max-video-preview:-1"},"canonical":"https:\/\/salesianossp.org.br\/osbomretiro\/outubro-do-cca-provim-bom-retiro\/","og_locale":"pt_BR","og_type":"article","og_title":"Outubro do CCA PROVIM Bom Retiro - Instituto Dom Bosco","og_description":"No m\u00eas da crian\u00e7a a Oficineira L\u00edgia &#8220;Arteira&#8221; Santana, seguiu na descoberta de talentos do CCA PROVIM, com a oficina de confec\u00e7\u00e3o de bonecas de pano, as crian\u00e7as desenvolveram habilidades motora e muita criatividade. Em Arte e Madeira, muita anima\u00e7\u00e3o e cores para as produ\u00e7\u00f5es. Al\u00e9m disso, as M\u00e3es tamb\u00e9m puderam relembrar a inf\u00e2ncia na [&hellip;]","og_url":"https:\/\/salesianossp.org.br\/osbomretiro\/outubro-do-cca-provim-bom-retiro\/","og_site_name":"Instituto Dom Bosco","article_publisher":"https:\/\/www.facebook.com\/InstitutoDomBoscoBomRetiro\/","article_published_time":"2023-11-07T15:03:51+00:00","og_image":[{"width":810,"height":810,"url":"https:\/\/salesianossp.org.br\/osbomretiro\/wp-content\/uploads\/2023\/11\/Postagem-IDB-1-1.jpg","type":"image\/jpeg"}],"author":"Lucas Rodrigues","twitter_card":"summary_large_image","twitter_misc":{"Escrito por":"Lucas Rodrigues","Est. tempo de leitura":"1 minuto"},"schema":{"@context":"https:\/\/schema.org","@graph":[{"@type":"Article","@id":"https:\/\/salesianossp.org.br\/osbomretiro\/outubro-do-cca-provim-bom-retiro\/#article","isPartOf":{"@id":"https:\/\/salesianossp.org.br\/osbomretiro\/outubro-do-cca-provim-bom-retiro\/"},"author":{"name":"Lucas Rodrigues","@id":"https:\/\/salesianossp.org.br\/osbomretiro\/#\/schema\/person\/3091f5c85d13f1f81c2eadb190445d2e"},"headline":"Outubro do CCA PROVIM Bom Retiro","datePublished":"2023-11-07T15:03:51+00:00","mainEntityOfPage":{"@id":"https:\/\/salesianossp.org.br\/osbomretiro\/outubro-do-cca-provim-bom-retiro\/"},"wordCount":296,"commentCount":0,"publisher":{"@id":"https:\/\/salesianossp.org.br\/osbomretiro\/#organization"},"image":{"@id":"https:\/\/salesianossp.org.br\/osbomretiro\/outubro-do-cca-provim-bom-retiro\/#primaryimage"},"thumbnailUrl":"https:\/\/salesianossp.org.br\/osbomretiro\/wp-content\/uploads\/2023\/11\/Postagem-IDB-1-1.jpg","articleSection":["Not\u00edcias"],"inLanguage":"pt-BR","potentialAction":[{"@type":"CommentAction","name":"Comment","target":["https:\/\/salesianossp.org.br\/osbomretiro\/outubro-do-cca-provim-bom-retiro\/#respond"]}]},{"@type":"WebPage","@id":"https:\/\/salesianossp.org.br\/osbomretiro\/outubro-do-cca-provim-bom-retiro\/","url":"https:\/\/salesianossp.org.br\/osbomretiro\/outubro-do-cca-provim-bom-retiro\/","name":"Outubro do CCA PROVIM Bom Retiro - Instituto Dom Bosco","isPartOf":{"@id":"https:\/\/salesianossp.org.br\/osbomretiro\/#website"},"primaryImageOfPage":{"@id":"https:\/\/salesianossp.org.br\/osbomretiro\/outubro-do-cca-provim-bom-retiro\/#primaryimage"},"image":{"@id":"https:\/\/salesianossp.org.br\/osbomretiro\/outubro-do-cca-provim-bom-retiro\/#primaryimage"},"thumbnailUrl":"https:\/\/salesianossp.org.br\/osbomretiro\/wp-content\/uploads\/2023\/11\/Postagem-IDB-1-1.jpg","datePublished":"2023-11-07T15:03:51+00:00","breadcrumb":{"@id":"https:\/\/salesianossp.org.br\/osbomretiro\/outubro-do-cca-provim-bom-retiro\/#breadcrumb"},"inLanguage":"pt-BR","potentialAction":[{"@type":"ReadAction","target":["https:\/\/salesianossp.org.br\/osbomretiro\/outubro-do-cca-provim-bom-retiro\/"]}]},{"@type":"ImageObject","inLanguage":"pt-BR","@id":"https:\/\/salesianossp.org.br\/osbomretiro\/outubro-do-cca-provim-bom-retiro\/#primaryimage","url":"https:\/\/salesianossp.org.br\/osbomretiro\/wp-content\/uploads\/2023\/11\/Postagem-IDB-1-1.jpg","contentUrl":"https:\/\/salesianossp.org.br\/osbomretiro\/wp-content\/uploads\/2023\/11\/Postagem-IDB-1-1.jpg","width":810,"height":810},{"@type":"BreadcrumbList","@id":"https:\/\/salesianossp.org.br\/osbomretiro\/outubro-do-cca-provim-bom-retiro\/#breadcrumb","itemListElement":[{"@type":"ListItem","position":1,"name":"In\u00edcio","item":"https:\/\/salesianossp.org.br\/osbomretiro\/"},{"@type":"ListItem","position":2,"name":"Outubro do CCA PROVIM Bom Retiro"}]},{"@type":"WebSite","@id":"https:\/\/salesianossp.org.br\/osbomretiro\/#website","url":"https:\/\/salesianossp.org.br\/osbomretiro\/","name":"Instituto Dom Bosco","description":"","publisher":{"@id":"https:\/\/salesianossp.org.br\/osbomretiro\/#organization"},"potentialAction":[{"@type":"SearchAction","target":{"@type":"EntryPoint","urlTemplate":"https:\/\/salesianossp.org.br\/osbomretiro\/?s={search_term_string}"},"query-input":{"@type":"PropertyValueSpecification","valueRequired":true,"valueName":"search_term_string"}}],"inLanguage":"pt-BR"},{"@type":"Organization","@id":"https:\/\/salesianossp.org.br\/osbomretiro\/#organization","name":"Instituto Dom Bosco","url":"https:\/\/salesianossp.org.br\/osbomretiro\/","logo":{"@type":"ImageObject","inLanguage":"pt-BR","@id":"https:\/\/salesianossp.org.br\/osbomretiro\/#\/schema\/logo\/image\/","url":"https:\/\/salesianossp.org.br\/osbomretiro\/wp-content\/uploads\/2025\/10\/logotipo-instituto-dom-bosco-color-56.svg","contentUrl":"https:\/\/salesianossp.org.br\/osbomretiro\/wp-content\/uploads\/2025\/10\/logotipo-instituto-dom-bosco-color-56.svg","width":164,"height":56,"caption":"Instituto Dom Bosco"},"image":{"@id":"https:\/\/salesianossp.org.br\/osbomretiro\/#\/schema\/logo\/image\/"},"sameAs":["https:\/\/www.facebook.com\/InstitutoDomBoscoBomRetiro\/","https:\/\/www.youtube.com\/user\/Institutodb","https:\/\/www.instagram.com\/institutodb\/"]},{"@type":"Person","@id":"https:\/\/salesianossp.org.br\/osbomretiro\/#\/schema\/person\/3091f5c85d13f1f81c2eadb190445d2e","name":"Lucas Rodrigues","image":{"@type":"ImageObject","inLanguage":"pt-BR","@id":"https:\/\/secure.gravatar.com\/avatar\/0ad9c966c6ed3335d7fffe2c3b88880dd298c0817b71e20a6955c38f2a53f746?s=96&d=mm&r=g","url":"https:\/\/secure.gravatar.com\/avatar\/0ad9c966c6ed3335d7fffe2c3b88880dd298c0817b71e20a6955c38f2a53f746?s=96&d=mm&r=g","contentUrl":"https:\/\/secure.gravatar.com\/avatar\/0ad9c966c6ed3335d7fffe2c3b88880dd298c0817b71e20a6955c38f2a53f746?s=96&d=mm&r=g","caption":"Lucas Rodrigues"},"url":"https:\/\/salesianossp.org.br\/osbomretiro\/author\/lucas-rodrigues\/"}]}},"_links":{"self":[{"href":"https:\/\/salesianossp.org.br\/osbomretiro\/wp-json\/wp\/v2\/posts\/5660","targetHints":{"allow":["GET"]}}],"collection":[{"href":"https:\/\/salesianossp.org.br\/osbomretiro\/wp-json\/wp\/v2\/posts"}],"about":[{"href":"https:\/\/salesianossp.org.br\/osbomretiro\/wp-json\/wp\/v2\/types\/post"}],"author":[{"embeddable":true,"href":"https:\/\/salesianossp.org.br\/osbomretiro\/wp-json\/wp\/v2\/users\/27"}],"replies":[{"embeddable":true,"href":"https:\/\/salesianossp.org.br\/osbomretiro\/wp-json\/wp\/v2\/comments?post=5660"}],"version-history":[{"count":0,"href":"https:\/\/salesianossp.org.br\/osbomretiro\/wp-json\/wp\/v2\/posts\/5660\/revisions"}],"wp:featuredmedia":[{"embeddable":true,"href":"https:\/\/salesianossp.org.br\/osbomretiro\/wp-json\/wp\/v2\/media\/5666"}],"wp:attachment":[{"href":"https:\/\/salesianossp.org.br\/osbomretiro\/wp-json\/wp\/v2\/media?parent=5660"}],"wp:term":[{"taxonomy":"category","embeddable":true,"href":"https:\/\/salesianossp.org.br\/osbomretiro\/wp-json\/wp\/v2\/categories?post=5660"},{"taxonomy":"post_tag","embeddable":true,"href":"https:\/\/salesianossp.org.br\/osbomretiro\/wp-json\/wp\/v2\/tags?post=5660"}],"curies":[{"name":"wp","href":"https:\/\/api.w.org\/{rel}","templated":true}]}}