{"id":5892,"date":"2024-03-26T10:10:30","date_gmt":"2024-03-26T13:10:30","guid":{"rendered":"https:\/\/salesianossp.org.br\/osbomretiro\/?p=5892"},"modified":"2024-03-26T10:10:30","modified_gmt":"2024-03-26T13:10:30","slug":"lixeiro-e-quem-faz-lixouma-aula-de-conscientizacao-com-a-turma-da-loga-na-parada-de-marco-do-idb","status":"publish","type":"post","link":"https:\/\/salesianossp.org.br\/osbomretiro\/lixeiro-e-quem-faz-lixouma-aula-de-conscientizacao-com-a-turma-da-loga-na-parada-de-marco-do-idb\/","title":{"rendered":"\u201cLixeiro \u00e9 quem faz lixo!\u201dUma aula de conscientiza\u00e7\u00e3o com a turma da LOGA na Parada de Mar\u00e7o do IDB"},"content":{"rendered":"\n<p>No dia 22 de mar\u00e7o, foi realizada na Sede do Bom Retiro a Parada T\u00e9cnica do m\u00eas. A turma do Castelinho Cidade Ademar e Vila Paulistana, estiveram presentes na forma\u00e7\u00e3o, al\u00e9m dos Educadores do Centro. A abertura foi feita pela Pastoral e, ap\u00f3s algumas reflex\u00f5es sobre sonhos, tema da estreia e tamb\u00e9m comemorativo do anivers\u00e1rio do Instituto, Irm\u00e3o Jos\u00e9 Carloto (Z\u00e9zo) manifestou: <em>\u201cNada acontece fora da gente se ela n\u00e3o inicia dentro de n\u00f3s!\u201d.<\/em>&nbsp; A seguir, o momento de forma\u00e7\u00e3o com o tema: Sustentabilidade, foi guiado pela turma do Alian\u00e7a Verde de Dom Bosco que convidou Diogenes Pereira, da empresa LOGA &#8211; Log\u00edstica Ambiental de S\u00e3o Paulo S.A., respons\u00e1vel pela coleta, transporte, tratamento e destina\u00e7\u00e3o final dos res\u00edduos domiciliares e de sa\u00fade da Regi\u00e3o Noroeste da cidade mais populosa da Am\u00e9rica, S\u00e3o Paulo (com exce\u00e7\u00e3o da turma do CEDESP&nbsp; que participou da forma\u00e7\u00e3o para os centros profissionais de aprendizagem elaborada pela Rede Salesiana Brasil).<\/p>\n\n\n\n<p>Ao iniciar,&nbsp; Diogenes mostrou um v\u00eddeo de conscientiza\u00e7\u00e3o, revelando o p\u00e1tio dos coletores, o trajeto e todas as dificuldades ao longo da retirada dos lixos, evidenciando a import\u00e2ncia do descarte correto de cortantes e a separa\u00e7\u00e3o dos res\u00edduos entre org\u00e2nicos e recicl\u00e1veis. Durante o v\u00eddeo uma das falas dos coletores a fim de desmistificar os estigmas, foi:&nbsp; \u201cLixeiro \u00e9 quem faz lixo!\u201d. A reciclagem ainda \u00e9 um processo lento, enquanto o org\u00e2nico varia de 6 mil toneladas dia, o org\u00e2nico gera apenas 2 mil por m\u00eas.Diogenes explicou ainda como funciona todo o processo de transbordo, o processo realizado no aterro sanit\u00e1rio, mostrou os projetos da LOGA, explicou sobre a log\u00edstica dos caminh\u00f5es e mostrou os projetos de conscientiza\u00e7\u00e3o feitos pela empresa em locais p\u00fablicos e privados. Na sequ\u00eancia o Educador abriu para perguntas, entre as d\u00favidas, a mais presente: Como descartar determinados materiais como o isopor, por exemplo, que: <em>\u201cN\u00e3o era, tornou-se, agora n\u00e3o \u00e9 novamente recicl\u00e1vel (&#8230;)\u201d<\/em>, disse Diogenes e completou: <em>\u201c(&#8230;) O que acontece \u00e9 que tecnicamente tudo pode ser reciclado, desde que existam empresas que fa\u00e7am a compra.\u201d<\/em>. Para finalizar este momento a turma do Alian\u00e7a realizou uma din\u00e2mica de separa\u00e7\u00e3o de res\u00edduos, simulando os momentos de refei\u00e7\u00e3o no IDB. A turma ainda puxou a conscientiza\u00e7\u00e3o sobre a import\u00e2ncia para a elimina\u00e7\u00e3o dos focos de dengue e, para finalizar, doaram mudas de Ip\u00ea Roxo, Ip\u00ea Branco, Ip\u00ea Rosa e Cedro para os todos.&nbsp;<\/p>\n\n\n\n<p>Ap\u00f3s o almo\u00e7o, momento de informa\u00e7\u00f5es com a Respons\u00e1vel do RH Laryssa Ferreira, que prop\u00f4s ainda uma din\u00e2mica de sonhos; onde os Educadores deveriam deixar cartas feitas para o \u201cEu\u201d, do futuro. Ao final da tarde, pausa na reuni\u00e3o de equipes para as palmas para os aniversariantes do m\u00eas, inclusive\u00a0 para o pr\u00f3prio Instituto que comemorou 105 anos no dia 19 do m\u00eas. Ap\u00f3s o momento, todos deram sequ\u00eancia aos planejamentos.<\/p>\n\n\n\n<p><strong><em><a href=\"https:\/\/www.facebook.com\/media\/set\/?vanity=InstitutoDomBoscoBomRetiro&amp;set=a.904334515029697\" data-type=\"link\" data-id=\"https:\/\/www.facebook.com\/media\/set\/?vanity=InstitutoDomBoscoBomRetiro&amp;set=a.904334515029697\">Clique aqui para ver todas as fotos <\/a><\/em><\/strong><\/p>\n","protected":false},"excerpt":{"rendered":"<p>No dia 22 de mar\u00e7o, foi realizada na Sede do Bom Retiro a Parada T\u00e9cnica do m\u00eas. A turma do Castelinho Cidade Ademar e Vila Paulistana, estiveram presentes na forma\u00e7\u00e3o, al\u00e9m dos Educadores do Centro. A abertura foi feita pela Pastoral e, ap\u00f3s algumas reflex\u00f5es sobre sonhos, tema da estreia e tamb\u00e9m comemorativo do anivers\u00e1rio [&hellip;]<\/p>\n","protected":false},"author":27,"featured_media":5894,"comment_status":"open","ping_status":"open","sticky":false,"template":"","format":"standard","meta":{"footnotes":""},"categories":[59],"tags":[],"class_list":["post-5892","post","type-post","status-publish","format-standard","has-post-thumbnail","hentry","category-noticias"],"yoast_head":"<!-- This site is optimized with the Yoast SEO plugin v27.3 - https:\/\/yoast.com\/product\/yoast-seo-wordpress\/ -->\n<title>\u201cLixeiro \u00e9 quem faz lixo!\u201dUma aula de conscientiza\u00e7\u00e3o com a turma da LOGA na Parada de Mar\u00e7o do IDB - Instituto Dom Bosco<\/title>\n<meta name=\"robots\" content=\"index, follow, max-snippet:-1, max-image-preview:large, max-video-preview:-1\" \/>\n<link rel=\"canonical\" href=\"https:\/\/salesianossp.org.br\/osbomretiro\/lixeiro-e-quem-faz-lixouma-aula-de-conscientizacao-com-a-turma-da-loga-na-parada-de-marco-do-idb\/\" \/>\n<meta property=\"og:locale\" content=\"pt_BR\" \/>\n<meta property=\"og:type\" content=\"article\" \/>\n<meta property=\"og:title\" content=\"\u201cLixeiro \u00e9 quem faz lixo!\u201dUma aula de conscientiza\u00e7\u00e3o com a turma da LOGA na Parada de Mar\u00e7o do IDB - Instituto Dom Bosco\" \/>\n<meta property=\"og:description\" content=\"No dia 22 de mar\u00e7o, foi realizada na Sede do Bom Retiro a Parada T\u00e9cnica do m\u00eas. A turma do Castelinho Cidade Ademar e Vila Paulistana, estiveram presentes na forma\u00e7\u00e3o, al\u00e9m dos Educadores do Centro. A abertura foi feita pela Pastoral e, ap\u00f3s algumas reflex\u00f5es sobre sonhos, tema da estreia e tamb\u00e9m comemorativo do anivers\u00e1rio [&hellip;]\" \/>\n<meta property=\"og:url\" content=\"https:\/\/salesianossp.org.br\/osbomretiro\/lixeiro-e-quem-faz-lixouma-aula-de-conscientizacao-com-a-turma-da-loga-na-parada-de-marco-do-idb\/\" \/>\n<meta property=\"og:site_name\" content=\"Instituto Dom Bosco\" \/>\n<meta property=\"article:publisher\" content=\"https:\/\/www.facebook.com\/InstitutoDomBoscoBomRetiro\/\" \/>\n<meta property=\"article:published_time\" content=\"2024-03-26T13:10:30+00:00\" \/>\n<meta property=\"og:image\" content=\"https:\/\/salesianossp.org.br\/osbomretiro\/wp-content\/uploads\/2024\/03\/Parada-Tecnica-IDB-1024x1024.png\" \/>\n\t<meta property=\"og:image:width\" content=\"1024\" \/>\n\t<meta property=\"og:image:height\" content=\"1024\" \/>\n\t<meta property=\"og:image:type\" content=\"image\/png\" \/>\n<meta name=\"author\" content=\"Lucas Rodrigues\" \/>\n<meta name=\"twitter:card\" content=\"summary_large_image\" \/>\n<meta name=\"twitter:label1\" content=\"Escrito por\" \/>\n\t<meta name=\"twitter:data1\" content=\"Lucas Rodrigues\" \/>\n\t<meta name=\"twitter:label2\" content=\"Est. tempo de leitura\" \/>\n\t<meta name=\"twitter:data2\" content=\"3 minutos\" \/>\n<script type=\"application\/ld+json\" class=\"yoast-schema-graph\">{\"@context\":\"https:\\\/\\\/schema.org\",\"@graph\":[{\"@type\":\"Article\",\"@id\":\"https:\\\/\\\/salesianossp.org.br\\\/osbomretiro\\\/lixeiro-e-quem-faz-lixouma-aula-de-conscientizacao-com-a-turma-da-loga-na-parada-de-marco-do-idb\\\/#article\",\"isPartOf\":{\"@id\":\"https:\\\/\\\/salesianossp.org.br\\\/osbomretiro\\\/lixeiro-e-quem-faz-lixouma-aula-de-conscientizacao-com-a-turma-da-loga-na-parada-de-marco-do-idb\\\/\"},\"author\":{\"name\":\"Lucas Rodrigues\",\"@id\":\"https:\\\/\\\/salesianossp.org.br\\\/osbomretiro\\\/#\\\/schema\\\/person\\\/3091f5c85d13f1f81c2eadb190445d2e\"},\"headline\":\"\u201cLixeiro \u00e9 quem faz lixo!\u201dUma aula de conscientiza\u00e7\u00e3o com a turma da LOGA na Parada de Mar\u00e7o do IDB\",\"datePublished\":\"2024-03-26T13:10:30+00:00\",\"mainEntityOfPage\":{\"@id\":\"https:\\\/\\\/salesianossp.org.br\\\/osbomretiro\\\/lixeiro-e-quem-faz-lixouma-aula-de-conscientizacao-com-a-turma-da-loga-na-parada-de-marco-do-idb\\\/\"},\"wordCount\":554,\"commentCount\":0,\"publisher\":{\"@id\":\"https:\\\/\\\/salesianossp.org.br\\\/osbomretiro\\\/#organization\"},\"image\":{\"@id\":\"https:\\\/\\\/salesianossp.org.br\\\/osbomretiro\\\/lixeiro-e-quem-faz-lixouma-aula-de-conscientizacao-com-a-turma-da-loga-na-parada-de-marco-do-idb\\\/#primaryimage\"},\"thumbnailUrl\":\"https:\\\/\\\/salesianossp.org.br\\\/osbomretiro\\\/wp-content\\\/uploads\\\/2024\\\/03\\\/Parada-Tecnica-IDB-scaled.png\",\"articleSection\":[\"Not\u00edcias\"],\"inLanguage\":\"pt-BR\",\"potentialAction\":[{\"@type\":\"CommentAction\",\"name\":\"Comment\",\"target\":[\"https:\\\/\\\/salesianossp.org.br\\\/osbomretiro\\\/lixeiro-e-quem-faz-lixouma-aula-de-conscientizacao-com-a-turma-da-loga-na-parada-de-marco-do-idb\\\/#respond\"]}]},{\"@type\":\"WebPage\",\"@id\":\"https:\\\/\\\/salesianossp.org.br\\\/osbomretiro\\\/lixeiro-e-quem-faz-lixouma-aula-de-conscientizacao-com-a-turma-da-loga-na-parada-de-marco-do-idb\\\/\",\"url\":\"https:\\\/\\\/salesianossp.org.br\\\/osbomretiro\\\/lixeiro-e-quem-faz-lixouma-aula-de-conscientizacao-com-a-turma-da-loga-na-parada-de-marco-do-idb\\\/\",\"name\":\"\u201cLixeiro \u00e9 quem faz lixo!\u201dUma aula de conscientiza\u00e7\u00e3o com a turma da LOGA na Parada de Mar\u00e7o do IDB - Instituto Dom Bosco\",\"isPartOf\":{\"@id\":\"https:\\\/\\\/salesianossp.org.br\\\/osbomretiro\\\/#website\"},\"primaryImageOfPage\":{\"@id\":\"https:\\\/\\\/salesianossp.org.br\\\/osbomretiro\\\/lixeiro-e-quem-faz-lixouma-aula-de-conscientizacao-com-a-turma-da-loga-na-parada-de-marco-do-idb\\\/#primaryimage\"},\"image\":{\"@id\":\"https:\\\/\\\/salesianossp.org.br\\\/osbomretiro\\\/lixeiro-e-quem-faz-lixouma-aula-de-conscientizacao-com-a-turma-da-loga-na-parada-de-marco-do-idb\\\/#primaryimage\"},\"thumbnailUrl\":\"https:\\\/\\\/salesianossp.org.br\\\/osbomretiro\\\/wp-content\\\/uploads\\\/2024\\\/03\\\/Parada-Tecnica-IDB-scaled.png\",\"datePublished\":\"2024-03-26T13:10:30+00:00\",\"breadcrumb\":{\"@id\":\"https:\\\/\\\/salesianossp.org.br\\\/osbomretiro\\\/lixeiro-e-quem-faz-lixouma-aula-de-conscientizacao-com-a-turma-da-loga-na-parada-de-marco-do-idb\\\/#breadcrumb\"},\"inLanguage\":\"pt-BR\",\"potentialAction\":[{\"@type\":\"ReadAction\",\"target\":[\"https:\\\/\\\/salesianossp.org.br\\\/osbomretiro\\\/lixeiro-e-quem-faz-lixouma-aula-de-conscientizacao-com-a-turma-da-loga-na-parada-de-marco-do-idb\\\/\"]}]},{\"@type\":\"ImageObject\",\"inLanguage\":\"pt-BR\",\"@id\":\"https:\\\/\\\/salesianossp.org.br\\\/osbomretiro\\\/lixeiro-e-quem-faz-lixouma-aula-de-conscientizacao-com-a-turma-da-loga-na-parada-de-marco-do-idb\\\/#primaryimage\",\"url\":\"https:\\\/\\\/salesianossp.org.br\\\/osbomretiro\\\/wp-content\\\/uploads\\\/2024\\\/03\\\/Parada-Tecnica-IDB-scaled.png\",\"contentUrl\":\"https:\\\/\\\/salesianossp.org.br\\\/osbomretiro\\\/wp-content\\\/uploads\\\/2024\\\/03\\\/Parada-Tecnica-IDB-scaled.png\",\"width\":2560,\"height\":2560},{\"@type\":\"BreadcrumbList\",\"@id\":\"https:\\\/\\\/salesianossp.org.br\\\/osbomretiro\\\/lixeiro-e-quem-faz-lixouma-aula-de-conscientizacao-com-a-turma-da-loga-na-parada-de-marco-do-idb\\\/#breadcrumb\",\"itemListElement\":[{\"@type\":\"ListItem\",\"position\":1,\"name\":\"In\u00edcio\",\"item\":\"https:\\\/\\\/salesianossp.org.br\\\/osbomretiro\\\/\"},{\"@type\":\"ListItem\",\"position\":2,\"name\":\"\u201cLixeiro \u00e9 quem faz lixo!\u201dUma aula de conscientiza\u00e7\u00e3o com a turma da LOGA na Parada de Mar\u00e7o do IDB\"}]},{\"@type\":\"WebSite\",\"@id\":\"https:\\\/\\\/salesianossp.org.br\\\/osbomretiro\\\/#website\",\"url\":\"https:\\\/\\\/salesianossp.org.br\\\/osbomretiro\\\/\",\"name\":\"Instituto Dom Bosco\",\"description\":\"\",\"publisher\":{\"@id\":\"https:\\\/\\\/salesianossp.org.br\\\/osbomretiro\\\/#organization\"},\"potentialAction\":[{\"@type\":\"SearchAction\",\"target\":{\"@type\":\"EntryPoint\",\"urlTemplate\":\"https:\\\/\\\/salesianossp.org.br\\\/osbomretiro\\\/?s={search_term_string}\"},\"query-input\":{\"@type\":\"PropertyValueSpecification\",\"valueRequired\":true,\"valueName\":\"search_term_string\"}}],\"inLanguage\":\"pt-BR\"},{\"@type\":\"Organization\",\"@id\":\"https:\\\/\\\/salesianossp.org.br\\\/osbomretiro\\\/#organization\",\"name\":\"Instituto Dom Bosco\",\"url\":\"https:\\\/\\\/salesianossp.org.br\\\/osbomretiro\\\/\",\"logo\":{\"@type\":\"ImageObject\",\"inLanguage\":\"pt-BR\",\"@id\":\"https:\\\/\\\/salesianossp.org.br\\\/osbomretiro\\\/#\\\/schema\\\/logo\\\/image\\\/\",\"url\":\"https:\\\/\\\/salesianossp.org.br\\\/osbomretiro\\\/wp-content\\\/uploads\\\/2025\\\/10\\\/logotipo-instituto-dom-bosco-color-56.svg\",\"contentUrl\":\"https:\\\/\\\/salesianossp.org.br\\\/osbomretiro\\\/wp-content\\\/uploads\\\/2025\\\/10\\\/logotipo-instituto-dom-bosco-color-56.svg\",\"width\":164,\"height\":56,\"caption\":\"Instituto Dom Bosco\"},\"image\":{\"@id\":\"https:\\\/\\\/salesianossp.org.br\\\/osbomretiro\\\/#\\\/schema\\\/logo\\\/image\\\/\"},\"sameAs\":[\"https:\\\/\\\/www.facebook.com\\\/InstitutoDomBoscoBomRetiro\\\/\",\"https:\\\/\\\/www.youtube.com\\\/user\\\/Institutodb\",\"https:\\\/\\\/www.instagram.com\\\/institutodb\\\/\"]},{\"@type\":\"Person\",\"@id\":\"https:\\\/\\\/salesianossp.org.br\\\/osbomretiro\\\/#\\\/schema\\\/person\\\/3091f5c85d13f1f81c2eadb190445d2e\",\"name\":\"Lucas Rodrigues\",\"image\":{\"@type\":\"ImageObject\",\"inLanguage\":\"pt-BR\",\"@id\":\"https:\\\/\\\/secure.gravatar.com\\\/avatar\\\/0ad9c966c6ed3335d7fffe2c3b88880dd298c0817b71e20a6955c38f2a53f746?s=96&d=mm&r=g\",\"url\":\"https:\\\/\\\/secure.gravatar.com\\\/avatar\\\/0ad9c966c6ed3335d7fffe2c3b88880dd298c0817b71e20a6955c38f2a53f746?s=96&d=mm&r=g\",\"contentUrl\":\"https:\\\/\\\/secure.gravatar.com\\\/avatar\\\/0ad9c966c6ed3335d7fffe2c3b88880dd298c0817b71e20a6955c38f2a53f746?s=96&d=mm&r=g\",\"caption\":\"Lucas Rodrigues\"},\"url\":\"https:\\\/\\\/salesianossp.org.br\\\/osbomretiro\\\/author\\\/lucas-rodrigues\\\/\"}]}<\/script>\n<!-- \/ Yoast SEO plugin. -->","yoast_head_json":{"title":"\u201cLixeiro \u00e9 quem faz lixo!\u201dUma aula de conscientiza\u00e7\u00e3o com a turma da LOGA na Parada de Mar\u00e7o do IDB - Instituto Dom Bosco","robots":{"index":"index","follow":"follow","max-snippet":"max-snippet:-1","max-image-preview":"max-image-preview:large","max-video-preview":"max-video-preview:-1"},"canonical":"https:\/\/salesianossp.org.br\/osbomretiro\/lixeiro-e-quem-faz-lixouma-aula-de-conscientizacao-com-a-turma-da-loga-na-parada-de-marco-do-idb\/","og_locale":"pt_BR","og_type":"article","og_title":"\u201cLixeiro \u00e9 quem faz lixo!\u201dUma aula de conscientiza\u00e7\u00e3o com a turma da LOGA na Parada de Mar\u00e7o do IDB - Instituto Dom Bosco","og_description":"No dia 22 de mar\u00e7o, foi realizada na Sede do Bom Retiro a Parada T\u00e9cnica do m\u00eas. A turma do Castelinho Cidade Ademar e Vila Paulistana, estiveram presentes na forma\u00e7\u00e3o, al\u00e9m dos Educadores do Centro. A abertura foi feita pela Pastoral e, ap\u00f3s algumas reflex\u00f5es sobre sonhos, tema da estreia e tamb\u00e9m comemorativo do anivers\u00e1rio [&hellip;]","og_url":"https:\/\/salesianossp.org.br\/osbomretiro\/lixeiro-e-quem-faz-lixouma-aula-de-conscientizacao-com-a-turma-da-loga-na-parada-de-marco-do-idb\/","og_site_name":"Instituto Dom Bosco","article_publisher":"https:\/\/www.facebook.com\/InstitutoDomBoscoBomRetiro\/","article_published_time":"2024-03-26T13:10:30+00:00","og_image":[{"width":1024,"height":1024,"url":"https:\/\/salesianossp.org.br\/osbomretiro\/wp-content\/uploads\/2024\/03\/Parada-Tecnica-IDB-1024x1024.png","type":"image\/png"}],"author":"Lucas Rodrigues","twitter_card":"summary_large_image","twitter_misc":{"Escrito por":"Lucas Rodrigues","Est. tempo de leitura":"3 minutos"},"schema":{"@context":"https:\/\/schema.org","@graph":[{"@type":"Article","@id":"https:\/\/salesianossp.org.br\/osbomretiro\/lixeiro-e-quem-faz-lixouma-aula-de-conscientizacao-com-a-turma-da-loga-na-parada-de-marco-do-idb\/#article","isPartOf":{"@id":"https:\/\/salesianossp.org.br\/osbomretiro\/lixeiro-e-quem-faz-lixouma-aula-de-conscientizacao-com-a-turma-da-loga-na-parada-de-marco-do-idb\/"},"author":{"name":"Lucas Rodrigues","@id":"https:\/\/salesianossp.org.br\/osbomretiro\/#\/schema\/person\/3091f5c85d13f1f81c2eadb190445d2e"},"headline":"\u201cLixeiro \u00e9 quem faz lixo!\u201dUma aula de conscientiza\u00e7\u00e3o com a turma da LOGA na Parada de Mar\u00e7o do IDB","datePublished":"2024-03-26T13:10:30+00:00","mainEntityOfPage":{"@id":"https:\/\/salesianossp.org.br\/osbomretiro\/lixeiro-e-quem-faz-lixouma-aula-de-conscientizacao-com-a-turma-da-loga-na-parada-de-marco-do-idb\/"},"wordCount":554,"commentCount":0,"publisher":{"@id":"https:\/\/salesianossp.org.br\/osbomretiro\/#organization"},"image":{"@id":"https:\/\/salesianossp.org.br\/osbomretiro\/lixeiro-e-quem-faz-lixouma-aula-de-conscientizacao-com-a-turma-da-loga-na-parada-de-marco-do-idb\/#primaryimage"},"thumbnailUrl":"https:\/\/salesianossp.org.br\/osbomretiro\/wp-content\/uploads\/2024\/03\/Parada-Tecnica-IDB-scaled.png","articleSection":["Not\u00edcias"],"inLanguage":"pt-BR","potentialAction":[{"@type":"CommentAction","name":"Comment","target":["https:\/\/salesianossp.org.br\/osbomretiro\/lixeiro-e-quem-faz-lixouma-aula-de-conscientizacao-com-a-turma-da-loga-na-parada-de-marco-do-idb\/#respond"]}]},{"@type":"WebPage","@id":"https:\/\/salesianossp.org.br\/osbomretiro\/lixeiro-e-quem-faz-lixouma-aula-de-conscientizacao-com-a-turma-da-loga-na-parada-de-marco-do-idb\/","url":"https:\/\/salesianossp.org.br\/osbomretiro\/lixeiro-e-quem-faz-lixouma-aula-de-conscientizacao-com-a-turma-da-loga-na-parada-de-marco-do-idb\/","name":"\u201cLixeiro \u00e9 quem faz lixo!\u201dUma aula de conscientiza\u00e7\u00e3o com a turma da LOGA na Parada de Mar\u00e7o do IDB - Instituto Dom Bosco","isPartOf":{"@id":"https:\/\/salesianossp.org.br\/osbomretiro\/#website"},"primaryImageOfPage":{"@id":"https:\/\/salesianossp.org.br\/osbomretiro\/lixeiro-e-quem-faz-lixouma-aula-de-conscientizacao-com-a-turma-da-loga-na-parada-de-marco-do-idb\/#primaryimage"},"image":{"@id":"https:\/\/salesianossp.org.br\/osbomretiro\/lixeiro-e-quem-faz-lixouma-aula-de-conscientizacao-com-a-turma-da-loga-na-parada-de-marco-do-idb\/#primaryimage"},"thumbnailUrl":"https:\/\/salesianossp.org.br\/osbomretiro\/wp-content\/uploads\/2024\/03\/Parada-Tecnica-IDB-scaled.png","datePublished":"2024-03-26T13:10:30+00:00","breadcrumb":{"@id":"https:\/\/salesianossp.org.br\/osbomretiro\/lixeiro-e-quem-faz-lixouma-aula-de-conscientizacao-com-a-turma-da-loga-na-parada-de-marco-do-idb\/#breadcrumb"},"inLanguage":"pt-BR","potentialAction":[{"@type":"ReadAction","target":["https:\/\/salesianossp.org.br\/osbomretiro\/lixeiro-e-quem-faz-lixouma-aula-de-conscientizacao-com-a-turma-da-loga-na-parada-de-marco-do-idb\/"]}]},{"@type":"ImageObject","inLanguage":"pt-BR","@id":"https:\/\/salesianossp.org.br\/osbomretiro\/lixeiro-e-quem-faz-lixouma-aula-de-conscientizacao-com-a-turma-da-loga-na-parada-de-marco-do-idb\/#primaryimage","url":"https:\/\/salesianossp.org.br\/osbomretiro\/wp-content\/uploads\/2024\/03\/Parada-Tecnica-IDB-scaled.png","contentUrl":"https:\/\/salesianossp.org.br\/osbomretiro\/wp-content\/uploads\/2024\/03\/Parada-Tecnica-IDB-scaled.png","width":2560,"height":2560},{"@type":"BreadcrumbList","@id":"https:\/\/salesianossp.org.br\/osbomretiro\/lixeiro-e-quem-faz-lixouma-aula-de-conscientizacao-com-a-turma-da-loga-na-parada-de-marco-do-idb\/#breadcrumb","itemListElement":[{"@type":"ListItem","position":1,"name":"In\u00edcio","item":"https:\/\/salesianossp.org.br\/osbomretiro\/"},{"@type":"ListItem","position":2,"name":"\u201cLixeiro \u00e9 quem faz lixo!\u201dUma aula de conscientiza\u00e7\u00e3o com a turma da LOGA na Parada de Mar\u00e7o do IDB"}]},{"@type":"WebSite","@id":"https:\/\/salesianossp.org.br\/osbomretiro\/#website","url":"https:\/\/salesianossp.org.br\/osbomretiro\/","name":"Instituto Dom Bosco","description":"","publisher":{"@id":"https:\/\/salesianossp.org.br\/osbomretiro\/#organization"},"potentialAction":[{"@type":"SearchAction","target":{"@type":"EntryPoint","urlTemplate":"https:\/\/salesianossp.org.br\/osbomretiro\/?s={search_term_string}"},"query-input":{"@type":"PropertyValueSpecification","valueRequired":true,"valueName":"search_term_string"}}],"inLanguage":"pt-BR"},{"@type":"Organization","@id":"https:\/\/salesianossp.org.br\/osbomretiro\/#organization","name":"Instituto Dom Bosco","url":"https:\/\/salesianossp.org.br\/osbomretiro\/","logo":{"@type":"ImageObject","inLanguage":"pt-BR","@id":"https:\/\/salesianossp.org.br\/osbomretiro\/#\/schema\/logo\/image\/","url":"https:\/\/salesianossp.org.br\/osbomretiro\/wp-content\/uploads\/2025\/10\/logotipo-instituto-dom-bosco-color-56.svg","contentUrl":"https:\/\/salesianossp.org.br\/osbomretiro\/wp-content\/uploads\/2025\/10\/logotipo-instituto-dom-bosco-color-56.svg","width":164,"height":56,"caption":"Instituto Dom Bosco"},"image":{"@id":"https:\/\/salesianossp.org.br\/osbomretiro\/#\/schema\/logo\/image\/"},"sameAs":["https:\/\/www.facebook.com\/InstitutoDomBoscoBomRetiro\/","https:\/\/www.youtube.com\/user\/Institutodb","https:\/\/www.instagram.com\/institutodb\/"]},{"@type":"Person","@id":"https:\/\/salesianossp.org.br\/osbomretiro\/#\/schema\/person\/3091f5c85d13f1f81c2eadb190445d2e","name":"Lucas Rodrigues","image":{"@type":"ImageObject","inLanguage":"pt-BR","@id":"https:\/\/secure.gravatar.com\/avatar\/0ad9c966c6ed3335d7fffe2c3b88880dd298c0817b71e20a6955c38f2a53f746?s=96&d=mm&r=g","url":"https:\/\/secure.gravatar.com\/avatar\/0ad9c966c6ed3335d7fffe2c3b88880dd298c0817b71e20a6955c38f2a53f746?s=96&d=mm&r=g","contentUrl":"https:\/\/secure.gravatar.com\/avatar\/0ad9c966c6ed3335d7fffe2c3b88880dd298c0817b71e20a6955c38f2a53f746?s=96&d=mm&r=g","caption":"Lucas Rodrigues"},"url":"https:\/\/salesianossp.org.br\/osbomretiro\/author\/lucas-rodrigues\/"}]}},"_links":{"self":[{"href":"https:\/\/salesianossp.org.br\/osbomretiro\/wp-json\/wp\/v2\/posts\/5892","targetHints":{"allow":["GET"]}}],"collection":[{"href":"https:\/\/salesianossp.org.br\/osbomretiro\/wp-json\/wp\/v2\/posts"}],"about":[{"href":"https:\/\/salesianossp.org.br\/osbomretiro\/wp-json\/wp\/v2\/types\/post"}],"author":[{"embeddable":true,"href":"https:\/\/salesianossp.org.br\/osbomretiro\/wp-json\/wp\/v2\/users\/27"}],"replies":[{"embeddable":true,"href":"https:\/\/salesianossp.org.br\/osbomretiro\/wp-json\/wp\/v2\/comments?post=5892"}],"version-history":[{"count":0,"href":"https:\/\/salesianossp.org.br\/osbomretiro\/wp-json\/wp\/v2\/posts\/5892\/revisions"}],"wp:featuredmedia":[{"embeddable":true,"href":"https:\/\/salesianossp.org.br\/osbomretiro\/wp-json\/wp\/v2\/media\/5894"}],"wp:attachment":[{"href":"https:\/\/salesianossp.org.br\/osbomretiro\/wp-json\/wp\/v2\/media?parent=5892"}],"wp:term":[{"taxonomy":"category","embeddable":true,"href":"https:\/\/salesianossp.org.br\/osbomretiro\/wp-json\/wp\/v2\/categories?post=5892"},{"taxonomy":"post_tag","embeddable":true,"href":"https:\/\/salesianossp.org.br\/osbomretiro\/wp-json\/wp\/v2\/tags?post=5892"}],"curies":[{"name":"wp","href":"https:\/\/api.w.org\/{rel}","templated":true}]}}