{"id":5991,"date":"2024-04-19T11:40:28","date_gmt":"2024-04-19T14:40:28","guid":{"rendered":"https:\/\/salesianossp.org.br\/osbomretiro\/?p=5991"},"modified":"2024-04-19T11:40:28","modified_gmt":"2024-04-19T14:40:28","slug":"cca-provim-bom-retiro-mes-de-abril","status":"publish","type":"post","link":"https:\/\/salesianossp.org.br\/osbomretiro\/cca-provim-bom-retiro-mes-de-abril\/","title":{"rendered":"CCA PROVIM Bom Retiro M\u00eas de Abril\u00a0"},"content":{"rendered":"\n<p><strong>Capacitismo + Sustentabilidade = Revista Qual\u00e9<\/strong>\u00a0<br>Trabalhando na revista Qual\u00e9, com roda de conversa sobre o tema: crescer &#8211; desenvolvendo capacitismo. Al\u00e9m da abordagem do tema, os jovens desenvolveram trabalhos manuais a partir de materiais recicl\u00e1veis.\u00a0<\/p>\n\n\n\n<p><strong>Inclus\u00e3o Digital<\/strong><br>Na aula de Oficina de Tecnologia os atendidos iniciaram as atividades no programa Power Point. Com isso, os jovens conheceram mais um programa do pacote office, podendo assim desenvolver suas habilidades, imagina\u00e7\u00e3o e a criatividade entre um slide e outro.\u00a0Ainda na Oficina, toda a prepara\u00e7\u00e3o para apresenta\u00e7\u00e3o no teatro do Quiz: Fato ou Fake, com todas as turmas. O objetivo \u00e9 atribuir conhecimento sobre temas importantes como Fake News, trabalhar a confian\u00e7a, desenvoltura, dic\u00e7\u00e3o e postura durante as grava\u00e7\u00f5es e momentos de intera\u00e7\u00e3o entre a turma.<\/p>\n\n\n\n<p><strong>Projeto multiculturalismo &#8211; Diversidade cultural<\/strong><br>O que \u00e9 cultura para voc\u00ea? Essa \u00e9 a pergunta que est\u00e1 sendo trabalhada com reflex\u00e3o e muita atividade durante as aulas no m\u00eas de abril.\u00a0<\/p>\n\n\n\n<p><strong>Dia do livro infantil<\/strong>\u00a0<br>No dia 18 de abril, Dia do Livro Infantil, a galerinha, em parceria com a Biblioteca do IDB, preparou uma bel\u00edssima conta\u00e7\u00e3o de hist\u00f3ria encenada.<\/p>\n\n\n\n<p><strong>Arte em Madeira<\/strong><br>Voc\u00ea sabe quais brincadeiras seus pais gostavam na sua idade?<br>A turma de Arte em Madeira aproveitou tamb\u00e9m para realizar jogos e tamb\u00e9m elaborar um mimo para o m\u00eas de maio e para a mulher mais importante da vida dos atendidos.<\/p>\n\n\n\n<p><strong>Movimento e Amor<\/strong><br>Al\u00e9m das atividades rotineiras no circuito esportivo, a turminha j\u00e1 est\u00e1 a todo vapor e preparando a gincana do Dia da mulher mais importante da minha vida (Dia das M\u00e3es em Maio).\u00a0<\/p>\n\n\n\n<p><strong><em><a href=\"https:\/\/www.facebook.com\/media\/set?vanity=InstitutoDomBoscoBomRetiro&amp;set=a.920750873388061\" data-type=\"link\" data-id=\"https:\/\/www.facebook.com\/media\/set?vanity=InstitutoDomBoscoBomRetiro&amp;set=a.920750873388061\">Clique aqui para ver todas as fotos<\/a><\/em><\/strong><\/p>\n","protected":false},"excerpt":{"rendered":"<p>Capacitismo + Sustentabilidade = Revista Qual\u00e9\u00a0Trabalhando na revista Qual\u00e9, com roda de conversa sobre o tema: crescer &#8211; desenvolvendo capacitismo. Al\u00e9m da abordagem do tema, os jovens desenvolveram trabalhos manuais a partir de materiais recicl\u00e1veis.\u00a0 Inclus\u00e3o DigitalNa aula de Oficina de Tecnologia os atendidos iniciaram as atividades no programa Power Point. Com isso, os jovens [&hellip;]<\/p>\n","protected":false},"author":27,"featured_media":5993,"comment_status":"open","ping_status":"open","sticky":false,"template":"","format":"standard","meta":{"footnotes":""},"categories":[59],"tags":[],"class_list":["post-5991","post","type-post","status-publish","format-standard","has-post-thumbnail","hentry","category-noticias"],"yoast_head":"<!-- This site is optimized with the Yoast SEO plugin v27.3 - https:\/\/yoast.com\/product\/yoast-seo-wordpress\/ -->\n<title>CCA PROVIM Bom Retiro M\u00eas de Abril\u00a0 - Instituto Dom Bosco<\/title>\n<meta name=\"robots\" content=\"index, follow, max-snippet:-1, max-image-preview:large, max-video-preview:-1\" \/>\n<link rel=\"canonical\" href=\"https:\/\/salesianossp.org.br\/osbomretiro\/cca-provim-bom-retiro-mes-de-abril\/\" \/>\n<meta property=\"og:locale\" content=\"pt_BR\" \/>\n<meta property=\"og:type\" content=\"article\" \/>\n<meta property=\"og:title\" content=\"CCA PROVIM Bom Retiro M\u00eas de Abril\u00a0 - Instituto Dom Bosco\" \/>\n<meta property=\"og:description\" content=\"Capacitismo + Sustentabilidade = Revista Qual\u00e9\u00a0Trabalhando na revista Qual\u00e9, com roda de conversa sobre o tema: crescer &#8211; desenvolvendo capacitismo. Al\u00e9m da abordagem do tema, os jovens desenvolveram trabalhos manuais a partir de materiais recicl\u00e1veis.\u00a0 Inclus\u00e3o DigitalNa aula de Oficina de Tecnologia os atendidos iniciaram as atividades no programa Power Point. Com isso, os jovens [&hellip;]\" \/>\n<meta property=\"og:url\" content=\"https:\/\/salesianossp.org.br\/osbomretiro\/cca-provim-bom-retiro-mes-de-abril\/\" \/>\n<meta property=\"og:site_name\" content=\"Instituto Dom Bosco\" \/>\n<meta property=\"article:publisher\" content=\"https:\/\/www.facebook.com\/InstitutoDomBoscoBomRetiro\/\" \/>\n<meta property=\"article:published_time\" content=\"2024-04-19T14:40:28+00:00\" \/>\n<meta property=\"og:image\" content=\"https:\/\/salesianossp.org.br\/osbomretiro\/wp-content\/uploads\/2024\/04\/CCA-BR-IDB-1-1-scaled.png\" \/>\n\t<meta property=\"og:image:width\" content=\"2560\" \/>\n\t<meta property=\"og:image:height\" content=\"2560\" \/>\n\t<meta property=\"og:image:type\" content=\"image\/png\" \/>\n<meta name=\"author\" content=\"Lucas Rodrigues\" \/>\n<meta name=\"twitter:card\" content=\"summary_large_image\" \/>\n<meta name=\"twitter:label1\" content=\"Escrito por\" \/>\n\t<meta name=\"twitter:data1\" content=\"Lucas Rodrigues\" \/>\n\t<meta name=\"twitter:label2\" content=\"Est. tempo de leitura\" \/>\n\t<meta name=\"twitter:data2\" content=\"1 minuto\" \/>\n<script type=\"application\/ld+json\" class=\"yoast-schema-graph\">{\"@context\":\"https:\\\/\\\/schema.org\",\"@graph\":[{\"@type\":\"Article\",\"@id\":\"https:\\\/\\\/salesianossp.org.br\\\/osbomretiro\\\/cca-provim-bom-retiro-mes-de-abril\\\/#article\",\"isPartOf\":{\"@id\":\"https:\\\/\\\/salesianossp.org.br\\\/osbomretiro\\\/cca-provim-bom-retiro-mes-de-abril\\\/\"},\"author\":{\"name\":\"Lucas Rodrigues\",\"@id\":\"https:\\\/\\\/salesianossp.org.br\\\/osbomretiro\\\/#\\\/schema\\\/person\\\/3091f5c85d13f1f81c2eadb190445d2e\"},\"headline\":\"CCA PROVIM Bom Retiro M\u00eas de Abril\u00a0\",\"datePublished\":\"2024-04-19T14:40:28+00:00\",\"mainEntityOfPage\":{\"@id\":\"https:\\\/\\\/salesianossp.org.br\\\/osbomretiro\\\/cca-provim-bom-retiro-mes-de-abril\\\/\"},\"wordCount\":293,\"commentCount\":0,\"publisher\":{\"@id\":\"https:\\\/\\\/salesianossp.org.br\\\/osbomretiro\\\/#organization\"},\"image\":{\"@id\":\"https:\\\/\\\/salesianossp.org.br\\\/osbomretiro\\\/cca-provim-bom-retiro-mes-de-abril\\\/#primaryimage\"},\"thumbnailUrl\":\"https:\\\/\\\/salesianossp.org.br\\\/osbomretiro\\\/wp-content\\\/uploads\\\/2024\\\/04\\\/CCA-BR-IDB-1-1-scaled.png\",\"articleSection\":[\"Not\u00edcias\"],\"inLanguage\":\"pt-BR\",\"potentialAction\":[{\"@type\":\"CommentAction\",\"name\":\"Comment\",\"target\":[\"https:\\\/\\\/salesianossp.org.br\\\/osbomretiro\\\/cca-provim-bom-retiro-mes-de-abril\\\/#respond\"]}]},{\"@type\":\"WebPage\",\"@id\":\"https:\\\/\\\/salesianossp.org.br\\\/osbomretiro\\\/cca-provim-bom-retiro-mes-de-abril\\\/\",\"url\":\"https:\\\/\\\/salesianossp.org.br\\\/osbomretiro\\\/cca-provim-bom-retiro-mes-de-abril\\\/\",\"name\":\"CCA PROVIM Bom Retiro M\u00eas de Abril\u00a0 - Instituto Dom Bosco\",\"isPartOf\":{\"@id\":\"https:\\\/\\\/salesianossp.org.br\\\/osbomretiro\\\/#website\"},\"primaryImageOfPage\":{\"@id\":\"https:\\\/\\\/salesianossp.org.br\\\/osbomretiro\\\/cca-provim-bom-retiro-mes-de-abril\\\/#primaryimage\"},\"image\":{\"@id\":\"https:\\\/\\\/salesianossp.org.br\\\/osbomretiro\\\/cca-provim-bom-retiro-mes-de-abril\\\/#primaryimage\"},\"thumbnailUrl\":\"https:\\\/\\\/salesianossp.org.br\\\/osbomretiro\\\/wp-content\\\/uploads\\\/2024\\\/04\\\/CCA-BR-IDB-1-1-scaled.png\",\"datePublished\":\"2024-04-19T14:40:28+00:00\",\"breadcrumb\":{\"@id\":\"https:\\\/\\\/salesianossp.org.br\\\/osbomretiro\\\/cca-provim-bom-retiro-mes-de-abril\\\/#breadcrumb\"},\"inLanguage\":\"pt-BR\",\"potentialAction\":[{\"@type\":\"ReadAction\",\"target\":[\"https:\\\/\\\/salesianossp.org.br\\\/osbomretiro\\\/cca-provim-bom-retiro-mes-de-abril\\\/\"]}]},{\"@type\":\"ImageObject\",\"inLanguage\":\"pt-BR\",\"@id\":\"https:\\\/\\\/salesianossp.org.br\\\/osbomretiro\\\/cca-provim-bom-retiro-mes-de-abril\\\/#primaryimage\",\"url\":\"https:\\\/\\\/salesianossp.org.br\\\/osbomretiro\\\/wp-content\\\/uploads\\\/2024\\\/04\\\/CCA-BR-IDB-1-1-scaled.png\",\"contentUrl\":\"https:\\\/\\\/salesianossp.org.br\\\/osbomretiro\\\/wp-content\\\/uploads\\\/2024\\\/04\\\/CCA-BR-IDB-1-1-scaled.png\",\"width\":2560,\"height\":2560},{\"@type\":\"BreadcrumbList\",\"@id\":\"https:\\\/\\\/salesianossp.org.br\\\/osbomretiro\\\/cca-provim-bom-retiro-mes-de-abril\\\/#breadcrumb\",\"itemListElement\":[{\"@type\":\"ListItem\",\"position\":1,\"name\":\"In\u00edcio\",\"item\":\"https:\\\/\\\/salesianossp.org.br\\\/osbomretiro\\\/\"},{\"@type\":\"ListItem\",\"position\":2,\"name\":\"CCA PROVIM Bom Retiro M\u00eas de Abril\u00a0\"}]},{\"@type\":\"WebSite\",\"@id\":\"https:\\\/\\\/salesianossp.org.br\\\/osbomretiro\\\/#website\",\"url\":\"https:\\\/\\\/salesianossp.org.br\\\/osbomretiro\\\/\",\"name\":\"Instituto Dom Bosco\",\"description\":\"\",\"publisher\":{\"@id\":\"https:\\\/\\\/salesianossp.org.br\\\/osbomretiro\\\/#organization\"},\"potentialAction\":[{\"@type\":\"SearchAction\",\"target\":{\"@type\":\"EntryPoint\",\"urlTemplate\":\"https:\\\/\\\/salesianossp.org.br\\\/osbomretiro\\\/?s={search_term_string}\"},\"query-input\":{\"@type\":\"PropertyValueSpecification\",\"valueRequired\":true,\"valueName\":\"search_term_string\"}}],\"inLanguage\":\"pt-BR\"},{\"@type\":\"Organization\",\"@id\":\"https:\\\/\\\/salesianossp.org.br\\\/osbomretiro\\\/#organization\",\"name\":\"Instituto Dom Bosco\",\"url\":\"https:\\\/\\\/salesianossp.org.br\\\/osbomretiro\\\/\",\"logo\":{\"@type\":\"ImageObject\",\"inLanguage\":\"pt-BR\",\"@id\":\"https:\\\/\\\/salesianossp.org.br\\\/osbomretiro\\\/#\\\/schema\\\/logo\\\/image\\\/\",\"url\":\"https:\\\/\\\/salesianossp.org.br\\\/osbomretiro\\\/wp-content\\\/uploads\\\/2025\\\/10\\\/logotipo-instituto-dom-bosco-color-56.svg\",\"contentUrl\":\"https:\\\/\\\/salesianossp.org.br\\\/osbomretiro\\\/wp-content\\\/uploads\\\/2025\\\/10\\\/logotipo-instituto-dom-bosco-color-56.svg\",\"width\":164,\"height\":56,\"caption\":\"Instituto Dom Bosco\"},\"image\":{\"@id\":\"https:\\\/\\\/salesianossp.org.br\\\/osbomretiro\\\/#\\\/schema\\\/logo\\\/image\\\/\"},\"sameAs\":[\"https:\\\/\\\/www.facebook.com\\\/InstitutoDomBoscoBomRetiro\\\/\",\"https:\\\/\\\/www.youtube.com\\\/user\\\/Institutodb\",\"https:\\\/\\\/www.instagram.com\\\/institutodb\\\/\"]},{\"@type\":\"Person\",\"@id\":\"https:\\\/\\\/salesianossp.org.br\\\/osbomretiro\\\/#\\\/schema\\\/person\\\/3091f5c85d13f1f81c2eadb190445d2e\",\"name\":\"Lucas Rodrigues\",\"image\":{\"@type\":\"ImageObject\",\"inLanguage\":\"pt-BR\",\"@id\":\"https:\\\/\\\/secure.gravatar.com\\\/avatar\\\/0ad9c966c6ed3335d7fffe2c3b88880dd298c0817b71e20a6955c38f2a53f746?s=96&d=mm&r=g\",\"url\":\"https:\\\/\\\/secure.gravatar.com\\\/avatar\\\/0ad9c966c6ed3335d7fffe2c3b88880dd298c0817b71e20a6955c38f2a53f746?s=96&d=mm&r=g\",\"contentUrl\":\"https:\\\/\\\/secure.gravatar.com\\\/avatar\\\/0ad9c966c6ed3335d7fffe2c3b88880dd298c0817b71e20a6955c38f2a53f746?s=96&d=mm&r=g\",\"caption\":\"Lucas Rodrigues\"},\"url\":\"https:\\\/\\\/salesianossp.org.br\\\/osbomretiro\\\/author\\\/lucas-rodrigues\\\/\"}]}<\/script>\n<!-- \/ Yoast SEO plugin. -->","yoast_head_json":{"title":"CCA PROVIM Bom Retiro M\u00eas de Abril\u00a0 - Instituto Dom Bosco","robots":{"index":"index","follow":"follow","max-snippet":"max-snippet:-1","max-image-preview":"max-image-preview:large","max-video-preview":"max-video-preview:-1"},"canonical":"https:\/\/salesianossp.org.br\/osbomretiro\/cca-provim-bom-retiro-mes-de-abril\/","og_locale":"pt_BR","og_type":"article","og_title":"CCA PROVIM Bom Retiro M\u00eas de Abril\u00a0 - Instituto Dom Bosco","og_description":"Capacitismo + Sustentabilidade = Revista Qual\u00e9\u00a0Trabalhando na revista Qual\u00e9, com roda de conversa sobre o tema: crescer &#8211; desenvolvendo capacitismo. Al\u00e9m da abordagem do tema, os jovens desenvolveram trabalhos manuais a partir de materiais recicl\u00e1veis.\u00a0 Inclus\u00e3o DigitalNa aula de Oficina de Tecnologia os atendidos iniciaram as atividades no programa Power Point. Com isso, os jovens [&hellip;]","og_url":"https:\/\/salesianossp.org.br\/osbomretiro\/cca-provim-bom-retiro-mes-de-abril\/","og_site_name":"Instituto Dom Bosco","article_publisher":"https:\/\/www.facebook.com\/InstitutoDomBoscoBomRetiro\/","article_published_time":"2024-04-19T14:40:28+00:00","og_image":[{"width":2560,"height":2560,"url":"https:\/\/salesianossp.org.br\/osbomretiro\/wp-content\/uploads\/2024\/04\/CCA-BR-IDB-1-1-scaled.png","type":"image\/png"}],"author":"Lucas Rodrigues","twitter_card":"summary_large_image","twitter_misc":{"Escrito por":"Lucas Rodrigues","Est. tempo de leitura":"1 minuto"},"schema":{"@context":"https:\/\/schema.org","@graph":[{"@type":"Article","@id":"https:\/\/salesianossp.org.br\/osbomretiro\/cca-provim-bom-retiro-mes-de-abril\/#article","isPartOf":{"@id":"https:\/\/salesianossp.org.br\/osbomretiro\/cca-provim-bom-retiro-mes-de-abril\/"},"author":{"name":"Lucas Rodrigues","@id":"https:\/\/salesianossp.org.br\/osbomretiro\/#\/schema\/person\/3091f5c85d13f1f81c2eadb190445d2e"},"headline":"CCA PROVIM Bom Retiro M\u00eas de Abril\u00a0","datePublished":"2024-04-19T14:40:28+00:00","mainEntityOfPage":{"@id":"https:\/\/salesianossp.org.br\/osbomretiro\/cca-provim-bom-retiro-mes-de-abril\/"},"wordCount":293,"commentCount":0,"publisher":{"@id":"https:\/\/salesianossp.org.br\/osbomretiro\/#organization"},"image":{"@id":"https:\/\/salesianossp.org.br\/osbomretiro\/cca-provim-bom-retiro-mes-de-abril\/#primaryimage"},"thumbnailUrl":"https:\/\/salesianossp.org.br\/osbomretiro\/wp-content\/uploads\/2024\/04\/CCA-BR-IDB-1-1-scaled.png","articleSection":["Not\u00edcias"],"inLanguage":"pt-BR","potentialAction":[{"@type":"CommentAction","name":"Comment","target":["https:\/\/salesianossp.org.br\/osbomretiro\/cca-provim-bom-retiro-mes-de-abril\/#respond"]}]},{"@type":"WebPage","@id":"https:\/\/salesianossp.org.br\/osbomretiro\/cca-provim-bom-retiro-mes-de-abril\/","url":"https:\/\/salesianossp.org.br\/osbomretiro\/cca-provim-bom-retiro-mes-de-abril\/","name":"CCA PROVIM Bom Retiro M\u00eas de Abril\u00a0 - Instituto Dom Bosco","isPartOf":{"@id":"https:\/\/salesianossp.org.br\/osbomretiro\/#website"},"primaryImageOfPage":{"@id":"https:\/\/salesianossp.org.br\/osbomretiro\/cca-provim-bom-retiro-mes-de-abril\/#primaryimage"},"image":{"@id":"https:\/\/salesianossp.org.br\/osbomretiro\/cca-provim-bom-retiro-mes-de-abril\/#primaryimage"},"thumbnailUrl":"https:\/\/salesianossp.org.br\/osbomretiro\/wp-content\/uploads\/2024\/04\/CCA-BR-IDB-1-1-scaled.png","datePublished":"2024-04-19T14:40:28+00:00","breadcrumb":{"@id":"https:\/\/salesianossp.org.br\/osbomretiro\/cca-provim-bom-retiro-mes-de-abril\/#breadcrumb"},"inLanguage":"pt-BR","potentialAction":[{"@type":"ReadAction","target":["https:\/\/salesianossp.org.br\/osbomretiro\/cca-provim-bom-retiro-mes-de-abril\/"]}]},{"@type":"ImageObject","inLanguage":"pt-BR","@id":"https:\/\/salesianossp.org.br\/osbomretiro\/cca-provim-bom-retiro-mes-de-abril\/#primaryimage","url":"https:\/\/salesianossp.org.br\/osbomretiro\/wp-content\/uploads\/2024\/04\/CCA-BR-IDB-1-1-scaled.png","contentUrl":"https:\/\/salesianossp.org.br\/osbomretiro\/wp-content\/uploads\/2024\/04\/CCA-BR-IDB-1-1-scaled.png","width":2560,"height":2560},{"@type":"BreadcrumbList","@id":"https:\/\/salesianossp.org.br\/osbomretiro\/cca-provim-bom-retiro-mes-de-abril\/#breadcrumb","itemListElement":[{"@type":"ListItem","position":1,"name":"In\u00edcio","item":"https:\/\/salesianossp.org.br\/osbomretiro\/"},{"@type":"ListItem","position":2,"name":"CCA PROVIM Bom Retiro M\u00eas de Abril\u00a0"}]},{"@type":"WebSite","@id":"https:\/\/salesianossp.org.br\/osbomretiro\/#website","url":"https:\/\/salesianossp.org.br\/osbomretiro\/","name":"Instituto Dom Bosco","description":"","publisher":{"@id":"https:\/\/salesianossp.org.br\/osbomretiro\/#organization"},"potentialAction":[{"@type":"SearchAction","target":{"@type":"EntryPoint","urlTemplate":"https:\/\/salesianossp.org.br\/osbomretiro\/?s={search_term_string}"},"query-input":{"@type":"PropertyValueSpecification","valueRequired":true,"valueName":"search_term_string"}}],"inLanguage":"pt-BR"},{"@type":"Organization","@id":"https:\/\/salesianossp.org.br\/osbomretiro\/#organization","name":"Instituto Dom Bosco","url":"https:\/\/salesianossp.org.br\/osbomretiro\/","logo":{"@type":"ImageObject","inLanguage":"pt-BR","@id":"https:\/\/salesianossp.org.br\/osbomretiro\/#\/schema\/logo\/image\/","url":"https:\/\/salesianossp.org.br\/osbomretiro\/wp-content\/uploads\/2025\/10\/logotipo-instituto-dom-bosco-color-56.svg","contentUrl":"https:\/\/salesianossp.org.br\/osbomretiro\/wp-content\/uploads\/2025\/10\/logotipo-instituto-dom-bosco-color-56.svg","width":164,"height":56,"caption":"Instituto Dom Bosco"},"image":{"@id":"https:\/\/salesianossp.org.br\/osbomretiro\/#\/schema\/logo\/image\/"},"sameAs":["https:\/\/www.facebook.com\/InstitutoDomBoscoBomRetiro\/","https:\/\/www.youtube.com\/user\/Institutodb","https:\/\/www.instagram.com\/institutodb\/"]},{"@type":"Person","@id":"https:\/\/salesianossp.org.br\/osbomretiro\/#\/schema\/person\/3091f5c85d13f1f81c2eadb190445d2e","name":"Lucas Rodrigues","image":{"@type":"ImageObject","inLanguage":"pt-BR","@id":"https:\/\/secure.gravatar.com\/avatar\/0ad9c966c6ed3335d7fffe2c3b88880dd298c0817b71e20a6955c38f2a53f746?s=96&d=mm&r=g","url":"https:\/\/secure.gravatar.com\/avatar\/0ad9c966c6ed3335d7fffe2c3b88880dd298c0817b71e20a6955c38f2a53f746?s=96&d=mm&r=g","contentUrl":"https:\/\/secure.gravatar.com\/avatar\/0ad9c966c6ed3335d7fffe2c3b88880dd298c0817b71e20a6955c38f2a53f746?s=96&d=mm&r=g","caption":"Lucas Rodrigues"},"url":"https:\/\/salesianossp.org.br\/osbomretiro\/author\/lucas-rodrigues\/"}]}},"_links":{"self":[{"href":"https:\/\/salesianossp.org.br\/osbomretiro\/wp-json\/wp\/v2\/posts\/5991","targetHints":{"allow":["GET"]}}],"collection":[{"href":"https:\/\/salesianossp.org.br\/osbomretiro\/wp-json\/wp\/v2\/posts"}],"about":[{"href":"https:\/\/salesianossp.org.br\/osbomretiro\/wp-json\/wp\/v2\/types\/post"}],"author":[{"embeddable":true,"href":"https:\/\/salesianossp.org.br\/osbomretiro\/wp-json\/wp\/v2\/users\/27"}],"replies":[{"embeddable":true,"href":"https:\/\/salesianossp.org.br\/osbomretiro\/wp-json\/wp\/v2\/comments?post=5991"}],"version-history":[{"count":0,"href":"https:\/\/salesianossp.org.br\/osbomretiro\/wp-json\/wp\/v2\/posts\/5991\/revisions"}],"wp:featuredmedia":[{"embeddable":true,"href":"https:\/\/salesianossp.org.br\/osbomretiro\/wp-json\/wp\/v2\/media\/5993"}],"wp:attachment":[{"href":"https:\/\/salesianossp.org.br\/osbomretiro\/wp-json\/wp\/v2\/media?parent=5991"}],"wp:term":[{"taxonomy":"category","embeddable":true,"href":"https:\/\/salesianossp.org.br\/osbomretiro\/wp-json\/wp\/v2\/categories?post=5991"},{"taxonomy":"post_tag","embeddable":true,"href":"https:\/\/salesianossp.org.br\/osbomretiro\/wp-json\/wp\/v2\/tags?post=5991"}],"curies":[{"name":"wp","href":"https:\/\/api.w.org\/{rel}","templated":true}]}}