{"id":6009,"date":"2024-05-06T15:17:59","date_gmt":"2024-05-06T18:17:59","guid":{"rendered":"https:\/\/salesianossp.org.br\/osbomretiro\/?p=6009"},"modified":"2024-05-06T15:17:59","modified_gmt":"2024-05-06T18:17:59","slug":"cedesp-br-festividades-workshops-e-visita-cultural","status":"publish","type":"post","link":"https:\/\/salesianossp.org.br\/osbomretiro\/cedesp-br-festividades-workshops-e-visita-cultural\/","title":{"rendered":"CEDESP BR: Festividades, Workshop\u2019s e visita cultural\u00a0"},"content":{"rendered":"\n<p><strong>Mar\u00e7o Festivo<\/strong><strong><br><\/strong>No m\u00eas de mar\u00e7o, al\u00e9m das comemora\u00e7\u00f5es dos aniversariantes do m\u00eas, em momento formativo, onde resumidamente foi contado toda a trajet\u00f3ria do instituto destacando alguns pontos de sua hist\u00f3ria, a equipe do CEDESP Bom Retiro, junto aos Atendidos, celebrou tamb\u00e9m os 105 anos do Instituto. Jogos de mesa, brinquedos infl\u00e1veis como futebol de sab\u00e3o e giro radical, al\u00e9m de muita troca de experi\u00eancias intergeracionais fizeram parte do momento.&nbsp;<\/p>\n\n\n\n<p><em>\u201cFoi tudo muito bem aproveitado pelos usu\u00e1rios, mas o mais importante e enriquecedor \u00e9 essa troca Intergeracional entre CEDESP e PROVIM, conviverem, trocar, dividir os mesmos espa\u00e7os e brinquedos, se permitirem viver novas experi\u00eancias.\u201d<\/em>, declarou <strong>Alexander Silva<\/strong>, Educador do CEDESP.<br><br><em>\u201cPara mim participar dos 105 anos do IDB foi uma experi\u00eancia \u00fanica, fazer parte dessa hist\u00f3ria \u00e9 sensacional. Momentos, hist\u00f3rias e lembran\u00e7as que ficar\u00e3o guardadas para o resto da vida.\u201d<\/em>,<strong> Isabelle Souza<\/strong>, Atendida no curso de Administra\u00e7\u00e3o.&nbsp;<\/p>\n\n\n\n<p>Seguindo as comemora\u00e7\u00f5es do m\u00eas, o intervalo musical foi diferente, o objetivo permaneceu: promover o fortalecimento de v\u00ednculos e conviv\u00eancia entre os atendidos, mas desta vez o CCA PROVIM tamb\u00e9m participou com uma homenagem especial para as mulheres: uma m\u00fasica autoral. O momento traz como proposta a oportunidade dos atendidos expressarem suas habilidades art\u00edsticas recitando, cantando, dan\u00e7ando e tocando instrumentos como viol\u00e3o e bateria.<br><br>A m\u00fasica \u00e9 a arte mais importante manifestada na sociedade, portanto esse momento do intervalo musical \u00e9 de extrema import\u00e2ncia para os nossos atendidos, pois percebemos que mesmo com as inseguran\u00e7as eles se desafiam em duplas ou em grupos de irem cantar e expressar o que eles gostam e o que s\u00e3o, al\u00e9m da conviv\u00eancia e trocas que acontece pelos gostos musicais e pela arte no geral.<br><br><em>\u201cNo intervalo musical al\u00e9m de estreitar os la\u00e7os, tamb\u00e9m serve para mostrar os talentos. Neste momento v\u00e1rios instrumentos ficam \u00e0 disposi\u00e7\u00e3o dos educandos como viol\u00e3o e bateria. Eu participei cantando com meus colegas e posso dizer que foi uma experi\u00eancia que jamais esquecerei. Quase todos estavam participando e cantando junto, ou com palmas ou s\u00f3 ouvindo e isso mostra como a m\u00fasica une as pessoas. A minha \u00fanica cr\u00edtica \u00e9 que infelizmente acontece s\u00f3 uma vez ao m\u00eas, poderia acontecer duas vezes no m\u00eas.\u201d <\/em><strong>Le\u00f4nidas de Oliveira Pereira<\/strong>, Atendido no curso de RH.&nbsp;<\/p>\n\n\n\n<p><strong>Visita ao Museu da L\u00edngua Portuguesa de S\u00e3o Paulo<br><\/strong>No dia 19 de abril, os educandos dos cursos de Assistente de Recursos Humanos e Auxiliar Mec\u00e2nico visitaram o Museu da L\u00edngua Portuguesa de S\u00e3o Paulo. O objetivo da visita \u00e9 a demonstra\u00e7\u00e3o sobre a comunica\u00e7\u00e3o: universal e diversificada, al\u00e9m de propor ao educando o desafio de interpretar a arte contempor\u00e2nea.<br><br>Com frases, fotos e objetos de diversas formas e materiais, os monitores foram apresentando os artistas e deixaram os educandos livres para a interpreta\u00e7\u00e3o das obras. Com isso, foi poss\u00edvel permitir que a imagina\u00e7\u00e3o de cada um fosse trabalhada de maneiras diferentes. Nesta visita-jogo foi abordado a l\u00edngua como objeto cultural, a partir dos<br>conte\u00fados presentes nas experi\u00eancias que fazem parte da exposi\u00e7\u00e3o. A atividade foi realizada por meio de percurso composto por instru\u00e7\u00f5es, desafios e objetos presentes no pr\u00f3prio espa\u00e7o expositivo. Cada etapa conduzia \u00e0 seguinte, fornecendo uma pista-mensagem a ser unida e desvendada no final.<br><br>\u201cNa visita ao Museu da L\u00edngua Portuguesa os educandos puderam perceber o qu\u00e3o ampla \u00e9 a forma de comunica\u00e7\u00e3o. Eles viram que a forma de se comunicar e expressar ideias vai al\u00e9m de escritas e desenhos convencionais. A imagina\u00e7\u00e3o do educando e a interpreta\u00e7\u00e3o que cada um deu \u00e0s obras vistas s\u00e3o \u00fanicas e pessoais. A maioria deles nunca tinham ido a um museu e foi uma experi\u00eancia que agregou muito ao conhecimento e crescimento de todos.\u201d, disseram Katiane Paes e Samir Mourad, Educadores dos cursos.<br><br>\u201cHoje n\u00f3s realizamos uma visita ao Museu da L\u00edngua Portuguesa de S\u00e3o Paulo. Considerando que l\u00e1 tem praticamente todo nosso contexto hist\u00f3rico, n\u00e3o podemos deixar de dar \u00eanfase no qu\u00e3o importante isso \u00e9 para o nosso conhecimento e crescimento pessoal e para nossa forma\u00e7\u00e3o no curso, desde que muitos dos relatos contados durante a visita, faz com que criemos mais conhecimentos que podem ser agregados positivamente no nosso futuro no mercado de trabalho. No museu as mensagens s\u00e3o passadas de forma clara, significativas, din\u00e2micas e interativas que cativam a quem est\u00e1 no ambiente. No geral a visita foi \u00f3tima e com toda certeza ir\u00e1 contribuir para com cada um que estava presente.\u201d, Vit\u00f3ria Guedes, Atendida no CEDESP.<br><br><strong>Cummins promove Workshop\u2019s de Finan\u00e7as e RH\u00a0 <br><\/strong>No dia 13 de mar\u00e7o os Atendidos dos Cursos de Assistente de Recursos Humanos e Auxiliar Administrativo participaram do Workshop de finan\u00e7as com a turma da Cummins. O objetivo era entender o conceito e funcionamento do setor financeiro dentro de uma organiza\u00e7\u00e3o. Os palestrantes se apresentaram, com breve apresenta\u00e7\u00e3o dos seus cargos, setores e da pr\u00f3pria Organiza\u00e7\u00e3o. A abordagem financeira iniciou com an\u00e1lise de cr\u00e9dito, como \u00e9 feita e quais as principais ferramentas utilizadas para chegar a uma concess\u00e3o ou n\u00e3o. Em seguida, entraram no aspecto cont\u00e1bil de uma empresa, apresentando demonstrativos como balan\u00e7o patrimonial e suas contas. Por fim, dicas de planejamento financeiro pessoal, como poupar e at\u00e9 mesmo fazer investimentos.<br><br><em>\u201cExperi\u00eancia riqu\u00edssima, que sem d\u00favidas agregou muito na forma\u00e7\u00e3o dos educandos, que al\u00e9m de absorverem o conte\u00fado te\u00f3rico tiveram a oportunidade de vivenciar na pr\u00e1tica atrav\u00e9s de din\u00e2micas propostas pelos palestrantes e, essa troca acrescenta muito, possibilita aprender com os colegas.\u201d, declarou <\/em><strong>Alexander. <\/strong><em><br><br>\u201cFoi uma experi\u00eancia muito boa principalmente por ser a \u00e1rea que eu quero atuar. Uma participa\u00e7\u00e3o incr\u00edvel que vou levar para minha vida, finan\u00e7as s\u00e3o importantes para o mundo do trabalho, aprendi bastante.\u201d, <\/em><strong>disse Sophia Santana, curso de ADM.\u00a0<\/strong><\/p>\n\n\n\n<p>J\u00e1 no dia 16 de abril o momento formativo foi com a turma de Recursos humanos com a presen\u00e7a dos jovens adultos do CEDESP BR e tamb\u00e9m da unidade Vila Paulistana. O momento trouxe aprendizados como: RH estrat\u00e9gico e como aplic\u00e1-lo; apresentar os subsistemas do departamento; mostrar temas que s\u00e3o importantes na motiva\u00e7\u00e3o e engajamento dos colaboradores; mencionar como \u00e9 feito recrutamento e sele\u00e7\u00e3o numa empresa global.<br>As analistas de Rh Camila Iazeta e Mayara Garcia, realizaram todo o processo formativo, compartilhando ainda suas viv\u00eancias e experi\u00eancias profissionais e, como trilharam seus caminhos at\u00e9 onde est\u00e3o atualmente. Os analistas trouxeram ainda ferramentas \u00fateis para desenvolver e motivar os colaboradores, assim como a integra\u00e7\u00e3o dos novos. O clima organizacional foi um tema bastante discutido pois, atrav\u00e9s de um bom clima, onde o colaborador \u00e9 considerado parte da empresa com sentimento de pertencimento, qualidade de vida, reconhecimento, flexibilidade, entre outros, a qualidade do servi\u00e7o e o n\u00edvel de satisfa\u00e7\u00e3o dos clientes s\u00f3 tendem a aumentar. Carreira foi outro tema abordado.<br><br><em>\u201cA parceria com a Cummins Brasil traz para n\u00f3s uma troca muito enriquecedora. Saber que nossos educandos est\u00e3o atualizados com o mundo do trabalho atrav\u00e9s dos conhecimentos adquiridos durante o curso \u00e9 muito satisfat\u00f3rio. Durante o momento os Atendidos participam com bastante afinco do Workshop com perguntas e trocas de viv\u00eancias, al\u00e9m de compartilharem seus objetivos como futuros profissionais do setor de Recursos Humanos. No final definimos o que seria workshop como sendo uma agrad\u00e1vel roda de conversa.\u201d<\/em>, disseram:<strong> Katiane Paes e Ana Claudia<\/strong>, Educadoras respons\u00e1veis dos cursos.<br><br><em>\u201cO workshop da Cummins Brasil foi muito bem elaborado, muito informativo e importante para n\u00f3s, que estamos entrando na \u00e1rea de recursos humanos, assim pudemos sentir um pouco como \u00e9 na pr\u00e1tica. Camila Iazeta e Mayara Gracia, conduziram com excel\u00eancia e de uma forma que nos envolveu nos assuntos abordados e pudemos compreender as dificuldades e a paix\u00e3o de fazer parte do setor de recursos humanos de uma empresa. Observamos que os conte\u00fados aplicados em sala de aula condizem com as pr\u00e1ticas do dia a dia nas empresas. Temas como integra\u00e7\u00e3o, clima organizacional, lideran\u00e7a, planejamento estrat\u00e9gico e plano de carreira s\u00e3o abordados em sala e ficamos muito felizes em saber que estamos num curso super atualizado com o mercado de trabalho.\u201d, <\/em>Depoimentos das Educandas unidade Bom Retiro: <strong>Jhenyfer Vitoria da Concei\u00e7\u00e3o Silva e Naely Santos Silva<\/strong><strong><br><\/strong><strong><em><br><\/em><\/strong><em>\u201cAp\u00f3s uma pequena palestra sobre como funciona, o que \u00e9 a empresa Cummins, como a mesma atua, notei que nada poderia acontecer se n\u00e3o existisse a \u00e1rea de Recursos Humanos, \u00e1rea de gente e gest\u00e3o. Como todas as empresas t\u00eam que ter o RH presente, estrat\u00e9gico. Gostei muito das representantes, fiquei muito confort\u00e1vel, foram muito claras e objetivas com o intuito de passar todas as informa\u00e7\u00f5es precisas em rela\u00e7\u00e3o ao RH. Eu amei quando fui cumprimentar e agradecer a elas e, uma delas me disse para n\u00e3o desistir dos estudos, prosseguir, enfrentando qualquer tipo de dificuldade sem ter medo de arriscar, que quem sabe de repente n\u00f3s duas nos encontramos l\u00e1 na Cummins trabalhando juntas. E, confesso que me senti grande pois, eu me menosprezo muito. Tudo o que foi apresentado foi incr\u00edvel, o meu sonho de continuar e ingressar na \u00e1rea de RH s\u00f3 aumentou. Obrigada.\u201d,<\/em> Depoimento das Educanda unidade Vila Paulistana: <strong>Leila Santos Ara\u00fajo da Silva.<\/strong><\/p>\n\n\n\n<p><strong><em><a href=\"https:\/\/www.facebook.com\/media\/set\/?vanity=InstitutoDomBoscoBomRetiro&amp;set=a.932540735542408\" data-type=\"link\" data-id=\"https:\/\/www.facebook.com\/media\/set\/?vanity=InstitutoDomBoscoBomRetiro&amp;set=a.932540735542408\">Clique aqui para ver todas as fotos<\/a><\/em><\/strong><\/p>\n","protected":false},"excerpt":{"rendered":"<p>Mar\u00e7o FestivoNo m\u00eas de mar\u00e7o, al\u00e9m das comemora\u00e7\u00f5es dos aniversariantes do m\u00eas, em momento formativo, onde resumidamente foi contado toda a trajet\u00f3ria do instituto destacando alguns pontos de sua hist\u00f3ria, a equipe do CEDESP Bom Retiro, junto aos Atendidos, celebrou tamb\u00e9m os 105 anos do Instituto. Jogos de mesa, brinquedos infl\u00e1veis como futebol de sab\u00e3o [&hellip;]<\/p>\n","protected":false},"author":27,"featured_media":6011,"comment_status":"open","ping_status":"open","sticky":false,"template":"","format":"standard","meta":{"footnotes":""},"categories":[59],"tags":[],"class_list":["post-6009","post","type-post","status-publish","format-standard","has-post-thumbnail","hentry","category-noticias"],"yoast_head":"<!-- This site is optimized with the Yoast SEO plugin v27.5 - https:\/\/yoast.com\/product\/yoast-seo-wordpress\/ -->\n<title>CEDESP BR: Festividades, Workshop\u2019s e visita cultural\u00a0 - Instituto Dom Bosco<\/title>\n<meta name=\"robots\" content=\"index, follow, max-snippet:-1, max-image-preview:large, max-video-preview:-1\" \/>\n<link rel=\"canonical\" href=\"https:\/\/salesianossp.org.br\/osbomretiro\/cedesp-br-festividades-workshops-e-visita-cultural\/\" \/>\n<meta property=\"og:locale\" content=\"pt_BR\" \/>\n<meta property=\"og:type\" content=\"article\" \/>\n<meta property=\"og:title\" content=\"CEDESP BR: Festividades, Workshop\u2019s e visita cultural\u00a0 - Instituto Dom Bosco\" \/>\n<meta property=\"og:description\" content=\"Mar\u00e7o FestivoNo m\u00eas de mar\u00e7o, al\u00e9m das comemora\u00e7\u00f5es dos aniversariantes do m\u00eas, em momento formativo, onde resumidamente foi contado toda a trajet\u00f3ria do instituto destacando alguns pontos de sua hist\u00f3ria, a equipe do CEDESP Bom Retiro, junto aos Atendidos, celebrou tamb\u00e9m os 105 anos do Instituto. Jogos de mesa, brinquedos infl\u00e1veis como futebol de sab\u00e3o [&hellip;]\" \/>\n<meta property=\"og:url\" content=\"https:\/\/salesianossp.org.br\/osbomretiro\/cedesp-br-festividades-workshops-e-visita-cultural\/\" \/>\n<meta property=\"og:site_name\" content=\"Instituto Dom Bosco\" \/>\n<meta property=\"article:publisher\" content=\"https:\/\/www.facebook.com\/InstitutoDomBoscoBomRetiro\/\" \/>\n<meta property=\"article:published_time\" content=\"2024-05-06T18:17:59+00:00\" \/>\n<meta property=\"og:image\" content=\"https:\/\/salesianossp.org.br\/osbomretiro\/wp-content\/uploads\/2024\/05\/Post-IDB--scaled.png\" \/>\n\t<meta property=\"og:image:width\" content=\"2560\" \/>\n\t<meta property=\"og:image:height\" content=\"2560\" \/>\n\t<meta property=\"og:image:type\" content=\"image\/png\" \/>\n<meta name=\"author\" content=\"Lucas Rodrigues\" \/>\n<meta name=\"twitter:card\" content=\"summary_large_image\" \/>\n<meta name=\"twitter:label1\" content=\"Escrito por\" \/>\n\t<meta name=\"twitter:data1\" content=\"Lucas Rodrigues\" \/>\n\t<meta name=\"twitter:label2\" content=\"Est. tempo de leitura\" \/>\n\t<meta name=\"twitter:data2\" content=\"8 minutos\" \/>\n<script type=\"application\/ld+json\" class=\"yoast-schema-graph\">{\"@context\":\"https:\\\/\\\/schema.org\",\"@graph\":[{\"@type\":\"Article\",\"@id\":\"https:\\\/\\\/salesianossp.org.br\\\/osbomretiro\\\/cedesp-br-festividades-workshops-e-visita-cultural\\\/#article\",\"isPartOf\":{\"@id\":\"https:\\\/\\\/salesianossp.org.br\\\/osbomretiro\\\/cedesp-br-festividades-workshops-e-visita-cultural\\\/\"},\"author\":{\"name\":\"Lucas Rodrigues\",\"@id\":\"https:\\\/\\\/salesianossp.org.br\\\/osbomretiro\\\/#\\\/schema\\\/person\\\/3091f5c85d13f1f81c2eadb190445d2e\"},\"headline\":\"CEDESP BR: Festividades, Workshop\u2019s e visita cultural\u00a0\",\"datePublished\":\"2024-05-06T18:17:59+00:00\",\"mainEntityOfPage\":{\"@id\":\"https:\\\/\\\/salesianossp.org.br\\\/osbomretiro\\\/cedesp-br-festividades-workshops-e-visita-cultural\\\/\"},\"wordCount\":1639,\"commentCount\":0,\"publisher\":{\"@id\":\"https:\\\/\\\/salesianossp.org.br\\\/osbomretiro\\\/#organization\"},\"image\":{\"@id\":\"https:\\\/\\\/salesianossp.org.br\\\/osbomretiro\\\/cedesp-br-festividades-workshops-e-visita-cultural\\\/#primaryimage\"},\"thumbnailUrl\":\"https:\\\/\\\/salesianossp.org.br\\\/osbomretiro\\\/wp-content\\\/uploads\\\/2024\\\/05\\\/Post-IDB--scaled.png\",\"articleSection\":[\"Not\u00edcias\"],\"inLanguage\":\"pt-BR\",\"potentialAction\":[{\"@type\":\"CommentAction\",\"name\":\"Comment\",\"target\":[\"https:\\\/\\\/salesianossp.org.br\\\/osbomretiro\\\/cedesp-br-festividades-workshops-e-visita-cultural\\\/#respond\"]}]},{\"@type\":\"WebPage\",\"@id\":\"https:\\\/\\\/salesianossp.org.br\\\/osbomretiro\\\/cedesp-br-festividades-workshops-e-visita-cultural\\\/\",\"url\":\"https:\\\/\\\/salesianossp.org.br\\\/osbomretiro\\\/cedesp-br-festividades-workshops-e-visita-cultural\\\/\",\"name\":\"CEDESP BR: Festividades, Workshop\u2019s e visita cultural\u00a0 - Instituto Dom Bosco\",\"isPartOf\":{\"@id\":\"https:\\\/\\\/salesianossp.org.br\\\/osbomretiro\\\/#website\"},\"primaryImageOfPage\":{\"@id\":\"https:\\\/\\\/salesianossp.org.br\\\/osbomretiro\\\/cedesp-br-festividades-workshops-e-visita-cultural\\\/#primaryimage\"},\"image\":{\"@id\":\"https:\\\/\\\/salesianossp.org.br\\\/osbomretiro\\\/cedesp-br-festividades-workshops-e-visita-cultural\\\/#primaryimage\"},\"thumbnailUrl\":\"https:\\\/\\\/salesianossp.org.br\\\/osbomretiro\\\/wp-content\\\/uploads\\\/2024\\\/05\\\/Post-IDB--scaled.png\",\"datePublished\":\"2024-05-06T18:17:59+00:00\",\"breadcrumb\":{\"@id\":\"https:\\\/\\\/salesianossp.org.br\\\/osbomretiro\\\/cedesp-br-festividades-workshops-e-visita-cultural\\\/#breadcrumb\"},\"inLanguage\":\"pt-BR\",\"potentialAction\":[{\"@type\":\"ReadAction\",\"target\":[\"https:\\\/\\\/salesianossp.org.br\\\/osbomretiro\\\/cedesp-br-festividades-workshops-e-visita-cultural\\\/\"]}]},{\"@type\":\"ImageObject\",\"inLanguage\":\"pt-BR\",\"@id\":\"https:\\\/\\\/salesianossp.org.br\\\/osbomretiro\\\/cedesp-br-festividades-workshops-e-visita-cultural\\\/#primaryimage\",\"url\":\"https:\\\/\\\/salesianossp.org.br\\\/osbomretiro\\\/wp-content\\\/uploads\\\/2024\\\/05\\\/Post-IDB--scaled.png\",\"contentUrl\":\"https:\\\/\\\/salesianossp.org.br\\\/osbomretiro\\\/wp-content\\\/uploads\\\/2024\\\/05\\\/Post-IDB--scaled.png\",\"width\":2560,\"height\":2560},{\"@type\":\"BreadcrumbList\",\"@id\":\"https:\\\/\\\/salesianossp.org.br\\\/osbomretiro\\\/cedesp-br-festividades-workshops-e-visita-cultural\\\/#breadcrumb\",\"itemListElement\":[{\"@type\":\"ListItem\",\"position\":1,\"name\":\"In\u00edcio\",\"item\":\"https:\\\/\\\/salesianossp.org.br\\\/osbomretiro\\\/\"},{\"@type\":\"ListItem\",\"position\":2,\"name\":\"CEDESP BR: Festividades, Workshop\u2019s e visita cultural\u00a0\"}]},{\"@type\":\"WebSite\",\"@id\":\"https:\\\/\\\/salesianossp.org.br\\\/osbomretiro\\\/#website\",\"url\":\"https:\\\/\\\/salesianossp.org.br\\\/osbomretiro\\\/\",\"name\":\"Instituto Dom Bosco\",\"description\":\"\",\"publisher\":{\"@id\":\"https:\\\/\\\/salesianossp.org.br\\\/osbomretiro\\\/#organization\"},\"potentialAction\":[{\"@type\":\"SearchAction\",\"target\":{\"@type\":\"EntryPoint\",\"urlTemplate\":\"https:\\\/\\\/salesianossp.org.br\\\/osbomretiro\\\/?s={search_term_string}\"},\"query-input\":{\"@type\":\"PropertyValueSpecification\",\"valueRequired\":true,\"valueName\":\"search_term_string\"}}],\"inLanguage\":\"pt-BR\"},{\"@type\":\"Organization\",\"@id\":\"https:\\\/\\\/salesianossp.org.br\\\/osbomretiro\\\/#organization\",\"name\":\"Instituto Dom Bosco\",\"url\":\"https:\\\/\\\/salesianossp.org.br\\\/osbomretiro\\\/\",\"logo\":{\"@type\":\"ImageObject\",\"inLanguage\":\"pt-BR\",\"@id\":\"https:\\\/\\\/salesianossp.org.br\\\/osbomretiro\\\/#\\\/schema\\\/logo\\\/image\\\/\",\"url\":\"https:\\\/\\\/salesianossp.org.br\\\/osbomretiro\\\/wp-content\\\/uploads\\\/2025\\\/10\\\/logotipo-instituto-dom-bosco-color-56.svg\",\"contentUrl\":\"https:\\\/\\\/salesianossp.org.br\\\/osbomretiro\\\/wp-content\\\/uploads\\\/2025\\\/10\\\/logotipo-instituto-dom-bosco-color-56.svg\",\"width\":164,\"height\":56,\"caption\":\"Instituto Dom Bosco\"},\"image\":{\"@id\":\"https:\\\/\\\/salesianossp.org.br\\\/osbomretiro\\\/#\\\/schema\\\/logo\\\/image\\\/\"},\"sameAs\":[\"https:\\\/\\\/www.facebook.com\\\/InstitutoDomBoscoBomRetiro\\\/\",\"https:\\\/\\\/www.youtube.com\\\/user\\\/Institutodb\",\"https:\\\/\\\/www.instagram.com\\\/institutodb\\\/\"]},{\"@type\":\"Person\",\"@id\":\"https:\\\/\\\/salesianossp.org.br\\\/osbomretiro\\\/#\\\/schema\\\/person\\\/3091f5c85d13f1f81c2eadb190445d2e\",\"name\":\"Lucas Rodrigues\",\"image\":{\"@type\":\"ImageObject\",\"inLanguage\":\"pt-BR\",\"@id\":\"https:\\\/\\\/secure.gravatar.com\\\/avatar\\\/0ad9c966c6ed3335d7fffe2c3b88880dd298c0817b71e20a6955c38f2a53f746?s=96&d=mm&r=g\",\"url\":\"https:\\\/\\\/secure.gravatar.com\\\/avatar\\\/0ad9c966c6ed3335d7fffe2c3b88880dd298c0817b71e20a6955c38f2a53f746?s=96&d=mm&r=g\",\"contentUrl\":\"https:\\\/\\\/secure.gravatar.com\\\/avatar\\\/0ad9c966c6ed3335d7fffe2c3b88880dd298c0817b71e20a6955c38f2a53f746?s=96&d=mm&r=g\",\"caption\":\"Lucas Rodrigues\"},\"url\":\"https:\\\/\\\/salesianossp.org.br\\\/osbomretiro\\\/author\\\/lucas-rodrigues\\\/\"}]}<\/script>\n<!-- \/ Yoast SEO plugin. -->","yoast_head_json":{"title":"CEDESP BR: Festividades, Workshop\u2019s e visita cultural\u00a0 - Instituto Dom Bosco","robots":{"index":"index","follow":"follow","max-snippet":"max-snippet:-1","max-image-preview":"max-image-preview:large","max-video-preview":"max-video-preview:-1"},"canonical":"https:\/\/salesianossp.org.br\/osbomretiro\/cedesp-br-festividades-workshops-e-visita-cultural\/","og_locale":"pt_BR","og_type":"article","og_title":"CEDESP BR: Festividades, Workshop\u2019s e visita cultural\u00a0 - Instituto Dom Bosco","og_description":"Mar\u00e7o FestivoNo m\u00eas de mar\u00e7o, al\u00e9m das comemora\u00e7\u00f5es dos aniversariantes do m\u00eas, em momento formativo, onde resumidamente foi contado toda a trajet\u00f3ria do instituto destacando alguns pontos de sua hist\u00f3ria, a equipe do CEDESP Bom Retiro, junto aos Atendidos, celebrou tamb\u00e9m os 105 anos do Instituto. Jogos de mesa, brinquedos infl\u00e1veis como futebol de sab\u00e3o [&hellip;]","og_url":"https:\/\/salesianossp.org.br\/osbomretiro\/cedesp-br-festividades-workshops-e-visita-cultural\/","og_site_name":"Instituto Dom Bosco","article_publisher":"https:\/\/www.facebook.com\/InstitutoDomBoscoBomRetiro\/","article_published_time":"2024-05-06T18:17:59+00:00","og_image":[{"width":2560,"height":2560,"url":"https:\/\/salesianossp.org.br\/osbomretiro\/wp-content\/uploads\/2024\/05\/Post-IDB--scaled.png","type":"image\/png"}],"author":"Lucas Rodrigues","twitter_card":"summary_large_image","twitter_misc":{"Escrito por":"Lucas Rodrigues","Est. tempo de leitura":"8 minutos"},"schema":{"@context":"https:\/\/schema.org","@graph":[{"@type":"Article","@id":"https:\/\/salesianossp.org.br\/osbomretiro\/cedesp-br-festividades-workshops-e-visita-cultural\/#article","isPartOf":{"@id":"https:\/\/salesianossp.org.br\/osbomretiro\/cedesp-br-festividades-workshops-e-visita-cultural\/"},"author":{"name":"Lucas Rodrigues","@id":"https:\/\/salesianossp.org.br\/osbomretiro\/#\/schema\/person\/3091f5c85d13f1f81c2eadb190445d2e"},"headline":"CEDESP BR: Festividades, Workshop\u2019s e visita cultural\u00a0","datePublished":"2024-05-06T18:17:59+00:00","mainEntityOfPage":{"@id":"https:\/\/salesianossp.org.br\/osbomretiro\/cedesp-br-festividades-workshops-e-visita-cultural\/"},"wordCount":1639,"commentCount":0,"publisher":{"@id":"https:\/\/salesianossp.org.br\/osbomretiro\/#organization"},"image":{"@id":"https:\/\/salesianossp.org.br\/osbomretiro\/cedesp-br-festividades-workshops-e-visita-cultural\/#primaryimage"},"thumbnailUrl":"https:\/\/salesianossp.org.br\/osbomretiro\/wp-content\/uploads\/2024\/05\/Post-IDB--scaled.png","articleSection":["Not\u00edcias"],"inLanguage":"pt-BR","potentialAction":[{"@type":"CommentAction","name":"Comment","target":["https:\/\/salesianossp.org.br\/osbomretiro\/cedesp-br-festividades-workshops-e-visita-cultural\/#respond"]}]},{"@type":"WebPage","@id":"https:\/\/salesianossp.org.br\/osbomretiro\/cedesp-br-festividades-workshops-e-visita-cultural\/","url":"https:\/\/salesianossp.org.br\/osbomretiro\/cedesp-br-festividades-workshops-e-visita-cultural\/","name":"CEDESP BR: Festividades, Workshop\u2019s e visita cultural\u00a0 - Instituto Dom Bosco","isPartOf":{"@id":"https:\/\/salesianossp.org.br\/osbomretiro\/#website"},"primaryImageOfPage":{"@id":"https:\/\/salesianossp.org.br\/osbomretiro\/cedesp-br-festividades-workshops-e-visita-cultural\/#primaryimage"},"image":{"@id":"https:\/\/salesianossp.org.br\/osbomretiro\/cedesp-br-festividades-workshops-e-visita-cultural\/#primaryimage"},"thumbnailUrl":"https:\/\/salesianossp.org.br\/osbomretiro\/wp-content\/uploads\/2024\/05\/Post-IDB--scaled.png","datePublished":"2024-05-06T18:17:59+00:00","breadcrumb":{"@id":"https:\/\/salesianossp.org.br\/osbomretiro\/cedesp-br-festividades-workshops-e-visita-cultural\/#breadcrumb"},"inLanguage":"pt-BR","potentialAction":[{"@type":"ReadAction","target":["https:\/\/salesianossp.org.br\/osbomretiro\/cedesp-br-festividades-workshops-e-visita-cultural\/"]}]},{"@type":"ImageObject","inLanguage":"pt-BR","@id":"https:\/\/salesianossp.org.br\/osbomretiro\/cedesp-br-festividades-workshops-e-visita-cultural\/#primaryimage","url":"https:\/\/salesianossp.org.br\/osbomretiro\/wp-content\/uploads\/2024\/05\/Post-IDB--scaled.png","contentUrl":"https:\/\/salesianossp.org.br\/osbomretiro\/wp-content\/uploads\/2024\/05\/Post-IDB--scaled.png","width":2560,"height":2560},{"@type":"BreadcrumbList","@id":"https:\/\/salesianossp.org.br\/osbomretiro\/cedesp-br-festividades-workshops-e-visita-cultural\/#breadcrumb","itemListElement":[{"@type":"ListItem","position":1,"name":"In\u00edcio","item":"https:\/\/salesianossp.org.br\/osbomretiro\/"},{"@type":"ListItem","position":2,"name":"CEDESP BR: Festividades, Workshop\u2019s e visita cultural\u00a0"}]},{"@type":"WebSite","@id":"https:\/\/salesianossp.org.br\/osbomretiro\/#website","url":"https:\/\/salesianossp.org.br\/osbomretiro\/","name":"Instituto Dom Bosco","description":"","publisher":{"@id":"https:\/\/salesianossp.org.br\/osbomretiro\/#organization"},"potentialAction":[{"@type":"SearchAction","target":{"@type":"EntryPoint","urlTemplate":"https:\/\/salesianossp.org.br\/osbomretiro\/?s={search_term_string}"},"query-input":{"@type":"PropertyValueSpecification","valueRequired":true,"valueName":"search_term_string"}}],"inLanguage":"pt-BR"},{"@type":"Organization","@id":"https:\/\/salesianossp.org.br\/osbomretiro\/#organization","name":"Instituto Dom Bosco","url":"https:\/\/salesianossp.org.br\/osbomretiro\/","logo":{"@type":"ImageObject","inLanguage":"pt-BR","@id":"https:\/\/salesianossp.org.br\/osbomretiro\/#\/schema\/logo\/image\/","url":"https:\/\/salesianossp.org.br\/osbomretiro\/wp-content\/uploads\/2025\/10\/logotipo-instituto-dom-bosco-color-56.svg","contentUrl":"https:\/\/salesianossp.org.br\/osbomretiro\/wp-content\/uploads\/2025\/10\/logotipo-instituto-dom-bosco-color-56.svg","width":164,"height":56,"caption":"Instituto Dom Bosco"},"image":{"@id":"https:\/\/salesianossp.org.br\/osbomretiro\/#\/schema\/logo\/image\/"},"sameAs":["https:\/\/www.facebook.com\/InstitutoDomBoscoBomRetiro\/","https:\/\/www.youtube.com\/user\/Institutodb","https:\/\/www.instagram.com\/institutodb\/"]},{"@type":"Person","@id":"https:\/\/salesianossp.org.br\/osbomretiro\/#\/schema\/person\/3091f5c85d13f1f81c2eadb190445d2e","name":"Lucas Rodrigues","image":{"@type":"ImageObject","inLanguage":"pt-BR","@id":"https:\/\/secure.gravatar.com\/avatar\/0ad9c966c6ed3335d7fffe2c3b88880dd298c0817b71e20a6955c38f2a53f746?s=96&d=mm&r=g","url":"https:\/\/secure.gravatar.com\/avatar\/0ad9c966c6ed3335d7fffe2c3b88880dd298c0817b71e20a6955c38f2a53f746?s=96&d=mm&r=g","contentUrl":"https:\/\/secure.gravatar.com\/avatar\/0ad9c966c6ed3335d7fffe2c3b88880dd298c0817b71e20a6955c38f2a53f746?s=96&d=mm&r=g","caption":"Lucas Rodrigues"},"url":"https:\/\/salesianossp.org.br\/osbomretiro\/author\/lucas-rodrigues\/"}]}},"_links":{"self":[{"href":"https:\/\/salesianossp.org.br\/osbomretiro\/wp-json\/wp\/v2\/posts\/6009","targetHints":{"allow":["GET"]}}],"collection":[{"href":"https:\/\/salesianossp.org.br\/osbomretiro\/wp-json\/wp\/v2\/posts"}],"about":[{"href":"https:\/\/salesianossp.org.br\/osbomretiro\/wp-json\/wp\/v2\/types\/post"}],"author":[{"embeddable":true,"href":"https:\/\/salesianossp.org.br\/osbomretiro\/wp-json\/wp\/v2\/users\/27"}],"replies":[{"embeddable":true,"href":"https:\/\/salesianossp.org.br\/osbomretiro\/wp-json\/wp\/v2\/comments?post=6009"}],"version-history":[{"count":0,"href":"https:\/\/salesianossp.org.br\/osbomretiro\/wp-json\/wp\/v2\/posts\/6009\/revisions"}],"wp:featuredmedia":[{"embeddable":true,"href":"https:\/\/salesianossp.org.br\/osbomretiro\/wp-json\/wp\/v2\/media\/6011"}],"wp:attachment":[{"href":"https:\/\/salesianossp.org.br\/osbomretiro\/wp-json\/wp\/v2\/media?parent=6009"}],"wp:term":[{"taxonomy":"category","embeddable":true,"href":"https:\/\/salesianossp.org.br\/osbomretiro\/wp-json\/wp\/v2\/categories?post=6009"},{"taxonomy":"post_tag","embeddable":true,"href":"https:\/\/salesianossp.org.br\/osbomretiro\/wp-json\/wp\/v2\/tags?post=6009"}],"curies":[{"name":"wp","href":"https:\/\/api.w.org\/{rel}","templated":true}]}}