{"id":6169,"date":"2024-06-21T16:57:30","date_gmt":"2024-06-21T19:57:30","guid":{"rendered":"https:\/\/salesianossp.org.br\/osbomretiro\/?p=6169"},"modified":"2024-06-21T16:57:30","modified_gmt":"2024-06-21T19:57:30","slug":"junho-violeta-mes-da-conscientizacao-da-violencia-contra-a-pessoa-idosa","status":"publish","type":"post","link":"https:\/\/salesianossp.org.br\/osbomretiro\/junho-violeta-mes-da-conscientizacao-da-violencia-contra-a-pessoa-idosa\/","title":{"rendered":"Junho violeta: M\u00eas da Conscientiza\u00e7\u00e3o da viol\u00eancia contra a pessoa idosa"},"content":{"rendered":"\n<p><strong>NCI Castelinho:<\/strong><\/p>\n\n\n\n<p>Na semana do dia 15 de junho, data que celebra o m\u00eas da Conscientiza\u00e7\u00e3o da viol\u00eancia contra a pessoa idosa, o N\u00facleo de Conviv\u00eancia do Idoso NCI, Unidade Castelinho Dom Bosco Cidade Ademar, vivenciou do dia 7 ao dia 14 de junho momentos formativos e de preven\u00e7\u00e3o voltados para os idosos. Junto dos Educadores, os Atendidos contaram com as\u00a0Palestras de: Alimenta\u00e7\u00e3o Saud\u00e1vel com a Dra. Karen e equipe; Higiene bucal com aferi\u00e7\u00e3o da press\u00e3o arterial e de glicemia com a Dra Eliane e Preven\u00e7\u00e3o de quedas e Descarte de medicamentos com a Fisioterapeuta Dra Daiane e equipe UBS Jd, Selma e APA junto com o NASF UBS\/PSF Vila Imp\u00e9rio 2 Saca e Lucas do PAPS Programa Ambientes Verdes e Saud\u00e1veis.\u00a0<br><br>Sobre uma alimenta\u00e7\u00e3o saud\u00e1vel ajuda a proteger contra a m\u00e1 nutri\u00e7\u00e3o em todas as suas formas, bem como contra as doen\u00e7as cr\u00f4nicas n\u00e3o transmiss\u00edveis (DCNT), entre elas diabetes, doen\u00e7as cardiovasculares, AVC e c\u00e2ncer. A alimenta\u00e7\u00e3o n\u00e3o saud\u00e1vel e a falta de atividade f\u00edsica s\u00e3o os principais riscos globais para a sa\u00fade. J\u00e1 a higiene bucal \u00e9 fundamental para nossa sa\u00fade, evitando problemas como gengivite, c\u00e1rie e t\u00e1rtaro, entre outras doen\u00e7as. Al\u00e9m disso, essa pr\u00e1tica nos possibilita uma apar\u00eancia melhor e permite um processo digestivo adequado, uma vez que os dentes iniciam a digest\u00e3o mec\u00e2nica. Sobre a preven\u00e7\u00e3o de quedas \u00e9 reduzir a ocorr\u00eancia de queda de pacientes nos pontos de assist\u00eancia e o dano dela decorrente, por meio da implanta\u00e7\u00e3o\/implementa\u00e7\u00e3o de medidas que contemplem a avalia\u00e7\u00e3o de risco do paciente, garantam o cuidado multiprofissional em um ambiente seguro, e promovam a educa\u00e7\u00e3o do paciente, familiares e profissionais. Al\u00e9m da preven\u00e7\u00e3o de quedas, a turma ainda trouxe a import\u00e2ncia do descarte correto de medicamentos, a fim de cuidar do meio ambiente; este \u00faltimo foi apresentado pelo Lucas.<\/p>\n\n\n\n<p><em>\u201cForam dois dias de grande conhecimento para os atendidos do NCI no qual puderam entender a grande import\u00e2ncia sobre se cuidar bem, tendo uma alimenta\u00e7\u00e3o saud\u00e1vel para que o organismo n\u00e3o sofra com as defici\u00eancias nutricionais, o que pode acarretar em uma hipertens\u00e3o, diabetes ou at\u00e9 mesmo car\u00eancias que levam o idoso a sofrer quedas. Na quest\u00e3o ambiental houve a troca de conhecimentos no qual os idosos falaram de suas a\u00e7\u00f5es da Alian\u00e7a Verde, sobre a recolha das tampinhas e dos lacres.\u201d, disse <\/em><strong><em>Joselma Aparecida<\/em><\/strong><em>, T\u00e9cnica Psic\u00f3loga do NCI.\u00a0<\/em><\/p>\n\n\n\n<p><strong>CCA PROVIM Bom Retiro:&nbsp;<\/strong><\/p>\n\n\n\n<p>No momento de acolhida do CCA PROVIM, Unidade Bom Retiro, foi abordado o tema. A Educadora Kadja Reis, explicou, passou um v\u00eddeo sobre a data e re-escreveu o poema de Li Tavares, confira:&nbsp;<\/p>\n\n\n\n<p><em>\u201cHoje vamos falar um pouco do idoso,<\/em><br><em>que muitos os tratam com desd\u00e9m,<\/em><br><em>s\u00f3 que os jovens \u00e0s vezes esquecem que seu futuro<\/em><br><em>\u00e9 ser um idoso tamb\u00e9m.<\/em><br><em>Sua pele n\u00e3o \u00e9 a mesma<\/em><br><em>s\u00e3o delicadas como a mais pura seda.<\/em><br><em>Seus olhos podem ser de s\u00faplicas e afli\u00e7\u00e3o,<\/em><br><em>precisamos dar a eles toda nossa aten\u00e7\u00e3o.<\/em><br><em>\u00c0s vezes n\u00e3o conseguem ouvir direito, precisamos respeitar<\/em><br><em>Enxergar est\u00e1 dif\u00edcil, andar r\u00e1pido, perderam o equil\u00edbrio,<\/em><br><em>\u00a0n\u00e3o cometem erros por maldade<\/em><br><em>eles n\u00e3o voltaram a ser crian\u00e7as, respeitemos suas vontades.<\/em><br><em>Eles sabem que o tempo n\u00e3o \u00e9 mais t\u00e3o favor\u00e1vel<\/em><br><em>relembram a sua juventude com uma imensa saudade.<\/em><br><em>S\u00e3o tempos que n\u00e3o voltam, e est\u00e3o avan\u00e7ados na idade,<\/em><br><em>mas o que eles mais desejam \u00e9 que sua fam\u00edlia viva com tranquilidade.<\/em><br><em>N\u00e3o se sintam t\u00e3o soberbos meus jovens<\/em><br><em>pois seu tempo vai chegar, trate com respeito o idoso<\/em><br><em>Pois \u00e9 assim que v\u00e3o te tratar, o tempo n\u00e3o perdoa.<\/em><br><em>Podem se acostumar! Ele apenas devolve &#8220;aquilo que voc\u00ea d\u00e1&#8221;.<\/em><br><em>Ser idoso \u00e9 uma d\u00e1diva que poucos conseguem hoje em dia<\/em><br><em>pois as pessoas n\u00e3o s\u00e3o as mesmas, elas abreviam os seus dias.<\/em><br><em>Que Deus nos conceda viver uma vida santa e de bom grado<\/em><br><em>pois sabemos que colhemos tudo o que foi plantado.\u201d<\/em><br><em>Poema de Li Tavares, com adapta\u00e7\u00e3o de Kadja Silva.\u00a0<\/em><br><br><strong>Disque 100\u00a0<\/strong><\/p>\n\n\n\n<p><strong><em><a href=\"https:\/\/www.facebook.com\/media\/set\/?vanity=InstitutoDomBoscoBomRetiro&amp;set=a.964942942302187\" data-type=\"link\" data-id=\"https:\/\/www.facebook.com\/media\/set\/?vanity=InstitutoDomBoscoBomRetiro&amp;set=a.964942942302187\">Clique aqui para ver todas as fotos<\/a><\/em><\/strong><\/p>\n","protected":false},"excerpt":{"rendered":"<p>NCI Castelinho: Na semana do dia 15 de junho, data que celebra o m\u00eas da Conscientiza\u00e7\u00e3o da viol\u00eancia contra a pessoa idosa, o N\u00facleo de Conviv\u00eancia do Idoso NCI, Unidade Castelinho Dom Bosco Cidade Ademar, vivenciou do dia 7 ao dia 14 de junho momentos formativos e de preven\u00e7\u00e3o voltados para os idosos. Junto dos [&hellip;]<\/p>\n","protected":false},"author":27,"featured_media":6171,"comment_status":"open","ping_status":"open","sticky":false,"template":"","format":"standard","meta":{"footnotes":""},"categories":[59],"tags":[],"class_list":["post-6169","post","type-post","status-publish","format-standard","has-post-thumbnail","hentry","category-noticias"],"yoast_head":"<!-- This site is optimized with the Yoast SEO plugin v27.5 - https:\/\/yoast.com\/product\/yoast-seo-wordpress\/ -->\n<title>Junho violeta: M\u00eas da Conscientiza\u00e7\u00e3o da viol\u00eancia contra a pessoa idosa - Instituto Dom Bosco<\/title>\n<meta name=\"robots\" content=\"index, follow, max-snippet:-1, max-image-preview:large, max-video-preview:-1\" \/>\n<link rel=\"canonical\" href=\"https:\/\/salesianossp.org.br\/osbomretiro\/junho-violeta-mes-da-conscientizacao-da-violencia-contra-a-pessoa-idosa\/\" \/>\n<meta property=\"og:locale\" content=\"pt_BR\" \/>\n<meta property=\"og:type\" content=\"article\" \/>\n<meta property=\"og:title\" content=\"Junho violeta: M\u00eas da Conscientiza\u00e7\u00e3o da viol\u00eancia contra a pessoa idosa - Instituto Dom Bosco\" \/>\n<meta property=\"og:description\" content=\"NCI Castelinho: Na semana do dia 15 de junho, data que celebra o m\u00eas da Conscientiza\u00e7\u00e3o da viol\u00eancia contra a pessoa idosa, o N\u00facleo de Conviv\u00eancia do Idoso NCI, Unidade Castelinho Dom Bosco Cidade Ademar, vivenciou do dia 7 ao dia 14 de junho momentos formativos e de preven\u00e7\u00e3o voltados para os idosos. Junto dos [&hellip;]\" \/>\n<meta property=\"og:url\" content=\"https:\/\/salesianossp.org.br\/osbomretiro\/junho-violeta-mes-da-conscientizacao-da-violencia-contra-a-pessoa-idosa\/\" \/>\n<meta property=\"og:site_name\" content=\"Instituto Dom Bosco\" \/>\n<meta property=\"article:publisher\" content=\"https:\/\/www.facebook.com\/InstitutoDomBoscoBomRetiro\/\" \/>\n<meta property=\"article:published_time\" content=\"2024-06-21T19:57:30+00:00\" \/>\n<meta property=\"og:image\" content=\"https:\/\/salesianossp.org.br\/osbomretiro\/wp-content\/uploads\/2024\/06\/Post-IDB-1-2-scaled.png\" \/>\n\t<meta property=\"og:image:width\" content=\"2560\" \/>\n\t<meta property=\"og:image:height\" content=\"2560\" \/>\n\t<meta property=\"og:image:type\" content=\"image\/png\" \/>\n<meta name=\"author\" content=\"Lucas Rodrigues\" \/>\n<meta name=\"twitter:card\" content=\"summary_large_image\" \/>\n<meta name=\"twitter:label1\" content=\"Escrito por\" \/>\n\t<meta name=\"twitter:data1\" content=\"Lucas Rodrigues\" \/>\n\t<meta name=\"twitter:label2\" content=\"Est. tempo de leitura\" \/>\n\t<meta name=\"twitter:data2\" content=\"4 minutos\" \/>\n<script type=\"application\/ld+json\" class=\"yoast-schema-graph\">{\"@context\":\"https:\\\/\\\/schema.org\",\"@graph\":[{\"@type\":\"Article\",\"@id\":\"https:\\\/\\\/salesianossp.org.br\\\/osbomretiro\\\/junho-violeta-mes-da-conscientizacao-da-violencia-contra-a-pessoa-idosa\\\/#article\",\"isPartOf\":{\"@id\":\"https:\\\/\\\/salesianossp.org.br\\\/osbomretiro\\\/junho-violeta-mes-da-conscientizacao-da-violencia-contra-a-pessoa-idosa\\\/\"},\"author\":{\"name\":\"Lucas Rodrigues\",\"@id\":\"https:\\\/\\\/salesianossp.org.br\\\/osbomretiro\\\/#\\\/schema\\\/person\\\/3091f5c85d13f1f81c2eadb190445d2e\"},\"headline\":\"Junho violeta: M\u00eas da Conscientiza\u00e7\u00e3o da viol\u00eancia contra a pessoa idosa\",\"datePublished\":\"2024-06-21T19:57:30+00:00\",\"mainEntityOfPage\":{\"@id\":\"https:\\\/\\\/salesianossp.org.br\\\/osbomretiro\\\/junho-violeta-mes-da-conscientizacao-da-violencia-contra-a-pessoa-idosa\\\/\"},\"wordCount\":747,\"commentCount\":0,\"publisher\":{\"@id\":\"https:\\\/\\\/salesianossp.org.br\\\/osbomretiro\\\/#organization\"},\"image\":{\"@id\":\"https:\\\/\\\/salesianossp.org.br\\\/osbomretiro\\\/junho-violeta-mes-da-conscientizacao-da-violencia-contra-a-pessoa-idosa\\\/#primaryimage\"},\"thumbnailUrl\":\"https:\\\/\\\/salesianossp.org.br\\\/osbomretiro\\\/wp-content\\\/uploads\\\/2024\\\/06\\\/Post-IDB-1-2-scaled.png\",\"articleSection\":[\"Not\u00edcias\"],\"inLanguage\":\"pt-BR\",\"potentialAction\":[{\"@type\":\"CommentAction\",\"name\":\"Comment\",\"target\":[\"https:\\\/\\\/salesianossp.org.br\\\/osbomretiro\\\/junho-violeta-mes-da-conscientizacao-da-violencia-contra-a-pessoa-idosa\\\/#respond\"]}]},{\"@type\":\"WebPage\",\"@id\":\"https:\\\/\\\/salesianossp.org.br\\\/osbomretiro\\\/junho-violeta-mes-da-conscientizacao-da-violencia-contra-a-pessoa-idosa\\\/\",\"url\":\"https:\\\/\\\/salesianossp.org.br\\\/osbomretiro\\\/junho-violeta-mes-da-conscientizacao-da-violencia-contra-a-pessoa-idosa\\\/\",\"name\":\"Junho violeta: M\u00eas da Conscientiza\u00e7\u00e3o da viol\u00eancia contra a pessoa idosa - Instituto Dom Bosco\",\"isPartOf\":{\"@id\":\"https:\\\/\\\/salesianossp.org.br\\\/osbomretiro\\\/#website\"},\"primaryImageOfPage\":{\"@id\":\"https:\\\/\\\/salesianossp.org.br\\\/osbomretiro\\\/junho-violeta-mes-da-conscientizacao-da-violencia-contra-a-pessoa-idosa\\\/#primaryimage\"},\"image\":{\"@id\":\"https:\\\/\\\/salesianossp.org.br\\\/osbomretiro\\\/junho-violeta-mes-da-conscientizacao-da-violencia-contra-a-pessoa-idosa\\\/#primaryimage\"},\"thumbnailUrl\":\"https:\\\/\\\/salesianossp.org.br\\\/osbomretiro\\\/wp-content\\\/uploads\\\/2024\\\/06\\\/Post-IDB-1-2-scaled.png\",\"datePublished\":\"2024-06-21T19:57:30+00:00\",\"breadcrumb\":{\"@id\":\"https:\\\/\\\/salesianossp.org.br\\\/osbomretiro\\\/junho-violeta-mes-da-conscientizacao-da-violencia-contra-a-pessoa-idosa\\\/#breadcrumb\"},\"inLanguage\":\"pt-BR\",\"potentialAction\":[{\"@type\":\"ReadAction\",\"target\":[\"https:\\\/\\\/salesianossp.org.br\\\/osbomretiro\\\/junho-violeta-mes-da-conscientizacao-da-violencia-contra-a-pessoa-idosa\\\/\"]}]},{\"@type\":\"ImageObject\",\"inLanguage\":\"pt-BR\",\"@id\":\"https:\\\/\\\/salesianossp.org.br\\\/osbomretiro\\\/junho-violeta-mes-da-conscientizacao-da-violencia-contra-a-pessoa-idosa\\\/#primaryimage\",\"url\":\"https:\\\/\\\/salesianossp.org.br\\\/osbomretiro\\\/wp-content\\\/uploads\\\/2024\\\/06\\\/Post-IDB-1-2-scaled.png\",\"contentUrl\":\"https:\\\/\\\/salesianossp.org.br\\\/osbomretiro\\\/wp-content\\\/uploads\\\/2024\\\/06\\\/Post-IDB-1-2-scaled.png\",\"width\":2560,\"height\":2560},{\"@type\":\"BreadcrumbList\",\"@id\":\"https:\\\/\\\/salesianossp.org.br\\\/osbomretiro\\\/junho-violeta-mes-da-conscientizacao-da-violencia-contra-a-pessoa-idosa\\\/#breadcrumb\",\"itemListElement\":[{\"@type\":\"ListItem\",\"position\":1,\"name\":\"In\u00edcio\",\"item\":\"https:\\\/\\\/salesianossp.org.br\\\/osbomretiro\\\/\"},{\"@type\":\"ListItem\",\"position\":2,\"name\":\"Junho violeta: M\u00eas da Conscientiza\u00e7\u00e3o da viol\u00eancia contra a pessoa idosa\"}]},{\"@type\":\"WebSite\",\"@id\":\"https:\\\/\\\/salesianossp.org.br\\\/osbomretiro\\\/#website\",\"url\":\"https:\\\/\\\/salesianossp.org.br\\\/osbomretiro\\\/\",\"name\":\"Instituto Dom Bosco\",\"description\":\"\",\"publisher\":{\"@id\":\"https:\\\/\\\/salesianossp.org.br\\\/osbomretiro\\\/#organization\"},\"potentialAction\":[{\"@type\":\"SearchAction\",\"target\":{\"@type\":\"EntryPoint\",\"urlTemplate\":\"https:\\\/\\\/salesianossp.org.br\\\/osbomretiro\\\/?s={search_term_string}\"},\"query-input\":{\"@type\":\"PropertyValueSpecification\",\"valueRequired\":true,\"valueName\":\"search_term_string\"}}],\"inLanguage\":\"pt-BR\"},{\"@type\":\"Organization\",\"@id\":\"https:\\\/\\\/salesianossp.org.br\\\/osbomretiro\\\/#organization\",\"name\":\"Instituto Dom Bosco\",\"url\":\"https:\\\/\\\/salesianossp.org.br\\\/osbomretiro\\\/\",\"logo\":{\"@type\":\"ImageObject\",\"inLanguage\":\"pt-BR\",\"@id\":\"https:\\\/\\\/salesianossp.org.br\\\/osbomretiro\\\/#\\\/schema\\\/logo\\\/image\\\/\",\"url\":\"https:\\\/\\\/salesianossp.org.br\\\/osbomretiro\\\/wp-content\\\/uploads\\\/2025\\\/10\\\/logotipo-instituto-dom-bosco-color-56.svg\",\"contentUrl\":\"https:\\\/\\\/salesianossp.org.br\\\/osbomretiro\\\/wp-content\\\/uploads\\\/2025\\\/10\\\/logotipo-instituto-dom-bosco-color-56.svg\",\"width\":164,\"height\":56,\"caption\":\"Instituto Dom Bosco\"},\"image\":{\"@id\":\"https:\\\/\\\/salesianossp.org.br\\\/osbomretiro\\\/#\\\/schema\\\/logo\\\/image\\\/\"},\"sameAs\":[\"https:\\\/\\\/www.facebook.com\\\/InstitutoDomBoscoBomRetiro\\\/\",\"https:\\\/\\\/www.youtube.com\\\/user\\\/Institutodb\",\"https:\\\/\\\/www.instagram.com\\\/institutodb\\\/\"]},{\"@type\":\"Person\",\"@id\":\"https:\\\/\\\/salesianossp.org.br\\\/osbomretiro\\\/#\\\/schema\\\/person\\\/3091f5c85d13f1f81c2eadb190445d2e\",\"name\":\"Lucas Rodrigues\",\"image\":{\"@type\":\"ImageObject\",\"inLanguage\":\"pt-BR\",\"@id\":\"https:\\\/\\\/secure.gravatar.com\\\/avatar\\\/0ad9c966c6ed3335d7fffe2c3b88880dd298c0817b71e20a6955c38f2a53f746?s=96&d=mm&r=g\",\"url\":\"https:\\\/\\\/secure.gravatar.com\\\/avatar\\\/0ad9c966c6ed3335d7fffe2c3b88880dd298c0817b71e20a6955c38f2a53f746?s=96&d=mm&r=g\",\"contentUrl\":\"https:\\\/\\\/secure.gravatar.com\\\/avatar\\\/0ad9c966c6ed3335d7fffe2c3b88880dd298c0817b71e20a6955c38f2a53f746?s=96&d=mm&r=g\",\"caption\":\"Lucas Rodrigues\"},\"url\":\"https:\\\/\\\/salesianossp.org.br\\\/osbomretiro\\\/author\\\/lucas-rodrigues\\\/\"}]}<\/script>\n<!-- \/ Yoast SEO plugin. -->","yoast_head_json":{"title":"Junho violeta: M\u00eas da Conscientiza\u00e7\u00e3o da viol\u00eancia contra a pessoa idosa - Instituto Dom Bosco","robots":{"index":"index","follow":"follow","max-snippet":"max-snippet:-1","max-image-preview":"max-image-preview:large","max-video-preview":"max-video-preview:-1"},"canonical":"https:\/\/salesianossp.org.br\/osbomretiro\/junho-violeta-mes-da-conscientizacao-da-violencia-contra-a-pessoa-idosa\/","og_locale":"pt_BR","og_type":"article","og_title":"Junho violeta: M\u00eas da Conscientiza\u00e7\u00e3o da viol\u00eancia contra a pessoa idosa - Instituto Dom Bosco","og_description":"NCI Castelinho: Na semana do dia 15 de junho, data que celebra o m\u00eas da Conscientiza\u00e7\u00e3o da viol\u00eancia contra a pessoa idosa, o N\u00facleo de Conviv\u00eancia do Idoso NCI, Unidade Castelinho Dom Bosco Cidade Ademar, vivenciou do dia 7 ao dia 14 de junho momentos formativos e de preven\u00e7\u00e3o voltados para os idosos. Junto dos [&hellip;]","og_url":"https:\/\/salesianossp.org.br\/osbomretiro\/junho-violeta-mes-da-conscientizacao-da-violencia-contra-a-pessoa-idosa\/","og_site_name":"Instituto Dom Bosco","article_publisher":"https:\/\/www.facebook.com\/InstitutoDomBoscoBomRetiro\/","article_published_time":"2024-06-21T19:57:30+00:00","og_image":[{"width":2560,"height":2560,"url":"https:\/\/salesianossp.org.br\/osbomretiro\/wp-content\/uploads\/2024\/06\/Post-IDB-1-2-scaled.png","type":"image\/png"}],"author":"Lucas Rodrigues","twitter_card":"summary_large_image","twitter_misc":{"Escrito por":"Lucas Rodrigues","Est. tempo de leitura":"4 minutos"},"schema":{"@context":"https:\/\/schema.org","@graph":[{"@type":"Article","@id":"https:\/\/salesianossp.org.br\/osbomretiro\/junho-violeta-mes-da-conscientizacao-da-violencia-contra-a-pessoa-idosa\/#article","isPartOf":{"@id":"https:\/\/salesianossp.org.br\/osbomretiro\/junho-violeta-mes-da-conscientizacao-da-violencia-contra-a-pessoa-idosa\/"},"author":{"name":"Lucas Rodrigues","@id":"https:\/\/salesianossp.org.br\/osbomretiro\/#\/schema\/person\/3091f5c85d13f1f81c2eadb190445d2e"},"headline":"Junho violeta: M\u00eas da Conscientiza\u00e7\u00e3o da viol\u00eancia contra a pessoa idosa","datePublished":"2024-06-21T19:57:30+00:00","mainEntityOfPage":{"@id":"https:\/\/salesianossp.org.br\/osbomretiro\/junho-violeta-mes-da-conscientizacao-da-violencia-contra-a-pessoa-idosa\/"},"wordCount":747,"commentCount":0,"publisher":{"@id":"https:\/\/salesianossp.org.br\/osbomretiro\/#organization"},"image":{"@id":"https:\/\/salesianossp.org.br\/osbomretiro\/junho-violeta-mes-da-conscientizacao-da-violencia-contra-a-pessoa-idosa\/#primaryimage"},"thumbnailUrl":"https:\/\/salesianossp.org.br\/osbomretiro\/wp-content\/uploads\/2024\/06\/Post-IDB-1-2-scaled.png","articleSection":["Not\u00edcias"],"inLanguage":"pt-BR","potentialAction":[{"@type":"CommentAction","name":"Comment","target":["https:\/\/salesianossp.org.br\/osbomretiro\/junho-violeta-mes-da-conscientizacao-da-violencia-contra-a-pessoa-idosa\/#respond"]}]},{"@type":"WebPage","@id":"https:\/\/salesianossp.org.br\/osbomretiro\/junho-violeta-mes-da-conscientizacao-da-violencia-contra-a-pessoa-idosa\/","url":"https:\/\/salesianossp.org.br\/osbomretiro\/junho-violeta-mes-da-conscientizacao-da-violencia-contra-a-pessoa-idosa\/","name":"Junho violeta: M\u00eas da Conscientiza\u00e7\u00e3o da viol\u00eancia contra a pessoa idosa - Instituto Dom Bosco","isPartOf":{"@id":"https:\/\/salesianossp.org.br\/osbomretiro\/#website"},"primaryImageOfPage":{"@id":"https:\/\/salesianossp.org.br\/osbomretiro\/junho-violeta-mes-da-conscientizacao-da-violencia-contra-a-pessoa-idosa\/#primaryimage"},"image":{"@id":"https:\/\/salesianossp.org.br\/osbomretiro\/junho-violeta-mes-da-conscientizacao-da-violencia-contra-a-pessoa-idosa\/#primaryimage"},"thumbnailUrl":"https:\/\/salesianossp.org.br\/osbomretiro\/wp-content\/uploads\/2024\/06\/Post-IDB-1-2-scaled.png","datePublished":"2024-06-21T19:57:30+00:00","breadcrumb":{"@id":"https:\/\/salesianossp.org.br\/osbomretiro\/junho-violeta-mes-da-conscientizacao-da-violencia-contra-a-pessoa-idosa\/#breadcrumb"},"inLanguage":"pt-BR","potentialAction":[{"@type":"ReadAction","target":["https:\/\/salesianossp.org.br\/osbomretiro\/junho-violeta-mes-da-conscientizacao-da-violencia-contra-a-pessoa-idosa\/"]}]},{"@type":"ImageObject","inLanguage":"pt-BR","@id":"https:\/\/salesianossp.org.br\/osbomretiro\/junho-violeta-mes-da-conscientizacao-da-violencia-contra-a-pessoa-idosa\/#primaryimage","url":"https:\/\/salesianossp.org.br\/osbomretiro\/wp-content\/uploads\/2024\/06\/Post-IDB-1-2-scaled.png","contentUrl":"https:\/\/salesianossp.org.br\/osbomretiro\/wp-content\/uploads\/2024\/06\/Post-IDB-1-2-scaled.png","width":2560,"height":2560},{"@type":"BreadcrumbList","@id":"https:\/\/salesianossp.org.br\/osbomretiro\/junho-violeta-mes-da-conscientizacao-da-violencia-contra-a-pessoa-idosa\/#breadcrumb","itemListElement":[{"@type":"ListItem","position":1,"name":"In\u00edcio","item":"https:\/\/salesianossp.org.br\/osbomretiro\/"},{"@type":"ListItem","position":2,"name":"Junho violeta: M\u00eas da Conscientiza\u00e7\u00e3o da viol\u00eancia contra a pessoa idosa"}]},{"@type":"WebSite","@id":"https:\/\/salesianossp.org.br\/osbomretiro\/#website","url":"https:\/\/salesianossp.org.br\/osbomretiro\/","name":"Instituto Dom Bosco","description":"","publisher":{"@id":"https:\/\/salesianossp.org.br\/osbomretiro\/#organization"},"potentialAction":[{"@type":"SearchAction","target":{"@type":"EntryPoint","urlTemplate":"https:\/\/salesianossp.org.br\/osbomretiro\/?s={search_term_string}"},"query-input":{"@type":"PropertyValueSpecification","valueRequired":true,"valueName":"search_term_string"}}],"inLanguage":"pt-BR"},{"@type":"Organization","@id":"https:\/\/salesianossp.org.br\/osbomretiro\/#organization","name":"Instituto Dom Bosco","url":"https:\/\/salesianossp.org.br\/osbomretiro\/","logo":{"@type":"ImageObject","inLanguage":"pt-BR","@id":"https:\/\/salesianossp.org.br\/osbomretiro\/#\/schema\/logo\/image\/","url":"https:\/\/salesianossp.org.br\/osbomretiro\/wp-content\/uploads\/2025\/10\/logotipo-instituto-dom-bosco-color-56.svg","contentUrl":"https:\/\/salesianossp.org.br\/osbomretiro\/wp-content\/uploads\/2025\/10\/logotipo-instituto-dom-bosco-color-56.svg","width":164,"height":56,"caption":"Instituto Dom Bosco"},"image":{"@id":"https:\/\/salesianossp.org.br\/osbomretiro\/#\/schema\/logo\/image\/"},"sameAs":["https:\/\/www.facebook.com\/InstitutoDomBoscoBomRetiro\/","https:\/\/www.youtube.com\/user\/Institutodb","https:\/\/www.instagram.com\/institutodb\/"]},{"@type":"Person","@id":"https:\/\/salesianossp.org.br\/osbomretiro\/#\/schema\/person\/3091f5c85d13f1f81c2eadb190445d2e","name":"Lucas Rodrigues","image":{"@type":"ImageObject","inLanguage":"pt-BR","@id":"https:\/\/secure.gravatar.com\/avatar\/0ad9c966c6ed3335d7fffe2c3b88880dd298c0817b71e20a6955c38f2a53f746?s=96&d=mm&r=g","url":"https:\/\/secure.gravatar.com\/avatar\/0ad9c966c6ed3335d7fffe2c3b88880dd298c0817b71e20a6955c38f2a53f746?s=96&d=mm&r=g","contentUrl":"https:\/\/secure.gravatar.com\/avatar\/0ad9c966c6ed3335d7fffe2c3b88880dd298c0817b71e20a6955c38f2a53f746?s=96&d=mm&r=g","caption":"Lucas Rodrigues"},"url":"https:\/\/salesianossp.org.br\/osbomretiro\/author\/lucas-rodrigues\/"}]}},"_links":{"self":[{"href":"https:\/\/salesianossp.org.br\/osbomretiro\/wp-json\/wp\/v2\/posts\/6169","targetHints":{"allow":["GET"]}}],"collection":[{"href":"https:\/\/salesianossp.org.br\/osbomretiro\/wp-json\/wp\/v2\/posts"}],"about":[{"href":"https:\/\/salesianossp.org.br\/osbomretiro\/wp-json\/wp\/v2\/types\/post"}],"author":[{"embeddable":true,"href":"https:\/\/salesianossp.org.br\/osbomretiro\/wp-json\/wp\/v2\/users\/27"}],"replies":[{"embeddable":true,"href":"https:\/\/salesianossp.org.br\/osbomretiro\/wp-json\/wp\/v2\/comments?post=6169"}],"version-history":[{"count":0,"href":"https:\/\/salesianossp.org.br\/osbomretiro\/wp-json\/wp\/v2\/posts\/6169\/revisions"}],"wp:featuredmedia":[{"embeddable":true,"href":"https:\/\/salesianossp.org.br\/osbomretiro\/wp-json\/wp\/v2\/media\/6171"}],"wp:attachment":[{"href":"https:\/\/salesianossp.org.br\/osbomretiro\/wp-json\/wp\/v2\/media?parent=6169"}],"wp:term":[{"taxonomy":"category","embeddable":true,"href":"https:\/\/salesianossp.org.br\/osbomretiro\/wp-json\/wp\/v2\/categories?post=6169"},{"taxonomy":"post_tag","embeddable":true,"href":"https:\/\/salesianossp.org.br\/osbomretiro\/wp-json\/wp\/v2\/tags?post=6169"}],"curies":[{"name":"wp","href":"https:\/\/api.w.org\/{rel}","templated":true}]}}