{"id":6363,"date":"2024-08-16T17:10:54","date_gmt":"2024-08-16T20:10:54","guid":{"rendered":"https:\/\/salesianossp.org.br\/osbomretiro\/?p=6363"},"modified":"2024-08-16T17:10:54","modified_gmt":"2024-08-16T20:10:54","slug":"idb-celebra-os-209-anos-de-dom-bosco-essa-casa-e-nossa","status":"publish","type":"post","link":"https:\/\/salesianossp.org.br\/osbomretiro\/idb-celebra-os-209-anos-de-dom-bosco-essa-casa-e-nossa\/","title":{"rendered":"IDB celebra os 209 anos de Dom Bosco: \u201cEssa Casa \u00e9 Nossa!\u201d\u00a0"},"content":{"rendered":"\n<p>No dia 16 de agosto, dia do anivers\u00e1rio do Pai e Mestre da Juventude, S\u00e3o Jo\u00e3o Bosco, o Instituto Dom Bosco Unidade Bom Retiro, recebeu os Atendidos da Sede, Vila Paulistana e Castelinho Cidade Ademar para celebrar o Patrono da obra, foram mais de 800 pessoas comemorando o anivers\u00e1rio de 209 anos do Santo e celebrando ainda os 50 anos de Sacerd\u00f3cio do Padre Luiz Gonzaga Piccoli, atual Vice-Presidente da Casa.<\/p>\n\n\n\n<p>As atividades aconteceram em ambos os per\u00edodos, manh\u00e3 e tarde com crian\u00e7as, jovens, adultos e idosos. No primeiro momento Padre Emerson Medeiros, Diretor da Obra e Pe Luiz, realizaram uma breve celebra\u00e7\u00e3o na Par\u00f3quia de Nossa Senhora Auxiliadora. Durante a fala de Piccoli, ele afirmou: \u201cAo abrirmos esses port\u00f5es, voc\u00eas entram em casa, essa Casa \u00e9 nossa!\u201d. Na sequ\u00eancia, palmas para os aniversariantes do m\u00eas, incluindo o \u201cDomDom\u201d, como \u00e9 chamado Dom Bosco pelos jovens. Antes de finalizar o momento na Par\u00f3quia, o CCA Bom Retiro prestou uma homenagem para o Padre que realiza seu jubileu neste m\u00eas, ao finalizar todos foram direcionados para as atividades elaboradas pela turma de Pastoral: Jogos nas quadras poliesportivas com v\u00f4lei, futebol e basquete, teve ainda: badminton, karaok\u00ea, dan\u00e7a, jogos de cartas e tabuleiros, jogo da torre, jogos de mesa como pebolim, ping pong e sinuca. A turma mais animada participou ainda de uma super gincana com diversos obst\u00e1culos, essa valia uma caixa de bombom. Em homenagem ao nosso querido Saltimbanco, Dom Bosco, que andava pela corda bamba, muito equil\u00edbrio no slackline.&nbsp;<\/p>\n\n\n\n<p>Para completar o dia t\u00e3o especial: hamb\u00farguer, batata frita, refrigerante e bolo de chocolate, foram servidas neste dia o total de 1.600 refei\u00e7\u00f5es.<br><br><em>\u201cQue alegria, que energia contagiante. Festejar o Patrono da Obra seguindo o mesmo sentimento genu\u00edno que ele ensinou: acreditar e vibrar pelos e com os jovens e atendidos, \u00e9 indescrit\u00edvel! Gratid\u00e3o a Dom Bosco e a todos que seguem essa Miss\u00e3o! Viva Dom Bosco!\u201d,<\/em><strong><em> Fabiana Santello<\/em><\/strong><em>, Educadora de Comunica\u00e7\u00e3o.<\/em><\/p>\n\n\n\n<p><strong><em><a href=\"https:\/\/www.facebook.com\/media\/set\/?vanity=InstitutoDomBoscoBomRetiro&amp;set=a.1005023361627478\">Clique aqui para ver todas as fotos<\/a><\/em><\/strong><\/p>\n","protected":false},"excerpt":{"rendered":"<p>No dia 16 de agosto, dia do anivers\u00e1rio do Pai e Mestre da Juventude, S\u00e3o Jo\u00e3o Bosco, o Instituto Dom Bosco Unidade Bom Retiro, recebeu os Atendidos da Sede, Vila Paulistana e Castelinho Cidade Ademar para celebrar o Patrono da obra, foram mais de 800 pessoas comemorando o anivers\u00e1rio de 209 anos do Santo e [&hellip;]<\/p>\n","protected":false},"author":27,"featured_media":6365,"comment_status":"open","ping_status":"open","sticky":false,"template":"","format":"standard","meta":{"footnotes":""},"categories":[59],"tags":[],"class_list":["post-6363","post","type-post","status-publish","format-standard","has-post-thumbnail","hentry","category-noticias"],"yoast_head":"<!-- This site is optimized with the Yoast SEO plugin v27.3 - https:\/\/yoast.com\/product\/yoast-seo-wordpress\/ -->\n<title>IDB celebra os 209 anos de Dom Bosco: \u201cEssa Casa \u00e9 Nossa!\u201d\u00a0 - Instituto Dom Bosco<\/title>\n<meta name=\"robots\" content=\"index, follow, max-snippet:-1, max-image-preview:large, max-video-preview:-1\" \/>\n<link rel=\"canonical\" href=\"https:\/\/salesianossp.org.br\/osbomretiro\/idb-celebra-os-209-anos-de-dom-bosco-essa-casa-e-nossa\/\" \/>\n<meta property=\"og:locale\" content=\"pt_BR\" \/>\n<meta property=\"og:type\" content=\"article\" \/>\n<meta property=\"og:title\" content=\"IDB celebra os 209 anos de Dom Bosco: \u201cEssa Casa \u00e9 Nossa!\u201d\u00a0 - Instituto Dom Bosco\" \/>\n<meta property=\"og:description\" content=\"No dia 16 de agosto, dia do anivers\u00e1rio do Pai e Mestre da Juventude, S\u00e3o Jo\u00e3o Bosco, o Instituto Dom Bosco Unidade Bom Retiro, recebeu os Atendidos da Sede, Vila Paulistana e Castelinho Cidade Ademar para celebrar o Patrono da obra, foram mais de 800 pessoas comemorando o anivers\u00e1rio de 209 anos do Santo e [&hellip;]\" \/>\n<meta property=\"og:url\" content=\"https:\/\/salesianossp.org.br\/osbomretiro\/idb-celebra-os-209-anos-de-dom-bosco-essa-casa-e-nossa\/\" \/>\n<meta property=\"og:site_name\" content=\"Instituto Dom Bosco\" \/>\n<meta property=\"article:publisher\" content=\"https:\/\/www.facebook.com\/InstitutoDomBoscoBomRetiro\/\" \/>\n<meta property=\"article:published_time\" content=\"2024-08-16T20:10:54+00:00\" \/>\n<meta property=\"og:image\" content=\"https:\/\/salesianossp.org.br\/osbomretiro\/wp-content\/uploads\/2024\/08\/Post-IDB--scaled.png\" \/>\n\t<meta property=\"og:image:width\" content=\"2560\" \/>\n\t<meta property=\"og:image:height\" content=\"2560\" \/>\n\t<meta property=\"og:image:type\" content=\"image\/png\" \/>\n<meta name=\"author\" content=\"Lucas Rodrigues\" \/>\n<meta name=\"twitter:card\" content=\"summary_large_image\" \/>\n<meta name=\"twitter:label1\" content=\"Escrito por\" \/>\n\t<meta name=\"twitter:data1\" content=\"Lucas Rodrigues\" \/>\n\t<meta name=\"twitter:label2\" content=\"Est. tempo de leitura\" \/>\n\t<meta name=\"twitter:data2\" content=\"2 minutos\" \/>\n<script type=\"application\/ld+json\" class=\"yoast-schema-graph\">{\"@context\":\"https:\\\/\\\/schema.org\",\"@graph\":[{\"@type\":\"Article\",\"@id\":\"https:\\\/\\\/salesianossp.org.br\\\/osbomretiro\\\/idb-celebra-os-209-anos-de-dom-bosco-essa-casa-e-nossa\\\/#article\",\"isPartOf\":{\"@id\":\"https:\\\/\\\/salesianossp.org.br\\\/osbomretiro\\\/idb-celebra-os-209-anos-de-dom-bosco-essa-casa-e-nossa\\\/\"},\"author\":{\"name\":\"Lucas Rodrigues\",\"@id\":\"https:\\\/\\\/salesianossp.org.br\\\/osbomretiro\\\/#\\\/schema\\\/person\\\/3091f5c85d13f1f81c2eadb190445d2e\"},\"headline\":\"IDB celebra os 209 anos de Dom Bosco: \u201cEssa Casa \u00e9 Nossa!\u201d\u00a0\",\"datePublished\":\"2024-08-16T20:10:54+00:00\",\"mainEntityOfPage\":{\"@id\":\"https:\\\/\\\/salesianossp.org.br\\\/osbomretiro\\\/idb-celebra-os-209-anos-de-dom-bosco-essa-casa-e-nossa\\\/\"},\"wordCount\":358,\"commentCount\":0,\"publisher\":{\"@id\":\"https:\\\/\\\/salesianossp.org.br\\\/osbomretiro\\\/#organization\"},\"image\":{\"@id\":\"https:\\\/\\\/salesianossp.org.br\\\/osbomretiro\\\/idb-celebra-os-209-anos-de-dom-bosco-essa-casa-e-nossa\\\/#primaryimage\"},\"thumbnailUrl\":\"https:\\\/\\\/salesianossp.org.br\\\/osbomretiro\\\/wp-content\\\/uploads\\\/2024\\\/08\\\/Post-IDB--scaled.png\",\"articleSection\":[\"Not\u00edcias\"],\"inLanguage\":\"pt-BR\",\"potentialAction\":[{\"@type\":\"CommentAction\",\"name\":\"Comment\",\"target\":[\"https:\\\/\\\/salesianossp.org.br\\\/osbomretiro\\\/idb-celebra-os-209-anos-de-dom-bosco-essa-casa-e-nossa\\\/#respond\"]}]},{\"@type\":\"WebPage\",\"@id\":\"https:\\\/\\\/salesianossp.org.br\\\/osbomretiro\\\/idb-celebra-os-209-anos-de-dom-bosco-essa-casa-e-nossa\\\/\",\"url\":\"https:\\\/\\\/salesianossp.org.br\\\/osbomretiro\\\/idb-celebra-os-209-anos-de-dom-bosco-essa-casa-e-nossa\\\/\",\"name\":\"IDB celebra os 209 anos de Dom Bosco: \u201cEssa Casa \u00e9 Nossa!\u201d\u00a0 - Instituto Dom Bosco\",\"isPartOf\":{\"@id\":\"https:\\\/\\\/salesianossp.org.br\\\/osbomretiro\\\/#website\"},\"primaryImageOfPage\":{\"@id\":\"https:\\\/\\\/salesianossp.org.br\\\/osbomretiro\\\/idb-celebra-os-209-anos-de-dom-bosco-essa-casa-e-nossa\\\/#primaryimage\"},\"image\":{\"@id\":\"https:\\\/\\\/salesianossp.org.br\\\/osbomretiro\\\/idb-celebra-os-209-anos-de-dom-bosco-essa-casa-e-nossa\\\/#primaryimage\"},\"thumbnailUrl\":\"https:\\\/\\\/salesianossp.org.br\\\/osbomretiro\\\/wp-content\\\/uploads\\\/2024\\\/08\\\/Post-IDB--scaled.png\",\"datePublished\":\"2024-08-16T20:10:54+00:00\",\"breadcrumb\":{\"@id\":\"https:\\\/\\\/salesianossp.org.br\\\/osbomretiro\\\/idb-celebra-os-209-anos-de-dom-bosco-essa-casa-e-nossa\\\/#breadcrumb\"},\"inLanguage\":\"pt-BR\",\"potentialAction\":[{\"@type\":\"ReadAction\",\"target\":[\"https:\\\/\\\/salesianossp.org.br\\\/osbomretiro\\\/idb-celebra-os-209-anos-de-dom-bosco-essa-casa-e-nossa\\\/\"]}]},{\"@type\":\"ImageObject\",\"inLanguage\":\"pt-BR\",\"@id\":\"https:\\\/\\\/salesianossp.org.br\\\/osbomretiro\\\/idb-celebra-os-209-anos-de-dom-bosco-essa-casa-e-nossa\\\/#primaryimage\",\"url\":\"https:\\\/\\\/salesianossp.org.br\\\/osbomretiro\\\/wp-content\\\/uploads\\\/2024\\\/08\\\/Post-IDB--scaled.png\",\"contentUrl\":\"https:\\\/\\\/salesianossp.org.br\\\/osbomretiro\\\/wp-content\\\/uploads\\\/2024\\\/08\\\/Post-IDB--scaled.png\",\"width\":2560,\"height\":2560},{\"@type\":\"BreadcrumbList\",\"@id\":\"https:\\\/\\\/salesianossp.org.br\\\/osbomretiro\\\/idb-celebra-os-209-anos-de-dom-bosco-essa-casa-e-nossa\\\/#breadcrumb\",\"itemListElement\":[{\"@type\":\"ListItem\",\"position\":1,\"name\":\"In\u00edcio\",\"item\":\"https:\\\/\\\/salesianossp.org.br\\\/osbomretiro\\\/\"},{\"@type\":\"ListItem\",\"position\":2,\"name\":\"IDB celebra os 209 anos de Dom Bosco: \u201cEssa Casa \u00e9 Nossa!\u201d\u00a0\"}]},{\"@type\":\"WebSite\",\"@id\":\"https:\\\/\\\/salesianossp.org.br\\\/osbomretiro\\\/#website\",\"url\":\"https:\\\/\\\/salesianossp.org.br\\\/osbomretiro\\\/\",\"name\":\"Instituto Dom Bosco\",\"description\":\"\",\"publisher\":{\"@id\":\"https:\\\/\\\/salesianossp.org.br\\\/osbomretiro\\\/#organization\"},\"potentialAction\":[{\"@type\":\"SearchAction\",\"target\":{\"@type\":\"EntryPoint\",\"urlTemplate\":\"https:\\\/\\\/salesianossp.org.br\\\/osbomretiro\\\/?s={search_term_string}\"},\"query-input\":{\"@type\":\"PropertyValueSpecification\",\"valueRequired\":true,\"valueName\":\"search_term_string\"}}],\"inLanguage\":\"pt-BR\"},{\"@type\":\"Organization\",\"@id\":\"https:\\\/\\\/salesianossp.org.br\\\/osbomretiro\\\/#organization\",\"name\":\"Instituto Dom Bosco\",\"url\":\"https:\\\/\\\/salesianossp.org.br\\\/osbomretiro\\\/\",\"logo\":{\"@type\":\"ImageObject\",\"inLanguage\":\"pt-BR\",\"@id\":\"https:\\\/\\\/salesianossp.org.br\\\/osbomretiro\\\/#\\\/schema\\\/logo\\\/image\\\/\",\"url\":\"https:\\\/\\\/salesianossp.org.br\\\/osbomretiro\\\/wp-content\\\/uploads\\\/2025\\\/10\\\/logotipo-instituto-dom-bosco-color-56.svg\",\"contentUrl\":\"https:\\\/\\\/salesianossp.org.br\\\/osbomretiro\\\/wp-content\\\/uploads\\\/2025\\\/10\\\/logotipo-instituto-dom-bosco-color-56.svg\",\"width\":164,\"height\":56,\"caption\":\"Instituto Dom Bosco\"},\"image\":{\"@id\":\"https:\\\/\\\/salesianossp.org.br\\\/osbomretiro\\\/#\\\/schema\\\/logo\\\/image\\\/\"},\"sameAs\":[\"https:\\\/\\\/www.facebook.com\\\/InstitutoDomBoscoBomRetiro\\\/\",\"https:\\\/\\\/www.youtube.com\\\/user\\\/Institutodb\",\"https:\\\/\\\/www.instagram.com\\\/institutodb\\\/\"]},{\"@type\":\"Person\",\"@id\":\"https:\\\/\\\/salesianossp.org.br\\\/osbomretiro\\\/#\\\/schema\\\/person\\\/3091f5c85d13f1f81c2eadb190445d2e\",\"name\":\"Lucas Rodrigues\",\"image\":{\"@type\":\"ImageObject\",\"inLanguage\":\"pt-BR\",\"@id\":\"https:\\\/\\\/secure.gravatar.com\\\/avatar\\\/0ad9c966c6ed3335d7fffe2c3b88880dd298c0817b71e20a6955c38f2a53f746?s=96&d=mm&r=g\",\"url\":\"https:\\\/\\\/secure.gravatar.com\\\/avatar\\\/0ad9c966c6ed3335d7fffe2c3b88880dd298c0817b71e20a6955c38f2a53f746?s=96&d=mm&r=g\",\"contentUrl\":\"https:\\\/\\\/secure.gravatar.com\\\/avatar\\\/0ad9c966c6ed3335d7fffe2c3b88880dd298c0817b71e20a6955c38f2a53f746?s=96&d=mm&r=g\",\"caption\":\"Lucas Rodrigues\"},\"url\":\"https:\\\/\\\/salesianossp.org.br\\\/osbomretiro\\\/author\\\/lucas-rodrigues\\\/\"}]}<\/script>\n<!-- \/ Yoast SEO plugin. -->","yoast_head_json":{"title":"IDB celebra os 209 anos de Dom Bosco: \u201cEssa Casa \u00e9 Nossa!\u201d\u00a0 - Instituto Dom Bosco","robots":{"index":"index","follow":"follow","max-snippet":"max-snippet:-1","max-image-preview":"max-image-preview:large","max-video-preview":"max-video-preview:-1"},"canonical":"https:\/\/salesianossp.org.br\/osbomretiro\/idb-celebra-os-209-anos-de-dom-bosco-essa-casa-e-nossa\/","og_locale":"pt_BR","og_type":"article","og_title":"IDB celebra os 209 anos de Dom Bosco: \u201cEssa Casa \u00e9 Nossa!\u201d\u00a0 - Instituto Dom Bosco","og_description":"No dia 16 de agosto, dia do anivers\u00e1rio do Pai e Mestre da Juventude, S\u00e3o Jo\u00e3o Bosco, o Instituto Dom Bosco Unidade Bom Retiro, recebeu os Atendidos da Sede, Vila Paulistana e Castelinho Cidade Ademar para celebrar o Patrono da obra, foram mais de 800 pessoas comemorando o anivers\u00e1rio de 209 anos do Santo e [&hellip;]","og_url":"https:\/\/salesianossp.org.br\/osbomretiro\/idb-celebra-os-209-anos-de-dom-bosco-essa-casa-e-nossa\/","og_site_name":"Instituto Dom Bosco","article_publisher":"https:\/\/www.facebook.com\/InstitutoDomBoscoBomRetiro\/","article_published_time":"2024-08-16T20:10:54+00:00","og_image":[{"width":2560,"height":2560,"url":"https:\/\/salesianossp.org.br\/osbomretiro\/wp-content\/uploads\/2024\/08\/Post-IDB--scaled.png","type":"image\/png"}],"author":"Lucas Rodrigues","twitter_card":"summary_large_image","twitter_misc":{"Escrito por":"Lucas Rodrigues","Est. tempo de leitura":"2 minutos"},"schema":{"@context":"https:\/\/schema.org","@graph":[{"@type":"Article","@id":"https:\/\/salesianossp.org.br\/osbomretiro\/idb-celebra-os-209-anos-de-dom-bosco-essa-casa-e-nossa\/#article","isPartOf":{"@id":"https:\/\/salesianossp.org.br\/osbomretiro\/idb-celebra-os-209-anos-de-dom-bosco-essa-casa-e-nossa\/"},"author":{"name":"Lucas Rodrigues","@id":"https:\/\/salesianossp.org.br\/osbomretiro\/#\/schema\/person\/3091f5c85d13f1f81c2eadb190445d2e"},"headline":"IDB celebra os 209 anos de Dom Bosco: \u201cEssa Casa \u00e9 Nossa!\u201d\u00a0","datePublished":"2024-08-16T20:10:54+00:00","mainEntityOfPage":{"@id":"https:\/\/salesianossp.org.br\/osbomretiro\/idb-celebra-os-209-anos-de-dom-bosco-essa-casa-e-nossa\/"},"wordCount":358,"commentCount":0,"publisher":{"@id":"https:\/\/salesianossp.org.br\/osbomretiro\/#organization"},"image":{"@id":"https:\/\/salesianossp.org.br\/osbomretiro\/idb-celebra-os-209-anos-de-dom-bosco-essa-casa-e-nossa\/#primaryimage"},"thumbnailUrl":"https:\/\/salesianossp.org.br\/osbomretiro\/wp-content\/uploads\/2024\/08\/Post-IDB--scaled.png","articleSection":["Not\u00edcias"],"inLanguage":"pt-BR","potentialAction":[{"@type":"CommentAction","name":"Comment","target":["https:\/\/salesianossp.org.br\/osbomretiro\/idb-celebra-os-209-anos-de-dom-bosco-essa-casa-e-nossa\/#respond"]}]},{"@type":"WebPage","@id":"https:\/\/salesianossp.org.br\/osbomretiro\/idb-celebra-os-209-anos-de-dom-bosco-essa-casa-e-nossa\/","url":"https:\/\/salesianossp.org.br\/osbomretiro\/idb-celebra-os-209-anos-de-dom-bosco-essa-casa-e-nossa\/","name":"IDB celebra os 209 anos de Dom Bosco: \u201cEssa Casa \u00e9 Nossa!\u201d\u00a0 - Instituto Dom Bosco","isPartOf":{"@id":"https:\/\/salesianossp.org.br\/osbomretiro\/#website"},"primaryImageOfPage":{"@id":"https:\/\/salesianossp.org.br\/osbomretiro\/idb-celebra-os-209-anos-de-dom-bosco-essa-casa-e-nossa\/#primaryimage"},"image":{"@id":"https:\/\/salesianossp.org.br\/osbomretiro\/idb-celebra-os-209-anos-de-dom-bosco-essa-casa-e-nossa\/#primaryimage"},"thumbnailUrl":"https:\/\/salesianossp.org.br\/osbomretiro\/wp-content\/uploads\/2024\/08\/Post-IDB--scaled.png","datePublished":"2024-08-16T20:10:54+00:00","breadcrumb":{"@id":"https:\/\/salesianossp.org.br\/osbomretiro\/idb-celebra-os-209-anos-de-dom-bosco-essa-casa-e-nossa\/#breadcrumb"},"inLanguage":"pt-BR","potentialAction":[{"@type":"ReadAction","target":["https:\/\/salesianossp.org.br\/osbomretiro\/idb-celebra-os-209-anos-de-dom-bosco-essa-casa-e-nossa\/"]}]},{"@type":"ImageObject","inLanguage":"pt-BR","@id":"https:\/\/salesianossp.org.br\/osbomretiro\/idb-celebra-os-209-anos-de-dom-bosco-essa-casa-e-nossa\/#primaryimage","url":"https:\/\/salesianossp.org.br\/osbomretiro\/wp-content\/uploads\/2024\/08\/Post-IDB--scaled.png","contentUrl":"https:\/\/salesianossp.org.br\/osbomretiro\/wp-content\/uploads\/2024\/08\/Post-IDB--scaled.png","width":2560,"height":2560},{"@type":"BreadcrumbList","@id":"https:\/\/salesianossp.org.br\/osbomretiro\/idb-celebra-os-209-anos-de-dom-bosco-essa-casa-e-nossa\/#breadcrumb","itemListElement":[{"@type":"ListItem","position":1,"name":"In\u00edcio","item":"https:\/\/salesianossp.org.br\/osbomretiro\/"},{"@type":"ListItem","position":2,"name":"IDB celebra os 209 anos de Dom Bosco: \u201cEssa Casa \u00e9 Nossa!\u201d\u00a0"}]},{"@type":"WebSite","@id":"https:\/\/salesianossp.org.br\/osbomretiro\/#website","url":"https:\/\/salesianossp.org.br\/osbomretiro\/","name":"Instituto Dom Bosco","description":"","publisher":{"@id":"https:\/\/salesianossp.org.br\/osbomretiro\/#organization"},"potentialAction":[{"@type":"SearchAction","target":{"@type":"EntryPoint","urlTemplate":"https:\/\/salesianossp.org.br\/osbomretiro\/?s={search_term_string}"},"query-input":{"@type":"PropertyValueSpecification","valueRequired":true,"valueName":"search_term_string"}}],"inLanguage":"pt-BR"},{"@type":"Organization","@id":"https:\/\/salesianossp.org.br\/osbomretiro\/#organization","name":"Instituto Dom Bosco","url":"https:\/\/salesianossp.org.br\/osbomretiro\/","logo":{"@type":"ImageObject","inLanguage":"pt-BR","@id":"https:\/\/salesianossp.org.br\/osbomretiro\/#\/schema\/logo\/image\/","url":"https:\/\/salesianossp.org.br\/osbomretiro\/wp-content\/uploads\/2025\/10\/logotipo-instituto-dom-bosco-color-56.svg","contentUrl":"https:\/\/salesianossp.org.br\/osbomretiro\/wp-content\/uploads\/2025\/10\/logotipo-instituto-dom-bosco-color-56.svg","width":164,"height":56,"caption":"Instituto Dom Bosco"},"image":{"@id":"https:\/\/salesianossp.org.br\/osbomretiro\/#\/schema\/logo\/image\/"},"sameAs":["https:\/\/www.facebook.com\/InstitutoDomBoscoBomRetiro\/","https:\/\/www.youtube.com\/user\/Institutodb","https:\/\/www.instagram.com\/institutodb\/"]},{"@type":"Person","@id":"https:\/\/salesianossp.org.br\/osbomretiro\/#\/schema\/person\/3091f5c85d13f1f81c2eadb190445d2e","name":"Lucas Rodrigues","image":{"@type":"ImageObject","inLanguage":"pt-BR","@id":"https:\/\/secure.gravatar.com\/avatar\/0ad9c966c6ed3335d7fffe2c3b88880dd298c0817b71e20a6955c38f2a53f746?s=96&d=mm&r=g","url":"https:\/\/secure.gravatar.com\/avatar\/0ad9c966c6ed3335d7fffe2c3b88880dd298c0817b71e20a6955c38f2a53f746?s=96&d=mm&r=g","contentUrl":"https:\/\/secure.gravatar.com\/avatar\/0ad9c966c6ed3335d7fffe2c3b88880dd298c0817b71e20a6955c38f2a53f746?s=96&d=mm&r=g","caption":"Lucas Rodrigues"},"url":"https:\/\/salesianossp.org.br\/osbomretiro\/author\/lucas-rodrigues\/"}]}},"_links":{"self":[{"href":"https:\/\/salesianossp.org.br\/osbomretiro\/wp-json\/wp\/v2\/posts\/6363","targetHints":{"allow":["GET"]}}],"collection":[{"href":"https:\/\/salesianossp.org.br\/osbomretiro\/wp-json\/wp\/v2\/posts"}],"about":[{"href":"https:\/\/salesianossp.org.br\/osbomretiro\/wp-json\/wp\/v2\/types\/post"}],"author":[{"embeddable":true,"href":"https:\/\/salesianossp.org.br\/osbomretiro\/wp-json\/wp\/v2\/users\/27"}],"replies":[{"embeddable":true,"href":"https:\/\/salesianossp.org.br\/osbomretiro\/wp-json\/wp\/v2\/comments?post=6363"}],"version-history":[{"count":0,"href":"https:\/\/salesianossp.org.br\/osbomretiro\/wp-json\/wp\/v2\/posts\/6363\/revisions"}],"wp:featuredmedia":[{"embeddable":true,"href":"https:\/\/salesianossp.org.br\/osbomretiro\/wp-json\/wp\/v2\/media\/6365"}],"wp:attachment":[{"href":"https:\/\/salesianossp.org.br\/osbomretiro\/wp-json\/wp\/v2\/media?parent=6363"}],"wp:term":[{"taxonomy":"category","embeddable":true,"href":"https:\/\/salesianossp.org.br\/osbomretiro\/wp-json\/wp\/v2\/categories?post=6363"},{"taxonomy":"post_tag","embeddable":true,"href":"https:\/\/salesianossp.org.br\/osbomretiro\/wp-json\/wp\/v2\/tags?post=6363"}],"curies":[{"name":"wp","href":"https:\/\/api.w.org\/{rel}","templated":true}]}}