{"id":6548,"date":"2024-10-14T11:41:50","date_gmt":"2024-10-14T14:41:50","guid":{"rendered":"https:\/\/salesianossp.org.br\/osbomretiro\/?p=6548"},"modified":"2024-10-14T11:41:50","modified_gmt":"2024-10-14T14:41:50","slug":"idb-e-cummins-realizam-festa-do-sorvete-mais-de-400-criancas-no-dia-da-alegria","status":"publish","type":"post","link":"https:\/\/salesianossp.org.br\/osbomretiro\/idb-e-cummins-realizam-festa-do-sorvete-mais-de-400-criancas-no-dia-da-alegria\/","title":{"rendered":"IDB e CUMMINS realizam Festa do Sorvete para mais de 400 crian\u00e7as no Dia da Alegria"},"content":{"rendered":"\n<p>Sabemos que o dia das crian\u00e7as \u00e9 todos os dias, mas, em comemora\u00e7\u00e3o ao dia 12 de outubro, data estabelecida para celebrar o dia das crian\u00e7as, a empresa CUMMINS, parceira do Instituto Dom Bosco desde 2018, realizou com o apoio do IDB a Festa do Sorvete para comemorar esta data. O evento realizado na \u00faltima sexta-feira (11), reuniu mais de 400 crian\u00e7as de ambos os per\u00edodos: manh\u00e3 e tarde, que, al\u00e9m de um copo de sorvete de flocos com diversos confeitos de chocolate, amendoim, coberturas coloridas e divertidas, curtiram ainda uma esp\u00e9cie de balada com muita m\u00fasica animada, dan\u00e7as, pintura de rosto e divers\u00e3o. Os volunt\u00e1rios\/colaboradores da empresa CUMMINS, participaram com muita disposi\u00e7\u00e3o deste momento, servindo os Educandos, realizando a pintura de rosto e interagindo com muita anima\u00e7\u00e3o com todos eles. Neste dia o CCA pode vir com fantasias, cabelo maluco e outros apetrechos. Na verdade, a semana toda foi de festa, pois em cada dia tiveram uma atividade diferenciada como: cabelo maluco, dia do brega, gincana, e, etc.<br><br>Ainda neste dia, os colaboradores da Unidade tamb\u00e9m puderam se fantasiar e receberam do RH um kit com guloseimas de inf\u00e2ncia. O CEDESP Bom Retiro tamb\u00e9m festejou com karaok\u00ea, fantasias e intervalo estendido para se divertirem com brincadeiras como: pi\u00e3o e bolinha de gude.&nbsp;<br><strong><br><\/strong><em>*A turma do Castelinho Dom Bosco e do CEDESP Vila Paulistana tamb\u00e9m se divertiram neste dia, em breve mais informa\u00e7\u00f5es sobre estes Servi\u00e7os.<\/em><\/p>\n\n\n\n<p><strong><em><a href=\"https:\/\/www.facebook.com\/media\/set\/?vanity=InstitutoDomBoscoBomRetiro&amp;set=a.1051643340298813\" data-type=\"link\" data-id=\"https:\/\/www.facebook.com\/media\/set\/?vanity=InstitutoDomBoscoBomRetiro&amp;set=a.1051643340298813\">Clique aqui para ver todas as fotos<\/a><\/em><\/strong><\/p>\n","protected":false},"excerpt":{"rendered":"<p>Sabemos que o dia das crian\u00e7as \u00e9 todos os dias, mas, em comemora\u00e7\u00e3o ao dia 12 de outubro, data estabelecida para celebrar o dia das crian\u00e7as, a empresa CUMMINS, parceira do Instituto Dom Bosco desde 2018, realizou com o apoio do IDB a Festa do Sorvete para comemorar esta data. O evento realizado na \u00faltima [&hellip;]<\/p>\n","protected":false},"author":27,"featured_media":6552,"comment_status":"open","ping_status":"open","sticky":false,"template":"","format":"standard","meta":{"footnotes":""},"categories":[59],"tags":[],"class_list":["post-6548","post","type-post","status-publish","format-standard","has-post-thumbnail","hentry","category-noticias"],"yoast_head":"<!-- This site is optimized with the Yoast SEO plugin v27.3 - https:\/\/yoast.com\/product\/yoast-seo-wordpress\/ -->\n<title>IDB e CUMMINS realizam Festa do Sorvete para mais de 400 crian\u00e7as no Dia da Alegria - Instituto Dom Bosco<\/title>\n<meta name=\"robots\" content=\"index, follow, max-snippet:-1, max-image-preview:large, max-video-preview:-1\" \/>\n<link rel=\"canonical\" href=\"https:\/\/salesianossp.org.br\/osbomretiro\/idb-e-cummins-realizam-festa-do-sorvete-mais-de-400-criancas-no-dia-da-alegria\/\" \/>\n<meta property=\"og:locale\" content=\"pt_BR\" \/>\n<meta property=\"og:type\" content=\"article\" \/>\n<meta property=\"og:title\" content=\"IDB e CUMMINS realizam Festa do Sorvete para mais de 400 crian\u00e7as no Dia da Alegria - Instituto Dom Bosco\" \/>\n<meta property=\"og:description\" content=\"Sabemos que o dia das crian\u00e7as \u00e9 todos os dias, mas, em comemora\u00e7\u00e3o ao dia 12 de outubro, data estabelecida para celebrar o dia das crian\u00e7as, a empresa CUMMINS, parceira do Instituto Dom Bosco desde 2018, realizou com o apoio do IDB a Festa do Sorvete para comemorar esta data. O evento realizado na \u00faltima [&hellip;]\" \/>\n<meta property=\"og:url\" content=\"https:\/\/salesianossp.org.br\/osbomretiro\/idb-e-cummins-realizam-festa-do-sorvete-mais-de-400-criancas-no-dia-da-alegria\/\" \/>\n<meta property=\"og:site_name\" content=\"Instituto Dom Bosco\" \/>\n<meta property=\"article:publisher\" content=\"https:\/\/www.facebook.com\/InstitutoDomBoscoBomRetiro\/\" \/>\n<meta property=\"article:published_time\" content=\"2024-10-14T14:41:50+00:00\" \/>\n<meta property=\"og:image\" content=\"https:\/\/salesianossp.org.br\/osbomretiro\/wp-content\/uploads\/2024\/10\/Arte-Outubro-2--scaled.png\" \/>\n\t<meta property=\"og:image:width\" content=\"2560\" \/>\n\t<meta property=\"og:image:height\" content=\"2560\" \/>\n\t<meta property=\"og:image:type\" content=\"image\/png\" \/>\n<meta name=\"author\" content=\"Lucas Rodrigues\" \/>\n<meta name=\"twitter:card\" content=\"summary_large_image\" \/>\n<meta name=\"twitter:label1\" content=\"Escrito por\" \/>\n\t<meta name=\"twitter:data1\" content=\"Lucas Rodrigues\" \/>\n\t<meta name=\"twitter:label2\" content=\"Est. tempo de leitura\" \/>\n\t<meta name=\"twitter:data2\" content=\"1 minuto\" \/>\n<script type=\"application\/ld+json\" class=\"yoast-schema-graph\">{\"@context\":\"https:\\\/\\\/schema.org\",\"@graph\":[{\"@type\":\"Article\",\"@id\":\"https:\\\/\\\/salesianossp.org.br\\\/osbomretiro\\\/idb-e-cummins-realizam-festa-do-sorvete-mais-de-400-criancas-no-dia-da-alegria\\\/#article\",\"isPartOf\":{\"@id\":\"https:\\\/\\\/salesianossp.org.br\\\/osbomretiro\\\/idb-e-cummins-realizam-festa-do-sorvete-mais-de-400-criancas-no-dia-da-alegria\\\/\"},\"author\":{\"name\":\"Lucas Rodrigues\",\"@id\":\"https:\\\/\\\/salesianossp.org.br\\\/osbomretiro\\\/#\\\/schema\\\/person\\\/3091f5c85d13f1f81c2eadb190445d2e\"},\"headline\":\"IDB e CUMMINS realizam Festa do Sorvete para mais de 400 crian\u00e7as no Dia da Alegria\",\"datePublished\":\"2024-10-14T14:41:50+00:00\",\"mainEntityOfPage\":{\"@id\":\"https:\\\/\\\/salesianossp.org.br\\\/osbomretiro\\\/idb-e-cummins-realizam-festa-do-sorvete-mais-de-400-criancas-no-dia-da-alegria\\\/\"},\"wordCount\":276,\"commentCount\":0,\"publisher\":{\"@id\":\"https:\\\/\\\/salesianossp.org.br\\\/osbomretiro\\\/#organization\"},\"image\":{\"@id\":\"https:\\\/\\\/salesianossp.org.br\\\/osbomretiro\\\/idb-e-cummins-realizam-festa-do-sorvete-mais-de-400-criancas-no-dia-da-alegria\\\/#primaryimage\"},\"thumbnailUrl\":\"https:\\\/\\\/salesianossp.org.br\\\/osbomretiro\\\/wp-content\\\/uploads\\\/2024\\\/10\\\/Arte-Outubro-2--scaled.png\",\"articleSection\":[\"Not\u00edcias\"],\"inLanguage\":\"pt-BR\",\"potentialAction\":[{\"@type\":\"CommentAction\",\"name\":\"Comment\",\"target\":[\"https:\\\/\\\/salesianossp.org.br\\\/osbomretiro\\\/idb-e-cummins-realizam-festa-do-sorvete-mais-de-400-criancas-no-dia-da-alegria\\\/#respond\"]}]},{\"@type\":\"WebPage\",\"@id\":\"https:\\\/\\\/salesianossp.org.br\\\/osbomretiro\\\/idb-e-cummins-realizam-festa-do-sorvete-mais-de-400-criancas-no-dia-da-alegria\\\/\",\"url\":\"https:\\\/\\\/salesianossp.org.br\\\/osbomretiro\\\/idb-e-cummins-realizam-festa-do-sorvete-mais-de-400-criancas-no-dia-da-alegria\\\/\",\"name\":\"IDB e CUMMINS realizam Festa do Sorvete para mais de 400 crian\u00e7as no Dia da Alegria - Instituto Dom Bosco\",\"isPartOf\":{\"@id\":\"https:\\\/\\\/salesianossp.org.br\\\/osbomretiro\\\/#website\"},\"primaryImageOfPage\":{\"@id\":\"https:\\\/\\\/salesianossp.org.br\\\/osbomretiro\\\/idb-e-cummins-realizam-festa-do-sorvete-mais-de-400-criancas-no-dia-da-alegria\\\/#primaryimage\"},\"image\":{\"@id\":\"https:\\\/\\\/salesianossp.org.br\\\/osbomretiro\\\/idb-e-cummins-realizam-festa-do-sorvete-mais-de-400-criancas-no-dia-da-alegria\\\/#primaryimage\"},\"thumbnailUrl\":\"https:\\\/\\\/salesianossp.org.br\\\/osbomretiro\\\/wp-content\\\/uploads\\\/2024\\\/10\\\/Arte-Outubro-2--scaled.png\",\"datePublished\":\"2024-10-14T14:41:50+00:00\",\"breadcrumb\":{\"@id\":\"https:\\\/\\\/salesianossp.org.br\\\/osbomretiro\\\/idb-e-cummins-realizam-festa-do-sorvete-mais-de-400-criancas-no-dia-da-alegria\\\/#breadcrumb\"},\"inLanguage\":\"pt-BR\",\"potentialAction\":[{\"@type\":\"ReadAction\",\"target\":[\"https:\\\/\\\/salesianossp.org.br\\\/osbomretiro\\\/idb-e-cummins-realizam-festa-do-sorvete-mais-de-400-criancas-no-dia-da-alegria\\\/\"]}]},{\"@type\":\"ImageObject\",\"inLanguage\":\"pt-BR\",\"@id\":\"https:\\\/\\\/salesianossp.org.br\\\/osbomretiro\\\/idb-e-cummins-realizam-festa-do-sorvete-mais-de-400-criancas-no-dia-da-alegria\\\/#primaryimage\",\"url\":\"https:\\\/\\\/salesianossp.org.br\\\/osbomretiro\\\/wp-content\\\/uploads\\\/2024\\\/10\\\/Arte-Outubro-2--scaled.png\",\"contentUrl\":\"https:\\\/\\\/salesianossp.org.br\\\/osbomretiro\\\/wp-content\\\/uploads\\\/2024\\\/10\\\/Arte-Outubro-2--scaled.png\",\"width\":2560,\"height\":2560},{\"@type\":\"BreadcrumbList\",\"@id\":\"https:\\\/\\\/salesianossp.org.br\\\/osbomretiro\\\/idb-e-cummins-realizam-festa-do-sorvete-mais-de-400-criancas-no-dia-da-alegria\\\/#breadcrumb\",\"itemListElement\":[{\"@type\":\"ListItem\",\"position\":1,\"name\":\"In\u00edcio\",\"item\":\"https:\\\/\\\/salesianossp.org.br\\\/osbomretiro\\\/\"},{\"@type\":\"ListItem\",\"position\":2,\"name\":\"IDB e CUMMINS realizam Festa do Sorvete para mais de 400 crian\u00e7as no Dia da Alegria\"}]},{\"@type\":\"WebSite\",\"@id\":\"https:\\\/\\\/salesianossp.org.br\\\/osbomretiro\\\/#website\",\"url\":\"https:\\\/\\\/salesianossp.org.br\\\/osbomretiro\\\/\",\"name\":\"Instituto Dom Bosco\",\"description\":\"\",\"publisher\":{\"@id\":\"https:\\\/\\\/salesianossp.org.br\\\/osbomretiro\\\/#organization\"},\"potentialAction\":[{\"@type\":\"SearchAction\",\"target\":{\"@type\":\"EntryPoint\",\"urlTemplate\":\"https:\\\/\\\/salesianossp.org.br\\\/osbomretiro\\\/?s={search_term_string}\"},\"query-input\":{\"@type\":\"PropertyValueSpecification\",\"valueRequired\":true,\"valueName\":\"search_term_string\"}}],\"inLanguage\":\"pt-BR\"},{\"@type\":\"Organization\",\"@id\":\"https:\\\/\\\/salesianossp.org.br\\\/osbomretiro\\\/#organization\",\"name\":\"Instituto Dom Bosco\",\"url\":\"https:\\\/\\\/salesianossp.org.br\\\/osbomretiro\\\/\",\"logo\":{\"@type\":\"ImageObject\",\"inLanguage\":\"pt-BR\",\"@id\":\"https:\\\/\\\/salesianossp.org.br\\\/osbomretiro\\\/#\\\/schema\\\/logo\\\/image\\\/\",\"url\":\"https:\\\/\\\/salesianossp.org.br\\\/osbomretiro\\\/wp-content\\\/uploads\\\/2025\\\/10\\\/logotipo-instituto-dom-bosco-color-56.svg\",\"contentUrl\":\"https:\\\/\\\/salesianossp.org.br\\\/osbomretiro\\\/wp-content\\\/uploads\\\/2025\\\/10\\\/logotipo-instituto-dom-bosco-color-56.svg\",\"width\":164,\"height\":56,\"caption\":\"Instituto Dom Bosco\"},\"image\":{\"@id\":\"https:\\\/\\\/salesianossp.org.br\\\/osbomretiro\\\/#\\\/schema\\\/logo\\\/image\\\/\"},\"sameAs\":[\"https:\\\/\\\/www.facebook.com\\\/InstitutoDomBoscoBomRetiro\\\/\",\"https:\\\/\\\/www.youtube.com\\\/user\\\/Institutodb\",\"https:\\\/\\\/www.instagram.com\\\/institutodb\\\/\"]},{\"@type\":\"Person\",\"@id\":\"https:\\\/\\\/salesianossp.org.br\\\/osbomretiro\\\/#\\\/schema\\\/person\\\/3091f5c85d13f1f81c2eadb190445d2e\",\"name\":\"Lucas Rodrigues\",\"image\":{\"@type\":\"ImageObject\",\"inLanguage\":\"pt-BR\",\"@id\":\"https:\\\/\\\/secure.gravatar.com\\\/avatar\\\/0ad9c966c6ed3335d7fffe2c3b88880dd298c0817b71e20a6955c38f2a53f746?s=96&d=mm&r=g\",\"url\":\"https:\\\/\\\/secure.gravatar.com\\\/avatar\\\/0ad9c966c6ed3335d7fffe2c3b88880dd298c0817b71e20a6955c38f2a53f746?s=96&d=mm&r=g\",\"contentUrl\":\"https:\\\/\\\/secure.gravatar.com\\\/avatar\\\/0ad9c966c6ed3335d7fffe2c3b88880dd298c0817b71e20a6955c38f2a53f746?s=96&d=mm&r=g\",\"caption\":\"Lucas Rodrigues\"},\"url\":\"https:\\\/\\\/salesianossp.org.br\\\/osbomretiro\\\/author\\\/lucas-rodrigues\\\/\"}]}<\/script>\n<!-- \/ Yoast SEO plugin. -->","yoast_head_json":{"title":"IDB e CUMMINS realizam Festa do Sorvete para mais de 400 crian\u00e7as no Dia da Alegria - Instituto Dom Bosco","robots":{"index":"index","follow":"follow","max-snippet":"max-snippet:-1","max-image-preview":"max-image-preview:large","max-video-preview":"max-video-preview:-1"},"canonical":"https:\/\/salesianossp.org.br\/osbomretiro\/idb-e-cummins-realizam-festa-do-sorvete-mais-de-400-criancas-no-dia-da-alegria\/","og_locale":"pt_BR","og_type":"article","og_title":"IDB e CUMMINS realizam Festa do Sorvete para mais de 400 crian\u00e7as no Dia da Alegria - Instituto Dom Bosco","og_description":"Sabemos que o dia das crian\u00e7as \u00e9 todos os dias, mas, em comemora\u00e7\u00e3o ao dia 12 de outubro, data estabelecida para celebrar o dia das crian\u00e7as, a empresa CUMMINS, parceira do Instituto Dom Bosco desde 2018, realizou com o apoio do IDB a Festa do Sorvete para comemorar esta data. O evento realizado na \u00faltima [&hellip;]","og_url":"https:\/\/salesianossp.org.br\/osbomretiro\/idb-e-cummins-realizam-festa-do-sorvete-mais-de-400-criancas-no-dia-da-alegria\/","og_site_name":"Instituto Dom Bosco","article_publisher":"https:\/\/www.facebook.com\/InstitutoDomBoscoBomRetiro\/","article_published_time":"2024-10-14T14:41:50+00:00","og_image":[{"width":2560,"height":2560,"url":"https:\/\/salesianossp.org.br\/osbomretiro\/wp-content\/uploads\/2024\/10\/Arte-Outubro-2--scaled.png","type":"image\/png"}],"author":"Lucas Rodrigues","twitter_card":"summary_large_image","twitter_misc":{"Escrito por":"Lucas Rodrigues","Est. tempo de leitura":"1 minuto"},"schema":{"@context":"https:\/\/schema.org","@graph":[{"@type":"Article","@id":"https:\/\/salesianossp.org.br\/osbomretiro\/idb-e-cummins-realizam-festa-do-sorvete-mais-de-400-criancas-no-dia-da-alegria\/#article","isPartOf":{"@id":"https:\/\/salesianossp.org.br\/osbomretiro\/idb-e-cummins-realizam-festa-do-sorvete-mais-de-400-criancas-no-dia-da-alegria\/"},"author":{"name":"Lucas Rodrigues","@id":"https:\/\/salesianossp.org.br\/osbomretiro\/#\/schema\/person\/3091f5c85d13f1f81c2eadb190445d2e"},"headline":"IDB e CUMMINS realizam Festa do Sorvete para mais de 400 crian\u00e7as no Dia da Alegria","datePublished":"2024-10-14T14:41:50+00:00","mainEntityOfPage":{"@id":"https:\/\/salesianossp.org.br\/osbomretiro\/idb-e-cummins-realizam-festa-do-sorvete-mais-de-400-criancas-no-dia-da-alegria\/"},"wordCount":276,"commentCount":0,"publisher":{"@id":"https:\/\/salesianossp.org.br\/osbomretiro\/#organization"},"image":{"@id":"https:\/\/salesianossp.org.br\/osbomretiro\/idb-e-cummins-realizam-festa-do-sorvete-mais-de-400-criancas-no-dia-da-alegria\/#primaryimage"},"thumbnailUrl":"https:\/\/salesianossp.org.br\/osbomretiro\/wp-content\/uploads\/2024\/10\/Arte-Outubro-2--scaled.png","articleSection":["Not\u00edcias"],"inLanguage":"pt-BR","potentialAction":[{"@type":"CommentAction","name":"Comment","target":["https:\/\/salesianossp.org.br\/osbomretiro\/idb-e-cummins-realizam-festa-do-sorvete-mais-de-400-criancas-no-dia-da-alegria\/#respond"]}]},{"@type":"WebPage","@id":"https:\/\/salesianossp.org.br\/osbomretiro\/idb-e-cummins-realizam-festa-do-sorvete-mais-de-400-criancas-no-dia-da-alegria\/","url":"https:\/\/salesianossp.org.br\/osbomretiro\/idb-e-cummins-realizam-festa-do-sorvete-mais-de-400-criancas-no-dia-da-alegria\/","name":"IDB e CUMMINS realizam Festa do Sorvete para mais de 400 crian\u00e7as no Dia da Alegria - Instituto Dom Bosco","isPartOf":{"@id":"https:\/\/salesianossp.org.br\/osbomretiro\/#website"},"primaryImageOfPage":{"@id":"https:\/\/salesianossp.org.br\/osbomretiro\/idb-e-cummins-realizam-festa-do-sorvete-mais-de-400-criancas-no-dia-da-alegria\/#primaryimage"},"image":{"@id":"https:\/\/salesianossp.org.br\/osbomretiro\/idb-e-cummins-realizam-festa-do-sorvete-mais-de-400-criancas-no-dia-da-alegria\/#primaryimage"},"thumbnailUrl":"https:\/\/salesianossp.org.br\/osbomretiro\/wp-content\/uploads\/2024\/10\/Arte-Outubro-2--scaled.png","datePublished":"2024-10-14T14:41:50+00:00","breadcrumb":{"@id":"https:\/\/salesianossp.org.br\/osbomretiro\/idb-e-cummins-realizam-festa-do-sorvete-mais-de-400-criancas-no-dia-da-alegria\/#breadcrumb"},"inLanguage":"pt-BR","potentialAction":[{"@type":"ReadAction","target":["https:\/\/salesianossp.org.br\/osbomretiro\/idb-e-cummins-realizam-festa-do-sorvete-mais-de-400-criancas-no-dia-da-alegria\/"]}]},{"@type":"ImageObject","inLanguage":"pt-BR","@id":"https:\/\/salesianossp.org.br\/osbomretiro\/idb-e-cummins-realizam-festa-do-sorvete-mais-de-400-criancas-no-dia-da-alegria\/#primaryimage","url":"https:\/\/salesianossp.org.br\/osbomretiro\/wp-content\/uploads\/2024\/10\/Arte-Outubro-2--scaled.png","contentUrl":"https:\/\/salesianossp.org.br\/osbomretiro\/wp-content\/uploads\/2024\/10\/Arte-Outubro-2--scaled.png","width":2560,"height":2560},{"@type":"BreadcrumbList","@id":"https:\/\/salesianossp.org.br\/osbomretiro\/idb-e-cummins-realizam-festa-do-sorvete-mais-de-400-criancas-no-dia-da-alegria\/#breadcrumb","itemListElement":[{"@type":"ListItem","position":1,"name":"In\u00edcio","item":"https:\/\/salesianossp.org.br\/osbomretiro\/"},{"@type":"ListItem","position":2,"name":"IDB e CUMMINS realizam Festa do Sorvete para mais de 400 crian\u00e7as no Dia da Alegria"}]},{"@type":"WebSite","@id":"https:\/\/salesianossp.org.br\/osbomretiro\/#website","url":"https:\/\/salesianossp.org.br\/osbomretiro\/","name":"Instituto Dom Bosco","description":"","publisher":{"@id":"https:\/\/salesianossp.org.br\/osbomretiro\/#organization"},"potentialAction":[{"@type":"SearchAction","target":{"@type":"EntryPoint","urlTemplate":"https:\/\/salesianossp.org.br\/osbomretiro\/?s={search_term_string}"},"query-input":{"@type":"PropertyValueSpecification","valueRequired":true,"valueName":"search_term_string"}}],"inLanguage":"pt-BR"},{"@type":"Organization","@id":"https:\/\/salesianossp.org.br\/osbomretiro\/#organization","name":"Instituto Dom Bosco","url":"https:\/\/salesianossp.org.br\/osbomretiro\/","logo":{"@type":"ImageObject","inLanguage":"pt-BR","@id":"https:\/\/salesianossp.org.br\/osbomretiro\/#\/schema\/logo\/image\/","url":"https:\/\/salesianossp.org.br\/osbomretiro\/wp-content\/uploads\/2025\/10\/logotipo-instituto-dom-bosco-color-56.svg","contentUrl":"https:\/\/salesianossp.org.br\/osbomretiro\/wp-content\/uploads\/2025\/10\/logotipo-instituto-dom-bosco-color-56.svg","width":164,"height":56,"caption":"Instituto Dom Bosco"},"image":{"@id":"https:\/\/salesianossp.org.br\/osbomretiro\/#\/schema\/logo\/image\/"},"sameAs":["https:\/\/www.facebook.com\/InstitutoDomBoscoBomRetiro\/","https:\/\/www.youtube.com\/user\/Institutodb","https:\/\/www.instagram.com\/institutodb\/"]},{"@type":"Person","@id":"https:\/\/salesianossp.org.br\/osbomretiro\/#\/schema\/person\/3091f5c85d13f1f81c2eadb190445d2e","name":"Lucas Rodrigues","image":{"@type":"ImageObject","inLanguage":"pt-BR","@id":"https:\/\/secure.gravatar.com\/avatar\/0ad9c966c6ed3335d7fffe2c3b88880dd298c0817b71e20a6955c38f2a53f746?s=96&d=mm&r=g","url":"https:\/\/secure.gravatar.com\/avatar\/0ad9c966c6ed3335d7fffe2c3b88880dd298c0817b71e20a6955c38f2a53f746?s=96&d=mm&r=g","contentUrl":"https:\/\/secure.gravatar.com\/avatar\/0ad9c966c6ed3335d7fffe2c3b88880dd298c0817b71e20a6955c38f2a53f746?s=96&d=mm&r=g","caption":"Lucas Rodrigues"},"url":"https:\/\/salesianossp.org.br\/osbomretiro\/author\/lucas-rodrigues\/"}]}},"_links":{"self":[{"href":"https:\/\/salesianossp.org.br\/osbomretiro\/wp-json\/wp\/v2\/posts\/6548","targetHints":{"allow":["GET"]}}],"collection":[{"href":"https:\/\/salesianossp.org.br\/osbomretiro\/wp-json\/wp\/v2\/posts"}],"about":[{"href":"https:\/\/salesianossp.org.br\/osbomretiro\/wp-json\/wp\/v2\/types\/post"}],"author":[{"embeddable":true,"href":"https:\/\/salesianossp.org.br\/osbomretiro\/wp-json\/wp\/v2\/users\/27"}],"replies":[{"embeddable":true,"href":"https:\/\/salesianossp.org.br\/osbomretiro\/wp-json\/wp\/v2\/comments?post=6548"}],"version-history":[{"count":0,"href":"https:\/\/salesianossp.org.br\/osbomretiro\/wp-json\/wp\/v2\/posts\/6548\/revisions"}],"wp:featuredmedia":[{"embeddable":true,"href":"https:\/\/salesianossp.org.br\/osbomretiro\/wp-json\/wp\/v2\/media\/6552"}],"wp:attachment":[{"href":"https:\/\/salesianossp.org.br\/osbomretiro\/wp-json\/wp\/v2\/media?parent=6548"}],"wp:term":[{"taxonomy":"category","embeddable":true,"href":"https:\/\/salesianossp.org.br\/osbomretiro\/wp-json\/wp\/v2\/categories?post=6548"},{"taxonomy":"post_tag","embeddable":true,"href":"https:\/\/salesianossp.org.br\/osbomretiro\/wp-json\/wp\/v2\/tags?post=6548"}],"curies":[{"name":"wp","href":"https:\/\/api.w.org\/{rel}","templated":true}]}}