{"id":7087,"date":"2025-03-25T18:02:13","date_gmt":"2025-03-25T21:02:13","guid":{"rendered":"https:\/\/salesianossp.org.br\/osbomretiro\/?p=7087"},"modified":"2025-03-25T18:02:13","modified_gmt":"2025-03-25T21:02:13","slug":"atendidos-do-cedesp-vila-paulistana-realizam-giro-cultural-na-usp","status":"publish","type":"post","link":"https:\/\/salesianossp.org.br\/osbomretiro\/atendidos-do-cedesp-vila-paulistana-realizam-giro-cultural-na-usp\/","title":{"rendered":"Atendidos do CEDESP Vila Paulistana realizam Giro Cultural na USP"},"content":{"rendered":"\n<p>Com o objetivo de apresentar a Universidade de S\u00e3o Paulo USP para os atendidos do CEDESP Vila Paulistana, incentivando assim a confian\u00e7a e o interesse nos jovens de ingressarem em uma universidade conceituada e p\u00fablica, os Educadores Gaiza Camerina, Gerson Rocha e Pamela Fernanda, estiveram na Universidade no dia 20 de mar\u00e7o com os Atendidos dos cursos de administra\u00e7\u00e3o e MRC.<\/p>\n\n\n\n<p>Pela manh\u00e3, a turma de monitores do Giro Cultural se apresentou a turma da VP e, em seguida todos iniciaram a visita\u00e7\u00e3o panor\u00e2mica no \u00f4nibus da USP. Passando por diversos lugares, os monitores explicavam cada detalhe, at\u00e9 realizar uma parada na pra\u00e7a do rel\u00f3gio, onde eles abordaram diversos temas e que \u00e9 super poss\u00edvel os educandos estudarem na universidade. A visita panor\u00e2mica foi finalizada na hora do almo\u00e7o, onde todos puderam almo\u00e7ar no restaurante famoso (bandej\u00e3o da USP).<br><br>J\u00e1 no per\u00edodo da tarde, foi o in\u00edcio da visita cient\u00edfica, com os educandos do per\u00edodo da tarde. A visita foi guiada por museus. O primeiro foi o Museu do Hospital Veterin\u00e1rio, onde os monitores explicaram detalhadamente, ap\u00f3s, a visita foi no museu de Anatomia Humana, entendendo assim, mais sobre nossos corpos. Por fim, uma pesquisa sobre toda a visita e um marca p\u00e1gina do giro cultural de presente para todos.<\/p>\n\n\n\n<p><em>\u201cRomper as barreiras da vulnerabilidade \u00e9 um grande desafio, mas quando vemos jovens da comunidade acessando espa\u00e7os como a USP, \u00e9 como se uma nova porta se abrisse para um futuro cheio de possibilidades. O fato de a CIDADE USP ter 90 anos de hist\u00f3ria, junto \u00e0 IDB celebrando 106 anos, refor\u00e7a como a educa\u00e7\u00e3o \u00e9 um pilar que se renova e permanece firme como ferramenta de transforma\u00e7\u00e3o social. A conex\u00e3o entre institui\u00e7\u00f5es e educadores sociais cria uma rede que potencializa as oportunidades, fortalece a autoestima dos jovens e gera novas perspectivas para suas vidas. \u00c9 realmente inspirador ver o impacto dessa miss\u00e3o de priorizar a educa\u00e7\u00e3o!\u201d, declarou <strong>Gaiza, <\/strong>Educadora.<\/em><\/p>\n\n\n\n<p><em>\u201cA USP foi um lugar incr\u00edvel a sua \u2018cidade\u2019 era enorme, seus diversos pr\u00e9dios que cont\u00e9m as mais diversas \u00e1reas ou cursos. N\u00e3o existem barreiras para estar l\u00e1 hoje eu entendi que \u00e9 poss\u00edvel chegar l\u00e1 ent\u00e3o minha meta agora \u00e9 me esfor\u00e7ar para voltar l\u00e1, mas como estudante, n\u00e3o apenas como uma visita.<\/em> <em>Obrigado ao Instituto Dom Bosco pelo inesquec\u00edvel passeio e proporcionar essas visitas t\u00e9cnicas.\u201d <strong>Thiago Santos, <\/strong>Educando.<\/em><\/p>\n\n\n\n<p><em>\u201cO passeio da USP, foi um passeio que eu estava ansiosa para ir desde o dia que a Gaiza contou para a gente, a USP foi uma grande descoberta para mim, pois eu n\u00e3o sabia nada sobre, n\u00e3o sabia que era uma faculdade p\u00fablica, eu sabia que era muito concorrido, mas n\u00e3o sabia que eu tinha chance de poder entrar, agora com essa visita, &nbsp;eu quero tentar entrar e cursar rela\u00e7\u00f5es internacionais, sei que na USP posso abrir muitas portas para o meu futuro, meu sonho de trabalhar fora do Brasil.\u201d, <strong>Ana Julia S Fagundes,<\/strong> Educanda.<\/em><\/p>\n\n\n\n<p><em>\u201cEu achei a USP muito legal, muito grande mesmo, nunca imaginei viver isso, fiquei esperando por esse dia desde o come\u00e7o do m\u00eas, a Gaiza vivia falando desse passeio, que a gente ia gostar muito de conhecer a USP, e ela n\u00e3o mentiu n\u00e9, a gente amou conhecer l\u00e1, \u00e9 muito grande e nem passava pela a minha cabe\u00e7a que eu ia conhecer, que eu ia entrar l\u00e1 dentro da USP. O pessoal que apresentou a Universidade para n\u00f3s, apresentou com muita simpatia. Todos foram gente boa, com paci\u00eancia e excelente explica\u00e7\u00e3o.\u201d, <\/em><strong>Maria Eduarda Siqueira, <\/strong>Educanda.<\/p>\n\n\n\n<p><strong><em><a href=\"https:\/\/www.facebook.com\/media\/set\/?vanity=InstitutoDomBoscoBomRetiro&amp;set=a.1181170710679408\" data-type=\"link\" data-id=\"https:\/\/www.facebook.com\/media\/set\/?vanity=InstitutoDomBoscoBomRetiro&amp;set=a.1181170710679408\">Clique aqui para ver todas as fotos <\/a><\/em><\/strong><\/p>\n","protected":false},"excerpt":{"rendered":"<p>Com o objetivo de apresentar a Universidade de S\u00e3o Paulo USP para os atendidos do CEDESP Vila Paulistana, incentivando assim a confian\u00e7a e o interesse nos jovens de ingressarem em uma universidade conceituada e p\u00fablica, os Educadores Gaiza Camerina, Gerson Rocha e Pamela Fernanda, estiveram na Universidade no dia 20 de mar\u00e7o com os Atendidos [&hellip;]<\/p>\n","protected":false},"author":27,"featured_media":7088,"comment_status":"open","ping_status":"open","sticky":false,"template":"","format":"standard","meta":{"footnotes":""},"categories":[59],"tags":[],"class_list":["post-7087","post","type-post","status-publish","format-standard","has-post-thumbnail","hentry","category-noticias"],"yoast_head":"<!-- This site is optimized with the Yoast SEO plugin v27.3 - https:\/\/yoast.com\/product\/yoast-seo-wordpress\/ -->\n<title>Atendidos do CEDESP Vila Paulistana realizam Giro Cultural na USP - Instituto Dom Bosco<\/title>\n<meta name=\"robots\" content=\"index, follow, max-snippet:-1, max-image-preview:large, max-video-preview:-1\" \/>\n<link rel=\"canonical\" href=\"https:\/\/salesianossp.org.br\/osbomretiro\/atendidos-do-cedesp-vila-paulistana-realizam-giro-cultural-na-usp\/\" \/>\n<meta property=\"og:locale\" content=\"pt_BR\" \/>\n<meta property=\"og:type\" content=\"article\" \/>\n<meta property=\"og:title\" content=\"Atendidos do CEDESP Vila Paulistana realizam Giro Cultural na USP - Instituto Dom Bosco\" \/>\n<meta property=\"og:description\" content=\"Com o objetivo de apresentar a Universidade de S\u00e3o Paulo USP para os atendidos do CEDESP Vila Paulistana, incentivando assim a confian\u00e7a e o interesse nos jovens de ingressarem em uma universidade conceituada e p\u00fablica, os Educadores Gaiza Camerina, Gerson Rocha e Pamela Fernanda, estiveram na Universidade no dia 20 de mar\u00e7o com os Atendidos [&hellip;]\" \/>\n<meta property=\"og:url\" content=\"https:\/\/salesianossp.org.br\/osbomretiro\/atendidos-do-cedesp-vila-paulistana-realizam-giro-cultural-na-usp\/\" \/>\n<meta property=\"og:site_name\" content=\"Instituto Dom Bosco\" \/>\n<meta property=\"article:publisher\" content=\"https:\/\/www.facebook.com\/InstitutoDomBoscoBomRetiro\/\" \/>\n<meta property=\"article:published_time\" content=\"2025-03-25T21:02:13+00:00\" \/>\n<meta property=\"og:image\" content=\"https:\/\/salesianossp.org.br\/osbomretiro\/wp-content\/uploads\/2025\/03\/Divisao-Fotos-Post-IDB-1-3-1024x1024.png\" \/>\n\t<meta property=\"og:image:width\" content=\"1024\" \/>\n\t<meta property=\"og:image:height\" content=\"1024\" \/>\n\t<meta property=\"og:image:type\" content=\"image\/png\" \/>\n<meta name=\"author\" content=\"Lucas Rodrigues\" \/>\n<meta name=\"twitter:card\" content=\"summary_large_image\" \/>\n<meta name=\"twitter:label1\" content=\"Escrito por\" \/>\n\t<meta name=\"twitter:data1\" content=\"Lucas Rodrigues\" \/>\n\t<meta name=\"twitter:label2\" content=\"Est. tempo de leitura\" \/>\n\t<meta name=\"twitter:data2\" content=\"3 minutos\" \/>\n<script type=\"application\/ld+json\" class=\"yoast-schema-graph\">{\"@context\":\"https:\\\/\\\/schema.org\",\"@graph\":[{\"@type\":\"Article\",\"@id\":\"https:\\\/\\\/salesianossp.org.br\\\/osbomretiro\\\/atendidos-do-cedesp-vila-paulistana-realizam-giro-cultural-na-usp\\\/#article\",\"isPartOf\":{\"@id\":\"https:\\\/\\\/salesianossp.org.br\\\/osbomretiro\\\/atendidos-do-cedesp-vila-paulistana-realizam-giro-cultural-na-usp\\\/\"},\"author\":{\"name\":\"Lucas Rodrigues\",\"@id\":\"https:\\\/\\\/salesianossp.org.br\\\/osbomretiro\\\/#\\\/schema\\\/person\\\/3091f5c85d13f1f81c2eadb190445d2e\"},\"headline\":\"Atendidos do CEDESP Vila Paulistana realizam Giro Cultural na USP\",\"datePublished\":\"2025-03-25T21:02:13+00:00\",\"mainEntityOfPage\":{\"@id\":\"https:\\\/\\\/salesianossp.org.br\\\/osbomretiro\\\/atendidos-do-cedesp-vila-paulistana-realizam-giro-cultural-na-usp\\\/\"},\"wordCount\":640,\"commentCount\":0,\"publisher\":{\"@id\":\"https:\\\/\\\/salesianossp.org.br\\\/osbomretiro\\\/#organization\"},\"image\":{\"@id\":\"https:\\\/\\\/salesianossp.org.br\\\/osbomretiro\\\/atendidos-do-cedesp-vila-paulistana-realizam-giro-cultural-na-usp\\\/#primaryimage\"},\"thumbnailUrl\":\"https:\\\/\\\/salesianossp.org.br\\\/osbomretiro\\\/wp-content\\\/uploads\\\/2025\\\/03\\\/Divisao-Fotos-Post-IDB-1-3-scaled.png\",\"articleSection\":[\"Not\u00edcias\"],\"inLanguage\":\"pt-BR\",\"potentialAction\":[{\"@type\":\"CommentAction\",\"name\":\"Comment\",\"target\":[\"https:\\\/\\\/salesianossp.org.br\\\/osbomretiro\\\/atendidos-do-cedesp-vila-paulistana-realizam-giro-cultural-na-usp\\\/#respond\"]}]},{\"@type\":\"WebPage\",\"@id\":\"https:\\\/\\\/salesianossp.org.br\\\/osbomretiro\\\/atendidos-do-cedesp-vila-paulistana-realizam-giro-cultural-na-usp\\\/\",\"url\":\"https:\\\/\\\/salesianossp.org.br\\\/osbomretiro\\\/atendidos-do-cedesp-vila-paulistana-realizam-giro-cultural-na-usp\\\/\",\"name\":\"Atendidos do CEDESP Vila Paulistana realizam Giro Cultural na USP - Instituto Dom Bosco\",\"isPartOf\":{\"@id\":\"https:\\\/\\\/salesianossp.org.br\\\/osbomretiro\\\/#website\"},\"primaryImageOfPage\":{\"@id\":\"https:\\\/\\\/salesianossp.org.br\\\/osbomretiro\\\/atendidos-do-cedesp-vila-paulistana-realizam-giro-cultural-na-usp\\\/#primaryimage\"},\"image\":{\"@id\":\"https:\\\/\\\/salesianossp.org.br\\\/osbomretiro\\\/atendidos-do-cedesp-vila-paulistana-realizam-giro-cultural-na-usp\\\/#primaryimage\"},\"thumbnailUrl\":\"https:\\\/\\\/salesianossp.org.br\\\/osbomretiro\\\/wp-content\\\/uploads\\\/2025\\\/03\\\/Divisao-Fotos-Post-IDB-1-3-scaled.png\",\"datePublished\":\"2025-03-25T21:02:13+00:00\",\"breadcrumb\":{\"@id\":\"https:\\\/\\\/salesianossp.org.br\\\/osbomretiro\\\/atendidos-do-cedesp-vila-paulistana-realizam-giro-cultural-na-usp\\\/#breadcrumb\"},\"inLanguage\":\"pt-BR\",\"potentialAction\":[{\"@type\":\"ReadAction\",\"target\":[\"https:\\\/\\\/salesianossp.org.br\\\/osbomretiro\\\/atendidos-do-cedesp-vila-paulistana-realizam-giro-cultural-na-usp\\\/\"]}]},{\"@type\":\"ImageObject\",\"inLanguage\":\"pt-BR\",\"@id\":\"https:\\\/\\\/salesianossp.org.br\\\/osbomretiro\\\/atendidos-do-cedesp-vila-paulistana-realizam-giro-cultural-na-usp\\\/#primaryimage\",\"url\":\"https:\\\/\\\/salesianossp.org.br\\\/osbomretiro\\\/wp-content\\\/uploads\\\/2025\\\/03\\\/Divisao-Fotos-Post-IDB-1-3-scaled.png\",\"contentUrl\":\"https:\\\/\\\/salesianossp.org.br\\\/osbomretiro\\\/wp-content\\\/uploads\\\/2025\\\/03\\\/Divisao-Fotos-Post-IDB-1-3-scaled.png\",\"width\":2560,\"height\":2560},{\"@type\":\"BreadcrumbList\",\"@id\":\"https:\\\/\\\/salesianossp.org.br\\\/osbomretiro\\\/atendidos-do-cedesp-vila-paulistana-realizam-giro-cultural-na-usp\\\/#breadcrumb\",\"itemListElement\":[{\"@type\":\"ListItem\",\"position\":1,\"name\":\"In\u00edcio\",\"item\":\"https:\\\/\\\/salesianossp.org.br\\\/osbomretiro\\\/\"},{\"@type\":\"ListItem\",\"position\":2,\"name\":\"Atendidos do CEDESP Vila Paulistana realizam Giro Cultural na USP\"}]},{\"@type\":\"WebSite\",\"@id\":\"https:\\\/\\\/salesianossp.org.br\\\/osbomretiro\\\/#website\",\"url\":\"https:\\\/\\\/salesianossp.org.br\\\/osbomretiro\\\/\",\"name\":\"Instituto Dom Bosco\",\"description\":\"\",\"publisher\":{\"@id\":\"https:\\\/\\\/salesianossp.org.br\\\/osbomretiro\\\/#organization\"},\"potentialAction\":[{\"@type\":\"SearchAction\",\"target\":{\"@type\":\"EntryPoint\",\"urlTemplate\":\"https:\\\/\\\/salesianossp.org.br\\\/osbomretiro\\\/?s={search_term_string}\"},\"query-input\":{\"@type\":\"PropertyValueSpecification\",\"valueRequired\":true,\"valueName\":\"search_term_string\"}}],\"inLanguage\":\"pt-BR\"},{\"@type\":\"Organization\",\"@id\":\"https:\\\/\\\/salesianossp.org.br\\\/osbomretiro\\\/#organization\",\"name\":\"Instituto Dom Bosco\",\"url\":\"https:\\\/\\\/salesianossp.org.br\\\/osbomretiro\\\/\",\"logo\":{\"@type\":\"ImageObject\",\"inLanguage\":\"pt-BR\",\"@id\":\"https:\\\/\\\/salesianossp.org.br\\\/osbomretiro\\\/#\\\/schema\\\/logo\\\/image\\\/\",\"url\":\"https:\\\/\\\/salesianossp.org.br\\\/osbomretiro\\\/wp-content\\\/uploads\\\/2025\\\/10\\\/logotipo-instituto-dom-bosco-color-56.svg\",\"contentUrl\":\"https:\\\/\\\/salesianossp.org.br\\\/osbomretiro\\\/wp-content\\\/uploads\\\/2025\\\/10\\\/logotipo-instituto-dom-bosco-color-56.svg\",\"width\":164,\"height\":56,\"caption\":\"Instituto Dom Bosco\"},\"image\":{\"@id\":\"https:\\\/\\\/salesianossp.org.br\\\/osbomretiro\\\/#\\\/schema\\\/logo\\\/image\\\/\"},\"sameAs\":[\"https:\\\/\\\/www.facebook.com\\\/InstitutoDomBoscoBomRetiro\\\/\",\"https:\\\/\\\/www.youtube.com\\\/user\\\/Institutodb\",\"https:\\\/\\\/www.instagram.com\\\/institutodb\\\/\"]},{\"@type\":\"Person\",\"@id\":\"https:\\\/\\\/salesianossp.org.br\\\/osbomretiro\\\/#\\\/schema\\\/person\\\/3091f5c85d13f1f81c2eadb190445d2e\",\"name\":\"Lucas Rodrigues\",\"image\":{\"@type\":\"ImageObject\",\"inLanguage\":\"pt-BR\",\"@id\":\"https:\\\/\\\/secure.gravatar.com\\\/avatar\\\/0ad9c966c6ed3335d7fffe2c3b88880dd298c0817b71e20a6955c38f2a53f746?s=96&d=mm&r=g\",\"url\":\"https:\\\/\\\/secure.gravatar.com\\\/avatar\\\/0ad9c966c6ed3335d7fffe2c3b88880dd298c0817b71e20a6955c38f2a53f746?s=96&d=mm&r=g\",\"contentUrl\":\"https:\\\/\\\/secure.gravatar.com\\\/avatar\\\/0ad9c966c6ed3335d7fffe2c3b88880dd298c0817b71e20a6955c38f2a53f746?s=96&d=mm&r=g\",\"caption\":\"Lucas Rodrigues\"},\"url\":\"https:\\\/\\\/salesianossp.org.br\\\/osbomretiro\\\/author\\\/lucas-rodrigues\\\/\"}]}<\/script>\n<!-- \/ Yoast SEO plugin. -->","yoast_head_json":{"title":"Atendidos do CEDESP Vila Paulistana realizam Giro Cultural na USP - Instituto Dom Bosco","robots":{"index":"index","follow":"follow","max-snippet":"max-snippet:-1","max-image-preview":"max-image-preview:large","max-video-preview":"max-video-preview:-1"},"canonical":"https:\/\/salesianossp.org.br\/osbomretiro\/atendidos-do-cedesp-vila-paulistana-realizam-giro-cultural-na-usp\/","og_locale":"pt_BR","og_type":"article","og_title":"Atendidos do CEDESP Vila Paulistana realizam Giro Cultural na USP - Instituto Dom Bosco","og_description":"Com o objetivo de apresentar a Universidade de S\u00e3o Paulo USP para os atendidos do CEDESP Vila Paulistana, incentivando assim a confian\u00e7a e o interesse nos jovens de ingressarem em uma universidade conceituada e p\u00fablica, os Educadores Gaiza Camerina, Gerson Rocha e Pamela Fernanda, estiveram na Universidade no dia 20 de mar\u00e7o com os Atendidos [&hellip;]","og_url":"https:\/\/salesianossp.org.br\/osbomretiro\/atendidos-do-cedesp-vila-paulistana-realizam-giro-cultural-na-usp\/","og_site_name":"Instituto Dom Bosco","article_publisher":"https:\/\/www.facebook.com\/InstitutoDomBoscoBomRetiro\/","article_published_time":"2025-03-25T21:02:13+00:00","og_image":[{"width":1024,"height":1024,"url":"https:\/\/salesianossp.org.br\/osbomretiro\/wp-content\/uploads\/2025\/03\/Divisao-Fotos-Post-IDB-1-3-1024x1024.png","type":"image\/png"}],"author":"Lucas Rodrigues","twitter_card":"summary_large_image","twitter_misc":{"Escrito por":"Lucas Rodrigues","Est. tempo de leitura":"3 minutos"},"schema":{"@context":"https:\/\/schema.org","@graph":[{"@type":"Article","@id":"https:\/\/salesianossp.org.br\/osbomretiro\/atendidos-do-cedesp-vila-paulistana-realizam-giro-cultural-na-usp\/#article","isPartOf":{"@id":"https:\/\/salesianossp.org.br\/osbomretiro\/atendidos-do-cedesp-vila-paulistana-realizam-giro-cultural-na-usp\/"},"author":{"name":"Lucas Rodrigues","@id":"https:\/\/salesianossp.org.br\/osbomretiro\/#\/schema\/person\/3091f5c85d13f1f81c2eadb190445d2e"},"headline":"Atendidos do CEDESP Vila Paulistana realizam Giro Cultural na USP","datePublished":"2025-03-25T21:02:13+00:00","mainEntityOfPage":{"@id":"https:\/\/salesianossp.org.br\/osbomretiro\/atendidos-do-cedesp-vila-paulistana-realizam-giro-cultural-na-usp\/"},"wordCount":640,"commentCount":0,"publisher":{"@id":"https:\/\/salesianossp.org.br\/osbomretiro\/#organization"},"image":{"@id":"https:\/\/salesianossp.org.br\/osbomretiro\/atendidos-do-cedesp-vila-paulistana-realizam-giro-cultural-na-usp\/#primaryimage"},"thumbnailUrl":"https:\/\/salesianossp.org.br\/osbomretiro\/wp-content\/uploads\/2025\/03\/Divisao-Fotos-Post-IDB-1-3-scaled.png","articleSection":["Not\u00edcias"],"inLanguage":"pt-BR","potentialAction":[{"@type":"CommentAction","name":"Comment","target":["https:\/\/salesianossp.org.br\/osbomretiro\/atendidos-do-cedesp-vila-paulistana-realizam-giro-cultural-na-usp\/#respond"]}]},{"@type":"WebPage","@id":"https:\/\/salesianossp.org.br\/osbomretiro\/atendidos-do-cedesp-vila-paulistana-realizam-giro-cultural-na-usp\/","url":"https:\/\/salesianossp.org.br\/osbomretiro\/atendidos-do-cedesp-vila-paulistana-realizam-giro-cultural-na-usp\/","name":"Atendidos do CEDESP Vila Paulistana realizam Giro Cultural na USP - Instituto Dom Bosco","isPartOf":{"@id":"https:\/\/salesianossp.org.br\/osbomretiro\/#website"},"primaryImageOfPage":{"@id":"https:\/\/salesianossp.org.br\/osbomretiro\/atendidos-do-cedesp-vila-paulistana-realizam-giro-cultural-na-usp\/#primaryimage"},"image":{"@id":"https:\/\/salesianossp.org.br\/osbomretiro\/atendidos-do-cedesp-vila-paulistana-realizam-giro-cultural-na-usp\/#primaryimage"},"thumbnailUrl":"https:\/\/salesianossp.org.br\/osbomretiro\/wp-content\/uploads\/2025\/03\/Divisao-Fotos-Post-IDB-1-3-scaled.png","datePublished":"2025-03-25T21:02:13+00:00","breadcrumb":{"@id":"https:\/\/salesianossp.org.br\/osbomretiro\/atendidos-do-cedesp-vila-paulistana-realizam-giro-cultural-na-usp\/#breadcrumb"},"inLanguage":"pt-BR","potentialAction":[{"@type":"ReadAction","target":["https:\/\/salesianossp.org.br\/osbomretiro\/atendidos-do-cedesp-vila-paulistana-realizam-giro-cultural-na-usp\/"]}]},{"@type":"ImageObject","inLanguage":"pt-BR","@id":"https:\/\/salesianossp.org.br\/osbomretiro\/atendidos-do-cedesp-vila-paulistana-realizam-giro-cultural-na-usp\/#primaryimage","url":"https:\/\/salesianossp.org.br\/osbomretiro\/wp-content\/uploads\/2025\/03\/Divisao-Fotos-Post-IDB-1-3-scaled.png","contentUrl":"https:\/\/salesianossp.org.br\/osbomretiro\/wp-content\/uploads\/2025\/03\/Divisao-Fotos-Post-IDB-1-3-scaled.png","width":2560,"height":2560},{"@type":"BreadcrumbList","@id":"https:\/\/salesianossp.org.br\/osbomretiro\/atendidos-do-cedesp-vila-paulistana-realizam-giro-cultural-na-usp\/#breadcrumb","itemListElement":[{"@type":"ListItem","position":1,"name":"In\u00edcio","item":"https:\/\/salesianossp.org.br\/osbomretiro\/"},{"@type":"ListItem","position":2,"name":"Atendidos do CEDESP Vila Paulistana realizam Giro Cultural na USP"}]},{"@type":"WebSite","@id":"https:\/\/salesianossp.org.br\/osbomretiro\/#website","url":"https:\/\/salesianossp.org.br\/osbomretiro\/","name":"Instituto Dom Bosco","description":"","publisher":{"@id":"https:\/\/salesianossp.org.br\/osbomretiro\/#organization"},"potentialAction":[{"@type":"SearchAction","target":{"@type":"EntryPoint","urlTemplate":"https:\/\/salesianossp.org.br\/osbomretiro\/?s={search_term_string}"},"query-input":{"@type":"PropertyValueSpecification","valueRequired":true,"valueName":"search_term_string"}}],"inLanguage":"pt-BR"},{"@type":"Organization","@id":"https:\/\/salesianossp.org.br\/osbomretiro\/#organization","name":"Instituto Dom Bosco","url":"https:\/\/salesianossp.org.br\/osbomretiro\/","logo":{"@type":"ImageObject","inLanguage":"pt-BR","@id":"https:\/\/salesianossp.org.br\/osbomretiro\/#\/schema\/logo\/image\/","url":"https:\/\/salesianossp.org.br\/osbomretiro\/wp-content\/uploads\/2025\/10\/logotipo-instituto-dom-bosco-color-56.svg","contentUrl":"https:\/\/salesianossp.org.br\/osbomretiro\/wp-content\/uploads\/2025\/10\/logotipo-instituto-dom-bosco-color-56.svg","width":164,"height":56,"caption":"Instituto Dom Bosco"},"image":{"@id":"https:\/\/salesianossp.org.br\/osbomretiro\/#\/schema\/logo\/image\/"},"sameAs":["https:\/\/www.facebook.com\/InstitutoDomBoscoBomRetiro\/","https:\/\/www.youtube.com\/user\/Institutodb","https:\/\/www.instagram.com\/institutodb\/"]},{"@type":"Person","@id":"https:\/\/salesianossp.org.br\/osbomretiro\/#\/schema\/person\/3091f5c85d13f1f81c2eadb190445d2e","name":"Lucas Rodrigues","image":{"@type":"ImageObject","inLanguage":"pt-BR","@id":"https:\/\/secure.gravatar.com\/avatar\/0ad9c966c6ed3335d7fffe2c3b88880dd298c0817b71e20a6955c38f2a53f746?s=96&d=mm&r=g","url":"https:\/\/secure.gravatar.com\/avatar\/0ad9c966c6ed3335d7fffe2c3b88880dd298c0817b71e20a6955c38f2a53f746?s=96&d=mm&r=g","contentUrl":"https:\/\/secure.gravatar.com\/avatar\/0ad9c966c6ed3335d7fffe2c3b88880dd298c0817b71e20a6955c38f2a53f746?s=96&d=mm&r=g","caption":"Lucas Rodrigues"},"url":"https:\/\/salesianossp.org.br\/osbomretiro\/author\/lucas-rodrigues\/"}]}},"_links":{"self":[{"href":"https:\/\/salesianossp.org.br\/osbomretiro\/wp-json\/wp\/v2\/posts\/7087","targetHints":{"allow":["GET"]}}],"collection":[{"href":"https:\/\/salesianossp.org.br\/osbomretiro\/wp-json\/wp\/v2\/posts"}],"about":[{"href":"https:\/\/salesianossp.org.br\/osbomretiro\/wp-json\/wp\/v2\/types\/post"}],"author":[{"embeddable":true,"href":"https:\/\/salesianossp.org.br\/osbomretiro\/wp-json\/wp\/v2\/users\/27"}],"replies":[{"embeddable":true,"href":"https:\/\/salesianossp.org.br\/osbomretiro\/wp-json\/wp\/v2\/comments?post=7087"}],"version-history":[{"count":0,"href":"https:\/\/salesianossp.org.br\/osbomretiro\/wp-json\/wp\/v2\/posts\/7087\/revisions"}],"wp:featuredmedia":[{"embeddable":true,"href":"https:\/\/salesianossp.org.br\/osbomretiro\/wp-json\/wp\/v2\/media\/7088"}],"wp:attachment":[{"href":"https:\/\/salesianossp.org.br\/osbomretiro\/wp-json\/wp\/v2\/media?parent=7087"}],"wp:term":[{"taxonomy":"category","embeddable":true,"href":"https:\/\/salesianossp.org.br\/osbomretiro\/wp-json\/wp\/v2\/categories?post=7087"},{"taxonomy":"post_tag","embeddable":true,"href":"https:\/\/salesianossp.org.br\/osbomretiro\/wp-json\/wp\/v2\/tags?post=7087"}],"curies":[{"name":"wp","href":"https:\/\/api.w.org\/{rel}","templated":true}]}}