{"id":7150,"date":"2025-04-04T15:58:28","date_gmt":"2025-04-04T18:58:28","guid":{"rendered":"https:\/\/salesianossp.org.br\/osbomretiro\/?p=7150"},"modified":"2025-04-04T15:58:28","modified_gmt":"2025-04-04T18:58:28","slug":"cedesp-pinheiros-visita-o-museu-da-lingua-portuguesa-e-a-sede-do-instituto","status":"publish","type":"post","link":"https:\/\/salesianossp.org.br\/osbomretiro\/cedesp-pinheiros-visita-o-museu-da-lingua-portuguesa-e-a-sede-do-instituto\/","title":{"rendered":"\u200bCEDESP Pinheiros visita\u00a0o\u00a0Museu da\u00a0L\u00edngua Portuguesa e a sede do Instituto\u00a0"},"content":{"rendered":"\n<p>\u200bNo dia 27 de abril,&nbsp;Educandos e educadores do CEDESP Unidade Pinheiros, visitaram o&nbsp;Museu da L\u00edngua Portuguesa com o objetivo de gerar experi\u00eancia,&nbsp;aprendizado din\u00e2mico eInterativo sobre a hist\u00f3ria, evolu\u00e7\u00e3o e diversidade do idioma falado no Brasil e\u200b&nbsp;em outros pa\u00edses que falam a nossa l\u00edngua. Bem como explorar a origem do\u200b&nbsp;portugu\u00eas, suas influ\u00eancias ao longo dos s\u00e9culos e sua rela\u00e7\u00e3o com diferentes povos e culturas.\u200b A fim de ampliar a&nbsp;compreens\u00e3o sobre a diversidade lingu\u00edstica e\u200b&nbsp;cultural do Brasil.\u200b Al\u00e9m disso, os educandos e educadores estiveram na sede do Instituto no Bom Retiro, conhecendo os espa\u00e7os e a rotina do dia.&nbsp;<br><br><em>\u201cFoi a primeira vez que estive no museu da L\u00edngua portuguesa, fiquei\u200b&nbsp;encantada com todo espa\u00e7o. Vi v\u00e1rias l\u00ednguas e formas de comunica\u00e7\u00e3o \u00e9 um\u200b&nbsp;espa\u00e7o onde voc\u00ea passa o tempo sem perceber e gostaria muito de voltar<\/em> <em>novamente com mais tempo. Observar e entender alguns instrumentos\u200b&nbsp;expostos. Gostei do atendimento, da organiza\u00e7\u00e3o do espa\u00e7o, f\u00e1cil acesso.\u201d\u200b,&nbsp;<strong>Rosana Silva Dar\u00e9<\/strong>\u200b, Assistente Administrativo\u200b.<br><br>\u201cAp\u00f3s a visita ao Instituto Dom Bosco, fomos ao museu da L\u00edngua Portuguesa,\u200b&nbsp;onde apreciamos a hist\u00f3ria da l\u00edngua que falamos. Al\u00e9m disso observamos as\u200b&nbsp;exposi\u00e7\u00f5es como \u201cpra\u00e7a da l\u00edngua\u201d, que projeta trechos da literatura e m\u00fasicas brasileiras \u00e9 o que mais me chamou a aten\u00e7\u00e3o sendo a parte preferida da\u200b&nbsp;visita. Al\u00e9m do mais a \u201cpalavras Cruzadas\u201d trouxe intera\u00e7\u00e3o dos visitantes com\u200b&nbsp;outros idiomas nativos da l\u00edngua portuguesa. Para mim valeu a pena visitar o\u200b&nbsp;espa\u00e7o e desta forma adicionarmos mais conhecimento e para nossa bagagem\u200b&nbsp;cultural\u201d.\u200b<strong>Rafaela Avelar\u200b,<\/strong>&nbsp;Assistente de Recursos Humanos\u200b.&nbsp;\u200b&#8221;Mesmo sendo longe, a visita ao Instituto do Bom Retiro valeu muito a pena. Pude ver de perto\u200b&nbsp;como funciona a recep\u00e7\u00e3o, conhecer cursos que n\u00e3o sabia que existiam e descobrir o que os\u200b&nbsp;alunos fazem no tempo de lazer ap\u00f3s as aulas.\u200b&nbsp;Al\u00e9m disso, tive a honra de visitar a Par\u00f3quia de Dom Bosco. Fiquei impressionado com sua\u200b&nbsp;estrutura, as belas artes nas janelas e paredes e, principalmente, com o qu\u00e3o bem conservada\u200b&nbsp;ela se mant\u00e9m ao longo do tempo.\u200b&nbsp;Ap\u00f3s termos visitado o Museu da L\u00edngua Portuguesa, tive a oportunidade de conhecer a Pra\u00e7a\u200b&nbsp;da Luz enquanto caminh\u00e1vamos. Durante o percurso, observei v\u00e1rias est\u00e1tuas art\u00edsticas e\u200b&nbsp;admirei a beleza natural do ambiente da pra\u00e7a. Ao entrar no museu, vi diversas obras que retratavam a verdadeira ess\u00eancia das l\u00ednguas, tanto\u200b&nbsp;dos povos antigos quanto dos contempor\u00e2neos. O museu tamb\u00e9m utiliza tecnologia para\u200b&nbsp;apresentar suas exposi\u00e7\u00f5es de forma inovadora e intrigante. Al\u00e9m disso, tive a oportunidade de\u200b&nbsp;assistir a uma apresenta\u00e7\u00e3o sobre as l\u00ednguas dentro do museu, o que tornou a experi\u00eancia ainda\u200b&nbsp;mais enriquecedora.\u200b&#8221;&nbsp;<strong>Igor Ferreira de Souza<\/strong>,&nbsp;Operador de Microcomputador com \u00canfase em Log\u00edstica\u200b.<\/em><\/p>\n\n\n\n<p><em>&#8220;A visita \u00e0 sede do IDB proporcionou aos educandos uma amplitude de conhecimentos de profiss\u00f5es na pr\u00e1tica, pois conversaram com educadores de outros cursos profissionalizantes ofertados a exemplo das salas de instala\u00e7\u00f5es el\u00e9tricas residenciais, automa\u00e7\u00e3o, oficinas mec\u00e2nicas e de impress\u00e3o digital. Alguns deles j\u00e1 demonstraram no ato a inten\u00e7\u00e3o da realiza\u00e7\u00e3o desses cursos.\u200b\u00a0Do mesmo modo, foi gratificante proporcionar ao nossos atendidos a visita ao Museu da L\u00edngua Portuguesa; a intera\u00e7\u00e3o deles com as exposi\u00e7\u00f5es, a imers\u00e3o pr\u00e1tica sobre a origem do nosso idioma na sala de v\u00eddeo, e o contato com outros p\u00fablicos frequentadores trouxe aos mesmos um momento \u00edmpar de viv\u00eancia e de pertencimento \u00e0 sociedade como pessoas cidad\u00e3s, objetivo principal de nossas atividades di\u00e1rias como institui\u00e7\u00e3o Salesiana.\u200b&#8221;\u00a0<strong>Pedro Junior,<\/strong>\u00a0Educador em Pinheiros.\u00a0<\/em><br><br><strong><em><a href=\"https:\/\/bit.ly\/3FQPPLZ\" data-type=\"link\" data-id=\"https:\/\/bit.ly\/3FQPPLZ\">Clique aqui para ver todas as fotos <\/a><\/em><\/strong><\/p>\n","protected":false},"excerpt":{"rendered":"<p>\u200bNo dia 27 de abril,&nbsp;Educandos e educadores do CEDESP Unidade Pinheiros, visitaram o&nbsp;Museu da L\u00edngua Portuguesa com o objetivo de gerar experi\u00eancia,&nbsp;aprendizado din\u00e2mico eInterativo sobre a hist\u00f3ria, evolu\u00e7\u00e3o e diversidade do idioma falado no Brasil e\u200b&nbsp;em outros pa\u00edses que falam a nossa l\u00edngua. Bem como explorar a origem do\u200b&nbsp;portugu\u00eas, suas influ\u00eancias ao longo dos s\u00e9culos [&hellip;]<\/p>\n","protected":false},"author":27,"featured_media":7152,"comment_status":"open","ping_status":"open","sticky":false,"template":"","format":"standard","meta":{"footnotes":""},"categories":[59],"tags":[],"class_list":["post-7150","post","type-post","status-publish","format-standard","has-post-thumbnail","hentry","category-noticias"],"yoast_head":"<!-- This site is optimized with the Yoast SEO plugin v27.3 - https:\/\/yoast.com\/product\/yoast-seo-wordpress\/ -->\n<title>\u200bCEDESP Pinheiros visita\u00a0o\u00a0Museu da\u00a0L\u00edngua Portuguesa e a sede do Instituto\u00a0 - Instituto Dom Bosco<\/title>\n<meta name=\"robots\" content=\"index, follow, max-snippet:-1, max-image-preview:large, max-video-preview:-1\" \/>\n<link rel=\"canonical\" href=\"https:\/\/salesianossp.org.br\/osbomretiro\/cedesp-pinheiros-visita-o-museu-da-lingua-portuguesa-e-a-sede-do-instituto\/\" \/>\n<meta property=\"og:locale\" content=\"pt_BR\" \/>\n<meta property=\"og:type\" content=\"article\" \/>\n<meta property=\"og:title\" content=\"\u200bCEDESP Pinheiros visita\u00a0o\u00a0Museu da\u00a0L\u00edngua Portuguesa e a sede do Instituto\u00a0 - Instituto Dom Bosco\" \/>\n<meta property=\"og:description\" content=\"\u200bNo dia 27 de abril,&nbsp;Educandos e educadores do CEDESP Unidade Pinheiros, visitaram o&nbsp;Museu da L\u00edngua Portuguesa com o objetivo de gerar experi\u00eancia,&nbsp;aprendizado din\u00e2mico eInterativo sobre a hist\u00f3ria, evolu\u00e7\u00e3o e diversidade do idioma falado no Brasil e\u200b&nbsp;em outros pa\u00edses que falam a nossa l\u00edngua. Bem como explorar a origem do\u200b&nbsp;portugu\u00eas, suas influ\u00eancias ao longo dos s\u00e9culos [&hellip;]\" \/>\n<meta property=\"og:url\" content=\"https:\/\/salesianossp.org.br\/osbomretiro\/cedesp-pinheiros-visita-o-museu-da-lingua-portuguesa-e-a-sede-do-instituto\/\" \/>\n<meta property=\"og:site_name\" content=\"Instituto Dom Bosco\" \/>\n<meta property=\"article:publisher\" content=\"https:\/\/www.facebook.com\/InstitutoDomBoscoBomRetiro\/\" \/>\n<meta property=\"article:published_time\" content=\"2025-04-04T18:58:28+00:00\" \/>\n<meta property=\"og:image\" content=\"https:\/\/salesianossp.org.br\/osbomretiro\/wp-content\/uploads\/2025\/04\/Divisao-Fotos-Post-IDB-1-1024x1024.png\" \/>\n\t<meta property=\"og:image:width\" content=\"1024\" \/>\n\t<meta property=\"og:image:height\" content=\"1024\" \/>\n\t<meta property=\"og:image:type\" content=\"image\/png\" \/>\n<meta name=\"author\" content=\"Lucas Rodrigues\" \/>\n<meta name=\"twitter:card\" content=\"summary_large_image\" \/>\n<meta name=\"twitter:label1\" content=\"Escrito por\" \/>\n\t<meta name=\"twitter:data1\" content=\"Lucas Rodrigues\" \/>\n\t<meta name=\"twitter:label2\" content=\"Est. tempo de leitura\" \/>\n\t<meta name=\"twitter:data2\" content=\"3 minutos\" \/>\n<script type=\"application\/ld+json\" class=\"yoast-schema-graph\">{\"@context\":\"https:\\\/\\\/schema.org\",\"@graph\":[{\"@type\":\"Article\",\"@id\":\"https:\\\/\\\/salesianossp.org.br\\\/osbomretiro\\\/cedesp-pinheiros-visita-o-museu-da-lingua-portuguesa-e-a-sede-do-instituto\\\/#article\",\"isPartOf\":{\"@id\":\"https:\\\/\\\/salesianossp.org.br\\\/osbomretiro\\\/cedesp-pinheiros-visita-o-museu-da-lingua-portuguesa-e-a-sede-do-instituto\\\/\"},\"author\":{\"name\":\"Lucas Rodrigues\",\"@id\":\"https:\\\/\\\/salesianossp.org.br\\\/osbomretiro\\\/#\\\/schema\\\/person\\\/3091f5c85d13f1f81c2eadb190445d2e\"},\"headline\":\"\u200bCEDESP Pinheiros visita\u00a0o\u00a0Museu da\u00a0L\u00edngua Portuguesa e a sede do Instituto\u00a0\",\"datePublished\":\"2025-04-04T18:58:28+00:00\",\"mainEntityOfPage\":{\"@id\":\"https:\\\/\\\/salesianossp.org.br\\\/osbomretiro\\\/cedesp-pinheiros-visita-o-museu-da-lingua-portuguesa-e-a-sede-do-instituto\\\/\"},\"wordCount\":704,\"commentCount\":0,\"publisher\":{\"@id\":\"https:\\\/\\\/salesianossp.org.br\\\/osbomretiro\\\/#organization\"},\"image\":{\"@id\":\"https:\\\/\\\/salesianossp.org.br\\\/osbomretiro\\\/cedesp-pinheiros-visita-o-museu-da-lingua-portuguesa-e-a-sede-do-instituto\\\/#primaryimage\"},\"thumbnailUrl\":\"https:\\\/\\\/salesianossp.org.br\\\/osbomretiro\\\/wp-content\\\/uploads\\\/2025\\\/04\\\/Divisao-Fotos-Post-IDB-1-scaled.png\",\"articleSection\":[\"Not\u00edcias\"],\"inLanguage\":\"pt-BR\",\"potentialAction\":[{\"@type\":\"CommentAction\",\"name\":\"Comment\",\"target\":[\"https:\\\/\\\/salesianossp.org.br\\\/osbomretiro\\\/cedesp-pinheiros-visita-o-museu-da-lingua-portuguesa-e-a-sede-do-instituto\\\/#respond\"]}]},{\"@type\":\"WebPage\",\"@id\":\"https:\\\/\\\/salesianossp.org.br\\\/osbomretiro\\\/cedesp-pinheiros-visita-o-museu-da-lingua-portuguesa-e-a-sede-do-instituto\\\/\",\"url\":\"https:\\\/\\\/salesianossp.org.br\\\/osbomretiro\\\/cedesp-pinheiros-visita-o-museu-da-lingua-portuguesa-e-a-sede-do-instituto\\\/\",\"name\":\"\u200bCEDESP Pinheiros visita\u00a0o\u00a0Museu da\u00a0L\u00edngua Portuguesa e a sede do Instituto\u00a0 - Instituto Dom Bosco\",\"isPartOf\":{\"@id\":\"https:\\\/\\\/salesianossp.org.br\\\/osbomretiro\\\/#website\"},\"primaryImageOfPage\":{\"@id\":\"https:\\\/\\\/salesianossp.org.br\\\/osbomretiro\\\/cedesp-pinheiros-visita-o-museu-da-lingua-portuguesa-e-a-sede-do-instituto\\\/#primaryimage\"},\"image\":{\"@id\":\"https:\\\/\\\/salesianossp.org.br\\\/osbomretiro\\\/cedesp-pinheiros-visita-o-museu-da-lingua-portuguesa-e-a-sede-do-instituto\\\/#primaryimage\"},\"thumbnailUrl\":\"https:\\\/\\\/salesianossp.org.br\\\/osbomretiro\\\/wp-content\\\/uploads\\\/2025\\\/04\\\/Divisao-Fotos-Post-IDB-1-scaled.png\",\"datePublished\":\"2025-04-04T18:58:28+00:00\",\"breadcrumb\":{\"@id\":\"https:\\\/\\\/salesianossp.org.br\\\/osbomretiro\\\/cedesp-pinheiros-visita-o-museu-da-lingua-portuguesa-e-a-sede-do-instituto\\\/#breadcrumb\"},\"inLanguage\":\"pt-BR\",\"potentialAction\":[{\"@type\":\"ReadAction\",\"target\":[\"https:\\\/\\\/salesianossp.org.br\\\/osbomretiro\\\/cedesp-pinheiros-visita-o-museu-da-lingua-portuguesa-e-a-sede-do-instituto\\\/\"]}]},{\"@type\":\"ImageObject\",\"inLanguage\":\"pt-BR\",\"@id\":\"https:\\\/\\\/salesianossp.org.br\\\/osbomretiro\\\/cedesp-pinheiros-visita-o-museu-da-lingua-portuguesa-e-a-sede-do-instituto\\\/#primaryimage\",\"url\":\"https:\\\/\\\/salesianossp.org.br\\\/osbomretiro\\\/wp-content\\\/uploads\\\/2025\\\/04\\\/Divisao-Fotos-Post-IDB-1-scaled.png\",\"contentUrl\":\"https:\\\/\\\/salesianossp.org.br\\\/osbomretiro\\\/wp-content\\\/uploads\\\/2025\\\/04\\\/Divisao-Fotos-Post-IDB-1-scaled.png\",\"width\":2560,\"height\":2560},{\"@type\":\"BreadcrumbList\",\"@id\":\"https:\\\/\\\/salesianossp.org.br\\\/osbomretiro\\\/cedesp-pinheiros-visita-o-museu-da-lingua-portuguesa-e-a-sede-do-instituto\\\/#breadcrumb\",\"itemListElement\":[{\"@type\":\"ListItem\",\"position\":1,\"name\":\"In\u00edcio\",\"item\":\"https:\\\/\\\/salesianossp.org.br\\\/osbomretiro\\\/\"},{\"@type\":\"ListItem\",\"position\":2,\"name\":\"\u200bCEDESP Pinheiros visita\u00a0o\u00a0Museu da\u00a0L\u00edngua Portuguesa e a sede do Instituto\u00a0\"}]},{\"@type\":\"WebSite\",\"@id\":\"https:\\\/\\\/salesianossp.org.br\\\/osbomretiro\\\/#website\",\"url\":\"https:\\\/\\\/salesianossp.org.br\\\/osbomretiro\\\/\",\"name\":\"Instituto Dom Bosco\",\"description\":\"\",\"publisher\":{\"@id\":\"https:\\\/\\\/salesianossp.org.br\\\/osbomretiro\\\/#organization\"},\"potentialAction\":[{\"@type\":\"SearchAction\",\"target\":{\"@type\":\"EntryPoint\",\"urlTemplate\":\"https:\\\/\\\/salesianossp.org.br\\\/osbomretiro\\\/?s={search_term_string}\"},\"query-input\":{\"@type\":\"PropertyValueSpecification\",\"valueRequired\":true,\"valueName\":\"search_term_string\"}}],\"inLanguage\":\"pt-BR\"},{\"@type\":\"Organization\",\"@id\":\"https:\\\/\\\/salesianossp.org.br\\\/osbomretiro\\\/#organization\",\"name\":\"Instituto Dom Bosco\",\"url\":\"https:\\\/\\\/salesianossp.org.br\\\/osbomretiro\\\/\",\"logo\":{\"@type\":\"ImageObject\",\"inLanguage\":\"pt-BR\",\"@id\":\"https:\\\/\\\/salesianossp.org.br\\\/osbomretiro\\\/#\\\/schema\\\/logo\\\/image\\\/\",\"url\":\"https:\\\/\\\/salesianossp.org.br\\\/osbomretiro\\\/wp-content\\\/uploads\\\/2025\\\/10\\\/logotipo-instituto-dom-bosco-color-56.svg\",\"contentUrl\":\"https:\\\/\\\/salesianossp.org.br\\\/osbomretiro\\\/wp-content\\\/uploads\\\/2025\\\/10\\\/logotipo-instituto-dom-bosco-color-56.svg\",\"width\":164,\"height\":56,\"caption\":\"Instituto Dom Bosco\"},\"image\":{\"@id\":\"https:\\\/\\\/salesianossp.org.br\\\/osbomretiro\\\/#\\\/schema\\\/logo\\\/image\\\/\"},\"sameAs\":[\"https:\\\/\\\/www.facebook.com\\\/InstitutoDomBoscoBomRetiro\\\/\",\"https:\\\/\\\/www.youtube.com\\\/user\\\/Institutodb\",\"https:\\\/\\\/www.instagram.com\\\/institutodb\\\/\"]},{\"@type\":\"Person\",\"@id\":\"https:\\\/\\\/salesianossp.org.br\\\/osbomretiro\\\/#\\\/schema\\\/person\\\/3091f5c85d13f1f81c2eadb190445d2e\",\"name\":\"Lucas Rodrigues\",\"image\":{\"@type\":\"ImageObject\",\"inLanguage\":\"pt-BR\",\"@id\":\"https:\\\/\\\/secure.gravatar.com\\\/avatar\\\/0ad9c966c6ed3335d7fffe2c3b88880dd298c0817b71e20a6955c38f2a53f746?s=96&d=mm&r=g\",\"url\":\"https:\\\/\\\/secure.gravatar.com\\\/avatar\\\/0ad9c966c6ed3335d7fffe2c3b88880dd298c0817b71e20a6955c38f2a53f746?s=96&d=mm&r=g\",\"contentUrl\":\"https:\\\/\\\/secure.gravatar.com\\\/avatar\\\/0ad9c966c6ed3335d7fffe2c3b88880dd298c0817b71e20a6955c38f2a53f746?s=96&d=mm&r=g\",\"caption\":\"Lucas Rodrigues\"},\"url\":\"https:\\\/\\\/salesianossp.org.br\\\/osbomretiro\\\/author\\\/lucas-rodrigues\\\/\"}]}<\/script>\n<!-- \/ Yoast SEO plugin. -->","yoast_head_json":{"title":"\u200bCEDESP Pinheiros visita\u00a0o\u00a0Museu da\u00a0L\u00edngua Portuguesa e a sede do Instituto\u00a0 - Instituto Dom Bosco","robots":{"index":"index","follow":"follow","max-snippet":"max-snippet:-1","max-image-preview":"max-image-preview:large","max-video-preview":"max-video-preview:-1"},"canonical":"https:\/\/salesianossp.org.br\/osbomretiro\/cedesp-pinheiros-visita-o-museu-da-lingua-portuguesa-e-a-sede-do-instituto\/","og_locale":"pt_BR","og_type":"article","og_title":"\u200bCEDESP Pinheiros visita\u00a0o\u00a0Museu da\u00a0L\u00edngua Portuguesa e a sede do Instituto\u00a0 - Instituto Dom Bosco","og_description":"\u200bNo dia 27 de abril,&nbsp;Educandos e educadores do CEDESP Unidade Pinheiros, visitaram o&nbsp;Museu da L\u00edngua Portuguesa com o objetivo de gerar experi\u00eancia,&nbsp;aprendizado din\u00e2mico eInterativo sobre a hist\u00f3ria, evolu\u00e7\u00e3o e diversidade do idioma falado no Brasil e\u200b&nbsp;em outros pa\u00edses que falam a nossa l\u00edngua. Bem como explorar a origem do\u200b&nbsp;portugu\u00eas, suas influ\u00eancias ao longo dos s\u00e9culos [&hellip;]","og_url":"https:\/\/salesianossp.org.br\/osbomretiro\/cedesp-pinheiros-visita-o-museu-da-lingua-portuguesa-e-a-sede-do-instituto\/","og_site_name":"Instituto Dom Bosco","article_publisher":"https:\/\/www.facebook.com\/InstitutoDomBoscoBomRetiro\/","article_published_time":"2025-04-04T18:58:28+00:00","og_image":[{"width":1024,"height":1024,"url":"https:\/\/salesianossp.org.br\/osbomretiro\/wp-content\/uploads\/2025\/04\/Divisao-Fotos-Post-IDB-1-1024x1024.png","type":"image\/png"}],"author":"Lucas Rodrigues","twitter_card":"summary_large_image","twitter_misc":{"Escrito por":"Lucas Rodrigues","Est. tempo de leitura":"3 minutos"},"schema":{"@context":"https:\/\/schema.org","@graph":[{"@type":"Article","@id":"https:\/\/salesianossp.org.br\/osbomretiro\/cedesp-pinheiros-visita-o-museu-da-lingua-portuguesa-e-a-sede-do-instituto\/#article","isPartOf":{"@id":"https:\/\/salesianossp.org.br\/osbomretiro\/cedesp-pinheiros-visita-o-museu-da-lingua-portuguesa-e-a-sede-do-instituto\/"},"author":{"name":"Lucas Rodrigues","@id":"https:\/\/salesianossp.org.br\/osbomretiro\/#\/schema\/person\/3091f5c85d13f1f81c2eadb190445d2e"},"headline":"\u200bCEDESP Pinheiros visita\u00a0o\u00a0Museu da\u00a0L\u00edngua Portuguesa e a sede do Instituto\u00a0","datePublished":"2025-04-04T18:58:28+00:00","mainEntityOfPage":{"@id":"https:\/\/salesianossp.org.br\/osbomretiro\/cedesp-pinheiros-visita-o-museu-da-lingua-portuguesa-e-a-sede-do-instituto\/"},"wordCount":704,"commentCount":0,"publisher":{"@id":"https:\/\/salesianossp.org.br\/osbomretiro\/#organization"},"image":{"@id":"https:\/\/salesianossp.org.br\/osbomretiro\/cedesp-pinheiros-visita-o-museu-da-lingua-portuguesa-e-a-sede-do-instituto\/#primaryimage"},"thumbnailUrl":"https:\/\/salesianossp.org.br\/osbomretiro\/wp-content\/uploads\/2025\/04\/Divisao-Fotos-Post-IDB-1-scaled.png","articleSection":["Not\u00edcias"],"inLanguage":"pt-BR","potentialAction":[{"@type":"CommentAction","name":"Comment","target":["https:\/\/salesianossp.org.br\/osbomretiro\/cedesp-pinheiros-visita-o-museu-da-lingua-portuguesa-e-a-sede-do-instituto\/#respond"]}]},{"@type":"WebPage","@id":"https:\/\/salesianossp.org.br\/osbomretiro\/cedesp-pinheiros-visita-o-museu-da-lingua-portuguesa-e-a-sede-do-instituto\/","url":"https:\/\/salesianossp.org.br\/osbomretiro\/cedesp-pinheiros-visita-o-museu-da-lingua-portuguesa-e-a-sede-do-instituto\/","name":"\u200bCEDESP Pinheiros visita\u00a0o\u00a0Museu da\u00a0L\u00edngua Portuguesa e a sede do Instituto\u00a0 - Instituto Dom Bosco","isPartOf":{"@id":"https:\/\/salesianossp.org.br\/osbomretiro\/#website"},"primaryImageOfPage":{"@id":"https:\/\/salesianossp.org.br\/osbomretiro\/cedesp-pinheiros-visita-o-museu-da-lingua-portuguesa-e-a-sede-do-instituto\/#primaryimage"},"image":{"@id":"https:\/\/salesianossp.org.br\/osbomretiro\/cedesp-pinheiros-visita-o-museu-da-lingua-portuguesa-e-a-sede-do-instituto\/#primaryimage"},"thumbnailUrl":"https:\/\/salesianossp.org.br\/osbomretiro\/wp-content\/uploads\/2025\/04\/Divisao-Fotos-Post-IDB-1-scaled.png","datePublished":"2025-04-04T18:58:28+00:00","breadcrumb":{"@id":"https:\/\/salesianossp.org.br\/osbomretiro\/cedesp-pinheiros-visita-o-museu-da-lingua-portuguesa-e-a-sede-do-instituto\/#breadcrumb"},"inLanguage":"pt-BR","potentialAction":[{"@type":"ReadAction","target":["https:\/\/salesianossp.org.br\/osbomretiro\/cedesp-pinheiros-visita-o-museu-da-lingua-portuguesa-e-a-sede-do-instituto\/"]}]},{"@type":"ImageObject","inLanguage":"pt-BR","@id":"https:\/\/salesianossp.org.br\/osbomretiro\/cedesp-pinheiros-visita-o-museu-da-lingua-portuguesa-e-a-sede-do-instituto\/#primaryimage","url":"https:\/\/salesianossp.org.br\/osbomretiro\/wp-content\/uploads\/2025\/04\/Divisao-Fotos-Post-IDB-1-scaled.png","contentUrl":"https:\/\/salesianossp.org.br\/osbomretiro\/wp-content\/uploads\/2025\/04\/Divisao-Fotos-Post-IDB-1-scaled.png","width":2560,"height":2560},{"@type":"BreadcrumbList","@id":"https:\/\/salesianossp.org.br\/osbomretiro\/cedesp-pinheiros-visita-o-museu-da-lingua-portuguesa-e-a-sede-do-instituto\/#breadcrumb","itemListElement":[{"@type":"ListItem","position":1,"name":"In\u00edcio","item":"https:\/\/salesianossp.org.br\/osbomretiro\/"},{"@type":"ListItem","position":2,"name":"\u200bCEDESP Pinheiros visita\u00a0o\u00a0Museu da\u00a0L\u00edngua Portuguesa e a sede do Instituto\u00a0"}]},{"@type":"WebSite","@id":"https:\/\/salesianossp.org.br\/osbomretiro\/#website","url":"https:\/\/salesianossp.org.br\/osbomretiro\/","name":"Instituto Dom Bosco","description":"","publisher":{"@id":"https:\/\/salesianossp.org.br\/osbomretiro\/#organization"},"potentialAction":[{"@type":"SearchAction","target":{"@type":"EntryPoint","urlTemplate":"https:\/\/salesianossp.org.br\/osbomretiro\/?s={search_term_string}"},"query-input":{"@type":"PropertyValueSpecification","valueRequired":true,"valueName":"search_term_string"}}],"inLanguage":"pt-BR"},{"@type":"Organization","@id":"https:\/\/salesianossp.org.br\/osbomretiro\/#organization","name":"Instituto Dom Bosco","url":"https:\/\/salesianossp.org.br\/osbomretiro\/","logo":{"@type":"ImageObject","inLanguage":"pt-BR","@id":"https:\/\/salesianossp.org.br\/osbomretiro\/#\/schema\/logo\/image\/","url":"https:\/\/salesianossp.org.br\/osbomretiro\/wp-content\/uploads\/2025\/10\/logotipo-instituto-dom-bosco-color-56.svg","contentUrl":"https:\/\/salesianossp.org.br\/osbomretiro\/wp-content\/uploads\/2025\/10\/logotipo-instituto-dom-bosco-color-56.svg","width":164,"height":56,"caption":"Instituto Dom Bosco"},"image":{"@id":"https:\/\/salesianossp.org.br\/osbomretiro\/#\/schema\/logo\/image\/"},"sameAs":["https:\/\/www.facebook.com\/InstitutoDomBoscoBomRetiro\/","https:\/\/www.youtube.com\/user\/Institutodb","https:\/\/www.instagram.com\/institutodb\/"]},{"@type":"Person","@id":"https:\/\/salesianossp.org.br\/osbomretiro\/#\/schema\/person\/3091f5c85d13f1f81c2eadb190445d2e","name":"Lucas Rodrigues","image":{"@type":"ImageObject","inLanguage":"pt-BR","@id":"https:\/\/secure.gravatar.com\/avatar\/0ad9c966c6ed3335d7fffe2c3b88880dd298c0817b71e20a6955c38f2a53f746?s=96&d=mm&r=g","url":"https:\/\/secure.gravatar.com\/avatar\/0ad9c966c6ed3335d7fffe2c3b88880dd298c0817b71e20a6955c38f2a53f746?s=96&d=mm&r=g","contentUrl":"https:\/\/secure.gravatar.com\/avatar\/0ad9c966c6ed3335d7fffe2c3b88880dd298c0817b71e20a6955c38f2a53f746?s=96&d=mm&r=g","caption":"Lucas Rodrigues"},"url":"https:\/\/salesianossp.org.br\/osbomretiro\/author\/lucas-rodrigues\/"}]}},"_links":{"self":[{"href":"https:\/\/salesianossp.org.br\/osbomretiro\/wp-json\/wp\/v2\/posts\/7150","targetHints":{"allow":["GET"]}}],"collection":[{"href":"https:\/\/salesianossp.org.br\/osbomretiro\/wp-json\/wp\/v2\/posts"}],"about":[{"href":"https:\/\/salesianossp.org.br\/osbomretiro\/wp-json\/wp\/v2\/types\/post"}],"author":[{"embeddable":true,"href":"https:\/\/salesianossp.org.br\/osbomretiro\/wp-json\/wp\/v2\/users\/27"}],"replies":[{"embeddable":true,"href":"https:\/\/salesianossp.org.br\/osbomretiro\/wp-json\/wp\/v2\/comments?post=7150"}],"version-history":[{"count":0,"href":"https:\/\/salesianossp.org.br\/osbomretiro\/wp-json\/wp\/v2\/posts\/7150\/revisions"}],"wp:featuredmedia":[{"embeddable":true,"href":"https:\/\/salesianossp.org.br\/osbomretiro\/wp-json\/wp\/v2\/media\/7152"}],"wp:attachment":[{"href":"https:\/\/salesianossp.org.br\/osbomretiro\/wp-json\/wp\/v2\/media?parent=7150"}],"wp:term":[{"taxonomy":"category","embeddable":true,"href":"https:\/\/salesianossp.org.br\/osbomretiro\/wp-json\/wp\/v2\/categories?post=7150"},{"taxonomy":"post_tag","embeddable":true,"href":"https:\/\/salesianossp.org.br\/osbomretiro\/wp-json\/wp\/v2\/tags?post=7150"}],"curies":[{"name":"wp","href":"https:\/\/api.w.org\/{rel}","templated":true}]}}