{"id":7296,"date":"2025-04-30T17:37:04","date_gmt":"2025-04-30T20:37:04","guid":{"rendered":"https:\/\/salesianossp.org.br\/osbomretiro\/?p=7296"},"modified":"2025-04-30T17:37:04","modified_gmt":"2025-04-30T20:37:04","slug":"19-de-abril-dia-do-indigena","status":"publish","type":"post","link":"https:\/\/salesianossp.org.br\/osbomretiro\/19-de-abril-dia-do-indigena\/","title":{"rendered":"19 de Abril Dia do Ind\u00edgena"},"content":{"rendered":"\n<p>&#8220;Ou na aldeia ou na cidade, Sou Ind\u00edgena e sou a cultura viva, sou sujeito de direitos, sou brasileiro origin\u00e1rio, sou patrim\u00f4nio imaterial&#8221;.<br><br><strong>O que significa ser ind\u00edgena hoje?<\/strong><br>\u00c9 viver resistindo com sua cultura diferenciada em meio a cidade, porque a cultura ind\u00edgena \u00e9 invisibilizada pelos n\u00e3o-ind\u00edgenas, pois acham que \u00e9 algo distante ou encontra-se no imagin\u00e1rio ou tamb\u00e9m nos livros tem-se uma vis\u00e3o colonizada euroc\u00eantrica, com ind\u00edgenas que vive na mata e usa cocar e sai pra casar semi-nu com um arco e flecha e que s\u00e3o amaz\u00f4nicos, mas existem ind\u00edgenas em todas as regi\u00f5es do Brasil. Com uma grande parte se encontra no nordeste brasileiro, por exemplo o meu povo fulni-\u00f4 \u00e9 da regi\u00e3o de Pernambuco, mas especificamente na cidade de \u00c1guas Belas, que tem aproximadamente mais de 8 mil ind\u00edgenas que tem uma conviv\u00eancia di\u00e1ria com os n\u00e3o ind\u00edgenas. Sou ind\u00edgena,moro em contexto urbano, e quando falo que sou ind\u00edgena sofro o racismo da presen\u00e7a ou tentam deslegitimar a minha identidade por n\u00e3o usar as veste que supostamente identificam uma pessoa ind\u00edgena, resisto me auto afirmando.<br>&#8216;Ou na aldeia ou na cidade,sou ind\u00edgena e sou a cultura viva,sou patrim\u00f4nio imaterial&#8217;.<\/p>\n\n\n\n<p><strong>Twyan Florentino Marques,<\/strong><br>Ind\u00edgena da Etnia Fulni-\u00f4 e educando do Curso de Inform\u00e1tica do Cedesp Dom Bosco Vila Paulistana, realizou a reflex\u00e3o do tema no CEDESP Vila Paulistana e na Unidade Pinheiros.<\/p>\n\n\n\n<p>Veja todas as fotos:<a href=\"https:\/\/bit.ly\/4jyJp2R\"> https:\/\/bit.ly\/4jyJp2R<\/a><\/p>\n\n\n\n<p><strong>#A\u00e7\u00e3oSocial #Comunica\u00e7\u00e3o #DropsDeCidadania #19DeAbril #DiaDoInd\u00edgena #Respeito #Cultura #DomBosco #IDB<\/strong><\/p>\n","protected":false},"excerpt":{"rendered":"<p>&#8220;Ou na aldeia ou na cidade, Sou Ind\u00edgena e sou a cultura viva, sou sujeito de direitos, sou brasileiro origin\u00e1rio, sou patrim\u00f4nio imaterial&#8221;. O que significa ser ind\u00edgena hoje?\u00c9 viver resistindo com sua cultura diferenciada em meio a cidade, porque a cultura ind\u00edgena \u00e9 invisibilizada pelos n\u00e3o-ind\u00edgenas, pois acham que \u00e9 algo distante ou encontra-se [&hellip;]<\/p>\n","protected":false},"author":27,"featured_media":7301,"comment_status":"open","ping_status":"open","sticky":false,"template":"","format":"standard","meta":{"footnotes":""},"categories":[59],"tags":[],"class_list":["post-7296","post","type-post","status-publish","format-standard","has-post-thumbnail","hentry","category-noticias"],"yoast_head":"<!-- This site is optimized with the Yoast SEO plugin v27.3 - https:\/\/yoast.com\/product\/yoast-seo-wordpress\/ -->\n<title>19 de Abril Dia do Ind\u00edgena - Instituto Dom Bosco<\/title>\n<meta name=\"robots\" content=\"index, follow, max-snippet:-1, max-image-preview:large, max-video-preview:-1\" \/>\n<link rel=\"canonical\" href=\"https:\/\/salesianossp.org.br\/osbomretiro\/19-de-abril-dia-do-indigena\/\" \/>\n<meta property=\"og:locale\" content=\"pt_BR\" \/>\n<meta property=\"og:type\" content=\"article\" \/>\n<meta property=\"og:title\" content=\"19 de Abril Dia do Ind\u00edgena - Instituto Dom Bosco\" \/>\n<meta property=\"og:description\" content=\"&#8220;Ou na aldeia ou na cidade, Sou Ind\u00edgena e sou a cultura viva, sou sujeito de direitos, sou brasileiro origin\u00e1rio, sou patrim\u00f4nio imaterial&#8221;. O que significa ser ind\u00edgena hoje?\u00c9 viver resistindo com sua cultura diferenciada em meio a cidade, porque a cultura ind\u00edgena \u00e9 invisibilizada pelos n\u00e3o-ind\u00edgenas, pois acham que \u00e9 algo distante ou encontra-se [&hellip;]\" \/>\n<meta property=\"og:url\" content=\"https:\/\/salesianossp.org.br\/osbomretiro\/19-de-abril-dia-do-indigena\/\" \/>\n<meta property=\"og:site_name\" content=\"Instituto Dom Bosco\" \/>\n<meta property=\"article:publisher\" content=\"https:\/\/www.facebook.com\/InstitutoDomBoscoBomRetiro\/\" \/>\n<meta property=\"article:published_time\" content=\"2025-04-30T20:37:04+00:00\" \/>\n<meta property=\"og:image\" content=\"https:\/\/salesianossp.org.br\/osbomretiro\/wp-content\/uploads\/2025\/04\/Drops-de-Cidadania-1-2-scaled-1-1024x1024.png\" \/>\n\t<meta property=\"og:image:width\" content=\"1024\" \/>\n\t<meta property=\"og:image:height\" content=\"1024\" \/>\n\t<meta property=\"og:image:type\" content=\"image\/png\" \/>\n<meta name=\"author\" content=\"Lucas Rodrigues\" \/>\n<meta name=\"twitter:card\" content=\"summary_large_image\" \/>\n<meta name=\"twitter:label1\" content=\"Escrito por\" \/>\n\t<meta name=\"twitter:data1\" content=\"Lucas Rodrigues\" \/>\n\t<meta name=\"twitter:label2\" content=\"Est. tempo de leitura\" \/>\n\t<meta name=\"twitter:data2\" content=\"1 minuto\" \/>\n<script type=\"application\/ld+json\" class=\"yoast-schema-graph\">{\"@context\":\"https:\\\/\\\/schema.org\",\"@graph\":[{\"@type\":\"Article\",\"@id\":\"https:\\\/\\\/salesianossp.org.br\\\/osbomretiro\\\/19-de-abril-dia-do-indigena\\\/#article\",\"isPartOf\":{\"@id\":\"https:\\\/\\\/salesianossp.org.br\\\/osbomretiro\\\/19-de-abril-dia-do-indigena\\\/\"},\"author\":{\"name\":\"Lucas Rodrigues\",\"@id\":\"https:\\\/\\\/salesianossp.org.br\\\/osbomretiro\\\/#\\\/schema\\\/person\\\/3091f5c85d13f1f81c2eadb190445d2e\"},\"headline\":\"19 de Abril Dia do Ind\u00edgena\",\"datePublished\":\"2025-04-30T20:37:04+00:00\",\"mainEntityOfPage\":{\"@id\":\"https:\\\/\\\/salesianossp.org.br\\\/osbomretiro\\\/19-de-abril-dia-do-indigena\\\/\"},\"wordCount\":283,\"commentCount\":0,\"publisher\":{\"@id\":\"https:\\\/\\\/salesianossp.org.br\\\/osbomretiro\\\/#organization\"},\"image\":{\"@id\":\"https:\\\/\\\/salesianossp.org.br\\\/osbomretiro\\\/19-de-abril-dia-do-indigena\\\/#primaryimage\"},\"thumbnailUrl\":\"https:\\\/\\\/salesianossp.org.br\\\/osbomretiro\\\/wp-content\\\/uploads\\\/2025\\\/04\\\/Drops-de-Cidadania-1-2-scaled-1.png\",\"articleSection\":[\"Not\u00edcias\"],\"inLanguage\":\"pt-BR\",\"potentialAction\":[{\"@type\":\"CommentAction\",\"name\":\"Comment\",\"target\":[\"https:\\\/\\\/salesianossp.org.br\\\/osbomretiro\\\/19-de-abril-dia-do-indigena\\\/#respond\"]}]},{\"@type\":\"WebPage\",\"@id\":\"https:\\\/\\\/salesianossp.org.br\\\/osbomretiro\\\/19-de-abril-dia-do-indigena\\\/\",\"url\":\"https:\\\/\\\/salesianossp.org.br\\\/osbomretiro\\\/19-de-abril-dia-do-indigena\\\/\",\"name\":\"19 de Abril Dia do Ind\u00edgena - Instituto Dom Bosco\",\"isPartOf\":{\"@id\":\"https:\\\/\\\/salesianossp.org.br\\\/osbomretiro\\\/#website\"},\"primaryImageOfPage\":{\"@id\":\"https:\\\/\\\/salesianossp.org.br\\\/osbomretiro\\\/19-de-abril-dia-do-indigena\\\/#primaryimage\"},\"image\":{\"@id\":\"https:\\\/\\\/salesianossp.org.br\\\/osbomretiro\\\/19-de-abril-dia-do-indigena\\\/#primaryimage\"},\"thumbnailUrl\":\"https:\\\/\\\/salesianossp.org.br\\\/osbomretiro\\\/wp-content\\\/uploads\\\/2025\\\/04\\\/Drops-de-Cidadania-1-2-scaled-1.png\",\"datePublished\":\"2025-04-30T20:37:04+00:00\",\"breadcrumb\":{\"@id\":\"https:\\\/\\\/salesianossp.org.br\\\/osbomretiro\\\/19-de-abril-dia-do-indigena\\\/#breadcrumb\"},\"inLanguage\":\"pt-BR\",\"potentialAction\":[{\"@type\":\"ReadAction\",\"target\":[\"https:\\\/\\\/salesianossp.org.br\\\/osbomretiro\\\/19-de-abril-dia-do-indigena\\\/\"]}]},{\"@type\":\"ImageObject\",\"inLanguage\":\"pt-BR\",\"@id\":\"https:\\\/\\\/salesianossp.org.br\\\/osbomretiro\\\/19-de-abril-dia-do-indigena\\\/#primaryimage\",\"url\":\"https:\\\/\\\/salesianossp.org.br\\\/osbomretiro\\\/wp-content\\\/uploads\\\/2025\\\/04\\\/Drops-de-Cidadania-1-2-scaled-1.png\",\"contentUrl\":\"https:\\\/\\\/salesianossp.org.br\\\/osbomretiro\\\/wp-content\\\/uploads\\\/2025\\\/04\\\/Drops-de-Cidadania-1-2-scaled-1.png\",\"width\":2560,\"height\":2560},{\"@type\":\"BreadcrumbList\",\"@id\":\"https:\\\/\\\/salesianossp.org.br\\\/osbomretiro\\\/19-de-abril-dia-do-indigena\\\/#breadcrumb\",\"itemListElement\":[{\"@type\":\"ListItem\",\"position\":1,\"name\":\"In\u00edcio\",\"item\":\"https:\\\/\\\/salesianossp.org.br\\\/osbomretiro\\\/\"},{\"@type\":\"ListItem\",\"position\":2,\"name\":\"19 de Abril Dia do Ind\u00edgena\"}]},{\"@type\":\"WebSite\",\"@id\":\"https:\\\/\\\/salesianossp.org.br\\\/osbomretiro\\\/#website\",\"url\":\"https:\\\/\\\/salesianossp.org.br\\\/osbomretiro\\\/\",\"name\":\"Instituto Dom Bosco\",\"description\":\"\",\"publisher\":{\"@id\":\"https:\\\/\\\/salesianossp.org.br\\\/osbomretiro\\\/#organization\"},\"potentialAction\":[{\"@type\":\"SearchAction\",\"target\":{\"@type\":\"EntryPoint\",\"urlTemplate\":\"https:\\\/\\\/salesianossp.org.br\\\/osbomretiro\\\/?s={search_term_string}\"},\"query-input\":{\"@type\":\"PropertyValueSpecification\",\"valueRequired\":true,\"valueName\":\"search_term_string\"}}],\"inLanguage\":\"pt-BR\"},{\"@type\":\"Organization\",\"@id\":\"https:\\\/\\\/salesianossp.org.br\\\/osbomretiro\\\/#organization\",\"name\":\"Instituto Dom Bosco\",\"url\":\"https:\\\/\\\/salesianossp.org.br\\\/osbomretiro\\\/\",\"logo\":{\"@type\":\"ImageObject\",\"inLanguage\":\"pt-BR\",\"@id\":\"https:\\\/\\\/salesianossp.org.br\\\/osbomretiro\\\/#\\\/schema\\\/logo\\\/image\\\/\",\"url\":\"https:\\\/\\\/salesianossp.org.br\\\/osbomretiro\\\/wp-content\\\/uploads\\\/2025\\\/10\\\/logotipo-instituto-dom-bosco-color-56.svg\",\"contentUrl\":\"https:\\\/\\\/salesianossp.org.br\\\/osbomretiro\\\/wp-content\\\/uploads\\\/2025\\\/10\\\/logotipo-instituto-dom-bosco-color-56.svg\",\"width\":164,\"height\":56,\"caption\":\"Instituto Dom Bosco\"},\"image\":{\"@id\":\"https:\\\/\\\/salesianossp.org.br\\\/osbomretiro\\\/#\\\/schema\\\/logo\\\/image\\\/\"},\"sameAs\":[\"https:\\\/\\\/www.facebook.com\\\/InstitutoDomBoscoBomRetiro\\\/\",\"https:\\\/\\\/www.youtube.com\\\/user\\\/Institutodb\",\"https:\\\/\\\/www.instagram.com\\\/institutodb\\\/\"]},{\"@type\":\"Person\",\"@id\":\"https:\\\/\\\/salesianossp.org.br\\\/osbomretiro\\\/#\\\/schema\\\/person\\\/3091f5c85d13f1f81c2eadb190445d2e\",\"name\":\"Lucas Rodrigues\",\"image\":{\"@type\":\"ImageObject\",\"inLanguage\":\"pt-BR\",\"@id\":\"https:\\\/\\\/secure.gravatar.com\\\/avatar\\\/0ad9c966c6ed3335d7fffe2c3b88880dd298c0817b71e20a6955c38f2a53f746?s=96&d=mm&r=g\",\"url\":\"https:\\\/\\\/secure.gravatar.com\\\/avatar\\\/0ad9c966c6ed3335d7fffe2c3b88880dd298c0817b71e20a6955c38f2a53f746?s=96&d=mm&r=g\",\"contentUrl\":\"https:\\\/\\\/secure.gravatar.com\\\/avatar\\\/0ad9c966c6ed3335d7fffe2c3b88880dd298c0817b71e20a6955c38f2a53f746?s=96&d=mm&r=g\",\"caption\":\"Lucas Rodrigues\"},\"url\":\"https:\\\/\\\/salesianossp.org.br\\\/osbomretiro\\\/author\\\/lucas-rodrigues\\\/\"}]}<\/script>\n<!-- \/ Yoast SEO plugin. -->","yoast_head_json":{"title":"19 de Abril Dia do Ind\u00edgena - Instituto Dom Bosco","robots":{"index":"index","follow":"follow","max-snippet":"max-snippet:-1","max-image-preview":"max-image-preview:large","max-video-preview":"max-video-preview:-1"},"canonical":"https:\/\/salesianossp.org.br\/osbomretiro\/19-de-abril-dia-do-indigena\/","og_locale":"pt_BR","og_type":"article","og_title":"19 de Abril Dia do Ind\u00edgena - Instituto Dom Bosco","og_description":"&#8220;Ou na aldeia ou na cidade, Sou Ind\u00edgena e sou a cultura viva, sou sujeito de direitos, sou brasileiro origin\u00e1rio, sou patrim\u00f4nio imaterial&#8221;. O que significa ser ind\u00edgena hoje?\u00c9 viver resistindo com sua cultura diferenciada em meio a cidade, porque a cultura ind\u00edgena \u00e9 invisibilizada pelos n\u00e3o-ind\u00edgenas, pois acham que \u00e9 algo distante ou encontra-se [&hellip;]","og_url":"https:\/\/salesianossp.org.br\/osbomretiro\/19-de-abril-dia-do-indigena\/","og_site_name":"Instituto Dom Bosco","article_publisher":"https:\/\/www.facebook.com\/InstitutoDomBoscoBomRetiro\/","article_published_time":"2025-04-30T20:37:04+00:00","og_image":[{"width":1024,"height":1024,"url":"https:\/\/salesianossp.org.br\/osbomretiro\/wp-content\/uploads\/2025\/04\/Drops-de-Cidadania-1-2-scaled-1-1024x1024.png","type":"image\/png"}],"author":"Lucas Rodrigues","twitter_card":"summary_large_image","twitter_misc":{"Escrito por":"Lucas Rodrigues","Est. tempo de leitura":"1 minuto"},"schema":{"@context":"https:\/\/schema.org","@graph":[{"@type":"Article","@id":"https:\/\/salesianossp.org.br\/osbomretiro\/19-de-abril-dia-do-indigena\/#article","isPartOf":{"@id":"https:\/\/salesianossp.org.br\/osbomretiro\/19-de-abril-dia-do-indigena\/"},"author":{"name":"Lucas Rodrigues","@id":"https:\/\/salesianossp.org.br\/osbomretiro\/#\/schema\/person\/3091f5c85d13f1f81c2eadb190445d2e"},"headline":"19 de Abril Dia do Ind\u00edgena","datePublished":"2025-04-30T20:37:04+00:00","mainEntityOfPage":{"@id":"https:\/\/salesianossp.org.br\/osbomretiro\/19-de-abril-dia-do-indigena\/"},"wordCount":283,"commentCount":0,"publisher":{"@id":"https:\/\/salesianossp.org.br\/osbomretiro\/#organization"},"image":{"@id":"https:\/\/salesianossp.org.br\/osbomretiro\/19-de-abril-dia-do-indigena\/#primaryimage"},"thumbnailUrl":"https:\/\/salesianossp.org.br\/osbomretiro\/wp-content\/uploads\/2025\/04\/Drops-de-Cidadania-1-2-scaled-1.png","articleSection":["Not\u00edcias"],"inLanguage":"pt-BR","potentialAction":[{"@type":"CommentAction","name":"Comment","target":["https:\/\/salesianossp.org.br\/osbomretiro\/19-de-abril-dia-do-indigena\/#respond"]}]},{"@type":"WebPage","@id":"https:\/\/salesianossp.org.br\/osbomretiro\/19-de-abril-dia-do-indigena\/","url":"https:\/\/salesianossp.org.br\/osbomretiro\/19-de-abril-dia-do-indigena\/","name":"19 de Abril Dia do Ind\u00edgena - Instituto Dom Bosco","isPartOf":{"@id":"https:\/\/salesianossp.org.br\/osbomretiro\/#website"},"primaryImageOfPage":{"@id":"https:\/\/salesianossp.org.br\/osbomretiro\/19-de-abril-dia-do-indigena\/#primaryimage"},"image":{"@id":"https:\/\/salesianossp.org.br\/osbomretiro\/19-de-abril-dia-do-indigena\/#primaryimage"},"thumbnailUrl":"https:\/\/salesianossp.org.br\/osbomretiro\/wp-content\/uploads\/2025\/04\/Drops-de-Cidadania-1-2-scaled-1.png","datePublished":"2025-04-30T20:37:04+00:00","breadcrumb":{"@id":"https:\/\/salesianossp.org.br\/osbomretiro\/19-de-abril-dia-do-indigena\/#breadcrumb"},"inLanguage":"pt-BR","potentialAction":[{"@type":"ReadAction","target":["https:\/\/salesianossp.org.br\/osbomretiro\/19-de-abril-dia-do-indigena\/"]}]},{"@type":"ImageObject","inLanguage":"pt-BR","@id":"https:\/\/salesianossp.org.br\/osbomretiro\/19-de-abril-dia-do-indigena\/#primaryimage","url":"https:\/\/salesianossp.org.br\/osbomretiro\/wp-content\/uploads\/2025\/04\/Drops-de-Cidadania-1-2-scaled-1.png","contentUrl":"https:\/\/salesianossp.org.br\/osbomretiro\/wp-content\/uploads\/2025\/04\/Drops-de-Cidadania-1-2-scaled-1.png","width":2560,"height":2560},{"@type":"BreadcrumbList","@id":"https:\/\/salesianossp.org.br\/osbomretiro\/19-de-abril-dia-do-indigena\/#breadcrumb","itemListElement":[{"@type":"ListItem","position":1,"name":"In\u00edcio","item":"https:\/\/salesianossp.org.br\/osbomretiro\/"},{"@type":"ListItem","position":2,"name":"19 de Abril Dia do Ind\u00edgena"}]},{"@type":"WebSite","@id":"https:\/\/salesianossp.org.br\/osbomretiro\/#website","url":"https:\/\/salesianossp.org.br\/osbomretiro\/","name":"Instituto Dom Bosco","description":"","publisher":{"@id":"https:\/\/salesianossp.org.br\/osbomretiro\/#organization"},"potentialAction":[{"@type":"SearchAction","target":{"@type":"EntryPoint","urlTemplate":"https:\/\/salesianossp.org.br\/osbomretiro\/?s={search_term_string}"},"query-input":{"@type":"PropertyValueSpecification","valueRequired":true,"valueName":"search_term_string"}}],"inLanguage":"pt-BR"},{"@type":"Organization","@id":"https:\/\/salesianossp.org.br\/osbomretiro\/#organization","name":"Instituto Dom Bosco","url":"https:\/\/salesianossp.org.br\/osbomretiro\/","logo":{"@type":"ImageObject","inLanguage":"pt-BR","@id":"https:\/\/salesianossp.org.br\/osbomretiro\/#\/schema\/logo\/image\/","url":"https:\/\/salesianossp.org.br\/osbomretiro\/wp-content\/uploads\/2025\/10\/logotipo-instituto-dom-bosco-color-56.svg","contentUrl":"https:\/\/salesianossp.org.br\/osbomretiro\/wp-content\/uploads\/2025\/10\/logotipo-instituto-dom-bosco-color-56.svg","width":164,"height":56,"caption":"Instituto Dom Bosco"},"image":{"@id":"https:\/\/salesianossp.org.br\/osbomretiro\/#\/schema\/logo\/image\/"},"sameAs":["https:\/\/www.facebook.com\/InstitutoDomBoscoBomRetiro\/","https:\/\/www.youtube.com\/user\/Institutodb","https:\/\/www.instagram.com\/institutodb\/"]},{"@type":"Person","@id":"https:\/\/salesianossp.org.br\/osbomretiro\/#\/schema\/person\/3091f5c85d13f1f81c2eadb190445d2e","name":"Lucas Rodrigues","image":{"@type":"ImageObject","inLanguage":"pt-BR","@id":"https:\/\/secure.gravatar.com\/avatar\/0ad9c966c6ed3335d7fffe2c3b88880dd298c0817b71e20a6955c38f2a53f746?s=96&d=mm&r=g","url":"https:\/\/secure.gravatar.com\/avatar\/0ad9c966c6ed3335d7fffe2c3b88880dd298c0817b71e20a6955c38f2a53f746?s=96&d=mm&r=g","contentUrl":"https:\/\/secure.gravatar.com\/avatar\/0ad9c966c6ed3335d7fffe2c3b88880dd298c0817b71e20a6955c38f2a53f746?s=96&d=mm&r=g","caption":"Lucas Rodrigues"},"url":"https:\/\/salesianossp.org.br\/osbomretiro\/author\/lucas-rodrigues\/"}]}},"_links":{"self":[{"href":"https:\/\/salesianossp.org.br\/osbomretiro\/wp-json\/wp\/v2\/posts\/7296","targetHints":{"allow":["GET"]}}],"collection":[{"href":"https:\/\/salesianossp.org.br\/osbomretiro\/wp-json\/wp\/v2\/posts"}],"about":[{"href":"https:\/\/salesianossp.org.br\/osbomretiro\/wp-json\/wp\/v2\/types\/post"}],"author":[{"embeddable":true,"href":"https:\/\/salesianossp.org.br\/osbomretiro\/wp-json\/wp\/v2\/users\/27"}],"replies":[{"embeddable":true,"href":"https:\/\/salesianossp.org.br\/osbomretiro\/wp-json\/wp\/v2\/comments?post=7296"}],"version-history":[{"count":0,"href":"https:\/\/salesianossp.org.br\/osbomretiro\/wp-json\/wp\/v2\/posts\/7296\/revisions"}],"wp:featuredmedia":[{"embeddable":true,"href":"https:\/\/salesianossp.org.br\/osbomretiro\/wp-json\/wp\/v2\/media\/7301"}],"wp:attachment":[{"href":"https:\/\/salesianossp.org.br\/osbomretiro\/wp-json\/wp\/v2\/media?parent=7296"}],"wp:term":[{"taxonomy":"category","embeddable":true,"href":"https:\/\/salesianossp.org.br\/osbomretiro\/wp-json\/wp\/v2\/categories?post=7296"},{"taxonomy":"post_tag","embeddable":true,"href":"https:\/\/salesianossp.org.br\/osbomretiro\/wp-json\/wp\/v2\/tags?post=7296"}],"curies":[{"name":"wp","href":"https:\/\/api.w.org\/{rel}","templated":true}]}}