{"id":7332,"date":"2025-05-26T17:41:20","date_gmt":"2025-05-26T20:41:20","guid":{"rendered":"https:\/\/salesianossp.org.br\/osbomretiro\/?p=7332"},"modified":"2025-05-26T17:41:20","modified_gmt":"2025-05-26T20:41:20","slug":"cedesp-bom-retiro-conectando-aprendizado-familia-e-sustentabilidade","status":"publish","type":"post","link":"https:\/\/salesianossp.org.br\/osbomretiro\/cedesp-bom-retiro-conectando-aprendizado-familia-e-sustentabilidade\/","title":{"rendered":"CEDESP Bom Retiro: Conectando Aprendizado, Fam\u00edlia e Sustentabilidade"},"content":{"rendered":"\n<p><em>M\u00eas de Abril e Maio no CEDESP Bom Retiro<\/em><\/p>\n\n\n\n<p><strong>Turma de Log\u00edstica visita feira Intermodal 2025 no Distrito Anhembi<\/strong><br>No dia 24 de abril de 2025, a turma de Log\u00edstica do Instituto Dom Bosco,\u200b unidade Bom Retiro,\u00a0acompanhada pelo t\u00e9cnico Denis Silva, realizou uma visita t\u00e9cnica \u00e0 feira Intermodal 2025, no Distrito Anhembi.<\/p>\n\n\n\n<p>O evento ofereceu aos jovens a chance de conhecer as \u00faltimas novidades em tecnologia e solu\u00e7\u00f5es para log\u00edstica e transporte, al\u00e9m de participar de palestras sobre inova\u00e7\u00e3o e sustentabilidade no setor. Durante a visita, os estudantes puderam conversar com profissionais da \u00e1rea e explorar equipamentos que estudaram em sala de aula.Rodrigo Alan,\u00a0\u200be\u200bducando\u00a0participante, contou que ficou encantado com os caminh\u00f5es e at\u00e9 um rob\u00f4 exposto, al\u00e9m de se sentir feliz e emocionado com a experi\u00eancia. O t\u00e9cnico Denis destacou que a visita foi uma \u00f3tima oportunidade para o primeiro contato dos educandos com o mercado de trabalho e para ampliar seus conhecimentos.<\/p>\n\n\n\n<p><strong>\u200bTurma de Log\u00edstica visita Bienal do Lixo e vivenciam arte, consci\u00eancia ambiental e inova\u00e7\u00e3o<\/strong><br>No dia 22 de maio, quinta-feira, educandos do curso de Log\u00edstica, CEDESP Dom Bosco \u00a0unidade Bom Retiro participaram da 2\u00aa edi\u00e7\u00e3o da Bienal do Lixo 2025, realizada no Parque Villa-Lobos, em S\u00e3o Paulo. A atividade contou tamb\u00e9m com a presen\u00e7a de representantes da Alian\u00e7a Verde e de Fabiana Santello, da equipe de Comunica\u00e7\u00e3o do IDB.<\/p>\n\n\n\n<p>A visita teve como objetivo despertar a consci\u00eancia ambiental dos jovens e mostrar que, mesmo aquilo que parece n\u00e3o ter mais valor, pode ganhar nova vida por meio da arte, criatividade e inova\u00e7\u00e3o. Os participantes conheceram exposi\u00e7\u00f5es, dialogaram com representantes de empresas e refletiram sobre o papel da reciclagem na constru\u00e7\u00e3o de um futuro mais sustent\u00e1vel, incluindo um tema t\u00e3o importante para o curso: Log\u00edstica reversa.<\/p>\n\n\n\n<p>Durante o per\u00edodo da tarde, a atividade foi retomada com outro grupo de educandos, garantindo a todos a oportunidade de aprendizado. P\u00e2mela Fernanda e Adrieli Lima (Alian\u00e7a Verde) e Fabiana (Comunica\u00e7\u00e3o) participaram tamb\u00e9m da palestra &#8220;A import\u00e2ncia da comunica\u00e7\u00e3o na conscientiza\u00e7\u00e3o&#8221;.<\/p>\n\n\n\n<p>\u201cEstar presente na Bienal do Lixo foi uma experi\u00eancia incr\u00edvel \u2014 ainda mais por poder proporcionar aos nossos educandos uma viv\u00eancia t\u00e3o significativa. Em um ano em que o Brasil sediar\u00e1 a COP 30, \u00e9 essencial envolver os jovens nas discuss\u00f5es sobre as quest\u00f5es ambientais\u201d, destacou P\u00e2mela Fernanda, Rela\u00e7\u00f5es Institucionais e integrante da Alian\u00e7a Verde. P\u00e2mela Fernanda (RI e Integrante do Green Alliance).<\/p>\n\n\n\n<h3 class=\"wp-block-heading\"><strong>CEDESP Dom Bosco Bom Retiro aproxima fam\u00edlias\u00a0<\/strong><\/h3>\n\n\n\n<p>No dia 9 de maio de 2025, o CEDESP Dom Bosco Bom Retiro promoveu o Encontro com as Fam\u00edlias, reunindo educandos, familiares, amigos e equipe para um momento especial de conviv\u00eancia, reflex\u00e3o e afeto. O objetivo do encontro foi proporcionar um ambiente acolhedor e harmonioso, onde educandos e seus familiares pudessem se conectar, fortalecer la\u00e7os e aprofundar os v\u00ednculos com a equipe do servi\u00e7o.<\/p>\n\n\n\n<p>O evento contou com uma mensagem do Diretor, Pe. Emerson Medeiros, que ressaltou a import\u00e2ncia da figura materna \u2014 ou daqueles(as) que exercem esse papel com amor \u2014 e da valoriza\u00e7\u00e3o das rela\u00e7\u00f5es familiares. Em seguida, os educandos emocionaram o p\u00fablico com a apresenta\u00e7\u00e3o de um coral com a m\u00fasica \u201cComo \u00e9 grande o meu amor por voc\u00ea\u201d, de Roberto Carlos, al\u00e9m da pe\u00e7a teatral \u201cLife House\u201d, que trouxe uma profunda reflex\u00e3o sobre os caminhos e os cuidados necess\u00e1rios \u00e0 vida.<\/p>\n\n\n\n<p>Ap\u00f3s as apresenta\u00e7\u00f5es, as m\u00e3es foram homenageadas com um mimo e uma mensagem especial. O dia seguiu com atividades diversas: futebol, v\u00f4lei, karaok\u00ea, jogos de mesa, pintura de desenhos, confec\u00e7\u00e3o de pulseiras e, ao final, um delicioso lanche.<\/p>\n\n\n\n<p><em>\u201cA fam\u00edlia e os amigos s\u00e3o pilares essenciais de apoio emocional e social. Momentos como esse ajudam a criar um ambiente de suporte e compreens\u00e3o entre seus membros, al\u00e9m de fortalecer os v\u00ednculos tamb\u00e9m conosco, equipe do CEDESP BR\u201d, destacou <strong>Rosana Ferreira<\/strong>, gerente do servi\u00e7o.<\/em><\/p>\n\n\n\n<p><em>\u201cComo m\u00e3e da Let\u00edcia, o Dia da Fam\u00edlia foi muito importante. Pudemos brincar, cantar e conhecer outras fam\u00edlias. Essa intera\u00e7\u00e3o em comunidade proporciona momentos de alegria e \u00e9 uma experi\u00eancia necess\u00e1ria no nosso dia a dia\u201d, disse <strong>Elaine Cancian<\/strong>, educanda do curso de Assistente de Log\u00edstica e m\u00e3e de outra educanda do mesmo curso. \u201cO teatro foi \u00f3timo! A mensagem \u00e9 necess\u00e1ria n\u00e3o s\u00f3 para os jovens, mas para todos n\u00f3s. Acredito que essa apresenta\u00e7\u00e3o poderia ser levada para outras institui\u00e7\u00f5es, para que mais pessoas conhe\u00e7am esse trabalho t\u00e3o bonito realizado aqui\u201d, completou Elaine.<\/em><\/p>\n\n\n\n<p>\u200b<strong>Exposi\u00e7\u00e3o de Marketing Pessoal no Instituto Dom Bosco<\/strong><br>No dia 30 de abril de 2025, o Instituto Dom Bosco Bom Retiro promoveu uma exposi\u00e7\u00e3o especial de Marketing Pessoal durante o intervalo musical, reunindo atendidos dos cursos t\u00e9cnicos de Assistente Administrativo, Log\u00edstica, Mec\u00e2nica de Autos, Fabrica\u00e7\u00e3o Digital, Recursos Humanos, Design Gr\u00e1fico e Marketing.<\/p>\n\n\n\n<p>A a\u00e7\u00e3o trouxe uma forma diferente de aprender, unindo m\u00fasica, cultura e dicas pr\u00e1ticas para o desenvolvimento profissional em apenas uma hora. Os estudantes puderam conferir pain\u00e9is e mesas tem\u00e1ticas que mostraram como o marketing pessoal \u00e9 importante no dia a dia de qualquer profiss\u00e3o.<\/p>\n\n\n\n<p>O educador Milton Manoel da Silva destacou que a atividade despertou o interesse dos educandos por temas ligados ao crescimento profissional, mostrando que, independentemente do curso, saber se apresentar bem faz toda a diferen\u00e7a.<\/p>\n\n\n\n<p>Essa iniciativa refor\u00e7a o compromisso do Instituto em oferecer uma experi\u00eancia educativa que vai al\u00e9m da sala de aula, conectando cultura e aprendizado.<\/p>\n\n\n\n<p><strong><em><a href=\"https:\/\/www.facebook.com\/media\/set\/?vanity=InstitutoDomBoscoBomRetiro&amp;set=a.1237089325087546\" data-type=\"link\" data-id=\"https:\/\/www.facebook.com\/media\/set\/?vanity=InstitutoDomBoscoBomRetiro&amp;set=a.1237089325087546\">\u200bClique aqui para ver todas as fotos<\/a><\/em><\/strong><\/p>\n","protected":false},"excerpt":{"rendered":"<p>M\u00eas de Abril e Maio no CEDESP Bom Retiro Turma de Log\u00edstica visita feira Intermodal 2025 no Distrito AnhembiNo dia 24 de abril de 2025, a turma de Log\u00edstica do Instituto Dom Bosco,\u200b unidade Bom Retiro,\u00a0acompanhada pelo t\u00e9cnico Denis Silva, realizou uma visita t\u00e9cnica \u00e0 feira Intermodal 2025, no Distrito Anhembi. O evento ofereceu aos [&hellip;]<\/p>\n","protected":false},"author":27,"featured_media":7334,"comment_status":"open","ping_status":"open","sticky":false,"template":"","format":"standard","meta":{"footnotes":""},"categories":[59],"tags":[],"class_list":["post-7332","post","type-post","status-publish","format-standard","has-post-thumbnail","hentry","category-noticias"],"yoast_head":"<!-- This site is optimized with the Yoast SEO plugin v27.3 - https:\/\/yoast.com\/product\/yoast-seo-wordpress\/ -->\n<title>CEDESP Bom Retiro: Conectando Aprendizado, Fam\u00edlia e Sustentabilidade - Instituto Dom Bosco<\/title>\n<meta name=\"robots\" content=\"index, follow, max-snippet:-1, max-image-preview:large, max-video-preview:-1\" \/>\n<link rel=\"canonical\" href=\"https:\/\/salesianossp.org.br\/osbomretiro\/cedesp-bom-retiro-conectando-aprendizado-familia-e-sustentabilidade\/\" \/>\n<meta property=\"og:locale\" content=\"pt_BR\" \/>\n<meta property=\"og:type\" content=\"article\" \/>\n<meta property=\"og:title\" content=\"CEDESP Bom Retiro: Conectando Aprendizado, Fam\u00edlia e Sustentabilidade - Instituto Dom Bosco\" \/>\n<meta property=\"og:description\" content=\"M\u00eas de Abril e Maio no CEDESP Bom Retiro Turma de Log\u00edstica visita feira Intermodal 2025 no Distrito AnhembiNo dia 24 de abril de 2025, a turma de Log\u00edstica do Instituto Dom Bosco,\u200b unidade Bom Retiro,\u00a0acompanhada pelo t\u00e9cnico Denis Silva, realizou uma visita t\u00e9cnica \u00e0 feira Intermodal 2025, no Distrito Anhembi. O evento ofereceu aos [&hellip;]\" \/>\n<meta property=\"og:url\" content=\"https:\/\/salesianossp.org.br\/osbomretiro\/cedesp-bom-retiro-conectando-aprendizado-familia-e-sustentabilidade\/\" \/>\n<meta property=\"og:site_name\" content=\"Instituto Dom Bosco\" \/>\n<meta property=\"article:publisher\" content=\"https:\/\/www.facebook.com\/InstitutoDomBoscoBomRetiro\/\" \/>\n<meta property=\"article:published_time\" content=\"2025-05-26T20:41:20+00:00\" \/>\n<meta property=\"og:image\" content=\"https:\/\/salesianossp.org.br\/osbomretiro\/wp-content\/uploads\/2025\/05\/Divisao-Fotos-Post-IDB-1-3-scaled-1-1024x1024.png\" \/>\n\t<meta property=\"og:image:width\" content=\"1024\" \/>\n\t<meta property=\"og:image:height\" content=\"1024\" \/>\n\t<meta property=\"og:image:type\" content=\"image\/png\" \/>\n<meta name=\"author\" content=\"Lucas Rodrigues\" \/>\n<meta name=\"twitter:card\" content=\"summary_large_image\" \/>\n<meta name=\"twitter:label1\" content=\"Escrito por\" \/>\n\t<meta name=\"twitter:data1\" content=\"Lucas Rodrigues\" \/>\n\t<meta name=\"twitter:label2\" content=\"Est. tempo de leitura\" \/>\n\t<meta name=\"twitter:data2\" content=\"5 minutos\" \/>\n<script type=\"application\/ld+json\" class=\"yoast-schema-graph\">{\"@context\":\"https:\\\/\\\/schema.org\",\"@graph\":[{\"@type\":\"Article\",\"@id\":\"https:\\\/\\\/salesianossp.org.br\\\/osbomretiro\\\/cedesp-bom-retiro-conectando-aprendizado-familia-e-sustentabilidade\\\/#article\",\"isPartOf\":{\"@id\":\"https:\\\/\\\/salesianossp.org.br\\\/osbomretiro\\\/cedesp-bom-retiro-conectando-aprendizado-familia-e-sustentabilidade\\\/\"},\"author\":{\"name\":\"Lucas Rodrigues\",\"@id\":\"https:\\\/\\\/salesianossp.org.br\\\/osbomretiro\\\/#\\\/schema\\\/person\\\/3091f5c85d13f1f81c2eadb190445d2e\"},\"headline\":\"CEDESP Bom Retiro: Conectando Aprendizado, Fam\u00edlia e Sustentabilidade\",\"datePublished\":\"2025-05-26T20:41:20+00:00\",\"mainEntityOfPage\":{\"@id\":\"https:\\\/\\\/salesianossp.org.br\\\/osbomretiro\\\/cedesp-bom-retiro-conectando-aprendizado-familia-e-sustentabilidade\\\/\"},\"wordCount\":986,\"commentCount\":0,\"publisher\":{\"@id\":\"https:\\\/\\\/salesianossp.org.br\\\/osbomretiro\\\/#organization\"},\"image\":{\"@id\":\"https:\\\/\\\/salesianossp.org.br\\\/osbomretiro\\\/cedesp-bom-retiro-conectando-aprendizado-familia-e-sustentabilidade\\\/#primaryimage\"},\"thumbnailUrl\":\"https:\\\/\\\/salesianossp.org.br\\\/osbomretiro\\\/wp-content\\\/uploads\\\/2025\\\/05\\\/Divisao-Fotos-Post-IDB-1-3-scaled-1.png\",\"articleSection\":[\"Not\u00edcias\"],\"inLanguage\":\"pt-BR\",\"potentialAction\":[{\"@type\":\"CommentAction\",\"name\":\"Comment\",\"target\":[\"https:\\\/\\\/salesianossp.org.br\\\/osbomretiro\\\/cedesp-bom-retiro-conectando-aprendizado-familia-e-sustentabilidade\\\/#respond\"]}]},{\"@type\":\"WebPage\",\"@id\":\"https:\\\/\\\/salesianossp.org.br\\\/osbomretiro\\\/cedesp-bom-retiro-conectando-aprendizado-familia-e-sustentabilidade\\\/\",\"url\":\"https:\\\/\\\/salesianossp.org.br\\\/osbomretiro\\\/cedesp-bom-retiro-conectando-aprendizado-familia-e-sustentabilidade\\\/\",\"name\":\"CEDESP Bom Retiro: Conectando Aprendizado, Fam\u00edlia e Sustentabilidade - Instituto Dom Bosco\",\"isPartOf\":{\"@id\":\"https:\\\/\\\/salesianossp.org.br\\\/osbomretiro\\\/#website\"},\"primaryImageOfPage\":{\"@id\":\"https:\\\/\\\/salesianossp.org.br\\\/osbomretiro\\\/cedesp-bom-retiro-conectando-aprendizado-familia-e-sustentabilidade\\\/#primaryimage\"},\"image\":{\"@id\":\"https:\\\/\\\/salesianossp.org.br\\\/osbomretiro\\\/cedesp-bom-retiro-conectando-aprendizado-familia-e-sustentabilidade\\\/#primaryimage\"},\"thumbnailUrl\":\"https:\\\/\\\/salesianossp.org.br\\\/osbomretiro\\\/wp-content\\\/uploads\\\/2025\\\/05\\\/Divisao-Fotos-Post-IDB-1-3-scaled-1.png\",\"datePublished\":\"2025-05-26T20:41:20+00:00\",\"breadcrumb\":{\"@id\":\"https:\\\/\\\/salesianossp.org.br\\\/osbomretiro\\\/cedesp-bom-retiro-conectando-aprendizado-familia-e-sustentabilidade\\\/#breadcrumb\"},\"inLanguage\":\"pt-BR\",\"potentialAction\":[{\"@type\":\"ReadAction\",\"target\":[\"https:\\\/\\\/salesianossp.org.br\\\/osbomretiro\\\/cedesp-bom-retiro-conectando-aprendizado-familia-e-sustentabilidade\\\/\"]}]},{\"@type\":\"ImageObject\",\"inLanguage\":\"pt-BR\",\"@id\":\"https:\\\/\\\/salesianossp.org.br\\\/osbomretiro\\\/cedesp-bom-retiro-conectando-aprendizado-familia-e-sustentabilidade\\\/#primaryimage\",\"url\":\"https:\\\/\\\/salesianossp.org.br\\\/osbomretiro\\\/wp-content\\\/uploads\\\/2025\\\/05\\\/Divisao-Fotos-Post-IDB-1-3-scaled-1.png\",\"contentUrl\":\"https:\\\/\\\/salesianossp.org.br\\\/osbomretiro\\\/wp-content\\\/uploads\\\/2025\\\/05\\\/Divisao-Fotos-Post-IDB-1-3-scaled-1.png\",\"width\":2560,\"height\":2560},{\"@type\":\"BreadcrumbList\",\"@id\":\"https:\\\/\\\/salesianossp.org.br\\\/osbomretiro\\\/cedesp-bom-retiro-conectando-aprendizado-familia-e-sustentabilidade\\\/#breadcrumb\",\"itemListElement\":[{\"@type\":\"ListItem\",\"position\":1,\"name\":\"In\u00edcio\",\"item\":\"https:\\\/\\\/salesianossp.org.br\\\/osbomretiro\\\/\"},{\"@type\":\"ListItem\",\"position\":2,\"name\":\"CEDESP Bom Retiro: Conectando Aprendizado, Fam\u00edlia e Sustentabilidade\"}]},{\"@type\":\"WebSite\",\"@id\":\"https:\\\/\\\/salesianossp.org.br\\\/osbomretiro\\\/#website\",\"url\":\"https:\\\/\\\/salesianossp.org.br\\\/osbomretiro\\\/\",\"name\":\"Instituto Dom Bosco\",\"description\":\"\",\"publisher\":{\"@id\":\"https:\\\/\\\/salesianossp.org.br\\\/osbomretiro\\\/#organization\"},\"potentialAction\":[{\"@type\":\"SearchAction\",\"target\":{\"@type\":\"EntryPoint\",\"urlTemplate\":\"https:\\\/\\\/salesianossp.org.br\\\/osbomretiro\\\/?s={search_term_string}\"},\"query-input\":{\"@type\":\"PropertyValueSpecification\",\"valueRequired\":true,\"valueName\":\"search_term_string\"}}],\"inLanguage\":\"pt-BR\"},{\"@type\":\"Organization\",\"@id\":\"https:\\\/\\\/salesianossp.org.br\\\/osbomretiro\\\/#organization\",\"name\":\"Instituto Dom Bosco\",\"url\":\"https:\\\/\\\/salesianossp.org.br\\\/osbomretiro\\\/\",\"logo\":{\"@type\":\"ImageObject\",\"inLanguage\":\"pt-BR\",\"@id\":\"https:\\\/\\\/salesianossp.org.br\\\/osbomretiro\\\/#\\\/schema\\\/logo\\\/image\\\/\",\"url\":\"https:\\\/\\\/salesianossp.org.br\\\/osbomretiro\\\/wp-content\\\/uploads\\\/2025\\\/10\\\/logotipo-instituto-dom-bosco-color-56.svg\",\"contentUrl\":\"https:\\\/\\\/salesianossp.org.br\\\/osbomretiro\\\/wp-content\\\/uploads\\\/2025\\\/10\\\/logotipo-instituto-dom-bosco-color-56.svg\",\"width\":164,\"height\":56,\"caption\":\"Instituto Dom Bosco\"},\"image\":{\"@id\":\"https:\\\/\\\/salesianossp.org.br\\\/osbomretiro\\\/#\\\/schema\\\/logo\\\/image\\\/\"},\"sameAs\":[\"https:\\\/\\\/www.facebook.com\\\/InstitutoDomBoscoBomRetiro\\\/\",\"https:\\\/\\\/www.youtube.com\\\/user\\\/Institutodb\",\"https:\\\/\\\/www.instagram.com\\\/institutodb\\\/\"]},{\"@type\":\"Person\",\"@id\":\"https:\\\/\\\/salesianossp.org.br\\\/osbomretiro\\\/#\\\/schema\\\/person\\\/3091f5c85d13f1f81c2eadb190445d2e\",\"name\":\"Lucas Rodrigues\",\"image\":{\"@type\":\"ImageObject\",\"inLanguage\":\"pt-BR\",\"@id\":\"https:\\\/\\\/secure.gravatar.com\\\/avatar\\\/0ad9c966c6ed3335d7fffe2c3b88880dd298c0817b71e20a6955c38f2a53f746?s=96&d=mm&r=g\",\"url\":\"https:\\\/\\\/secure.gravatar.com\\\/avatar\\\/0ad9c966c6ed3335d7fffe2c3b88880dd298c0817b71e20a6955c38f2a53f746?s=96&d=mm&r=g\",\"contentUrl\":\"https:\\\/\\\/secure.gravatar.com\\\/avatar\\\/0ad9c966c6ed3335d7fffe2c3b88880dd298c0817b71e20a6955c38f2a53f746?s=96&d=mm&r=g\",\"caption\":\"Lucas Rodrigues\"},\"url\":\"https:\\\/\\\/salesianossp.org.br\\\/osbomretiro\\\/author\\\/lucas-rodrigues\\\/\"}]}<\/script>\n<!-- \/ Yoast SEO plugin. -->","yoast_head_json":{"title":"CEDESP Bom Retiro: Conectando Aprendizado, Fam\u00edlia e Sustentabilidade - Instituto Dom Bosco","robots":{"index":"index","follow":"follow","max-snippet":"max-snippet:-1","max-image-preview":"max-image-preview:large","max-video-preview":"max-video-preview:-1"},"canonical":"https:\/\/salesianossp.org.br\/osbomretiro\/cedesp-bom-retiro-conectando-aprendizado-familia-e-sustentabilidade\/","og_locale":"pt_BR","og_type":"article","og_title":"CEDESP Bom Retiro: Conectando Aprendizado, Fam\u00edlia e Sustentabilidade - Instituto Dom Bosco","og_description":"M\u00eas de Abril e Maio no CEDESP Bom Retiro Turma de Log\u00edstica visita feira Intermodal 2025 no Distrito AnhembiNo dia 24 de abril de 2025, a turma de Log\u00edstica do Instituto Dom Bosco,\u200b unidade Bom Retiro,\u00a0acompanhada pelo t\u00e9cnico Denis Silva, realizou uma visita t\u00e9cnica \u00e0 feira Intermodal 2025, no Distrito Anhembi. O evento ofereceu aos [&hellip;]","og_url":"https:\/\/salesianossp.org.br\/osbomretiro\/cedesp-bom-retiro-conectando-aprendizado-familia-e-sustentabilidade\/","og_site_name":"Instituto Dom Bosco","article_publisher":"https:\/\/www.facebook.com\/InstitutoDomBoscoBomRetiro\/","article_published_time":"2025-05-26T20:41:20+00:00","og_image":[{"width":1024,"height":1024,"url":"https:\/\/salesianossp.org.br\/osbomretiro\/wp-content\/uploads\/2025\/05\/Divisao-Fotos-Post-IDB-1-3-scaled-1-1024x1024.png","type":"image\/png"}],"author":"Lucas Rodrigues","twitter_card":"summary_large_image","twitter_misc":{"Escrito por":"Lucas Rodrigues","Est. tempo de leitura":"5 minutos"},"schema":{"@context":"https:\/\/schema.org","@graph":[{"@type":"Article","@id":"https:\/\/salesianossp.org.br\/osbomretiro\/cedesp-bom-retiro-conectando-aprendizado-familia-e-sustentabilidade\/#article","isPartOf":{"@id":"https:\/\/salesianossp.org.br\/osbomretiro\/cedesp-bom-retiro-conectando-aprendizado-familia-e-sustentabilidade\/"},"author":{"name":"Lucas Rodrigues","@id":"https:\/\/salesianossp.org.br\/osbomretiro\/#\/schema\/person\/3091f5c85d13f1f81c2eadb190445d2e"},"headline":"CEDESP Bom Retiro: Conectando Aprendizado, Fam\u00edlia e Sustentabilidade","datePublished":"2025-05-26T20:41:20+00:00","mainEntityOfPage":{"@id":"https:\/\/salesianossp.org.br\/osbomretiro\/cedesp-bom-retiro-conectando-aprendizado-familia-e-sustentabilidade\/"},"wordCount":986,"commentCount":0,"publisher":{"@id":"https:\/\/salesianossp.org.br\/osbomretiro\/#organization"},"image":{"@id":"https:\/\/salesianossp.org.br\/osbomretiro\/cedesp-bom-retiro-conectando-aprendizado-familia-e-sustentabilidade\/#primaryimage"},"thumbnailUrl":"https:\/\/salesianossp.org.br\/osbomretiro\/wp-content\/uploads\/2025\/05\/Divisao-Fotos-Post-IDB-1-3-scaled-1.png","articleSection":["Not\u00edcias"],"inLanguage":"pt-BR","potentialAction":[{"@type":"CommentAction","name":"Comment","target":["https:\/\/salesianossp.org.br\/osbomretiro\/cedesp-bom-retiro-conectando-aprendizado-familia-e-sustentabilidade\/#respond"]}]},{"@type":"WebPage","@id":"https:\/\/salesianossp.org.br\/osbomretiro\/cedesp-bom-retiro-conectando-aprendizado-familia-e-sustentabilidade\/","url":"https:\/\/salesianossp.org.br\/osbomretiro\/cedesp-bom-retiro-conectando-aprendizado-familia-e-sustentabilidade\/","name":"CEDESP Bom Retiro: Conectando Aprendizado, Fam\u00edlia e Sustentabilidade - Instituto Dom Bosco","isPartOf":{"@id":"https:\/\/salesianossp.org.br\/osbomretiro\/#website"},"primaryImageOfPage":{"@id":"https:\/\/salesianossp.org.br\/osbomretiro\/cedesp-bom-retiro-conectando-aprendizado-familia-e-sustentabilidade\/#primaryimage"},"image":{"@id":"https:\/\/salesianossp.org.br\/osbomretiro\/cedesp-bom-retiro-conectando-aprendizado-familia-e-sustentabilidade\/#primaryimage"},"thumbnailUrl":"https:\/\/salesianossp.org.br\/osbomretiro\/wp-content\/uploads\/2025\/05\/Divisao-Fotos-Post-IDB-1-3-scaled-1.png","datePublished":"2025-05-26T20:41:20+00:00","breadcrumb":{"@id":"https:\/\/salesianossp.org.br\/osbomretiro\/cedesp-bom-retiro-conectando-aprendizado-familia-e-sustentabilidade\/#breadcrumb"},"inLanguage":"pt-BR","potentialAction":[{"@type":"ReadAction","target":["https:\/\/salesianossp.org.br\/osbomretiro\/cedesp-bom-retiro-conectando-aprendizado-familia-e-sustentabilidade\/"]}]},{"@type":"ImageObject","inLanguage":"pt-BR","@id":"https:\/\/salesianossp.org.br\/osbomretiro\/cedesp-bom-retiro-conectando-aprendizado-familia-e-sustentabilidade\/#primaryimage","url":"https:\/\/salesianossp.org.br\/osbomretiro\/wp-content\/uploads\/2025\/05\/Divisao-Fotos-Post-IDB-1-3-scaled-1.png","contentUrl":"https:\/\/salesianossp.org.br\/osbomretiro\/wp-content\/uploads\/2025\/05\/Divisao-Fotos-Post-IDB-1-3-scaled-1.png","width":2560,"height":2560},{"@type":"BreadcrumbList","@id":"https:\/\/salesianossp.org.br\/osbomretiro\/cedesp-bom-retiro-conectando-aprendizado-familia-e-sustentabilidade\/#breadcrumb","itemListElement":[{"@type":"ListItem","position":1,"name":"In\u00edcio","item":"https:\/\/salesianossp.org.br\/osbomretiro\/"},{"@type":"ListItem","position":2,"name":"CEDESP Bom Retiro: Conectando Aprendizado, Fam\u00edlia e Sustentabilidade"}]},{"@type":"WebSite","@id":"https:\/\/salesianossp.org.br\/osbomretiro\/#website","url":"https:\/\/salesianossp.org.br\/osbomretiro\/","name":"Instituto Dom Bosco","description":"","publisher":{"@id":"https:\/\/salesianossp.org.br\/osbomretiro\/#organization"},"potentialAction":[{"@type":"SearchAction","target":{"@type":"EntryPoint","urlTemplate":"https:\/\/salesianossp.org.br\/osbomretiro\/?s={search_term_string}"},"query-input":{"@type":"PropertyValueSpecification","valueRequired":true,"valueName":"search_term_string"}}],"inLanguage":"pt-BR"},{"@type":"Organization","@id":"https:\/\/salesianossp.org.br\/osbomretiro\/#organization","name":"Instituto Dom Bosco","url":"https:\/\/salesianossp.org.br\/osbomretiro\/","logo":{"@type":"ImageObject","inLanguage":"pt-BR","@id":"https:\/\/salesianossp.org.br\/osbomretiro\/#\/schema\/logo\/image\/","url":"https:\/\/salesianossp.org.br\/osbomretiro\/wp-content\/uploads\/2025\/10\/logotipo-instituto-dom-bosco-color-56.svg","contentUrl":"https:\/\/salesianossp.org.br\/osbomretiro\/wp-content\/uploads\/2025\/10\/logotipo-instituto-dom-bosco-color-56.svg","width":164,"height":56,"caption":"Instituto Dom Bosco"},"image":{"@id":"https:\/\/salesianossp.org.br\/osbomretiro\/#\/schema\/logo\/image\/"},"sameAs":["https:\/\/www.facebook.com\/InstitutoDomBoscoBomRetiro\/","https:\/\/www.youtube.com\/user\/Institutodb","https:\/\/www.instagram.com\/institutodb\/"]},{"@type":"Person","@id":"https:\/\/salesianossp.org.br\/osbomretiro\/#\/schema\/person\/3091f5c85d13f1f81c2eadb190445d2e","name":"Lucas Rodrigues","image":{"@type":"ImageObject","inLanguage":"pt-BR","@id":"https:\/\/secure.gravatar.com\/avatar\/0ad9c966c6ed3335d7fffe2c3b88880dd298c0817b71e20a6955c38f2a53f746?s=96&d=mm&r=g","url":"https:\/\/secure.gravatar.com\/avatar\/0ad9c966c6ed3335d7fffe2c3b88880dd298c0817b71e20a6955c38f2a53f746?s=96&d=mm&r=g","contentUrl":"https:\/\/secure.gravatar.com\/avatar\/0ad9c966c6ed3335d7fffe2c3b88880dd298c0817b71e20a6955c38f2a53f746?s=96&d=mm&r=g","caption":"Lucas Rodrigues"},"url":"https:\/\/salesianossp.org.br\/osbomretiro\/author\/lucas-rodrigues\/"}]}},"_links":{"self":[{"href":"https:\/\/salesianossp.org.br\/osbomretiro\/wp-json\/wp\/v2\/posts\/7332","targetHints":{"allow":["GET"]}}],"collection":[{"href":"https:\/\/salesianossp.org.br\/osbomretiro\/wp-json\/wp\/v2\/posts"}],"about":[{"href":"https:\/\/salesianossp.org.br\/osbomretiro\/wp-json\/wp\/v2\/types\/post"}],"author":[{"embeddable":true,"href":"https:\/\/salesianossp.org.br\/osbomretiro\/wp-json\/wp\/v2\/users\/27"}],"replies":[{"embeddable":true,"href":"https:\/\/salesianossp.org.br\/osbomretiro\/wp-json\/wp\/v2\/comments?post=7332"}],"version-history":[{"count":0,"href":"https:\/\/salesianossp.org.br\/osbomretiro\/wp-json\/wp\/v2\/posts\/7332\/revisions"}],"wp:featuredmedia":[{"embeddable":true,"href":"https:\/\/salesianossp.org.br\/osbomretiro\/wp-json\/wp\/v2\/media\/7334"}],"wp:attachment":[{"href":"https:\/\/salesianossp.org.br\/osbomretiro\/wp-json\/wp\/v2\/media?parent=7332"}],"wp:term":[{"taxonomy":"category","embeddable":true,"href":"https:\/\/salesianossp.org.br\/osbomretiro\/wp-json\/wp\/v2\/categories?post=7332"},{"taxonomy":"post_tag","embeddable":true,"href":"https:\/\/salesianossp.org.br\/osbomretiro\/wp-json\/wp\/v2\/tags?post=7332"}],"curies":[{"name":"wp","href":"https:\/\/api.w.org\/{rel}","templated":true}]}}