{"id":4454,"date":"2021-08-30T11:22:23","date_gmt":"2021-08-30T14:22:23","guid":{"rendered":"https:\/\/salesianossp.org.br\/ositaquera\/?p=4454"},"modified":"2021-08-30T11:22:23","modified_gmt":"2021-08-30T14:22:23","slug":"saicas-em-saidas","status":"publish","type":"post","link":"https:\/\/salesianossp.org.br\/ositaquera\/saicas-em-saidas\/","title":{"rendered":"SAICAS em sa\u00eddas"},"content":{"rendered":"\n<p><strong>Uma nova vis\u00e3o sobre a vida de Dom Bosco e a hist\u00f3ria salesiana no Brasil<\/strong><\/p>\n\n\n\n<p>Nos dias 21 e 28 de agosto os SAICAS (Servi\u00e7o Institucional para Crian\u00e7as e Adolescentes) da Obra Social Dom Bosco realizaram uma visita guiada ao MOSB (Museu da Obra Salesiana no Brasil) localizado na sede da Inspetoria Salesiana de S\u00e3o Paulo (Rua Alamenda Dino Bueno, n\u00b0285\/353). Ap\u00f3s a visita fomos ao Parque Ibirapuera, na (Avenida Pedro Alvares Cabral, Vila Mariana), fizemos momento de recrea\u00e7\u00e3o, caminhada e piquenique.<\/p>\n\n\n\n<p>A realiza\u00e7\u00e3o do evento se deu pela ocasi\u00e3o do 206.\u00ba anivers\u00e1rio do nosso Santo Fundador, S\u00e3o Jo\u00e3o Bosco. Como nossos atendidos est\u00e3o em uma presen\u00e7a salesiana, nada melhor que conhec\u00ea-la e assim descobrir novos valores e curiosidades dos in\u00edcios da miss\u00e3o salesiana, no Brasil.<\/p>\n\n\n\n<p>As Crian\u00e7as e Adolescentes na visita ao MOSB demostraram muito interesse com perguntas e curiosidades durante toda a exposi\u00e7\u00e3o. A exposi\u00e7\u00e3o \u00e9 divida em tr\u00eas partes:<\/p>\n\n\n\n<ol class=\"wp-block-list\"><li>Apresenta\u00e7\u00e3o de rel\u00edquias de Dom Bosco, Dom Lasagna (fundador da presen\u00e7a Salesiana no Brasil) e alguns alunos importantes, como o quadro de S\u00e3o Domingos S\u00e1vio;<\/li><li>Hist\u00f3ria do Liceu Sagrado Cora\u00e7\u00e3o, que era uma casa de of\u00edcio, nesta parte da apresenta\u00e7\u00e3o podemos ver altares, obras e oficinas que eram realizadas no liceu. Curiosidades, tais como o fato de antigamente n\u00e3o ter internet para pesquisar, o que fazia-se necess\u00e1rio empalhar animais para conhecimento e acervo dos animais, causaram muita euforia em nossos atendidos.<\/li><li>J\u00e1 a terceira parte mostra as decora\u00e7\u00f5es que o Liceu ganhou ao longo dos anos. E por fim, a hist\u00f3ria da revolu\u00e7\u00e3o de 1924 e sua rela\u00e7\u00e3o com o liceu, pois caiu uma bomba na sala e com a gra\u00e7a de Deus ningu\u00e9m se feriu. Nos espa\u00e7os do liceu tamb\u00e9m deu lugar o primeiro cinema na cidade de S\u00e3o Paulo, o grande Otelo.<\/li><\/ol>\n\n\n\n<p>Em seguida conhecemos uma exposi\u00e7\u00e3o tempor\u00e1ria das representa\u00e7\u00f5es de Nossa Senhora pelo mundo. O acervo \u00e9 do salesiano Padre Evaristo Higa, mission\u00e1rio do Jap\u00e3o.<\/p>\n\n\n\n<p>O passeio no parque foi de um encanto, conhecemos um peda\u00e7o do dele com uma boa caminhada, depois tivemos uma recrea\u00e7\u00e3o com eles (corremos, jogamos v\u00f4lei, futebol e brincamos em uma \u00e1rvore que se tornou uma escalada) e com as energias gastas com conhecimento e brincadeiras esportivas, fizemos um delicioso e saud\u00e1vel piquenique.<\/p>\n\n\n\n<div class=\"wp-block-group is-layout-flow wp-block-group-is-layout-flow\">\n<figure class=\"wp-block-gallery columns-3 is-cropped wp-block-gallery-1 is-layout-flex wp-block-gallery-is-layout-flex\"><ul class=\"blocks-gallery-grid\"><li><figure><img decoding=\"async\" src=\"https:\/\/salesianossp.org.br\/ositaquera\/wp-content\/uploads\/2021\/08\/WhatsApp-Image-2021-08-21-at-12.16.33-1-1-1024x1024.jpeg\" alt=\"\" class=\"wp-image-4456\" \/><\/figure><\/li><li><figure><img decoding=\"async\" src=\"https:\/\/salesianossp.org.br\/ositaquera\/wp-content\/uploads\/2021\/08\/WhatsApp-Image-2021-08-21-at-12.16.33-1024x1024.jpeg\" alt=\"\" class=\"wp-image-4457\" \/><\/figure><\/li><li><figure><img decoding=\"async\" src=\"https:\/\/salesianossp.org.br\/ositaquera\/wp-content\/uploads\/2021\/08\/WhatsApp-Image-2021-08-28-at-09.54.07-1024x1024.jpeg\" alt=\"\" class=\"wp-image-4458\" \/><\/figure><\/li><\/ul><\/figure>\n<\/div>\n","protected":false},"excerpt":{"rendered":"<p>Uma nova vis\u00e3o sobre a vida de Dom Bosco e a hist\u00f3ria salesiana no Brasil Nos dias 21 e 28 de agosto os SAICAS (Servi\u00e7o Institucional para Crian\u00e7as e Adolescentes) da Obra Social Dom Bosco realizaram uma visita guiada ao MOSB (Museu da Obra Salesiana no Brasil) localizado na sede da Inspetoria Salesiana de S\u00e3o [&hellip;]<\/p>\n","protected":false},"author":27,"featured_media":4458,"comment_status":"open","ping_status":"open","sticky":false,"template":"","format":"standard","meta":{"footnotes":""},"categories":[59],"tags":[],"class_list":["post-4454","post","type-post","status-publish","format-standard","has-post-thumbnail","hentry","category-noticias"],"yoast_head":"<!-- This site is optimized with the Yoast SEO plugin v27.4 - https:\/\/yoast.com\/product\/yoast-seo-wordpress\/ -->\n<title>SAICAS em sa\u00eddas - Obra Social Dom Bosco<\/title>\n<meta name=\"robots\" content=\"index, follow, max-snippet:-1, max-image-preview:large, max-video-preview:-1\" \/>\n<link rel=\"canonical\" href=\"https:\/\/salesianossp.org.br\/ositaquera\/saicas-em-saidas\/\" \/>\n<meta property=\"og:locale\" content=\"pt_BR\" \/>\n<meta property=\"og:type\" content=\"article\" \/>\n<meta property=\"og:title\" content=\"SAICAS em sa\u00eddas - Obra Social Dom Bosco\" \/>\n<meta property=\"og:description\" content=\"Uma nova vis\u00e3o sobre a vida de Dom Bosco e a hist\u00f3ria salesiana no Brasil Nos dias 21 e 28 de agosto os SAICAS (Servi\u00e7o Institucional para Crian\u00e7as e Adolescentes) da Obra Social Dom Bosco realizaram uma visita guiada ao MOSB (Museu da Obra Salesiana no Brasil) localizado na sede da Inspetoria Salesiana de S\u00e3o [&hellip;]\" \/>\n<meta property=\"og:url\" content=\"https:\/\/salesianossp.org.br\/ositaquera\/saicas-em-saidas\/\" \/>\n<meta property=\"og:site_name\" content=\"Obra Social Dom Bosco\" \/>\n<meta property=\"article:publisher\" content=\"https:\/\/www.facebook.com\/domboscoitaquera\" \/>\n<meta property=\"article:published_time\" content=\"2021-08-30T14:22:23+00:00\" \/>\n<meta property=\"og:image\" content=\"https:\/\/salesianossp.org.br\/ositaquera\/wp-content\/uploads\/2021\/08\/WhatsApp-Image-2021-08-28-at-09.54.07.jpeg\" \/>\n\t<meta property=\"og:image:width\" content=\"1600\" \/>\n\t<meta property=\"og:image:height\" content=\"721\" \/>\n\t<meta property=\"og:image:type\" content=\"image\/jpeg\" \/>\n<meta name=\"author\" content=\"Lucas Rodrigues\" \/>\n<meta name=\"twitter:card\" content=\"summary_large_image\" \/>\n<meta name=\"twitter:label1\" content=\"Escrito por\" \/>\n\t<meta name=\"twitter:data1\" content=\"Lucas Rodrigues\" \/>\n\t<meta name=\"twitter:label2\" content=\"Est. tempo de leitura\" \/>\n\t<meta name=\"twitter:data2\" content=\"2 minutos\" \/>\n<script type=\"application\/ld+json\" class=\"yoast-schema-graph\">{\"@context\":\"https:\\\/\\\/schema.org\",\"@graph\":[{\"@type\":\"Article\",\"@id\":\"https:\\\/\\\/salesianossp.org.br\\\/ositaquera\\\/saicas-em-saidas\\\/#article\",\"isPartOf\":{\"@id\":\"https:\\\/\\\/salesianossp.org.br\\\/ositaquera\\\/saicas-em-saidas\\\/\"},\"author\":{\"name\":\"Lucas Rodrigues\",\"@id\":\"https:\\\/\\\/salesianossp.org.br\\\/ositaquera\\\/#\\\/schema\\\/person\\\/612e159822bfeed64312a453b075f9de\"},\"headline\":\"SAICAS em sa\u00eddas\",\"datePublished\":\"2021-08-30T14:22:23+00:00\",\"mainEntityOfPage\":{\"@id\":\"https:\\\/\\\/salesianossp.org.br\\\/ositaquera\\\/saicas-em-saidas\\\/\"},\"wordCount\":421,\"commentCount\":0,\"publisher\":{\"@id\":\"https:\\\/\\\/salesianossp.org.br\\\/ositaquera\\\/#organization\"},\"image\":{\"@id\":\"https:\\\/\\\/salesianossp.org.br\\\/ositaquera\\\/saicas-em-saidas\\\/#primaryimage\"},\"thumbnailUrl\":\"https:\\\/\\\/salesianossp.org.br\\\/ositaquera\\\/wp-content\\\/uploads\\\/2021\\\/08\\\/WhatsApp-Image-2021-08-28-at-09.54.07.jpeg\",\"articleSection\":[\"Not\u00edcias\"],\"inLanguage\":\"pt-BR\",\"potentialAction\":[{\"@type\":\"CommentAction\",\"name\":\"Comment\",\"target\":[\"https:\\\/\\\/salesianossp.org.br\\\/ositaquera\\\/saicas-em-saidas\\\/#respond\"]}]},{\"@type\":\"WebPage\",\"@id\":\"https:\\\/\\\/salesianossp.org.br\\\/ositaquera\\\/saicas-em-saidas\\\/\",\"url\":\"https:\\\/\\\/salesianossp.org.br\\\/ositaquera\\\/saicas-em-saidas\\\/\",\"name\":\"SAICAS em sa\u00eddas - Obra Social Dom Bosco\",\"isPartOf\":{\"@id\":\"https:\\\/\\\/salesianossp.org.br\\\/ositaquera\\\/#website\"},\"primaryImageOfPage\":{\"@id\":\"https:\\\/\\\/salesianossp.org.br\\\/ositaquera\\\/saicas-em-saidas\\\/#primaryimage\"},\"image\":{\"@id\":\"https:\\\/\\\/salesianossp.org.br\\\/ositaquera\\\/saicas-em-saidas\\\/#primaryimage\"},\"thumbnailUrl\":\"https:\\\/\\\/salesianossp.org.br\\\/ositaquera\\\/wp-content\\\/uploads\\\/2021\\\/08\\\/WhatsApp-Image-2021-08-28-at-09.54.07.jpeg\",\"datePublished\":\"2021-08-30T14:22:23+00:00\",\"breadcrumb\":{\"@id\":\"https:\\\/\\\/salesianossp.org.br\\\/ositaquera\\\/saicas-em-saidas\\\/#breadcrumb\"},\"inLanguage\":\"pt-BR\",\"potentialAction\":[{\"@type\":\"ReadAction\",\"target\":[\"https:\\\/\\\/salesianossp.org.br\\\/ositaquera\\\/saicas-em-saidas\\\/\"]}]},{\"@type\":\"ImageObject\",\"inLanguage\":\"pt-BR\",\"@id\":\"https:\\\/\\\/salesianossp.org.br\\\/ositaquera\\\/saicas-em-saidas\\\/#primaryimage\",\"url\":\"https:\\\/\\\/salesianossp.org.br\\\/ositaquera\\\/wp-content\\\/uploads\\\/2021\\\/08\\\/WhatsApp-Image-2021-08-28-at-09.54.07.jpeg\",\"contentUrl\":\"https:\\\/\\\/salesianossp.org.br\\\/ositaquera\\\/wp-content\\\/uploads\\\/2021\\\/08\\\/WhatsApp-Image-2021-08-28-at-09.54.07.jpeg\",\"width\":1600,\"height\":721},{\"@type\":\"BreadcrumbList\",\"@id\":\"https:\\\/\\\/salesianossp.org.br\\\/ositaquera\\\/saicas-em-saidas\\\/#breadcrumb\",\"itemListElement\":[{\"@type\":\"ListItem\",\"position\":1,\"name\":\"In\u00edcio\",\"item\":\"https:\\\/\\\/salesianossp.org.br\\\/ositaquera\\\/\"},{\"@type\":\"ListItem\",\"position\":2,\"name\":\"SAICAS em sa\u00eddas\"}]},{\"@type\":\"WebSite\",\"@id\":\"https:\\\/\\\/salesianossp.org.br\\\/ositaquera\\\/#website\",\"url\":\"https:\\\/\\\/salesianossp.org.br\\\/ositaquera\\\/\",\"name\":\"Obra Social Dom Bosco\",\"description\":\"\",\"publisher\":{\"@id\":\"https:\\\/\\\/salesianossp.org.br\\\/ositaquera\\\/#organization\"},\"potentialAction\":[{\"@type\":\"SearchAction\",\"target\":{\"@type\":\"EntryPoint\",\"urlTemplate\":\"https:\\\/\\\/salesianossp.org.br\\\/ositaquera\\\/?s={search_term_string}\"},\"query-input\":{\"@type\":\"PropertyValueSpecification\",\"valueRequired\":true,\"valueName\":\"search_term_string\"}}],\"inLanguage\":\"pt-BR\"},{\"@type\":\"Organization\",\"@id\":\"https:\\\/\\\/salesianossp.org.br\\\/ositaquera\\\/#organization\",\"name\":\"Obra Social Dom Bosco\",\"url\":\"https:\\\/\\\/salesianossp.org.br\\\/ositaquera\\\/\",\"logo\":{\"@type\":\"ImageObject\",\"inLanguage\":\"pt-BR\",\"@id\":\"https:\\\/\\\/salesianossp.org.br\\\/ositaquera\\\/#\\\/schema\\\/logo\\\/image\\\/\",\"url\":\"https:\\\/\\\/salesianossp.org.br\\\/ositaquera\\\/wp-content\\\/uploads\\\/2024\\\/03\\\/logo-obra-social-dom-bosco-itaquera-h-scaled.png\",\"contentUrl\":\"https:\\\/\\\/salesianossp.org.br\\\/ositaquera\\\/wp-content\\\/uploads\\\/2024\\\/03\\\/logo-obra-social-dom-bosco-itaquera-h-scaled.png\",\"width\":2560,\"height\":672,\"caption\":\"Obra Social Dom Bosco\"},\"image\":{\"@id\":\"https:\\\/\\\/salesianossp.org.br\\\/ositaquera\\\/#\\\/schema\\\/logo\\\/image\\\/\"},\"sameAs\":[\"https:\\\/\\\/www.facebook.com\\\/domboscoitaquera\",\"https:\\\/\\\/br.linkedin.com\\\/company\\\/domboscoitaquera\",\"https:\\\/\\\/www.youtube.com\\\/channel\\\/UCMIUZW8mqlpEbP7Dy02veOw\",\"https:\\\/\\\/www.instagram.com\\\/obradombosco\\\/\"]},{\"@type\":\"Person\",\"@id\":\"https:\\\/\\\/salesianossp.org.br\\\/ositaquera\\\/#\\\/schema\\\/person\\\/612e159822bfeed64312a453b075f9de\",\"name\":\"Lucas Rodrigues\",\"image\":{\"@type\":\"ImageObject\",\"inLanguage\":\"pt-BR\",\"@id\":\"https:\\\/\\\/secure.gravatar.com\\\/avatar\\\/0ad9c966c6ed3335d7fffe2c3b88880dd298c0817b71e20a6955c38f2a53f746?s=96&d=mm&r=g\",\"url\":\"https:\\\/\\\/secure.gravatar.com\\\/avatar\\\/0ad9c966c6ed3335d7fffe2c3b88880dd298c0817b71e20a6955c38f2a53f746?s=96&d=mm&r=g\",\"contentUrl\":\"https:\\\/\\\/secure.gravatar.com\\\/avatar\\\/0ad9c966c6ed3335d7fffe2c3b88880dd298c0817b71e20a6955c38f2a53f746?s=96&d=mm&r=g\",\"caption\":\"Lucas Rodrigues\"},\"url\":\"https:\\\/\\\/salesianossp.org.br\\\/ositaquera\\\/author\\\/lucas-rodrigues\\\/\"}]}<\/script>\n<!-- \/ Yoast SEO plugin. -->","yoast_head_json":{"title":"SAICAS em sa\u00eddas - Obra Social Dom Bosco","robots":{"index":"index","follow":"follow","max-snippet":"max-snippet:-1","max-image-preview":"max-image-preview:large","max-video-preview":"max-video-preview:-1"},"canonical":"https:\/\/salesianossp.org.br\/ositaquera\/saicas-em-saidas\/","og_locale":"pt_BR","og_type":"article","og_title":"SAICAS em sa\u00eddas - Obra Social Dom Bosco","og_description":"Uma nova vis\u00e3o sobre a vida de Dom Bosco e a hist\u00f3ria salesiana no Brasil Nos dias 21 e 28 de agosto os SAICAS (Servi\u00e7o Institucional para Crian\u00e7as e Adolescentes) da Obra Social Dom Bosco realizaram uma visita guiada ao MOSB (Museu da Obra Salesiana no Brasil) localizado na sede da Inspetoria Salesiana de S\u00e3o [&hellip;]","og_url":"https:\/\/salesianossp.org.br\/ositaquera\/saicas-em-saidas\/","og_site_name":"Obra Social Dom Bosco","article_publisher":"https:\/\/www.facebook.com\/domboscoitaquera","article_published_time":"2021-08-30T14:22:23+00:00","og_image":[{"width":1600,"height":721,"url":"https:\/\/salesianossp.org.br\/ositaquera\/wp-content\/uploads\/2021\/08\/WhatsApp-Image-2021-08-28-at-09.54.07.jpeg","type":"image\/jpeg"}],"author":"Lucas Rodrigues","twitter_card":"summary_large_image","twitter_misc":{"Escrito por":"Lucas Rodrigues","Est. tempo de leitura":"2 minutos"},"schema":{"@context":"https:\/\/schema.org","@graph":[{"@type":"Article","@id":"https:\/\/salesianossp.org.br\/ositaquera\/saicas-em-saidas\/#article","isPartOf":{"@id":"https:\/\/salesianossp.org.br\/ositaquera\/saicas-em-saidas\/"},"author":{"name":"Lucas Rodrigues","@id":"https:\/\/salesianossp.org.br\/ositaquera\/#\/schema\/person\/612e159822bfeed64312a453b075f9de"},"headline":"SAICAS em sa\u00eddas","datePublished":"2021-08-30T14:22:23+00:00","mainEntityOfPage":{"@id":"https:\/\/salesianossp.org.br\/ositaquera\/saicas-em-saidas\/"},"wordCount":421,"commentCount":0,"publisher":{"@id":"https:\/\/salesianossp.org.br\/ositaquera\/#organization"},"image":{"@id":"https:\/\/salesianossp.org.br\/ositaquera\/saicas-em-saidas\/#primaryimage"},"thumbnailUrl":"https:\/\/salesianossp.org.br\/ositaquera\/wp-content\/uploads\/2021\/08\/WhatsApp-Image-2021-08-28-at-09.54.07.jpeg","articleSection":["Not\u00edcias"],"inLanguage":"pt-BR","potentialAction":[{"@type":"CommentAction","name":"Comment","target":["https:\/\/salesianossp.org.br\/ositaquera\/saicas-em-saidas\/#respond"]}]},{"@type":"WebPage","@id":"https:\/\/salesianossp.org.br\/ositaquera\/saicas-em-saidas\/","url":"https:\/\/salesianossp.org.br\/ositaquera\/saicas-em-saidas\/","name":"SAICAS em sa\u00eddas - Obra Social Dom Bosco","isPartOf":{"@id":"https:\/\/salesianossp.org.br\/ositaquera\/#website"},"primaryImageOfPage":{"@id":"https:\/\/salesianossp.org.br\/ositaquera\/saicas-em-saidas\/#primaryimage"},"image":{"@id":"https:\/\/salesianossp.org.br\/ositaquera\/saicas-em-saidas\/#primaryimage"},"thumbnailUrl":"https:\/\/salesianossp.org.br\/ositaquera\/wp-content\/uploads\/2021\/08\/WhatsApp-Image-2021-08-28-at-09.54.07.jpeg","datePublished":"2021-08-30T14:22:23+00:00","breadcrumb":{"@id":"https:\/\/salesianossp.org.br\/ositaquera\/saicas-em-saidas\/#breadcrumb"},"inLanguage":"pt-BR","potentialAction":[{"@type":"ReadAction","target":["https:\/\/salesianossp.org.br\/ositaquera\/saicas-em-saidas\/"]}]},{"@type":"ImageObject","inLanguage":"pt-BR","@id":"https:\/\/salesianossp.org.br\/ositaquera\/saicas-em-saidas\/#primaryimage","url":"https:\/\/salesianossp.org.br\/ositaquera\/wp-content\/uploads\/2021\/08\/WhatsApp-Image-2021-08-28-at-09.54.07.jpeg","contentUrl":"https:\/\/salesianossp.org.br\/ositaquera\/wp-content\/uploads\/2021\/08\/WhatsApp-Image-2021-08-28-at-09.54.07.jpeg","width":1600,"height":721},{"@type":"BreadcrumbList","@id":"https:\/\/salesianossp.org.br\/ositaquera\/saicas-em-saidas\/#breadcrumb","itemListElement":[{"@type":"ListItem","position":1,"name":"In\u00edcio","item":"https:\/\/salesianossp.org.br\/ositaquera\/"},{"@type":"ListItem","position":2,"name":"SAICAS em sa\u00eddas"}]},{"@type":"WebSite","@id":"https:\/\/salesianossp.org.br\/ositaquera\/#website","url":"https:\/\/salesianossp.org.br\/ositaquera\/","name":"Obra Social Dom Bosco","description":"","publisher":{"@id":"https:\/\/salesianossp.org.br\/ositaquera\/#organization"},"potentialAction":[{"@type":"SearchAction","target":{"@type":"EntryPoint","urlTemplate":"https:\/\/salesianossp.org.br\/ositaquera\/?s={search_term_string}"},"query-input":{"@type":"PropertyValueSpecification","valueRequired":true,"valueName":"search_term_string"}}],"inLanguage":"pt-BR"},{"@type":"Organization","@id":"https:\/\/salesianossp.org.br\/ositaquera\/#organization","name":"Obra Social Dom Bosco","url":"https:\/\/salesianossp.org.br\/ositaquera\/","logo":{"@type":"ImageObject","inLanguage":"pt-BR","@id":"https:\/\/salesianossp.org.br\/ositaquera\/#\/schema\/logo\/image\/","url":"https:\/\/salesianossp.org.br\/ositaquera\/wp-content\/uploads\/2024\/03\/logo-obra-social-dom-bosco-itaquera-h-scaled.png","contentUrl":"https:\/\/salesianossp.org.br\/ositaquera\/wp-content\/uploads\/2024\/03\/logo-obra-social-dom-bosco-itaquera-h-scaled.png","width":2560,"height":672,"caption":"Obra Social Dom Bosco"},"image":{"@id":"https:\/\/salesianossp.org.br\/ositaquera\/#\/schema\/logo\/image\/"},"sameAs":["https:\/\/www.facebook.com\/domboscoitaquera","https:\/\/br.linkedin.com\/company\/domboscoitaquera","https:\/\/www.youtube.com\/channel\/UCMIUZW8mqlpEbP7Dy02veOw","https:\/\/www.instagram.com\/obradombosco\/"]},{"@type":"Person","@id":"https:\/\/salesianossp.org.br\/ositaquera\/#\/schema\/person\/612e159822bfeed64312a453b075f9de","name":"Lucas Rodrigues","image":{"@type":"ImageObject","inLanguage":"pt-BR","@id":"https:\/\/secure.gravatar.com\/avatar\/0ad9c966c6ed3335d7fffe2c3b88880dd298c0817b71e20a6955c38f2a53f746?s=96&d=mm&r=g","url":"https:\/\/secure.gravatar.com\/avatar\/0ad9c966c6ed3335d7fffe2c3b88880dd298c0817b71e20a6955c38f2a53f746?s=96&d=mm&r=g","contentUrl":"https:\/\/secure.gravatar.com\/avatar\/0ad9c966c6ed3335d7fffe2c3b88880dd298c0817b71e20a6955c38f2a53f746?s=96&d=mm&r=g","caption":"Lucas Rodrigues"},"url":"https:\/\/salesianossp.org.br\/ositaquera\/author\/lucas-rodrigues\/"}]}},"_links":{"self":[{"href":"https:\/\/salesianossp.org.br\/ositaquera\/wp-json\/wp\/v2\/posts\/4454","targetHints":{"allow":["GET"]}}],"collection":[{"href":"https:\/\/salesianossp.org.br\/ositaquera\/wp-json\/wp\/v2\/posts"}],"about":[{"href":"https:\/\/salesianossp.org.br\/ositaquera\/wp-json\/wp\/v2\/types\/post"}],"author":[{"embeddable":true,"href":"https:\/\/salesianossp.org.br\/ositaquera\/wp-json\/wp\/v2\/users\/27"}],"replies":[{"embeddable":true,"href":"https:\/\/salesianossp.org.br\/ositaquera\/wp-json\/wp\/v2\/comments?post=4454"}],"version-history":[{"count":0,"href":"https:\/\/salesianossp.org.br\/ositaquera\/wp-json\/wp\/v2\/posts\/4454\/revisions"}],"wp:featuredmedia":[{"embeddable":true,"href":"https:\/\/salesianossp.org.br\/ositaquera\/wp-json\/wp\/v2\/media\/4458"}],"wp:attachment":[{"href":"https:\/\/salesianossp.org.br\/ositaquera\/wp-json\/wp\/v2\/media?parent=4454"}],"wp:term":[{"taxonomy":"category","embeddable":true,"href":"https:\/\/salesianossp.org.br\/ositaquera\/wp-json\/wp\/v2\/categories?post=4454"},{"taxonomy":"post_tag","embeddable":true,"href":"https:\/\/salesianossp.org.br\/ositaquera\/wp-json\/wp\/v2\/tags?post=4454"}],"curies":[{"name":"wp","href":"https:\/\/api.w.org\/{rel}","templated":true}]}}