{"id":4606,"date":"2021-11-22T21:27:06","date_gmt":"2021-11-23T00:27:06","guid":{"rendered":"https:\/\/salesianossp.org.br\/ositaquera\/?p=4606"},"modified":"2021-11-22T21:27:06","modified_gmt":"2021-11-23T00:27:06","slug":"dia-da-consciencia-negra","status":"publish","type":"post","link":"https:\/\/salesianossp.org.br\/ositaquera\/dia-da-consciencia-negra\/","title":{"rendered":"Dia da Consci\u00eancia Negra"},"content":{"rendered":"\n<p>Nos dias 17 e 18 de Novembro o CCA Bom Pastor realizou momentos significativos junto \u00e0s crian\u00e7as e adolescentes sobre o dia da Consci\u00eancia Negra. As atividades desenvolvidas nestes dois dias faziam parte da estrutura dos projetos desenvolvidos no N\u00facleo durante o segundo semestre de 2021.<br>Os dois dias foram repletos de arte, cultura, partilha e reflex\u00e3o acerca da import\u00e2ncia em se ter uma data como esta. Tivemos Oficina de Capoeira (com a participa\u00e7\u00e3o do Educador Fl\u00e1vio do Circo Social Dom Bosco e seus educandos e do Mestre Vov\u00f4\/ Ant\u00f4nio &#8211; Educador da Manuten\u00e7\u00e3o); Oficina de Turbante (Com a Fernanda \u2013 Educadora da Cozinha do CCA Bom Pastor e Maristelly \u2013 Educadora de Artes); Apresenta\u00e7\u00e3o de Dan\u00e7a Afro (com a participa\u00e7\u00e3o da educadora Kelly do Circo Social Dom Bosco e seus educandos); Apresenta\u00e7\u00e3o de Maculel\u00ea (Com a participa\u00e7\u00e3o da Turma de Dan\u00e7a do CCA Bom Pastor); Tran\u00e7as africanas (Com a participa\u00e7\u00e3o da Sofia \u2013 M\u00e3e de uma educanda vinda da Angola); Apresenta\u00e7\u00e3o de Percuss\u00e3o (com a participa\u00e7\u00e3o do educador Amaral e os educandos do CCA Aparecida) e a Partilha do trabalho em Miss\u00e3o do Pe. Willian na Angola. Finalizamos o \u00faltimo dia com uma celebra\u00e7\u00e3o agradecendo pelo dom das nossas vidas, pela possibilidade de partilharmos e refletirmos juntos e juntas e pedindo, sobretudo, pelo fim das desigualdades entre as ra\u00e7as.<\/p>\n\n\n\n<figure class=\"wp-block-gallery columns-3 is-cropped wp-block-gallery-1 is-layout-flex wp-block-gallery-is-layout-flex\"><ul class=\"blocks-gallery-grid\"><li class=\"blocks-gallery-item\"><figure><img decoding=\"async\" src=\"https:\/\/salesianossp.org.br\/ositaquera\/wp-content\/uploads\/2021\/11\/WhatsApp-Image-2021-11-22-at-15.36.59-1024x1024.jpeg\" alt=\"\" data-id=\"4608\" data-full-url=\"https:\/\/salesianossp.org.br\/ositaquera\/wp-content\/uploads\/2021\/11\/WhatsApp-Image-2021-11-22-at-15.36.59.jpeg\" data-link=\"https:\/\/salesianossp.org.br\/ositaquera\/?attachment_id=4608\" class=\"wp-image-4608\" \/><\/figure><\/li><li class=\"blocks-gallery-item\"><figure><img decoding=\"async\" src=\"https:\/\/salesianossp.org.br\/ositaquera\/wp-content\/uploads\/2021\/11\/WhatsApp-Image-2021-11-22-at-15.37.01-1-1024x1024.jpeg\" alt=\"\" data-id=\"4609\" data-full-url=\"https:\/\/salesianossp.org.br\/ositaquera\/wp-content\/uploads\/2021\/11\/WhatsApp-Image-2021-11-22-at-15.37.01-1.jpeg\" data-link=\"https:\/\/salesianossp.org.br\/ositaquera\/?attachment_id=4609\" class=\"wp-image-4609\" \/><\/figure><\/li><li class=\"blocks-gallery-item\"><figure><img decoding=\"async\" src=\"https:\/\/salesianossp.org.br\/ositaquera\/wp-content\/uploads\/2021\/11\/WhatsApp-Image-2021-11-22-at-15.37.01-2-1024x1024.jpeg\" alt=\"\" data-id=\"4610\" data-full-url=\"https:\/\/salesianossp.org.br\/ositaquera\/wp-content\/uploads\/2021\/11\/WhatsApp-Image-2021-11-22-at-15.37.01-2.jpeg\" data-link=\"https:\/\/salesianossp.org.br\/ositaquera\/?attachment_id=4610\" class=\"wp-image-4610\" \/><\/figure><\/li><li class=\"blocks-gallery-item\"><figure><img decoding=\"async\" src=\"https:\/\/salesianossp.org.br\/ositaquera\/wp-content\/uploads\/2021\/11\/WhatsApp-Image-2021-11-22-at-15.37.01-1024x1024.jpeg\" alt=\"\" data-id=\"4611\" data-full-url=\"https:\/\/salesianossp.org.br\/ositaquera\/wp-content\/uploads\/2021\/11\/WhatsApp-Image-2021-11-22-at-15.37.01.jpeg\" data-link=\"https:\/\/salesianossp.org.br\/ositaquera\/?attachment_id=4611\" class=\"wp-image-4611\" \/><\/figure><\/li><li class=\"blocks-gallery-item\"><figure><img decoding=\"async\" src=\"https:\/\/salesianossp.org.br\/ositaquera\/wp-content\/uploads\/2021\/11\/WhatsApp-Image-2021-11-22-at-15.37.02-1-1024x1024.jpeg\" alt=\"\" data-id=\"4612\" data-full-url=\"https:\/\/salesianossp.org.br\/ositaquera\/wp-content\/uploads\/2021\/11\/WhatsApp-Image-2021-11-22-at-15.37.02-1.jpeg\" data-link=\"https:\/\/salesianossp.org.br\/ositaquera\/?attachment_id=4612\" class=\"wp-image-4612\" \/><\/figure><\/li><li class=\"blocks-gallery-item\"><figure><img decoding=\"async\" src=\"https:\/\/salesianossp.org.br\/ositaquera\/wp-content\/uploads\/2021\/11\/WhatsApp-Image-2021-11-22-at-15.37.02-2-1024x1024.jpeg\" alt=\"\" data-id=\"4613\" data-full-url=\"https:\/\/salesianossp.org.br\/ositaquera\/wp-content\/uploads\/2021\/11\/WhatsApp-Image-2021-11-22-at-15.37.02-2.jpeg\" data-link=\"https:\/\/salesianossp.org.br\/ositaquera\/?attachment_id=4613\" class=\"wp-image-4613\" \/><\/figure><\/li><li class=\"blocks-gallery-item\"><figure><img decoding=\"async\" src=\"https:\/\/salesianossp.org.br\/ositaquera\/wp-content\/uploads\/2021\/11\/WhatsApp-Image-2021-11-22-at-15.37.02-1024x1024.jpeg\" alt=\"\" data-id=\"4614\" data-full-url=\"https:\/\/salesianossp.org.br\/ositaquera\/wp-content\/uploads\/2021\/11\/WhatsApp-Image-2021-11-22-at-15.37.02.jpeg\" data-link=\"https:\/\/salesianossp.org.br\/ositaquera\/?attachment_id=4614\" class=\"wp-image-4614\" \/><\/figure><\/li><\/ul><\/figure>\n","protected":false},"excerpt":{"rendered":"<p>Nos dias 17 e 18 de Novembro o CCA Bom Pastor realizou momentos significativos junto \u00e0s crian\u00e7as e adolescentes sobre o dia da Consci\u00eancia Negra. As atividades desenvolvidas nestes dois dias faziam parte da estrutura dos projetos desenvolvidos no N\u00facleo durante o segundo semestre de 2021.Os dois dias foram repletos de arte, cultura, partilha e [&hellip;]<\/p>\n","protected":false},"author":27,"featured_media":4616,"comment_status":"open","ping_status":"open","sticky":false,"template":"","format":"standard","meta":{"footnotes":""},"categories":[59],"tags":[],"class_list":["post-4606","post","type-post","status-publish","format-standard","has-post-thumbnail","hentry","category-noticias"],"yoast_head":"<!-- This site is optimized with the Yoast SEO plugin v27.4 - https:\/\/yoast.com\/product\/yoast-seo-wordpress\/ -->\n<title>Dia da Consci\u00eancia Negra - Obra Social Dom Bosco<\/title>\n<meta name=\"robots\" content=\"index, follow, max-snippet:-1, max-image-preview:large, max-video-preview:-1\" \/>\n<link rel=\"canonical\" href=\"https:\/\/salesianossp.org.br\/ositaquera\/dia-da-consciencia-negra\/\" \/>\n<meta property=\"og:locale\" content=\"pt_BR\" \/>\n<meta property=\"og:type\" content=\"article\" \/>\n<meta property=\"og:title\" content=\"Dia da Consci\u00eancia Negra - Obra Social Dom Bosco\" \/>\n<meta property=\"og:description\" content=\"Nos dias 17 e 18 de Novembro o CCA Bom Pastor realizou momentos significativos junto \u00e0s crian\u00e7as e adolescentes sobre o dia da Consci\u00eancia Negra. As atividades desenvolvidas nestes dois dias faziam parte da estrutura dos projetos desenvolvidos no N\u00facleo durante o segundo semestre de 2021.Os dois dias foram repletos de arte, cultura, partilha e [&hellip;]\" \/>\n<meta property=\"og:url\" content=\"https:\/\/salesianossp.org.br\/ositaquera\/dia-da-consciencia-negra\/\" \/>\n<meta property=\"og:site_name\" content=\"Obra Social Dom Bosco\" \/>\n<meta property=\"article:publisher\" content=\"https:\/\/www.facebook.com\/domboscoitaquera\" \/>\n<meta property=\"article:published_time\" content=\"2021-11-23T00:27:06+00:00\" \/>\n<meta property=\"og:image\" content=\"https:\/\/salesianossp.org.br\/ositaquera\/wp-content\/uploads\/2021\/11\/WhatsApp-Image-2021-11-24-at-10.40.35.jpeg\" \/>\n\t<meta property=\"og:image:width\" content=\"1280\" \/>\n\t<meta property=\"og:image:height\" content=\"657\" \/>\n\t<meta property=\"og:image:type\" content=\"image\/jpeg\" \/>\n<meta name=\"author\" content=\"Lucas Rodrigues\" \/>\n<meta name=\"twitter:card\" content=\"summary_large_image\" \/>\n<meta name=\"twitter:label1\" content=\"Escrito por\" \/>\n\t<meta name=\"twitter:data1\" content=\"Lucas Rodrigues\" \/>\n\t<meta name=\"twitter:label2\" content=\"Est. tempo de leitura\" \/>\n\t<meta name=\"twitter:data2\" content=\"1 minuto\" \/>\n<script type=\"application\/ld+json\" class=\"yoast-schema-graph\">{\"@context\":\"https:\\\/\\\/schema.org\",\"@graph\":[{\"@type\":\"Article\",\"@id\":\"https:\\\/\\\/salesianossp.org.br\\\/ositaquera\\\/dia-da-consciencia-negra\\\/#article\",\"isPartOf\":{\"@id\":\"https:\\\/\\\/salesianossp.org.br\\\/ositaquera\\\/dia-da-consciencia-negra\\\/\"},\"author\":{\"name\":\"Lucas Rodrigues\",\"@id\":\"https:\\\/\\\/salesianossp.org.br\\\/ositaquera\\\/#\\\/schema\\\/person\\\/612e159822bfeed64312a453b075f9de\"},\"headline\":\"Dia da Consci\u00eancia Negra\",\"datePublished\":\"2021-11-23T00:27:06+00:00\",\"mainEntityOfPage\":{\"@id\":\"https:\\\/\\\/salesianossp.org.br\\\/ositaquera\\\/dia-da-consciencia-negra\\\/\"},\"wordCount\":243,\"commentCount\":0,\"publisher\":{\"@id\":\"https:\\\/\\\/salesianossp.org.br\\\/ositaquera\\\/#organization\"},\"image\":{\"@id\":\"https:\\\/\\\/salesianossp.org.br\\\/ositaquera\\\/dia-da-consciencia-negra\\\/#primaryimage\"},\"thumbnailUrl\":\"https:\\\/\\\/salesianossp.org.br\\\/ositaquera\\\/wp-content\\\/uploads\\\/2021\\\/11\\\/WhatsApp-Image-2021-11-24-at-10.40.35.jpeg\",\"articleSection\":[\"Not\u00edcias\"],\"inLanguage\":\"pt-BR\",\"potentialAction\":[{\"@type\":\"CommentAction\",\"name\":\"Comment\",\"target\":[\"https:\\\/\\\/salesianossp.org.br\\\/ositaquera\\\/dia-da-consciencia-negra\\\/#respond\"]}]},{\"@type\":\"WebPage\",\"@id\":\"https:\\\/\\\/salesianossp.org.br\\\/ositaquera\\\/dia-da-consciencia-negra\\\/\",\"url\":\"https:\\\/\\\/salesianossp.org.br\\\/ositaquera\\\/dia-da-consciencia-negra\\\/\",\"name\":\"Dia da Consci\u00eancia Negra - Obra Social Dom Bosco\",\"isPartOf\":{\"@id\":\"https:\\\/\\\/salesianossp.org.br\\\/ositaquera\\\/#website\"},\"primaryImageOfPage\":{\"@id\":\"https:\\\/\\\/salesianossp.org.br\\\/ositaquera\\\/dia-da-consciencia-negra\\\/#primaryimage\"},\"image\":{\"@id\":\"https:\\\/\\\/salesianossp.org.br\\\/ositaquera\\\/dia-da-consciencia-negra\\\/#primaryimage\"},\"thumbnailUrl\":\"https:\\\/\\\/salesianossp.org.br\\\/ositaquera\\\/wp-content\\\/uploads\\\/2021\\\/11\\\/WhatsApp-Image-2021-11-24-at-10.40.35.jpeg\",\"datePublished\":\"2021-11-23T00:27:06+00:00\",\"breadcrumb\":{\"@id\":\"https:\\\/\\\/salesianossp.org.br\\\/ositaquera\\\/dia-da-consciencia-negra\\\/#breadcrumb\"},\"inLanguage\":\"pt-BR\",\"potentialAction\":[{\"@type\":\"ReadAction\",\"target\":[\"https:\\\/\\\/salesianossp.org.br\\\/ositaquera\\\/dia-da-consciencia-negra\\\/\"]}]},{\"@type\":\"ImageObject\",\"inLanguage\":\"pt-BR\",\"@id\":\"https:\\\/\\\/salesianossp.org.br\\\/ositaquera\\\/dia-da-consciencia-negra\\\/#primaryimage\",\"url\":\"https:\\\/\\\/salesianossp.org.br\\\/ositaquera\\\/wp-content\\\/uploads\\\/2021\\\/11\\\/WhatsApp-Image-2021-11-24-at-10.40.35.jpeg\",\"contentUrl\":\"https:\\\/\\\/salesianossp.org.br\\\/ositaquera\\\/wp-content\\\/uploads\\\/2021\\\/11\\\/WhatsApp-Image-2021-11-24-at-10.40.35.jpeg\",\"width\":1280,\"height\":657},{\"@type\":\"BreadcrumbList\",\"@id\":\"https:\\\/\\\/salesianossp.org.br\\\/ositaquera\\\/dia-da-consciencia-negra\\\/#breadcrumb\",\"itemListElement\":[{\"@type\":\"ListItem\",\"position\":1,\"name\":\"In\u00edcio\",\"item\":\"https:\\\/\\\/salesianossp.org.br\\\/ositaquera\\\/\"},{\"@type\":\"ListItem\",\"position\":2,\"name\":\"Dia da Consci\u00eancia Negra\"}]},{\"@type\":\"WebSite\",\"@id\":\"https:\\\/\\\/salesianossp.org.br\\\/ositaquera\\\/#website\",\"url\":\"https:\\\/\\\/salesianossp.org.br\\\/ositaquera\\\/\",\"name\":\"Obra Social Dom Bosco\",\"description\":\"\",\"publisher\":{\"@id\":\"https:\\\/\\\/salesianossp.org.br\\\/ositaquera\\\/#organization\"},\"potentialAction\":[{\"@type\":\"SearchAction\",\"target\":{\"@type\":\"EntryPoint\",\"urlTemplate\":\"https:\\\/\\\/salesianossp.org.br\\\/ositaquera\\\/?s={search_term_string}\"},\"query-input\":{\"@type\":\"PropertyValueSpecification\",\"valueRequired\":true,\"valueName\":\"search_term_string\"}}],\"inLanguage\":\"pt-BR\"},{\"@type\":\"Organization\",\"@id\":\"https:\\\/\\\/salesianossp.org.br\\\/ositaquera\\\/#organization\",\"name\":\"Obra Social Dom Bosco\",\"url\":\"https:\\\/\\\/salesianossp.org.br\\\/ositaquera\\\/\",\"logo\":{\"@type\":\"ImageObject\",\"inLanguage\":\"pt-BR\",\"@id\":\"https:\\\/\\\/salesianossp.org.br\\\/ositaquera\\\/#\\\/schema\\\/logo\\\/image\\\/\",\"url\":\"https:\\\/\\\/salesianossp.org.br\\\/ositaquera\\\/wp-content\\\/uploads\\\/2024\\\/03\\\/logo-obra-social-dom-bosco-itaquera-h-scaled.png\",\"contentUrl\":\"https:\\\/\\\/salesianossp.org.br\\\/ositaquera\\\/wp-content\\\/uploads\\\/2024\\\/03\\\/logo-obra-social-dom-bosco-itaquera-h-scaled.png\",\"width\":2560,\"height\":672,\"caption\":\"Obra Social Dom Bosco\"},\"image\":{\"@id\":\"https:\\\/\\\/salesianossp.org.br\\\/ositaquera\\\/#\\\/schema\\\/logo\\\/image\\\/\"},\"sameAs\":[\"https:\\\/\\\/www.facebook.com\\\/domboscoitaquera\",\"https:\\\/\\\/br.linkedin.com\\\/company\\\/domboscoitaquera\",\"https:\\\/\\\/www.youtube.com\\\/channel\\\/UCMIUZW8mqlpEbP7Dy02veOw\",\"https:\\\/\\\/www.instagram.com\\\/obradombosco\\\/\"]},{\"@type\":\"Person\",\"@id\":\"https:\\\/\\\/salesianossp.org.br\\\/ositaquera\\\/#\\\/schema\\\/person\\\/612e159822bfeed64312a453b075f9de\",\"name\":\"Lucas Rodrigues\",\"image\":{\"@type\":\"ImageObject\",\"inLanguage\":\"pt-BR\",\"@id\":\"https:\\\/\\\/secure.gravatar.com\\\/avatar\\\/0ad9c966c6ed3335d7fffe2c3b88880dd298c0817b71e20a6955c38f2a53f746?s=96&d=mm&r=g\",\"url\":\"https:\\\/\\\/secure.gravatar.com\\\/avatar\\\/0ad9c966c6ed3335d7fffe2c3b88880dd298c0817b71e20a6955c38f2a53f746?s=96&d=mm&r=g\",\"contentUrl\":\"https:\\\/\\\/secure.gravatar.com\\\/avatar\\\/0ad9c966c6ed3335d7fffe2c3b88880dd298c0817b71e20a6955c38f2a53f746?s=96&d=mm&r=g\",\"caption\":\"Lucas Rodrigues\"},\"url\":\"https:\\\/\\\/salesianossp.org.br\\\/ositaquera\\\/author\\\/lucas-rodrigues\\\/\"}]}<\/script>\n<!-- \/ Yoast SEO plugin. -->","yoast_head_json":{"title":"Dia da Consci\u00eancia Negra - Obra Social Dom Bosco","robots":{"index":"index","follow":"follow","max-snippet":"max-snippet:-1","max-image-preview":"max-image-preview:large","max-video-preview":"max-video-preview:-1"},"canonical":"https:\/\/salesianossp.org.br\/ositaquera\/dia-da-consciencia-negra\/","og_locale":"pt_BR","og_type":"article","og_title":"Dia da Consci\u00eancia Negra - Obra Social Dom Bosco","og_description":"Nos dias 17 e 18 de Novembro o CCA Bom Pastor realizou momentos significativos junto \u00e0s crian\u00e7as e adolescentes sobre o dia da Consci\u00eancia Negra. As atividades desenvolvidas nestes dois dias faziam parte da estrutura dos projetos desenvolvidos no N\u00facleo durante o segundo semestre de 2021.Os dois dias foram repletos de arte, cultura, partilha e [&hellip;]","og_url":"https:\/\/salesianossp.org.br\/ositaquera\/dia-da-consciencia-negra\/","og_site_name":"Obra Social Dom Bosco","article_publisher":"https:\/\/www.facebook.com\/domboscoitaquera","article_published_time":"2021-11-23T00:27:06+00:00","og_image":[{"width":1280,"height":657,"url":"https:\/\/salesianossp.org.br\/ositaquera\/wp-content\/uploads\/2021\/11\/WhatsApp-Image-2021-11-24-at-10.40.35.jpeg","type":"image\/jpeg"}],"author":"Lucas Rodrigues","twitter_card":"summary_large_image","twitter_misc":{"Escrito por":"Lucas Rodrigues","Est. tempo de leitura":"1 minuto"},"schema":{"@context":"https:\/\/schema.org","@graph":[{"@type":"Article","@id":"https:\/\/salesianossp.org.br\/ositaquera\/dia-da-consciencia-negra\/#article","isPartOf":{"@id":"https:\/\/salesianossp.org.br\/ositaquera\/dia-da-consciencia-negra\/"},"author":{"name":"Lucas Rodrigues","@id":"https:\/\/salesianossp.org.br\/ositaquera\/#\/schema\/person\/612e159822bfeed64312a453b075f9de"},"headline":"Dia da Consci\u00eancia Negra","datePublished":"2021-11-23T00:27:06+00:00","mainEntityOfPage":{"@id":"https:\/\/salesianossp.org.br\/ositaquera\/dia-da-consciencia-negra\/"},"wordCount":243,"commentCount":0,"publisher":{"@id":"https:\/\/salesianossp.org.br\/ositaquera\/#organization"},"image":{"@id":"https:\/\/salesianossp.org.br\/ositaquera\/dia-da-consciencia-negra\/#primaryimage"},"thumbnailUrl":"https:\/\/salesianossp.org.br\/ositaquera\/wp-content\/uploads\/2021\/11\/WhatsApp-Image-2021-11-24-at-10.40.35.jpeg","articleSection":["Not\u00edcias"],"inLanguage":"pt-BR","potentialAction":[{"@type":"CommentAction","name":"Comment","target":["https:\/\/salesianossp.org.br\/ositaquera\/dia-da-consciencia-negra\/#respond"]}]},{"@type":"WebPage","@id":"https:\/\/salesianossp.org.br\/ositaquera\/dia-da-consciencia-negra\/","url":"https:\/\/salesianossp.org.br\/ositaquera\/dia-da-consciencia-negra\/","name":"Dia da Consci\u00eancia Negra - Obra Social Dom Bosco","isPartOf":{"@id":"https:\/\/salesianossp.org.br\/ositaquera\/#website"},"primaryImageOfPage":{"@id":"https:\/\/salesianossp.org.br\/ositaquera\/dia-da-consciencia-negra\/#primaryimage"},"image":{"@id":"https:\/\/salesianossp.org.br\/ositaquera\/dia-da-consciencia-negra\/#primaryimage"},"thumbnailUrl":"https:\/\/salesianossp.org.br\/ositaquera\/wp-content\/uploads\/2021\/11\/WhatsApp-Image-2021-11-24-at-10.40.35.jpeg","datePublished":"2021-11-23T00:27:06+00:00","breadcrumb":{"@id":"https:\/\/salesianossp.org.br\/ositaquera\/dia-da-consciencia-negra\/#breadcrumb"},"inLanguage":"pt-BR","potentialAction":[{"@type":"ReadAction","target":["https:\/\/salesianossp.org.br\/ositaquera\/dia-da-consciencia-negra\/"]}]},{"@type":"ImageObject","inLanguage":"pt-BR","@id":"https:\/\/salesianossp.org.br\/ositaquera\/dia-da-consciencia-negra\/#primaryimage","url":"https:\/\/salesianossp.org.br\/ositaquera\/wp-content\/uploads\/2021\/11\/WhatsApp-Image-2021-11-24-at-10.40.35.jpeg","contentUrl":"https:\/\/salesianossp.org.br\/ositaquera\/wp-content\/uploads\/2021\/11\/WhatsApp-Image-2021-11-24-at-10.40.35.jpeg","width":1280,"height":657},{"@type":"BreadcrumbList","@id":"https:\/\/salesianossp.org.br\/ositaquera\/dia-da-consciencia-negra\/#breadcrumb","itemListElement":[{"@type":"ListItem","position":1,"name":"In\u00edcio","item":"https:\/\/salesianossp.org.br\/ositaquera\/"},{"@type":"ListItem","position":2,"name":"Dia da Consci\u00eancia Negra"}]},{"@type":"WebSite","@id":"https:\/\/salesianossp.org.br\/ositaquera\/#website","url":"https:\/\/salesianossp.org.br\/ositaquera\/","name":"Obra Social Dom Bosco","description":"","publisher":{"@id":"https:\/\/salesianossp.org.br\/ositaquera\/#organization"},"potentialAction":[{"@type":"SearchAction","target":{"@type":"EntryPoint","urlTemplate":"https:\/\/salesianossp.org.br\/ositaquera\/?s={search_term_string}"},"query-input":{"@type":"PropertyValueSpecification","valueRequired":true,"valueName":"search_term_string"}}],"inLanguage":"pt-BR"},{"@type":"Organization","@id":"https:\/\/salesianossp.org.br\/ositaquera\/#organization","name":"Obra Social Dom Bosco","url":"https:\/\/salesianossp.org.br\/ositaquera\/","logo":{"@type":"ImageObject","inLanguage":"pt-BR","@id":"https:\/\/salesianossp.org.br\/ositaquera\/#\/schema\/logo\/image\/","url":"https:\/\/salesianossp.org.br\/ositaquera\/wp-content\/uploads\/2024\/03\/logo-obra-social-dom-bosco-itaquera-h-scaled.png","contentUrl":"https:\/\/salesianossp.org.br\/ositaquera\/wp-content\/uploads\/2024\/03\/logo-obra-social-dom-bosco-itaquera-h-scaled.png","width":2560,"height":672,"caption":"Obra Social Dom Bosco"},"image":{"@id":"https:\/\/salesianossp.org.br\/ositaquera\/#\/schema\/logo\/image\/"},"sameAs":["https:\/\/www.facebook.com\/domboscoitaquera","https:\/\/br.linkedin.com\/company\/domboscoitaquera","https:\/\/www.youtube.com\/channel\/UCMIUZW8mqlpEbP7Dy02veOw","https:\/\/www.instagram.com\/obradombosco\/"]},{"@type":"Person","@id":"https:\/\/salesianossp.org.br\/ositaquera\/#\/schema\/person\/612e159822bfeed64312a453b075f9de","name":"Lucas Rodrigues","image":{"@type":"ImageObject","inLanguage":"pt-BR","@id":"https:\/\/secure.gravatar.com\/avatar\/0ad9c966c6ed3335d7fffe2c3b88880dd298c0817b71e20a6955c38f2a53f746?s=96&d=mm&r=g","url":"https:\/\/secure.gravatar.com\/avatar\/0ad9c966c6ed3335d7fffe2c3b88880dd298c0817b71e20a6955c38f2a53f746?s=96&d=mm&r=g","contentUrl":"https:\/\/secure.gravatar.com\/avatar\/0ad9c966c6ed3335d7fffe2c3b88880dd298c0817b71e20a6955c38f2a53f746?s=96&d=mm&r=g","caption":"Lucas Rodrigues"},"url":"https:\/\/salesianossp.org.br\/ositaquera\/author\/lucas-rodrigues\/"}]}},"_links":{"self":[{"href":"https:\/\/salesianossp.org.br\/ositaquera\/wp-json\/wp\/v2\/posts\/4606","targetHints":{"allow":["GET"]}}],"collection":[{"href":"https:\/\/salesianossp.org.br\/ositaquera\/wp-json\/wp\/v2\/posts"}],"about":[{"href":"https:\/\/salesianossp.org.br\/ositaquera\/wp-json\/wp\/v2\/types\/post"}],"author":[{"embeddable":true,"href":"https:\/\/salesianossp.org.br\/ositaquera\/wp-json\/wp\/v2\/users\/27"}],"replies":[{"embeddable":true,"href":"https:\/\/salesianossp.org.br\/ositaquera\/wp-json\/wp\/v2\/comments?post=4606"}],"version-history":[{"count":0,"href":"https:\/\/salesianossp.org.br\/ositaquera\/wp-json\/wp\/v2\/posts\/4606\/revisions"}],"wp:featuredmedia":[{"embeddable":true,"href":"https:\/\/salesianossp.org.br\/ositaquera\/wp-json\/wp\/v2\/media\/4616"}],"wp:attachment":[{"href":"https:\/\/salesianossp.org.br\/ositaquera\/wp-json\/wp\/v2\/media?parent=4606"}],"wp:term":[{"taxonomy":"category","embeddable":true,"href":"https:\/\/salesianossp.org.br\/ositaquera\/wp-json\/wp\/v2\/categories?post=4606"},{"taxonomy":"post_tag","embeddable":true,"href":"https:\/\/salesianossp.org.br\/ositaquera\/wp-json\/wp\/v2\/tags?post=4606"}],"curies":[{"name":"wp","href":"https:\/\/api.w.org\/{rel}","templated":true}]}}