{"id":4692,"date":"2021-12-13T17:45:34","date_gmt":"2021-12-13T20:45:34","guid":{"rendered":"https:\/\/salesianossp.org.br\/ositaquera\/?p=4692"},"modified":"2021-12-13T17:45:34","modified_gmt":"2021-12-13T20:45:34","slug":"tcc-mecatronica-obra-social-dom-bosco-e-etec-martin-luther-king","status":"publish","type":"post","link":"https:\/\/salesianossp.org.br\/ositaquera\/tcc-mecatronica-obra-social-dom-bosco-e-etec-martin-luther-king\/","title":{"rendered":"TCC Mecatr\u00f4nica Obra Social Dom Bosco e ETEC Martin Luther King"},"content":{"rendered":"\n<p>Aconteceu nos dias 29.11.2021 a 02.12.2021, apresenta\u00e7\u00e3o de conclus\u00e3o do curso Mecatr\u00f4nica dos educandos da Obra Social Dom Bosco &#8211; Itaquera. O evento foi realizado na ETEC Martin Luther King, localizada na rua Apucarana, Tatuap\u00e9, S\u00e3o Paulo- SP.<br>Os temas de apresenta\u00e7\u00e3o foram:<br>Dispositivo automatizado para auxiliar a locomo\u00e7\u00e3o de deficientes visuais.<br>Esterilizadora para utens\u00edlios de cozinha.<br>Devemos ressaltar que 7 educandos da Obra Social Dom Bosco tiveram a conclus\u00e3o do curso e foram aprovados pelos gestores da Etec Martin Luther King, com emiss\u00e3o de certifica\u00e7\u00e3o do Centro Paula Souza.<br>A Obra Social Dom Bosco parabeniza os seus educandos que acreditaram e com empenho conclu\u00edram mais uma etapa de suas vidas. N\u00e3o podemos deixar de agradecer tamb\u00e9m os educadores que com muita sabedoria acompanharam e orientaram nossos educandos. Muito obrigado a todos. <\/p>\n\n\n\n<figure class=\"wp-block-gallery columns-3 is-cropped wp-block-gallery-1 is-layout-flex wp-block-gallery-is-layout-flex\"><ul class=\"blocks-gallery-grid\"><li class=\"blocks-gallery-item\"><figure><img decoding=\"async\" src=\"https:\/\/salesianossp.org.br\/ositaquera\/wp-content\/uploads\/2021\/12\/WhatsApp-Image-2021-12-06-at-16.31.46-1024x768.jpeg\" alt=\"\" data-id=\"4697\" data-full-url=\"https:\/\/salesianossp.org.br\/ositaquera\/wp-content\/uploads\/2021\/12\/WhatsApp-Image-2021-12-06-at-16.31.46-e1639428316420.jpeg\" data-link=\"https:\/\/salesianossp.org.br\/ositaquera\/tcc-mecatronica-obra-social-dom-bosco-e-etec-martin-luther-king\/whatsapp-image-2021-12-06-at-16-31-46\/\" class=\"wp-image-4697\"\/><\/figure><\/li><li class=\"blocks-gallery-item\"><figure><img decoding=\"async\" src=\"https:\/\/salesianossp.org.br\/ositaquera\/wp-content\/uploads\/2021\/12\/WhatsApp-Image-2021-12-06-at-16.31.51-1024x1024.jpeg\" alt=\"\" data-id=\"4696\" data-full-url=\"https:\/\/salesianossp.org.br\/ositaquera\/wp-content\/uploads\/2021\/12\/WhatsApp-Image-2021-12-06-at-16.31.51.jpeg\" data-link=\"https:\/\/salesianossp.org.br\/ositaquera\/tcc-mecatronica-obra-social-dom-bosco-e-etec-martin-luther-king\/whatsapp-image-2021-12-06-at-16-31-51\/\" class=\"wp-image-4696\"\/><\/figure><\/li><li class=\"blocks-gallery-item\"><figure><img decoding=\"async\" src=\"https:\/\/salesianossp.org.br\/ositaquera\/wp-content\/uploads\/2021\/12\/WhatsApp-Image-2021-12-06-at-16.31.47-2-1024x1024.jpeg\" alt=\"\" data-id=\"4694\" data-full-url=\"https:\/\/salesianossp.org.br\/ositaquera\/wp-content\/uploads\/2021\/12\/WhatsApp-Image-2021-12-06-at-16.31.47-2.jpeg\" data-link=\"https:\/\/salesianossp.org.br\/ositaquera\/tcc-mecatronica-obra-social-dom-bosco-e-etec-martin-luther-king\/whatsapp-image-2021-12-06-at-16-31-47-2\/\" class=\"wp-image-4694\"\/><\/figure><\/li><li class=\"blocks-gallery-item\"><figure><img decoding=\"async\" src=\"https:\/\/salesianossp.org.br\/ositaquera\/wp-content\/uploads\/2021\/12\/WhatsApp-Image-2021-12-06-at-16.31.46-1-1024x1024.jpeg\" alt=\"\" data-id=\"4693\" data-full-url=\"https:\/\/salesianossp.org.br\/ositaquera\/wp-content\/uploads\/2021\/12\/WhatsApp-Image-2021-12-06-at-16.31.46-1.jpeg\" data-link=\"https:\/\/salesianossp.org.br\/ositaquera\/tcc-mecatronica-obra-social-dom-bosco-e-etec-martin-luther-king\/whatsapp-image-2021-12-06-at-16-31-46-1\/\" class=\"wp-image-4693\"\/><\/figure><\/li><li class=\"blocks-gallery-item\"><figure><img decoding=\"async\" src=\"https:\/\/salesianossp.org.br\/ositaquera\/wp-content\/uploads\/2021\/12\/WhatsApp-Image-2021-12-06-at-16.31.47-3-1024x1024.jpeg\" alt=\"\" data-id=\"4695\" data-full-url=\"https:\/\/salesianossp.org.br\/ositaquera\/wp-content\/uploads\/2021\/12\/WhatsApp-Image-2021-12-06-at-16.31.47-3.jpeg\" data-link=\"https:\/\/salesianossp.org.br\/ositaquera\/tcc-mecatronica-obra-social-dom-bosco-e-etec-martin-luther-king\/whatsapp-image-2021-12-06-at-16-31-47-3\/\" class=\"wp-image-4695\"\/><\/figure><\/li><li class=\"blocks-gallery-item\"><figure><img fetchpriority=\"high\" decoding=\"async\" width=\"1024\" height=\"461\" src=\"https:\/\/salesianossp.org.br\/ositaquera\/wp-content\/uploads\/2021\/12\/WhatsApp-Image-2021-12-14-at-21.29.20-1024x461.jpeg\" alt=\"\" data-id=\"4700\" data-full-url=\"https:\/\/salesianossp.org.br\/ositaquera\/wp-content\/uploads\/2021\/12\/WhatsApp-Image-2021-12-14-at-21.29.20.jpeg\" data-link=\"https:\/\/salesianossp.org.br\/ositaquera\/tcc-mecatronica-obra-social-dom-bosco-e-etec-martin-luther-king\/whatsapp-image-2021-12-14-at-21-29-20\/\" class=\"wp-image-4700\" srcset=\"https:\/\/salesianossp.org.br\/ositaquera\/wp-content\/uploads\/2021\/12\/WhatsApp-Image-2021-12-14-at-21.29.20-1024x461.jpeg 1024w, https:\/\/salesianossp.org.br\/ositaquera\/wp-content\/uploads\/2021\/12\/WhatsApp-Image-2021-12-14-at-21.29.20-300x135.jpeg 300w, https:\/\/salesianossp.org.br\/ositaquera\/wp-content\/uploads\/2021\/12\/WhatsApp-Image-2021-12-14-at-21.29.20-768x346.jpeg 768w, https:\/\/salesianossp.org.br\/ositaquera\/wp-content\/uploads\/2021\/12\/WhatsApp-Image-2021-12-14-at-21.29.20-1536x692.jpeg 1536w, https:\/\/salesianossp.org.br\/ositaquera\/wp-content\/uploads\/2021\/12\/WhatsApp-Image-2021-12-14-at-21.29.20.jpeg 1600w\" sizes=\"(max-width: 1024px) 100vw, 1024px\" \/><\/figure><\/li><li class=\"blocks-gallery-item\"><figure><img decoding=\"async\" width=\"1024\" height=\"768\" src=\"https:\/\/salesianossp.org.br\/ositaquera\/wp-content\/uploads\/2021\/12\/WhatsApp-Image-2021-12-14-at-21.43.21-1024x768.jpeg\" alt=\"\" data-id=\"4701\" data-full-url=\"https:\/\/salesianossp.org.br\/ositaquera\/wp-content\/uploads\/2021\/12\/WhatsApp-Image-2021-12-14-at-21.43.21.jpeg\" data-link=\"https:\/\/salesianossp.org.br\/ositaquera\/tcc-mecatronica-obra-social-dom-bosco-e-etec-martin-luther-king\/whatsapp-image-2021-12-14-at-21-43-21\/\" class=\"wp-image-4701\" srcset=\"https:\/\/salesianossp.org.br\/ositaquera\/wp-content\/uploads\/2021\/12\/WhatsApp-Image-2021-12-14-at-21.43.21-1024x768.jpeg 1024w, https:\/\/salesianossp.org.br\/ositaquera\/wp-content\/uploads\/2021\/12\/WhatsApp-Image-2021-12-14-at-21.43.21-300x225.jpeg 300w, https:\/\/salesianossp.org.br\/ositaquera\/wp-content\/uploads\/2021\/12\/WhatsApp-Image-2021-12-14-at-21.43.21-768x576.jpeg 768w, https:\/\/salesianossp.org.br\/ositaquera\/wp-content\/uploads\/2021\/12\/WhatsApp-Image-2021-12-14-at-21.43.21-1536x1152.jpeg 1536w, https:\/\/salesianossp.org.br\/ositaquera\/wp-content\/uploads\/2021\/12\/WhatsApp-Image-2021-12-14-at-21.43.21.jpeg 1600w\" sizes=\"(max-width: 1024px) 100vw, 1024px\" \/><\/figure><\/li><\/ul><\/figure>\n","protected":false},"excerpt":{"rendered":"<p>Aconteceu nos dias 29.11.2021 a 02.12.2021, apresenta\u00e7\u00e3o de conclus\u00e3o do curso Mecatr\u00f4nica dos educandos da Obra Social Dom Bosco &#8211; Itaquera. O evento foi realizado na ETEC Martin Luther King, localizada na rua Apucarana, Tatuap\u00e9, S\u00e3o Paulo- SP.Os temas de apresenta\u00e7\u00e3o foram:Dispositivo automatizado para auxiliar a locomo\u00e7\u00e3o de deficientes visuais.Esterilizadora para utens\u00edlios de cozinha.Devemos ressaltar [&hellip;]<\/p>\n","protected":false},"author":27,"featured_media":4697,"comment_status":"open","ping_status":"open","sticky":false,"template":"","format":"standard","meta":{"footnotes":""},"categories":[59],"tags":[],"class_list":["post-4692","post","type-post","status-publish","format-standard","has-post-thumbnail","hentry","category-noticias"],"yoast_head":"<!-- This site is optimized with the Yoast SEO plugin v27.4 - https:\/\/yoast.com\/product\/yoast-seo-wordpress\/ -->\n<title>TCC Mecatr\u00f4nica Obra Social Dom Bosco e ETEC Martin Luther King - Obra Social Dom Bosco<\/title>\n<meta name=\"robots\" content=\"index, follow, max-snippet:-1, max-image-preview:large, max-video-preview:-1\" \/>\n<link rel=\"canonical\" href=\"https:\/\/salesianossp.org.br\/ositaquera\/tcc-mecatronica-obra-social-dom-bosco-e-etec-martin-luther-king\/\" \/>\n<meta property=\"og:locale\" content=\"pt_BR\" \/>\n<meta property=\"og:type\" content=\"article\" \/>\n<meta property=\"og:title\" content=\"TCC Mecatr\u00f4nica Obra Social Dom Bosco e ETEC Martin Luther King - Obra Social Dom Bosco\" \/>\n<meta property=\"og:description\" content=\"Aconteceu nos dias 29.11.2021 a 02.12.2021, apresenta\u00e7\u00e3o de conclus\u00e3o do curso Mecatr\u00f4nica dos educandos da Obra Social Dom Bosco &#8211; Itaquera. O evento foi realizado na ETEC Martin Luther King, localizada na rua Apucarana, Tatuap\u00e9, S\u00e3o Paulo- SP.Os temas de apresenta\u00e7\u00e3o foram:Dispositivo automatizado para auxiliar a locomo\u00e7\u00e3o de deficientes visuais.Esterilizadora para utens\u00edlios de cozinha.Devemos ressaltar [&hellip;]\" \/>\n<meta property=\"og:url\" content=\"https:\/\/salesianossp.org.br\/ositaquera\/tcc-mecatronica-obra-social-dom-bosco-e-etec-martin-luther-king\/\" \/>\n<meta property=\"og:site_name\" content=\"Obra Social Dom Bosco\" \/>\n<meta property=\"article:publisher\" content=\"https:\/\/www.facebook.com\/domboscoitaquera\" \/>\n<meta property=\"article:published_time\" content=\"2021-12-13T20:45:34+00:00\" \/>\n<meta property=\"og:image\" content=\"https:\/\/salesianossp.org.br\/ositaquera\/wp-content\/uploads\/2021\/12\/WhatsApp-Image-2021-12-06-at-16.31.46-e1639428316420.jpeg\" \/>\n\t<meta property=\"og:image:width\" content=\"1011\" \/>\n\t<meta property=\"og:image:height\" content=\"476\" \/>\n\t<meta property=\"og:image:type\" content=\"image\/jpeg\" \/>\n<meta name=\"author\" content=\"Lucas Rodrigues\" \/>\n<meta name=\"twitter:card\" content=\"summary_large_image\" \/>\n<meta name=\"twitter:label1\" content=\"Escrito por\" \/>\n\t<meta name=\"twitter:data1\" content=\"Lucas Rodrigues\" \/>\n\t<meta name=\"twitter:label2\" content=\"Est. tempo de leitura\" \/>\n\t<meta name=\"twitter:data2\" content=\"1 minuto\" \/>\n<script type=\"application\/ld+json\" class=\"yoast-schema-graph\">{\"@context\":\"https:\\\/\\\/schema.org\",\"@graph\":[{\"@type\":\"Article\",\"@id\":\"https:\\\/\\\/salesianossp.org.br\\\/ositaquera\\\/tcc-mecatronica-obra-social-dom-bosco-e-etec-martin-luther-king\\\/#article\",\"isPartOf\":{\"@id\":\"https:\\\/\\\/salesianossp.org.br\\\/ositaquera\\\/tcc-mecatronica-obra-social-dom-bosco-e-etec-martin-luther-king\\\/\"},\"author\":{\"name\":\"Lucas Rodrigues\",\"@id\":\"https:\\\/\\\/salesianossp.org.br\\\/ositaquera\\\/#\\\/schema\\\/person\\\/612e159822bfeed64312a453b075f9de\"},\"headline\":\"TCC Mecatr\u00f4nica Obra Social Dom Bosco e ETEC Martin Luther King\",\"datePublished\":\"2021-12-13T20:45:34+00:00\",\"mainEntityOfPage\":{\"@id\":\"https:\\\/\\\/salesianossp.org.br\\\/ositaquera\\\/tcc-mecatronica-obra-social-dom-bosco-e-etec-martin-luther-king\\\/\"},\"wordCount\":154,\"commentCount\":2,\"publisher\":{\"@id\":\"https:\\\/\\\/salesianossp.org.br\\\/ositaquera\\\/#organization\"},\"image\":{\"@id\":\"https:\\\/\\\/salesianossp.org.br\\\/ositaquera\\\/tcc-mecatronica-obra-social-dom-bosco-e-etec-martin-luther-king\\\/#primaryimage\"},\"thumbnailUrl\":\"https:\\\/\\\/salesianossp.org.br\\\/ositaquera\\\/wp-content\\\/uploads\\\/2021\\\/12\\\/WhatsApp-Image-2021-12-06-at-16.31.46-e1639428316420.jpeg\",\"articleSection\":[\"Not\u00edcias\"],\"inLanguage\":\"pt-BR\",\"potentialAction\":[{\"@type\":\"CommentAction\",\"name\":\"Comment\",\"target\":[\"https:\\\/\\\/salesianossp.org.br\\\/ositaquera\\\/tcc-mecatronica-obra-social-dom-bosco-e-etec-martin-luther-king\\\/#respond\"]}]},{\"@type\":\"WebPage\",\"@id\":\"https:\\\/\\\/salesianossp.org.br\\\/ositaquera\\\/tcc-mecatronica-obra-social-dom-bosco-e-etec-martin-luther-king\\\/\",\"url\":\"https:\\\/\\\/salesianossp.org.br\\\/ositaquera\\\/tcc-mecatronica-obra-social-dom-bosco-e-etec-martin-luther-king\\\/\",\"name\":\"TCC Mecatr\u00f4nica Obra Social Dom Bosco e ETEC Martin Luther King - Obra Social Dom Bosco\",\"isPartOf\":{\"@id\":\"https:\\\/\\\/salesianossp.org.br\\\/ositaquera\\\/#website\"},\"primaryImageOfPage\":{\"@id\":\"https:\\\/\\\/salesianossp.org.br\\\/ositaquera\\\/tcc-mecatronica-obra-social-dom-bosco-e-etec-martin-luther-king\\\/#primaryimage\"},\"image\":{\"@id\":\"https:\\\/\\\/salesianossp.org.br\\\/ositaquera\\\/tcc-mecatronica-obra-social-dom-bosco-e-etec-martin-luther-king\\\/#primaryimage\"},\"thumbnailUrl\":\"https:\\\/\\\/salesianossp.org.br\\\/ositaquera\\\/wp-content\\\/uploads\\\/2021\\\/12\\\/WhatsApp-Image-2021-12-06-at-16.31.46-e1639428316420.jpeg\",\"datePublished\":\"2021-12-13T20:45:34+00:00\",\"breadcrumb\":{\"@id\":\"https:\\\/\\\/salesianossp.org.br\\\/ositaquera\\\/tcc-mecatronica-obra-social-dom-bosco-e-etec-martin-luther-king\\\/#breadcrumb\"},\"inLanguage\":\"pt-BR\",\"potentialAction\":[{\"@type\":\"ReadAction\",\"target\":[\"https:\\\/\\\/salesianossp.org.br\\\/ositaquera\\\/tcc-mecatronica-obra-social-dom-bosco-e-etec-martin-luther-king\\\/\"]}]},{\"@type\":\"ImageObject\",\"inLanguage\":\"pt-BR\",\"@id\":\"https:\\\/\\\/salesianossp.org.br\\\/ositaquera\\\/tcc-mecatronica-obra-social-dom-bosco-e-etec-martin-luther-king\\\/#primaryimage\",\"url\":\"https:\\\/\\\/salesianossp.org.br\\\/ositaquera\\\/wp-content\\\/uploads\\\/2021\\\/12\\\/WhatsApp-Image-2021-12-06-at-16.31.46-e1639428316420.jpeg\",\"contentUrl\":\"https:\\\/\\\/salesianossp.org.br\\\/ositaquera\\\/wp-content\\\/uploads\\\/2021\\\/12\\\/WhatsApp-Image-2021-12-06-at-16.31.46-e1639428316420.jpeg\",\"width\":1011,\"height\":476},{\"@type\":\"BreadcrumbList\",\"@id\":\"https:\\\/\\\/salesianossp.org.br\\\/ositaquera\\\/tcc-mecatronica-obra-social-dom-bosco-e-etec-martin-luther-king\\\/#breadcrumb\",\"itemListElement\":[{\"@type\":\"ListItem\",\"position\":1,\"name\":\"In\u00edcio\",\"item\":\"https:\\\/\\\/salesianossp.org.br\\\/ositaquera\\\/\"},{\"@type\":\"ListItem\",\"position\":2,\"name\":\"TCC Mecatr\u00f4nica Obra Social Dom Bosco e ETEC Martin Luther King\"}]},{\"@type\":\"WebSite\",\"@id\":\"https:\\\/\\\/salesianossp.org.br\\\/ositaquera\\\/#website\",\"url\":\"https:\\\/\\\/salesianossp.org.br\\\/ositaquera\\\/\",\"name\":\"Obra Social Dom Bosco\",\"description\":\"\",\"publisher\":{\"@id\":\"https:\\\/\\\/salesianossp.org.br\\\/ositaquera\\\/#organization\"},\"potentialAction\":[{\"@type\":\"SearchAction\",\"target\":{\"@type\":\"EntryPoint\",\"urlTemplate\":\"https:\\\/\\\/salesianossp.org.br\\\/ositaquera\\\/?s={search_term_string}\"},\"query-input\":{\"@type\":\"PropertyValueSpecification\",\"valueRequired\":true,\"valueName\":\"search_term_string\"}}],\"inLanguage\":\"pt-BR\"},{\"@type\":\"Organization\",\"@id\":\"https:\\\/\\\/salesianossp.org.br\\\/ositaquera\\\/#organization\",\"name\":\"Obra Social Dom Bosco\",\"url\":\"https:\\\/\\\/salesianossp.org.br\\\/ositaquera\\\/\",\"logo\":{\"@type\":\"ImageObject\",\"inLanguage\":\"pt-BR\",\"@id\":\"https:\\\/\\\/salesianossp.org.br\\\/ositaquera\\\/#\\\/schema\\\/logo\\\/image\\\/\",\"url\":\"https:\\\/\\\/salesianossp.org.br\\\/ositaquera\\\/wp-content\\\/uploads\\\/2024\\\/03\\\/logo-obra-social-dom-bosco-itaquera-h-scaled.png\",\"contentUrl\":\"https:\\\/\\\/salesianossp.org.br\\\/ositaquera\\\/wp-content\\\/uploads\\\/2024\\\/03\\\/logo-obra-social-dom-bosco-itaquera-h-scaled.png\",\"width\":2560,\"height\":672,\"caption\":\"Obra Social Dom Bosco\"},\"image\":{\"@id\":\"https:\\\/\\\/salesianossp.org.br\\\/ositaquera\\\/#\\\/schema\\\/logo\\\/image\\\/\"},\"sameAs\":[\"https:\\\/\\\/www.facebook.com\\\/domboscoitaquera\",\"https:\\\/\\\/br.linkedin.com\\\/company\\\/domboscoitaquera\",\"https:\\\/\\\/www.youtube.com\\\/channel\\\/UCMIUZW8mqlpEbP7Dy02veOw\",\"https:\\\/\\\/www.instagram.com\\\/obradombosco\\\/\"]},{\"@type\":\"Person\",\"@id\":\"https:\\\/\\\/salesianossp.org.br\\\/ositaquera\\\/#\\\/schema\\\/person\\\/612e159822bfeed64312a453b075f9de\",\"name\":\"Lucas Rodrigues\",\"image\":{\"@type\":\"ImageObject\",\"inLanguage\":\"pt-BR\",\"@id\":\"https:\\\/\\\/secure.gravatar.com\\\/avatar\\\/0ad9c966c6ed3335d7fffe2c3b88880dd298c0817b71e20a6955c38f2a53f746?s=96&d=mm&r=g\",\"url\":\"https:\\\/\\\/secure.gravatar.com\\\/avatar\\\/0ad9c966c6ed3335d7fffe2c3b88880dd298c0817b71e20a6955c38f2a53f746?s=96&d=mm&r=g\",\"contentUrl\":\"https:\\\/\\\/secure.gravatar.com\\\/avatar\\\/0ad9c966c6ed3335d7fffe2c3b88880dd298c0817b71e20a6955c38f2a53f746?s=96&d=mm&r=g\",\"caption\":\"Lucas Rodrigues\"},\"url\":\"https:\\\/\\\/salesianossp.org.br\\\/ositaquera\\\/author\\\/lucas-rodrigues\\\/\"}]}<\/script>\n<!-- \/ Yoast SEO plugin. -->","yoast_head_json":{"title":"TCC Mecatr\u00f4nica Obra Social Dom Bosco e ETEC Martin Luther King - Obra Social Dom Bosco","robots":{"index":"index","follow":"follow","max-snippet":"max-snippet:-1","max-image-preview":"max-image-preview:large","max-video-preview":"max-video-preview:-1"},"canonical":"https:\/\/salesianossp.org.br\/ositaquera\/tcc-mecatronica-obra-social-dom-bosco-e-etec-martin-luther-king\/","og_locale":"pt_BR","og_type":"article","og_title":"TCC Mecatr\u00f4nica Obra Social Dom Bosco e ETEC Martin Luther King - Obra Social Dom Bosco","og_description":"Aconteceu nos dias 29.11.2021 a 02.12.2021, apresenta\u00e7\u00e3o de conclus\u00e3o do curso Mecatr\u00f4nica dos educandos da Obra Social Dom Bosco &#8211; Itaquera. O evento foi realizado na ETEC Martin Luther King, localizada na rua Apucarana, Tatuap\u00e9, S\u00e3o Paulo- SP.Os temas de apresenta\u00e7\u00e3o foram:Dispositivo automatizado para auxiliar a locomo\u00e7\u00e3o de deficientes visuais.Esterilizadora para utens\u00edlios de cozinha.Devemos ressaltar [&hellip;]","og_url":"https:\/\/salesianossp.org.br\/ositaquera\/tcc-mecatronica-obra-social-dom-bosco-e-etec-martin-luther-king\/","og_site_name":"Obra Social Dom Bosco","article_publisher":"https:\/\/www.facebook.com\/domboscoitaquera","article_published_time":"2021-12-13T20:45:34+00:00","og_image":[{"width":1011,"height":476,"url":"https:\/\/salesianossp.org.br\/ositaquera\/wp-content\/uploads\/2021\/12\/WhatsApp-Image-2021-12-06-at-16.31.46-e1639428316420.jpeg","type":"image\/jpeg"}],"author":"Lucas Rodrigues","twitter_card":"summary_large_image","twitter_misc":{"Escrito por":"Lucas Rodrigues","Est. tempo de leitura":"1 minuto"},"schema":{"@context":"https:\/\/schema.org","@graph":[{"@type":"Article","@id":"https:\/\/salesianossp.org.br\/ositaquera\/tcc-mecatronica-obra-social-dom-bosco-e-etec-martin-luther-king\/#article","isPartOf":{"@id":"https:\/\/salesianossp.org.br\/ositaquera\/tcc-mecatronica-obra-social-dom-bosco-e-etec-martin-luther-king\/"},"author":{"name":"Lucas Rodrigues","@id":"https:\/\/salesianossp.org.br\/ositaquera\/#\/schema\/person\/612e159822bfeed64312a453b075f9de"},"headline":"TCC Mecatr\u00f4nica Obra Social Dom Bosco e ETEC Martin Luther King","datePublished":"2021-12-13T20:45:34+00:00","mainEntityOfPage":{"@id":"https:\/\/salesianossp.org.br\/ositaquera\/tcc-mecatronica-obra-social-dom-bosco-e-etec-martin-luther-king\/"},"wordCount":154,"commentCount":2,"publisher":{"@id":"https:\/\/salesianossp.org.br\/ositaquera\/#organization"},"image":{"@id":"https:\/\/salesianossp.org.br\/ositaquera\/tcc-mecatronica-obra-social-dom-bosco-e-etec-martin-luther-king\/#primaryimage"},"thumbnailUrl":"https:\/\/salesianossp.org.br\/ositaquera\/wp-content\/uploads\/2021\/12\/WhatsApp-Image-2021-12-06-at-16.31.46-e1639428316420.jpeg","articleSection":["Not\u00edcias"],"inLanguage":"pt-BR","potentialAction":[{"@type":"CommentAction","name":"Comment","target":["https:\/\/salesianossp.org.br\/ositaquera\/tcc-mecatronica-obra-social-dom-bosco-e-etec-martin-luther-king\/#respond"]}]},{"@type":"WebPage","@id":"https:\/\/salesianossp.org.br\/ositaquera\/tcc-mecatronica-obra-social-dom-bosco-e-etec-martin-luther-king\/","url":"https:\/\/salesianossp.org.br\/ositaquera\/tcc-mecatronica-obra-social-dom-bosco-e-etec-martin-luther-king\/","name":"TCC Mecatr\u00f4nica Obra Social Dom Bosco e ETEC Martin Luther King - Obra Social Dom Bosco","isPartOf":{"@id":"https:\/\/salesianossp.org.br\/ositaquera\/#website"},"primaryImageOfPage":{"@id":"https:\/\/salesianossp.org.br\/ositaquera\/tcc-mecatronica-obra-social-dom-bosco-e-etec-martin-luther-king\/#primaryimage"},"image":{"@id":"https:\/\/salesianossp.org.br\/ositaquera\/tcc-mecatronica-obra-social-dom-bosco-e-etec-martin-luther-king\/#primaryimage"},"thumbnailUrl":"https:\/\/salesianossp.org.br\/ositaquera\/wp-content\/uploads\/2021\/12\/WhatsApp-Image-2021-12-06-at-16.31.46-e1639428316420.jpeg","datePublished":"2021-12-13T20:45:34+00:00","breadcrumb":{"@id":"https:\/\/salesianossp.org.br\/ositaquera\/tcc-mecatronica-obra-social-dom-bosco-e-etec-martin-luther-king\/#breadcrumb"},"inLanguage":"pt-BR","potentialAction":[{"@type":"ReadAction","target":["https:\/\/salesianossp.org.br\/ositaquera\/tcc-mecatronica-obra-social-dom-bosco-e-etec-martin-luther-king\/"]}]},{"@type":"ImageObject","inLanguage":"pt-BR","@id":"https:\/\/salesianossp.org.br\/ositaquera\/tcc-mecatronica-obra-social-dom-bosco-e-etec-martin-luther-king\/#primaryimage","url":"https:\/\/salesianossp.org.br\/ositaquera\/wp-content\/uploads\/2021\/12\/WhatsApp-Image-2021-12-06-at-16.31.46-e1639428316420.jpeg","contentUrl":"https:\/\/salesianossp.org.br\/ositaquera\/wp-content\/uploads\/2021\/12\/WhatsApp-Image-2021-12-06-at-16.31.46-e1639428316420.jpeg","width":1011,"height":476},{"@type":"BreadcrumbList","@id":"https:\/\/salesianossp.org.br\/ositaquera\/tcc-mecatronica-obra-social-dom-bosco-e-etec-martin-luther-king\/#breadcrumb","itemListElement":[{"@type":"ListItem","position":1,"name":"In\u00edcio","item":"https:\/\/salesianossp.org.br\/ositaquera\/"},{"@type":"ListItem","position":2,"name":"TCC Mecatr\u00f4nica Obra Social Dom Bosco e ETEC Martin Luther King"}]},{"@type":"WebSite","@id":"https:\/\/salesianossp.org.br\/ositaquera\/#website","url":"https:\/\/salesianossp.org.br\/ositaquera\/","name":"Obra Social Dom Bosco","description":"","publisher":{"@id":"https:\/\/salesianossp.org.br\/ositaquera\/#organization"},"potentialAction":[{"@type":"SearchAction","target":{"@type":"EntryPoint","urlTemplate":"https:\/\/salesianossp.org.br\/ositaquera\/?s={search_term_string}"},"query-input":{"@type":"PropertyValueSpecification","valueRequired":true,"valueName":"search_term_string"}}],"inLanguage":"pt-BR"},{"@type":"Organization","@id":"https:\/\/salesianossp.org.br\/ositaquera\/#organization","name":"Obra Social Dom Bosco","url":"https:\/\/salesianossp.org.br\/ositaquera\/","logo":{"@type":"ImageObject","inLanguage":"pt-BR","@id":"https:\/\/salesianossp.org.br\/ositaquera\/#\/schema\/logo\/image\/","url":"https:\/\/salesianossp.org.br\/ositaquera\/wp-content\/uploads\/2024\/03\/logo-obra-social-dom-bosco-itaquera-h-scaled.png","contentUrl":"https:\/\/salesianossp.org.br\/ositaquera\/wp-content\/uploads\/2024\/03\/logo-obra-social-dom-bosco-itaquera-h-scaled.png","width":2560,"height":672,"caption":"Obra Social Dom Bosco"},"image":{"@id":"https:\/\/salesianossp.org.br\/ositaquera\/#\/schema\/logo\/image\/"},"sameAs":["https:\/\/www.facebook.com\/domboscoitaquera","https:\/\/br.linkedin.com\/company\/domboscoitaquera","https:\/\/www.youtube.com\/channel\/UCMIUZW8mqlpEbP7Dy02veOw","https:\/\/www.instagram.com\/obradombosco\/"]},{"@type":"Person","@id":"https:\/\/salesianossp.org.br\/ositaquera\/#\/schema\/person\/612e159822bfeed64312a453b075f9de","name":"Lucas Rodrigues","image":{"@type":"ImageObject","inLanguage":"pt-BR","@id":"https:\/\/secure.gravatar.com\/avatar\/0ad9c966c6ed3335d7fffe2c3b88880dd298c0817b71e20a6955c38f2a53f746?s=96&d=mm&r=g","url":"https:\/\/secure.gravatar.com\/avatar\/0ad9c966c6ed3335d7fffe2c3b88880dd298c0817b71e20a6955c38f2a53f746?s=96&d=mm&r=g","contentUrl":"https:\/\/secure.gravatar.com\/avatar\/0ad9c966c6ed3335d7fffe2c3b88880dd298c0817b71e20a6955c38f2a53f746?s=96&d=mm&r=g","caption":"Lucas Rodrigues"},"url":"https:\/\/salesianossp.org.br\/ositaquera\/author\/lucas-rodrigues\/"}]}},"_links":{"self":[{"href":"https:\/\/salesianossp.org.br\/ositaquera\/wp-json\/wp\/v2\/posts\/4692","targetHints":{"allow":["GET"]}}],"collection":[{"href":"https:\/\/salesianossp.org.br\/ositaquera\/wp-json\/wp\/v2\/posts"}],"about":[{"href":"https:\/\/salesianossp.org.br\/ositaquera\/wp-json\/wp\/v2\/types\/post"}],"author":[{"embeddable":true,"href":"https:\/\/salesianossp.org.br\/ositaquera\/wp-json\/wp\/v2\/users\/27"}],"replies":[{"embeddable":true,"href":"https:\/\/salesianossp.org.br\/ositaquera\/wp-json\/wp\/v2\/comments?post=4692"}],"version-history":[{"count":0,"href":"https:\/\/salesianossp.org.br\/ositaquera\/wp-json\/wp\/v2\/posts\/4692\/revisions"}],"wp:featuredmedia":[{"embeddable":true,"href":"https:\/\/salesianossp.org.br\/ositaquera\/wp-json\/wp\/v2\/media\/4697"}],"wp:attachment":[{"href":"https:\/\/salesianossp.org.br\/ositaquera\/wp-json\/wp\/v2\/media?parent=4692"}],"wp:term":[{"taxonomy":"category","embeddable":true,"href":"https:\/\/salesianossp.org.br\/ositaquera\/wp-json\/wp\/v2\/categories?post=4692"},{"taxonomy":"post_tag","embeddable":true,"href":"https:\/\/salesianossp.org.br\/ositaquera\/wp-json\/wp\/v2\/tags?post=4692"}],"curies":[{"name":"wp","href":"https:\/\/api.w.org\/{rel}","templated":true}]}}