{"id":4875,"date":"2022-02-21T18:21:34","date_gmt":"2022-02-21T21:21:34","guid":{"rendered":"https:\/\/salesianossp.org.br\/ositaquera\/?p=4875"},"modified":"2022-02-21T18:21:34","modified_gmt":"2022-02-21T21:21:34","slug":"vagas-para-inicio-imediato-mecanico-de-usinagem","status":"publish","type":"post","link":"https:\/\/salesianossp.org.br\/ositaquera\/vagas-para-inicio-imediato-mecanico-de-usinagem\/","title":{"rendered":"ABERTAS VAGAS PARA IN\u00cdCIO IMEDIATO NO CURSO DE MEC\u00c2NICO DE USINAGEM"},"content":{"rendered":"\n<div class=\"wp-block-image\"><figure class=\"aligncenter size-large is-resized\"><img fetchpriority=\"high\" decoding=\"async\" src=\"https:\/\/salesianossp.org.br\/ositaquera\/wp-content\/uploads\/2022\/02\/Meca%CC%82nico-de-Usinagem-886x1024.jpg\" alt=\"\" class=\"wp-image-4876\" width=\"805\" height=\"929\"\/><\/figure><\/div>\n\n\n\n<div style=\"height:100px\" aria-hidden=\"true\" class=\"wp-block-spacer\"><\/div>\n\n\n\n<p><\/p>\n\n\n\n<p>Dispon\u00edvel no per\u00edodo da tarde &#8211; das 13h30 \u00e0s 17h30 -, o curso de Mec\u00e2nico de Usinagem capacita o educando a usinar pe\u00e7as em materiais ferrosos e n\u00e3o ferrosos utilizando m\u00e1quinas-ferramentas convencionais, montagem dos conjuntos mec\u00e2nicos utilizando-se dos processos de ajustagem nos trabalhos individuais ou em grupos; controle de medidas das pe\u00e7as usinadas, tudo de acordo com as normas t\u00e9cnicas, ambientais, de qualidade, de seguran\u00e7a e de sa\u00fade. <\/p>\n\n\n\n<p>O curso ainda possibilita a continuidade da forma\u00e7\u00e3o em Comandos Num\u00e9ricos Computadorizados (CNC) e Sistemas Automatizados | Mecatr\u00f4nica.<\/p>\n\n\n\n<p>Os interessados devem ter entre 16 e 59 anos de idade e comparecer na institui\u00e7\u00e3o com o RG e CPF, realizar o preenchimento da ficha de inscri\u00e7\u00e3o e prestar atividade de conhecimento em l\u00edngua portuguesa e matem\u00e1tica (n\u00edvel de 6\u00ba ano do ensino fundamental). <\/p>\n\n\n\n<p>Ap\u00f3s o processo, basta aguardar&nbsp; o retorno do Servi\u00e7o Social para a realiza\u00e7\u00e3o de entrevista e, posteriormente, ser novamente chamado para a entrega de documenta\u00e7\u00e3o adicional e a realiza\u00e7\u00e3o da matr\u00edcula.<\/p>\n\n\n\n<div style=\"height:100px\" aria-hidden=\"true\" class=\"wp-block-spacer\"><\/div>\n\n\n\n<p><strong>SERVI\u00c7O:<\/strong> A Obra Social Dom Bosco Itaquera (CEDESP) est\u00e1 situada na Rua \u00c1lvaro de Mendon\u00e7a, 456, em Itaquera, S\u00e3o Paulo \u2013 SP. Mais informa\u00e7\u00f5es no telefone: 11 2205-1100.<\/p>\n\n\n\n<p><\/p>\n","protected":false},"excerpt":{"rendered":"<p>Dispon\u00edvel no per\u00edodo da tarde, o curso capacita o educando a usinar pe\u00e7as em materiais ferrosos e n\u00e3o ferrosos e oferece continuidade da forma\u00e7\u00e3o em Comandos Num\u00e9ricos Computadorizados (CNC) e Sistemas Automatizados | Mecatr\u00f4nica.<\/p>\n","protected":false},"author":27,"featured_media":5010,"comment_status":"open","ping_status":"open","sticky":false,"template":"","format":"standard","meta":{"footnotes":""},"categories":[78,59,398],"tags":[],"class_list":["post-4875","post","type-post","status-publish","format-standard","has-post-thumbnail","hentry","category-institucional","category-noticias","category-vagas"],"yoast_head":"<!-- This site is optimized with the Yoast SEO plugin v27.4 - https:\/\/yoast.com\/product\/yoast-seo-wordpress\/ -->\n<title>ABERTAS VAGAS PARA IN\u00cdCIO IMEDIATO NO CURSO DE MEC\u00c2NICO DE USINAGEM - Obra Social Dom Bosco<\/title>\n<meta name=\"robots\" content=\"index, follow, max-snippet:-1, max-image-preview:large, max-video-preview:-1\" \/>\n<link rel=\"canonical\" href=\"https:\/\/salesianossp.org.br\/ositaquera\/vagas-para-inicio-imediato-mecanico-de-usinagem\/\" \/>\n<meta property=\"og:locale\" content=\"pt_BR\" \/>\n<meta property=\"og:type\" content=\"article\" \/>\n<meta property=\"og:title\" content=\"ABERTAS VAGAS PARA IN\u00cdCIO IMEDIATO NO CURSO DE MEC\u00c2NICO DE USINAGEM - Obra Social Dom Bosco\" \/>\n<meta property=\"og:description\" content=\"Dispon\u00edvel no per\u00edodo da tarde, o curso capacita o educando a usinar pe\u00e7as em materiais ferrosos e n\u00e3o ferrosos e oferece continuidade da forma\u00e7\u00e3o em Comandos Num\u00e9ricos Computadorizados (CNC) e Sistemas Automatizados | Mecatr\u00f4nica.\" \/>\n<meta property=\"og:url\" content=\"https:\/\/salesianossp.org.br\/ositaquera\/vagas-para-inicio-imediato-mecanico-de-usinagem\/\" \/>\n<meta property=\"og:site_name\" content=\"Obra Social Dom Bosco\" \/>\n<meta property=\"article:publisher\" content=\"https:\/\/www.facebook.com\/domboscoitaquera\" \/>\n<meta property=\"article:published_time\" content=\"2022-02-21T21:21:34+00:00\" \/>\n<meta property=\"og:image\" content=\"https:\/\/salesianossp.org.br\/ositaquera\/wp-content\/uploads\/2022\/02\/MECANICO-DE-USINAGEM-copy.png\" \/>\n\t<meta property=\"og:image:width\" content=\"945\" \/>\n\t<meta property=\"og:image:height\" content=\"945\" \/>\n\t<meta property=\"og:image:type\" content=\"image\/png\" \/>\n<meta name=\"author\" content=\"Lucas Rodrigues\" \/>\n<meta name=\"twitter:card\" content=\"summary_large_image\" \/>\n<meta name=\"twitter:label1\" content=\"Escrito por\" \/>\n\t<meta name=\"twitter:data1\" content=\"Lucas Rodrigues\" \/>\n\t<meta name=\"twitter:label2\" content=\"Est. tempo de leitura\" \/>\n\t<meta name=\"twitter:data2\" content=\"1 minuto\" \/>\n<script type=\"application\/ld+json\" class=\"yoast-schema-graph\">{\"@context\":\"https:\\\/\\\/schema.org\",\"@graph\":[{\"@type\":\"Article\",\"@id\":\"https:\\\/\\\/salesianossp.org.br\\\/ositaquera\\\/vagas-para-inicio-imediato-mecanico-de-usinagem\\\/#article\",\"isPartOf\":{\"@id\":\"https:\\\/\\\/salesianossp.org.br\\\/ositaquera\\\/vagas-para-inicio-imediato-mecanico-de-usinagem\\\/\"},\"author\":{\"name\":\"Lucas Rodrigues\",\"@id\":\"https:\\\/\\\/salesianossp.org.br\\\/ositaquera\\\/#\\\/schema\\\/person\\\/612e159822bfeed64312a453b075f9de\"},\"headline\":\"ABERTAS VAGAS PARA IN\u00cdCIO IMEDIATO NO CURSO DE MEC\u00c2NICO DE USINAGEM\",\"datePublished\":\"2022-02-21T21:21:34+00:00\",\"mainEntityOfPage\":{\"@id\":\"https:\\\/\\\/salesianossp.org.br\\\/ositaquera\\\/vagas-para-inicio-imediato-mecanico-de-usinagem\\\/\"},\"wordCount\":225,\"commentCount\":4,\"publisher\":{\"@id\":\"https:\\\/\\\/salesianossp.org.br\\\/ositaquera\\\/#organization\"},\"image\":{\"@id\":\"https:\\\/\\\/salesianossp.org.br\\\/ositaquera\\\/vagas-para-inicio-imediato-mecanico-de-usinagem\\\/#primaryimage\"},\"thumbnailUrl\":\"https:\\\/\\\/salesianossp.org.br\\\/ositaquera\\\/wp-content\\\/uploads\\\/2022\\\/02\\\/MECANICO-DE-USINAGEM-copy.png\",\"articleSection\":[\"Institucional\",\"Not\u00edcias\",\"Vagas\"],\"inLanguage\":\"pt-BR\",\"potentialAction\":[{\"@type\":\"CommentAction\",\"name\":\"Comment\",\"target\":[\"https:\\\/\\\/salesianossp.org.br\\\/ositaquera\\\/vagas-para-inicio-imediato-mecanico-de-usinagem\\\/#respond\"]}]},{\"@type\":\"WebPage\",\"@id\":\"https:\\\/\\\/salesianossp.org.br\\\/ositaquera\\\/vagas-para-inicio-imediato-mecanico-de-usinagem\\\/\",\"url\":\"https:\\\/\\\/salesianossp.org.br\\\/ositaquera\\\/vagas-para-inicio-imediato-mecanico-de-usinagem\\\/\",\"name\":\"ABERTAS VAGAS PARA IN\u00cdCIO IMEDIATO NO CURSO DE MEC\u00c2NICO DE USINAGEM - Obra Social Dom Bosco\",\"isPartOf\":{\"@id\":\"https:\\\/\\\/salesianossp.org.br\\\/ositaquera\\\/#website\"},\"primaryImageOfPage\":{\"@id\":\"https:\\\/\\\/salesianossp.org.br\\\/ositaquera\\\/vagas-para-inicio-imediato-mecanico-de-usinagem\\\/#primaryimage\"},\"image\":{\"@id\":\"https:\\\/\\\/salesianossp.org.br\\\/ositaquera\\\/vagas-para-inicio-imediato-mecanico-de-usinagem\\\/#primaryimage\"},\"thumbnailUrl\":\"https:\\\/\\\/salesianossp.org.br\\\/ositaquera\\\/wp-content\\\/uploads\\\/2022\\\/02\\\/MECANICO-DE-USINAGEM-copy.png\",\"datePublished\":\"2022-02-21T21:21:34+00:00\",\"breadcrumb\":{\"@id\":\"https:\\\/\\\/salesianossp.org.br\\\/ositaquera\\\/vagas-para-inicio-imediato-mecanico-de-usinagem\\\/#breadcrumb\"},\"inLanguage\":\"pt-BR\",\"potentialAction\":[{\"@type\":\"ReadAction\",\"target\":[\"https:\\\/\\\/salesianossp.org.br\\\/ositaquera\\\/vagas-para-inicio-imediato-mecanico-de-usinagem\\\/\"]}]},{\"@type\":\"ImageObject\",\"inLanguage\":\"pt-BR\",\"@id\":\"https:\\\/\\\/salesianossp.org.br\\\/ositaquera\\\/vagas-para-inicio-imediato-mecanico-de-usinagem\\\/#primaryimage\",\"url\":\"https:\\\/\\\/salesianossp.org.br\\\/ositaquera\\\/wp-content\\\/uploads\\\/2022\\\/02\\\/MECANICO-DE-USINAGEM-copy.png\",\"contentUrl\":\"https:\\\/\\\/salesianossp.org.br\\\/ositaquera\\\/wp-content\\\/uploads\\\/2022\\\/02\\\/MECANICO-DE-USINAGEM-copy.png\",\"width\":945,\"height\":945},{\"@type\":\"BreadcrumbList\",\"@id\":\"https:\\\/\\\/salesianossp.org.br\\\/ositaquera\\\/vagas-para-inicio-imediato-mecanico-de-usinagem\\\/#breadcrumb\",\"itemListElement\":[{\"@type\":\"ListItem\",\"position\":1,\"name\":\"In\u00edcio\",\"item\":\"https:\\\/\\\/salesianossp.org.br\\\/ositaquera\\\/\"},{\"@type\":\"ListItem\",\"position\":2,\"name\":\"ABERTAS VAGAS PARA IN\u00cdCIO IMEDIATO NO CURSO DE MEC\u00c2NICO DE USINAGEM\"}]},{\"@type\":\"WebSite\",\"@id\":\"https:\\\/\\\/salesianossp.org.br\\\/ositaquera\\\/#website\",\"url\":\"https:\\\/\\\/salesianossp.org.br\\\/ositaquera\\\/\",\"name\":\"Obra Social Dom Bosco\",\"description\":\"\",\"publisher\":{\"@id\":\"https:\\\/\\\/salesianossp.org.br\\\/ositaquera\\\/#organization\"},\"potentialAction\":[{\"@type\":\"SearchAction\",\"target\":{\"@type\":\"EntryPoint\",\"urlTemplate\":\"https:\\\/\\\/salesianossp.org.br\\\/ositaquera\\\/?s={search_term_string}\"},\"query-input\":{\"@type\":\"PropertyValueSpecification\",\"valueRequired\":true,\"valueName\":\"search_term_string\"}}],\"inLanguage\":\"pt-BR\"},{\"@type\":\"Organization\",\"@id\":\"https:\\\/\\\/salesianossp.org.br\\\/ositaquera\\\/#organization\",\"name\":\"Obra Social Dom Bosco\",\"url\":\"https:\\\/\\\/salesianossp.org.br\\\/ositaquera\\\/\",\"logo\":{\"@type\":\"ImageObject\",\"inLanguage\":\"pt-BR\",\"@id\":\"https:\\\/\\\/salesianossp.org.br\\\/ositaquera\\\/#\\\/schema\\\/logo\\\/image\\\/\",\"url\":\"https:\\\/\\\/salesianossp.org.br\\\/ositaquera\\\/wp-content\\\/uploads\\\/2024\\\/03\\\/logo-obra-social-dom-bosco-itaquera-h-scaled.png\",\"contentUrl\":\"https:\\\/\\\/salesianossp.org.br\\\/ositaquera\\\/wp-content\\\/uploads\\\/2024\\\/03\\\/logo-obra-social-dom-bosco-itaquera-h-scaled.png\",\"width\":2560,\"height\":672,\"caption\":\"Obra Social Dom Bosco\"},\"image\":{\"@id\":\"https:\\\/\\\/salesianossp.org.br\\\/ositaquera\\\/#\\\/schema\\\/logo\\\/image\\\/\"},\"sameAs\":[\"https:\\\/\\\/www.facebook.com\\\/domboscoitaquera\",\"https:\\\/\\\/br.linkedin.com\\\/company\\\/domboscoitaquera\",\"https:\\\/\\\/www.youtube.com\\\/channel\\\/UCMIUZW8mqlpEbP7Dy02veOw\",\"https:\\\/\\\/www.instagram.com\\\/obradombosco\\\/\"]},{\"@type\":\"Person\",\"@id\":\"https:\\\/\\\/salesianossp.org.br\\\/ositaquera\\\/#\\\/schema\\\/person\\\/612e159822bfeed64312a453b075f9de\",\"name\":\"Lucas Rodrigues\",\"image\":{\"@type\":\"ImageObject\",\"inLanguage\":\"pt-BR\",\"@id\":\"https:\\\/\\\/secure.gravatar.com\\\/avatar\\\/0ad9c966c6ed3335d7fffe2c3b88880dd298c0817b71e20a6955c38f2a53f746?s=96&d=mm&r=g\",\"url\":\"https:\\\/\\\/secure.gravatar.com\\\/avatar\\\/0ad9c966c6ed3335d7fffe2c3b88880dd298c0817b71e20a6955c38f2a53f746?s=96&d=mm&r=g\",\"contentUrl\":\"https:\\\/\\\/secure.gravatar.com\\\/avatar\\\/0ad9c966c6ed3335d7fffe2c3b88880dd298c0817b71e20a6955c38f2a53f746?s=96&d=mm&r=g\",\"caption\":\"Lucas Rodrigues\"},\"url\":\"https:\\\/\\\/salesianossp.org.br\\\/ositaquera\\\/author\\\/lucas-rodrigues\\\/\"}]}<\/script>\n<!-- \/ Yoast SEO plugin. -->","yoast_head_json":{"title":"ABERTAS VAGAS PARA IN\u00cdCIO IMEDIATO NO CURSO DE MEC\u00c2NICO DE USINAGEM - Obra Social Dom Bosco","robots":{"index":"index","follow":"follow","max-snippet":"max-snippet:-1","max-image-preview":"max-image-preview:large","max-video-preview":"max-video-preview:-1"},"canonical":"https:\/\/salesianossp.org.br\/ositaquera\/vagas-para-inicio-imediato-mecanico-de-usinagem\/","og_locale":"pt_BR","og_type":"article","og_title":"ABERTAS VAGAS PARA IN\u00cdCIO IMEDIATO NO CURSO DE MEC\u00c2NICO DE USINAGEM - Obra Social Dom Bosco","og_description":"Dispon\u00edvel no per\u00edodo da tarde, o curso capacita o educando a usinar pe\u00e7as em materiais ferrosos e n\u00e3o ferrosos e oferece continuidade da forma\u00e7\u00e3o em Comandos Num\u00e9ricos Computadorizados (CNC) e Sistemas Automatizados | Mecatr\u00f4nica.","og_url":"https:\/\/salesianossp.org.br\/ositaquera\/vagas-para-inicio-imediato-mecanico-de-usinagem\/","og_site_name":"Obra Social Dom Bosco","article_publisher":"https:\/\/www.facebook.com\/domboscoitaquera","article_published_time":"2022-02-21T21:21:34+00:00","og_image":[{"width":945,"height":945,"url":"https:\/\/salesianossp.org.br\/ositaquera\/wp-content\/uploads\/2022\/02\/MECANICO-DE-USINAGEM-copy.png","type":"image\/png"}],"author":"Lucas Rodrigues","twitter_card":"summary_large_image","twitter_misc":{"Escrito por":"Lucas Rodrigues","Est. tempo de leitura":"1 minuto"},"schema":{"@context":"https:\/\/schema.org","@graph":[{"@type":"Article","@id":"https:\/\/salesianossp.org.br\/ositaquera\/vagas-para-inicio-imediato-mecanico-de-usinagem\/#article","isPartOf":{"@id":"https:\/\/salesianossp.org.br\/ositaquera\/vagas-para-inicio-imediato-mecanico-de-usinagem\/"},"author":{"name":"Lucas Rodrigues","@id":"https:\/\/salesianossp.org.br\/ositaquera\/#\/schema\/person\/612e159822bfeed64312a453b075f9de"},"headline":"ABERTAS VAGAS PARA IN\u00cdCIO IMEDIATO NO CURSO DE MEC\u00c2NICO DE USINAGEM","datePublished":"2022-02-21T21:21:34+00:00","mainEntityOfPage":{"@id":"https:\/\/salesianossp.org.br\/ositaquera\/vagas-para-inicio-imediato-mecanico-de-usinagem\/"},"wordCount":225,"commentCount":4,"publisher":{"@id":"https:\/\/salesianossp.org.br\/ositaquera\/#organization"},"image":{"@id":"https:\/\/salesianossp.org.br\/ositaquera\/vagas-para-inicio-imediato-mecanico-de-usinagem\/#primaryimage"},"thumbnailUrl":"https:\/\/salesianossp.org.br\/ositaquera\/wp-content\/uploads\/2022\/02\/MECANICO-DE-USINAGEM-copy.png","articleSection":["Institucional","Not\u00edcias","Vagas"],"inLanguage":"pt-BR","potentialAction":[{"@type":"CommentAction","name":"Comment","target":["https:\/\/salesianossp.org.br\/ositaquera\/vagas-para-inicio-imediato-mecanico-de-usinagem\/#respond"]}]},{"@type":"WebPage","@id":"https:\/\/salesianossp.org.br\/ositaquera\/vagas-para-inicio-imediato-mecanico-de-usinagem\/","url":"https:\/\/salesianossp.org.br\/ositaquera\/vagas-para-inicio-imediato-mecanico-de-usinagem\/","name":"ABERTAS VAGAS PARA IN\u00cdCIO IMEDIATO NO CURSO DE MEC\u00c2NICO DE USINAGEM - Obra Social Dom Bosco","isPartOf":{"@id":"https:\/\/salesianossp.org.br\/ositaquera\/#website"},"primaryImageOfPage":{"@id":"https:\/\/salesianossp.org.br\/ositaquera\/vagas-para-inicio-imediato-mecanico-de-usinagem\/#primaryimage"},"image":{"@id":"https:\/\/salesianossp.org.br\/ositaquera\/vagas-para-inicio-imediato-mecanico-de-usinagem\/#primaryimage"},"thumbnailUrl":"https:\/\/salesianossp.org.br\/ositaquera\/wp-content\/uploads\/2022\/02\/MECANICO-DE-USINAGEM-copy.png","datePublished":"2022-02-21T21:21:34+00:00","breadcrumb":{"@id":"https:\/\/salesianossp.org.br\/ositaquera\/vagas-para-inicio-imediato-mecanico-de-usinagem\/#breadcrumb"},"inLanguage":"pt-BR","potentialAction":[{"@type":"ReadAction","target":["https:\/\/salesianossp.org.br\/ositaquera\/vagas-para-inicio-imediato-mecanico-de-usinagem\/"]}]},{"@type":"ImageObject","inLanguage":"pt-BR","@id":"https:\/\/salesianossp.org.br\/ositaquera\/vagas-para-inicio-imediato-mecanico-de-usinagem\/#primaryimage","url":"https:\/\/salesianossp.org.br\/ositaquera\/wp-content\/uploads\/2022\/02\/MECANICO-DE-USINAGEM-copy.png","contentUrl":"https:\/\/salesianossp.org.br\/ositaquera\/wp-content\/uploads\/2022\/02\/MECANICO-DE-USINAGEM-copy.png","width":945,"height":945},{"@type":"BreadcrumbList","@id":"https:\/\/salesianossp.org.br\/ositaquera\/vagas-para-inicio-imediato-mecanico-de-usinagem\/#breadcrumb","itemListElement":[{"@type":"ListItem","position":1,"name":"In\u00edcio","item":"https:\/\/salesianossp.org.br\/ositaquera\/"},{"@type":"ListItem","position":2,"name":"ABERTAS VAGAS PARA IN\u00cdCIO IMEDIATO NO CURSO DE MEC\u00c2NICO DE USINAGEM"}]},{"@type":"WebSite","@id":"https:\/\/salesianossp.org.br\/ositaquera\/#website","url":"https:\/\/salesianossp.org.br\/ositaquera\/","name":"Obra Social Dom Bosco","description":"","publisher":{"@id":"https:\/\/salesianossp.org.br\/ositaquera\/#organization"},"potentialAction":[{"@type":"SearchAction","target":{"@type":"EntryPoint","urlTemplate":"https:\/\/salesianossp.org.br\/ositaquera\/?s={search_term_string}"},"query-input":{"@type":"PropertyValueSpecification","valueRequired":true,"valueName":"search_term_string"}}],"inLanguage":"pt-BR"},{"@type":"Organization","@id":"https:\/\/salesianossp.org.br\/ositaquera\/#organization","name":"Obra Social Dom Bosco","url":"https:\/\/salesianossp.org.br\/ositaquera\/","logo":{"@type":"ImageObject","inLanguage":"pt-BR","@id":"https:\/\/salesianossp.org.br\/ositaquera\/#\/schema\/logo\/image\/","url":"https:\/\/salesianossp.org.br\/ositaquera\/wp-content\/uploads\/2024\/03\/logo-obra-social-dom-bosco-itaquera-h-scaled.png","contentUrl":"https:\/\/salesianossp.org.br\/ositaquera\/wp-content\/uploads\/2024\/03\/logo-obra-social-dom-bosco-itaquera-h-scaled.png","width":2560,"height":672,"caption":"Obra Social Dom Bosco"},"image":{"@id":"https:\/\/salesianossp.org.br\/ositaquera\/#\/schema\/logo\/image\/"},"sameAs":["https:\/\/www.facebook.com\/domboscoitaquera","https:\/\/br.linkedin.com\/company\/domboscoitaquera","https:\/\/www.youtube.com\/channel\/UCMIUZW8mqlpEbP7Dy02veOw","https:\/\/www.instagram.com\/obradombosco\/"]},{"@type":"Person","@id":"https:\/\/salesianossp.org.br\/ositaquera\/#\/schema\/person\/612e159822bfeed64312a453b075f9de","name":"Lucas Rodrigues","image":{"@type":"ImageObject","inLanguage":"pt-BR","@id":"https:\/\/secure.gravatar.com\/avatar\/0ad9c966c6ed3335d7fffe2c3b88880dd298c0817b71e20a6955c38f2a53f746?s=96&d=mm&r=g","url":"https:\/\/secure.gravatar.com\/avatar\/0ad9c966c6ed3335d7fffe2c3b88880dd298c0817b71e20a6955c38f2a53f746?s=96&d=mm&r=g","contentUrl":"https:\/\/secure.gravatar.com\/avatar\/0ad9c966c6ed3335d7fffe2c3b88880dd298c0817b71e20a6955c38f2a53f746?s=96&d=mm&r=g","caption":"Lucas Rodrigues"},"url":"https:\/\/salesianossp.org.br\/ositaquera\/author\/lucas-rodrigues\/"}]}},"_links":{"self":[{"href":"https:\/\/salesianossp.org.br\/ositaquera\/wp-json\/wp\/v2\/posts\/4875","targetHints":{"allow":["GET"]}}],"collection":[{"href":"https:\/\/salesianossp.org.br\/ositaquera\/wp-json\/wp\/v2\/posts"}],"about":[{"href":"https:\/\/salesianossp.org.br\/ositaquera\/wp-json\/wp\/v2\/types\/post"}],"author":[{"embeddable":true,"href":"https:\/\/salesianossp.org.br\/ositaquera\/wp-json\/wp\/v2\/users\/27"}],"replies":[{"embeddable":true,"href":"https:\/\/salesianossp.org.br\/ositaquera\/wp-json\/wp\/v2\/comments?post=4875"}],"version-history":[{"count":0,"href":"https:\/\/salesianossp.org.br\/ositaquera\/wp-json\/wp\/v2\/posts\/4875\/revisions"}],"wp:featuredmedia":[{"embeddable":true,"href":"https:\/\/salesianossp.org.br\/ositaquera\/wp-json\/wp\/v2\/media\/5010"}],"wp:attachment":[{"href":"https:\/\/salesianossp.org.br\/ositaquera\/wp-json\/wp\/v2\/media?parent=4875"}],"wp:term":[{"taxonomy":"category","embeddable":true,"href":"https:\/\/salesianossp.org.br\/ositaquera\/wp-json\/wp\/v2\/categories?post=4875"},{"taxonomy":"post_tag","embeddable":true,"href":"https:\/\/salesianossp.org.br\/ositaquera\/wp-json\/wp\/v2\/tags?post=4875"}],"curies":[{"name":"wp","href":"https:\/\/api.w.org\/{rel}","templated":true}]}}