{"id":5668,"date":"2022-04-19T18:21:00","date_gmt":"2022-04-19T21:21:00","guid":{"rendered":"https:\/\/salesianossp.org.br\/ositaquera\/?p=5668"},"modified":"2022-04-19T18:21:00","modified_gmt":"2022-04-19T21:21:00","slug":"mes-de-abril-foi-marcado-por-celebracoes-acoes-e-solidariedade","status":"publish","type":"post","link":"https:\/\/salesianossp.org.br\/ositaquera\/mes-de-abril-foi-marcado-por-celebracoes-acoes-e-solidariedade\/","title":{"rendered":"M\u00caS DE ABRIL FOI MARCADO POR CELEBRA\u00c7\u00d5ES, A\u00c7\u00d5ES E SOLIDARIEDADE NA INSTITUI\u00c7\u00c3O"},"content":{"rendered":"\n<p><em>Encena\u00e7\u00e3o da &#8220;Paix\u00e3o de Cristo&#8221;, realizada por educandos, educadores e colaboradores da institui\u00e7\u00e3o<\/em><\/p>\n\n\n\n<div style=\"height:22px\" aria-hidden=\"true\" class=\"wp-block-spacer\"><\/div>\n\n\n\n<p><strong>Comunica\u00e7\u00e3o\/OSDB Itaquera<\/strong><\/p>\n\n\n\n<p>\u00c0 luz do Evangelho, a Campanha da Fraternidade 2022 nos prop\u00f4s pensar uma educa\u00e7\u00e3o human\u00edstica, solid\u00e1ria e a servi\u00e7o da vida, assim como Dom Bosco tamb\u00e9m ensinara. Encenada anualmente pela institui\u00e7\u00e3o, a Paix\u00e3o de Cristo &#8211; e outras as a\u00e7\u00f5es socioculturais da Obra &#8211; foi inspirada por essa reflex\u00e3o, levando ao p\u00fablico (educandos, educadores e colaboradores) ainda mais emo\u00e7\u00e3o, ao acompanhar cada uma das esta\u00e7\u00f5es pelas quais o Cristo atravessa o seu longo calv\u00e1rio, crucifica\u00e7\u00e3o e ressurrei\u00e7\u00e3o.<\/p>\n\n\n\n<figure class=\"wp-block-gallery has-nested-images columns-default is-cropped wp-block-gallery-1 is-layout-flex wp-block-gallery-is-layout-flex\">\n<figure class=\"wp-block-image size-large\"><img decoding=\"async\" data-id=\"5677\" src=\"https:\/\/salesianossp.org.br\/ositaquera\/wp-content\/uploads\/2022\/05\/20220413_181657_8_1-tratada-reduzida-1024x1024.jpg\" alt=\"\" class=\"wp-image-5677\"\/><\/figure>\n\n\n\n<figure class=\"wp-block-image size-large\"><img decoding=\"async\" data-id=\"5678\" src=\"https:\/\/salesianossp.org.br\/ositaquera\/wp-content\/uploads\/2022\/05\/20220418_073901_9_1-tratada-reduzida-1024x1024.jpg\" alt=\"\" class=\"wp-image-5678\"\/><\/figure>\n\n\n\n<figure class=\"wp-block-image size-large\"><img decoding=\"async\" data-id=\"5679\" src=\"https:\/\/salesianossp.org.br\/ositaquera\/wp-content\/uploads\/2022\/05\/20220413_181656_11_1-tratada-reduzida-1024x1024.jpg\" alt=\"\" class=\"wp-image-5679\"\/><\/figure>\n\n\n\n<figure class=\"wp-block-image size-large\"><img decoding=\"async\" data-id=\"5681\" src=\"https:\/\/salesianossp.org.br\/ositaquera\/wp-content\/uploads\/2022\/05\/20220418_073901_13_1-tratada-reduzida-1024x1024.jpg\" alt=\"\" class=\"wp-image-5681\"\/><\/figure>\n<figcaption class=\"blocks-gallery-caption\"><em>O educador Juan Tinton, um dos idealizadores e respons\u00e1veis pela dire\u00e7\u00e3o do espet\u00e1culo, contou que apesar do duro trabalho, foi poss\u00edvel elaborar a apresenta\u00e7\u00e3o por meio da marca\u00e7\u00e3o, como um ponto de partida, e depois trabalhar a interpreta\u00e7\u00e3o e desenvoltura dos educandos, para atuarem em a &#8220;Paix\u00e3o de Cristo&#8221;.<\/em><\/figcaption><\/figure>\n\n\n\n<p><\/p>\n\n\n\n<p><strong>P\u00e1scoa Solid\u00e1ria<\/strong><\/p>\n\n\n\n<p>No campo social, abril tamb\u00e9m marcou mais um ano da realiza\u00e7\u00e3o da \u201cP\u00e1scoa Solid\u00e1ria\u201d, a\u00e7\u00e3o voltada, sobretudo, para as crian\u00e7as e jovens atendidos nos servi\u00e7os de acolhimento social da Obra, com uma feliz e exitosa campanha de arrecada\u00e7\u00e3o de ovos de p\u00e1scoa. A campanha contou ainda com a realiza\u00e7\u00e3o de um sorteio solid\u00e1rio, envolvendo ainda mais a todos no esp\u00edrito das comemora\u00e7\u00f5es.<\/p>\n\n\n\n<figure class=\"wp-block-image size-large\"><img fetchpriority=\"high\" decoding=\"async\" width=\"1417\" height=\"1063\" src=\"https:\/\/salesianossp.org.br\/ositaquera\/wp-content\/uploads\/2022\/05\/Post-pascoa-agradecimento_Prancheta-1-ESTA-edited.png\" alt=\"\" class=\"wp-image-5684\" srcset=\"https:\/\/salesianossp.org.br\/ositaquera\/wp-content\/uploads\/2022\/05\/Post-pascoa-agradecimento_Prancheta-1-ESTA-edited.png 1417w, https:\/\/salesianossp.org.br\/ositaquera\/wp-content\/uploads\/2022\/05\/Post-pascoa-agradecimento_Prancheta-1-ESTA-edited-300x225.png 300w, https:\/\/salesianossp.org.br\/ositaquera\/wp-content\/uploads\/2022\/05\/Post-pascoa-agradecimento_Prancheta-1-ESTA-edited-1024x768.png 1024w, https:\/\/salesianossp.org.br\/ositaquera\/wp-content\/uploads\/2022\/05\/Post-pascoa-agradecimento_Prancheta-1-ESTA-edited-768x576.png 768w\" sizes=\"(max-width: 1417px) 100vw, 1417px\" \/><figcaption><em>Agradecimento a todos e todas que contribu\u00edram com a P\u00e1scoa Solid\u00e1ria foi divulgado pela Obra, com mensagem do nosso Diretor Presidente, o padre Rosalvino Mor\u00e1n Vi\u00f1ayo.<\/em><\/figcaption><\/figure>\n\n\n\n<p><\/p>\n\n\n\n<p><\/p>\n\n\n\n<p><\/p>\n\n\n\n<p><\/p>\n","protected":false},"excerpt":{"rendered":"<p>Inspirada na mensagem tema da Campanha da Fraternidade 2022, Obra Social Dom Bosco Itaquera realizou a\u00e7\u00f5es (P\u00e1scoa Solid\u00e1ria), al\u00e9m de proporcionar reflex\u00f5es e encontros durante todo o m\u00eas de celebra\u00e7\u00f5es da Paix\u00e3o de Cristo.<\/p>\n","protected":false},"author":27,"featured_media":5669,"comment_status":"open","ping_status":"open","sticky":false,"template":"","format":"standard","meta":{"footnotes":""},"categories":[59],"tags":[],"class_list":["post-5668","post","type-post","status-publish","format-standard","has-post-thumbnail","hentry","category-noticias"],"yoast_head":"<!-- This site is optimized with the Yoast SEO plugin v27.4 - https:\/\/yoast.com\/product\/yoast-seo-wordpress\/ -->\n<title>M\u00caS DE ABRIL FOI MARCADO POR CELEBRA\u00c7\u00d5ES, A\u00c7\u00d5ES E SOLIDARIEDADE NA INSTITUI\u00c7\u00c3O - Obra Social Dom Bosco<\/title>\n<meta name=\"robots\" content=\"index, follow, max-snippet:-1, max-image-preview:large, max-video-preview:-1\" \/>\n<link rel=\"canonical\" href=\"https:\/\/salesianossp.org.br\/ositaquera\/mes-de-abril-foi-marcado-por-celebracoes-acoes-e-solidariedade\/\" \/>\n<meta property=\"og:locale\" content=\"pt_BR\" \/>\n<meta property=\"og:type\" content=\"article\" \/>\n<meta property=\"og:title\" content=\"M\u00caS DE ABRIL FOI MARCADO POR CELEBRA\u00c7\u00d5ES, A\u00c7\u00d5ES E SOLIDARIEDADE NA INSTITUI\u00c7\u00c3O - Obra Social Dom Bosco\" \/>\n<meta property=\"og:description\" content=\"Inspirada na mensagem tema da Campanha da Fraternidade 2022, Obra Social Dom Bosco Itaquera realizou a\u00e7\u00f5es (P\u00e1scoa Solid\u00e1ria), al\u00e9m de proporcionar reflex\u00f5es e encontros durante todo o m\u00eas de celebra\u00e7\u00f5es da Paix\u00e3o de Cristo.\" \/>\n<meta property=\"og:url\" content=\"https:\/\/salesianossp.org.br\/ositaquera\/mes-de-abril-foi-marcado-por-celebracoes-acoes-e-solidariedade\/\" \/>\n<meta property=\"og:site_name\" content=\"Obra Social Dom Bosco\" \/>\n<meta property=\"article:publisher\" content=\"https:\/\/www.facebook.com\/domboscoitaquera\" \/>\n<meta property=\"article:published_time\" content=\"2022-04-19T21:21:00+00:00\" \/>\n<meta property=\"og:image\" content=\"https:\/\/salesianossp.org.br\/ositaquera\/wp-content\/uploads\/2022\/05\/CAPA-ABRIL-SABEDORIA-copy-1024x1024.png\" \/>\n\t<meta property=\"og:image:width\" content=\"1024\" \/>\n\t<meta property=\"og:image:height\" content=\"1024\" \/>\n\t<meta property=\"og:image:type\" content=\"image\/png\" \/>\n<meta name=\"author\" content=\"Lucas Rodrigues\" \/>\n<meta name=\"twitter:card\" content=\"summary_large_image\" \/>\n<meta name=\"twitter:label1\" content=\"Escrito por\" \/>\n\t<meta name=\"twitter:data1\" content=\"Lucas Rodrigues\" \/>\n\t<meta name=\"twitter:label2\" content=\"Est. tempo de leitura\" \/>\n\t<meta name=\"twitter:data2\" content=\"1 minuto\" \/>\n<script type=\"application\/ld+json\" class=\"yoast-schema-graph\">{\"@context\":\"https:\\\/\\\/schema.org\",\"@graph\":[{\"@type\":\"Article\",\"@id\":\"https:\\\/\\\/salesianossp.org.br\\\/ositaquera\\\/mes-de-abril-foi-marcado-por-celebracoes-acoes-e-solidariedade\\\/#article\",\"isPartOf\":{\"@id\":\"https:\\\/\\\/salesianossp.org.br\\\/ositaquera\\\/mes-de-abril-foi-marcado-por-celebracoes-acoes-e-solidariedade\\\/\"},\"author\":{\"name\":\"Lucas Rodrigues\",\"@id\":\"https:\\\/\\\/salesianossp.org.br\\\/ositaquera\\\/#\\\/schema\\\/person\\\/612e159822bfeed64312a453b075f9de\"},\"headline\":\"M\u00caS DE ABRIL FOI MARCADO POR CELEBRA\u00c7\u00d5ES, A\u00c7\u00d5ES E SOLIDARIEDADE NA INSTITUI\u00c7\u00c3O\",\"datePublished\":\"2022-04-19T21:21:00+00:00\",\"mainEntityOfPage\":{\"@id\":\"https:\\\/\\\/salesianossp.org.br\\\/ositaquera\\\/mes-de-abril-foi-marcado-por-celebracoes-acoes-e-solidariedade\\\/\"},\"wordCount\":294,\"commentCount\":0,\"publisher\":{\"@id\":\"https:\\\/\\\/salesianossp.org.br\\\/ositaquera\\\/#organization\"},\"image\":{\"@id\":\"https:\\\/\\\/salesianossp.org.br\\\/ositaquera\\\/mes-de-abril-foi-marcado-por-celebracoes-acoes-e-solidariedade\\\/#primaryimage\"},\"thumbnailUrl\":\"https:\\\/\\\/salesianossp.org.br\\\/ositaquera\\\/wp-content\\\/uploads\\\/2022\\\/05\\\/CAPA-ABRIL-SABEDORIA-copy.png\",\"articleSection\":[\"Not\u00edcias\"],\"inLanguage\":\"pt-BR\",\"potentialAction\":[{\"@type\":\"CommentAction\",\"name\":\"Comment\",\"target\":[\"https:\\\/\\\/salesianossp.org.br\\\/ositaquera\\\/mes-de-abril-foi-marcado-por-celebracoes-acoes-e-solidariedade\\\/#respond\"]}]},{\"@type\":\"WebPage\",\"@id\":\"https:\\\/\\\/salesianossp.org.br\\\/ositaquera\\\/mes-de-abril-foi-marcado-por-celebracoes-acoes-e-solidariedade\\\/\",\"url\":\"https:\\\/\\\/salesianossp.org.br\\\/ositaquera\\\/mes-de-abril-foi-marcado-por-celebracoes-acoes-e-solidariedade\\\/\",\"name\":\"M\u00caS DE ABRIL FOI MARCADO POR CELEBRA\u00c7\u00d5ES, A\u00c7\u00d5ES E SOLIDARIEDADE NA INSTITUI\u00c7\u00c3O - Obra Social Dom Bosco\",\"isPartOf\":{\"@id\":\"https:\\\/\\\/salesianossp.org.br\\\/ositaquera\\\/#website\"},\"primaryImageOfPage\":{\"@id\":\"https:\\\/\\\/salesianossp.org.br\\\/ositaquera\\\/mes-de-abril-foi-marcado-por-celebracoes-acoes-e-solidariedade\\\/#primaryimage\"},\"image\":{\"@id\":\"https:\\\/\\\/salesianossp.org.br\\\/ositaquera\\\/mes-de-abril-foi-marcado-por-celebracoes-acoes-e-solidariedade\\\/#primaryimage\"},\"thumbnailUrl\":\"https:\\\/\\\/salesianossp.org.br\\\/ositaquera\\\/wp-content\\\/uploads\\\/2022\\\/05\\\/CAPA-ABRIL-SABEDORIA-copy.png\",\"datePublished\":\"2022-04-19T21:21:00+00:00\",\"breadcrumb\":{\"@id\":\"https:\\\/\\\/salesianossp.org.br\\\/ositaquera\\\/mes-de-abril-foi-marcado-por-celebracoes-acoes-e-solidariedade\\\/#breadcrumb\"},\"inLanguage\":\"pt-BR\",\"potentialAction\":[{\"@type\":\"ReadAction\",\"target\":[\"https:\\\/\\\/salesianossp.org.br\\\/ositaquera\\\/mes-de-abril-foi-marcado-por-celebracoes-acoes-e-solidariedade\\\/\"]}]},{\"@type\":\"ImageObject\",\"inLanguage\":\"pt-BR\",\"@id\":\"https:\\\/\\\/salesianossp.org.br\\\/ositaquera\\\/mes-de-abril-foi-marcado-por-celebracoes-acoes-e-solidariedade\\\/#primaryimage\",\"url\":\"https:\\\/\\\/salesianossp.org.br\\\/ositaquera\\\/wp-content\\\/uploads\\\/2022\\\/05\\\/CAPA-ABRIL-SABEDORIA-copy.png\",\"contentUrl\":\"https:\\\/\\\/salesianossp.org.br\\\/ositaquera\\\/wp-content\\\/uploads\\\/2022\\\/05\\\/CAPA-ABRIL-SABEDORIA-copy.png\",\"width\":1417,\"height\":1417},{\"@type\":\"BreadcrumbList\",\"@id\":\"https:\\\/\\\/salesianossp.org.br\\\/ositaquera\\\/mes-de-abril-foi-marcado-por-celebracoes-acoes-e-solidariedade\\\/#breadcrumb\",\"itemListElement\":[{\"@type\":\"ListItem\",\"position\":1,\"name\":\"In\u00edcio\",\"item\":\"https:\\\/\\\/salesianossp.org.br\\\/ositaquera\\\/\"},{\"@type\":\"ListItem\",\"position\":2,\"name\":\"M\u00caS DE ABRIL FOI MARCADO POR CELEBRA\u00c7\u00d5ES, A\u00c7\u00d5ES E SOLIDARIEDADE NA INSTITUI\u00c7\u00c3O\"}]},{\"@type\":\"WebSite\",\"@id\":\"https:\\\/\\\/salesianossp.org.br\\\/ositaquera\\\/#website\",\"url\":\"https:\\\/\\\/salesianossp.org.br\\\/ositaquera\\\/\",\"name\":\"Obra Social Dom Bosco\",\"description\":\"\",\"publisher\":{\"@id\":\"https:\\\/\\\/salesianossp.org.br\\\/ositaquera\\\/#organization\"},\"potentialAction\":[{\"@type\":\"SearchAction\",\"target\":{\"@type\":\"EntryPoint\",\"urlTemplate\":\"https:\\\/\\\/salesianossp.org.br\\\/ositaquera\\\/?s={search_term_string}\"},\"query-input\":{\"@type\":\"PropertyValueSpecification\",\"valueRequired\":true,\"valueName\":\"search_term_string\"}}],\"inLanguage\":\"pt-BR\"},{\"@type\":\"Organization\",\"@id\":\"https:\\\/\\\/salesianossp.org.br\\\/ositaquera\\\/#organization\",\"name\":\"Obra Social Dom Bosco\",\"url\":\"https:\\\/\\\/salesianossp.org.br\\\/ositaquera\\\/\",\"logo\":{\"@type\":\"ImageObject\",\"inLanguage\":\"pt-BR\",\"@id\":\"https:\\\/\\\/salesianossp.org.br\\\/ositaquera\\\/#\\\/schema\\\/logo\\\/image\\\/\",\"url\":\"https:\\\/\\\/salesianossp.org.br\\\/ositaquera\\\/wp-content\\\/uploads\\\/2024\\\/03\\\/logo-obra-social-dom-bosco-itaquera-h-scaled.png\",\"contentUrl\":\"https:\\\/\\\/salesianossp.org.br\\\/ositaquera\\\/wp-content\\\/uploads\\\/2024\\\/03\\\/logo-obra-social-dom-bosco-itaquera-h-scaled.png\",\"width\":2560,\"height\":672,\"caption\":\"Obra Social Dom Bosco\"},\"image\":{\"@id\":\"https:\\\/\\\/salesianossp.org.br\\\/ositaquera\\\/#\\\/schema\\\/logo\\\/image\\\/\"},\"sameAs\":[\"https:\\\/\\\/www.facebook.com\\\/domboscoitaquera\",\"https:\\\/\\\/br.linkedin.com\\\/company\\\/domboscoitaquera\",\"https:\\\/\\\/www.youtube.com\\\/channel\\\/UCMIUZW8mqlpEbP7Dy02veOw\",\"https:\\\/\\\/www.instagram.com\\\/obradombosco\\\/\"]},{\"@type\":\"Person\",\"@id\":\"https:\\\/\\\/salesianossp.org.br\\\/ositaquera\\\/#\\\/schema\\\/person\\\/612e159822bfeed64312a453b075f9de\",\"name\":\"Lucas Rodrigues\",\"image\":{\"@type\":\"ImageObject\",\"inLanguage\":\"pt-BR\",\"@id\":\"https:\\\/\\\/secure.gravatar.com\\\/avatar\\\/0ad9c966c6ed3335d7fffe2c3b88880dd298c0817b71e20a6955c38f2a53f746?s=96&d=mm&r=g\",\"url\":\"https:\\\/\\\/secure.gravatar.com\\\/avatar\\\/0ad9c966c6ed3335d7fffe2c3b88880dd298c0817b71e20a6955c38f2a53f746?s=96&d=mm&r=g\",\"contentUrl\":\"https:\\\/\\\/secure.gravatar.com\\\/avatar\\\/0ad9c966c6ed3335d7fffe2c3b88880dd298c0817b71e20a6955c38f2a53f746?s=96&d=mm&r=g\",\"caption\":\"Lucas Rodrigues\"},\"url\":\"https:\\\/\\\/salesianossp.org.br\\\/ositaquera\\\/author\\\/lucas-rodrigues\\\/\"}]}<\/script>\n<!-- \/ Yoast SEO plugin. -->","yoast_head_json":{"title":"M\u00caS DE ABRIL FOI MARCADO POR CELEBRA\u00c7\u00d5ES, A\u00c7\u00d5ES E SOLIDARIEDADE NA INSTITUI\u00c7\u00c3O - Obra Social Dom Bosco","robots":{"index":"index","follow":"follow","max-snippet":"max-snippet:-1","max-image-preview":"max-image-preview:large","max-video-preview":"max-video-preview:-1"},"canonical":"https:\/\/salesianossp.org.br\/ositaquera\/mes-de-abril-foi-marcado-por-celebracoes-acoes-e-solidariedade\/","og_locale":"pt_BR","og_type":"article","og_title":"M\u00caS DE ABRIL FOI MARCADO POR CELEBRA\u00c7\u00d5ES, A\u00c7\u00d5ES E SOLIDARIEDADE NA INSTITUI\u00c7\u00c3O - Obra Social Dom Bosco","og_description":"Inspirada na mensagem tema da Campanha da Fraternidade 2022, Obra Social Dom Bosco Itaquera realizou a\u00e7\u00f5es (P\u00e1scoa Solid\u00e1ria), al\u00e9m de proporcionar reflex\u00f5es e encontros durante todo o m\u00eas de celebra\u00e7\u00f5es da Paix\u00e3o de Cristo.","og_url":"https:\/\/salesianossp.org.br\/ositaquera\/mes-de-abril-foi-marcado-por-celebracoes-acoes-e-solidariedade\/","og_site_name":"Obra Social Dom Bosco","article_publisher":"https:\/\/www.facebook.com\/domboscoitaquera","article_published_time":"2022-04-19T21:21:00+00:00","og_image":[{"width":1024,"height":1024,"url":"https:\/\/salesianossp.org.br\/ositaquera\/wp-content\/uploads\/2022\/05\/CAPA-ABRIL-SABEDORIA-copy-1024x1024.png","type":"image\/png"}],"author":"Lucas Rodrigues","twitter_card":"summary_large_image","twitter_misc":{"Escrito por":"Lucas Rodrigues","Est. tempo de leitura":"1 minuto"},"schema":{"@context":"https:\/\/schema.org","@graph":[{"@type":"Article","@id":"https:\/\/salesianossp.org.br\/ositaquera\/mes-de-abril-foi-marcado-por-celebracoes-acoes-e-solidariedade\/#article","isPartOf":{"@id":"https:\/\/salesianossp.org.br\/ositaquera\/mes-de-abril-foi-marcado-por-celebracoes-acoes-e-solidariedade\/"},"author":{"name":"Lucas Rodrigues","@id":"https:\/\/salesianossp.org.br\/ositaquera\/#\/schema\/person\/612e159822bfeed64312a453b075f9de"},"headline":"M\u00caS DE ABRIL FOI MARCADO POR CELEBRA\u00c7\u00d5ES, A\u00c7\u00d5ES E SOLIDARIEDADE NA INSTITUI\u00c7\u00c3O","datePublished":"2022-04-19T21:21:00+00:00","mainEntityOfPage":{"@id":"https:\/\/salesianossp.org.br\/ositaquera\/mes-de-abril-foi-marcado-por-celebracoes-acoes-e-solidariedade\/"},"wordCount":294,"commentCount":0,"publisher":{"@id":"https:\/\/salesianossp.org.br\/ositaquera\/#organization"},"image":{"@id":"https:\/\/salesianossp.org.br\/ositaquera\/mes-de-abril-foi-marcado-por-celebracoes-acoes-e-solidariedade\/#primaryimage"},"thumbnailUrl":"https:\/\/salesianossp.org.br\/ositaquera\/wp-content\/uploads\/2022\/05\/CAPA-ABRIL-SABEDORIA-copy.png","articleSection":["Not\u00edcias"],"inLanguage":"pt-BR","potentialAction":[{"@type":"CommentAction","name":"Comment","target":["https:\/\/salesianossp.org.br\/ositaquera\/mes-de-abril-foi-marcado-por-celebracoes-acoes-e-solidariedade\/#respond"]}]},{"@type":"WebPage","@id":"https:\/\/salesianossp.org.br\/ositaquera\/mes-de-abril-foi-marcado-por-celebracoes-acoes-e-solidariedade\/","url":"https:\/\/salesianossp.org.br\/ositaquera\/mes-de-abril-foi-marcado-por-celebracoes-acoes-e-solidariedade\/","name":"M\u00caS DE ABRIL FOI MARCADO POR CELEBRA\u00c7\u00d5ES, A\u00c7\u00d5ES E SOLIDARIEDADE NA INSTITUI\u00c7\u00c3O - Obra Social Dom Bosco","isPartOf":{"@id":"https:\/\/salesianossp.org.br\/ositaquera\/#website"},"primaryImageOfPage":{"@id":"https:\/\/salesianossp.org.br\/ositaquera\/mes-de-abril-foi-marcado-por-celebracoes-acoes-e-solidariedade\/#primaryimage"},"image":{"@id":"https:\/\/salesianossp.org.br\/ositaquera\/mes-de-abril-foi-marcado-por-celebracoes-acoes-e-solidariedade\/#primaryimage"},"thumbnailUrl":"https:\/\/salesianossp.org.br\/ositaquera\/wp-content\/uploads\/2022\/05\/CAPA-ABRIL-SABEDORIA-copy.png","datePublished":"2022-04-19T21:21:00+00:00","breadcrumb":{"@id":"https:\/\/salesianossp.org.br\/ositaquera\/mes-de-abril-foi-marcado-por-celebracoes-acoes-e-solidariedade\/#breadcrumb"},"inLanguage":"pt-BR","potentialAction":[{"@type":"ReadAction","target":["https:\/\/salesianossp.org.br\/ositaquera\/mes-de-abril-foi-marcado-por-celebracoes-acoes-e-solidariedade\/"]}]},{"@type":"ImageObject","inLanguage":"pt-BR","@id":"https:\/\/salesianossp.org.br\/ositaquera\/mes-de-abril-foi-marcado-por-celebracoes-acoes-e-solidariedade\/#primaryimage","url":"https:\/\/salesianossp.org.br\/ositaquera\/wp-content\/uploads\/2022\/05\/CAPA-ABRIL-SABEDORIA-copy.png","contentUrl":"https:\/\/salesianossp.org.br\/ositaquera\/wp-content\/uploads\/2022\/05\/CAPA-ABRIL-SABEDORIA-copy.png","width":1417,"height":1417},{"@type":"BreadcrumbList","@id":"https:\/\/salesianossp.org.br\/ositaquera\/mes-de-abril-foi-marcado-por-celebracoes-acoes-e-solidariedade\/#breadcrumb","itemListElement":[{"@type":"ListItem","position":1,"name":"In\u00edcio","item":"https:\/\/salesianossp.org.br\/ositaquera\/"},{"@type":"ListItem","position":2,"name":"M\u00caS DE ABRIL FOI MARCADO POR CELEBRA\u00c7\u00d5ES, A\u00c7\u00d5ES E SOLIDARIEDADE NA INSTITUI\u00c7\u00c3O"}]},{"@type":"WebSite","@id":"https:\/\/salesianossp.org.br\/ositaquera\/#website","url":"https:\/\/salesianossp.org.br\/ositaquera\/","name":"Obra Social Dom Bosco","description":"","publisher":{"@id":"https:\/\/salesianossp.org.br\/ositaquera\/#organization"},"potentialAction":[{"@type":"SearchAction","target":{"@type":"EntryPoint","urlTemplate":"https:\/\/salesianossp.org.br\/ositaquera\/?s={search_term_string}"},"query-input":{"@type":"PropertyValueSpecification","valueRequired":true,"valueName":"search_term_string"}}],"inLanguage":"pt-BR"},{"@type":"Organization","@id":"https:\/\/salesianossp.org.br\/ositaquera\/#organization","name":"Obra Social Dom Bosco","url":"https:\/\/salesianossp.org.br\/ositaquera\/","logo":{"@type":"ImageObject","inLanguage":"pt-BR","@id":"https:\/\/salesianossp.org.br\/ositaquera\/#\/schema\/logo\/image\/","url":"https:\/\/salesianossp.org.br\/ositaquera\/wp-content\/uploads\/2024\/03\/logo-obra-social-dom-bosco-itaquera-h-scaled.png","contentUrl":"https:\/\/salesianossp.org.br\/ositaquera\/wp-content\/uploads\/2024\/03\/logo-obra-social-dom-bosco-itaquera-h-scaled.png","width":2560,"height":672,"caption":"Obra Social Dom Bosco"},"image":{"@id":"https:\/\/salesianossp.org.br\/ositaquera\/#\/schema\/logo\/image\/"},"sameAs":["https:\/\/www.facebook.com\/domboscoitaquera","https:\/\/br.linkedin.com\/company\/domboscoitaquera","https:\/\/www.youtube.com\/channel\/UCMIUZW8mqlpEbP7Dy02veOw","https:\/\/www.instagram.com\/obradombosco\/"]},{"@type":"Person","@id":"https:\/\/salesianossp.org.br\/ositaquera\/#\/schema\/person\/612e159822bfeed64312a453b075f9de","name":"Lucas Rodrigues","image":{"@type":"ImageObject","inLanguage":"pt-BR","@id":"https:\/\/secure.gravatar.com\/avatar\/0ad9c966c6ed3335d7fffe2c3b88880dd298c0817b71e20a6955c38f2a53f746?s=96&d=mm&r=g","url":"https:\/\/secure.gravatar.com\/avatar\/0ad9c966c6ed3335d7fffe2c3b88880dd298c0817b71e20a6955c38f2a53f746?s=96&d=mm&r=g","contentUrl":"https:\/\/secure.gravatar.com\/avatar\/0ad9c966c6ed3335d7fffe2c3b88880dd298c0817b71e20a6955c38f2a53f746?s=96&d=mm&r=g","caption":"Lucas Rodrigues"},"url":"https:\/\/salesianossp.org.br\/ositaquera\/author\/lucas-rodrigues\/"}]}},"_links":{"self":[{"href":"https:\/\/salesianossp.org.br\/ositaquera\/wp-json\/wp\/v2\/posts\/5668","targetHints":{"allow":["GET"]}}],"collection":[{"href":"https:\/\/salesianossp.org.br\/ositaquera\/wp-json\/wp\/v2\/posts"}],"about":[{"href":"https:\/\/salesianossp.org.br\/ositaquera\/wp-json\/wp\/v2\/types\/post"}],"author":[{"embeddable":true,"href":"https:\/\/salesianossp.org.br\/ositaquera\/wp-json\/wp\/v2\/users\/27"}],"replies":[{"embeddable":true,"href":"https:\/\/salesianossp.org.br\/ositaquera\/wp-json\/wp\/v2\/comments?post=5668"}],"version-history":[{"count":0,"href":"https:\/\/salesianossp.org.br\/ositaquera\/wp-json\/wp\/v2\/posts\/5668\/revisions"}],"wp:featuredmedia":[{"embeddable":true,"href":"https:\/\/salesianossp.org.br\/ositaquera\/wp-json\/wp\/v2\/media\/5669"}],"wp:attachment":[{"href":"https:\/\/salesianossp.org.br\/ositaquera\/wp-json\/wp\/v2\/media?parent=5668"}],"wp:term":[{"taxonomy":"category","embeddable":true,"href":"https:\/\/salesianossp.org.br\/ositaquera\/wp-json\/wp\/v2\/categories?post=5668"},{"taxonomy":"post_tag","embeddable":true,"href":"https:\/\/salesianossp.org.br\/ositaquera\/wp-json\/wp\/v2\/tags?post=5668"}],"curies":[{"name":"wp","href":"https:\/\/api.w.org\/{rel}","templated":true}]}}