{"id":6271,"date":"2022-08-10T16:29:00","date_gmt":"2022-08-10T19:29:00","guid":{"rendered":"https:\/\/salesianossp.org.br\/ositaquera\/?p=6271"},"modified":"2022-08-10T16:29:00","modified_gmt":"2022-08-10T19:29:00","slug":"colaboradores-do-saica-se-reunem-para-retorno-da-pesquisa-de-satisfacao","status":"publish","type":"post","link":"https:\/\/salesianossp.org.br\/ositaquera\/colaboradores-do-saica-se-reunem-para-retorno-da-pesquisa-de-satisfacao\/","title":{"rendered":"COLABORADORES DO SAICA SE RE\u00daNEM PARA RETORNO DA PESQUISA DE SATISFA\u00c7\u00c3O"},"content":{"rendered":"\n<div style=\"height:21px\" aria-hidden=\"true\" class=\"wp-block-spacer\"><\/div>\n\n\n\n<p><strong>Comunica\u00e7\u00e3o\/OSDB Itaquera<\/strong><\/p>\n\n\n\n<p>Todos os colaboradores do Servi\u00e7o de Acolhimento Institucional para Crian\u00e7as e Adolescentes (SAICA) estiveram reunidos no dia 6 de agosto, um s\u00e1bado, para receberem o retorno da pesquisa de satisfa\u00e7\u00e3o realizada no in\u00edcio deste ano de 2022 e as orienta\u00e7\u00f5es para a pesquisa de clima organizacional da Inspetoria Salesiana de S\u00e3o Paulo. Tamb\u00e9m realizaram um trabalho de alinhamento funcional, com o objetivo de contribuir no mapeamento de atribui\u00e7\u00f5es de cada cargo existente na Obra Social Dom Bosco de Itaquera.<\/p>\n\n\n\n<p>O encontro contou com um momento de ora\u00e7\u00e3o e reflex\u00e3o conduzido pelo Irm\u00e3o Diogo, o qual apresentou elementos importantes da vida e da proposta pedag\u00f3gica de Dom Bosco.<\/p>\n\n\n\n<div style=\"height:36px\" aria-hidden=\"true\" class=\"wp-block-spacer\"><\/div>\n\n\n\n<figure class=\"wp-block-gallery has-nested-images columns-default is-cropped wp-block-gallery-1 is-layout-flex wp-block-gallery-is-layout-flex\">\n<figure class=\"wp-block-image size-large\"><img fetchpriority=\"high\" decoding=\"async\" width=\"1024\" height=\"768\" data-id=\"6275\" src=\"https:\/\/salesianossp.org.br\/ositaquera\/wp-content\/uploads\/2022\/08\/IMG_0853-tratada-1024x768.jpg\" alt=\"\" class=\"wp-image-6275\" srcset=\"https:\/\/salesianossp.org.br\/ositaquera\/wp-content\/uploads\/2022\/08\/IMG_0853-tratada-1024x768.jpg 1024w, https:\/\/salesianossp.org.br\/ositaquera\/wp-content\/uploads\/2022\/08\/IMG_0853-tratada-300x225.jpg 300w, https:\/\/salesianossp.org.br\/ositaquera\/wp-content\/uploads\/2022\/08\/IMG_0853-tratada-768x576.jpg 768w, https:\/\/salesianossp.org.br\/ositaquera\/wp-content\/uploads\/2022\/08\/IMG_0853-tratada.jpg 1333w\" sizes=\"(max-width: 1024px) 100vw, 1024px\" \/><\/figure>\n\n\n\n<figure class=\"wp-block-image size-large\"><img decoding=\"async\" width=\"1024\" height=\"768\" data-id=\"6276\" src=\"https:\/\/salesianossp.org.br\/ositaquera\/wp-content\/uploads\/2022\/08\/IMG_0855-tratada-1024x768.jpg\" alt=\"\" class=\"wp-image-6276\" srcset=\"https:\/\/salesianossp.org.br\/ositaquera\/wp-content\/uploads\/2022\/08\/IMG_0855-tratada-1024x768.jpg 1024w, https:\/\/salesianossp.org.br\/ositaquera\/wp-content\/uploads\/2022\/08\/IMG_0855-tratada-300x225.jpg 300w, https:\/\/salesianossp.org.br\/ositaquera\/wp-content\/uploads\/2022\/08\/IMG_0855-tratada-768x576.jpg 768w, https:\/\/salesianossp.org.br\/ositaquera\/wp-content\/uploads\/2022\/08\/IMG_0855-tratada.jpg 1333w\" sizes=\"(max-width: 1024px) 100vw, 1024px\" \/><\/figure>\n\n\n\n<figure class=\"wp-block-image size-large\"><img decoding=\"async\" width=\"1024\" height=\"793\" data-id=\"6277\" src=\"https:\/\/salesianossp.org.br\/ositaquera\/wp-content\/uploads\/2022\/08\/IMG_0854-tratada-1024x793.jpg\" alt=\"\" class=\"wp-image-6277\" srcset=\"https:\/\/salesianossp.org.br\/ositaquera\/wp-content\/uploads\/2022\/08\/IMG_0854-tratada-1024x793.jpg 1024w, https:\/\/salesianossp.org.br\/ositaquera\/wp-content\/uploads\/2022\/08\/IMG_0854-tratada-300x232.jpg 300w, https:\/\/salesianossp.org.br\/ositaquera\/wp-content\/uploads\/2022\/08\/IMG_0854-tratada-768x594.jpg 768w, https:\/\/salesianossp.org.br\/ositaquera\/wp-content\/uploads\/2022\/08\/IMG_0854-tratada.jpg 1292w\" sizes=\"(max-width: 1024px) 100vw, 1024px\" \/><\/figure>\n\n\n\n<figure class=\"wp-block-image size-large\"><img loading=\"lazy\" decoding=\"async\" width=\"980\" height=\"507\" data-id=\"6278\" src=\"https:\/\/salesianossp.org.br\/ositaquera\/wp-content\/uploads\/2022\/08\/daed6c79-773b-4773-ac4d-ac36362533af-tratada.jpg\" alt=\"\" class=\"wp-image-6278\" srcset=\"https:\/\/salesianossp.org.br\/ositaquera\/wp-content\/uploads\/2022\/08\/daed6c79-773b-4773-ac4d-ac36362533af-tratada.jpg 980w, https:\/\/salesianossp.org.br\/ositaquera\/wp-content\/uploads\/2022\/08\/daed6c79-773b-4773-ac4d-ac36362533af-tratada-300x155.jpg 300w, https:\/\/salesianossp.org.br\/ositaquera\/wp-content\/uploads\/2022\/08\/daed6c79-773b-4773-ac4d-ac36362533af-tratada-768x397.jpg 768w\" sizes=\"(max-width: 980px) 100vw, 980px\" \/><\/figure>\n<figcaption class=\"blocks-gallery-caption\"><em>Colaboradores do SAICA reunidos para a apresenta\u00e7\u00e3o dos resultados <\/em><br><em>da pesquisa de satisfa\u00e7\u00e3o e trabalho de alinhamento funcional.<\/em><\/figcaption><\/figure>\n\n\n\n<div style=\"height:40px\" aria-hidden=\"true\" class=\"wp-block-spacer\"><\/div>\n\n\n\n<p>Reunir todos dos colaboradores das cinco Casas de Acolhimento do SAICA n\u00e3o \u00e9 f\u00e1cil, visto ser um servi\u00e7o realizado de forma ininterrupta, no qual os colaboradores trabalham em revezamento de plant\u00f5es.<\/p>\n\n\n\n<p>Para que o encontre fosse realizado, contamos com a colabora\u00e7\u00e3o dos educadores e educandos do CEDESP e do CIRCO SOCIAL na realiza\u00e7\u00e3o de atividades recreativas com as crian\u00e7as e adolescentes acolhidos, enquanto os colaboradores participavam da reuni\u00e3o com a dire\u00e7\u00e3o.<\/p>\n\n\n\n<div style=\"height:27px\" aria-hidden=\"true\" class=\"wp-block-spacer\"><\/div>\n\n\n\n<figure class=\"wp-block-gallery has-nested-images columns-default is-cropped wp-block-gallery-2 is-layout-flex wp-block-gallery-is-layout-flex\">\n<figure class=\"wp-block-image size-large\"><img loading=\"lazy\" decoding=\"async\" width=\"1024\" height=\"690\" data-id=\"6273\" src=\"https:\/\/salesianossp.org.br\/ositaquera\/wp-content\/uploads\/2022\/08\/10960bb8-49ad-44b6-a628-5d475a6f9123-TRATADA-desfoque-1024x690.jpg\" alt=\"\" class=\"wp-image-6273\" srcset=\"https:\/\/salesianossp.org.br\/ositaquera\/wp-content\/uploads\/2022\/08\/10960bb8-49ad-44b6-a628-5d475a6f9123-TRATADA-desfoque-1024x690.jpg 1024w, https:\/\/salesianossp.org.br\/ositaquera\/wp-content\/uploads\/2022\/08\/10960bb8-49ad-44b6-a628-5d475a6f9123-TRATADA-desfoque-300x202.jpg 300w, https:\/\/salesianossp.org.br\/ositaquera\/wp-content\/uploads\/2022\/08\/10960bb8-49ad-44b6-a628-5d475a6f9123-TRATADA-desfoque-768x518.jpg 768w, https:\/\/salesianossp.org.br\/ositaquera\/wp-content\/uploads\/2022\/08\/10960bb8-49ad-44b6-a628-5d475a6f9123-TRATADA-desfoque.jpg 1200w\" sizes=\"(max-width: 1024px) 100vw, 1024px\" \/><\/figure>\n\n\n\n<figure class=\"wp-block-image size-large\"><img loading=\"lazy\" decoding=\"async\" width=\"1224\" height=\"892\" data-id=\"6274\" src=\"https:\/\/salesianossp.org.br\/ositaquera\/wp-content\/uploads\/2022\/08\/9e869acf-4f56-4519-ac7e-7733edf0ab98-tratada-desfoque.jpg\" alt=\"\" class=\"wp-image-6274\" srcset=\"https:\/\/salesianossp.org.br\/ositaquera\/wp-content\/uploads\/2022\/08\/9e869acf-4f56-4519-ac7e-7733edf0ab98-tratada-desfoque.jpg 1224w, https:\/\/salesianossp.org.br\/ositaquera\/wp-content\/uploads\/2022\/08\/9e869acf-4f56-4519-ac7e-7733edf0ab98-tratada-desfoque-300x219.jpg 300w, https:\/\/salesianossp.org.br\/ositaquera\/wp-content\/uploads\/2022\/08\/9e869acf-4f56-4519-ac7e-7733edf0ab98-tratada-desfoque-1024x746.jpg 1024w, https:\/\/salesianossp.org.br\/ositaquera\/wp-content\/uploads\/2022\/08\/9e869acf-4f56-4519-ac7e-7733edf0ab98-tratada-desfoque-768x560.jpg 768w\" sizes=\"(max-width: 1224px) 100vw, 1224px\" \/><\/figure>\n<figcaption class=\"blocks-gallery-caption\"><em>Educadores e educandos do CEDESP e Circo Social interagem com as crian\u00e7as e adolescentes do SAICAs.<\/em><\/figcaption><\/figure>\n\n\n\n<div style=\"height:18px\" aria-hidden=\"true\" class=\"wp-block-spacer\"><\/div>\n\n\n\n<p>Os educandos dos cursos de Auxiliar Pedag\u00f3gico e de Organizador de Eventos tiveram a oportunidade de vivenciarem os conhecimentos adquiridos e demonstraram muito entusiasmo e satisfa\u00e7\u00e3o durante o momento de intera\u00e7\u00e3o e acolhida.<\/p>\n\n\n\n<div style=\"height:45px\" aria-hidden=\"true\" class=\"wp-block-spacer\"><\/div>\n","protected":false},"excerpt":{"rendered":"<p>Encontro contou com momento de ora\u00e7\u00e3o e reflex\u00e3o e reuniu os colaboradores das cinco Casas de Acolhimento. Equipe realizou ainda trabalho de alinhamento funcional para contribuir no mapeamento de atribui\u00e7\u00f5es na Obra Social Dom Bosco.<\/p>\n","protected":false},"author":27,"featured_media":6272,"comment_status":"open","ping_status":"open","sticky":false,"template":"","format":"standard","meta":{"footnotes":""},"categories":[59],"tags":[],"class_list":["post-6271","post","type-post","status-publish","format-standard","has-post-thumbnail","hentry","category-noticias"],"yoast_head":"<!-- This site is optimized with the Yoast SEO plugin v27.4 - https:\/\/yoast.com\/product\/yoast-seo-wordpress\/ -->\n<title>COLABORADORES DO SAICA SE RE\u00daNEM PARA RETORNO DA PESQUISA DE SATISFA\u00c7\u00c3O - Obra Social Dom Bosco<\/title>\n<meta name=\"robots\" content=\"index, follow, max-snippet:-1, max-image-preview:large, max-video-preview:-1\" \/>\n<link rel=\"canonical\" href=\"https:\/\/salesianossp.org.br\/ositaquera\/colaboradores-do-saica-se-reunem-para-retorno-da-pesquisa-de-satisfacao\/\" \/>\n<meta property=\"og:locale\" content=\"pt_BR\" \/>\n<meta property=\"og:type\" content=\"article\" \/>\n<meta property=\"og:title\" content=\"COLABORADORES DO SAICA SE RE\u00daNEM PARA RETORNO DA PESQUISA DE SATISFA\u00c7\u00c3O - Obra Social Dom Bosco\" \/>\n<meta property=\"og:description\" content=\"Encontro contou com momento de ora\u00e7\u00e3o e reflex\u00e3o e reuniu os colaboradores das cinco Casas de Acolhimento. Equipe realizou ainda trabalho de alinhamento funcional para contribuir no mapeamento de atribui\u00e7\u00f5es na Obra Social Dom Bosco.\" \/>\n<meta property=\"og:url\" content=\"https:\/\/salesianossp.org.br\/ositaquera\/colaboradores-do-saica-se-reunem-para-retorno-da-pesquisa-de-satisfacao\/\" \/>\n<meta property=\"og:site_name\" content=\"Obra Social Dom Bosco\" \/>\n<meta property=\"article:publisher\" content=\"https:\/\/www.facebook.com\/domboscoitaquera\" \/>\n<meta property=\"article:published_time\" content=\"2022-08-10T19:29:00+00:00\" \/>\n<meta property=\"og:image\" content=\"https:\/\/salesianossp.org.br\/ositaquera\/wp-content\/uploads\/2022\/08\/CAPA-MATERIA-SAICA-2-copy.png\" \/>\n\t<meta property=\"og:image:width\" content=\"1416\" \/>\n\t<meta property=\"og:image:height\" content=\"1416\" \/>\n\t<meta property=\"og:image:type\" content=\"image\/png\" \/>\n<meta name=\"author\" content=\"Lucas Rodrigues\" \/>\n<meta name=\"twitter:card\" content=\"summary_large_image\" \/>\n<meta name=\"twitter:label1\" content=\"Escrito por\" \/>\n\t<meta name=\"twitter:data1\" content=\"Lucas Rodrigues\" \/>\n\t<meta name=\"twitter:label2\" content=\"Est. tempo de leitura\" \/>\n\t<meta name=\"twitter:data2\" content=\"1 minuto\" \/>\n<script type=\"application\/ld+json\" class=\"yoast-schema-graph\">{\"@context\":\"https:\\\/\\\/schema.org\",\"@graph\":[{\"@type\":\"Article\",\"@id\":\"https:\\\/\\\/salesianossp.org.br\\\/ositaquera\\\/colaboradores-do-saica-se-reunem-para-retorno-da-pesquisa-de-satisfacao\\\/#article\",\"isPartOf\":{\"@id\":\"https:\\\/\\\/salesianossp.org.br\\\/ositaquera\\\/colaboradores-do-saica-se-reunem-para-retorno-da-pesquisa-de-satisfacao\\\/\"},\"author\":{\"name\":\"Lucas Rodrigues\",\"@id\":\"https:\\\/\\\/salesianossp.org.br\\\/ositaquera\\\/#\\\/schema\\\/person\\\/612e159822bfeed64312a453b075f9de\"},\"headline\":\"COLABORADORES DO SAICA SE RE\u00daNEM PARA RETORNO DA PESQUISA DE SATISFA\u00c7\u00c3O\",\"datePublished\":\"2022-08-10T19:29:00+00:00\",\"mainEntityOfPage\":{\"@id\":\"https:\\\/\\\/salesianossp.org.br\\\/ositaquera\\\/colaboradores-do-saica-se-reunem-para-retorno-da-pesquisa-de-satisfacao\\\/\"},\"wordCount\":287,\"commentCount\":2,\"publisher\":{\"@id\":\"https:\\\/\\\/salesianossp.org.br\\\/ositaquera\\\/#organization\"},\"image\":{\"@id\":\"https:\\\/\\\/salesianossp.org.br\\\/ositaquera\\\/colaboradores-do-saica-se-reunem-para-retorno-da-pesquisa-de-satisfacao\\\/#primaryimage\"},\"thumbnailUrl\":\"https:\\\/\\\/salesianossp.org.br\\\/ositaquera\\\/wp-content\\\/uploads\\\/2022\\\/08\\\/CAPA-MATERIA-SAICA-2-copy.png\",\"articleSection\":[\"Not\u00edcias\"],\"inLanguage\":\"pt-BR\",\"potentialAction\":[{\"@type\":\"CommentAction\",\"name\":\"Comment\",\"target\":[\"https:\\\/\\\/salesianossp.org.br\\\/ositaquera\\\/colaboradores-do-saica-se-reunem-para-retorno-da-pesquisa-de-satisfacao\\\/#respond\"]}]},{\"@type\":\"WebPage\",\"@id\":\"https:\\\/\\\/salesianossp.org.br\\\/ositaquera\\\/colaboradores-do-saica-se-reunem-para-retorno-da-pesquisa-de-satisfacao\\\/\",\"url\":\"https:\\\/\\\/salesianossp.org.br\\\/ositaquera\\\/colaboradores-do-saica-se-reunem-para-retorno-da-pesquisa-de-satisfacao\\\/\",\"name\":\"COLABORADORES DO SAICA SE RE\u00daNEM PARA RETORNO DA PESQUISA DE SATISFA\u00c7\u00c3O - Obra Social Dom Bosco\",\"isPartOf\":{\"@id\":\"https:\\\/\\\/salesianossp.org.br\\\/ositaquera\\\/#website\"},\"primaryImageOfPage\":{\"@id\":\"https:\\\/\\\/salesianossp.org.br\\\/ositaquera\\\/colaboradores-do-saica-se-reunem-para-retorno-da-pesquisa-de-satisfacao\\\/#primaryimage\"},\"image\":{\"@id\":\"https:\\\/\\\/salesianossp.org.br\\\/ositaquera\\\/colaboradores-do-saica-se-reunem-para-retorno-da-pesquisa-de-satisfacao\\\/#primaryimage\"},\"thumbnailUrl\":\"https:\\\/\\\/salesianossp.org.br\\\/ositaquera\\\/wp-content\\\/uploads\\\/2022\\\/08\\\/CAPA-MATERIA-SAICA-2-copy.png\",\"datePublished\":\"2022-08-10T19:29:00+00:00\",\"breadcrumb\":{\"@id\":\"https:\\\/\\\/salesianossp.org.br\\\/ositaquera\\\/colaboradores-do-saica-se-reunem-para-retorno-da-pesquisa-de-satisfacao\\\/#breadcrumb\"},\"inLanguage\":\"pt-BR\",\"potentialAction\":[{\"@type\":\"ReadAction\",\"target\":[\"https:\\\/\\\/salesianossp.org.br\\\/ositaquera\\\/colaboradores-do-saica-se-reunem-para-retorno-da-pesquisa-de-satisfacao\\\/\"]}]},{\"@type\":\"ImageObject\",\"inLanguage\":\"pt-BR\",\"@id\":\"https:\\\/\\\/salesianossp.org.br\\\/ositaquera\\\/colaboradores-do-saica-se-reunem-para-retorno-da-pesquisa-de-satisfacao\\\/#primaryimage\",\"url\":\"https:\\\/\\\/salesianossp.org.br\\\/ositaquera\\\/wp-content\\\/uploads\\\/2022\\\/08\\\/CAPA-MATERIA-SAICA-2-copy.png\",\"contentUrl\":\"https:\\\/\\\/salesianossp.org.br\\\/ositaquera\\\/wp-content\\\/uploads\\\/2022\\\/08\\\/CAPA-MATERIA-SAICA-2-copy.png\",\"width\":1416,\"height\":1416},{\"@type\":\"BreadcrumbList\",\"@id\":\"https:\\\/\\\/salesianossp.org.br\\\/ositaquera\\\/colaboradores-do-saica-se-reunem-para-retorno-da-pesquisa-de-satisfacao\\\/#breadcrumb\",\"itemListElement\":[{\"@type\":\"ListItem\",\"position\":1,\"name\":\"In\u00edcio\",\"item\":\"https:\\\/\\\/salesianossp.org.br\\\/ositaquera\\\/\"},{\"@type\":\"ListItem\",\"position\":2,\"name\":\"COLABORADORES DO SAICA SE RE\u00daNEM PARA RETORNO DA PESQUISA DE SATISFA\u00c7\u00c3O\"}]},{\"@type\":\"WebSite\",\"@id\":\"https:\\\/\\\/salesianossp.org.br\\\/ositaquera\\\/#website\",\"url\":\"https:\\\/\\\/salesianossp.org.br\\\/ositaquera\\\/\",\"name\":\"Obra Social Dom Bosco\",\"description\":\"\",\"publisher\":{\"@id\":\"https:\\\/\\\/salesianossp.org.br\\\/ositaquera\\\/#organization\"},\"potentialAction\":[{\"@type\":\"SearchAction\",\"target\":{\"@type\":\"EntryPoint\",\"urlTemplate\":\"https:\\\/\\\/salesianossp.org.br\\\/ositaquera\\\/?s={search_term_string}\"},\"query-input\":{\"@type\":\"PropertyValueSpecification\",\"valueRequired\":true,\"valueName\":\"search_term_string\"}}],\"inLanguage\":\"pt-BR\"},{\"@type\":\"Organization\",\"@id\":\"https:\\\/\\\/salesianossp.org.br\\\/ositaquera\\\/#organization\",\"name\":\"Obra Social Dom Bosco\",\"url\":\"https:\\\/\\\/salesianossp.org.br\\\/ositaquera\\\/\",\"logo\":{\"@type\":\"ImageObject\",\"inLanguage\":\"pt-BR\",\"@id\":\"https:\\\/\\\/salesianossp.org.br\\\/ositaquera\\\/#\\\/schema\\\/logo\\\/image\\\/\",\"url\":\"https:\\\/\\\/salesianossp.org.br\\\/ositaquera\\\/wp-content\\\/uploads\\\/2024\\\/03\\\/logo-obra-social-dom-bosco-itaquera-h-scaled.png\",\"contentUrl\":\"https:\\\/\\\/salesianossp.org.br\\\/ositaquera\\\/wp-content\\\/uploads\\\/2024\\\/03\\\/logo-obra-social-dom-bosco-itaquera-h-scaled.png\",\"width\":2560,\"height\":672,\"caption\":\"Obra Social Dom Bosco\"},\"image\":{\"@id\":\"https:\\\/\\\/salesianossp.org.br\\\/ositaquera\\\/#\\\/schema\\\/logo\\\/image\\\/\"},\"sameAs\":[\"https:\\\/\\\/www.facebook.com\\\/domboscoitaquera\",\"https:\\\/\\\/br.linkedin.com\\\/company\\\/domboscoitaquera\",\"https:\\\/\\\/www.youtube.com\\\/channel\\\/UCMIUZW8mqlpEbP7Dy02veOw\",\"https:\\\/\\\/www.instagram.com\\\/obradombosco\\\/\"]},{\"@type\":\"Person\",\"@id\":\"https:\\\/\\\/salesianossp.org.br\\\/ositaquera\\\/#\\\/schema\\\/person\\\/612e159822bfeed64312a453b075f9de\",\"name\":\"Lucas Rodrigues\",\"image\":{\"@type\":\"ImageObject\",\"inLanguage\":\"pt-BR\",\"@id\":\"https:\\\/\\\/secure.gravatar.com\\\/avatar\\\/0ad9c966c6ed3335d7fffe2c3b88880dd298c0817b71e20a6955c38f2a53f746?s=96&d=mm&r=g\",\"url\":\"https:\\\/\\\/secure.gravatar.com\\\/avatar\\\/0ad9c966c6ed3335d7fffe2c3b88880dd298c0817b71e20a6955c38f2a53f746?s=96&d=mm&r=g\",\"contentUrl\":\"https:\\\/\\\/secure.gravatar.com\\\/avatar\\\/0ad9c966c6ed3335d7fffe2c3b88880dd298c0817b71e20a6955c38f2a53f746?s=96&d=mm&r=g\",\"caption\":\"Lucas Rodrigues\"},\"url\":\"https:\\\/\\\/salesianossp.org.br\\\/ositaquera\\\/author\\\/lucas-rodrigues\\\/\"}]}<\/script>\n<!-- \/ Yoast SEO plugin. -->","yoast_head_json":{"title":"COLABORADORES DO SAICA SE RE\u00daNEM PARA RETORNO DA PESQUISA DE SATISFA\u00c7\u00c3O - Obra Social Dom Bosco","robots":{"index":"index","follow":"follow","max-snippet":"max-snippet:-1","max-image-preview":"max-image-preview:large","max-video-preview":"max-video-preview:-1"},"canonical":"https:\/\/salesianossp.org.br\/ositaquera\/colaboradores-do-saica-se-reunem-para-retorno-da-pesquisa-de-satisfacao\/","og_locale":"pt_BR","og_type":"article","og_title":"COLABORADORES DO SAICA SE RE\u00daNEM PARA RETORNO DA PESQUISA DE SATISFA\u00c7\u00c3O - Obra Social Dom Bosco","og_description":"Encontro contou com momento de ora\u00e7\u00e3o e reflex\u00e3o e reuniu os colaboradores das cinco Casas de Acolhimento. Equipe realizou ainda trabalho de alinhamento funcional para contribuir no mapeamento de atribui\u00e7\u00f5es na Obra Social Dom Bosco.","og_url":"https:\/\/salesianossp.org.br\/ositaquera\/colaboradores-do-saica-se-reunem-para-retorno-da-pesquisa-de-satisfacao\/","og_site_name":"Obra Social Dom Bosco","article_publisher":"https:\/\/www.facebook.com\/domboscoitaquera","article_published_time":"2022-08-10T19:29:00+00:00","og_image":[{"width":1416,"height":1416,"url":"https:\/\/salesianossp.org.br\/ositaquera\/wp-content\/uploads\/2022\/08\/CAPA-MATERIA-SAICA-2-copy.png","type":"image\/png"}],"author":"Lucas Rodrigues","twitter_card":"summary_large_image","twitter_misc":{"Escrito por":"Lucas Rodrigues","Est. tempo de leitura":"1 minuto"},"schema":{"@context":"https:\/\/schema.org","@graph":[{"@type":"Article","@id":"https:\/\/salesianossp.org.br\/ositaquera\/colaboradores-do-saica-se-reunem-para-retorno-da-pesquisa-de-satisfacao\/#article","isPartOf":{"@id":"https:\/\/salesianossp.org.br\/ositaquera\/colaboradores-do-saica-se-reunem-para-retorno-da-pesquisa-de-satisfacao\/"},"author":{"name":"Lucas Rodrigues","@id":"https:\/\/salesianossp.org.br\/ositaquera\/#\/schema\/person\/612e159822bfeed64312a453b075f9de"},"headline":"COLABORADORES DO SAICA SE RE\u00daNEM PARA RETORNO DA PESQUISA DE SATISFA\u00c7\u00c3O","datePublished":"2022-08-10T19:29:00+00:00","mainEntityOfPage":{"@id":"https:\/\/salesianossp.org.br\/ositaquera\/colaboradores-do-saica-se-reunem-para-retorno-da-pesquisa-de-satisfacao\/"},"wordCount":287,"commentCount":2,"publisher":{"@id":"https:\/\/salesianossp.org.br\/ositaquera\/#organization"},"image":{"@id":"https:\/\/salesianossp.org.br\/ositaquera\/colaboradores-do-saica-se-reunem-para-retorno-da-pesquisa-de-satisfacao\/#primaryimage"},"thumbnailUrl":"https:\/\/salesianossp.org.br\/ositaquera\/wp-content\/uploads\/2022\/08\/CAPA-MATERIA-SAICA-2-copy.png","articleSection":["Not\u00edcias"],"inLanguage":"pt-BR","potentialAction":[{"@type":"CommentAction","name":"Comment","target":["https:\/\/salesianossp.org.br\/ositaquera\/colaboradores-do-saica-se-reunem-para-retorno-da-pesquisa-de-satisfacao\/#respond"]}]},{"@type":"WebPage","@id":"https:\/\/salesianossp.org.br\/ositaquera\/colaboradores-do-saica-se-reunem-para-retorno-da-pesquisa-de-satisfacao\/","url":"https:\/\/salesianossp.org.br\/ositaquera\/colaboradores-do-saica-se-reunem-para-retorno-da-pesquisa-de-satisfacao\/","name":"COLABORADORES DO SAICA SE RE\u00daNEM PARA RETORNO DA PESQUISA DE SATISFA\u00c7\u00c3O - Obra Social Dom Bosco","isPartOf":{"@id":"https:\/\/salesianossp.org.br\/ositaquera\/#website"},"primaryImageOfPage":{"@id":"https:\/\/salesianossp.org.br\/ositaquera\/colaboradores-do-saica-se-reunem-para-retorno-da-pesquisa-de-satisfacao\/#primaryimage"},"image":{"@id":"https:\/\/salesianossp.org.br\/ositaquera\/colaboradores-do-saica-se-reunem-para-retorno-da-pesquisa-de-satisfacao\/#primaryimage"},"thumbnailUrl":"https:\/\/salesianossp.org.br\/ositaquera\/wp-content\/uploads\/2022\/08\/CAPA-MATERIA-SAICA-2-copy.png","datePublished":"2022-08-10T19:29:00+00:00","breadcrumb":{"@id":"https:\/\/salesianossp.org.br\/ositaquera\/colaboradores-do-saica-se-reunem-para-retorno-da-pesquisa-de-satisfacao\/#breadcrumb"},"inLanguage":"pt-BR","potentialAction":[{"@type":"ReadAction","target":["https:\/\/salesianossp.org.br\/ositaquera\/colaboradores-do-saica-se-reunem-para-retorno-da-pesquisa-de-satisfacao\/"]}]},{"@type":"ImageObject","inLanguage":"pt-BR","@id":"https:\/\/salesianossp.org.br\/ositaquera\/colaboradores-do-saica-se-reunem-para-retorno-da-pesquisa-de-satisfacao\/#primaryimage","url":"https:\/\/salesianossp.org.br\/ositaquera\/wp-content\/uploads\/2022\/08\/CAPA-MATERIA-SAICA-2-copy.png","contentUrl":"https:\/\/salesianossp.org.br\/ositaquera\/wp-content\/uploads\/2022\/08\/CAPA-MATERIA-SAICA-2-copy.png","width":1416,"height":1416},{"@type":"BreadcrumbList","@id":"https:\/\/salesianossp.org.br\/ositaquera\/colaboradores-do-saica-se-reunem-para-retorno-da-pesquisa-de-satisfacao\/#breadcrumb","itemListElement":[{"@type":"ListItem","position":1,"name":"In\u00edcio","item":"https:\/\/salesianossp.org.br\/ositaquera\/"},{"@type":"ListItem","position":2,"name":"COLABORADORES DO SAICA SE RE\u00daNEM PARA RETORNO DA PESQUISA DE SATISFA\u00c7\u00c3O"}]},{"@type":"WebSite","@id":"https:\/\/salesianossp.org.br\/ositaquera\/#website","url":"https:\/\/salesianossp.org.br\/ositaquera\/","name":"Obra Social Dom Bosco","description":"","publisher":{"@id":"https:\/\/salesianossp.org.br\/ositaquera\/#organization"},"potentialAction":[{"@type":"SearchAction","target":{"@type":"EntryPoint","urlTemplate":"https:\/\/salesianossp.org.br\/ositaquera\/?s={search_term_string}"},"query-input":{"@type":"PropertyValueSpecification","valueRequired":true,"valueName":"search_term_string"}}],"inLanguage":"pt-BR"},{"@type":"Organization","@id":"https:\/\/salesianossp.org.br\/ositaquera\/#organization","name":"Obra Social Dom Bosco","url":"https:\/\/salesianossp.org.br\/ositaquera\/","logo":{"@type":"ImageObject","inLanguage":"pt-BR","@id":"https:\/\/salesianossp.org.br\/ositaquera\/#\/schema\/logo\/image\/","url":"https:\/\/salesianossp.org.br\/ositaquera\/wp-content\/uploads\/2024\/03\/logo-obra-social-dom-bosco-itaquera-h-scaled.png","contentUrl":"https:\/\/salesianossp.org.br\/ositaquera\/wp-content\/uploads\/2024\/03\/logo-obra-social-dom-bosco-itaquera-h-scaled.png","width":2560,"height":672,"caption":"Obra Social Dom Bosco"},"image":{"@id":"https:\/\/salesianossp.org.br\/ositaquera\/#\/schema\/logo\/image\/"},"sameAs":["https:\/\/www.facebook.com\/domboscoitaquera","https:\/\/br.linkedin.com\/company\/domboscoitaquera","https:\/\/www.youtube.com\/channel\/UCMIUZW8mqlpEbP7Dy02veOw","https:\/\/www.instagram.com\/obradombosco\/"]},{"@type":"Person","@id":"https:\/\/salesianossp.org.br\/ositaquera\/#\/schema\/person\/612e159822bfeed64312a453b075f9de","name":"Lucas Rodrigues","image":{"@type":"ImageObject","inLanguage":"pt-BR","@id":"https:\/\/secure.gravatar.com\/avatar\/0ad9c966c6ed3335d7fffe2c3b88880dd298c0817b71e20a6955c38f2a53f746?s=96&d=mm&r=g","url":"https:\/\/secure.gravatar.com\/avatar\/0ad9c966c6ed3335d7fffe2c3b88880dd298c0817b71e20a6955c38f2a53f746?s=96&d=mm&r=g","contentUrl":"https:\/\/secure.gravatar.com\/avatar\/0ad9c966c6ed3335d7fffe2c3b88880dd298c0817b71e20a6955c38f2a53f746?s=96&d=mm&r=g","caption":"Lucas Rodrigues"},"url":"https:\/\/salesianossp.org.br\/ositaquera\/author\/lucas-rodrigues\/"}]}},"_links":{"self":[{"href":"https:\/\/salesianossp.org.br\/ositaquera\/wp-json\/wp\/v2\/posts\/6271","targetHints":{"allow":["GET"]}}],"collection":[{"href":"https:\/\/salesianossp.org.br\/ositaquera\/wp-json\/wp\/v2\/posts"}],"about":[{"href":"https:\/\/salesianossp.org.br\/ositaquera\/wp-json\/wp\/v2\/types\/post"}],"author":[{"embeddable":true,"href":"https:\/\/salesianossp.org.br\/ositaquera\/wp-json\/wp\/v2\/users\/27"}],"replies":[{"embeddable":true,"href":"https:\/\/salesianossp.org.br\/ositaquera\/wp-json\/wp\/v2\/comments?post=6271"}],"version-history":[{"count":0,"href":"https:\/\/salesianossp.org.br\/ositaquera\/wp-json\/wp\/v2\/posts\/6271\/revisions"}],"wp:featuredmedia":[{"embeddable":true,"href":"https:\/\/salesianossp.org.br\/ositaquera\/wp-json\/wp\/v2\/media\/6272"}],"wp:attachment":[{"href":"https:\/\/salesianossp.org.br\/ositaquera\/wp-json\/wp\/v2\/media?parent=6271"}],"wp:term":[{"taxonomy":"category","embeddable":true,"href":"https:\/\/salesianossp.org.br\/ositaquera\/wp-json\/wp\/v2\/categories?post=6271"},{"taxonomy":"post_tag","embeddable":true,"href":"https:\/\/salesianossp.org.br\/ositaquera\/wp-json\/wp\/v2\/tags?post=6271"}],"curies":[{"name":"wp","href":"https:\/\/api.w.org\/{rel}","templated":true}]}}