{"id":6333,"date":"2022-08-24T16:09:00","date_gmt":"2022-08-24T19:09:00","guid":{"rendered":"https:\/\/salesianossp.org.br\/ositaquera\/?p=6333"},"modified":"2022-08-24T16:09:00","modified_gmt":"2022-08-24T19:09:00","slug":"obra-social-comemora-100-anos-de-vida-do-irmao-genesio","status":"publish","type":"post","link":"https:\/\/salesianossp.org.br\/ositaquera\/obra-social-comemora-100-anos-de-vida-do-irmao-genesio\/","title":{"rendered":"OBRA SOCIAL DOM BOSCO COMEMORA OS 100 ANOS DE VIDA DO IRM\u00c3O GEN\u00c9SIO"},"content":{"rendered":"\n<p><\/p>\n\n\n\n<p><strong>Comunica\u00e7\u00e3o\/OSDB Itaquera<\/strong><\/p>\n\n\n\n<p>Passava das 15 horas, na gelada tarde de sexta-feira do dia 19 de agosto de 2022, quando a passos calmos, e olhar atento, o homenageado entrou no gin\u00e1sio do Circo Social. Ao lado, os amigos e irm\u00e3os de jornada, Padre Rosalvino e Irm\u00e3o Antonio Carlos, caminharam com o Irm\u00e3o Gen\u00e9sio at\u00e9 a entrada do sal\u00e3o, enfeitado com luzes, bal\u00f5es e faixas em alus\u00e3o ao Centen\u00e1rio do aniversariante. A emo\u00e7\u00e3o e o calor humano venceram as baixas temperaturas na capital paulista e sob os aplausos de uma plateia que se colocou de p\u00e9 para receb\u00ea-lo, o Irm\u00e3o Gen\u00e9sio foi \u00e0s l\u00e1grimas. Emocionado, agradecia e acenava a todos ao cruzar o centro da quadra em dire\u00e7\u00e3o ao palco, para dar in\u00edcio \u00e0 t\u00e3o esperada celebra\u00e7\u00e3o.<\/p>\n\n\n\n<div style=\"height:34px\" aria-hidden=\"true\" class=\"wp-block-spacer\"><\/div>\n\n\n\n<figure class=\"wp-block-gallery has-nested-images columns-default is-cropped wp-block-gallery-1 is-layout-flex wp-block-gallery-is-layout-flex\">\n<figure class=\"wp-block-image size-large\"><img fetchpriority=\"high\" decoding=\"async\" width=\"619\" height=\"1024\" data-id=\"6335\" src=\"https:\/\/salesianossp.org.br\/ositaquera\/wp-content\/uploads\/2022\/09\/IMG-20220820-WA0026-tratada-619x1024.jpg\" alt=\"\" class=\"wp-image-6335\" srcset=\"https:\/\/salesianossp.org.br\/ositaquera\/wp-content\/uploads\/2022\/09\/IMG-20220820-WA0026-tratada-619x1024.jpg 619w, https:\/\/salesianossp.org.br\/ositaquera\/wp-content\/uploads\/2022\/09\/IMG-20220820-WA0026-tratada-181x300.jpg 181w, https:\/\/salesianossp.org.br\/ositaquera\/wp-content\/uploads\/2022\/09\/IMG-20220820-WA0026-tratada-768x1271.jpg 768w, https:\/\/salesianossp.org.br\/ositaquera\/wp-content\/uploads\/2022\/09\/IMG-20220820-WA0026-tratada-928x1536.jpg 928w, https:\/\/salesianossp.org.br\/ositaquera\/wp-content\/uploads\/2022\/09\/IMG-20220820-WA0026-tratada.jpg 967w\" sizes=\"(max-width: 619px) 100vw, 619px\" \/><\/figure>\n\n\n\n<figure class=\"wp-block-image size-large\"><img decoding=\"async\" width=\"524\" height=\"1024\" data-id=\"6336\" src=\"https:\/\/salesianossp.org.br\/ositaquera\/wp-content\/uploads\/2022\/09\/IMG-20220820-WA0020-tratada-524x1024.jpg\" alt=\"\" class=\"wp-image-6336\" srcset=\"https:\/\/salesianossp.org.br\/ositaquera\/wp-content\/uploads\/2022\/09\/IMG-20220820-WA0020-tratada-524x1024.jpg 524w, https:\/\/salesianossp.org.br\/ositaquera\/wp-content\/uploads\/2022\/09\/IMG-20220820-WA0020-tratada-154x300.jpg 154w, https:\/\/salesianossp.org.br\/ositaquera\/wp-content\/uploads\/2022\/09\/IMG-20220820-WA0020-tratada.jpg 720w\" sizes=\"(max-width: 524px) 100vw, 524px\" \/><\/figure>\n\n\n\n<figure class=\"wp-block-image size-large\"><img decoding=\"async\" width=\"542\" height=\"1024\" data-id=\"6337\" src=\"https:\/\/salesianossp.org.br\/ositaquera\/wp-content\/uploads\/2022\/09\/IMG_20220819_194726-tratada-542x1024.jpg\" alt=\"\" class=\"wp-image-6337\" srcset=\"https:\/\/salesianossp.org.br\/ositaquera\/wp-content\/uploads\/2022\/09\/IMG_20220819_194726-tratada-542x1024.jpg 542w, https:\/\/salesianossp.org.br\/ositaquera\/wp-content\/uploads\/2022\/09\/IMG_20220819_194726-tratada-159x300.jpg 159w, https:\/\/salesianossp.org.br\/ositaquera\/wp-content\/uploads\/2022\/09\/IMG_20220819_194726-tratada-768x1450.jpg 768w, https:\/\/salesianossp.org.br\/ositaquera\/wp-content\/uploads\/2022\/09\/IMG_20220819_194726-tratada-814x1536.jpg 814w, https:\/\/salesianossp.org.br\/ositaquera\/wp-content\/uploads\/2022\/09\/IMG_20220819_194726-tratada-1085x2048.jpg 1085w, https:\/\/salesianossp.org.br\/ositaquera\/wp-content\/uploads\/2022\/09\/IMG_20220819_194726-tratada.jpg 1126w\" sizes=\"(max-width: 542px) 100vw, 542px\" \/><\/figure>\n\n\n\n<figure class=\"wp-block-image size-large\"><img loading=\"lazy\" decoding=\"async\" width=\"995\" height=\"559\" data-id=\"6382\" src=\"https:\/\/salesianossp.org.br\/ositaquera\/wp-content\/uploads\/2022\/09\/IMG_20220819_152019-tratada-edited.jpg\" alt=\"\" class=\"wp-image-6382\" srcset=\"https:\/\/salesianossp.org.br\/ositaquera\/wp-content\/uploads\/2022\/09\/IMG_20220819_152019-tratada-edited.jpg 995w, https:\/\/salesianossp.org.br\/ositaquera\/wp-content\/uploads\/2022\/09\/IMG_20220819_152019-tratada-edited-300x169.jpg 300w, https:\/\/salesianossp.org.br\/ositaquera\/wp-content\/uploads\/2022\/09\/IMG_20220819_152019-tratada-edited-768x431.jpg 768w\" sizes=\"(max-width: 995px) 100vw, 995px\" \/><\/figure>\n<figcaption class=\"blocks-gallery-caption\"><em>Detalhes da decora\u00e7\u00e3o do baile, em homenagem ao centen\u00e1rio do Irm\u00e3o Gen\u00e9sio; <br>Abaixo, o Irm\u00e3o e o Padre Rosalvino seguem em dire\u00e7\u00e3o ao palco do Gin\u00e1sio.<\/em><\/figcaption><\/figure>\n\n\n\n<div style=\"height:31px\" aria-hidden=\"true\" class=\"wp-block-spacer\"><\/div>\n\n\n\n<p><strong>Compromisso e humildade<\/strong><\/p>\n\n\n\n<p>Nascido no dia 19 de agosto de 1922 na cidade de Blumenau, em Santa Catarina, Gen\u00e9sio Dalmonico, filho de Jacintho e Em\u00edlia Dalmonico, demonstrava, desde crian\u00e7a, uma tranquilidade e amabilidade para com os outros. De fam\u00edlia humilde, composta por mais cinco irm\u00e3os, o menino, e depois o homem Gen\u00e9sio sempre \u00e9 lembrado pela disciplina, o sil\u00eancio e a paci\u00eancia dedicadas \u00e0s pessoas e ao seu of\u00edcio. <\/p>\n\n\n\n<div style=\"height:33px\" aria-hidden=\"true\" class=\"wp-block-spacer\"><\/div>\n\n\n\n<figure class=\"wp-block-gallery has-nested-images columns-default is-cropped wp-block-gallery-2 is-layout-flex wp-block-gallery-is-layout-flex\">\n<figure class=\"wp-block-image size-large\"><img loading=\"lazy\" decoding=\"async\" width=\"1024\" height=\"804\" data-id=\"6375\" src=\"https:\/\/salesianossp.org.br\/ositaquera\/wp-content\/uploads\/2022\/09\/IMG_20220819_153023-tratada-1024x804.jpg\" alt=\"\" class=\"wp-image-6375\" srcset=\"https:\/\/salesianossp.org.br\/ositaquera\/wp-content\/uploads\/2022\/09\/IMG_20220819_153023-tratada-1024x804.jpg 1024w, https:\/\/salesianossp.org.br\/ositaquera\/wp-content\/uploads\/2022\/09\/IMG_20220819_153023-tratada-300x236.jpg 300w, https:\/\/salesianossp.org.br\/ositaquera\/wp-content\/uploads\/2022\/09\/IMG_20220819_153023-tratada-768x603.jpg 768w, https:\/\/salesianossp.org.br\/ositaquera\/wp-content\/uploads\/2022\/09\/IMG_20220819_153023-tratada-1536x1206.jpg 1536w, https:\/\/salesianossp.org.br\/ositaquera\/wp-content\/uploads\/2022\/09\/IMG_20220819_153023-tratada-2048x1608.jpg 2048w\" sizes=\"(max-width: 1024px) 100vw, 1024px\" \/><\/figure>\n\n\n\n<figure class=\"wp-block-image size-large\"><img loading=\"lazy\" decoding=\"async\" width=\"1024\" height=\"1007\" data-id=\"6341\" src=\"https:\/\/salesianossp.org.br\/ositaquera\/wp-content\/uploads\/2022\/09\/IMG_20220819_160008-tratada-1024x1007.jpg\" alt=\"\" class=\"wp-image-6341\" srcset=\"https:\/\/salesianossp.org.br\/ositaquera\/wp-content\/uploads\/2022\/09\/IMG_20220819_160008-tratada-1024x1007.jpg 1024w, https:\/\/salesianossp.org.br\/ositaquera\/wp-content\/uploads\/2022\/09\/IMG_20220819_160008-tratada-300x295.jpg 300w, https:\/\/salesianossp.org.br\/ositaquera\/wp-content\/uploads\/2022\/09\/IMG_20220819_160008-tratada-768x755.jpg 768w, https:\/\/salesianossp.org.br\/ositaquera\/wp-content\/uploads\/2022\/09\/IMG_20220819_160008-tratada-1536x1510.jpg 1536w, https:\/\/salesianossp.org.br\/ositaquera\/wp-content\/uploads\/2022\/09\/IMG_20220819_160008-tratada-2048x2013.jpg 2048w\" sizes=\"(max-width: 1024px) 100vw, 1024px\" \/><\/figure>\n\n\n\n<figure class=\"wp-block-image size-large\"><img loading=\"lazy\" decoding=\"async\" width=\"1024\" height=\"710\" data-id=\"6342\" src=\"https:\/\/salesianossp.org.br\/ositaquera\/wp-content\/uploads\/2022\/09\/IMG_20220819_152252-tratada-1024x710.jpg\" alt=\"\" class=\"wp-image-6342\" srcset=\"https:\/\/salesianossp.org.br\/ositaquera\/wp-content\/uploads\/2022\/09\/IMG_20220819_152252-tratada-1024x710.jpg 1024w, https:\/\/salesianossp.org.br\/ositaquera\/wp-content\/uploads\/2022\/09\/IMG_20220819_152252-tratada-300x208.jpg 300w, https:\/\/salesianossp.org.br\/ositaquera\/wp-content\/uploads\/2022\/09\/IMG_20220819_152252-tratada-768x533.jpg 768w, https:\/\/salesianossp.org.br\/ositaquera\/wp-content\/uploads\/2022\/09\/IMG_20220819_152252-tratada-1536x1066.jpg 1536w, https:\/\/salesianossp.org.br\/ositaquera\/wp-content\/uploads\/2022\/09\/IMG_20220819_152252-tratada-2048x1421.jpg 2048w\" sizes=\"(max-width: 1024px) 100vw, 1024px\" \/><\/figure>\n\n\n\n<figure class=\"wp-block-image size-large\"><img loading=\"lazy\" decoding=\"async\" width=\"1024\" height=\"428\" data-id=\"6343\" src=\"https:\/\/salesianossp.org.br\/ositaquera\/wp-content\/uploads\/2022\/09\/IMG_20220819_155835-tratada-1024x428.jpg\" alt=\"\" class=\"wp-image-6343\" srcset=\"https:\/\/salesianossp.org.br\/ositaquera\/wp-content\/uploads\/2022\/09\/IMG_20220819_155835-tratada-1024x428.jpg 1024w, https:\/\/salesianossp.org.br\/ositaquera\/wp-content\/uploads\/2022\/09\/IMG_20220819_155835-tratada-300x125.jpg 300w, https:\/\/salesianossp.org.br\/ositaquera\/wp-content\/uploads\/2022\/09\/IMG_20220819_155835-tratada-768x321.jpg 768w, https:\/\/salesianossp.org.br\/ositaquera\/wp-content\/uploads\/2022\/09\/IMG_20220819_155835-tratada-1536x642.jpg 1536w, https:\/\/salesianossp.org.br\/ositaquera\/wp-content\/uploads\/2022\/09\/IMG_20220819_155835-tratada-2048x855.jpg 2048w\" sizes=\"(max-width: 1024px) 100vw, 1024px\" \/><\/figure>\n<figcaption class=\"blocks-gallery-caption\"><em>Irm\u00e3o Gen\u00e9sio \u00e9 cumprimentad<\/em>o <em>durante a entrada das imagens<\/em><br><em>de Dom Bosco e Nossa Senhora Auxiliadora na Celebra\u00e7\u00e3o.<\/em><\/figcaption><\/figure>\n\n\n\n<div style=\"height:33px\" aria-hidden=\"true\" class=\"wp-block-spacer\"><\/div>\n\n\n\n<p>O amigo, diretor-presidente e fundador da Obra, Padre Rosalvino Mor\u00e1n Vi\u00f1ayo, fala com carinho do Irm\u00e3o e da import\u00e2ncia de celebrarmos os seus 100 anos de vida:<\/p>\n\n\n\n<blockquote class=\"wp-block-quote is-layout-flow wp-block-quote-is-layout-flow\"><p><strong><mark style=\"background-color:rgba(0, 0, 0, 0)\" class=\"has-inline-color has-vivid-cyan-blue-color\">\u201cFoi de fundamental import\u00e2ncia a comemora\u00e7\u00e3o hist\u00f3rica celebrada por n\u00f3s, aqui em Itaquera, no centen\u00e1rio do Irm\u00e3o Gen\u00e9sio. Figura \u00edmpar, n\u00e3o s\u00f3 pela idade, mas pelo carisma, bondade, acolhimento e pela maneira como me tratou desde que veio para a zona leste. Gen\u00e9sio \u00e9 uma conquista para Itaquera. Ele chegou comigo em 80, 81 e jamais me abandonou. Jamais deixou de fazer a sua parte, seja na presen\u00e7a, nos cuidados e nos elementos do seu trabalho, que compunham a \u00e1rea da sa\u00fade e da alimenta\u00e7\u00e3o. Comemorar os seus Cem Anos com a fibra, com a maneira como ele est\u00e1, \u00e9 uma ben\u00e7\u00e3o. Eu fui convocado umas tr\u00eas vezes ao hospital Santa Marcelina, durante a interna\u00e7\u00e3o dele, para lhe dar a ben\u00e7\u00e3o final. Mas gra\u00e7as a Deus, com a ben\u00e7\u00e3o da M\u00e3e Auxiliadora, segundo ele mesmo, vimos uma melhora radical. Ele come\u00e7ou a respirar, a abrir os olhos, e saiu daquela fase que, segundo a medicina, estava decretado o fim. Ent\u00e3o, ele \u00e9 um santo homem. \u00c9 um \u00edcone e um modelo para todos os irm\u00e3os salesianos copiarem as virtudes, a seriedade e a paix\u00e3o por Dom Bosco. Tudo isso est\u00e1 no carisma dele. \u00c9 bom ressaltar que ele pediu um baile! O \u2018Baile do Gen\u00e9sio!\u2019. &nbsp;E ele dan\u00e7ou. Abriu o baile e todo mundo dan\u00e7ou junto. Foi uma festa tipicamente salesiana, de uma fam\u00edlia reunida para comemorar um grande santo que \u00e9 o irm\u00e3o Gen\u00e9sio. Parab\u00e9ns! Gen\u00e9sio \u00e9 nota 10!\u201d.<\/mark><\/strong><\/p><\/blockquote>\n\n\n\n<div style=\"height:10px\" aria-hidden=\"true\" class=\"wp-block-spacer\"><\/div>\n\n\n\n<p><strong>Festa em Itaquera<\/strong><\/p>\n\n\n\n<p>Irm\u00e3o Gen\u00e9sio fez quest\u00e3o de falar. Agradeceu a Deus e a todos e externou em cada palavra a alegria de viver aquele momento. Ap\u00f3s a realiza\u00e7\u00e3o da celebra\u00e7\u00e3o, deu-se in\u00edcio ao Baile, ao som do DJ que emplacou, em sequ\u00eancia, v\u00e1rios ritmos musicais de todo um s\u00e9culo, indo dos g\u00eaneros musicais apreciados pelo irm\u00e3o, como o <em>Vaner\u00e3o<\/em> e o <em>Forr\u00f3<\/em>, ao balan\u00e7o do <em>Rock and roll<\/em>, da <em>Discoteca<\/em> e dos ritmos musicais do s\u00e9culo XXI. A festa contou ainda com a apresenta\u00e7\u00e3o de integrantes da Ala de Compositores da Escola de Samba Dom Bosco de Itaquera, colocando o p\u00fablico para dan\u00e7ar ao som do melhor do samba.<\/p>\n\n\n\n<div style=\"height:36px\" aria-hidden=\"true\" class=\"wp-block-spacer\"><\/div>\n\n\n\n<figure class=\"wp-block-gallery has-nested-images columns-default is-cropped wp-block-gallery-3 is-layout-flex wp-block-gallery-is-layout-flex\">\n<figure class=\"wp-block-image size-large\"><img loading=\"lazy\" decoding=\"async\" width=\"573\" height=\"1024\" data-id=\"6346\" src=\"https:\/\/salesianossp.org.br\/ositaquera\/wp-content\/uploads\/2022\/09\/20220819_165933-tratada-573x1024.jpg\" alt=\"\" class=\"wp-image-6346\" srcset=\"https:\/\/salesianossp.org.br\/ositaquera\/wp-content\/uploads\/2022\/09\/20220819_165933-tratada-573x1024.jpg 573w, https:\/\/salesianossp.org.br\/ositaquera\/wp-content\/uploads\/2022\/09\/20220819_165933-tratada-168x300.jpg 168w, https:\/\/salesianossp.org.br\/ositaquera\/wp-content\/uploads\/2022\/09\/20220819_165933-tratada-768x1373.jpg 768w, https:\/\/salesianossp.org.br\/ositaquera\/wp-content\/uploads\/2022\/09\/20220819_165933-tratada-859x1536.jpg 859w, https:\/\/salesianossp.org.br\/ositaquera\/wp-content\/uploads\/2022\/09\/20220819_165933-tratada-1145x2048.jpg 1145w, https:\/\/salesianossp.org.br\/ositaquera\/wp-content\/uploads\/2022\/09\/20220819_165933-tratada.jpg 1189w\" sizes=\"(max-width: 573px) 100vw, 573px\" \/><\/figure>\n\n\n\n<figure class=\"wp-block-image size-large\"><img loading=\"lazy\" decoding=\"async\" width=\"1024\" height=\"750\" data-id=\"6379\" src=\"https:\/\/salesianossp.org.br\/ositaquera\/wp-content\/uploads\/2022\/09\/IMG_20220819_155820-tratada-1-1024x750.jpg\" alt=\"\" class=\"wp-image-6379\" srcset=\"https:\/\/salesianossp.org.br\/ositaquera\/wp-content\/uploads\/2022\/09\/IMG_20220819_155820-tratada-1-1024x750.jpg 1024w, https:\/\/salesianossp.org.br\/ositaquera\/wp-content\/uploads\/2022\/09\/IMG_20220819_155820-tratada-1-300x220.jpg 300w, https:\/\/salesianossp.org.br\/ositaquera\/wp-content\/uploads\/2022\/09\/IMG_20220819_155820-tratada-1-768x563.jpg 768w, https:\/\/salesianossp.org.br\/ositaquera\/wp-content\/uploads\/2022\/09\/IMG_20220819_155820-tratada-1-1536x1126.jpg 1536w, https:\/\/salesianossp.org.br\/ositaquera\/wp-content\/uploads\/2022\/09\/IMG_20220819_155820-tratada-1-2048x1501.jpg 2048w\" sizes=\"(max-width: 1024px) 100vw, 1024px\" \/><\/figure>\n\n\n\n<figure class=\"wp-block-image size-large\"><img loading=\"lazy\" decoding=\"async\" width=\"618\" height=\"1024\" data-id=\"6348\" src=\"https:\/\/salesianossp.org.br\/ositaquera\/wp-content\/uploads\/2022\/09\/20220819_170010-tratada-618x1024.jpg\" alt=\"\" class=\"wp-image-6348\" srcset=\"https:\/\/salesianossp.org.br\/ositaquera\/wp-content\/uploads\/2022\/09\/20220819_170010-tratada-618x1024.jpg 618w, https:\/\/salesianossp.org.br\/ositaquera\/wp-content\/uploads\/2022\/09\/20220819_170010-tratada-181x300.jpg 181w, https:\/\/salesianossp.org.br\/ositaquera\/wp-content\/uploads\/2022\/09\/20220819_170010-tratada-768x1273.jpg 768w, https:\/\/salesianossp.org.br\/ositaquera\/wp-content\/uploads\/2022\/09\/20220819_170010-tratada-927x1536.jpg 927w, https:\/\/salesianossp.org.br\/ositaquera\/wp-content\/uploads\/2022\/09\/20220819_170010-tratada-1236x2048.jpg 1236w, https:\/\/salesianossp.org.br\/ositaquera\/wp-content\/uploads\/2022\/09\/20220819_170010-tratada.jpg 1283w\" sizes=\"(max-width: 618px) 100vw, 618px\" \/><\/figure>\n\n\n\n<figure class=\"wp-block-image size-large\"><img loading=\"lazy\" decoding=\"async\" width=\"1024\" height=\"813\" data-id=\"6350\" src=\"https:\/\/salesianossp.org.br\/ositaquera\/wp-content\/uploads\/2022\/09\/IMG_20220819_180933-tratada-1024x813.jpg\" alt=\"\" class=\"wp-image-6350\" srcset=\"https:\/\/salesianossp.org.br\/ositaquera\/wp-content\/uploads\/2022\/09\/IMG_20220819_180933-tratada-1024x813.jpg 1024w, https:\/\/salesianossp.org.br\/ositaquera\/wp-content\/uploads\/2022\/09\/IMG_20220819_180933-tratada-300x238.jpg 300w, https:\/\/salesianossp.org.br\/ositaquera\/wp-content\/uploads\/2022\/09\/IMG_20220819_180933-tratada-768x610.jpg 768w, https:\/\/salesianossp.org.br\/ositaquera\/wp-content\/uploads\/2022\/09\/IMG_20220819_180933-tratada-1536x1220.jpg 1536w, https:\/\/salesianossp.org.br\/ositaquera\/wp-content\/uploads\/2022\/09\/IMG_20220819_180933-tratada-2048x1626.jpg 2048w\" sizes=\"(max-width: 1024px) 100vw, 1024px\" \/><\/figure>\n<figcaption class=\"blocks-gallery-caption\"><em>Ao som do DJ, todos foram para a pista para curtir a playlist preparada com sucessos de todo um s\u00e9culo.<\/em><\/figcaption><\/figure>\n\n\n\n<div style=\"height:41px\" aria-hidden=\"true\" class=\"wp-block-spacer\"><\/div>\n\n\n\n<p>Padre Aramis, diretor-tesoureiro da Obra, ressaltou a alegria do Irm\u00e3o Gen\u00e9sio e de todos, antes e durante a festa:<\/p>\n\n\n\n<blockquote class=\"wp-block-quote is-layout-flow wp-block-quote-is-layout-flow\"><p><strong><mark style=\"background-color:rgba(0, 0, 0, 0)\" class=\"has-inline-color has-vivid-cyan-blue-color\">\u201cConversando com as pessoas tanto no dia, como depois, era evidente o quanto gostaram da festa, dos preparativos ao dia da festa; o grupo de alunos [do curso de Organizador de Eventos, orientados pela educadora Alice] que auxiliou na organiza\u00e7\u00e3o, na log\u00edstica, estava feliz por vivenciar um evento na pr\u00e1tica; e depois os colaboradores, todos que participaram do baile, o qu\u00e3o felizes estavam. O Irm\u00e3o Gen\u00e9sio, mesmo com o frio, ficou muito contente em ver tanta gente. Agradecia, a toda hora, a generosidade de todos. Ficamos todos muito felizes\u201d.<\/mark><\/strong><\/p><\/blockquote>\n\n\n\n<div style=\"height:22px\" aria-hidden=\"true\" class=\"wp-block-spacer\"><\/div>\n\n\n\n<p>N\u00e3o faltaram dan\u00e7as, passinhos e figurinos caprichados para comemorar, com muita alegria, os 100 anos de vida do Irm\u00e3o Gen\u00e9sio, em uma festa tipicamente salesiana, como lembrou o Padre Rosalvino. Festa para fazer barulho e celebrar o centen\u00e1rio de um Irm\u00e3o que \u00e9 sin\u00f4nimo de paz e de carinho, e que tem em sua vida a marca do carisma, do exemplo e do cuidado com o pr\u00f3ximo de Dom Bosco. Viva o Irm\u00e3o Gen\u00e9sio!<\/p>\n\n\n\n<p><\/p>\n\n\n\n<p>Confira mais imagens do Baile:<\/p>\n\n\n\n<figure class=\"wp-block-gallery has-nested-images columns-default is-cropped wp-block-gallery-4 is-layout-flex wp-block-gallery-is-layout-flex\">\n<figure class=\"wp-block-image size-large\"><img loading=\"lazy\" decoding=\"async\" width=\"413\" height=\"1024\" data-id=\"6352\" src=\"https:\/\/salesianossp.org.br\/ositaquera\/wp-content\/uploads\/2022\/09\/20220819_170018-tratada-413x1024.jpg\" alt=\"\" class=\"wp-image-6352\" srcset=\"https:\/\/salesianossp.org.br\/ositaquera\/wp-content\/uploads\/2022\/09\/20220819_170018-tratada-413x1024.jpg 413w, https:\/\/salesianossp.org.br\/ositaquera\/wp-content\/uploads\/2022\/09\/20220819_170018-tratada-121x300.jpg 121w, https:\/\/salesianossp.org.br\/ositaquera\/wp-content\/uploads\/2022\/09\/20220819_170018-tratada-768x1905.jpg 768w, https:\/\/salesianossp.org.br\/ositaquera\/wp-content\/uploads\/2022\/09\/20220819_170018-tratada-619x1536.jpg 619w, https:\/\/salesianossp.org.br\/ositaquera\/wp-content\/uploads\/2022\/09\/20220819_170018-tratada-826x2048.jpg 826w, https:\/\/salesianossp.org.br\/ositaquera\/wp-content\/uploads\/2022\/09\/20220819_170018-tratada.jpg 857w\" sizes=\"(max-width: 413px) 100vw, 413px\" \/><\/figure>\n\n\n\n<figure class=\"wp-block-image size-large\"><img loading=\"lazy\" decoding=\"async\" width=\"494\" height=\"1024\" data-id=\"6353\" src=\"https:\/\/salesianossp.org.br\/ositaquera\/wp-content\/uploads\/2022\/09\/20220819_170323_mfnr-tratada-494x1024.jpg\" alt=\"\" class=\"wp-image-6353\" srcset=\"https:\/\/salesianossp.org.br\/ositaquera\/wp-content\/uploads\/2022\/09\/20220819_170323_mfnr-tratada-494x1024.jpg 494w, https:\/\/salesianossp.org.br\/ositaquera\/wp-content\/uploads\/2022\/09\/20220819_170323_mfnr-tratada-145x300.jpg 145w, https:\/\/salesianossp.org.br\/ositaquera\/wp-content\/uploads\/2022\/09\/20220819_170323_mfnr-tratada-768x1592.jpg 768w, https:\/\/salesianossp.org.br\/ositaquera\/wp-content\/uploads\/2022\/09\/20220819_170323_mfnr-tratada-741x1536.jpg 741w, https:\/\/salesianossp.org.br\/ositaquera\/wp-content\/uploads\/2022\/09\/20220819_170323_mfnr-tratada.jpg 912w\" sizes=\"(max-width: 494px) 100vw, 494px\" \/><\/figure>\n\n\n\n<figure class=\"wp-block-image size-full\"><img loading=\"lazy\" decoding=\"async\" width=\"421\" height=\"763\" data-id=\"6356\" src=\"https:\/\/salesianossp.org.br\/ositaquera\/wp-content\/uploads\/2022\/09\/IMG-20220820-WA0008-tratada.jpg\" alt=\"\" class=\"wp-image-6356\" srcset=\"https:\/\/salesianossp.org.br\/ositaquera\/wp-content\/uploads\/2022\/09\/IMG-20220820-WA0008-tratada.jpg 421w, https:\/\/salesianossp.org.br\/ositaquera\/wp-content\/uploads\/2022\/09\/IMG-20220820-WA0008-tratada-166x300.jpg 166w\" sizes=\"(max-width: 421px) 100vw, 421px\" \/><\/figure>\n\n\n\n<figure class=\"wp-block-image size-large\"><img loading=\"lazy\" decoding=\"async\" width=\"1024\" height=\"603\" data-id=\"6355\" src=\"https:\/\/salesianossp.org.br\/ositaquera\/wp-content\/uploads\/2022\/09\/20220819_170240_mfnr-tratada-1024x603.jpg\" alt=\"\" class=\"wp-image-6355\" srcset=\"https:\/\/salesianossp.org.br\/ositaquera\/wp-content\/uploads\/2022\/09\/20220819_170240_mfnr-tratada-1024x603.jpg 1024w, https:\/\/salesianossp.org.br\/ositaquera\/wp-content\/uploads\/2022\/09\/20220819_170240_mfnr-tratada-300x177.jpg 300w, https:\/\/salesianossp.org.br\/ositaquera\/wp-content\/uploads\/2022\/09\/20220819_170240_mfnr-tratada-768x452.jpg 768w, https:\/\/salesianossp.org.br\/ositaquera\/wp-content\/uploads\/2022\/09\/20220819_170240_mfnr-tratada-1536x904.jpg 1536w, https:\/\/salesianossp.org.br\/ositaquera\/wp-content\/uploads\/2022\/09\/20220819_170240_mfnr-tratada.jpg 1740w\" sizes=\"(max-width: 1024px) 100vw, 1024px\" \/><\/figure>\n<\/figure>\n\n\n\n<div style=\"height:14px\" aria-hidden=\"true\" class=\"wp-block-spacer\"><\/div>\n\n\n\n<figure class=\"wp-block-gallery has-nested-images columns-default is-cropped wp-block-gallery-5 is-layout-flex wp-block-gallery-is-layout-flex\">\n<figure class=\"wp-block-image size-large\"><img loading=\"lazy\" decoding=\"async\" width=\"2169\" height=\"1356\" data-id=\"6358\" src=\"https:\/\/salesianossp.org.br\/ositaquera\/wp-content\/uploads\/2022\/09\/20220819_170259-tratada-edited.jpg\" alt=\"\" class=\"wp-image-6358\" srcset=\"https:\/\/salesianossp.org.br\/ositaquera\/wp-content\/uploads\/2022\/09\/20220819_170259-tratada-edited.jpg 2169w, https:\/\/salesianossp.org.br\/ositaquera\/wp-content\/uploads\/2022\/09\/20220819_170259-tratada-edited-300x188.jpg 300w, https:\/\/salesianossp.org.br\/ositaquera\/wp-content\/uploads\/2022\/09\/20220819_170259-tratada-edited-1024x640.jpg 1024w, https:\/\/salesianossp.org.br\/ositaquera\/wp-content\/uploads\/2022\/09\/20220819_170259-tratada-edited-768x480.jpg 768w, https:\/\/salesianossp.org.br\/ositaquera\/wp-content\/uploads\/2022\/09\/20220819_170259-tratada-edited-1536x960.jpg 1536w, https:\/\/salesianossp.org.br\/ositaquera\/wp-content\/uploads\/2022\/09\/20220819_170259-tratada-edited-2048x1280.jpg 2048w\" sizes=\"(max-width: 2169px) 100vw, 2169px\" \/><\/figure>\n<\/figure>\n\n\n\n<div style=\"height:27px\" aria-hidden=\"true\" class=\"wp-block-spacer\"><\/div>\n\n\n\n<figure class=\"wp-block-gallery has-nested-images columns-default is-cropped wp-block-gallery-6 is-layout-flex wp-block-gallery-is-layout-flex\">\n<figure class=\"wp-block-image size-large\"><img loading=\"lazy\" decoding=\"async\" width=\"2126\" height=\"1329\" data-id=\"6360\" src=\"https:\/\/salesianossp.org.br\/ositaquera\/wp-content\/uploads\/2022\/09\/20220819_170317_mfnr-tratada-edited.jpg\" alt=\"\" class=\"wp-image-6360\" srcset=\"https:\/\/salesianossp.org.br\/ositaquera\/wp-content\/uploads\/2022\/09\/20220819_170317_mfnr-tratada-edited.jpg 2126w, https:\/\/salesianossp.org.br\/ositaquera\/wp-content\/uploads\/2022\/09\/20220819_170317_mfnr-tratada-edited-300x188.jpg 300w, https:\/\/salesianossp.org.br\/ositaquera\/wp-content\/uploads\/2022\/09\/20220819_170317_mfnr-tratada-edited-1024x640.jpg 1024w, https:\/\/salesianossp.org.br\/ositaquera\/wp-content\/uploads\/2022\/09\/20220819_170317_mfnr-tratada-edited-768x480.jpg 768w, https:\/\/salesianossp.org.br\/ositaquera\/wp-content\/uploads\/2022\/09\/20220819_170317_mfnr-tratada-edited-1536x960.jpg 1536w, https:\/\/salesianossp.org.br\/ositaquera\/wp-content\/uploads\/2022\/09\/20220819_170317_mfnr-tratada-edited-2048x1280.jpg 2048w\" sizes=\"(max-width: 2126px) 100vw, 2126px\" \/><\/figure>\n<\/figure>\n\n\n\n<div style=\"height:31px\" aria-hidden=\"true\" class=\"wp-block-spacer\"><\/div>\n\n\n\n<figure class=\"wp-block-gallery has-nested-images columns-default is-cropped wp-block-gallery-7 is-layout-flex wp-block-gallery-is-layout-flex\">\n<figure class=\"wp-block-image size-large\"><img loading=\"lazy\" decoding=\"async\" width=\"577\" height=\"325\" data-id=\"6362\" src=\"https:\/\/salesianossp.org.br\/ositaquera\/wp-content\/uploads\/2022\/09\/IMG-20220820-WA0018-tratada-1-edited.jpg\" alt=\"\" class=\"wp-image-6362\" srcset=\"https:\/\/salesianossp.org.br\/ositaquera\/wp-content\/uploads\/2022\/09\/IMG-20220820-WA0018-tratada-1-edited.jpg 577w, https:\/\/salesianossp.org.br\/ositaquera\/wp-content\/uploads\/2022\/09\/IMG-20220820-WA0018-tratada-1-edited-300x169.jpg 300w\" sizes=\"(max-width: 577px) 100vw, 577px\" \/><\/figure>\n<\/figure>\n\n\n\n<div style=\"height:20px\" aria-hidden=\"true\" class=\"wp-block-spacer\"><\/div>\n\n\n\n<figure class=\"wp-block-gallery has-nested-images columns-default is-cropped wp-block-gallery-8 is-layout-flex wp-block-gallery-is-layout-flex\">\n<figure class=\"wp-block-image size-large\"><img loading=\"lazy\" decoding=\"async\" width=\"539\" height=\"1024\" data-id=\"6363\" src=\"https:\/\/salesianossp.org.br\/ositaquera\/wp-content\/uploads\/2022\/09\/IMG-20220820-WA0017-tratada-539x1024.jpg\" alt=\"\" class=\"wp-image-6363\" srcset=\"https:\/\/salesianossp.org.br\/ositaquera\/wp-content\/uploads\/2022\/09\/IMG-20220820-WA0017-tratada-539x1024.jpg 539w, https:\/\/salesianossp.org.br\/ositaquera\/wp-content\/uploads\/2022\/09\/IMG-20220820-WA0017-tratada-158x300.jpg 158w, https:\/\/salesianossp.org.br\/ositaquera\/wp-content\/uploads\/2022\/09\/IMG-20220820-WA0017-tratada.jpg 576w\" sizes=\"(max-width: 539px) 100vw, 539px\" \/><\/figure>\n\n\n\n<figure class=\"wp-block-image size-large\"><img loading=\"lazy\" decoding=\"async\" width=\"675\" height=\"1024\" data-id=\"6364\" src=\"https:\/\/salesianossp.org.br\/ositaquera\/wp-content\/uploads\/2022\/09\/IMG_20220819_192054-tratada-675x1024.jpg\" alt=\"\" class=\"wp-image-6364\" srcset=\"https:\/\/salesianossp.org.br\/ositaquera\/wp-content\/uploads\/2022\/09\/IMG_20220819_192054-tratada-675x1024.jpg 675w, https:\/\/salesianossp.org.br\/ositaquera\/wp-content\/uploads\/2022\/09\/IMG_20220819_192054-tratada-198x300.jpg 198w, https:\/\/salesianossp.org.br\/ositaquera\/wp-content\/uploads\/2022\/09\/IMG_20220819_192054-tratada-768x1165.jpg 768w, https:\/\/salesianossp.org.br\/ositaquera\/wp-content\/uploads\/2022\/09\/IMG_20220819_192054-tratada-1012x1536.jpg 1012w, https:\/\/salesianossp.org.br\/ositaquera\/wp-content\/uploads\/2022\/09\/IMG_20220819_192054-tratada-1350x2048.jpg 1350w, https:\/\/salesianossp.org.br\/ositaquera\/wp-content\/uploads\/2022\/09\/IMG_20220819_192054-tratada.jpg 1401w\" sizes=\"(max-width: 675px) 100vw, 675px\" \/><\/figure>\n\n\n\n<figure class=\"wp-block-image size-large\"><img loading=\"lazy\" decoding=\"async\" width=\"692\" height=\"1002\" data-id=\"6365\" src=\"https:\/\/salesianossp.org.br\/ositaquera\/wp-content\/uploads\/2022\/09\/IMG-20220820-WA0024-tratada.jpg\" alt=\"\" class=\"wp-image-6365\" srcset=\"https:\/\/salesianossp.org.br\/ositaquera\/wp-content\/uploads\/2022\/09\/IMG-20220820-WA0024-tratada.jpg 692w, https:\/\/salesianossp.org.br\/ositaquera\/wp-content\/uploads\/2022\/09\/IMG-20220820-WA0024-tratada-207x300.jpg 207w\" sizes=\"(max-width: 692px) 100vw, 692px\" \/><\/figure>\n\n\n\n<figure class=\"wp-block-image size-large\"><img loading=\"lazy\" decoding=\"async\" width=\"1024\" height=\"450\" data-id=\"6366\" src=\"https:\/\/salesianossp.org.br\/ositaquera\/wp-content\/uploads\/2022\/09\/IMG-20220820-WA0013-tratada-1024x450.jpg\" alt=\"\" class=\"wp-image-6366\" srcset=\"https:\/\/salesianossp.org.br\/ositaquera\/wp-content\/uploads\/2022\/09\/IMG-20220820-WA0013-tratada-1024x450.jpg 1024w, https:\/\/salesianossp.org.br\/ositaquera\/wp-content\/uploads\/2022\/09\/IMG-20220820-WA0013-tratada-300x132.jpg 300w, https:\/\/salesianossp.org.br\/ositaquera\/wp-content\/uploads\/2022\/09\/IMG-20220820-WA0013-tratada-768x337.jpg 768w, https:\/\/salesianossp.org.br\/ositaquera\/wp-content\/uploads\/2022\/09\/IMG-20220820-WA0013-tratada.jpg 1494w\" sizes=\"(max-width: 1024px) 100vw, 1024px\" \/><\/figure>\n<\/figure>\n\n\n\n<div style=\"height:14px\" aria-hidden=\"true\" class=\"wp-block-spacer\"><\/div>\n\n\n\n<figure class=\"wp-block-gallery has-nested-images columns-default is-cropped wp-block-gallery-9 is-layout-flex wp-block-gallery-is-layout-flex\">\n<figure class=\"wp-block-image size-large\"><img loading=\"lazy\" decoding=\"async\" width=\"692\" height=\"929\" data-id=\"6368\" src=\"https:\/\/salesianossp.org.br\/ositaquera\/wp-content\/uploads\/2022\/09\/IMG-20220820-WA0010-tratada.jpg\" alt=\"\" class=\"wp-image-6368\" srcset=\"https:\/\/salesianossp.org.br\/ositaquera\/wp-content\/uploads\/2022\/09\/IMG-20220820-WA0010-tratada.jpg 692w, https:\/\/salesianossp.org.br\/ositaquera\/wp-content\/uploads\/2022\/09\/IMG-20220820-WA0010-tratada-223x300.jpg 223w\" sizes=\"(max-width: 692px) 100vw, 692px\" \/><\/figure>\n\n\n\n<figure class=\"wp-block-image size-large\"><img loading=\"lazy\" decoding=\"async\" width=\"635\" height=\"947\" data-id=\"6369\" src=\"https:\/\/salesianossp.org.br\/ositaquera\/wp-content\/uploads\/2022\/09\/IMG-20220820-WA0015-tratada.jpg\" alt=\"\" class=\"wp-image-6369\" srcset=\"https:\/\/salesianossp.org.br\/ositaquera\/wp-content\/uploads\/2022\/09\/IMG-20220820-WA0015-tratada.jpg 635w, https:\/\/salesianossp.org.br\/ositaquera\/wp-content\/uploads\/2022\/09\/IMG-20220820-WA0015-tratada-201x300.jpg 201w\" sizes=\"(max-width: 635px) 100vw, 635px\" \/><\/figure>\n\n\n\n<figure class=\"wp-block-image size-large\"><img loading=\"lazy\" decoding=\"async\" width=\"454\" height=\"754\" data-id=\"6370\" src=\"https:\/\/salesianossp.org.br\/ositaquera\/wp-content\/uploads\/2022\/09\/IMG-20220820-WA0012-tratada.jpg\" alt=\"\" class=\"wp-image-6370\" srcset=\"https:\/\/salesianossp.org.br\/ositaquera\/wp-content\/uploads\/2022\/09\/IMG-20220820-WA0012-tratada.jpg 454w, https:\/\/salesianossp.org.br\/ositaquera\/wp-content\/uploads\/2022\/09\/IMG-20220820-WA0012-tratada-181x300.jpg 181w\" sizes=\"(max-width: 454px) 100vw, 454px\" \/><\/figure>\n\n\n\n<figure class=\"wp-block-image size-large\"><img loading=\"lazy\" decoding=\"async\" width=\"1024\" height=\"729\" data-id=\"6371\" src=\"https:\/\/salesianossp.org.br\/ositaquera\/wp-content\/uploads\/2022\/09\/20220819_165925-tratada-1-1024x729.jpg\" alt=\"\" class=\"wp-image-6371\" srcset=\"https:\/\/salesianossp.org.br\/ositaquera\/wp-content\/uploads\/2022\/09\/20220819_165925-tratada-1-1024x729.jpg 1024w, https:\/\/salesianossp.org.br\/ositaquera\/wp-content\/uploads\/2022\/09\/20220819_165925-tratada-1-300x213.jpg 300w, https:\/\/salesianossp.org.br\/ositaquera\/wp-content\/uploads\/2022\/09\/20220819_165925-tratada-1-768x547.jpg 768w, https:\/\/salesianossp.org.br\/ositaquera\/wp-content\/uploads\/2022\/09\/20220819_165925-tratada-1-1536x1093.jpg 1536w, https:\/\/salesianossp.org.br\/ositaquera\/wp-content\/uploads\/2022\/09\/20220819_165925-tratada-1-2048x1457.jpg 2048w\" sizes=\"(max-width: 1024px) 100vw, 1024px\" \/><\/figure>\n<\/figure>\n","protected":false},"excerpt":{"rendered":"<p>Realizado no Circo Social, &#8220;Baile do Gen\u00e9sio&#8221; reuniu os colaboradores e salesianos em Itaquera para celebrar um s\u00e9culo de vida do Irm\u00e3o Gen\u00e9sio, que est\u00e1 na Zona Leste h\u00e1 41 anos, desde a cria\u00e7\u00e3o e a funda\u00e7\u00e3o da Obra Social.<\/p>\n","protected":false},"author":27,"featured_media":6334,"comment_status":"open","ping_status":"open","sticky":false,"template":"","format":"standard","meta":{"footnotes":""},"categories":[59],"tags":[],"class_list":["post-6333","post","type-post","status-publish","format-standard","has-post-thumbnail","hentry","category-noticias"],"yoast_head":"<!-- This site is optimized with the Yoast SEO plugin v27.4 - https:\/\/yoast.com\/product\/yoast-seo-wordpress\/ -->\n<title>OBRA SOCIAL DOM BOSCO COMEMORA OS 100 ANOS DE VIDA DO IRM\u00c3O GEN\u00c9SIO - Obra Social Dom Bosco<\/title>\n<meta name=\"robots\" content=\"index, follow, max-snippet:-1, max-image-preview:large, max-video-preview:-1\" \/>\n<link rel=\"canonical\" href=\"https:\/\/salesianossp.org.br\/ositaquera\/obra-social-comemora-100-anos-de-vida-do-irmao-genesio\/\" \/>\n<meta property=\"og:locale\" content=\"pt_BR\" \/>\n<meta property=\"og:type\" content=\"article\" \/>\n<meta property=\"og:title\" content=\"OBRA SOCIAL DOM BOSCO COMEMORA OS 100 ANOS DE VIDA DO IRM\u00c3O GEN\u00c9SIO - Obra Social Dom Bosco\" \/>\n<meta property=\"og:description\" content=\"Realizado no Circo Social, &quot;Baile do Gen\u00e9sio&quot; reuniu os colaboradores e salesianos em Itaquera para celebrar um s\u00e9culo de vida do Irm\u00e3o Gen\u00e9sio, que est\u00e1 na Zona Leste h\u00e1 41 anos, desde a cria\u00e7\u00e3o e a funda\u00e7\u00e3o da Obra Social.\" \/>\n<meta property=\"og:url\" content=\"https:\/\/salesianossp.org.br\/ositaquera\/obra-social-comemora-100-anos-de-vida-do-irmao-genesio\/\" \/>\n<meta property=\"og:site_name\" content=\"Obra Social Dom Bosco\" \/>\n<meta property=\"article:publisher\" content=\"https:\/\/www.facebook.com\/domboscoitaquera\" \/>\n<meta property=\"article:published_time\" content=\"2022-08-24T19:09:00+00:00\" \/>\n<meta property=\"og:image\" content=\"https:\/\/salesianossp.org.br\/ositaquera\/wp-content\/uploads\/2022\/09\/CAPA-MATERIA-GENESIO-copy-1024x1024.png\" \/>\n\t<meta property=\"og:image:width\" content=\"1024\" \/>\n\t<meta property=\"og:image:height\" content=\"1024\" \/>\n\t<meta property=\"og:image:type\" content=\"image\/png\" \/>\n<meta name=\"author\" content=\"Lucas Rodrigues\" \/>\n<meta name=\"twitter:card\" content=\"summary_large_image\" \/>\n<meta name=\"twitter:label1\" content=\"Escrito por\" \/>\n\t<meta name=\"twitter:data1\" content=\"Lucas Rodrigues\" \/>\n\t<meta name=\"twitter:label2\" content=\"Est. tempo de leitura\" \/>\n\t<meta name=\"twitter:data2\" content=\"5 minutos\" \/>\n<script type=\"application\/ld+json\" class=\"yoast-schema-graph\">{\"@context\":\"https:\\\/\\\/schema.org\",\"@graph\":[{\"@type\":\"Article\",\"@id\":\"https:\\\/\\\/salesianossp.org.br\\\/ositaquera\\\/obra-social-comemora-100-anos-de-vida-do-irmao-genesio\\\/#article\",\"isPartOf\":{\"@id\":\"https:\\\/\\\/salesianossp.org.br\\\/ositaquera\\\/obra-social-comemora-100-anos-de-vida-do-irmao-genesio\\\/\"},\"author\":{\"name\":\"Lucas Rodrigues\",\"@id\":\"https:\\\/\\\/salesianossp.org.br\\\/ositaquera\\\/#\\\/schema\\\/person\\\/612e159822bfeed64312a453b075f9de\"},\"headline\":\"OBRA SOCIAL DOM BOSCO COMEMORA OS 100 ANOS DE VIDA DO IRM\u00c3O GEN\u00c9SIO\",\"datePublished\":\"2022-08-24T19:09:00+00:00\",\"mainEntityOfPage\":{\"@id\":\"https:\\\/\\\/salesianossp.org.br\\\/ositaquera\\\/obra-social-comemora-100-anos-de-vida-do-irmao-genesio\\\/\"},\"wordCount\":927,\"commentCount\":0,\"publisher\":{\"@id\":\"https:\\\/\\\/salesianossp.org.br\\\/ositaquera\\\/#organization\"},\"image\":{\"@id\":\"https:\\\/\\\/salesianossp.org.br\\\/ositaquera\\\/obra-social-comemora-100-anos-de-vida-do-irmao-genesio\\\/#primaryimage\"},\"thumbnailUrl\":\"https:\\\/\\\/salesianossp.org.br\\\/ositaquera\\\/wp-content\\\/uploads\\\/2022\\\/09\\\/CAPA-MATERIA-GENESIO-copy.png\",\"articleSection\":[\"Not\u00edcias\"],\"inLanguage\":\"pt-BR\",\"potentialAction\":[{\"@type\":\"CommentAction\",\"name\":\"Comment\",\"target\":[\"https:\\\/\\\/salesianossp.org.br\\\/ositaquera\\\/obra-social-comemora-100-anos-de-vida-do-irmao-genesio\\\/#respond\"]}]},{\"@type\":\"WebPage\",\"@id\":\"https:\\\/\\\/salesianossp.org.br\\\/ositaquera\\\/obra-social-comemora-100-anos-de-vida-do-irmao-genesio\\\/\",\"url\":\"https:\\\/\\\/salesianossp.org.br\\\/ositaquera\\\/obra-social-comemora-100-anos-de-vida-do-irmao-genesio\\\/\",\"name\":\"OBRA SOCIAL DOM BOSCO COMEMORA OS 100 ANOS DE VIDA DO IRM\u00c3O GEN\u00c9SIO - Obra Social Dom Bosco\",\"isPartOf\":{\"@id\":\"https:\\\/\\\/salesianossp.org.br\\\/ositaquera\\\/#website\"},\"primaryImageOfPage\":{\"@id\":\"https:\\\/\\\/salesianossp.org.br\\\/ositaquera\\\/obra-social-comemora-100-anos-de-vida-do-irmao-genesio\\\/#primaryimage\"},\"image\":{\"@id\":\"https:\\\/\\\/salesianossp.org.br\\\/ositaquera\\\/obra-social-comemora-100-anos-de-vida-do-irmao-genesio\\\/#primaryimage\"},\"thumbnailUrl\":\"https:\\\/\\\/salesianossp.org.br\\\/ositaquera\\\/wp-content\\\/uploads\\\/2022\\\/09\\\/CAPA-MATERIA-GENESIO-copy.png\",\"datePublished\":\"2022-08-24T19:09:00+00:00\",\"breadcrumb\":{\"@id\":\"https:\\\/\\\/salesianossp.org.br\\\/ositaquera\\\/obra-social-comemora-100-anos-de-vida-do-irmao-genesio\\\/#breadcrumb\"},\"inLanguage\":\"pt-BR\",\"potentialAction\":[{\"@type\":\"ReadAction\",\"target\":[\"https:\\\/\\\/salesianossp.org.br\\\/ositaquera\\\/obra-social-comemora-100-anos-de-vida-do-irmao-genesio\\\/\"]}]},{\"@type\":\"ImageObject\",\"inLanguage\":\"pt-BR\",\"@id\":\"https:\\\/\\\/salesianossp.org.br\\\/ositaquera\\\/obra-social-comemora-100-anos-de-vida-do-irmao-genesio\\\/#primaryimage\",\"url\":\"https:\\\/\\\/salesianossp.org.br\\\/ositaquera\\\/wp-content\\\/uploads\\\/2022\\\/09\\\/CAPA-MATERIA-GENESIO-copy.png\",\"contentUrl\":\"https:\\\/\\\/salesianossp.org.br\\\/ositaquera\\\/wp-content\\\/uploads\\\/2022\\\/09\\\/CAPA-MATERIA-GENESIO-copy.png\",\"width\":1416,\"height\":1416},{\"@type\":\"BreadcrumbList\",\"@id\":\"https:\\\/\\\/salesianossp.org.br\\\/ositaquera\\\/obra-social-comemora-100-anos-de-vida-do-irmao-genesio\\\/#breadcrumb\",\"itemListElement\":[{\"@type\":\"ListItem\",\"position\":1,\"name\":\"In\u00edcio\",\"item\":\"https:\\\/\\\/salesianossp.org.br\\\/ositaquera\\\/\"},{\"@type\":\"ListItem\",\"position\":2,\"name\":\"OBRA SOCIAL DOM BOSCO COMEMORA OS 100 ANOS DE VIDA DO IRM\u00c3O GEN\u00c9SIO\"}]},{\"@type\":\"WebSite\",\"@id\":\"https:\\\/\\\/salesianossp.org.br\\\/ositaquera\\\/#website\",\"url\":\"https:\\\/\\\/salesianossp.org.br\\\/ositaquera\\\/\",\"name\":\"Obra Social Dom Bosco\",\"description\":\"\",\"publisher\":{\"@id\":\"https:\\\/\\\/salesianossp.org.br\\\/ositaquera\\\/#organization\"},\"potentialAction\":[{\"@type\":\"SearchAction\",\"target\":{\"@type\":\"EntryPoint\",\"urlTemplate\":\"https:\\\/\\\/salesianossp.org.br\\\/ositaquera\\\/?s={search_term_string}\"},\"query-input\":{\"@type\":\"PropertyValueSpecification\",\"valueRequired\":true,\"valueName\":\"search_term_string\"}}],\"inLanguage\":\"pt-BR\"},{\"@type\":\"Organization\",\"@id\":\"https:\\\/\\\/salesianossp.org.br\\\/ositaquera\\\/#organization\",\"name\":\"Obra Social Dom Bosco\",\"url\":\"https:\\\/\\\/salesianossp.org.br\\\/ositaquera\\\/\",\"logo\":{\"@type\":\"ImageObject\",\"inLanguage\":\"pt-BR\",\"@id\":\"https:\\\/\\\/salesianossp.org.br\\\/ositaquera\\\/#\\\/schema\\\/logo\\\/image\\\/\",\"url\":\"https:\\\/\\\/salesianossp.org.br\\\/ositaquera\\\/wp-content\\\/uploads\\\/2024\\\/03\\\/logo-obra-social-dom-bosco-itaquera-h-scaled.png\",\"contentUrl\":\"https:\\\/\\\/salesianossp.org.br\\\/ositaquera\\\/wp-content\\\/uploads\\\/2024\\\/03\\\/logo-obra-social-dom-bosco-itaquera-h-scaled.png\",\"width\":2560,\"height\":672,\"caption\":\"Obra Social Dom Bosco\"},\"image\":{\"@id\":\"https:\\\/\\\/salesianossp.org.br\\\/ositaquera\\\/#\\\/schema\\\/logo\\\/image\\\/\"},\"sameAs\":[\"https:\\\/\\\/www.facebook.com\\\/domboscoitaquera\",\"https:\\\/\\\/br.linkedin.com\\\/company\\\/domboscoitaquera\",\"https:\\\/\\\/www.youtube.com\\\/channel\\\/UCMIUZW8mqlpEbP7Dy02veOw\",\"https:\\\/\\\/www.instagram.com\\\/obradombosco\\\/\"]},{\"@type\":\"Person\",\"@id\":\"https:\\\/\\\/salesianossp.org.br\\\/ositaquera\\\/#\\\/schema\\\/person\\\/612e159822bfeed64312a453b075f9de\",\"name\":\"Lucas Rodrigues\",\"image\":{\"@type\":\"ImageObject\",\"inLanguage\":\"pt-BR\",\"@id\":\"https:\\\/\\\/secure.gravatar.com\\\/avatar\\\/0ad9c966c6ed3335d7fffe2c3b88880dd298c0817b71e20a6955c38f2a53f746?s=96&d=mm&r=g\",\"url\":\"https:\\\/\\\/secure.gravatar.com\\\/avatar\\\/0ad9c966c6ed3335d7fffe2c3b88880dd298c0817b71e20a6955c38f2a53f746?s=96&d=mm&r=g\",\"contentUrl\":\"https:\\\/\\\/secure.gravatar.com\\\/avatar\\\/0ad9c966c6ed3335d7fffe2c3b88880dd298c0817b71e20a6955c38f2a53f746?s=96&d=mm&r=g\",\"caption\":\"Lucas Rodrigues\"},\"url\":\"https:\\\/\\\/salesianossp.org.br\\\/ositaquera\\\/author\\\/lucas-rodrigues\\\/\"}]}<\/script>\n<!-- \/ Yoast SEO plugin. -->","yoast_head_json":{"title":"OBRA SOCIAL DOM BOSCO COMEMORA OS 100 ANOS DE VIDA DO IRM\u00c3O GEN\u00c9SIO - Obra Social Dom Bosco","robots":{"index":"index","follow":"follow","max-snippet":"max-snippet:-1","max-image-preview":"max-image-preview:large","max-video-preview":"max-video-preview:-1"},"canonical":"https:\/\/salesianossp.org.br\/ositaquera\/obra-social-comemora-100-anos-de-vida-do-irmao-genesio\/","og_locale":"pt_BR","og_type":"article","og_title":"OBRA SOCIAL DOM BOSCO COMEMORA OS 100 ANOS DE VIDA DO IRM\u00c3O GEN\u00c9SIO - Obra Social Dom Bosco","og_description":"Realizado no Circo Social, \"Baile do Gen\u00e9sio\" reuniu os colaboradores e salesianos em Itaquera para celebrar um s\u00e9culo de vida do Irm\u00e3o Gen\u00e9sio, que est\u00e1 na Zona Leste h\u00e1 41 anos, desde a cria\u00e7\u00e3o e a funda\u00e7\u00e3o da Obra Social.","og_url":"https:\/\/salesianossp.org.br\/ositaquera\/obra-social-comemora-100-anos-de-vida-do-irmao-genesio\/","og_site_name":"Obra Social Dom Bosco","article_publisher":"https:\/\/www.facebook.com\/domboscoitaquera","article_published_time":"2022-08-24T19:09:00+00:00","og_image":[{"width":1024,"height":1024,"url":"https:\/\/salesianossp.org.br\/ositaquera\/wp-content\/uploads\/2022\/09\/CAPA-MATERIA-GENESIO-copy-1024x1024.png","type":"image\/png"}],"author":"Lucas Rodrigues","twitter_card":"summary_large_image","twitter_misc":{"Escrito por":"Lucas Rodrigues","Est. tempo de leitura":"5 minutos"},"schema":{"@context":"https:\/\/schema.org","@graph":[{"@type":"Article","@id":"https:\/\/salesianossp.org.br\/ositaquera\/obra-social-comemora-100-anos-de-vida-do-irmao-genesio\/#article","isPartOf":{"@id":"https:\/\/salesianossp.org.br\/ositaquera\/obra-social-comemora-100-anos-de-vida-do-irmao-genesio\/"},"author":{"name":"Lucas Rodrigues","@id":"https:\/\/salesianossp.org.br\/ositaquera\/#\/schema\/person\/612e159822bfeed64312a453b075f9de"},"headline":"OBRA SOCIAL DOM BOSCO COMEMORA OS 100 ANOS DE VIDA DO IRM\u00c3O GEN\u00c9SIO","datePublished":"2022-08-24T19:09:00+00:00","mainEntityOfPage":{"@id":"https:\/\/salesianossp.org.br\/ositaquera\/obra-social-comemora-100-anos-de-vida-do-irmao-genesio\/"},"wordCount":927,"commentCount":0,"publisher":{"@id":"https:\/\/salesianossp.org.br\/ositaquera\/#organization"},"image":{"@id":"https:\/\/salesianossp.org.br\/ositaquera\/obra-social-comemora-100-anos-de-vida-do-irmao-genesio\/#primaryimage"},"thumbnailUrl":"https:\/\/salesianossp.org.br\/ositaquera\/wp-content\/uploads\/2022\/09\/CAPA-MATERIA-GENESIO-copy.png","articleSection":["Not\u00edcias"],"inLanguage":"pt-BR","potentialAction":[{"@type":"CommentAction","name":"Comment","target":["https:\/\/salesianossp.org.br\/ositaquera\/obra-social-comemora-100-anos-de-vida-do-irmao-genesio\/#respond"]}]},{"@type":"WebPage","@id":"https:\/\/salesianossp.org.br\/ositaquera\/obra-social-comemora-100-anos-de-vida-do-irmao-genesio\/","url":"https:\/\/salesianossp.org.br\/ositaquera\/obra-social-comemora-100-anos-de-vida-do-irmao-genesio\/","name":"OBRA SOCIAL DOM BOSCO COMEMORA OS 100 ANOS DE VIDA DO IRM\u00c3O GEN\u00c9SIO - Obra Social Dom Bosco","isPartOf":{"@id":"https:\/\/salesianossp.org.br\/ositaquera\/#website"},"primaryImageOfPage":{"@id":"https:\/\/salesianossp.org.br\/ositaquera\/obra-social-comemora-100-anos-de-vida-do-irmao-genesio\/#primaryimage"},"image":{"@id":"https:\/\/salesianossp.org.br\/ositaquera\/obra-social-comemora-100-anos-de-vida-do-irmao-genesio\/#primaryimage"},"thumbnailUrl":"https:\/\/salesianossp.org.br\/ositaquera\/wp-content\/uploads\/2022\/09\/CAPA-MATERIA-GENESIO-copy.png","datePublished":"2022-08-24T19:09:00+00:00","breadcrumb":{"@id":"https:\/\/salesianossp.org.br\/ositaquera\/obra-social-comemora-100-anos-de-vida-do-irmao-genesio\/#breadcrumb"},"inLanguage":"pt-BR","potentialAction":[{"@type":"ReadAction","target":["https:\/\/salesianossp.org.br\/ositaquera\/obra-social-comemora-100-anos-de-vida-do-irmao-genesio\/"]}]},{"@type":"ImageObject","inLanguage":"pt-BR","@id":"https:\/\/salesianossp.org.br\/ositaquera\/obra-social-comemora-100-anos-de-vida-do-irmao-genesio\/#primaryimage","url":"https:\/\/salesianossp.org.br\/ositaquera\/wp-content\/uploads\/2022\/09\/CAPA-MATERIA-GENESIO-copy.png","contentUrl":"https:\/\/salesianossp.org.br\/ositaquera\/wp-content\/uploads\/2022\/09\/CAPA-MATERIA-GENESIO-copy.png","width":1416,"height":1416},{"@type":"BreadcrumbList","@id":"https:\/\/salesianossp.org.br\/ositaquera\/obra-social-comemora-100-anos-de-vida-do-irmao-genesio\/#breadcrumb","itemListElement":[{"@type":"ListItem","position":1,"name":"In\u00edcio","item":"https:\/\/salesianossp.org.br\/ositaquera\/"},{"@type":"ListItem","position":2,"name":"OBRA SOCIAL DOM BOSCO COMEMORA OS 100 ANOS DE VIDA DO IRM\u00c3O GEN\u00c9SIO"}]},{"@type":"WebSite","@id":"https:\/\/salesianossp.org.br\/ositaquera\/#website","url":"https:\/\/salesianossp.org.br\/ositaquera\/","name":"Obra Social Dom Bosco","description":"","publisher":{"@id":"https:\/\/salesianossp.org.br\/ositaquera\/#organization"},"potentialAction":[{"@type":"SearchAction","target":{"@type":"EntryPoint","urlTemplate":"https:\/\/salesianossp.org.br\/ositaquera\/?s={search_term_string}"},"query-input":{"@type":"PropertyValueSpecification","valueRequired":true,"valueName":"search_term_string"}}],"inLanguage":"pt-BR"},{"@type":"Organization","@id":"https:\/\/salesianossp.org.br\/ositaquera\/#organization","name":"Obra Social Dom Bosco","url":"https:\/\/salesianossp.org.br\/ositaquera\/","logo":{"@type":"ImageObject","inLanguage":"pt-BR","@id":"https:\/\/salesianossp.org.br\/ositaquera\/#\/schema\/logo\/image\/","url":"https:\/\/salesianossp.org.br\/ositaquera\/wp-content\/uploads\/2024\/03\/logo-obra-social-dom-bosco-itaquera-h-scaled.png","contentUrl":"https:\/\/salesianossp.org.br\/ositaquera\/wp-content\/uploads\/2024\/03\/logo-obra-social-dom-bosco-itaquera-h-scaled.png","width":2560,"height":672,"caption":"Obra Social Dom Bosco"},"image":{"@id":"https:\/\/salesianossp.org.br\/ositaquera\/#\/schema\/logo\/image\/"},"sameAs":["https:\/\/www.facebook.com\/domboscoitaquera","https:\/\/br.linkedin.com\/company\/domboscoitaquera","https:\/\/www.youtube.com\/channel\/UCMIUZW8mqlpEbP7Dy02veOw","https:\/\/www.instagram.com\/obradombosco\/"]},{"@type":"Person","@id":"https:\/\/salesianossp.org.br\/ositaquera\/#\/schema\/person\/612e159822bfeed64312a453b075f9de","name":"Lucas Rodrigues","image":{"@type":"ImageObject","inLanguage":"pt-BR","@id":"https:\/\/secure.gravatar.com\/avatar\/0ad9c966c6ed3335d7fffe2c3b88880dd298c0817b71e20a6955c38f2a53f746?s=96&d=mm&r=g","url":"https:\/\/secure.gravatar.com\/avatar\/0ad9c966c6ed3335d7fffe2c3b88880dd298c0817b71e20a6955c38f2a53f746?s=96&d=mm&r=g","contentUrl":"https:\/\/secure.gravatar.com\/avatar\/0ad9c966c6ed3335d7fffe2c3b88880dd298c0817b71e20a6955c38f2a53f746?s=96&d=mm&r=g","caption":"Lucas Rodrigues"},"url":"https:\/\/salesianossp.org.br\/ositaquera\/author\/lucas-rodrigues\/"}]}},"_links":{"self":[{"href":"https:\/\/salesianossp.org.br\/ositaquera\/wp-json\/wp\/v2\/posts\/6333","targetHints":{"allow":["GET"]}}],"collection":[{"href":"https:\/\/salesianossp.org.br\/ositaquera\/wp-json\/wp\/v2\/posts"}],"about":[{"href":"https:\/\/salesianossp.org.br\/ositaquera\/wp-json\/wp\/v2\/types\/post"}],"author":[{"embeddable":true,"href":"https:\/\/salesianossp.org.br\/ositaquera\/wp-json\/wp\/v2\/users\/27"}],"replies":[{"embeddable":true,"href":"https:\/\/salesianossp.org.br\/ositaquera\/wp-json\/wp\/v2\/comments?post=6333"}],"version-history":[{"count":0,"href":"https:\/\/salesianossp.org.br\/ositaquera\/wp-json\/wp\/v2\/posts\/6333\/revisions"}],"wp:featuredmedia":[{"embeddable":true,"href":"https:\/\/salesianossp.org.br\/ositaquera\/wp-json\/wp\/v2\/media\/6334"}],"wp:attachment":[{"href":"https:\/\/salesianossp.org.br\/ositaquera\/wp-json\/wp\/v2\/media?parent=6333"}],"wp:term":[{"taxonomy":"category","embeddable":true,"href":"https:\/\/salesianossp.org.br\/ositaquera\/wp-json\/wp\/v2\/categories?post=6333"},{"taxonomy":"post_tag","embeddable":true,"href":"https:\/\/salesianossp.org.br\/ositaquera\/wp-json\/wp\/v2\/tags?post=6333"}],"curies":[{"name":"wp","href":"https:\/\/api.w.org\/{rel}","templated":true}]}}