{"id":6571,"date":"2022-12-06T11:13:28","date_gmt":"2022-12-06T14:13:28","guid":{"rendered":"https:\/\/salesianossp.org.br\/ositaquera\/?p=6571"},"modified":"2022-12-06T11:13:28","modified_gmt":"2022-12-06T14:13:28","slug":"obra-e-empresa-alema-giz-apresentam-avaliacao-de-capacitacao-em-eficiencia-energetica-4-0","status":"publish","type":"post","link":"https:\/\/salesianossp.org.br\/ositaquera\/obra-e-empresa-alema-giz-apresentam-avaliacao-de-capacitacao-em-eficiencia-energetica-4-0\/","title":{"rendered":"OBRA APRESENTA RESULTADOS DE CAPACITA\u00c7\u00c3O EM EFICI\u00caNCIA ENERG\u00c9TICA 4.0"},"content":{"rendered":"\n<div style=\"height:25px\" aria-hidden=\"true\" class=\"wp-block-spacer\"><\/div>\n\n\n\n<p><strong>Comunica\u00e7\u00e3o\/OSDB Itaquera<\/strong><\/p>\n\n\n\n<p>A Obra Social Dom Bosco, em parceria com a Deustche Gesellschaft f\u00fcr Internationale Zusammenarbeit \u2013 GIZ (Sigla em Alem\u00e3o) &#8211; em portugu\u00eas, Sociedade Alem\u00e3 para a Coopera\u00e7\u00e3o Internacional, realizou dos dias 16 a 18 de novembro, o encontro entre colaboradores da Obra e integrantes da equipe da GIZ, para apresentar e mensurar os resultados ap\u00f3s treinamento realizado com a equipe em Capacita\u00e7\u00e3o e Efici\u00eancia Energ\u00e9tica 4.0.<\/p>\n\n\n\n<div style=\"height:31px\" aria-hidden=\"true\" class=\"wp-block-spacer\"><\/div>\n\n\n\n<figure class=\"wp-block-image size-large\"><img fetchpriority=\"high\" decoding=\"async\" width=\"1024\" height=\"565\" src=\"https:\/\/salesianossp.org.br\/ositaquera\/wp-content\/uploads\/2022\/12\/FOTOS-3-1024x565.png\" alt=\"\" class=\"wp-image-6573\" srcset=\"https:\/\/salesianossp.org.br\/ositaquera\/wp-content\/uploads\/2022\/12\/FOTOS-3-1024x565.png 1024w, https:\/\/salesianossp.org.br\/ositaquera\/wp-content\/uploads\/2022\/12\/FOTOS-3-300x166.png 300w, https:\/\/salesianossp.org.br\/ositaquera\/wp-content\/uploads\/2022\/12\/FOTOS-3-768x424.png 768w, https:\/\/salesianossp.org.br\/ositaquera\/wp-content\/uploads\/2022\/12\/FOTOS-3.png 1518w\" sizes=\"(max-width: 1024px) 100vw, 1024px\" \/><figcaption><em>Colaboradores da Obra Social Dom Bosco e integrantes da GIZ  durante capacita\u00e7\u00e3o em efici\u00eancia energ\u00e9tica 4.0.<\/em><\/figcaption><\/figure>\n\n\n\n<div style=\"height:51px\" aria-hidden=\"true\" class=\"wp-block-spacer\"><\/div>\n\n\n\n<p>Foram realizadas visitas \u00e0s instala\u00e7\u00f5es da institui\u00e7\u00e3o, com o intuito de se identificar possibilidades de redu\u00e7\u00e3o do consumo energ\u00e9tico a partir de a\u00e7\u00f5es de conscientiza\u00e7\u00e3o na utiliza\u00e7\u00e3o dos equipamentos, manuten\u00e7\u00e3o ou substitui\u00e7\u00e3o desses itens por outros de melhor efici\u00eancia. Embora algumas recomenda\u00e7\u00f5es tenham sido sugeridas, o grupo constatou, com base nos dados analisados, que o consumo de energia na Obra, de modo geral, j\u00e1 \u00e9 bem eficiente, assim como h\u00e1 uma boa conscientiza\u00e7\u00e3o por parte dos funcion\u00e1rios na utiliza\u00e7\u00e3o e consumo de energia el\u00e9trica.<\/p>\n\n\n\n<div style=\"height:42px\" aria-hidden=\"true\" class=\"wp-block-spacer\"><\/div>\n\n\n\n<figure class=\"wp-block-gallery has-nested-images columns-default is-cropped wp-block-gallery-1 is-layout-flex wp-block-gallery-is-layout-flex\">\n<figure class=\"wp-block-image size-large\"><img decoding=\"async\" width=\"1024\" height=\"566\" data-id=\"6574\" src=\"https:\/\/salesianossp.org.br\/ositaquera\/wp-content\/uploads\/2022\/12\/WhatsApp-Image-2022-11-18-at-18.44.48-1024x566.jpg\" alt=\"\" class=\"wp-image-6574\" srcset=\"https:\/\/salesianossp.org.br\/ositaquera\/wp-content\/uploads\/2022\/12\/WhatsApp-Image-2022-11-18-at-18.44.48-1024x566.jpg 1024w, https:\/\/salesianossp.org.br\/ositaquera\/wp-content\/uploads\/2022\/12\/WhatsApp-Image-2022-11-18-at-18.44.48-300x166.jpg 300w, https:\/\/salesianossp.org.br\/ositaquera\/wp-content\/uploads\/2022\/12\/WhatsApp-Image-2022-11-18-at-18.44.48-768x425.jpg 768w, https:\/\/salesianossp.org.br\/ositaquera\/wp-content\/uploads\/2022\/12\/WhatsApp-Image-2022-11-18-at-18.44.48-1536x849.jpg 1536w, https:\/\/salesianossp.org.br\/ositaquera\/wp-content\/uploads\/2022\/12\/WhatsApp-Image-2022-11-18-at-18.44.48.jpg 1601w\" sizes=\"(max-width: 1024px) 100vw, 1024px\" \/><\/figure>\n<figcaption class=\"blocks-gallery-caption\"><em>Equipe participante do treinamento e capacita\u00e7\u00e3o posa para foto ao final das atividades.<\/em><\/figcaption><\/figure>\n\n\n\n<div style=\"height:50px\" aria-hidden=\"true\" class=\"wp-block-spacer\"><\/div>\n\n\n\n<p><strong>A GIZ<\/strong><\/p>\n\n\n\n<p>Como prestador de servi\u00e7os no campo da coopera\u00e7\u00e3o internacional para o desenvolvimento sustent\u00e1vel e trabalho de educa\u00e7\u00e3o internacional, a  GIZ \u00e9 uma organiza\u00e7\u00e3o empenhada em moldar um futuro digno de ser vivido em todo o mundo. A GIZ tem mais de 50 anos de experi\u00eancia em uma ampla variedade de \u00e1reas, incluindo desenvolvimento econ\u00f4mico e promo\u00e7\u00e3o do emprego, energia, meio ambiente e paz e seguran\u00e7a. Com uma expertise diversificada, marca das empresas federais alem\u00e3s, est\u00e1 presente em todo o mundo &#8211; do governo alem\u00e3o, institui\u00e7\u00f5es da Uni\u00e3o Europeia, Na\u00e7\u00f5es Unidas, setor privado e governos de outros pa\u00edses, atuando ainda com atores da sociedade civil e institui\u00e7\u00f5es de pesquisa, para promover uma intera\u00e7\u00e3o bem-sucedida entre desenvolvimento e sustentabilidade.<\/p>\n","protected":false},"excerpt":{"rendered":"<p>Em parceria com a Deustche Gesellschaft f\u00fcr Internationale Zusammenarbeit \u2013 GIZ (Sigla em Alem\u00e3o) &#8211; em portugu\u00eas, Sociedade Alem\u00e3 para a Coopera\u00e7\u00e3o Internacional, foram apresentados os resultados do treinamento para a conscientiza\u00e7\u00e3o no uso e consumo de energia.<\/p>\n","protected":false},"author":27,"featured_media":6572,"comment_status":"open","ping_status":"open","sticky":false,"template":"","format":"standard","meta":{"footnotes":""},"categories":[59],"tags":[],"class_list":["post-6571","post","type-post","status-publish","format-standard","has-post-thumbnail","hentry","category-noticias"],"yoast_head":"<!-- This site is optimized with the Yoast SEO plugin v27.4 - https:\/\/yoast.com\/product\/yoast-seo-wordpress\/ -->\n<title>OBRA APRESENTA RESULTADOS DE CAPACITA\u00c7\u00c3O EM EFICI\u00caNCIA ENERG\u00c9TICA 4.0 - Obra Social Dom Bosco<\/title>\n<meta name=\"robots\" content=\"index, follow, max-snippet:-1, max-image-preview:large, max-video-preview:-1\" \/>\n<link rel=\"canonical\" href=\"https:\/\/salesianossp.org.br\/ositaquera\/obra-e-empresa-alema-giz-apresentam-avaliacao-de-capacitacao-em-eficiencia-energetica-4-0\/\" \/>\n<meta property=\"og:locale\" content=\"pt_BR\" \/>\n<meta property=\"og:type\" content=\"article\" \/>\n<meta property=\"og:title\" content=\"OBRA APRESENTA RESULTADOS DE CAPACITA\u00c7\u00c3O EM EFICI\u00caNCIA ENERG\u00c9TICA 4.0 - Obra Social Dom Bosco\" \/>\n<meta property=\"og:description\" content=\"Em parceria com a Deustche Gesellschaft f\u00fcr Internationale Zusammenarbeit \u2013 GIZ (Sigla em Alem\u00e3o) - em portugu\u00eas, Sociedade Alem\u00e3 para a Coopera\u00e7\u00e3o Internacional, foram apresentados os resultados do treinamento para a conscientiza\u00e7\u00e3o no uso e consumo de energia.\" \/>\n<meta property=\"og:url\" content=\"https:\/\/salesianossp.org.br\/ositaquera\/obra-e-empresa-alema-giz-apresentam-avaliacao-de-capacitacao-em-eficiencia-energetica-4-0\/\" \/>\n<meta property=\"og:site_name\" content=\"Obra Social Dom Bosco\" \/>\n<meta property=\"article:publisher\" content=\"https:\/\/www.facebook.com\/domboscoitaquera\" \/>\n<meta property=\"article:published_time\" content=\"2022-12-06T14:13:28+00:00\" \/>\n<meta property=\"og:image\" content=\"https:\/\/salesianossp.org.br\/ositaquera\/wp-content\/uploads\/2022\/12\/CAPA-EFICIENCIA-ENERGETICA-copy-1024x1024.png\" \/>\n\t<meta property=\"og:image:width\" content=\"1024\" \/>\n\t<meta property=\"og:image:height\" content=\"1024\" \/>\n\t<meta property=\"og:image:type\" content=\"image\/png\" \/>\n<meta name=\"author\" content=\"Lucas Rodrigues\" \/>\n<meta name=\"twitter:card\" content=\"summary_large_image\" \/>\n<meta name=\"twitter:label1\" content=\"Escrito por\" \/>\n\t<meta name=\"twitter:data1\" content=\"Lucas Rodrigues\" \/>\n\t<meta name=\"twitter:label2\" content=\"Est. tempo de leitura\" \/>\n\t<meta name=\"twitter:data2\" content=\"2 minutos\" \/>\n<script type=\"application\/ld+json\" class=\"yoast-schema-graph\">{\"@context\":\"https:\\\/\\\/schema.org\",\"@graph\":[{\"@type\":\"Article\",\"@id\":\"https:\\\/\\\/salesianossp.org.br\\\/ositaquera\\\/obra-e-empresa-alema-giz-apresentam-avaliacao-de-capacitacao-em-eficiencia-energetica-4-0\\\/#article\",\"isPartOf\":{\"@id\":\"https:\\\/\\\/salesianossp.org.br\\\/ositaquera\\\/obra-e-empresa-alema-giz-apresentam-avaliacao-de-capacitacao-em-eficiencia-energetica-4-0\\\/\"},\"author\":{\"name\":\"Lucas Rodrigues\",\"@id\":\"https:\\\/\\\/salesianossp.org.br\\\/ositaquera\\\/#\\\/schema\\\/person\\\/612e159822bfeed64312a453b075f9de\"},\"headline\":\"OBRA APRESENTA RESULTADOS DE CAPACITA\u00c7\u00c3O EM EFICI\u00caNCIA ENERG\u00c9TICA 4.0\",\"datePublished\":\"2022-12-06T14:13:28+00:00\",\"mainEntityOfPage\":{\"@id\":\"https:\\\/\\\/salesianossp.org.br\\\/ositaquera\\\/obra-e-empresa-alema-giz-apresentam-avaliacao-de-capacitacao-em-eficiencia-energetica-4-0\\\/\"},\"wordCount\":349,\"commentCount\":0,\"publisher\":{\"@id\":\"https:\\\/\\\/salesianossp.org.br\\\/ositaquera\\\/#organization\"},\"image\":{\"@id\":\"https:\\\/\\\/salesianossp.org.br\\\/ositaquera\\\/obra-e-empresa-alema-giz-apresentam-avaliacao-de-capacitacao-em-eficiencia-energetica-4-0\\\/#primaryimage\"},\"thumbnailUrl\":\"https:\\\/\\\/salesianossp.org.br\\\/ositaquera\\\/wp-content\\\/uploads\\\/2022\\\/12\\\/CAPA-EFICIENCIA-ENERGETICA-copy.png\",\"articleSection\":[\"Not\u00edcias\"],\"inLanguage\":\"pt-BR\",\"potentialAction\":[{\"@type\":\"CommentAction\",\"name\":\"Comment\",\"target\":[\"https:\\\/\\\/salesianossp.org.br\\\/ositaquera\\\/obra-e-empresa-alema-giz-apresentam-avaliacao-de-capacitacao-em-eficiencia-energetica-4-0\\\/#respond\"]}]},{\"@type\":\"WebPage\",\"@id\":\"https:\\\/\\\/salesianossp.org.br\\\/ositaquera\\\/obra-e-empresa-alema-giz-apresentam-avaliacao-de-capacitacao-em-eficiencia-energetica-4-0\\\/\",\"url\":\"https:\\\/\\\/salesianossp.org.br\\\/ositaquera\\\/obra-e-empresa-alema-giz-apresentam-avaliacao-de-capacitacao-em-eficiencia-energetica-4-0\\\/\",\"name\":\"OBRA APRESENTA RESULTADOS DE CAPACITA\u00c7\u00c3O EM EFICI\u00caNCIA ENERG\u00c9TICA 4.0 - Obra Social Dom Bosco\",\"isPartOf\":{\"@id\":\"https:\\\/\\\/salesianossp.org.br\\\/ositaquera\\\/#website\"},\"primaryImageOfPage\":{\"@id\":\"https:\\\/\\\/salesianossp.org.br\\\/ositaquera\\\/obra-e-empresa-alema-giz-apresentam-avaliacao-de-capacitacao-em-eficiencia-energetica-4-0\\\/#primaryimage\"},\"image\":{\"@id\":\"https:\\\/\\\/salesianossp.org.br\\\/ositaquera\\\/obra-e-empresa-alema-giz-apresentam-avaliacao-de-capacitacao-em-eficiencia-energetica-4-0\\\/#primaryimage\"},\"thumbnailUrl\":\"https:\\\/\\\/salesianossp.org.br\\\/ositaquera\\\/wp-content\\\/uploads\\\/2022\\\/12\\\/CAPA-EFICIENCIA-ENERGETICA-copy.png\",\"datePublished\":\"2022-12-06T14:13:28+00:00\",\"breadcrumb\":{\"@id\":\"https:\\\/\\\/salesianossp.org.br\\\/ositaquera\\\/obra-e-empresa-alema-giz-apresentam-avaliacao-de-capacitacao-em-eficiencia-energetica-4-0\\\/#breadcrumb\"},\"inLanguage\":\"pt-BR\",\"potentialAction\":[{\"@type\":\"ReadAction\",\"target\":[\"https:\\\/\\\/salesianossp.org.br\\\/ositaquera\\\/obra-e-empresa-alema-giz-apresentam-avaliacao-de-capacitacao-em-eficiencia-energetica-4-0\\\/\"]}]},{\"@type\":\"ImageObject\",\"inLanguage\":\"pt-BR\",\"@id\":\"https:\\\/\\\/salesianossp.org.br\\\/ositaquera\\\/obra-e-empresa-alema-giz-apresentam-avaliacao-de-capacitacao-em-eficiencia-energetica-4-0\\\/#primaryimage\",\"url\":\"https:\\\/\\\/salesianossp.org.br\\\/ositaquera\\\/wp-content\\\/uploads\\\/2022\\\/12\\\/CAPA-EFICIENCIA-ENERGETICA-copy.png\",\"contentUrl\":\"https:\\\/\\\/salesianossp.org.br\\\/ositaquera\\\/wp-content\\\/uploads\\\/2022\\\/12\\\/CAPA-EFICIENCIA-ENERGETICA-copy.png\",\"width\":1422,\"height\":1422},{\"@type\":\"BreadcrumbList\",\"@id\":\"https:\\\/\\\/salesianossp.org.br\\\/ositaquera\\\/obra-e-empresa-alema-giz-apresentam-avaliacao-de-capacitacao-em-eficiencia-energetica-4-0\\\/#breadcrumb\",\"itemListElement\":[{\"@type\":\"ListItem\",\"position\":1,\"name\":\"In\u00edcio\",\"item\":\"https:\\\/\\\/salesianossp.org.br\\\/ositaquera\\\/\"},{\"@type\":\"ListItem\",\"position\":2,\"name\":\"OBRA APRESENTA RESULTADOS DE CAPACITA\u00c7\u00c3O EM EFICI\u00caNCIA ENERG\u00c9TICA 4.0\"}]},{\"@type\":\"WebSite\",\"@id\":\"https:\\\/\\\/salesianossp.org.br\\\/ositaquera\\\/#website\",\"url\":\"https:\\\/\\\/salesianossp.org.br\\\/ositaquera\\\/\",\"name\":\"Obra Social Dom Bosco\",\"description\":\"\",\"publisher\":{\"@id\":\"https:\\\/\\\/salesianossp.org.br\\\/ositaquera\\\/#organization\"},\"potentialAction\":[{\"@type\":\"SearchAction\",\"target\":{\"@type\":\"EntryPoint\",\"urlTemplate\":\"https:\\\/\\\/salesianossp.org.br\\\/ositaquera\\\/?s={search_term_string}\"},\"query-input\":{\"@type\":\"PropertyValueSpecification\",\"valueRequired\":true,\"valueName\":\"search_term_string\"}}],\"inLanguage\":\"pt-BR\"},{\"@type\":\"Organization\",\"@id\":\"https:\\\/\\\/salesianossp.org.br\\\/ositaquera\\\/#organization\",\"name\":\"Obra Social Dom Bosco\",\"url\":\"https:\\\/\\\/salesianossp.org.br\\\/ositaquera\\\/\",\"logo\":{\"@type\":\"ImageObject\",\"inLanguage\":\"pt-BR\",\"@id\":\"https:\\\/\\\/salesianossp.org.br\\\/ositaquera\\\/#\\\/schema\\\/logo\\\/image\\\/\",\"url\":\"https:\\\/\\\/salesianossp.org.br\\\/ositaquera\\\/wp-content\\\/uploads\\\/2024\\\/03\\\/logo-obra-social-dom-bosco-itaquera-h-scaled.png\",\"contentUrl\":\"https:\\\/\\\/salesianossp.org.br\\\/ositaquera\\\/wp-content\\\/uploads\\\/2024\\\/03\\\/logo-obra-social-dom-bosco-itaquera-h-scaled.png\",\"width\":2560,\"height\":672,\"caption\":\"Obra Social Dom Bosco\"},\"image\":{\"@id\":\"https:\\\/\\\/salesianossp.org.br\\\/ositaquera\\\/#\\\/schema\\\/logo\\\/image\\\/\"},\"sameAs\":[\"https:\\\/\\\/www.facebook.com\\\/domboscoitaquera\",\"https:\\\/\\\/br.linkedin.com\\\/company\\\/domboscoitaquera\",\"https:\\\/\\\/www.youtube.com\\\/channel\\\/UCMIUZW8mqlpEbP7Dy02veOw\",\"https:\\\/\\\/www.instagram.com\\\/obradombosco\\\/\"]},{\"@type\":\"Person\",\"@id\":\"https:\\\/\\\/salesianossp.org.br\\\/ositaquera\\\/#\\\/schema\\\/person\\\/612e159822bfeed64312a453b075f9de\",\"name\":\"Lucas Rodrigues\",\"image\":{\"@type\":\"ImageObject\",\"inLanguage\":\"pt-BR\",\"@id\":\"https:\\\/\\\/secure.gravatar.com\\\/avatar\\\/0ad9c966c6ed3335d7fffe2c3b88880dd298c0817b71e20a6955c38f2a53f746?s=96&d=mm&r=g\",\"url\":\"https:\\\/\\\/secure.gravatar.com\\\/avatar\\\/0ad9c966c6ed3335d7fffe2c3b88880dd298c0817b71e20a6955c38f2a53f746?s=96&d=mm&r=g\",\"contentUrl\":\"https:\\\/\\\/secure.gravatar.com\\\/avatar\\\/0ad9c966c6ed3335d7fffe2c3b88880dd298c0817b71e20a6955c38f2a53f746?s=96&d=mm&r=g\",\"caption\":\"Lucas Rodrigues\"},\"url\":\"https:\\\/\\\/salesianossp.org.br\\\/ositaquera\\\/author\\\/lucas-rodrigues\\\/\"}]}<\/script>\n<!-- \/ Yoast SEO plugin. -->","yoast_head_json":{"title":"OBRA APRESENTA RESULTADOS DE CAPACITA\u00c7\u00c3O EM EFICI\u00caNCIA ENERG\u00c9TICA 4.0 - Obra Social Dom Bosco","robots":{"index":"index","follow":"follow","max-snippet":"max-snippet:-1","max-image-preview":"max-image-preview:large","max-video-preview":"max-video-preview:-1"},"canonical":"https:\/\/salesianossp.org.br\/ositaquera\/obra-e-empresa-alema-giz-apresentam-avaliacao-de-capacitacao-em-eficiencia-energetica-4-0\/","og_locale":"pt_BR","og_type":"article","og_title":"OBRA APRESENTA RESULTADOS DE CAPACITA\u00c7\u00c3O EM EFICI\u00caNCIA ENERG\u00c9TICA 4.0 - Obra Social Dom Bosco","og_description":"Em parceria com a Deustche Gesellschaft f\u00fcr Internationale Zusammenarbeit \u2013 GIZ (Sigla em Alem\u00e3o) - em portugu\u00eas, Sociedade Alem\u00e3 para a Coopera\u00e7\u00e3o Internacional, foram apresentados os resultados do treinamento para a conscientiza\u00e7\u00e3o no uso e consumo de energia.","og_url":"https:\/\/salesianossp.org.br\/ositaquera\/obra-e-empresa-alema-giz-apresentam-avaliacao-de-capacitacao-em-eficiencia-energetica-4-0\/","og_site_name":"Obra Social Dom Bosco","article_publisher":"https:\/\/www.facebook.com\/domboscoitaquera","article_published_time":"2022-12-06T14:13:28+00:00","og_image":[{"width":1024,"height":1024,"url":"https:\/\/salesianossp.org.br\/ositaquera\/wp-content\/uploads\/2022\/12\/CAPA-EFICIENCIA-ENERGETICA-copy-1024x1024.png","type":"image\/png"}],"author":"Lucas Rodrigues","twitter_card":"summary_large_image","twitter_misc":{"Escrito por":"Lucas Rodrigues","Est. tempo de leitura":"2 minutos"},"schema":{"@context":"https:\/\/schema.org","@graph":[{"@type":"Article","@id":"https:\/\/salesianossp.org.br\/ositaquera\/obra-e-empresa-alema-giz-apresentam-avaliacao-de-capacitacao-em-eficiencia-energetica-4-0\/#article","isPartOf":{"@id":"https:\/\/salesianossp.org.br\/ositaquera\/obra-e-empresa-alema-giz-apresentam-avaliacao-de-capacitacao-em-eficiencia-energetica-4-0\/"},"author":{"name":"Lucas Rodrigues","@id":"https:\/\/salesianossp.org.br\/ositaquera\/#\/schema\/person\/612e159822bfeed64312a453b075f9de"},"headline":"OBRA APRESENTA RESULTADOS DE CAPACITA\u00c7\u00c3O EM EFICI\u00caNCIA ENERG\u00c9TICA 4.0","datePublished":"2022-12-06T14:13:28+00:00","mainEntityOfPage":{"@id":"https:\/\/salesianossp.org.br\/ositaquera\/obra-e-empresa-alema-giz-apresentam-avaliacao-de-capacitacao-em-eficiencia-energetica-4-0\/"},"wordCount":349,"commentCount":0,"publisher":{"@id":"https:\/\/salesianossp.org.br\/ositaquera\/#organization"},"image":{"@id":"https:\/\/salesianossp.org.br\/ositaquera\/obra-e-empresa-alema-giz-apresentam-avaliacao-de-capacitacao-em-eficiencia-energetica-4-0\/#primaryimage"},"thumbnailUrl":"https:\/\/salesianossp.org.br\/ositaquera\/wp-content\/uploads\/2022\/12\/CAPA-EFICIENCIA-ENERGETICA-copy.png","articleSection":["Not\u00edcias"],"inLanguage":"pt-BR","potentialAction":[{"@type":"CommentAction","name":"Comment","target":["https:\/\/salesianossp.org.br\/ositaquera\/obra-e-empresa-alema-giz-apresentam-avaliacao-de-capacitacao-em-eficiencia-energetica-4-0\/#respond"]}]},{"@type":"WebPage","@id":"https:\/\/salesianossp.org.br\/ositaquera\/obra-e-empresa-alema-giz-apresentam-avaliacao-de-capacitacao-em-eficiencia-energetica-4-0\/","url":"https:\/\/salesianossp.org.br\/ositaquera\/obra-e-empresa-alema-giz-apresentam-avaliacao-de-capacitacao-em-eficiencia-energetica-4-0\/","name":"OBRA APRESENTA RESULTADOS DE CAPACITA\u00c7\u00c3O EM EFICI\u00caNCIA ENERG\u00c9TICA 4.0 - Obra Social Dom Bosco","isPartOf":{"@id":"https:\/\/salesianossp.org.br\/ositaquera\/#website"},"primaryImageOfPage":{"@id":"https:\/\/salesianossp.org.br\/ositaquera\/obra-e-empresa-alema-giz-apresentam-avaliacao-de-capacitacao-em-eficiencia-energetica-4-0\/#primaryimage"},"image":{"@id":"https:\/\/salesianossp.org.br\/ositaquera\/obra-e-empresa-alema-giz-apresentam-avaliacao-de-capacitacao-em-eficiencia-energetica-4-0\/#primaryimage"},"thumbnailUrl":"https:\/\/salesianossp.org.br\/ositaquera\/wp-content\/uploads\/2022\/12\/CAPA-EFICIENCIA-ENERGETICA-copy.png","datePublished":"2022-12-06T14:13:28+00:00","breadcrumb":{"@id":"https:\/\/salesianossp.org.br\/ositaquera\/obra-e-empresa-alema-giz-apresentam-avaliacao-de-capacitacao-em-eficiencia-energetica-4-0\/#breadcrumb"},"inLanguage":"pt-BR","potentialAction":[{"@type":"ReadAction","target":["https:\/\/salesianossp.org.br\/ositaquera\/obra-e-empresa-alema-giz-apresentam-avaliacao-de-capacitacao-em-eficiencia-energetica-4-0\/"]}]},{"@type":"ImageObject","inLanguage":"pt-BR","@id":"https:\/\/salesianossp.org.br\/ositaquera\/obra-e-empresa-alema-giz-apresentam-avaliacao-de-capacitacao-em-eficiencia-energetica-4-0\/#primaryimage","url":"https:\/\/salesianossp.org.br\/ositaquera\/wp-content\/uploads\/2022\/12\/CAPA-EFICIENCIA-ENERGETICA-copy.png","contentUrl":"https:\/\/salesianossp.org.br\/ositaquera\/wp-content\/uploads\/2022\/12\/CAPA-EFICIENCIA-ENERGETICA-copy.png","width":1422,"height":1422},{"@type":"BreadcrumbList","@id":"https:\/\/salesianossp.org.br\/ositaquera\/obra-e-empresa-alema-giz-apresentam-avaliacao-de-capacitacao-em-eficiencia-energetica-4-0\/#breadcrumb","itemListElement":[{"@type":"ListItem","position":1,"name":"In\u00edcio","item":"https:\/\/salesianossp.org.br\/ositaquera\/"},{"@type":"ListItem","position":2,"name":"OBRA APRESENTA RESULTADOS DE CAPACITA\u00c7\u00c3O EM EFICI\u00caNCIA ENERG\u00c9TICA 4.0"}]},{"@type":"WebSite","@id":"https:\/\/salesianossp.org.br\/ositaquera\/#website","url":"https:\/\/salesianossp.org.br\/ositaquera\/","name":"Obra Social Dom Bosco","description":"","publisher":{"@id":"https:\/\/salesianossp.org.br\/ositaquera\/#organization"},"potentialAction":[{"@type":"SearchAction","target":{"@type":"EntryPoint","urlTemplate":"https:\/\/salesianossp.org.br\/ositaquera\/?s={search_term_string}"},"query-input":{"@type":"PropertyValueSpecification","valueRequired":true,"valueName":"search_term_string"}}],"inLanguage":"pt-BR"},{"@type":"Organization","@id":"https:\/\/salesianossp.org.br\/ositaquera\/#organization","name":"Obra Social Dom Bosco","url":"https:\/\/salesianossp.org.br\/ositaquera\/","logo":{"@type":"ImageObject","inLanguage":"pt-BR","@id":"https:\/\/salesianossp.org.br\/ositaquera\/#\/schema\/logo\/image\/","url":"https:\/\/salesianossp.org.br\/ositaquera\/wp-content\/uploads\/2024\/03\/logo-obra-social-dom-bosco-itaquera-h-scaled.png","contentUrl":"https:\/\/salesianossp.org.br\/ositaquera\/wp-content\/uploads\/2024\/03\/logo-obra-social-dom-bosco-itaquera-h-scaled.png","width":2560,"height":672,"caption":"Obra Social Dom Bosco"},"image":{"@id":"https:\/\/salesianossp.org.br\/ositaquera\/#\/schema\/logo\/image\/"},"sameAs":["https:\/\/www.facebook.com\/domboscoitaquera","https:\/\/br.linkedin.com\/company\/domboscoitaquera","https:\/\/www.youtube.com\/channel\/UCMIUZW8mqlpEbP7Dy02veOw","https:\/\/www.instagram.com\/obradombosco\/"]},{"@type":"Person","@id":"https:\/\/salesianossp.org.br\/ositaquera\/#\/schema\/person\/612e159822bfeed64312a453b075f9de","name":"Lucas Rodrigues","image":{"@type":"ImageObject","inLanguage":"pt-BR","@id":"https:\/\/secure.gravatar.com\/avatar\/0ad9c966c6ed3335d7fffe2c3b88880dd298c0817b71e20a6955c38f2a53f746?s=96&d=mm&r=g","url":"https:\/\/secure.gravatar.com\/avatar\/0ad9c966c6ed3335d7fffe2c3b88880dd298c0817b71e20a6955c38f2a53f746?s=96&d=mm&r=g","contentUrl":"https:\/\/secure.gravatar.com\/avatar\/0ad9c966c6ed3335d7fffe2c3b88880dd298c0817b71e20a6955c38f2a53f746?s=96&d=mm&r=g","caption":"Lucas Rodrigues"},"url":"https:\/\/salesianossp.org.br\/ositaquera\/author\/lucas-rodrigues\/"}]}},"_links":{"self":[{"href":"https:\/\/salesianossp.org.br\/ositaquera\/wp-json\/wp\/v2\/posts\/6571","targetHints":{"allow":["GET"]}}],"collection":[{"href":"https:\/\/salesianossp.org.br\/ositaquera\/wp-json\/wp\/v2\/posts"}],"about":[{"href":"https:\/\/salesianossp.org.br\/ositaquera\/wp-json\/wp\/v2\/types\/post"}],"author":[{"embeddable":true,"href":"https:\/\/salesianossp.org.br\/ositaquera\/wp-json\/wp\/v2\/users\/27"}],"replies":[{"embeddable":true,"href":"https:\/\/salesianossp.org.br\/ositaquera\/wp-json\/wp\/v2\/comments?post=6571"}],"version-history":[{"count":0,"href":"https:\/\/salesianossp.org.br\/ositaquera\/wp-json\/wp\/v2\/posts\/6571\/revisions"}],"wp:featuredmedia":[{"embeddable":true,"href":"https:\/\/salesianossp.org.br\/ositaquera\/wp-json\/wp\/v2\/media\/6572"}],"wp:attachment":[{"href":"https:\/\/salesianossp.org.br\/ositaquera\/wp-json\/wp\/v2\/media?parent=6571"}],"wp:term":[{"taxonomy":"category","embeddable":true,"href":"https:\/\/salesianossp.org.br\/ositaquera\/wp-json\/wp\/v2\/categories?post=6571"},{"taxonomy":"post_tag","embeddable":true,"href":"https:\/\/salesianossp.org.br\/ositaquera\/wp-json\/wp\/v2\/tags?post=6571"}],"curies":[{"name":"wp","href":"https:\/\/api.w.org\/{rel}","templated":true}]}}