{"id":6595,"date":"2023-02-15T16:42:56","date_gmt":"2023-02-15T19:42:56","guid":{"rendered":"https:\/\/salesianossp.org.br\/ositaquera\/?p=6595"},"modified":"2023-02-15T16:42:56","modified_gmt":"2023-02-15T19:42:56","slug":"2023-ano-comeca-com-acolhida-para-colaboradores-e-educandos","status":"publish","type":"post","link":"https:\/\/salesianossp.org.br\/ositaquera\/2023-ano-comeca-com-acolhida-para-colaboradores-e-educandos\/","title":{"rendered":"ACOLHIDA DE COLABORADORES E EDUCANDOS MARCA IN\u00cdCIO DAS ATIVIDADES EM 2023"},"content":{"rendered":"\n<div style=\"height:16px\" aria-hidden=\"true\" class=\"wp-block-spacer\"><\/div>\n\n\n\n<p><strong>Comunica\u00e7\u00e3o\/OSDB Itaquera<\/strong><\/p>\n\n\n\n<p>Entre os dias 1 e 3 de fevereiro, colaboradores da Obra Social Dom Bosco e da Associa\u00e7\u00e3o Beneficente Bom Pastor foram recepcionados na nossa unidade do Circo Social, ao lado Metr\u00f4 Itaquera, para o in\u00edcio das atividades em 2023. Al\u00e9m da recep\u00e7\u00e3o, o momento foi marcado por forma\u00e7\u00f5es, palestras e a finaliza\u00e7\u00e3o do planejamento de cada projeto para o ano que se inicia.<\/p>\n\n\n\n<p>Foram realizadas ainda atividades e encontros para falar de intelig\u00eancia emocional; higiene do sono e sa\u00fade mental; cuidados com a voz; primeiros socorros; reflex\u00f5es sobre o \u201cPacto Educativo Global\u201d, lan\u00e7ado por sua Santidade, o Papa Francisco &#8211; em outubro de 2020, al\u00e9m de revisitarmos o contexto do Sistema Preventivo idealizado por Dom Bosco.<\/p>\n\n\n\n<div style=\"height:28px\" aria-hidden=\"true\" class=\"wp-block-spacer\"><\/div>\n\n\n\n<figure class=\"wp-block-gallery has-nested-images columns-default is-cropped wp-block-gallery-1 is-layout-flex wp-block-gallery-is-layout-flex\">\n<figure class=\"wp-block-image size-large is-style-default\"><img decoding=\"async\" data-id=\"6597\" src=\"https:\/\/salesianossp.org.br\/ositaquera\/wp-content\/uploads\/2023\/02\/20230201_153544-tratada-1024x603.jpg\" alt=\"\" class=\"wp-image-6597\"\/><\/figure>\n<figcaption class=\"blocks-gallery-caption\"><em>Colaboradores da OSDB e ABBP reunidos no gin\u00e1sio do Circo Social, durante celebra\u00e7\u00e3o de acolhida.<\/em><\/figcaption><\/figure>\n\n\n\n<div style=\"height:39px\" aria-hidden=\"true\" class=\"wp-block-spacer\"><\/div>\n\n\n\n<figure class=\"wp-block-gallery has-nested-images columns-default is-cropped wp-block-gallery-2 is-layout-flex wp-block-gallery-is-layout-flex\">\n<figure class=\"wp-block-image size-large\"><img fetchpriority=\"high\" decoding=\"async\" width=\"1024\" height=\"449\" data-id=\"6600\" src=\"https:\/\/salesianossp.org.br\/ositaquera\/wp-content\/uploads\/2023\/02\/20230203_104638-tratada-reduz-1024x449.jpg\" alt=\"\" class=\"wp-image-6600\" srcset=\"https:\/\/salesianossp.org.br\/ositaquera\/wp-content\/uploads\/2023\/02\/20230203_104638-tratada-reduz-1024x449.jpg 1024w, https:\/\/salesianossp.org.br\/ositaquera\/wp-content\/uploads\/2023\/02\/20230203_104638-tratada-reduz-300x132.jpg 300w, https:\/\/salesianossp.org.br\/ositaquera\/wp-content\/uploads\/2023\/02\/20230203_104638-tratada-reduz-768x337.jpg 768w, https:\/\/salesianossp.org.br\/ositaquera\/wp-content\/uploads\/2023\/02\/20230203_104638-tratada-reduz-1536x674.jpg 1536w, https:\/\/salesianossp.org.br\/ositaquera\/wp-content\/uploads\/2023\/02\/20230203_104638-tratada-reduz.jpg 1890w\" sizes=\"(max-width: 1024px) 100vw, 1024px\" \/><\/figure>\n\n\n\n<figure class=\"wp-block-image size-large\"><img decoding=\"async\" width=\"1024\" height=\"440\" data-id=\"6601\" src=\"https:\/\/salesianossp.org.br\/ositaquera\/wp-content\/uploads\/2023\/02\/20230203_151900-tratada-reduz-1024x440.jpg\" alt=\"\" class=\"wp-image-6601\" srcset=\"https:\/\/salesianossp.org.br\/ositaquera\/wp-content\/uploads\/2023\/02\/20230203_151900-tratada-reduz-1024x440.jpg 1024w, https:\/\/salesianossp.org.br\/ositaquera\/wp-content\/uploads\/2023\/02\/20230203_151900-tratada-reduz-300x129.jpg 300w, https:\/\/salesianossp.org.br\/ositaquera\/wp-content\/uploads\/2023\/02\/20230203_151900-tratada-reduz-768x330.jpg 768w, https:\/\/salesianossp.org.br\/ositaquera\/wp-content\/uploads\/2023\/02\/20230203_151900-tratada-reduz-1536x660.jpg 1536w, https:\/\/salesianossp.org.br\/ositaquera\/wp-content\/uploads\/2023\/02\/20230203_151900-tratada-reduz.jpg 1890w\" sizes=\"(max-width: 1024px) 100vw, 1024px\" \/><\/figure>\n<\/figure>\n\n\n\n<div style=\"height:8px\" aria-hidden=\"true\" class=\"wp-block-spacer\"><\/div>\n\n\n\n<figure class=\"wp-block-image aligncenter size-large\"><img decoding=\"async\" width=\"1024\" height=\"381\" src=\"https:\/\/salesianossp.org.br\/ositaquera\/wp-content\/uploads\/2023\/02\/20230203_135759-tratada-reduz-1024x381.jpg\" alt=\"\" class=\"wp-image-6607\" srcset=\"https:\/\/salesianossp.org.br\/ositaquera\/wp-content\/uploads\/2023\/02\/20230203_135759-tratada-reduz-1024x381.jpg 1024w, https:\/\/salesianossp.org.br\/ositaquera\/wp-content\/uploads\/2023\/02\/20230203_135759-tratada-reduz-300x112.jpg 300w, https:\/\/salesianossp.org.br\/ositaquera\/wp-content\/uploads\/2023\/02\/20230203_135759-tratada-reduz-768x286.jpg 768w, https:\/\/salesianossp.org.br\/ositaquera\/wp-content\/uploads\/2023\/02\/20230203_135759-tratada-reduz-1536x572.jpg 1536w, https:\/\/salesianossp.org.br\/ositaquera\/wp-content\/uploads\/2023\/02\/20230203_135759-tratada-reduz.jpg 1890w\" sizes=\"(max-width: 1024px) 100vw, 1024px\" \/><figcaption><em>Grupo participou de forma\u00e7\u00e3o para preven\u00e7\u00e3o de acidentes e primeiros socorros, <\/em><br><em>al\u00e9m de orienta\u00e7\u00f5es e cuidados com a voz, durante o exerc\u00edcio profissional.<\/em><\/figcaption><\/figure>\n\n\n\n<div style=\"height:12px\" aria-hidden=\"true\" class=\"wp-block-spacer\"><\/div>\n\n\n\n<figure class=\"wp-block-image aligncenter size-large\"><img loading=\"lazy\" decoding=\"async\" width=\"1024\" height=\"455\" src=\"https:\/\/salesianossp.org.br\/ositaquera\/wp-content\/uploads\/2023\/02\/20230203_085441-tratada-reduz-1024x455.jpg\" alt=\"\" class=\"wp-image-6606\" srcset=\"https:\/\/salesianossp.org.br\/ositaquera\/wp-content\/uploads\/2023\/02\/20230203_085441-tratada-reduz-1024x455.jpg 1024w, https:\/\/salesianossp.org.br\/ositaquera\/wp-content\/uploads\/2023\/02\/20230203_085441-tratada-reduz-300x133.jpg 300w, https:\/\/salesianossp.org.br\/ositaquera\/wp-content\/uploads\/2023\/02\/20230203_085441-tratada-reduz-768x341.jpg 768w, https:\/\/salesianossp.org.br\/ositaquera\/wp-content\/uploads\/2023\/02\/20230203_085441-tratada-reduz-1536x683.jpg 1536w, https:\/\/salesianossp.org.br\/ositaquera\/wp-content\/uploads\/2023\/02\/20230203_085441-tratada-reduz.jpg 1890w\" sizes=\"(max-width: 1024px) 100vw, 1024px\" \/><\/figure>\n\n\n\n<div style=\"height:0px\" aria-hidden=\"true\" class=\"wp-block-spacer\"><\/div>\n\n\n\n<figure class=\"wp-block-gallery has-nested-images columns-default is-cropped wp-block-gallery-3 is-layout-flex wp-block-gallery-is-layout-flex\">\n<figure class=\"wp-block-image size-large\"><img loading=\"lazy\" decoding=\"async\" width=\"1024\" height=\"677\" data-id=\"6602\" src=\"https:\/\/salesianossp.org.br\/ositaquera\/wp-content\/uploads\/2023\/02\/20230203_084917-tratada-reduz-1024x677.jpg\" alt=\"\" class=\"wp-image-6602\" srcset=\"https:\/\/salesianossp.org.br\/ositaquera\/wp-content\/uploads\/2023\/02\/20230203_084917-tratada-reduz-1024x677.jpg 1024w, https:\/\/salesianossp.org.br\/ositaquera\/wp-content\/uploads\/2023\/02\/20230203_084917-tratada-reduz-300x198.jpg 300w, https:\/\/salesianossp.org.br\/ositaquera\/wp-content\/uploads\/2023\/02\/20230203_084917-tratada-reduz-768x508.jpg 768w, https:\/\/salesianossp.org.br\/ositaquera\/wp-content\/uploads\/2023\/02\/20230203_084917-tratada-reduz-1536x1016.jpg 1536w, https:\/\/salesianossp.org.br\/ositaquera\/wp-content\/uploads\/2023\/02\/20230203_084917-tratada-reduz.jpg 1890w\" sizes=\"(max-width: 1024px) 100vw, 1024px\" \/><\/figure>\n\n\n\n<figure class=\"wp-block-image size-large\"><img loading=\"lazy\" decoding=\"async\" width=\"1024\" height=\"541\" data-id=\"6603\" src=\"https:\/\/salesianossp.org.br\/ositaquera\/wp-content\/uploads\/2023\/02\/20230203_085721-tratada-reduz-1024x541.jpg\" alt=\"\" class=\"wp-image-6603\" srcset=\"https:\/\/salesianossp.org.br\/ositaquera\/wp-content\/uploads\/2023\/02\/20230203_085721-tratada-reduz-1024x541.jpg 1024w, https:\/\/salesianossp.org.br\/ositaquera\/wp-content\/uploads\/2023\/02\/20230203_085721-tratada-reduz-300x158.jpg 300w, https:\/\/salesianossp.org.br\/ositaquera\/wp-content\/uploads\/2023\/02\/20230203_085721-tratada-reduz-768x406.jpg 768w, https:\/\/salesianossp.org.br\/ositaquera\/wp-content\/uploads\/2023\/02\/20230203_085721-tratada-reduz-1536x811.jpg 1536w, https:\/\/salesianossp.org.br\/ositaquera\/wp-content\/uploads\/2023\/02\/20230203_085721-tratada-reduz.jpg 1890w\" sizes=\"(max-width: 1024px) 100vw, 1024px\" \/><\/figure>\n\n\n\n<figure class=\"wp-block-image size-large\"><img loading=\"lazy\" decoding=\"async\" width=\"1024\" height=\"790\" data-id=\"6604\" src=\"https:\/\/salesianossp.org.br\/ositaquera\/wp-content\/uploads\/2023\/02\/20230203_090233-tratada-reduz-1024x790.jpg\" alt=\"\" class=\"wp-image-6604\" srcset=\"https:\/\/salesianossp.org.br\/ositaquera\/wp-content\/uploads\/2023\/02\/20230203_090233-tratada-reduz-1024x790.jpg 1024w, https:\/\/salesianossp.org.br\/ositaquera\/wp-content\/uploads\/2023\/02\/20230203_090233-tratada-reduz-300x231.jpg 300w, https:\/\/salesianossp.org.br\/ositaquera\/wp-content\/uploads\/2023\/02\/20230203_090233-tratada-reduz-768x592.jpg 768w, https:\/\/salesianossp.org.br\/ositaquera\/wp-content\/uploads\/2023\/02\/20230203_090233-tratada-reduz-1536x1185.jpg 1536w, https:\/\/salesianossp.org.br\/ositaquera\/wp-content\/uploads\/2023\/02\/20230203_090233-tratada-reduz.jpg 1890w\" sizes=\"(max-width: 1024px) 100vw, 1024px\" \/><\/figure>\n\n\n\n<figure class=\"wp-block-image size-large\"><img loading=\"lazy\" decoding=\"async\" width=\"1024\" height=\"377\" data-id=\"6605\" src=\"https:\/\/salesianossp.org.br\/ositaquera\/wp-content\/uploads\/2023\/02\/20230203_083043-tratada-reduz-1024x377.jpg\" alt=\"\" class=\"wp-image-6605\" srcset=\"https:\/\/salesianossp.org.br\/ositaquera\/wp-content\/uploads\/2023\/02\/20230203_083043-tratada-reduz-1024x377.jpg 1024w, https:\/\/salesianossp.org.br\/ositaquera\/wp-content\/uploads\/2023\/02\/20230203_083043-tratada-reduz-300x110.jpg 300w, https:\/\/salesianossp.org.br\/ositaquera\/wp-content\/uploads\/2023\/02\/20230203_083043-tratada-reduz-768x282.jpg 768w, https:\/\/salesianossp.org.br\/ositaquera\/wp-content\/uploads\/2023\/02\/20230203_083043-tratada-reduz-1536x565.jpg 1536w, https:\/\/salesianossp.org.br\/ositaquera\/wp-content\/uploads\/2023\/02\/20230203_083043-tratada-reduz.jpg 1890w\" sizes=\"(max-width: 1024px) 100vw, 1024px\" \/><\/figure>\n<figcaption class=\"blocks-gallery-caption\"><em>Educadores e educadoras participam de forma\u00e7\u00e3o oferecida pelo Senac, <br>abordando o contexto da &#8220;educa\u00e7\u00e3o em um cen\u00e1rio p\u00f3s-pandemia&#8221;.<\/em><\/figcaption><\/figure>\n\n\n\n<div style=\"height:52px\" aria-hidden=\"true\" class=\"wp-block-spacer\"><\/div>\n\n\n\n<p>Na acolhida, tamb\u00e9m foi apresentada a \u201cEstreia 2023\u201d do Reitor-Mor Padre \u00c1ngel Fern\u00e1ndez Artime. Com o tema \u201cComo Fermento na Fam\u00edlia Humana Hoje \u2013 A Dimens\u00e3o Laical da Fam\u00edlia de Dom Bosco\u201d, entre in\u00fameras reflex\u00f5es, Padre \u00c1ngel Fern\u00e1ndez Artime destaca que \u201c[&#8230;] \u00e0 luz do que mais caracteriza a nossa pedagogia e a nossa espiritualidade, pretendemos ajudar, sobretudo, os adolescentes e os jovens a descobrirem que cada um deles \u00e9 chamado a ser como o fermento de que fala Jesus: o bom fermento que ajuda a fazer crescer e tornar saboroso o \u2018p\u00e3o\u2019 da fam\u00edlia humana. Cada um deles \u00e9 chamado a ser um verdadeiro protagonista porque, \u00e0 sua maneira, \u00e9 \u2018uma miss\u00e3o sobre esta terra\u2019\u201d.<\/p>\n\n\n\n<div style=\"height:25px\" aria-hidden=\"true\" class=\"wp-block-spacer\"><\/div>\n\n\n\n<figure class=\"wp-block-image aligncenter size-large\"><img loading=\"lazy\" decoding=\"async\" width=\"1024\" height=\"724\" src=\"https:\/\/salesianossp.org.br\/ositaquera\/wp-content\/uploads\/2023\/02\/Strenna-PT-menor-1024x724.jpg\" alt=\"\" class=\"wp-image-6608\" srcset=\"https:\/\/salesianossp.org.br\/ositaquera\/wp-content\/uploads\/2023\/02\/Strenna-PT-menor-1024x724.jpg 1024w, https:\/\/salesianossp.org.br\/ositaquera\/wp-content\/uploads\/2023\/02\/Strenna-PT-menor-300x212.jpg 300w, https:\/\/salesianossp.org.br\/ositaquera\/wp-content\/uploads\/2023\/02\/Strenna-PT-menor-768x543.jpg 768w, https:\/\/salesianossp.org.br\/ositaquera\/wp-content\/uploads\/2023\/02\/Strenna-PT-menor-1536x1086.jpg 1536w, https:\/\/salesianossp.org.br\/ositaquera\/wp-content\/uploads\/2023\/02\/Strenna-PT-menor.jpg 1772w\" sizes=\"(max-width: 1024px) 100vw, 1024px\" \/><figcaption><em>Cartaz oficial da Estreia 2023 do Reitor-Mor Padre \u00c1ngel Fern\u00e1ndez Artime, dirigida, todos os anos, \u00e0 Fam\u00edlia Salesiana.<\/em><\/figcaption><\/figure>\n\n\n\n<div style=\"height:63px\" aria-hidden=\"true\" class=\"wp-block-spacer\"><\/div>\n\n\n\n<p>Confira mais imagens da acolhida:<\/p>\n\n\n\n<figure class=\"wp-block-gallery has-nested-images columns-default is-cropped wp-block-gallery-4 is-layout-flex wp-block-gallery-is-layout-flex\">\n<figure class=\"wp-block-image size-large\"><img loading=\"lazy\" decoding=\"async\" width=\"1024\" height=\"681\" data-id=\"6611\" src=\"https:\/\/salesianossp.org.br\/ositaquera\/wp-content\/uploads\/2023\/02\/IMG-20230203-WA0014-tratada-1024x681.jpg\" alt=\"\" class=\"wp-image-6611\" srcset=\"https:\/\/salesianossp.org.br\/ositaquera\/wp-content\/uploads\/2023\/02\/IMG-20230203-WA0014-tratada-1024x681.jpg 1024w, https:\/\/salesianossp.org.br\/ositaquera\/wp-content\/uploads\/2023\/02\/IMG-20230203-WA0014-tratada-300x199.jpg 300w, https:\/\/salesianossp.org.br\/ositaquera\/wp-content\/uploads\/2023\/02\/IMG-20230203-WA0014-tratada-768x510.jpg 768w, https:\/\/salesianossp.org.br\/ositaquera\/wp-content\/uploads\/2023\/02\/IMG-20230203-WA0014-tratada.jpg 1518w\" sizes=\"(max-width: 1024px) 100vw, 1024px\" \/><\/figure>\n\n\n\n<figure class=\"wp-block-image size-large\"><img loading=\"lazy\" decoding=\"async\" width=\"1024\" height=\"568\" data-id=\"6612\" src=\"https:\/\/salesianossp.org.br\/ositaquera\/wp-content\/uploads\/2023\/02\/IMG-20230203-WA0002-tratada-1024x568.jpg\" alt=\"\" class=\"wp-image-6612\" srcset=\"https:\/\/salesianossp.org.br\/ositaquera\/wp-content\/uploads\/2023\/02\/IMG-20230203-WA0002-tratada-1024x568.jpg 1024w, https:\/\/salesianossp.org.br\/ositaquera\/wp-content\/uploads\/2023\/02\/IMG-20230203-WA0002-tratada-300x166.jpg 300w, https:\/\/salesianossp.org.br\/ositaquera\/wp-content\/uploads\/2023\/02\/IMG-20230203-WA0002-tratada-768x426.jpg 768w, https:\/\/salesianossp.org.br\/ositaquera\/wp-content\/uploads\/2023\/02\/IMG-20230203-WA0002-tratada-1536x851.jpg 1536w, https:\/\/salesianossp.org.br\/ositaquera\/wp-content\/uploads\/2023\/02\/IMG-20230203-WA0002-tratada.jpg 1573w\" sizes=\"(max-width: 1024px) 100vw, 1024px\" \/><\/figure>\n\n\n\n<figure class=\"wp-block-image size-large\"><img loading=\"lazy\" decoding=\"async\" width=\"1024\" height=\"669\" data-id=\"6613\" src=\"https:\/\/salesianossp.org.br\/ositaquera\/wp-content\/uploads\/2023\/02\/IMG-20230203-WA0011-tratada-1024x669.jpg\" alt=\"\" class=\"wp-image-6613\" srcset=\"https:\/\/salesianossp.org.br\/ositaquera\/wp-content\/uploads\/2023\/02\/IMG-20230203-WA0011-tratada-1024x669.jpg 1024w, https:\/\/salesianossp.org.br\/ositaquera\/wp-content\/uploads\/2023\/02\/IMG-20230203-WA0011-tratada-300x196.jpg 300w, https:\/\/salesianossp.org.br\/ositaquera\/wp-content\/uploads\/2023\/02\/IMG-20230203-WA0011-tratada-768x502.jpg 768w, https:\/\/salesianossp.org.br\/ositaquera\/wp-content\/uploads\/2023\/02\/IMG-20230203-WA0011-tratada-1536x1003.jpg 1536w, https:\/\/salesianossp.org.br\/ositaquera\/wp-content\/uploads\/2023\/02\/IMG-20230203-WA0011-tratada.jpg 1600w\" sizes=\"(max-width: 1024px) 100vw, 1024px\" \/><\/figure>\n\n\n\n<figure class=\"wp-block-image size-large\"><img loading=\"lazy\" decoding=\"async\" width=\"969\" height=\"664\" data-id=\"6614\" src=\"https:\/\/salesianossp.org.br\/ositaquera\/wp-content\/uploads\/2023\/02\/IMG-20230202-WA0008-tratada.jpg\" alt=\"\" class=\"wp-image-6614\" srcset=\"https:\/\/salesianossp.org.br\/ositaquera\/wp-content\/uploads\/2023\/02\/IMG-20230202-WA0008-tratada.jpg 969w, https:\/\/salesianossp.org.br\/ositaquera\/wp-content\/uploads\/2023\/02\/IMG-20230202-WA0008-tratada-300x206.jpg 300w, https:\/\/salesianossp.org.br\/ositaquera\/wp-content\/uploads\/2023\/02\/IMG-20230202-WA0008-tratada-768x526.jpg 768w\" sizes=\"(max-width: 969px) 100vw, 969px\" \/><\/figure>\n<figcaption class=\"blocks-gallery-caption\"><em>Padre Rosalvino Mor\u00e1n Vi\u00f1ayo &#8211; diretor presidente e fundador; Padre Aramis Francisco Biaggi &#8211; diretor tesoureiro; e Cristiane Vitale &#8211; diretora executiva falam aos colaboradores durante acolhida. Na ocasi\u00e3o, tamb\u00e9m foi celebrado o anivers\u00e1rio do Irm\u00e3o Antonio Carlos.<\/em><\/figcaption><\/figure>\n\n\n\n<div style=\"height:39px\" aria-hidden=\"true\" class=\"wp-block-spacer\"><\/div>\n\n\n\n<figure class=\"wp-block-gallery has-nested-images columns-default is-cropped wp-block-gallery-5 is-layout-flex wp-block-gallery-is-layout-flex\">\n<figure class=\"wp-block-image size-large\"><img decoding=\"async\" data-id=\"6616\" src=\"https:\/\/salesianossp.org.br\/ositaquera\/wp-content\/uploads\/2023\/02\/20230201_140346-tratada-1024x487.jpg\" alt=\"\" class=\"wp-image-6616\"\/><\/figure>\n\n\n\n<figure class=\"wp-block-image size-large\"><img loading=\"lazy\" decoding=\"async\" width=\"1024\" height=\"673\" data-id=\"6617\" src=\"https:\/\/salesianossp.org.br\/ositaquera\/wp-content\/uploads\/2023\/02\/IMG-20230202-WA0001-inteligencia-emocional-1024x673.jpg\" alt=\"\" class=\"wp-image-6617\" srcset=\"https:\/\/salesianossp.org.br\/ositaquera\/wp-content\/uploads\/2023\/02\/IMG-20230202-WA0001-inteligencia-emocional-1024x673.jpg 1024w, https:\/\/salesianossp.org.br\/ositaquera\/wp-content\/uploads\/2023\/02\/IMG-20230202-WA0001-inteligencia-emocional-300x197.jpg 300w, https:\/\/salesianossp.org.br\/ositaquera\/wp-content\/uploads\/2023\/02\/IMG-20230202-WA0001-inteligencia-emocional-768x505.jpg 768w, https:\/\/salesianossp.org.br\/ositaquera\/wp-content\/uploads\/2023\/02\/IMG-20230202-WA0001-inteligencia-emocional-1536x1010.jpg 1536w, https:\/\/salesianossp.org.br\/ositaquera\/wp-content\/uploads\/2023\/02\/IMG-20230202-WA0001-inteligencia-emocional.jpg 1570w\" sizes=\"(max-width: 1024px) 100vw, 1024px\" \/><\/figure>\n<figcaption class=\"blocks-gallery-caption\"><em>Padre Vin\u00edcius fala sobre o Sistema Preventivo de Dom Bosco e sobre a Estreia 2023 do Reitor-Mor, Padre \u00c1ngel Fern\u00e1ndez Artime. Ao lado, representante do Sebrae fala sobre a import\u00e2ncia da Intelig\u00eancia Emocional no nosso dia a dia.<\/em><\/figcaption><\/figure>\n\n\n\n<div style=\"height:62px\" aria-hidden=\"true\" class=\"wp-block-spacer\"><\/div>\n\n\n\n<p><strong>Um novo ano profissionalizante<\/strong><\/p>\n\n\n\n<p>No Centro de Desenvolvimento Social e Produtivo (CEDESP), nos dias 6 e 7 de fevereiro \u2013 segunda e ter\u00e7a, foi a vez de educandos e educandas darem in\u00edcio ao ano. A recep\u00e7\u00e3o foi realizada no audit\u00f3rio externo da sede da Obra Social Dom Bosco e contou com a presen\u00e7a de educadores, ger\u00eancia e dos padres Rosalvino Mor\u00e1n Vi\u00f1ayo &#8211; diretor presidente e fundador, padre Aramis Francisco Biaggi &#8211; diretor tesoureiro, do irm\u00e3o Antonio Carlos &#8211; vice-presidente; do padre Vin\u00edcius \u2013 representante da pastoral, e de Cristiane Vitale &#8211; diretora executiva da institui\u00e7\u00e3o.<\/p>\n\n\n\n<div style=\"height:30px\" aria-hidden=\"true\" class=\"wp-block-spacer\"><\/div>\n\n\n\n<figure class=\"wp-block-gallery has-nested-images columns-default is-cropped wp-block-gallery-6 is-layout-flex wp-block-gallery-is-layout-flex\">\n<figure class=\"wp-block-image size-large\"><img loading=\"lazy\" decoding=\"async\" width=\"1890\" height=\"1181\" data-id=\"6620\" src=\"https:\/\/salesianossp.org.br\/ositaquera\/wp-content\/uploads\/2023\/02\/20230207_164751-tratada-reduz-edited.jpg\" alt=\"\" class=\"wp-image-6620\" srcset=\"https:\/\/salesianossp.org.br\/ositaquera\/wp-content\/uploads\/2023\/02\/20230207_164751-tratada-reduz-edited.jpg 1890w, https:\/\/salesianossp.org.br\/ositaquera\/wp-content\/uploads\/2023\/02\/20230207_164751-tratada-reduz-edited-300x187.jpg 300w, https:\/\/salesianossp.org.br\/ositaquera\/wp-content\/uploads\/2023\/02\/20230207_164751-tratada-reduz-edited-1024x640.jpg 1024w, https:\/\/salesianossp.org.br\/ositaquera\/wp-content\/uploads\/2023\/02\/20230207_164751-tratada-reduz-edited-768x480.jpg 768w, https:\/\/salesianossp.org.br\/ositaquera\/wp-content\/uploads\/2023\/02\/20230207_164751-tratada-reduz-edited-1536x960.jpg 1536w\" sizes=\"(max-width: 1890px) 100vw, 1890px\" \/><\/figure>\n<figcaption class=\"blocks-gallery-caption\"><em>Padre Rosalvino Mor\u00e1n Vi\u00f1ayo &#8211; diretor presidente e fundador, fala aos educandos e educandas,<br>durante acolhida para o in\u00edcio dos cursos neste primeiro semestre de 2023.<\/em><\/figcaption><\/figure>\n\n\n\n<div style=\"height:43px\" aria-hidden=\"true\" class=\"wp-block-spacer\"><\/div>\n\n\n\n<p><\/p>\n\n\n\n<p>Ap\u00f3s calorosa recep\u00e7\u00e3o ao som da banda de anima\u00e7\u00e3o da Obra, todos foram orientados sobre as diretrizes da institui\u00e7\u00e3o, sobre a import\u00e2ncia da manuten\u00e7\u00e3o de conquistas sociais, como o benef\u00edcio do Vale Transporte para os educandos e educandas do nosso servi\u00e7o, e a agenda de atividades da institui\u00e7\u00e3o durante 2023, per\u00edodo que marca o anivers\u00e1rio de 30 anos de idealiza\u00e7\u00e3o e implementa\u00e7\u00e3o dos Centros de Desenvolvimento Social e Produtivo (CEDESP), os 40 anos de funda\u00e7\u00e3o da Associa\u00e7\u00e3o Beneficente Bom Pastor; e os 50 anos de ordena\u00e7\u00e3o sacerdotal do nosso fundador, o padre Rosalvino.<\/p>\n\n\n\n<p>Em 2023, al\u00e9m das festividades e a\u00e7\u00f5es presentes rotineiramente no calend\u00e1rio de atividades da institui\u00e7\u00e3o, a Obra Social Dom Bosco vai realizar a 5\u00aa Feira de Inova\u00e7\u00e3o e Tecnologia na Zona Leste de S\u00e3o Paulo \u2013 FEITEC e o 4\u00ba Congresso de Educa\u00e7\u00e3o Social e Gest\u00e3o do Terceiro Setor, eventos retomados agora, ap\u00f3s o auge da pandemia provocada pela covid-19 nos \u00faltimos 3 (tr\u00eas) anos.<\/p>\n\n\n\n<p>Confira as imagens:<\/p>\n\n\n\n<div style=\"height:27px\" aria-hidden=\"true\" class=\"wp-block-spacer\"><\/div>\n\n\n\n<figure class=\"wp-block-gallery has-nested-images columns-default is-cropped wp-block-gallery-7 is-layout-flex wp-block-gallery-is-layout-flex\">\n<figure class=\"wp-block-image size-large\"><img loading=\"lazy\" decoding=\"async\" width=\"1024\" height=\"508\" data-id=\"6626\" src=\"https:\/\/salesianossp.org.br\/ositaquera\/wp-content\/uploads\/2023\/02\/20230207_150423-tratada-reduz-1024x508.jpg\" alt=\"\" class=\"wp-image-6626\" srcset=\"https:\/\/salesianossp.org.br\/ositaquera\/wp-content\/uploads\/2023\/02\/20230207_150423-tratada-reduz-1024x508.jpg 1024w, https:\/\/salesianossp.org.br\/ositaquera\/wp-content\/uploads\/2023\/02\/20230207_150423-tratada-reduz-300x149.jpg 300w, https:\/\/salesianossp.org.br\/ositaquera\/wp-content\/uploads\/2023\/02\/20230207_150423-tratada-reduz-768x381.jpg 768w, https:\/\/salesianossp.org.br\/ositaquera\/wp-content\/uploads\/2023\/02\/20230207_150423-tratada-reduz-1536x762.jpg 1536w, https:\/\/salesianossp.org.br\/ositaquera\/wp-content\/uploads\/2023\/02\/20230207_150423-tratada-reduz.jpg 1890w\" sizes=\"(max-width: 1024px) 100vw, 1024px\" \/><\/figure>\n\n\n\n<figure class=\"wp-block-image size-large\"><img loading=\"lazy\" decoding=\"async\" width=\"1024\" height=\"442\" data-id=\"6623\" src=\"https:\/\/salesianossp.org.br\/ositaquera\/wp-content\/uploads\/2023\/02\/20230207_163505-tratada-reduz-1024x442.jpg\" alt=\"\" class=\"wp-image-6623\" srcset=\"https:\/\/salesianossp.org.br\/ositaquera\/wp-content\/uploads\/2023\/02\/20230207_163505-tratada-reduz-1024x442.jpg 1024w, https:\/\/salesianossp.org.br\/ositaquera\/wp-content\/uploads\/2023\/02\/20230207_163505-tratada-reduz-300x129.jpg 300w, https:\/\/salesianossp.org.br\/ositaquera\/wp-content\/uploads\/2023\/02\/20230207_163505-tratada-reduz-768x331.jpg 768w, https:\/\/salesianossp.org.br\/ositaquera\/wp-content\/uploads\/2023\/02\/20230207_163505-tratada-reduz-1536x662.jpg 1536w, https:\/\/salesianossp.org.br\/ositaquera\/wp-content\/uploads\/2023\/02\/20230207_163505-tratada-reduz.jpg 1890w\" sizes=\"(max-width: 1024px) 100vw, 1024px\" \/><\/figure>\n\n\n\n<figure class=\"wp-block-image size-large\"><img loading=\"lazy\" decoding=\"async\" width=\"1024\" height=\"529\" data-id=\"6624\" src=\"https:\/\/salesianossp.org.br\/ositaquera\/wp-content\/uploads\/2023\/02\/20230207_150001-tratada-reduz-1024x529.jpg\" alt=\"\" class=\"wp-image-6624\" srcset=\"https:\/\/salesianossp.org.br\/ositaquera\/wp-content\/uploads\/2023\/02\/20230207_150001-tratada-reduz-1024x529.jpg 1024w, https:\/\/salesianossp.org.br\/ositaquera\/wp-content\/uploads\/2023\/02\/20230207_150001-tratada-reduz-300x155.jpg 300w, https:\/\/salesianossp.org.br\/ositaquera\/wp-content\/uploads\/2023\/02\/20230207_150001-tratada-reduz-768x397.jpg 768w, https:\/\/salesianossp.org.br\/ositaquera\/wp-content\/uploads\/2023\/02\/20230207_150001-tratada-reduz-1536x794.jpg 1536w, https:\/\/salesianossp.org.br\/ositaquera\/wp-content\/uploads\/2023\/02\/20230207_150001-tratada-reduz.jpg 1890w\" sizes=\"(max-width: 1024px) 100vw, 1024px\" \/><\/figure>\n\n\n\n<figure class=\"wp-block-image size-large\"><img loading=\"lazy\" decoding=\"async\" width=\"1024\" height=\"442\" data-id=\"6625\" src=\"https:\/\/salesianossp.org.br\/ositaquera\/wp-content\/uploads\/2023\/02\/20230207_161804-tratada-reduz-1024x442.jpg\" alt=\"\" class=\"wp-image-6625\" srcset=\"https:\/\/salesianossp.org.br\/ositaquera\/wp-content\/uploads\/2023\/02\/20230207_161804-tratada-reduz-1024x442.jpg 1024w, https:\/\/salesianossp.org.br\/ositaquera\/wp-content\/uploads\/2023\/02\/20230207_161804-tratada-reduz-300x129.jpg 300w, https:\/\/salesianossp.org.br\/ositaquera\/wp-content\/uploads\/2023\/02\/20230207_161804-tratada-reduz-768x331.jpg 768w, https:\/\/salesianossp.org.br\/ositaquera\/wp-content\/uploads\/2023\/02\/20230207_161804-tratada-reduz-1536x662.jpg 1536w, https:\/\/salesianossp.org.br\/ositaquera\/wp-content\/uploads\/2023\/02\/20230207_161804-tratada-reduz.jpg 1890w\" sizes=\"(max-width: 1024px) 100vw, 1024px\" \/><\/figure>\n<\/figure>\n\n\n\n<div style=\"height:8px\" aria-hidden=\"true\" class=\"wp-block-spacer\"><\/div>\n\n\n\n<figure class=\"wp-block-gallery has-nested-images columns-default is-cropped wp-block-gallery-8 is-layout-flex wp-block-gallery-is-layout-flex\">\n<figure class=\"wp-block-image size-large\"><img loading=\"lazy\" decoding=\"async\" width=\"1024\" height=\"482\" data-id=\"6627\" src=\"https:\/\/salesianossp.org.br\/ositaquera\/wp-content\/uploads\/2023\/02\/20230207_144709-tratada-reduz-1024x482.jpg\" alt=\"\" class=\"wp-image-6627\" srcset=\"https:\/\/salesianossp.org.br\/ositaquera\/wp-content\/uploads\/2023\/02\/20230207_144709-tratada-reduz-1024x482.jpg 1024w, https:\/\/salesianossp.org.br\/ositaquera\/wp-content\/uploads\/2023\/02\/20230207_144709-tratada-reduz-300x141.jpg 300w, https:\/\/salesianossp.org.br\/ositaquera\/wp-content\/uploads\/2023\/02\/20230207_144709-tratada-reduz-768x362.jpg 768w, https:\/\/salesianossp.org.br\/ositaquera\/wp-content\/uploads\/2023\/02\/20230207_144709-tratada-reduz-1536x723.jpg 1536w, https:\/\/salesianossp.org.br\/ositaquera\/wp-content\/uploads\/2023\/02\/20230207_144709-tratada-reduz.jpg 1890w\" sizes=\"(max-width: 1024px) 100vw, 1024px\" \/><\/figure>\n\n\n\n<figure class=\"wp-block-image size-large\"><img loading=\"lazy\" decoding=\"async\" width=\"1024\" height=\"593\" data-id=\"6628\" src=\"https:\/\/salesianossp.org.br\/ositaquera\/wp-content\/uploads\/2023\/02\/20230207_161216-tratada-reduz-1024x593.jpg\" alt=\"\" class=\"wp-image-6628\" srcset=\"https:\/\/salesianossp.org.br\/ositaquera\/wp-content\/uploads\/2023\/02\/20230207_161216-tratada-reduz-1024x593.jpg 1024w, https:\/\/salesianossp.org.br\/ositaquera\/wp-content\/uploads\/2023\/02\/20230207_161216-tratada-reduz-300x174.jpg 300w, https:\/\/salesianossp.org.br\/ositaquera\/wp-content\/uploads\/2023\/02\/20230207_161216-tratada-reduz-768x445.jpg 768w, https:\/\/salesianossp.org.br\/ositaquera\/wp-content\/uploads\/2023\/02\/20230207_161216-tratada-reduz-1536x890.jpg 1536w, https:\/\/salesianossp.org.br\/ositaquera\/wp-content\/uploads\/2023\/02\/20230207_161216-tratada-reduz.jpg 1890w\" sizes=\"(max-width: 1024px) 100vw, 1024px\" \/><\/figure>\n<\/figure>\n","protected":false},"excerpt":{"rendered":"<p>Obra Social Dom Bosco e Associa\u00e7\u00e3o Bom Pastor realizaram programa\u00e7\u00e3o especial \u00e0 acolhida de seus colaboradores, auxiliando no processo de planejamento para o ano. CEDESP e demais servi\u00e7os tamb\u00e9m deram in\u00edcio \u00e0s atividades.<\/p>\n","protected":false},"author":27,"featured_media":6596,"comment_status":"open","ping_status":"open","sticky":false,"template":"","format":"standard","meta":{"footnotes":""},"categories":[59],"tags":[],"class_list":["post-6595","post","type-post","status-publish","format-standard","has-post-thumbnail","hentry","category-noticias"],"yoast_head":"<!-- This site is optimized with the Yoast SEO plugin v27.5 - https:\/\/yoast.com\/product\/yoast-seo-wordpress\/ -->\n<title>ACOLHIDA DE COLABORADORES E EDUCANDOS MARCA IN\u00cdCIO DAS ATIVIDADES EM 2023 - Obra Social Dom Bosco<\/title>\n<meta name=\"robots\" content=\"index, follow, max-snippet:-1, max-image-preview:large, max-video-preview:-1\" \/>\n<link rel=\"canonical\" href=\"https:\/\/salesianossp.org.br\/ositaquera\/2023-ano-comeca-com-acolhida-para-colaboradores-e-educandos\/\" \/>\n<meta property=\"og:locale\" content=\"pt_BR\" \/>\n<meta property=\"og:type\" content=\"article\" \/>\n<meta property=\"og:title\" content=\"ACOLHIDA DE COLABORADORES E EDUCANDOS MARCA IN\u00cdCIO DAS ATIVIDADES EM 2023 - Obra Social Dom Bosco\" \/>\n<meta property=\"og:description\" content=\"Obra Social Dom Bosco e Associa\u00e7\u00e3o Bom Pastor realizaram programa\u00e7\u00e3o especial \u00e0 acolhida de seus colaboradores, auxiliando no processo de planejamento para o ano. CEDESP e demais servi\u00e7os tamb\u00e9m deram in\u00edcio \u00e0s atividades.\" \/>\n<meta property=\"og:url\" content=\"https:\/\/salesianossp.org.br\/ositaquera\/2023-ano-comeca-com-acolhida-para-colaboradores-e-educandos\/\" \/>\n<meta property=\"og:site_name\" content=\"Obra Social Dom Bosco\" \/>\n<meta property=\"article:publisher\" content=\"https:\/\/www.facebook.com\/domboscoitaquera\" \/>\n<meta property=\"article:published_time\" content=\"2023-02-15T19:42:56+00:00\" \/>\n<meta property=\"og:image\" content=\"https:\/\/salesianossp.org.br\/ositaquera\/wp-content\/uploads\/2023\/02\/CAPA-ACOLHIDA-2023-TESTE-1024x1024.png\" \/>\n\t<meta property=\"og:image:width\" content=\"1024\" \/>\n\t<meta property=\"og:image:height\" content=\"1024\" \/>\n\t<meta property=\"og:image:type\" content=\"image\/png\" \/>\n<meta name=\"author\" content=\"Lucas Rodrigues\" \/>\n<meta name=\"twitter:card\" content=\"summary_large_image\" \/>\n<meta name=\"twitter:label1\" content=\"Escrito por\" \/>\n\t<meta name=\"twitter:data1\" content=\"Lucas Rodrigues\" \/>\n\t<meta name=\"twitter:label2\" content=\"Est. tempo de leitura\" \/>\n\t<meta name=\"twitter:data2\" content=\"4 minutos\" \/>\n<script type=\"application\/ld+json\" class=\"yoast-schema-graph\">{\"@context\":\"https:\\\/\\\/schema.org\",\"@graph\":[{\"@type\":\"Article\",\"@id\":\"https:\\\/\\\/salesianossp.org.br\\\/ositaquera\\\/2023-ano-comeca-com-acolhida-para-colaboradores-e-educandos\\\/#article\",\"isPartOf\":{\"@id\":\"https:\\\/\\\/salesianossp.org.br\\\/ositaquera\\\/2023-ano-comeca-com-acolhida-para-colaboradores-e-educandos\\\/\"},\"author\":{\"name\":\"Lucas Rodrigues\",\"@id\":\"https:\\\/\\\/salesianossp.org.br\\\/ositaquera\\\/#\\\/schema\\\/person\\\/612e159822bfeed64312a453b075f9de\"},\"headline\":\"ACOLHIDA DE COLABORADORES E EDUCANDOS MARCA IN\u00cdCIO DAS ATIVIDADES EM 2023\",\"datePublished\":\"2023-02-15T19:42:56+00:00\",\"mainEntityOfPage\":{\"@id\":\"https:\\\/\\\/salesianossp.org.br\\\/ositaquera\\\/2023-ano-comeca-com-acolhida-para-colaboradores-e-educandos\\\/\"},\"wordCount\":741,\"commentCount\":0,\"publisher\":{\"@id\":\"https:\\\/\\\/salesianossp.org.br\\\/ositaquera\\\/#organization\"},\"image\":{\"@id\":\"https:\\\/\\\/salesianossp.org.br\\\/ositaquera\\\/2023-ano-comeca-com-acolhida-para-colaboradores-e-educandos\\\/#primaryimage\"},\"thumbnailUrl\":\"https:\\\/\\\/salesianossp.org.br\\\/ositaquera\\\/wp-content\\\/uploads\\\/2023\\\/02\\\/CAPA-ACOLHIDA-2023-TESTE.png\",\"articleSection\":[\"Not\u00edcias\"],\"inLanguage\":\"pt-BR\",\"potentialAction\":[{\"@type\":\"CommentAction\",\"name\":\"Comment\",\"target\":[\"https:\\\/\\\/salesianossp.org.br\\\/ositaquera\\\/2023-ano-comeca-com-acolhida-para-colaboradores-e-educandos\\\/#respond\"]}]},{\"@type\":\"WebPage\",\"@id\":\"https:\\\/\\\/salesianossp.org.br\\\/ositaquera\\\/2023-ano-comeca-com-acolhida-para-colaboradores-e-educandos\\\/\",\"url\":\"https:\\\/\\\/salesianossp.org.br\\\/ositaquera\\\/2023-ano-comeca-com-acolhida-para-colaboradores-e-educandos\\\/\",\"name\":\"ACOLHIDA DE COLABORADORES E EDUCANDOS MARCA IN\u00cdCIO DAS ATIVIDADES EM 2023 - Obra Social Dom Bosco\",\"isPartOf\":{\"@id\":\"https:\\\/\\\/salesianossp.org.br\\\/ositaquera\\\/#website\"},\"primaryImageOfPage\":{\"@id\":\"https:\\\/\\\/salesianossp.org.br\\\/ositaquera\\\/2023-ano-comeca-com-acolhida-para-colaboradores-e-educandos\\\/#primaryimage\"},\"image\":{\"@id\":\"https:\\\/\\\/salesianossp.org.br\\\/ositaquera\\\/2023-ano-comeca-com-acolhida-para-colaboradores-e-educandos\\\/#primaryimage\"},\"thumbnailUrl\":\"https:\\\/\\\/salesianossp.org.br\\\/ositaquera\\\/wp-content\\\/uploads\\\/2023\\\/02\\\/CAPA-ACOLHIDA-2023-TESTE.png\",\"datePublished\":\"2023-02-15T19:42:56+00:00\",\"breadcrumb\":{\"@id\":\"https:\\\/\\\/salesianossp.org.br\\\/ositaquera\\\/2023-ano-comeca-com-acolhida-para-colaboradores-e-educandos\\\/#breadcrumb\"},\"inLanguage\":\"pt-BR\",\"potentialAction\":[{\"@type\":\"ReadAction\",\"target\":[\"https:\\\/\\\/salesianossp.org.br\\\/ositaquera\\\/2023-ano-comeca-com-acolhida-para-colaboradores-e-educandos\\\/\"]}]},{\"@type\":\"ImageObject\",\"inLanguage\":\"pt-BR\",\"@id\":\"https:\\\/\\\/salesianossp.org.br\\\/ositaquera\\\/2023-ano-comeca-com-acolhida-para-colaboradores-e-educandos\\\/#primaryimage\",\"url\":\"https:\\\/\\\/salesianossp.org.br\\\/ositaquera\\\/wp-content\\\/uploads\\\/2023\\\/02\\\/CAPA-ACOLHIDA-2023-TESTE.png\",\"contentUrl\":\"https:\\\/\\\/salesianossp.org.br\\\/ositaquera\\\/wp-content\\\/uploads\\\/2023\\\/02\\\/CAPA-ACOLHIDA-2023-TESTE.png\",\"width\":1416,\"height\":1416},{\"@type\":\"BreadcrumbList\",\"@id\":\"https:\\\/\\\/salesianossp.org.br\\\/ositaquera\\\/2023-ano-comeca-com-acolhida-para-colaboradores-e-educandos\\\/#breadcrumb\",\"itemListElement\":[{\"@type\":\"ListItem\",\"position\":1,\"name\":\"In\u00edcio\",\"item\":\"https:\\\/\\\/salesianossp.org.br\\\/ositaquera\\\/\"},{\"@type\":\"ListItem\",\"position\":2,\"name\":\"ACOLHIDA DE COLABORADORES E EDUCANDOS MARCA IN\u00cdCIO DAS ATIVIDADES EM 2023\"}]},{\"@type\":\"WebSite\",\"@id\":\"https:\\\/\\\/salesianossp.org.br\\\/ositaquera\\\/#website\",\"url\":\"https:\\\/\\\/salesianossp.org.br\\\/ositaquera\\\/\",\"name\":\"Obra Social Dom Bosco\",\"description\":\"\",\"publisher\":{\"@id\":\"https:\\\/\\\/salesianossp.org.br\\\/ositaquera\\\/#organization\"},\"potentialAction\":[{\"@type\":\"SearchAction\",\"target\":{\"@type\":\"EntryPoint\",\"urlTemplate\":\"https:\\\/\\\/salesianossp.org.br\\\/ositaquera\\\/?s={search_term_string}\"},\"query-input\":{\"@type\":\"PropertyValueSpecification\",\"valueRequired\":true,\"valueName\":\"search_term_string\"}}],\"inLanguage\":\"pt-BR\"},{\"@type\":\"Organization\",\"@id\":\"https:\\\/\\\/salesianossp.org.br\\\/ositaquera\\\/#organization\",\"name\":\"Obra Social Dom Bosco\",\"url\":\"https:\\\/\\\/salesianossp.org.br\\\/ositaquera\\\/\",\"logo\":{\"@type\":\"ImageObject\",\"inLanguage\":\"pt-BR\",\"@id\":\"https:\\\/\\\/salesianossp.org.br\\\/ositaquera\\\/#\\\/schema\\\/logo\\\/image\\\/\",\"url\":\"https:\\\/\\\/salesianossp.org.br\\\/ositaquera\\\/wp-content\\\/uploads\\\/2024\\\/03\\\/logo-obra-social-dom-bosco-itaquera-h-scaled.png\",\"contentUrl\":\"https:\\\/\\\/salesianossp.org.br\\\/ositaquera\\\/wp-content\\\/uploads\\\/2024\\\/03\\\/logo-obra-social-dom-bosco-itaquera-h-scaled.png\",\"width\":2560,\"height\":672,\"caption\":\"Obra Social Dom Bosco\"},\"image\":{\"@id\":\"https:\\\/\\\/salesianossp.org.br\\\/ositaquera\\\/#\\\/schema\\\/logo\\\/image\\\/\"},\"sameAs\":[\"https:\\\/\\\/www.facebook.com\\\/domboscoitaquera\",\"https:\\\/\\\/br.linkedin.com\\\/company\\\/domboscoitaquera\",\"https:\\\/\\\/www.youtube.com\\\/channel\\\/UCMIUZW8mqlpEbP7Dy02veOw\",\"https:\\\/\\\/www.instagram.com\\\/obradombosco\\\/\"]},{\"@type\":\"Person\",\"@id\":\"https:\\\/\\\/salesianossp.org.br\\\/ositaquera\\\/#\\\/schema\\\/person\\\/612e159822bfeed64312a453b075f9de\",\"name\":\"Lucas Rodrigues\",\"image\":{\"@type\":\"ImageObject\",\"inLanguage\":\"pt-BR\",\"@id\":\"https:\\\/\\\/secure.gravatar.com\\\/avatar\\\/0ad9c966c6ed3335d7fffe2c3b88880dd298c0817b71e20a6955c38f2a53f746?s=96&d=mm&r=g\",\"url\":\"https:\\\/\\\/secure.gravatar.com\\\/avatar\\\/0ad9c966c6ed3335d7fffe2c3b88880dd298c0817b71e20a6955c38f2a53f746?s=96&d=mm&r=g\",\"contentUrl\":\"https:\\\/\\\/secure.gravatar.com\\\/avatar\\\/0ad9c966c6ed3335d7fffe2c3b88880dd298c0817b71e20a6955c38f2a53f746?s=96&d=mm&r=g\",\"caption\":\"Lucas Rodrigues\"},\"url\":\"https:\\\/\\\/salesianossp.org.br\\\/ositaquera\\\/author\\\/lucas-rodrigues\\\/\"}]}<\/script>\n<!-- \/ Yoast SEO plugin. -->","yoast_head_json":{"title":"ACOLHIDA DE COLABORADORES E EDUCANDOS MARCA IN\u00cdCIO DAS ATIVIDADES EM 2023 - Obra Social Dom Bosco","robots":{"index":"index","follow":"follow","max-snippet":"max-snippet:-1","max-image-preview":"max-image-preview:large","max-video-preview":"max-video-preview:-1"},"canonical":"https:\/\/salesianossp.org.br\/ositaquera\/2023-ano-comeca-com-acolhida-para-colaboradores-e-educandos\/","og_locale":"pt_BR","og_type":"article","og_title":"ACOLHIDA DE COLABORADORES E EDUCANDOS MARCA IN\u00cdCIO DAS ATIVIDADES EM 2023 - Obra Social Dom Bosco","og_description":"Obra Social Dom Bosco e Associa\u00e7\u00e3o Bom Pastor realizaram programa\u00e7\u00e3o especial \u00e0 acolhida de seus colaboradores, auxiliando no processo de planejamento para o ano. CEDESP e demais servi\u00e7os tamb\u00e9m deram in\u00edcio \u00e0s atividades.","og_url":"https:\/\/salesianossp.org.br\/ositaquera\/2023-ano-comeca-com-acolhida-para-colaboradores-e-educandos\/","og_site_name":"Obra Social Dom Bosco","article_publisher":"https:\/\/www.facebook.com\/domboscoitaquera","article_published_time":"2023-02-15T19:42:56+00:00","og_image":[{"width":1024,"height":1024,"url":"https:\/\/salesianossp.org.br\/ositaquera\/wp-content\/uploads\/2023\/02\/CAPA-ACOLHIDA-2023-TESTE-1024x1024.png","type":"image\/png"}],"author":"Lucas Rodrigues","twitter_card":"summary_large_image","twitter_misc":{"Escrito por":"Lucas Rodrigues","Est. tempo de leitura":"4 minutos"},"schema":{"@context":"https:\/\/schema.org","@graph":[{"@type":"Article","@id":"https:\/\/salesianossp.org.br\/ositaquera\/2023-ano-comeca-com-acolhida-para-colaboradores-e-educandos\/#article","isPartOf":{"@id":"https:\/\/salesianossp.org.br\/ositaquera\/2023-ano-comeca-com-acolhida-para-colaboradores-e-educandos\/"},"author":{"name":"Lucas Rodrigues","@id":"https:\/\/salesianossp.org.br\/ositaquera\/#\/schema\/person\/612e159822bfeed64312a453b075f9de"},"headline":"ACOLHIDA DE COLABORADORES E EDUCANDOS MARCA IN\u00cdCIO DAS ATIVIDADES EM 2023","datePublished":"2023-02-15T19:42:56+00:00","mainEntityOfPage":{"@id":"https:\/\/salesianossp.org.br\/ositaquera\/2023-ano-comeca-com-acolhida-para-colaboradores-e-educandos\/"},"wordCount":741,"commentCount":0,"publisher":{"@id":"https:\/\/salesianossp.org.br\/ositaquera\/#organization"},"image":{"@id":"https:\/\/salesianossp.org.br\/ositaquera\/2023-ano-comeca-com-acolhida-para-colaboradores-e-educandos\/#primaryimage"},"thumbnailUrl":"https:\/\/salesianossp.org.br\/ositaquera\/wp-content\/uploads\/2023\/02\/CAPA-ACOLHIDA-2023-TESTE.png","articleSection":["Not\u00edcias"],"inLanguage":"pt-BR","potentialAction":[{"@type":"CommentAction","name":"Comment","target":["https:\/\/salesianossp.org.br\/ositaquera\/2023-ano-comeca-com-acolhida-para-colaboradores-e-educandos\/#respond"]}]},{"@type":"WebPage","@id":"https:\/\/salesianossp.org.br\/ositaquera\/2023-ano-comeca-com-acolhida-para-colaboradores-e-educandos\/","url":"https:\/\/salesianossp.org.br\/ositaquera\/2023-ano-comeca-com-acolhida-para-colaboradores-e-educandos\/","name":"ACOLHIDA DE COLABORADORES E EDUCANDOS MARCA IN\u00cdCIO DAS ATIVIDADES EM 2023 - Obra Social Dom Bosco","isPartOf":{"@id":"https:\/\/salesianossp.org.br\/ositaquera\/#website"},"primaryImageOfPage":{"@id":"https:\/\/salesianossp.org.br\/ositaquera\/2023-ano-comeca-com-acolhida-para-colaboradores-e-educandos\/#primaryimage"},"image":{"@id":"https:\/\/salesianossp.org.br\/ositaquera\/2023-ano-comeca-com-acolhida-para-colaboradores-e-educandos\/#primaryimage"},"thumbnailUrl":"https:\/\/salesianossp.org.br\/ositaquera\/wp-content\/uploads\/2023\/02\/CAPA-ACOLHIDA-2023-TESTE.png","datePublished":"2023-02-15T19:42:56+00:00","breadcrumb":{"@id":"https:\/\/salesianossp.org.br\/ositaquera\/2023-ano-comeca-com-acolhida-para-colaboradores-e-educandos\/#breadcrumb"},"inLanguage":"pt-BR","potentialAction":[{"@type":"ReadAction","target":["https:\/\/salesianossp.org.br\/ositaquera\/2023-ano-comeca-com-acolhida-para-colaboradores-e-educandos\/"]}]},{"@type":"ImageObject","inLanguage":"pt-BR","@id":"https:\/\/salesianossp.org.br\/ositaquera\/2023-ano-comeca-com-acolhida-para-colaboradores-e-educandos\/#primaryimage","url":"https:\/\/salesianossp.org.br\/ositaquera\/wp-content\/uploads\/2023\/02\/CAPA-ACOLHIDA-2023-TESTE.png","contentUrl":"https:\/\/salesianossp.org.br\/ositaquera\/wp-content\/uploads\/2023\/02\/CAPA-ACOLHIDA-2023-TESTE.png","width":1416,"height":1416},{"@type":"BreadcrumbList","@id":"https:\/\/salesianossp.org.br\/ositaquera\/2023-ano-comeca-com-acolhida-para-colaboradores-e-educandos\/#breadcrumb","itemListElement":[{"@type":"ListItem","position":1,"name":"In\u00edcio","item":"https:\/\/salesianossp.org.br\/ositaquera\/"},{"@type":"ListItem","position":2,"name":"ACOLHIDA DE COLABORADORES E EDUCANDOS MARCA IN\u00cdCIO DAS ATIVIDADES EM 2023"}]},{"@type":"WebSite","@id":"https:\/\/salesianossp.org.br\/ositaquera\/#website","url":"https:\/\/salesianossp.org.br\/ositaquera\/","name":"Obra Social Dom Bosco","description":"","publisher":{"@id":"https:\/\/salesianossp.org.br\/ositaquera\/#organization"},"potentialAction":[{"@type":"SearchAction","target":{"@type":"EntryPoint","urlTemplate":"https:\/\/salesianossp.org.br\/ositaquera\/?s={search_term_string}"},"query-input":{"@type":"PropertyValueSpecification","valueRequired":true,"valueName":"search_term_string"}}],"inLanguage":"pt-BR"},{"@type":"Organization","@id":"https:\/\/salesianossp.org.br\/ositaquera\/#organization","name":"Obra Social Dom Bosco","url":"https:\/\/salesianossp.org.br\/ositaquera\/","logo":{"@type":"ImageObject","inLanguage":"pt-BR","@id":"https:\/\/salesianossp.org.br\/ositaquera\/#\/schema\/logo\/image\/","url":"https:\/\/salesianossp.org.br\/ositaquera\/wp-content\/uploads\/2024\/03\/logo-obra-social-dom-bosco-itaquera-h-scaled.png","contentUrl":"https:\/\/salesianossp.org.br\/ositaquera\/wp-content\/uploads\/2024\/03\/logo-obra-social-dom-bosco-itaquera-h-scaled.png","width":2560,"height":672,"caption":"Obra Social Dom Bosco"},"image":{"@id":"https:\/\/salesianossp.org.br\/ositaquera\/#\/schema\/logo\/image\/"},"sameAs":["https:\/\/www.facebook.com\/domboscoitaquera","https:\/\/br.linkedin.com\/company\/domboscoitaquera","https:\/\/www.youtube.com\/channel\/UCMIUZW8mqlpEbP7Dy02veOw","https:\/\/www.instagram.com\/obradombosco\/"]},{"@type":"Person","@id":"https:\/\/salesianossp.org.br\/ositaquera\/#\/schema\/person\/612e159822bfeed64312a453b075f9de","name":"Lucas Rodrigues","image":{"@type":"ImageObject","inLanguage":"pt-BR","@id":"https:\/\/secure.gravatar.com\/avatar\/0ad9c966c6ed3335d7fffe2c3b88880dd298c0817b71e20a6955c38f2a53f746?s=96&d=mm&r=g","url":"https:\/\/secure.gravatar.com\/avatar\/0ad9c966c6ed3335d7fffe2c3b88880dd298c0817b71e20a6955c38f2a53f746?s=96&d=mm&r=g","contentUrl":"https:\/\/secure.gravatar.com\/avatar\/0ad9c966c6ed3335d7fffe2c3b88880dd298c0817b71e20a6955c38f2a53f746?s=96&d=mm&r=g","caption":"Lucas Rodrigues"},"url":"https:\/\/salesianossp.org.br\/ositaquera\/author\/lucas-rodrigues\/"}]}},"_links":{"self":[{"href":"https:\/\/salesianossp.org.br\/ositaquera\/wp-json\/wp\/v2\/posts\/6595","targetHints":{"allow":["GET"]}}],"collection":[{"href":"https:\/\/salesianossp.org.br\/ositaquera\/wp-json\/wp\/v2\/posts"}],"about":[{"href":"https:\/\/salesianossp.org.br\/ositaquera\/wp-json\/wp\/v2\/types\/post"}],"author":[{"embeddable":true,"href":"https:\/\/salesianossp.org.br\/ositaquera\/wp-json\/wp\/v2\/users\/27"}],"replies":[{"embeddable":true,"href":"https:\/\/salesianossp.org.br\/ositaquera\/wp-json\/wp\/v2\/comments?post=6595"}],"version-history":[{"count":0,"href":"https:\/\/salesianossp.org.br\/ositaquera\/wp-json\/wp\/v2\/posts\/6595\/revisions"}],"wp:featuredmedia":[{"embeddable":true,"href":"https:\/\/salesianossp.org.br\/ositaquera\/wp-json\/wp\/v2\/media\/6596"}],"wp:attachment":[{"href":"https:\/\/salesianossp.org.br\/ositaquera\/wp-json\/wp\/v2\/media?parent=6595"}],"wp:term":[{"taxonomy":"category","embeddable":true,"href":"https:\/\/salesianossp.org.br\/ositaquera\/wp-json\/wp\/v2\/categories?post=6595"},{"taxonomy":"post_tag","embeddable":true,"href":"https:\/\/salesianossp.org.br\/ositaquera\/wp-json\/wp\/v2\/tags?post=6595"}],"curies":[{"name":"wp","href":"https:\/\/api.w.org\/{rel}","templated":true}]}}